{"id":1093920,"date":"2021-06-17T12:48:23","date_gmt":"2021-06-17T11:48:23","guid":{"rendered":"https:\/\/www.eldigitaldeasturias.com\/noticias\/?p=1093920"},"modified":"2021-06-17T12:49:08","modified_gmt":"2021-06-17T11:49:08","slug":"sostenibilidad-turistica-en-onis-y-somiedo","status":"publish","type":"post","link":"https:\/\/www.eldigitaldeasturias.com\/noticias\/sostenibilidad-turistica-en-onis-y-somiedo\/","title":{"rendered":"Sostenibilidad tur\u00edstica en On\u00eds y Somiedo"},"content":{"rendered":"<p>El Principado de Asturias, Gobierno de Espa\u00f1a y los ayuntamientos de On\u00eds y Somiedo han firmado hoy sendos convenios para la ejecuci\u00f3n de los planes de sostenibilidad tur\u00edstica de ambos concejos.<\/p>\n<figure id=\"attachment_1093921\" aria-describedby=\"caption-attachment-1093921\" style=\"width: 640px\" class=\"wp-caption aligncenter\"><img loading=\"lazy\" decoding=\"async\" class=\"wp-image-1093921 size-large\" src=\"https:\/\/www.eldigitaldeasturias.com\/noticias\/wp-content\/uploads\/2021\/06\/Sostenibilidad-turistica-690x366.jpg\" alt=\"Sostenibilidad tur\u00edstica\" width=\"640\" height=\"339\" \/><figcaption id=\"caption-attachment-1093921\" class=\"wp-caption-text\">Foto: Gobierno de Asturias<\/figcaption><\/figure>\n<p>El secretario de Estado de Turismo, Fernando Vald\u00e9s; la consejera de Cultura, Pol\u00edtica Lling\u00fc\u00edstica y Turismo, Berta Pi\u00f1\u00e1n, y los alcaldes de On\u00eds, Jos\u00e9 Manuel Abeledo, y de Somiedo, Belarmino Fern\u00e1ndez, ha rubricado las certificaciones oficiales que validan la puesta en marcha de las propuestas seleccionadas por la Comisi\u00f3n Sectorial de Turismo en junio de 2020, durante un acto celebrado esta ma\u00f1ana en Laboral Ciudad de la Cultura.<\/p>\n<p>Los proyectos contar\u00e1n con financiaci\u00f3n de las tres administraciones, de manera que el Gobierno central y el Ejecutivo asturiano se har\u00e1n cargo de un 40% del coste cada uno, mientras que los ayuntamientos asumir\u00e1n el 20% restante. La propuesta de On\u00eds tiene un presupuesto de 800.000 euros y la de Somiedo asciende a 1.870.000. En total, el Gobierno de Asturias destina a ambas iniciativas 1.100.000 euros.<\/p>\n<p>El Plan de sostenibilidad tur\u00edstica de Somiedo se articula en cuatro ejes: la recuperaci\u00f3n y puesta en valor del patrimonio natural y etnogr\u00e1fico para su uso tur\u00edstico, la mejora de la oferta y la creaci\u00f3n de productos sostenibles, y la promoci\u00f3n y comercializaci\u00f3n del destino tur\u00edstico sostenible. El Ayuntamiento del municipio aportar\u00e1 374.000 euros.<\/p>\n<p>El plan de On\u00eds, Ecoturismo en los Picos de Europa, incluye cinco l\u00edneas de actuaci\u00f3n: la creaci\u00f3n de productos ecotur\u00edsticos basados en recursos naturales y culturales, la promoci\u00f3n de productos locales, la mejora del comportamiento ambiental, la propia capacitaci\u00f3n y gesti\u00f3n del plan, y las acciones de promoci\u00f3n. El Ayuntamiento de On\u00eds dedicar\u00e1 176.000 euros a este proyecto.<\/p>\n<h2>Dinamizaci\u00f3n social y cultural<\/h2>\n<p>La consejera Berta Pi\u00f1\u00e1n ha explicado que estos planes \u201cno deben verse exclusivamente como proyectos tur\u00edsticos, porque tienen la vocaci\u00f3n de convertirse en motores de la actividad econ\u00f3mica en las zonas rurales e incidir en la vida de sus habitantes y en la din\u00e1mica social y cultural de On\u00eds y Somiedo\u201d.<\/p>\n<p>Seg\u00fan ha destacado, ambos proyectos tienen en com\u00fan la vocaci\u00f3n de proteger los recursos y productos propios de su \u00e1mbito territorial, la reducci\u00f3n del impacto ambiental de la actividad tur\u00edstica, el control de los flujos de visitantes y el fomento de la movilidad sostenible.<\/p>\n<p>A esta primera convocatoria del Programa de planes de sostenibilidad tur\u00edstica en destino se presentaron otros seis ayuntamientos: Castropol, Vald\u00e9s, Lena, Cabrales, Oviedo y Cangas de On\u00eds, adem\u00e1s de cuatro mancomunidades: Comarca Oscos-Eo, Cinco Villas &#8211; Comarca Bajo Nal\u00f3n, Comarca de Avil\u00e9s y Comarca de la Sidra.<\/p>\n<p>La Conferencia Sectorial de Turismo celebrada el pasado marzo aprob\u00f3 una nueva convocatoria ordinaria de este programa que financiar\u00e1 la Secretar\u00eda de Estado de Turismo con 23 millones recogidos en los Presupuestos Generales del Estado.<\/p>\n<p>Antes de la firma, el secretario de Estado de Turismo, Fernando Vald\u00e9s, mantuvo un encuentro con diversos responsables del sector tur\u00edstico, al que asisti\u00f3 tambi\u00e9n la viceconsejera de Turismo, Graciela Blanco.<\/p>\n<p>La jornada se completa con la visita del secretario a On\u00eds, donde conocer\u00e1 el camping Picos de Europa, la cueva Oscura y la queser\u00eda Dem\u00faes.<\/p>\n<p>&nbsp;<\/p>\n","protected":false},"excerpt":{"rendered":"<p>El Principado de Asturias, Gobierno de Espa\u00f1a y los ayuntamientos de On\u00eds y Somiedo han firmado hoy sendos convenios para la ejecuci\u00f3n de los planes de sostenibilidad tur\u00edstica de ambos concejos. El secretario de Estado de Turismo, Fernando Vald\u00e9s; la consejera de Cultura, Pol\u00edtica Lling\u00fc\u00edstica y Turismo, Berta Pi\u00f1\u00e1n, y los alcaldes de On\u00eds, Jos\u00e9 [&hellip;]<\/p>\n","protected":false},"author":1,"featured_media":1093921,"comment_status":"closed","ping_status":"closed","sticky":false,"template":"","format":"standard","meta":{"footnotes":""},"categories":[12],"tags":[],"class_list":["post-1093920","post","type-post","status-publish","format-standard","has-post-thumbnail","hentry","category-actualidad-asturias"],"aioseo_notices":[],"aioseo_head":"\n\t\t<!-- All in One SEO Pro 5.0.1 - aioseo.com -->\n\t<meta name=\"description\" content=\"El Principado de Asturias, Gobierno de Espa\u00f1a y los ayuntamientos de On\u00eds y Somiedo han firmado hoy sendos convenios para la ejecuci\u00f3n de los planes de ..\" \/>\n\t<meta name=\"robots\" content=\"max-image-preview:large\" \/>\n\t<meta name=\"author\" content=\"El Digital de Asturias\"\/>\n\t<meta name=\"google-site-verification\" content=\"UA-38556648-1\" \/>\n\t<meta name=\"msvalidate.01\" content=\"7dfe9f3f1b24437ab69f4f2559babe99\" \/>\n\t<meta name=\"keywords\" content=\"actualidad asturias\" \/>\n\t<link rel=\"canonical\" href=\"https:\/\/www.eldigitaldeasturias.com\/noticias\/sostenibilidad-turistica-en-onis-y-somiedo\/\" \/>\n\t<meta name=\"generator\" content=\"All in One SEO Pro (AIOSEO) 5.0.1\" \/>\n\t\t<meta property=\"og:locale\" content=\"es_ES\" \/>\n\t\t<meta property=\"og:site_name\" content=\"El Digital de Asturias\" \/>\n\t\t<meta property=\"og:type\" content=\"article\" \/>\n\t\t<meta property=\"og:title\" content=\"Sostenibilidad tur\u00edstica en On\u00eds y Somiedo - El Digital de Asturias\" \/>\n\t\t<meta property=\"og:description\" content=\"El Principado de Asturias, Gobierno de Espa\u00f1a y los ayuntamientos de On\u00eds y Somiedo han firmado hoy sendos convenios para la ejecuci\u00f3n de los planes de ..\" \/>\n\t\t<meta property=\"og:url\" content=\"https:\/\/www.eldigitaldeasturias.com\/noticias\/sostenibilidad-turistica-en-onis-y-somiedo\/\" \/>\n\t\t<meta property=\"article:tag\" content=\"actualidad asturias\" \/>\n\t\t<meta property=\"article:published_time\" content=\"2021-06-17T11:48:23+00:00\" \/>\n\t\t<meta property=\"article:modified_time\" content=\"2021-06-17T11:49:08+00:00\" \/>\n\t\t<meta property=\"article:publisher\" content=\"https:\/\/facebook.com\/eldigitaldeasturias\" \/>\n\t\t<meta name=\"twitter:card\" content=\"summary_large_image\" \/>\n\t\t<meta name=\"twitter:title\" content=\"Sostenibilidad tur\u00edstica en On\u00eds y Somiedo - El Digital de Asturias\" \/>\n\t\t<meta name=\"twitter:description\" content=\"El Principado de Asturias, Gobierno de Espa\u00f1a y los ayuntamientos de On\u00eds y Somiedo han firmado hoy sendos convenios para la ejecuci\u00f3n de los planes de ..\" \/>\n\t\t<meta name=\"twitter:image\" content=\"https:\/\/www.eldigitaldeasturias.com\/noticias\/wp-content\/uploads\/2020\/12\/EDA-1.jpg\" \/>\n\t\t<meta name=\"twitter:label1\" content=\"Escrito por\" \/>\n\t\t<meta name=\"twitter:data1\" content=\"El Digital de Asturias\" \/>\n\t\t<meta name=\"twitter:label2\" content=\"Tiempo de lectura estimado\" \/>\n\t\t<meta name=\"twitter:data2\" content=\"3 minutos\" \/>\n\t\t<script type=\"application\/ld+json\" class=\"aioseo-schema\">\n\t\t\t{\"@context\":\"https:\\\/\\\/schema.org\",\"@graph\":[{\"@type\":\"BlogPosting\",\"@id\":\"https:\\\/\\\/www.eldigitaldeasturias.com\\\/noticias\\\/sostenibilidad-turistica-en-onis-y-somiedo\\\/#blogposting\",\"name\":\"Sostenibilidad tur\\u00edstica en On\\u00eds y Somiedo - El Digital de Asturias\",\"headline\":\"Sostenibilidad tur\\u00edstica en On\\u00eds y Somiedo\",\"author\":{\"@id\":\"https:\\\/\\\/www.eldigitaldeasturias.com\\\/noticias\\\/author\\\/admin\\\/#author\"},\"publisher\":{\"@id\":\"https:\\\/\\\/www.eldigitaldeasturias.com\\\/noticias\\\/#organization\"},\"image\":{\"@type\":\"ImageObject\",\"url\":1093921},\"datePublished\":\"2021-06-17T12:48:23+02:00\",\"dateModified\":\"2021-06-17T12:49:08+02:00\",\"inLanguage\":\"es-ES\",\"mainEntityOfPage\":{\"@id\":\"https:\\\/\\\/www.eldigitaldeasturias.com\\\/noticias\\\/sostenibilidad-turistica-en-onis-y-somiedo\\\/#webpage\"},\"isPartOf\":{\"@id\":\"https:\\\/\\\/www.eldigitaldeasturias.com\\\/noticias\\\/sostenibilidad-turistica-en-onis-y-somiedo\\\/#webpage\"},\"articleSection\":\"Actualidad Asturias\"},{\"@type\":\"BreadcrumbList\",\"@id\":\"https:\\\/\\\/www.eldigitaldeasturias.com\\\/noticias\\\/sostenibilidad-turistica-en-onis-y-somiedo\\\/#breadcrumblist\",\"itemListElement\":[{\"@type\":\"ListItem\",\"@id\":\"https:\\\/\\\/www.eldigitaldeasturias.com\\\/noticias#listItem\",\"position\":1,\"name\":\"Home\",\"item\":\"https:\\\/\\\/www.eldigitaldeasturias.com\\\/noticias\",\"nextItem\":{\"@type\":\"ListItem\",\"@id\":\"https:\\\/\\\/www.eldigitaldeasturias.com\\\/noticias\\\/category\\\/actualidad-asturias\\\/#listItem\",\"name\":\"Actualidad Asturias\"}},{\"@type\":\"ListItem\",\"@id\":\"https:\\\/\\\/www.eldigitaldeasturias.com\\\/noticias\\\/category\\\/actualidad-asturias\\\/#listItem\",\"position\":2,\"name\":\"Actualidad Asturias\",\"item\":\"https:\\\/\\\/www.eldigitaldeasturias.com\\\/noticias\\\/category\\\/actualidad-asturias\\\/\",\"nextItem\":{\"@type\":\"ListItem\",\"@id\":\"https:\\\/\\\/www.eldigitaldeasturias.com\\\/noticias\\\/sostenibilidad-turistica-en-onis-y-somiedo\\\/#listItem\",\"name\":\"Sostenibilidad tur\\u00edstica en On\\u00eds y Somiedo\"},\"previousItem\":{\"@type\":\"ListItem\",\"@id\":\"https:\\\/\\\/www.eldigitaldeasturias.com\\\/noticias#listItem\",\"name\":\"Home\"}},{\"@type\":\"ListItem\",\"@id\":\"https:\\\/\\\/www.eldigitaldeasturias.com\\\/noticias\\\/sostenibilidad-turistica-en-onis-y-somiedo\\\/#listItem\",\"position\":3,\"name\":\"Sostenibilidad tur\\u00edstica en On\\u00eds y Somiedo\",\"previousItem\":{\"@type\":\"ListItem\",\"@id\":\"https:\\\/\\\/www.eldigitaldeasturias.com\\\/noticias\\\/category\\\/actualidad-asturias\\\/#listItem\",\"name\":\"Actualidad Asturias\"}}]},{\"@type\":\"Organization\",\"@id\":\"https:\\\/\\\/www.eldigitaldeasturias.com\\\/noticias\\\/#organization\",\"name\":\"El Digital de Asturias\",\"description\":\"Hemeroteca\",\"url\":\"https:\\\/\\\/www.eldigitaldeasturias.com\\\/noticias\\\/\",\"email\":\"info@eldigitaldeasturias.com\",\"telephone\":\"+34652131393\",\"logo\":{\"@type\":\"ImageObject\",\"url\":\"https:\\\/\\\/www.eldigitaldeasturias.com\\\/noticias\\\/wp-content\\\/uploads\\\/2020\\\/12\\\/EDA.jpg\",\"@id\":\"https:\\\/\\\/www.eldigitaldeasturias.com\\\/noticias\\\/sostenibilidad-turistica-en-onis-y-somiedo\\\/#organizationLogo\"},\"image\":{\"@id\":\"https:\\\/\\\/www.eldigitaldeasturias.com\\\/noticias\\\/sostenibilidad-turistica-en-onis-y-somiedo\\\/#organizationLogo\"},\"sameAs\":[\"https:\\\/\\\/facebook.com\\\/eldigitaldeasturias\",\"https:\\\/\\\/www.youtube.com\\\/channel\\\/UCZP-2wLEB9Rv6erhFmqVnvg\"],\"address\":{\"@id\":\"https:\\\/\\\/www.eldigitaldeasturias.com\\\/noticias\\\/#postaladdress\",\"@type\":\"PostalAddress\",\"streetAddress\":\"san antonio 4\",\"postalCode\":\"33430\",\"addressLocality\":\"Cand\\u00e1s\",\"addressRegion\":\"Asturias\",\"addressCountry\":\"ES\"}},{\"@type\":\"Person\",\"@id\":\"https:\\\/\\\/www.eldigitaldeasturias.com\\\/noticias\\\/author\\\/admin\\\/#author\",\"url\":\"https:\\\/\\\/www.eldigitaldeasturias.com\\\/noticias\\\/author\\\/admin\\\/\",\"name\":\"El Digital de Asturias\",\"image\":{\"@type\":\"ImageObject\",\"@id\":\"https:\\\/\\\/www.eldigitaldeasturias.com\\\/noticias\\\/sostenibilidad-turistica-en-onis-y-somiedo\\\/#authorImage\",\"url\":\"https:\\\/\\\/secure.gravatar.com\\\/avatar\\\/df2aeffc32bcd13f8d26072ef8a91b623d677766deac7f97ca815868cd41bf5e?s=96&d=mm&r=g\",\"width\":96,\"height\":96,\"caption\":\"El Digital de Asturias\"}},{\"@type\":\"WebPage\",\"@id\":\"https:\\\/\\\/www.eldigitaldeasturias.com\\\/noticias\\\/sostenibilidad-turistica-en-onis-y-somiedo\\\/#webpage\",\"url\":\"https:\\\/\\\/www.eldigitaldeasturias.com\\\/noticias\\\/sostenibilidad-turistica-en-onis-y-somiedo\\\/\",\"name\":\"Sostenibilidad tur\\u00edstica en On\\u00eds y Somiedo - El Digital de Asturias\",\"description\":\"El Principado de Asturias, Gobierno de Espa\\u00f1a y los ayuntamientos de On\\u00eds y Somiedo han firmado hoy sendos convenios para la ejecuci\\u00f3n de los planes de ..\",\"inLanguage\":\"es-ES\",\"isPartOf\":{\"@id\":\"https:\\\/\\\/www.eldigitaldeasturias.com\\\/noticias\\\/#website\"},\"breadcrumb\":{\"@id\":\"https:\\\/\\\/www.eldigitaldeasturias.com\\\/noticias\\\/sostenibilidad-turistica-en-onis-y-somiedo\\\/#breadcrumblist\"},\"author\":{\"@id\":\"https:\\\/\\\/www.eldigitaldeasturias.com\\\/noticias\\\/author\\\/admin\\\/#author\"},\"creator\":{\"@id\":\"https:\\\/\\\/www.eldigitaldeasturias.com\\\/noticias\\\/author\\\/admin\\\/#author\"},\"image\":{\"@type\":\"ImageObject\",\"url\":1093921,\"@id\":\"https:\\\/\\\/www.eldigitaldeasturias.com\\\/noticias\\\/sostenibilidad-turistica-en-onis-y-somiedo\\\/#mainImage\"},\"primaryImageOfPage\":{\"@id\":\"https:\\\/\\\/www.eldigitaldeasturias.com\\\/noticias\\\/sostenibilidad-turistica-en-onis-y-somiedo\\\/#mainImage\"},\"datePublished\":\"2021-06-17T12:48:23+02:00\",\"dateModified\":\"2021-06-17T12:49:08+02:00\"},{\"@type\":\"WebSite\",\"@id\":\"https:\\\/\\\/www.eldigitaldeasturias.com\\\/noticias\\\/#website\",\"url\":\"https:\\\/\\\/www.eldigitaldeasturias.com\\\/noticias\\\/\",\"name\":\"El Digital de Asturias - Diario de actualidad y noticias\",\"alternateName\":\"El Digital de Asturias - Diario de actualidad y noticias\",\"description\":\"Hemeroteca\",\"inLanguage\":\"es-ES\",\"publisher\":{\"@id\":\"https:\\\/\\\/www.eldigitaldeasturias.com\\\/noticias\\\/#organization\"}}]}\n\t\t<\/script>\n\t\t<!-- All in One SEO Pro -->\r\n\t\t<title>Sostenibilidad tur\u00edstica en On\u00eds y Somiedo - El Digital de Asturias<\/title>\n\n","aioseo_head_json":{"title":"Sostenibilidad tur\u00edstica en On\u00eds y Somiedo - El Digital de Asturias","description":"El Principado de Asturias, Gobierno de Espa\u00f1a y los ayuntamientos de On\u00eds y Somiedo han firmado hoy sendos convenios para la ejecuci\u00f3n de los planes de ..","canonical_url":"https:\/\/www.eldigitaldeasturias.com\/noticias\/sostenibilidad-turistica-en-onis-y-somiedo\/","robots":"max-image-preview:large","keywords":"actualidad asturias","webmasterTools":{"google-site-verification":"UA-38556648-1","msvalidate.01":"7dfe9f3f1b24437ab69f4f2559babe99","miscellaneous":""},"schema":{"@context":"https:\/\/schema.org","@graph":[{"@type":"BlogPosting","@id":"https:\/\/www.eldigitaldeasturias.com\/noticias\/sostenibilidad-turistica-en-onis-y-somiedo\/#blogposting","name":"Sostenibilidad tur\u00edstica en On\u00eds y Somiedo - El Digital de Asturias","headline":"Sostenibilidad tur\u00edstica en On\u00eds y Somiedo","author":{"@id":"https:\/\/www.eldigitaldeasturias.com\/noticias\/author\/admin\/#author"},"publisher":{"@id":"https:\/\/www.eldigitaldeasturias.com\/noticias\/#organization"},"image":{"@type":"ImageObject","url":1093921},"datePublished":"2021-06-17T12:48:23+02:00","dateModified":"2021-06-17T12:49:08+02:00","inLanguage":"es-ES","mainEntityOfPage":{"@id":"https:\/\/www.eldigitaldeasturias.com\/noticias\/sostenibilidad-turistica-en-onis-y-somiedo\/#webpage"},"isPartOf":{"@id":"https:\/\/www.eldigitaldeasturias.com\/noticias\/sostenibilidad-turistica-en-onis-y-somiedo\/#webpage"},"articleSection":"Actualidad Asturias"},{"@type":"BreadcrumbList","@id":"https:\/\/www.eldigitaldeasturias.com\/noticias\/sostenibilidad-turistica-en-onis-y-somiedo\/#breadcrumblist","itemListElement":[{"@type":"ListItem","@id":"https:\/\/www.eldigitaldeasturias.com\/noticias#listItem","position":1,"name":"Home","item":"https:\/\/www.eldigitaldeasturias.com\/noticias","nextItem":{"@type":"ListItem","@id":"https:\/\/www.eldigitaldeasturias.com\/noticias\/category\/actualidad-asturias\/#listItem","name":"Actualidad Asturias"}},{"@type":"ListItem","@id":"https:\/\/www.eldigitaldeasturias.com\/noticias\/category\/actualidad-asturias\/#listItem","position":2,"name":"Actualidad Asturias","item":"https:\/\/www.eldigitaldeasturias.com\/noticias\/category\/actualidad-asturias\/","nextItem":{"@type":"ListItem","@id":"https:\/\/www.eldigitaldeasturias.com\/noticias\/sostenibilidad-turistica-en-onis-y-somiedo\/#listItem","name":"Sostenibilidad tur\u00edstica en On\u00eds y Somiedo"},"previousItem":{"@type":"ListItem","@id":"https:\/\/www.eldigitaldeasturias.com\/noticias#listItem","name":"Home"}},{"@type":"ListItem","@id":"https:\/\/www.eldigitaldeasturias.com\/noticias\/sostenibilidad-turistica-en-onis-y-somiedo\/#listItem","position":3,"name":"Sostenibilidad tur\u00edstica en On\u00eds y Somiedo","previousItem":{"@type":"ListItem","@id":"https:\/\/www.eldigitaldeasturias.com\/noticias\/category\/actualidad-asturias\/#listItem","name":"Actualidad Asturias"}}]},{"@type":"Organization","@id":"https:\/\/www.eldigitaldeasturias.com\/noticias\/#organization","name":"El Digital de Asturias","description":"Hemeroteca","url":"https:\/\/www.eldigitaldeasturias.com\/noticias\/","email":"info@eldigitaldeasturias.com","telephone":"+34652131393","logo":{"@type":"ImageObject","url":"https:\/\/www.eldigitaldeasturias.com\/noticias\/wp-content\/uploads\/2020\/12\/EDA.jpg","@id":"https:\/\/www.eldigitaldeasturias.com\/noticias\/sostenibilidad-turistica-en-onis-y-somiedo\/#organizationLogo"},"image":{"@id":"https:\/\/www.eldigitaldeasturias.com\/noticias\/sostenibilidad-turistica-en-onis-y-somiedo\/#organizationLogo"},"sameAs":["https:\/\/facebook.com\/eldigitaldeasturias","https:\/\/www.youtube.com\/channel\/UCZP-2wLEB9Rv6erhFmqVnvg"],"address":{"@id":"https:\/\/www.eldigitaldeasturias.com\/noticias\/#postaladdress","@type":"PostalAddress","streetAddress":"san antonio 4","postalCode":"33430","addressLocality":"Cand\u00e1s","addressRegion":"Asturias","addressCountry":"ES"}},{"@type":"Person","@id":"https:\/\/www.eldigitaldeasturias.com\/noticias\/author\/admin\/#author","url":"https:\/\/www.eldigitaldeasturias.com\/noticias\/author\/admin\/","name":"El Digital de Asturias","image":{"@type":"ImageObject","@id":"https:\/\/www.eldigitaldeasturias.com\/noticias\/sostenibilidad-turistica-en-onis-y-somiedo\/#authorImage","url":"https:\/\/secure.gravatar.com\/avatar\/df2aeffc32bcd13f8d26072ef8a91b623d677766deac7f97ca815868cd41bf5e?s=96&d=mm&r=g","width":96,"height":96,"caption":"El Digital de Asturias"}},{"@type":"WebPage","@id":"https:\/\/www.eldigitaldeasturias.com\/noticias\/sostenibilidad-turistica-en-onis-y-somiedo\/#webpage","url":"https:\/\/www.eldigitaldeasturias.com\/noticias\/sostenibilidad-turistica-en-onis-y-somiedo\/","name":"Sostenibilidad tur\u00edstica en On\u00eds y Somiedo - El Digital de Asturias","description":"El Principado de Asturias, Gobierno de Espa\u00f1a y los ayuntamientos de On\u00eds y Somiedo han firmado hoy sendos convenios para la ejecuci\u00f3n de los planes de ..","inLanguage":"es-ES","isPartOf":{"@id":"https:\/\/www.eldigitaldeasturias.com\/noticias\/#website"},"breadcrumb":{"@id":"https:\/\/www.eldigitaldeasturias.com\/noticias\/sostenibilidad-turistica-en-onis-y-somiedo\/#breadcrumblist"},"author":{"@id":"https:\/\/www.eldigitaldeasturias.com\/noticias\/author\/admin\/#author"},"creator":{"@id":"https:\/\/www.eldigitaldeasturias.com\/noticias\/author\/admin\/#author"},"image":{"@type":"ImageObject","url":1093921,"@id":"https:\/\/www.eldigitaldeasturias.com\/noticias\/sostenibilidad-turistica-en-onis-y-somiedo\/#mainImage"},"primaryImageOfPage":{"@id":"https:\/\/www.eldigitaldeasturias.com\/noticias\/sostenibilidad-turistica-en-onis-y-somiedo\/#mainImage"},"datePublished":"2021-06-17T12:48:23+02:00","dateModified":"2021-06-17T12:49:08+02:00"},{"@type":"WebSite","@id":"https:\/\/www.eldigitaldeasturias.com\/noticias\/#website","url":"https:\/\/www.eldigitaldeasturias.com\/noticias\/","name":"El Digital de Asturias - Diario de actualidad y noticias","alternateName":"El Digital de Asturias - Diario de actualidad y noticias","description":"Hemeroteca","inLanguage":"es-ES","publisher":{"@id":"https:\/\/www.eldigitaldeasturias.com\/noticias\/#organization"}}]},"og:locale":"es_ES","og:site_name":"El Digital de Asturias","og:type":"article","og:title":"Sostenibilidad tur\u00edstica en On\u00eds y Somiedo - El Digital de Asturias","og:description":"El Principado de Asturias, Gobierno de Espa\u00f1a y los ayuntamientos de On\u00eds y Somiedo han firmado hoy sendos convenios para la ejecuci\u00f3n de los planes de ..","og:url":"https:\/\/www.eldigitaldeasturias.com\/noticias\/sostenibilidad-turistica-en-onis-y-somiedo\/","article:tag":["actualidad asturias"],"article:published_time":"2021-06-17T11:48:23+00:00","article:modified_time":"2021-06-17T11:49:08+00:00","article:publisher":"https:\/\/facebook.com\/eldigitaldeasturias","twitter:card":"summary_large_image","twitter:title":"Sostenibilidad tur\u00edstica en On\u00eds y Somiedo - El Digital de Asturias","twitter:description":"El Principado de Asturias, Gobierno de Espa\u00f1a y los ayuntamientos de On\u00eds y Somiedo han firmado hoy sendos convenios para la ejecuci\u00f3n de los planes de ..","twitter:image":"https:\/\/www.eldigitaldeasturias.com\/noticias\/wp-content\/uploads\/2020\/12\/EDA-1.jpg","twitter:label1":"Escrito por","twitter:data1":"El Digital de Asturias","twitter:label2":"Tiempo de lectura estimado","twitter:data2":"3 minutos"},"aioseo_meta_data":{"post_id":"1093920","title":null,"description":"El Principado de Asturias,&nbsp;Gobierno de Espa\u00f1a y los ayuntamientos de On\u00eds y Somiedo han firmado hoy sendos convenios para la ejecuci\u00f3n de los planes de ..","keywords":[],"keyphrases":{"focus":{"keyphrase":"Principado de Asturias","score":63,"analysis":{"keyphraseInTitle":{"title":"Frase clave objetivo en el t\u00edtulo SEO","description":"Frase clave objetivo no se encuentra en el t\u00edtulo SEO.","score":3,"maxScore":9,"error":1},"keyphraseInDescription":{"title":"Frase clave objetivo en la meta descripci\u00f3n","description":"Frase clave objetivo encontrada en la meta descripci\u00f3n.","score":9,"maxScore":9,"error":0},"keyphraseInURL":{"title":"Frase clave objetivo en la URL","description":"Frase clave objetivo no encontrada en la URL.","score":1,"maxScore":5,"error":1},"keyphraseInIntroduction":{"title":"Frase clave objetivo en la introducci\u00f3n","description":"Su Frase clave objetivo aparece en el primer p\u00e1rrafo. \u00a1Bien hecho!","score":9,"maxScore":9,"error":0},"keyphraseInSubHeadings":{"title":"Frase clave objetivo sus subt\u00edtulos","description":"Use your focus keyphrase more in your H2 and H3 subheadings.","score":3,"maxScore":9,"error":1},"keyphraseLength":{"title":"Longitud de la Frase clave objetivo","description":"\u00a1Buen trabajo!","score":9,"maxScore":9,"error":0,"length":3},"keyphraseInImageAlt":{"title":"Frase clave objetivo en los atributos alt de la imagen.","description":"Frase clave objetivo no se encuentra en los atributos alt de la imagen. A\u00f1ada una imagen con su Frase clave objetivo como texto alternativo.","score":3,"maxScore":9,"error":1}}},"additional":[{"keyphrase":"On\u00eds ","score":83,"analysis":{"keyphraseInDescription":{"title":"Frase clave en la meta descripci\u00f3n","description":"Frase clave encontrada en la meta descripci\u00f3n.","score":9,"maxScore":9,"error":0},"keyphraseInIntroduction":{"title":"Frase clave en la introducci\u00f3n","description":"Su Frase clave aparece en el primer p\u00e1rrafo. \u00a1Bien hecho!","score":9,"maxScore":9,"error":0},"keyphraseInImageAlt":{"title":"Frase clave en los atributos alt de la imagen.","description":"Frase clave no se encuentra en los atributos alt de la imagen. A\u00f1ada una imagen con su Frase clave como texto alternativo.","score":3,"maxScore":9,"error":1},"keyphraseLength":{"title":"Longitud de la Frase clave","description":"\u00a1Buen trabajo!","score":9,"maxScore":9,"error":0,"length":1}}},{"keyphrase":"Somiedo ","score":83,"analysis":{"keyphraseInDescription":{"title":"Frase clave en la meta descripci\u00f3n","description":"Frase clave encontrada en la meta descripci\u00f3n.","score":9,"maxScore":9,"error":0},"keyphraseInIntroduction":{"title":"Frase clave en la introducci\u00f3n","description":"Su Frase clave aparece en el primer p\u00e1rrafo. \u00a1Bien hecho!","score":9,"maxScore":9,"error":0},"keyphraseInImageAlt":{"title":"Frase clave en los atributos alt de la imagen.","description":"Frase clave no se encuentra en los atributos alt de la imagen. A\u00f1ada una imagen con su Frase clave como texto alternativo.","score":3,"maxScore":9,"error":1},"keyphraseLength":{"title":"Longitud de la Frase clave","description":"\u00a1Buen trabajo!","score":9,"maxScore":9,"error":0,"length":1}}},{"keyphrase":"Asturias","score":83,"analysis":{"keyphraseInDescription":{"title":"Frase clave en la meta descripci\u00f3n","description":"Frase clave encontrada en la meta descripci\u00f3n.","score":9,"maxScore":9,"error":0},"keyphraseInIntroduction":{"title":"Frase clave en la introducci\u00f3n","description":"Su Frase clave aparece en el primer p\u00e1rrafo. \u00a1Bien hecho!","score":9,"maxScore":9,"error":0},"keyphraseInImageAlt":{"title":"Frase clave en los atributos alt de la imagen.","description":"Frase clave no se encuentra en los atributos alt de la imagen. A\u00f1ada una imagen con su Frase clave como texto alternativo.","score":3,"maxScore":9,"error":1},"keyphraseLength":{"title":"Longitud de la Frase clave","description":"\u00a1Buen trabajo!","score":9,"maxScore":9,"error":0,"length":1}}},{"keyphrase":"Sostenibilidad tur\u00edstica","score":83,"analysis":{"keyphraseInDescription":{"title":"Frase clave en la meta descripci\u00f3n","description":"Frase clave no se encuentra en la meta descripci\u00f3n.","score":3,"maxScore":9,"error":1},"keyphraseInIntroduction":{"title":"Frase clave en la introducci\u00f3n","description":"Su Frase clave aparece en el primer p\u00e1rrafo. \u00a1Bien hecho!","score":9,"maxScore":9,"error":0},"keyphraseInImageAlt":{"title":"Frase clave en los atributos alt de la imagen.","description":"Frase clave encontrada en los atributos alt de la(s) imagen(es).","score":9,"maxScore":9,"error":0},"keyphraseLength":{"title":"Longitud de la Frase clave","description":"\u00a1Buen trabajo!","score":9,"maxScore":9,"error":0,"length":2}}}]},"primary_term":null,"canonical_url":null,"og_title":null,"og_description":null,"og_object_type":"default","og_image_type":"default","og_image_url":null,"og_image_width":null,"og_image_height":null,"og_image_custom_url":null,"og_image_custom_fields":null,"og_video":"","og_custom_url":null,"og_article_section":null,"og_article_tags":[],"twitter_use_og":false,"twitter_card":"default","twitter_image_type":"default","twitter_image_url":null,"twitter_image_custom_url":null,"twitter_image_custom_fields":null,"twitter_title":null,"twitter_description":null,"schema":{"blockGraphs":[],"customGraphs":[],"default":{"data":{"Article":[],"Course":[],"Dataset":[],"FAQPage":[],"Movie":[],"Person":[],"Product":[],"ProductReview":[],"Car":[],"Recipe":[],"Service":[],"SoftwareApplication":[],"WebPage":[]},"graphName":"","isEnabled":true},"graphs":[],"defaultGraph":"Article","defaultPostTypeGraph":""},"schema_type":"default","schema_type_options":"{\"article\":{\"articleType\":\"BlogPosting\"},\"course\":{\"name\":\"\",\"description\":\"\",\"provider\":\"\"},\"faq\":{\"pages\":[]},\"product\":{\"reviews\":[]},\"recipe\":{\"ingredients\":[],\"instructions\":[],\"keywords\":[]},\"software\":{\"reviews\":[],\"operatingSystems\":[]},\"webPage\":{\"webPageType\":\"WebPage\"}}","pillar_content":false,"robots_default":true,"robots_noindex":false,"robots_noarchive":false,"robots_nosnippet":false,"robots_nofollow":false,"robots_noimageindex":false,"robots_noodp":false,"robots_notranslate":false,"robots_max_snippet":"-1","robots_max_videopreview":"-1","robots_max_imagepreview":"large","priority":null,"frequency":"default","local_seo":{"locations":{"business":{"name":"","businessType":"","image":"","areaServed":"","urls":{"website":"","aboutPage":"","contactPage":""},"address":{"streetLine1":"","streetLine2":"","zipCode":"","city":"","state":"","country":"","addressFormat":"#streetLineOne\n#streetLineTwo\n#city, #state #zipCode"},"contact":{"email":"","phone":"","phoneFormatted":"","fax":"","faxFormatted":""},"ids":{"vat":"","tax":"","chamberOfCommerce":""},"payment":{"priceRange":"","currenciesAccepted":"","methods":""}}},"openingHours":{"useDefaults":true,"show":true,"alwaysOpen":false,"use24hFormat":false,"timezone":"","labels":{"closed":"","alwaysOpen":""},"days":{"monday":{"open24h":false,"closed":false,"openTime":"09:00","closeTime":"17:00"},"tuesday":{"open24h":false,"closed":false,"openTime":"09:00","closeTime":"17:00"},"wednesday":{"open24h":false,"closed":false,"openTime":"09:00","closeTime":"17:00"},"thursday":{"open24h":false,"closed":false,"openTime":"09:00","closeTime":"17:00"},"friday":{"open24h":false,"closed":false,"openTime":"09:00","closeTime":"17:00"},"saturday":{"open24h":false,"closed":false,"openTime":"09:00","closeTime":"17:00"},"sunday":{"open24h":false,"closed":false,"openTime":"09:00","closeTime":"17:00"}}}},"seo_analyzer_scan_date":"2026-07-18 20:14:46","breadcrumb_settings":null,"limit_modified_date":false,"open_ai":null,"ai":null,"created":"2021-06-17 11:42:14","updated":"2026-07-18 20:14:46","focus_keyword":"Principado de Asturias","additional_keywords":[{"word":"On\u00eds","score":83},{"word":"Somiedo","score":83},{"word":"Asturias","score":83},{"word":"Sostenibilidad tur\u00edstica","score":83}],"truseo_locale":null},"aioseo_breadcrumb":"<div class=\"aioseo-breadcrumbs\"><span class=\"aioseo-breadcrumb\">\n\t<a href=\"https:\/\/www.eldigitaldeasturias.com\/noticias\" title=\"Home\">Home<\/a>\n<\/span><span class=\"aioseo-breadcrumb-separator\">\u2013<\/span><span class=\"aioseo-breadcrumb\">\n\t<a href=\"https:\/\/www.eldigitaldeasturias.com\/noticias\/category\/actualidad-asturias\/\" title=\"Actualidad Asturias\">Actualidad Asturias<\/a>\n<\/span><span class=\"aioseo-breadcrumb-separator\">\u2013<\/span><span class=\"aioseo-breadcrumb\">\n\t<a href=\"https:\/\/www.eldigitaldeasturias.com\/noticias\/sostenibilidad-turistica-en-onis-y-somiedo\/\" title=\"Sostenibilidad tur\u00edstica en On\u00eds y Somiedo\">Sostenibilidad tur\u00edstica en On\u00eds y Somiedo<\/a>\n<\/span><\/div>","aioseo_breadcrumb_json":[{"label":"Home","link":"https:\/\/www.eldigitaldeasturias.com\/noticias"},{"label":"Actualidad Asturias","link":"https:\/\/www.eldigitaldeasturias.com\/noticias\/category\/actualidad-asturias\/"},{"label":"Sostenibilidad tur\u00edstica en On\u00eds y Somiedo","link":"https:\/\/www.eldigitaldeasturias.com\/noticias\/sostenibilidad-turistica-en-onis-y-somiedo\/"}],"_links":{"self":[{"href":"https:\/\/www.eldigitaldeasturias.com\/noticias\/wp-json\/wp\/v2\/posts\/1093920","targetHints":{"allow":["GET"]}}],"collection":[{"href":"https:\/\/www.eldigitaldeasturias.com\/noticias\/wp-json\/wp\/v2\/posts"}],"about":[{"href":"https:\/\/www.eldigitaldeasturias.com\/noticias\/wp-json\/wp\/v2\/types\/post"}],"author":[{"embeddable":true,"href":"https:\/\/www.eldigitaldeasturias.com\/noticias\/wp-json\/wp\/v2\/users\/1"}],"replies":[{"embeddable":true,"href":"https:\/\/www.eldigitaldeasturias.com\/noticias\/wp-json\/wp\/v2\/comments?post=1093920"}],"version-history":[{"count":0,"href":"https:\/\/www.eldigitaldeasturias.com\/noticias\/wp-json\/wp\/v2\/posts\/1093920\/revisions"}],"wp:attachment":[{"href":"https:\/\/www.eldigitaldeasturias.com\/noticias\/wp-json\/wp\/v2\/media?parent=1093920"}],"wp:term":[{"taxonomy":"category","embeddable":true,"href":"https:\/\/www.eldigitaldeasturias.com\/noticias\/wp-json\/wp\/v2\/categories?post=1093920"},{"taxonomy":"post_tag","embeddable":true,"href":"https:\/\/www.eldigitaldeasturias.com\/noticias\/wp-json\/wp\/v2\/tags?post=1093920"}],"curies":[{"name":"wp","href":"https:\/\/api.w.org\/{rel}","templated":true}]}}