{"id":1093911,"date":"2021-06-17T09:47:01","date_gmt":"2021-06-17T08:47:01","guid":{"rendered":"https:\/\/www.eldigitaldeasturias.com\/noticias\/?p=1093911"},"modified":"2021-06-17T09:47:01","modified_gmt":"2021-06-17T08:47:01","slug":"primera-edicion-de-la-feria-de-emprendedoras-de-asturias","status":"publish","type":"post","link":"https:\/\/www.eldigitaldeasturias.com\/noticias\/primera-edicion-de-la-feria-de-emprendedoras-de-asturias\/","title":{"rendered":"Primera edici\u00f3n de la Feria de Emprendedoras de Asturias"},"content":{"rendered":"<p><img loading=\"lazy\" decoding=\"async\" class=\"alignleft size-medium wp-image-1013387\" src=\"https:\/\/www.eldigitaldeasturias.com\/noticias\/wp-content\/uploads\/2019\/01\/work-791218_960_720-360x240.jpg\" alt=\"\" width=\"360\" height=\"240\" \/>La Direcci\u00f3n General de Igualdad organiza la I Feria de Emprendedoras de Asturias, con vocaci\u00f3n de celebrarse anualmente, y en la que p<strong>articipar\u00e1n m\u00e1s de 30 emprendedoras asturianas<\/strong>. El evento se desarrollar\u00e1 online este a\u00f1o a causa de la pandemia sanitaria, con el objetivo de poner en valor el aporte a la econom\u00eda de las empresas gestionadas por mujeres.<\/p>\n<p>El programa incluye la participaci\u00f3n de emprendedoras, especialmente del \u00e1mbito rural, que presentar\u00e1n sus trabajos, y suma ya m\u00e1s de 115 personas inscritas. Asimismo, durante las dos jornadas se emitir\u00e1n en el <a href=\"https:\/\/www.youtube.com\/channel\/UCuJ0V7PrBb8aew89niSXD0g\" target=\"_blank\" rel=\"noopener\"><strong><span style=\"color: #ff6600;\">c<\/span><span style=\"color: #ff6600;\">anal de Youtube del Centro de Innovaci\u00f3n y Econom\u00eda en Igualdad<\/span><\/strong><\/a> cuatro mesas redondas, dos clases magistrales, 5 conferencias y varios talleres en l\u00ednea que permitir\u00e1n compartir experiencias y formaci\u00f3n.<\/p>\n<p>La pandemia de la covid-19 ha obligado a las emprendedoras asturianas a transformarse y abordar cambios en la gesti\u00f3n de sus negocios, un reto sobre el que informar\u00e1n a las personas inscritas en las jornadas. La presentaci\u00f3n de los proyectos empresariales se alternar\u00e1 con ponencias sobre aspectos que influyen en las mujeres cuando deciden emprender, como la corresponsabilidad, la resiliencia, la seguridad o el empoderamiento.<\/p>\n<p>Para ello, la primera edici\u00f3n de la feria contar\u00e1 con mujeres referentes a nivel nacional como Maite Egocozabal, responsable de investigaci\u00f3n social del Club de Malasmadres y de la Asociaci\u00f3n Yo No Renuncio; Mariana P\u00e9rez Panizo, experta en optimizaci\u00f3n empresarial; Neus Albertos Meri, especialista en g\u00e9nero e igualdad de oportunidades, y Mar\u00eda del Olmo, psic\u00f3loga y formadora en comunicaci\u00f3n. Adem\u00e1s, participan la Asociaci\u00f3n de Mujeres de Empresas de Econom\u00eda Social del Principado (Amespa), la Federaci\u00f3n de Asociaciones de Mujeres Rurales (Fademur), la Fundaci\u00f3n Mujeres y la Asociaci\u00f3n Empresa Mujer (Asem).<\/p>\n<p>Tambi\u00e9n est\u00e1n previstas dos ponencias sobre aspectos de relevancia en la gesti\u00f3n de los negocios: la comunicaci\u00f3n y el impacto en las redes sociales y la mejora de los procesos de la empresa para lograr m\u00e1s resultados.<\/p>\n<p>El evento est\u00e1 coordinado por el Centro de Innovaci\u00f3n y Econom\u00eda en Igualdad y financiado por el Instituto Asturiano de la Mujer. La directora general de Igualdad, Nuria Varela, ser\u00e1 la encargada de inaugurar las jornadas, ma\u00f1ana, a las 10:00 horas.<\/p>\n<p>&nbsp;<\/p>\n","protected":false},"excerpt":{"rendered":"<p>La Direcci\u00f3n General de Igualdad organiza la I Feria de Emprendedoras de Asturias, con vocaci\u00f3n de celebrarse anualmente, y en la que participar\u00e1n m\u00e1s de 30 emprendedoras asturianas. El evento se desarrollar\u00e1 online este a\u00f1o a causa de la pandemia sanitaria, con el objetivo de poner en valor el aporte a la econom\u00eda de las [&hellip;]<\/p>\n","protected":false},"author":1,"featured_media":1013387,"comment_status":"closed","ping_status":"closed","sticky":false,"template":"","format":"standard","meta":{"footnotes":""},"categories":[12],"tags":[],"class_list":["post-1093911","post","type-post","status-publish","format-standard","has-post-thumbnail","hentry","category-actualidad-asturias"],"aioseo_notices":[],"aioseo_head":"\n\t\t<!-- All in One SEO Pro 5.0.1 - aioseo.com -->\n\t<meta name=\"description\" content=\"La Direcci\u00f3n General de Igualdad organiza la I Feria de Emprendedoras de Asturias, con vocaci\u00f3n de celebrarse anualmente, y en la que participar\u00e1n m\u00e1s de 30 ..\" \/>\n\t<meta name=\"robots\" content=\"max-image-preview:large\" \/>\n\t<meta name=\"author\" content=\"El Digital de Asturias\"\/>\n\t<meta name=\"google-site-verification\" content=\"UA-38556648-1\" \/>\n\t<meta name=\"msvalidate.01\" content=\"7dfe9f3f1b24437ab69f4f2559babe99\" \/>\n\t<meta name=\"keywords\" content=\"actualidad asturias\" \/>\n\t<link rel=\"canonical\" href=\"https:\/\/www.eldigitaldeasturias.com\/noticias\/primera-edicion-de-la-feria-de-emprendedoras-de-asturias\/\" \/>\n\t<meta name=\"generator\" content=\"All in One SEO Pro (AIOSEO) 5.0.1\" \/>\n\t\t<meta property=\"og:locale\" content=\"es_ES\" \/>\n\t\t<meta property=\"og:site_name\" content=\"El Digital de Asturias\" \/>\n\t\t<meta property=\"og:type\" content=\"article\" \/>\n\t\t<meta property=\"og:title\" content=\"Primera edici\u00f3n de la Feria de Emprendedoras de Asturias - El Digital de Asturias\" \/>\n\t\t<meta property=\"og:description\" content=\"La Direcci\u00f3n General de Igualdad organiza la I Feria de Emprendedoras de Asturias, con vocaci\u00f3n de celebrarse anualmente, y en la que participar\u00e1n m\u00e1s de 30 ..\" \/>\n\t\t<meta property=\"og:url\" content=\"https:\/\/www.eldigitaldeasturias.com\/noticias\/primera-edicion-de-la-feria-de-emprendedoras-de-asturias\/\" \/>\n\t\t<meta property=\"article:tag\" content=\"actualidad asturias\" \/>\n\t\t<meta property=\"article:published_time\" content=\"2021-06-17T08:47:01+00:00\" \/>\n\t\t<meta property=\"article:modified_time\" content=\"2021-06-17T08:47:01+00:00\" \/>\n\t\t<meta property=\"article:publisher\" content=\"https:\/\/facebook.com\/eldigitaldeasturias\" \/>\n\t\t<meta name=\"twitter:card\" content=\"summary_large_image\" \/>\n\t\t<meta name=\"twitter:title\" content=\"Primera edici\u00f3n de la Feria de Emprendedoras de Asturias - El Digital de Asturias\" \/>\n\t\t<meta name=\"twitter:description\" content=\"La Direcci\u00f3n General de Igualdad organiza la I Feria de Emprendedoras de Asturias, con vocaci\u00f3n de celebrarse anualmente, y en la que participar\u00e1n m\u00e1s de 30 ..\" \/>\n\t\t<meta name=\"twitter:image\" content=\"https:\/\/www.eldigitaldeasturias.com\/noticias\/wp-content\/uploads\/2020\/12\/EDA-1.jpg\" \/>\n\t\t<meta name=\"twitter:label1\" content=\"Escrito por\" \/>\n\t\t<meta name=\"twitter:data1\" content=\"El Digital de Asturias\" \/>\n\t\t<meta name=\"twitter:label2\" content=\"Tiempo de lectura estimado\" \/>\n\t\t<meta name=\"twitter:data2\" content=\"2 minutos\" \/>\n\t\t<script type=\"application\/ld+json\" class=\"aioseo-schema\">\n\t\t\t{\"@context\":\"https:\\\/\\\/schema.org\",\"@graph\":[{\"@type\":\"BlogPosting\",\"@id\":\"https:\\\/\\\/www.eldigitaldeasturias.com\\\/noticias\\\/primera-edicion-de-la-feria-de-emprendedoras-de-asturias\\\/#blogposting\",\"name\":\"Primera edici\\u00f3n de la Feria de Emprendedoras de Asturias - El Digital de Asturias\",\"headline\":\"Primera edici\\u00f3n de la Feria de Emprendedoras de Asturias\",\"author\":{\"@id\":\"https:\\\/\\\/www.eldigitaldeasturias.com\\\/noticias\\\/author\\\/admin\\\/#author\"},\"publisher\":{\"@id\":\"https:\\\/\\\/www.eldigitaldeasturias.com\\\/noticias\\\/#organization\"},\"image\":{\"@type\":\"ImageObject\",\"url\":1013387},\"datePublished\":\"2021-06-17T09:47:01+02:00\",\"dateModified\":\"2021-06-17T09:47:01+02:00\",\"inLanguage\":\"es-ES\",\"mainEntityOfPage\":{\"@id\":\"https:\\\/\\\/www.eldigitaldeasturias.com\\\/noticias\\\/primera-edicion-de-la-feria-de-emprendedoras-de-asturias\\\/#webpage\"},\"isPartOf\":{\"@id\":\"https:\\\/\\\/www.eldigitaldeasturias.com\\\/noticias\\\/primera-edicion-de-la-feria-de-emprendedoras-de-asturias\\\/#webpage\"},\"articleSection\":\"Actualidad Asturias\"},{\"@type\":\"BreadcrumbList\",\"@id\":\"https:\\\/\\\/www.eldigitaldeasturias.com\\\/noticias\\\/primera-edicion-de-la-feria-de-emprendedoras-de-asturias\\\/#breadcrumblist\",\"itemListElement\":[{\"@type\":\"ListItem\",\"@id\":\"https:\\\/\\\/www.eldigitaldeasturias.com\\\/noticias#listItem\",\"position\":1,\"name\":\"Home\",\"item\":\"https:\\\/\\\/www.eldigitaldeasturias.com\\\/noticias\",\"nextItem\":{\"@type\":\"ListItem\",\"@id\":\"https:\\\/\\\/www.eldigitaldeasturias.com\\\/noticias\\\/category\\\/actualidad-asturias\\\/#listItem\",\"name\":\"Actualidad Asturias\"}},{\"@type\":\"ListItem\",\"@id\":\"https:\\\/\\\/www.eldigitaldeasturias.com\\\/noticias\\\/category\\\/actualidad-asturias\\\/#listItem\",\"position\":2,\"name\":\"Actualidad Asturias\",\"item\":\"https:\\\/\\\/www.eldigitaldeasturias.com\\\/noticias\\\/category\\\/actualidad-asturias\\\/\",\"nextItem\":{\"@type\":\"ListItem\",\"@id\":\"https:\\\/\\\/www.eldigitaldeasturias.com\\\/noticias\\\/primera-edicion-de-la-feria-de-emprendedoras-de-asturias\\\/#listItem\",\"name\":\"Primera edici\\u00f3n de la Feria de Emprendedoras de Asturias\"},\"previousItem\":{\"@type\":\"ListItem\",\"@id\":\"https:\\\/\\\/www.eldigitaldeasturias.com\\\/noticias#listItem\",\"name\":\"Home\"}},{\"@type\":\"ListItem\",\"@id\":\"https:\\\/\\\/www.eldigitaldeasturias.com\\\/noticias\\\/primera-edicion-de-la-feria-de-emprendedoras-de-asturias\\\/#listItem\",\"position\":3,\"name\":\"Primera edici\\u00f3n de la Feria de Emprendedoras de Asturias\",\"previousItem\":{\"@type\":\"ListItem\",\"@id\":\"https:\\\/\\\/www.eldigitaldeasturias.com\\\/noticias\\\/category\\\/actualidad-asturias\\\/#listItem\",\"name\":\"Actualidad Asturias\"}}]},{\"@type\":\"Organization\",\"@id\":\"https:\\\/\\\/www.eldigitaldeasturias.com\\\/noticias\\\/#organization\",\"name\":\"El Digital de Asturias\",\"description\":\"Hemeroteca\",\"url\":\"https:\\\/\\\/www.eldigitaldeasturias.com\\\/noticias\\\/\",\"email\":\"info@eldigitaldeasturias.com\",\"telephone\":\"+34652131393\",\"logo\":{\"@type\":\"ImageObject\",\"url\":\"https:\\\/\\\/www.eldigitaldeasturias.com\\\/noticias\\\/wp-content\\\/uploads\\\/2020\\\/12\\\/EDA.jpg\",\"@id\":\"https:\\\/\\\/www.eldigitaldeasturias.com\\\/noticias\\\/primera-edicion-de-la-feria-de-emprendedoras-de-asturias\\\/#organizationLogo\"},\"image\":{\"@id\":\"https:\\\/\\\/www.eldigitaldeasturias.com\\\/noticias\\\/primera-edicion-de-la-feria-de-emprendedoras-de-asturias\\\/#organizationLogo\"},\"sameAs\":[\"https:\\\/\\\/facebook.com\\\/eldigitaldeasturias\",\"https:\\\/\\\/www.youtube.com\\\/channel\\\/UCZP-2wLEB9Rv6erhFmqVnvg\"],\"address\":{\"@id\":\"https:\\\/\\\/www.eldigitaldeasturias.com\\\/noticias\\\/#postaladdress\",\"@type\":\"PostalAddress\",\"streetAddress\":\"san antonio 4\",\"postalCode\":\"33430\",\"addressLocality\":\"Cand\\u00e1s\",\"addressRegion\":\"Asturias\",\"addressCountry\":\"ES\"}},{\"@type\":\"Person\",\"@id\":\"https:\\\/\\\/www.eldigitaldeasturias.com\\\/noticias\\\/author\\\/admin\\\/#author\",\"url\":\"https:\\\/\\\/www.eldigitaldeasturias.com\\\/noticias\\\/author\\\/admin\\\/\",\"name\":\"El Digital de Asturias\",\"image\":{\"@type\":\"ImageObject\",\"@id\":\"https:\\\/\\\/www.eldigitaldeasturias.com\\\/noticias\\\/primera-edicion-de-la-feria-de-emprendedoras-de-asturias\\\/#authorImage\",\"url\":\"https:\\\/\\\/secure.gravatar.com\\\/avatar\\\/df2aeffc32bcd13f8d26072ef8a91b623d677766deac7f97ca815868cd41bf5e?s=96&d=mm&r=g\",\"width\":96,\"height\":96,\"caption\":\"El Digital de Asturias\"}},{\"@type\":\"WebPage\",\"@id\":\"https:\\\/\\\/www.eldigitaldeasturias.com\\\/noticias\\\/primera-edicion-de-la-feria-de-emprendedoras-de-asturias\\\/#webpage\",\"url\":\"https:\\\/\\\/www.eldigitaldeasturias.com\\\/noticias\\\/primera-edicion-de-la-feria-de-emprendedoras-de-asturias\\\/\",\"name\":\"Primera edici\\u00f3n de la Feria de Emprendedoras de Asturias - El Digital de Asturias\",\"description\":\"La Direcci\\u00f3n General de Igualdad organiza la I Feria de Emprendedoras de Asturias, con vocaci\\u00f3n de celebrarse anualmente, y en la que participar\\u00e1n m\\u00e1s de 30 ..\",\"inLanguage\":\"es-ES\",\"isPartOf\":{\"@id\":\"https:\\\/\\\/www.eldigitaldeasturias.com\\\/noticias\\\/#website\"},\"breadcrumb\":{\"@id\":\"https:\\\/\\\/www.eldigitaldeasturias.com\\\/noticias\\\/primera-edicion-de-la-feria-de-emprendedoras-de-asturias\\\/#breadcrumblist\"},\"author\":{\"@id\":\"https:\\\/\\\/www.eldigitaldeasturias.com\\\/noticias\\\/author\\\/admin\\\/#author\"},\"creator\":{\"@id\":\"https:\\\/\\\/www.eldigitaldeasturias.com\\\/noticias\\\/author\\\/admin\\\/#author\"},\"image\":{\"@type\":\"ImageObject\",\"url\":1013387,\"@id\":\"https:\\\/\\\/www.eldigitaldeasturias.com\\\/noticias\\\/primera-edicion-de-la-feria-de-emprendedoras-de-asturias\\\/#mainImage\"},\"primaryImageOfPage\":{\"@id\":\"https:\\\/\\\/www.eldigitaldeasturias.com\\\/noticias\\\/primera-edicion-de-la-feria-de-emprendedoras-de-asturias\\\/#mainImage\"},\"datePublished\":\"2021-06-17T09:47:01+02:00\",\"dateModified\":\"2021-06-17T09:47:01+02:00\"},{\"@type\":\"WebSite\",\"@id\":\"https:\\\/\\\/www.eldigitaldeasturias.com\\\/noticias\\\/#website\",\"url\":\"https:\\\/\\\/www.eldigitaldeasturias.com\\\/noticias\\\/\",\"name\":\"El Digital de Asturias - Diario de actualidad y noticias\",\"alternateName\":\"El Digital de Asturias - Diario de actualidad y noticias\",\"description\":\"Hemeroteca\",\"inLanguage\":\"es-ES\",\"publisher\":{\"@id\":\"https:\\\/\\\/www.eldigitaldeasturias.com\\\/noticias\\\/#organization\"}}]}\n\t\t<\/script>\n\t\t<!-- All in One SEO Pro -->\r\n\t\t<title>Primera edici\u00f3n de la Feria de Emprendedoras de Asturias - El Digital de Asturias<\/title>\n\n","aioseo_head_json":{"title":"Primera edici\u00f3n de la Feria de Emprendedoras de Asturias - El Digital de Asturias","description":"La Direcci\u00f3n General de Igualdad organiza la I Feria de Emprendedoras de Asturias, con vocaci\u00f3n de celebrarse anualmente, y en la que participar\u00e1n m\u00e1s de 30 ..","canonical_url":"https:\/\/www.eldigitaldeasturias.com\/noticias\/primera-edicion-de-la-feria-de-emprendedoras-de-asturias\/","robots":"max-image-preview:large","keywords":"actualidad asturias","webmasterTools":{"google-site-verification":"UA-38556648-1","msvalidate.01":"7dfe9f3f1b24437ab69f4f2559babe99","miscellaneous":""},"schema":{"@context":"https:\/\/schema.org","@graph":[{"@type":"BlogPosting","@id":"https:\/\/www.eldigitaldeasturias.com\/noticias\/primera-edicion-de-la-feria-de-emprendedoras-de-asturias\/#blogposting","name":"Primera edici\u00f3n de la Feria de Emprendedoras de Asturias - El Digital de Asturias","headline":"Primera edici\u00f3n de la Feria de Emprendedoras de Asturias","author":{"@id":"https:\/\/www.eldigitaldeasturias.com\/noticias\/author\/admin\/#author"},"publisher":{"@id":"https:\/\/www.eldigitaldeasturias.com\/noticias\/#organization"},"image":{"@type":"ImageObject","url":1013387},"datePublished":"2021-06-17T09:47:01+02:00","dateModified":"2021-06-17T09:47:01+02:00","inLanguage":"es-ES","mainEntityOfPage":{"@id":"https:\/\/www.eldigitaldeasturias.com\/noticias\/primera-edicion-de-la-feria-de-emprendedoras-de-asturias\/#webpage"},"isPartOf":{"@id":"https:\/\/www.eldigitaldeasturias.com\/noticias\/primera-edicion-de-la-feria-de-emprendedoras-de-asturias\/#webpage"},"articleSection":"Actualidad Asturias"},{"@type":"BreadcrumbList","@id":"https:\/\/www.eldigitaldeasturias.com\/noticias\/primera-edicion-de-la-feria-de-emprendedoras-de-asturias\/#breadcrumblist","itemListElement":[{"@type":"ListItem","@id":"https:\/\/www.eldigitaldeasturias.com\/noticias#listItem","position":1,"name":"Home","item":"https:\/\/www.eldigitaldeasturias.com\/noticias","nextItem":{"@type":"ListItem","@id":"https:\/\/www.eldigitaldeasturias.com\/noticias\/category\/actualidad-asturias\/#listItem","name":"Actualidad Asturias"}},{"@type":"ListItem","@id":"https:\/\/www.eldigitaldeasturias.com\/noticias\/category\/actualidad-asturias\/#listItem","position":2,"name":"Actualidad Asturias","item":"https:\/\/www.eldigitaldeasturias.com\/noticias\/category\/actualidad-asturias\/","nextItem":{"@type":"ListItem","@id":"https:\/\/www.eldigitaldeasturias.com\/noticias\/primera-edicion-de-la-feria-de-emprendedoras-de-asturias\/#listItem","name":"Primera edici\u00f3n de la Feria de Emprendedoras de Asturias"},"previousItem":{"@type":"ListItem","@id":"https:\/\/www.eldigitaldeasturias.com\/noticias#listItem","name":"Home"}},{"@type":"ListItem","@id":"https:\/\/www.eldigitaldeasturias.com\/noticias\/primera-edicion-de-la-feria-de-emprendedoras-de-asturias\/#listItem","position":3,"name":"Primera edici\u00f3n de la Feria de Emprendedoras de Asturias","previousItem":{"@type":"ListItem","@id":"https:\/\/www.eldigitaldeasturias.com\/noticias\/category\/actualidad-asturias\/#listItem","name":"Actualidad Asturias"}}]},{"@type":"Organization","@id":"https:\/\/www.eldigitaldeasturias.com\/noticias\/#organization","name":"El Digital de Asturias","description":"Hemeroteca","url":"https:\/\/www.eldigitaldeasturias.com\/noticias\/","email":"info@eldigitaldeasturias.com","telephone":"+34652131393","logo":{"@type":"ImageObject","url":"https:\/\/www.eldigitaldeasturias.com\/noticias\/wp-content\/uploads\/2020\/12\/EDA.jpg","@id":"https:\/\/www.eldigitaldeasturias.com\/noticias\/primera-edicion-de-la-feria-de-emprendedoras-de-asturias\/#organizationLogo"},"image":{"@id":"https:\/\/www.eldigitaldeasturias.com\/noticias\/primera-edicion-de-la-feria-de-emprendedoras-de-asturias\/#organizationLogo"},"sameAs":["https:\/\/facebook.com\/eldigitaldeasturias","https:\/\/www.youtube.com\/channel\/UCZP-2wLEB9Rv6erhFmqVnvg"],"address":{"@id":"https:\/\/www.eldigitaldeasturias.com\/noticias\/#postaladdress","@type":"PostalAddress","streetAddress":"san antonio 4","postalCode":"33430","addressLocality":"Cand\u00e1s","addressRegion":"Asturias","addressCountry":"ES"}},{"@type":"Person","@id":"https:\/\/www.eldigitaldeasturias.com\/noticias\/author\/admin\/#author","url":"https:\/\/www.eldigitaldeasturias.com\/noticias\/author\/admin\/","name":"El Digital de Asturias","image":{"@type":"ImageObject","@id":"https:\/\/www.eldigitaldeasturias.com\/noticias\/primera-edicion-de-la-feria-de-emprendedoras-de-asturias\/#authorImage","url":"https:\/\/secure.gravatar.com\/avatar\/df2aeffc32bcd13f8d26072ef8a91b623d677766deac7f97ca815868cd41bf5e?s=96&d=mm&r=g","width":96,"height":96,"caption":"El Digital de Asturias"}},{"@type":"WebPage","@id":"https:\/\/www.eldigitaldeasturias.com\/noticias\/primera-edicion-de-la-feria-de-emprendedoras-de-asturias\/#webpage","url":"https:\/\/www.eldigitaldeasturias.com\/noticias\/primera-edicion-de-la-feria-de-emprendedoras-de-asturias\/","name":"Primera edici\u00f3n de la Feria de Emprendedoras de Asturias - El Digital de Asturias","description":"La Direcci\u00f3n General de Igualdad organiza la I Feria de Emprendedoras de Asturias, con vocaci\u00f3n de celebrarse anualmente, y en la que participar\u00e1n m\u00e1s de 30 ..","inLanguage":"es-ES","isPartOf":{"@id":"https:\/\/www.eldigitaldeasturias.com\/noticias\/#website"},"breadcrumb":{"@id":"https:\/\/www.eldigitaldeasturias.com\/noticias\/primera-edicion-de-la-feria-de-emprendedoras-de-asturias\/#breadcrumblist"},"author":{"@id":"https:\/\/www.eldigitaldeasturias.com\/noticias\/author\/admin\/#author"},"creator":{"@id":"https:\/\/www.eldigitaldeasturias.com\/noticias\/author\/admin\/#author"},"image":{"@type":"ImageObject","url":1013387,"@id":"https:\/\/www.eldigitaldeasturias.com\/noticias\/primera-edicion-de-la-feria-de-emprendedoras-de-asturias\/#mainImage"},"primaryImageOfPage":{"@id":"https:\/\/www.eldigitaldeasturias.com\/noticias\/primera-edicion-de-la-feria-de-emprendedoras-de-asturias\/#mainImage"},"datePublished":"2021-06-17T09:47:01+02:00","dateModified":"2021-06-17T09:47:01+02:00"},{"@type":"WebSite","@id":"https:\/\/www.eldigitaldeasturias.com\/noticias\/#website","url":"https:\/\/www.eldigitaldeasturias.com\/noticias\/","name":"El Digital de Asturias - Diario de actualidad y noticias","alternateName":"El Digital de Asturias - Diario de actualidad y noticias","description":"Hemeroteca","inLanguage":"es-ES","publisher":{"@id":"https:\/\/www.eldigitaldeasturias.com\/noticias\/#organization"}}]},"og:locale":"es_ES","og:site_name":"El Digital de Asturias","og:type":"article","og:title":"Primera edici\u00f3n de la Feria de Emprendedoras de Asturias - El Digital de Asturias","og:description":"La Direcci\u00f3n General de Igualdad organiza la I Feria de Emprendedoras de Asturias, con vocaci\u00f3n de celebrarse anualmente, y en la que participar\u00e1n m\u00e1s de 30 ..","og:url":"https:\/\/www.eldigitaldeasturias.com\/noticias\/primera-edicion-de-la-feria-de-emprendedoras-de-asturias\/","article:tag":["actualidad asturias"],"article:published_time":"2021-06-17T08:47:01+00:00","article:modified_time":"2021-06-17T08:47:01+00:00","article:publisher":"https:\/\/facebook.com\/eldigitaldeasturias","twitter:card":"summary_large_image","twitter:title":"Primera edici\u00f3n de la Feria de Emprendedoras de Asturias - El Digital de Asturias","twitter:description":"La Direcci\u00f3n General de Igualdad organiza la I Feria de Emprendedoras de Asturias, con vocaci\u00f3n de celebrarse anualmente, y en la que participar\u00e1n m\u00e1s de 30 ..","twitter:image":"https:\/\/www.eldigitaldeasturias.com\/noticias\/wp-content\/uploads\/2020\/12\/EDA-1.jpg","twitter:label1":"Escrito por","twitter:data1":"El Digital de Asturias","twitter:label2":"Tiempo de lectura estimado","twitter:data2":"2 minutos"},"aioseo_meta_data":{"post_id":"1093911","title":null,"description":"La Direcci\u00f3n General de Igualdad organiza la I Feria de Emprendedoras de Asturias, con vocaci\u00f3n de celebrarse anualmente, y en la que participar\u00e1n m\u00e1s de 30 ..","keywords":[],"keyphrases":{"focus":{"keyphrase":"Emprendedoras de Asturias","score":87,"analysis":{"keyphraseInTitle":{"title":"Frase clave objetivo en el t\u00edtulo SEO","description":"Frase clave objetivo encontrada en el t\u00edtulo SEO.","score":9,"maxScore":9,"error":0},"keyphraseInDescription":{"title":"Frase clave objetivo en la meta descripci\u00f3n","description":"Frase clave objetivo encontrada en la meta descripci\u00f3n.","score":9,"maxScore":9,"error":0},"keyphraseInURL":[],"keyphraseInIntroduction":{"title":"Frase clave objetivo en la introducci\u00f3n","description":"Su Frase clave objetivo aparece en el primer p\u00e1rrafo. \u00a1Bien hecho!","score":9,"maxScore":9,"error":0},"keyphraseInSubHeadings":[],"keyphraseLength":{"title":"Longitud de la Frase clave objetivo","description":"\u00a1Buen trabajo!","score":9,"maxScore":9,"error":0,"length":3},"keyphraseInImageAlt":{"title":"Frase clave objetivo en los atributos alt de la imagen.","description":"Frase clave objetivo no se encuentra en los atributos alt de la imagen. A\u00f1ada una imagen con su Frase clave objetivo como texto alternativo.","score":3,"maxScore":9,"error":1}}},"additional":[{"keyphrase":"Asturias","score":83,"analysis":{"keyphraseInDescription":{"title":"Frase clave en la meta descripci\u00f3n","description":"Frase clave encontrada en la meta descripci\u00f3n.","score":9,"maxScore":9,"error":0},"keyphraseInIntroduction":{"title":"Frase clave en la introducci\u00f3n","description":"Su Frase clave aparece en el primer p\u00e1rrafo. \u00a1Bien hecho!","score":9,"maxScore":9,"error":0},"keyphraseInImageAlt":{"title":"Frase clave en los atributos alt de la imagen.","description":"Frase clave no se encuentra en los atributos alt de la imagen. A\u00f1ada una imagen con su Frase clave como texto alternativo.","score":3,"maxScore":9,"error":1},"keyphraseLength":{"title":"Longitud de la Frase clave","description":"\u00a1Buen trabajo!","score":9,"maxScore":9,"error":0,"length":1}}},{"keyphrase":"participar\u00e1n m\u00e1s de 30","score":83,"analysis":{"keyphraseInDescription":{"title":"Frase clave en la meta descripci\u00f3n","description":"Frase clave encontrada en la meta descripci\u00f3n.","score":9,"maxScore":9,"error":0},"keyphraseInIntroduction":{"title":"Frase clave en la introducci\u00f3n","description":"Su Frase clave aparece en el primer p\u00e1rrafo. \u00a1Bien hecho!","score":9,"maxScore":9,"error":0},"keyphraseInImageAlt":{"title":"Frase clave en los atributos alt de la imagen.","description":"Frase clave no se encuentra en los atributos alt de la imagen. A\u00f1ada una imagen con su Frase clave como texto alternativo.","score":3,"maxScore":9,"error":1},"keyphraseLength":{"title":"Longitud de la Frase clave","description":"\u00a1Buen trabajo!","score":9,"maxScore":9,"error":0,"length":3}}}]},"primary_term":null,"canonical_url":null,"og_title":null,"og_description":null,"og_object_type":"default","og_image_type":"default","og_image_url":null,"og_image_width":null,"og_image_height":null,"og_image_custom_url":null,"og_image_custom_fields":null,"og_video":"","og_custom_url":null,"og_article_section":null,"og_article_tags":[],"twitter_use_og":false,"twitter_card":"default","twitter_image_type":"default","twitter_image_url":null,"twitter_image_custom_url":null,"twitter_image_custom_fields":null,"twitter_title":null,"twitter_description":null,"schema":{"blockGraphs":[],"customGraphs":[],"default":{"data":{"Article":[],"Course":[],"Dataset":[],"FAQPage":[],"Movie":[],"Person":[],"Product":[],"ProductReview":[],"Car":[],"Recipe":[],"Service":[],"SoftwareApplication":[],"WebPage":[]},"graphName":"","isEnabled":true},"graphs":[],"defaultGraph":"Article","defaultPostTypeGraph":""},"schema_type":"default","schema_type_options":"{\"article\":{\"articleType\":\"BlogPosting\"},\"course\":{\"name\":\"\",\"description\":\"\",\"provider\":\"\"},\"faq\":{\"pages\":[]},\"product\":{\"reviews\":[]},\"recipe\":{\"ingredients\":[],\"instructions\":[],\"keywords\":[]},\"software\":{\"reviews\":[],\"operatingSystems\":[]},\"webPage\":{\"webPageType\":\"WebPage\"}}","pillar_content":false,"robots_default":true,"robots_noindex":false,"robots_noarchive":false,"robots_nosnippet":false,"robots_nofollow":false,"robots_noimageindex":false,"robots_noodp":false,"robots_notranslate":false,"robots_max_snippet":"-1","robots_max_videopreview":"-1","robots_max_imagepreview":"large","priority":null,"frequency":"default","local_seo":{"locations":{"business":{"name":"","businessType":"","image":"","areaServed":"","urls":{"website":"","aboutPage":"","contactPage":""},"address":{"streetLine1":"","streetLine2":"","zipCode":"","city":"","state":"","country":"","addressFormat":"#streetLineOne\n#streetLineTwo\n#city, #state #zipCode"},"contact":{"email":"","phone":"","phoneFormatted":"","fax":"","faxFormatted":""},"ids":{"vat":"","tax":"","chamberOfCommerce":""},"payment":{"priceRange":"","currenciesAccepted":"","methods":""}}},"openingHours":{"useDefaults":true,"show":true,"alwaysOpen":false,"use24hFormat":false,"timezone":"","labels":{"closed":"","alwaysOpen":""},"days":{"monday":{"open24h":false,"closed":false,"openTime":"09:00","closeTime":"17:00"},"tuesday":{"open24h":false,"closed":false,"openTime":"09:00","closeTime":"17:00"},"wednesday":{"open24h":false,"closed":false,"openTime":"09:00","closeTime":"17:00"},"thursday":{"open24h":false,"closed":false,"openTime":"09:00","closeTime":"17:00"},"friday":{"open24h":false,"closed":false,"openTime":"09:00","closeTime":"17:00"},"saturday":{"open24h":false,"closed":false,"openTime":"09:00","closeTime":"17:00"},"sunday":{"open24h":false,"closed":false,"openTime":"09:00","closeTime":"17:00"}}}},"seo_analyzer_scan_date":"2026-07-18 20:08:55","breadcrumb_settings":null,"limit_modified_date":false,"open_ai":null,"ai":null,"created":"2021-06-17 08:42:42","updated":"2026-07-18 20:08:55","focus_keyword":"Emprendedoras de Asturias","additional_keywords":[{"word":"Asturias","score":83},{"word":"participar\u00e1n m\u00e1s de 30","score":83}],"truseo_locale":null},"aioseo_breadcrumb":"<div class=\"aioseo-breadcrumbs\"><span class=\"aioseo-breadcrumb\">\n\t<a href=\"https:\/\/www.eldigitaldeasturias.com\/noticias\" title=\"Home\">Home<\/a>\n<\/span><span class=\"aioseo-breadcrumb-separator\">\u2013<\/span><span class=\"aioseo-breadcrumb\">\n\t<a href=\"https:\/\/www.eldigitaldeasturias.com\/noticias\/category\/actualidad-asturias\/\" title=\"Actualidad Asturias\">Actualidad Asturias<\/a>\n<\/span><span class=\"aioseo-breadcrumb-separator\">\u2013<\/span><span class=\"aioseo-breadcrumb\">\n\t<a href=\"https:\/\/www.eldigitaldeasturias.com\/noticias\/primera-edicion-de-la-feria-de-emprendedoras-de-asturias\/\" title=\"Primera edici\u00f3n de la Feria de Emprendedoras de Asturias\">Primera edici\u00f3n de la Feria de Emprendedoras de Asturias<\/a>\n<\/span><\/div>","aioseo_breadcrumb_json":[{"label":"Home","link":"https:\/\/www.eldigitaldeasturias.com\/noticias"},{"label":"Actualidad Asturias","link":"https:\/\/www.eldigitaldeasturias.com\/noticias\/category\/actualidad-asturias\/"},{"label":"Primera edici\u00f3n de la Feria de Emprendedoras de Asturias","link":"https:\/\/www.eldigitaldeasturias.com\/noticias\/primera-edicion-de-la-feria-de-emprendedoras-de-asturias\/"}],"_links":{"self":[{"href":"https:\/\/www.eldigitaldeasturias.com\/noticias\/wp-json\/wp\/v2\/posts\/1093911","targetHints":{"allow":["GET"]}}],"collection":[{"href":"https:\/\/www.eldigitaldeasturias.com\/noticias\/wp-json\/wp\/v2\/posts"}],"about":[{"href":"https:\/\/www.eldigitaldeasturias.com\/noticias\/wp-json\/wp\/v2\/types\/post"}],"author":[{"embeddable":true,"href":"https:\/\/www.eldigitaldeasturias.com\/noticias\/wp-json\/wp\/v2\/users\/1"}],"replies":[{"embeddable":true,"href":"https:\/\/www.eldigitaldeasturias.com\/noticias\/wp-json\/wp\/v2\/comments?post=1093911"}],"version-history":[{"count":0,"href":"https:\/\/www.eldigitaldeasturias.com\/noticias\/wp-json\/wp\/v2\/posts\/1093911\/revisions"}],"wp:attachment":[{"href":"https:\/\/www.eldigitaldeasturias.com\/noticias\/wp-json\/wp\/v2\/media?parent=1093911"}],"wp:term":[{"taxonomy":"category","embeddable":true,"href":"https:\/\/www.eldigitaldeasturias.com\/noticias\/wp-json\/wp\/v2\/categories?post=1093911"},{"taxonomy":"post_tag","embeddable":true,"href":"https:\/\/www.eldigitaldeasturias.com\/noticias\/wp-json\/wp\/v2\/tags?post=1093911"}],"curies":[{"name":"wp","href":"https:\/\/api.w.org\/{rel}","templated":true}]}}