{"id":1093905,"date":"2021-06-17T09:28:59","date_gmt":"2021-06-17T08:28:59","guid":{"rendered":"https:\/\/www.eldigitaldeasturias.com\/noticias\/?p=1093905"},"modified":"2021-06-17T09:28:59","modified_gmt":"2021-06-17T08:28:59","slug":"angel-de-la-calle-gana-el-premio-alfonso-iglesias-de-comic-en-asturiano","status":"publish","type":"post","link":"https:\/\/www.eldigitaldeasturias.com\/noticias\/angel-de-la-calle-gana-el-premio-alfonso-iglesias-de-comic-en-asturiano\/","title":{"rendered":"\u00c1ngel de la Calle gana el Premio Alfonso Iglesias de c\u00f3mic en asturiano"},"content":{"rendered":"<p><img loading=\"lazy\" decoding=\"async\" class=\"alignleft size-medium wp-image-1079186\" src=\"https:\/\/www.eldigitaldeasturias.com\/noticias\/wp-content\/uploads\/2020\/11\/brushes-3129361_640-360x240.jpg\" alt=\"\" width=\"360\" height=\"240\" \/>El ilustrador y escritor \u00c1ngel de la Calle ha ganado la decimotercera edici\u00f3n del Premio Alfonso Iglesias de c\u00f3mic en asturiano con la obra <strong><em>Paez que nun foi ayeri<\/em><\/strong>. En el acta del fallo, el jurado destaca \u201cel buen uso de los recursos del lenguaje del c\u00f3mic, la madurez y el equilibrio que presenta, la intriga que crea la historia, las referencias metaliterarias al mundo del c\u00f3mic, la fidelidad y el inter\u00e9s hist\u00f3rico, adem\u00e1s de la calidad ling\u00fc\u00edstica del trabajo\u201d.<\/p>\n<p>El tribunal ha valorado tambi\u00e9n la calidad de las propuestas presentadas y la alta participaci\u00f3n, que duplica la de anteriores convocatorias.<\/p>\n<p>El jurado de esta edici\u00f3n ha estado presidido por el director general de Pol\u00edtica Lling\u00fc\u00edstica, Ant\u00f3n Garc\u00eda, e integrado por las profesoras Tamara Collar y Carmen Pe\u00f1a Calvo, esta \u00faltima tambi\u00e9n ilustradora y autora de c\u00f3mics; la fil\u00f3loga Claudia Elena Men\u00e9ndez, la historiadora del arte Mercedes Men\u00e9ndez y el dibujante y ganador de la edici\u00f3n del a\u00f1o pasado, Alberto V\u00e1zquez. Actu\u00f3 como secretaria Laura Marcos, fil\u00f3loga la Direcci\u00f3n General de Pol\u00edtica Lling\u00fc\u00edstica.<\/p>\n<p>El ilustrador \u00c1ngel de la Calle naci\u00f3 en Molinillo de la Sierra (Salamanca), pero reside desde ni\u00f1o en Gij\u00f3n. Combina su actividad profesional con la organizaci\u00f3n de la Semana Negra de Gij\u00f3n y ha colaborado con publicaciones como Zona 84, El V\u00edbora, Comix Internacional, Rambla o Heavy Metal. Es autor de las novelas gr\u00e1ficas Modotti. Una mujer del siglo veinte y Pinturas de guerra, con la que obtuvo en 2018 el premio a la Mejor Obra de Autor Espa\u00f1ol en el Sal\u00f3n del C\u00f3mic de Barcelona. Sus obras han sido publicadas en diversos pa\u00edses y traducidas a varios idiomas.<\/p>\n<p>El premio Alfonso Iglesias, convocado por la Consejer\u00eda de Cultura, Pol\u00edtica Lling\u00fc\u00edstica y Turismo, est\u00e1 dotado con 6.000 euros y la publicaci\u00f3n de la obra ganadora.<\/p>\n<p>&nbsp;<\/p>\n","protected":false},"excerpt":{"rendered":"<p>El ilustrador y escritor \u00c1ngel de la Calle ha ganado la decimotercera edici\u00f3n del Premio Alfonso Iglesias de c\u00f3mic en asturiano con la obra Paez que nun foi ayeri. En el acta del fallo, el jurado destaca \u201cel buen uso de los recursos del lenguaje del c\u00f3mic, la madurez y el equilibrio que presenta, la [&hellip;]<\/p>\n","protected":false},"author":1,"featured_media":1079186,"comment_status":"closed","ping_status":"closed","sticky":false,"template":"","format":"standard","meta":{"footnotes":""},"categories":[12],"tags":[],"class_list":["post-1093905","post","type-post","status-publish","format-standard","has-post-thumbnail","hentry","category-actualidad-asturias"],"aioseo_notices":[],"aioseo_head":"\n\t\t<!-- All in One SEO Pro 5.0.1 - aioseo.com -->\n\t<meta name=\"description\" content=\"El ilustrador y escritor \u00c1ngel de la Calle ha ganado la decimotercera edici\u00f3n del Premio Alfonso Iglesias de c\u00f3mic en asturiano con la obra Paez que nun foi ayeri.\" \/>\n\t<meta name=\"robots\" content=\"max-image-preview:large\" \/>\n\t<meta name=\"author\" content=\"El Digital de Asturias\"\/>\n\t<meta name=\"google-site-verification\" content=\"UA-38556648-1\" \/>\n\t<meta name=\"msvalidate.01\" content=\"7dfe9f3f1b24437ab69f4f2559babe99\" \/>\n\t<meta name=\"keywords\" content=\"actualidad asturias\" \/>\n\t<link rel=\"canonical\" href=\"https:\/\/www.eldigitaldeasturias.com\/noticias\/angel-de-la-calle-gana-el-premio-alfonso-iglesias-de-comic-en-asturiano\/\" \/>\n\t<meta name=\"generator\" content=\"All in One SEO Pro (AIOSEO) 5.0.1\" \/>\n\t\t<meta property=\"og:locale\" content=\"es_ES\" \/>\n\t\t<meta property=\"og:site_name\" content=\"El Digital de Asturias\" \/>\n\t\t<meta property=\"og:type\" content=\"article\" \/>\n\t\t<meta property=\"og:title\" content=\"\u00c1ngel de la Calle gana el Premio Alfonso Iglesias de c\u00f3mic en asturiano - El Digital de Asturias\" \/>\n\t\t<meta property=\"og:description\" content=\"El ilustrador y escritor \u00c1ngel de la Calle ha ganado la decimotercera edici\u00f3n del Premio Alfonso Iglesias de c\u00f3mic en asturiano con la obra Paez que nun foi ayeri.\" \/>\n\t\t<meta property=\"og:url\" content=\"https:\/\/www.eldigitaldeasturias.com\/noticias\/angel-de-la-calle-gana-el-premio-alfonso-iglesias-de-comic-en-asturiano\/\" \/>\n\t\t<meta property=\"article:tag\" content=\"actualidad asturias\" \/>\n\t\t<meta property=\"article:published_time\" content=\"2021-06-17T08:28:59+00:00\" \/>\n\t\t<meta property=\"article:modified_time\" content=\"2021-06-17T08:28:59+00:00\" \/>\n\t\t<meta property=\"article:publisher\" content=\"https:\/\/facebook.com\/eldigitaldeasturias\" \/>\n\t\t<meta name=\"twitter:card\" content=\"summary_large_image\" \/>\n\t\t<meta name=\"twitter:title\" content=\"\u00c1ngel de la Calle gana el Premio Alfonso Iglesias de c\u00f3mic en asturiano - El Digital de Asturias\" \/>\n\t\t<meta name=\"twitter:description\" content=\"El ilustrador y escritor \u00c1ngel de la Calle ha ganado la decimotercera edici\u00f3n del Premio Alfonso Iglesias de c\u00f3mic en asturiano con la obra Paez que nun foi ayeri.\" \/>\n\t\t<meta name=\"twitter:image\" content=\"https:\/\/www.eldigitaldeasturias.com\/noticias\/wp-content\/uploads\/2020\/12\/EDA-1.jpg\" \/>\n\t\t<meta name=\"twitter:label1\" content=\"Escrito por\" \/>\n\t\t<meta name=\"twitter:data1\" content=\"El Digital de Asturias\" \/>\n\t\t<meta name=\"twitter:label2\" content=\"Tiempo de lectura estimado\" \/>\n\t\t<meta name=\"twitter:data2\" content=\"2 minutos\" \/>\n\t\t<script type=\"application\/ld+json\" class=\"aioseo-schema\">\n\t\t\t{\"@context\":\"https:\\\/\\\/schema.org\",\"@graph\":[{\"@type\":\"BlogPosting\",\"@id\":\"https:\\\/\\\/www.eldigitaldeasturias.com\\\/noticias\\\/angel-de-la-calle-gana-el-premio-alfonso-iglesias-de-comic-en-asturiano\\\/#blogposting\",\"name\":\"\\u00c1ngel de la Calle gana el Premio Alfonso Iglesias de c\\u00f3mic en asturiano - El Digital de Asturias\",\"headline\":\"\\u00c1ngel de la Calle gana el Premio Alfonso Iglesias de c\\u00f3mic en asturiano\",\"author\":{\"@id\":\"https:\\\/\\\/www.eldigitaldeasturias.com\\\/noticias\\\/author\\\/admin\\\/#author\"},\"publisher\":{\"@id\":\"https:\\\/\\\/www.eldigitaldeasturias.com\\\/noticias\\\/#organization\"},\"image\":{\"@type\":\"ImageObject\",\"url\":1079186},\"datePublished\":\"2021-06-17T09:28:59+02:00\",\"dateModified\":\"2021-06-17T09:28:59+02:00\",\"inLanguage\":\"es-ES\",\"mainEntityOfPage\":{\"@id\":\"https:\\\/\\\/www.eldigitaldeasturias.com\\\/noticias\\\/angel-de-la-calle-gana-el-premio-alfonso-iglesias-de-comic-en-asturiano\\\/#webpage\"},\"isPartOf\":{\"@id\":\"https:\\\/\\\/www.eldigitaldeasturias.com\\\/noticias\\\/angel-de-la-calle-gana-el-premio-alfonso-iglesias-de-comic-en-asturiano\\\/#webpage\"},\"articleSection\":\"Actualidad Asturias\"},{\"@type\":\"BreadcrumbList\",\"@id\":\"https:\\\/\\\/www.eldigitaldeasturias.com\\\/noticias\\\/angel-de-la-calle-gana-el-premio-alfonso-iglesias-de-comic-en-asturiano\\\/#breadcrumblist\",\"itemListElement\":[{\"@type\":\"ListItem\",\"@id\":\"https:\\\/\\\/www.eldigitaldeasturias.com\\\/noticias#listItem\",\"position\":1,\"name\":\"Home\",\"item\":\"https:\\\/\\\/www.eldigitaldeasturias.com\\\/noticias\",\"nextItem\":{\"@type\":\"ListItem\",\"@id\":\"https:\\\/\\\/www.eldigitaldeasturias.com\\\/noticias\\\/category\\\/actualidad-asturias\\\/#listItem\",\"name\":\"Actualidad Asturias\"}},{\"@type\":\"ListItem\",\"@id\":\"https:\\\/\\\/www.eldigitaldeasturias.com\\\/noticias\\\/category\\\/actualidad-asturias\\\/#listItem\",\"position\":2,\"name\":\"Actualidad Asturias\",\"item\":\"https:\\\/\\\/www.eldigitaldeasturias.com\\\/noticias\\\/category\\\/actualidad-asturias\\\/\",\"nextItem\":{\"@type\":\"ListItem\",\"@id\":\"https:\\\/\\\/www.eldigitaldeasturias.com\\\/noticias\\\/angel-de-la-calle-gana-el-premio-alfonso-iglesias-de-comic-en-asturiano\\\/#listItem\",\"name\":\"\\u00c1ngel de la Calle gana el Premio Alfonso Iglesias de c\\u00f3mic en asturiano\"},\"previousItem\":{\"@type\":\"ListItem\",\"@id\":\"https:\\\/\\\/www.eldigitaldeasturias.com\\\/noticias#listItem\",\"name\":\"Home\"}},{\"@type\":\"ListItem\",\"@id\":\"https:\\\/\\\/www.eldigitaldeasturias.com\\\/noticias\\\/angel-de-la-calle-gana-el-premio-alfonso-iglesias-de-comic-en-asturiano\\\/#listItem\",\"position\":3,\"name\":\"\\u00c1ngel de la Calle gana el Premio Alfonso Iglesias de c\\u00f3mic en asturiano\",\"previousItem\":{\"@type\":\"ListItem\",\"@id\":\"https:\\\/\\\/www.eldigitaldeasturias.com\\\/noticias\\\/category\\\/actualidad-asturias\\\/#listItem\",\"name\":\"Actualidad Asturias\"}}]},{\"@type\":\"Organization\",\"@id\":\"https:\\\/\\\/www.eldigitaldeasturias.com\\\/noticias\\\/#organization\",\"name\":\"El Digital de Asturias\",\"description\":\"Hemeroteca\",\"url\":\"https:\\\/\\\/www.eldigitaldeasturias.com\\\/noticias\\\/\",\"email\":\"info@eldigitaldeasturias.com\",\"telephone\":\"+34652131393\",\"logo\":{\"@type\":\"ImageObject\",\"url\":\"https:\\\/\\\/www.eldigitaldeasturias.com\\\/noticias\\\/wp-content\\\/uploads\\\/2020\\\/12\\\/EDA.jpg\",\"@id\":\"https:\\\/\\\/www.eldigitaldeasturias.com\\\/noticias\\\/angel-de-la-calle-gana-el-premio-alfonso-iglesias-de-comic-en-asturiano\\\/#organizationLogo\"},\"image\":{\"@id\":\"https:\\\/\\\/www.eldigitaldeasturias.com\\\/noticias\\\/angel-de-la-calle-gana-el-premio-alfonso-iglesias-de-comic-en-asturiano\\\/#organizationLogo\"},\"sameAs\":[\"https:\\\/\\\/facebook.com\\\/eldigitaldeasturias\",\"https:\\\/\\\/www.youtube.com\\\/channel\\\/UCZP-2wLEB9Rv6erhFmqVnvg\"],\"address\":{\"@id\":\"https:\\\/\\\/www.eldigitaldeasturias.com\\\/noticias\\\/#postaladdress\",\"@type\":\"PostalAddress\",\"streetAddress\":\"san antonio 4\",\"postalCode\":\"33430\",\"addressLocality\":\"Cand\\u00e1s\",\"addressRegion\":\"Asturias\",\"addressCountry\":\"ES\"}},{\"@type\":\"Person\",\"@id\":\"https:\\\/\\\/www.eldigitaldeasturias.com\\\/noticias\\\/author\\\/admin\\\/#author\",\"url\":\"https:\\\/\\\/www.eldigitaldeasturias.com\\\/noticias\\\/author\\\/admin\\\/\",\"name\":\"El Digital de Asturias\",\"image\":{\"@type\":\"ImageObject\",\"@id\":\"https:\\\/\\\/www.eldigitaldeasturias.com\\\/noticias\\\/angel-de-la-calle-gana-el-premio-alfonso-iglesias-de-comic-en-asturiano\\\/#authorImage\",\"url\":\"https:\\\/\\\/secure.gravatar.com\\\/avatar\\\/df2aeffc32bcd13f8d26072ef8a91b623d677766deac7f97ca815868cd41bf5e?s=96&d=mm&r=g\",\"width\":96,\"height\":96,\"caption\":\"El Digital de Asturias\"}},{\"@type\":\"WebPage\",\"@id\":\"https:\\\/\\\/www.eldigitaldeasturias.com\\\/noticias\\\/angel-de-la-calle-gana-el-premio-alfonso-iglesias-de-comic-en-asturiano\\\/#webpage\",\"url\":\"https:\\\/\\\/www.eldigitaldeasturias.com\\\/noticias\\\/angel-de-la-calle-gana-el-premio-alfonso-iglesias-de-comic-en-asturiano\\\/\",\"name\":\"\\u00c1ngel de la Calle gana el Premio Alfonso Iglesias de c\\u00f3mic en asturiano - El Digital de Asturias\",\"description\":\"El ilustrador y escritor \\u00c1ngel de la Calle ha ganado la decimotercera edici\\u00f3n del Premio Alfonso Iglesias de c\\u00f3mic en asturiano con la obra Paez que nun foi ayeri.\",\"inLanguage\":\"es-ES\",\"isPartOf\":{\"@id\":\"https:\\\/\\\/www.eldigitaldeasturias.com\\\/noticias\\\/#website\"},\"breadcrumb\":{\"@id\":\"https:\\\/\\\/www.eldigitaldeasturias.com\\\/noticias\\\/angel-de-la-calle-gana-el-premio-alfonso-iglesias-de-comic-en-asturiano\\\/#breadcrumblist\"},\"author\":{\"@id\":\"https:\\\/\\\/www.eldigitaldeasturias.com\\\/noticias\\\/author\\\/admin\\\/#author\"},\"creator\":{\"@id\":\"https:\\\/\\\/www.eldigitaldeasturias.com\\\/noticias\\\/author\\\/admin\\\/#author\"},\"image\":{\"@type\":\"ImageObject\",\"url\":1079186,\"@id\":\"https:\\\/\\\/www.eldigitaldeasturias.com\\\/noticias\\\/angel-de-la-calle-gana-el-premio-alfonso-iglesias-de-comic-en-asturiano\\\/#mainImage\"},\"primaryImageOfPage\":{\"@id\":\"https:\\\/\\\/www.eldigitaldeasturias.com\\\/noticias\\\/angel-de-la-calle-gana-el-premio-alfonso-iglesias-de-comic-en-asturiano\\\/#mainImage\"},\"datePublished\":\"2021-06-17T09:28:59+02:00\",\"dateModified\":\"2021-06-17T09:28:59+02:00\"},{\"@type\":\"WebSite\",\"@id\":\"https:\\\/\\\/www.eldigitaldeasturias.com\\\/noticias\\\/#website\",\"url\":\"https:\\\/\\\/www.eldigitaldeasturias.com\\\/noticias\\\/\",\"name\":\"El Digital de Asturias - Diario de actualidad y noticias\",\"alternateName\":\"El Digital de Asturias - Diario de actualidad y noticias\",\"description\":\"Hemeroteca\",\"inLanguage\":\"es-ES\",\"publisher\":{\"@id\":\"https:\\\/\\\/www.eldigitaldeasturias.com\\\/noticias\\\/#organization\"}}]}\n\t\t<\/script>\n\t\t<!-- All in One SEO Pro -->\r\n\t\t<title>\u00c1ngel de la Calle gana el Premio Alfonso Iglesias de c\u00f3mic en asturiano - El Digital de Asturias<\/title>\n\n","aioseo_head_json":{"title":"\u00c1ngel de la Calle gana el Premio Alfonso Iglesias de c\u00f3mic en asturiano - El Digital de Asturias","description":"El ilustrador y escritor \u00c1ngel de la Calle ha ganado la decimotercera edici\u00f3n del Premio Alfonso Iglesias de c\u00f3mic en asturiano con la obra Paez que nun foi ayeri.","canonical_url":"https:\/\/www.eldigitaldeasturias.com\/noticias\/angel-de-la-calle-gana-el-premio-alfonso-iglesias-de-comic-en-asturiano\/","robots":"max-image-preview:large","keywords":"actualidad asturias","webmasterTools":{"google-site-verification":"UA-38556648-1","msvalidate.01":"7dfe9f3f1b24437ab69f4f2559babe99","miscellaneous":""},"schema":{"@context":"https:\/\/schema.org","@graph":[{"@type":"BlogPosting","@id":"https:\/\/www.eldigitaldeasturias.com\/noticias\/angel-de-la-calle-gana-el-premio-alfonso-iglesias-de-comic-en-asturiano\/#blogposting","name":"\u00c1ngel de la Calle gana el Premio Alfonso Iglesias de c\u00f3mic en asturiano - El Digital de Asturias","headline":"\u00c1ngel de la Calle gana el Premio Alfonso Iglesias de c\u00f3mic en asturiano","author":{"@id":"https:\/\/www.eldigitaldeasturias.com\/noticias\/author\/admin\/#author"},"publisher":{"@id":"https:\/\/www.eldigitaldeasturias.com\/noticias\/#organization"},"image":{"@type":"ImageObject","url":1079186},"datePublished":"2021-06-17T09:28:59+02:00","dateModified":"2021-06-17T09:28:59+02:00","inLanguage":"es-ES","mainEntityOfPage":{"@id":"https:\/\/www.eldigitaldeasturias.com\/noticias\/angel-de-la-calle-gana-el-premio-alfonso-iglesias-de-comic-en-asturiano\/#webpage"},"isPartOf":{"@id":"https:\/\/www.eldigitaldeasturias.com\/noticias\/angel-de-la-calle-gana-el-premio-alfonso-iglesias-de-comic-en-asturiano\/#webpage"},"articleSection":"Actualidad Asturias"},{"@type":"BreadcrumbList","@id":"https:\/\/www.eldigitaldeasturias.com\/noticias\/angel-de-la-calle-gana-el-premio-alfonso-iglesias-de-comic-en-asturiano\/#breadcrumblist","itemListElement":[{"@type":"ListItem","@id":"https:\/\/www.eldigitaldeasturias.com\/noticias#listItem","position":1,"name":"Home","item":"https:\/\/www.eldigitaldeasturias.com\/noticias","nextItem":{"@type":"ListItem","@id":"https:\/\/www.eldigitaldeasturias.com\/noticias\/category\/actualidad-asturias\/#listItem","name":"Actualidad Asturias"}},{"@type":"ListItem","@id":"https:\/\/www.eldigitaldeasturias.com\/noticias\/category\/actualidad-asturias\/#listItem","position":2,"name":"Actualidad Asturias","item":"https:\/\/www.eldigitaldeasturias.com\/noticias\/category\/actualidad-asturias\/","nextItem":{"@type":"ListItem","@id":"https:\/\/www.eldigitaldeasturias.com\/noticias\/angel-de-la-calle-gana-el-premio-alfonso-iglesias-de-comic-en-asturiano\/#listItem","name":"\u00c1ngel de la Calle gana el Premio Alfonso Iglesias de c\u00f3mic en asturiano"},"previousItem":{"@type":"ListItem","@id":"https:\/\/www.eldigitaldeasturias.com\/noticias#listItem","name":"Home"}},{"@type":"ListItem","@id":"https:\/\/www.eldigitaldeasturias.com\/noticias\/angel-de-la-calle-gana-el-premio-alfonso-iglesias-de-comic-en-asturiano\/#listItem","position":3,"name":"\u00c1ngel de la Calle gana el Premio Alfonso Iglesias de c\u00f3mic en asturiano","previousItem":{"@type":"ListItem","@id":"https:\/\/www.eldigitaldeasturias.com\/noticias\/category\/actualidad-asturias\/#listItem","name":"Actualidad Asturias"}}]},{"@type":"Organization","@id":"https:\/\/www.eldigitaldeasturias.com\/noticias\/#organization","name":"El Digital de Asturias","description":"Hemeroteca","url":"https:\/\/www.eldigitaldeasturias.com\/noticias\/","email":"info@eldigitaldeasturias.com","telephone":"+34652131393","logo":{"@type":"ImageObject","url":"https:\/\/www.eldigitaldeasturias.com\/noticias\/wp-content\/uploads\/2020\/12\/EDA.jpg","@id":"https:\/\/www.eldigitaldeasturias.com\/noticias\/angel-de-la-calle-gana-el-premio-alfonso-iglesias-de-comic-en-asturiano\/#organizationLogo"},"image":{"@id":"https:\/\/www.eldigitaldeasturias.com\/noticias\/angel-de-la-calle-gana-el-premio-alfonso-iglesias-de-comic-en-asturiano\/#organizationLogo"},"sameAs":["https:\/\/facebook.com\/eldigitaldeasturias","https:\/\/www.youtube.com\/channel\/UCZP-2wLEB9Rv6erhFmqVnvg"],"address":{"@id":"https:\/\/www.eldigitaldeasturias.com\/noticias\/#postaladdress","@type":"PostalAddress","streetAddress":"san antonio 4","postalCode":"33430","addressLocality":"Cand\u00e1s","addressRegion":"Asturias","addressCountry":"ES"}},{"@type":"Person","@id":"https:\/\/www.eldigitaldeasturias.com\/noticias\/author\/admin\/#author","url":"https:\/\/www.eldigitaldeasturias.com\/noticias\/author\/admin\/","name":"El Digital de Asturias","image":{"@type":"ImageObject","@id":"https:\/\/www.eldigitaldeasturias.com\/noticias\/angel-de-la-calle-gana-el-premio-alfonso-iglesias-de-comic-en-asturiano\/#authorImage","url":"https:\/\/secure.gravatar.com\/avatar\/df2aeffc32bcd13f8d26072ef8a91b623d677766deac7f97ca815868cd41bf5e?s=96&d=mm&r=g","width":96,"height":96,"caption":"El Digital de Asturias"}},{"@type":"WebPage","@id":"https:\/\/www.eldigitaldeasturias.com\/noticias\/angel-de-la-calle-gana-el-premio-alfonso-iglesias-de-comic-en-asturiano\/#webpage","url":"https:\/\/www.eldigitaldeasturias.com\/noticias\/angel-de-la-calle-gana-el-premio-alfonso-iglesias-de-comic-en-asturiano\/","name":"\u00c1ngel de la Calle gana el Premio Alfonso Iglesias de c\u00f3mic en asturiano - El Digital de Asturias","description":"El ilustrador y escritor \u00c1ngel de la Calle ha ganado la decimotercera edici\u00f3n del Premio Alfonso Iglesias de c\u00f3mic en asturiano con la obra Paez que nun foi ayeri.","inLanguage":"es-ES","isPartOf":{"@id":"https:\/\/www.eldigitaldeasturias.com\/noticias\/#website"},"breadcrumb":{"@id":"https:\/\/www.eldigitaldeasturias.com\/noticias\/angel-de-la-calle-gana-el-premio-alfonso-iglesias-de-comic-en-asturiano\/#breadcrumblist"},"author":{"@id":"https:\/\/www.eldigitaldeasturias.com\/noticias\/author\/admin\/#author"},"creator":{"@id":"https:\/\/www.eldigitaldeasturias.com\/noticias\/author\/admin\/#author"},"image":{"@type":"ImageObject","url":1079186,"@id":"https:\/\/www.eldigitaldeasturias.com\/noticias\/angel-de-la-calle-gana-el-premio-alfonso-iglesias-de-comic-en-asturiano\/#mainImage"},"primaryImageOfPage":{"@id":"https:\/\/www.eldigitaldeasturias.com\/noticias\/angel-de-la-calle-gana-el-premio-alfonso-iglesias-de-comic-en-asturiano\/#mainImage"},"datePublished":"2021-06-17T09:28:59+02:00","dateModified":"2021-06-17T09:28:59+02:00"},{"@type":"WebSite","@id":"https:\/\/www.eldigitaldeasturias.com\/noticias\/#website","url":"https:\/\/www.eldigitaldeasturias.com\/noticias\/","name":"El Digital de Asturias - Diario de actualidad y noticias","alternateName":"El Digital de Asturias - Diario de actualidad y noticias","description":"Hemeroteca","inLanguage":"es-ES","publisher":{"@id":"https:\/\/www.eldigitaldeasturias.com\/noticias\/#organization"}}]},"og:locale":"es_ES","og:site_name":"El Digital de Asturias","og:type":"article","og:title":"\u00c1ngel de la Calle gana el Premio Alfonso Iglesias de c\u00f3mic en asturiano - El Digital de Asturias","og:description":"El ilustrador y escritor \u00c1ngel de la Calle ha ganado la decimotercera edici\u00f3n del Premio Alfonso Iglesias de c\u00f3mic en asturiano con la obra Paez que nun foi ayeri.","og:url":"https:\/\/www.eldigitaldeasturias.com\/noticias\/angel-de-la-calle-gana-el-premio-alfonso-iglesias-de-comic-en-asturiano\/","article:tag":["actualidad asturias"],"article:published_time":"2021-06-17T08:28:59+00:00","article:modified_time":"2021-06-17T08:28:59+00:00","article:publisher":"https:\/\/facebook.com\/eldigitaldeasturias","twitter:card":"summary_large_image","twitter:title":"\u00c1ngel de la Calle gana el Premio Alfonso Iglesias de c\u00f3mic en asturiano - El Digital de Asturias","twitter:description":"El ilustrador y escritor \u00c1ngel de la Calle ha ganado la decimotercera edici\u00f3n del Premio Alfonso Iglesias de c\u00f3mic en asturiano con la obra Paez que nun foi ayeri.","twitter:image":"https:\/\/www.eldigitaldeasturias.com\/noticias\/wp-content\/uploads\/2020\/12\/EDA-1.jpg","twitter:label1":"Escrito por","twitter:data1":"El Digital de Asturias","twitter:label2":"Tiempo de lectura estimado","twitter:data2":"2 minutos"},"aioseo_meta_data":{"post_id":"1093905","title":null,"description":"El ilustrador y escritor \u00c1ngel de la Calle ha ganado la decimotercera edici\u00f3n del Premio Alfonso Iglesias de c\u00f3mic en asturiano con la obra Paez que nun foi ayeri.","keywords":[],"keyphrases":{"focus":{"keyphrase":"\u00c1ngel de la Calle","score":87,"analysis":{"keyphraseInTitle":{"title":"Frase clave objetivo en el t\u00edtulo SEO","description":"Frase clave objetivo encontrada en el t\u00edtulo SEO.","score":9,"maxScore":9,"error":0},"keyphraseInDescription":{"title":"Frase clave objetivo en la meta descripci\u00f3n","description":"Frase clave objetivo encontrada en la meta descripci\u00f3n.","score":9,"maxScore":9,"error":0},"keyphraseInURL":[],"keyphraseInIntroduction":{"title":"Frase clave objetivo en la introducci\u00f3n","description":"Su Frase clave objetivo aparece en el primer p\u00e1rrafo. \u00a1Bien hecho!","score":9,"maxScore":9,"error":0},"keyphraseInSubHeadings":[],"keyphraseLength":{"title":"Longitud de la Frase clave objetivo","description":"\u00a1Buen trabajo!","score":9,"maxScore":9,"error":0,"length":4},"keyphraseInImageAlt":{"title":"Frase clave objetivo en los atributos alt de la imagen.","description":"Frase clave objetivo no se encuentra en los atributos alt de la imagen. A\u00f1ada una imagen con su Frase clave objetivo como texto alternativo.","score":3,"maxScore":9,"error":1}}},"additional":[{"keyphrase":"Premio Alfonso Iglesias ","score":83,"analysis":{"keyphraseInDescription":{"title":"Frase clave en la meta descripci\u00f3n","description":"Frase clave encontrada en la meta descripci\u00f3n.","score":9,"maxScore":9,"error":0},"keyphraseInIntroduction":{"title":"Frase clave en la introducci\u00f3n","description":"Su Frase clave aparece en el primer p\u00e1rrafo. \u00a1Bien hecho!","score":9,"maxScore":9,"error":0},"keyphraseInImageAlt":{"title":"Frase clave en los atributos alt de la imagen.","description":"Frase clave no se encuentra en los atributos alt de la imagen. A\u00f1ada una imagen con su Frase clave como texto alternativo.","score":3,"maxScore":9,"error":1},"keyphraseLength":{"title":"Longitud de la Frase clave","description":"\u00a1Buen trabajo!","score":9,"maxScore":9,"error":0,"length":3}}}]},"primary_term":null,"canonical_url":null,"og_title":null,"og_description":null,"og_object_type":"default","og_image_type":"default","og_image_url":null,"og_image_width":null,"og_image_height":null,"og_image_custom_url":null,"og_image_custom_fields":null,"og_video":"","og_custom_url":null,"og_article_section":null,"og_article_tags":[],"twitter_use_og":false,"twitter_card":"default","twitter_image_type":"default","twitter_image_url":null,"twitter_image_custom_url":null,"twitter_image_custom_fields":null,"twitter_title":null,"twitter_description":null,"schema":{"blockGraphs":[],"customGraphs":[],"default":{"data":{"Article":[],"Course":[],"Dataset":[],"FAQPage":[],"Movie":[],"Person":[],"Product":[],"ProductReview":[],"Car":[],"Recipe":[],"Service":[],"SoftwareApplication":[],"WebPage":[]},"graphName":"","isEnabled":true},"graphs":[],"defaultGraph":"Article","defaultPostTypeGraph":""},"schema_type":"default","schema_type_options":"{\"article\":{\"articleType\":\"BlogPosting\"},\"course\":{\"name\":\"\",\"description\":\"\",\"provider\":\"\"},\"faq\":{\"pages\":[]},\"product\":{\"reviews\":[]},\"recipe\":{\"ingredients\":[],\"instructions\":[],\"keywords\":[]},\"software\":{\"reviews\":[],\"operatingSystems\":[]},\"webPage\":{\"webPageType\":\"WebPage\"}}","pillar_content":false,"robots_default":true,"robots_noindex":false,"robots_noarchive":false,"robots_nosnippet":false,"robots_nofollow":false,"robots_noimageindex":false,"robots_noodp":false,"robots_notranslate":false,"robots_max_snippet":"-1","robots_max_videopreview":"-1","robots_max_imagepreview":"large","priority":null,"frequency":"default","local_seo":{"locations":{"business":{"name":"","businessType":"","image":"","areaServed":"","urls":{"website":"","aboutPage":"","contactPage":""},"address":{"streetLine1":"","streetLine2":"","zipCode":"","city":"","state":"","country":"","addressFormat":"#streetLineOne\n#streetLineTwo\n#city, #state #zipCode"},"contact":{"email":"","phone":"","phoneFormatted":"","fax":"","faxFormatted":""},"ids":{"vat":"","tax":"","chamberOfCommerce":""},"payment":{"priceRange":"","currenciesAccepted":"","methods":""}}},"openingHours":{"useDefaults":true,"show":true,"alwaysOpen":false,"use24hFormat":false,"timezone":"","labels":{"closed":"","alwaysOpen":""},"days":{"monday":{"open24h":false,"closed":false,"openTime":"09:00","closeTime":"17:00"},"tuesday":{"open24h":false,"closed":false,"openTime":"09:00","closeTime":"17:00"},"wednesday":{"open24h":false,"closed":false,"openTime":"09:00","closeTime":"17:00"},"thursday":{"open24h":false,"closed":false,"openTime":"09:00","closeTime":"17:00"},"friday":{"open24h":false,"closed":false,"openTime":"09:00","closeTime":"17:00"},"saturday":{"open24h":false,"closed":false,"openTime":"09:00","closeTime":"17:00"},"sunday":{"open24h":false,"closed":false,"openTime":"09:00","closeTime":"17:00"}}}},"seo_analyzer_scan_date":"2026-07-18 20:01:40","breadcrumb_settings":null,"limit_modified_date":false,"open_ai":null,"ai":null,"created":"2021-06-17 08:26:26","updated":"2026-07-18 20:01:40","focus_keyword":"\u00c1ngel de la Calle","additional_keywords":[{"word":"Premio Alfonso Iglesias","score":83}],"truseo_locale":null},"aioseo_breadcrumb":"<div class=\"aioseo-breadcrumbs\"><span class=\"aioseo-breadcrumb\">\n\t<a href=\"https:\/\/www.eldigitaldeasturias.com\/noticias\" title=\"Home\">Home<\/a>\n<\/span><span class=\"aioseo-breadcrumb-separator\">\u2013<\/span><span class=\"aioseo-breadcrumb\">\n\t<a href=\"https:\/\/www.eldigitaldeasturias.com\/noticias\/category\/actualidad-asturias\/\" title=\"Actualidad Asturias\">Actualidad Asturias<\/a>\n<\/span><span class=\"aioseo-breadcrumb-separator\">\u2013<\/span><span class=\"aioseo-breadcrumb\">\n\t<a href=\"https:\/\/www.eldigitaldeasturias.com\/noticias\/angel-de-la-calle-gana-el-premio-alfonso-iglesias-de-comic-en-asturiano\/\" title=\"\u00c1ngel de la Calle gana el Premio Alfonso Iglesias de c\u00f3mic en asturiano\">\u00c1ngel de la Calle gana el Premio Alfonso Iglesias de c\u00f3mic en asturiano<\/a>\n<\/span><\/div>","aioseo_breadcrumb_json":[{"label":"Home","link":"https:\/\/www.eldigitaldeasturias.com\/noticias"},{"label":"Actualidad Asturias","link":"https:\/\/www.eldigitaldeasturias.com\/noticias\/category\/actualidad-asturias\/"},{"label":"\u00c1ngel de la Calle gana el Premio Alfonso Iglesias de c\u00f3mic en asturiano","link":"https:\/\/www.eldigitaldeasturias.com\/noticias\/angel-de-la-calle-gana-el-premio-alfonso-iglesias-de-comic-en-asturiano\/"}],"_links":{"self":[{"href":"https:\/\/www.eldigitaldeasturias.com\/noticias\/wp-json\/wp\/v2\/posts\/1093905","targetHints":{"allow":["GET"]}}],"collection":[{"href":"https:\/\/www.eldigitaldeasturias.com\/noticias\/wp-json\/wp\/v2\/posts"}],"about":[{"href":"https:\/\/www.eldigitaldeasturias.com\/noticias\/wp-json\/wp\/v2\/types\/post"}],"author":[{"embeddable":true,"href":"https:\/\/www.eldigitaldeasturias.com\/noticias\/wp-json\/wp\/v2\/users\/1"}],"replies":[{"embeddable":true,"href":"https:\/\/www.eldigitaldeasturias.com\/noticias\/wp-json\/wp\/v2\/comments?post=1093905"}],"version-history":[{"count":0,"href":"https:\/\/www.eldigitaldeasturias.com\/noticias\/wp-json\/wp\/v2\/posts\/1093905\/revisions"}],"wp:attachment":[{"href":"https:\/\/www.eldigitaldeasturias.com\/noticias\/wp-json\/wp\/v2\/media?parent=1093905"}],"wp:term":[{"taxonomy":"category","embeddable":true,"href":"https:\/\/www.eldigitaldeasturias.com\/noticias\/wp-json\/wp\/v2\/categories?post=1093905"},{"taxonomy":"post_tag","embeddable":true,"href":"https:\/\/www.eldigitaldeasturias.com\/noticias\/wp-json\/wp\/v2\/tags?post=1093905"}],"curies":[{"name":"wp","href":"https:\/\/api.w.org\/{rel}","templated":true}]}}