{"id":1093857,"date":"2021-06-16T20:35:48","date_gmt":"2021-06-16T19:35:48","guid":{"rendered":"https:\/\/www.eldigitaldeasturias.com\/noticias\/?p=1093857"},"modified":"2021-06-16T20:35:48","modified_gmt":"2021-06-16T19:35:48","slug":"leal-voto-a-favor-de-las-enmiendas-de-proyecto-de-ley-de-salud-de-asturias","status":"publish","type":"post","link":"https:\/\/www.eldigitaldeasturias.com\/noticias\/leal-voto-a-favor-de-las-enmiendas-de-proyecto-de-ley-de-salud-de-asturias\/","title":{"rendered":"Leal vot\u00f3 a favor de las enmiendas de proyecto de Ley de Salud de Asturias"},"content":{"rendered":"<p><img loading=\"lazy\" decoding=\"async\" class=\"alignleft size-medium wp-image-1093505\" src=\"https:\/\/www.eldigitaldeasturias.com\/noticias\/wp-content\/uploads\/2021\/06\/Leal-360x292.jpg\" alt=\"\" width=\"360\" height=\"292\" \/>El portavoz adjunto de FORO en la Junta General, Pedro Leal, durante la celebraci\u00f3n de la sesi\u00f3n plenaria de hoy en el parlamento asturiano ha votado a favor de las enmiendas de totalidad presentadas frente al proyecto de Ley de primera modificaci\u00f3n de la Ley PPAA 7\/2019, de 29 de marzo de Salud, para reforzar el Sistema de Salud del Principado de Asturias.<\/p>\n<p>\u201cPor encima de todo tengo principios y no traiciono a los votantes que me eligieron como diputado; ante la intolerable ausencia de una enmienda de totalidad del Grupo FORO, votar\u00e9 a favor de las enmiendas a la totalidad de otros grupos a la modificaci\u00f3n de la Ley 7\/2019 de Salud\u201d, manifest\u00f3.<\/p>\n<p>El diputado se\u00f1al\u00f3 que \u201cla propuesta de Adri\u00e1n Barb\u00f3n invade competencias estatales y s\u00f3lo sirve para camuflar la inacci\u00f3n de Pedro S\u00e1nchez en elaborar una legislaci\u00f3n sanitaria b\u00e1sica igual y homog\u00e9nea para todo el Estado\u201d.<\/p>\n<p>Record\u00f3 que \u201cnuestra Constituci\u00f3n establece en el art. 149.1.16\u00aa que es competencia exclusiva del estado las bases y coordinaci\u00f3n general de la sanidad, es decir, los criterios generales de regulaci\u00f3n del sector sanitario, y con ello elaborar la normativa dirigida a los objetivos, fines y orientaciones generales para todo el Estado exigidos por la unidad del mismo y por la igualdad sustancial de todos sus miembros, que supone el l\u00edmite dentro del cual tienen que moverse los \u00f3rganos de las comunidades aut\u00f3nomas en el ejercicio de sus competencias, como reiteradamente reconoce la doctrina constitucional espa\u00f1ola, l\u00edmites que est\u00e1 sobrepasando la modificaci\u00f3n legal que el gobierno de Asturias trae a la C\u00e1mara\u201d.<br \/>\nEl diputado del grupo parlamentario FORO Asturias explic\u00f3 que \u201cuna CCAA, en este caso Asturias, no puede establecer reglas diferentes a las estatales, cuando ha sido el gobierno de Espa\u00f1a quien ha declinado actualizar la legislaci\u00f3n sanitaria, y el gobierno de Asturias acude a su rescate, como fiel gregario\u201d y a\u00f1adi\u00f3 que \u201cesta iniciativa legislativa s\u00f3lo busca aparentar que Barb\u00f3n hace algo para combatir la pandemia, trascurrido m\u00e1s de un a\u00f1o despu\u00e9s, cuando en realidad es consciente que tendr\u00e1 una nula o escasa efectividad\u201d.<\/p>\n<p>El portavoz adjunto de FORO en la Junta General indic\u00f3 que \u201cla nueva regulaci\u00f3n establece un procedimiento para regular la figura de la `emergencia por crisis sanitaria\u00b4, que imita y recuerda la din\u00e1mica establecida en las pr\u00f3rrogas del estado de alarma en las Cortes, en la misma l\u00ednea de copiar la estrategia de Pedro S\u00e1nchez que ha fracasado estrepitosamente en la gesti\u00f3n de la pandemia y no es el ejemplo a seguir, introduciendo conceptos jur\u00eddicos indeterminados y confusos, como los t\u00e9rminos \u201crepercusi\u00f3n transversal importante\u201d, \u201cproblema\u201d \u201cimpacto transversal\u201d que generan inseguridad jur\u00eddica adem\u00e1s de introducir un procedimiento m\u00e1s lento, m\u00e1s farragoso, nada din\u00e1mico en la resoluci\u00f3n de emergencias sanitarias que lo que el tiempo ha demostrado lo que requieren es agilidad y rapidez en la toma de decisiones\u201d.<\/p>\n<p>Pedro Leal concluy\u00f3 \u201cesta modificaci\u00f3n legal s\u00f3lo pretende satisfacer a Barb\u00f3n en buscar una f\u00f3rmula que le pueda facultar a suspender derechos fundamentales como el de libertad de circulaci\u00f3n, decretar confinamientos indiscriminados y toques de queda, medidas para las que no ostenta atribuciones constitucionales y que echa de menos el Presidente de Asturias desde que ces\u00f3 la vigencia del estado alarma decretado por el gobierno de Espa\u00f1a\u201d.<\/p>\n<p>&nbsp;<\/p>\n","protected":false},"excerpt":{"rendered":"<p>El portavoz adjunto de FORO en la Junta General, Pedro Leal, durante la celebraci\u00f3n de la sesi\u00f3n plenaria de hoy en el parlamento asturiano ha votado a favor de las enmiendas de totalidad presentadas frente al proyecto de Ley de primera modificaci\u00f3n de la Ley PPAA 7\/2019, de 29 de marzo de Salud, para reforzar [&hellip;]<\/p>\n","protected":false},"author":1,"featured_media":1093505,"comment_status":"closed","ping_status":"closed","sticky":false,"template":"","format":"standard","meta":{"footnotes":""},"categories":[12],"tags":[],"class_list":["post-1093857","post","type-post","status-publish","format-standard","has-post-thumbnail","hentry","category-actualidad-asturias"],"aioseo_notices":[],"aioseo_head":"\n\t\t<!-- All in One SEO Pro 5.0.1 - aioseo.com -->\n\t<meta name=\"description\" content=\"El portavoz adjunto de FORO en la Junta General, Pedro Leal, durante la celebraci\u00f3n de la sesi\u00f3n plenaria de hoy en el parlamento asturiano ha votado ..\" \/>\n\t<meta name=\"robots\" content=\"max-image-preview:large\" \/>\n\t<meta name=\"author\" content=\"El Digital de Asturias\"\/>\n\t<meta name=\"google-site-verification\" content=\"UA-38556648-1\" \/>\n\t<meta name=\"msvalidate.01\" content=\"7dfe9f3f1b24437ab69f4f2559babe99\" \/>\n\t<meta name=\"keywords\" content=\"foro,asturias,leal,actualidad asturias\" \/>\n\t<link rel=\"canonical\" href=\"https:\/\/www.eldigitaldeasturias.com\/noticias\/leal-voto-a-favor-de-las-enmiendas-de-proyecto-de-ley-de-salud-de-asturias\/\" \/>\n\t<meta name=\"generator\" content=\"All in One SEO Pro (AIOSEO) 5.0.1\" \/>\n\t\t<meta property=\"og:locale\" content=\"es_ES\" \/>\n\t\t<meta property=\"og:site_name\" content=\"El Digital de Asturias\" \/>\n\t\t<meta property=\"og:type\" content=\"article\" \/>\n\t\t<meta property=\"og:title\" content=\"Leal vot\u00f3 a favor de las enmiendas de proyecto de Ley de Salud de Asturias - El Digital de Asturias\" \/>\n\t\t<meta property=\"og:description\" content=\"El portavoz adjunto de FORO en la Junta General, Pedro Leal, durante la celebraci\u00f3n de la sesi\u00f3n plenaria de hoy en el parlamento asturiano ha votado ..\" \/>\n\t\t<meta property=\"og:url\" content=\"https:\/\/www.eldigitaldeasturias.com\/noticias\/leal-voto-a-favor-de-las-enmiendas-de-proyecto-de-ley-de-salud-de-asturias\/\" \/>\n\t\t<meta property=\"article:tag\" content=\"foro\" \/>\n\t\t<meta property=\"article:tag\" content=\"asturias\" \/>\n\t\t<meta property=\"article:tag\" content=\"leal\" \/>\n\t\t<meta property=\"article:tag\" content=\"actualidad asturias\" \/>\n\t\t<meta property=\"article:published_time\" content=\"2021-06-16T19:35:48+00:00\" \/>\n\t\t<meta property=\"article:modified_time\" content=\"2021-06-16T19:35:48+00:00\" \/>\n\t\t<meta property=\"article:publisher\" content=\"https:\/\/facebook.com\/eldigitaldeasturias\" \/>\n\t\t<meta name=\"twitter:card\" content=\"summary_large_image\" \/>\n\t\t<meta name=\"twitter:title\" content=\"Leal vot\u00f3 a favor de las enmiendas de proyecto de Ley de Salud de Asturias - El Digital de Asturias\" \/>\n\t\t<meta name=\"twitter:description\" content=\"El portavoz adjunto de FORO en la Junta General, Pedro Leal, durante la celebraci\u00f3n de la sesi\u00f3n plenaria de hoy en el parlamento asturiano ha votado ..\" \/>\n\t\t<meta name=\"twitter:image\" content=\"https:\/\/www.eldigitaldeasturias.com\/noticias\/wp-content\/uploads\/2020\/12\/EDA-1.jpg\" \/>\n\t\t<meta name=\"twitter:label1\" content=\"Escrito por\" \/>\n\t\t<meta name=\"twitter:data1\" content=\"El Digital de Asturias\" \/>\n\t\t<meta name=\"twitter:label2\" content=\"Tiempo de lectura estimado\" \/>\n\t\t<meta name=\"twitter:data2\" content=\"3 minutos\" \/>\n\t\t<script type=\"application\/ld+json\" class=\"aioseo-schema\">\n\t\t\t{\"@context\":\"https:\\\/\\\/schema.org\",\"@graph\":[{\"@type\":\"BlogPosting\",\"@id\":\"https:\\\/\\\/www.eldigitaldeasturias.com\\\/noticias\\\/leal-voto-a-favor-de-las-enmiendas-de-proyecto-de-ley-de-salud-de-asturias\\\/#blogposting\",\"name\":\"Leal vot\\u00f3 a favor de las enmiendas de proyecto de Ley de Salud de Asturias - El Digital de Asturias\",\"headline\":\"Leal vot\\u00f3 a favor de las enmiendas de proyecto de Ley de Salud de Asturias\",\"author\":{\"@id\":\"https:\\\/\\\/www.eldigitaldeasturias.com\\\/noticias\\\/author\\\/admin\\\/#author\"},\"publisher\":{\"@id\":\"https:\\\/\\\/www.eldigitaldeasturias.com\\\/noticias\\\/#organization\"},\"image\":{\"@type\":\"ImageObject\",\"url\":1093505},\"datePublished\":\"2021-06-16T20:35:48+02:00\",\"dateModified\":\"2021-06-16T20:35:48+02:00\",\"inLanguage\":\"es-ES\",\"mainEntityOfPage\":{\"@id\":\"https:\\\/\\\/www.eldigitaldeasturias.com\\\/noticias\\\/leal-voto-a-favor-de-las-enmiendas-de-proyecto-de-ley-de-salud-de-asturias\\\/#webpage\"},\"isPartOf\":{\"@id\":\"https:\\\/\\\/www.eldigitaldeasturias.com\\\/noticias\\\/leal-voto-a-favor-de-las-enmiendas-de-proyecto-de-ley-de-salud-de-asturias\\\/#webpage\"},\"articleSection\":\"Actualidad Asturias\"},{\"@type\":\"BreadcrumbList\",\"@id\":\"https:\\\/\\\/www.eldigitaldeasturias.com\\\/noticias\\\/leal-voto-a-favor-de-las-enmiendas-de-proyecto-de-ley-de-salud-de-asturias\\\/#breadcrumblist\",\"itemListElement\":[{\"@type\":\"ListItem\",\"@id\":\"https:\\\/\\\/www.eldigitaldeasturias.com\\\/noticias#listItem\",\"position\":1,\"name\":\"Home\",\"item\":\"https:\\\/\\\/www.eldigitaldeasturias.com\\\/noticias\",\"nextItem\":{\"@type\":\"ListItem\",\"@id\":\"https:\\\/\\\/www.eldigitaldeasturias.com\\\/noticias\\\/category\\\/actualidad-asturias\\\/#listItem\",\"name\":\"Actualidad Asturias\"}},{\"@type\":\"ListItem\",\"@id\":\"https:\\\/\\\/www.eldigitaldeasturias.com\\\/noticias\\\/category\\\/actualidad-asturias\\\/#listItem\",\"position\":2,\"name\":\"Actualidad Asturias\",\"item\":\"https:\\\/\\\/www.eldigitaldeasturias.com\\\/noticias\\\/category\\\/actualidad-asturias\\\/\",\"nextItem\":{\"@type\":\"ListItem\",\"@id\":\"https:\\\/\\\/www.eldigitaldeasturias.com\\\/noticias\\\/leal-voto-a-favor-de-las-enmiendas-de-proyecto-de-ley-de-salud-de-asturias\\\/#listItem\",\"name\":\"Leal vot\\u00f3 a favor de las enmiendas de proyecto de Ley de Salud de Asturias\"},\"previousItem\":{\"@type\":\"ListItem\",\"@id\":\"https:\\\/\\\/www.eldigitaldeasturias.com\\\/noticias#listItem\",\"name\":\"Home\"}},{\"@type\":\"ListItem\",\"@id\":\"https:\\\/\\\/www.eldigitaldeasturias.com\\\/noticias\\\/leal-voto-a-favor-de-las-enmiendas-de-proyecto-de-ley-de-salud-de-asturias\\\/#listItem\",\"position\":3,\"name\":\"Leal vot\\u00f3 a favor de las enmiendas de proyecto de Ley de Salud de Asturias\",\"previousItem\":{\"@type\":\"ListItem\",\"@id\":\"https:\\\/\\\/www.eldigitaldeasturias.com\\\/noticias\\\/category\\\/actualidad-asturias\\\/#listItem\",\"name\":\"Actualidad Asturias\"}}]},{\"@type\":\"Organization\",\"@id\":\"https:\\\/\\\/www.eldigitaldeasturias.com\\\/noticias\\\/#organization\",\"name\":\"El Digital de Asturias\",\"description\":\"Hemeroteca\",\"url\":\"https:\\\/\\\/www.eldigitaldeasturias.com\\\/noticias\\\/\",\"email\":\"info@eldigitaldeasturias.com\",\"telephone\":\"+34652131393\",\"logo\":{\"@type\":\"ImageObject\",\"url\":\"https:\\\/\\\/www.eldigitaldeasturias.com\\\/noticias\\\/wp-content\\\/uploads\\\/2020\\\/12\\\/EDA.jpg\",\"@id\":\"https:\\\/\\\/www.eldigitaldeasturias.com\\\/noticias\\\/leal-voto-a-favor-de-las-enmiendas-de-proyecto-de-ley-de-salud-de-asturias\\\/#organizationLogo\"},\"image\":{\"@id\":\"https:\\\/\\\/www.eldigitaldeasturias.com\\\/noticias\\\/leal-voto-a-favor-de-las-enmiendas-de-proyecto-de-ley-de-salud-de-asturias\\\/#organizationLogo\"},\"sameAs\":[\"https:\\\/\\\/facebook.com\\\/eldigitaldeasturias\",\"https:\\\/\\\/www.youtube.com\\\/channel\\\/UCZP-2wLEB9Rv6erhFmqVnvg\"],\"address\":{\"@id\":\"https:\\\/\\\/www.eldigitaldeasturias.com\\\/noticias\\\/#postaladdress\",\"@type\":\"PostalAddress\",\"streetAddress\":\"san antonio 4\",\"postalCode\":\"33430\",\"addressLocality\":\"Cand\\u00e1s\",\"addressRegion\":\"Asturias\",\"addressCountry\":\"ES\"}},{\"@type\":\"Person\",\"@id\":\"https:\\\/\\\/www.eldigitaldeasturias.com\\\/noticias\\\/author\\\/admin\\\/#author\",\"url\":\"https:\\\/\\\/www.eldigitaldeasturias.com\\\/noticias\\\/author\\\/admin\\\/\",\"name\":\"El Digital de Asturias\",\"image\":{\"@type\":\"ImageObject\",\"@id\":\"https:\\\/\\\/www.eldigitaldeasturias.com\\\/noticias\\\/leal-voto-a-favor-de-las-enmiendas-de-proyecto-de-ley-de-salud-de-asturias\\\/#authorImage\",\"url\":\"https:\\\/\\\/secure.gravatar.com\\\/avatar\\\/df2aeffc32bcd13f8d26072ef8a91b623d677766deac7f97ca815868cd41bf5e?s=96&d=mm&r=g\",\"width\":96,\"height\":96,\"caption\":\"El Digital de Asturias\"}},{\"@type\":\"WebPage\",\"@id\":\"https:\\\/\\\/www.eldigitaldeasturias.com\\\/noticias\\\/leal-voto-a-favor-de-las-enmiendas-de-proyecto-de-ley-de-salud-de-asturias\\\/#webpage\",\"url\":\"https:\\\/\\\/www.eldigitaldeasturias.com\\\/noticias\\\/leal-voto-a-favor-de-las-enmiendas-de-proyecto-de-ley-de-salud-de-asturias\\\/\",\"name\":\"Leal vot\\u00f3 a favor de las enmiendas de proyecto de Ley de Salud de Asturias - El Digital de Asturias\",\"description\":\"El portavoz adjunto de FORO en la Junta General, Pedro Leal, durante la celebraci\\u00f3n de la sesi\\u00f3n plenaria de hoy en el parlamento asturiano ha votado ..\",\"inLanguage\":\"es-ES\",\"isPartOf\":{\"@id\":\"https:\\\/\\\/www.eldigitaldeasturias.com\\\/noticias\\\/#website\"},\"breadcrumb\":{\"@id\":\"https:\\\/\\\/www.eldigitaldeasturias.com\\\/noticias\\\/leal-voto-a-favor-de-las-enmiendas-de-proyecto-de-ley-de-salud-de-asturias\\\/#breadcrumblist\"},\"author\":{\"@id\":\"https:\\\/\\\/www.eldigitaldeasturias.com\\\/noticias\\\/author\\\/admin\\\/#author\"},\"creator\":{\"@id\":\"https:\\\/\\\/www.eldigitaldeasturias.com\\\/noticias\\\/author\\\/admin\\\/#author\"},\"image\":{\"@type\":\"ImageObject\",\"url\":1093505,\"@id\":\"https:\\\/\\\/www.eldigitaldeasturias.com\\\/noticias\\\/leal-voto-a-favor-de-las-enmiendas-de-proyecto-de-ley-de-salud-de-asturias\\\/#mainImage\"},\"primaryImageOfPage\":{\"@id\":\"https:\\\/\\\/www.eldigitaldeasturias.com\\\/noticias\\\/leal-voto-a-favor-de-las-enmiendas-de-proyecto-de-ley-de-salud-de-asturias\\\/#mainImage\"},\"datePublished\":\"2021-06-16T20:35:48+02:00\",\"dateModified\":\"2021-06-16T20:35:48+02:00\"},{\"@type\":\"WebSite\",\"@id\":\"https:\\\/\\\/www.eldigitaldeasturias.com\\\/noticias\\\/#website\",\"url\":\"https:\\\/\\\/www.eldigitaldeasturias.com\\\/noticias\\\/\",\"name\":\"El Digital de Asturias - Diario de actualidad y noticias\",\"alternateName\":\"El Digital de Asturias - Diario de actualidad y noticias\",\"description\":\"Hemeroteca\",\"inLanguage\":\"es-ES\",\"publisher\":{\"@id\":\"https:\\\/\\\/www.eldigitaldeasturias.com\\\/noticias\\\/#organization\"}}]}\n\t\t<\/script>\n\t\t<!-- All in One SEO Pro -->\r\n\t\t<title>Leal vot\u00f3 a favor de las enmiendas de proyecto de Ley de Salud de Asturias - El Digital de Asturias<\/title>\n\n","aioseo_head_json":{"title":"Leal vot\u00f3 a favor de las enmiendas de proyecto de Ley de Salud de Asturias - El Digital de Asturias","description":"El portavoz adjunto de FORO en la Junta General, Pedro Leal, durante la celebraci\u00f3n de la sesi\u00f3n plenaria de hoy en el parlamento asturiano ha votado ..","canonical_url":"https:\/\/www.eldigitaldeasturias.com\/noticias\/leal-voto-a-favor-de-las-enmiendas-de-proyecto-de-ley-de-salud-de-asturias\/","robots":"max-image-preview:large","keywords":"foro,asturias,leal,actualidad asturias","webmasterTools":{"google-site-verification":"UA-38556648-1","msvalidate.01":"7dfe9f3f1b24437ab69f4f2559babe99","miscellaneous":""},"schema":{"@context":"https:\/\/schema.org","@graph":[{"@type":"BlogPosting","@id":"https:\/\/www.eldigitaldeasturias.com\/noticias\/leal-voto-a-favor-de-las-enmiendas-de-proyecto-de-ley-de-salud-de-asturias\/#blogposting","name":"Leal vot\u00f3 a favor de las enmiendas de proyecto de Ley de Salud de Asturias - El Digital de Asturias","headline":"Leal vot\u00f3 a favor de las enmiendas de proyecto de Ley de Salud de Asturias","author":{"@id":"https:\/\/www.eldigitaldeasturias.com\/noticias\/author\/admin\/#author"},"publisher":{"@id":"https:\/\/www.eldigitaldeasturias.com\/noticias\/#organization"},"image":{"@type":"ImageObject","url":1093505},"datePublished":"2021-06-16T20:35:48+02:00","dateModified":"2021-06-16T20:35:48+02:00","inLanguage":"es-ES","mainEntityOfPage":{"@id":"https:\/\/www.eldigitaldeasturias.com\/noticias\/leal-voto-a-favor-de-las-enmiendas-de-proyecto-de-ley-de-salud-de-asturias\/#webpage"},"isPartOf":{"@id":"https:\/\/www.eldigitaldeasturias.com\/noticias\/leal-voto-a-favor-de-las-enmiendas-de-proyecto-de-ley-de-salud-de-asturias\/#webpage"},"articleSection":"Actualidad Asturias"},{"@type":"BreadcrumbList","@id":"https:\/\/www.eldigitaldeasturias.com\/noticias\/leal-voto-a-favor-de-las-enmiendas-de-proyecto-de-ley-de-salud-de-asturias\/#breadcrumblist","itemListElement":[{"@type":"ListItem","@id":"https:\/\/www.eldigitaldeasturias.com\/noticias#listItem","position":1,"name":"Home","item":"https:\/\/www.eldigitaldeasturias.com\/noticias","nextItem":{"@type":"ListItem","@id":"https:\/\/www.eldigitaldeasturias.com\/noticias\/category\/actualidad-asturias\/#listItem","name":"Actualidad Asturias"}},{"@type":"ListItem","@id":"https:\/\/www.eldigitaldeasturias.com\/noticias\/category\/actualidad-asturias\/#listItem","position":2,"name":"Actualidad Asturias","item":"https:\/\/www.eldigitaldeasturias.com\/noticias\/category\/actualidad-asturias\/","nextItem":{"@type":"ListItem","@id":"https:\/\/www.eldigitaldeasturias.com\/noticias\/leal-voto-a-favor-de-las-enmiendas-de-proyecto-de-ley-de-salud-de-asturias\/#listItem","name":"Leal vot\u00f3 a favor de las enmiendas de proyecto de Ley de Salud de Asturias"},"previousItem":{"@type":"ListItem","@id":"https:\/\/www.eldigitaldeasturias.com\/noticias#listItem","name":"Home"}},{"@type":"ListItem","@id":"https:\/\/www.eldigitaldeasturias.com\/noticias\/leal-voto-a-favor-de-las-enmiendas-de-proyecto-de-ley-de-salud-de-asturias\/#listItem","position":3,"name":"Leal vot\u00f3 a favor de las enmiendas de proyecto de Ley de Salud de Asturias","previousItem":{"@type":"ListItem","@id":"https:\/\/www.eldigitaldeasturias.com\/noticias\/category\/actualidad-asturias\/#listItem","name":"Actualidad Asturias"}}]},{"@type":"Organization","@id":"https:\/\/www.eldigitaldeasturias.com\/noticias\/#organization","name":"El Digital de Asturias","description":"Hemeroteca","url":"https:\/\/www.eldigitaldeasturias.com\/noticias\/","email":"info@eldigitaldeasturias.com","telephone":"+34652131393","logo":{"@type":"ImageObject","url":"https:\/\/www.eldigitaldeasturias.com\/noticias\/wp-content\/uploads\/2020\/12\/EDA.jpg","@id":"https:\/\/www.eldigitaldeasturias.com\/noticias\/leal-voto-a-favor-de-las-enmiendas-de-proyecto-de-ley-de-salud-de-asturias\/#organizationLogo"},"image":{"@id":"https:\/\/www.eldigitaldeasturias.com\/noticias\/leal-voto-a-favor-de-las-enmiendas-de-proyecto-de-ley-de-salud-de-asturias\/#organizationLogo"},"sameAs":["https:\/\/facebook.com\/eldigitaldeasturias","https:\/\/www.youtube.com\/channel\/UCZP-2wLEB9Rv6erhFmqVnvg"],"address":{"@id":"https:\/\/www.eldigitaldeasturias.com\/noticias\/#postaladdress","@type":"PostalAddress","streetAddress":"san antonio 4","postalCode":"33430","addressLocality":"Cand\u00e1s","addressRegion":"Asturias","addressCountry":"ES"}},{"@type":"Person","@id":"https:\/\/www.eldigitaldeasturias.com\/noticias\/author\/admin\/#author","url":"https:\/\/www.eldigitaldeasturias.com\/noticias\/author\/admin\/","name":"El Digital de Asturias","image":{"@type":"ImageObject","@id":"https:\/\/www.eldigitaldeasturias.com\/noticias\/leal-voto-a-favor-de-las-enmiendas-de-proyecto-de-ley-de-salud-de-asturias\/#authorImage","url":"https:\/\/secure.gravatar.com\/avatar\/df2aeffc32bcd13f8d26072ef8a91b623d677766deac7f97ca815868cd41bf5e?s=96&d=mm&r=g","width":96,"height":96,"caption":"El Digital de Asturias"}},{"@type":"WebPage","@id":"https:\/\/www.eldigitaldeasturias.com\/noticias\/leal-voto-a-favor-de-las-enmiendas-de-proyecto-de-ley-de-salud-de-asturias\/#webpage","url":"https:\/\/www.eldigitaldeasturias.com\/noticias\/leal-voto-a-favor-de-las-enmiendas-de-proyecto-de-ley-de-salud-de-asturias\/","name":"Leal vot\u00f3 a favor de las enmiendas de proyecto de Ley de Salud de Asturias - El Digital de Asturias","description":"El portavoz adjunto de FORO en la Junta General, Pedro Leal, durante la celebraci\u00f3n de la sesi\u00f3n plenaria de hoy en el parlamento asturiano ha votado ..","inLanguage":"es-ES","isPartOf":{"@id":"https:\/\/www.eldigitaldeasturias.com\/noticias\/#website"},"breadcrumb":{"@id":"https:\/\/www.eldigitaldeasturias.com\/noticias\/leal-voto-a-favor-de-las-enmiendas-de-proyecto-de-ley-de-salud-de-asturias\/#breadcrumblist"},"author":{"@id":"https:\/\/www.eldigitaldeasturias.com\/noticias\/author\/admin\/#author"},"creator":{"@id":"https:\/\/www.eldigitaldeasturias.com\/noticias\/author\/admin\/#author"},"image":{"@type":"ImageObject","url":1093505,"@id":"https:\/\/www.eldigitaldeasturias.com\/noticias\/leal-voto-a-favor-de-las-enmiendas-de-proyecto-de-ley-de-salud-de-asturias\/#mainImage"},"primaryImageOfPage":{"@id":"https:\/\/www.eldigitaldeasturias.com\/noticias\/leal-voto-a-favor-de-las-enmiendas-de-proyecto-de-ley-de-salud-de-asturias\/#mainImage"},"datePublished":"2021-06-16T20:35:48+02:00","dateModified":"2021-06-16T20:35:48+02:00"},{"@type":"WebSite","@id":"https:\/\/www.eldigitaldeasturias.com\/noticias\/#website","url":"https:\/\/www.eldigitaldeasturias.com\/noticias\/","name":"El Digital de Asturias - Diario de actualidad y noticias","alternateName":"El Digital de Asturias - Diario de actualidad y noticias","description":"Hemeroteca","inLanguage":"es-ES","publisher":{"@id":"https:\/\/www.eldigitaldeasturias.com\/noticias\/#organization"}}]},"og:locale":"es_ES","og:site_name":"El Digital de Asturias","og:type":"article","og:title":"Leal vot\u00f3 a favor de las enmiendas de proyecto de Ley de Salud de Asturias - El Digital de Asturias","og:description":"El portavoz adjunto de FORO en la Junta General, Pedro Leal, durante la celebraci\u00f3n de la sesi\u00f3n plenaria de hoy en el parlamento asturiano ha votado ..","og:url":"https:\/\/www.eldigitaldeasturias.com\/noticias\/leal-voto-a-favor-de-las-enmiendas-de-proyecto-de-ley-de-salud-de-asturias\/","article:tag":["foro","asturias","leal","actualidad asturias"],"article:published_time":"2021-06-16T19:35:48+00:00","article:modified_time":"2021-06-16T19:35:48+00:00","article:publisher":"https:\/\/facebook.com\/eldigitaldeasturias","twitter:card":"summary_large_image","twitter:title":"Leal vot\u00f3 a favor de las enmiendas de proyecto de Ley de Salud de Asturias - El Digital de Asturias","twitter:description":"El portavoz adjunto de FORO en la Junta General, Pedro Leal, durante la celebraci\u00f3n de la sesi\u00f3n plenaria de hoy en el parlamento asturiano ha votado ..","twitter:image":"https:\/\/www.eldigitaldeasturias.com\/noticias\/wp-content\/uploads\/2020\/12\/EDA-1.jpg","twitter:label1":"Escrito por","twitter:data1":"El Digital de Asturias","twitter:label2":"Tiempo de lectura estimado","twitter:data2":"3 minutos"},"aioseo_meta_data":{"post_id":"1093857","title":null,"description":"El portavoz adjunto de FORO en la Junta General, Pedro Leal, durante la celebraci\u00f3n de la sesi\u00f3n plenaria de hoy en el parlamento asturiano ha votado ..","keywords":[{"label":"FORO","value":"FORO"},{"label":"Asturias","value":"Asturias"},{"label":"Leal","value":"Leal"}],"keyphrases":{"focus":{"keyphrase":"Pedro Leal","score":68,"analysis":{"keyphraseInTitle":{"title":"Frase clave objetivo en el t\u00edtulo SEO","description":"Frase clave objetivo no se encuentra en el t\u00edtulo SEO.","score":3,"maxScore":9,"error":1},"keyphraseInDescription":{"title":"Frase clave objetivo en la meta descripci\u00f3n","description":"Frase clave objetivo encontrada en la meta descripci\u00f3n.","score":9,"maxScore":9,"error":0},"keyphraseInURL":{"title":"Frase clave objetivo en la URL","description":"Frase clave objetivo no encontrada en la URL.","score":1,"maxScore":5,"error":1},"keyphraseInIntroduction":{"title":"Frase clave objetivo en la introducci\u00f3n","description":"Su Frase clave objetivo aparece en el primer p\u00e1rrafo. \u00a1Bien hecho!","score":9,"maxScore":9,"error":0},"keyphraseInSubHeadings":[],"keyphraseLength":{"title":"Longitud de la Frase clave objetivo","description":"\u00a1Buen trabajo!","score":9,"maxScore":9,"error":0,"length":2},"keyphraseInImageAlt":{"title":"Frase clave objetivo en los atributos alt de la imagen.","description":"Frase clave objetivo no se encuentra en los atributos alt de la imagen. A\u00f1ada una imagen con su Frase clave objetivo como texto alternativo.","score":3,"maxScore":9,"error":1}}},"additional":[{"keyphrase":"Leal","score":83,"analysis":{"keyphraseInDescription":{"title":"Frase clave en la meta descripci\u00f3n","description":"Frase clave encontrada en la meta descripci\u00f3n.","score":9,"maxScore":9,"error":0},"keyphraseInIntroduction":{"title":"Frase clave en la introducci\u00f3n","description":"Su Frase clave aparece en el primer p\u00e1rrafo. \u00a1Bien hecho!","score":9,"maxScore":9,"error":0},"keyphraseInImageAlt":{"title":"Frase clave en los atributos alt de la imagen.","description":"Frase clave no se encuentra en los atributos alt de la imagen. A\u00f1ada una imagen con su Frase clave como texto alternativo.","score":3,"maxScore":9,"error":1},"keyphraseLength":{"title":"Longitud de la Frase clave","description":"\u00a1Buen trabajo!","score":9,"maxScore":9,"error":0,"length":1}}},{"keyphrase":"FORO","score":83,"analysis":{"keyphraseInDescription":{"title":"Frase clave en la meta descripci\u00f3n","description":"Frase clave encontrada en la meta descripci\u00f3n.","score":9,"maxScore":9,"error":0},"keyphraseInIntroduction":{"title":"Frase clave en la introducci\u00f3n","description":"Su Frase clave aparece en el primer p\u00e1rrafo. \u00a1Bien hecho!","score":9,"maxScore":9,"error":0},"keyphraseInImageAlt":{"title":"Frase clave en los atributos alt de la imagen.","description":"Frase clave no se encuentra en los atributos alt de la imagen. A\u00f1ada una imagen con su Frase clave como texto alternativo.","score":3,"maxScore":9,"error":1},"keyphraseLength":{"title":"Longitud de la Frase clave","description":"\u00a1Buen trabajo!","score":9,"maxScore":9,"error":0,"length":1}}}]},"primary_term":null,"canonical_url":null,"og_title":null,"og_description":null,"og_object_type":"default","og_image_type":"default","og_image_url":null,"og_image_width":null,"og_image_height":null,"og_image_custom_url":null,"og_image_custom_fields":null,"og_video":"","og_custom_url":null,"og_article_section":null,"og_article_tags":[],"twitter_use_og":false,"twitter_card":"default","twitter_image_type":"default","twitter_image_url":null,"twitter_image_custom_url":null,"twitter_image_custom_fields":null,"twitter_title":null,"twitter_description":null,"schema":{"blockGraphs":[],"customGraphs":[],"default":{"data":{"Article":[],"Course":[],"Dataset":[],"FAQPage":[],"Movie":[],"Person":[],"Product":[],"ProductReview":[],"Car":[],"Recipe":[],"Service":[],"SoftwareApplication":[],"WebPage":[]},"graphName":"","isEnabled":true},"graphs":[],"defaultGraph":"Article","defaultPostTypeGraph":""},"schema_type":"default","schema_type_options":"{\"article\":{\"articleType\":\"BlogPosting\"},\"course\":{\"name\":\"\",\"description\":\"\",\"provider\":\"\"},\"faq\":{\"pages\":[]},\"product\":{\"reviews\":[]},\"recipe\":{\"ingredients\":[],\"instructions\":[],\"keywords\":[]},\"software\":{\"reviews\":[],\"operatingSystems\":[]},\"webPage\":{\"webPageType\":\"WebPage\"}}","pillar_content":false,"robots_default":true,"robots_noindex":false,"robots_noarchive":false,"robots_nosnippet":false,"robots_nofollow":false,"robots_noimageindex":false,"robots_noodp":false,"robots_notranslate":false,"robots_max_snippet":"-1","robots_max_videopreview":"-1","robots_max_imagepreview":"large","priority":null,"frequency":"default","local_seo":{"locations":{"business":{"name":"","businessType":"","image":"","areaServed":"","urls":{"website":"","aboutPage":"","contactPage":""},"address":{"streetLine1":"","streetLine2":"","zipCode":"","city":"","state":"","country":"","addressFormat":"#streetLineOne\n#streetLineTwo\n#city, #state #zipCode"},"contact":{"email":"","phone":"","phoneFormatted":"","fax":"","faxFormatted":""},"ids":{"vat":"","tax":"","chamberOfCommerce":""},"payment":{"priceRange":"","currenciesAccepted":"","methods":""}}},"openingHours":{"useDefaults":true,"show":true,"alwaysOpen":false,"use24hFormat":false,"timezone":"","labels":{"closed":"","alwaysOpen":""},"days":{"monday":{"open24h":false,"closed":false,"openTime":"09:00","closeTime":"17:00"},"tuesday":{"open24h":false,"closed":false,"openTime":"09:00","closeTime":"17:00"},"wednesday":{"open24h":false,"closed":false,"openTime":"09:00","closeTime":"17:00"},"thursday":{"open24h":false,"closed":false,"openTime":"09:00","closeTime":"17:00"},"friday":{"open24h":false,"closed":false,"openTime":"09:00","closeTime":"17:00"},"saturday":{"open24h":false,"closed":false,"openTime":"09:00","closeTime":"17:00"},"sunday":{"open24h":false,"closed":false,"openTime":"09:00","closeTime":"17:00"}}}},"seo_analyzer_scan_date":"2026-07-18 19:27:30","breadcrumb_settings":null,"limit_modified_date":false,"open_ai":null,"ai":null,"created":"2021-06-16 19:32:50","updated":"2026-07-18 19:27:30","focus_keyword":"Pedro Leal","additional_keywords":[{"word":"Leal","score":83},{"word":"FORO","score":83}],"truseo_locale":null},"aioseo_breadcrumb":"<div class=\"aioseo-breadcrumbs\"><span class=\"aioseo-breadcrumb\">\n\t<a href=\"https:\/\/www.eldigitaldeasturias.com\/noticias\" title=\"Home\">Home<\/a>\n<\/span><span class=\"aioseo-breadcrumb-separator\">\u2013<\/span><span class=\"aioseo-breadcrumb\">\n\t<a href=\"https:\/\/www.eldigitaldeasturias.com\/noticias\/category\/actualidad-asturias\/\" title=\"Actualidad Asturias\">Actualidad Asturias<\/a>\n<\/span><span class=\"aioseo-breadcrumb-separator\">\u2013<\/span><span class=\"aioseo-breadcrumb\">\n\t<a href=\"https:\/\/www.eldigitaldeasturias.com\/noticias\/leal-voto-a-favor-de-las-enmiendas-de-proyecto-de-ley-de-salud-de-asturias\/\" title=\"Leal vot\u00f3 a favor de las enmiendas de proyecto de Ley de Salud de Asturias\">Leal vot\u00f3 a favor de las enmiendas de proyecto de Ley de Salud de Asturias<\/a>\n<\/span><\/div>","aioseo_breadcrumb_json":[{"label":"Home","link":"https:\/\/www.eldigitaldeasturias.com\/noticias"},{"label":"Actualidad Asturias","link":"https:\/\/www.eldigitaldeasturias.com\/noticias\/category\/actualidad-asturias\/"},{"label":"Leal vot\u00f3 a favor de las enmiendas de proyecto de Ley de Salud de Asturias","link":"https:\/\/www.eldigitaldeasturias.com\/noticias\/leal-voto-a-favor-de-las-enmiendas-de-proyecto-de-ley-de-salud-de-asturias\/"}],"_links":{"self":[{"href":"https:\/\/www.eldigitaldeasturias.com\/noticias\/wp-json\/wp\/v2\/posts\/1093857","targetHints":{"allow":["GET"]}}],"collection":[{"href":"https:\/\/www.eldigitaldeasturias.com\/noticias\/wp-json\/wp\/v2\/posts"}],"about":[{"href":"https:\/\/www.eldigitaldeasturias.com\/noticias\/wp-json\/wp\/v2\/types\/post"}],"author":[{"embeddable":true,"href":"https:\/\/www.eldigitaldeasturias.com\/noticias\/wp-json\/wp\/v2\/users\/1"}],"replies":[{"embeddable":true,"href":"https:\/\/www.eldigitaldeasturias.com\/noticias\/wp-json\/wp\/v2\/comments?post=1093857"}],"version-history":[{"count":0,"href":"https:\/\/www.eldigitaldeasturias.com\/noticias\/wp-json\/wp\/v2\/posts\/1093857\/revisions"}],"wp:attachment":[{"href":"https:\/\/www.eldigitaldeasturias.com\/noticias\/wp-json\/wp\/v2\/media?parent=1093857"}],"wp:term":[{"taxonomy":"category","embeddable":true,"href":"https:\/\/www.eldigitaldeasturias.com\/noticias\/wp-json\/wp\/v2\/categories?post=1093857"},{"taxonomy":"post_tag","embeddable":true,"href":"https:\/\/www.eldigitaldeasturias.com\/noticias\/wp-json\/wp\/v2\/tags?post=1093857"}],"curies":[{"name":"wp","href":"https:\/\/api.w.org\/{rel}","templated":true}]}}