{"id":1093854,"date":"2021-06-16T20:31:11","date_gmt":"2021-06-16T19:31:11","guid":{"rendered":"https:\/\/www.eldigitaldeasturias.com\/noticias\/?p=1093854"},"modified":"2021-06-16T20:31:11","modified_gmt":"2021-06-16T19:31:11","slug":"alejandro-calvo-la-prioridad-del-gobierno-de-asturias-son-las-personas","status":"publish","type":"post","link":"https:\/\/www.eldigitaldeasturias.com\/noticias\/alejandro-calvo-la-prioridad-del-gobierno-de-asturias-son-las-personas\/","title":{"rendered":"Alejandro Calvo: La prioridad del Gobierno de Asturias son las personas"},"content":{"rendered":"<p>El consejero de Medio Rural y Cohesi\u00f3n Territorial ha significado que la prioridad del Gobierno de Asturias, son las personas que trabajan en el medio rural.<\/p>\n<p><img loading=\"lazy\" decoding=\"async\" class=\"aligncenter wp-image-1093855 size-large\" src=\"https:\/\/www.eldigitaldeasturias.com\/noticias\/wp-content\/uploads\/2021\/06\/Alejandro-Calvo-690x338.jpg\" alt=\"Alejandro Calvo\" width=\"640\" height=\"314\" \/><\/p>\n<p>Durante su visita a <strong>Cangas del Narcea<\/strong> para abordar la convivencia entre la fauna silvestre y las personas que viven y trabajan en el medio rural, el consejero de Medio Rural y Cohesi\u00f3n Territorial, <strong>Alejandro Calvo, ha informado que el borrador de orden ministerial de inclusi\u00f3n del lobo en el Lespre<\/strong>, contiene presentaci\u00f3n de alegaciones, en las que se defender\u00e1 en los pr\u00f3ximos d\u00edas, el plan de gesti\u00f3n de esta especie en Asturias y se exigir\u00e1n garant\u00edas jur\u00eddicas para continuar aplic\u00e1ndolo en todos sus t\u00e9rminos, incluidos los controles poblacionales.<\/p>\n<p>\u201cEsperamos que el ministerio sea sensible a las distintas peticiones que hacemos desde las comunidades aut\u00f3nomas, ya lo hemos dicho, que si no fuese as\u00ed, al final del recorrido tendr\u00edamos que pedir las medidas cautelares de la aplicaci\u00f3n de la misma y en su caso, un recurso para que no sea efectiva, pero estamos en el punto que est\u00e1bamos, nosotros evidentemente no queremos generar m\u00e1s polarizaci\u00f3n, sabemos que es un tema que genera much\u00edsimo debate, sino que estamos actuando con toda la seriedad y rigor, defendiendo los intereses de Asturias\u201d.<\/p>\n<p>En cuanto a la presencia del oso, Calvo ha reconocido que genera problemas entre el equilibrio de la conservaci\u00f3n de la biodiversidad y la convivencia de la gente que desarrolla una actividad econ\u00f3mica rural en los pueblos, por lo que ha resaltado que <em>\u201cen pocos d\u00edas hemos recibido el visto bueno del ministerio para poder desarrollar un plan. Sab\u00e9is que la intervenci\u00f3n en el oso es muy limitada, poder hacer acciones disuasorias o incluso mover ejemplares que puedan ser problem\u00e1ticos, necesita autorizaci\u00f3n estatal en base a la estrategia nacional, ya la tenemos y vamos a actuar con todo el rigor\u201d<\/em>.<\/p>\n<p>El consejero de Medio Rural y Cohesi\u00f3n Territorial ha significado que la prioridad del Gobierno de Asturias, son las personas que trabajan en el medio rural. \u201cTodo nuestro trabajo se centra en que la gente del medio rural pueda seguir teniendo un trabajo como medio de vida con expectativa de futuro y para ello es muy importante rebajar esa tensi\u00f3n\u201d.<\/p>\n<h2>Casos de oseznos dentro de la \u201cnormalidad\u201d<\/h2>\n<p>Sobre el caso de los oseznos abandonados y hallados muertos, el consejero ha explicado que \u201cse centra dentro de la normalidad, en su caso se act\u00faa y se dispone de unos medios para evaluar si hay un riesgo asociado, no hay nada hasta ahora, parece que son muertes accidentales, habr\u00e1 que esperar el desarrollo de las necropsias, pero hay que inscribirlo dentro de esa normalidad que tenemos sobre una gesti\u00f3n que est\u00e1 muy procedimentada, pero ahora donde tenemos el foco es en la convivencia de los pueblos y en los da\u00f1os que se producen y que no aparezca o se polarice un conflicto que nos preocupe\u201d, ha concluido.<\/p>\n","protected":false},"excerpt":{"rendered":"<p>El consejero de Medio Rural y Cohesi\u00f3n Territorial ha significado que la prioridad del Gobierno de Asturias, son las personas que trabajan en el medio rural. Durante su visita a Cangas del Narcea para abordar la convivencia entre la fauna silvestre y las personas que viven y trabajan en el medio rural, el consejero de [&hellip;]<\/p>\n","protected":false},"author":1,"featured_media":1093855,"comment_status":"closed","ping_status":"closed","sticky":false,"template":"","format":"standard","meta":{"footnotes":""},"categories":[12],"tags":[],"class_list":["post-1093854","post","type-post","status-publish","format-standard","has-post-thumbnail","hentry","category-actualidad-asturias"],"aioseo_notices":[],"aioseo_head":"\n\t\t<!-- All in One SEO Pro 5.0.1 - aioseo.com -->\n\t<meta name=\"description\" content=\"El consejero de Medio Rural y Cohesi\u00f3n Territorial ha significado que la prioridad del Gobierno de Asturias, son las personas que trabajan en el medio rural\" \/>\n\t<meta name=\"robots\" content=\"max-image-preview:large\" \/>\n\t<meta name=\"author\" content=\"El Digital de Asturias\"\/>\n\t<meta name=\"google-site-verification\" content=\"UA-38556648-1\" \/>\n\t<meta name=\"msvalidate.01\" content=\"7dfe9f3f1b24437ab69f4f2559babe99\" \/>\n\t<meta name=\"keywords\" content=\"asturias,gobierno,cangas del narcea,actualidad asturias\" \/>\n\t<link rel=\"canonical\" href=\"https:\/\/www.eldigitaldeasturias.com\/noticias\/alejandro-calvo-la-prioridad-del-gobierno-de-asturias-son-las-personas\/\" \/>\n\t<meta name=\"generator\" content=\"All in One SEO Pro (AIOSEO) 5.0.1\" \/>\n\t\t<meta property=\"og:locale\" content=\"es_ES\" \/>\n\t\t<meta property=\"og:site_name\" content=\"El Digital de Asturias\" \/>\n\t\t<meta property=\"og:type\" content=\"article\" \/>\n\t\t<meta property=\"og:title\" content=\"Alejandro Calvo: La prioridad del Gobierno de Asturias son las personas - El Digital de Asturias\" \/>\n\t\t<meta property=\"og:description\" content=\"El consejero de Medio Rural y Cohesi\u00f3n Territorial ha significado que la prioridad del Gobierno de Asturias, son las personas que trabajan en el medio rural\" \/>\n\t\t<meta property=\"og:url\" content=\"https:\/\/www.eldigitaldeasturias.com\/noticias\/alejandro-calvo-la-prioridad-del-gobierno-de-asturias-son-las-personas\/\" \/>\n\t\t<meta property=\"article:tag\" content=\"asturias\" \/>\n\t\t<meta property=\"article:tag\" content=\"gobierno\" \/>\n\t\t<meta property=\"article:tag\" content=\"cangas del narcea\" \/>\n\t\t<meta property=\"article:tag\" content=\"actualidad asturias\" \/>\n\t\t<meta property=\"article:published_time\" content=\"2021-06-16T19:31:11+00:00\" \/>\n\t\t<meta property=\"article:modified_time\" content=\"2021-06-16T19:31:11+00:00\" \/>\n\t\t<meta property=\"article:publisher\" content=\"https:\/\/facebook.com\/eldigitaldeasturias\" \/>\n\t\t<meta name=\"twitter:card\" content=\"summary_large_image\" \/>\n\t\t<meta name=\"twitter:title\" content=\"Alejandro Calvo: La prioridad del Gobierno de Asturias son las personas - El Digital de Asturias\" \/>\n\t\t<meta name=\"twitter:description\" content=\"El consejero de Medio Rural y Cohesi\u00f3n Territorial ha significado que la prioridad del Gobierno de Asturias, son las personas que trabajan en el medio rural\" \/>\n\t\t<meta name=\"twitter:image\" content=\"https:\/\/www.eldigitaldeasturias.com\/noticias\/wp-content\/uploads\/2020\/12\/EDA-1.jpg\" \/>\n\t\t<meta name=\"twitter:label1\" content=\"Escrito por\" \/>\n\t\t<meta name=\"twitter:data1\" content=\"El Digital de Asturias\" \/>\n\t\t<meta name=\"twitter:label2\" content=\"Tiempo de lectura estimado\" \/>\n\t\t<meta name=\"twitter:data2\" content=\"3 minutos\" \/>\n\t\t<script type=\"application\/ld+json\" class=\"aioseo-schema\">\n\t\t\t{\"@context\":\"https:\\\/\\\/schema.org\",\"@graph\":[{\"@type\":\"BlogPosting\",\"@id\":\"https:\\\/\\\/www.eldigitaldeasturias.com\\\/noticias\\\/alejandro-calvo-la-prioridad-del-gobierno-de-asturias-son-las-personas\\\/#blogposting\",\"name\":\"Alejandro Calvo: La prioridad del Gobierno de Asturias son las personas - El Digital de Asturias\",\"headline\":\"Alejandro Calvo: La prioridad del Gobierno de Asturias son las personas\",\"author\":{\"@id\":\"https:\\\/\\\/www.eldigitaldeasturias.com\\\/noticias\\\/author\\\/admin\\\/#author\"},\"publisher\":{\"@id\":\"https:\\\/\\\/www.eldigitaldeasturias.com\\\/noticias\\\/#organization\"},\"image\":{\"@type\":\"ImageObject\",\"url\":1093855},\"datePublished\":\"2021-06-16T20:31:11+02:00\",\"dateModified\":\"2021-06-16T20:31:11+02:00\",\"inLanguage\":\"es-ES\",\"mainEntityOfPage\":{\"@id\":\"https:\\\/\\\/www.eldigitaldeasturias.com\\\/noticias\\\/alejandro-calvo-la-prioridad-del-gobierno-de-asturias-son-las-personas\\\/#webpage\"},\"isPartOf\":{\"@id\":\"https:\\\/\\\/www.eldigitaldeasturias.com\\\/noticias\\\/alejandro-calvo-la-prioridad-del-gobierno-de-asturias-son-las-personas\\\/#webpage\"},\"articleSection\":\"Actualidad Asturias\"},{\"@type\":\"BreadcrumbList\",\"@id\":\"https:\\\/\\\/www.eldigitaldeasturias.com\\\/noticias\\\/alejandro-calvo-la-prioridad-del-gobierno-de-asturias-son-las-personas\\\/#breadcrumblist\",\"itemListElement\":[{\"@type\":\"ListItem\",\"@id\":\"https:\\\/\\\/www.eldigitaldeasturias.com\\\/noticias#listItem\",\"position\":1,\"name\":\"Home\",\"item\":\"https:\\\/\\\/www.eldigitaldeasturias.com\\\/noticias\",\"nextItem\":{\"@type\":\"ListItem\",\"@id\":\"https:\\\/\\\/www.eldigitaldeasturias.com\\\/noticias\\\/category\\\/actualidad-asturias\\\/#listItem\",\"name\":\"Actualidad Asturias\"}},{\"@type\":\"ListItem\",\"@id\":\"https:\\\/\\\/www.eldigitaldeasturias.com\\\/noticias\\\/category\\\/actualidad-asturias\\\/#listItem\",\"position\":2,\"name\":\"Actualidad Asturias\",\"item\":\"https:\\\/\\\/www.eldigitaldeasturias.com\\\/noticias\\\/category\\\/actualidad-asturias\\\/\",\"nextItem\":{\"@type\":\"ListItem\",\"@id\":\"https:\\\/\\\/www.eldigitaldeasturias.com\\\/noticias\\\/alejandro-calvo-la-prioridad-del-gobierno-de-asturias-son-las-personas\\\/#listItem\",\"name\":\"Alejandro Calvo: La prioridad del Gobierno de Asturias son las personas\"},\"previousItem\":{\"@type\":\"ListItem\",\"@id\":\"https:\\\/\\\/www.eldigitaldeasturias.com\\\/noticias#listItem\",\"name\":\"Home\"}},{\"@type\":\"ListItem\",\"@id\":\"https:\\\/\\\/www.eldigitaldeasturias.com\\\/noticias\\\/alejandro-calvo-la-prioridad-del-gobierno-de-asturias-son-las-personas\\\/#listItem\",\"position\":3,\"name\":\"Alejandro Calvo: La prioridad del Gobierno de Asturias son las personas\",\"previousItem\":{\"@type\":\"ListItem\",\"@id\":\"https:\\\/\\\/www.eldigitaldeasturias.com\\\/noticias\\\/category\\\/actualidad-asturias\\\/#listItem\",\"name\":\"Actualidad Asturias\"}}]},{\"@type\":\"Organization\",\"@id\":\"https:\\\/\\\/www.eldigitaldeasturias.com\\\/noticias\\\/#organization\",\"name\":\"El Digital de Asturias\",\"description\":\"Hemeroteca\",\"url\":\"https:\\\/\\\/www.eldigitaldeasturias.com\\\/noticias\\\/\",\"email\":\"info@eldigitaldeasturias.com\",\"telephone\":\"+34652131393\",\"logo\":{\"@type\":\"ImageObject\",\"url\":\"https:\\\/\\\/www.eldigitaldeasturias.com\\\/noticias\\\/wp-content\\\/uploads\\\/2020\\\/12\\\/EDA.jpg\",\"@id\":\"https:\\\/\\\/www.eldigitaldeasturias.com\\\/noticias\\\/alejandro-calvo-la-prioridad-del-gobierno-de-asturias-son-las-personas\\\/#organizationLogo\"},\"image\":{\"@id\":\"https:\\\/\\\/www.eldigitaldeasturias.com\\\/noticias\\\/alejandro-calvo-la-prioridad-del-gobierno-de-asturias-son-las-personas\\\/#organizationLogo\"},\"sameAs\":[\"https:\\\/\\\/facebook.com\\\/eldigitaldeasturias\",\"https:\\\/\\\/www.youtube.com\\\/channel\\\/UCZP-2wLEB9Rv6erhFmqVnvg\"],\"address\":{\"@id\":\"https:\\\/\\\/www.eldigitaldeasturias.com\\\/noticias\\\/#postaladdress\",\"@type\":\"PostalAddress\",\"streetAddress\":\"san antonio 4\",\"postalCode\":\"33430\",\"addressLocality\":\"Cand\\u00e1s\",\"addressRegion\":\"Asturias\",\"addressCountry\":\"ES\"}},{\"@type\":\"Person\",\"@id\":\"https:\\\/\\\/www.eldigitaldeasturias.com\\\/noticias\\\/author\\\/admin\\\/#author\",\"url\":\"https:\\\/\\\/www.eldigitaldeasturias.com\\\/noticias\\\/author\\\/admin\\\/\",\"name\":\"El Digital de Asturias\",\"image\":{\"@type\":\"ImageObject\",\"@id\":\"https:\\\/\\\/www.eldigitaldeasturias.com\\\/noticias\\\/alejandro-calvo-la-prioridad-del-gobierno-de-asturias-son-las-personas\\\/#authorImage\",\"url\":\"https:\\\/\\\/secure.gravatar.com\\\/avatar\\\/df2aeffc32bcd13f8d26072ef8a91b623d677766deac7f97ca815868cd41bf5e?s=96&d=mm&r=g\",\"width\":96,\"height\":96,\"caption\":\"El Digital de Asturias\"}},{\"@type\":\"WebPage\",\"@id\":\"https:\\\/\\\/www.eldigitaldeasturias.com\\\/noticias\\\/alejandro-calvo-la-prioridad-del-gobierno-de-asturias-son-las-personas\\\/#webpage\",\"url\":\"https:\\\/\\\/www.eldigitaldeasturias.com\\\/noticias\\\/alejandro-calvo-la-prioridad-del-gobierno-de-asturias-son-las-personas\\\/\",\"name\":\"Alejandro Calvo: La prioridad del Gobierno de Asturias son las personas - El Digital de Asturias\",\"description\":\"El consejero de Medio Rural y Cohesi\\u00f3n Territorial ha significado que la prioridad del Gobierno de Asturias, son las personas que trabajan en el medio rural\",\"inLanguage\":\"es-ES\",\"isPartOf\":{\"@id\":\"https:\\\/\\\/www.eldigitaldeasturias.com\\\/noticias\\\/#website\"},\"breadcrumb\":{\"@id\":\"https:\\\/\\\/www.eldigitaldeasturias.com\\\/noticias\\\/alejandro-calvo-la-prioridad-del-gobierno-de-asturias-son-las-personas\\\/#breadcrumblist\"},\"author\":{\"@id\":\"https:\\\/\\\/www.eldigitaldeasturias.com\\\/noticias\\\/author\\\/admin\\\/#author\"},\"creator\":{\"@id\":\"https:\\\/\\\/www.eldigitaldeasturias.com\\\/noticias\\\/author\\\/admin\\\/#author\"},\"image\":{\"@type\":\"ImageObject\",\"url\":1093855,\"@id\":\"https:\\\/\\\/www.eldigitaldeasturias.com\\\/noticias\\\/alejandro-calvo-la-prioridad-del-gobierno-de-asturias-son-las-personas\\\/#mainImage\"},\"primaryImageOfPage\":{\"@id\":\"https:\\\/\\\/www.eldigitaldeasturias.com\\\/noticias\\\/alejandro-calvo-la-prioridad-del-gobierno-de-asturias-son-las-personas\\\/#mainImage\"},\"datePublished\":\"2021-06-16T20:31:11+02:00\",\"dateModified\":\"2021-06-16T20:31:11+02:00\"},{\"@type\":\"WebSite\",\"@id\":\"https:\\\/\\\/www.eldigitaldeasturias.com\\\/noticias\\\/#website\",\"url\":\"https:\\\/\\\/www.eldigitaldeasturias.com\\\/noticias\\\/\",\"name\":\"El Digital de Asturias - Diario de actualidad y noticias\",\"alternateName\":\"El Digital de Asturias - Diario de actualidad y noticias\",\"description\":\"Hemeroteca\",\"inLanguage\":\"es-ES\",\"publisher\":{\"@id\":\"https:\\\/\\\/www.eldigitaldeasturias.com\\\/noticias\\\/#organization\"}}]}\n\t\t<\/script>\n\t\t<!-- All in One SEO Pro -->\r\n\t\t<title>Alejandro Calvo: La prioridad del Gobierno de Asturias son las personas - El Digital de Asturias<\/title>\n\n","aioseo_head_json":{"title":"Alejandro Calvo: La prioridad del Gobierno de Asturias son las personas - El Digital de Asturias","description":"El consejero de Medio Rural y Cohesi\u00f3n Territorial ha significado que la prioridad del Gobierno de Asturias, son las personas que trabajan en el medio rural","canonical_url":"https:\/\/www.eldigitaldeasturias.com\/noticias\/alejandro-calvo-la-prioridad-del-gobierno-de-asturias-son-las-personas\/","robots":"max-image-preview:large","keywords":"asturias,gobierno,cangas del narcea,actualidad asturias","webmasterTools":{"google-site-verification":"UA-38556648-1","msvalidate.01":"7dfe9f3f1b24437ab69f4f2559babe99","miscellaneous":""},"schema":{"@context":"https:\/\/schema.org","@graph":[{"@type":"BlogPosting","@id":"https:\/\/www.eldigitaldeasturias.com\/noticias\/alejandro-calvo-la-prioridad-del-gobierno-de-asturias-son-las-personas\/#blogposting","name":"Alejandro Calvo: La prioridad del Gobierno de Asturias son las personas - El Digital de Asturias","headline":"Alejandro Calvo: La prioridad del Gobierno de Asturias son las personas","author":{"@id":"https:\/\/www.eldigitaldeasturias.com\/noticias\/author\/admin\/#author"},"publisher":{"@id":"https:\/\/www.eldigitaldeasturias.com\/noticias\/#organization"},"image":{"@type":"ImageObject","url":1093855},"datePublished":"2021-06-16T20:31:11+02:00","dateModified":"2021-06-16T20:31:11+02:00","inLanguage":"es-ES","mainEntityOfPage":{"@id":"https:\/\/www.eldigitaldeasturias.com\/noticias\/alejandro-calvo-la-prioridad-del-gobierno-de-asturias-son-las-personas\/#webpage"},"isPartOf":{"@id":"https:\/\/www.eldigitaldeasturias.com\/noticias\/alejandro-calvo-la-prioridad-del-gobierno-de-asturias-son-las-personas\/#webpage"},"articleSection":"Actualidad Asturias"},{"@type":"BreadcrumbList","@id":"https:\/\/www.eldigitaldeasturias.com\/noticias\/alejandro-calvo-la-prioridad-del-gobierno-de-asturias-son-las-personas\/#breadcrumblist","itemListElement":[{"@type":"ListItem","@id":"https:\/\/www.eldigitaldeasturias.com\/noticias#listItem","position":1,"name":"Home","item":"https:\/\/www.eldigitaldeasturias.com\/noticias","nextItem":{"@type":"ListItem","@id":"https:\/\/www.eldigitaldeasturias.com\/noticias\/category\/actualidad-asturias\/#listItem","name":"Actualidad Asturias"}},{"@type":"ListItem","@id":"https:\/\/www.eldigitaldeasturias.com\/noticias\/category\/actualidad-asturias\/#listItem","position":2,"name":"Actualidad Asturias","item":"https:\/\/www.eldigitaldeasturias.com\/noticias\/category\/actualidad-asturias\/","nextItem":{"@type":"ListItem","@id":"https:\/\/www.eldigitaldeasturias.com\/noticias\/alejandro-calvo-la-prioridad-del-gobierno-de-asturias-son-las-personas\/#listItem","name":"Alejandro Calvo: La prioridad del Gobierno de Asturias son las personas"},"previousItem":{"@type":"ListItem","@id":"https:\/\/www.eldigitaldeasturias.com\/noticias#listItem","name":"Home"}},{"@type":"ListItem","@id":"https:\/\/www.eldigitaldeasturias.com\/noticias\/alejandro-calvo-la-prioridad-del-gobierno-de-asturias-son-las-personas\/#listItem","position":3,"name":"Alejandro Calvo: La prioridad del Gobierno de Asturias son las personas","previousItem":{"@type":"ListItem","@id":"https:\/\/www.eldigitaldeasturias.com\/noticias\/category\/actualidad-asturias\/#listItem","name":"Actualidad Asturias"}}]},{"@type":"Organization","@id":"https:\/\/www.eldigitaldeasturias.com\/noticias\/#organization","name":"El Digital de Asturias","description":"Hemeroteca","url":"https:\/\/www.eldigitaldeasturias.com\/noticias\/","email":"info@eldigitaldeasturias.com","telephone":"+34652131393","logo":{"@type":"ImageObject","url":"https:\/\/www.eldigitaldeasturias.com\/noticias\/wp-content\/uploads\/2020\/12\/EDA.jpg","@id":"https:\/\/www.eldigitaldeasturias.com\/noticias\/alejandro-calvo-la-prioridad-del-gobierno-de-asturias-son-las-personas\/#organizationLogo"},"image":{"@id":"https:\/\/www.eldigitaldeasturias.com\/noticias\/alejandro-calvo-la-prioridad-del-gobierno-de-asturias-son-las-personas\/#organizationLogo"},"sameAs":["https:\/\/facebook.com\/eldigitaldeasturias","https:\/\/www.youtube.com\/channel\/UCZP-2wLEB9Rv6erhFmqVnvg"],"address":{"@id":"https:\/\/www.eldigitaldeasturias.com\/noticias\/#postaladdress","@type":"PostalAddress","streetAddress":"san antonio 4","postalCode":"33430","addressLocality":"Cand\u00e1s","addressRegion":"Asturias","addressCountry":"ES"}},{"@type":"Person","@id":"https:\/\/www.eldigitaldeasturias.com\/noticias\/author\/admin\/#author","url":"https:\/\/www.eldigitaldeasturias.com\/noticias\/author\/admin\/","name":"El Digital de Asturias","image":{"@type":"ImageObject","@id":"https:\/\/www.eldigitaldeasturias.com\/noticias\/alejandro-calvo-la-prioridad-del-gobierno-de-asturias-son-las-personas\/#authorImage","url":"https:\/\/secure.gravatar.com\/avatar\/df2aeffc32bcd13f8d26072ef8a91b623d677766deac7f97ca815868cd41bf5e?s=96&d=mm&r=g","width":96,"height":96,"caption":"El Digital de Asturias"}},{"@type":"WebPage","@id":"https:\/\/www.eldigitaldeasturias.com\/noticias\/alejandro-calvo-la-prioridad-del-gobierno-de-asturias-son-las-personas\/#webpage","url":"https:\/\/www.eldigitaldeasturias.com\/noticias\/alejandro-calvo-la-prioridad-del-gobierno-de-asturias-son-las-personas\/","name":"Alejandro Calvo: La prioridad del Gobierno de Asturias son las personas - El Digital de Asturias","description":"El consejero de Medio Rural y Cohesi\u00f3n Territorial ha significado que la prioridad del Gobierno de Asturias, son las personas que trabajan en el medio rural","inLanguage":"es-ES","isPartOf":{"@id":"https:\/\/www.eldigitaldeasturias.com\/noticias\/#website"},"breadcrumb":{"@id":"https:\/\/www.eldigitaldeasturias.com\/noticias\/alejandro-calvo-la-prioridad-del-gobierno-de-asturias-son-las-personas\/#breadcrumblist"},"author":{"@id":"https:\/\/www.eldigitaldeasturias.com\/noticias\/author\/admin\/#author"},"creator":{"@id":"https:\/\/www.eldigitaldeasturias.com\/noticias\/author\/admin\/#author"},"image":{"@type":"ImageObject","url":1093855,"@id":"https:\/\/www.eldigitaldeasturias.com\/noticias\/alejandro-calvo-la-prioridad-del-gobierno-de-asturias-son-las-personas\/#mainImage"},"primaryImageOfPage":{"@id":"https:\/\/www.eldigitaldeasturias.com\/noticias\/alejandro-calvo-la-prioridad-del-gobierno-de-asturias-son-las-personas\/#mainImage"},"datePublished":"2021-06-16T20:31:11+02:00","dateModified":"2021-06-16T20:31:11+02:00"},{"@type":"WebSite","@id":"https:\/\/www.eldigitaldeasturias.com\/noticias\/#website","url":"https:\/\/www.eldigitaldeasturias.com\/noticias\/","name":"El Digital de Asturias - Diario de actualidad y noticias","alternateName":"El Digital de Asturias - Diario de actualidad y noticias","description":"Hemeroteca","inLanguage":"es-ES","publisher":{"@id":"https:\/\/www.eldigitaldeasturias.com\/noticias\/#organization"}}]},"og:locale":"es_ES","og:site_name":"El Digital de Asturias","og:type":"article","og:title":"Alejandro Calvo: La prioridad del Gobierno de Asturias son las personas - El Digital de Asturias","og:description":"El consejero de Medio Rural y Cohesi\u00f3n Territorial ha significado que la prioridad del Gobierno de Asturias, son las personas que trabajan en el medio rural","og:url":"https:\/\/www.eldigitaldeasturias.com\/noticias\/alejandro-calvo-la-prioridad-del-gobierno-de-asturias-son-las-personas\/","article:tag":["asturias","gobierno","cangas del narcea","actualidad asturias"],"article:published_time":"2021-06-16T19:31:11+00:00","article:modified_time":"2021-06-16T19:31:11+00:00","article:publisher":"https:\/\/facebook.com\/eldigitaldeasturias","twitter:card":"summary_large_image","twitter:title":"Alejandro Calvo: La prioridad del Gobierno de Asturias son las personas - El Digital de Asturias","twitter:description":"El consejero de Medio Rural y Cohesi\u00f3n Territorial ha significado que la prioridad del Gobierno de Asturias, son las personas que trabajan en el medio rural","twitter:image":"https:\/\/www.eldigitaldeasturias.com\/noticias\/wp-content\/uploads\/2020\/12\/EDA-1.jpg","twitter:label1":"Escrito por","twitter:data1":"El Digital de Asturias","twitter:label2":"Tiempo de lectura estimado","twitter:data2":"3 minutos"},"aioseo_meta_data":{"post_id":"1093854","title":null,"description":"El consejero de Medio Rural y Cohesi\u00f3n Territorial ha significado que la prioridad del Gobierno de Asturias, son las personas que trabajan en el medio rural","keywords":[{"label":"Asturias","value":"Asturias"},{"label":" Gobierno","value":" Gobierno"},{"label":" Cangas del Narcea","value":" Cangas del Narcea"}],"keyphrases":{"focus":{"keyphrase":"Gobierno de Asturias","score":73,"analysis":{"keyphraseInTitle":{"title":"Frase clave objetivo en el t\u00edtulo SEO","description":"Frase clave objetivo encontrada en el t\u00edtulo SEO.","score":9,"maxScore":9,"error":0},"keyphraseInDescription":{"title":"Frase clave objetivo en la meta descripci\u00f3n","description":"Frase clave objetivo encontrada en la meta descripci\u00f3n.","score":9,"maxScore":9,"error":0},"keyphraseInURL":{"title":"Frase clave objetivo en la URL","description":"Frase clave objetivo no encontrada en la URL.","score":1,"maxScore":5,"error":1},"keyphraseInIntroduction":{"title":"Frase clave objetivo en la introducci\u00f3n","description":"Su Frase clave objetivo aparece en el primer p\u00e1rrafo. \u00a1Bien hecho!","score":9,"maxScore":9,"error":0},"keyphraseInSubHeadings":{"title":"Frase clave objetivo sus subt\u00edtulos","description":"Use your focus keyphrase more in your H2 and H3 subheadings.","score":3,"maxScore":9,"error":1},"keyphraseLength":{"title":"Longitud de la Frase clave objetivo","description":"\u00a1Buen trabajo!","score":9,"maxScore":9,"error":0,"length":3},"keyphraseInImageAlt":{"title":"Frase clave objetivo en los atributos alt de la imagen.","description":"Frase clave objetivo no se encuentra en los atributos alt de la imagen. A\u00f1ada una imagen con su Frase clave objetivo como texto alternativo.","score":3,"maxScore":9,"error":1}}},"additional":[{"keyphrase":"las personas ","score":83,"analysis":{"keyphraseInDescription":{"title":"Frase clave en la meta descripci\u00f3n","description":"Frase clave encontrada en la meta descripci\u00f3n.","score":9,"maxScore":9,"error":0},"keyphraseInIntroduction":{"title":"Frase clave en la introducci\u00f3n","description":"Su Frase clave aparece en el primer p\u00e1rrafo. \u00a1Bien hecho!","score":9,"maxScore":9,"error":0},"keyphraseInImageAlt":{"title":"Frase clave en los atributos alt de la imagen.","description":"Frase clave no se encuentra en los atributos alt de la imagen. A\u00f1ada una imagen con su Frase clave como texto alternativo.","score":3,"maxScore":9,"error":1},"keyphraseLength":{"title":"Longitud de la Frase clave","description":"\u00a1Buen trabajo!","score":9,"maxScore":9,"error":0,"length":2}}},{"keyphrase":"Medio Rural","score":83,"analysis":{"keyphraseInDescription":{"title":"Frase clave en la meta descripci\u00f3n","description":"Frase clave encontrada en la meta descripci\u00f3n.","score":9,"maxScore":9,"error":0},"keyphraseInIntroduction":{"title":"Frase clave en la introducci\u00f3n","description":"Su Frase clave aparece en el primer p\u00e1rrafo. \u00a1Bien hecho!","score":9,"maxScore":9,"error":0},"keyphraseInImageAlt":{"title":"Frase clave en los atributos alt de la imagen.","description":"Frase clave no se encuentra en los atributos alt de la imagen. A\u00f1ada una imagen con su Frase clave como texto alternativo.","score":3,"maxScore":9,"error":1},"keyphraseLength":{"title":"Longitud de la Frase clave","description":"\u00a1Buen trabajo!","score":9,"maxScore":9,"error":0,"length":2}}}]},"primary_term":null,"canonical_url":null,"og_title":null,"og_description":null,"og_object_type":"default","og_image_type":"default","og_image_url":null,"og_image_width":null,"og_image_height":null,"og_image_custom_url":null,"og_image_custom_fields":null,"og_video":"","og_custom_url":null,"og_article_section":null,"og_article_tags":[],"twitter_use_og":false,"twitter_card":"default","twitter_image_type":"default","twitter_image_url":null,"twitter_image_custom_url":null,"twitter_image_custom_fields":null,"twitter_title":null,"twitter_description":null,"schema":{"blockGraphs":[],"customGraphs":[],"default":{"data":{"Article":[],"Course":[],"Dataset":[],"FAQPage":[],"Movie":[],"Person":[],"Product":[],"ProductReview":[],"Car":[],"Recipe":[],"Service":[],"SoftwareApplication":[],"WebPage":[]},"graphName":"","isEnabled":true},"graphs":[],"defaultGraph":"Article","defaultPostTypeGraph":""},"schema_type":"default","schema_type_options":"{\"article\":{\"articleType\":\"BlogPosting\"},\"course\":{\"name\":\"\",\"description\":\"\",\"provider\":\"\"},\"faq\":{\"pages\":[]},\"product\":{\"reviews\":[]},\"recipe\":{\"ingredients\":[],\"instructions\":[],\"keywords\":[]},\"software\":{\"reviews\":[],\"operatingSystems\":[]},\"webPage\":{\"webPageType\":\"WebPage\"}}","pillar_content":false,"robots_default":true,"robots_noindex":false,"robots_noarchive":false,"robots_nosnippet":false,"robots_nofollow":false,"robots_noimageindex":false,"robots_noodp":false,"robots_notranslate":false,"robots_max_snippet":"-1","robots_max_videopreview":"-1","robots_max_imagepreview":"large","priority":null,"frequency":"default","local_seo":{"locations":{"business":{"name":"","businessType":"","image":"","areaServed":"","urls":{"website":"","aboutPage":"","contactPage":""},"address":{"streetLine1":"","streetLine2":"","zipCode":"","city":"","state":"","country":"","addressFormat":"#streetLineOne\n#streetLineTwo\n#city, #state #zipCode"},"contact":{"email":"","phone":"","phoneFormatted":"","fax":"","faxFormatted":""},"ids":{"vat":"","tax":"","chamberOfCommerce":""},"payment":{"priceRange":"","currenciesAccepted":"","methods":""}}},"openingHours":{"useDefaults":true,"show":true,"alwaysOpen":false,"use24hFormat":false,"timezone":"","labels":{"closed":"","alwaysOpen":""},"days":{"monday":{"open24h":false,"closed":false,"openTime":"09:00","closeTime":"17:00"},"tuesday":{"open24h":false,"closed":false,"openTime":"09:00","closeTime":"17:00"},"wednesday":{"open24h":false,"closed":false,"openTime":"09:00","closeTime":"17:00"},"thursday":{"open24h":false,"closed":false,"openTime":"09:00","closeTime":"17:00"},"friday":{"open24h":false,"closed":false,"openTime":"09:00","closeTime":"17:00"},"saturday":{"open24h":false,"closed":false,"openTime":"09:00","closeTime":"17:00"},"sunday":{"open24h":false,"closed":false,"openTime":"09:00","closeTime":"17:00"}}}},"seo_analyzer_scan_date":"2026-07-18 19:26:34","breadcrumb_settings":null,"limit_modified_date":false,"open_ai":null,"ai":null,"created":"2021-06-16 19:25:48","updated":"2026-07-18 19:26:34","focus_keyword":"Gobierno de Asturias","additional_keywords":[{"word":"las personas","score":83},{"word":"Medio Rural","score":83}],"truseo_locale":null},"aioseo_breadcrumb":"<div class=\"aioseo-breadcrumbs\"><span class=\"aioseo-breadcrumb\">\n\t<a href=\"https:\/\/www.eldigitaldeasturias.com\/noticias\" title=\"Home\">Home<\/a>\n<\/span><span class=\"aioseo-breadcrumb-separator\">\u2013<\/span><span class=\"aioseo-breadcrumb\">\n\t<a href=\"https:\/\/www.eldigitaldeasturias.com\/noticias\/category\/actualidad-asturias\/\" title=\"Actualidad Asturias\">Actualidad Asturias<\/a>\n<\/span><span class=\"aioseo-breadcrumb-separator\">\u2013<\/span><span class=\"aioseo-breadcrumb\">\n\t<a href=\"https:\/\/www.eldigitaldeasturias.com\/noticias\/alejandro-calvo-la-prioridad-del-gobierno-de-asturias-son-las-personas\/\" title=\"Alejandro Calvo: La prioridad del Gobierno de Asturias son las personas\">Alejandro Calvo: La prioridad del Gobierno de Asturias son las personas<\/a>\n<\/span><\/div>","aioseo_breadcrumb_json":[{"label":"Home","link":"https:\/\/www.eldigitaldeasturias.com\/noticias"},{"label":"Actualidad Asturias","link":"https:\/\/www.eldigitaldeasturias.com\/noticias\/category\/actualidad-asturias\/"},{"label":"Alejandro Calvo: La prioridad del Gobierno de Asturias son las personas","link":"https:\/\/www.eldigitaldeasturias.com\/noticias\/alejandro-calvo-la-prioridad-del-gobierno-de-asturias-son-las-personas\/"}],"_links":{"self":[{"href":"https:\/\/www.eldigitaldeasturias.com\/noticias\/wp-json\/wp\/v2\/posts\/1093854","targetHints":{"allow":["GET"]}}],"collection":[{"href":"https:\/\/www.eldigitaldeasturias.com\/noticias\/wp-json\/wp\/v2\/posts"}],"about":[{"href":"https:\/\/www.eldigitaldeasturias.com\/noticias\/wp-json\/wp\/v2\/types\/post"}],"author":[{"embeddable":true,"href":"https:\/\/www.eldigitaldeasturias.com\/noticias\/wp-json\/wp\/v2\/users\/1"}],"replies":[{"embeddable":true,"href":"https:\/\/www.eldigitaldeasturias.com\/noticias\/wp-json\/wp\/v2\/comments?post=1093854"}],"version-history":[{"count":0,"href":"https:\/\/www.eldigitaldeasturias.com\/noticias\/wp-json\/wp\/v2\/posts\/1093854\/revisions"}],"wp:attachment":[{"href":"https:\/\/www.eldigitaldeasturias.com\/noticias\/wp-json\/wp\/v2\/media?parent=1093854"}],"wp:term":[{"taxonomy":"category","embeddable":true,"href":"https:\/\/www.eldigitaldeasturias.com\/noticias\/wp-json\/wp\/v2\/categories?post=1093854"},{"taxonomy":"post_tag","embeddable":true,"href":"https:\/\/www.eldigitaldeasturias.com\/noticias\/wp-json\/wp\/v2\/tags?post=1093854"}],"curies":[{"name":"wp","href":"https:\/\/api.w.org\/{rel}","templated":true}]}}