{"id":1093828,"date":"2021-06-16T17:49:45","date_gmt":"2021-06-16T16:49:45","guid":{"rendered":"https:\/\/www.eldigitaldeasturias.com\/noticias\/?p=1093828"},"modified":"2021-06-16T17:49:45","modified_gmt":"2021-06-16T16:49:45","slug":"vox-asturias-propone-racionalizar-el-gasto-publico","status":"publish","type":"post","link":"https:\/\/www.eldigitaldeasturias.com\/noticias\/vox-asturias-propone-racionalizar-el-gasto-publico\/","title":{"rendered":"VOX Asturias propone racionalizar el gasto p\u00fablico"},"content":{"rendered":"<p><img loading=\"lazy\" decoding=\"async\" class=\"alignleft size-medium wp-image-1090857\" src=\"https:\/\/www.eldigitaldeasturias.com\/noticias\/wp-content\/uploads\/2021\/05\/Diputados-VOX-Asturias-360x233.jpg\" alt=\"Diputados VOX Asturias\" width=\"360\" height=\"233\" \/>La diputada del Grupo Parlamentario VOX Asturias en la Junta General del Principado, <strong>Sara \u00c1lvarez Rouco<\/strong>, ha defendido en el pleno celebrado esta ma\u00f1ana la Proposici\u00f3n No de Ley (PNL) para suprimir entes y organismos p\u00fablicos y ha lamentado que no haya salido adelante por puro sectarismo. \u201cLa propuesta de VOX Asturias pretende contribuir a la tarea de reestructurar el sector p\u00fablico asturiano y, conseguirlo, pasa por la racionalizaci\u00f3n del gasto p\u00fablico, eliminar estructuras superfluas y centrarse en las necesidades y servicios esenciales para los asturianos. Es preciso acometer una reestructuraci\u00f3n urgente de la administraci\u00f3n p\u00fablica\u201d, se\u00f1ala la diputada.<\/p>\n<p>En concreto, la propuesta de <strong>VOX Asturias<\/strong> que ha defendido la diputada, plantea evitar duplicidades en el gasto \u201cpara lograr una mayor eficiencia y eficacia en la gesti\u00f3n de los servicios p\u00fablicos, dada la necesaria convergencia hacia la sostenibilidad presupuestaria\u201d. De hecho, la Proposici\u00f3n No de Ley (PNL) propone integrar cinco organismos (Idepa, Instituto Asturiano de Prevenci\u00f3n de Riesgos Laborales, la Comisi\u00f3n Regional del Banco de Tierras, la Fundaci\u00f3n de las Comarcas Mineras para la Formaci\u00f3n y Promoci\u00f3n del Empleo y la Fundaci\u00f3n para el Fomento de la Econom\u00eda Social) en la estructura regional, y adem\u00e1s, el consejo de la Juventud en la estructura nacional al entender que sus mismas funciones pueden ser desarrolladas por organismos an\u00e1logos ya existentes.<\/p>\n<p>Adem\u00e1s, VOX Asturias insta a llevar a cabo una revisi\u00f3n profunda del resto de entes, y una auditor\u00eda independiente de todo el sector instrumental y empresas p\u00fablicas \u201cpara reducir el gasto superfluo, salvaguardando los derechos consolidados para los funcionarios de carrera, personal estatutario y trabajadores fijos, adaptando sus funciones y permitiendo la movilidad de los mismos, en el marco de la futura ley de reforma de la funci\u00f3n p\u00fablica\u201d. As\u00ed lo ha explicado hoy la diputada que ha se\u00f1alado que \u201cno proponemos suprimir los servicios que se vienen prestando por dichos entes, organismos y fundaciones, sino trasladar la gesti\u00f3n de los mismos a las consejer\u00edas para que puedan ser realizados de una manera m\u00e1s eficiente por el personal funcionario y estatutario ya existente. Aquellos funcionarios que dependan de organismos a suprimir conservar\u00edan su plaza y simplemente pasar\u00edan a depender org\u00e1nicamente de otro\u201d. As\u00ed, -contin\u00faa la diputada-, \u201cinsistimos. Consideramos prioritario analizar las ineficiencias y duplicidades de nuestro actual sistema p\u00fablico, y reordenar el trabajo y las funciones del personal\u201d.<\/p>\n<p>Una Proposici\u00f3n No de Ley (PNL) que, seg\u00fan explica la diputada, de llevarla a cabo, \u201csolo con la integraci\u00f3n y supresi\u00f3n de estos seis organismos y fundaciones p\u00fablicas instrumentales el ahorro estimado podr\u00eda estar cercano al 9%. Unos ahorros estimados en torno a 3,3 millones de euros equivalentes a la contrataci\u00f3n de, por ejemplo, 110 m\u00e9dicos, 596 perceptores del IMV anual, 710 prestaciones de grado m\u00e1ximo de dependencia, etc\u00e9tera\u201d.<\/p>\n<p>En su intervenci\u00f3n y defensa de la Proposici\u00f3n No de Ley, Sara \u00c1lvarez Rouco, ha explicado que \u201cnos hemos centrado en dichos seis entes, organismos y fundaciones, que muestran de manera clara los defectos a los que nos refer\u00edamos en nuestra exposici\u00f3n de motivos y en ese entramado institucional complejo e ineficiente, cuyo reflejo m\u00e1s certero lo tenemos en el Idepa\u201d. En concreto, asegura \u00c1lvarez Rouco, \u201cde este organismo cuelgan un llamativo n\u00famero de sociedades participadas entrelazadas entre s\u00ed, y que abren sus tent\u00e1culos a otras nuevas hasta tejer una tupida tela de ara\u00f1a en la que todas desempe\u00f1an funciones an\u00e1logas. Un entramado complejo para objetivos similares o complementarios. Dedican su tiempo a la tramitaci\u00f3n de subvenciones y ayudas p\u00fablicas, unas gestiones que deber\u00edan realizarse desde los propios servicios centrales auton\u00f3micos\u201d.<\/p>\n<p>En este sentido, la diputada ha explicado que \u201cdichos entes y organismos sobre los que hoy ponemos el foco suponen, tan solo la punta del iceberg de la mara\u00f1a institucional creada por la administraci\u00f3n auton\u00f3mica socialista, con organismos, entes, consorcios, entidades, fundaciones y empresas participadas, a lo que habr\u00eda que a\u00f1adir aquellas unidades no incluidas en el \u00e1mbito de consolidaci\u00f3n de los presupuestos generales como Sogepsa, Sogesproa, Sodeco, o Zalia, en las que el Principado no es accionista mayoritario, pero financia pr\u00e1cticamente todos los gastos\u201d, para, a regl\u00f3n seguido explicar que \u201chemos realizado una escueta selecci\u00f3n de organismos dotados con 37,4 millones de euros, una peque\u00f1a parte de los 653 millones que suponen el presupuesto del conjunto de empresas, organismos y fundaciones instrumentales, sin contar con el SESPA y el ERA\u201d.<\/p>\n<p>Por \u00faltimo, la diputada ha se\u00f1alado que los contenidos de la Proposici\u00f3n No de Ley \u201cson tan solo un ejemplo de los que puede hacerse\u201d. \u201cEs el camino\u201d, ha se\u00f1alado, para continuar ofreciendo las soluciones. \u201cLa soluci\u00f3n no est\u00e1 en crecer aumentando el gasto en la misma medida, la soluci\u00f3n est\u00e1 en una optimizaci\u00f3n de las estructuras infinitas creadas por el PSOE a lo largo de los a\u00f1os, suprimiendo el peso que suponen organizaciones, empresas, asesores, cargos de confianza, directores y mil y un elemento m\u00e1s\u201d. \u201c\u00bfNos preguntan de d\u00f3nde van a sacar dinero para pagar el estado de Bienestar? De actuaciones como esta\u201d, concluye la diputada.<\/p>\n<p>&nbsp;<\/p>\n","protected":false},"excerpt":{"rendered":"<p>La diputada del Grupo Parlamentario VOX Asturias en la Junta General del Principado, Sara \u00c1lvarez Rouco, ha defendido en el pleno celebrado esta ma\u00f1ana la Proposici\u00f3n No de Ley (PNL) para suprimir entes y organismos p\u00fablicos y ha lamentado que no haya salido adelante por puro sectarismo. \u201cLa propuesta de VOX Asturias pretende contribuir a [&hellip;]<\/p>\n","protected":false},"author":1,"featured_media":1132184,"comment_status":"closed","ping_status":"closed","sticky":false,"template":"","format":"standard","meta":{"footnotes":""},"categories":[12],"tags":[],"class_list":["post-1093828","post","type-post","status-publish","format-standard","has-post-thumbnail","hentry","category-actualidad-asturias"],"aioseo_notices":[],"aioseo_head":"\n\t\t<!-- All in One SEO Pro 5.0.1 - aioseo.com -->\n\t<meta name=\"description\" content=\"La diputada del Grupo Parlamentario VOX Asturias en la Junta General del Principado, Sara \u00c1lvarez Rouco, ha defendido en el pleno celebrado esta ma\u00f1ana la ..\" \/>\n\t<meta name=\"robots\" content=\"max-image-preview:large\" \/>\n\t<meta name=\"author\" content=\"El Digital de Asturias\"\/>\n\t<meta name=\"google-site-verification\" content=\"UA-38556648-1\" \/>\n\t<meta name=\"msvalidate.01\" content=\"7dfe9f3f1b24437ab69f4f2559babe99\" \/>\n\t<meta name=\"keywords\" content=\"vox asturias,noticias asturias,actualidad asturias\" \/>\n\t<link rel=\"canonical\" href=\"https:\/\/www.eldigitaldeasturias.com\/noticias\/vox-asturias-propone-racionalizar-el-gasto-publico\/\" \/>\n\t<meta name=\"generator\" content=\"All in One SEO Pro (AIOSEO) 5.0.1\" \/>\n\t\t<meta property=\"og:locale\" content=\"es_ES\" \/>\n\t\t<meta property=\"og:site_name\" content=\"El Digital de Asturias\" \/>\n\t\t<meta property=\"og:type\" content=\"article\" \/>\n\t\t<meta property=\"og:title\" content=\"VOX Asturias propone racionalizar el gasto p\u00fablico - El Digital de Asturias\" \/>\n\t\t<meta property=\"og:description\" content=\"La diputada del Grupo Parlamentario VOX Asturias en la Junta General del Principado, Sara \u00c1lvarez Rouco, ha defendido en el pleno celebrado esta ma\u00f1ana la ..\" \/>\n\t\t<meta property=\"og:url\" content=\"https:\/\/www.eldigitaldeasturias.com\/noticias\/vox-asturias-propone-racionalizar-el-gasto-publico\/\" \/>\n\t\t<meta property=\"og:image\" content=\"https:\/\/www.eldigitaldeasturias.com\/noticias\/wp-content\/uploads\/2026\/06\/Contenidos.jpg\" \/>\n\t\t<meta property=\"og:image:secure_url\" content=\"https:\/\/www.eldigitaldeasturias.com\/noticias\/wp-content\/uploads\/2026\/06\/Contenidos.jpg\" \/>\n\t\t<meta property=\"og:image:width\" content=\"1265\" \/>\n\t\t<meta property=\"og:image:height\" content=\"697\" \/>\n\t\t<meta property=\"article:tag\" content=\"vox asturias\" \/>\n\t\t<meta property=\"article:tag\" content=\"noticias asturias\" \/>\n\t\t<meta property=\"article:tag\" content=\"actualidad asturias\" \/>\n\t\t<meta property=\"article:published_time\" content=\"2021-06-16T16:49:45+00:00\" \/>\n\t\t<meta property=\"article:modified_time\" content=\"2021-06-16T16:49:45+00:00\" \/>\n\t\t<meta property=\"article:publisher\" content=\"https:\/\/facebook.com\/eldigitaldeasturias\" \/>\n\t\t<meta name=\"twitter:card\" content=\"summary_large_image\" \/>\n\t\t<meta name=\"twitter:title\" content=\"VOX Asturias propone racionalizar el gasto p\u00fablico - El Digital de Asturias\" \/>\n\t\t<meta name=\"twitter:description\" content=\"La diputada del Grupo Parlamentario VOX Asturias en la Junta General del Principado, Sara \u00c1lvarez Rouco, ha defendido en el pleno celebrado esta ma\u00f1ana la ..\" \/>\n\t\t<meta name=\"twitter:image\" content=\"https:\/\/www.eldigitaldeasturias.com\/noticias\/wp-content\/uploads\/2026\/06\/Contenidos.jpg\" \/>\n\t\t<meta name=\"twitter:label1\" content=\"Escrito por\" \/>\n\t\t<meta name=\"twitter:data1\" content=\"El Digital de Asturias\" \/>\n\t\t<meta name=\"twitter:label2\" content=\"Tiempo de lectura estimado\" \/>\n\t\t<meta name=\"twitter:data2\" content=\"4 minutos\" \/>\n\t\t<script type=\"application\/ld+json\" class=\"aioseo-schema\">\n\t\t\t{\"@context\":\"https:\\\/\\\/schema.org\",\"@graph\":[{\"@type\":\"BlogPosting\",\"@id\":\"https:\\\/\\\/www.eldigitaldeasturias.com\\\/noticias\\\/vox-asturias-propone-racionalizar-el-gasto-publico\\\/#blogposting\",\"name\":\"VOX Asturias propone racionalizar el gasto p\\u00fablico - El Digital de Asturias\",\"headline\":\"VOX Asturias propone racionalizar el gasto p\\u00fablico\",\"author\":{\"@id\":\"https:\\\/\\\/www.eldigitaldeasturias.com\\\/noticias\\\/author\\\/admin\\\/#author\"},\"publisher\":{\"@id\":\"https:\\\/\\\/www.eldigitaldeasturias.com\\\/noticias\\\/#organization\"},\"image\":{\"@type\":\"ImageObject\",\"url\":\"https:\\\/\\\/www.eldigitaldeasturias.com\\\/noticias\\\/wp-content\\\/uploads\\\/2026\\\/06\\\/Contenidos.jpg\",\"width\":1265,\"height\":697,\"caption\":\"Contenidos\"},\"datePublished\":\"2021-06-16T17:49:45+02:00\",\"dateModified\":\"2021-06-16T17:49:45+02:00\",\"inLanguage\":\"es-ES\",\"mainEntityOfPage\":{\"@id\":\"https:\\\/\\\/www.eldigitaldeasturias.com\\\/noticias\\\/vox-asturias-propone-racionalizar-el-gasto-publico\\\/#webpage\"},\"isPartOf\":{\"@id\":\"https:\\\/\\\/www.eldigitaldeasturias.com\\\/noticias\\\/vox-asturias-propone-racionalizar-el-gasto-publico\\\/#webpage\"},\"articleSection\":\"Actualidad Asturias\"},{\"@type\":\"BreadcrumbList\",\"@id\":\"https:\\\/\\\/www.eldigitaldeasturias.com\\\/noticias\\\/vox-asturias-propone-racionalizar-el-gasto-publico\\\/#breadcrumblist\",\"itemListElement\":[{\"@type\":\"ListItem\",\"@id\":\"https:\\\/\\\/www.eldigitaldeasturias.com\\\/noticias#listItem\",\"position\":1,\"name\":\"Home\",\"item\":\"https:\\\/\\\/www.eldigitaldeasturias.com\\\/noticias\",\"nextItem\":{\"@type\":\"ListItem\",\"@id\":\"https:\\\/\\\/www.eldigitaldeasturias.com\\\/noticias\\\/category\\\/actualidad-asturias\\\/#listItem\",\"name\":\"Actualidad Asturias\"}},{\"@type\":\"ListItem\",\"@id\":\"https:\\\/\\\/www.eldigitaldeasturias.com\\\/noticias\\\/category\\\/actualidad-asturias\\\/#listItem\",\"position\":2,\"name\":\"Actualidad Asturias\",\"item\":\"https:\\\/\\\/www.eldigitaldeasturias.com\\\/noticias\\\/category\\\/actualidad-asturias\\\/\",\"nextItem\":{\"@type\":\"ListItem\",\"@id\":\"https:\\\/\\\/www.eldigitaldeasturias.com\\\/noticias\\\/vox-asturias-propone-racionalizar-el-gasto-publico\\\/#listItem\",\"name\":\"VOX Asturias propone racionalizar el gasto p\\u00fablico\"},\"previousItem\":{\"@type\":\"ListItem\",\"@id\":\"https:\\\/\\\/www.eldigitaldeasturias.com\\\/noticias#listItem\",\"name\":\"Home\"}},{\"@type\":\"ListItem\",\"@id\":\"https:\\\/\\\/www.eldigitaldeasturias.com\\\/noticias\\\/vox-asturias-propone-racionalizar-el-gasto-publico\\\/#listItem\",\"position\":3,\"name\":\"VOX Asturias propone racionalizar el gasto p\\u00fablico\",\"previousItem\":{\"@type\":\"ListItem\",\"@id\":\"https:\\\/\\\/www.eldigitaldeasturias.com\\\/noticias\\\/category\\\/actualidad-asturias\\\/#listItem\",\"name\":\"Actualidad Asturias\"}}]},{\"@type\":\"Organization\",\"@id\":\"https:\\\/\\\/www.eldigitaldeasturias.com\\\/noticias\\\/#organization\",\"name\":\"El Digital de Asturias\",\"description\":\"Hemeroteca\",\"url\":\"https:\\\/\\\/www.eldigitaldeasturias.com\\\/noticias\\\/\",\"email\":\"info@eldigitaldeasturias.com\",\"telephone\":\"+34652131393\",\"logo\":{\"@type\":\"ImageObject\",\"url\":\"https:\\\/\\\/www.eldigitaldeasturias.com\\\/noticias\\\/wp-content\\\/uploads\\\/2020\\\/12\\\/EDA.jpg\",\"@id\":\"https:\\\/\\\/www.eldigitaldeasturias.com\\\/noticias\\\/vox-asturias-propone-racionalizar-el-gasto-publico\\\/#organizationLogo\"},\"image\":{\"@id\":\"https:\\\/\\\/www.eldigitaldeasturias.com\\\/noticias\\\/vox-asturias-propone-racionalizar-el-gasto-publico\\\/#organizationLogo\"},\"sameAs\":[\"https:\\\/\\\/facebook.com\\\/eldigitaldeasturias\",\"https:\\\/\\\/www.youtube.com\\\/channel\\\/UCZP-2wLEB9Rv6erhFmqVnvg\"],\"address\":{\"@id\":\"https:\\\/\\\/www.eldigitaldeasturias.com\\\/noticias\\\/#postaladdress\",\"@type\":\"PostalAddress\",\"streetAddress\":\"san antonio 4\",\"postalCode\":\"33430\",\"addressLocality\":\"Cand\\u00e1s\",\"addressRegion\":\"Asturias\",\"addressCountry\":\"ES\"}},{\"@type\":\"Person\",\"@id\":\"https:\\\/\\\/www.eldigitaldeasturias.com\\\/noticias\\\/author\\\/admin\\\/#author\",\"url\":\"https:\\\/\\\/www.eldigitaldeasturias.com\\\/noticias\\\/author\\\/admin\\\/\",\"name\":\"El Digital de Asturias\",\"image\":{\"@type\":\"ImageObject\",\"@id\":\"https:\\\/\\\/www.eldigitaldeasturias.com\\\/noticias\\\/vox-asturias-propone-racionalizar-el-gasto-publico\\\/#authorImage\",\"url\":\"https:\\\/\\\/secure.gravatar.com\\\/avatar\\\/df2aeffc32bcd13f8d26072ef8a91b623d677766deac7f97ca815868cd41bf5e?s=96&d=mm&r=g\",\"width\":96,\"height\":96,\"caption\":\"El Digital de Asturias\"}},{\"@type\":\"WebPage\",\"@id\":\"https:\\\/\\\/www.eldigitaldeasturias.com\\\/noticias\\\/vox-asturias-propone-racionalizar-el-gasto-publico\\\/#webpage\",\"url\":\"https:\\\/\\\/www.eldigitaldeasturias.com\\\/noticias\\\/vox-asturias-propone-racionalizar-el-gasto-publico\\\/\",\"name\":\"VOX Asturias propone racionalizar el gasto p\\u00fablico - El Digital de Asturias\",\"description\":\"La diputada del Grupo Parlamentario VOX Asturias en la Junta General del Principado, Sara \\u00c1lvarez Rouco, ha defendido en el pleno celebrado esta ma\\u00f1ana la ..\",\"inLanguage\":\"es-ES\",\"isPartOf\":{\"@id\":\"https:\\\/\\\/www.eldigitaldeasturias.com\\\/noticias\\\/#website\"},\"breadcrumb\":{\"@id\":\"https:\\\/\\\/www.eldigitaldeasturias.com\\\/noticias\\\/vox-asturias-propone-racionalizar-el-gasto-publico\\\/#breadcrumblist\"},\"author\":{\"@id\":\"https:\\\/\\\/www.eldigitaldeasturias.com\\\/noticias\\\/author\\\/admin\\\/#author\"},\"creator\":{\"@id\":\"https:\\\/\\\/www.eldigitaldeasturias.com\\\/noticias\\\/author\\\/admin\\\/#author\"},\"image\":{\"@type\":\"ImageObject\",\"url\":\"https:\\\/\\\/www.eldigitaldeasturias.com\\\/noticias\\\/wp-content\\\/uploads\\\/2026\\\/06\\\/Contenidos.jpg\",\"@id\":\"https:\\\/\\\/www.eldigitaldeasturias.com\\\/noticias\\\/vox-asturias-propone-racionalizar-el-gasto-publico\\\/#mainImage\",\"width\":1265,\"height\":697,\"caption\":\"Contenidos\"},\"primaryImageOfPage\":{\"@id\":\"https:\\\/\\\/www.eldigitaldeasturias.com\\\/noticias\\\/vox-asturias-propone-racionalizar-el-gasto-publico\\\/#mainImage\"},\"datePublished\":\"2021-06-16T17:49:45+02:00\",\"dateModified\":\"2021-06-16T17:49:45+02:00\"},{\"@type\":\"WebSite\",\"@id\":\"https:\\\/\\\/www.eldigitaldeasturias.com\\\/noticias\\\/#website\",\"url\":\"https:\\\/\\\/www.eldigitaldeasturias.com\\\/noticias\\\/\",\"name\":\"El Digital de Asturias - Diario de actualidad y noticias\",\"alternateName\":\"El Digital de Asturias - Diario de actualidad y noticias\",\"description\":\"Hemeroteca\",\"inLanguage\":\"es-ES\",\"publisher\":{\"@id\":\"https:\\\/\\\/www.eldigitaldeasturias.com\\\/noticias\\\/#organization\"}}]}\n\t\t<\/script>\n\t\t<!-- All in One SEO Pro -->\r\n\t\t<title>VOX Asturias propone racionalizar el gasto p\u00fablico - El Digital de Asturias<\/title>\n\n","aioseo_head_json":{"title":"VOX Asturias propone racionalizar el gasto p\u00fablico - El Digital de Asturias","description":"La diputada del Grupo Parlamentario VOX Asturias en la Junta General del Principado, Sara \u00c1lvarez Rouco, ha defendido en el pleno celebrado esta ma\u00f1ana la ..","canonical_url":"https:\/\/www.eldigitaldeasturias.com\/noticias\/vox-asturias-propone-racionalizar-el-gasto-publico\/","robots":"max-image-preview:large","keywords":"vox asturias,noticias asturias,actualidad asturias","webmasterTools":{"google-site-verification":"UA-38556648-1","msvalidate.01":"7dfe9f3f1b24437ab69f4f2559babe99","miscellaneous":""},"schema":{"@context":"https:\/\/schema.org","@graph":[{"@type":"BlogPosting","@id":"https:\/\/www.eldigitaldeasturias.com\/noticias\/vox-asturias-propone-racionalizar-el-gasto-publico\/#blogposting","name":"VOX Asturias propone racionalizar el gasto p\u00fablico - El Digital de Asturias","headline":"VOX Asturias propone racionalizar el gasto p\u00fablico","author":{"@id":"https:\/\/www.eldigitaldeasturias.com\/noticias\/author\/admin\/#author"},"publisher":{"@id":"https:\/\/www.eldigitaldeasturias.com\/noticias\/#organization"},"image":{"@type":"ImageObject","url":"https:\/\/www.eldigitaldeasturias.com\/noticias\/wp-content\/uploads\/2026\/06\/Contenidos.jpg","width":1265,"height":697,"caption":"Contenidos"},"datePublished":"2021-06-16T17:49:45+02:00","dateModified":"2021-06-16T17:49:45+02:00","inLanguage":"es-ES","mainEntityOfPage":{"@id":"https:\/\/www.eldigitaldeasturias.com\/noticias\/vox-asturias-propone-racionalizar-el-gasto-publico\/#webpage"},"isPartOf":{"@id":"https:\/\/www.eldigitaldeasturias.com\/noticias\/vox-asturias-propone-racionalizar-el-gasto-publico\/#webpage"},"articleSection":"Actualidad Asturias"},{"@type":"BreadcrumbList","@id":"https:\/\/www.eldigitaldeasturias.com\/noticias\/vox-asturias-propone-racionalizar-el-gasto-publico\/#breadcrumblist","itemListElement":[{"@type":"ListItem","@id":"https:\/\/www.eldigitaldeasturias.com\/noticias#listItem","position":1,"name":"Home","item":"https:\/\/www.eldigitaldeasturias.com\/noticias","nextItem":{"@type":"ListItem","@id":"https:\/\/www.eldigitaldeasturias.com\/noticias\/category\/actualidad-asturias\/#listItem","name":"Actualidad Asturias"}},{"@type":"ListItem","@id":"https:\/\/www.eldigitaldeasturias.com\/noticias\/category\/actualidad-asturias\/#listItem","position":2,"name":"Actualidad Asturias","item":"https:\/\/www.eldigitaldeasturias.com\/noticias\/category\/actualidad-asturias\/","nextItem":{"@type":"ListItem","@id":"https:\/\/www.eldigitaldeasturias.com\/noticias\/vox-asturias-propone-racionalizar-el-gasto-publico\/#listItem","name":"VOX Asturias propone racionalizar el gasto p\u00fablico"},"previousItem":{"@type":"ListItem","@id":"https:\/\/www.eldigitaldeasturias.com\/noticias#listItem","name":"Home"}},{"@type":"ListItem","@id":"https:\/\/www.eldigitaldeasturias.com\/noticias\/vox-asturias-propone-racionalizar-el-gasto-publico\/#listItem","position":3,"name":"VOX Asturias propone racionalizar el gasto p\u00fablico","previousItem":{"@type":"ListItem","@id":"https:\/\/www.eldigitaldeasturias.com\/noticias\/category\/actualidad-asturias\/#listItem","name":"Actualidad Asturias"}}]},{"@type":"Organization","@id":"https:\/\/www.eldigitaldeasturias.com\/noticias\/#organization","name":"El Digital de Asturias","description":"Hemeroteca","url":"https:\/\/www.eldigitaldeasturias.com\/noticias\/","email":"info@eldigitaldeasturias.com","telephone":"+34652131393","logo":{"@type":"ImageObject","url":"https:\/\/www.eldigitaldeasturias.com\/noticias\/wp-content\/uploads\/2020\/12\/EDA.jpg","@id":"https:\/\/www.eldigitaldeasturias.com\/noticias\/vox-asturias-propone-racionalizar-el-gasto-publico\/#organizationLogo"},"image":{"@id":"https:\/\/www.eldigitaldeasturias.com\/noticias\/vox-asturias-propone-racionalizar-el-gasto-publico\/#organizationLogo"},"sameAs":["https:\/\/facebook.com\/eldigitaldeasturias","https:\/\/www.youtube.com\/channel\/UCZP-2wLEB9Rv6erhFmqVnvg"],"address":{"@id":"https:\/\/www.eldigitaldeasturias.com\/noticias\/#postaladdress","@type":"PostalAddress","streetAddress":"san antonio 4","postalCode":"33430","addressLocality":"Cand\u00e1s","addressRegion":"Asturias","addressCountry":"ES"}},{"@type":"Person","@id":"https:\/\/www.eldigitaldeasturias.com\/noticias\/author\/admin\/#author","url":"https:\/\/www.eldigitaldeasturias.com\/noticias\/author\/admin\/","name":"El Digital de Asturias","image":{"@type":"ImageObject","@id":"https:\/\/www.eldigitaldeasturias.com\/noticias\/vox-asturias-propone-racionalizar-el-gasto-publico\/#authorImage","url":"https:\/\/secure.gravatar.com\/avatar\/df2aeffc32bcd13f8d26072ef8a91b623d677766deac7f97ca815868cd41bf5e?s=96&d=mm&r=g","width":96,"height":96,"caption":"El Digital de Asturias"}},{"@type":"WebPage","@id":"https:\/\/www.eldigitaldeasturias.com\/noticias\/vox-asturias-propone-racionalizar-el-gasto-publico\/#webpage","url":"https:\/\/www.eldigitaldeasturias.com\/noticias\/vox-asturias-propone-racionalizar-el-gasto-publico\/","name":"VOX Asturias propone racionalizar el gasto p\u00fablico - El Digital de Asturias","description":"La diputada del Grupo Parlamentario VOX Asturias en la Junta General del Principado, Sara \u00c1lvarez Rouco, ha defendido en el pleno celebrado esta ma\u00f1ana la ..","inLanguage":"es-ES","isPartOf":{"@id":"https:\/\/www.eldigitaldeasturias.com\/noticias\/#website"},"breadcrumb":{"@id":"https:\/\/www.eldigitaldeasturias.com\/noticias\/vox-asturias-propone-racionalizar-el-gasto-publico\/#breadcrumblist"},"author":{"@id":"https:\/\/www.eldigitaldeasturias.com\/noticias\/author\/admin\/#author"},"creator":{"@id":"https:\/\/www.eldigitaldeasturias.com\/noticias\/author\/admin\/#author"},"image":{"@type":"ImageObject","url":"https:\/\/www.eldigitaldeasturias.com\/noticias\/wp-content\/uploads\/2026\/06\/Contenidos.jpg","@id":"https:\/\/www.eldigitaldeasturias.com\/noticias\/vox-asturias-propone-racionalizar-el-gasto-publico\/#mainImage","width":1265,"height":697,"caption":"Contenidos"},"primaryImageOfPage":{"@id":"https:\/\/www.eldigitaldeasturias.com\/noticias\/vox-asturias-propone-racionalizar-el-gasto-publico\/#mainImage"},"datePublished":"2021-06-16T17:49:45+02:00","dateModified":"2021-06-16T17:49:45+02:00"},{"@type":"WebSite","@id":"https:\/\/www.eldigitaldeasturias.com\/noticias\/#website","url":"https:\/\/www.eldigitaldeasturias.com\/noticias\/","name":"El Digital de Asturias - Diario de actualidad y noticias","alternateName":"El Digital de Asturias - Diario de actualidad y noticias","description":"Hemeroteca","inLanguage":"es-ES","publisher":{"@id":"https:\/\/www.eldigitaldeasturias.com\/noticias\/#organization"}}]},"og:locale":"es_ES","og:site_name":"El Digital de Asturias","og:type":"article","og:title":"VOX Asturias propone racionalizar el gasto p\u00fablico - El Digital de Asturias","og:description":"La diputada del Grupo Parlamentario VOX Asturias en la Junta General del Principado, Sara \u00c1lvarez Rouco, ha defendido en el pleno celebrado esta ma\u00f1ana la ..","og:url":"https:\/\/www.eldigitaldeasturias.com\/noticias\/vox-asturias-propone-racionalizar-el-gasto-publico\/","og:image":"https:\/\/www.eldigitaldeasturias.com\/noticias\/wp-content\/uploads\/2026\/06\/Contenidos.jpg","og:image:secure_url":"https:\/\/www.eldigitaldeasturias.com\/noticias\/wp-content\/uploads\/2026\/06\/Contenidos.jpg","og:image:width":1265,"og:image:height":697,"article:tag":["vox asturias","noticias asturias","actualidad asturias"],"article:published_time":"2021-06-16T16:49:45+00:00","article:modified_time":"2021-06-16T16:49:45+00:00","article:publisher":"https:\/\/facebook.com\/eldigitaldeasturias","twitter:card":"summary_large_image","twitter:title":"VOX Asturias propone racionalizar el gasto p\u00fablico - El Digital de Asturias","twitter:description":"La diputada del Grupo Parlamentario VOX Asturias en la Junta General del Principado, Sara \u00c1lvarez Rouco, ha defendido en el pleno celebrado esta ma\u00f1ana la ..","twitter:image":"https:\/\/www.eldigitaldeasturias.com\/noticias\/wp-content\/uploads\/2026\/06\/Contenidos.jpg","twitter:label1":"Escrito por","twitter:data1":"El Digital de Asturias","twitter:label2":"Tiempo de lectura estimado","twitter:data2":"4 minutos"},"aioseo_meta_data":{"post_id":"1093828","title":null,"description":"La diputada del Grupo Parlamentario VOX Asturias en la Junta General del Principado, Sara \u00c1lvarez Rouco, ha defendido en el pleno celebrado esta ma\u00f1ana la ..","keywords":[{"label":"VOX Asturias","value":"VOX Asturias"},{"label":"Noticias asturias","value":"Noticias asturias"},{"label":"Actualidad Asturias","value":"Actualidad Asturias"}],"keyphrases":{"focus":{"keyphrase":"VOX Asturias","score":100,"analysis":{"keyphraseInTitle":{"title":"Frase clave objetivo en el t\u00edtulo SEO","description":"Frase clave objetivo encontrada en el t\u00edtulo SEO.","score":9,"maxScore":9,"error":0},"keyphraseInDescription":{"title":"Frase clave objetivo en la meta descripci\u00f3n","description":"Frase clave objetivo encontrada en la meta descripci\u00f3n.","score":9,"maxScore":9,"error":0},"keyphraseInURL":[],"keyphraseInIntroduction":{"title":"Frase clave objetivo en la introducci\u00f3n","description":"Su Frase clave objetivo aparece en el primer p\u00e1rrafo. \u00a1Bien hecho!","score":9,"maxScore":9,"error":0},"keyphraseInSubHeadings":[],"keyphraseLength":{"title":"Longitud de la Frase clave objetivo","description":"\u00a1Buen trabajo!","score":9,"maxScore":9,"error":0,"length":2},"keyphraseInImageAlt":{"title":"Frase clave objetivo en los atributos alt de la imagen.","description":"Frase clave objetivo encontrada en los atributos alt de la(s) imagen(es).","score":9,"maxScore":9,"error":0}}},"additional":[{"keyphrase":"\u00c1lvarez Rouco,","score":83,"analysis":{"keyphraseInDescription":{"title":"Frase clave en la meta descripci\u00f3n","description":"Frase clave encontrada en la meta descripci\u00f3n.","score":9,"maxScore":9,"error":0},"keyphraseInIntroduction":{"title":"Frase clave en la introducci\u00f3n","description":"Su Frase clave aparece en el primer p\u00e1rrafo. \u00a1Bien hecho!","score":9,"maxScore":9,"error":0},"keyphraseInImageAlt":{"title":"Frase clave en los atributos alt de la imagen.","description":"Frase clave no se encuentra en los atributos alt de la imagen. A\u00f1ada una imagen con su Frase clave como texto alternativo.","score":3,"maxScore":9,"error":1},"keyphraseLength":{"title":"Longitud de la Frase clave","description":"\u00a1Buen trabajo!","score":9,"maxScore":9,"error":0,"length":2}}},{"keyphrase":" diputada","score":100,"analysis":{"keyphraseInDescription":{"title":"Frase clave en la meta descripci\u00f3n","description":"Frase clave encontrada en la meta descripci\u00f3n.","score":9,"maxScore":9,"error":0},"keyphraseInIntroduction":{"title":"Frase clave en la introducci\u00f3n","description":"Su Frase clave aparece en el primer p\u00e1rrafo. \u00a1Bien hecho!","score":9,"maxScore":9,"error":0},"keyphraseInImageAlt":{"title":"Frase clave en los atributos alt de la imagen.","description":"Frase clave encontrada en los atributos alt de la(s) imagen(es).","score":9,"maxScore":9,"error":0},"keyphraseLength":{"title":"Longitud de la Frase clave","description":"\u00a1Buen trabajo!","score":9,"maxScore":9,"error":0,"length":1}}},{"keyphrase":"Principado","score":83,"analysis":{"keyphraseInDescription":{"title":"Frase clave en la meta descripci\u00f3n","description":"Frase clave encontrada en la meta descripci\u00f3n.","score":9,"maxScore":9,"error":0},"keyphraseInIntroduction":{"title":"Frase clave en la introducci\u00f3n","description":"Su Frase clave aparece en el primer p\u00e1rrafo. \u00a1Bien hecho!","score":9,"maxScore":9,"error":0},"keyphraseInImageAlt":{"title":"Frase clave en los atributos alt de la imagen.","description":"Frase clave no se encuentra en los atributos alt de la imagen. A\u00f1ada una imagen con su Frase clave como texto alternativo.","score":3,"maxScore":9,"error":1},"keyphraseLength":{"title":"Longitud de la Frase clave","description":"\u00a1Buen trabajo!","score":9,"maxScore":9,"error":0,"length":1}}},{"keyphrase":"el","score":83,"analysis":{"keyphraseInDescription":{"title":"Frase clave en la meta descripci\u00f3n","description":"Frase clave encontrada en la meta descripci\u00f3n.","score":9,"maxScore":9,"error":0},"keyphraseInIntroduction":{"title":"Frase clave en la introducci\u00f3n","description":"Su Frase clave aparece en el primer p\u00e1rrafo. \u00a1Bien hecho!","score":9,"maxScore":9,"error":0},"keyphraseInImageAlt":{"title":"Frase clave en los atributos alt de la imagen.","description":"Frase clave no se encuentra en los atributos alt de la imagen. A\u00f1ada una imagen con su Frase clave como texto alternativo.","score":3,"maxScore":9,"error":1},"keyphraseLength":{"title":"Longitud de la Frase clave","description":"\u00a1Buen trabajo!","score":9,"maxScore":9,"error":0,"length":1}}}]},"primary_term":null,"canonical_url":null,"og_title":null,"og_description":null,"og_object_type":"default","og_image_type":"default","og_image_url":null,"og_image_width":null,"og_image_height":null,"og_image_custom_url":null,"og_image_custom_fields":null,"og_video":"","og_custom_url":null,"og_article_section":null,"og_article_tags":[],"twitter_use_og":false,"twitter_card":"default","twitter_image_type":"default","twitter_image_url":null,"twitter_image_custom_url":null,"twitter_image_custom_fields":null,"twitter_title":null,"twitter_description":null,"schema":{"blockGraphs":[],"customGraphs":[],"default":{"data":{"Article":[],"Course":[],"Dataset":[],"FAQPage":[],"Movie":[],"Person":[],"Product":[],"ProductReview":[],"Car":[],"Recipe":[],"Service":[],"SoftwareApplication":[],"WebPage":[]},"graphName":"","isEnabled":true},"graphs":[],"defaultGraph":"Article","defaultPostTypeGraph":""},"schema_type":"default","schema_type_options":"{\"article\":{\"articleType\":\"BlogPosting\"},\"course\":{\"name\":\"\",\"description\":\"\",\"provider\":\"\"},\"faq\":{\"pages\":[]},\"product\":{\"reviews\":[]},\"recipe\":{\"ingredients\":[],\"instructions\":[],\"keywords\":[]},\"software\":{\"reviews\":[],\"operatingSystems\":[]},\"webPage\":{\"webPageType\":\"WebPage\"}}","pillar_content":false,"robots_default":true,"robots_noindex":false,"robots_noarchive":false,"robots_nosnippet":false,"robots_nofollow":false,"robots_noimageindex":false,"robots_noodp":false,"robots_notranslate":false,"robots_max_snippet":"-1","robots_max_videopreview":"-1","robots_max_imagepreview":"large","priority":null,"frequency":"default","local_seo":{"locations":{"business":{"name":"","businessType":"","image":"","areaServed":"","urls":{"website":"","aboutPage":"","contactPage":""},"address":{"streetLine1":"","streetLine2":"","zipCode":"","city":"","state":"","country":"","addressFormat":"#streetLineOne\n#streetLineTwo\n#city, #state #zipCode"},"contact":{"email":"","phone":"","phoneFormatted":"","fax":"","faxFormatted":""},"ids":{"vat":"","tax":"","chamberOfCommerce":""},"payment":{"priceRange":"","currenciesAccepted":"","methods":""}}},"openingHours":{"useDefaults":true,"show":true,"alwaysOpen":false,"use24hFormat":false,"timezone":"","labels":{"closed":"","alwaysOpen":""},"days":{"monday":{"open24h":false,"closed":false,"openTime":"09:00","closeTime":"17:00"},"tuesday":{"open24h":false,"closed":false,"openTime":"09:00","closeTime":"17:00"},"wednesday":{"open24h":false,"closed":false,"openTime":"09:00","closeTime":"17:00"},"thursday":{"open24h":false,"closed":false,"openTime":"09:00","closeTime":"17:00"},"friday":{"open24h":false,"closed":false,"openTime":"09:00","closeTime":"17:00"},"saturday":{"open24h":false,"closed":false,"openTime":"09:00","closeTime":"17:00"},"sunday":{"open24h":false,"closed":false,"openTime":"09:00","closeTime":"17:00"}}}},"seo_analyzer_scan_date":"2026-07-18 19:09:40","breadcrumb_settings":null,"limit_modified_date":false,"open_ai":null,"ai":null,"created":"2021-06-16 16:45:54","updated":"2026-07-18 19:09:40","focus_keyword":"VOX Asturias","additional_keywords":[{"word":"\u00c1lvarez Rouco,","score":83},{"word":"diputada","score":100},{"word":"Principado","score":83},{"word":"el","score":83}],"truseo_locale":null},"aioseo_breadcrumb":"<div class=\"aioseo-breadcrumbs\"><span class=\"aioseo-breadcrumb\">\n\t<a href=\"https:\/\/www.eldigitaldeasturias.com\/noticias\" title=\"Home\">Home<\/a>\n<\/span><span class=\"aioseo-breadcrumb-separator\">\u2013<\/span><span class=\"aioseo-breadcrumb\">\n\t<a href=\"https:\/\/www.eldigitaldeasturias.com\/noticias\/category\/actualidad-asturias\/\" title=\"Actualidad Asturias\">Actualidad Asturias<\/a>\n<\/span><span class=\"aioseo-breadcrumb-separator\">\u2013<\/span><span class=\"aioseo-breadcrumb\">\n\t<a href=\"https:\/\/www.eldigitaldeasturias.com\/noticias\/vox-asturias-propone-racionalizar-el-gasto-publico\/\" title=\"VOX Asturias propone racionalizar el gasto p\u00fablico\">VOX Asturias propone racionalizar el gasto p\u00fablico<\/a>\n<\/span><\/div>","aioseo_breadcrumb_json":[{"label":"Home","link":"https:\/\/www.eldigitaldeasturias.com\/noticias"},{"label":"Actualidad Asturias","link":"https:\/\/www.eldigitaldeasturias.com\/noticias\/category\/actualidad-asturias\/"},{"label":"VOX Asturias propone racionalizar el gasto p\u00fablico","link":"https:\/\/www.eldigitaldeasturias.com\/noticias\/vox-asturias-propone-racionalizar-el-gasto-publico\/"}],"_links":{"self":[{"href":"https:\/\/www.eldigitaldeasturias.com\/noticias\/wp-json\/wp\/v2\/posts\/1093828","targetHints":{"allow":["GET"]}}],"collection":[{"href":"https:\/\/www.eldigitaldeasturias.com\/noticias\/wp-json\/wp\/v2\/posts"}],"about":[{"href":"https:\/\/www.eldigitaldeasturias.com\/noticias\/wp-json\/wp\/v2\/types\/post"}],"author":[{"embeddable":true,"href":"https:\/\/www.eldigitaldeasturias.com\/noticias\/wp-json\/wp\/v2\/users\/1"}],"replies":[{"embeddable":true,"href":"https:\/\/www.eldigitaldeasturias.com\/noticias\/wp-json\/wp\/v2\/comments?post=1093828"}],"version-history":[{"count":0,"href":"https:\/\/www.eldigitaldeasturias.com\/noticias\/wp-json\/wp\/v2\/posts\/1093828\/revisions"}],"wp:featuredmedia":[{"embeddable":true,"href":"https:\/\/www.eldigitaldeasturias.com\/noticias\/wp-json\/wp\/v2\/media\/1132184"}],"wp:attachment":[{"href":"https:\/\/www.eldigitaldeasturias.com\/noticias\/wp-json\/wp\/v2\/media?parent=1093828"}],"wp:term":[{"taxonomy":"category","embeddable":true,"href":"https:\/\/www.eldigitaldeasturias.com\/noticias\/wp-json\/wp\/v2\/categories?post=1093828"},{"taxonomy":"post_tag","embeddable":true,"href":"https:\/\/www.eldigitaldeasturias.com\/noticias\/wp-json\/wp\/v2\/tags?post=1093828"}],"curies":[{"name":"wp","href":"https:\/\/api.w.org\/{rel}","templated":true}]}}