{"id":1093826,"date":"2021-06-16T17:45:24","date_gmt":"2021-06-16T16:45:24","guid":{"rendered":"https:\/\/www.eldigitaldeasturias.com\/noticias\/?p=1093826"},"modified":"2021-06-16T17:45:24","modified_gmt":"2021-06-16T16:45:24","slug":"alvarez-rouco-la-gestion-del-psoe-ha-estado-plagada-de-errores-y-contradicciones","status":"publish","type":"post","link":"https:\/\/www.eldigitaldeasturias.com\/noticias\/alvarez-rouco-la-gestion-del-psoe-ha-estado-plagada-de-errores-y-contradicciones\/","title":{"rendered":"\u00c1lvarez Rouco: \u00abLa gesti\u00f3n del PSOE ha estado plagada de errores y contradicciones\u00bb"},"content":{"rendered":"<p><img loading=\"lazy\" decoding=\"async\" class=\"alignleft size-medium wp-image-1079407\" src=\"https:\/\/www.eldigitaldeasturias.com\/noticias\/wp-content\/uploads\/2020\/11\/Rouco-360x278.jpg\" alt=\"Sara \u00c1lvarez Rouco\" width=\"360\" height=\"278\" \/>La diputada del Grupo Parlamentario <strong>VOX Asturias<\/strong> en la Junta General del Principado, Sara \u00c1lvarez Rouco, ha defendido hoy la Enmienda a la Totalidad presentada por VOX frente a la primera modificaci\u00f3n de la Ley de Salud 7\/2019 de 29 de marzo del Principado de Asturias. Una \u201cpretendida\u201d y \u201cansiada\u201d reforma que, a juicio de la diputada \u201cse resume por desgracia en una \u00fanica palabra, totalitarismo. As\u00ed ha sido como han gobernado la crisis, y ahora buscan reafirmarse. Con autoridad supremacista, sin consenso y a base de medidas arbitrarias que se han apoyado en todo menos en informes con criterios cient\u00edficos. Unos informes que en base a la Ley General de Salud p\u00fablica deber\u00edamos de haber conocido en cada momento, pero por los que a d\u00eda de hoy seguimos esperando\u201d.<\/p>\n<p>En su defensa de la Enmienda a la Totalidad, <strong>\u00c1lvarez Rouco<\/strong>, ha se\u00f1alado que \u201cVOX Asturias se opone a la tramitaci\u00f3n de una ley b\u00e1sica, simplista y sin ning\u00fan tipo de finalidad concreta. No participamos de su \u00e1nimo en confundir a la ciudadan\u00eda estableciendo normas de dif\u00edcil concreci\u00f3n, que pueden traer situaciones indeseadas, cuyo \u00fanico objetivo parece ser buscar justificaciones a posibles excesos pol\u00edticos y de gobierno, que ahoguen la vida y la libertad de los ciudadanos\u201d y ha explicado que el Gobierno \u201cpretende hacer creer a la ciudadan\u00eda que esta ley proviene del consenso, cuando d\u00eda a d\u00eda nos han demostrado, especialmente a VOX, que desconocen el significado de dicha palabra. Desean imponerla ahora de manera urgente, tras haber tenido meses para negociarla con todos los grupos. Todo falsedad\u201d.<\/p>\n<p>A juicio de la diputada, \u201cquieren sacar adelante una modificaci\u00f3n de la Ley de Salud por v\u00eda de apremio que no aportar\u00eda nada frente a una situaci\u00f3n de futura pandemia, salvo una acumulaci\u00f3n de poder injustificable que no les ha sido otorgada por los votantes y que, como se\u00f1ala el informe jur\u00eddico del letrado, solo servir\u00eda para aumentar los tr\u00e1mites burocr\u00e1ticos en los momentos en los que la agilidad es la mejor compa\u00f1era\u201d. Por ello, la diputada ha calificado al PSOE como \u201clos reyes del enga\u00f1o\u201d. \u201cTodo lo arreglan diciendo a quienes les llevan la contraria que de d\u00f3nde han salido. Nosotros les decimos \u00bfde d\u00f3nde han salido ustedes? Les encanta escucharse, pero no oyen a nadie m\u00e1s\u201d, se\u00f1ala la diputada.<\/p>\n<p>En este sentido, \u00c1lvarez Rouco ha se\u00f1alado que \u201cla gesti\u00f3n del PSOE ha estado plagada de errores y contradicciones donde lo \u00fanico que han manejado ha sido prohibir, prohibir y prohibir. Y ahora quieren todav\u00eda m\u00e1s poder para profundizar en esa l\u00ednea\u201d, un hecho que ha calificado de \u201cinaceptable\u201d. Es m\u00e1s, a\u00f1ade la diputada, \u201chan retorcido la legislaci\u00f3n al m\u00e1ximo para poder limitar a su antojo los derechos fundamentales de los espa\u00f1oles y asturianos, y lo han hecho sin importarles que cuando decayera el controvertido estado de alarma cada comunidad aut\u00f3noma se iba a enfrentar a una situaci\u00f3n de desamparo legislativo y de inseguridad jur\u00eddica para sus ciudadanos\u201d.<\/p>\n<p>Asimismo, la diputada ha a\u00f1adido \u201cque han jugado con nosotros, nos han encerrado, han vulnerado nuestros derechos y libertades fundamentales, nos han ultrajado y nos han enga\u00f1ado\u201d, y lo peor, -contin\u00faa \u00c1lvarez Rouco-, \u201ces que como ya se\u00f1al\u00f3 el propio Fernando Sim\u00f3n, \u2018lo hicimos porque no sab\u00edamos muy bien qu\u00e9 hacer\u2019\u201d.<\/p>\n<p>Por todo ello, la diputada ha insistido en la defensa de la Enmienda a la Totalidad y ha se\u00f1alado que \u201cen todo caso consideramos que lo aut\u00e9nticamente necesario ser\u00eda que instasen al Gobierno de la Naci\u00f3n a establecer una legislaci\u00f3n nacional \u00fanica que defienda y proteja los intereses, derechos y libertades fundamentales de todos los espa\u00f1oles por igual. Y que establezca el c\u00f3mo, cu\u00e1ndo, y d\u00f3nde de una estrategia \u00fanica frente a futuras situaciones pand\u00e9micas a la que nos enfrentemos en nuestro pa\u00eds\u00bb.<\/p>\n<p>&nbsp;<\/p>\n","protected":false},"excerpt":{"rendered":"<p>La diputada del Grupo Parlamentario VOX Asturias en la Junta General del Principado, Sara \u00c1lvarez Rouco, ha defendido hoy la Enmienda a la Totalidad presentada por VOX frente a la primera modificaci\u00f3n de la Ley de Salud 7\/2019 de 29 de marzo del Principado de Asturias. Una \u201cpretendida\u201d y \u201cansiada\u201d reforma que, a juicio de [&hellip;]<\/p>\n","protected":false},"author":1,"featured_media":1079407,"comment_status":"closed","ping_status":"closed","sticky":false,"template":"","format":"standard","meta":{"footnotes":""},"categories":[12],"tags":[],"class_list":["post-1093826","post","type-post","status-publish","format-standard","has-post-thumbnail","hentry","category-actualidad-asturias"],"aioseo_notices":[],"aioseo_head":"\n\t\t<!-- All in One SEO Pro 5.0.1 - aioseo.com -->\n\t<meta name=\"description\" content=\"La diputada del Grupo Parlamentario VOX Asturias en la Junta General del Principado, Sara \u00c1lvarez Rouco, ha defendido hoy la Enmienda a la Totalidad presentada\" \/>\n\t<meta name=\"robots\" content=\"max-image-preview:large\" \/>\n\t<meta name=\"author\" content=\"El Digital de Asturias\"\/>\n\t<meta name=\"google-site-verification\" content=\"UA-38556648-1\" \/>\n\t<meta name=\"msvalidate.01\" content=\"7dfe9f3f1b24437ab69f4f2559babe99\" \/>\n\t<meta name=\"keywords\" content=\"actualidad asturias,vox asturias\" \/>\n\t<link rel=\"canonical\" href=\"https:\/\/www.eldigitaldeasturias.com\/noticias\/alvarez-rouco-la-gestion-del-psoe-ha-estado-plagada-de-errores-y-contradicciones\/\" \/>\n\t<meta name=\"generator\" content=\"All in One SEO Pro (AIOSEO) 5.0.1\" \/>\n\t\t<meta property=\"og:locale\" content=\"es_ES\" \/>\n\t\t<meta property=\"og:site_name\" content=\"El Digital de Asturias\" \/>\n\t\t<meta property=\"og:type\" content=\"article\" \/>\n\t\t<meta property=\"og:title\" content=\"\u00c1lvarez Rouco: \u00abLa gesti\u00f3n del PSOE ha estado plagada de errores y contradicciones\u00bb - El Digital de Asturias\" \/>\n\t\t<meta property=\"og:description\" content=\"La diputada del Grupo Parlamentario VOX Asturias en la Junta General del Principado, Sara \u00c1lvarez Rouco, ha defendido hoy la Enmienda a la Totalidad presentada\" \/>\n\t\t<meta property=\"og:url\" content=\"https:\/\/www.eldigitaldeasturias.com\/noticias\/alvarez-rouco-la-gestion-del-psoe-ha-estado-plagada-de-errores-y-contradicciones\/\" \/>\n\t\t<meta property=\"article:tag\" content=\"actualidad asturias\" \/>\n\t\t<meta property=\"article:tag\" content=\"vox asturias\" \/>\n\t\t<meta property=\"article:published_time\" content=\"2021-06-16T16:45:24+00:00\" \/>\n\t\t<meta property=\"article:modified_time\" content=\"2021-06-16T16:45:24+00:00\" \/>\n\t\t<meta property=\"article:publisher\" content=\"https:\/\/facebook.com\/eldigitaldeasturias\" \/>\n\t\t<meta name=\"twitter:card\" content=\"summary_large_image\" \/>\n\t\t<meta name=\"twitter:title\" content=\"\u00c1lvarez Rouco: \u00abLa gesti\u00f3n del PSOE ha estado plagada de errores y contradicciones\u00bb - El Digital de Asturias\" \/>\n\t\t<meta name=\"twitter:description\" content=\"La diputada del Grupo Parlamentario VOX Asturias en la Junta General del Principado, Sara \u00c1lvarez Rouco, ha defendido hoy la Enmienda a la Totalidad presentada\" \/>\n\t\t<meta name=\"twitter:image\" content=\"https:\/\/www.eldigitaldeasturias.com\/noticias\/wp-content\/uploads\/2020\/12\/EDA-1.jpg\" \/>\n\t\t<meta name=\"twitter:label1\" content=\"Escrito por\" \/>\n\t\t<meta name=\"twitter:data1\" content=\"El Digital de Asturias\" \/>\n\t\t<meta name=\"twitter:label2\" content=\"Tiempo de lectura estimado\" \/>\n\t\t<meta name=\"twitter:data2\" content=\"3 minutos\" \/>\n\t\t<script type=\"application\/ld+json\" class=\"aioseo-schema\">\n\t\t\t{\"@context\":\"https:\\\/\\\/schema.org\",\"@graph\":[{\"@type\":\"BlogPosting\",\"@id\":\"https:\\\/\\\/www.eldigitaldeasturias.com\\\/noticias\\\/alvarez-rouco-la-gestion-del-psoe-ha-estado-plagada-de-errores-y-contradicciones\\\/#blogposting\",\"name\":\"\\u00c1lvarez Rouco: \\u00abLa gesti\\u00f3n del PSOE ha estado plagada de errores y contradicciones\\u00bb - El Digital de Asturias\",\"headline\":\"\\u00c1lvarez Rouco: \\u00abLa gesti\\u00f3n del PSOE ha estado plagada de errores y contradicciones\\u00bb\",\"author\":{\"@id\":\"https:\\\/\\\/www.eldigitaldeasturias.com\\\/noticias\\\/author\\\/admin\\\/#author\"},\"publisher\":{\"@id\":\"https:\\\/\\\/www.eldigitaldeasturias.com\\\/noticias\\\/#organization\"},\"image\":{\"@type\":\"ImageObject\",\"url\":1079407},\"datePublished\":\"2021-06-16T17:45:24+02:00\",\"dateModified\":\"2021-06-16T17:45:24+02:00\",\"inLanguage\":\"es-ES\",\"mainEntityOfPage\":{\"@id\":\"https:\\\/\\\/www.eldigitaldeasturias.com\\\/noticias\\\/alvarez-rouco-la-gestion-del-psoe-ha-estado-plagada-de-errores-y-contradicciones\\\/#webpage\"},\"isPartOf\":{\"@id\":\"https:\\\/\\\/www.eldigitaldeasturias.com\\\/noticias\\\/alvarez-rouco-la-gestion-del-psoe-ha-estado-plagada-de-errores-y-contradicciones\\\/#webpage\"},\"articleSection\":\"Actualidad Asturias\"},{\"@type\":\"BreadcrumbList\",\"@id\":\"https:\\\/\\\/www.eldigitaldeasturias.com\\\/noticias\\\/alvarez-rouco-la-gestion-del-psoe-ha-estado-plagada-de-errores-y-contradicciones\\\/#breadcrumblist\",\"itemListElement\":[{\"@type\":\"ListItem\",\"@id\":\"https:\\\/\\\/www.eldigitaldeasturias.com\\\/noticias#listItem\",\"position\":1,\"name\":\"Home\",\"item\":\"https:\\\/\\\/www.eldigitaldeasturias.com\\\/noticias\",\"nextItem\":{\"@type\":\"ListItem\",\"@id\":\"https:\\\/\\\/www.eldigitaldeasturias.com\\\/noticias\\\/category\\\/actualidad-asturias\\\/#listItem\",\"name\":\"Actualidad Asturias\"}},{\"@type\":\"ListItem\",\"@id\":\"https:\\\/\\\/www.eldigitaldeasturias.com\\\/noticias\\\/category\\\/actualidad-asturias\\\/#listItem\",\"position\":2,\"name\":\"Actualidad Asturias\",\"item\":\"https:\\\/\\\/www.eldigitaldeasturias.com\\\/noticias\\\/category\\\/actualidad-asturias\\\/\",\"nextItem\":{\"@type\":\"ListItem\",\"@id\":\"https:\\\/\\\/www.eldigitaldeasturias.com\\\/noticias\\\/alvarez-rouco-la-gestion-del-psoe-ha-estado-plagada-de-errores-y-contradicciones\\\/#listItem\",\"name\":\"\\u00c1lvarez Rouco: \\u00abLa gesti\\u00f3n del PSOE ha estado plagada de errores y contradicciones\\u00bb\"},\"previousItem\":{\"@type\":\"ListItem\",\"@id\":\"https:\\\/\\\/www.eldigitaldeasturias.com\\\/noticias#listItem\",\"name\":\"Home\"}},{\"@type\":\"ListItem\",\"@id\":\"https:\\\/\\\/www.eldigitaldeasturias.com\\\/noticias\\\/alvarez-rouco-la-gestion-del-psoe-ha-estado-plagada-de-errores-y-contradicciones\\\/#listItem\",\"position\":3,\"name\":\"\\u00c1lvarez Rouco: \\u00abLa gesti\\u00f3n del PSOE ha estado plagada de errores y contradicciones\\u00bb\",\"previousItem\":{\"@type\":\"ListItem\",\"@id\":\"https:\\\/\\\/www.eldigitaldeasturias.com\\\/noticias\\\/category\\\/actualidad-asturias\\\/#listItem\",\"name\":\"Actualidad Asturias\"}}]},{\"@type\":\"Organization\",\"@id\":\"https:\\\/\\\/www.eldigitaldeasturias.com\\\/noticias\\\/#organization\",\"name\":\"El Digital de Asturias\",\"description\":\"Hemeroteca\",\"url\":\"https:\\\/\\\/www.eldigitaldeasturias.com\\\/noticias\\\/\",\"email\":\"info@eldigitaldeasturias.com\",\"telephone\":\"+34652131393\",\"logo\":{\"@type\":\"ImageObject\",\"url\":\"https:\\\/\\\/www.eldigitaldeasturias.com\\\/noticias\\\/wp-content\\\/uploads\\\/2020\\\/12\\\/EDA.jpg\",\"@id\":\"https:\\\/\\\/www.eldigitaldeasturias.com\\\/noticias\\\/alvarez-rouco-la-gestion-del-psoe-ha-estado-plagada-de-errores-y-contradicciones\\\/#organizationLogo\"},\"image\":{\"@id\":\"https:\\\/\\\/www.eldigitaldeasturias.com\\\/noticias\\\/alvarez-rouco-la-gestion-del-psoe-ha-estado-plagada-de-errores-y-contradicciones\\\/#organizationLogo\"},\"sameAs\":[\"https:\\\/\\\/facebook.com\\\/eldigitaldeasturias\",\"https:\\\/\\\/www.youtube.com\\\/channel\\\/UCZP-2wLEB9Rv6erhFmqVnvg\"],\"address\":{\"@id\":\"https:\\\/\\\/www.eldigitaldeasturias.com\\\/noticias\\\/#postaladdress\",\"@type\":\"PostalAddress\",\"streetAddress\":\"san antonio 4\",\"postalCode\":\"33430\",\"addressLocality\":\"Cand\\u00e1s\",\"addressRegion\":\"Asturias\",\"addressCountry\":\"ES\"}},{\"@type\":\"Person\",\"@id\":\"https:\\\/\\\/www.eldigitaldeasturias.com\\\/noticias\\\/author\\\/admin\\\/#author\",\"url\":\"https:\\\/\\\/www.eldigitaldeasturias.com\\\/noticias\\\/author\\\/admin\\\/\",\"name\":\"El Digital de Asturias\",\"image\":{\"@type\":\"ImageObject\",\"@id\":\"https:\\\/\\\/www.eldigitaldeasturias.com\\\/noticias\\\/alvarez-rouco-la-gestion-del-psoe-ha-estado-plagada-de-errores-y-contradicciones\\\/#authorImage\",\"url\":\"https:\\\/\\\/secure.gravatar.com\\\/avatar\\\/df2aeffc32bcd13f8d26072ef8a91b623d677766deac7f97ca815868cd41bf5e?s=96&d=mm&r=g\",\"width\":96,\"height\":96,\"caption\":\"El Digital de Asturias\"}},{\"@type\":\"WebPage\",\"@id\":\"https:\\\/\\\/www.eldigitaldeasturias.com\\\/noticias\\\/alvarez-rouco-la-gestion-del-psoe-ha-estado-plagada-de-errores-y-contradicciones\\\/#webpage\",\"url\":\"https:\\\/\\\/www.eldigitaldeasturias.com\\\/noticias\\\/alvarez-rouco-la-gestion-del-psoe-ha-estado-plagada-de-errores-y-contradicciones\\\/\",\"name\":\"\\u00c1lvarez Rouco: \\u00abLa gesti\\u00f3n del PSOE ha estado plagada de errores y contradicciones\\u00bb - El Digital de Asturias\",\"description\":\"La diputada del Grupo Parlamentario VOX Asturias en la Junta General del Principado, Sara \\u00c1lvarez Rouco, ha defendido hoy la Enmienda a la Totalidad presentada\",\"inLanguage\":\"es-ES\",\"isPartOf\":{\"@id\":\"https:\\\/\\\/www.eldigitaldeasturias.com\\\/noticias\\\/#website\"},\"breadcrumb\":{\"@id\":\"https:\\\/\\\/www.eldigitaldeasturias.com\\\/noticias\\\/alvarez-rouco-la-gestion-del-psoe-ha-estado-plagada-de-errores-y-contradicciones\\\/#breadcrumblist\"},\"author\":{\"@id\":\"https:\\\/\\\/www.eldigitaldeasturias.com\\\/noticias\\\/author\\\/admin\\\/#author\"},\"creator\":{\"@id\":\"https:\\\/\\\/www.eldigitaldeasturias.com\\\/noticias\\\/author\\\/admin\\\/#author\"},\"image\":{\"@type\":\"ImageObject\",\"url\":1079407,\"@id\":\"https:\\\/\\\/www.eldigitaldeasturias.com\\\/noticias\\\/alvarez-rouco-la-gestion-del-psoe-ha-estado-plagada-de-errores-y-contradicciones\\\/#mainImage\"},\"primaryImageOfPage\":{\"@id\":\"https:\\\/\\\/www.eldigitaldeasturias.com\\\/noticias\\\/alvarez-rouco-la-gestion-del-psoe-ha-estado-plagada-de-errores-y-contradicciones\\\/#mainImage\"},\"datePublished\":\"2021-06-16T17:45:24+02:00\",\"dateModified\":\"2021-06-16T17:45:24+02:00\"},{\"@type\":\"WebSite\",\"@id\":\"https:\\\/\\\/www.eldigitaldeasturias.com\\\/noticias\\\/#website\",\"url\":\"https:\\\/\\\/www.eldigitaldeasturias.com\\\/noticias\\\/\",\"name\":\"El Digital de Asturias - Diario de actualidad y noticias\",\"alternateName\":\"El Digital de Asturias - Diario de actualidad y noticias\",\"description\":\"Hemeroteca\",\"inLanguage\":\"es-ES\",\"publisher\":{\"@id\":\"https:\\\/\\\/www.eldigitaldeasturias.com\\\/noticias\\\/#organization\"}}]}\n\t\t<\/script>\n\t\t<!-- All in One SEO Pro -->\r\n\t\t<title>\u00c1lvarez Rouco: \u00abLa gesti\u00f3n del PSOE ha estado plagada de errores y contradicciones\u00bb - El Digital de Asturias<\/title>\n\n","aioseo_head_json":{"title":"\u00c1lvarez Rouco: \u00abLa gesti\u00f3n del PSOE ha estado plagada de errores y contradicciones\u00bb - El Digital de Asturias","description":"La diputada del Grupo Parlamentario VOX Asturias en la Junta General del Principado, Sara \u00c1lvarez Rouco, ha defendido hoy la Enmienda a la Totalidad presentada","canonical_url":"https:\/\/www.eldigitaldeasturias.com\/noticias\/alvarez-rouco-la-gestion-del-psoe-ha-estado-plagada-de-errores-y-contradicciones\/","robots":"max-image-preview:large","keywords":"actualidad asturias,vox asturias","webmasterTools":{"google-site-verification":"UA-38556648-1","msvalidate.01":"7dfe9f3f1b24437ab69f4f2559babe99","miscellaneous":""},"schema":{"@context":"https:\/\/schema.org","@graph":[{"@type":"BlogPosting","@id":"https:\/\/www.eldigitaldeasturias.com\/noticias\/alvarez-rouco-la-gestion-del-psoe-ha-estado-plagada-de-errores-y-contradicciones\/#blogposting","name":"\u00c1lvarez Rouco: \u00abLa gesti\u00f3n del PSOE ha estado plagada de errores y contradicciones\u00bb - El Digital de Asturias","headline":"\u00c1lvarez Rouco: \u00abLa gesti\u00f3n del PSOE ha estado plagada de errores y contradicciones\u00bb","author":{"@id":"https:\/\/www.eldigitaldeasturias.com\/noticias\/author\/admin\/#author"},"publisher":{"@id":"https:\/\/www.eldigitaldeasturias.com\/noticias\/#organization"},"image":{"@type":"ImageObject","url":1079407},"datePublished":"2021-06-16T17:45:24+02:00","dateModified":"2021-06-16T17:45:24+02:00","inLanguage":"es-ES","mainEntityOfPage":{"@id":"https:\/\/www.eldigitaldeasturias.com\/noticias\/alvarez-rouco-la-gestion-del-psoe-ha-estado-plagada-de-errores-y-contradicciones\/#webpage"},"isPartOf":{"@id":"https:\/\/www.eldigitaldeasturias.com\/noticias\/alvarez-rouco-la-gestion-del-psoe-ha-estado-plagada-de-errores-y-contradicciones\/#webpage"},"articleSection":"Actualidad Asturias"},{"@type":"BreadcrumbList","@id":"https:\/\/www.eldigitaldeasturias.com\/noticias\/alvarez-rouco-la-gestion-del-psoe-ha-estado-plagada-de-errores-y-contradicciones\/#breadcrumblist","itemListElement":[{"@type":"ListItem","@id":"https:\/\/www.eldigitaldeasturias.com\/noticias#listItem","position":1,"name":"Home","item":"https:\/\/www.eldigitaldeasturias.com\/noticias","nextItem":{"@type":"ListItem","@id":"https:\/\/www.eldigitaldeasturias.com\/noticias\/category\/actualidad-asturias\/#listItem","name":"Actualidad Asturias"}},{"@type":"ListItem","@id":"https:\/\/www.eldigitaldeasturias.com\/noticias\/category\/actualidad-asturias\/#listItem","position":2,"name":"Actualidad Asturias","item":"https:\/\/www.eldigitaldeasturias.com\/noticias\/category\/actualidad-asturias\/","nextItem":{"@type":"ListItem","@id":"https:\/\/www.eldigitaldeasturias.com\/noticias\/alvarez-rouco-la-gestion-del-psoe-ha-estado-plagada-de-errores-y-contradicciones\/#listItem","name":"\u00c1lvarez Rouco: \u00abLa gesti\u00f3n del PSOE ha estado plagada de errores y contradicciones\u00bb"},"previousItem":{"@type":"ListItem","@id":"https:\/\/www.eldigitaldeasturias.com\/noticias#listItem","name":"Home"}},{"@type":"ListItem","@id":"https:\/\/www.eldigitaldeasturias.com\/noticias\/alvarez-rouco-la-gestion-del-psoe-ha-estado-plagada-de-errores-y-contradicciones\/#listItem","position":3,"name":"\u00c1lvarez Rouco: \u00abLa gesti\u00f3n del PSOE ha estado plagada de errores y contradicciones\u00bb","previousItem":{"@type":"ListItem","@id":"https:\/\/www.eldigitaldeasturias.com\/noticias\/category\/actualidad-asturias\/#listItem","name":"Actualidad Asturias"}}]},{"@type":"Organization","@id":"https:\/\/www.eldigitaldeasturias.com\/noticias\/#organization","name":"El Digital de Asturias","description":"Hemeroteca","url":"https:\/\/www.eldigitaldeasturias.com\/noticias\/","email":"info@eldigitaldeasturias.com","telephone":"+34652131393","logo":{"@type":"ImageObject","url":"https:\/\/www.eldigitaldeasturias.com\/noticias\/wp-content\/uploads\/2020\/12\/EDA.jpg","@id":"https:\/\/www.eldigitaldeasturias.com\/noticias\/alvarez-rouco-la-gestion-del-psoe-ha-estado-plagada-de-errores-y-contradicciones\/#organizationLogo"},"image":{"@id":"https:\/\/www.eldigitaldeasturias.com\/noticias\/alvarez-rouco-la-gestion-del-psoe-ha-estado-plagada-de-errores-y-contradicciones\/#organizationLogo"},"sameAs":["https:\/\/facebook.com\/eldigitaldeasturias","https:\/\/www.youtube.com\/channel\/UCZP-2wLEB9Rv6erhFmqVnvg"],"address":{"@id":"https:\/\/www.eldigitaldeasturias.com\/noticias\/#postaladdress","@type":"PostalAddress","streetAddress":"san antonio 4","postalCode":"33430","addressLocality":"Cand\u00e1s","addressRegion":"Asturias","addressCountry":"ES"}},{"@type":"Person","@id":"https:\/\/www.eldigitaldeasturias.com\/noticias\/author\/admin\/#author","url":"https:\/\/www.eldigitaldeasturias.com\/noticias\/author\/admin\/","name":"El Digital de Asturias","image":{"@type":"ImageObject","@id":"https:\/\/www.eldigitaldeasturias.com\/noticias\/alvarez-rouco-la-gestion-del-psoe-ha-estado-plagada-de-errores-y-contradicciones\/#authorImage","url":"https:\/\/secure.gravatar.com\/avatar\/df2aeffc32bcd13f8d26072ef8a91b623d677766deac7f97ca815868cd41bf5e?s=96&d=mm&r=g","width":96,"height":96,"caption":"El Digital de Asturias"}},{"@type":"WebPage","@id":"https:\/\/www.eldigitaldeasturias.com\/noticias\/alvarez-rouco-la-gestion-del-psoe-ha-estado-plagada-de-errores-y-contradicciones\/#webpage","url":"https:\/\/www.eldigitaldeasturias.com\/noticias\/alvarez-rouco-la-gestion-del-psoe-ha-estado-plagada-de-errores-y-contradicciones\/","name":"\u00c1lvarez Rouco: \u00abLa gesti\u00f3n del PSOE ha estado plagada de errores y contradicciones\u00bb - El Digital de Asturias","description":"La diputada del Grupo Parlamentario VOX Asturias en la Junta General del Principado, Sara \u00c1lvarez Rouco, ha defendido hoy la Enmienda a la Totalidad presentada","inLanguage":"es-ES","isPartOf":{"@id":"https:\/\/www.eldigitaldeasturias.com\/noticias\/#website"},"breadcrumb":{"@id":"https:\/\/www.eldigitaldeasturias.com\/noticias\/alvarez-rouco-la-gestion-del-psoe-ha-estado-plagada-de-errores-y-contradicciones\/#breadcrumblist"},"author":{"@id":"https:\/\/www.eldigitaldeasturias.com\/noticias\/author\/admin\/#author"},"creator":{"@id":"https:\/\/www.eldigitaldeasturias.com\/noticias\/author\/admin\/#author"},"image":{"@type":"ImageObject","url":1079407,"@id":"https:\/\/www.eldigitaldeasturias.com\/noticias\/alvarez-rouco-la-gestion-del-psoe-ha-estado-plagada-de-errores-y-contradicciones\/#mainImage"},"primaryImageOfPage":{"@id":"https:\/\/www.eldigitaldeasturias.com\/noticias\/alvarez-rouco-la-gestion-del-psoe-ha-estado-plagada-de-errores-y-contradicciones\/#mainImage"},"datePublished":"2021-06-16T17:45:24+02:00","dateModified":"2021-06-16T17:45:24+02:00"},{"@type":"WebSite","@id":"https:\/\/www.eldigitaldeasturias.com\/noticias\/#website","url":"https:\/\/www.eldigitaldeasturias.com\/noticias\/","name":"El Digital de Asturias - Diario de actualidad y noticias","alternateName":"El Digital de Asturias - Diario de actualidad y noticias","description":"Hemeroteca","inLanguage":"es-ES","publisher":{"@id":"https:\/\/www.eldigitaldeasturias.com\/noticias\/#organization"}}]},"og:locale":"es_ES","og:site_name":"El Digital de Asturias","og:type":"article","og:title":"\u00c1lvarez Rouco: \u00abLa gesti\u00f3n del PSOE ha estado plagada de errores y contradicciones\u00bb - El Digital de Asturias","og:description":"La diputada del Grupo Parlamentario VOX Asturias en la Junta General del Principado, Sara \u00c1lvarez Rouco, ha defendido hoy la Enmienda a la Totalidad presentada","og:url":"https:\/\/www.eldigitaldeasturias.com\/noticias\/alvarez-rouco-la-gestion-del-psoe-ha-estado-plagada-de-errores-y-contradicciones\/","article:tag":["actualidad asturias","vox asturias"],"article:published_time":"2021-06-16T16:45:24+00:00","article:modified_time":"2021-06-16T16:45:24+00:00","article:publisher":"https:\/\/facebook.com\/eldigitaldeasturias","twitter:card":"summary_large_image","twitter:title":"\u00c1lvarez Rouco: \u00abLa gesti\u00f3n del PSOE ha estado plagada de errores y contradicciones\u00bb - El Digital de Asturias","twitter:description":"La diputada del Grupo Parlamentario VOX Asturias en la Junta General del Principado, Sara \u00c1lvarez Rouco, ha defendido hoy la Enmienda a la Totalidad presentada","twitter:image":"https:\/\/www.eldigitaldeasturias.com\/noticias\/wp-content\/uploads\/2020\/12\/EDA-1.jpg","twitter:label1":"Escrito por","twitter:data1":"El Digital de Asturias","twitter:label2":"Tiempo de lectura estimado","twitter:data2":"3 minutos"},"aioseo_meta_data":{"post_id":"1093826","title":null,"description":"La diputada del Grupo Parlamentario VOX Asturias en la Junta General del Principado, Sara \u00c1lvarez Rouco, ha defendido hoy la Enmienda a la Totalidad presentada&nbsp;","keywords":[{"label":"Actualidad Asturias","value":"Actualidad Asturias"},{"label":" VOX Asturias","value":" VOX Asturias"}],"keyphrases":{"focus":{"keyphrase":"VOX Asturias","score":73,"analysis":{"keyphraseInTitle":{"title":"Frase clave objetivo en el t\u00edtulo SEO","description":"Frase clave objetivo no se encuentra en el t\u00edtulo SEO.","score":3,"maxScore":9,"error":1},"keyphraseInDescription":{"title":"Frase clave objetivo en la meta descripci\u00f3n","description":"Frase clave objetivo encontrada en la meta descripci\u00f3n.","score":9,"maxScore":9,"error":0},"keyphraseInURL":[],"keyphraseInIntroduction":{"title":"Frase clave objetivo en la introducci\u00f3n","description":"Su Frase clave objetivo aparece en el primer p\u00e1rrafo. \u00a1Bien hecho!","score":9,"maxScore":9,"error":0},"keyphraseInSubHeadings":[],"keyphraseLength":{"title":"Longitud de la Frase clave objetivo","description":"\u00a1Buen trabajo!","score":9,"maxScore":9,"error":0,"length":2},"keyphraseInImageAlt":{"title":"Frase clave objetivo en los atributos alt de la imagen.","description":"Frase clave objetivo no se encuentra en los atributos alt de la imagen. A\u00f1ada una imagen con su Frase clave objetivo como texto alternativo.","score":3,"maxScore":9,"error":1}}},"additional":[{"keyphrase":"\u00c1lvarez Rouco","score":100,"analysis":{"keyphraseInDescription":{"title":"Frase clave en la meta descripci\u00f3n","description":"Frase clave encontrada en la meta descripci\u00f3n.","score":9,"maxScore":9,"error":0},"keyphraseInIntroduction":{"title":"Frase clave en la introducci\u00f3n","description":"Su Frase clave aparece en el primer p\u00e1rrafo. \u00a1Bien hecho!","score":9,"maxScore":9,"error":0},"keyphraseInImageAlt":{"title":"Frase clave en los atributos alt de la imagen.","description":"Frase clave encontrada en los atributos alt de la(s) imagen(es).","score":9,"maxScore":9,"error":0},"keyphraseLength":{"title":"Longitud de la Frase clave","description":"\u00a1Buen trabajo!","score":9,"maxScore":9,"error":0,"length":2}}},{"keyphrase":"Principado","score":83,"analysis":{"keyphraseInDescription":{"title":"Frase clave en la meta descripci\u00f3n","description":"Frase clave encontrada en la meta descripci\u00f3n.","score":9,"maxScore":9,"error":0},"keyphraseInIntroduction":{"title":"Frase clave en la introducci\u00f3n","description":"Su Frase clave aparece en el primer p\u00e1rrafo. \u00a1Bien hecho!","score":9,"maxScore":9,"error":0},"keyphraseInImageAlt":{"title":"Frase clave en los atributos alt de la imagen.","description":"Frase clave no se encuentra en los atributos alt de la imagen. A\u00f1ada una imagen con su Frase clave como texto alternativo.","score":3,"maxScore":9,"error":1},"keyphraseLength":{"title":"Longitud de la Frase clave","description":"\u00a1Buen trabajo!","score":9,"maxScore":9,"error":0,"length":1}}}]},"primary_term":null,"canonical_url":null,"og_title":null,"og_description":null,"og_object_type":"default","og_image_type":"default","og_image_url":null,"og_image_width":null,"og_image_height":null,"og_image_custom_url":null,"og_image_custom_fields":null,"og_video":"","og_custom_url":null,"og_article_section":null,"og_article_tags":[],"twitter_use_og":false,"twitter_card":"default","twitter_image_type":"default","twitter_image_url":null,"twitter_image_custom_url":null,"twitter_image_custom_fields":null,"twitter_title":null,"twitter_description":null,"schema":{"blockGraphs":[],"customGraphs":[],"default":{"data":{"Article":[],"Course":[],"Dataset":[],"FAQPage":[],"Movie":[],"Person":[],"Product":[],"ProductReview":[],"Car":[],"Recipe":[],"Service":[],"SoftwareApplication":[],"WebPage":[]},"graphName":"","isEnabled":true},"graphs":[],"defaultGraph":"Article","defaultPostTypeGraph":""},"schema_type":"default","schema_type_options":"{\"article\":{\"articleType\":\"BlogPosting\"},\"course\":{\"name\":\"\",\"description\":\"\",\"provider\":\"\"},\"faq\":{\"pages\":[]},\"product\":{\"reviews\":[]},\"recipe\":{\"ingredients\":[],\"instructions\":[],\"keywords\":[]},\"software\":{\"reviews\":[],\"operatingSystems\":[]},\"webPage\":{\"webPageType\":\"WebPage\"}}","pillar_content":false,"robots_default":true,"robots_noindex":false,"robots_noarchive":false,"robots_nosnippet":false,"robots_nofollow":false,"robots_noimageindex":false,"robots_noodp":false,"robots_notranslate":false,"robots_max_snippet":"-1","robots_max_videopreview":"-1","robots_max_imagepreview":"large","priority":null,"frequency":"default","local_seo":{"locations":{"business":{"name":"","businessType":"","image":"","areaServed":"","urls":{"website":"","aboutPage":"","contactPage":""},"address":{"streetLine1":"","streetLine2":"","zipCode":"","city":"","state":"","country":"","addressFormat":"#streetLineOne\n#streetLineTwo\n#city, #state #zipCode"},"contact":{"email":"","phone":"","phoneFormatted":"","fax":"","faxFormatted":""},"ids":{"vat":"","tax":"","chamberOfCommerce":""},"payment":{"priceRange":"","currenciesAccepted":"","methods":""}}},"openingHours":{"useDefaults":true,"show":true,"alwaysOpen":false,"use24hFormat":false,"timezone":"","labels":{"closed":"","alwaysOpen":""},"days":{"monday":{"open24h":false,"closed":false,"openTime":"09:00","closeTime":"17:00"},"tuesday":{"open24h":false,"closed":false,"openTime":"09:00","closeTime":"17:00"},"wednesday":{"open24h":false,"closed":false,"openTime":"09:00","closeTime":"17:00"},"thursday":{"open24h":false,"closed":false,"openTime":"09:00","closeTime":"17:00"},"friday":{"open24h":false,"closed":false,"openTime":"09:00","closeTime":"17:00"},"saturday":{"open24h":false,"closed":false,"openTime":"09:00","closeTime":"17:00"},"sunday":{"open24h":false,"closed":false,"openTime":"09:00","closeTime":"17:00"}}}},"seo_analyzer_scan_date":"2026-07-18 19:09:05","breadcrumb_settings":null,"limit_modified_date":false,"open_ai":null,"ai":null,"created":"2021-06-16 16:41:19","updated":"2026-07-18 19:09:05","focus_keyword":"VOX Asturias","additional_keywords":[{"word":"\u00c1lvarez Rouco","score":100},{"word":"Principado","score":83}],"truseo_locale":null},"aioseo_breadcrumb":"<div class=\"aioseo-breadcrumbs\"><span class=\"aioseo-breadcrumb\">\n\t<a href=\"https:\/\/www.eldigitaldeasturias.com\/noticias\" title=\"Home\">Home<\/a>\n<\/span><span class=\"aioseo-breadcrumb-separator\">\u2013<\/span><span class=\"aioseo-breadcrumb\">\n\t<a href=\"https:\/\/www.eldigitaldeasturias.com\/noticias\/category\/actualidad-asturias\/\" title=\"Actualidad Asturias\">Actualidad Asturias<\/a>\n<\/span><span class=\"aioseo-breadcrumb-separator\">\u2013<\/span><span class=\"aioseo-breadcrumb\">\n\t<a href=\"https:\/\/www.eldigitaldeasturias.com\/noticias\/alvarez-rouco-la-gestion-del-psoe-ha-estado-plagada-de-errores-y-contradicciones\/\" title=\"\u00c1lvarez Rouco: \u00abLa gesti\u00f3n del PSOE ha estado plagada de errores y contradicciones\u00bb\">\u00c1lvarez Rouco: \u00abLa gesti\u00f3n del PSOE ha estado plagada de errores y contradicciones\u00bb<\/a>\n<\/span><\/div>","aioseo_breadcrumb_json":[{"label":"Home","link":"https:\/\/www.eldigitaldeasturias.com\/noticias"},{"label":"Actualidad Asturias","link":"https:\/\/www.eldigitaldeasturias.com\/noticias\/category\/actualidad-asturias\/"},{"label":"\u00c1lvarez Rouco: \u00abLa gesti\u00f3n del PSOE ha estado plagada de errores y contradicciones\u00bb","link":"https:\/\/www.eldigitaldeasturias.com\/noticias\/alvarez-rouco-la-gestion-del-psoe-ha-estado-plagada-de-errores-y-contradicciones\/"}],"_links":{"self":[{"href":"https:\/\/www.eldigitaldeasturias.com\/noticias\/wp-json\/wp\/v2\/posts\/1093826","targetHints":{"allow":["GET"]}}],"collection":[{"href":"https:\/\/www.eldigitaldeasturias.com\/noticias\/wp-json\/wp\/v2\/posts"}],"about":[{"href":"https:\/\/www.eldigitaldeasturias.com\/noticias\/wp-json\/wp\/v2\/types\/post"}],"author":[{"embeddable":true,"href":"https:\/\/www.eldigitaldeasturias.com\/noticias\/wp-json\/wp\/v2\/users\/1"}],"replies":[{"embeddable":true,"href":"https:\/\/www.eldigitaldeasturias.com\/noticias\/wp-json\/wp\/v2\/comments?post=1093826"}],"version-history":[{"count":0,"href":"https:\/\/www.eldigitaldeasturias.com\/noticias\/wp-json\/wp\/v2\/posts\/1093826\/revisions"}],"wp:attachment":[{"href":"https:\/\/www.eldigitaldeasturias.com\/noticias\/wp-json\/wp\/v2\/media?parent=1093826"}],"wp:term":[{"taxonomy":"category","embeddable":true,"href":"https:\/\/www.eldigitaldeasturias.com\/noticias\/wp-json\/wp\/v2\/categories?post=1093826"},{"taxonomy":"post_tag","embeddable":true,"href":"https:\/\/www.eldigitaldeasturias.com\/noticias\/wp-json\/wp\/v2\/tags?post=1093826"}],"curies":[{"name":"wp","href":"https:\/\/api.w.org\/{rel}","templated":true}]}}