{"id":1093814,"date":"2021-06-16T11:56:19","date_gmt":"2021-06-16T10:56:19","guid":{"rendered":"https:\/\/www.eldigitaldeasturias.com\/noticias\/?p=1093814"},"modified":"2021-06-16T11:56:19","modified_gmt":"2021-06-16T10:56:19","slug":"mejoras-en-el-centro-de-dia-de-infiesto","status":"publish","type":"post","link":"https:\/\/www.eldigitaldeasturias.com\/noticias\/mejoras-en-el-centro-de-dia-de-infiesto\/","title":{"rendered":"Mejoras en el centro de d\u00eda de Infiesto"},"content":{"rendered":"<p><img loading=\"lazy\" decoding=\"async\" class=\"alignleft size-medium wp-image-1093815\" src=\"https:\/\/www.eldigitaldeasturias.com\/noticias\/wp-content\/uploads\/2021\/06\/Melania-Alvarez-360x255.jpg\" alt=\"Melania \u00c1lvarez\" width=\"360\" height=\"255\" \/>La Consejer\u00eda asturiana de Derechos Sociales y Bienestar Social colaborar\u00e1 con el <strong>Ayuntamiento de Pilo\u00f1a<\/strong> en la adecuaci\u00f3n de un centro de d\u00eda para personas mayores dependientes que contar\u00e1 con un espacio de usos m\u00faltiples de 169 metros cuadrados dentro del<strong> local social de Infiesto,<\/strong> pero con instalaciones independientes, y se pondr\u00e1 en marcha en 2022.<\/p>\n<p>Ambas administraciones estiman que la obra, <strong>que incluir\u00e1 el acondicionamiento de una sala de usos m\u00faltiples y la instalaci\u00f3n de ba\u00f1os<\/strong>, tendr\u00e1 un coste aproximado de 60.000 euros y permitir\u00e1 atender las necesidades de mayores con dependencia del concejo, que en las nuevas instalaciones recibir\u00e1n tratamientos y terapias espec\u00edficas.<\/p>\n<p>La consejera <strong>Melania \u00c1lvarez ha visitado hoy diferentes equipamientos sociales de Pilo\u00f1a junto con el alcalde, Iv\u00e1n Allende<\/strong>, y ha expresado el compromiso de su departamento con esta iniciativa: <strong>\u201cSomos conscientes de que hay una necesidad en el municipio y vamos a darle respuesta\u201d, ha asegurado<\/strong>. En este sentido, ha subrayado que los centros de d\u00eda son \u201crecursos esenciales\u201d para mayores con alg\u00fan tipo de dependencia. \u201c<em>Este proyecto tiene cabida en nuestra apuesta firme por ofrecer los mejores cuidados a todas las personas que lo necesitan\u201d<\/em>, ha agregado.<\/p>\n<p>La titular de Derechos Sociales tambi\u00e9n ha estado esta ma\u00f1ana en la sede de la asociaci\u00f3n de discapacitados ps\u00edquicos y paral\u00edticos cerebrales Emburria, ubicada en Cangas de On\u00eds, y a la que la consejer\u00eda destina este a\u00f1o una subvenci\u00f3n nominativa de 50.000 euros para el desarrollo de su proyecto de orientaci\u00f3n hacia el empleo y apoyo en el entorno.<\/p>\n<p>Emburria es una entidad sin \u00e1nimo de lucro que desarrolla una importante labor por la integraci\u00f3n desde 2002 y actualmente atiende a 63 personas con edades comprendidas entre los 3 y los 65 a\u00f1os. Su trabajo se centra en la promoci\u00f3n de la inserci\u00f3n laboral de personas con discapacidad y en el refuerzo de su autonom\u00eda personal. Tambi\u00e9n les ofrece los apoyos necesarios para que puedan llevar una vida normalizada.<em> \u201cPara cumplir estos objetivos, la asociaci\u00f3n contar\u00e1 siempre con el respaldo del Gobierno de Asturias\u201d<\/em>, ha se\u00f1alado \u00c1lvarez.<\/p>\n","protected":false},"excerpt":{"rendered":"<p>La Consejer\u00eda asturiana de Derechos Sociales y Bienestar Social colaborar\u00e1 con el Ayuntamiento de Pilo\u00f1a en la adecuaci\u00f3n de un centro de d\u00eda para personas mayores dependientes que contar\u00e1 con un espacio de usos m\u00faltiples de 169 metros cuadrados dentro del local social de Infiesto, pero con instalaciones independientes, y se pondr\u00e1 en marcha en [&hellip;]<\/p>\n","protected":false},"author":1,"featured_media":1093815,"comment_status":"closed","ping_status":"closed","sticky":false,"template":"","format":"standard","meta":{"footnotes":""},"categories":[12],"tags":[],"class_list":["post-1093814","post","type-post","status-publish","format-standard","has-post-thumbnail","hentry","category-actualidad-asturias"],"aioseo_notices":[],"aioseo_head":"\n\t\t<!-- All in One SEO Pro 5.0.1 - aioseo.com -->\n\t<meta name=\"description\" content=\"La Consejer\u00eda asturiana de Derechos Sociales y Bienestar Social colaborar\u00e1 con el Ayuntamiento de Pilo\u00f1a en la adecuaci\u00f3n de un centro de d\u00eda para personas ..\" \/>\n\t<meta name=\"robots\" content=\"max-image-preview:large\" \/>\n\t<meta name=\"author\" content=\"El Digital de Asturias\"\/>\n\t<meta name=\"google-site-verification\" content=\"UA-38556648-1\" \/>\n\t<meta name=\"msvalidate.01\" content=\"7dfe9f3f1b24437ab69f4f2559babe99\" \/>\n\t<meta name=\"keywords\" content=\"sociedad asturias,actualidad asturias,noticias asturias,infiesto\" \/>\n\t<link rel=\"canonical\" href=\"https:\/\/www.eldigitaldeasturias.com\/noticias\/mejoras-en-el-centro-de-dia-de-infiesto\/\" \/>\n\t<meta name=\"generator\" content=\"All in One SEO Pro (AIOSEO) 5.0.1\" \/>\n\t\t<meta property=\"og:locale\" content=\"es_ES\" \/>\n\t\t<meta property=\"og:site_name\" content=\"El Digital de Asturias\" \/>\n\t\t<meta property=\"og:type\" content=\"article\" \/>\n\t\t<meta property=\"og:title\" content=\"Mejoras en el centro de d\u00eda de Infiesto - El Digital de Asturias\" \/>\n\t\t<meta property=\"og:description\" content=\"La Consejer\u00eda asturiana de Derechos Sociales y Bienestar Social colaborar\u00e1 con el Ayuntamiento de Pilo\u00f1a en la adecuaci\u00f3n de un centro de d\u00eda para personas ..\" \/>\n\t\t<meta property=\"og:url\" content=\"https:\/\/www.eldigitaldeasturias.com\/noticias\/mejoras-en-el-centro-de-dia-de-infiesto\/\" \/>\n\t\t<meta property=\"article:tag\" content=\"sociedad asturias\" \/>\n\t\t<meta property=\"article:tag\" content=\"actualidad asturias\" \/>\n\t\t<meta property=\"article:tag\" content=\"noticias asturias\" \/>\n\t\t<meta property=\"article:tag\" content=\"infiesto\" \/>\n\t\t<meta property=\"article:published_time\" content=\"2021-06-16T10:56:19+00:00\" \/>\n\t\t<meta property=\"article:modified_time\" content=\"2021-06-16T10:56:19+00:00\" \/>\n\t\t<meta property=\"article:publisher\" content=\"https:\/\/facebook.com\/eldigitaldeasturias\" \/>\n\t\t<meta name=\"twitter:card\" content=\"summary_large_image\" \/>\n\t\t<meta name=\"twitter:title\" content=\"Mejoras en el centro de d\u00eda de Infiesto - El Digital de Asturias\" \/>\n\t\t<meta name=\"twitter:description\" content=\"La Consejer\u00eda asturiana de Derechos Sociales y Bienestar Social colaborar\u00e1 con el Ayuntamiento de Pilo\u00f1a en la adecuaci\u00f3n de un centro de d\u00eda para personas ..\" \/>\n\t\t<meta name=\"twitter:image\" content=\"https:\/\/www.eldigitaldeasturias.com\/noticias\/wp-content\/uploads\/2020\/12\/EDA-1.jpg\" \/>\n\t\t<meta name=\"twitter:label1\" content=\"Escrito por\" \/>\n\t\t<meta name=\"twitter:data1\" content=\"El Digital de Asturias\" \/>\n\t\t<meta name=\"twitter:label2\" content=\"Tiempo de lectura estimado\" \/>\n\t\t<meta name=\"twitter:data2\" content=\"2 minutos\" \/>\n\t\t<script type=\"application\/ld+json\" class=\"aioseo-schema\">\n\t\t\t{\"@context\":\"https:\\\/\\\/schema.org\",\"@graph\":[{\"@type\":\"BlogPosting\",\"@id\":\"https:\\\/\\\/www.eldigitaldeasturias.com\\\/noticias\\\/mejoras-en-el-centro-de-dia-de-infiesto\\\/#blogposting\",\"name\":\"Mejoras en el centro de d\\u00eda de Infiesto - El Digital de Asturias\",\"headline\":\"Mejoras en el centro de d\\u00eda de Infiesto\",\"author\":{\"@id\":\"https:\\\/\\\/www.eldigitaldeasturias.com\\\/noticias\\\/author\\\/admin\\\/#author\"},\"publisher\":{\"@id\":\"https:\\\/\\\/www.eldigitaldeasturias.com\\\/noticias\\\/#organization\"},\"image\":{\"@type\":\"ImageObject\",\"url\":1093815},\"datePublished\":\"2021-06-16T11:56:19+02:00\",\"dateModified\":\"2021-06-16T11:56:19+02:00\",\"inLanguage\":\"es-ES\",\"mainEntityOfPage\":{\"@id\":\"https:\\\/\\\/www.eldigitaldeasturias.com\\\/noticias\\\/mejoras-en-el-centro-de-dia-de-infiesto\\\/#webpage\"},\"isPartOf\":{\"@id\":\"https:\\\/\\\/www.eldigitaldeasturias.com\\\/noticias\\\/mejoras-en-el-centro-de-dia-de-infiesto\\\/#webpage\"},\"articleSection\":\"Actualidad Asturias\"},{\"@type\":\"BreadcrumbList\",\"@id\":\"https:\\\/\\\/www.eldigitaldeasturias.com\\\/noticias\\\/mejoras-en-el-centro-de-dia-de-infiesto\\\/#breadcrumblist\",\"itemListElement\":[{\"@type\":\"ListItem\",\"@id\":\"https:\\\/\\\/www.eldigitaldeasturias.com\\\/noticias#listItem\",\"position\":1,\"name\":\"Home\",\"item\":\"https:\\\/\\\/www.eldigitaldeasturias.com\\\/noticias\",\"nextItem\":{\"@type\":\"ListItem\",\"@id\":\"https:\\\/\\\/www.eldigitaldeasturias.com\\\/noticias\\\/category\\\/actualidad-asturias\\\/#listItem\",\"name\":\"Actualidad Asturias\"}},{\"@type\":\"ListItem\",\"@id\":\"https:\\\/\\\/www.eldigitaldeasturias.com\\\/noticias\\\/category\\\/actualidad-asturias\\\/#listItem\",\"position\":2,\"name\":\"Actualidad Asturias\",\"item\":\"https:\\\/\\\/www.eldigitaldeasturias.com\\\/noticias\\\/category\\\/actualidad-asturias\\\/\",\"nextItem\":{\"@type\":\"ListItem\",\"@id\":\"https:\\\/\\\/www.eldigitaldeasturias.com\\\/noticias\\\/mejoras-en-el-centro-de-dia-de-infiesto\\\/#listItem\",\"name\":\"Mejoras en el centro de d\\u00eda de Infiesto\"},\"previousItem\":{\"@type\":\"ListItem\",\"@id\":\"https:\\\/\\\/www.eldigitaldeasturias.com\\\/noticias#listItem\",\"name\":\"Home\"}},{\"@type\":\"ListItem\",\"@id\":\"https:\\\/\\\/www.eldigitaldeasturias.com\\\/noticias\\\/mejoras-en-el-centro-de-dia-de-infiesto\\\/#listItem\",\"position\":3,\"name\":\"Mejoras en el centro de d\\u00eda de Infiesto\",\"previousItem\":{\"@type\":\"ListItem\",\"@id\":\"https:\\\/\\\/www.eldigitaldeasturias.com\\\/noticias\\\/category\\\/actualidad-asturias\\\/#listItem\",\"name\":\"Actualidad Asturias\"}}]},{\"@type\":\"Organization\",\"@id\":\"https:\\\/\\\/www.eldigitaldeasturias.com\\\/noticias\\\/#organization\",\"name\":\"El Digital de Asturias\",\"description\":\"Hemeroteca\",\"url\":\"https:\\\/\\\/www.eldigitaldeasturias.com\\\/noticias\\\/\",\"email\":\"info@eldigitaldeasturias.com\",\"telephone\":\"+34652131393\",\"logo\":{\"@type\":\"ImageObject\",\"url\":\"https:\\\/\\\/www.eldigitaldeasturias.com\\\/noticias\\\/wp-content\\\/uploads\\\/2020\\\/12\\\/EDA.jpg\",\"@id\":\"https:\\\/\\\/www.eldigitaldeasturias.com\\\/noticias\\\/mejoras-en-el-centro-de-dia-de-infiesto\\\/#organizationLogo\"},\"image\":{\"@id\":\"https:\\\/\\\/www.eldigitaldeasturias.com\\\/noticias\\\/mejoras-en-el-centro-de-dia-de-infiesto\\\/#organizationLogo\"},\"sameAs\":[\"https:\\\/\\\/facebook.com\\\/eldigitaldeasturias\",\"https:\\\/\\\/www.youtube.com\\\/channel\\\/UCZP-2wLEB9Rv6erhFmqVnvg\"],\"address\":{\"@id\":\"https:\\\/\\\/www.eldigitaldeasturias.com\\\/noticias\\\/#postaladdress\",\"@type\":\"PostalAddress\",\"streetAddress\":\"san antonio 4\",\"postalCode\":\"33430\",\"addressLocality\":\"Cand\\u00e1s\",\"addressRegion\":\"Asturias\",\"addressCountry\":\"ES\"}},{\"@type\":\"Person\",\"@id\":\"https:\\\/\\\/www.eldigitaldeasturias.com\\\/noticias\\\/author\\\/admin\\\/#author\",\"url\":\"https:\\\/\\\/www.eldigitaldeasturias.com\\\/noticias\\\/author\\\/admin\\\/\",\"name\":\"El Digital de Asturias\",\"image\":{\"@type\":\"ImageObject\",\"@id\":\"https:\\\/\\\/www.eldigitaldeasturias.com\\\/noticias\\\/mejoras-en-el-centro-de-dia-de-infiesto\\\/#authorImage\",\"url\":\"https:\\\/\\\/secure.gravatar.com\\\/avatar\\\/df2aeffc32bcd13f8d26072ef8a91b623d677766deac7f97ca815868cd41bf5e?s=96&d=mm&r=g\",\"width\":96,\"height\":96,\"caption\":\"El Digital de Asturias\"}},{\"@type\":\"WebPage\",\"@id\":\"https:\\\/\\\/www.eldigitaldeasturias.com\\\/noticias\\\/mejoras-en-el-centro-de-dia-de-infiesto\\\/#webpage\",\"url\":\"https:\\\/\\\/www.eldigitaldeasturias.com\\\/noticias\\\/mejoras-en-el-centro-de-dia-de-infiesto\\\/\",\"name\":\"Mejoras en el centro de d\\u00eda de Infiesto - El Digital de Asturias\",\"description\":\"La Consejer\\u00eda asturiana de Derechos Sociales y Bienestar Social colaborar\\u00e1 con el Ayuntamiento de Pilo\\u00f1a en la adecuaci\\u00f3n de un centro de d\\u00eda para personas ..\",\"inLanguage\":\"es-ES\",\"isPartOf\":{\"@id\":\"https:\\\/\\\/www.eldigitaldeasturias.com\\\/noticias\\\/#website\"},\"breadcrumb\":{\"@id\":\"https:\\\/\\\/www.eldigitaldeasturias.com\\\/noticias\\\/mejoras-en-el-centro-de-dia-de-infiesto\\\/#breadcrumblist\"},\"author\":{\"@id\":\"https:\\\/\\\/www.eldigitaldeasturias.com\\\/noticias\\\/author\\\/admin\\\/#author\"},\"creator\":{\"@id\":\"https:\\\/\\\/www.eldigitaldeasturias.com\\\/noticias\\\/author\\\/admin\\\/#author\"},\"image\":{\"@type\":\"ImageObject\",\"url\":1093815,\"@id\":\"https:\\\/\\\/www.eldigitaldeasturias.com\\\/noticias\\\/mejoras-en-el-centro-de-dia-de-infiesto\\\/#mainImage\"},\"primaryImageOfPage\":{\"@id\":\"https:\\\/\\\/www.eldigitaldeasturias.com\\\/noticias\\\/mejoras-en-el-centro-de-dia-de-infiesto\\\/#mainImage\"},\"datePublished\":\"2021-06-16T11:56:19+02:00\",\"dateModified\":\"2021-06-16T11:56:19+02:00\"},{\"@type\":\"WebSite\",\"@id\":\"https:\\\/\\\/www.eldigitaldeasturias.com\\\/noticias\\\/#website\",\"url\":\"https:\\\/\\\/www.eldigitaldeasturias.com\\\/noticias\\\/\",\"name\":\"El Digital de Asturias - Diario de actualidad y noticias\",\"alternateName\":\"El Digital de Asturias - Diario de actualidad y noticias\",\"description\":\"Hemeroteca\",\"inLanguage\":\"es-ES\",\"publisher\":{\"@id\":\"https:\\\/\\\/www.eldigitaldeasturias.com\\\/noticias\\\/#organization\"}}]}\n\t\t<\/script>\n\t\t<!-- All in One SEO Pro -->\r\n\t\t<title>Mejoras en el centro de d\u00eda de Infiesto - El Digital de Asturias<\/title>\n\n","aioseo_head_json":{"title":"Mejoras en el centro de d\u00eda de Infiesto - El Digital de Asturias","description":"La Consejer\u00eda asturiana de Derechos Sociales y Bienestar Social colaborar\u00e1 con el Ayuntamiento de Pilo\u00f1a en la adecuaci\u00f3n de un centro de d\u00eda para personas ..","canonical_url":"https:\/\/www.eldigitaldeasturias.com\/noticias\/mejoras-en-el-centro-de-dia-de-infiesto\/","robots":"max-image-preview:large","keywords":"sociedad asturias,actualidad asturias,noticias asturias,infiesto","webmasterTools":{"google-site-verification":"UA-38556648-1","msvalidate.01":"7dfe9f3f1b24437ab69f4f2559babe99","miscellaneous":""},"schema":{"@context":"https:\/\/schema.org","@graph":[{"@type":"BlogPosting","@id":"https:\/\/www.eldigitaldeasturias.com\/noticias\/mejoras-en-el-centro-de-dia-de-infiesto\/#blogposting","name":"Mejoras en el centro de d\u00eda de Infiesto - El Digital de Asturias","headline":"Mejoras en el centro de d\u00eda de Infiesto","author":{"@id":"https:\/\/www.eldigitaldeasturias.com\/noticias\/author\/admin\/#author"},"publisher":{"@id":"https:\/\/www.eldigitaldeasturias.com\/noticias\/#organization"},"image":{"@type":"ImageObject","url":1093815},"datePublished":"2021-06-16T11:56:19+02:00","dateModified":"2021-06-16T11:56:19+02:00","inLanguage":"es-ES","mainEntityOfPage":{"@id":"https:\/\/www.eldigitaldeasturias.com\/noticias\/mejoras-en-el-centro-de-dia-de-infiesto\/#webpage"},"isPartOf":{"@id":"https:\/\/www.eldigitaldeasturias.com\/noticias\/mejoras-en-el-centro-de-dia-de-infiesto\/#webpage"},"articleSection":"Actualidad Asturias"},{"@type":"BreadcrumbList","@id":"https:\/\/www.eldigitaldeasturias.com\/noticias\/mejoras-en-el-centro-de-dia-de-infiesto\/#breadcrumblist","itemListElement":[{"@type":"ListItem","@id":"https:\/\/www.eldigitaldeasturias.com\/noticias#listItem","position":1,"name":"Home","item":"https:\/\/www.eldigitaldeasturias.com\/noticias","nextItem":{"@type":"ListItem","@id":"https:\/\/www.eldigitaldeasturias.com\/noticias\/category\/actualidad-asturias\/#listItem","name":"Actualidad Asturias"}},{"@type":"ListItem","@id":"https:\/\/www.eldigitaldeasturias.com\/noticias\/category\/actualidad-asturias\/#listItem","position":2,"name":"Actualidad Asturias","item":"https:\/\/www.eldigitaldeasturias.com\/noticias\/category\/actualidad-asturias\/","nextItem":{"@type":"ListItem","@id":"https:\/\/www.eldigitaldeasturias.com\/noticias\/mejoras-en-el-centro-de-dia-de-infiesto\/#listItem","name":"Mejoras en el centro de d\u00eda de Infiesto"},"previousItem":{"@type":"ListItem","@id":"https:\/\/www.eldigitaldeasturias.com\/noticias#listItem","name":"Home"}},{"@type":"ListItem","@id":"https:\/\/www.eldigitaldeasturias.com\/noticias\/mejoras-en-el-centro-de-dia-de-infiesto\/#listItem","position":3,"name":"Mejoras en el centro de d\u00eda de Infiesto","previousItem":{"@type":"ListItem","@id":"https:\/\/www.eldigitaldeasturias.com\/noticias\/category\/actualidad-asturias\/#listItem","name":"Actualidad Asturias"}}]},{"@type":"Organization","@id":"https:\/\/www.eldigitaldeasturias.com\/noticias\/#organization","name":"El Digital de Asturias","description":"Hemeroteca","url":"https:\/\/www.eldigitaldeasturias.com\/noticias\/","email":"info@eldigitaldeasturias.com","telephone":"+34652131393","logo":{"@type":"ImageObject","url":"https:\/\/www.eldigitaldeasturias.com\/noticias\/wp-content\/uploads\/2020\/12\/EDA.jpg","@id":"https:\/\/www.eldigitaldeasturias.com\/noticias\/mejoras-en-el-centro-de-dia-de-infiesto\/#organizationLogo"},"image":{"@id":"https:\/\/www.eldigitaldeasturias.com\/noticias\/mejoras-en-el-centro-de-dia-de-infiesto\/#organizationLogo"},"sameAs":["https:\/\/facebook.com\/eldigitaldeasturias","https:\/\/www.youtube.com\/channel\/UCZP-2wLEB9Rv6erhFmqVnvg"],"address":{"@id":"https:\/\/www.eldigitaldeasturias.com\/noticias\/#postaladdress","@type":"PostalAddress","streetAddress":"san antonio 4","postalCode":"33430","addressLocality":"Cand\u00e1s","addressRegion":"Asturias","addressCountry":"ES"}},{"@type":"Person","@id":"https:\/\/www.eldigitaldeasturias.com\/noticias\/author\/admin\/#author","url":"https:\/\/www.eldigitaldeasturias.com\/noticias\/author\/admin\/","name":"El Digital de Asturias","image":{"@type":"ImageObject","@id":"https:\/\/www.eldigitaldeasturias.com\/noticias\/mejoras-en-el-centro-de-dia-de-infiesto\/#authorImage","url":"https:\/\/secure.gravatar.com\/avatar\/df2aeffc32bcd13f8d26072ef8a91b623d677766deac7f97ca815868cd41bf5e?s=96&d=mm&r=g","width":96,"height":96,"caption":"El Digital de Asturias"}},{"@type":"WebPage","@id":"https:\/\/www.eldigitaldeasturias.com\/noticias\/mejoras-en-el-centro-de-dia-de-infiesto\/#webpage","url":"https:\/\/www.eldigitaldeasturias.com\/noticias\/mejoras-en-el-centro-de-dia-de-infiesto\/","name":"Mejoras en el centro de d\u00eda de Infiesto - El Digital de Asturias","description":"La Consejer\u00eda asturiana de Derechos Sociales y Bienestar Social colaborar\u00e1 con el Ayuntamiento de Pilo\u00f1a en la adecuaci\u00f3n de un centro de d\u00eda para personas ..","inLanguage":"es-ES","isPartOf":{"@id":"https:\/\/www.eldigitaldeasturias.com\/noticias\/#website"},"breadcrumb":{"@id":"https:\/\/www.eldigitaldeasturias.com\/noticias\/mejoras-en-el-centro-de-dia-de-infiesto\/#breadcrumblist"},"author":{"@id":"https:\/\/www.eldigitaldeasturias.com\/noticias\/author\/admin\/#author"},"creator":{"@id":"https:\/\/www.eldigitaldeasturias.com\/noticias\/author\/admin\/#author"},"image":{"@type":"ImageObject","url":1093815,"@id":"https:\/\/www.eldigitaldeasturias.com\/noticias\/mejoras-en-el-centro-de-dia-de-infiesto\/#mainImage"},"primaryImageOfPage":{"@id":"https:\/\/www.eldigitaldeasturias.com\/noticias\/mejoras-en-el-centro-de-dia-de-infiesto\/#mainImage"},"datePublished":"2021-06-16T11:56:19+02:00","dateModified":"2021-06-16T11:56:19+02:00"},{"@type":"WebSite","@id":"https:\/\/www.eldigitaldeasturias.com\/noticias\/#website","url":"https:\/\/www.eldigitaldeasturias.com\/noticias\/","name":"El Digital de Asturias - Diario de actualidad y noticias","alternateName":"El Digital de Asturias - Diario de actualidad y noticias","description":"Hemeroteca","inLanguage":"es-ES","publisher":{"@id":"https:\/\/www.eldigitaldeasturias.com\/noticias\/#organization"}}]},"og:locale":"es_ES","og:site_name":"El Digital de Asturias","og:type":"article","og:title":"Mejoras en el centro de d\u00eda de Infiesto - El Digital de Asturias","og:description":"La Consejer\u00eda asturiana de Derechos Sociales y Bienestar Social colaborar\u00e1 con el Ayuntamiento de Pilo\u00f1a en la adecuaci\u00f3n de un centro de d\u00eda para personas ..","og:url":"https:\/\/www.eldigitaldeasturias.com\/noticias\/mejoras-en-el-centro-de-dia-de-infiesto\/","article:tag":["sociedad asturias","actualidad asturias","noticias asturias","infiesto"],"article:published_time":"2021-06-16T10:56:19+00:00","article:modified_time":"2021-06-16T10:56:19+00:00","article:publisher":"https:\/\/facebook.com\/eldigitaldeasturias","twitter:card":"summary_large_image","twitter:title":"Mejoras en el centro de d\u00eda de Infiesto - El Digital de Asturias","twitter:description":"La Consejer\u00eda asturiana de Derechos Sociales y Bienestar Social colaborar\u00e1 con el Ayuntamiento de Pilo\u00f1a en la adecuaci\u00f3n de un centro de d\u00eda para personas ..","twitter:image":"https:\/\/www.eldigitaldeasturias.com\/noticias\/wp-content\/uploads\/2020\/12\/EDA-1.jpg","twitter:label1":"Escrito por","twitter:data1":"El Digital de Asturias","twitter:label2":"Tiempo de lectura estimado","twitter:data2":"2 minutos"},"aioseo_meta_data":{"post_id":"1093814","title":null,"description":"La Consejer\u00eda asturiana de Derechos Sociales y Bienestar Social colaborar\u00e1 con el Ayuntamiento de Pilo\u00f1a en la adecuaci\u00f3n de un centro de d\u00eda para personas ..","keywords":[{"label":"sociedad asturias","value":"sociedad asturias"},{"label":" actualidad asturias","value":" actualidad asturias"},{"label":" noticias asturias","value":" noticias asturias"},{"label":" Infiesto","value":" Infiesto"}],"keyphrases":{"focus":{"keyphrase":"Pilo\u00f1a ","score":68,"analysis":{"keyphraseInTitle":{"title":"Frase clave objetivo en el t\u00edtulo SEO","description":"Frase clave objetivo no se encuentra en el t\u00edtulo SEO.","score":3,"maxScore":9,"error":1},"keyphraseInDescription":{"title":"Frase clave objetivo en la meta descripci\u00f3n","description":"Frase clave objetivo encontrada en la meta descripci\u00f3n.","score":9,"maxScore":9,"error":0},"keyphraseInURL":{"title":"Frase clave objetivo en la URL","description":"Frase clave objetivo no encontrada en la URL.","score":1,"maxScore":5,"error":1},"keyphraseInIntroduction":{"title":"Frase clave objetivo en la introducci\u00f3n","description":"Su Frase clave objetivo aparece en el primer p\u00e1rrafo. \u00a1Bien hecho!","score":9,"maxScore":9,"error":0},"keyphraseInSubHeadings":[],"keyphraseLength":{"title":"Longitud de la Frase clave objetivo","description":"\u00a1Buen trabajo!","score":9,"maxScore":9,"error":0,"length":1},"keyphraseInImageAlt":{"title":"Frase clave objetivo en los atributos alt de la imagen.","description":"Frase clave objetivo no se encuentra en los atributos alt de la imagen. A\u00f1ada una imagen con su Frase clave objetivo como texto alternativo.","score":3,"maxScore":9,"error":1}}},"additional":[{"keyphrase":"Consejer\u00eda asturiana","score":83,"analysis":{"keyphraseInDescription":{"title":"Frase clave en la meta descripci\u00f3n","description":"Frase clave encontrada en la meta descripci\u00f3n.","score":9,"maxScore":9,"error":0},"keyphraseInIntroduction":{"title":"Frase clave en la introducci\u00f3n","description":"Su Frase clave aparece en el primer p\u00e1rrafo. \u00a1Bien hecho!","score":9,"maxScore":9,"error":0},"keyphraseInImageAlt":{"title":"Frase clave en los atributos alt de la imagen.","description":"Frase clave no se encuentra en los atributos alt de la imagen. A\u00f1ada una imagen con su Frase clave como texto alternativo.","score":3,"maxScore":9,"error":1},"keyphraseLength":{"title":"Longitud de la Frase clave","description":"\u00a1Buen trabajo!","score":9,"maxScore":9,"error":0,"length":2}}},{"keyphrase":"Melania \u00c1lvarez","score":67,"analysis":{"keyphraseInDescription":{"title":"Frase clave en la meta descripci\u00f3n","description":"Frase clave no se encuentra en la meta descripci\u00f3n.","score":3,"maxScore":9,"error":1},"keyphraseInIntroduction":{"title":"Frase clave en la introducci\u00f3n","description":"Su Frase clave no aparece en el primer p\u00e1rrafo. Aseg\u00farese de que el tema est\u00e9 claro de inmediato.","score":3,"maxScore":9,"error":1},"keyphraseInImageAlt":{"title":"Frase clave en los atributos alt de la imagen.","description":"Frase clave encontrada en los atributos alt de la(s) imagen(es).","score":9,"maxScore":9,"error":0},"keyphraseLength":{"title":"Longitud de la Frase clave","description":"\u00a1Buen trabajo!","score":9,"maxScore":9,"error":0,"length":2}}},{"keyphrase":"de","score":83,"analysis":{"keyphraseInDescription":{"title":"Frase clave en la meta descripci\u00f3n","description":"Frase clave encontrada en la meta descripci\u00f3n.","score":9,"maxScore":9,"error":0},"keyphraseInIntroduction":{"title":"Frase clave en la introducci\u00f3n","description":"Su Frase clave aparece en el primer p\u00e1rrafo. \u00a1Bien hecho!","score":9,"maxScore":9,"error":0},"keyphraseInImageAlt":{"title":"Frase clave en los atributos alt de la imagen.","description":"Frase clave no se encuentra en los atributos alt de la imagen. A\u00f1ada una imagen con su Frase clave como texto alternativo.","score":3,"maxScore":9,"error":1},"keyphraseLength":{"title":"Longitud de la Frase clave","description":"\u00a1Buen trabajo!","score":9,"maxScore":9,"error":0,"length":1}}},{"keyphrase":"d\u00eda","score":83,"analysis":{"keyphraseInDescription":{"title":"Frase clave en la meta descripci\u00f3n","description":"Frase clave encontrada en la meta descripci\u00f3n.","score":9,"maxScore":9,"error":0},"keyphraseInIntroduction":{"title":"Frase clave en la introducci\u00f3n","description":"Su Frase clave aparece en el primer p\u00e1rrafo. \u00a1Bien hecho!","score":9,"maxScore":9,"error":0},"keyphraseInImageAlt":{"title":"Frase clave en los atributos alt de la imagen.","description":"Frase clave no se encuentra en los atributos alt de la imagen. A\u00f1ada una imagen con su Frase clave como texto alternativo.","score":3,"maxScore":9,"error":1},"keyphraseLength":{"title":"Longitud de la Frase clave","description":"\u00a1Buen trabajo!","score":9,"maxScore":9,"error":0,"length":1}}}]},"primary_term":null,"canonical_url":null,"og_title":null,"og_description":null,"og_object_type":"default","og_image_type":"default","og_image_url":null,"og_image_width":null,"og_image_height":null,"og_image_custom_url":null,"og_image_custom_fields":null,"og_video":"","og_custom_url":null,"og_article_section":null,"og_article_tags":[],"twitter_use_og":false,"twitter_card":"default","twitter_image_type":"default","twitter_image_url":null,"twitter_image_custom_url":null,"twitter_image_custom_fields":null,"twitter_title":null,"twitter_description":null,"schema":{"blockGraphs":[],"customGraphs":[],"default":{"data":{"Article":[],"Course":[],"Dataset":[],"FAQPage":[],"Movie":[],"Person":[],"Product":[],"ProductReview":[],"Car":[],"Recipe":[],"Service":[],"SoftwareApplication":[],"WebPage":[]},"graphName":"","isEnabled":true},"graphs":[],"defaultGraph":"Article","defaultPostTypeGraph":""},"schema_type":"default","schema_type_options":"{\"article\":{\"articleType\":\"BlogPosting\"},\"course\":{\"name\":\"\",\"description\":\"\",\"provider\":\"\"},\"faq\":{\"pages\":[]},\"product\":{\"reviews\":[]},\"recipe\":{\"ingredients\":[],\"instructions\":[],\"keywords\":[]},\"software\":{\"reviews\":[],\"operatingSystems\":[]},\"webPage\":{\"webPageType\":\"WebPage\"}}","pillar_content":false,"robots_default":true,"robots_noindex":false,"robots_noarchive":false,"robots_nosnippet":false,"robots_nofollow":false,"robots_noimageindex":false,"robots_noodp":false,"robots_notranslate":false,"robots_max_snippet":"-1","robots_max_videopreview":"-1","robots_max_imagepreview":"large","priority":null,"frequency":"default","local_seo":{"locations":{"business":{"name":"","businessType":"","image":"","areaServed":"","urls":{"website":"","aboutPage":"","contactPage":""},"address":{"streetLine1":"","streetLine2":"","zipCode":"","city":"","state":"","country":"","addressFormat":"#streetLineOne\n#streetLineTwo\n#city, #state #zipCode"},"contact":{"email":"","phone":"","phoneFormatted":"","fax":"","faxFormatted":""},"ids":{"vat":"","tax":"","chamberOfCommerce":""},"payment":{"priceRange":"","currenciesAccepted":"","methods":""}}},"openingHours":{"useDefaults":true,"show":true,"alwaysOpen":false,"use24hFormat":false,"timezone":"","labels":{"closed":"","alwaysOpen":""},"days":{"monday":{"open24h":false,"closed":false,"openTime":"09:00","closeTime":"17:00"},"tuesday":{"open24h":false,"closed":false,"openTime":"09:00","closeTime":"17:00"},"wednesday":{"open24h":false,"closed":false,"openTime":"09:00","closeTime":"17:00"},"thursday":{"open24h":false,"closed":false,"openTime":"09:00","closeTime":"17:00"},"friday":{"open24h":false,"closed":false,"openTime":"09:00","closeTime":"17:00"},"saturday":{"open24h":false,"closed":false,"openTime":"09:00","closeTime":"17:00"},"sunday":{"open24h":false,"closed":false,"openTime":"09:00","closeTime":"17:00"}}}},"seo_analyzer_scan_date":"2026-07-18 19:04:03","breadcrumb_settings":null,"limit_modified_date":false,"open_ai":null,"ai":null,"created":"2021-06-16 10:45:27","updated":"2026-07-18 19:04:03","focus_keyword":"Pilo\u00f1a","additional_keywords":[{"word":"Consejer\u00eda asturiana","score":83},{"word":"Melania \u00c1lvarez","score":67},{"word":"de","score":83},{"word":"d\u00eda","score":83}],"truseo_locale":null},"aioseo_breadcrumb":"<div class=\"aioseo-breadcrumbs\"><span class=\"aioseo-breadcrumb\">\n\t<a href=\"https:\/\/www.eldigitaldeasturias.com\/noticias\" title=\"Home\">Home<\/a>\n<\/span><span class=\"aioseo-breadcrumb-separator\">\u2013<\/span><span class=\"aioseo-breadcrumb\">\n\t<a href=\"https:\/\/www.eldigitaldeasturias.com\/noticias\/category\/actualidad-asturias\/\" title=\"Actualidad Asturias\">Actualidad Asturias<\/a>\n<\/span><span class=\"aioseo-breadcrumb-separator\">\u2013<\/span><span class=\"aioseo-breadcrumb\">\n\t<a href=\"https:\/\/www.eldigitaldeasturias.com\/noticias\/mejoras-en-el-centro-de-dia-de-infiesto\/\" title=\"Mejoras en el centro de d\u00eda de Infiesto\">Mejoras en el centro de d\u00eda de Infiesto<\/a>\n<\/span><\/div>","aioseo_breadcrumb_json":[{"label":"Home","link":"https:\/\/www.eldigitaldeasturias.com\/noticias"},{"label":"Actualidad Asturias","link":"https:\/\/www.eldigitaldeasturias.com\/noticias\/category\/actualidad-asturias\/"},{"label":"Mejoras en el centro de d\u00eda de Infiesto","link":"https:\/\/www.eldigitaldeasturias.com\/noticias\/mejoras-en-el-centro-de-dia-de-infiesto\/"}],"_links":{"self":[{"href":"https:\/\/www.eldigitaldeasturias.com\/noticias\/wp-json\/wp\/v2\/posts\/1093814","targetHints":{"allow":["GET"]}}],"collection":[{"href":"https:\/\/www.eldigitaldeasturias.com\/noticias\/wp-json\/wp\/v2\/posts"}],"about":[{"href":"https:\/\/www.eldigitaldeasturias.com\/noticias\/wp-json\/wp\/v2\/types\/post"}],"author":[{"embeddable":true,"href":"https:\/\/www.eldigitaldeasturias.com\/noticias\/wp-json\/wp\/v2\/users\/1"}],"replies":[{"embeddable":true,"href":"https:\/\/www.eldigitaldeasturias.com\/noticias\/wp-json\/wp\/v2\/comments?post=1093814"}],"version-history":[{"count":0,"href":"https:\/\/www.eldigitaldeasturias.com\/noticias\/wp-json\/wp\/v2\/posts\/1093814\/revisions"}],"wp:attachment":[{"href":"https:\/\/www.eldigitaldeasturias.com\/noticias\/wp-json\/wp\/v2\/media?parent=1093814"}],"wp:term":[{"taxonomy":"category","embeddable":true,"href":"https:\/\/www.eldigitaldeasturias.com\/noticias\/wp-json\/wp\/v2\/categories?post=1093814"},{"taxonomy":"post_tag","embeddable":true,"href":"https:\/\/www.eldigitaldeasturias.com\/noticias\/wp-json\/wp\/v2\/tags?post=1093814"}],"curies":[{"name":"wp","href":"https:\/\/api.w.org\/{rel}","templated":true}]}}