{"id":1093808,"date":"2021-06-15T22:26:34","date_gmt":"2021-06-15T21:26:34","guid":{"rendered":"https:\/\/www.eldigitaldeasturias.com\/noticias\/?p=1093808"},"modified":"2021-06-15T22:26:34","modified_gmt":"2021-06-15T21:26:34","slug":"admitida-la-denuncia-de-leal-contra-dirigentes-de-foro-asturias","status":"publish","type":"post","link":"https:\/\/www.eldigitaldeasturias.com\/noticias\/admitida-la-denuncia-de-leal-contra-dirigentes-de-foro-asturias\/","title":{"rendered":"Admitida la denuncia de Leal contra dirigentes de Foro Asturias"},"content":{"rendered":"<p><em>La denuncia responde a los presuntos delitos de falsificaci\u00f3n de documentos privados y aportaci\u00f3n a procedimiento judicial de documentos falsos<\/em>.<\/p>\n<figure id=\"attachment_1070343\" aria-describedby=\"caption-attachment-1070343\" style=\"width: 637px\" class=\"wp-caption aligncenter\"><img loading=\"lazy\" decoding=\"async\" class=\"wp-image-1070343 size-full\" src=\"https:\/\/www.eldigitaldeasturias.com\/noticias\/wp-content\/uploads\/2020\/07\/Pedro-Leal.jpg\" alt=\"Leal\" width=\"637\" height=\"483\" \/><figcaption id=\"caption-attachment-1070343\" class=\"wp-caption-text\">Foto: Archivo<\/figcaption><\/figure>\n<p><strong>El Juzgado de Instrucci\u00f3n N\u00ba1 de Oviedo, ha admitido a tr\u00e1mite, la denuncia presentada por el diputado Pedro Leal frente a Carmen Moriy\u00f3n, presidenta <a href=\"https:\/\/www.eldigitaldeasturias.com\/noticias\/crisis-y-denuncias-en-foro-asturias\/\" target=\"_blank\" rel=\"noopener\"><span style=\"color: #ff6600;\">Adri\u00e1n Pumares<\/span><\/a>, secretario general y Genaro Rodr\u00edguez<\/strong>, presidente del Comit\u00e9 de Garant\u00edas Estatutarias de Foro Asturias, respectivamente.<\/p>\n<p>La denuncia responde a los presuntos delitos de falsificaci\u00f3n de documentos privados y aportaci\u00f3n a procedimiento judicial de documentos falsos, \u201cy cualquier otro que se pueda derivar de la instrucci\u00f3n de la causa, en la que los primeros deber\u00e1n declarar en calidad de investigados el pr\u00f3ximo mi\u00e9rcoles 23 de junio, adem\u00e1s de tener que formar cuerpo de escritura\u201d, se\u00f1ala un <span style=\"color: #ff6600;\"><strong>comunicado enviado a nuestro medio digital<\/strong><\/span>.<\/p>\n<p>Sobre esta denuncia Pedro Leal se ha ratificado en el d\u00eda de ayer en el propio Juzgado, y se a\u00f1ade a la que por el mismo motivo present\u00f3 el vocal de FORO Jorge Fern\u00e1ndez.<\/p>\n<p><em>\u201cAyer ratifiqu\u00e9 en el Juzgado de Instrucci\u00f3n N\u00ba1 de Oviedo mi denuncia contra Carmen Moriy\u00f3n, Adri\u00e1n Pumares y Genaro Rodr\u00edguez por presuntos delitos de falsificaci\u00f3n de documentos privados y aportaci\u00f3n a procedimiento judicial de documentos falsos\u201d<\/em>, expresa Leal.<\/p>\n<p>El diputado coment\u00f3 que el Juzgado de Instrucci\u00f3n N\u00ba1 de Oviedo \u201ccita de nuevo a Carmen Moriy\u00f3n y a Genaro Rodr\u00edguez, a declarar como investigados por falsedad de firmas, as\u00ed como a practicar prueba de escritura, el mi\u00e9rcoles, 23 de junio, a las 11:30 hs. y 11:45 h., respectivamente, acumulando ya dos procesos por las mismas infracciones\u201d.<\/p>\n<p>\u201cEl Informe pericial del Perito Francisco D. Diego Llaca concluye que del an\u00e1lisis y cotejo de las firmas en el expediente disciplinario del que he sido objeto, no han sido realizadas por Carmen Moriy\u00f3n ni por<span style=\"color: #ff6600;\"><strong> Adri\u00e1n Pumares<\/strong><\/span> de su pu\u00f1o y letra\u201d<\/p>\n<p>El parlamentario a\u00f1ade que el C\u00f3digo Penal establece que \u2018incurren en la estafa procesal los que, en un procedimiento judicial de cualquier clase, manipularen las pruebas en que pretendieran fundar sus alegaciones o emplearen otro fraude procesal an\u00e1logo, provocando error en el juez o tribunal y llev\u00e1ndole a dictar una resoluci\u00f3n que perjudique los intereses econ\u00f3micos de la otra parte o de un tercero\u2019 en su art. 250.1-7\u201d,<\/p>\n<p>Finalmente dijo Leal que los actuales directivos de FORO dicen que comienzan una nueva etapa, \u201cya vemos que est\u00e1 caracterizada por falsedades, manipulaciones, purgas a los discrepantes y corrupci\u00f3n pol\u00edtica para traicionar el Programa y proteger sus intereses particulares, al tiempo que renuncian a la defensa del inter\u00e9s p\u00fablico\u201d.<\/p>\n","protected":false},"excerpt":{"rendered":"<p>La denuncia responde a los presuntos delitos de falsificaci\u00f3n de documentos privados y aportaci\u00f3n a procedimiento judicial de documentos falsos. El Juzgado de Instrucci\u00f3n N\u00ba1 de Oviedo, ha admitido a tr\u00e1mite, la denuncia presentada por el diputado Pedro Leal frente a Carmen Moriy\u00f3n, presidenta Adri\u00e1n Pumares, secretario general y Genaro Rodr\u00edguez, presidente del Comit\u00e9 de [&hellip;]<\/p>\n","protected":false},"author":1,"featured_media":1070343,"comment_status":"closed","ping_status":"closed","sticky":false,"template":"","format":"standard","meta":{"footnotes":""},"categories":[12],"tags":[],"class_list":["post-1093808","post","type-post","status-publish","format-standard","has-post-thumbnail","hentry","category-actualidad-asturias"],"aioseo_notices":[],"aioseo_head":"\n\t\t<!-- All in One SEO Pro 5.0.1 - aioseo.com -->\n\t<meta name=\"description\" content=\"La denuncia responde a los presuntos delitos de falsificaci\u00f3n de documentos privados y aportaci\u00f3n a procedimiento judicial de documentos falsos\" \/>\n\t<meta name=\"robots\" content=\"max-image-preview:large\" \/>\n\t<meta name=\"author\" content=\"El Digital de Asturias\"\/>\n\t<meta name=\"google-site-verification\" content=\"UA-38556648-1\" \/>\n\t<meta name=\"msvalidate.01\" content=\"7dfe9f3f1b24437ab69f4f2559babe99\" \/>\n\t<meta name=\"keywords\" content=\"asturias,foro,leal,actualidad asturias\" \/>\n\t<link rel=\"canonical\" href=\"https:\/\/www.eldigitaldeasturias.com\/noticias\/admitida-la-denuncia-de-leal-contra-dirigentes-de-foro-asturias\/\" \/>\n\t<meta name=\"generator\" content=\"All in One SEO Pro (AIOSEO) 5.0.1\" \/>\n\t\t<meta property=\"og:locale\" content=\"es_ES\" \/>\n\t\t<meta property=\"og:site_name\" content=\"El Digital de Asturias\" \/>\n\t\t<meta property=\"og:type\" content=\"article\" \/>\n\t\t<meta property=\"og:title\" content=\"Admitida la denuncia de Leal contra dirigentes de Foro Asturias - El Digital de Asturias\" \/>\n\t\t<meta property=\"og:description\" content=\"La denuncia responde a los presuntos delitos de falsificaci\u00f3n de documentos privados y aportaci\u00f3n a procedimiento judicial de documentos falsos\" \/>\n\t\t<meta property=\"og:url\" content=\"https:\/\/www.eldigitaldeasturias.com\/noticias\/admitida-la-denuncia-de-leal-contra-dirigentes-de-foro-asturias\/\" \/>\n\t\t<meta property=\"article:tag\" content=\"asturias\" \/>\n\t\t<meta property=\"article:tag\" content=\"foro\" \/>\n\t\t<meta property=\"article:tag\" content=\"leal\" \/>\n\t\t<meta property=\"article:tag\" content=\"actualidad asturias\" \/>\n\t\t<meta property=\"article:published_time\" content=\"2021-06-15T21:26:34+00:00\" \/>\n\t\t<meta property=\"article:modified_time\" content=\"2021-06-15T21:26:34+00:00\" \/>\n\t\t<meta property=\"article:publisher\" content=\"https:\/\/facebook.com\/eldigitaldeasturias\" \/>\n\t\t<meta name=\"twitter:card\" content=\"summary_large_image\" \/>\n\t\t<meta name=\"twitter:title\" content=\"Admitida la denuncia de Leal contra dirigentes de Foro Asturias - El Digital de Asturias\" \/>\n\t\t<meta name=\"twitter:description\" content=\"La denuncia responde a los presuntos delitos de falsificaci\u00f3n de documentos privados y aportaci\u00f3n a procedimiento judicial de documentos falsos\" \/>\n\t\t<meta name=\"twitter:image\" content=\"https:\/\/www.eldigitaldeasturias.com\/noticias\/wp-content\/uploads\/2020\/12\/EDA-1.jpg\" \/>\n\t\t<meta name=\"twitter:label1\" content=\"Escrito por\" \/>\n\t\t<meta name=\"twitter:data1\" content=\"El Digital de Asturias\" \/>\n\t\t<meta name=\"twitter:label2\" content=\"Tiempo de lectura estimado\" \/>\n\t\t<meta name=\"twitter:data2\" content=\"2 minutos\" \/>\n\t\t<script type=\"application\/ld+json\" class=\"aioseo-schema\">\n\t\t\t{\"@context\":\"https:\\\/\\\/schema.org\",\"@graph\":[{\"@type\":\"BlogPosting\",\"@id\":\"https:\\\/\\\/www.eldigitaldeasturias.com\\\/noticias\\\/admitida-la-denuncia-de-leal-contra-dirigentes-de-foro-asturias\\\/#blogposting\",\"name\":\"Admitida la denuncia de Leal contra dirigentes de Foro Asturias - El Digital de Asturias\",\"headline\":\"Admitida la denuncia de Leal contra dirigentes de Foro Asturias\",\"author\":{\"@id\":\"https:\\\/\\\/www.eldigitaldeasturias.com\\\/noticias\\\/author\\\/admin\\\/#author\"},\"publisher\":{\"@id\":\"https:\\\/\\\/www.eldigitaldeasturias.com\\\/noticias\\\/#organization\"},\"image\":{\"@type\":\"ImageObject\",\"url\":1070343},\"datePublished\":\"2021-06-15T22:26:34+02:00\",\"dateModified\":\"2021-06-15T22:26:34+02:00\",\"inLanguage\":\"es-ES\",\"mainEntityOfPage\":{\"@id\":\"https:\\\/\\\/www.eldigitaldeasturias.com\\\/noticias\\\/admitida-la-denuncia-de-leal-contra-dirigentes-de-foro-asturias\\\/#webpage\"},\"isPartOf\":{\"@id\":\"https:\\\/\\\/www.eldigitaldeasturias.com\\\/noticias\\\/admitida-la-denuncia-de-leal-contra-dirigentes-de-foro-asturias\\\/#webpage\"},\"articleSection\":\"Actualidad Asturias\"},{\"@type\":\"BreadcrumbList\",\"@id\":\"https:\\\/\\\/www.eldigitaldeasturias.com\\\/noticias\\\/admitida-la-denuncia-de-leal-contra-dirigentes-de-foro-asturias\\\/#breadcrumblist\",\"itemListElement\":[{\"@type\":\"ListItem\",\"@id\":\"https:\\\/\\\/www.eldigitaldeasturias.com\\\/noticias#listItem\",\"position\":1,\"name\":\"Home\",\"item\":\"https:\\\/\\\/www.eldigitaldeasturias.com\\\/noticias\",\"nextItem\":{\"@type\":\"ListItem\",\"@id\":\"https:\\\/\\\/www.eldigitaldeasturias.com\\\/noticias\\\/category\\\/actualidad-asturias\\\/#listItem\",\"name\":\"Actualidad Asturias\"}},{\"@type\":\"ListItem\",\"@id\":\"https:\\\/\\\/www.eldigitaldeasturias.com\\\/noticias\\\/category\\\/actualidad-asturias\\\/#listItem\",\"position\":2,\"name\":\"Actualidad Asturias\",\"item\":\"https:\\\/\\\/www.eldigitaldeasturias.com\\\/noticias\\\/category\\\/actualidad-asturias\\\/\",\"nextItem\":{\"@type\":\"ListItem\",\"@id\":\"https:\\\/\\\/www.eldigitaldeasturias.com\\\/noticias\\\/admitida-la-denuncia-de-leal-contra-dirigentes-de-foro-asturias\\\/#listItem\",\"name\":\"Admitida la denuncia de Leal contra dirigentes de Foro Asturias\"},\"previousItem\":{\"@type\":\"ListItem\",\"@id\":\"https:\\\/\\\/www.eldigitaldeasturias.com\\\/noticias#listItem\",\"name\":\"Home\"}},{\"@type\":\"ListItem\",\"@id\":\"https:\\\/\\\/www.eldigitaldeasturias.com\\\/noticias\\\/admitida-la-denuncia-de-leal-contra-dirigentes-de-foro-asturias\\\/#listItem\",\"position\":3,\"name\":\"Admitida la denuncia de Leal contra dirigentes de Foro Asturias\",\"previousItem\":{\"@type\":\"ListItem\",\"@id\":\"https:\\\/\\\/www.eldigitaldeasturias.com\\\/noticias\\\/category\\\/actualidad-asturias\\\/#listItem\",\"name\":\"Actualidad Asturias\"}}]},{\"@type\":\"Organization\",\"@id\":\"https:\\\/\\\/www.eldigitaldeasturias.com\\\/noticias\\\/#organization\",\"name\":\"El Digital de Asturias\",\"description\":\"Hemeroteca\",\"url\":\"https:\\\/\\\/www.eldigitaldeasturias.com\\\/noticias\\\/\",\"email\":\"info@eldigitaldeasturias.com\",\"telephone\":\"+34652131393\",\"logo\":{\"@type\":\"ImageObject\",\"url\":\"https:\\\/\\\/www.eldigitaldeasturias.com\\\/noticias\\\/wp-content\\\/uploads\\\/2020\\\/12\\\/EDA.jpg\",\"@id\":\"https:\\\/\\\/www.eldigitaldeasturias.com\\\/noticias\\\/admitida-la-denuncia-de-leal-contra-dirigentes-de-foro-asturias\\\/#organizationLogo\"},\"image\":{\"@id\":\"https:\\\/\\\/www.eldigitaldeasturias.com\\\/noticias\\\/admitida-la-denuncia-de-leal-contra-dirigentes-de-foro-asturias\\\/#organizationLogo\"},\"sameAs\":[\"https:\\\/\\\/facebook.com\\\/eldigitaldeasturias\",\"https:\\\/\\\/www.youtube.com\\\/channel\\\/UCZP-2wLEB9Rv6erhFmqVnvg\"],\"address\":{\"@id\":\"https:\\\/\\\/www.eldigitaldeasturias.com\\\/noticias\\\/#postaladdress\",\"@type\":\"PostalAddress\",\"streetAddress\":\"san antonio 4\",\"postalCode\":\"33430\",\"addressLocality\":\"Cand\\u00e1s\",\"addressRegion\":\"Asturias\",\"addressCountry\":\"ES\"}},{\"@type\":\"Person\",\"@id\":\"https:\\\/\\\/www.eldigitaldeasturias.com\\\/noticias\\\/author\\\/admin\\\/#author\",\"url\":\"https:\\\/\\\/www.eldigitaldeasturias.com\\\/noticias\\\/author\\\/admin\\\/\",\"name\":\"El Digital de Asturias\",\"image\":{\"@type\":\"ImageObject\",\"@id\":\"https:\\\/\\\/www.eldigitaldeasturias.com\\\/noticias\\\/admitida-la-denuncia-de-leal-contra-dirigentes-de-foro-asturias\\\/#authorImage\",\"url\":\"https:\\\/\\\/secure.gravatar.com\\\/avatar\\\/df2aeffc32bcd13f8d26072ef8a91b623d677766deac7f97ca815868cd41bf5e?s=96&d=mm&r=g\",\"width\":96,\"height\":96,\"caption\":\"El Digital de Asturias\"}},{\"@type\":\"WebPage\",\"@id\":\"https:\\\/\\\/www.eldigitaldeasturias.com\\\/noticias\\\/admitida-la-denuncia-de-leal-contra-dirigentes-de-foro-asturias\\\/#webpage\",\"url\":\"https:\\\/\\\/www.eldigitaldeasturias.com\\\/noticias\\\/admitida-la-denuncia-de-leal-contra-dirigentes-de-foro-asturias\\\/\",\"name\":\"Admitida la denuncia de Leal contra dirigentes de Foro Asturias - El Digital de Asturias\",\"description\":\"La denuncia responde a los presuntos delitos de falsificaci\\u00f3n de documentos privados y aportaci\\u00f3n a procedimiento judicial de documentos falsos\",\"inLanguage\":\"es-ES\",\"isPartOf\":{\"@id\":\"https:\\\/\\\/www.eldigitaldeasturias.com\\\/noticias\\\/#website\"},\"breadcrumb\":{\"@id\":\"https:\\\/\\\/www.eldigitaldeasturias.com\\\/noticias\\\/admitida-la-denuncia-de-leal-contra-dirigentes-de-foro-asturias\\\/#breadcrumblist\"},\"author\":{\"@id\":\"https:\\\/\\\/www.eldigitaldeasturias.com\\\/noticias\\\/author\\\/admin\\\/#author\"},\"creator\":{\"@id\":\"https:\\\/\\\/www.eldigitaldeasturias.com\\\/noticias\\\/author\\\/admin\\\/#author\"},\"image\":{\"@type\":\"ImageObject\",\"url\":1070343,\"@id\":\"https:\\\/\\\/www.eldigitaldeasturias.com\\\/noticias\\\/admitida-la-denuncia-de-leal-contra-dirigentes-de-foro-asturias\\\/#mainImage\"},\"primaryImageOfPage\":{\"@id\":\"https:\\\/\\\/www.eldigitaldeasturias.com\\\/noticias\\\/admitida-la-denuncia-de-leal-contra-dirigentes-de-foro-asturias\\\/#mainImage\"},\"datePublished\":\"2021-06-15T22:26:34+02:00\",\"dateModified\":\"2021-06-15T22:26:34+02:00\"},{\"@type\":\"WebSite\",\"@id\":\"https:\\\/\\\/www.eldigitaldeasturias.com\\\/noticias\\\/#website\",\"url\":\"https:\\\/\\\/www.eldigitaldeasturias.com\\\/noticias\\\/\",\"name\":\"El Digital de Asturias - Diario de actualidad y noticias\",\"alternateName\":\"El Digital de Asturias - Diario de actualidad y noticias\",\"description\":\"Hemeroteca\",\"inLanguage\":\"es-ES\",\"publisher\":{\"@id\":\"https:\\\/\\\/www.eldigitaldeasturias.com\\\/noticias\\\/#organization\"}}]}\n\t\t<\/script>\n\t\t<!-- All in One SEO Pro -->\r\n\t\t<title>Admitida la denuncia de Leal contra dirigentes de Foro Asturias - El Digital de Asturias<\/title>\n\n","aioseo_head_json":{"title":"Admitida la denuncia de Leal contra dirigentes de Foro Asturias - El Digital de Asturias","description":"La denuncia responde a los presuntos delitos de falsificaci\u00f3n de documentos privados y aportaci\u00f3n a procedimiento judicial de documentos falsos","canonical_url":"https:\/\/www.eldigitaldeasturias.com\/noticias\/admitida-la-denuncia-de-leal-contra-dirigentes-de-foro-asturias\/","robots":"max-image-preview:large","keywords":"asturias,foro,leal,actualidad asturias","webmasterTools":{"google-site-verification":"UA-38556648-1","msvalidate.01":"7dfe9f3f1b24437ab69f4f2559babe99","miscellaneous":""},"schema":{"@context":"https:\/\/schema.org","@graph":[{"@type":"BlogPosting","@id":"https:\/\/www.eldigitaldeasturias.com\/noticias\/admitida-la-denuncia-de-leal-contra-dirigentes-de-foro-asturias\/#blogposting","name":"Admitida la denuncia de Leal contra dirigentes de Foro Asturias - El Digital de Asturias","headline":"Admitida la denuncia de Leal contra dirigentes de Foro Asturias","author":{"@id":"https:\/\/www.eldigitaldeasturias.com\/noticias\/author\/admin\/#author"},"publisher":{"@id":"https:\/\/www.eldigitaldeasturias.com\/noticias\/#organization"},"image":{"@type":"ImageObject","url":1070343},"datePublished":"2021-06-15T22:26:34+02:00","dateModified":"2021-06-15T22:26:34+02:00","inLanguage":"es-ES","mainEntityOfPage":{"@id":"https:\/\/www.eldigitaldeasturias.com\/noticias\/admitida-la-denuncia-de-leal-contra-dirigentes-de-foro-asturias\/#webpage"},"isPartOf":{"@id":"https:\/\/www.eldigitaldeasturias.com\/noticias\/admitida-la-denuncia-de-leal-contra-dirigentes-de-foro-asturias\/#webpage"},"articleSection":"Actualidad Asturias"},{"@type":"BreadcrumbList","@id":"https:\/\/www.eldigitaldeasturias.com\/noticias\/admitida-la-denuncia-de-leal-contra-dirigentes-de-foro-asturias\/#breadcrumblist","itemListElement":[{"@type":"ListItem","@id":"https:\/\/www.eldigitaldeasturias.com\/noticias#listItem","position":1,"name":"Home","item":"https:\/\/www.eldigitaldeasturias.com\/noticias","nextItem":{"@type":"ListItem","@id":"https:\/\/www.eldigitaldeasturias.com\/noticias\/category\/actualidad-asturias\/#listItem","name":"Actualidad Asturias"}},{"@type":"ListItem","@id":"https:\/\/www.eldigitaldeasturias.com\/noticias\/category\/actualidad-asturias\/#listItem","position":2,"name":"Actualidad Asturias","item":"https:\/\/www.eldigitaldeasturias.com\/noticias\/category\/actualidad-asturias\/","nextItem":{"@type":"ListItem","@id":"https:\/\/www.eldigitaldeasturias.com\/noticias\/admitida-la-denuncia-de-leal-contra-dirigentes-de-foro-asturias\/#listItem","name":"Admitida la denuncia de Leal contra dirigentes de Foro Asturias"},"previousItem":{"@type":"ListItem","@id":"https:\/\/www.eldigitaldeasturias.com\/noticias#listItem","name":"Home"}},{"@type":"ListItem","@id":"https:\/\/www.eldigitaldeasturias.com\/noticias\/admitida-la-denuncia-de-leal-contra-dirigentes-de-foro-asturias\/#listItem","position":3,"name":"Admitida la denuncia de Leal contra dirigentes de Foro Asturias","previousItem":{"@type":"ListItem","@id":"https:\/\/www.eldigitaldeasturias.com\/noticias\/category\/actualidad-asturias\/#listItem","name":"Actualidad Asturias"}}]},{"@type":"Organization","@id":"https:\/\/www.eldigitaldeasturias.com\/noticias\/#organization","name":"El Digital de Asturias","description":"Hemeroteca","url":"https:\/\/www.eldigitaldeasturias.com\/noticias\/","email":"info@eldigitaldeasturias.com","telephone":"+34652131393","logo":{"@type":"ImageObject","url":"https:\/\/www.eldigitaldeasturias.com\/noticias\/wp-content\/uploads\/2020\/12\/EDA.jpg","@id":"https:\/\/www.eldigitaldeasturias.com\/noticias\/admitida-la-denuncia-de-leal-contra-dirigentes-de-foro-asturias\/#organizationLogo"},"image":{"@id":"https:\/\/www.eldigitaldeasturias.com\/noticias\/admitida-la-denuncia-de-leal-contra-dirigentes-de-foro-asturias\/#organizationLogo"},"sameAs":["https:\/\/facebook.com\/eldigitaldeasturias","https:\/\/www.youtube.com\/channel\/UCZP-2wLEB9Rv6erhFmqVnvg"],"address":{"@id":"https:\/\/www.eldigitaldeasturias.com\/noticias\/#postaladdress","@type":"PostalAddress","streetAddress":"san antonio 4","postalCode":"33430","addressLocality":"Cand\u00e1s","addressRegion":"Asturias","addressCountry":"ES"}},{"@type":"Person","@id":"https:\/\/www.eldigitaldeasturias.com\/noticias\/author\/admin\/#author","url":"https:\/\/www.eldigitaldeasturias.com\/noticias\/author\/admin\/","name":"El Digital de Asturias","image":{"@type":"ImageObject","@id":"https:\/\/www.eldigitaldeasturias.com\/noticias\/admitida-la-denuncia-de-leal-contra-dirigentes-de-foro-asturias\/#authorImage","url":"https:\/\/secure.gravatar.com\/avatar\/df2aeffc32bcd13f8d26072ef8a91b623d677766deac7f97ca815868cd41bf5e?s=96&d=mm&r=g","width":96,"height":96,"caption":"El Digital de Asturias"}},{"@type":"WebPage","@id":"https:\/\/www.eldigitaldeasturias.com\/noticias\/admitida-la-denuncia-de-leal-contra-dirigentes-de-foro-asturias\/#webpage","url":"https:\/\/www.eldigitaldeasturias.com\/noticias\/admitida-la-denuncia-de-leal-contra-dirigentes-de-foro-asturias\/","name":"Admitida la denuncia de Leal contra dirigentes de Foro Asturias - El Digital de Asturias","description":"La denuncia responde a los presuntos delitos de falsificaci\u00f3n de documentos privados y aportaci\u00f3n a procedimiento judicial de documentos falsos","inLanguage":"es-ES","isPartOf":{"@id":"https:\/\/www.eldigitaldeasturias.com\/noticias\/#website"},"breadcrumb":{"@id":"https:\/\/www.eldigitaldeasturias.com\/noticias\/admitida-la-denuncia-de-leal-contra-dirigentes-de-foro-asturias\/#breadcrumblist"},"author":{"@id":"https:\/\/www.eldigitaldeasturias.com\/noticias\/author\/admin\/#author"},"creator":{"@id":"https:\/\/www.eldigitaldeasturias.com\/noticias\/author\/admin\/#author"},"image":{"@type":"ImageObject","url":1070343,"@id":"https:\/\/www.eldigitaldeasturias.com\/noticias\/admitida-la-denuncia-de-leal-contra-dirigentes-de-foro-asturias\/#mainImage"},"primaryImageOfPage":{"@id":"https:\/\/www.eldigitaldeasturias.com\/noticias\/admitida-la-denuncia-de-leal-contra-dirigentes-de-foro-asturias\/#mainImage"},"datePublished":"2021-06-15T22:26:34+02:00","dateModified":"2021-06-15T22:26:34+02:00"},{"@type":"WebSite","@id":"https:\/\/www.eldigitaldeasturias.com\/noticias\/#website","url":"https:\/\/www.eldigitaldeasturias.com\/noticias\/","name":"El Digital de Asturias - Diario de actualidad y noticias","alternateName":"El Digital de Asturias - Diario de actualidad y noticias","description":"Hemeroteca","inLanguage":"es-ES","publisher":{"@id":"https:\/\/www.eldigitaldeasturias.com\/noticias\/#organization"}}]},"og:locale":"es_ES","og:site_name":"El Digital de Asturias","og:type":"article","og:title":"Admitida la denuncia de Leal contra dirigentes de Foro Asturias - El Digital de Asturias","og:description":"La denuncia responde a los presuntos delitos de falsificaci\u00f3n de documentos privados y aportaci\u00f3n a procedimiento judicial de documentos falsos","og:url":"https:\/\/www.eldigitaldeasturias.com\/noticias\/admitida-la-denuncia-de-leal-contra-dirigentes-de-foro-asturias\/","article:tag":["asturias","foro","leal","actualidad asturias"],"article:published_time":"2021-06-15T21:26:34+00:00","article:modified_time":"2021-06-15T21:26:34+00:00","article:publisher":"https:\/\/facebook.com\/eldigitaldeasturias","twitter:card":"summary_large_image","twitter:title":"Admitida la denuncia de Leal contra dirigentes de Foro Asturias - El Digital de Asturias","twitter:description":"La denuncia responde a los presuntos delitos de falsificaci\u00f3n de documentos privados y aportaci\u00f3n a procedimiento judicial de documentos falsos","twitter:image":"https:\/\/www.eldigitaldeasturias.com\/noticias\/wp-content\/uploads\/2020\/12\/EDA-1.jpg","twitter:label1":"Escrito por","twitter:data1":"El Digital de Asturias","twitter:label2":"Tiempo de lectura estimado","twitter:data2":"2 minutos"},"aioseo_meta_data":{"post_id":"1093808","title":null,"description":"La denuncia responde a los presuntos delitos de falsificaci\u00f3n de documentos privados y aportaci\u00f3n a procedimiento judicial de documentos falsos","keywords":[{"label":"Asturias","value":"Asturias"},{"label":" FORO","value":" FORO"},{"label":" Leal","value":" Leal"}],"keyphrases":{"focus":{"keyphrase":"Leal","score":68,"analysis":{"keyphraseInTitle":{"title":"Frase clave objetivo en el t\u00edtulo SEO","description":"Frase clave objetivo encontrada en el t\u00edtulo SEO.","score":9,"maxScore":9,"error":0},"keyphraseInDescription":{"title":"Frase clave objetivo en la meta descripci\u00f3n","description":"Frase clave objetivo no se encuentra en la meta descripci\u00f3n.","score":3,"maxScore":9,"error":1},"keyphraseInURL":{"title":"Frase clave objetivo en la URL","description":"Frase clave objetivo no encontrada en la URL.","score":1,"maxScore":5,"error":1},"keyphraseInIntroduction":{"title":"Frase clave objetivo en la introducci\u00f3n","description":"Su Frase clave objetivo no aparece en el primer p\u00e1rrafo. Aseg\u00farese de que el tema est\u00e9 claro de inmediato.","score":3,"maxScore":9,"error":1},"keyphraseInSubHeadings":[],"keyphraseLength":{"title":"Longitud de la Frase clave objetivo","description":"\u00a1Buen trabajo!","score":9,"maxScore":9,"error":0,"length":1},"keyphraseInImageAlt":{"title":"Frase clave objetivo en los atributos alt de la imagen.","description":"Frase clave objetivo encontrada en los atributos alt de la(s) imagen(es).","score":9,"maxScore":9,"error":0}}},"additional":[{"keyphrase":"denuncia","score":83,"analysis":{"keyphraseInDescription":{"title":"Frase clave en la meta descripci\u00f3n","description":"Frase clave encontrada en la meta descripci\u00f3n.","score":9,"maxScore":9,"error":0},"keyphraseInIntroduction":{"title":"Frase clave en la introducci\u00f3n","description":"Su Frase clave aparece en el primer p\u00e1rrafo. \u00a1Bien hecho!","score":9,"maxScore":9,"error":0},"keyphraseInImageAlt":{"title":"Frase clave en los atributos alt de la imagen.","description":"Frase clave no se encuentra en los atributos alt de la imagen. A\u00f1ada una imagen con su Frase clave como texto alternativo.","score":3,"maxScore":9,"error":1},"keyphraseLength":{"title":"Longitud de la Frase clave","description":"\u00a1Buen trabajo!","score":9,"maxScore":9,"error":0,"length":1}}},{"keyphrase":"delitos de falsificaci\u00f3n ","score":83,"analysis":{"keyphraseInDescription":{"title":"Frase clave en la meta descripci\u00f3n","description":"Frase clave encontrada en la meta descripci\u00f3n.","score":9,"maxScore":9,"error":0},"keyphraseInIntroduction":{"title":"Frase clave en la introducci\u00f3n","description":"Su Frase clave aparece en el primer p\u00e1rrafo. \u00a1Bien hecho!","score":9,"maxScore":9,"error":0},"keyphraseInImageAlt":{"title":"Frase clave en los atributos alt de la imagen.","description":"Frase clave no se encuentra en los atributos alt de la imagen. A\u00f1ada una imagen con su Frase clave como texto alternativo.","score":3,"maxScore":9,"error":1},"keyphraseLength":{"title":"Longitud de la Frase clave","description":"\u00a1Buen trabajo!","score":9,"maxScore":9,"error":0,"length":3}}}]},"primary_term":null,"canonical_url":null,"og_title":null,"og_description":null,"og_object_type":"default","og_image_type":"default","og_image_url":null,"og_image_width":null,"og_image_height":null,"og_image_custom_url":null,"og_image_custom_fields":null,"og_video":"","og_custom_url":null,"og_article_section":null,"og_article_tags":[],"twitter_use_og":false,"twitter_card":"default","twitter_image_type":"default","twitter_image_url":null,"twitter_image_custom_url":null,"twitter_image_custom_fields":null,"twitter_title":null,"twitter_description":null,"schema":{"blockGraphs":[],"customGraphs":[],"default":{"data":{"Article":[],"Course":[],"Dataset":[],"FAQPage":[],"Movie":[],"Person":[],"Product":[],"ProductReview":[],"Car":[],"Recipe":[],"Service":[],"SoftwareApplication":[],"WebPage":[]},"graphName":"","isEnabled":true},"graphs":[],"defaultGraph":"Article","defaultPostTypeGraph":""},"schema_type":"default","schema_type_options":"{\"article\":{\"articleType\":\"BlogPosting\"},\"course\":{\"name\":\"\",\"description\":\"\",\"provider\":\"\"},\"faq\":{\"pages\":[]},\"product\":{\"reviews\":[]},\"recipe\":{\"ingredients\":[],\"instructions\":[],\"keywords\":[]},\"software\":{\"reviews\":[],\"operatingSystems\":[]},\"webPage\":{\"webPageType\":\"WebPage\"}}","pillar_content":false,"robots_default":true,"robots_noindex":false,"robots_noarchive":false,"robots_nosnippet":false,"robots_nofollow":false,"robots_noimageindex":false,"robots_noodp":false,"robots_notranslate":false,"robots_max_snippet":"-1","robots_max_videopreview":"-1","robots_max_imagepreview":"large","priority":null,"frequency":"default","local_seo":{"locations":{"business":{"name":"","businessType":"","image":"","areaServed":"","urls":{"website":"","aboutPage":"","contactPage":""},"address":{"streetLine1":"","streetLine2":"","zipCode":"","city":"","state":"","country":"","addressFormat":"#streetLineOne\n#streetLineTwo\n#city, #state #zipCode"},"contact":{"email":"","phone":"","phoneFormatted":"","fax":"","faxFormatted":""},"ids":{"vat":"","tax":"","chamberOfCommerce":""},"payment":{"priceRange":"","currenciesAccepted":"","methods":""}}},"openingHours":{"useDefaults":true,"show":true,"alwaysOpen":false,"use24hFormat":false,"timezone":"","labels":{"closed":"","alwaysOpen":""},"days":{"monday":{"open24h":false,"closed":false,"openTime":"09:00","closeTime":"17:00"},"tuesday":{"open24h":false,"closed":false,"openTime":"09:00","closeTime":"17:00"},"wednesday":{"open24h":false,"closed":false,"openTime":"09:00","closeTime":"17:00"},"thursday":{"open24h":false,"closed":false,"openTime":"09:00","closeTime":"17:00"},"friday":{"open24h":false,"closed":false,"openTime":"09:00","closeTime":"17:00"},"saturday":{"open24h":false,"closed":false,"openTime":"09:00","closeTime":"17:00"},"sunday":{"open24h":false,"closed":false,"openTime":"09:00","closeTime":"17:00"}}}},"seo_analyzer_scan_date":"2026-07-18 18:59:03","breadcrumb_settings":null,"limit_modified_date":false,"open_ai":null,"ai":null,"created":"2021-06-15 21:19:11","updated":"2026-07-18 18:59:03","focus_keyword":"Leal","additional_keywords":[{"word":"denuncia","score":83},{"word":"delitos de falsificaci\u00f3n","score":83}],"truseo_locale":null},"aioseo_breadcrumb":"<div class=\"aioseo-breadcrumbs\"><span class=\"aioseo-breadcrumb\">\n\t<a href=\"https:\/\/www.eldigitaldeasturias.com\/noticias\" title=\"Home\">Home<\/a>\n<\/span><span class=\"aioseo-breadcrumb-separator\">\u2013<\/span><span class=\"aioseo-breadcrumb\">\n\t<a href=\"https:\/\/www.eldigitaldeasturias.com\/noticias\/category\/actualidad-asturias\/\" title=\"Actualidad Asturias\">Actualidad Asturias<\/a>\n<\/span><span class=\"aioseo-breadcrumb-separator\">\u2013<\/span><span class=\"aioseo-breadcrumb\">\n\t<a href=\"https:\/\/www.eldigitaldeasturias.com\/noticias\/admitida-la-denuncia-de-leal-contra-dirigentes-de-foro-asturias\/\" title=\"Admitida la denuncia de Leal contra dirigentes de Foro Asturias\">Admitida la denuncia de Leal contra dirigentes de Foro Asturias<\/a>\n<\/span><\/div>","aioseo_breadcrumb_json":[{"label":"Home","link":"https:\/\/www.eldigitaldeasturias.com\/noticias"},{"label":"Actualidad Asturias","link":"https:\/\/www.eldigitaldeasturias.com\/noticias\/category\/actualidad-asturias\/"},{"label":"Admitida la denuncia de Leal contra dirigentes de Foro Asturias","link":"https:\/\/www.eldigitaldeasturias.com\/noticias\/admitida-la-denuncia-de-leal-contra-dirigentes-de-foro-asturias\/"}],"_links":{"self":[{"href":"https:\/\/www.eldigitaldeasturias.com\/noticias\/wp-json\/wp\/v2\/posts\/1093808","targetHints":{"allow":["GET"]}}],"collection":[{"href":"https:\/\/www.eldigitaldeasturias.com\/noticias\/wp-json\/wp\/v2\/posts"}],"about":[{"href":"https:\/\/www.eldigitaldeasturias.com\/noticias\/wp-json\/wp\/v2\/types\/post"}],"author":[{"embeddable":true,"href":"https:\/\/www.eldigitaldeasturias.com\/noticias\/wp-json\/wp\/v2\/users\/1"}],"replies":[{"embeddable":true,"href":"https:\/\/www.eldigitaldeasturias.com\/noticias\/wp-json\/wp\/v2\/comments?post=1093808"}],"version-history":[{"count":0,"href":"https:\/\/www.eldigitaldeasturias.com\/noticias\/wp-json\/wp\/v2\/posts\/1093808\/revisions"}],"wp:attachment":[{"href":"https:\/\/www.eldigitaldeasturias.com\/noticias\/wp-json\/wp\/v2\/media?parent=1093808"}],"wp:term":[{"taxonomy":"category","embeddable":true,"href":"https:\/\/www.eldigitaldeasturias.com\/noticias\/wp-json\/wp\/v2\/categories?post=1093808"},{"taxonomy":"post_tag","embeddable":true,"href":"https:\/\/www.eldigitaldeasturias.com\/noticias\/wp-json\/wp\/v2\/tags?post=1093808"}],"curies":[{"name":"wp","href":"https:\/\/api.w.org\/{rel}","templated":true}]}}