{"id":1093757,"date":"2021-06-15T12:36:32","date_gmt":"2021-06-15T11:36:32","guid":{"rendered":"https:\/\/www.eldigitaldeasturias.com\/noticias\/?p=1093757"},"modified":"2021-06-15T12:36:32","modified_gmt":"2021-06-15T11:36:32","slug":"cuando-es-necesario-contar-con-el-certificado-de-antecedentes-penales","status":"publish","type":"post","link":"https:\/\/www.eldigitaldeasturias.com\/noticias\/cuando-es-necesario-contar-con-el-certificado-de-antecedentes-penales\/","title":{"rendered":"\u00bfCu\u00e1ndo es necesario contar con el certificado de antecedentes penales?"},"content":{"rendered":"<p><img loading=\"lazy\" decoding=\"async\" class=\"alignleft size-medium wp-image-1093758\" src=\"https:\/\/www.eldigitaldeasturias.com\/noticias\/wp-content\/uploads\/2021\/06\/certificado-360x230.jpg\" alt=\"certificado\" width=\"360\" height=\"230\" \/>El<strong> certificado de penales, o certificado negativo de antecedentes penales<\/strong>, es un requisito obligado para desempe\u00f1ar ciertos empleos, especialmente en el \u00e1mbito de la administraci\u00f3n. Se trata de un documento oficial donde figura la informaci\u00f3n contenida en el Registro Censal de Penados. Es un certificado porque valida que la persona en cuesti\u00f3n no ha sido condenada en el \u00e1mbito penal en ninguna ocasi\u00f3n.<\/p>\n<p>El documento contiene informaci\u00f3n confidencial, de modo que<strong> solo se puede exigir cuando las empresas est\u00e9n facultadas legalmente para ello.<\/strong> La Constituci\u00f3n y el Estatuto de los Trabajadores proh\u00edben discriminar a empleados por cuestiones que se deriven de esta circunstancia.<\/p>\n<h2><strong>\u00bfQu\u00e9 profesionales est\u00e1n obligados a cumplir con este requisito para acceder al mercado de trabajo?<\/strong><\/h2>\n<p>La lista de profesiones en los que se solicita este certificado es muy amplia, pero se puede resumir en cuatro grandes grupos. Aquellas<strong> personas que trabajan a diario con menores<\/strong> lo deben tener porque es una forma de impedir el acceso a personas que han sido condenados por agresi\u00f3n y abuso sexual, acoso y otros delitos de similares caracter\u00edsticas. En este grupo se incluyen docentes, monitores deportivos y recreativos, cuidadores y un largo etc\u00e9tera.<\/p>\n<p>Otro grupo obligado a cumplir con este proceso son<strong> los administradores y empleados en el sector del juego<\/strong>, pero los requisitos son diferentes en funci\u00f3n de si se es administrador, socio o representante de una empresa que opera en esta industria y los empleados que trabajan en ella.<\/p>\n<p>La tercera opci\u00f3n son los <strong>funcionarios p\u00fablicos<\/strong>. M\u00e9dicos, maestros, funcionarios de prisiones, polic\u00edas, guardias civiles, bomberos, profesores de universidad y una amplia lista de profesionales que opositan a una plaza p\u00fablica, incluyendo los trabajadores del Banco de Espa\u00f1a, deben estar en posesi\u00f3n del certificado negativo de antecedentes penales.<\/p>\n<p>Finalmente, un cuarto grupo son los<strong> profesionales que dependan de la Administraci\u00f3n P\u00fablica a trav\u00e9s de una f\u00f3rmula de concesi\u00f3n<\/strong>. Un ejemplo son las empresas de transportes cuando ejecutan servicios de transporte p\u00fablico. En su pol\u00edtica de contrataci\u00f3n han de primar a aquellos empleados que cuentan con el certificado de penales.<\/p>\n<h2><strong>\u00bfC\u00f3mo se solicita el certificado de antecedentes penales?<\/strong><\/h2>\n<p>El certificado<strong> lo expide el Ministerio de Justicia <\/strong>y en \u00e9l se acredita que la persona no ha sido condenada en una sentencia por delito cometido. A su vez, tambi\u00e9n informa sobre la posible privaci\u00f3n de libertad y si ha cumplido condena, as\u00ed como el r\u00e9gimen de libertad de que dispone.<\/p>\n<p>Existen varias f\u00f3rmulas para solicitarlo: <strong>de manera presencial, por correo postal o a trav\u00e9s de internet.<\/strong> Para esta \u00faltima v\u00eda hay que tener certificado digital o DNI electr\u00f3nico. La v\u00eda telem\u00e1tica, a trav\u00e9s de internet, resulta la m\u00e1s c\u00f3moda, pues la persona no tendr\u00e1 que desplazarse a ninguna administraci\u00f3n.<\/p>\n<p>Adem\u00e1s, este proceso tambi\u00e9n es posible cuando toca solicitar este mismo documento en otro pa\u00eds. Un ejemplo, el certificado de <span style=\"color: #ff6600;\"><a style=\"color: #ff6600;\" href=\"https:\/\/www.comorecurrir.es\/antecedentes-penales-venezuela\/\" target=\"_blank\" rel=\"noopener\"><strong>antecedentes penales venezuela<\/strong><\/a><\/span> lo expide tambi\u00e9n el Ministerio de Justicia y da validez para trabajar en cualquiera de esos sectores comentados anteriormente siempre que se cumpla con el resto de requisitos.<\/p>\n<h2><strong>Si cuento con antecedentes penales, \u00bfson para toda la vida?<\/strong><\/h2>\n<p>Los antecedentes penales tienen efecto hasta que se cancelan, pero que puedan cancelarse no es sin\u00f3nimo de que siempre se consiga. Se pueden dar dos supuestos: <strong>la cancelaci\u00f3n judicial y la administrativa.<\/strong><\/p>\n<p>Para que los antecedentes queden cancelados la persona debe<strong> estar sin delinquir durante un determinado tiempo y haber cubierto las responsabilidades civiles<\/strong>. Ese tiempo puede ir de dos a cinco a\u00f1os desde que se extingue la pena. No todos los delitos pasan a formar parte del antecedente de penales, solo aquellos que afectan al plano jur\u00eddico penal.<\/p>\n<p>La v\u00eda para solicitar esta cancelaci\u00f3n pasa por <strong>formalizar una solicitud al Ministerio de Justicia<\/strong>, un proceso que se puede realizar v\u00eda presencial, a trav\u00e9s de correo postal o desde internet.<\/p>\n<h2><strong>\u00bfEs necesario contar con este certificado para emplearse en la seguridad privada?<\/strong><\/h2>\n<p>En el grupo de ocupaciones que demandan el certificado de penales que hemos numerado privadamente no aparece la seguridad privada, pero la realidad es que <strong>la Ley de Seguridad Privada s\u00ed exige que se carezcan de estos antecedentes.<\/strong><\/p>\n<p>La persona que no cumpla con ellos o que encuentre inexactitudes en sus procesos debe ponerse en contacto con abogados especialistas o, de manera previa, conocer bien cu\u00e1l es su situaci\u00f3n y qu\u00e9 pasos puede ejecutar. El portal web <span style=\"color: #ff6600;\"><a style=\"color: #ff6600;\" href=\"https:\/\/www.comorecurrir.es\/\" target=\"_blank\" rel=\"noopener\"><strong>como recurrir<\/strong><\/a><\/span> nos muestra algunos de estos pasos a seguir para hacer tr\u00e1mites administrativos: multas, sentencias\u2026<\/p>\n<p>En el caso concreto de la seguridad privada, la posesi\u00f3n de un certificado negativo de penales da lugar a la <strong>obtenci\u00f3n de la habilitaci\u00f3n para ejercer esta profesi\u00f3n y para mantenerla<\/strong>. Es un requisito que se suma a otros tambi\u00e9n necesarios.<\/p>\n<p>Si la Administraci\u00f3n es sabedora de que una persona cuenta con antecedentes penales no cancelados, esa persona perder\u00e1 la habilitaci\u00f3n para ejercer como profesional en activo de la seguridad privada.<\/p>\n<p>&nbsp;<\/p>\n","protected":false},"excerpt":{"rendered":"<p>El certificado de penales, o certificado negativo de antecedentes penales, es un requisito obligado para desempe\u00f1ar ciertos empleos, especialmente en el \u00e1mbito de la administraci\u00f3n. Se trata de un documento oficial donde figura la informaci\u00f3n contenida en el Registro Censal de Penados. Es un certificado porque valida que la persona en cuesti\u00f3n no ha sido [&hellip;]<\/p>\n","protected":false},"author":1,"featured_media":1093758,"comment_status":"closed","ping_status":"closed","sticky":false,"template":"","format":"standard","meta":{"footnotes":""},"categories":[28],"tags":[],"class_list":["post-1093757","post","type-post","status-publish","format-standard","has-post-thumbnail","hentry","category-sociedad"],"aioseo_notices":[],"aioseo_head":"\n\t\t<!-- All in One SEO Pro 5.0.1 - aioseo.com -->\n\t<meta name=\"description\" content=\"El certificado de penales, o certificado negativo de antecedentes penales, es un requisito obligado para desempe\u00f1ar ciertos empleos, especialmente en el \u00e1mbito\" \/>\n\t<meta name=\"robots\" content=\"max-image-preview:large\" \/>\n\t<meta name=\"author\" content=\"El Digital de Asturias\"\/>\n\t<meta name=\"google-site-verification\" content=\"UA-38556648-1\" \/>\n\t<meta name=\"msvalidate.01\" content=\"7dfe9f3f1b24437ab69f4f2559babe99\" \/>\n\t<meta name=\"keywords\" content=\"certificados,justicia,sociedad,penales\" \/>\n\t<link rel=\"canonical\" href=\"https:\/\/www.eldigitaldeasturias.com\/noticias\/cuando-es-necesario-contar-con-el-certificado-de-antecedentes-penales\/\" \/>\n\t<meta name=\"generator\" content=\"All in One SEO Pro (AIOSEO) 5.0.1\" \/>\n\t\t<meta property=\"og:locale\" content=\"es_ES\" \/>\n\t\t<meta property=\"og:site_name\" content=\"El Digital de Asturias\" \/>\n\t\t<meta property=\"og:type\" content=\"article\" \/>\n\t\t<meta property=\"og:title\" content=\"\u00bfCu\u00e1ndo es necesario contar con el certificado de antecedentes penales? - El Digital de Asturias\" \/>\n\t\t<meta property=\"og:description\" content=\"El certificado de penales, o certificado negativo de antecedentes penales, es un requisito obligado para desempe\u00f1ar ciertos empleos, especialmente en el \u00e1mbito\" \/>\n\t\t<meta property=\"og:url\" content=\"https:\/\/www.eldigitaldeasturias.com\/noticias\/cuando-es-necesario-contar-con-el-certificado-de-antecedentes-penales\/\" \/>\n\t\t<meta property=\"article:tag\" content=\"certificados\" \/>\n\t\t<meta property=\"article:tag\" content=\"justicia\" \/>\n\t\t<meta property=\"article:tag\" content=\"sociedad\" \/>\n\t\t<meta property=\"article:tag\" content=\"penales\" \/>\n\t\t<meta property=\"article:published_time\" content=\"2021-06-15T11:36:32+00:00\" \/>\n\t\t<meta property=\"article:modified_time\" content=\"2021-06-15T11:36:32+00:00\" \/>\n\t\t<meta property=\"article:publisher\" content=\"https:\/\/facebook.com\/eldigitaldeasturias\" \/>\n\t\t<meta name=\"twitter:card\" content=\"summary_large_image\" \/>\n\t\t<meta name=\"twitter:title\" content=\"\u00bfCu\u00e1ndo es necesario contar con el certificado de antecedentes penales? - El Digital de Asturias\" \/>\n\t\t<meta name=\"twitter:description\" content=\"El certificado de penales, o certificado negativo de antecedentes penales, es un requisito obligado para desempe\u00f1ar ciertos empleos, especialmente en el \u00e1mbito\" \/>\n\t\t<meta name=\"twitter:image\" content=\"https:\/\/www.eldigitaldeasturias.com\/noticias\/wp-content\/uploads\/2020\/12\/EDA-1.jpg\" \/>\n\t\t<meta name=\"twitter:label1\" content=\"Escrito por\" \/>\n\t\t<meta name=\"twitter:data1\" content=\"El Digital de Asturias\" \/>\n\t\t<meta name=\"twitter:label2\" content=\"Tiempo de lectura estimado\" \/>\n\t\t<meta name=\"twitter:data2\" content=\"4 minutos\" \/>\n\t\t<script type=\"application\/ld+json\" class=\"aioseo-schema\">\n\t\t\t{\"@context\":\"https:\\\/\\\/schema.org\",\"@graph\":[{\"@type\":\"BlogPosting\",\"@id\":\"https:\\\/\\\/www.eldigitaldeasturias.com\\\/noticias\\\/cuando-es-necesario-contar-con-el-certificado-de-antecedentes-penales\\\/#blogposting\",\"name\":\"\\u00bfCu\\u00e1ndo es necesario contar con el certificado de antecedentes penales? - El Digital de Asturias\",\"headline\":\"\\u00bfCu\\u00e1ndo es necesario contar con el certificado de antecedentes penales?\",\"author\":{\"@id\":\"https:\\\/\\\/www.eldigitaldeasturias.com\\\/noticias\\\/author\\\/admin\\\/#author\"},\"publisher\":{\"@id\":\"https:\\\/\\\/www.eldigitaldeasturias.com\\\/noticias\\\/#organization\"},\"image\":{\"@type\":\"ImageObject\",\"url\":1093758},\"datePublished\":\"2021-06-15T12:36:32+02:00\",\"dateModified\":\"2021-06-15T12:36:32+02:00\",\"inLanguage\":\"es-ES\",\"mainEntityOfPage\":{\"@id\":\"https:\\\/\\\/www.eldigitaldeasturias.com\\\/noticias\\\/cuando-es-necesario-contar-con-el-certificado-de-antecedentes-penales\\\/#webpage\"},\"isPartOf\":{\"@id\":\"https:\\\/\\\/www.eldigitaldeasturias.com\\\/noticias\\\/cuando-es-necesario-contar-con-el-certificado-de-antecedentes-penales\\\/#webpage\"},\"articleSection\":\"Sociedad\"},{\"@type\":\"BreadcrumbList\",\"@id\":\"https:\\\/\\\/www.eldigitaldeasturias.com\\\/noticias\\\/cuando-es-necesario-contar-con-el-certificado-de-antecedentes-penales\\\/#breadcrumblist\",\"itemListElement\":[{\"@type\":\"ListItem\",\"@id\":\"https:\\\/\\\/www.eldigitaldeasturias.com\\\/noticias#listItem\",\"position\":1,\"name\":\"Home\",\"item\":\"https:\\\/\\\/www.eldigitaldeasturias.com\\\/noticias\",\"nextItem\":{\"@type\":\"ListItem\",\"@id\":\"https:\\\/\\\/www.eldigitaldeasturias.com\\\/noticias\\\/category\\\/sociedad\\\/#listItem\",\"name\":\"Sociedad\"}},{\"@type\":\"ListItem\",\"@id\":\"https:\\\/\\\/www.eldigitaldeasturias.com\\\/noticias\\\/category\\\/sociedad\\\/#listItem\",\"position\":2,\"name\":\"Sociedad\",\"item\":\"https:\\\/\\\/www.eldigitaldeasturias.com\\\/noticias\\\/category\\\/sociedad\\\/\",\"nextItem\":{\"@type\":\"ListItem\",\"@id\":\"https:\\\/\\\/www.eldigitaldeasturias.com\\\/noticias\\\/cuando-es-necesario-contar-con-el-certificado-de-antecedentes-penales\\\/#listItem\",\"name\":\"\\u00bfCu\\u00e1ndo es necesario contar con el certificado de antecedentes penales?\"},\"previousItem\":{\"@type\":\"ListItem\",\"@id\":\"https:\\\/\\\/www.eldigitaldeasturias.com\\\/noticias#listItem\",\"name\":\"Home\"}},{\"@type\":\"ListItem\",\"@id\":\"https:\\\/\\\/www.eldigitaldeasturias.com\\\/noticias\\\/cuando-es-necesario-contar-con-el-certificado-de-antecedentes-penales\\\/#listItem\",\"position\":3,\"name\":\"\\u00bfCu\\u00e1ndo es necesario contar con el certificado de antecedentes penales?\",\"previousItem\":{\"@type\":\"ListItem\",\"@id\":\"https:\\\/\\\/www.eldigitaldeasturias.com\\\/noticias\\\/category\\\/sociedad\\\/#listItem\",\"name\":\"Sociedad\"}}]},{\"@type\":\"Organization\",\"@id\":\"https:\\\/\\\/www.eldigitaldeasturias.com\\\/noticias\\\/#organization\",\"name\":\"El Digital de Asturias\",\"description\":\"Hemeroteca\",\"url\":\"https:\\\/\\\/www.eldigitaldeasturias.com\\\/noticias\\\/\",\"email\":\"info@eldigitaldeasturias.com\",\"telephone\":\"+34652131393\",\"logo\":{\"@type\":\"ImageObject\",\"url\":\"https:\\\/\\\/www.eldigitaldeasturias.com\\\/noticias\\\/wp-content\\\/uploads\\\/2020\\\/12\\\/EDA.jpg\",\"@id\":\"https:\\\/\\\/www.eldigitaldeasturias.com\\\/noticias\\\/cuando-es-necesario-contar-con-el-certificado-de-antecedentes-penales\\\/#organizationLogo\"},\"image\":{\"@id\":\"https:\\\/\\\/www.eldigitaldeasturias.com\\\/noticias\\\/cuando-es-necesario-contar-con-el-certificado-de-antecedentes-penales\\\/#organizationLogo\"},\"sameAs\":[\"https:\\\/\\\/facebook.com\\\/eldigitaldeasturias\",\"https:\\\/\\\/www.youtube.com\\\/channel\\\/UCZP-2wLEB9Rv6erhFmqVnvg\"],\"address\":{\"@id\":\"https:\\\/\\\/www.eldigitaldeasturias.com\\\/noticias\\\/#postaladdress\",\"@type\":\"PostalAddress\",\"streetAddress\":\"san antonio 4\",\"postalCode\":\"33430\",\"addressLocality\":\"Cand\\u00e1s\",\"addressRegion\":\"Asturias\",\"addressCountry\":\"ES\"}},{\"@type\":\"Person\",\"@id\":\"https:\\\/\\\/www.eldigitaldeasturias.com\\\/noticias\\\/author\\\/admin\\\/#author\",\"url\":\"https:\\\/\\\/www.eldigitaldeasturias.com\\\/noticias\\\/author\\\/admin\\\/\",\"name\":\"El Digital de Asturias\",\"image\":{\"@type\":\"ImageObject\",\"@id\":\"https:\\\/\\\/www.eldigitaldeasturias.com\\\/noticias\\\/cuando-es-necesario-contar-con-el-certificado-de-antecedentes-penales\\\/#authorImage\",\"url\":\"https:\\\/\\\/secure.gravatar.com\\\/avatar\\\/df2aeffc32bcd13f8d26072ef8a91b623d677766deac7f97ca815868cd41bf5e?s=96&d=mm&r=g\",\"width\":96,\"height\":96,\"caption\":\"El Digital de Asturias\"}},{\"@type\":\"WebPage\",\"@id\":\"https:\\\/\\\/www.eldigitaldeasturias.com\\\/noticias\\\/cuando-es-necesario-contar-con-el-certificado-de-antecedentes-penales\\\/#webpage\",\"url\":\"https:\\\/\\\/www.eldigitaldeasturias.com\\\/noticias\\\/cuando-es-necesario-contar-con-el-certificado-de-antecedentes-penales\\\/\",\"name\":\"\\u00bfCu\\u00e1ndo es necesario contar con el certificado de antecedentes penales? - El Digital de Asturias\",\"description\":\"El certificado de penales, o certificado negativo de antecedentes penales, es un requisito obligado para desempe\\u00f1ar ciertos empleos, especialmente en el \\u00e1mbito\",\"inLanguage\":\"es-ES\",\"isPartOf\":{\"@id\":\"https:\\\/\\\/www.eldigitaldeasturias.com\\\/noticias\\\/#website\"},\"breadcrumb\":{\"@id\":\"https:\\\/\\\/www.eldigitaldeasturias.com\\\/noticias\\\/cuando-es-necesario-contar-con-el-certificado-de-antecedentes-penales\\\/#breadcrumblist\"},\"author\":{\"@id\":\"https:\\\/\\\/www.eldigitaldeasturias.com\\\/noticias\\\/author\\\/admin\\\/#author\"},\"creator\":{\"@id\":\"https:\\\/\\\/www.eldigitaldeasturias.com\\\/noticias\\\/author\\\/admin\\\/#author\"},\"image\":{\"@type\":\"ImageObject\",\"url\":1093758,\"@id\":\"https:\\\/\\\/www.eldigitaldeasturias.com\\\/noticias\\\/cuando-es-necesario-contar-con-el-certificado-de-antecedentes-penales\\\/#mainImage\"},\"primaryImageOfPage\":{\"@id\":\"https:\\\/\\\/www.eldigitaldeasturias.com\\\/noticias\\\/cuando-es-necesario-contar-con-el-certificado-de-antecedentes-penales\\\/#mainImage\"},\"datePublished\":\"2021-06-15T12:36:32+02:00\",\"dateModified\":\"2021-06-15T12:36:32+02:00\"},{\"@type\":\"WebSite\",\"@id\":\"https:\\\/\\\/www.eldigitaldeasturias.com\\\/noticias\\\/#website\",\"url\":\"https:\\\/\\\/www.eldigitaldeasturias.com\\\/noticias\\\/\",\"name\":\"El Digital de Asturias - Diario de actualidad y noticias\",\"alternateName\":\"El Digital de Asturias - Diario de actualidad y noticias\",\"description\":\"Hemeroteca\",\"inLanguage\":\"es-ES\",\"publisher\":{\"@id\":\"https:\\\/\\\/www.eldigitaldeasturias.com\\\/noticias\\\/#organization\"}}]}\n\t\t<\/script>\n\t\t<!-- All in One SEO Pro -->\r\n\t\t<title>\u00bfCu\u00e1ndo es necesario contar con el certificado de antecedentes penales? - El Digital de Asturias<\/title>\n\n","aioseo_head_json":{"title":"\u00bfCu\u00e1ndo es necesario contar con el certificado de antecedentes penales? - El Digital de Asturias","description":"El certificado de penales, o certificado negativo de antecedentes penales, es un requisito obligado para desempe\u00f1ar ciertos empleos, especialmente en el \u00e1mbito","canonical_url":"https:\/\/www.eldigitaldeasturias.com\/noticias\/cuando-es-necesario-contar-con-el-certificado-de-antecedentes-penales\/","robots":"max-image-preview:large","keywords":"certificados,justicia,sociedad,penales","webmasterTools":{"google-site-verification":"UA-38556648-1","msvalidate.01":"7dfe9f3f1b24437ab69f4f2559babe99","miscellaneous":""},"schema":{"@context":"https:\/\/schema.org","@graph":[{"@type":"BlogPosting","@id":"https:\/\/www.eldigitaldeasturias.com\/noticias\/cuando-es-necesario-contar-con-el-certificado-de-antecedentes-penales\/#blogposting","name":"\u00bfCu\u00e1ndo es necesario contar con el certificado de antecedentes penales? - El Digital de Asturias","headline":"\u00bfCu\u00e1ndo es necesario contar con el certificado de antecedentes penales?","author":{"@id":"https:\/\/www.eldigitaldeasturias.com\/noticias\/author\/admin\/#author"},"publisher":{"@id":"https:\/\/www.eldigitaldeasturias.com\/noticias\/#organization"},"image":{"@type":"ImageObject","url":1093758},"datePublished":"2021-06-15T12:36:32+02:00","dateModified":"2021-06-15T12:36:32+02:00","inLanguage":"es-ES","mainEntityOfPage":{"@id":"https:\/\/www.eldigitaldeasturias.com\/noticias\/cuando-es-necesario-contar-con-el-certificado-de-antecedentes-penales\/#webpage"},"isPartOf":{"@id":"https:\/\/www.eldigitaldeasturias.com\/noticias\/cuando-es-necesario-contar-con-el-certificado-de-antecedentes-penales\/#webpage"},"articleSection":"Sociedad"},{"@type":"BreadcrumbList","@id":"https:\/\/www.eldigitaldeasturias.com\/noticias\/cuando-es-necesario-contar-con-el-certificado-de-antecedentes-penales\/#breadcrumblist","itemListElement":[{"@type":"ListItem","@id":"https:\/\/www.eldigitaldeasturias.com\/noticias#listItem","position":1,"name":"Home","item":"https:\/\/www.eldigitaldeasturias.com\/noticias","nextItem":{"@type":"ListItem","@id":"https:\/\/www.eldigitaldeasturias.com\/noticias\/category\/sociedad\/#listItem","name":"Sociedad"}},{"@type":"ListItem","@id":"https:\/\/www.eldigitaldeasturias.com\/noticias\/category\/sociedad\/#listItem","position":2,"name":"Sociedad","item":"https:\/\/www.eldigitaldeasturias.com\/noticias\/category\/sociedad\/","nextItem":{"@type":"ListItem","@id":"https:\/\/www.eldigitaldeasturias.com\/noticias\/cuando-es-necesario-contar-con-el-certificado-de-antecedentes-penales\/#listItem","name":"\u00bfCu\u00e1ndo es necesario contar con el certificado de antecedentes penales?"},"previousItem":{"@type":"ListItem","@id":"https:\/\/www.eldigitaldeasturias.com\/noticias#listItem","name":"Home"}},{"@type":"ListItem","@id":"https:\/\/www.eldigitaldeasturias.com\/noticias\/cuando-es-necesario-contar-con-el-certificado-de-antecedentes-penales\/#listItem","position":3,"name":"\u00bfCu\u00e1ndo es necesario contar con el certificado de antecedentes penales?","previousItem":{"@type":"ListItem","@id":"https:\/\/www.eldigitaldeasturias.com\/noticias\/category\/sociedad\/#listItem","name":"Sociedad"}}]},{"@type":"Organization","@id":"https:\/\/www.eldigitaldeasturias.com\/noticias\/#organization","name":"El Digital de Asturias","description":"Hemeroteca","url":"https:\/\/www.eldigitaldeasturias.com\/noticias\/","email":"info@eldigitaldeasturias.com","telephone":"+34652131393","logo":{"@type":"ImageObject","url":"https:\/\/www.eldigitaldeasturias.com\/noticias\/wp-content\/uploads\/2020\/12\/EDA.jpg","@id":"https:\/\/www.eldigitaldeasturias.com\/noticias\/cuando-es-necesario-contar-con-el-certificado-de-antecedentes-penales\/#organizationLogo"},"image":{"@id":"https:\/\/www.eldigitaldeasturias.com\/noticias\/cuando-es-necesario-contar-con-el-certificado-de-antecedentes-penales\/#organizationLogo"},"sameAs":["https:\/\/facebook.com\/eldigitaldeasturias","https:\/\/www.youtube.com\/channel\/UCZP-2wLEB9Rv6erhFmqVnvg"],"address":{"@id":"https:\/\/www.eldigitaldeasturias.com\/noticias\/#postaladdress","@type":"PostalAddress","streetAddress":"san antonio 4","postalCode":"33430","addressLocality":"Cand\u00e1s","addressRegion":"Asturias","addressCountry":"ES"}},{"@type":"Person","@id":"https:\/\/www.eldigitaldeasturias.com\/noticias\/author\/admin\/#author","url":"https:\/\/www.eldigitaldeasturias.com\/noticias\/author\/admin\/","name":"El Digital de Asturias","image":{"@type":"ImageObject","@id":"https:\/\/www.eldigitaldeasturias.com\/noticias\/cuando-es-necesario-contar-con-el-certificado-de-antecedentes-penales\/#authorImage","url":"https:\/\/secure.gravatar.com\/avatar\/df2aeffc32bcd13f8d26072ef8a91b623d677766deac7f97ca815868cd41bf5e?s=96&d=mm&r=g","width":96,"height":96,"caption":"El Digital de Asturias"}},{"@type":"WebPage","@id":"https:\/\/www.eldigitaldeasturias.com\/noticias\/cuando-es-necesario-contar-con-el-certificado-de-antecedentes-penales\/#webpage","url":"https:\/\/www.eldigitaldeasturias.com\/noticias\/cuando-es-necesario-contar-con-el-certificado-de-antecedentes-penales\/","name":"\u00bfCu\u00e1ndo es necesario contar con el certificado de antecedentes penales? - El Digital de Asturias","description":"El certificado de penales, o certificado negativo de antecedentes penales, es un requisito obligado para desempe\u00f1ar ciertos empleos, especialmente en el \u00e1mbito","inLanguage":"es-ES","isPartOf":{"@id":"https:\/\/www.eldigitaldeasturias.com\/noticias\/#website"},"breadcrumb":{"@id":"https:\/\/www.eldigitaldeasturias.com\/noticias\/cuando-es-necesario-contar-con-el-certificado-de-antecedentes-penales\/#breadcrumblist"},"author":{"@id":"https:\/\/www.eldigitaldeasturias.com\/noticias\/author\/admin\/#author"},"creator":{"@id":"https:\/\/www.eldigitaldeasturias.com\/noticias\/author\/admin\/#author"},"image":{"@type":"ImageObject","url":1093758,"@id":"https:\/\/www.eldigitaldeasturias.com\/noticias\/cuando-es-necesario-contar-con-el-certificado-de-antecedentes-penales\/#mainImage"},"primaryImageOfPage":{"@id":"https:\/\/www.eldigitaldeasturias.com\/noticias\/cuando-es-necesario-contar-con-el-certificado-de-antecedentes-penales\/#mainImage"},"datePublished":"2021-06-15T12:36:32+02:00","dateModified":"2021-06-15T12:36:32+02:00"},{"@type":"WebSite","@id":"https:\/\/www.eldigitaldeasturias.com\/noticias\/#website","url":"https:\/\/www.eldigitaldeasturias.com\/noticias\/","name":"El Digital de Asturias - Diario de actualidad y noticias","alternateName":"El Digital de Asturias - Diario de actualidad y noticias","description":"Hemeroteca","inLanguage":"es-ES","publisher":{"@id":"https:\/\/www.eldigitaldeasturias.com\/noticias\/#organization"}}]},"og:locale":"es_ES","og:site_name":"El Digital de Asturias","og:type":"article","og:title":"\u00bfCu\u00e1ndo es necesario contar con el certificado de antecedentes penales? - El Digital de Asturias","og:description":"El certificado de penales, o certificado negativo de antecedentes penales, es un requisito obligado para desempe\u00f1ar ciertos empleos, especialmente en el \u00e1mbito","og:url":"https:\/\/www.eldigitaldeasturias.com\/noticias\/cuando-es-necesario-contar-con-el-certificado-de-antecedentes-penales\/","article:tag":["certificados","justicia","sociedad","penales"],"article:published_time":"2021-06-15T11:36:32+00:00","article:modified_time":"2021-06-15T11:36:32+00:00","article:publisher":"https:\/\/facebook.com\/eldigitaldeasturias","twitter:card":"summary_large_image","twitter:title":"\u00bfCu\u00e1ndo es necesario contar con el certificado de antecedentes penales? - El Digital de Asturias","twitter:description":"El certificado de penales, o certificado negativo de antecedentes penales, es un requisito obligado para desempe\u00f1ar ciertos empleos, especialmente en el \u00e1mbito","twitter:image":"https:\/\/www.eldigitaldeasturias.com\/noticias\/wp-content\/uploads\/2020\/12\/EDA-1.jpg","twitter:label1":"Escrito por","twitter:data1":"El Digital de Asturias","twitter:label2":"Tiempo de lectura estimado","twitter:data2":"4 minutos"},"aioseo_meta_data":{"post_id":"1093757","title":null,"description":"El certificado de penales, o certificado negativo de antecedentes penales, es un requisito obligado para desempe\u00f1ar ciertos empleos, especialmente en el \u00e1mbito","keywords":[{"label":"certificados","value":"certificados"},{"label":" justicia","value":" justicia"},{"label":" sociedad","value":" sociedad"},{"label":" penales","value":" penales"}],"keyphrases":{"focus":{"keyphrase":"certificado","score":100,"analysis":{"keyphraseInTitle":{"title":"Frase clave objetivo en el t\u00edtulo SEO","description":"Frase clave objetivo encontrada en el t\u00edtulo SEO.","score":9,"maxScore":9,"error":0},"keyphraseInDescription":{"title":"Frase clave objetivo en la meta descripci\u00f3n","description":"Frase clave objetivo encontrada en la meta descripci\u00f3n.","score":9,"maxScore":9,"error":0},"keyphraseInURL":[],"keyphraseInIntroduction":{"title":"Frase clave objetivo en la introducci\u00f3n","description":"Su Frase clave objetivo aparece en el primer p\u00e1rrafo. \u00a1Bien hecho!","score":9,"maxScore":9,"error":0},"keyphraseInSubHeadings":{"title":"Frase clave objetivo sus subt\u00edtulos","description":"Sus subt\u00edtulos H2 y H3 reflejan el tema de su texto. \u00a1Buen trabajo!","score":9,"maxScore":9,"error":0},"keyphraseLength":{"title":"Longitud de la Frase clave objetivo","description":"\u00a1Buen trabajo!","score":9,"maxScore":9,"error":0,"length":1},"keyphraseInImageAlt":{"title":"Frase clave objetivo en los atributos alt de la imagen.","description":"Frase clave objetivo encontrada en los atributos alt de la(s) imagen(es).","score":9,"maxScore":9,"error":0}}},"additional":[{"keyphrase":"certificado de penales","score":100,"analysis":{"keyphraseInDescription":{"title":"Frase clave en la meta descripci\u00f3n","description":"Frase clave encontrada en la meta descripci\u00f3n.","score":9,"maxScore":9,"error":0},"keyphraseInIntroduction":{"title":"Frase clave en la introducci\u00f3n","description":"Su Frase clave aparece en el primer p\u00e1rrafo. \u00a1Bien hecho!","score":9,"maxScore":9,"error":0},"keyphraseInImageAlt":{"title":"Frase clave en los atributos alt de la imagen.","description":"Frase clave encontrada en los atributos alt de la(s) imagen(es).","score":9,"maxScore":9,"error":0},"keyphraseLength":{"title":"Longitud de la Frase clave","description":"\u00a1Buen trabajo!","score":9,"maxScore":9,"error":0,"length":3}}},{"keyphrase":"antecedentes penales","score":83,"analysis":{"keyphraseInDescription":{"title":"Frase clave en la meta descripci\u00f3n","description":"Frase clave encontrada en la meta descripci\u00f3n.","score":9,"maxScore":9,"error":0},"keyphraseInIntroduction":{"title":"Frase clave en la introducci\u00f3n","description":"Su Frase clave aparece en el primer p\u00e1rrafo. \u00a1Bien hecho!","score":9,"maxScore":9,"error":0},"keyphraseInImageAlt":{"title":"Frase clave en los atributos alt de la imagen.","description":"Frase clave no se encuentra en los atributos alt de la imagen. A\u00f1ada una imagen con su Frase clave como texto alternativo.","score":3,"maxScore":9,"error":1},"keyphraseLength":{"title":"Longitud de la Frase clave","description":"\u00a1Buen trabajo!","score":9,"maxScore":9,"error":0,"length":2}}}]},"primary_term":null,"canonical_url":null,"og_title":null,"og_description":null,"og_object_type":"default","og_image_type":"default","og_image_url":null,"og_image_width":null,"og_image_height":null,"og_image_custom_url":null,"og_image_custom_fields":null,"og_video":"","og_custom_url":null,"og_article_section":null,"og_article_tags":[],"twitter_use_og":false,"twitter_card":"default","twitter_image_type":"default","twitter_image_url":null,"twitter_image_custom_url":null,"twitter_image_custom_fields":null,"twitter_title":null,"twitter_description":null,"schema":{"blockGraphs":[],"customGraphs":[],"default":{"data":{"Article":[],"Course":[],"Dataset":[],"FAQPage":[],"Movie":[],"Person":[],"Product":[],"ProductReview":[],"Car":[],"Recipe":[],"Service":[],"SoftwareApplication":[],"WebPage":[]},"graphName":"","isEnabled":true},"graphs":[],"defaultGraph":"Article","defaultPostTypeGraph":""},"schema_type":"default","schema_type_options":"{\"article\":{\"articleType\":\"BlogPosting\"},\"course\":{\"name\":\"\",\"description\":\"\",\"provider\":\"\"},\"faq\":{\"pages\":[]},\"product\":{\"reviews\":[]},\"recipe\":{\"ingredients\":[],\"instructions\":[],\"keywords\":[]},\"software\":{\"reviews\":[],\"operatingSystems\":[]},\"webPage\":{\"webPageType\":\"WebPage\"}}","pillar_content":false,"robots_default":true,"robots_noindex":false,"robots_noarchive":false,"robots_nosnippet":false,"robots_nofollow":false,"robots_noimageindex":false,"robots_noodp":false,"robots_notranslate":false,"robots_max_snippet":"-1","robots_max_videopreview":"-1","robots_max_imagepreview":"large","priority":null,"frequency":"default","local_seo":{"locations":{"business":{"name":"","businessType":"","image":"","areaServed":"","urls":{"website":"","aboutPage":"","contactPage":""},"address":{"streetLine1":"","streetLine2":"","zipCode":"","city":"","state":"","country":"","addressFormat":"#streetLineOne\n#streetLineTwo\n#city, #state #zipCode"},"contact":{"email":"","phone":"","phoneFormatted":"","fax":"","faxFormatted":""},"ids":{"vat":"","tax":"","chamberOfCommerce":""},"payment":{"priceRange":"","currenciesAccepted":"","methods":""}}},"openingHours":{"useDefaults":true,"show":true,"alwaysOpen":false,"use24hFormat":false,"timezone":"","labels":{"closed":"","alwaysOpen":""},"days":{"monday":{"open24h":false,"closed":false,"openTime":"09:00","closeTime":"17:00"},"tuesday":{"open24h":false,"closed":false,"openTime":"09:00","closeTime":"17:00"},"wednesday":{"open24h":false,"closed":false,"openTime":"09:00","closeTime":"17:00"},"thursday":{"open24h":false,"closed":false,"openTime":"09:00","closeTime":"17:00"},"friday":{"open24h":false,"closed":false,"openTime":"09:00","closeTime":"17:00"},"saturday":{"open24h":false,"closed":false,"openTime":"09:00","closeTime":"17:00"},"sunday":{"open24h":false,"closed":false,"openTime":"09:00","closeTime":"17:00"}}}},"seo_analyzer_scan_date":"2026-07-18 18:26:16","breadcrumb_settings":null,"limit_modified_date":false,"open_ai":null,"ai":null,"created":"2021-06-15 11:29:45","updated":"2026-07-18 18:26:16","focus_keyword":"certificado","additional_keywords":[{"word":"certificado de penales","score":100},{"word":"antecedentes penales","score":83}],"truseo_locale":null},"aioseo_breadcrumb":"<div class=\"aioseo-breadcrumbs\"><span class=\"aioseo-breadcrumb\">\n\t<a href=\"https:\/\/www.eldigitaldeasturias.com\/noticias\" title=\"Home\">Home<\/a>\n<\/span><span class=\"aioseo-breadcrumb-separator\">\u2013<\/span><span class=\"aioseo-breadcrumb\">\n\t<a href=\"https:\/\/www.eldigitaldeasturias.com\/noticias\/category\/sociedad\/\" title=\"Sociedad\">Sociedad<\/a>\n<\/span><span class=\"aioseo-breadcrumb-separator\">\u2013<\/span><span class=\"aioseo-breadcrumb\">\n\t<a href=\"https:\/\/www.eldigitaldeasturias.com\/noticias\/cuando-es-necesario-contar-con-el-certificado-de-antecedentes-penales\/\" title=\"\u00bfCu\u00e1ndo es necesario contar con el certificado de antecedentes penales?\">\u00bfCu\u00e1ndo es necesario contar con el certificado de antecedentes penales?<\/a>\n<\/span><\/div>","aioseo_breadcrumb_json":[{"label":"Home","link":"https:\/\/www.eldigitaldeasturias.com\/noticias"},{"label":"Sociedad","link":"https:\/\/www.eldigitaldeasturias.com\/noticias\/category\/sociedad\/"},{"label":"\u00bfCu\u00e1ndo es necesario contar con el certificado de antecedentes penales?","link":"https:\/\/www.eldigitaldeasturias.com\/noticias\/cuando-es-necesario-contar-con-el-certificado-de-antecedentes-penales\/"}],"_links":{"self":[{"href":"https:\/\/www.eldigitaldeasturias.com\/noticias\/wp-json\/wp\/v2\/posts\/1093757","targetHints":{"allow":["GET"]}}],"collection":[{"href":"https:\/\/www.eldigitaldeasturias.com\/noticias\/wp-json\/wp\/v2\/posts"}],"about":[{"href":"https:\/\/www.eldigitaldeasturias.com\/noticias\/wp-json\/wp\/v2\/types\/post"}],"author":[{"embeddable":true,"href":"https:\/\/www.eldigitaldeasturias.com\/noticias\/wp-json\/wp\/v2\/users\/1"}],"replies":[{"embeddable":true,"href":"https:\/\/www.eldigitaldeasturias.com\/noticias\/wp-json\/wp\/v2\/comments?post=1093757"}],"version-history":[{"count":0,"href":"https:\/\/www.eldigitaldeasturias.com\/noticias\/wp-json\/wp\/v2\/posts\/1093757\/revisions"}],"wp:attachment":[{"href":"https:\/\/www.eldigitaldeasturias.com\/noticias\/wp-json\/wp\/v2\/media?parent=1093757"}],"wp:term":[{"taxonomy":"category","embeddable":true,"href":"https:\/\/www.eldigitaldeasturias.com\/noticias\/wp-json\/wp\/v2\/categories?post=1093757"},{"taxonomy":"post_tag","embeddable":true,"href":"https:\/\/www.eldigitaldeasturias.com\/noticias\/wp-json\/wp\/v2\/tags?post=1093757"}],"curies":[{"name":"wp","href":"https:\/\/api.w.org\/{rel}","templated":true}]}}