{"id":1093754,"date":"2021-06-15T12:16:50","date_gmt":"2021-06-15T11:16:50","guid":{"rendered":"https:\/\/www.eldigitaldeasturias.com\/noticias\/?p=1093754"},"modified":"2021-06-15T12:16:50","modified_gmt":"2021-06-15T11:16:50","slug":"salon-hispano-frances-del-comic-en-jaca","status":"publish","type":"post","link":"https:\/\/www.eldigitaldeasturias.com\/noticias\/salon-hispano-frances-del-comic-en-jaca\/","title":{"rendered":"Sal\u00f3n Hispano Franc\u00e9s del C\u00f3mic en Jaca"},"content":{"rendered":"<p>El Pabell\u00f3n de Hielo de Jaca albergar\u00e1<strong> los d\u00edas 4 y 5 de septiembre una nueva edici\u00f3n del Sal\u00f3n Hispano Franc\u00e9s de C\u00f3mic de Jaca<\/strong>, que reunir\u00e1 a 27 expositores. Esta cita, referente en el mundo del c\u00f3mic en Espa\u00f1a, vuelve a la capital de la Jacetania en su tercera edici\u00f3n tras un par\u00f3n obligado por la pandemia.<\/p>\n<p><img loading=\"lazy\" decoding=\"async\" class=\"aligncenter wp-image-1093755 size-large\" src=\"https:\/\/www.eldigitaldeasturias.com\/noticias\/wp-content\/uploads\/2021\/06\/Salon-Hispano-Frances-de-Comic-de-Jaca-690x385.jpg\" alt=\"Sal\u00f3n Hispano Franc\u00e9s de C\u00f3mic de Jaca,\" width=\"640\" height=\"357\" \/><\/p>\n<p>El director general de Cultura del Gobierno de Arag\u00f3n, V\u00edctor Lucea, ha asistido este martes a la presentaci\u00f3n de esta jornada, que organiza la Asociaci\u00f3n Aragonesa de Autores de C\u00f3mic (AAAC), con el apoyo econ\u00f3mico del Ejecutivo auton\u00f3mico, as\u00ed como el Ayuntamiento de Jaca y la Fundaci\u00f3n Caja Rural de Arag\u00f3n. Lucea ha celebrado la recuperaci\u00f3n de eventos como este, que demuestran \u201cla recuperaci\u00f3n a ritmo de crucero del sector editorial en Arag\u00f3n\u201d. Este sector, ha subrayado el director general, creci\u00f3 un 26% en el quinquenio 2015-2019 en la Comunidad, frente al 2,5% de incremento nacional.<\/p>\n<p>El director general de Cultura ha reiterado el apoyo del Gobierno aragon\u00e9s al sector editorial, dentro del cual se enmarca la industria del c\u00f3mic, a trav\u00e9s de l\u00edneas de ayudas y la potenciaci\u00f3n de eventos como el D\u00eda del Libro o el propio Sal\u00f3n del C\u00f3mic.<\/p>\n<p>Este nuevo encuentro pretende ser el de la consolidaci\u00f3n de un proyecto que quiere convertirse en referente para el mundo del c\u00f3mic en Espa\u00f1a, al unir el gran talento que nuestro pa\u00eds atesora, con el mercado franc\u00e9s, uno de los m\u00e1s importantes a nivel mundial. <strong>Un total de 27 expositores se dar\u00e1n cita en la tercera edici\u00f3n de este sal\u00f3n, entre editoriales, fanzines y autores<\/strong>.<\/p>\n<p>El programa del sal\u00f3n se completa con diversas charlas y talleres, firmas de autores y autoras y exposiciones. Adem\u00e1s, se entregar\u00e1 el Premio Braulio Foz al c\u00f3mic en aragon\u00e9s.<\/p>\n<p>En este sentido, se ha organizado un encuentro entre cr\u00edticos de la ACBD (Association des critiques et journalistes de bande dessin\u00e9e) y la AcdC\u00f3mics. Adem\u00e1s, Jean Vacquet (editor de Editions du Soleil) y Joaqu\u00edn Garc\u00eda (agente de autores) revisar\u00e1n portafolios de autores y autoras espa\u00f1oles.<\/p>\n<p>En cuanto a los invitados, el recientemente premiado en C\u00f3mic Barcelona, Jaime Mart\u00edn, ser\u00e1 uno de los protagonistas, as\u00ed como Agust\u00edn Ferrer. Los profesionales aragoneses tambi\u00e9n tendr\u00e1n cabida en este sal\u00f3n, con autores y autoras de la talla de Sara Soler, tambi\u00e9n premiada en Barcelona por su fanzine \u00abUS\u00bb.<\/p>\n<p>El sector editorial estar\u00e1 presente a trav\u00e9s de empresas procedentes de Arag\u00f3n, Valencia, Catalu\u00f1a, Madrid, Pa\u00eds Vasco y Francia. Del otro lado de los Pirineos vendr\u00e1n la francesa Ilatina, mientras que entre las espa\u00f1olas participar\u00e1n Astiberri, Karras, Grafito o Cascaborra. GP Ediciones, Taula y Malavida son las editoriales aragonesas presentes en el festival.<\/p>\n<p>Una vez m\u00e1s, se contar\u00e1 con la colaboraci\u00f3n del Museo de Dibujo Castillo de Larr\u00e9s y, como novedad, tambi\u00e9n con el Museo Diocesano de Jaca.<\/p>\n<p>La Junta de la AAAC tom\u00f3 la decisi\u00f3n de aplazar el Sal\u00f3n Hispano Franc\u00e9s de C\u00f3mic de Jaca previsto para septiembre de 2020 por la pandemia. Este a\u00f1o, la organizaci\u00f3n recupera estas jornadas en el emblem\u00e1tico escenario de la pista de hielo, donde se volver\u00e1n a reunir autores, editores, libreros, agentes, cr\u00edticos y aficionados del tebeo de uno y otro lado de la frontera. All\u00ed, podr\u00e1n dialogar, conversar y establecer sinergias profesionales y art\u00edsticas.<\/p>\n<p>En la \u00faltima edici\u00f3n, en septiembre de 2018, el Sal\u00f3n del C\u00f3mic consigui\u00f3 reunir a m\u00e1s de un millar de aficionados. Asistieron m\u00e1s de 50 autores y dieron cabida a la oferta de casi una treintena de puestos de venta y librer\u00edas especializadas.<\/p>\n<p>&nbsp;<\/p>\n","protected":false},"excerpt":{"rendered":"<p>El Pabell\u00f3n de Hielo de Jaca albergar\u00e1 los d\u00edas 4 y 5 de septiembre una nueva edici\u00f3n del Sal\u00f3n Hispano Franc\u00e9s de C\u00f3mic de Jaca, que reunir\u00e1 a 27 expositores. Esta cita, referente en el mundo del c\u00f3mic en Espa\u00f1a, vuelve a la capital de la Jacetania en su tercera edici\u00f3n tras un par\u00f3n obligado [&hellip;]<\/p>\n","protected":false},"author":1,"featured_media":1093755,"comment_status":"closed","ping_status":"closed","sticky":false,"template":"","format":"standard","meta":{"footnotes":""},"categories":[2],"tags":[],"class_list":["post-1093754","post","type-post","status-publish","format-standard","has-post-thumbnail","hentry","category-agenda"],"aioseo_notices":[],"aioseo_head":"\n\t\t<!-- All in One SEO Pro 5.0.1 - aioseo.com -->\n\t<meta name=\"description\" content=\"El Pabell\u00f3n de Hielo de Jaca albergar\u00e1 los d\u00edas 4 y 5 de septiembre una nueva edici\u00f3n del Sal\u00f3n Hispano Franc\u00e9s de C\u00f3mic de Jaca, que reunir\u00e1 a 27 expositores\" \/>\n\t<meta name=\"robots\" content=\"max-image-preview:large\" \/>\n\t<meta name=\"author\" content=\"El Digital de Asturias\"\/>\n\t<meta name=\"google-site-verification\" content=\"UA-38556648-1\" \/>\n\t<meta name=\"msvalidate.01\" content=\"7dfe9f3f1b24437ab69f4f2559babe99\" \/>\n\t<meta name=\"keywords\" content=\"agenda,cultura,ocio\" \/>\n\t<link rel=\"canonical\" href=\"https:\/\/www.eldigitaldeasturias.com\/noticias\/salon-hispano-frances-del-comic-en-jaca\/\" \/>\n\t<meta name=\"generator\" content=\"All in One SEO Pro (AIOSEO) 5.0.1\" \/>\n\t\t<meta property=\"og:locale\" content=\"es_ES\" \/>\n\t\t<meta property=\"og:site_name\" content=\"El Digital de Asturias\" \/>\n\t\t<meta property=\"og:type\" content=\"article\" \/>\n\t\t<meta property=\"og:title\" content=\"Sal\u00f3n Hispano Franc\u00e9s del C\u00f3mic en Jaca - El Digital de Asturias\" \/>\n\t\t<meta property=\"og:description\" content=\"El Pabell\u00f3n de Hielo de Jaca albergar\u00e1 los d\u00edas 4 y 5 de septiembre una nueva edici\u00f3n del Sal\u00f3n Hispano Franc\u00e9s de C\u00f3mic de Jaca, que reunir\u00e1 a 27 expositores\" \/>\n\t\t<meta property=\"og:url\" content=\"https:\/\/www.eldigitaldeasturias.com\/noticias\/salon-hispano-frances-del-comic-en-jaca\/\" \/>\n\t\t<meta property=\"article:tag\" content=\"agenda\" \/>\n\t\t<meta property=\"article:tag\" content=\"cultura\" \/>\n\t\t<meta property=\"article:tag\" content=\"ocio\" \/>\n\t\t<meta property=\"article:published_time\" content=\"2021-06-15T11:16:50+00:00\" \/>\n\t\t<meta property=\"article:modified_time\" content=\"2021-06-15T11:16:50+00:00\" \/>\n\t\t<meta property=\"article:publisher\" content=\"https:\/\/facebook.com\/eldigitaldeasturias\" \/>\n\t\t<meta name=\"twitter:card\" content=\"summary_large_image\" \/>\n\t\t<meta name=\"twitter:title\" content=\"Sal\u00f3n Hispano Franc\u00e9s del C\u00f3mic en Jaca - El Digital de Asturias\" \/>\n\t\t<meta name=\"twitter:description\" content=\"El Pabell\u00f3n de Hielo de Jaca albergar\u00e1 los d\u00edas 4 y 5 de septiembre una nueva edici\u00f3n del Sal\u00f3n Hispano Franc\u00e9s de C\u00f3mic de Jaca, que reunir\u00e1 a 27 expositores\" \/>\n\t\t<meta name=\"twitter:image\" content=\"https:\/\/www.eldigitaldeasturias.com\/noticias\/wp-content\/uploads\/2020\/12\/EDA-1.jpg\" \/>\n\t\t<meta name=\"twitter:label1\" content=\"Escrito por\" \/>\n\t\t<meta name=\"twitter:data1\" content=\"El Digital de Asturias\" \/>\n\t\t<meta name=\"twitter:label2\" content=\"Tiempo de lectura estimado\" \/>\n\t\t<meta name=\"twitter:data2\" content=\"3 minutos\" \/>\n\t\t<script type=\"application\/ld+json\" class=\"aioseo-schema\">\n\t\t\t{\"@context\":\"https:\\\/\\\/schema.org\",\"@graph\":[{\"@type\":\"BlogPosting\",\"@id\":\"https:\\\/\\\/www.eldigitaldeasturias.com\\\/noticias\\\/salon-hispano-frances-del-comic-en-jaca\\\/#blogposting\",\"name\":\"Sal\\u00f3n Hispano Franc\\u00e9s del C\\u00f3mic en Jaca - El Digital de Asturias\",\"headline\":\"Sal\\u00f3n Hispano Franc\\u00e9s del C\\u00f3mic en Jaca\",\"author\":{\"@id\":\"https:\\\/\\\/www.eldigitaldeasturias.com\\\/noticias\\\/author\\\/admin\\\/#author\"},\"publisher\":{\"@id\":\"https:\\\/\\\/www.eldigitaldeasturias.com\\\/noticias\\\/#organization\"},\"image\":{\"@type\":\"ImageObject\",\"url\":1093755},\"datePublished\":\"2021-06-15T12:16:50+02:00\",\"dateModified\":\"2021-06-15T12:16:50+02:00\",\"inLanguage\":\"es-ES\",\"mainEntityOfPage\":{\"@id\":\"https:\\\/\\\/www.eldigitaldeasturias.com\\\/noticias\\\/salon-hispano-frances-del-comic-en-jaca\\\/#webpage\"},\"isPartOf\":{\"@id\":\"https:\\\/\\\/www.eldigitaldeasturias.com\\\/noticias\\\/salon-hispano-frances-del-comic-en-jaca\\\/#webpage\"},\"articleSection\":\"Agenda\"},{\"@type\":\"BreadcrumbList\",\"@id\":\"https:\\\/\\\/www.eldigitaldeasturias.com\\\/noticias\\\/salon-hispano-frances-del-comic-en-jaca\\\/#breadcrumblist\",\"itemListElement\":[{\"@type\":\"ListItem\",\"@id\":\"https:\\\/\\\/www.eldigitaldeasturias.com\\\/noticias#listItem\",\"position\":1,\"name\":\"Home\",\"item\":\"https:\\\/\\\/www.eldigitaldeasturias.com\\\/noticias\",\"nextItem\":{\"@type\":\"ListItem\",\"@id\":\"https:\\\/\\\/www.eldigitaldeasturias.com\\\/noticias\\\/category\\\/agenda\\\/#listItem\",\"name\":\"Agenda\"}},{\"@type\":\"ListItem\",\"@id\":\"https:\\\/\\\/www.eldigitaldeasturias.com\\\/noticias\\\/category\\\/agenda\\\/#listItem\",\"position\":2,\"name\":\"Agenda\",\"item\":\"https:\\\/\\\/www.eldigitaldeasturias.com\\\/noticias\\\/category\\\/agenda\\\/\",\"nextItem\":{\"@type\":\"ListItem\",\"@id\":\"https:\\\/\\\/www.eldigitaldeasturias.com\\\/noticias\\\/salon-hispano-frances-del-comic-en-jaca\\\/#listItem\",\"name\":\"Sal\\u00f3n Hispano Franc\\u00e9s del C\\u00f3mic en Jaca\"},\"previousItem\":{\"@type\":\"ListItem\",\"@id\":\"https:\\\/\\\/www.eldigitaldeasturias.com\\\/noticias#listItem\",\"name\":\"Home\"}},{\"@type\":\"ListItem\",\"@id\":\"https:\\\/\\\/www.eldigitaldeasturias.com\\\/noticias\\\/salon-hispano-frances-del-comic-en-jaca\\\/#listItem\",\"position\":3,\"name\":\"Sal\\u00f3n Hispano Franc\\u00e9s del C\\u00f3mic en Jaca\",\"previousItem\":{\"@type\":\"ListItem\",\"@id\":\"https:\\\/\\\/www.eldigitaldeasturias.com\\\/noticias\\\/category\\\/agenda\\\/#listItem\",\"name\":\"Agenda\"}}]},{\"@type\":\"Organization\",\"@id\":\"https:\\\/\\\/www.eldigitaldeasturias.com\\\/noticias\\\/#organization\",\"name\":\"El Digital de Asturias\",\"description\":\"Hemeroteca\",\"url\":\"https:\\\/\\\/www.eldigitaldeasturias.com\\\/noticias\\\/\",\"email\":\"info@eldigitaldeasturias.com\",\"telephone\":\"+34652131393\",\"logo\":{\"@type\":\"ImageObject\",\"url\":\"https:\\\/\\\/www.eldigitaldeasturias.com\\\/noticias\\\/wp-content\\\/uploads\\\/2020\\\/12\\\/EDA.jpg\",\"@id\":\"https:\\\/\\\/www.eldigitaldeasturias.com\\\/noticias\\\/salon-hispano-frances-del-comic-en-jaca\\\/#organizationLogo\"},\"image\":{\"@id\":\"https:\\\/\\\/www.eldigitaldeasturias.com\\\/noticias\\\/salon-hispano-frances-del-comic-en-jaca\\\/#organizationLogo\"},\"sameAs\":[\"https:\\\/\\\/facebook.com\\\/eldigitaldeasturias\",\"https:\\\/\\\/www.youtube.com\\\/channel\\\/UCZP-2wLEB9Rv6erhFmqVnvg\"],\"address\":{\"@id\":\"https:\\\/\\\/www.eldigitaldeasturias.com\\\/noticias\\\/#postaladdress\",\"@type\":\"PostalAddress\",\"streetAddress\":\"san antonio 4\",\"postalCode\":\"33430\",\"addressLocality\":\"Cand\\u00e1s\",\"addressRegion\":\"Asturias\",\"addressCountry\":\"ES\"}},{\"@type\":\"Person\",\"@id\":\"https:\\\/\\\/www.eldigitaldeasturias.com\\\/noticias\\\/author\\\/admin\\\/#author\",\"url\":\"https:\\\/\\\/www.eldigitaldeasturias.com\\\/noticias\\\/author\\\/admin\\\/\",\"name\":\"El Digital de Asturias\",\"image\":{\"@type\":\"ImageObject\",\"@id\":\"https:\\\/\\\/www.eldigitaldeasturias.com\\\/noticias\\\/salon-hispano-frances-del-comic-en-jaca\\\/#authorImage\",\"url\":\"https:\\\/\\\/secure.gravatar.com\\\/avatar\\\/df2aeffc32bcd13f8d26072ef8a91b623d677766deac7f97ca815868cd41bf5e?s=96&d=mm&r=g\",\"width\":96,\"height\":96,\"caption\":\"El Digital de Asturias\"}},{\"@type\":\"WebPage\",\"@id\":\"https:\\\/\\\/www.eldigitaldeasturias.com\\\/noticias\\\/salon-hispano-frances-del-comic-en-jaca\\\/#webpage\",\"url\":\"https:\\\/\\\/www.eldigitaldeasturias.com\\\/noticias\\\/salon-hispano-frances-del-comic-en-jaca\\\/\",\"name\":\"Sal\\u00f3n Hispano Franc\\u00e9s del C\\u00f3mic en Jaca - El Digital de Asturias\",\"description\":\"El Pabell\\u00f3n de Hielo de Jaca albergar\\u00e1 los d\\u00edas 4 y 5 de septiembre una nueva edici\\u00f3n del Sal\\u00f3n Hispano Franc\\u00e9s de C\\u00f3mic de Jaca, que reunir\\u00e1 a 27 expositores\",\"inLanguage\":\"es-ES\",\"isPartOf\":{\"@id\":\"https:\\\/\\\/www.eldigitaldeasturias.com\\\/noticias\\\/#website\"},\"breadcrumb\":{\"@id\":\"https:\\\/\\\/www.eldigitaldeasturias.com\\\/noticias\\\/salon-hispano-frances-del-comic-en-jaca\\\/#breadcrumblist\"},\"author\":{\"@id\":\"https:\\\/\\\/www.eldigitaldeasturias.com\\\/noticias\\\/author\\\/admin\\\/#author\"},\"creator\":{\"@id\":\"https:\\\/\\\/www.eldigitaldeasturias.com\\\/noticias\\\/author\\\/admin\\\/#author\"},\"image\":{\"@type\":\"ImageObject\",\"url\":1093755,\"@id\":\"https:\\\/\\\/www.eldigitaldeasturias.com\\\/noticias\\\/salon-hispano-frances-del-comic-en-jaca\\\/#mainImage\"},\"primaryImageOfPage\":{\"@id\":\"https:\\\/\\\/www.eldigitaldeasturias.com\\\/noticias\\\/salon-hispano-frances-del-comic-en-jaca\\\/#mainImage\"},\"datePublished\":\"2021-06-15T12:16:50+02:00\",\"dateModified\":\"2021-06-15T12:16:50+02:00\"},{\"@type\":\"WebSite\",\"@id\":\"https:\\\/\\\/www.eldigitaldeasturias.com\\\/noticias\\\/#website\",\"url\":\"https:\\\/\\\/www.eldigitaldeasturias.com\\\/noticias\\\/\",\"name\":\"El Digital de Asturias - Diario de actualidad y noticias\",\"alternateName\":\"El Digital de Asturias - Diario de actualidad y noticias\",\"description\":\"Hemeroteca\",\"inLanguage\":\"es-ES\",\"publisher\":{\"@id\":\"https:\\\/\\\/www.eldigitaldeasturias.com\\\/noticias\\\/#organization\"}}]}\n\t\t<\/script>\n\t\t<!-- All in One SEO Pro -->\r\n\t\t<title>Sal\u00f3n Hispano Franc\u00e9s del C\u00f3mic en Jaca - El Digital de Asturias<\/title>\n\n","aioseo_head_json":{"title":"Sal\u00f3n Hispano Franc\u00e9s del C\u00f3mic en Jaca - El Digital de Asturias","description":"El Pabell\u00f3n de Hielo de Jaca albergar\u00e1 los d\u00edas 4 y 5 de septiembre una nueva edici\u00f3n del Sal\u00f3n Hispano Franc\u00e9s de C\u00f3mic de Jaca, que reunir\u00e1 a 27 expositores","canonical_url":"https:\/\/www.eldigitaldeasturias.com\/noticias\/salon-hispano-frances-del-comic-en-jaca\/","robots":"max-image-preview:large","keywords":"agenda,cultura,ocio","webmasterTools":{"google-site-verification":"UA-38556648-1","msvalidate.01":"7dfe9f3f1b24437ab69f4f2559babe99","miscellaneous":""},"schema":{"@context":"https:\/\/schema.org","@graph":[{"@type":"BlogPosting","@id":"https:\/\/www.eldigitaldeasturias.com\/noticias\/salon-hispano-frances-del-comic-en-jaca\/#blogposting","name":"Sal\u00f3n Hispano Franc\u00e9s del C\u00f3mic en Jaca - El Digital de Asturias","headline":"Sal\u00f3n Hispano Franc\u00e9s del C\u00f3mic en Jaca","author":{"@id":"https:\/\/www.eldigitaldeasturias.com\/noticias\/author\/admin\/#author"},"publisher":{"@id":"https:\/\/www.eldigitaldeasturias.com\/noticias\/#organization"},"image":{"@type":"ImageObject","url":1093755},"datePublished":"2021-06-15T12:16:50+02:00","dateModified":"2021-06-15T12:16:50+02:00","inLanguage":"es-ES","mainEntityOfPage":{"@id":"https:\/\/www.eldigitaldeasturias.com\/noticias\/salon-hispano-frances-del-comic-en-jaca\/#webpage"},"isPartOf":{"@id":"https:\/\/www.eldigitaldeasturias.com\/noticias\/salon-hispano-frances-del-comic-en-jaca\/#webpage"},"articleSection":"Agenda"},{"@type":"BreadcrumbList","@id":"https:\/\/www.eldigitaldeasturias.com\/noticias\/salon-hispano-frances-del-comic-en-jaca\/#breadcrumblist","itemListElement":[{"@type":"ListItem","@id":"https:\/\/www.eldigitaldeasturias.com\/noticias#listItem","position":1,"name":"Home","item":"https:\/\/www.eldigitaldeasturias.com\/noticias","nextItem":{"@type":"ListItem","@id":"https:\/\/www.eldigitaldeasturias.com\/noticias\/category\/agenda\/#listItem","name":"Agenda"}},{"@type":"ListItem","@id":"https:\/\/www.eldigitaldeasturias.com\/noticias\/category\/agenda\/#listItem","position":2,"name":"Agenda","item":"https:\/\/www.eldigitaldeasturias.com\/noticias\/category\/agenda\/","nextItem":{"@type":"ListItem","@id":"https:\/\/www.eldigitaldeasturias.com\/noticias\/salon-hispano-frances-del-comic-en-jaca\/#listItem","name":"Sal\u00f3n Hispano Franc\u00e9s del C\u00f3mic en Jaca"},"previousItem":{"@type":"ListItem","@id":"https:\/\/www.eldigitaldeasturias.com\/noticias#listItem","name":"Home"}},{"@type":"ListItem","@id":"https:\/\/www.eldigitaldeasturias.com\/noticias\/salon-hispano-frances-del-comic-en-jaca\/#listItem","position":3,"name":"Sal\u00f3n Hispano Franc\u00e9s del C\u00f3mic en Jaca","previousItem":{"@type":"ListItem","@id":"https:\/\/www.eldigitaldeasturias.com\/noticias\/category\/agenda\/#listItem","name":"Agenda"}}]},{"@type":"Organization","@id":"https:\/\/www.eldigitaldeasturias.com\/noticias\/#organization","name":"El Digital de Asturias","description":"Hemeroteca","url":"https:\/\/www.eldigitaldeasturias.com\/noticias\/","email":"info@eldigitaldeasturias.com","telephone":"+34652131393","logo":{"@type":"ImageObject","url":"https:\/\/www.eldigitaldeasturias.com\/noticias\/wp-content\/uploads\/2020\/12\/EDA.jpg","@id":"https:\/\/www.eldigitaldeasturias.com\/noticias\/salon-hispano-frances-del-comic-en-jaca\/#organizationLogo"},"image":{"@id":"https:\/\/www.eldigitaldeasturias.com\/noticias\/salon-hispano-frances-del-comic-en-jaca\/#organizationLogo"},"sameAs":["https:\/\/facebook.com\/eldigitaldeasturias","https:\/\/www.youtube.com\/channel\/UCZP-2wLEB9Rv6erhFmqVnvg"],"address":{"@id":"https:\/\/www.eldigitaldeasturias.com\/noticias\/#postaladdress","@type":"PostalAddress","streetAddress":"san antonio 4","postalCode":"33430","addressLocality":"Cand\u00e1s","addressRegion":"Asturias","addressCountry":"ES"}},{"@type":"Person","@id":"https:\/\/www.eldigitaldeasturias.com\/noticias\/author\/admin\/#author","url":"https:\/\/www.eldigitaldeasturias.com\/noticias\/author\/admin\/","name":"El Digital de Asturias","image":{"@type":"ImageObject","@id":"https:\/\/www.eldigitaldeasturias.com\/noticias\/salon-hispano-frances-del-comic-en-jaca\/#authorImage","url":"https:\/\/secure.gravatar.com\/avatar\/df2aeffc32bcd13f8d26072ef8a91b623d677766deac7f97ca815868cd41bf5e?s=96&d=mm&r=g","width":96,"height":96,"caption":"El Digital de Asturias"}},{"@type":"WebPage","@id":"https:\/\/www.eldigitaldeasturias.com\/noticias\/salon-hispano-frances-del-comic-en-jaca\/#webpage","url":"https:\/\/www.eldigitaldeasturias.com\/noticias\/salon-hispano-frances-del-comic-en-jaca\/","name":"Sal\u00f3n Hispano Franc\u00e9s del C\u00f3mic en Jaca - El Digital de Asturias","description":"El Pabell\u00f3n de Hielo de Jaca albergar\u00e1 los d\u00edas 4 y 5 de septiembre una nueva edici\u00f3n del Sal\u00f3n Hispano Franc\u00e9s de C\u00f3mic de Jaca, que reunir\u00e1 a 27 expositores","inLanguage":"es-ES","isPartOf":{"@id":"https:\/\/www.eldigitaldeasturias.com\/noticias\/#website"},"breadcrumb":{"@id":"https:\/\/www.eldigitaldeasturias.com\/noticias\/salon-hispano-frances-del-comic-en-jaca\/#breadcrumblist"},"author":{"@id":"https:\/\/www.eldigitaldeasturias.com\/noticias\/author\/admin\/#author"},"creator":{"@id":"https:\/\/www.eldigitaldeasturias.com\/noticias\/author\/admin\/#author"},"image":{"@type":"ImageObject","url":1093755,"@id":"https:\/\/www.eldigitaldeasturias.com\/noticias\/salon-hispano-frances-del-comic-en-jaca\/#mainImage"},"primaryImageOfPage":{"@id":"https:\/\/www.eldigitaldeasturias.com\/noticias\/salon-hispano-frances-del-comic-en-jaca\/#mainImage"},"datePublished":"2021-06-15T12:16:50+02:00","dateModified":"2021-06-15T12:16:50+02:00"},{"@type":"WebSite","@id":"https:\/\/www.eldigitaldeasturias.com\/noticias\/#website","url":"https:\/\/www.eldigitaldeasturias.com\/noticias\/","name":"El Digital de Asturias - Diario de actualidad y noticias","alternateName":"El Digital de Asturias - Diario de actualidad y noticias","description":"Hemeroteca","inLanguage":"es-ES","publisher":{"@id":"https:\/\/www.eldigitaldeasturias.com\/noticias\/#organization"}}]},"og:locale":"es_ES","og:site_name":"El Digital de Asturias","og:type":"article","og:title":"Sal\u00f3n Hispano Franc\u00e9s del C\u00f3mic en Jaca - El Digital de Asturias","og:description":"El Pabell\u00f3n de Hielo de Jaca albergar\u00e1 los d\u00edas 4 y 5 de septiembre una nueva edici\u00f3n del Sal\u00f3n Hispano Franc\u00e9s de C\u00f3mic de Jaca, que reunir\u00e1 a 27 expositores","og:url":"https:\/\/www.eldigitaldeasturias.com\/noticias\/salon-hispano-frances-del-comic-en-jaca\/","article:tag":["agenda","cultura","ocio"],"article:published_time":"2021-06-15T11:16:50+00:00","article:modified_time":"2021-06-15T11:16:50+00:00","article:publisher":"https:\/\/facebook.com\/eldigitaldeasturias","twitter:card":"summary_large_image","twitter:title":"Sal\u00f3n Hispano Franc\u00e9s del C\u00f3mic en Jaca - El Digital de Asturias","twitter:description":"El Pabell\u00f3n de Hielo de Jaca albergar\u00e1 los d\u00edas 4 y 5 de septiembre una nueva edici\u00f3n del Sal\u00f3n Hispano Franc\u00e9s de C\u00f3mic de Jaca, que reunir\u00e1 a 27 expositores","twitter:image":"https:\/\/www.eldigitaldeasturias.com\/noticias\/wp-content\/uploads\/2020\/12\/EDA-1.jpg","twitter:label1":"Escrito por","twitter:data1":"El Digital de Asturias","twitter:label2":"Tiempo de lectura estimado","twitter:data2":"3 minutos"},"aioseo_meta_data":{"post_id":"1093754","title":null,"description":"El Pabell\u00f3n de Hielo de Jaca albergar\u00e1 los d\u00edas 4 y 5 de septiembre una nueva edici\u00f3n del Sal\u00f3n Hispano Franc\u00e9s de C\u00f3mic de Jaca, que reunir\u00e1 a 27 expositores","keywords":[{"label":"agenda","value":"agenda"},{"label":" cultura","value":" cultura"},{"label":" ocio","value":" ocio"}],"keyphrases":{"focus":{"keyphrase":"C\u00f3mic","score":92,"analysis":{"keyphraseInTitle":{"title":"Frase clave objetivo en el t\u00edtulo SEO","description":"Frase clave objetivo encontrada en el t\u00edtulo SEO.","score":9,"maxScore":9,"error":0},"keyphraseInDescription":{"title":"Frase clave objetivo en la meta descripci\u00f3n","description":"Frase clave objetivo encontrada en la meta descripci\u00f3n.","score":9,"maxScore":9,"error":0},"keyphraseInURL":{"title":"Frase clave objetivo en la URL","description":"Frase clave objetivo no encontrada en la URL.","score":1,"maxScore":5,"error":1},"keyphraseInIntroduction":{"title":"Frase clave objetivo en la introducci\u00f3n","description":"Su Frase clave objetivo aparece en el primer p\u00e1rrafo. \u00a1Bien hecho!","score":9,"maxScore":9,"error":0},"keyphraseInSubHeadings":[],"keyphraseLength":{"title":"Longitud de la Frase clave objetivo","description":"\u00a1Buen trabajo!","score":9,"maxScore":9,"error":0,"length":1},"keyphraseInImageAlt":{"title":"Frase clave objetivo en los atributos alt de la imagen.","description":"Frase clave objetivo encontrada en los atributos alt de la(s) imagen(es).","score":9,"maxScore":9,"error":0}}},"additional":[{"keyphrase":"Sal\u00f3n Hispano Franc\u00e9s ","score":100,"analysis":{"keyphraseInDescription":{"title":"Frase clave en la meta descripci\u00f3n","description":"Frase clave encontrada en la meta descripci\u00f3n.","score":9,"maxScore":9,"error":0},"keyphraseInIntroduction":{"title":"Frase clave en la introducci\u00f3n","description":"Su Frase clave aparece en el primer p\u00e1rrafo. \u00a1Bien hecho!","score":9,"maxScore":9,"error":0},"keyphraseInImageAlt":{"title":"Frase clave en los atributos alt de la imagen.","description":"Frase clave encontrada en los atributos alt de la(s) imagen(es).","score":9,"maxScore":9,"error":0},"keyphraseLength":{"title":"Longitud de la Frase clave","description":"\u00a1Buen trabajo!","score":9,"maxScore":9,"error":0,"length":3}}},{"keyphrase":"Jaca","score":100,"analysis":{"keyphraseInDescription":{"title":"Frase clave en la meta descripci\u00f3n","description":"Frase clave encontrada en la meta descripci\u00f3n.","score":9,"maxScore":9,"error":0},"keyphraseInIntroduction":{"title":"Frase clave en la introducci\u00f3n","description":"Su Frase clave aparece en el primer p\u00e1rrafo. \u00a1Bien hecho!","score":9,"maxScore":9,"error":0},"keyphraseInImageAlt":{"title":"Frase clave en los atributos alt de la imagen.","description":"Frase clave encontrada en los atributos alt de la(s) imagen(es).","score":9,"maxScore":9,"error":0},"keyphraseLength":{"title":"Longitud de la Frase clave","description":"\u00a1Buen trabajo!","score":9,"maxScore":9,"error":0,"length":1}}}]},"primary_term":null,"canonical_url":null,"og_title":null,"og_description":null,"og_object_type":"default","og_image_type":"default","og_image_url":null,"og_image_width":null,"og_image_height":null,"og_image_custom_url":null,"og_image_custom_fields":null,"og_video":"","og_custom_url":null,"og_article_section":null,"og_article_tags":[],"twitter_use_og":false,"twitter_card":"default","twitter_image_type":"default","twitter_image_url":null,"twitter_image_custom_url":null,"twitter_image_custom_fields":null,"twitter_title":null,"twitter_description":null,"schema":{"blockGraphs":[],"customGraphs":[],"default":{"data":{"Article":[],"Course":[],"Dataset":[],"FAQPage":[],"Movie":[],"Person":[],"Product":[],"ProductReview":[],"Car":[],"Recipe":[],"Service":[],"SoftwareApplication":[],"WebPage":[]},"graphName":"","isEnabled":true},"graphs":[],"defaultGraph":"Article","defaultPostTypeGraph":""},"schema_type":"default","schema_type_options":"{\"article\":{\"articleType\":\"BlogPosting\"},\"course\":{\"name\":\"\",\"description\":\"\",\"provider\":\"\"},\"faq\":{\"pages\":[]},\"product\":{\"reviews\":[]},\"recipe\":{\"ingredients\":[],\"instructions\":[],\"keywords\":[]},\"software\":{\"reviews\":[],\"operatingSystems\":[]},\"webPage\":{\"webPageType\":\"WebPage\"}}","pillar_content":false,"robots_default":true,"robots_noindex":false,"robots_noarchive":false,"robots_nosnippet":false,"robots_nofollow":false,"robots_noimageindex":false,"robots_noodp":false,"robots_notranslate":false,"robots_max_snippet":"-1","robots_max_videopreview":"-1","robots_max_imagepreview":"large","priority":null,"frequency":"default","local_seo":{"locations":{"business":{"name":"","businessType":"","image":"","areaServed":"","urls":{"website":"","aboutPage":"","contactPage":""},"address":{"streetLine1":"","streetLine2":"","zipCode":"","city":"","state":"","country":"","addressFormat":"#streetLineOne\n#streetLineTwo\n#city, #state #zipCode"},"contact":{"email":"","phone":"","phoneFormatted":"","fax":"","faxFormatted":""},"ids":{"vat":"","tax":"","chamberOfCommerce":""},"payment":{"priceRange":"","currenciesAccepted":"","methods":""}}},"openingHours":{"useDefaults":true,"show":true,"alwaysOpen":false,"use24hFormat":false,"timezone":"","labels":{"closed":"","alwaysOpen":""},"days":{"monday":{"open24h":false,"closed":false,"openTime":"09:00","closeTime":"17:00"},"tuesday":{"open24h":false,"closed":false,"openTime":"09:00","closeTime":"17:00"},"wednesday":{"open24h":false,"closed":false,"openTime":"09:00","closeTime":"17:00"},"thursday":{"open24h":false,"closed":false,"openTime":"09:00","closeTime":"17:00"},"friday":{"open24h":false,"closed":false,"openTime":"09:00","closeTime":"17:00"},"saturday":{"open24h":false,"closed":false,"openTime":"09:00","closeTime":"17:00"},"sunday":{"open24h":false,"closed":false,"openTime":"09:00","closeTime":"17:00"}}}},"seo_analyzer_scan_date":"2026-07-18 18:25:40","breadcrumb_settings":null,"limit_modified_date":false,"open_ai":null,"ai":null,"created":"2021-06-15 11:00:42","updated":"2026-07-18 18:25:40","focus_keyword":"C\u00f3mic","additional_keywords":[{"word":"Sal\u00f3n Hispano Franc\u00e9s","score":100},{"word":"Jaca","score":100}],"truseo_locale":null},"aioseo_breadcrumb":"<div class=\"aioseo-breadcrumbs\"><span class=\"aioseo-breadcrumb\">\n\t<a href=\"https:\/\/www.eldigitaldeasturias.com\/noticias\" title=\"Home\">Home<\/a>\n<\/span><span class=\"aioseo-breadcrumb-separator\">\u2013<\/span><span class=\"aioseo-breadcrumb\">\n\t<a href=\"https:\/\/www.eldigitaldeasturias.com\/noticias\/category\/agenda\/\" title=\"Agenda\">Agenda<\/a>\n<\/span><span class=\"aioseo-breadcrumb-separator\">\u2013<\/span><span class=\"aioseo-breadcrumb\">\n\t<a href=\"https:\/\/www.eldigitaldeasturias.com\/noticias\/salon-hispano-frances-del-comic-en-jaca\/\" title=\"Sal\u00f3n Hispano Franc\u00e9s del C\u00f3mic en Jaca\">Sal\u00f3n Hispano Franc\u00e9s del C\u00f3mic en Jaca<\/a>\n<\/span><\/div>","aioseo_breadcrumb_json":[{"label":"Home","link":"https:\/\/www.eldigitaldeasturias.com\/noticias"},{"label":"Agenda","link":"https:\/\/www.eldigitaldeasturias.com\/noticias\/category\/agenda\/"},{"label":"Sal\u00f3n Hispano Franc\u00e9s del C\u00f3mic en Jaca","link":"https:\/\/www.eldigitaldeasturias.com\/noticias\/salon-hispano-frances-del-comic-en-jaca\/"}],"_links":{"self":[{"href":"https:\/\/www.eldigitaldeasturias.com\/noticias\/wp-json\/wp\/v2\/posts\/1093754","targetHints":{"allow":["GET"]}}],"collection":[{"href":"https:\/\/www.eldigitaldeasturias.com\/noticias\/wp-json\/wp\/v2\/posts"}],"about":[{"href":"https:\/\/www.eldigitaldeasturias.com\/noticias\/wp-json\/wp\/v2\/types\/post"}],"author":[{"embeddable":true,"href":"https:\/\/www.eldigitaldeasturias.com\/noticias\/wp-json\/wp\/v2\/users\/1"}],"replies":[{"embeddable":true,"href":"https:\/\/www.eldigitaldeasturias.com\/noticias\/wp-json\/wp\/v2\/comments?post=1093754"}],"version-history":[{"count":0,"href":"https:\/\/www.eldigitaldeasturias.com\/noticias\/wp-json\/wp\/v2\/posts\/1093754\/revisions"}],"wp:attachment":[{"href":"https:\/\/www.eldigitaldeasturias.com\/noticias\/wp-json\/wp\/v2\/media?parent=1093754"}],"wp:term":[{"taxonomy":"category","embeddable":true,"href":"https:\/\/www.eldigitaldeasturias.com\/noticias\/wp-json\/wp\/v2\/categories?post=1093754"},{"taxonomy":"post_tag","embeddable":true,"href":"https:\/\/www.eldigitaldeasturias.com\/noticias\/wp-json\/wp\/v2\/tags?post=1093754"}],"curies":[{"name":"wp","href":"https:\/\/api.w.org\/{rel}","templated":true}]}}