{"id":1093731,"date":"2021-06-14T16:38:27","date_gmt":"2021-06-14T15:38:27","guid":{"rendered":"https:\/\/www.eldigitaldeasturias.com\/noticias\/?p=1093731"},"modified":"2021-06-16T11:03:29","modified_gmt":"2021-06-16T10:03:29","slug":"cambios-importantes-en-las-oposiciones-de-auxiliar-y-administrativo-del-estado","status":"publish","type":"post","link":"https:\/\/www.eldigitaldeasturias.com\/noticias\/cambios-importantes-en-las-oposiciones-de-auxiliar-y-administrativo-del-estado\/","title":{"rendered":"Cambios importantes en las oposiciones de auxiliar y administrativo del Estado"},"content":{"rendered":"<p>Recientemente, el ministro de Pol\u00edtica Territorial y Funci\u00f3n P\u00fablica, Miquel Iceta, ha anunciado algunas modificaciones en este tipo de pruebas selectivas<\/p>\n<p><img loading=\"lazy\" decoding=\"async\" class=\"aligncenter wp-image-1093732 size-large\" src=\"https:\/\/www.eldigitaldeasturias.com\/noticias\/wp-content\/uploads\/2021\/06\/oposiciones-690x453.jpg\" alt=\"oposiciones\" width=\"640\" height=\"420\" \/><\/p>\n<p>Desde hace algunos a\u00f1os, la mayor\u00eda de los <strong>opositores<\/strong> a la Administraci\u00f3n General del Estado reclamaban cambios en el sistema de oposiciones, ya que lo consideraban bastante obsoleto. Finalmente, esta idea de modificar las pruebas selectivas ha visto la luz, puesto que a partir de este mismos a\u00f1o, se empezar\u00e1n a producir algunos cambios, tal y como ha se\u00f1alado el ministro de Pol\u00edtica Territorial y Funci\u00f3n P\u00fablica, Miquel Iceta.<\/p>\n<p>Esta novedad viene acompa\u00f1ada de otra excelente noticia, puesto que las cifras de las <strong>oposiciones<\/strong> a la Administraci\u00f3n General del Estado van a aumentar. Para ser un poco m\u00e1s concretos, los opositores podr\u00e1n acceder a m\u00e1s de 10.000 plazas. Eso s\u00ed, todas estas modificaciones se extender\u00e1n en el tiempo, debido a que la previsi\u00f3n es que terminen de implementarse en el a\u00f1o 2025.<\/p>\n<p>Aunque el aumento de plazas es un anuncio bastante significativo, la realidad es que la gran novedad se ha producido en el formato de las <strong>pruebas selectivas<\/strong>, puesto que a partir del proceso selectivo que se celebre este a\u00f1o 2021, las personas que se presenten a auxiliar y administrativo del Estado tendr\u00e1n que enfrentarse a nuevos ex\u00e1menes que incluir\u00e1n un <span style=\"color: #ff6600;\"><strong><a style=\"color: #ff6600;\" href=\"https:\/\/opocademy.com\/test-de-informatica-para-oposiciones-auxiliar-administrativo\/\" target=\"_blank\" rel=\"noopener\">test de inform\u00e1tica para oposiciones<\/a><\/strong><\/span>. Y es que seg\u00fan lo establecido, se va a pasar de dos pruebas a una, ya que se elimina el examen de ofim\u00e1tica pr\u00e1ctica.<\/p>\n<h2><strong>\u00bfEn qu\u00e9 consisten las nuevas pruebas de acceso a auxiliar y administrativo del Estado?<\/strong><\/h2>\n<p>Como ya se ha comentado anteriormente, el proceso de selecci\u00f3n para auxiliar y administrativo del Estado estar\u00e1 compuesto por una \u00fanica prueba, la cual constar\u00e1 de dos partes. Lo m\u00e1s rese\u00f1able de este cambio es la eliminaci\u00f3n de la parte pr\u00e1ctica de ofim\u00e1tica, puesto que en esta ocasi\u00f3n, las personas tendr\u00e1n que realizar un <strong>test de inform\u00e1tica te\u00f3rica para oposiciones<\/strong>.<\/p>\n<p>Una modificaci\u00f3n que est\u00e1 relacionada con el proceso de agilizaci\u00f3n de las pruebas, ya que durante muchos a\u00f1os, los opositores se han quejado de los largos ex\u00e1menes a los que ten\u00edan que enfrentarse. Es decir, el principal objetivo es que los <strong>ex\u00e1menes de oposici\u00f3n<\/strong> sean m\u00e1s cortos, para que las personas puedan llevar a cabo todas las pruebas el mismo d\u00eda.<\/p>\n<p>Adem\u00e1s, seg\u00fan ha indicado el ministro de Pol\u00edtica Territorial y Funci\u00f3n P\u00fablica, Miquel Iceta, la intenci\u00f3n de estos cambios es crear pruebas mucho m\u00e1s pr\u00e1cticas. De este modo, los opositores podr\u00e1n demostrar su val\u00eda para el puesto de trabajo a trav\u00e9s de una serie de casos pr\u00e1cticos. Por lo tanto, todas las personas que est\u00e9n interesadas en <strong>prepararse una oposici\u00f3n<\/strong> deben estar al tanto de estas futuras modificaciones, seguramente ya implementadas para el a\u00f1o 2022.<\/p>\n<h2><strong>\u00bfQu\u00e9 otros cambios se han producido en las oposiciones de auxiliar y administrativo del Estado?<\/strong><\/h2>\n<p>Otra de las novedades anunciadas por el ministro de Pol\u00edtica Territorial y Funci\u00f3n P\u00fablica, Miquel Iceta, afecta a la publicaci\u00f3n de las plazas ofertadas. Y es que seg\u00fan ha se\u00f1alado, cada mes de enero se va a publicar un calendario con todos los <strong>procesos selectivos <\/strong>que va a convocar la administraci\u00f3n, por lo que los opositores no van a tener ning\u00fan problema a la hora informarse.<\/p>\n<p>La intenci\u00f3n es publicar este documento el pr\u00f3ximo mes de enero de 2022, y a partir de entonces, ir reproduci\u00e9ndolo todos los a\u00f1os en la misma fecha. Gracias a este cambio, las personas interesadas en las <strong>oposiciones de auxiliar y administrativo del Estado<\/strong> tendr\u00e1n bastante tiempo para organizarse, de modo que podr\u00e1n preparar la prueba selectiva por su cuenta u optar por la v\u00eda de apuntarse a una academia.<\/p>\n<p>Obviamente, no todos los temas de la <strong>oposici\u00f3n de auxiliar y administrativo del Estado<\/strong> son iguales, por lo que en ciertos casos, lo m\u00e1s recomendable es recibir apoyo a trav\u00e9s de alguna academia. Un claro ejemplo de este hecho, lo vemos reflejado en los temarios sobre inform\u00e1tica, puesto que muchas personas tienen problemas cuando empiezan a estudiarlos en casa.<\/p>\n<p>Por suerte, hoy en d\u00eda, existen algunas <strong>academias especializadas en inform\u00e1tica para oposiciones<\/strong> como <span style=\"color: #ff6600;\"><strong><a style=\"color: #ff6600;\" href=\"https:\/\/opocademy.com\/\" target=\"_blank\" rel=\"noopener\">Opocademy<\/a><\/strong><\/span>, donde los opositores pueden encontrar todo lo que necesitan para preparar el temario. Y es que no hay que olvidar, que a partir de este a\u00f1o, las pruebas selectivas incluir\u00e1n un nuevo test de inform\u00e1tica, por lo que lo m\u00e1s adecuado ser\u00e1 resolver todas las dudas en una academia especializada.<\/p>\n<p>&nbsp;<\/p>\n","protected":false},"excerpt":{"rendered":"<p>Recientemente, el ministro de Pol\u00edtica Territorial y Funci\u00f3n P\u00fablica, Miquel Iceta, ha anunciado algunas modificaciones en este tipo de pruebas selectivas Desde hace algunos a\u00f1os, la mayor\u00eda de los opositores a la Administraci\u00f3n General del Estado reclamaban cambios en el sistema de oposiciones, ya que lo consideraban bastante obsoleto. Finalmente, esta idea de modificar las [&hellip;]<\/p>\n","protected":false},"author":1,"featured_media":1093732,"comment_status":"closed","ping_status":"closed","sticky":false,"template":"","format":"standard","meta":{"footnotes":""},"categories":[28],"tags":[],"class_list":["post-1093731","post","type-post","status-publish","format-standard","has-post-thumbnail","hentry","category-sociedad"],"aioseo_notices":[],"aioseo_head":"\n\t\t<!-- All in One SEO Pro 5.0.1 - aioseo.com -->\n\t<meta name=\"description\" content=\"Recientemente, el ministro de Pol\u00edtica Territorial y Funci\u00f3n P\u00fablica, Miquel Iceta, ha anunciado algunas modificaciones en este tipo de pruebas selectivas\" \/>\n\t<meta name=\"robots\" content=\"max-image-preview:large\" \/>\n\t<meta name=\"author\" content=\"El Digital de Asturias\"\/>\n\t<meta name=\"google-site-verification\" content=\"UA-38556648-1\" \/>\n\t<meta name=\"msvalidate.01\" content=\"7dfe9f3f1b24437ab69f4f2559babe99\" \/>\n\t<meta name=\"keywords\" content=\"sociedad\" \/>\n\t<link rel=\"canonical\" href=\"https:\/\/www.eldigitaldeasturias.com\/noticias\/cambios-importantes-en-las-oposiciones-de-auxiliar-y-administrativo-del-estado\/\" \/>\n\t<meta name=\"generator\" content=\"All in One SEO Pro (AIOSEO) 5.0.1\" \/>\n\t\t<meta property=\"og:locale\" content=\"es_ES\" \/>\n\t\t<meta property=\"og:site_name\" content=\"El Digital de Asturias\" \/>\n\t\t<meta property=\"og:type\" content=\"article\" \/>\n\t\t<meta property=\"og:title\" content=\"Cambios importantes en las oposiciones de auxiliar y administrativo del Estado - El Digital de Asturias\" \/>\n\t\t<meta property=\"og:description\" content=\"Recientemente, el ministro de Pol\u00edtica Territorial y Funci\u00f3n P\u00fablica, Miquel Iceta, ha anunciado algunas modificaciones en este tipo de pruebas selectivas\" \/>\n\t\t<meta property=\"og:url\" content=\"https:\/\/www.eldigitaldeasturias.com\/noticias\/cambios-importantes-en-las-oposiciones-de-auxiliar-y-administrativo-del-estado\/\" \/>\n\t\t<meta property=\"article:tag\" content=\"sociedad\" \/>\n\t\t<meta property=\"article:published_time\" content=\"2021-06-14T15:38:27+00:00\" \/>\n\t\t<meta property=\"article:modified_time\" content=\"2021-06-16T10:03:29+00:00\" \/>\n\t\t<meta property=\"article:publisher\" content=\"https:\/\/facebook.com\/eldigitaldeasturias\" \/>\n\t\t<meta name=\"twitter:card\" content=\"summary_large_image\" \/>\n\t\t<meta name=\"twitter:title\" content=\"Cambios importantes en las oposiciones de auxiliar y administrativo del Estado - El Digital de Asturias\" \/>\n\t\t<meta name=\"twitter:description\" content=\"Recientemente, el ministro de Pol\u00edtica Territorial y Funci\u00f3n P\u00fablica, Miquel Iceta, ha anunciado algunas modificaciones en este tipo de pruebas selectivas\" \/>\n\t\t<meta name=\"twitter:image\" content=\"https:\/\/www.eldigitaldeasturias.com\/noticias\/wp-content\/uploads\/2020\/12\/EDA-1.jpg\" \/>\n\t\t<meta name=\"twitter:label1\" content=\"Escrito por\" \/>\n\t\t<meta name=\"twitter:data1\" content=\"El Digital de Asturias\" \/>\n\t\t<meta name=\"twitter:label2\" content=\"Tiempo de lectura estimado\" \/>\n\t\t<meta name=\"twitter:data2\" content=\"4 minutos\" \/>\n\t\t<script type=\"application\/ld+json\" class=\"aioseo-schema\">\n\t\t\t{\"@context\":\"https:\\\/\\\/schema.org\",\"@graph\":[{\"@type\":\"BlogPosting\",\"@id\":\"https:\\\/\\\/www.eldigitaldeasturias.com\\\/noticias\\\/cambios-importantes-en-las-oposiciones-de-auxiliar-y-administrativo-del-estado\\\/#blogposting\",\"name\":\"Cambios importantes en las oposiciones de auxiliar y administrativo del Estado - El Digital de Asturias\",\"headline\":\"Cambios importantes en las oposiciones de auxiliar y administrativo del Estado\",\"author\":{\"@id\":\"https:\\\/\\\/www.eldigitaldeasturias.com\\\/noticias\\\/author\\\/admin\\\/#author\"},\"publisher\":{\"@id\":\"https:\\\/\\\/www.eldigitaldeasturias.com\\\/noticias\\\/#organization\"},\"image\":{\"@type\":\"ImageObject\",\"url\":1093732},\"datePublished\":\"2021-06-14T16:38:27+02:00\",\"dateModified\":\"2021-06-16T11:03:29+02:00\",\"inLanguage\":\"es-ES\",\"mainEntityOfPage\":{\"@id\":\"https:\\\/\\\/www.eldigitaldeasturias.com\\\/noticias\\\/cambios-importantes-en-las-oposiciones-de-auxiliar-y-administrativo-del-estado\\\/#webpage\"},\"isPartOf\":{\"@id\":\"https:\\\/\\\/www.eldigitaldeasturias.com\\\/noticias\\\/cambios-importantes-en-las-oposiciones-de-auxiliar-y-administrativo-del-estado\\\/#webpage\"},\"articleSection\":\"Sociedad\"},{\"@type\":\"BreadcrumbList\",\"@id\":\"https:\\\/\\\/www.eldigitaldeasturias.com\\\/noticias\\\/cambios-importantes-en-las-oposiciones-de-auxiliar-y-administrativo-del-estado\\\/#breadcrumblist\",\"itemListElement\":[{\"@type\":\"ListItem\",\"@id\":\"https:\\\/\\\/www.eldigitaldeasturias.com\\\/noticias#listItem\",\"position\":1,\"name\":\"Home\",\"item\":\"https:\\\/\\\/www.eldigitaldeasturias.com\\\/noticias\",\"nextItem\":{\"@type\":\"ListItem\",\"@id\":\"https:\\\/\\\/www.eldigitaldeasturias.com\\\/noticias\\\/category\\\/sociedad\\\/#listItem\",\"name\":\"Sociedad\"}},{\"@type\":\"ListItem\",\"@id\":\"https:\\\/\\\/www.eldigitaldeasturias.com\\\/noticias\\\/category\\\/sociedad\\\/#listItem\",\"position\":2,\"name\":\"Sociedad\",\"item\":\"https:\\\/\\\/www.eldigitaldeasturias.com\\\/noticias\\\/category\\\/sociedad\\\/\",\"nextItem\":{\"@type\":\"ListItem\",\"@id\":\"https:\\\/\\\/www.eldigitaldeasturias.com\\\/noticias\\\/cambios-importantes-en-las-oposiciones-de-auxiliar-y-administrativo-del-estado\\\/#listItem\",\"name\":\"Cambios importantes en las oposiciones de auxiliar y administrativo del Estado\"},\"previousItem\":{\"@type\":\"ListItem\",\"@id\":\"https:\\\/\\\/www.eldigitaldeasturias.com\\\/noticias#listItem\",\"name\":\"Home\"}},{\"@type\":\"ListItem\",\"@id\":\"https:\\\/\\\/www.eldigitaldeasturias.com\\\/noticias\\\/cambios-importantes-en-las-oposiciones-de-auxiliar-y-administrativo-del-estado\\\/#listItem\",\"position\":3,\"name\":\"Cambios importantes en las oposiciones de auxiliar y administrativo del Estado\",\"previousItem\":{\"@type\":\"ListItem\",\"@id\":\"https:\\\/\\\/www.eldigitaldeasturias.com\\\/noticias\\\/category\\\/sociedad\\\/#listItem\",\"name\":\"Sociedad\"}}]},{\"@type\":\"Organization\",\"@id\":\"https:\\\/\\\/www.eldigitaldeasturias.com\\\/noticias\\\/#organization\",\"name\":\"El Digital de Asturias\",\"description\":\"Hemeroteca\",\"url\":\"https:\\\/\\\/www.eldigitaldeasturias.com\\\/noticias\\\/\",\"email\":\"info@eldigitaldeasturias.com\",\"telephone\":\"+34652131393\",\"logo\":{\"@type\":\"ImageObject\",\"url\":\"https:\\\/\\\/www.eldigitaldeasturias.com\\\/noticias\\\/wp-content\\\/uploads\\\/2020\\\/12\\\/EDA.jpg\",\"@id\":\"https:\\\/\\\/www.eldigitaldeasturias.com\\\/noticias\\\/cambios-importantes-en-las-oposiciones-de-auxiliar-y-administrativo-del-estado\\\/#organizationLogo\"},\"image\":{\"@id\":\"https:\\\/\\\/www.eldigitaldeasturias.com\\\/noticias\\\/cambios-importantes-en-las-oposiciones-de-auxiliar-y-administrativo-del-estado\\\/#organizationLogo\"},\"sameAs\":[\"https:\\\/\\\/facebook.com\\\/eldigitaldeasturias\",\"https:\\\/\\\/www.youtube.com\\\/channel\\\/UCZP-2wLEB9Rv6erhFmqVnvg\"],\"address\":{\"@id\":\"https:\\\/\\\/www.eldigitaldeasturias.com\\\/noticias\\\/#postaladdress\",\"@type\":\"PostalAddress\",\"streetAddress\":\"san antonio 4\",\"postalCode\":\"33430\",\"addressLocality\":\"Cand\\u00e1s\",\"addressRegion\":\"Asturias\",\"addressCountry\":\"ES\"}},{\"@type\":\"Person\",\"@id\":\"https:\\\/\\\/www.eldigitaldeasturias.com\\\/noticias\\\/author\\\/admin\\\/#author\",\"url\":\"https:\\\/\\\/www.eldigitaldeasturias.com\\\/noticias\\\/author\\\/admin\\\/\",\"name\":\"El Digital de Asturias\",\"image\":{\"@type\":\"ImageObject\",\"@id\":\"https:\\\/\\\/www.eldigitaldeasturias.com\\\/noticias\\\/cambios-importantes-en-las-oposiciones-de-auxiliar-y-administrativo-del-estado\\\/#authorImage\",\"url\":\"https:\\\/\\\/secure.gravatar.com\\\/avatar\\\/df2aeffc32bcd13f8d26072ef8a91b623d677766deac7f97ca815868cd41bf5e?s=96&d=mm&r=g\",\"width\":96,\"height\":96,\"caption\":\"El Digital de Asturias\"}},{\"@type\":\"WebPage\",\"@id\":\"https:\\\/\\\/www.eldigitaldeasturias.com\\\/noticias\\\/cambios-importantes-en-las-oposiciones-de-auxiliar-y-administrativo-del-estado\\\/#webpage\",\"url\":\"https:\\\/\\\/www.eldigitaldeasturias.com\\\/noticias\\\/cambios-importantes-en-las-oposiciones-de-auxiliar-y-administrativo-del-estado\\\/\",\"name\":\"Cambios importantes en las oposiciones de auxiliar y administrativo del Estado - El Digital de Asturias\",\"description\":\"Recientemente, el ministro de Pol\\u00edtica Territorial y Funci\\u00f3n P\\u00fablica, Miquel Iceta, ha anunciado algunas modificaciones en este tipo de pruebas selectivas\",\"inLanguage\":\"es-ES\",\"isPartOf\":{\"@id\":\"https:\\\/\\\/www.eldigitaldeasturias.com\\\/noticias\\\/#website\"},\"breadcrumb\":{\"@id\":\"https:\\\/\\\/www.eldigitaldeasturias.com\\\/noticias\\\/cambios-importantes-en-las-oposiciones-de-auxiliar-y-administrativo-del-estado\\\/#breadcrumblist\"},\"author\":{\"@id\":\"https:\\\/\\\/www.eldigitaldeasturias.com\\\/noticias\\\/author\\\/admin\\\/#author\"},\"creator\":{\"@id\":\"https:\\\/\\\/www.eldigitaldeasturias.com\\\/noticias\\\/author\\\/admin\\\/#author\"},\"image\":{\"@type\":\"ImageObject\",\"url\":1093732,\"@id\":\"https:\\\/\\\/www.eldigitaldeasturias.com\\\/noticias\\\/cambios-importantes-en-las-oposiciones-de-auxiliar-y-administrativo-del-estado\\\/#mainImage\"},\"primaryImageOfPage\":{\"@id\":\"https:\\\/\\\/www.eldigitaldeasturias.com\\\/noticias\\\/cambios-importantes-en-las-oposiciones-de-auxiliar-y-administrativo-del-estado\\\/#mainImage\"},\"datePublished\":\"2021-06-14T16:38:27+02:00\",\"dateModified\":\"2021-06-16T11:03:29+02:00\"},{\"@type\":\"WebSite\",\"@id\":\"https:\\\/\\\/www.eldigitaldeasturias.com\\\/noticias\\\/#website\",\"url\":\"https:\\\/\\\/www.eldigitaldeasturias.com\\\/noticias\\\/\",\"name\":\"El Digital de Asturias - Diario de actualidad y noticias\",\"alternateName\":\"El Digital de Asturias - Diario de actualidad y noticias\",\"description\":\"Hemeroteca\",\"inLanguage\":\"es-ES\",\"publisher\":{\"@id\":\"https:\\\/\\\/www.eldigitaldeasturias.com\\\/noticias\\\/#organization\"}}]}\n\t\t<\/script>\n\t\t<!-- All in One SEO Pro -->\r\n\t\t<title>Cambios importantes en las oposiciones de auxiliar y administrativo del Estado - El Digital de Asturias<\/title>\n\n","aioseo_head_json":{"title":"Cambios importantes en las oposiciones de auxiliar y administrativo del Estado - El Digital de Asturias","description":"Recientemente, el ministro de Pol\u00edtica Territorial y Funci\u00f3n P\u00fablica, Miquel Iceta, ha anunciado algunas modificaciones en este tipo de pruebas selectivas","canonical_url":"https:\/\/www.eldigitaldeasturias.com\/noticias\/cambios-importantes-en-las-oposiciones-de-auxiliar-y-administrativo-del-estado\/","robots":"max-image-preview:large","keywords":"sociedad","webmasterTools":{"google-site-verification":"UA-38556648-1","msvalidate.01":"7dfe9f3f1b24437ab69f4f2559babe99","miscellaneous":""},"schema":{"@context":"https:\/\/schema.org","@graph":[{"@type":"BlogPosting","@id":"https:\/\/www.eldigitaldeasturias.com\/noticias\/cambios-importantes-en-las-oposiciones-de-auxiliar-y-administrativo-del-estado\/#blogposting","name":"Cambios importantes en las oposiciones de auxiliar y administrativo del Estado - El Digital de Asturias","headline":"Cambios importantes en las oposiciones de auxiliar y administrativo del Estado","author":{"@id":"https:\/\/www.eldigitaldeasturias.com\/noticias\/author\/admin\/#author"},"publisher":{"@id":"https:\/\/www.eldigitaldeasturias.com\/noticias\/#organization"},"image":{"@type":"ImageObject","url":1093732},"datePublished":"2021-06-14T16:38:27+02:00","dateModified":"2021-06-16T11:03:29+02:00","inLanguage":"es-ES","mainEntityOfPage":{"@id":"https:\/\/www.eldigitaldeasturias.com\/noticias\/cambios-importantes-en-las-oposiciones-de-auxiliar-y-administrativo-del-estado\/#webpage"},"isPartOf":{"@id":"https:\/\/www.eldigitaldeasturias.com\/noticias\/cambios-importantes-en-las-oposiciones-de-auxiliar-y-administrativo-del-estado\/#webpage"},"articleSection":"Sociedad"},{"@type":"BreadcrumbList","@id":"https:\/\/www.eldigitaldeasturias.com\/noticias\/cambios-importantes-en-las-oposiciones-de-auxiliar-y-administrativo-del-estado\/#breadcrumblist","itemListElement":[{"@type":"ListItem","@id":"https:\/\/www.eldigitaldeasturias.com\/noticias#listItem","position":1,"name":"Home","item":"https:\/\/www.eldigitaldeasturias.com\/noticias","nextItem":{"@type":"ListItem","@id":"https:\/\/www.eldigitaldeasturias.com\/noticias\/category\/sociedad\/#listItem","name":"Sociedad"}},{"@type":"ListItem","@id":"https:\/\/www.eldigitaldeasturias.com\/noticias\/category\/sociedad\/#listItem","position":2,"name":"Sociedad","item":"https:\/\/www.eldigitaldeasturias.com\/noticias\/category\/sociedad\/","nextItem":{"@type":"ListItem","@id":"https:\/\/www.eldigitaldeasturias.com\/noticias\/cambios-importantes-en-las-oposiciones-de-auxiliar-y-administrativo-del-estado\/#listItem","name":"Cambios importantes en las oposiciones de auxiliar y administrativo del Estado"},"previousItem":{"@type":"ListItem","@id":"https:\/\/www.eldigitaldeasturias.com\/noticias#listItem","name":"Home"}},{"@type":"ListItem","@id":"https:\/\/www.eldigitaldeasturias.com\/noticias\/cambios-importantes-en-las-oposiciones-de-auxiliar-y-administrativo-del-estado\/#listItem","position":3,"name":"Cambios importantes en las oposiciones de auxiliar y administrativo del Estado","previousItem":{"@type":"ListItem","@id":"https:\/\/www.eldigitaldeasturias.com\/noticias\/category\/sociedad\/#listItem","name":"Sociedad"}}]},{"@type":"Organization","@id":"https:\/\/www.eldigitaldeasturias.com\/noticias\/#organization","name":"El Digital de Asturias","description":"Hemeroteca","url":"https:\/\/www.eldigitaldeasturias.com\/noticias\/","email":"info@eldigitaldeasturias.com","telephone":"+34652131393","logo":{"@type":"ImageObject","url":"https:\/\/www.eldigitaldeasturias.com\/noticias\/wp-content\/uploads\/2020\/12\/EDA.jpg","@id":"https:\/\/www.eldigitaldeasturias.com\/noticias\/cambios-importantes-en-las-oposiciones-de-auxiliar-y-administrativo-del-estado\/#organizationLogo"},"image":{"@id":"https:\/\/www.eldigitaldeasturias.com\/noticias\/cambios-importantes-en-las-oposiciones-de-auxiliar-y-administrativo-del-estado\/#organizationLogo"},"sameAs":["https:\/\/facebook.com\/eldigitaldeasturias","https:\/\/www.youtube.com\/channel\/UCZP-2wLEB9Rv6erhFmqVnvg"],"address":{"@id":"https:\/\/www.eldigitaldeasturias.com\/noticias\/#postaladdress","@type":"PostalAddress","streetAddress":"san antonio 4","postalCode":"33430","addressLocality":"Cand\u00e1s","addressRegion":"Asturias","addressCountry":"ES"}},{"@type":"Person","@id":"https:\/\/www.eldigitaldeasturias.com\/noticias\/author\/admin\/#author","url":"https:\/\/www.eldigitaldeasturias.com\/noticias\/author\/admin\/","name":"El Digital de Asturias","image":{"@type":"ImageObject","@id":"https:\/\/www.eldigitaldeasturias.com\/noticias\/cambios-importantes-en-las-oposiciones-de-auxiliar-y-administrativo-del-estado\/#authorImage","url":"https:\/\/secure.gravatar.com\/avatar\/df2aeffc32bcd13f8d26072ef8a91b623d677766deac7f97ca815868cd41bf5e?s=96&d=mm&r=g","width":96,"height":96,"caption":"El Digital de Asturias"}},{"@type":"WebPage","@id":"https:\/\/www.eldigitaldeasturias.com\/noticias\/cambios-importantes-en-las-oposiciones-de-auxiliar-y-administrativo-del-estado\/#webpage","url":"https:\/\/www.eldigitaldeasturias.com\/noticias\/cambios-importantes-en-las-oposiciones-de-auxiliar-y-administrativo-del-estado\/","name":"Cambios importantes en las oposiciones de auxiliar y administrativo del Estado - El Digital de Asturias","description":"Recientemente, el ministro de Pol\u00edtica Territorial y Funci\u00f3n P\u00fablica, Miquel Iceta, ha anunciado algunas modificaciones en este tipo de pruebas selectivas","inLanguage":"es-ES","isPartOf":{"@id":"https:\/\/www.eldigitaldeasturias.com\/noticias\/#website"},"breadcrumb":{"@id":"https:\/\/www.eldigitaldeasturias.com\/noticias\/cambios-importantes-en-las-oposiciones-de-auxiliar-y-administrativo-del-estado\/#breadcrumblist"},"author":{"@id":"https:\/\/www.eldigitaldeasturias.com\/noticias\/author\/admin\/#author"},"creator":{"@id":"https:\/\/www.eldigitaldeasturias.com\/noticias\/author\/admin\/#author"},"image":{"@type":"ImageObject","url":1093732,"@id":"https:\/\/www.eldigitaldeasturias.com\/noticias\/cambios-importantes-en-las-oposiciones-de-auxiliar-y-administrativo-del-estado\/#mainImage"},"primaryImageOfPage":{"@id":"https:\/\/www.eldigitaldeasturias.com\/noticias\/cambios-importantes-en-las-oposiciones-de-auxiliar-y-administrativo-del-estado\/#mainImage"},"datePublished":"2021-06-14T16:38:27+02:00","dateModified":"2021-06-16T11:03:29+02:00"},{"@type":"WebSite","@id":"https:\/\/www.eldigitaldeasturias.com\/noticias\/#website","url":"https:\/\/www.eldigitaldeasturias.com\/noticias\/","name":"El Digital de Asturias - Diario de actualidad y noticias","alternateName":"El Digital de Asturias - Diario de actualidad y noticias","description":"Hemeroteca","inLanguage":"es-ES","publisher":{"@id":"https:\/\/www.eldigitaldeasturias.com\/noticias\/#organization"}}]},"og:locale":"es_ES","og:site_name":"El Digital de Asturias","og:type":"article","og:title":"Cambios importantes en las oposiciones de auxiliar y administrativo del Estado - El Digital de Asturias","og:description":"Recientemente, el ministro de Pol\u00edtica Territorial y Funci\u00f3n P\u00fablica, Miquel Iceta, ha anunciado algunas modificaciones en este tipo de pruebas selectivas","og:url":"https:\/\/www.eldigitaldeasturias.com\/noticias\/cambios-importantes-en-las-oposiciones-de-auxiliar-y-administrativo-del-estado\/","article:tag":["sociedad"],"article:published_time":"2021-06-14T15:38:27+00:00","article:modified_time":"2021-06-16T10:03:29+00:00","article:publisher":"https:\/\/facebook.com\/eldigitaldeasturias","twitter:card":"summary_large_image","twitter:title":"Cambios importantes en las oposiciones de auxiliar y administrativo del Estado - El Digital de Asturias","twitter:description":"Recientemente, el ministro de Pol\u00edtica Territorial y Funci\u00f3n P\u00fablica, Miquel Iceta, ha anunciado algunas modificaciones en este tipo de pruebas selectivas","twitter:image":"https:\/\/www.eldigitaldeasturias.com\/noticias\/wp-content\/uploads\/2020\/12\/EDA-1.jpg","twitter:label1":"Escrito por","twitter:data1":"El Digital de Asturias","twitter:label2":"Tiempo de lectura estimado","twitter:data2":"4 minutos"},"aioseo_meta_data":{"post_id":"1093731","title":null,"description":"Recientemente, el ministro de Pol\u00edtica Territorial y Funci\u00f3n P\u00fablica, Miquel Iceta, ha anunciado algunas modificaciones en este tipo de pruebas selectivas","keywords":[],"keyphrases":{"focus":{"keyphrase":"pruebas","score":73,"analysis":{"keyphraseInTitle":{"title":"Frase clave objetivo en el t\u00edtulo SEO","description":"Frase clave objetivo no se encuentra en el t\u00edtulo SEO.","score":3,"maxScore":9,"error":1},"keyphraseInDescription":{"title":"Frase clave objetivo en la meta descripci\u00f3n","description":"Frase clave objetivo encontrada en la meta descripci\u00f3n.","score":9,"maxScore":9,"error":0},"keyphraseInURL":{"title":"Frase clave objetivo en la URL","description":"Frase clave objetivo no encontrada en la URL.","score":1,"maxScore":5,"error":1},"keyphraseInIntroduction":{"title":"Frase clave objetivo en la introducci\u00f3n","description":"Su Frase clave objetivo aparece en el primer p\u00e1rrafo. \u00a1Bien hecho!","score":9,"maxScore":9,"error":0},"keyphraseInSubHeadings":{"title":"Frase clave objetivo sus subt\u00edtulos","description":"Sus subt\u00edtulos H2 y H3 reflejan el tema de su texto. \u00a1Buen trabajo!","score":9,"maxScore":9,"error":0},"keyphraseLength":{"title":"Longitud de la Frase clave objetivo","description":"\u00a1Buen trabajo!","score":9,"maxScore":9,"error":0,"length":1},"keyphraseInImageAlt":{"title":"Frase clave objetivo en los atributos alt de la imagen.","description":"Frase clave objetivo no se encuentra en los atributos alt de la imagen. A\u00f1ada una imagen con su Frase clave objetivo como texto alternativo.","score":3,"maxScore":9,"error":1}}},"additional":[{"keyphrase":"pruebas selectivas","score":83,"analysis":{"keyphraseInDescription":{"title":"Frase clave en la meta descripci\u00f3n","description":"Frase clave encontrada en la meta descripci\u00f3n.","score":9,"maxScore":9,"error":0},"keyphraseInIntroduction":{"title":"Frase clave en la introducci\u00f3n","description":"Su Frase clave aparece en el primer p\u00e1rrafo. \u00a1Bien hecho!","score":9,"maxScore":9,"error":0},"keyphraseInImageAlt":{"title":"Frase clave en los atributos alt de la imagen.","description":"Frase clave no se encuentra en los atributos alt de la imagen. A\u00f1ada una imagen con su Frase clave como texto alternativo.","score":3,"maxScore":9,"error":1},"keyphraseLength":{"title":"Longitud de la Frase clave","description":"\u00a1Buen trabajo!","score":9,"maxScore":9,"error":0,"length":2}}},{"keyphrase":"oposiciones","score":67,"analysis":{"keyphraseInDescription":{"title":"Frase clave en la meta descripci\u00f3n","description":"Frase clave no se encuentra en la meta descripci\u00f3n.","score":3,"maxScore":9,"error":1},"keyphraseInIntroduction":{"title":"Frase clave en la introducci\u00f3n","description":"Su Frase clave no aparece en el primer p\u00e1rrafo. Aseg\u00farese de que el tema est\u00e9 claro de inmediato.","score":3,"maxScore":9,"error":1},"keyphraseInImageAlt":{"title":"Frase clave en los atributos alt de la imagen.","description":"Frase clave encontrada en los atributos alt de la(s) imagen(es).","score":9,"maxScore":9,"error":0},"keyphraseLength":{"title":"Longitud de la Frase clave","description":"\u00a1Buen trabajo!","score":9,"maxScore":9,"error":0,"length":1}}}]},"primary_term":null,"canonical_url":null,"og_title":null,"og_description":null,"og_object_type":"default","og_image_type":"default","og_image_url":null,"og_image_width":null,"og_image_height":null,"og_image_custom_url":null,"og_image_custom_fields":null,"og_video":"","og_custom_url":null,"og_article_section":null,"og_article_tags":[],"twitter_use_og":false,"twitter_card":"default","twitter_image_type":"default","twitter_image_url":null,"twitter_image_custom_url":null,"twitter_image_custom_fields":null,"twitter_title":null,"twitter_description":null,"schema":{"blockGraphs":[],"customGraphs":[],"default":{"data":{"Article":[],"Course":[],"Dataset":[],"FAQPage":[],"Movie":[],"Person":[],"Product":[],"ProductReview":[],"Car":[],"Recipe":[],"Service":[],"SoftwareApplication":[],"WebPage":[]},"graphName":"","isEnabled":true},"graphs":[],"defaultGraph":"Article","defaultPostTypeGraph":""},"schema_type":"default","schema_type_options":"{\"article\":{\"articleType\":\"BlogPosting\"},\"course\":{\"name\":\"\",\"description\":\"\",\"provider\":\"\"},\"faq\":{\"pages\":[]},\"product\":{\"reviews\":[]},\"recipe\":{\"ingredients\":[],\"instructions\":[],\"keywords\":[]},\"software\":{\"reviews\":[],\"operatingSystems\":[]},\"webPage\":{\"webPageType\":\"WebPage\"}}","pillar_content":false,"robots_default":true,"robots_noindex":false,"robots_noarchive":false,"robots_nosnippet":false,"robots_nofollow":false,"robots_noimageindex":false,"robots_noodp":false,"robots_notranslate":false,"robots_max_snippet":"-1","robots_max_videopreview":"-1","robots_max_imagepreview":"large","priority":null,"frequency":"default","local_seo":{"locations":{"business":{"name":"","businessType":"","image":"","areaServed":"","urls":{"website":"","aboutPage":"","contactPage":""},"address":{"streetLine1":"","streetLine2":"","zipCode":"","city":"","state":"","country":"","addressFormat":"#streetLineOne\n#streetLineTwo\n#city, #state #zipCode"},"contact":{"email":"","phone":"","phoneFormatted":"","fax":"","faxFormatted":""},"ids":{"vat":"","tax":"","chamberOfCommerce":""},"payment":{"priceRange":"","currenciesAccepted":"","methods":""}}},"openingHours":{"useDefaults":true,"show":true,"alwaysOpen":false,"use24hFormat":false,"timezone":"","labels":{"closed":"","alwaysOpen":""},"days":{"monday":{"open24h":false,"closed":false,"openTime":"09:00","closeTime":"17:00"},"tuesday":{"open24h":false,"closed":false,"openTime":"09:00","closeTime":"17:00"},"wednesday":{"open24h":false,"closed":false,"openTime":"09:00","closeTime":"17:00"},"thursday":{"open24h":false,"closed":false,"openTime":"09:00","closeTime":"17:00"},"friday":{"open24h":false,"closed":false,"openTime":"09:00","closeTime":"17:00"},"saturday":{"open24h":false,"closed":false,"openTime":"09:00","closeTime":"17:00"},"sunday":{"open24h":false,"closed":false,"openTime":"09:00","closeTime":"17:00"}}}},"seo_analyzer_scan_date":"2026-07-18 18:09:41","breadcrumb_settings":null,"limit_modified_date":false,"open_ai":null,"ai":null,"created":"2021-06-14 15:06:08","updated":"2026-07-18 18:09:41","focus_keyword":"pruebas","additional_keywords":[{"word":"pruebas selectivas","score":83},{"word":"oposiciones","score":67}],"truseo_locale":null},"aioseo_breadcrumb":"<div class=\"aioseo-breadcrumbs\"><span class=\"aioseo-breadcrumb\">\n\t<a href=\"https:\/\/www.eldigitaldeasturias.com\/noticias\" title=\"Home\">Home<\/a>\n<\/span><span class=\"aioseo-breadcrumb-separator\">\u2013<\/span><span class=\"aioseo-breadcrumb\">\n\t<a href=\"https:\/\/www.eldigitaldeasturias.com\/noticias\/category\/sociedad\/\" title=\"Sociedad\">Sociedad<\/a>\n<\/span><span class=\"aioseo-breadcrumb-separator\">\u2013<\/span><span class=\"aioseo-breadcrumb\">\n\t<a href=\"https:\/\/www.eldigitaldeasturias.com\/noticias\/cambios-importantes-en-las-oposiciones-de-auxiliar-y-administrativo-del-estado\/\" title=\"Cambios importantes en las oposiciones de auxiliar y administrativo del Estado\">Cambios importantes en las oposiciones de auxiliar y administrativo del Estado<\/a>\n<\/span><\/div>","aioseo_breadcrumb_json":[{"label":"Home","link":"https:\/\/www.eldigitaldeasturias.com\/noticias"},{"label":"Sociedad","link":"https:\/\/www.eldigitaldeasturias.com\/noticias\/category\/sociedad\/"},{"label":"Cambios importantes en las oposiciones de auxiliar y administrativo del Estado","link":"https:\/\/www.eldigitaldeasturias.com\/noticias\/cambios-importantes-en-las-oposiciones-de-auxiliar-y-administrativo-del-estado\/"}],"_links":{"self":[{"href":"https:\/\/www.eldigitaldeasturias.com\/noticias\/wp-json\/wp\/v2\/posts\/1093731","targetHints":{"allow":["GET"]}}],"collection":[{"href":"https:\/\/www.eldigitaldeasturias.com\/noticias\/wp-json\/wp\/v2\/posts"}],"about":[{"href":"https:\/\/www.eldigitaldeasturias.com\/noticias\/wp-json\/wp\/v2\/types\/post"}],"author":[{"embeddable":true,"href":"https:\/\/www.eldigitaldeasturias.com\/noticias\/wp-json\/wp\/v2\/users\/1"}],"replies":[{"embeddable":true,"href":"https:\/\/www.eldigitaldeasturias.com\/noticias\/wp-json\/wp\/v2\/comments?post=1093731"}],"version-history":[{"count":0,"href":"https:\/\/www.eldigitaldeasturias.com\/noticias\/wp-json\/wp\/v2\/posts\/1093731\/revisions"}],"wp:attachment":[{"href":"https:\/\/www.eldigitaldeasturias.com\/noticias\/wp-json\/wp\/v2\/media?parent=1093731"}],"wp:term":[{"taxonomy":"category","embeddable":true,"href":"https:\/\/www.eldigitaldeasturias.com\/noticias\/wp-json\/wp\/v2\/categories?post=1093731"},{"taxonomy":"post_tag","embeddable":true,"href":"https:\/\/www.eldigitaldeasturias.com\/noticias\/wp-json\/wp\/v2\/tags?post=1093731"}],"curies":[{"name":"wp","href":"https:\/\/api.w.org\/{rel}","templated":true}]}}