{"id":1093647,"date":"2021-06-13T01:07:30","date_gmt":"2021-06-13T00:07:30","guid":{"rendered":"https:\/\/www.eldigitaldeasturias.com\/noticias\/?p=1093647"},"modified":"2021-06-13T01:07:30","modified_gmt":"2021-06-13T00:07:30","slug":"laviana-solicita-la-implantacion-de-un-nuevo-ciclo-de-fp","status":"publish","type":"post","link":"https:\/\/www.eldigitaldeasturias.com\/noticias\/laviana-solicita-la-implantacion-de-un-nuevo-ciclo-de-fp\/","title":{"rendered":"Laviana solicita la implantaci\u00f3n de un nuevo ciclo de FP"},"content":{"rendered":"<p><img loading=\"lazy\" decoding=\"async\" class=\"alignleft size-medium wp-image-1093648\" src=\"https:\/\/www.eldigitaldeasturias.com\/noticias\/wp-content\/uploads\/2021\/06\/Laviana-360x225.jpg\" alt=\"Laviana\" width=\"360\" height=\"225\" \/>La consejera asturiana de Educaci\u00f3n, Carmen Su\u00e1rez, se ha reunido durante la semana con el alcalde de Laviana, Julio Garc\u00eda, en la sede del ayuntamiento, acompa\u00f1ados por t\u00e9cnicos.<\/p>\n<p>Durante la sesi\u00f3n de trabajo han realizado un repaso de la situaci\u00f3n de los equipamientos educativos del concejo y de los \u00faltimos datos de escolarizaci\u00f3n.<\/p>\n<p>El alcalde tambi\u00e9n ha trasladado a la consejera su petici\u00f3n de solicitar la implantaci\u00f3n de un nuevo ciclo de Formaci\u00f3n Profesional (FP) vinculado a la movilidad sostenible, de los que el Gobierno central se encuentra en estos momentos planificando.<\/p>\n<p>&nbsp;<\/p>\n<p>&nbsp;<\/p>\n<p>&nbsp;<\/p>\n","protected":false},"excerpt":{"rendered":"<p>La consejera asturiana de Educaci\u00f3n, Carmen Su\u00e1rez, se ha reunido durante la semana con el alcalde de Laviana, Julio Garc\u00eda, en la sede del ayuntamiento, acompa\u00f1ados por t\u00e9cnicos. Durante la sesi\u00f3n de trabajo han realizado un repaso de la situaci\u00f3n de los equipamientos educativos del concejo y de los \u00faltimos datos de escolarizaci\u00f3n. El alcalde [&hellip;]<\/p>\n","protected":false},"author":1,"featured_media":1093648,"comment_status":"closed","ping_status":"closed","sticky":false,"template":"","format":"standard","meta":{"footnotes":""},"categories":[12],"tags":[],"class_list":["post-1093647","post","type-post","status-publish","format-standard","has-post-thumbnail","hentry","category-actualidad-asturias"],"aioseo_notices":[],"aioseo_head":"\n\t\t<!-- All in One SEO Pro 5.0.1 - aioseo.com -->\n\t<meta name=\"description\" content=\"La consejera asturiana de Educaci\u00f3n, Carmen Su\u00e1rez, se ha reunido durante la semana con el alcalde de Laviana, Julio Garc\u00eda, en la sede del ayuntamiento\" \/>\n\t<meta name=\"robots\" content=\"max-image-preview:large\" \/>\n\t<meta name=\"author\" content=\"El Digital de Asturias\"\/>\n\t<meta name=\"google-site-verification\" content=\"UA-38556648-1\" \/>\n\t<meta name=\"msvalidate.01\" content=\"7dfe9f3f1b24437ab69f4f2559babe99\" \/>\n\t<meta name=\"keywords\" content=\"educaci\u00f3n asturias,asturias,laviana,actualidad asturias\" \/>\n\t<link rel=\"canonical\" href=\"https:\/\/www.eldigitaldeasturias.com\/noticias\/laviana-solicita-la-implantacion-de-un-nuevo-ciclo-de-fp\/\" \/>\n\t<meta name=\"generator\" content=\"All in One SEO Pro (AIOSEO) 5.0.1\" \/>\n\t\t<meta property=\"og:locale\" content=\"es_ES\" \/>\n\t\t<meta property=\"og:site_name\" content=\"El Digital de Asturias\" \/>\n\t\t<meta property=\"og:type\" content=\"article\" \/>\n\t\t<meta property=\"og:title\" content=\"Laviana solicita la implantaci\u00f3n de un nuevo ciclo de FP - El Digital de Asturias\" \/>\n\t\t<meta property=\"og:description\" content=\"La consejera asturiana de Educaci\u00f3n, Carmen Su\u00e1rez, se ha reunido durante la semana con el alcalde de Laviana, Julio Garc\u00eda, en la sede del ayuntamiento\" \/>\n\t\t<meta property=\"og:url\" content=\"https:\/\/www.eldigitaldeasturias.com\/noticias\/laviana-solicita-la-implantacion-de-un-nuevo-ciclo-de-fp\/\" \/>\n\t\t<meta property=\"article:tag\" content=\"educaci\u00f3n asturias\" \/>\n\t\t<meta property=\"article:tag\" content=\"asturias\" \/>\n\t\t<meta property=\"article:tag\" content=\"laviana\" \/>\n\t\t<meta property=\"article:tag\" content=\"actualidad asturias\" \/>\n\t\t<meta property=\"article:published_time\" content=\"2021-06-13T00:07:30+00:00\" \/>\n\t\t<meta property=\"article:modified_time\" content=\"2021-06-13T00:07:30+00:00\" \/>\n\t\t<meta property=\"article:publisher\" content=\"https:\/\/facebook.com\/eldigitaldeasturias\" \/>\n\t\t<meta name=\"twitter:card\" content=\"summary_large_image\" \/>\n\t\t<meta name=\"twitter:title\" content=\"Laviana solicita la implantaci\u00f3n de un nuevo ciclo de FP - El Digital de Asturias\" \/>\n\t\t<meta name=\"twitter:description\" content=\"La consejera asturiana de Educaci\u00f3n, Carmen Su\u00e1rez, se ha reunido durante la semana con el alcalde de Laviana, Julio Garc\u00eda, en la sede del ayuntamiento\" \/>\n\t\t<meta name=\"twitter:image\" content=\"https:\/\/www.eldigitaldeasturias.com\/noticias\/wp-content\/uploads\/2020\/12\/EDA-1.jpg\" \/>\n\t\t<meta name=\"twitter:label1\" content=\"Escrito por\" \/>\n\t\t<meta name=\"twitter:data1\" content=\"El Digital de Asturias\" \/>\n\t\t<meta name=\"twitter:label2\" content=\"Tiempo de lectura estimado\" \/>\n\t\t<meta name=\"twitter:data2\" content=\"1 minuto\" \/>\n\t\t<script type=\"application\/ld+json\" class=\"aioseo-schema\">\n\t\t\t{\"@context\":\"https:\\\/\\\/schema.org\",\"@graph\":[{\"@type\":\"BlogPosting\",\"@id\":\"https:\\\/\\\/www.eldigitaldeasturias.com\\\/noticias\\\/laviana-solicita-la-implantacion-de-un-nuevo-ciclo-de-fp\\\/#blogposting\",\"name\":\"Laviana solicita la implantaci\\u00f3n de un nuevo ciclo de FP - El Digital de Asturias\",\"headline\":\"Laviana solicita la implantaci\\u00f3n de un nuevo ciclo de FP\",\"author\":{\"@id\":\"https:\\\/\\\/www.eldigitaldeasturias.com\\\/noticias\\\/author\\\/admin\\\/#author\"},\"publisher\":{\"@id\":\"https:\\\/\\\/www.eldigitaldeasturias.com\\\/noticias\\\/#organization\"},\"image\":{\"@type\":\"ImageObject\",\"url\":1093648},\"datePublished\":\"2021-06-13T01:07:30+02:00\",\"dateModified\":\"2021-06-13T01:07:30+02:00\",\"inLanguage\":\"es-ES\",\"mainEntityOfPage\":{\"@id\":\"https:\\\/\\\/www.eldigitaldeasturias.com\\\/noticias\\\/laviana-solicita-la-implantacion-de-un-nuevo-ciclo-de-fp\\\/#webpage\"},\"isPartOf\":{\"@id\":\"https:\\\/\\\/www.eldigitaldeasturias.com\\\/noticias\\\/laviana-solicita-la-implantacion-de-un-nuevo-ciclo-de-fp\\\/#webpage\"},\"articleSection\":\"Actualidad Asturias\"},{\"@type\":\"BreadcrumbList\",\"@id\":\"https:\\\/\\\/www.eldigitaldeasturias.com\\\/noticias\\\/laviana-solicita-la-implantacion-de-un-nuevo-ciclo-de-fp\\\/#breadcrumblist\",\"itemListElement\":[{\"@type\":\"ListItem\",\"@id\":\"https:\\\/\\\/www.eldigitaldeasturias.com\\\/noticias#listItem\",\"position\":1,\"name\":\"Home\",\"item\":\"https:\\\/\\\/www.eldigitaldeasturias.com\\\/noticias\",\"nextItem\":{\"@type\":\"ListItem\",\"@id\":\"https:\\\/\\\/www.eldigitaldeasturias.com\\\/noticias\\\/category\\\/actualidad-asturias\\\/#listItem\",\"name\":\"Actualidad Asturias\"}},{\"@type\":\"ListItem\",\"@id\":\"https:\\\/\\\/www.eldigitaldeasturias.com\\\/noticias\\\/category\\\/actualidad-asturias\\\/#listItem\",\"position\":2,\"name\":\"Actualidad Asturias\",\"item\":\"https:\\\/\\\/www.eldigitaldeasturias.com\\\/noticias\\\/category\\\/actualidad-asturias\\\/\",\"nextItem\":{\"@type\":\"ListItem\",\"@id\":\"https:\\\/\\\/www.eldigitaldeasturias.com\\\/noticias\\\/laviana-solicita-la-implantacion-de-un-nuevo-ciclo-de-fp\\\/#listItem\",\"name\":\"Laviana solicita la implantaci\\u00f3n de un nuevo ciclo de FP\"},\"previousItem\":{\"@type\":\"ListItem\",\"@id\":\"https:\\\/\\\/www.eldigitaldeasturias.com\\\/noticias#listItem\",\"name\":\"Home\"}},{\"@type\":\"ListItem\",\"@id\":\"https:\\\/\\\/www.eldigitaldeasturias.com\\\/noticias\\\/laviana-solicita-la-implantacion-de-un-nuevo-ciclo-de-fp\\\/#listItem\",\"position\":3,\"name\":\"Laviana solicita la implantaci\\u00f3n de un nuevo ciclo de FP\",\"previousItem\":{\"@type\":\"ListItem\",\"@id\":\"https:\\\/\\\/www.eldigitaldeasturias.com\\\/noticias\\\/category\\\/actualidad-asturias\\\/#listItem\",\"name\":\"Actualidad Asturias\"}}]},{\"@type\":\"Organization\",\"@id\":\"https:\\\/\\\/www.eldigitaldeasturias.com\\\/noticias\\\/#organization\",\"name\":\"El Digital de Asturias\",\"description\":\"Hemeroteca\",\"url\":\"https:\\\/\\\/www.eldigitaldeasturias.com\\\/noticias\\\/\",\"email\":\"info@eldigitaldeasturias.com\",\"telephone\":\"+34652131393\",\"logo\":{\"@type\":\"ImageObject\",\"url\":\"https:\\\/\\\/www.eldigitaldeasturias.com\\\/noticias\\\/wp-content\\\/uploads\\\/2020\\\/12\\\/EDA.jpg\",\"@id\":\"https:\\\/\\\/www.eldigitaldeasturias.com\\\/noticias\\\/laviana-solicita-la-implantacion-de-un-nuevo-ciclo-de-fp\\\/#organizationLogo\"},\"image\":{\"@id\":\"https:\\\/\\\/www.eldigitaldeasturias.com\\\/noticias\\\/laviana-solicita-la-implantacion-de-un-nuevo-ciclo-de-fp\\\/#organizationLogo\"},\"sameAs\":[\"https:\\\/\\\/facebook.com\\\/eldigitaldeasturias\",\"https:\\\/\\\/www.youtube.com\\\/channel\\\/UCZP-2wLEB9Rv6erhFmqVnvg\"],\"address\":{\"@id\":\"https:\\\/\\\/www.eldigitaldeasturias.com\\\/noticias\\\/#postaladdress\",\"@type\":\"PostalAddress\",\"streetAddress\":\"san antonio 4\",\"postalCode\":\"33430\",\"addressLocality\":\"Cand\\u00e1s\",\"addressRegion\":\"Asturias\",\"addressCountry\":\"ES\"}},{\"@type\":\"Person\",\"@id\":\"https:\\\/\\\/www.eldigitaldeasturias.com\\\/noticias\\\/author\\\/admin\\\/#author\",\"url\":\"https:\\\/\\\/www.eldigitaldeasturias.com\\\/noticias\\\/author\\\/admin\\\/\",\"name\":\"El Digital de Asturias\",\"image\":{\"@type\":\"ImageObject\",\"@id\":\"https:\\\/\\\/www.eldigitaldeasturias.com\\\/noticias\\\/laviana-solicita-la-implantacion-de-un-nuevo-ciclo-de-fp\\\/#authorImage\",\"url\":\"https:\\\/\\\/secure.gravatar.com\\\/avatar\\\/df2aeffc32bcd13f8d26072ef8a91b623d677766deac7f97ca815868cd41bf5e?s=96&d=mm&r=g\",\"width\":96,\"height\":96,\"caption\":\"El Digital de Asturias\"}},{\"@type\":\"WebPage\",\"@id\":\"https:\\\/\\\/www.eldigitaldeasturias.com\\\/noticias\\\/laviana-solicita-la-implantacion-de-un-nuevo-ciclo-de-fp\\\/#webpage\",\"url\":\"https:\\\/\\\/www.eldigitaldeasturias.com\\\/noticias\\\/laviana-solicita-la-implantacion-de-un-nuevo-ciclo-de-fp\\\/\",\"name\":\"Laviana solicita la implantaci\\u00f3n de un nuevo ciclo de FP - El Digital de Asturias\",\"description\":\"La consejera asturiana de Educaci\\u00f3n, Carmen Su\\u00e1rez, se ha reunido durante la semana con el alcalde de Laviana, Julio Garc\\u00eda, en la sede del ayuntamiento\",\"inLanguage\":\"es-ES\",\"isPartOf\":{\"@id\":\"https:\\\/\\\/www.eldigitaldeasturias.com\\\/noticias\\\/#website\"},\"breadcrumb\":{\"@id\":\"https:\\\/\\\/www.eldigitaldeasturias.com\\\/noticias\\\/laviana-solicita-la-implantacion-de-un-nuevo-ciclo-de-fp\\\/#breadcrumblist\"},\"author\":{\"@id\":\"https:\\\/\\\/www.eldigitaldeasturias.com\\\/noticias\\\/author\\\/admin\\\/#author\"},\"creator\":{\"@id\":\"https:\\\/\\\/www.eldigitaldeasturias.com\\\/noticias\\\/author\\\/admin\\\/#author\"},\"image\":{\"@type\":\"ImageObject\",\"url\":1093648,\"@id\":\"https:\\\/\\\/www.eldigitaldeasturias.com\\\/noticias\\\/laviana-solicita-la-implantacion-de-un-nuevo-ciclo-de-fp\\\/#mainImage\"},\"primaryImageOfPage\":{\"@id\":\"https:\\\/\\\/www.eldigitaldeasturias.com\\\/noticias\\\/laviana-solicita-la-implantacion-de-un-nuevo-ciclo-de-fp\\\/#mainImage\"},\"datePublished\":\"2021-06-13T01:07:30+02:00\",\"dateModified\":\"2021-06-13T01:07:30+02:00\"},{\"@type\":\"WebSite\",\"@id\":\"https:\\\/\\\/www.eldigitaldeasturias.com\\\/noticias\\\/#website\",\"url\":\"https:\\\/\\\/www.eldigitaldeasturias.com\\\/noticias\\\/\",\"name\":\"El Digital de Asturias - Diario de actualidad y noticias\",\"alternateName\":\"El Digital de Asturias - Diario de actualidad y noticias\",\"description\":\"Hemeroteca\",\"inLanguage\":\"es-ES\",\"publisher\":{\"@id\":\"https:\\\/\\\/www.eldigitaldeasturias.com\\\/noticias\\\/#organization\"}}]}\n\t\t<\/script>\n\t\t<!-- All in One SEO Pro -->\r\n\t\t<title>Laviana solicita la implantaci\u00f3n de un nuevo ciclo de FP - El Digital de Asturias<\/title>\n\n","aioseo_head_json":{"title":"Laviana solicita la implantaci\u00f3n de un nuevo ciclo de FP - El Digital de Asturias","description":"La consejera asturiana de Educaci\u00f3n, Carmen Su\u00e1rez, se ha reunido durante la semana con el alcalde de Laviana, Julio Garc\u00eda, en la sede del ayuntamiento","canonical_url":"https:\/\/www.eldigitaldeasturias.com\/noticias\/laviana-solicita-la-implantacion-de-un-nuevo-ciclo-de-fp\/","robots":"max-image-preview:large","keywords":"educaci\u00f3n asturias,asturias,laviana,actualidad asturias","webmasterTools":{"google-site-verification":"UA-38556648-1","msvalidate.01":"7dfe9f3f1b24437ab69f4f2559babe99","miscellaneous":""},"schema":{"@context":"https:\/\/schema.org","@graph":[{"@type":"BlogPosting","@id":"https:\/\/www.eldigitaldeasturias.com\/noticias\/laviana-solicita-la-implantacion-de-un-nuevo-ciclo-de-fp\/#blogposting","name":"Laviana solicita la implantaci\u00f3n de un nuevo ciclo de FP - El Digital de Asturias","headline":"Laviana solicita la implantaci\u00f3n de un nuevo ciclo de FP","author":{"@id":"https:\/\/www.eldigitaldeasturias.com\/noticias\/author\/admin\/#author"},"publisher":{"@id":"https:\/\/www.eldigitaldeasturias.com\/noticias\/#organization"},"image":{"@type":"ImageObject","url":1093648},"datePublished":"2021-06-13T01:07:30+02:00","dateModified":"2021-06-13T01:07:30+02:00","inLanguage":"es-ES","mainEntityOfPage":{"@id":"https:\/\/www.eldigitaldeasturias.com\/noticias\/laviana-solicita-la-implantacion-de-un-nuevo-ciclo-de-fp\/#webpage"},"isPartOf":{"@id":"https:\/\/www.eldigitaldeasturias.com\/noticias\/laviana-solicita-la-implantacion-de-un-nuevo-ciclo-de-fp\/#webpage"},"articleSection":"Actualidad Asturias"},{"@type":"BreadcrumbList","@id":"https:\/\/www.eldigitaldeasturias.com\/noticias\/laviana-solicita-la-implantacion-de-un-nuevo-ciclo-de-fp\/#breadcrumblist","itemListElement":[{"@type":"ListItem","@id":"https:\/\/www.eldigitaldeasturias.com\/noticias#listItem","position":1,"name":"Home","item":"https:\/\/www.eldigitaldeasturias.com\/noticias","nextItem":{"@type":"ListItem","@id":"https:\/\/www.eldigitaldeasturias.com\/noticias\/category\/actualidad-asturias\/#listItem","name":"Actualidad Asturias"}},{"@type":"ListItem","@id":"https:\/\/www.eldigitaldeasturias.com\/noticias\/category\/actualidad-asturias\/#listItem","position":2,"name":"Actualidad Asturias","item":"https:\/\/www.eldigitaldeasturias.com\/noticias\/category\/actualidad-asturias\/","nextItem":{"@type":"ListItem","@id":"https:\/\/www.eldigitaldeasturias.com\/noticias\/laviana-solicita-la-implantacion-de-un-nuevo-ciclo-de-fp\/#listItem","name":"Laviana solicita la implantaci\u00f3n de un nuevo ciclo de FP"},"previousItem":{"@type":"ListItem","@id":"https:\/\/www.eldigitaldeasturias.com\/noticias#listItem","name":"Home"}},{"@type":"ListItem","@id":"https:\/\/www.eldigitaldeasturias.com\/noticias\/laviana-solicita-la-implantacion-de-un-nuevo-ciclo-de-fp\/#listItem","position":3,"name":"Laviana solicita la implantaci\u00f3n de un nuevo ciclo de FP","previousItem":{"@type":"ListItem","@id":"https:\/\/www.eldigitaldeasturias.com\/noticias\/category\/actualidad-asturias\/#listItem","name":"Actualidad Asturias"}}]},{"@type":"Organization","@id":"https:\/\/www.eldigitaldeasturias.com\/noticias\/#organization","name":"El Digital de Asturias","description":"Hemeroteca","url":"https:\/\/www.eldigitaldeasturias.com\/noticias\/","email":"info@eldigitaldeasturias.com","telephone":"+34652131393","logo":{"@type":"ImageObject","url":"https:\/\/www.eldigitaldeasturias.com\/noticias\/wp-content\/uploads\/2020\/12\/EDA.jpg","@id":"https:\/\/www.eldigitaldeasturias.com\/noticias\/laviana-solicita-la-implantacion-de-un-nuevo-ciclo-de-fp\/#organizationLogo"},"image":{"@id":"https:\/\/www.eldigitaldeasturias.com\/noticias\/laviana-solicita-la-implantacion-de-un-nuevo-ciclo-de-fp\/#organizationLogo"},"sameAs":["https:\/\/facebook.com\/eldigitaldeasturias","https:\/\/www.youtube.com\/channel\/UCZP-2wLEB9Rv6erhFmqVnvg"],"address":{"@id":"https:\/\/www.eldigitaldeasturias.com\/noticias\/#postaladdress","@type":"PostalAddress","streetAddress":"san antonio 4","postalCode":"33430","addressLocality":"Cand\u00e1s","addressRegion":"Asturias","addressCountry":"ES"}},{"@type":"Person","@id":"https:\/\/www.eldigitaldeasturias.com\/noticias\/author\/admin\/#author","url":"https:\/\/www.eldigitaldeasturias.com\/noticias\/author\/admin\/","name":"El Digital de Asturias","image":{"@type":"ImageObject","@id":"https:\/\/www.eldigitaldeasturias.com\/noticias\/laviana-solicita-la-implantacion-de-un-nuevo-ciclo-de-fp\/#authorImage","url":"https:\/\/secure.gravatar.com\/avatar\/df2aeffc32bcd13f8d26072ef8a91b623d677766deac7f97ca815868cd41bf5e?s=96&d=mm&r=g","width":96,"height":96,"caption":"El Digital de Asturias"}},{"@type":"WebPage","@id":"https:\/\/www.eldigitaldeasturias.com\/noticias\/laviana-solicita-la-implantacion-de-un-nuevo-ciclo-de-fp\/#webpage","url":"https:\/\/www.eldigitaldeasturias.com\/noticias\/laviana-solicita-la-implantacion-de-un-nuevo-ciclo-de-fp\/","name":"Laviana solicita la implantaci\u00f3n de un nuevo ciclo de FP - El Digital de Asturias","description":"La consejera asturiana de Educaci\u00f3n, Carmen Su\u00e1rez, se ha reunido durante la semana con el alcalde de Laviana, Julio Garc\u00eda, en la sede del ayuntamiento","inLanguage":"es-ES","isPartOf":{"@id":"https:\/\/www.eldigitaldeasturias.com\/noticias\/#website"},"breadcrumb":{"@id":"https:\/\/www.eldigitaldeasturias.com\/noticias\/laviana-solicita-la-implantacion-de-un-nuevo-ciclo-de-fp\/#breadcrumblist"},"author":{"@id":"https:\/\/www.eldigitaldeasturias.com\/noticias\/author\/admin\/#author"},"creator":{"@id":"https:\/\/www.eldigitaldeasturias.com\/noticias\/author\/admin\/#author"},"image":{"@type":"ImageObject","url":1093648,"@id":"https:\/\/www.eldigitaldeasturias.com\/noticias\/laviana-solicita-la-implantacion-de-un-nuevo-ciclo-de-fp\/#mainImage"},"primaryImageOfPage":{"@id":"https:\/\/www.eldigitaldeasturias.com\/noticias\/laviana-solicita-la-implantacion-de-un-nuevo-ciclo-de-fp\/#mainImage"},"datePublished":"2021-06-13T01:07:30+02:00","dateModified":"2021-06-13T01:07:30+02:00"},{"@type":"WebSite","@id":"https:\/\/www.eldigitaldeasturias.com\/noticias\/#website","url":"https:\/\/www.eldigitaldeasturias.com\/noticias\/","name":"El Digital de Asturias - Diario de actualidad y noticias","alternateName":"El Digital de Asturias - Diario de actualidad y noticias","description":"Hemeroteca","inLanguage":"es-ES","publisher":{"@id":"https:\/\/www.eldigitaldeasturias.com\/noticias\/#organization"}}]},"og:locale":"es_ES","og:site_name":"El Digital de Asturias","og:type":"article","og:title":"Laviana solicita la implantaci\u00f3n de un nuevo ciclo de FP - El Digital de Asturias","og:description":"La consejera asturiana de Educaci\u00f3n, Carmen Su\u00e1rez, se ha reunido durante la semana con el alcalde de Laviana, Julio Garc\u00eda, en la sede del ayuntamiento","og:url":"https:\/\/www.eldigitaldeasturias.com\/noticias\/laviana-solicita-la-implantacion-de-un-nuevo-ciclo-de-fp\/","article:tag":["educaci\u00f3n asturias","asturias","laviana","actualidad asturias"],"article:published_time":"2021-06-13T00:07:30+00:00","article:modified_time":"2021-06-13T00:07:30+00:00","article:publisher":"https:\/\/facebook.com\/eldigitaldeasturias","twitter:card":"summary_large_image","twitter:title":"Laviana solicita la implantaci\u00f3n de un nuevo ciclo de FP - El Digital de Asturias","twitter:description":"La consejera asturiana de Educaci\u00f3n, Carmen Su\u00e1rez, se ha reunido durante la semana con el alcalde de Laviana, Julio Garc\u00eda, en la sede del ayuntamiento","twitter:image":"https:\/\/www.eldigitaldeasturias.com\/noticias\/wp-content\/uploads\/2020\/12\/EDA-1.jpg","twitter:label1":"Escrito por","twitter:data1":"El Digital de Asturias","twitter:label2":"Tiempo de lectura estimado","twitter:data2":"1 minuto"},"aioseo_meta_data":{"post_id":"1093647","title":null,"description":"La consejera asturiana de Educaci\u00f3n, Carmen Su\u00e1rez, se ha reunido durante la semana con el alcalde de Laviana, Julio Garc\u00eda, en la sede del ayuntamiento","keywords":[{"label":"educaci\u00f3n asturias","value":"educaci\u00f3n asturias"},{"label":" Asturias","value":" Asturias"},{"label":" Laviana","value":" Laviana"}],"keyphrases":{"focus":{"keyphrase":"Laviana","score":100,"analysis":{"keyphraseInTitle":{"title":"Frase clave objetivo en el t\u00edtulo SEO","description":"Frase clave objetivo encontrada en el t\u00edtulo SEO.","score":9,"maxScore":9,"error":0},"keyphraseInDescription":{"title":"Frase clave objetivo en la meta descripci\u00f3n","description":"Frase clave objetivo encontrada en la meta descripci\u00f3n.","score":9,"maxScore":9,"error":0},"keyphraseInURL":[],"keyphraseInIntroduction":{"title":"Frase clave objetivo en la introducci\u00f3n","description":"Su Frase clave objetivo aparece en el primer p\u00e1rrafo. \u00a1Bien hecho!","score":9,"maxScore":9,"error":0},"keyphraseInSubHeadings":[],"keyphraseLength":{"title":"Longitud de la Frase clave objetivo","description":"\u00a1Buen trabajo!","score":9,"maxScore":9,"error":0,"length":1},"keyphraseInImageAlt":{"title":"Frase clave objetivo en los atributos alt de la imagen.","description":"Frase clave objetivo encontrada en los atributos alt de la(s) imagen(es).","score":9,"maxScore":9,"error":0}}},"additional":[{"keyphrase":"consejera asturiana","score":83,"analysis":{"keyphraseInDescription":{"title":"Frase clave en la meta descripci\u00f3n","description":"Frase clave encontrada en la meta descripci\u00f3n.","score":9,"maxScore":9,"error":0},"keyphraseInIntroduction":{"title":"Frase clave en la introducci\u00f3n","description":"Su Frase clave aparece en el primer p\u00e1rrafo. \u00a1Bien hecho!","score":9,"maxScore":9,"error":0},"keyphraseInImageAlt":{"title":"Frase clave en los atributos alt de la imagen.","description":"Frase clave no se encuentra en los atributos alt de la imagen. A\u00f1ada una imagen con su Frase clave como texto alternativo.","score":3,"maxScore":9,"error":1},"keyphraseLength":{"title":"Longitud de la Frase clave","description":"\u00a1Buen trabajo!","score":9,"maxScore":9,"error":0,"length":2}}}]},"primary_term":null,"canonical_url":null,"og_title":null,"og_description":null,"og_object_type":"default","og_image_type":"default","og_image_url":null,"og_image_width":null,"og_image_height":null,"og_image_custom_url":null,"og_image_custom_fields":null,"og_video":"","og_custom_url":null,"og_article_section":null,"og_article_tags":[],"twitter_use_og":false,"twitter_card":"default","twitter_image_type":"default","twitter_image_url":null,"twitter_image_custom_url":null,"twitter_image_custom_fields":null,"twitter_title":null,"twitter_description":null,"schema":{"blockGraphs":[],"customGraphs":[],"default":{"data":{"Article":[],"Course":[],"Dataset":[],"FAQPage":[],"Movie":[],"Person":[],"Product":[],"ProductReview":[],"Car":[],"Recipe":[],"Service":[],"SoftwareApplication":[],"WebPage":[]},"graphName":"","isEnabled":true},"graphs":[],"defaultGraph":"Article","defaultPostTypeGraph":""},"schema_type":"default","schema_type_options":"{\"article\":{\"articleType\":\"BlogPosting\"},\"course\":{\"name\":\"\",\"description\":\"\",\"provider\":\"\"},\"faq\":{\"pages\":[]},\"product\":{\"reviews\":[]},\"recipe\":{\"ingredients\":[],\"instructions\":[],\"keywords\":[]},\"software\":{\"reviews\":[],\"operatingSystems\":[]},\"webPage\":{\"webPageType\":\"WebPage\"}}","pillar_content":false,"robots_default":true,"robots_noindex":false,"robots_noarchive":false,"robots_nosnippet":false,"robots_nofollow":false,"robots_noimageindex":false,"robots_noodp":false,"robots_notranslate":false,"robots_max_snippet":"-1","robots_max_videopreview":"-1","robots_max_imagepreview":"large","priority":null,"frequency":"default","local_seo":{"locations":{"business":{"name":"","businessType":"","image":"","areaServed":"","urls":{"website":"","aboutPage":"","contactPage":""},"address":{"streetLine1":"","streetLine2":"","zipCode":"","city":"","state":"","country":"","addressFormat":"#streetLineOne\n#streetLineTwo\n#city, #state #zipCode"},"contact":{"email":"","phone":"","phoneFormatted":"","fax":"","faxFormatted":""},"ids":{"vat":"","tax":"","chamberOfCommerce":""},"payment":{"priceRange":"","currenciesAccepted":"","methods":""}}},"openingHours":{"useDefaults":true,"show":true,"alwaysOpen":false,"use24hFormat":false,"timezone":"","labels":{"closed":"","alwaysOpen":""},"days":{"monday":{"open24h":false,"closed":false,"openTime":"09:00","closeTime":"17:00"},"tuesday":{"open24h":false,"closed":false,"openTime":"09:00","closeTime":"17:00"},"wednesday":{"open24h":false,"closed":false,"openTime":"09:00","closeTime":"17:00"},"thursday":{"open24h":false,"closed":false,"openTime":"09:00","closeTime":"17:00"},"friday":{"open24h":false,"closed":false,"openTime":"09:00","closeTime":"17:00"},"saturday":{"open24h":false,"closed":false,"openTime":"09:00","closeTime":"17:00"},"sunday":{"open24h":false,"closed":false,"openTime":"09:00","closeTime":"17:00"}}}},"seo_analyzer_scan_date":"2026-07-18 17:27:19","breadcrumb_settings":null,"limit_modified_date":false,"open_ai":null,"ai":null,"created":"2021-06-13 00:00:52","updated":"2026-07-18 17:27:19","focus_keyword":"Laviana","additional_keywords":[{"word":"consejera asturiana","score":83}],"truseo_locale":null},"aioseo_breadcrumb":"<div class=\"aioseo-breadcrumbs\"><span class=\"aioseo-breadcrumb\">\n\t<a href=\"https:\/\/www.eldigitaldeasturias.com\/noticias\" title=\"Home\">Home<\/a>\n<\/span><span class=\"aioseo-breadcrumb-separator\">\u2013<\/span><span class=\"aioseo-breadcrumb\">\n\t<a href=\"https:\/\/www.eldigitaldeasturias.com\/noticias\/category\/actualidad-asturias\/\" title=\"Actualidad Asturias\">Actualidad Asturias<\/a>\n<\/span><span class=\"aioseo-breadcrumb-separator\">\u2013<\/span><span class=\"aioseo-breadcrumb\">\n\t<a href=\"https:\/\/www.eldigitaldeasturias.com\/noticias\/laviana-solicita-la-implantacion-de-un-nuevo-ciclo-de-fp\/\" title=\"Laviana solicita la implantaci\u00f3n de un nuevo ciclo de FP\">Laviana solicita la implantaci\u00f3n de un nuevo ciclo de FP<\/a>\n<\/span><\/div>","aioseo_breadcrumb_json":[{"label":"Home","link":"https:\/\/www.eldigitaldeasturias.com\/noticias"},{"label":"Actualidad Asturias","link":"https:\/\/www.eldigitaldeasturias.com\/noticias\/category\/actualidad-asturias\/"},{"label":"Laviana solicita la implantaci\u00f3n de un nuevo ciclo de FP","link":"https:\/\/www.eldigitaldeasturias.com\/noticias\/laviana-solicita-la-implantacion-de-un-nuevo-ciclo-de-fp\/"}],"_links":{"self":[{"href":"https:\/\/www.eldigitaldeasturias.com\/noticias\/wp-json\/wp\/v2\/posts\/1093647","targetHints":{"allow":["GET"]}}],"collection":[{"href":"https:\/\/www.eldigitaldeasturias.com\/noticias\/wp-json\/wp\/v2\/posts"}],"about":[{"href":"https:\/\/www.eldigitaldeasturias.com\/noticias\/wp-json\/wp\/v2\/types\/post"}],"author":[{"embeddable":true,"href":"https:\/\/www.eldigitaldeasturias.com\/noticias\/wp-json\/wp\/v2\/users\/1"}],"replies":[{"embeddable":true,"href":"https:\/\/www.eldigitaldeasturias.com\/noticias\/wp-json\/wp\/v2\/comments?post=1093647"}],"version-history":[{"count":0,"href":"https:\/\/www.eldigitaldeasturias.com\/noticias\/wp-json\/wp\/v2\/posts\/1093647\/revisions"}],"wp:attachment":[{"href":"https:\/\/www.eldigitaldeasturias.com\/noticias\/wp-json\/wp\/v2\/media?parent=1093647"}],"wp:term":[{"taxonomy":"category","embeddable":true,"href":"https:\/\/www.eldigitaldeasturias.com\/noticias\/wp-json\/wp\/v2\/categories?post=1093647"},{"taxonomy":"post_tag","embeddable":true,"href":"https:\/\/www.eldigitaldeasturias.com\/noticias\/wp-json\/wp\/v2\/tags?post=1093647"}],"curies":[{"name":"wp","href":"https:\/\/api.w.org\/{rel}","templated":true}]}}