{"id":1093560,"date":"2021-06-11T13:10:08","date_gmt":"2021-06-11T12:10:08","guid":{"rendered":"https:\/\/www.eldigitaldeasturias.com\/noticias\/?p=1093560"},"modified":"2021-06-11T13:10:08","modified_gmt":"2021-06-11T12:10:08","slug":"exposicion-oviedo-origen-y-destino-el-camino-de-santiago-en-200-libros","status":"publish","type":"post","link":"https:\/\/www.eldigitaldeasturias.com\/noticias\/exposicion-oviedo-origen-y-destino-el-camino-de-santiago-en-200-libros\/","title":{"rendered":"Exposici\u00f3n: \u00abOviedo, origen y destino: el Camino de Santiago en 200 libros\u00bb"},"content":{"rendered":"<p><img loading=\"lazy\" decoding=\"async\" class=\"alignleft size-medium wp-image-1093561\" src=\"https:\/\/www.eldigitaldeasturias.com\/noticias\/wp-content\/uploads\/2021\/06\/Exposicion-360x259.jpg\" alt=\"Muestra Oviedo-Camino Santiago\" width=\"360\" height=\"259\" \/>La Biblioteca de Asturias Ram\u00f3n P\u00e9rez de Ayala expone desde hoy una muestra que recorre el Camino de Santiago a tr\u00e1ves de 200 piezas de sus fondos bibliogr\u00e1ficos. La muestra, inaugurada por el director general de Cultura y Patrimonio, Pablo Le\u00f3n, forma parte de los actos promovidos por la Consejer\u00eda de Cultura para conmerorar el Xacob\u00e9u 2021-2022.<\/p>\n<p><strong><em>Oviedo, origen y destino: el Camino de Santiago en 200 libros<\/em><\/strong> exhibe una parte de los fondos relacionados con la ruta jacobea que alberga la Biblioteca de Asturias. El material bibliogr\u00e1fico ha sido seleccionado atendiendo a diversos criterios: por sus especiales caracter\u00edsticas de rareza, importancia u otros elementos curiosos, o por ser representativos de un determinado tipo de publicaciones realizadas sobre este tema.<\/p>\n<p>La muestra pretende destacar el relevante papel de Oviedo en el Camino de Santiago y, al mismo tiempo, ofrecer al p\u00fablico parte de la abundante bibliograf\u00eda sobre \u00e9l que el equipamiento ha ido incorporando a lo largo de su historia.<\/p>\n<p>La exposici\u00f3n se estructura en doce apartados, que abarcan desde el inicio del Camino hasta su llegada a Santiago de Compostela, pasando por su recorrido por Asturias, la C\u00e1mara Santa o la acogida a los peregrinos. En cada una de estas secciones se recogen obras, folletos e im\u00e1genes relacionados con estos contenidos espec\u00edficos, algunos de ellas de especial relevancia.<\/p>\n<p>En el apartado Origen: Santiago, ap\u00f3stol en Espa\u00f1a destacan las obras sobre el Beato de Li\u00e9bana: una edici\u00f3n facsimilar del Comentario al Apocalipsis realizada por Edil\u00e1n en 1975 y el tambi\u00e9n facs\u00edmil del Codex Gerundensi. En el apartado Descubrimiento del sepulcro y peregrinaci\u00f3n del rey Alfonso II el Casto, se expone el estudio biogr\u00e1fico realizado por Constantino Cabal (1877-1967) y el libro publicado con motivo del A\u00f1o Santo Compostelano de 1965 titulado La ruta jacobea: sobre el sepulcro una estrella, de Luis Aguirre Prado.<\/p>\n<p>Recoge tambi\u00e9n obras y publicaciones sobre los Caminos de Santiago en Asturias y sobre el paso de la ruta jacobea por sus distintos concejos, muchas de ellas editadas por el Gobierno de Asturias.<\/p>\n<h2>C\u00e1mara Santa y peregrinos<\/h2>\n<p>En el apartado Oviedo y la C\u00e1mara Santa destino de las peregrinaciones son de especial inter\u00e9s la obra escrita por el historiador y cronista Ambrosio de Morales (C\u00f3rdoba, 1513-1591), la edici\u00f3n facs\u00edmil de El Libro de los testamentos de la Catedral de Oviedo, c\u00f3dice medieval datado en el primer tercio del siglo XII, o el estudio Las peregrinaciones a Santiago de Compostela, uno de cuyos autores es el historiador ovetense Juan Ur\u00eda R\u00edu (1891-1979), y que es un libro de referencia obligada en la historiograf\u00eda de la peregrinaci\u00f3n jacobea.<\/p>\n<p>En la parte dedicada al peregrinaje, se ejemplifica la acogida y hospitalidad con estudios de Juan Ur\u00eda R\u00edu (1891-1979), que investig\u00f3 lo que la afluencia de peregrinos supuso para la ciudad de Oviedo en Las fundaciones hospitalarias en los caminos de la peregrinaci\u00f3n a Oviedo.<\/p>\n<p>Hasta la \u00faltima secci\u00f3n, en la que se ofrece una peque\u00f1a selecci\u00f3n de libros sobre Santiago de Compostela, la exposici\u00f3n incluye curiosidades que van desde las leyendas a recetas de cocina, adem\u00e1s de gu\u00edas elaboradas sobre la ruta y relatos de peregrinaciones. En este \u00faltimo apartado destaca el libro de Hape Kekerling Bueno, me largo: el camino de Santiago el camino m\u00e1s importante de mi vida, una obra le\u00edda por m\u00e1s de cinco millones de alemanes.<\/p>\n<p>En el acto de inauguraci\u00f3n, Pablo Le\u00f3n ha estado acompa\u00f1ado por el director de la biblioteca, Juan Miguel Men\u00e9ndez, y por la comisaria de la exposici\u00f3n, la bibliotecaria Carmen Mac\u00edas. La muestra permanecer\u00e1 abierta hasta el 26 de septiembre. La biblioteca Ram\u00f3n P\u00e9rez de Ayala retom\u00f3 despu\u00e9s de varios a\u00f1os sus exposiciones temporales con motivo del pasado D\u00eda del Libro, con una muestra dedicada a la biblioteca de Luis Mar\u00eda Fern\u00e1ndez Canteli.<\/p>\n<p>&nbsp;<\/p>\n","protected":false},"excerpt":{"rendered":"<p>La Biblioteca de Asturias Ram\u00f3n P\u00e9rez de Ayala expone desde hoy una muestra que recorre el Camino de Santiago a tr\u00e1ves de 200 piezas de sus fondos bibliogr\u00e1ficos. La muestra, inaugurada por el director general de Cultura y Patrimonio, Pablo Le\u00f3n, forma parte de los actos promovidos por la Consejer\u00eda de Cultura para conmerorar el [&hellip;]<\/p>\n","protected":false},"author":1,"featured_media":1093561,"comment_status":"closed","ping_status":"closed","sticky":false,"template":"","format":"standard","meta":{"footnotes":""},"categories":[2],"tags":[],"class_list":["post-1093560","post","type-post","status-publish","format-standard","has-post-thumbnail","hentry","category-agenda"],"aioseo_notices":[],"aioseo_head":"\n\t\t<!-- All in One SEO Pro 5.0.1 - aioseo.com -->\n\t<meta name=\"description\" content=\"La Biblioteca de Asturias Ram\u00f3n P\u00e9rez de Ayala expone desde hoy una muestra que recorre el Camino de Santiago a tr\u00e1ves de 200 piezas de sus fondos bibliogr\u00e1ficos\" \/>\n\t<meta name=\"robots\" content=\"max-image-preview:large\" \/>\n\t<meta name=\"author\" content=\"El Digital de Asturias\"\/>\n\t<meta name=\"google-site-verification\" content=\"UA-38556648-1\" \/>\n\t<meta name=\"msvalidate.01\" content=\"7dfe9f3f1b24437ab69f4f2559babe99\" \/>\n\t<meta name=\"keywords\" content=\"agenda asturias,muestra,oviedo,agenda\" \/>\n\t<link rel=\"canonical\" href=\"https:\/\/www.eldigitaldeasturias.com\/noticias\/exposicion-oviedo-origen-y-destino-el-camino-de-santiago-en-200-libros\/\" \/>\n\t<meta name=\"generator\" content=\"All in One SEO Pro (AIOSEO) 5.0.1\" \/>\n\t\t<meta property=\"og:locale\" content=\"es_ES\" \/>\n\t\t<meta property=\"og:site_name\" content=\"El Digital de Asturias\" \/>\n\t\t<meta property=\"og:type\" content=\"article\" \/>\n\t\t<meta property=\"og:title\" content=\"Exposici\u00f3n: \u00abOviedo, origen y destino: el Camino de Santiago en 200 libros\u00bb - El Digital de Asturias\" \/>\n\t\t<meta property=\"og:description\" content=\"La Biblioteca de Asturias Ram\u00f3n P\u00e9rez de Ayala expone desde hoy una muestra que recorre el Camino de Santiago a tr\u00e1ves de 200 piezas de sus fondos bibliogr\u00e1ficos\" \/>\n\t\t<meta property=\"og:url\" content=\"https:\/\/www.eldigitaldeasturias.com\/noticias\/exposicion-oviedo-origen-y-destino-el-camino-de-santiago-en-200-libros\/\" \/>\n\t\t<meta property=\"article:tag\" content=\"agenda asturias\" \/>\n\t\t<meta property=\"article:tag\" content=\"muestra\" \/>\n\t\t<meta property=\"article:tag\" content=\"oviedo\" \/>\n\t\t<meta property=\"article:tag\" content=\"agenda\" \/>\n\t\t<meta property=\"article:published_time\" content=\"2021-06-11T12:10:08+00:00\" \/>\n\t\t<meta property=\"article:modified_time\" content=\"2021-06-11T12:10:08+00:00\" \/>\n\t\t<meta property=\"article:publisher\" content=\"https:\/\/facebook.com\/eldigitaldeasturias\" \/>\n\t\t<meta name=\"twitter:card\" content=\"summary_large_image\" \/>\n\t\t<meta name=\"twitter:title\" content=\"Exposici\u00f3n: \u00abOviedo, origen y destino: el Camino de Santiago en 200 libros\u00bb - El Digital de Asturias\" \/>\n\t\t<meta name=\"twitter:description\" content=\"La Biblioteca de Asturias Ram\u00f3n P\u00e9rez de Ayala expone desde hoy una muestra que recorre el Camino de Santiago a tr\u00e1ves de 200 piezas de sus fondos bibliogr\u00e1ficos\" \/>\n\t\t<meta name=\"twitter:image\" content=\"https:\/\/www.eldigitaldeasturias.com\/noticias\/wp-content\/uploads\/2020\/12\/EDA-1.jpg\" \/>\n\t\t<meta name=\"twitter:label1\" content=\"Escrito por\" \/>\n\t\t<meta name=\"twitter:data1\" content=\"El Digital de Asturias\" \/>\n\t\t<meta name=\"twitter:label2\" content=\"Tiempo de lectura estimado\" \/>\n\t\t<meta name=\"twitter:data2\" content=\"3 minutos\" \/>\n\t\t<script type=\"application\/ld+json\" class=\"aioseo-schema\">\n\t\t\t{\"@context\":\"https:\\\/\\\/schema.org\",\"@graph\":[{\"@type\":\"BlogPosting\",\"@id\":\"https:\\\/\\\/www.eldigitaldeasturias.com\\\/noticias\\\/exposicion-oviedo-origen-y-destino-el-camino-de-santiago-en-200-libros\\\/#blogposting\",\"name\":\"Exposici\\u00f3n: \\u00abOviedo, origen y destino: el Camino de Santiago en 200 libros\\u00bb - El Digital de Asturias\",\"headline\":\"Exposici\\u00f3n: \\u00abOviedo, origen y destino: el Camino de Santiago en 200 libros\\u00bb\",\"author\":{\"@id\":\"https:\\\/\\\/www.eldigitaldeasturias.com\\\/noticias\\\/author\\\/admin\\\/#author\"},\"publisher\":{\"@id\":\"https:\\\/\\\/www.eldigitaldeasturias.com\\\/noticias\\\/#organization\"},\"image\":{\"@type\":\"ImageObject\",\"url\":1093561},\"datePublished\":\"2021-06-11T13:10:08+02:00\",\"dateModified\":\"2021-06-11T13:10:08+02:00\",\"inLanguage\":\"es-ES\",\"mainEntityOfPage\":{\"@id\":\"https:\\\/\\\/www.eldigitaldeasturias.com\\\/noticias\\\/exposicion-oviedo-origen-y-destino-el-camino-de-santiago-en-200-libros\\\/#webpage\"},\"isPartOf\":{\"@id\":\"https:\\\/\\\/www.eldigitaldeasturias.com\\\/noticias\\\/exposicion-oviedo-origen-y-destino-el-camino-de-santiago-en-200-libros\\\/#webpage\"},\"articleSection\":\"Agenda\"},{\"@type\":\"BreadcrumbList\",\"@id\":\"https:\\\/\\\/www.eldigitaldeasturias.com\\\/noticias\\\/exposicion-oviedo-origen-y-destino-el-camino-de-santiago-en-200-libros\\\/#breadcrumblist\",\"itemListElement\":[{\"@type\":\"ListItem\",\"@id\":\"https:\\\/\\\/www.eldigitaldeasturias.com\\\/noticias#listItem\",\"position\":1,\"name\":\"Home\",\"item\":\"https:\\\/\\\/www.eldigitaldeasturias.com\\\/noticias\",\"nextItem\":{\"@type\":\"ListItem\",\"@id\":\"https:\\\/\\\/www.eldigitaldeasturias.com\\\/noticias\\\/category\\\/agenda\\\/#listItem\",\"name\":\"Agenda\"}},{\"@type\":\"ListItem\",\"@id\":\"https:\\\/\\\/www.eldigitaldeasturias.com\\\/noticias\\\/category\\\/agenda\\\/#listItem\",\"position\":2,\"name\":\"Agenda\",\"item\":\"https:\\\/\\\/www.eldigitaldeasturias.com\\\/noticias\\\/category\\\/agenda\\\/\",\"nextItem\":{\"@type\":\"ListItem\",\"@id\":\"https:\\\/\\\/www.eldigitaldeasturias.com\\\/noticias\\\/exposicion-oviedo-origen-y-destino-el-camino-de-santiago-en-200-libros\\\/#listItem\",\"name\":\"Exposici\\u00f3n: \\u00abOviedo, origen y destino: el Camino de Santiago en 200 libros\\u00bb\"},\"previousItem\":{\"@type\":\"ListItem\",\"@id\":\"https:\\\/\\\/www.eldigitaldeasturias.com\\\/noticias#listItem\",\"name\":\"Home\"}},{\"@type\":\"ListItem\",\"@id\":\"https:\\\/\\\/www.eldigitaldeasturias.com\\\/noticias\\\/exposicion-oviedo-origen-y-destino-el-camino-de-santiago-en-200-libros\\\/#listItem\",\"position\":3,\"name\":\"Exposici\\u00f3n: \\u00abOviedo, origen y destino: el Camino de Santiago en 200 libros\\u00bb\",\"previousItem\":{\"@type\":\"ListItem\",\"@id\":\"https:\\\/\\\/www.eldigitaldeasturias.com\\\/noticias\\\/category\\\/agenda\\\/#listItem\",\"name\":\"Agenda\"}}]},{\"@type\":\"Organization\",\"@id\":\"https:\\\/\\\/www.eldigitaldeasturias.com\\\/noticias\\\/#organization\",\"name\":\"El Digital de Asturias\",\"description\":\"Hemeroteca\",\"url\":\"https:\\\/\\\/www.eldigitaldeasturias.com\\\/noticias\\\/\",\"email\":\"info@eldigitaldeasturias.com\",\"telephone\":\"+34652131393\",\"logo\":{\"@type\":\"ImageObject\",\"url\":\"https:\\\/\\\/www.eldigitaldeasturias.com\\\/noticias\\\/wp-content\\\/uploads\\\/2020\\\/12\\\/EDA.jpg\",\"@id\":\"https:\\\/\\\/www.eldigitaldeasturias.com\\\/noticias\\\/exposicion-oviedo-origen-y-destino-el-camino-de-santiago-en-200-libros\\\/#organizationLogo\"},\"image\":{\"@id\":\"https:\\\/\\\/www.eldigitaldeasturias.com\\\/noticias\\\/exposicion-oviedo-origen-y-destino-el-camino-de-santiago-en-200-libros\\\/#organizationLogo\"},\"sameAs\":[\"https:\\\/\\\/facebook.com\\\/eldigitaldeasturias\",\"https:\\\/\\\/www.youtube.com\\\/channel\\\/UCZP-2wLEB9Rv6erhFmqVnvg\"],\"address\":{\"@id\":\"https:\\\/\\\/www.eldigitaldeasturias.com\\\/noticias\\\/#postaladdress\",\"@type\":\"PostalAddress\",\"streetAddress\":\"san antonio 4\",\"postalCode\":\"33430\",\"addressLocality\":\"Cand\\u00e1s\",\"addressRegion\":\"Asturias\",\"addressCountry\":\"ES\"}},{\"@type\":\"Person\",\"@id\":\"https:\\\/\\\/www.eldigitaldeasturias.com\\\/noticias\\\/author\\\/admin\\\/#author\",\"url\":\"https:\\\/\\\/www.eldigitaldeasturias.com\\\/noticias\\\/author\\\/admin\\\/\",\"name\":\"El Digital de Asturias\",\"image\":{\"@type\":\"ImageObject\",\"@id\":\"https:\\\/\\\/www.eldigitaldeasturias.com\\\/noticias\\\/exposicion-oviedo-origen-y-destino-el-camino-de-santiago-en-200-libros\\\/#authorImage\",\"url\":\"https:\\\/\\\/secure.gravatar.com\\\/avatar\\\/df2aeffc32bcd13f8d26072ef8a91b623d677766deac7f97ca815868cd41bf5e?s=96&d=mm&r=g\",\"width\":96,\"height\":96,\"caption\":\"El Digital de Asturias\"}},{\"@type\":\"WebPage\",\"@id\":\"https:\\\/\\\/www.eldigitaldeasturias.com\\\/noticias\\\/exposicion-oviedo-origen-y-destino-el-camino-de-santiago-en-200-libros\\\/#webpage\",\"url\":\"https:\\\/\\\/www.eldigitaldeasturias.com\\\/noticias\\\/exposicion-oviedo-origen-y-destino-el-camino-de-santiago-en-200-libros\\\/\",\"name\":\"Exposici\\u00f3n: \\u00abOviedo, origen y destino: el Camino de Santiago en 200 libros\\u00bb - El Digital de Asturias\",\"description\":\"La Biblioteca de Asturias Ram\\u00f3n P\\u00e9rez de Ayala expone desde hoy una muestra que recorre el Camino de Santiago a tr\\u00e1ves de 200 piezas de sus fondos bibliogr\\u00e1ficos\",\"inLanguage\":\"es-ES\",\"isPartOf\":{\"@id\":\"https:\\\/\\\/www.eldigitaldeasturias.com\\\/noticias\\\/#website\"},\"breadcrumb\":{\"@id\":\"https:\\\/\\\/www.eldigitaldeasturias.com\\\/noticias\\\/exposicion-oviedo-origen-y-destino-el-camino-de-santiago-en-200-libros\\\/#breadcrumblist\"},\"author\":{\"@id\":\"https:\\\/\\\/www.eldigitaldeasturias.com\\\/noticias\\\/author\\\/admin\\\/#author\"},\"creator\":{\"@id\":\"https:\\\/\\\/www.eldigitaldeasturias.com\\\/noticias\\\/author\\\/admin\\\/#author\"},\"image\":{\"@type\":\"ImageObject\",\"url\":1093561,\"@id\":\"https:\\\/\\\/www.eldigitaldeasturias.com\\\/noticias\\\/exposicion-oviedo-origen-y-destino-el-camino-de-santiago-en-200-libros\\\/#mainImage\"},\"primaryImageOfPage\":{\"@id\":\"https:\\\/\\\/www.eldigitaldeasturias.com\\\/noticias\\\/exposicion-oviedo-origen-y-destino-el-camino-de-santiago-en-200-libros\\\/#mainImage\"},\"datePublished\":\"2021-06-11T13:10:08+02:00\",\"dateModified\":\"2021-06-11T13:10:08+02:00\"},{\"@type\":\"WebSite\",\"@id\":\"https:\\\/\\\/www.eldigitaldeasturias.com\\\/noticias\\\/#website\",\"url\":\"https:\\\/\\\/www.eldigitaldeasturias.com\\\/noticias\\\/\",\"name\":\"El Digital de Asturias - Diario de actualidad y noticias\",\"alternateName\":\"El Digital de Asturias - Diario de actualidad y noticias\",\"description\":\"Hemeroteca\",\"inLanguage\":\"es-ES\",\"publisher\":{\"@id\":\"https:\\\/\\\/www.eldigitaldeasturias.com\\\/noticias\\\/#organization\"}}]}\n\t\t<\/script>\n\t\t<!-- All in One SEO Pro -->\r\n\t\t<title>Exposici\u00f3n: \u00abOviedo, origen y destino: el Camino de Santiago en 200 libros\u00bb - El Digital de Asturias<\/title>\n\n","aioseo_head_json":{"title":"Exposici\u00f3n: \u00abOviedo, origen y destino: el Camino de Santiago en 200 libros\u00bb - El Digital de Asturias","description":"La Biblioteca de Asturias Ram\u00f3n P\u00e9rez de Ayala expone desde hoy una muestra que recorre el Camino de Santiago a tr\u00e1ves de 200 piezas de sus fondos bibliogr\u00e1ficos","canonical_url":"https:\/\/www.eldigitaldeasturias.com\/noticias\/exposicion-oviedo-origen-y-destino-el-camino-de-santiago-en-200-libros\/","robots":"max-image-preview:large","keywords":"agenda asturias,muestra,oviedo,agenda","webmasterTools":{"google-site-verification":"UA-38556648-1","msvalidate.01":"7dfe9f3f1b24437ab69f4f2559babe99","miscellaneous":""},"schema":{"@context":"https:\/\/schema.org","@graph":[{"@type":"BlogPosting","@id":"https:\/\/www.eldigitaldeasturias.com\/noticias\/exposicion-oviedo-origen-y-destino-el-camino-de-santiago-en-200-libros\/#blogposting","name":"Exposici\u00f3n: \u00abOviedo, origen y destino: el Camino de Santiago en 200 libros\u00bb - El Digital de Asturias","headline":"Exposici\u00f3n: \u00abOviedo, origen y destino: el Camino de Santiago en 200 libros\u00bb","author":{"@id":"https:\/\/www.eldigitaldeasturias.com\/noticias\/author\/admin\/#author"},"publisher":{"@id":"https:\/\/www.eldigitaldeasturias.com\/noticias\/#organization"},"image":{"@type":"ImageObject","url":1093561},"datePublished":"2021-06-11T13:10:08+02:00","dateModified":"2021-06-11T13:10:08+02:00","inLanguage":"es-ES","mainEntityOfPage":{"@id":"https:\/\/www.eldigitaldeasturias.com\/noticias\/exposicion-oviedo-origen-y-destino-el-camino-de-santiago-en-200-libros\/#webpage"},"isPartOf":{"@id":"https:\/\/www.eldigitaldeasturias.com\/noticias\/exposicion-oviedo-origen-y-destino-el-camino-de-santiago-en-200-libros\/#webpage"},"articleSection":"Agenda"},{"@type":"BreadcrumbList","@id":"https:\/\/www.eldigitaldeasturias.com\/noticias\/exposicion-oviedo-origen-y-destino-el-camino-de-santiago-en-200-libros\/#breadcrumblist","itemListElement":[{"@type":"ListItem","@id":"https:\/\/www.eldigitaldeasturias.com\/noticias#listItem","position":1,"name":"Home","item":"https:\/\/www.eldigitaldeasturias.com\/noticias","nextItem":{"@type":"ListItem","@id":"https:\/\/www.eldigitaldeasturias.com\/noticias\/category\/agenda\/#listItem","name":"Agenda"}},{"@type":"ListItem","@id":"https:\/\/www.eldigitaldeasturias.com\/noticias\/category\/agenda\/#listItem","position":2,"name":"Agenda","item":"https:\/\/www.eldigitaldeasturias.com\/noticias\/category\/agenda\/","nextItem":{"@type":"ListItem","@id":"https:\/\/www.eldigitaldeasturias.com\/noticias\/exposicion-oviedo-origen-y-destino-el-camino-de-santiago-en-200-libros\/#listItem","name":"Exposici\u00f3n: \u00abOviedo, origen y destino: el Camino de Santiago en 200 libros\u00bb"},"previousItem":{"@type":"ListItem","@id":"https:\/\/www.eldigitaldeasturias.com\/noticias#listItem","name":"Home"}},{"@type":"ListItem","@id":"https:\/\/www.eldigitaldeasturias.com\/noticias\/exposicion-oviedo-origen-y-destino-el-camino-de-santiago-en-200-libros\/#listItem","position":3,"name":"Exposici\u00f3n: \u00abOviedo, origen y destino: el Camino de Santiago en 200 libros\u00bb","previousItem":{"@type":"ListItem","@id":"https:\/\/www.eldigitaldeasturias.com\/noticias\/category\/agenda\/#listItem","name":"Agenda"}}]},{"@type":"Organization","@id":"https:\/\/www.eldigitaldeasturias.com\/noticias\/#organization","name":"El Digital de Asturias","description":"Hemeroteca","url":"https:\/\/www.eldigitaldeasturias.com\/noticias\/","email":"info@eldigitaldeasturias.com","telephone":"+34652131393","logo":{"@type":"ImageObject","url":"https:\/\/www.eldigitaldeasturias.com\/noticias\/wp-content\/uploads\/2020\/12\/EDA.jpg","@id":"https:\/\/www.eldigitaldeasturias.com\/noticias\/exposicion-oviedo-origen-y-destino-el-camino-de-santiago-en-200-libros\/#organizationLogo"},"image":{"@id":"https:\/\/www.eldigitaldeasturias.com\/noticias\/exposicion-oviedo-origen-y-destino-el-camino-de-santiago-en-200-libros\/#organizationLogo"},"sameAs":["https:\/\/facebook.com\/eldigitaldeasturias","https:\/\/www.youtube.com\/channel\/UCZP-2wLEB9Rv6erhFmqVnvg"],"address":{"@id":"https:\/\/www.eldigitaldeasturias.com\/noticias\/#postaladdress","@type":"PostalAddress","streetAddress":"san antonio 4","postalCode":"33430","addressLocality":"Cand\u00e1s","addressRegion":"Asturias","addressCountry":"ES"}},{"@type":"Person","@id":"https:\/\/www.eldigitaldeasturias.com\/noticias\/author\/admin\/#author","url":"https:\/\/www.eldigitaldeasturias.com\/noticias\/author\/admin\/","name":"El Digital de Asturias","image":{"@type":"ImageObject","@id":"https:\/\/www.eldigitaldeasturias.com\/noticias\/exposicion-oviedo-origen-y-destino-el-camino-de-santiago-en-200-libros\/#authorImage","url":"https:\/\/secure.gravatar.com\/avatar\/df2aeffc32bcd13f8d26072ef8a91b623d677766deac7f97ca815868cd41bf5e?s=96&d=mm&r=g","width":96,"height":96,"caption":"El Digital de Asturias"}},{"@type":"WebPage","@id":"https:\/\/www.eldigitaldeasturias.com\/noticias\/exposicion-oviedo-origen-y-destino-el-camino-de-santiago-en-200-libros\/#webpage","url":"https:\/\/www.eldigitaldeasturias.com\/noticias\/exposicion-oviedo-origen-y-destino-el-camino-de-santiago-en-200-libros\/","name":"Exposici\u00f3n: \u00abOviedo, origen y destino: el Camino de Santiago en 200 libros\u00bb - El Digital de Asturias","description":"La Biblioteca de Asturias Ram\u00f3n P\u00e9rez de Ayala expone desde hoy una muestra que recorre el Camino de Santiago a tr\u00e1ves de 200 piezas de sus fondos bibliogr\u00e1ficos","inLanguage":"es-ES","isPartOf":{"@id":"https:\/\/www.eldigitaldeasturias.com\/noticias\/#website"},"breadcrumb":{"@id":"https:\/\/www.eldigitaldeasturias.com\/noticias\/exposicion-oviedo-origen-y-destino-el-camino-de-santiago-en-200-libros\/#breadcrumblist"},"author":{"@id":"https:\/\/www.eldigitaldeasturias.com\/noticias\/author\/admin\/#author"},"creator":{"@id":"https:\/\/www.eldigitaldeasturias.com\/noticias\/author\/admin\/#author"},"image":{"@type":"ImageObject","url":1093561,"@id":"https:\/\/www.eldigitaldeasturias.com\/noticias\/exposicion-oviedo-origen-y-destino-el-camino-de-santiago-en-200-libros\/#mainImage"},"primaryImageOfPage":{"@id":"https:\/\/www.eldigitaldeasturias.com\/noticias\/exposicion-oviedo-origen-y-destino-el-camino-de-santiago-en-200-libros\/#mainImage"},"datePublished":"2021-06-11T13:10:08+02:00","dateModified":"2021-06-11T13:10:08+02:00"},{"@type":"WebSite","@id":"https:\/\/www.eldigitaldeasturias.com\/noticias\/#website","url":"https:\/\/www.eldigitaldeasturias.com\/noticias\/","name":"El Digital de Asturias - Diario de actualidad y noticias","alternateName":"El Digital de Asturias - Diario de actualidad y noticias","description":"Hemeroteca","inLanguage":"es-ES","publisher":{"@id":"https:\/\/www.eldigitaldeasturias.com\/noticias\/#organization"}}]},"og:locale":"es_ES","og:site_name":"El Digital de Asturias","og:type":"article","og:title":"Exposici\u00f3n: \u00abOviedo, origen y destino: el Camino de Santiago en 200 libros\u00bb - El Digital de Asturias","og:description":"La Biblioteca de Asturias Ram\u00f3n P\u00e9rez de Ayala expone desde hoy una muestra que recorre el Camino de Santiago a tr\u00e1ves de 200 piezas de sus fondos bibliogr\u00e1ficos","og:url":"https:\/\/www.eldigitaldeasturias.com\/noticias\/exposicion-oviedo-origen-y-destino-el-camino-de-santiago-en-200-libros\/","article:tag":["agenda asturias","muestra","oviedo","agenda"],"article:published_time":"2021-06-11T12:10:08+00:00","article:modified_time":"2021-06-11T12:10:08+00:00","article:publisher":"https:\/\/facebook.com\/eldigitaldeasturias","twitter:card":"summary_large_image","twitter:title":"Exposici\u00f3n: \u00abOviedo, origen y destino: el Camino de Santiago en 200 libros\u00bb - El Digital de Asturias","twitter:description":"La Biblioteca de Asturias Ram\u00f3n P\u00e9rez de Ayala expone desde hoy una muestra que recorre el Camino de Santiago a tr\u00e1ves de 200 piezas de sus fondos bibliogr\u00e1ficos","twitter:image":"https:\/\/www.eldigitaldeasturias.com\/noticias\/wp-content\/uploads\/2020\/12\/EDA-1.jpg","twitter:label1":"Escrito por","twitter:data1":"El Digital de Asturias","twitter:label2":"Tiempo de lectura estimado","twitter:data2":"3 minutos"},"aioseo_meta_data":{"post_id":"1093560","title":null,"description":"La Biblioteca de Asturias Ram\u00f3n P\u00e9rez de Ayala expone desde hoy una muestra que recorre el Camino de Santiago a tr\u00e1ves de 200 piezas de sus fondos bibliogr\u00e1ficos","keywords":[{"label":"agenda asturias","value":"agenda asturias"},{"label":" muestra","value":" muestra"},{"label":" oviedo","value":" oviedo"}],"keyphrases":{"focus":{"keyphrase":"Asturias","score":80,"analysis":{"keyphraseInTitle":{"title":"Frase clave objetivo en el t\u00edtulo SEO","description":"Frase clave objetivo encontrada en el t\u00edtulo SEO.","score":9,"maxScore":9,"error":0},"keyphraseInDescription":{"title":"Frase clave objetivo en la meta descripci\u00f3n","description":"Frase clave objetivo encontrada en la meta descripci\u00f3n.","score":9,"maxScore":9,"error":0},"keyphraseInURL":{"title":"Frase clave objetivo en la URL","description":"Frase clave objetivo usada en la URL.","score":5,"maxScore":5,"error":0},"keyphraseInIntroduction":{"title":"Frase clave objetivo en la introducci\u00f3n","description":"Su Frase clave objetivo aparece en el primer p\u00e1rrafo. \u00a1Bien hecho!","score":9,"maxScore":9,"error":0},"keyphraseInSubHeadings":{"title":"Frase clave objetivo sus subt\u00edtulos","description":"Use your focus keyphrase more in your H2 and H3 subheadings.","score":3,"maxScore":9,"error":1},"keyphraseLength":{"title":"Longitud de la Frase clave objetivo","description":"\u00a1Buen trabajo!","score":9,"maxScore":9,"error":0,"length":1},"keyphraseInImageAlt":{"title":"Frase clave objetivo en los atributos alt de la imagen.","description":"Frase clave objetivo no se encuentra en los atributos alt de la imagen. A\u00f1ada una imagen con su Frase clave objetivo como texto alternativo.","score":3,"maxScore":9,"error":1}}},"additional":[{"keyphrase":"Camino","score":100,"analysis":{"keyphraseInDescription":{"title":"Frase clave en la meta descripci\u00f3n","description":"Frase clave encontrada en la meta descripci\u00f3n.","score":9,"maxScore":9,"error":0},"keyphraseInIntroduction":{"title":"Frase clave en la introducci\u00f3n","description":"Su Frase clave aparece en el primer p\u00e1rrafo. \u00a1Bien hecho!","score":9,"maxScore":9,"error":0},"keyphraseInImageAlt":{"title":"Frase clave en los atributos alt de la imagen.","description":"Frase clave encontrada en los atributos alt de la(s) imagen(es).","score":9,"maxScore":9,"error":0},"keyphraseLength":{"title":"Longitud de la Frase clave","description":"\u00a1Buen trabajo!","score":9,"maxScore":9,"error":0,"length":1}}},{"keyphrase":"hoy","score":83,"analysis":{"keyphraseInDescription":{"title":"Frase clave en la meta descripci\u00f3n","description":"Frase clave encontrada en la meta descripci\u00f3n.","score":9,"maxScore":9,"error":0},"keyphraseInIntroduction":{"title":"Frase clave en la introducci\u00f3n","description":"Su Frase clave aparece en el primer p\u00e1rrafo. \u00a1Bien hecho!","score":9,"maxScore":9,"error":0},"keyphraseInImageAlt":{"title":"Frase clave en los atributos alt de la imagen.","description":"Frase clave no se encuentra en los atributos alt de la imagen. A\u00f1ada una imagen con su Frase clave como texto alternativo.","score":3,"maxScore":9,"error":1},"keyphraseLength":{"title":"Longitud de la Frase clave","description":"\u00a1Buen trabajo!","score":9,"maxScore":9,"error":0,"length":1}}},{"keyphrase":"de","score":83,"analysis":{"keyphraseInDescription":{"title":"Frase clave en la meta descripci\u00f3n","description":"Frase clave encontrada en la meta descripci\u00f3n.","score":9,"maxScore":9,"error":0},"keyphraseInIntroduction":{"title":"Frase clave en la introducci\u00f3n","description":"Su Frase clave aparece en el primer p\u00e1rrafo. \u00a1Bien hecho!","score":9,"maxScore":9,"error":0},"keyphraseInImageAlt":{"title":"Frase clave en los atributos alt de la imagen.","description":"Frase clave no se encuentra en los atributos alt de la imagen. A\u00f1ada una imagen con su Frase clave como texto alternativo.","score":3,"maxScore":9,"error":1},"keyphraseLength":{"title":"Longitud de la Frase clave","description":"\u00a1Buen trabajo!","score":9,"maxScore":9,"error":0,"length":1}}}]},"primary_term":null,"canonical_url":null,"og_title":null,"og_description":null,"og_object_type":"default","og_image_type":"default","og_image_url":null,"og_image_width":null,"og_image_height":null,"og_image_custom_url":null,"og_image_custom_fields":null,"og_video":"","og_custom_url":null,"og_article_section":null,"og_article_tags":[],"twitter_use_og":false,"twitter_card":"default","twitter_image_type":"default","twitter_image_url":null,"twitter_image_custom_url":null,"twitter_image_custom_fields":null,"twitter_title":null,"twitter_description":null,"schema":{"blockGraphs":[],"customGraphs":[],"default":{"data":{"Article":[],"Course":[],"Dataset":[],"FAQPage":[],"Movie":[],"Person":[],"Product":[],"ProductReview":[],"Car":[],"Recipe":[],"Service":[],"SoftwareApplication":[],"WebPage":[]},"graphName":"","isEnabled":true},"graphs":[],"defaultGraph":"Article","defaultPostTypeGraph":""},"schema_type":"default","schema_type_options":"{\"article\":{\"articleType\":\"BlogPosting\"},\"course\":{\"name\":\"\",\"description\":\"\",\"provider\":\"\"},\"faq\":{\"pages\":[]},\"product\":{\"reviews\":[]},\"recipe\":{\"ingredients\":[],\"instructions\":[],\"keywords\":[]},\"software\":{\"reviews\":[],\"operatingSystems\":[]},\"webPage\":{\"webPageType\":\"WebPage\"}}","pillar_content":false,"robots_default":true,"robots_noindex":false,"robots_noarchive":false,"robots_nosnippet":false,"robots_nofollow":false,"robots_noimageindex":false,"robots_noodp":false,"robots_notranslate":false,"robots_max_snippet":"-1","robots_max_videopreview":"-1","robots_max_imagepreview":"large","priority":null,"frequency":"default","local_seo":{"locations":{"business":{"name":"","businessType":"","image":"","areaServed":"","urls":{"website":"","aboutPage":"","contactPage":""},"address":{"streetLine1":"","streetLine2":"","zipCode":"","city":"","state":"","country":"","addressFormat":"#streetLineOne\n#streetLineTwo\n#city, #state #zipCode"},"contact":{"email":"","phone":"","phoneFormatted":"","fax":"","faxFormatted":""},"ids":{"vat":"","tax":"","chamberOfCommerce":""},"payment":{"priceRange":"","currenciesAccepted":"","methods":""}}},"openingHours":{"useDefaults":true,"show":true,"alwaysOpen":false,"use24hFormat":false,"timezone":"","labels":{"closed":"","alwaysOpen":""},"days":{"monday":{"open24h":false,"closed":false,"openTime":"09:00","closeTime":"17:00"},"tuesday":{"open24h":false,"closed":false,"openTime":"09:00","closeTime":"17:00"},"wednesday":{"open24h":false,"closed":false,"openTime":"09:00","closeTime":"17:00"},"thursday":{"open24h":false,"closed":false,"openTime":"09:00","closeTime":"17:00"},"friday":{"open24h":false,"closed":false,"openTime":"09:00","closeTime":"17:00"},"saturday":{"open24h":false,"closed":false,"openTime":"09:00","closeTime":"17:00"},"sunday":{"open24h":false,"closed":false,"openTime":"09:00","closeTime":"17:00"}}}},"seo_analyzer_scan_date":"2026-07-18 16:22:58","breadcrumb_settings":null,"limit_modified_date":false,"open_ai":null,"ai":null,"created":"2021-06-11 12:04:25","updated":"2026-07-18 16:22:58","focus_keyword":"Asturias","additional_keywords":[{"word":"Camino","score":100},{"word":"hoy","score":83},{"word":"de","score":83}],"truseo_locale":null},"aioseo_breadcrumb":"<div class=\"aioseo-breadcrumbs\"><span class=\"aioseo-breadcrumb\">\n\t<a href=\"https:\/\/www.eldigitaldeasturias.com\/noticias\" title=\"Home\">Home<\/a>\n<\/span><span class=\"aioseo-breadcrumb-separator\">\u2013<\/span><span class=\"aioseo-breadcrumb\">\n\t<a href=\"https:\/\/www.eldigitaldeasturias.com\/noticias\/category\/agenda\/\" title=\"Agenda\">Agenda<\/a>\n<\/span><span class=\"aioseo-breadcrumb-separator\">\u2013<\/span><span class=\"aioseo-breadcrumb\">\n\t<a href=\"https:\/\/www.eldigitaldeasturias.com\/noticias\/exposicion-oviedo-origen-y-destino-el-camino-de-santiago-en-200-libros\/\" title=\"Exposici\u00f3n: \u00abOviedo, origen y destino: el Camino de Santiago en 200 libros\u00bb\">Exposici\u00f3n: \u00abOviedo, origen y destino: el Camino de Santiago en 200 libros\u00bb<\/a>\n<\/span><\/div>","aioseo_breadcrumb_json":[{"label":"Home","link":"https:\/\/www.eldigitaldeasturias.com\/noticias"},{"label":"Agenda","link":"https:\/\/www.eldigitaldeasturias.com\/noticias\/category\/agenda\/"},{"label":"Exposici\u00f3n: \u00abOviedo, origen y destino: el Camino de Santiago en 200 libros\u00bb","link":"https:\/\/www.eldigitaldeasturias.com\/noticias\/exposicion-oviedo-origen-y-destino-el-camino-de-santiago-en-200-libros\/"}],"_links":{"self":[{"href":"https:\/\/www.eldigitaldeasturias.com\/noticias\/wp-json\/wp\/v2\/posts\/1093560","targetHints":{"allow":["GET"]}}],"collection":[{"href":"https:\/\/www.eldigitaldeasturias.com\/noticias\/wp-json\/wp\/v2\/posts"}],"about":[{"href":"https:\/\/www.eldigitaldeasturias.com\/noticias\/wp-json\/wp\/v2\/types\/post"}],"author":[{"embeddable":true,"href":"https:\/\/www.eldigitaldeasturias.com\/noticias\/wp-json\/wp\/v2\/users\/1"}],"replies":[{"embeddable":true,"href":"https:\/\/www.eldigitaldeasturias.com\/noticias\/wp-json\/wp\/v2\/comments?post=1093560"}],"version-history":[{"count":0,"href":"https:\/\/www.eldigitaldeasturias.com\/noticias\/wp-json\/wp\/v2\/posts\/1093560\/revisions"}],"wp:attachment":[{"href":"https:\/\/www.eldigitaldeasturias.com\/noticias\/wp-json\/wp\/v2\/media?parent=1093560"}],"wp:term":[{"taxonomy":"category","embeddable":true,"href":"https:\/\/www.eldigitaldeasturias.com\/noticias\/wp-json\/wp\/v2\/categories?post=1093560"},{"taxonomy":"post_tag","embeddable":true,"href":"https:\/\/www.eldigitaldeasturias.com\/noticias\/wp-json\/wp\/v2\/tags?post=1093560"}],"curies":[{"name":"wp","href":"https:\/\/api.w.org\/{rel}","templated":true}]}}