{"id":1093518,"date":"2021-06-10T18:50:19","date_gmt":"2021-06-10T17:50:19","guid":{"rendered":"https:\/\/www.eldigitaldeasturias.com\/noticias\/?p=1093518"},"modified":"2021-06-10T18:50:19","modified_gmt":"2021-06-10T17:50:19","slug":"asturias-reforzara-la-cohesion-y-la-actividad-economica-en-zonas-rurales","status":"publish","type":"post","link":"https:\/\/www.eldigitaldeasturias.com\/noticias\/asturias-reforzara-la-cohesion-y-la-actividad-economica-en-zonas-rurales\/","title":{"rendered":"Asturias reforzar\u00e1 la cohesi\u00f3n y la actividad econ\u00f3mica en zonas rurales"},"content":{"rendered":"<p class=\"x_MsoNormal\"><img loading=\"lazy\" decoding=\"async\" class=\"alignleft size-medium wp-image-1030942\" src=\"https:\/\/www.eldigitaldeasturias.com\/noticias\/wp-content\/uploads\/2019\/06\/picos-de-europa-2775457_960_720-360x240.jpg\" alt=\"\" width=\"360\" height=\"240\" \/>El Gobierno del Principado de Asturias ha elaborado un informe que clasifica las zonas rurales para reforzar la cohesi\u00f3n territorial y fomentar la actividad econ\u00f3mica en toda la comunidad. El documento <strong><i>Aproximaci\u00f3n a las tipolog\u00edas de las zonas rurales de Asturias<\/i><\/strong>, elaborado por el comisionado para el Reto Demogr\u00e1fico con la colaboraci\u00f3n de la Consejer\u00eda de Medio Rural y Cohesi\u00f3n Territorial y la Sociedad Asturiana de Estudios Econ\u00f3micos e Industriales (Sadei), define tres tipos de \u00e1reas rurales con el fin de impulsar diferentes pol\u00edticas agrarias, ganaderas y forestales en funci\u00f3n de las caracter\u00edsticas de cada una de ellas.<\/p>\n<p class=\"x_MsoNormal\">El informe servir\u00e1 de base en el plan de desarrollo rural de Asturias y sus estrat\u00e9gicas sectoriales, ya que aspira a mejorar la vinculaci\u00f3n entre el medio rural y las zonas urbanas, as\u00ed como a reforzar la conservaci\u00f3n de los paisajes y la agrobiodiversidad.<\/p>\n<p class=\"x_MsoNormal\">El consejero de Medio Rural, Alejandro Calvo, y el comisionado para el Reto Demogr\u00e1fico, Jaime Izquierdo, han presentado hoy este trabajo, que plantea tres tipos de zona rural: periurbana, intensificada y campesina. Para realizar esta clasificaci\u00f3n, se ha tenido en cuenta la unidad territorial de la parroquia y se han considerado factores como la poblaci\u00f3n, la biogeograf\u00eda, la renta de la poblaci\u00f3n o los usos agrarios predominantes.<\/p>\n<p class=\"x_MsoNormal\">La definici\u00f3n se apoya en la Ley 45\/2007, de 13 de diciembre, para el desarrollo sostenible del medio rural, que en su art\u00edculo 10<i>\u00a0<\/i>define tres zonas rurales. Esta nueva delimitaci\u00f3n permitir\u00e1 poner en marcha pol\u00edticas adaptadas a cada zona, que se resumen en las siguientes ideas:<\/p>\n<p class=\"x_Tabulaciones1\"><span lang=\"X-NONE\">&#8211;\u00a0\u00a0\u00a0<\/span><b>\u00c1reas periurbanas<\/b>.\u00a0S<span lang=\"X-NONE\">e potenciar\u00e1 el desarrollo de planes locales de agricultura para abastecer los mercados urbanos. Tambi\u00e9n se concienciar\u00e1 sobre la necesidad de actuar de forma colectiva<\/span>,<span lang=\"X-NONE\">\u00a0como comunidad<\/span>,<span lang=\"X-NONE\">\u00a0para gestionar un proyecto de futuro com\u00fan<\/span>.<\/p>\n<p class=\"x_Tabulaciones1\"><span lang=\"X-NONE\">&#8211;\u00a0\u00a0\u00a0<\/span><b>\u00c1reas intensificadas<\/b>.\u00a0S<span lang=\"X-NONE\">e mejorar\u00e1 la eficiencia, rentabilidad e integraci\u00f3n ambiental de las agriculturas intensivas<\/span>.<\/p>\n<p class=\"x_Tabulaciones1\"><span lang=\"X-NONE\">&#8211;\u00a0\u00a0\u00a0<\/span><b>\u00c1reas campesinas<\/b>.\u00a0S<span lang=\"X-NONE\">e desarrollar\u00e1n planes agroecol\u00f3gicos para las aldeas y parroquias de los espacios protegidos y los territorios rurales m\u00e1s naturalizados<\/span>.<\/p>\n<p class=\"x_MsoNormal\">La siguiente tabla muestra los resultados de la zonificaci\u00f3n por tipolog\u00edas:<\/p>\n<table class=\"x_MsoNormalTable\" border=\"1\" width=\"471\" cellspacing=\"0\" cellpadding=\"0\">\n<tbody>\n<tr>\n<td valign=\"bottom\" nowrap=\"nowrap\" width=\"119\">\n<p class=\"x_MsoNormal\"><b>Zonas<\/b><\/p>\n<\/td>\n<td valign=\"bottom\" nowrap=\"nowrap\" width=\"86\">\n<p class=\"x_MsoNormal\" align=\"center\"><b>Parroquias (n\u00ba)<\/b><b><\/b><\/p>\n<\/td>\n<td valign=\"bottom\" nowrap=\"nowrap\" width=\"83\">\n<p class=\"x_MsoNormal\" align=\"center\"><b>N\u00ba %<\/b><b><\/b><\/p>\n<\/td>\n<td valign=\"bottom\" nowrap=\"nowrap\" width=\"101\">\n<p class=\"x_MsoNormal\" align=\"center\"><b>km\u00b2<\/b><b><\/b><\/p>\n<\/td>\n<td valign=\"bottom\" nowrap=\"nowrap\" width=\"83\">\n<p class=\"x_MsoNormal\" align=\"center\"><b>km\u00b2 %<\/b><b><\/b><\/p>\n<\/td>\n<\/tr>\n<tr>\n<td valign=\"bottom\" nowrap=\"nowrap\" width=\"119\">\n<p class=\"x_MsoNormal\">Urbanas<\/p>\n<\/td>\n<td valign=\"bottom\" nowrap=\"nowrap\" width=\"86\">\n<p class=\"x_MsoNormal\" align=\"center\">24<\/p>\n<\/td>\n<td valign=\"bottom\" nowrap=\"nowrap\" width=\"83\">\n<p class=\"x_MsoNormal\" align=\"center\">2,79<\/p>\n<\/td>\n<td valign=\"bottom\" nowrap=\"nowrap\" width=\"101\">\n<p class=\"x_MsoNormal\" align=\"center\">174,683<\/p>\n<\/td>\n<td valign=\"bottom\" nowrap=\"nowrap\" width=\"83\">\n<p class=\"x_MsoNormal\" align=\"center\">1,65<\/p>\n<\/td>\n<\/tr>\n<tr>\n<td valign=\"bottom\" nowrap=\"nowrap\" width=\"119\">\n<p class=\"x_MsoNormal\">Periurbanas<\/p>\n<\/td>\n<td valign=\"bottom\" nowrap=\"nowrap\" width=\"86\">\n<p class=\"x_MsoNormal\" align=\"center\">128<\/p>\n<\/td>\n<td valign=\"bottom\" nowrap=\"nowrap\" width=\"83\">\n<p class=\"x_MsoNormal\" align=\"center\">14,90<\/p>\n<\/td>\n<td valign=\"bottom\" nowrap=\"nowrap\" width=\"101\">\n<p class=\"x_MsoNormal\" align=\"center\">1091,765<\/p>\n<\/td>\n<td valign=\"bottom\" nowrap=\"nowrap\" width=\"83\">\n<p class=\"x_MsoNormal\" align=\"center\">10,30<\/p>\n<\/td>\n<\/tr>\n<tr>\n<td valign=\"bottom\" nowrap=\"nowrap\" width=\"119\">\n<p class=\"x_MsoNormal\">Intensivas<\/p>\n<\/td>\n<td valign=\"bottom\" nowrap=\"nowrap\" width=\"86\">\n<p class=\"x_MsoNormal\" align=\"center\">224<\/p>\n<\/td>\n<td valign=\"bottom\" nowrap=\"nowrap\" width=\"83\">\n<p class=\"x_MsoNormal\" align=\"center\">26,08<\/p>\n<\/td>\n<td valign=\"bottom\" nowrap=\"nowrap\" width=\"101\">\n<p class=\"x_MsoNormal\" align=\"center\">2.144,861<\/p>\n<\/td>\n<td valign=\"bottom\" nowrap=\"nowrap\" width=\"83\">\n<p class=\"x_MsoNormal\" align=\"center\">20,24<\/p>\n<\/td>\n<\/tr>\n<tr>\n<td valign=\"bottom\" nowrap=\"nowrap\" width=\"119\">\n<p class=\"x_MsoNormal\">Campesinas<\/p>\n<\/td>\n<td valign=\"bottom\" nowrap=\"nowrap\" width=\"86\">\n<p class=\"x_MsoNormal\" align=\"center\">483<\/p>\n<\/td>\n<td valign=\"bottom\" nowrap=\"nowrap\" width=\"83\">\n<p class=\"x_MsoNormal\" align=\"center\">56,23<\/p>\n<\/td>\n<td valign=\"bottom\" nowrap=\"nowrap\" width=\"101\">\n<p class=\"x_MsoNormal\" align=\"center\">7.183,512<\/p>\n<\/td>\n<td valign=\"bottom\" nowrap=\"nowrap\" width=\"83\">\n<p class=\"x_MsoNormal\" align=\"center\">67,80<\/p>\n<\/td>\n<\/tr>\n<tr>\n<td valign=\"bottom\" nowrap=\"nowrap\" width=\"119\">\n<p class=\"x_MsoNormal\">TOTAL:<\/p>\n<\/td>\n<td valign=\"bottom\" nowrap=\"nowrap\" width=\"86\">\n<p class=\"x_MsoNormal\" align=\"center\"><b>859<sup>(1)<\/sup><\/b><\/p>\n<\/td>\n<td valign=\"bottom\" nowrap=\"nowrap\" width=\"83\">\n<p class=\"x_MsoNormal\" align=\"center\"><b>100,00<\/b><\/p>\n<\/td>\n<td valign=\"bottom\" nowrap=\"nowrap\" width=\"101\">\n<p class=\"x_MsoNormal\" align=\"center\"><b>10.594,821<\/b><\/p>\n<\/td>\n<td valign=\"bottom\" nowrap=\"nowrap\" width=\"83\">\n<p class=\"x_MsoNormal\" align=\"center\"><b>100,00<\/b><\/p>\n<\/td>\n<\/tr>\n<\/tbody>\n<\/table>\n<p class=\"x_MsoNormal\">\u00a0\u00a0 (1). 857 parroquias + 2 \u00e1reas no adscritas a entidad colectiva<\/p>\n<p class=\"x_MsoNormal\">El consejero de Medio Rural y Cohesi\u00f3n Territorial, Alejandro Calvo, ha se\u00f1alado que el trabajo se incorporar\u00e1 al proceso de elaboraci\u00f3n de la futura Ley de Ordenaci\u00f3n Integral del Territorio (LOITA). Calvo ha explicado que muestra la importancia que tiene la ordenaci\u00f3n del medio rural con el objetivo de potenciar la actividad en el mismo para fijar poblaci\u00f3n.<\/p>\n<p class=\"x_MsoNormal\">La agricultura, pensada tanto para la exportaci\u00f3n como para el abastecimiento interior, tiene un margen muy amplio de crecimiento y mejora, para lo que necesita evolucionar hacia nuevos planteamientos que aumenten su rentabilidad y abran oportunidades. El modelo de futuro debe orientarse a minimizar los riesgos ambientales, facilitar la gesti\u00f3n integral del paisaje y recuperar razas ganaderas, as\u00ed como variedades y cultivos agr\u00edcolas en desuso o en peligro de extinci\u00f3n. Tambi\u00e9n tiene que centrarse en el abasto a los mercados urbanos de proximidad.<\/p>\n<p>&nbsp;<\/p>\n","protected":false},"excerpt":{"rendered":"<p>El Gobierno del Principado de Asturias ha elaborado un informe que clasifica las zonas rurales para reforzar la cohesi\u00f3n territorial y fomentar la actividad econ\u00f3mica en toda la comunidad. El documento Aproximaci\u00f3n a las tipolog\u00edas de las zonas rurales de Asturias, elaborado por el comisionado para el Reto Demogr\u00e1fico con la colaboraci\u00f3n de la Consejer\u00eda [&hellip;]<\/p>\n","protected":false},"author":1,"featured_media":1053734,"comment_status":"closed","ping_status":"closed","sticky":false,"template":"","format":"standard","meta":{"footnotes":""},"categories":[12],"tags":[],"class_list":["post-1093518","post","type-post","status-publish","format-standard","has-post-thumbnail","hentry","category-actualidad-asturias"],"aioseo_notices":[],"aioseo_head":"\n\t\t<!-- All in One SEO Pro 5.0.1 - aioseo.com -->\n\t<meta name=\"description\" content=\"El Gobierno del Principado de Asturias ha elaborado un informe que clasifica las zonas rurales para reforzar la cohesi\u00f3n territorial y fomentar la actividad\" \/>\n\t<meta name=\"robots\" content=\"max-image-preview:large\" \/>\n\t<meta name=\"author\" content=\"El Digital de Asturias\"\/>\n\t<meta name=\"google-site-verification\" content=\"UA-38556648-1\" \/>\n\t<meta name=\"msvalidate.01\" content=\"7dfe9f3f1b24437ab69f4f2559babe99\" \/>\n\t<meta name=\"keywords\" content=\"asturias,actualidad asturias\" \/>\n\t<link rel=\"canonical\" href=\"https:\/\/www.eldigitaldeasturias.com\/noticias\/asturias-reforzara-la-cohesion-y-la-actividad-economica-en-zonas-rurales\/\" \/>\n\t<meta name=\"generator\" content=\"All in One SEO Pro (AIOSEO) 5.0.1\" \/>\n\t\t<meta property=\"og:locale\" content=\"es_ES\" \/>\n\t\t<meta property=\"og:site_name\" content=\"El Digital de Asturias\" \/>\n\t\t<meta property=\"og:type\" content=\"article\" \/>\n\t\t<meta property=\"og:title\" content=\"Asturias reforzar\u00e1 la cohesi\u00f3n y la actividad econ\u00f3mica en zonas rurales - El Digital de Asturias\" \/>\n\t\t<meta property=\"og:description\" content=\"El Gobierno del Principado de Asturias ha elaborado un informe que clasifica las zonas rurales para reforzar la cohesi\u00f3n territorial y fomentar la actividad\" \/>\n\t\t<meta property=\"og:url\" content=\"https:\/\/www.eldigitaldeasturias.com\/noticias\/asturias-reforzara-la-cohesion-y-la-actividad-economica-en-zonas-rurales\/\" \/>\n\t\t<meta property=\"article:tag\" content=\"asturias\" \/>\n\t\t<meta property=\"article:tag\" content=\"actualidad asturias\" \/>\n\t\t<meta property=\"article:published_time\" content=\"2021-06-10T17:50:19+00:00\" \/>\n\t\t<meta property=\"article:modified_time\" content=\"2021-06-10T17:50:19+00:00\" \/>\n\t\t<meta property=\"article:publisher\" content=\"https:\/\/facebook.com\/eldigitaldeasturias\" \/>\n\t\t<meta name=\"twitter:card\" content=\"summary_large_image\" \/>\n\t\t<meta name=\"twitter:title\" content=\"Asturias reforzar\u00e1 la cohesi\u00f3n y la actividad econ\u00f3mica en zonas rurales - El Digital de Asturias\" \/>\n\t\t<meta name=\"twitter:description\" content=\"El Gobierno del Principado de Asturias ha elaborado un informe que clasifica las zonas rurales para reforzar la cohesi\u00f3n territorial y fomentar la actividad\" \/>\n\t\t<meta name=\"twitter:image\" content=\"https:\/\/www.eldigitaldeasturias.com\/noticias\/wp-content\/uploads\/2020\/12\/EDA-1.jpg\" \/>\n\t\t<meta name=\"twitter:label1\" content=\"Escrito por\" \/>\n\t\t<meta name=\"twitter:data1\" content=\"El Digital de Asturias\" \/>\n\t\t<meta name=\"twitter:label2\" content=\"Tiempo de lectura estimado\" \/>\n\t\t<meta name=\"twitter:data2\" content=\"3 minutos\" \/>\n\t\t<script type=\"application\/ld+json\" class=\"aioseo-schema\">\n\t\t\t{\"@context\":\"https:\\\/\\\/schema.org\",\"@graph\":[{\"@type\":\"BlogPosting\",\"@id\":\"https:\\\/\\\/www.eldigitaldeasturias.com\\\/noticias\\\/asturias-reforzara-la-cohesion-y-la-actividad-economica-en-zonas-rurales\\\/#blogposting\",\"name\":\"Asturias reforzar\\u00e1 la cohesi\\u00f3n y la actividad econ\\u00f3mica en zonas rurales - El Digital de Asturias\",\"headline\":\"Asturias reforzar\\u00e1 la cohesi\\u00f3n y la actividad econ\\u00f3mica en zonas rurales\",\"author\":{\"@id\":\"https:\\\/\\\/www.eldigitaldeasturias.com\\\/noticias\\\/author\\\/admin\\\/#author\"},\"publisher\":{\"@id\":\"https:\\\/\\\/www.eldigitaldeasturias.com\\\/noticias\\\/#organization\"},\"image\":{\"@type\":\"ImageObject\",\"url\":1053734},\"datePublished\":\"2021-06-10T18:50:19+02:00\",\"dateModified\":\"2021-06-10T18:50:19+02:00\",\"inLanguage\":\"es-ES\",\"mainEntityOfPage\":{\"@id\":\"https:\\\/\\\/www.eldigitaldeasturias.com\\\/noticias\\\/asturias-reforzara-la-cohesion-y-la-actividad-economica-en-zonas-rurales\\\/#webpage\"},\"isPartOf\":{\"@id\":\"https:\\\/\\\/www.eldigitaldeasturias.com\\\/noticias\\\/asturias-reforzara-la-cohesion-y-la-actividad-economica-en-zonas-rurales\\\/#webpage\"},\"articleSection\":\"Actualidad Asturias\"},{\"@type\":\"BreadcrumbList\",\"@id\":\"https:\\\/\\\/www.eldigitaldeasturias.com\\\/noticias\\\/asturias-reforzara-la-cohesion-y-la-actividad-economica-en-zonas-rurales\\\/#breadcrumblist\",\"itemListElement\":[{\"@type\":\"ListItem\",\"@id\":\"https:\\\/\\\/www.eldigitaldeasturias.com\\\/noticias#listItem\",\"position\":1,\"name\":\"Home\",\"item\":\"https:\\\/\\\/www.eldigitaldeasturias.com\\\/noticias\",\"nextItem\":{\"@type\":\"ListItem\",\"@id\":\"https:\\\/\\\/www.eldigitaldeasturias.com\\\/noticias\\\/category\\\/actualidad-asturias\\\/#listItem\",\"name\":\"Actualidad Asturias\"}},{\"@type\":\"ListItem\",\"@id\":\"https:\\\/\\\/www.eldigitaldeasturias.com\\\/noticias\\\/category\\\/actualidad-asturias\\\/#listItem\",\"position\":2,\"name\":\"Actualidad Asturias\",\"item\":\"https:\\\/\\\/www.eldigitaldeasturias.com\\\/noticias\\\/category\\\/actualidad-asturias\\\/\",\"nextItem\":{\"@type\":\"ListItem\",\"@id\":\"https:\\\/\\\/www.eldigitaldeasturias.com\\\/noticias\\\/asturias-reforzara-la-cohesion-y-la-actividad-economica-en-zonas-rurales\\\/#listItem\",\"name\":\"Asturias reforzar\\u00e1 la cohesi\\u00f3n y la actividad econ\\u00f3mica en zonas rurales\"},\"previousItem\":{\"@type\":\"ListItem\",\"@id\":\"https:\\\/\\\/www.eldigitaldeasturias.com\\\/noticias#listItem\",\"name\":\"Home\"}},{\"@type\":\"ListItem\",\"@id\":\"https:\\\/\\\/www.eldigitaldeasturias.com\\\/noticias\\\/asturias-reforzara-la-cohesion-y-la-actividad-economica-en-zonas-rurales\\\/#listItem\",\"position\":3,\"name\":\"Asturias reforzar\\u00e1 la cohesi\\u00f3n y la actividad econ\\u00f3mica en zonas rurales\",\"previousItem\":{\"@type\":\"ListItem\",\"@id\":\"https:\\\/\\\/www.eldigitaldeasturias.com\\\/noticias\\\/category\\\/actualidad-asturias\\\/#listItem\",\"name\":\"Actualidad Asturias\"}}]},{\"@type\":\"Organization\",\"@id\":\"https:\\\/\\\/www.eldigitaldeasturias.com\\\/noticias\\\/#organization\",\"name\":\"El Digital de Asturias\",\"description\":\"Hemeroteca\",\"url\":\"https:\\\/\\\/www.eldigitaldeasturias.com\\\/noticias\\\/\",\"email\":\"info@eldigitaldeasturias.com\",\"telephone\":\"+34652131393\",\"logo\":{\"@type\":\"ImageObject\",\"url\":\"https:\\\/\\\/www.eldigitaldeasturias.com\\\/noticias\\\/wp-content\\\/uploads\\\/2020\\\/12\\\/EDA.jpg\",\"@id\":\"https:\\\/\\\/www.eldigitaldeasturias.com\\\/noticias\\\/asturias-reforzara-la-cohesion-y-la-actividad-economica-en-zonas-rurales\\\/#organizationLogo\"},\"image\":{\"@id\":\"https:\\\/\\\/www.eldigitaldeasturias.com\\\/noticias\\\/asturias-reforzara-la-cohesion-y-la-actividad-economica-en-zonas-rurales\\\/#organizationLogo\"},\"sameAs\":[\"https:\\\/\\\/facebook.com\\\/eldigitaldeasturias\",\"https:\\\/\\\/www.youtube.com\\\/channel\\\/UCZP-2wLEB9Rv6erhFmqVnvg\"],\"address\":{\"@id\":\"https:\\\/\\\/www.eldigitaldeasturias.com\\\/noticias\\\/#postaladdress\",\"@type\":\"PostalAddress\",\"streetAddress\":\"san antonio 4\",\"postalCode\":\"33430\",\"addressLocality\":\"Cand\\u00e1s\",\"addressRegion\":\"Asturias\",\"addressCountry\":\"ES\"}},{\"@type\":\"Person\",\"@id\":\"https:\\\/\\\/www.eldigitaldeasturias.com\\\/noticias\\\/author\\\/admin\\\/#author\",\"url\":\"https:\\\/\\\/www.eldigitaldeasturias.com\\\/noticias\\\/author\\\/admin\\\/\",\"name\":\"El Digital de Asturias\",\"image\":{\"@type\":\"ImageObject\",\"@id\":\"https:\\\/\\\/www.eldigitaldeasturias.com\\\/noticias\\\/asturias-reforzara-la-cohesion-y-la-actividad-economica-en-zonas-rurales\\\/#authorImage\",\"url\":\"https:\\\/\\\/secure.gravatar.com\\\/avatar\\\/df2aeffc32bcd13f8d26072ef8a91b623d677766deac7f97ca815868cd41bf5e?s=96&d=mm&r=g\",\"width\":96,\"height\":96,\"caption\":\"El Digital de Asturias\"}},{\"@type\":\"WebPage\",\"@id\":\"https:\\\/\\\/www.eldigitaldeasturias.com\\\/noticias\\\/asturias-reforzara-la-cohesion-y-la-actividad-economica-en-zonas-rurales\\\/#webpage\",\"url\":\"https:\\\/\\\/www.eldigitaldeasturias.com\\\/noticias\\\/asturias-reforzara-la-cohesion-y-la-actividad-economica-en-zonas-rurales\\\/\",\"name\":\"Asturias reforzar\\u00e1 la cohesi\\u00f3n y la actividad econ\\u00f3mica en zonas rurales - El Digital de Asturias\",\"description\":\"El Gobierno del Principado de Asturias ha elaborado un informe que clasifica las zonas rurales para reforzar la cohesi\\u00f3n territorial y fomentar la actividad\",\"inLanguage\":\"es-ES\",\"isPartOf\":{\"@id\":\"https:\\\/\\\/www.eldigitaldeasturias.com\\\/noticias\\\/#website\"},\"breadcrumb\":{\"@id\":\"https:\\\/\\\/www.eldigitaldeasturias.com\\\/noticias\\\/asturias-reforzara-la-cohesion-y-la-actividad-economica-en-zonas-rurales\\\/#breadcrumblist\"},\"author\":{\"@id\":\"https:\\\/\\\/www.eldigitaldeasturias.com\\\/noticias\\\/author\\\/admin\\\/#author\"},\"creator\":{\"@id\":\"https:\\\/\\\/www.eldigitaldeasturias.com\\\/noticias\\\/author\\\/admin\\\/#author\"},\"image\":{\"@type\":\"ImageObject\",\"url\":1053734,\"@id\":\"https:\\\/\\\/www.eldigitaldeasturias.com\\\/noticias\\\/asturias-reforzara-la-cohesion-y-la-actividad-economica-en-zonas-rurales\\\/#mainImage\"},\"primaryImageOfPage\":{\"@id\":\"https:\\\/\\\/www.eldigitaldeasturias.com\\\/noticias\\\/asturias-reforzara-la-cohesion-y-la-actividad-economica-en-zonas-rurales\\\/#mainImage\"},\"datePublished\":\"2021-06-10T18:50:19+02:00\",\"dateModified\":\"2021-06-10T18:50:19+02:00\"},{\"@type\":\"WebSite\",\"@id\":\"https:\\\/\\\/www.eldigitaldeasturias.com\\\/noticias\\\/#website\",\"url\":\"https:\\\/\\\/www.eldigitaldeasturias.com\\\/noticias\\\/\",\"name\":\"El Digital de Asturias - Diario de actualidad y noticias\",\"alternateName\":\"El Digital de Asturias - Diario de actualidad y noticias\",\"description\":\"Hemeroteca\",\"inLanguage\":\"es-ES\",\"publisher\":{\"@id\":\"https:\\\/\\\/www.eldigitaldeasturias.com\\\/noticias\\\/#organization\"}}]}\n\t\t<\/script>\n\t\t<!-- All in One SEO Pro -->\r\n\t\t<title>Asturias reforzar\u00e1 la cohesi\u00f3n y la actividad econ\u00f3mica en zonas rurales - El Digital de Asturias<\/title>\n\n","aioseo_head_json":{"title":"Asturias reforzar\u00e1 la cohesi\u00f3n y la actividad econ\u00f3mica en zonas rurales - El Digital de Asturias","description":"El Gobierno del Principado de Asturias ha elaborado un informe que clasifica las zonas rurales para reforzar la cohesi\u00f3n territorial y fomentar la actividad","canonical_url":"https:\/\/www.eldigitaldeasturias.com\/noticias\/asturias-reforzara-la-cohesion-y-la-actividad-economica-en-zonas-rurales\/","robots":"max-image-preview:large","keywords":"asturias,actualidad asturias","webmasterTools":{"google-site-verification":"UA-38556648-1","msvalidate.01":"7dfe9f3f1b24437ab69f4f2559babe99","miscellaneous":""},"schema":{"@context":"https:\/\/schema.org","@graph":[{"@type":"BlogPosting","@id":"https:\/\/www.eldigitaldeasturias.com\/noticias\/asturias-reforzara-la-cohesion-y-la-actividad-economica-en-zonas-rurales\/#blogposting","name":"Asturias reforzar\u00e1 la cohesi\u00f3n y la actividad econ\u00f3mica en zonas rurales - El Digital de Asturias","headline":"Asturias reforzar\u00e1 la cohesi\u00f3n y la actividad econ\u00f3mica en zonas rurales","author":{"@id":"https:\/\/www.eldigitaldeasturias.com\/noticias\/author\/admin\/#author"},"publisher":{"@id":"https:\/\/www.eldigitaldeasturias.com\/noticias\/#organization"},"image":{"@type":"ImageObject","url":1053734},"datePublished":"2021-06-10T18:50:19+02:00","dateModified":"2021-06-10T18:50:19+02:00","inLanguage":"es-ES","mainEntityOfPage":{"@id":"https:\/\/www.eldigitaldeasturias.com\/noticias\/asturias-reforzara-la-cohesion-y-la-actividad-economica-en-zonas-rurales\/#webpage"},"isPartOf":{"@id":"https:\/\/www.eldigitaldeasturias.com\/noticias\/asturias-reforzara-la-cohesion-y-la-actividad-economica-en-zonas-rurales\/#webpage"},"articleSection":"Actualidad Asturias"},{"@type":"BreadcrumbList","@id":"https:\/\/www.eldigitaldeasturias.com\/noticias\/asturias-reforzara-la-cohesion-y-la-actividad-economica-en-zonas-rurales\/#breadcrumblist","itemListElement":[{"@type":"ListItem","@id":"https:\/\/www.eldigitaldeasturias.com\/noticias#listItem","position":1,"name":"Home","item":"https:\/\/www.eldigitaldeasturias.com\/noticias","nextItem":{"@type":"ListItem","@id":"https:\/\/www.eldigitaldeasturias.com\/noticias\/category\/actualidad-asturias\/#listItem","name":"Actualidad Asturias"}},{"@type":"ListItem","@id":"https:\/\/www.eldigitaldeasturias.com\/noticias\/category\/actualidad-asturias\/#listItem","position":2,"name":"Actualidad Asturias","item":"https:\/\/www.eldigitaldeasturias.com\/noticias\/category\/actualidad-asturias\/","nextItem":{"@type":"ListItem","@id":"https:\/\/www.eldigitaldeasturias.com\/noticias\/asturias-reforzara-la-cohesion-y-la-actividad-economica-en-zonas-rurales\/#listItem","name":"Asturias reforzar\u00e1 la cohesi\u00f3n y la actividad econ\u00f3mica en zonas rurales"},"previousItem":{"@type":"ListItem","@id":"https:\/\/www.eldigitaldeasturias.com\/noticias#listItem","name":"Home"}},{"@type":"ListItem","@id":"https:\/\/www.eldigitaldeasturias.com\/noticias\/asturias-reforzara-la-cohesion-y-la-actividad-economica-en-zonas-rurales\/#listItem","position":3,"name":"Asturias reforzar\u00e1 la cohesi\u00f3n y la actividad econ\u00f3mica en zonas rurales","previousItem":{"@type":"ListItem","@id":"https:\/\/www.eldigitaldeasturias.com\/noticias\/category\/actualidad-asturias\/#listItem","name":"Actualidad Asturias"}}]},{"@type":"Organization","@id":"https:\/\/www.eldigitaldeasturias.com\/noticias\/#organization","name":"El Digital de Asturias","description":"Hemeroteca","url":"https:\/\/www.eldigitaldeasturias.com\/noticias\/","email":"info@eldigitaldeasturias.com","telephone":"+34652131393","logo":{"@type":"ImageObject","url":"https:\/\/www.eldigitaldeasturias.com\/noticias\/wp-content\/uploads\/2020\/12\/EDA.jpg","@id":"https:\/\/www.eldigitaldeasturias.com\/noticias\/asturias-reforzara-la-cohesion-y-la-actividad-economica-en-zonas-rurales\/#organizationLogo"},"image":{"@id":"https:\/\/www.eldigitaldeasturias.com\/noticias\/asturias-reforzara-la-cohesion-y-la-actividad-economica-en-zonas-rurales\/#organizationLogo"},"sameAs":["https:\/\/facebook.com\/eldigitaldeasturias","https:\/\/www.youtube.com\/channel\/UCZP-2wLEB9Rv6erhFmqVnvg"],"address":{"@id":"https:\/\/www.eldigitaldeasturias.com\/noticias\/#postaladdress","@type":"PostalAddress","streetAddress":"san antonio 4","postalCode":"33430","addressLocality":"Cand\u00e1s","addressRegion":"Asturias","addressCountry":"ES"}},{"@type":"Person","@id":"https:\/\/www.eldigitaldeasturias.com\/noticias\/author\/admin\/#author","url":"https:\/\/www.eldigitaldeasturias.com\/noticias\/author\/admin\/","name":"El Digital de Asturias","image":{"@type":"ImageObject","@id":"https:\/\/www.eldigitaldeasturias.com\/noticias\/asturias-reforzara-la-cohesion-y-la-actividad-economica-en-zonas-rurales\/#authorImage","url":"https:\/\/secure.gravatar.com\/avatar\/df2aeffc32bcd13f8d26072ef8a91b623d677766deac7f97ca815868cd41bf5e?s=96&d=mm&r=g","width":96,"height":96,"caption":"El Digital de Asturias"}},{"@type":"WebPage","@id":"https:\/\/www.eldigitaldeasturias.com\/noticias\/asturias-reforzara-la-cohesion-y-la-actividad-economica-en-zonas-rurales\/#webpage","url":"https:\/\/www.eldigitaldeasturias.com\/noticias\/asturias-reforzara-la-cohesion-y-la-actividad-economica-en-zonas-rurales\/","name":"Asturias reforzar\u00e1 la cohesi\u00f3n y la actividad econ\u00f3mica en zonas rurales - El Digital de Asturias","description":"El Gobierno del Principado de Asturias ha elaborado un informe que clasifica las zonas rurales para reforzar la cohesi\u00f3n territorial y fomentar la actividad","inLanguage":"es-ES","isPartOf":{"@id":"https:\/\/www.eldigitaldeasturias.com\/noticias\/#website"},"breadcrumb":{"@id":"https:\/\/www.eldigitaldeasturias.com\/noticias\/asturias-reforzara-la-cohesion-y-la-actividad-economica-en-zonas-rurales\/#breadcrumblist"},"author":{"@id":"https:\/\/www.eldigitaldeasturias.com\/noticias\/author\/admin\/#author"},"creator":{"@id":"https:\/\/www.eldigitaldeasturias.com\/noticias\/author\/admin\/#author"},"image":{"@type":"ImageObject","url":1053734,"@id":"https:\/\/www.eldigitaldeasturias.com\/noticias\/asturias-reforzara-la-cohesion-y-la-actividad-economica-en-zonas-rurales\/#mainImage"},"primaryImageOfPage":{"@id":"https:\/\/www.eldigitaldeasturias.com\/noticias\/asturias-reforzara-la-cohesion-y-la-actividad-economica-en-zonas-rurales\/#mainImage"},"datePublished":"2021-06-10T18:50:19+02:00","dateModified":"2021-06-10T18:50:19+02:00"},{"@type":"WebSite","@id":"https:\/\/www.eldigitaldeasturias.com\/noticias\/#website","url":"https:\/\/www.eldigitaldeasturias.com\/noticias\/","name":"El Digital de Asturias - Diario de actualidad y noticias","alternateName":"El Digital de Asturias - Diario de actualidad y noticias","description":"Hemeroteca","inLanguage":"es-ES","publisher":{"@id":"https:\/\/www.eldigitaldeasturias.com\/noticias\/#organization"}}]},"og:locale":"es_ES","og:site_name":"El Digital de Asturias","og:type":"article","og:title":"Asturias reforzar\u00e1 la cohesi\u00f3n y la actividad econ\u00f3mica en zonas rurales - El Digital de Asturias","og:description":"El Gobierno del Principado de Asturias ha elaborado un informe que clasifica las zonas rurales para reforzar la cohesi\u00f3n territorial y fomentar la actividad","og:url":"https:\/\/www.eldigitaldeasturias.com\/noticias\/asturias-reforzara-la-cohesion-y-la-actividad-economica-en-zonas-rurales\/","article:tag":["asturias","actualidad asturias"],"article:published_time":"2021-06-10T17:50:19+00:00","article:modified_time":"2021-06-10T17:50:19+00:00","article:publisher":"https:\/\/facebook.com\/eldigitaldeasturias","twitter:card":"summary_large_image","twitter:title":"Asturias reforzar\u00e1 la cohesi\u00f3n y la actividad econ\u00f3mica en zonas rurales - El Digital de Asturias","twitter:description":"El Gobierno del Principado de Asturias ha elaborado un informe que clasifica las zonas rurales para reforzar la cohesi\u00f3n territorial y fomentar la actividad","twitter:image":"https:\/\/www.eldigitaldeasturias.com\/noticias\/wp-content\/uploads\/2020\/12\/EDA-1.jpg","twitter:label1":"Escrito por","twitter:data1":"El Digital de Asturias","twitter:label2":"Tiempo de lectura estimado","twitter:data2":"3 minutos"},"aioseo_meta_data":{"post_id":"1093518","title":null,"description":"El Gobierno del Principado de Asturias ha elaborado un informe que clasifica las zonas rurales para reforzar la cohesi\u00f3n territorial y fomentar la actividad","keywords":[{"label":"Asturias","value":"Asturias"},{"label":" actualidad asturias","value":" actualidad asturias"}],"keyphrases":{"focus":{"keyphrase":"Asturias","score":87,"analysis":{"keyphraseInTitle":{"title":"Frase clave objetivo en el t\u00edtulo SEO","description":"Frase clave objetivo encontrada en el t\u00edtulo SEO.","score":9,"maxScore":9,"error":0},"keyphraseInDescription":{"title":"Frase clave objetivo en la meta descripci\u00f3n","description":"Frase clave objetivo encontrada en la meta descripci\u00f3n.","score":9,"maxScore":9,"error":0},"keyphraseInURL":[],"keyphraseInIntroduction":{"title":"Frase clave objetivo en la introducci\u00f3n","description":"Su Frase clave objetivo aparece en el primer p\u00e1rrafo. \u00a1Bien hecho!","score":9,"maxScore":9,"error":0},"keyphraseInSubHeadings":[],"keyphraseLength":{"title":"Longitud de la Frase clave objetivo","description":"\u00a1Buen trabajo!","score":9,"maxScore":9,"error":0,"length":1},"keyphraseInImageAlt":{"title":"Frase clave objetivo en los atributos alt de la imagen.","description":"Frase clave objetivo no se encuentra en los atributos alt de la imagen. A\u00f1ada una imagen con su Frase clave objetivo como texto alternativo.","score":3,"maxScore":9,"error":1}}},"additional":[{"keyphrase":"Principado de Asturias","score":83,"analysis":{"keyphraseInDescription":{"title":"Frase clave en la meta descripci\u00f3n","description":"Frase clave encontrada en la meta descripci\u00f3n.","score":9,"maxScore":9,"error":0},"keyphraseInIntroduction":{"title":"Frase clave en la introducci\u00f3n","description":"Su Frase clave aparece en el primer p\u00e1rrafo. \u00a1Bien hecho!","score":9,"maxScore":9,"error":0},"keyphraseInImageAlt":{"title":"Frase clave en los atributos alt de la imagen.","description":"Frase clave no se encuentra en los atributos alt de la imagen. A\u00f1ada una imagen con su Frase clave como texto alternativo.","score":3,"maxScore":9,"error":1},"keyphraseLength":{"title":"Longitud de la Frase clave","description":"\u00a1Buen trabajo!","score":9,"maxScore":9,"error":0,"length":3}}},{"keyphrase":"zonas rurales ","score":83,"analysis":{"keyphraseInDescription":{"title":"Frase clave en la meta descripci\u00f3n","description":"Frase clave encontrada en la meta descripci\u00f3n.","score":9,"maxScore":9,"error":0},"keyphraseInIntroduction":{"title":"Frase clave en la introducci\u00f3n","description":"Su Frase clave aparece en el primer p\u00e1rrafo. \u00a1Bien hecho!","score":9,"maxScore":9,"error":0},"keyphraseInImageAlt":{"title":"Frase clave en los atributos alt de la imagen.","description":"Frase clave no se encuentra en los atributos alt de la imagen. A\u00f1ada una imagen con su Frase clave como texto alternativo.","score":3,"maxScore":9,"error":1},"keyphraseLength":{"title":"Longitud de la Frase clave","description":"\u00a1Buen trabajo!","score":9,"maxScore":9,"error":0,"length":2}}}]},"primary_term":null,"canonical_url":null,"og_title":null,"og_description":null,"og_object_type":"default","og_image_type":"default","og_image_url":null,"og_image_width":null,"og_image_height":null,"og_image_custom_url":null,"og_image_custom_fields":null,"og_video":"","og_custom_url":null,"og_article_section":null,"og_article_tags":[],"twitter_use_og":false,"twitter_card":"default","twitter_image_type":"default","twitter_image_url":null,"twitter_image_custom_url":null,"twitter_image_custom_fields":null,"twitter_title":null,"twitter_description":null,"schema":{"blockGraphs":[],"customGraphs":[],"default":{"data":{"Article":[],"Course":[],"Dataset":[],"FAQPage":[],"Movie":[],"Person":[],"Product":[],"ProductReview":[],"Car":[],"Recipe":[],"Service":[],"SoftwareApplication":[],"WebPage":[]},"graphName":"","isEnabled":true},"graphs":[],"defaultGraph":"Article","defaultPostTypeGraph":""},"schema_type":"default","schema_type_options":"{\"article\":{\"articleType\":\"BlogPosting\"},\"course\":{\"name\":\"\",\"description\":\"\",\"provider\":\"\"},\"faq\":{\"pages\":[]},\"product\":{\"reviews\":[]},\"recipe\":{\"ingredients\":[],\"instructions\":[],\"keywords\":[]},\"software\":{\"reviews\":[],\"operatingSystems\":[]},\"webPage\":{\"webPageType\":\"WebPage\"}}","pillar_content":false,"robots_default":true,"robots_noindex":false,"robots_noarchive":false,"robots_nosnippet":false,"robots_nofollow":false,"robots_noimageindex":false,"robots_noodp":false,"robots_notranslate":false,"robots_max_snippet":"-1","robots_max_videopreview":"-1","robots_max_imagepreview":"large","priority":null,"frequency":"default","local_seo":{"locations":{"business":{"name":"","businessType":"","image":"","areaServed":"","urls":{"website":"","aboutPage":"","contactPage":""},"address":{"streetLine1":"","streetLine2":"","zipCode":"","city":"","state":"","country":"","addressFormat":"#streetLineOne\n#streetLineTwo\n#city, #state #zipCode"},"contact":{"email":"","phone":"","phoneFormatted":"","fax":"","faxFormatted":""},"ids":{"vat":"","tax":"","chamberOfCommerce":""},"payment":{"priceRange":"","currenciesAccepted":"","methods":""}}},"openingHours":{"useDefaults":true,"show":true,"alwaysOpen":false,"use24hFormat":false,"timezone":"","labels":{"closed":"","alwaysOpen":""},"days":{"monday":{"open24h":false,"closed":false,"openTime":"09:00","closeTime":"17:00"},"tuesday":{"open24h":false,"closed":false,"openTime":"09:00","closeTime":"17:00"},"wednesday":{"open24h":false,"closed":false,"openTime":"09:00","closeTime":"17:00"},"thursday":{"open24h":false,"closed":false,"openTime":"09:00","closeTime":"17:00"},"friday":{"open24h":false,"closed":false,"openTime":"09:00","closeTime":"17:00"},"saturday":{"open24h":false,"closed":false,"openTime":"09:00","closeTime":"17:00"},"sunday":{"open24h":false,"closed":false,"openTime":"09:00","closeTime":"17:00"}}}},"seo_analyzer_scan_date":"2026-07-18 15:55:41","breadcrumb_settings":null,"limit_modified_date":false,"open_ai":null,"ai":null,"created":"2021-06-10 17:46:43","updated":"2026-07-18 15:55:41","focus_keyword":"Asturias","additional_keywords":[{"word":"Principado de Asturias","score":83},{"word":"zonas rurales","score":83}],"truseo_locale":null},"aioseo_breadcrumb":"<div class=\"aioseo-breadcrumbs\"><span class=\"aioseo-breadcrumb\">\n\t<a href=\"https:\/\/www.eldigitaldeasturias.com\/noticias\" title=\"Home\">Home<\/a>\n<\/span><span class=\"aioseo-breadcrumb-separator\">\u2013<\/span><span class=\"aioseo-breadcrumb\">\n\t<a href=\"https:\/\/www.eldigitaldeasturias.com\/noticias\/category\/actualidad-asturias\/\" title=\"Actualidad Asturias\">Actualidad Asturias<\/a>\n<\/span><span class=\"aioseo-breadcrumb-separator\">\u2013<\/span><span class=\"aioseo-breadcrumb\">\n\t<a href=\"https:\/\/www.eldigitaldeasturias.com\/noticias\/asturias-reforzara-la-cohesion-y-la-actividad-economica-en-zonas-rurales\/\" title=\"Asturias reforzar\u00e1 la cohesi\u00f3n y la actividad econ\u00f3mica en zonas rurales\">Asturias reforzar\u00e1 la cohesi\u00f3n y la actividad econ\u00f3mica en zonas rurales<\/a>\n<\/span><\/div>","aioseo_breadcrumb_json":[{"label":"Home","link":"https:\/\/www.eldigitaldeasturias.com\/noticias"},{"label":"Actualidad Asturias","link":"https:\/\/www.eldigitaldeasturias.com\/noticias\/category\/actualidad-asturias\/"},{"label":"Asturias reforzar\u00e1 la cohesi\u00f3n y la actividad econ\u00f3mica en zonas rurales","link":"https:\/\/www.eldigitaldeasturias.com\/noticias\/asturias-reforzara-la-cohesion-y-la-actividad-economica-en-zonas-rurales\/"}],"_links":{"self":[{"href":"https:\/\/www.eldigitaldeasturias.com\/noticias\/wp-json\/wp\/v2\/posts\/1093518","targetHints":{"allow":["GET"]}}],"collection":[{"href":"https:\/\/www.eldigitaldeasturias.com\/noticias\/wp-json\/wp\/v2\/posts"}],"about":[{"href":"https:\/\/www.eldigitaldeasturias.com\/noticias\/wp-json\/wp\/v2\/types\/post"}],"author":[{"embeddable":true,"href":"https:\/\/www.eldigitaldeasturias.com\/noticias\/wp-json\/wp\/v2\/users\/1"}],"replies":[{"embeddable":true,"href":"https:\/\/www.eldigitaldeasturias.com\/noticias\/wp-json\/wp\/v2\/comments?post=1093518"}],"version-history":[{"count":0,"href":"https:\/\/www.eldigitaldeasturias.com\/noticias\/wp-json\/wp\/v2\/posts\/1093518\/revisions"}],"wp:attachment":[{"href":"https:\/\/www.eldigitaldeasturias.com\/noticias\/wp-json\/wp\/v2\/media?parent=1093518"}],"wp:term":[{"taxonomy":"category","embeddable":true,"href":"https:\/\/www.eldigitaldeasturias.com\/noticias\/wp-json\/wp\/v2\/categories?post=1093518"},{"taxonomy":"post_tag","embeddable":true,"href":"https:\/\/www.eldigitaldeasturias.com\/noticias\/wp-json\/wp\/v2\/tags?post=1093518"}],"curies":[{"name":"wp","href":"https:\/\/api.w.org\/{rel}","templated":true}]}}