{"id":1093515,"date":"2021-06-10T18:37:53","date_gmt":"2021-06-10T17:37:53","guid":{"rendered":"https:\/\/www.eldigitaldeasturias.com\/noticias\/?p=1093515"},"modified":"2021-06-10T18:37:53","modified_gmt":"2021-06-10T17:37:53","slug":"jornada-en-asturias-sobre-los-cambios-en-las-tarifas-electrica","status":"publish","type":"post","link":"https:\/\/www.eldigitaldeasturias.com\/noticias\/jornada-en-asturias-sobre-los-cambios-en-las-tarifas-electrica\/","title":{"rendered":"Jornada en Asturias sobre los cambios en las tarifas el\u00e9ctrica"},"content":{"rendered":"<p><img loading=\"lazy\" decoding=\"async\" class=\"alignleft size-medium wp-image-1093516\" src=\"https:\/\/www.eldigitaldeasturias.com\/noticias\/wp-content\/uploads\/2021\/06\/Belarmina-Diaz-360x251.jpg\" alt=\" Belarmina D\u00edaz\" width=\"360\" height=\"251\" \/>La directora general de Energ\u00eda, Miner\u00eda y Reactivaci\u00f3n, Mar\u00eda Belarmina D\u00edaz Aguado, ha participado en la jornada Pr\u00f3ximos cambios regulatorios en la electricidad, impacto en las empresas y c\u00f3mo adaptarse, organizada por la C\u00e1mara de Comercio de Gij\u00f3n y Endesa Clientes, en la que se ha analizado los aspectos m\u00e1s relevantes de los \u00faltimos cambios regulatorios en las tarifas el\u00e9ctricas.<\/p>\n<p>Seg\u00fan Belarmina D\u00edaz, la nueva regulaci\u00f3n sit\u00faa en el centro al consumidor, de tal manera que cada usuario, seg\u00fan su patr\u00f3n espec\u00edfico de consumo, puede experimentar variaciones mayores o menores en el coste del recibo en funci\u00f3n de los periodos horarios en los que efect\u00fae su consumo y muy especialmente en funci\u00f3n de la relaci\u00f3n entre su consumo de electricidad y su potencia contratada. \u201cEs fundamental conocer el perfil de consumo diario en verano e invierno. S\u00e9 que esto es un esfuerzo, pero es clave adaptarse a ello\u201d, ha se\u00f1alado la directora general de Energ\u00eda.<\/p>\n<p>El incremento de la parte variable en la que interviene el consumo de energ\u00eda el\u00e9ctrica hace que cobren especial relevancia las actuaciones en eficiencia energ\u00e9tica y en instalaciones de generaci\u00f3n el\u00e9ctrica para autoconsumo, estas \u00faltimas motivadas, adem\u00e1s, por el mayor precio en las horas punta (hasta un 95% superior que en horas valle) que coinciden en parte con los horarios de mayor generaci\u00f3n.<\/p>\n<p>En este sentido, ha indicado que en la Direcci\u00f3n General de Energ\u00eda, Miner\u00eda y Reactivaci\u00f3n de la Consejer\u00eda de Industria, Empleo y Promoci\u00f3n Econ\u00f3mica se gestionan anualmente convocatorias para fomentar la eficiencia energ\u00e9tica, ayudas para favorecer el paso a una econom\u00eda baja en carbono para todo tipo de empresas y ayudas para el uso de energ\u00edas renovables y para acciones de ahorro y eficiencia energ\u00e9tica solo para industria. Tambi\u00e9n sigue abierta y seguir\u00e1 la l\u00ednea de eficiencia energ\u00e9tica del IDAE y est\u00e1n previstas nuevas convocatorias por un total de 14,5 millones con las que se pretende, entre otras, incentivar el autoconsumo renovable y almacenamiento en el sector servicios, en el sector industrial, agropecuario, residencial, en las Administraciones P\u00fablicas y en las renovables t\u00e9rmicas en el sector residencial. Belarmina D\u00edaz ha recordado que la nueva tarifa est\u00e1 en revisi\u00f3n.<\/p>\n<p>&nbsp;<\/p>\n<p>&nbsp;<\/p>\n","protected":false},"excerpt":{"rendered":"<p>La directora general de Energ\u00eda, Miner\u00eda y Reactivaci\u00f3n, Mar\u00eda Belarmina D\u00edaz Aguado, ha participado en la jornada Pr\u00f3ximos cambios regulatorios en la electricidad, impacto en las empresas y c\u00f3mo adaptarse, organizada por la C\u00e1mara de Comercio de Gij\u00f3n y Endesa Clientes, en la que se ha analizado los aspectos m\u00e1s relevantes de los \u00faltimos cambios [&hellip;]<\/p>\n","protected":false},"author":1,"featured_media":1093516,"comment_status":"closed","ping_status":"closed","sticky":false,"template":"","format":"standard","meta":{"footnotes":""},"categories":[12],"tags":[],"class_list":["post-1093515","post","type-post","status-publish","format-standard","has-post-thumbnail","hentry","category-actualidad-asturias"],"aioseo_notices":[],"aioseo_head":"\n\t\t<!-- All in One SEO Pro 5.0.1 - aioseo.com -->\n\t<meta name=\"description\" content=\"Seg\u00fan Belarmina D\u00edaz, la nueva regulaci\u00f3n sit\u00faa en el centro al consumidor, de tal manera que cada usuario, seg\u00fan su patr\u00f3n espec\u00edfico de consumo ..\" \/>\n\t<meta name=\"robots\" content=\"max-image-preview:large\" \/>\n\t<meta name=\"author\" content=\"El Digital de Asturias\"\/>\n\t<meta name=\"google-site-verification\" content=\"UA-38556648-1\" \/>\n\t<meta name=\"msvalidate.01\" content=\"7dfe9f3f1b24437ab69f4f2559babe99\" \/>\n\t<meta name=\"keywords\" content=\"actualidad asturias\" \/>\n\t<link rel=\"canonical\" href=\"https:\/\/www.eldigitaldeasturias.com\/noticias\/jornada-en-asturias-sobre-los-cambios-en-las-tarifas-electrica\/\" \/>\n\t<meta name=\"generator\" content=\"All in One SEO Pro (AIOSEO) 5.0.1\" \/>\n\t\t<meta property=\"og:locale\" content=\"es_ES\" \/>\n\t\t<meta property=\"og:site_name\" content=\"El Digital de Asturias\" \/>\n\t\t<meta property=\"og:type\" content=\"article\" \/>\n\t\t<meta property=\"og:title\" content=\"Jornada en Asturias sobre los cambios en las tarifas el\u00e9ctrica - El Digital de Asturias\" \/>\n\t\t<meta property=\"og:description\" content=\"Seg\u00fan Belarmina D\u00edaz, la nueva regulaci\u00f3n sit\u00faa en el centro al consumidor, de tal manera que cada usuario, seg\u00fan su patr\u00f3n espec\u00edfico de consumo ..\" \/>\n\t\t<meta property=\"og:url\" content=\"https:\/\/www.eldigitaldeasturias.com\/noticias\/jornada-en-asturias-sobre-los-cambios-en-las-tarifas-electrica\/\" \/>\n\t\t<meta property=\"article:tag\" content=\"actualidad asturias\" \/>\n\t\t<meta property=\"article:published_time\" content=\"2021-06-10T17:37:53+00:00\" \/>\n\t\t<meta property=\"article:modified_time\" content=\"2021-06-10T17:37:53+00:00\" \/>\n\t\t<meta property=\"article:publisher\" content=\"https:\/\/facebook.com\/eldigitaldeasturias\" \/>\n\t\t<meta name=\"twitter:card\" content=\"summary_large_image\" \/>\n\t\t<meta name=\"twitter:title\" content=\"Jornada en Asturias sobre los cambios en las tarifas el\u00e9ctrica - El Digital de Asturias\" \/>\n\t\t<meta name=\"twitter:description\" content=\"Seg\u00fan Belarmina D\u00edaz, la nueva regulaci\u00f3n sit\u00faa en el centro al consumidor, de tal manera que cada usuario, seg\u00fan su patr\u00f3n espec\u00edfico de consumo ..\" \/>\n\t\t<meta name=\"twitter:image\" content=\"https:\/\/www.eldigitaldeasturias.com\/noticias\/wp-content\/uploads\/2020\/12\/EDA-1.jpg\" \/>\n\t\t<meta name=\"twitter:label1\" content=\"Escrito por\" \/>\n\t\t<meta name=\"twitter:data1\" content=\"El Digital de Asturias\" \/>\n\t\t<meta name=\"twitter:label2\" content=\"Tiempo de lectura estimado\" \/>\n\t\t<meta name=\"twitter:data2\" content=\"2 minutos\" \/>\n\t\t<script type=\"application\/ld+json\" class=\"aioseo-schema\">\n\t\t\t{\"@context\":\"https:\\\/\\\/schema.org\",\"@graph\":[{\"@type\":\"BlogPosting\",\"@id\":\"https:\\\/\\\/www.eldigitaldeasturias.com\\\/noticias\\\/jornada-en-asturias-sobre-los-cambios-en-las-tarifas-electrica\\\/#blogposting\",\"name\":\"Jornada en Asturias sobre los cambios en las tarifas el\\u00e9ctrica - El Digital de Asturias\",\"headline\":\"Jornada en Asturias sobre los cambios en las tarifas el\\u00e9ctrica\",\"author\":{\"@id\":\"https:\\\/\\\/www.eldigitaldeasturias.com\\\/noticias\\\/author\\\/admin\\\/#author\"},\"publisher\":{\"@id\":\"https:\\\/\\\/www.eldigitaldeasturias.com\\\/noticias\\\/#organization\"},\"image\":{\"@type\":\"ImageObject\",\"url\":1093516},\"datePublished\":\"2021-06-10T18:37:53+02:00\",\"dateModified\":\"2021-06-10T18:37:53+02:00\",\"inLanguage\":\"es-ES\",\"mainEntityOfPage\":{\"@id\":\"https:\\\/\\\/www.eldigitaldeasturias.com\\\/noticias\\\/jornada-en-asturias-sobre-los-cambios-en-las-tarifas-electrica\\\/#webpage\"},\"isPartOf\":{\"@id\":\"https:\\\/\\\/www.eldigitaldeasturias.com\\\/noticias\\\/jornada-en-asturias-sobre-los-cambios-en-las-tarifas-electrica\\\/#webpage\"},\"articleSection\":\"Actualidad Asturias\"},{\"@type\":\"BreadcrumbList\",\"@id\":\"https:\\\/\\\/www.eldigitaldeasturias.com\\\/noticias\\\/jornada-en-asturias-sobre-los-cambios-en-las-tarifas-electrica\\\/#breadcrumblist\",\"itemListElement\":[{\"@type\":\"ListItem\",\"@id\":\"https:\\\/\\\/www.eldigitaldeasturias.com\\\/noticias#listItem\",\"position\":1,\"name\":\"Home\",\"item\":\"https:\\\/\\\/www.eldigitaldeasturias.com\\\/noticias\",\"nextItem\":{\"@type\":\"ListItem\",\"@id\":\"https:\\\/\\\/www.eldigitaldeasturias.com\\\/noticias\\\/category\\\/actualidad-asturias\\\/#listItem\",\"name\":\"Actualidad Asturias\"}},{\"@type\":\"ListItem\",\"@id\":\"https:\\\/\\\/www.eldigitaldeasturias.com\\\/noticias\\\/category\\\/actualidad-asturias\\\/#listItem\",\"position\":2,\"name\":\"Actualidad Asturias\",\"item\":\"https:\\\/\\\/www.eldigitaldeasturias.com\\\/noticias\\\/category\\\/actualidad-asturias\\\/\",\"nextItem\":{\"@type\":\"ListItem\",\"@id\":\"https:\\\/\\\/www.eldigitaldeasturias.com\\\/noticias\\\/jornada-en-asturias-sobre-los-cambios-en-las-tarifas-electrica\\\/#listItem\",\"name\":\"Jornada en Asturias sobre los cambios en las tarifas el\\u00e9ctrica\"},\"previousItem\":{\"@type\":\"ListItem\",\"@id\":\"https:\\\/\\\/www.eldigitaldeasturias.com\\\/noticias#listItem\",\"name\":\"Home\"}},{\"@type\":\"ListItem\",\"@id\":\"https:\\\/\\\/www.eldigitaldeasturias.com\\\/noticias\\\/jornada-en-asturias-sobre-los-cambios-en-las-tarifas-electrica\\\/#listItem\",\"position\":3,\"name\":\"Jornada en Asturias sobre los cambios en las tarifas el\\u00e9ctrica\",\"previousItem\":{\"@type\":\"ListItem\",\"@id\":\"https:\\\/\\\/www.eldigitaldeasturias.com\\\/noticias\\\/category\\\/actualidad-asturias\\\/#listItem\",\"name\":\"Actualidad Asturias\"}}]},{\"@type\":\"Organization\",\"@id\":\"https:\\\/\\\/www.eldigitaldeasturias.com\\\/noticias\\\/#organization\",\"name\":\"El Digital de Asturias\",\"description\":\"Hemeroteca\",\"url\":\"https:\\\/\\\/www.eldigitaldeasturias.com\\\/noticias\\\/\",\"email\":\"info@eldigitaldeasturias.com\",\"telephone\":\"+34652131393\",\"logo\":{\"@type\":\"ImageObject\",\"url\":\"https:\\\/\\\/www.eldigitaldeasturias.com\\\/noticias\\\/wp-content\\\/uploads\\\/2020\\\/12\\\/EDA.jpg\",\"@id\":\"https:\\\/\\\/www.eldigitaldeasturias.com\\\/noticias\\\/jornada-en-asturias-sobre-los-cambios-en-las-tarifas-electrica\\\/#organizationLogo\"},\"image\":{\"@id\":\"https:\\\/\\\/www.eldigitaldeasturias.com\\\/noticias\\\/jornada-en-asturias-sobre-los-cambios-en-las-tarifas-electrica\\\/#organizationLogo\"},\"sameAs\":[\"https:\\\/\\\/facebook.com\\\/eldigitaldeasturias\",\"https:\\\/\\\/www.youtube.com\\\/channel\\\/UCZP-2wLEB9Rv6erhFmqVnvg\"],\"address\":{\"@id\":\"https:\\\/\\\/www.eldigitaldeasturias.com\\\/noticias\\\/#postaladdress\",\"@type\":\"PostalAddress\",\"streetAddress\":\"san antonio 4\",\"postalCode\":\"33430\",\"addressLocality\":\"Cand\\u00e1s\",\"addressRegion\":\"Asturias\",\"addressCountry\":\"ES\"}},{\"@type\":\"Person\",\"@id\":\"https:\\\/\\\/www.eldigitaldeasturias.com\\\/noticias\\\/author\\\/admin\\\/#author\",\"url\":\"https:\\\/\\\/www.eldigitaldeasturias.com\\\/noticias\\\/author\\\/admin\\\/\",\"name\":\"El Digital de Asturias\",\"image\":{\"@type\":\"ImageObject\",\"@id\":\"https:\\\/\\\/www.eldigitaldeasturias.com\\\/noticias\\\/jornada-en-asturias-sobre-los-cambios-en-las-tarifas-electrica\\\/#authorImage\",\"url\":\"https:\\\/\\\/secure.gravatar.com\\\/avatar\\\/df2aeffc32bcd13f8d26072ef8a91b623d677766deac7f97ca815868cd41bf5e?s=96&d=mm&r=g\",\"width\":96,\"height\":96,\"caption\":\"El Digital de Asturias\"}},{\"@type\":\"WebPage\",\"@id\":\"https:\\\/\\\/www.eldigitaldeasturias.com\\\/noticias\\\/jornada-en-asturias-sobre-los-cambios-en-las-tarifas-electrica\\\/#webpage\",\"url\":\"https:\\\/\\\/www.eldigitaldeasturias.com\\\/noticias\\\/jornada-en-asturias-sobre-los-cambios-en-las-tarifas-electrica\\\/\",\"name\":\"Jornada en Asturias sobre los cambios en las tarifas el\\u00e9ctrica - El Digital de Asturias\",\"description\":\"Seg\\u00fan Belarmina D\\u00edaz, la nueva regulaci\\u00f3n sit\\u00faa en el centro al consumidor, de tal manera que cada usuario, seg\\u00fan su patr\\u00f3n espec\\u00edfico de consumo ..\",\"inLanguage\":\"es-ES\",\"isPartOf\":{\"@id\":\"https:\\\/\\\/www.eldigitaldeasturias.com\\\/noticias\\\/#website\"},\"breadcrumb\":{\"@id\":\"https:\\\/\\\/www.eldigitaldeasturias.com\\\/noticias\\\/jornada-en-asturias-sobre-los-cambios-en-las-tarifas-electrica\\\/#breadcrumblist\"},\"author\":{\"@id\":\"https:\\\/\\\/www.eldigitaldeasturias.com\\\/noticias\\\/author\\\/admin\\\/#author\"},\"creator\":{\"@id\":\"https:\\\/\\\/www.eldigitaldeasturias.com\\\/noticias\\\/author\\\/admin\\\/#author\"},\"image\":{\"@type\":\"ImageObject\",\"url\":1093516,\"@id\":\"https:\\\/\\\/www.eldigitaldeasturias.com\\\/noticias\\\/jornada-en-asturias-sobre-los-cambios-en-las-tarifas-electrica\\\/#mainImage\"},\"primaryImageOfPage\":{\"@id\":\"https:\\\/\\\/www.eldigitaldeasturias.com\\\/noticias\\\/jornada-en-asturias-sobre-los-cambios-en-las-tarifas-electrica\\\/#mainImage\"},\"datePublished\":\"2021-06-10T18:37:53+02:00\",\"dateModified\":\"2021-06-10T18:37:53+02:00\"},{\"@type\":\"WebSite\",\"@id\":\"https:\\\/\\\/www.eldigitaldeasturias.com\\\/noticias\\\/#website\",\"url\":\"https:\\\/\\\/www.eldigitaldeasturias.com\\\/noticias\\\/\",\"name\":\"El Digital de Asturias - Diario de actualidad y noticias\",\"alternateName\":\"El Digital de Asturias - Diario de actualidad y noticias\",\"description\":\"Hemeroteca\",\"inLanguage\":\"es-ES\",\"publisher\":{\"@id\":\"https:\\\/\\\/www.eldigitaldeasturias.com\\\/noticias\\\/#organization\"}}]}\n\t\t<\/script>\n\t\t<!-- All in One SEO Pro -->\r\n\t\t<title>Jornada en Asturias sobre los cambios en las tarifas el\u00e9ctrica - El Digital de Asturias<\/title>\n\n","aioseo_head_json":{"title":"Jornada en Asturias sobre los cambios en las tarifas el\u00e9ctrica - El Digital de Asturias","description":"Seg\u00fan Belarmina D\u00edaz, la nueva regulaci\u00f3n sit\u00faa en el centro al consumidor, de tal manera que cada usuario, seg\u00fan su patr\u00f3n espec\u00edfico de consumo ..","canonical_url":"https:\/\/www.eldigitaldeasturias.com\/noticias\/jornada-en-asturias-sobre-los-cambios-en-las-tarifas-electrica\/","robots":"max-image-preview:large","keywords":"actualidad asturias","webmasterTools":{"google-site-verification":"UA-38556648-1","msvalidate.01":"7dfe9f3f1b24437ab69f4f2559babe99","miscellaneous":""},"schema":{"@context":"https:\/\/schema.org","@graph":[{"@type":"BlogPosting","@id":"https:\/\/www.eldigitaldeasturias.com\/noticias\/jornada-en-asturias-sobre-los-cambios-en-las-tarifas-electrica\/#blogposting","name":"Jornada en Asturias sobre los cambios en las tarifas el\u00e9ctrica - El Digital de Asturias","headline":"Jornada en Asturias sobre los cambios en las tarifas el\u00e9ctrica","author":{"@id":"https:\/\/www.eldigitaldeasturias.com\/noticias\/author\/admin\/#author"},"publisher":{"@id":"https:\/\/www.eldigitaldeasturias.com\/noticias\/#organization"},"image":{"@type":"ImageObject","url":1093516},"datePublished":"2021-06-10T18:37:53+02:00","dateModified":"2021-06-10T18:37:53+02:00","inLanguage":"es-ES","mainEntityOfPage":{"@id":"https:\/\/www.eldigitaldeasturias.com\/noticias\/jornada-en-asturias-sobre-los-cambios-en-las-tarifas-electrica\/#webpage"},"isPartOf":{"@id":"https:\/\/www.eldigitaldeasturias.com\/noticias\/jornada-en-asturias-sobre-los-cambios-en-las-tarifas-electrica\/#webpage"},"articleSection":"Actualidad Asturias"},{"@type":"BreadcrumbList","@id":"https:\/\/www.eldigitaldeasturias.com\/noticias\/jornada-en-asturias-sobre-los-cambios-en-las-tarifas-electrica\/#breadcrumblist","itemListElement":[{"@type":"ListItem","@id":"https:\/\/www.eldigitaldeasturias.com\/noticias#listItem","position":1,"name":"Home","item":"https:\/\/www.eldigitaldeasturias.com\/noticias","nextItem":{"@type":"ListItem","@id":"https:\/\/www.eldigitaldeasturias.com\/noticias\/category\/actualidad-asturias\/#listItem","name":"Actualidad Asturias"}},{"@type":"ListItem","@id":"https:\/\/www.eldigitaldeasturias.com\/noticias\/category\/actualidad-asturias\/#listItem","position":2,"name":"Actualidad Asturias","item":"https:\/\/www.eldigitaldeasturias.com\/noticias\/category\/actualidad-asturias\/","nextItem":{"@type":"ListItem","@id":"https:\/\/www.eldigitaldeasturias.com\/noticias\/jornada-en-asturias-sobre-los-cambios-en-las-tarifas-electrica\/#listItem","name":"Jornada en Asturias sobre los cambios en las tarifas el\u00e9ctrica"},"previousItem":{"@type":"ListItem","@id":"https:\/\/www.eldigitaldeasturias.com\/noticias#listItem","name":"Home"}},{"@type":"ListItem","@id":"https:\/\/www.eldigitaldeasturias.com\/noticias\/jornada-en-asturias-sobre-los-cambios-en-las-tarifas-electrica\/#listItem","position":3,"name":"Jornada en Asturias sobre los cambios en las tarifas el\u00e9ctrica","previousItem":{"@type":"ListItem","@id":"https:\/\/www.eldigitaldeasturias.com\/noticias\/category\/actualidad-asturias\/#listItem","name":"Actualidad Asturias"}}]},{"@type":"Organization","@id":"https:\/\/www.eldigitaldeasturias.com\/noticias\/#organization","name":"El Digital de Asturias","description":"Hemeroteca","url":"https:\/\/www.eldigitaldeasturias.com\/noticias\/","email":"info@eldigitaldeasturias.com","telephone":"+34652131393","logo":{"@type":"ImageObject","url":"https:\/\/www.eldigitaldeasturias.com\/noticias\/wp-content\/uploads\/2020\/12\/EDA.jpg","@id":"https:\/\/www.eldigitaldeasturias.com\/noticias\/jornada-en-asturias-sobre-los-cambios-en-las-tarifas-electrica\/#organizationLogo"},"image":{"@id":"https:\/\/www.eldigitaldeasturias.com\/noticias\/jornada-en-asturias-sobre-los-cambios-en-las-tarifas-electrica\/#organizationLogo"},"sameAs":["https:\/\/facebook.com\/eldigitaldeasturias","https:\/\/www.youtube.com\/channel\/UCZP-2wLEB9Rv6erhFmqVnvg"],"address":{"@id":"https:\/\/www.eldigitaldeasturias.com\/noticias\/#postaladdress","@type":"PostalAddress","streetAddress":"san antonio 4","postalCode":"33430","addressLocality":"Cand\u00e1s","addressRegion":"Asturias","addressCountry":"ES"}},{"@type":"Person","@id":"https:\/\/www.eldigitaldeasturias.com\/noticias\/author\/admin\/#author","url":"https:\/\/www.eldigitaldeasturias.com\/noticias\/author\/admin\/","name":"El Digital de Asturias","image":{"@type":"ImageObject","@id":"https:\/\/www.eldigitaldeasturias.com\/noticias\/jornada-en-asturias-sobre-los-cambios-en-las-tarifas-electrica\/#authorImage","url":"https:\/\/secure.gravatar.com\/avatar\/df2aeffc32bcd13f8d26072ef8a91b623d677766deac7f97ca815868cd41bf5e?s=96&d=mm&r=g","width":96,"height":96,"caption":"El Digital de Asturias"}},{"@type":"WebPage","@id":"https:\/\/www.eldigitaldeasturias.com\/noticias\/jornada-en-asturias-sobre-los-cambios-en-las-tarifas-electrica\/#webpage","url":"https:\/\/www.eldigitaldeasturias.com\/noticias\/jornada-en-asturias-sobre-los-cambios-en-las-tarifas-electrica\/","name":"Jornada en Asturias sobre los cambios en las tarifas el\u00e9ctrica - El Digital de Asturias","description":"Seg\u00fan Belarmina D\u00edaz, la nueva regulaci\u00f3n sit\u00faa en el centro al consumidor, de tal manera que cada usuario, seg\u00fan su patr\u00f3n espec\u00edfico de consumo ..","inLanguage":"es-ES","isPartOf":{"@id":"https:\/\/www.eldigitaldeasturias.com\/noticias\/#website"},"breadcrumb":{"@id":"https:\/\/www.eldigitaldeasturias.com\/noticias\/jornada-en-asturias-sobre-los-cambios-en-las-tarifas-electrica\/#breadcrumblist"},"author":{"@id":"https:\/\/www.eldigitaldeasturias.com\/noticias\/author\/admin\/#author"},"creator":{"@id":"https:\/\/www.eldigitaldeasturias.com\/noticias\/author\/admin\/#author"},"image":{"@type":"ImageObject","url":1093516,"@id":"https:\/\/www.eldigitaldeasturias.com\/noticias\/jornada-en-asturias-sobre-los-cambios-en-las-tarifas-electrica\/#mainImage"},"primaryImageOfPage":{"@id":"https:\/\/www.eldigitaldeasturias.com\/noticias\/jornada-en-asturias-sobre-los-cambios-en-las-tarifas-electrica\/#mainImage"},"datePublished":"2021-06-10T18:37:53+02:00","dateModified":"2021-06-10T18:37:53+02:00"},{"@type":"WebSite","@id":"https:\/\/www.eldigitaldeasturias.com\/noticias\/#website","url":"https:\/\/www.eldigitaldeasturias.com\/noticias\/","name":"El Digital de Asturias - Diario de actualidad y noticias","alternateName":"El Digital de Asturias - Diario de actualidad y noticias","description":"Hemeroteca","inLanguage":"es-ES","publisher":{"@id":"https:\/\/www.eldigitaldeasturias.com\/noticias\/#organization"}}]},"og:locale":"es_ES","og:site_name":"El Digital de Asturias","og:type":"article","og:title":"Jornada en Asturias sobre los cambios en las tarifas el\u00e9ctrica - El Digital de Asturias","og:description":"Seg\u00fan Belarmina D\u00edaz, la nueva regulaci\u00f3n sit\u00faa en el centro al consumidor, de tal manera que cada usuario, seg\u00fan su patr\u00f3n espec\u00edfico de consumo ..","og:url":"https:\/\/www.eldigitaldeasturias.com\/noticias\/jornada-en-asturias-sobre-los-cambios-en-las-tarifas-electrica\/","article:tag":["actualidad asturias"],"article:published_time":"2021-06-10T17:37:53+00:00","article:modified_time":"2021-06-10T17:37:53+00:00","article:publisher":"https:\/\/facebook.com\/eldigitaldeasturias","twitter:card":"summary_large_image","twitter:title":"Jornada en Asturias sobre los cambios en las tarifas el\u00e9ctrica - El Digital de Asturias","twitter:description":"Seg\u00fan Belarmina D\u00edaz, la nueva regulaci\u00f3n sit\u00faa en el centro al consumidor, de tal manera que cada usuario, seg\u00fan su patr\u00f3n espec\u00edfico de consumo ..","twitter:image":"https:\/\/www.eldigitaldeasturias.com\/noticias\/wp-content\/uploads\/2020\/12\/EDA-1.jpg","twitter:label1":"Escrito por","twitter:data1":"El Digital de Asturias","twitter:label2":"Tiempo de lectura estimado","twitter:data2":"2 minutos"},"aioseo_meta_data":{"post_id":"1093515","title":null,"description":"Seg\u00fan Belarmina D\u00edaz, la nueva regulaci\u00f3n sit\u00faa en el centro al consumidor,&nbsp;de tal manera que cada usuario, seg\u00fan su patr\u00f3n espec\u00edfico de consumo ..","keywords":[],"keyphrases":{"focus":{"keyphrase":" Belarmina D\u00edaz","score":80,"analysis":{"keyphraseInTitle":{"title":"Frase clave objetivo en el t\u00edtulo SEO","description":"Frase clave objetivo no se encuentra en el t\u00edtulo SEO.","score":3,"maxScore":9,"error":1},"keyphraseInDescription":{"title":"Frase clave objetivo en la meta descripci\u00f3n","description":"Frase clave objetivo encontrada en la meta descripci\u00f3n.","score":9,"maxScore":9,"error":0},"keyphraseInURL":{"title":"Frase clave objetivo en la URL","description":"Frase clave objetivo no encontrada en la URL.","score":1,"maxScore":5,"error":1},"keyphraseInIntroduction":{"title":"Frase clave objetivo en la introducci\u00f3n","description":"Su Frase clave objetivo aparece en el primer p\u00e1rrafo. \u00a1Bien hecho!","score":9,"maxScore":9,"error":0},"keyphraseInSubHeadings":[],"keyphraseLength":{"title":"Longitud de la Frase clave objetivo","description":"\u00a1Buen trabajo!","score":9,"maxScore":9,"error":0,"length":2},"keyphraseInImageAlt":{"title":"Frase clave objetivo en los atributos alt de la imagen.","description":"Frase clave objetivo encontrada en los atributos alt de la(s) imagen(es).","score":9,"maxScore":9,"error":0}}},"additional":[{"keyphrase":" consumidor","score":83,"analysis":{"keyphraseInDescription":{"title":"Frase clave en la meta descripci\u00f3n","description":"Frase clave encontrada en la meta descripci\u00f3n.","score":9,"maxScore":9,"error":0},"keyphraseInIntroduction":{"title":"Frase clave en la introducci\u00f3n","description":"Su Frase clave no aparece en el primer p\u00e1rrafo. Aseg\u00farese de que el tema est\u00e9 claro de inmediato.","score":3,"maxScore":9,"error":1},"keyphraseInImageAlt":{"title":"Frase clave en los atributos alt de la imagen.","description":"Frase clave encontrada en los atributos alt de la(s) imagen(es).","score":9,"maxScore":9,"error":0},"keyphraseLength":{"title":"Longitud de la Frase clave","description":"\u00a1Buen trabajo!","score":9,"maxScore":9,"error":0,"length":1}}},{"keyphrase":"nueva regulaci\u00f3n","score":67,"analysis":{"keyphraseInDescription":{"title":"Frase clave en la meta descripci\u00f3n","description":"Frase clave encontrada en la meta descripci\u00f3n.","score":9,"maxScore":9,"error":0},"keyphraseInIntroduction":{"title":"Frase clave en la introducci\u00f3n","description":"Su Frase clave no aparece en el primer p\u00e1rrafo. Aseg\u00farese de que el tema est\u00e9 claro de inmediato.","score":3,"maxScore":9,"error":1},"keyphraseInImageAlt":{"title":"Frase clave en los atributos alt de la imagen.","description":"Frase clave no se encuentra en los atributos alt de la imagen. A\u00f1ada una imagen con su Frase clave como texto alternativo.","score":3,"maxScore":9,"error":1},"keyphraseLength":{"title":"Longitud de la Frase clave","description":"\u00a1Buen trabajo!","score":9,"maxScore":9,"error":0,"length":2}}}]},"primary_term":null,"canonical_url":null,"og_title":null,"og_description":null,"og_object_type":"default","og_image_type":"default","og_image_url":null,"og_image_width":null,"og_image_height":null,"og_image_custom_url":null,"og_image_custom_fields":null,"og_video":"","og_custom_url":null,"og_article_section":null,"og_article_tags":[],"twitter_use_og":false,"twitter_card":"default","twitter_image_type":"default","twitter_image_url":null,"twitter_image_custom_url":null,"twitter_image_custom_fields":null,"twitter_title":null,"twitter_description":null,"schema":{"blockGraphs":[],"customGraphs":[],"default":{"data":{"Article":[],"Course":[],"Dataset":[],"FAQPage":[],"Movie":[],"Person":[],"Product":[],"ProductReview":[],"Car":[],"Recipe":[],"Service":[],"SoftwareApplication":[],"WebPage":[]},"graphName":"","isEnabled":true},"graphs":[],"defaultGraph":"Article","defaultPostTypeGraph":""},"schema_type":"default","schema_type_options":"{\"article\":{\"articleType\":\"BlogPosting\"},\"course\":{\"name\":\"\",\"description\":\"\",\"provider\":\"\"},\"faq\":{\"pages\":[]},\"product\":{\"reviews\":[]},\"recipe\":{\"ingredients\":[],\"instructions\":[],\"keywords\":[]},\"software\":{\"reviews\":[],\"operatingSystems\":[]},\"webPage\":{\"webPageType\":\"WebPage\"}}","pillar_content":false,"robots_default":true,"robots_noindex":false,"robots_noarchive":false,"robots_nosnippet":false,"robots_nofollow":false,"robots_noimageindex":false,"robots_noodp":false,"robots_notranslate":false,"robots_max_snippet":"-1","robots_max_videopreview":"-1","robots_max_imagepreview":"large","priority":null,"frequency":"default","local_seo":{"locations":{"business":{"name":"","businessType":"","image":"","areaServed":"","urls":{"website":"","aboutPage":"","contactPage":""},"address":{"streetLine1":"","streetLine2":"","zipCode":"","city":"","state":"","country":"","addressFormat":"#streetLineOne\n#streetLineTwo\n#city, #state #zipCode"},"contact":{"email":"","phone":"","phoneFormatted":"","fax":"","faxFormatted":""},"ids":{"vat":"","tax":"","chamberOfCommerce":""},"payment":{"priceRange":"","currenciesAccepted":"","methods":""}}},"openingHours":{"useDefaults":true,"show":true,"alwaysOpen":false,"use24hFormat":false,"timezone":"","labels":{"closed":"","alwaysOpen":""},"days":{"monday":{"open24h":false,"closed":false,"openTime":"09:00","closeTime":"17:00"},"tuesday":{"open24h":false,"closed":false,"openTime":"09:00","closeTime":"17:00"},"wednesday":{"open24h":false,"closed":false,"openTime":"09:00","closeTime":"17:00"},"thursday":{"open24h":false,"closed":false,"openTime":"09:00","closeTime":"17:00"},"friday":{"open24h":false,"closed":false,"openTime":"09:00","closeTime":"17:00"},"saturday":{"open24h":false,"closed":false,"openTime":"09:00","closeTime":"17:00"},"sunday":{"open24h":false,"closed":false,"openTime":"09:00","closeTime":"17:00"}}}},"seo_analyzer_scan_date":"2026-07-18 15:50:39","breadcrumb_settings":null,"limit_modified_date":false,"open_ai":null,"ai":null,"created":"2021-06-10 17:31:31","updated":"2026-07-18 15:50:39","focus_keyword":"Belarmina D\u00edaz","additional_keywords":[{"word":"consumidor","score":83},{"word":"nueva regulaci\u00f3n","score":67}],"truseo_locale":null},"aioseo_breadcrumb":"<div class=\"aioseo-breadcrumbs\"><span class=\"aioseo-breadcrumb\">\n\t<a href=\"https:\/\/www.eldigitaldeasturias.com\/noticias\" title=\"Home\">Home<\/a>\n<\/span><span class=\"aioseo-breadcrumb-separator\">\u2013<\/span><span class=\"aioseo-breadcrumb\">\n\t<a href=\"https:\/\/www.eldigitaldeasturias.com\/noticias\/category\/actualidad-asturias\/\" title=\"Actualidad Asturias\">Actualidad Asturias<\/a>\n<\/span><span class=\"aioseo-breadcrumb-separator\">\u2013<\/span><span class=\"aioseo-breadcrumb\">\n\t<a href=\"https:\/\/www.eldigitaldeasturias.com\/noticias\/jornada-en-asturias-sobre-los-cambios-en-las-tarifas-electrica\/\" title=\"Jornada en Asturias sobre los cambios en las tarifas el\u00e9ctrica\">Jornada en Asturias sobre los cambios en las tarifas el\u00e9ctrica<\/a>\n<\/span><\/div>","aioseo_breadcrumb_json":[{"label":"Home","link":"https:\/\/www.eldigitaldeasturias.com\/noticias"},{"label":"Actualidad Asturias","link":"https:\/\/www.eldigitaldeasturias.com\/noticias\/category\/actualidad-asturias\/"},{"label":"Jornada en Asturias sobre los cambios en las tarifas el\u00e9ctrica","link":"https:\/\/www.eldigitaldeasturias.com\/noticias\/jornada-en-asturias-sobre-los-cambios-en-las-tarifas-electrica\/"}],"_links":{"self":[{"href":"https:\/\/www.eldigitaldeasturias.com\/noticias\/wp-json\/wp\/v2\/posts\/1093515","targetHints":{"allow":["GET"]}}],"collection":[{"href":"https:\/\/www.eldigitaldeasturias.com\/noticias\/wp-json\/wp\/v2\/posts"}],"about":[{"href":"https:\/\/www.eldigitaldeasturias.com\/noticias\/wp-json\/wp\/v2\/types\/post"}],"author":[{"embeddable":true,"href":"https:\/\/www.eldigitaldeasturias.com\/noticias\/wp-json\/wp\/v2\/users\/1"}],"replies":[{"embeddable":true,"href":"https:\/\/www.eldigitaldeasturias.com\/noticias\/wp-json\/wp\/v2\/comments?post=1093515"}],"version-history":[{"count":0,"href":"https:\/\/www.eldigitaldeasturias.com\/noticias\/wp-json\/wp\/v2\/posts\/1093515\/revisions"}],"wp:attachment":[{"href":"https:\/\/www.eldigitaldeasturias.com\/noticias\/wp-json\/wp\/v2\/media?parent=1093515"}],"wp:term":[{"taxonomy":"category","embeddable":true,"href":"https:\/\/www.eldigitaldeasturias.com\/noticias\/wp-json\/wp\/v2\/categories?post=1093515"},{"taxonomy":"post_tag","embeddable":true,"href":"https:\/\/www.eldigitaldeasturias.com\/noticias\/wp-json\/wp\/v2\/tags?post=1093515"}],"curies":[{"name":"wp","href":"https:\/\/api.w.org\/{rel}","templated":true}]}}