{"id":1093438,"date":"2021-06-09T12:53:20","date_gmt":"2021-06-09T11:53:20","guid":{"rendered":"https:\/\/www.eldigitaldeasturias.com\/noticias\/?p=1093438"},"modified":"2021-06-09T12:53:20","modified_gmt":"2021-06-09T11:53:20","slug":"las-tendencias-de-decoracion-de-casa-en-asturias-para-este-verano","status":"publish","type":"post","link":"https:\/\/www.eldigitaldeasturias.com\/noticias\/las-tendencias-de-decoracion-de-casa-en-asturias-para-este-verano\/","title":{"rendered":"Las tendencias de decoraci\u00f3n de casa en Asturias para este verano"},"content":{"rendered":"<p><i><span style=\"font-weight: 400;\">El verano ya se siente entre nosotros y es el momento de poner el ambiente a tono para sentirnos a gusto con estas temperaturas. El cambio de tejidos, colores, posici\u00f3n y distribuci\u00f3n de los muebles, as\u00ed como la incorporaci\u00f3n de algunos nuevos, forman parte de las tendencias que debemos atender para recibirlo.\u00a0<\/span><\/i><\/p>\n<p><img loading=\"lazy\" decoding=\"async\" class=\"aligncenter wp-image-1093439\" src=\"https:\/\/www.eldigitaldeasturias.com\/noticias\/wp-content\/uploads\/2021\/06\/decoracion-360x236.jpg\" alt=\"decoraci\u00f3n\" width=\"640\" height=\"420\" \/><\/p>\n<p><span style=\"font-weight: 400;\">Como sabemos,<\/span><b> Asturias es una de las zonas de Espa\u00f1a mejor privilegiadas por el clima<\/b><span style=\"font-weight: 400;\">, as\u00ed que no faltan lugares para refugiarnos del sofocante calor. Por otro lado, adecuar nuestros espacios \u00edntimos se antoja esencial para sentirnos a gusto. Optar por un nuevo aire en cuanto a la decoraci\u00f3n es un buen paso a seguir, por lo que aliarse con tiendas exclusivas como <\/span><span style=\"color: #ff6600;\"><strong><a style=\"color: #ff6600;\" href=\"https:\/\/www.wanda-collection.es\/\" target=\"_blank\" rel=\"noopener\">Wanda Collection<\/a><\/strong><\/span><span style=\"font-weight: 400;\"> te garantizar\u00e1 que obtendr\u00e1s, no solo calidad, sino que tambi\u00e9n contar\u00e1s con un stock de productos que est\u00e1n en tendencia en dise\u00f1o de interiores. Estas son algunas de ellas.\u00a0<\/span><\/p>\n<h2><span style=\"font-weight: 400;\">Muebles de madera o rejilla<\/span><\/h2>\n<p><span style=\"font-weight: 400;\">La madera nunca pasa de moda, es un material noble y vers\u00e1til <\/span><b>capaz de adaptarse a todos los estilos<\/b><span style=\"font-weight: 400;\">, as\u00ed que no resulta extra\u00f1o que siempre se encuentre como protagonista de las \u00faltimas tendencias en dise\u00f1o e interiorismo.\u00a0<\/span><\/p>\n<p><span style=\"font-weight: 400;\">Tambi\u00e9n los muebles de rejilla o cannage arrasan en predilecci\u00f3n. Estos tienen un esp\u00edritu vintage que los hace ver encantadores en el sal\u00f3n o el jard\u00edn para concebir ambientes frescos y relajados.\u00a0<\/span><\/p>\n<h2><span style=\"font-weight: 400;\">Plantas de interior<\/span><\/h2>\n<p><span style=\"font-weight: 400;\">Especialmente en Asturias, se vive<\/span><b> la gran tendencia de la jungla dentro de casa.<\/b><span style=\"font-weight: 400;\"> Las plantas de interior para este verano son unas de las formas m\u00e1s aut\u00e9nticas de crear oasis en el hogar. Se encargar\u00e1n aportar vida y frescor en todos los rincones.\u00a0<\/span><\/p>\n<p><span style=\"font-weight: 400;\">Si se trata de escoger algunas como\u00a0 favoritas podemos mencionar a las palmeras, las ficus y monsteras, todas son de un aspecto tropical que har\u00e1 que los espacios se vean muy agradables, acogedores y adem\u00e1s, elegantes.\u00a0\u00a0<\/span><\/p>\n<h2><span style=\"font-weight: 400;\">Las alfombras redondas<\/span><\/h2>\n<p><span style=\"font-weight: 400;\">Esta forma est\u00e1 siendo muy buscada para las alfombras, sobre todo si son elaboradas en fibras naturales. Bien si se trata de colocarlas en el sal\u00f3n o en la terraza, se <\/span><b>encargar\u00e1 de aportar frescura y distinci\u00f3n al lugar escogido para lucirla.\u00a0<\/b><\/p>\n<h2><span style=\"font-weight: 400;\">Ba\u00f1os pr\u00e1cticos, luminosos y modernos<\/span><\/h2>\n<p><span style=\"font-weight: 400;\">Otro de los espacios a los que se les presta especial atenci\u00f3n es a los cuartos de ba\u00f1o. Han dejado de ser un lugar solamente funcional para convertirse en un verdadero ambiente de relajaci\u00f3n y desconexi\u00f3n. Por eso es imposible ignorarlos en una lista de tendencias para el verano.\u00a0<\/span><\/p>\n<p><span style=\"font-weight: 400;\">Los <\/span><strong><span style=\"color: #ff6600;\"><a style=\"color: #ff6600;\" href=\"https:\/\/www.wanda-collection.es\/cat-cuarto-de-bano-6.htm\" target=\"_blank\" rel=\"noopener\">muebles de ba\u00f1o<\/a><\/span><\/strong><span style=\"font-weight: 400;\"> cobran especial fuerza en esta temporada, puesto que la l\u00ednea a seguir, una vez m\u00e1s, es la madera. La corriente natural sigue imponi\u00e9ndose con especial ah\u00ednco y este material es uno de sus principales representantes. Por eso, ser\u00e1 com\u00fan observar muebles para el lavabo de madera, estantes, espejos, entre otros detalles.\u00a0<\/span><\/p>\n<p><span style=\"font-weight: 400;\">As\u00ed como la madera,<\/span><b> la piedra natural tambi\u00e9n cobra especial protagonismo<\/b><span style=\"font-weight: 400;\">. Ambos materiales son perfectamente combinables, lo que te permitir\u00e1 obtener un cuarto de ba\u00f1o moderno, amplio y perfectamente adaptado a las l\u00edneas decorativas del momento.\u00a0<\/span><\/p>\n<h2><span style=\"font-weight: 400;\">L\u00e1mparas grandes en terrazas y jardines<\/span><\/h2>\n<p><b>Las l\u00e1mparas exteriores ahora se han vuelto m\u00e1s grandes.<\/b><span style=\"font-weight: 400;\"> Puedes elegirlas en rat\u00e1n o en otra fibra natural. Actualmente se convierten en un punto focal especial para hacer resaltar estos espacios que, en verano son tan utilizados para llevar a cabo reuniones con familiares y amistades.\u00a0<\/span><\/p>\n<h2><span style=\"font-weight: 400;\">Aires n\u00e1uticos que son muy frescos<\/span><\/h2>\n<p><span style=\"font-weight: 400;\">Por supuesto, pensar en verano es inmediatamente pensar en sol y mar, as\u00ed que esta es una tendencia cl\u00e1sica. No con ello decimos que debes convertir tu casa en un yate, pero s\u00ed que apuestes por algunos tonos azules con blanco que puedas combinar con las fibras naturales y de madera de las que hemos venido hablando. <\/span><b>Esta mezcla aporta calidez y frescura a la par.\u00a0<\/b><\/p>\n<h2><span style=\"font-weight: 400;\">Las sillas colgantes<\/span><\/h2>\n<p><span style=\"font-weight: 400;\">Por \u00faltimo hay que mencionar las sillas colgantes que ya no solo son una opci\u00f3n para la terraza, sino tambi\u00e9n para espacios interiores. Es una tendencia que aportar\u00e1 un toque original al sal\u00f3n o a un dormitorio.\u00a0<\/span><\/p>\n<p>&nbsp;<\/p>\n","protected":false},"excerpt":{"rendered":"<p>El verano ya se siente entre nosotros y es el momento de poner el ambiente a tono para sentirnos a gusto con estas temperaturas. El cambio de tejidos, colores, posici\u00f3n y distribuci\u00f3n de los muebles, as\u00ed como la incorporaci\u00f3n de algunos nuevos, forman parte de las tendencias que debemos atender para recibirlo.\u00a0 Como sabemos, Asturias [&hellip;]<\/p>\n","protected":false},"author":1,"featured_media":1093439,"comment_status":"closed","ping_status":"closed","sticky":false,"template":"","format":"standard","meta":{"footnotes":""},"categories":[50],"tags":[],"class_list":["post-1093438","post","type-post","status-publish","format-standard","has-post-thumbnail","hentry","category-revista-de-ocio"],"aioseo_notices":[],"aioseo_head":"\n\t\t<!-- All in One SEO Pro 5.0.1 - aioseo.com -->\n\t<meta name=\"description\" content=\"Especialmente en Asturias, se vive la gran tendencia de la jungla dentro de casa. Las plantas de interior para este verano son unas de las formas ..\" \/>\n\t<meta name=\"robots\" content=\"max-image-preview:large\" \/>\n\t<meta name=\"author\" content=\"El Digital de Asturias\"\/>\n\t<meta name=\"google-site-verification\" content=\"UA-38556648-1\" \/>\n\t<meta name=\"msvalidate.01\" content=\"7dfe9f3f1b24437ab69f4f2559babe99\" \/>\n\t<meta name=\"keywords\" content=\"asturias,revista,hogar,tendencias,revista de ocio\" \/>\n\t<link rel=\"canonical\" href=\"https:\/\/www.eldigitaldeasturias.com\/noticias\/las-tendencias-de-decoracion-de-casa-en-asturias-para-este-verano\/\" \/>\n\t<meta name=\"generator\" content=\"All in One SEO Pro (AIOSEO) 5.0.1\" \/>\n\t\t<meta property=\"og:locale\" content=\"es_ES\" \/>\n\t\t<meta property=\"og:site_name\" content=\"El Digital de Asturias\" \/>\n\t\t<meta property=\"og:type\" content=\"article\" \/>\n\t\t<meta property=\"og:title\" content=\"Las tendencias de decoraci\u00f3n de casa en Asturias para este verano - El Digital de Asturias\" \/>\n\t\t<meta property=\"og:description\" content=\"Especialmente en Asturias, se vive la gran tendencia de la jungla dentro de casa. Las plantas de interior para este verano son unas de las formas ..\" \/>\n\t\t<meta property=\"og:url\" content=\"https:\/\/www.eldigitaldeasturias.com\/noticias\/las-tendencias-de-decoracion-de-casa-en-asturias-para-este-verano\/\" \/>\n\t\t<meta property=\"article:tag\" content=\"asturias\" \/>\n\t\t<meta property=\"article:tag\" content=\"revista\" \/>\n\t\t<meta property=\"article:tag\" content=\"hogar\" \/>\n\t\t<meta property=\"article:tag\" content=\"tendencias\" \/>\n\t\t<meta property=\"article:tag\" content=\"revista de ocio\" \/>\n\t\t<meta property=\"article:published_time\" content=\"2021-06-09T11:53:20+00:00\" \/>\n\t\t<meta property=\"article:modified_time\" content=\"2021-06-09T11:53:20+00:00\" \/>\n\t\t<meta property=\"article:publisher\" content=\"https:\/\/facebook.com\/eldigitaldeasturias\" \/>\n\t\t<meta name=\"twitter:card\" content=\"summary_large_image\" \/>\n\t\t<meta name=\"twitter:title\" content=\"Las tendencias de decoraci\u00f3n de casa en Asturias para este verano - El Digital de Asturias\" \/>\n\t\t<meta name=\"twitter:description\" content=\"Especialmente en Asturias, se vive la gran tendencia de la jungla dentro de casa. Las plantas de interior para este verano son unas de las formas ..\" \/>\n\t\t<meta name=\"twitter:image\" content=\"https:\/\/www.eldigitaldeasturias.com\/noticias\/wp-content\/uploads\/2020\/12\/EDA-1.jpg\" \/>\n\t\t<meta name=\"twitter:label1\" content=\"Escrito por\" \/>\n\t\t<meta name=\"twitter:data1\" content=\"El Digital de Asturias\" \/>\n\t\t<meta name=\"twitter:label2\" content=\"Tiempo de lectura estimado\" \/>\n\t\t<meta name=\"twitter:data2\" content=\"4 minutos\" \/>\n\t\t<script type=\"application\/ld+json\" class=\"aioseo-schema\">\n\t\t\t{\"@context\":\"https:\\\/\\\/schema.org\",\"@graph\":[{\"@type\":\"BlogPosting\",\"@id\":\"https:\\\/\\\/www.eldigitaldeasturias.com\\\/noticias\\\/las-tendencias-de-decoracion-de-casa-en-asturias-para-este-verano\\\/#blogposting\",\"name\":\"Las tendencias de decoraci\\u00f3n de casa en Asturias para este verano - El Digital de Asturias\",\"headline\":\"Las tendencias de decoraci\\u00f3n de casa en Asturias para este verano\",\"author\":{\"@id\":\"https:\\\/\\\/www.eldigitaldeasturias.com\\\/noticias\\\/author\\\/admin\\\/#author\"},\"publisher\":{\"@id\":\"https:\\\/\\\/www.eldigitaldeasturias.com\\\/noticias\\\/#organization\"},\"image\":{\"@type\":\"ImageObject\",\"url\":1093439},\"datePublished\":\"2021-06-09T12:53:20+02:00\",\"dateModified\":\"2021-06-09T12:53:20+02:00\",\"inLanguage\":\"es-ES\",\"mainEntityOfPage\":{\"@id\":\"https:\\\/\\\/www.eldigitaldeasturias.com\\\/noticias\\\/las-tendencias-de-decoracion-de-casa-en-asturias-para-este-verano\\\/#webpage\"},\"isPartOf\":{\"@id\":\"https:\\\/\\\/www.eldigitaldeasturias.com\\\/noticias\\\/las-tendencias-de-decoracion-de-casa-en-asturias-para-este-verano\\\/#webpage\"},\"articleSection\":\"Revista de Ocio\"},{\"@type\":\"BreadcrumbList\",\"@id\":\"https:\\\/\\\/www.eldigitaldeasturias.com\\\/noticias\\\/las-tendencias-de-decoracion-de-casa-en-asturias-para-este-verano\\\/#breadcrumblist\",\"itemListElement\":[{\"@type\":\"ListItem\",\"@id\":\"https:\\\/\\\/www.eldigitaldeasturias.com\\\/noticias#listItem\",\"position\":1,\"name\":\"Home\",\"item\":\"https:\\\/\\\/www.eldigitaldeasturias.com\\\/noticias\",\"nextItem\":{\"@type\":\"ListItem\",\"@id\":\"https:\\\/\\\/www.eldigitaldeasturias.com\\\/noticias\\\/category\\\/revista-de-ocio\\\/#listItem\",\"name\":\"Revista de Ocio\"}},{\"@type\":\"ListItem\",\"@id\":\"https:\\\/\\\/www.eldigitaldeasturias.com\\\/noticias\\\/category\\\/revista-de-ocio\\\/#listItem\",\"position\":2,\"name\":\"Revista de Ocio\",\"item\":\"https:\\\/\\\/www.eldigitaldeasturias.com\\\/noticias\\\/category\\\/revista-de-ocio\\\/\",\"nextItem\":{\"@type\":\"ListItem\",\"@id\":\"https:\\\/\\\/www.eldigitaldeasturias.com\\\/noticias\\\/las-tendencias-de-decoracion-de-casa-en-asturias-para-este-verano\\\/#listItem\",\"name\":\"Las tendencias de decoraci\\u00f3n de casa en Asturias para este verano\"},\"previousItem\":{\"@type\":\"ListItem\",\"@id\":\"https:\\\/\\\/www.eldigitaldeasturias.com\\\/noticias#listItem\",\"name\":\"Home\"}},{\"@type\":\"ListItem\",\"@id\":\"https:\\\/\\\/www.eldigitaldeasturias.com\\\/noticias\\\/las-tendencias-de-decoracion-de-casa-en-asturias-para-este-verano\\\/#listItem\",\"position\":3,\"name\":\"Las tendencias de decoraci\\u00f3n de casa en Asturias para este verano\",\"previousItem\":{\"@type\":\"ListItem\",\"@id\":\"https:\\\/\\\/www.eldigitaldeasturias.com\\\/noticias\\\/category\\\/revista-de-ocio\\\/#listItem\",\"name\":\"Revista de Ocio\"}}]},{\"@type\":\"Organization\",\"@id\":\"https:\\\/\\\/www.eldigitaldeasturias.com\\\/noticias\\\/#organization\",\"name\":\"El Digital de Asturias\",\"description\":\"Hemeroteca\",\"url\":\"https:\\\/\\\/www.eldigitaldeasturias.com\\\/noticias\\\/\",\"email\":\"info@eldigitaldeasturias.com\",\"telephone\":\"+34652131393\",\"logo\":{\"@type\":\"ImageObject\",\"url\":\"https:\\\/\\\/www.eldigitaldeasturias.com\\\/noticias\\\/wp-content\\\/uploads\\\/2020\\\/12\\\/EDA.jpg\",\"@id\":\"https:\\\/\\\/www.eldigitaldeasturias.com\\\/noticias\\\/las-tendencias-de-decoracion-de-casa-en-asturias-para-este-verano\\\/#organizationLogo\"},\"image\":{\"@id\":\"https:\\\/\\\/www.eldigitaldeasturias.com\\\/noticias\\\/las-tendencias-de-decoracion-de-casa-en-asturias-para-este-verano\\\/#organizationLogo\"},\"sameAs\":[\"https:\\\/\\\/facebook.com\\\/eldigitaldeasturias\",\"https:\\\/\\\/www.youtube.com\\\/channel\\\/UCZP-2wLEB9Rv6erhFmqVnvg\"],\"address\":{\"@id\":\"https:\\\/\\\/www.eldigitaldeasturias.com\\\/noticias\\\/#postaladdress\",\"@type\":\"PostalAddress\",\"streetAddress\":\"san antonio 4\",\"postalCode\":\"33430\",\"addressLocality\":\"Cand\\u00e1s\",\"addressRegion\":\"Asturias\",\"addressCountry\":\"ES\"}},{\"@type\":\"Person\",\"@id\":\"https:\\\/\\\/www.eldigitaldeasturias.com\\\/noticias\\\/author\\\/admin\\\/#author\",\"url\":\"https:\\\/\\\/www.eldigitaldeasturias.com\\\/noticias\\\/author\\\/admin\\\/\",\"name\":\"El Digital de Asturias\",\"image\":{\"@type\":\"ImageObject\",\"@id\":\"https:\\\/\\\/www.eldigitaldeasturias.com\\\/noticias\\\/las-tendencias-de-decoracion-de-casa-en-asturias-para-este-verano\\\/#authorImage\",\"url\":\"https:\\\/\\\/secure.gravatar.com\\\/avatar\\\/df2aeffc32bcd13f8d26072ef8a91b623d677766deac7f97ca815868cd41bf5e?s=96&d=mm&r=g\",\"width\":96,\"height\":96,\"caption\":\"El Digital de Asturias\"}},{\"@type\":\"WebPage\",\"@id\":\"https:\\\/\\\/www.eldigitaldeasturias.com\\\/noticias\\\/las-tendencias-de-decoracion-de-casa-en-asturias-para-este-verano\\\/#webpage\",\"url\":\"https:\\\/\\\/www.eldigitaldeasturias.com\\\/noticias\\\/las-tendencias-de-decoracion-de-casa-en-asturias-para-este-verano\\\/\",\"name\":\"Las tendencias de decoraci\\u00f3n de casa en Asturias para este verano - El Digital de Asturias\",\"description\":\"Especialmente en Asturias, se vive la gran tendencia de la jungla dentro de casa. Las plantas de interior para este verano son unas de las formas ..\",\"inLanguage\":\"es-ES\",\"isPartOf\":{\"@id\":\"https:\\\/\\\/www.eldigitaldeasturias.com\\\/noticias\\\/#website\"},\"breadcrumb\":{\"@id\":\"https:\\\/\\\/www.eldigitaldeasturias.com\\\/noticias\\\/las-tendencias-de-decoracion-de-casa-en-asturias-para-este-verano\\\/#breadcrumblist\"},\"author\":{\"@id\":\"https:\\\/\\\/www.eldigitaldeasturias.com\\\/noticias\\\/author\\\/admin\\\/#author\"},\"creator\":{\"@id\":\"https:\\\/\\\/www.eldigitaldeasturias.com\\\/noticias\\\/author\\\/admin\\\/#author\"},\"image\":{\"@type\":\"ImageObject\",\"url\":1093439,\"@id\":\"https:\\\/\\\/www.eldigitaldeasturias.com\\\/noticias\\\/las-tendencias-de-decoracion-de-casa-en-asturias-para-este-verano\\\/#mainImage\"},\"primaryImageOfPage\":{\"@id\":\"https:\\\/\\\/www.eldigitaldeasturias.com\\\/noticias\\\/las-tendencias-de-decoracion-de-casa-en-asturias-para-este-verano\\\/#mainImage\"},\"datePublished\":\"2021-06-09T12:53:20+02:00\",\"dateModified\":\"2021-06-09T12:53:20+02:00\"},{\"@type\":\"WebSite\",\"@id\":\"https:\\\/\\\/www.eldigitaldeasturias.com\\\/noticias\\\/#website\",\"url\":\"https:\\\/\\\/www.eldigitaldeasturias.com\\\/noticias\\\/\",\"name\":\"El Digital de Asturias - Diario de actualidad y noticias\",\"alternateName\":\"El Digital de Asturias - Diario de actualidad y noticias\",\"description\":\"Hemeroteca\",\"inLanguage\":\"es-ES\",\"publisher\":{\"@id\":\"https:\\\/\\\/www.eldigitaldeasturias.com\\\/noticias\\\/#organization\"}}]}\n\t\t<\/script>\n\t\t<!-- All in One SEO Pro -->\r\n\t\t<title>Las tendencias de decoraci\u00f3n de casa en Asturias para este verano - El Digital de Asturias<\/title>\n\n","aioseo_head_json":{"title":"Las tendencias de decoraci\u00f3n de casa en Asturias para este verano - El Digital de Asturias","description":"Especialmente en Asturias, se vive la gran tendencia de la jungla dentro de casa. Las plantas de interior para este verano son unas de las formas ..","canonical_url":"https:\/\/www.eldigitaldeasturias.com\/noticias\/las-tendencias-de-decoracion-de-casa-en-asturias-para-este-verano\/","robots":"max-image-preview:large","keywords":"asturias,revista,hogar,tendencias,revista de ocio","webmasterTools":{"google-site-verification":"UA-38556648-1","msvalidate.01":"7dfe9f3f1b24437ab69f4f2559babe99","miscellaneous":""},"schema":{"@context":"https:\/\/schema.org","@graph":[{"@type":"BlogPosting","@id":"https:\/\/www.eldigitaldeasturias.com\/noticias\/las-tendencias-de-decoracion-de-casa-en-asturias-para-este-verano\/#blogposting","name":"Las tendencias de decoraci\u00f3n de casa en Asturias para este verano - El Digital de Asturias","headline":"Las tendencias de decoraci\u00f3n de casa en Asturias para este verano","author":{"@id":"https:\/\/www.eldigitaldeasturias.com\/noticias\/author\/admin\/#author"},"publisher":{"@id":"https:\/\/www.eldigitaldeasturias.com\/noticias\/#organization"},"image":{"@type":"ImageObject","url":1093439},"datePublished":"2021-06-09T12:53:20+02:00","dateModified":"2021-06-09T12:53:20+02:00","inLanguage":"es-ES","mainEntityOfPage":{"@id":"https:\/\/www.eldigitaldeasturias.com\/noticias\/las-tendencias-de-decoracion-de-casa-en-asturias-para-este-verano\/#webpage"},"isPartOf":{"@id":"https:\/\/www.eldigitaldeasturias.com\/noticias\/las-tendencias-de-decoracion-de-casa-en-asturias-para-este-verano\/#webpage"},"articleSection":"Revista de Ocio"},{"@type":"BreadcrumbList","@id":"https:\/\/www.eldigitaldeasturias.com\/noticias\/las-tendencias-de-decoracion-de-casa-en-asturias-para-este-verano\/#breadcrumblist","itemListElement":[{"@type":"ListItem","@id":"https:\/\/www.eldigitaldeasturias.com\/noticias#listItem","position":1,"name":"Home","item":"https:\/\/www.eldigitaldeasturias.com\/noticias","nextItem":{"@type":"ListItem","@id":"https:\/\/www.eldigitaldeasturias.com\/noticias\/category\/revista-de-ocio\/#listItem","name":"Revista de Ocio"}},{"@type":"ListItem","@id":"https:\/\/www.eldigitaldeasturias.com\/noticias\/category\/revista-de-ocio\/#listItem","position":2,"name":"Revista de Ocio","item":"https:\/\/www.eldigitaldeasturias.com\/noticias\/category\/revista-de-ocio\/","nextItem":{"@type":"ListItem","@id":"https:\/\/www.eldigitaldeasturias.com\/noticias\/las-tendencias-de-decoracion-de-casa-en-asturias-para-este-verano\/#listItem","name":"Las tendencias de decoraci\u00f3n de casa en Asturias para este verano"},"previousItem":{"@type":"ListItem","@id":"https:\/\/www.eldigitaldeasturias.com\/noticias#listItem","name":"Home"}},{"@type":"ListItem","@id":"https:\/\/www.eldigitaldeasturias.com\/noticias\/las-tendencias-de-decoracion-de-casa-en-asturias-para-este-verano\/#listItem","position":3,"name":"Las tendencias de decoraci\u00f3n de casa en Asturias para este verano","previousItem":{"@type":"ListItem","@id":"https:\/\/www.eldigitaldeasturias.com\/noticias\/category\/revista-de-ocio\/#listItem","name":"Revista de Ocio"}}]},{"@type":"Organization","@id":"https:\/\/www.eldigitaldeasturias.com\/noticias\/#organization","name":"El Digital de Asturias","description":"Hemeroteca","url":"https:\/\/www.eldigitaldeasturias.com\/noticias\/","email":"info@eldigitaldeasturias.com","telephone":"+34652131393","logo":{"@type":"ImageObject","url":"https:\/\/www.eldigitaldeasturias.com\/noticias\/wp-content\/uploads\/2020\/12\/EDA.jpg","@id":"https:\/\/www.eldigitaldeasturias.com\/noticias\/las-tendencias-de-decoracion-de-casa-en-asturias-para-este-verano\/#organizationLogo"},"image":{"@id":"https:\/\/www.eldigitaldeasturias.com\/noticias\/las-tendencias-de-decoracion-de-casa-en-asturias-para-este-verano\/#organizationLogo"},"sameAs":["https:\/\/facebook.com\/eldigitaldeasturias","https:\/\/www.youtube.com\/channel\/UCZP-2wLEB9Rv6erhFmqVnvg"],"address":{"@id":"https:\/\/www.eldigitaldeasturias.com\/noticias\/#postaladdress","@type":"PostalAddress","streetAddress":"san antonio 4","postalCode":"33430","addressLocality":"Cand\u00e1s","addressRegion":"Asturias","addressCountry":"ES"}},{"@type":"Person","@id":"https:\/\/www.eldigitaldeasturias.com\/noticias\/author\/admin\/#author","url":"https:\/\/www.eldigitaldeasturias.com\/noticias\/author\/admin\/","name":"El Digital de Asturias","image":{"@type":"ImageObject","@id":"https:\/\/www.eldigitaldeasturias.com\/noticias\/las-tendencias-de-decoracion-de-casa-en-asturias-para-este-verano\/#authorImage","url":"https:\/\/secure.gravatar.com\/avatar\/df2aeffc32bcd13f8d26072ef8a91b623d677766deac7f97ca815868cd41bf5e?s=96&d=mm&r=g","width":96,"height":96,"caption":"El Digital de Asturias"}},{"@type":"WebPage","@id":"https:\/\/www.eldigitaldeasturias.com\/noticias\/las-tendencias-de-decoracion-de-casa-en-asturias-para-este-verano\/#webpage","url":"https:\/\/www.eldigitaldeasturias.com\/noticias\/las-tendencias-de-decoracion-de-casa-en-asturias-para-este-verano\/","name":"Las tendencias de decoraci\u00f3n de casa en Asturias para este verano - El Digital de Asturias","description":"Especialmente en Asturias, se vive la gran tendencia de la jungla dentro de casa. Las plantas de interior para este verano son unas de las formas ..","inLanguage":"es-ES","isPartOf":{"@id":"https:\/\/www.eldigitaldeasturias.com\/noticias\/#website"},"breadcrumb":{"@id":"https:\/\/www.eldigitaldeasturias.com\/noticias\/las-tendencias-de-decoracion-de-casa-en-asturias-para-este-verano\/#breadcrumblist"},"author":{"@id":"https:\/\/www.eldigitaldeasturias.com\/noticias\/author\/admin\/#author"},"creator":{"@id":"https:\/\/www.eldigitaldeasturias.com\/noticias\/author\/admin\/#author"},"image":{"@type":"ImageObject","url":1093439,"@id":"https:\/\/www.eldigitaldeasturias.com\/noticias\/las-tendencias-de-decoracion-de-casa-en-asturias-para-este-verano\/#mainImage"},"primaryImageOfPage":{"@id":"https:\/\/www.eldigitaldeasturias.com\/noticias\/las-tendencias-de-decoracion-de-casa-en-asturias-para-este-verano\/#mainImage"},"datePublished":"2021-06-09T12:53:20+02:00","dateModified":"2021-06-09T12:53:20+02:00"},{"@type":"WebSite","@id":"https:\/\/www.eldigitaldeasturias.com\/noticias\/#website","url":"https:\/\/www.eldigitaldeasturias.com\/noticias\/","name":"El Digital de Asturias - Diario de actualidad y noticias","alternateName":"El Digital de Asturias - Diario de actualidad y noticias","description":"Hemeroteca","inLanguage":"es-ES","publisher":{"@id":"https:\/\/www.eldigitaldeasturias.com\/noticias\/#organization"}}]},"og:locale":"es_ES","og:site_name":"El Digital de Asturias","og:type":"article","og:title":"Las tendencias de decoraci\u00f3n de casa en Asturias para este verano - El Digital de Asturias","og:description":"Especialmente en Asturias, se vive la gran tendencia de la jungla dentro de casa. Las plantas de interior para este verano son unas de las formas ..","og:url":"https:\/\/www.eldigitaldeasturias.com\/noticias\/las-tendencias-de-decoracion-de-casa-en-asturias-para-este-verano\/","article:tag":["asturias","revista","hogar","tendencias","revista de ocio"],"article:published_time":"2021-06-09T11:53:20+00:00","article:modified_time":"2021-06-09T11:53:20+00:00","article:publisher":"https:\/\/facebook.com\/eldigitaldeasturias","twitter:card":"summary_large_image","twitter:title":"Las tendencias de decoraci\u00f3n de casa en Asturias para este verano - El Digital de Asturias","twitter:description":"Especialmente en Asturias, se vive la gran tendencia de la jungla dentro de casa. Las plantas de interior para este verano son unas de las formas ..","twitter:image":"https:\/\/www.eldigitaldeasturias.com\/noticias\/wp-content\/uploads\/2020\/12\/EDA-1.jpg","twitter:label1":"Escrito por","twitter:data1":"El Digital de Asturias","twitter:label2":"Tiempo de lectura estimado","twitter:data2":"4 minutos"},"aioseo_meta_data":{"post_id":"1093438","title":null,"description":"Especialmente en Asturias, se vive la gran tendencia de la jungla dentro de casa. Las plantas de interior para este verano son unas de las formas ..","keywords":[{"label":"Asturias","value":"Asturias"},{"label":" revista","value":" revista"},{"label":" hogar","value":" hogar"},{"label":" tendencias","value":" tendencias"}],"keyphrases":{"focus":{"keyphrase":"Asturias","score":67,"analysis":{"keyphraseInTitle":{"title":"Frase clave objetivo en el t\u00edtulo SEO","description":"Frase clave objetivo encontrada en el t\u00edtulo SEO.","score":9,"maxScore":9,"error":0},"keyphraseInDescription":{"title":"Frase clave objetivo en la meta descripci\u00f3n","description":"Frase clave objetivo encontrada en la meta descripci\u00f3n.","score":9,"maxScore":9,"error":0},"keyphraseInURL":[],"keyphraseInIntroduction":{"title":"Frase clave objetivo en la introducci\u00f3n","description":"Su Frase clave objetivo no aparece en el primer p\u00e1rrafo. Aseg\u00farese de que el tema est\u00e9 claro de inmediato.","score":3,"maxScore":9,"error":1},"keyphraseInSubHeadings":{"title":"Frase clave objetivo sus subt\u00edtulos","description":"Use your focus keyphrase more in your H2 and H3 subheadings.","score":3,"maxScore":9,"error":1},"keyphraseLength":{"title":"Longitud de la Frase clave objetivo","description":"\u00a1Buen trabajo!","score":9,"maxScore":9,"error":0,"length":1},"keyphraseInImageAlt":{"title":"Frase clave objetivo en los atributos alt de la imagen.","description":"Frase clave objetivo no se encuentra en los atributos alt de la imagen. A\u00f1ada una imagen con su Frase clave objetivo como texto alternativo.","score":3,"maxScore":9,"error":1}}},"additional":[{"keyphrase":"decoraci\u00f3n","score":67,"analysis":{"keyphraseInDescription":{"title":"Frase clave en la meta descripci\u00f3n","description":"Frase clave no se encuentra en la meta descripci\u00f3n.","score":3,"maxScore":9,"error":1},"keyphraseInIntroduction":{"title":"Frase clave en la introducci\u00f3n","description":"Su Frase clave no aparece en el primer p\u00e1rrafo. Aseg\u00farese de que el tema est\u00e9 claro de inmediato.","score":3,"maxScore":9,"error":1},"keyphraseInImageAlt":{"title":"Frase clave en los atributos alt de la imagen.","description":"Frase clave encontrada en los atributos alt de la(s) imagen(es).","score":9,"maxScore":9,"error":0},"keyphraseLength":{"title":"Longitud de la Frase clave","description":"\u00a1Buen trabajo!","score":9,"maxScore":9,"error":0,"length":1}}},{"keyphrase":"plantas de interior ","score":67,"analysis":{"keyphraseInDescription":{"title":"Frase clave en la meta descripci\u00f3n","description":"Frase clave encontrada en la meta descripci\u00f3n.","score":9,"maxScore":9,"error":0},"keyphraseInIntroduction":{"title":"Frase clave en la introducci\u00f3n","description":"Su Frase clave no aparece en el primer p\u00e1rrafo. Aseg\u00farese de que el tema est\u00e9 claro de inmediato.","score":3,"maxScore":9,"error":1},"keyphraseInImageAlt":{"title":"Frase clave en los atributos alt de la imagen.","description":"Frase clave no se encuentra en los atributos alt de la imagen. A\u00f1ada una imagen con su Frase clave como texto alternativo.","score":3,"maxScore":9,"error":1},"keyphraseLength":{"title":"Longitud de la Frase clave","description":"\u00a1Buen trabajo!","score":9,"maxScore":9,"error":0,"length":3}}}]},"primary_term":null,"canonical_url":null,"og_title":null,"og_description":null,"og_object_type":"default","og_image_type":"default","og_image_url":null,"og_image_width":null,"og_image_height":null,"og_image_custom_url":null,"og_image_custom_fields":null,"og_video":"","og_custom_url":null,"og_article_section":null,"og_article_tags":[],"twitter_use_og":false,"twitter_card":"default","twitter_image_type":"default","twitter_image_url":null,"twitter_image_custom_url":null,"twitter_image_custom_fields":null,"twitter_title":null,"twitter_description":null,"schema":{"blockGraphs":[],"customGraphs":[],"default":{"data":{"Article":[],"Course":[],"Dataset":[],"FAQPage":[],"Movie":[],"Person":[],"Product":[],"ProductReview":[],"Car":[],"Recipe":[],"Service":[],"SoftwareApplication":[],"WebPage":[]},"graphName":"","isEnabled":true},"graphs":[],"defaultGraph":"Article","defaultPostTypeGraph":""},"schema_type":"default","schema_type_options":"{\"article\":{\"articleType\":\"BlogPosting\"},\"course\":{\"name\":\"\",\"description\":\"\",\"provider\":\"\"},\"faq\":{\"pages\":[]},\"product\":{\"reviews\":[]},\"recipe\":{\"ingredients\":[],\"instructions\":[],\"keywords\":[]},\"software\":{\"reviews\":[],\"operatingSystems\":[]},\"webPage\":{\"webPageType\":\"WebPage\"}}","pillar_content":false,"robots_default":true,"robots_noindex":false,"robots_noarchive":false,"robots_nosnippet":false,"robots_nofollow":false,"robots_noimageindex":false,"robots_noodp":false,"robots_notranslate":false,"robots_max_snippet":"-1","robots_max_videopreview":"-1","robots_max_imagepreview":"large","priority":null,"frequency":"default","local_seo":{"locations":{"business":{"name":"","businessType":"","image":"","areaServed":"","urls":{"website":"","aboutPage":"","contactPage":""},"address":{"streetLine1":"","streetLine2":"","zipCode":"","city":"","state":"","country":"","addressFormat":"#streetLineOne\n#streetLineTwo\n#city, #state #zipCode"},"contact":{"email":"","phone":"","phoneFormatted":"","fax":"","faxFormatted":""},"ids":{"vat":"","tax":"","chamberOfCommerce":""},"payment":{"priceRange":"","currenciesAccepted":"","methods":""}}},"openingHours":{"useDefaults":true,"show":true,"alwaysOpen":false,"use24hFormat":false,"timezone":"","labels":{"closed":"","alwaysOpen":""},"days":{"monday":{"open24h":false,"closed":false,"openTime":"09:00","closeTime":"17:00"},"tuesday":{"open24h":false,"closed":false,"openTime":"09:00","closeTime":"17:00"},"wednesday":{"open24h":false,"closed":false,"openTime":"09:00","closeTime":"17:00"},"thursday":{"open24h":false,"closed":false,"openTime":"09:00","closeTime":"17:00"},"friday":{"open24h":false,"closed":false,"openTime":"09:00","closeTime":"17:00"},"saturday":{"open24h":false,"closed":false,"openTime":"09:00","closeTime":"17:00"},"sunday":{"open24h":false,"closed":false,"openTime":"09:00","closeTime":"17:00"}}}},"seo_analyzer_scan_date":"2026-07-18 15:01:49","breadcrumb_settings":null,"limit_modified_date":false,"open_ai":null,"ai":null,"created":"2021-06-09 11:48:54","updated":"2026-07-18 15:01:49","focus_keyword":"Asturias","additional_keywords":[{"word":"decoraci\u00f3n","score":67},{"word":"plantas de interior","score":67}],"truseo_locale":null},"aioseo_breadcrumb":"<div class=\"aioseo-breadcrumbs\"><span class=\"aioseo-breadcrumb\">\n\t<a href=\"https:\/\/www.eldigitaldeasturias.com\/noticias\" title=\"Home\">Home<\/a>\n<\/span><span class=\"aioseo-breadcrumb-separator\">\u2013<\/span><span class=\"aioseo-breadcrumb\">\n\t<a href=\"https:\/\/www.eldigitaldeasturias.com\/noticias\/category\/revista-de-ocio\/\" title=\"Revista de Ocio\">Revista de Ocio<\/a>\n<\/span><span class=\"aioseo-breadcrumb-separator\">\u2013<\/span><span class=\"aioseo-breadcrumb\">\n\t<a href=\"https:\/\/www.eldigitaldeasturias.com\/noticias\/las-tendencias-de-decoracion-de-casa-en-asturias-para-este-verano\/\" title=\"Las tendencias de decoraci\u00f3n de casa en Asturias para este verano\">Las tendencias de decoraci\u00f3n de casa en Asturias para este verano<\/a>\n<\/span><\/div>","aioseo_breadcrumb_json":[{"label":"Home","link":"https:\/\/www.eldigitaldeasturias.com\/noticias"},{"label":"Revista de Ocio","link":"https:\/\/www.eldigitaldeasturias.com\/noticias\/category\/revista-de-ocio\/"},{"label":"Las tendencias de decoraci\u00f3n de casa en Asturias para este verano","link":"https:\/\/www.eldigitaldeasturias.com\/noticias\/las-tendencias-de-decoracion-de-casa-en-asturias-para-este-verano\/"}],"_links":{"self":[{"href":"https:\/\/www.eldigitaldeasturias.com\/noticias\/wp-json\/wp\/v2\/posts\/1093438","targetHints":{"allow":["GET"]}}],"collection":[{"href":"https:\/\/www.eldigitaldeasturias.com\/noticias\/wp-json\/wp\/v2\/posts"}],"about":[{"href":"https:\/\/www.eldigitaldeasturias.com\/noticias\/wp-json\/wp\/v2\/types\/post"}],"author":[{"embeddable":true,"href":"https:\/\/www.eldigitaldeasturias.com\/noticias\/wp-json\/wp\/v2\/users\/1"}],"replies":[{"embeddable":true,"href":"https:\/\/www.eldigitaldeasturias.com\/noticias\/wp-json\/wp\/v2\/comments?post=1093438"}],"version-history":[{"count":0,"href":"https:\/\/www.eldigitaldeasturias.com\/noticias\/wp-json\/wp\/v2\/posts\/1093438\/revisions"}],"wp:attachment":[{"href":"https:\/\/www.eldigitaldeasturias.com\/noticias\/wp-json\/wp\/v2\/media?parent=1093438"}],"wp:term":[{"taxonomy":"category","embeddable":true,"href":"https:\/\/www.eldigitaldeasturias.com\/noticias\/wp-json\/wp\/v2\/categories?post=1093438"},{"taxonomy":"post_tag","embeddable":true,"href":"https:\/\/www.eldigitaldeasturias.com\/noticias\/wp-json\/wp\/v2\/tags?post=1093438"}],"curies":[{"name":"wp","href":"https:\/\/api.w.org\/{rel}","templated":true}]}}