{"id":1093306,"date":"2021-06-07T07:00:40","date_gmt":"2021-06-07T06:00:40","guid":{"rendered":"https:\/\/www.eldigitaldeasturias.com\/noticias\/?p=1093306"},"modified":"2021-06-07T07:00:40","modified_gmt":"2021-06-07T06:00:40","slug":"violencia-de-chicago-un-muerto-y-al-menos-una-docena-de-heridos","status":"publish","type":"post","link":"https:\/\/www.eldigitaldeasturias.com\/noticias\/violencia-de-chicago-un-muerto-y-al-menos-una-docena-de-heridos\/","title":{"rendered":"Violencia de Chicago: Un muerto y al menos una docena de heridos"},"content":{"rendered":"<p><img loading=\"lazy\" decoding=\"async\" class=\"alignleft size-medium wp-image-730355\" src=\"https:\/\/www.eldigitaldeasturias.com\/noticias\/wp-content\/uploads\/2014\/12\/8629551w-360x218.jpg\" alt=\"\" width=\"360\" height=\"218\" \/>Chicago (tca\/dpa) &#8211;\u00a0 Ocho personas resultaron heridas en un tiroteo en la madrugada del domingo en el barrio de Burnside, en el South Side de Chicago, seg\u00fan el Departamento de Polic\u00eda de Chicago.<\/p>\n<p>Seis hombres y dos mujeres se encontraban en el bloque 8900 de South Cottage Grove alrededor de las 4 de la ma\u00f1ana cuando dos ocupantes de un sed\u00e1n plateado dispararon contra el grupo, dijo la polic\u00eda.<\/p>\n<p>Seis personas fueron trasladadas a hospitales de la zona en estado entre grave y cr\u00edtico, y dos personas se encontraban en estado entre regular y bueno, seg\u00fan las autoridades.<\/p>\n<p>Las edades de las v\u00edctimas oscilan entre los 28 y los 38 a\u00f1os, y recibieron disparos en varias partes del cuerpo, seg\u00fan la polic\u00eda. Un hombre de 33 a\u00f1os recibi\u00f3 un disparo en el pecho, otro de 31 en la espalda y la pierna, otro de 29 en la espalda y una mujer de 32 en la cabeza. Un hombre de 28 a\u00f1os recibi\u00f3 un disparo en la pierna derecha, un hombre de 31 a\u00f1os ten\u00eda un disparo en las nalgas, un hombre de 28 a\u00f1os ten\u00eda un disparo en la espalda y una mujer de 38 a\u00f1os ten\u00eda un disparo en la pierna izquierda.<\/p>\n<p>En otros tiroteos ocurridos en Chicago durante el fin de semana, una persona result\u00f3 herida de muerte y al menos una docena de personas han resultado heridas desde el s\u00e1bado por la ma\u00f1ana, seg\u00fan inform\u00f3 la polic\u00eda de Chicago.<\/p>\n<p>El \u00faltimo ataque mortal se produjo el s\u00e1bado por la tarde en el barrio de West Englewood, en el bloque 6400 de South Hoyne Avenue.<\/p>\n<p>Un hombre de 26 a\u00f1os fue abordado por un veh\u00edculo desconocido y un ocupante del mismo efectu\u00f3 disparos, seg\u00fan las autoridades.<\/p>\n<p>El hombre ten\u00eda disparos en el pecho, la cadera y el cuello, y fue declarado muerto en el Hospital Holy Cross, dijo la polic\u00eda.<\/p>\n<p>By Maggie Prosser, Chicago Tribune<\/p>\n<p>&nbsp;<\/p>\n","protected":false},"excerpt":{"rendered":"<p>Chicago (tca\/dpa) &#8211;\u00a0 Ocho personas resultaron heridas en un tiroteo en la madrugada del domingo en el barrio de Burnside, en el South Side de Chicago, seg\u00fan el Departamento de Polic\u00eda de Chicago. Seis hombres y dos mujeres se encontraban en el bloque 8900 de South Cottage Grove alrededor de las 4 de la ma\u00f1ana [&hellip;]<\/p>\n","protected":false},"author":1,"featured_media":730355,"comment_status":"closed","ping_status":"closed","sticky":false,"template":"","format":"standard","meta":{"footnotes":""},"categories":[5],"tags":[],"class_list":["post-1093306","post","type-post","status-publish","format-standard","has-post-thumbnail","hentry","category-sucesos"],"aioseo_notices":[],"aioseo_head":"\n\t\t<!-- All in One SEO Pro 5.0.1 - aioseo.com -->\n\t<meta name=\"description\" content=\"Ocho personas resultaron heridas en un tiroteo en la madrugada del domingo en el barrio de Burnside, en el South Side de Chicago, seg\u00fan el Departamento ..\" \/>\n\t<meta name=\"robots\" content=\"max-image-preview:large\" \/>\n\t<meta name=\"author\" content=\"El Digital de Asturias\"\/>\n\t<meta name=\"google-site-verification\" content=\"UA-38556648-1\" \/>\n\t<meta name=\"msvalidate.01\" content=\"7dfe9f3f1b24437ab69f4f2559babe99\" \/>\n\t<meta name=\"keywords\" content=\"chicago,sucesos,violencia\" \/>\n\t<link rel=\"canonical\" href=\"https:\/\/www.eldigitaldeasturias.com\/noticias\/violencia-de-chicago-un-muerto-y-al-menos-una-docena-de-heridos\/\" \/>\n\t<meta name=\"generator\" content=\"All in One SEO Pro (AIOSEO) 5.0.1\" \/>\n\t\t<meta property=\"og:locale\" content=\"es_ES\" \/>\n\t\t<meta property=\"og:site_name\" content=\"El Digital de Asturias\" \/>\n\t\t<meta property=\"og:type\" content=\"article\" \/>\n\t\t<meta property=\"og:title\" content=\"Violencia de Chicago: Un muerto y al menos una docena de heridos - El Digital de Asturias\" \/>\n\t\t<meta property=\"og:description\" content=\"Ocho personas resultaron heridas en un tiroteo en la madrugada del domingo en el barrio de Burnside, en el South Side de Chicago, seg\u00fan el Departamento ..\" \/>\n\t\t<meta property=\"og:url\" content=\"https:\/\/www.eldigitaldeasturias.com\/noticias\/violencia-de-chicago-un-muerto-y-al-menos-una-docena-de-heridos\/\" \/>\n\t\t<meta property=\"article:tag\" content=\"chicago\" \/>\n\t\t<meta property=\"article:tag\" content=\"sucesos\" \/>\n\t\t<meta property=\"article:tag\" content=\"violencia\" \/>\n\t\t<meta property=\"article:published_time\" content=\"2021-06-07T06:00:40+00:00\" \/>\n\t\t<meta property=\"article:modified_time\" content=\"2021-06-07T06:00:40+00:00\" \/>\n\t\t<meta property=\"article:publisher\" content=\"https:\/\/facebook.com\/eldigitaldeasturias\" \/>\n\t\t<meta name=\"twitter:card\" content=\"summary_large_image\" \/>\n\t\t<meta name=\"twitter:title\" content=\"Violencia de Chicago: Un muerto y al menos una docena de heridos - El Digital de Asturias\" \/>\n\t\t<meta name=\"twitter:description\" content=\"Ocho personas resultaron heridas en un tiroteo en la madrugada del domingo en el barrio de Burnside, en el South Side de Chicago, seg\u00fan el Departamento ..\" \/>\n\t\t<meta name=\"twitter:image\" content=\"https:\/\/www.eldigitaldeasturias.com\/noticias\/wp-content\/uploads\/2020\/12\/EDA-1.jpg\" \/>\n\t\t<meta name=\"twitter:label1\" content=\"Escrito por\" \/>\n\t\t<meta name=\"twitter:data1\" content=\"El Digital de Asturias\" \/>\n\t\t<meta name=\"twitter:label2\" content=\"Tiempo de lectura estimado\" \/>\n\t\t<meta name=\"twitter:data2\" content=\"2 minutos\" \/>\n\t\t<script type=\"application\/ld+json\" class=\"aioseo-schema\">\n\t\t\t{\"@context\":\"https:\\\/\\\/schema.org\",\"@graph\":[{\"@type\":\"BlogPosting\",\"@id\":\"https:\\\/\\\/www.eldigitaldeasturias.com\\\/noticias\\\/violencia-de-chicago-un-muerto-y-al-menos-una-docena-de-heridos\\\/#blogposting\",\"name\":\"Violencia de Chicago: Un muerto y al menos una docena de heridos - El Digital de Asturias\",\"headline\":\"Violencia de Chicago: Un muerto y al menos una docena de heridos\",\"author\":{\"@id\":\"https:\\\/\\\/www.eldigitaldeasturias.com\\\/noticias\\\/author\\\/admin\\\/#author\"},\"publisher\":{\"@id\":\"https:\\\/\\\/www.eldigitaldeasturias.com\\\/noticias\\\/#organization\"},\"image\":{\"@type\":\"ImageObject\",\"url\":730355},\"datePublished\":\"2021-06-07T07:00:40+02:00\",\"dateModified\":\"2021-06-07T07:00:40+02:00\",\"inLanguage\":\"es-ES\",\"mainEntityOfPage\":{\"@id\":\"https:\\\/\\\/www.eldigitaldeasturias.com\\\/noticias\\\/violencia-de-chicago-un-muerto-y-al-menos-una-docena-de-heridos\\\/#webpage\"},\"isPartOf\":{\"@id\":\"https:\\\/\\\/www.eldigitaldeasturias.com\\\/noticias\\\/violencia-de-chicago-un-muerto-y-al-menos-una-docena-de-heridos\\\/#webpage\"},\"articleSection\":\"Sucesos\"},{\"@type\":\"BreadcrumbList\",\"@id\":\"https:\\\/\\\/www.eldigitaldeasturias.com\\\/noticias\\\/violencia-de-chicago-un-muerto-y-al-menos-una-docena-de-heridos\\\/#breadcrumblist\",\"itemListElement\":[{\"@type\":\"ListItem\",\"@id\":\"https:\\\/\\\/www.eldigitaldeasturias.com\\\/noticias#listItem\",\"position\":1,\"name\":\"Home\",\"item\":\"https:\\\/\\\/www.eldigitaldeasturias.com\\\/noticias\",\"nextItem\":{\"@type\":\"ListItem\",\"@id\":\"https:\\\/\\\/www.eldigitaldeasturias.com\\\/noticias\\\/category\\\/sucesos\\\/#listItem\",\"name\":\"Sucesos\"}},{\"@type\":\"ListItem\",\"@id\":\"https:\\\/\\\/www.eldigitaldeasturias.com\\\/noticias\\\/category\\\/sucesos\\\/#listItem\",\"position\":2,\"name\":\"Sucesos\",\"item\":\"https:\\\/\\\/www.eldigitaldeasturias.com\\\/noticias\\\/category\\\/sucesos\\\/\",\"nextItem\":{\"@type\":\"ListItem\",\"@id\":\"https:\\\/\\\/www.eldigitaldeasturias.com\\\/noticias\\\/violencia-de-chicago-un-muerto-y-al-menos-una-docena-de-heridos\\\/#listItem\",\"name\":\"Violencia de Chicago: Un muerto y al menos una docena de heridos\"},\"previousItem\":{\"@type\":\"ListItem\",\"@id\":\"https:\\\/\\\/www.eldigitaldeasturias.com\\\/noticias#listItem\",\"name\":\"Home\"}},{\"@type\":\"ListItem\",\"@id\":\"https:\\\/\\\/www.eldigitaldeasturias.com\\\/noticias\\\/violencia-de-chicago-un-muerto-y-al-menos-una-docena-de-heridos\\\/#listItem\",\"position\":3,\"name\":\"Violencia de Chicago: Un muerto y al menos una docena de heridos\",\"previousItem\":{\"@type\":\"ListItem\",\"@id\":\"https:\\\/\\\/www.eldigitaldeasturias.com\\\/noticias\\\/category\\\/sucesos\\\/#listItem\",\"name\":\"Sucesos\"}}]},{\"@type\":\"Organization\",\"@id\":\"https:\\\/\\\/www.eldigitaldeasturias.com\\\/noticias\\\/#organization\",\"name\":\"El Digital de Asturias\",\"description\":\"Hemeroteca\",\"url\":\"https:\\\/\\\/www.eldigitaldeasturias.com\\\/noticias\\\/\",\"email\":\"info@eldigitaldeasturias.com\",\"telephone\":\"+34652131393\",\"logo\":{\"@type\":\"ImageObject\",\"url\":\"https:\\\/\\\/www.eldigitaldeasturias.com\\\/noticias\\\/wp-content\\\/uploads\\\/2020\\\/12\\\/EDA.jpg\",\"@id\":\"https:\\\/\\\/www.eldigitaldeasturias.com\\\/noticias\\\/violencia-de-chicago-un-muerto-y-al-menos-una-docena-de-heridos\\\/#organizationLogo\"},\"image\":{\"@id\":\"https:\\\/\\\/www.eldigitaldeasturias.com\\\/noticias\\\/violencia-de-chicago-un-muerto-y-al-menos-una-docena-de-heridos\\\/#organizationLogo\"},\"sameAs\":[\"https:\\\/\\\/facebook.com\\\/eldigitaldeasturias\",\"https:\\\/\\\/www.youtube.com\\\/channel\\\/UCZP-2wLEB9Rv6erhFmqVnvg\"],\"address\":{\"@id\":\"https:\\\/\\\/www.eldigitaldeasturias.com\\\/noticias\\\/#postaladdress\",\"@type\":\"PostalAddress\",\"streetAddress\":\"san antonio 4\",\"postalCode\":\"33430\",\"addressLocality\":\"Cand\\u00e1s\",\"addressRegion\":\"Asturias\",\"addressCountry\":\"ES\"}},{\"@type\":\"Person\",\"@id\":\"https:\\\/\\\/www.eldigitaldeasturias.com\\\/noticias\\\/author\\\/admin\\\/#author\",\"url\":\"https:\\\/\\\/www.eldigitaldeasturias.com\\\/noticias\\\/author\\\/admin\\\/\",\"name\":\"El Digital de Asturias\",\"image\":{\"@type\":\"ImageObject\",\"@id\":\"https:\\\/\\\/www.eldigitaldeasturias.com\\\/noticias\\\/violencia-de-chicago-un-muerto-y-al-menos-una-docena-de-heridos\\\/#authorImage\",\"url\":\"https:\\\/\\\/secure.gravatar.com\\\/avatar\\\/df2aeffc32bcd13f8d26072ef8a91b623d677766deac7f97ca815868cd41bf5e?s=96&d=mm&r=g\",\"width\":96,\"height\":96,\"caption\":\"El Digital de Asturias\"}},{\"@type\":\"WebPage\",\"@id\":\"https:\\\/\\\/www.eldigitaldeasturias.com\\\/noticias\\\/violencia-de-chicago-un-muerto-y-al-menos-una-docena-de-heridos\\\/#webpage\",\"url\":\"https:\\\/\\\/www.eldigitaldeasturias.com\\\/noticias\\\/violencia-de-chicago-un-muerto-y-al-menos-una-docena-de-heridos\\\/\",\"name\":\"Violencia de Chicago: Un muerto y al menos una docena de heridos - El Digital de Asturias\",\"description\":\"Ocho personas resultaron heridas en un tiroteo en la madrugada del domingo en el barrio de Burnside, en el South Side de Chicago, seg\\u00fan el Departamento ..\",\"inLanguage\":\"es-ES\",\"isPartOf\":{\"@id\":\"https:\\\/\\\/www.eldigitaldeasturias.com\\\/noticias\\\/#website\"},\"breadcrumb\":{\"@id\":\"https:\\\/\\\/www.eldigitaldeasturias.com\\\/noticias\\\/violencia-de-chicago-un-muerto-y-al-menos-una-docena-de-heridos\\\/#breadcrumblist\"},\"author\":{\"@id\":\"https:\\\/\\\/www.eldigitaldeasturias.com\\\/noticias\\\/author\\\/admin\\\/#author\"},\"creator\":{\"@id\":\"https:\\\/\\\/www.eldigitaldeasturias.com\\\/noticias\\\/author\\\/admin\\\/#author\"},\"image\":{\"@type\":\"ImageObject\",\"url\":730355,\"@id\":\"https:\\\/\\\/www.eldigitaldeasturias.com\\\/noticias\\\/violencia-de-chicago-un-muerto-y-al-menos-una-docena-de-heridos\\\/#mainImage\"},\"primaryImageOfPage\":{\"@id\":\"https:\\\/\\\/www.eldigitaldeasturias.com\\\/noticias\\\/violencia-de-chicago-un-muerto-y-al-menos-una-docena-de-heridos\\\/#mainImage\"},\"datePublished\":\"2021-06-07T07:00:40+02:00\",\"dateModified\":\"2021-06-07T07:00:40+02:00\"},{\"@type\":\"WebSite\",\"@id\":\"https:\\\/\\\/www.eldigitaldeasturias.com\\\/noticias\\\/#website\",\"url\":\"https:\\\/\\\/www.eldigitaldeasturias.com\\\/noticias\\\/\",\"name\":\"El Digital de Asturias - Diario de actualidad y noticias\",\"alternateName\":\"El Digital de Asturias - Diario de actualidad y noticias\",\"description\":\"Hemeroteca\",\"inLanguage\":\"es-ES\",\"publisher\":{\"@id\":\"https:\\\/\\\/www.eldigitaldeasturias.com\\\/noticias\\\/#organization\"}}]}\n\t\t<\/script>\n\t\t<!-- All in One SEO Pro -->\r\n\t\t<title>Violencia de Chicago: Un muerto y al menos una docena de heridos - El Digital de Asturias<\/title>\n\n","aioseo_head_json":{"title":"Violencia de Chicago: Un muerto y al menos una docena de heridos - El Digital de Asturias","description":"Ocho personas resultaron heridas en un tiroteo en la madrugada del domingo en el barrio de Burnside, en el South Side de Chicago, seg\u00fan el Departamento ..","canonical_url":"https:\/\/www.eldigitaldeasturias.com\/noticias\/violencia-de-chicago-un-muerto-y-al-menos-una-docena-de-heridos\/","robots":"max-image-preview:large","keywords":"chicago,sucesos,violencia","webmasterTools":{"google-site-verification":"UA-38556648-1","msvalidate.01":"7dfe9f3f1b24437ab69f4f2559babe99","miscellaneous":""},"schema":{"@context":"https:\/\/schema.org","@graph":[{"@type":"BlogPosting","@id":"https:\/\/www.eldigitaldeasturias.com\/noticias\/violencia-de-chicago-un-muerto-y-al-menos-una-docena-de-heridos\/#blogposting","name":"Violencia de Chicago: Un muerto y al menos una docena de heridos - El Digital de Asturias","headline":"Violencia de Chicago: Un muerto y al menos una docena de heridos","author":{"@id":"https:\/\/www.eldigitaldeasturias.com\/noticias\/author\/admin\/#author"},"publisher":{"@id":"https:\/\/www.eldigitaldeasturias.com\/noticias\/#organization"},"image":{"@type":"ImageObject","url":730355},"datePublished":"2021-06-07T07:00:40+02:00","dateModified":"2021-06-07T07:00:40+02:00","inLanguage":"es-ES","mainEntityOfPage":{"@id":"https:\/\/www.eldigitaldeasturias.com\/noticias\/violencia-de-chicago-un-muerto-y-al-menos-una-docena-de-heridos\/#webpage"},"isPartOf":{"@id":"https:\/\/www.eldigitaldeasturias.com\/noticias\/violencia-de-chicago-un-muerto-y-al-menos-una-docena-de-heridos\/#webpage"},"articleSection":"Sucesos"},{"@type":"BreadcrumbList","@id":"https:\/\/www.eldigitaldeasturias.com\/noticias\/violencia-de-chicago-un-muerto-y-al-menos-una-docena-de-heridos\/#breadcrumblist","itemListElement":[{"@type":"ListItem","@id":"https:\/\/www.eldigitaldeasturias.com\/noticias#listItem","position":1,"name":"Home","item":"https:\/\/www.eldigitaldeasturias.com\/noticias","nextItem":{"@type":"ListItem","@id":"https:\/\/www.eldigitaldeasturias.com\/noticias\/category\/sucesos\/#listItem","name":"Sucesos"}},{"@type":"ListItem","@id":"https:\/\/www.eldigitaldeasturias.com\/noticias\/category\/sucesos\/#listItem","position":2,"name":"Sucesos","item":"https:\/\/www.eldigitaldeasturias.com\/noticias\/category\/sucesos\/","nextItem":{"@type":"ListItem","@id":"https:\/\/www.eldigitaldeasturias.com\/noticias\/violencia-de-chicago-un-muerto-y-al-menos-una-docena-de-heridos\/#listItem","name":"Violencia de Chicago: Un muerto y al menos una docena de heridos"},"previousItem":{"@type":"ListItem","@id":"https:\/\/www.eldigitaldeasturias.com\/noticias#listItem","name":"Home"}},{"@type":"ListItem","@id":"https:\/\/www.eldigitaldeasturias.com\/noticias\/violencia-de-chicago-un-muerto-y-al-menos-una-docena-de-heridos\/#listItem","position":3,"name":"Violencia de Chicago: Un muerto y al menos una docena de heridos","previousItem":{"@type":"ListItem","@id":"https:\/\/www.eldigitaldeasturias.com\/noticias\/category\/sucesos\/#listItem","name":"Sucesos"}}]},{"@type":"Organization","@id":"https:\/\/www.eldigitaldeasturias.com\/noticias\/#organization","name":"El Digital de Asturias","description":"Hemeroteca","url":"https:\/\/www.eldigitaldeasturias.com\/noticias\/","email":"info@eldigitaldeasturias.com","telephone":"+34652131393","logo":{"@type":"ImageObject","url":"https:\/\/www.eldigitaldeasturias.com\/noticias\/wp-content\/uploads\/2020\/12\/EDA.jpg","@id":"https:\/\/www.eldigitaldeasturias.com\/noticias\/violencia-de-chicago-un-muerto-y-al-menos-una-docena-de-heridos\/#organizationLogo"},"image":{"@id":"https:\/\/www.eldigitaldeasturias.com\/noticias\/violencia-de-chicago-un-muerto-y-al-menos-una-docena-de-heridos\/#organizationLogo"},"sameAs":["https:\/\/facebook.com\/eldigitaldeasturias","https:\/\/www.youtube.com\/channel\/UCZP-2wLEB9Rv6erhFmqVnvg"],"address":{"@id":"https:\/\/www.eldigitaldeasturias.com\/noticias\/#postaladdress","@type":"PostalAddress","streetAddress":"san antonio 4","postalCode":"33430","addressLocality":"Cand\u00e1s","addressRegion":"Asturias","addressCountry":"ES"}},{"@type":"Person","@id":"https:\/\/www.eldigitaldeasturias.com\/noticias\/author\/admin\/#author","url":"https:\/\/www.eldigitaldeasturias.com\/noticias\/author\/admin\/","name":"El Digital de Asturias","image":{"@type":"ImageObject","@id":"https:\/\/www.eldigitaldeasturias.com\/noticias\/violencia-de-chicago-un-muerto-y-al-menos-una-docena-de-heridos\/#authorImage","url":"https:\/\/secure.gravatar.com\/avatar\/df2aeffc32bcd13f8d26072ef8a91b623d677766deac7f97ca815868cd41bf5e?s=96&d=mm&r=g","width":96,"height":96,"caption":"El Digital de Asturias"}},{"@type":"WebPage","@id":"https:\/\/www.eldigitaldeasturias.com\/noticias\/violencia-de-chicago-un-muerto-y-al-menos-una-docena-de-heridos\/#webpage","url":"https:\/\/www.eldigitaldeasturias.com\/noticias\/violencia-de-chicago-un-muerto-y-al-menos-una-docena-de-heridos\/","name":"Violencia de Chicago: Un muerto y al menos una docena de heridos - El Digital de Asturias","description":"Ocho personas resultaron heridas en un tiroteo en la madrugada del domingo en el barrio de Burnside, en el South Side de Chicago, seg\u00fan el Departamento ..","inLanguage":"es-ES","isPartOf":{"@id":"https:\/\/www.eldigitaldeasturias.com\/noticias\/#website"},"breadcrumb":{"@id":"https:\/\/www.eldigitaldeasturias.com\/noticias\/violencia-de-chicago-un-muerto-y-al-menos-una-docena-de-heridos\/#breadcrumblist"},"author":{"@id":"https:\/\/www.eldigitaldeasturias.com\/noticias\/author\/admin\/#author"},"creator":{"@id":"https:\/\/www.eldigitaldeasturias.com\/noticias\/author\/admin\/#author"},"image":{"@type":"ImageObject","url":730355,"@id":"https:\/\/www.eldigitaldeasturias.com\/noticias\/violencia-de-chicago-un-muerto-y-al-menos-una-docena-de-heridos\/#mainImage"},"primaryImageOfPage":{"@id":"https:\/\/www.eldigitaldeasturias.com\/noticias\/violencia-de-chicago-un-muerto-y-al-menos-una-docena-de-heridos\/#mainImage"},"datePublished":"2021-06-07T07:00:40+02:00","dateModified":"2021-06-07T07:00:40+02:00"},{"@type":"WebSite","@id":"https:\/\/www.eldigitaldeasturias.com\/noticias\/#website","url":"https:\/\/www.eldigitaldeasturias.com\/noticias\/","name":"El Digital de Asturias - Diario de actualidad y noticias","alternateName":"El Digital de Asturias - Diario de actualidad y noticias","description":"Hemeroteca","inLanguage":"es-ES","publisher":{"@id":"https:\/\/www.eldigitaldeasturias.com\/noticias\/#organization"}}]},"og:locale":"es_ES","og:site_name":"El Digital de Asturias","og:type":"article","og:title":"Violencia de Chicago: Un muerto y al menos una docena de heridos - El Digital de Asturias","og:description":"Ocho personas resultaron heridas en un tiroteo en la madrugada del domingo en el barrio de Burnside, en el South Side de Chicago, seg\u00fan el Departamento ..","og:url":"https:\/\/www.eldigitaldeasturias.com\/noticias\/violencia-de-chicago-un-muerto-y-al-menos-una-docena-de-heridos\/","article:tag":["chicago","sucesos","violencia"],"article:published_time":"2021-06-07T06:00:40+00:00","article:modified_time":"2021-06-07T06:00:40+00:00","article:publisher":"https:\/\/facebook.com\/eldigitaldeasturias","twitter:card":"summary_large_image","twitter:title":"Violencia de Chicago: Un muerto y al menos una docena de heridos - El Digital de Asturias","twitter:description":"Ocho personas resultaron heridas en un tiroteo en la madrugada del domingo en el barrio de Burnside, en el South Side de Chicago, seg\u00fan el Departamento ..","twitter:image":"https:\/\/www.eldigitaldeasturias.com\/noticias\/wp-content\/uploads\/2020\/12\/EDA-1.jpg","twitter:label1":"Escrito por","twitter:data1":"El Digital de Asturias","twitter:label2":"Tiempo de lectura estimado","twitter:data2":"2 minutos"},"aioseo_meta_data":{"post_id":"1093306","title":null,"description":"Ocho personas resultaron heridas en un tiroteo en la madrugada del domingo en el barrio de Burnside, en el South Side de Chicago, seg\u00fan el Departamento ..","keywords":[{"label":"Chicago","value":"Chicago"},{"label":" sucesos","value":" sucesos"},{"label":" violencia","value":" violencia"}],"keyphrases":{"focus":{"keyphrase":"Chicago","score":87,"analysis":{"keyphraseInTitle":{"title":"Frase clave objetivo en el t\u00edtulo SEO","description":"Frase clave objetivo encontrada en el t\u00edtulo SEO.","score":9,"maxScore":9,"error":0},"keyphraseInDescription":{"title":"Frase clave objetivo en la meta descripci\u00f3n","description":"Frase clave objetivo encontrada en la meta descripci\u00f3n.","score":9,"maxScore":9,"error":0},"keyphraseInURL":[],"keyphraseInIntroduction":{"title":"Frase clave objetivo en la introducci\u00f3n","description":"Su Frase clave objetivo aparece en el primer p\u00e1rrafo. \u00a1Bien hecho!","score":9,"maxScore":9,"error":0},"keyphraseInSubHeadings":[],"keyphraseLength":{"title":"Longitud de la Frase clave objetivo","description":"\u00a1Buen trabajo!","score":9,"maxScore":9,"error":0,"length":1},"keyphraseInImageAlt":{"title":"Frase clave objetivo en los atributos alt de la imagen.","description":"Frase clave objetivo no se encuentra en los atributos alt de la imagen. A\u00f1ada una imagen con su Frase clave objetivo como texto alternativo.","score":3,"maxScore":9,"error":1}}},"additional":[{"keyphrase":"Ocho personas","score":83,"analysis":{"keyphraseInDescription":{"title":"Frase clave en la meta descripci\u00f3n","description":"Frase clave encontrada en la meta descripci\u00f3n.","score":9,"maxScore":9,"error":0},"keyphraseInIntroduction":{"title":"Frase clave en la introducci\u00f3n","description":"Su Frase clave aparece en el primer p\u00e1rrafo. \u00a1Bien hecho!","score":9,"maxScore":9,"error":0},"keyphraseInImageAlt":{"title":"Frase clave en los atributos alt de la imagen.","description":"Frase clave no se encuentra en los atributos alt de la imagen. A\u00f1ada una imagen con su Frase clave como texto alternativo.","score":3,"maxScore":9,"error":1},"keyphraseLength":{"title":"Longitud de la Frase clave","description":"\u00a1Buen trabajo!","score":9,"maxScore":9,"error":0,"length":2}}},{"keyphrase":"South Side de Chicago","score":83,"analysis":{"keyphraseInDescription":{"title":"Frase clave en la meta descripci\u00f3n","description":"Frase clave encontrada en la meta descripci\u00f3n.","score":9,"maxScore":9,"error":0},"keyphraseInIntroduction":{"title":"Frase clave en la introducci\u00f3n","description":"Su Frase clave aparece en el primer p\u00e1rrafo. \u00a1Bien hecho!","score":9,"maxScore":9,"error":0},"keyphraseInImageAlt":{"title":"Frase clave en los atributos alt de la imagen.","description":"Frase clave no se encuentra en los atributos alt de la imagen. A\u00f1ada una imagen con su Frase clave como texto alternativo.","score":3,"maxScore":9,"error":1},"keyphraseLength":{"title":"Longitud de la Frase clave","description":"\u00a1Buen trabajo!","score":9,"maxScore":9,"error":0,"length":4}}}]},"primary_term":null,"canonical_url":null,"og_title":null,"og_description":null,"og_object_type":"default","og_image_type":"default","og_image_url":null,"og_image_width":null,"og_image_height":null,"og_image_custom_url":null,"og_image_custom_fields":null,"og_video":"","og_custom_url":null,"og_article_section":null,"og_article_tags":[],"twitter_use_og":false,"twitter_card":"default","twitter_image_type":"default","twitter_image_url":null,"twitter_image_custom_url":null,"twitter_image_custom_fields":null,"twitter_title":null,"twitter_description":null,"schema":{"blockGraphs":[],"customGraphs":[],"default":{"data":{"Article":[],"Course":[],"Dataset":[],"FAQPage":[],"Movie":[],"Person":[],"Product":[],"ProductReview":[],"Car":[],"Recipe":[],"Service":[],"SoftwareApplication":[],"WebPage":[]},"graphName":"","isEnabled":true},"graphs":[],"defaultGraph":"Article","defaultPostTypeGraph":""},"schema_type":"default","schema_type_options":"{\"article\":{\"articleType\":\"BlogPosting\"},\"course\":{\"name\":\"\",\"description\":\"\",\"provider\":\"\"},\"faq\":{\"pages\":[]},\"product\":{\"reviews\":[]},\"recipe\":{\"ingredients\":[],\"instructions\":[],\"keywords\":[]},\"software\":{\"reviews\":[],\"operatingSystems\":[]},\"webPage\":{\"webPageType\":\"WebPage\"}}","pillar_content":false,"robots_default":true,"robots_noindex":false,"robots_noarchive":false,"robots_nosnippet":false,"robots_nofollow":false,"robots_noimageindex":false,"robots_noodp":false,"robots_notranslate":false,"robots_max_snippet":"-1","robots_max_videopreview":"-1","robots_max_imagepreview":"large","priority":null,"frequency":"default","local_seo":{"locations":{"business":{"name":"","businessType":"","image":"","areaServed":"","urls":{"website":"","aboutPage":"","contactPage":""},"address":{"streetLine1":"","streetLine2":"","zipCode":"","city":"","state":"","country":"","addressFormat":"#streetLineOne\n#streetLineTwo\n#city, #state #zipCode"},"contact":{"email":"","phone":"","phoneFormatted":"","fax":"","faxFormatted":""},"ids":{"vat":"","tax":"","chamberOfCommerce":""},"payment":{"priceRange":"","currenciesAccepted":"","methods":""}}},"openingHours":{"useDefaults":true,"show":true,"alwaysOpen":false,"use24hFormat":false,"timezone":"","labels":{"closed":"","alwaysOpen":""},"days":{"monday":{"open24h":false,"closed":false,"openTime":"09:00","closeTime":"17:00"},"tuesday":{"open24h":false,"closed":false,"openTime":"09:00","closeTime":"17:00"},"wednesday":{"open24h":false,"closed":false,"openTime":"09:00","closeTime":"17:00"},"thursday":{"open24h":false,"closed":false,"openTime":"09:00","closeTime":"17:00"},"friday":{"open24h":false,"closed":false,"openTime":"09:00","closeTime":"17:00"},"saturday":{"open24h":false,"closed":false,"openTime":"09:00","closeTime":"17:00"},"sunday":{"open24h":false,"closed":false,"openTime":"09:00","closeTime":"17:00"}}}},"seo_analyzer_scan_date":"2026-07-18 13:49:41","breadcrumb_settings":null,"limit_modified_date":false,"open_ai":null,"ai":null,"created":"2021-06-07 05:55:42","updated":"2026-07-18 13:49:41","focus_keyword":"Chicago","additional_keywords":[{"word":"Ocho personas","score":83},{"word":"South Side de Chicago","score":83}],"truseo_locale":null},"aioseo_breadcrumb":"<div class=\"aioseo-breadcrumbs\"><span class=\"aioseo-breadcrumb\">\n\t<a href=\"https:\/\/www.eldigitaldeasturias.com\/noticias\" title=\"Home\">Home<\/a>\n<\/span><span class=\"aioseo-breadcrumb-separator\">\u2013<\/span><span class=\"aioseo-breadcrumb\">\n\t<a href=\"https:\/\/www.eldigitaldeasturias.com\/noticias\/category\/sucesos\/\" title=\"Sucesos\">Sucesos<\/a>\n<\/span><span class=\"aioseo-breadcrumb-separator\">\u2013<\/span><span class=\"aioseo-breadcrumb\">\n\t<a href=\"https:\/\/www.eldigitaldeasturias.com\/noticias\/violencia-de-chicago-un-muerto-y-al-menos-una-docena-de-heridos\/\" title=\"Violencia de Chicago: Un muerto y al menos una docena de heridos\">Violencia de Chicago: Un muerto y al menos una docena de heridos<\/a>\n<\/span><\/div>","aioseo_breadcrumb_json":[{"label":"Home","link":"https:\/\/www.eldigitaldeasturias.com\/noticias"},{"label":"Sucesos","link":"https:\/\/www.eldigitaldeasturias.com\/noticias\/category\/sucesos\/"},{"label":"Violencia de Chicago: Un muerto y al menos una docena de heridos","link":"https:\/\/www.eldigitaldeasturias.com\/noticias\/violencia-de-chicago-un-muerto-y-al-menos-una-docena-de-heridos\/"}],"_links":{"self":[{"href":"https:\/\/www.eldigitaldeasturias.com\/noticias\/wp-json\/wp\/v2\/posts\/1093306","targetHints":{"allow":["GET"]}}],"collection":[{"href":"https:\/\/www.eldigitaldeasturias.com\/noticias\/wp-json\/wp\/v2\/posts"}],"about":[{"href":"https:\/\/www.eldigitaldeasturias.com\/noticias\/wp-json\/wp\/v2\/types\/post"}],"author":[{"embeddable":true,"href":"https:\/\/www.eldigitaldeasturias.com\/noticias\/wp-json\/wp\/v2\/users\/1"}],"replies":[{"embeddable":true,"href":"https:\/\/www.eldigitaldeasturias.com\/noticias\/wp-json\/wp\/v2\/comments?post=1093306"}],"version-history":[{"count":0,"href":"https:\/\/www.eldigitaldeasturias.com\/noticias\/wp-json\/wp\/v2\/posts\/1093306\/revisions"}],"wp:attachment":[{"href":"https:\/\/www.eldigitaldeasturias.com\/noticias\/wp-json\/wp\/v2\/media?parent=1093306"}],"wp:term":[{"taxonomy":"category","embeddable":true,"href":"https:\/\/www.eldigitaldeasturias.com\/noticias\/wp-json\/wp\/v2\/categories?post=1093306"},{"taxonomy":"post_tag","embeddable":true,"href":"https:\/\/www.eldigitaldeasturias.com\/noticias\/wp-json\/wp\/v2\/tags?post=1093306"}],"curies":[{"name":"wp","href":"https:\/\/api.w.org\/{rel}","templated":true}]}}