{"id":1093268,"date":"2021-06-06T15:05:28","date_gmt":"2021-06-06T14:05:28","guid":{"rendered":"https:\/\/www.eldigitaldeasturias.com\/noticias\/?p=1093268"},"modified":"2021-06-06T15:05:28","modified_gmt":"2021-06-06T14:05:28","slug":"ocio-y-cultura-en-asturias-durante-junio-de-2021","status":"publish","type":"post","link":"https:\/\/www.eldigitaldeasturias.com\/noticias\/ocio-y-cultura-en-asturias-durante-junio-de-2021\/","title":{"rendered":"Ocio y cultura en Asturias durante junio de 2021"},"content":{"rendered":"<p><img loading=\"lazy\" decoding=\"async\" class=\"alignleft size-medium wp-image-1093061\" src=\"https:\/\/www.eldigitaldeasturias.com\/noticias\/wp-content\/uploads\/2021\/06\/Premio-Museo-Barjola-360x277.jpg\" alt=\"Museo Barjola\" width=\"360\" height=\"277\" \/>Los equipamientos dependientes directa u org\u00e1nicamente del Gobierno de Asturias y los circuitos culturales promovidos por la Consejer\u00eda de Cultura, en colaboraci\u00f3n con los ayuntamientos desde el programa Asturies, Cultura en Rede; <strong>suman 207 actividades programadas para este mes<\/strong>.<\/p>\n<p><strong>Despu\u00e9s de incrementar notablemente su actividad tras las \u00faltimas convocatorias, los circuitos de Asturies<\/strong>, Cultura en Rede llevar\u00e1n 90 actividades por distintos concejos. As\u00ed, est\u00e1n programadas 17 funciones de artes esc\u00e9nicas, 12 actuaciones musicales, 8 exposiciones, 14 actividades de cultura tradicional, 6 de literatura, 3 encuentros en el circuito Autores del Cam\u00edn, y 30 proyecciones en la Cinemateca Ambulante.<\/p>\n<p>En cuanto a los equipamientos dependientes de la Consejer\u00eda asturiana de Cultura, su oferta tambi\u00e9n se intensifica en junio y presenta citas singulares, cada uno en su l\u00ednea habitual de programaci\u00f3n.<\/p>\n<h2>Museo de Bellas Artes de Asturias<\/h2>\n<p>Entre las propuestas del Museo de Bellas Artes de Asturias destacan dos inauguraciones: el d\u00eda 17, la de la muestra de Nicol\u00e1s Muller Viento norte, y el d\u00eda 24, la de la exposici\u00f3n Gusto y tradici\u00f3n, en la que se podr\u00e1n ver 23 de las obras de la colecci\u00f3n del conde de Villagonzalo y de Mar\u00eda Luisa Corrada.<\/p>\n<h2>Museo Arqueol\u00f3gico de Asturias<\/h2>\n<p>El Museo Arqueol\u00f3gico ser\u00e1 el escenario de las Jornadas Europeas de Arqueolog\u00eda, una iniciativa del Ministerio de Cultura del Gobierno de Francia, coordinada en Espa\u00f1a por el Instituto del Patrimonio Cultural de Espa\u00f1a, del Ministerio de Cultura y Deporte. Tendr\u00e1n lugar los d\u00edas 18 y 19, y consistir\u00e1n en una conferencia y una mesa redonda relacionada con el patrimonio arqueol\u00f3gico.<\/p>\n<h2>Museo Barjola<\/h2>\n<p>El Museo Barjola inaugura cuatro exposiciones este mes: La gira est\u00e1tica, del grupo asturiano Losone, una muestra multidisciplinar abierta ya desde el pasado viernes; Lo invisible, de Rosell Meseguer, comisariada por Natalia Alonso, que abrir\u00e1 el d\u00eda 11; Miraes 2021, que se inaugura el 25 y, a finales de mes, Nicol\u00e1s Muller, la mirada comprometida, en colaboraci\u00f3n con el Instituto Cervantes y comisariada por Jos\u00e9 Ferrero.<\/p>\n<h2>Centro Niemeyer<\/h2>\n<p>El Centro Niemeyer acoge del 19 al 27 la sexta edici\u00f3n del Festival de Cine LGTBI. Adem\u00e1s, el d\u00eda 25 se inaugura la exposici\u00f3n Joan Pon\u00e7. La esencia de lo m\u00e1gico. El centro cultural avilesino mantiene abiertas La emoci\u00f3n del espacio, hasta el d\u00eda 13, y la muestra Afluencias, de Miguel Trillo.<\/p>\n<h2>Ridea y Archivo Hist\u00f3rico<\/h2>\n<p>En la programaci\u00f3n del Ridea destaca la apertura, el d\u00eda 8, de la exposici\u00f3n 75 a\u00f1os de cultura asturiana, enmarcada en la conmemoraci\u00f3n de los 75 a\u00f1os de la instituci\u00f3n. Adem\u00e1s, tiene programadas dos conferencias del ciclo Perspectivas de la industria asturiana, y una sobre el comienzo de la Guerra de la Independencia. El Archivo Hist\u00f3rico, por su parte, inaugura el d\u00eda 14 la exposici\u00f3n El doctor Avelino Gonz\u00e1lez. De la beneficencia a la cuesti\u00f3n social. Adem\u00e1s, del 18 al 20 acoge los Encuentros entre mujeres cincuenter, en colaboraci\u00f3n con la Fundaci\u00f3n Municipal de Cultura de Oviedo.<\/p>\n<h2>Bibliotecas<\/h2>\n<p>La Biblioteca de Asturias Ram\u00f3n P\u00e9rez de Ayala presenta e inaugura el 11 la exposici\u00f3n Oviedo, origen y destino: el Camino de Santiago en 200 libros, que permanecer\u00e1 abierta hasta el 26 de septiembre. Tanto la Biblioteca de Asturias como la Biblioteca Jovellanos programan actividades para el p\u00fablico el primer y tercer fin de semana del mes.<\/p>\n<h2>Laboral Ciudad de la Cultura<\/h2>\n<p>En la programaci\u00f3n de Laboral Ciudad de la Cultura destacan el concierto de la cantaora Mar\u00eda Jos\u00e9 Llergo, el d\u00eda 18, y el espect\u00e1culo de Berto Romero Mucha tonter\u00eda, del 25 al 27.<\/p>\n<p>El resto de los espacios culturales dependientes de la Consejer\u00eda de Cultura y gestionados por la Sociedad P\u00fablica de Gesti\u00f3n y Promoci\u00f3n Tur\u00edstica y Cultural (Muja, Centro de Arte Rupestre Tito Bustillo, Centro del Prerrom\u00e1nico y Parque de la Prehistoria) mantienen su oferta habitual para todo tipo de p\u00fablico y programan, en conjunto, cerca de 50 de actividades.<\/p>\n<p>&nbsp;<\/p>\n","protected":false},"excerpt":{"rendered":"<p>Los equipamientos dependientes directa u org\u00e1nicamente del Gobierno de Asturias y los circuitos culturales promovidos por la Consejer\u00eda de Cultura, en colaboraci\u00f3n con los ayuntamientos desde el programa Asturies, Cultura en Rede; suman 207 actividades programadas para este mes. Despu\u00e9s de incrementar notablemente su actividad tras las \u00faltimas convocatorias, los circuitos de Asturies, Cultura en [&hellip;]<\/p>\n","protected":false},"author":1,"featured_media":1093061,"comment_status":"closed","ping_status":"closed","sticky":false,"template":"","format":"standard","meta":{"footnotes":""},"categories":[2],"tags":[],"class_list":["post-1093268","post","type-post","status-publish","format-standard","has-post-thumbnail","hentry","category-agenda"],"aioseo_notices":[],"aioseo_head":"\n\t\t<!-- All in One SEO Pro 5.0.1 - aioseo.com -->\n\t<meta name=\"description\" content=\"Los equipamientos dependientes de la Consejer\u00eda asturiana de Cultura, su oferta tambi\u00e9n se intensifica en junio y presenta citas singulares, cada uno en su ..\" \/>\n\t<meta name=\"robots\" content=\"max-image-preview:large\" \/>\n\t<meta name=\"author\" content=\"El Digital de Asturias\"\/>\n\t<meta name=\"google-site-verification\" content=\"UA-38556648-1\" \/>\n\t<meta name=\"msvalidate.01\" content=\"7dfe9f3f1b24437ab69f4f2559babe99\" \/>\n\t<meta name=\"keywords\" content=\"museo barjola,ocio,cultura,junio,asturias,agenda\" \/>\n\t<link rel=\"canonical\" href=\"https:\/\/www.eldigitaldeasturias.com\/noticias\/ocio-y-cultura-en-asturias-durante-junio-de-2021\/\" \/>\n\t<meta name=\"generator\" content=\"All in One SEO Pro (AIOSEO) 5.0.1\" \/>\n\t\t<meta property=\"og:locale\" content=\"es_ES\" \/>\n\t\t<meta property=\"og:site_name\" content=\"El Digital de Asturias\" \/>\n\t\t<meta property=\"og:type\" content=\"article\" \/>\n\t\t<meta property=\"og:title\" content=\"Ocio y cultura en Asturias durante junio de 2021 - El Digital de Asturias\" \/>\n\t\t<meta property=\"og:description\" content=\"Los equipamientos dependientes de la Consejer\u00eda asturiana de Cultura, su oferta tambi\u00e9n se intensifica en junio y presenta citas singulares, cada uno en su ..\" \/>\n\t\t<meta property=\"og:url\" content=\"https:\/\/www.eldigitaldeasturias.com\/noticias\/ocio-y-cultura-en-asturias-durante-junio-de-2021\/\" \/>\n\t\t<meta property=\"article:tag\" content=\"museo barjola\" \/>\n\t\t<meta property=\"article:tag\" content=\"ocio\" \/>\n\t\t<meta property=\"article:tag\" content=\"cultura\" \/>\n\t\t<meta property=\"article:tag\" content=\"junio\" \/>\n\t\t<meta property=\"article:tag\" content=\"asturias\" \/>\n\t\t<meta property=\"article:tag\" content=\"agenda\" \/>\n\t\t<meta property=\"article:published_time\" content=\"2021-06-06T14:05:28+00:00\" \/>\n\t\t<meta property=\"article:modified_time\" content=\"2021-06-06T14:05:28+00:00\" \/>\n\t\t<meta property=\"article:publisher\" content=\"https:\/\/facebook.com\/eldigitaldeasturias\" \/>\n\t\t<meta name=\"twitter:card\" content=\"summary_large_image\" \/>\n\t\t<meta name=\"twitter:title\" content=\"Ocio y cultura en Asturias durante junio de 2021 - El Digital de Asturias\" \/>\n\t\t<meta name=\"twitter:description\" content=\"Los equipamientos dependientes de la Consejer\u00eda asturiana de Cultura, su oferta tambi\u00e9n se intensifica en junio y presenta citas singulares, cada uno en su ..\" \/>\n\t\t<meta name=\"twitter:image\" content=\"https:\/\/www.eldigitaldeasturias.com\/noticias\/wp-content\/uploads\/2020\/12\/EDA-1.jpg\" \/>\n\t\t<meta name=\"twitter:label1\" content=\"Escrito por\" \/>\n\t\t<meta name=\"twitter:data1\" content=\"El Digital de Asturias\" \/>\n\t\t<meta name=\"twitter:label2\" content=\"Tiempo de lectura estimado\" \/>\n\t\t<meta name=\"twitter:data2\" content=\"3 minutos\" \/>\n\t\t<script type=\"application\/ld+json\" class=\"aioseo-schema\">\n\t\t\t{\"@context\":\"https:\\\/\\\/schema.org\",\"@graph\":[{\"@type\":\"BlogPosting\",\"@id\":\"https:\\\/\\\/www.eldigitaldeasturias.com\\\/noticias\\\/ocio-y-cultura-en-asturias-durante-junio-de-2021\\\/#blogposting\",\"name\":\"Ocio y cultura en Asturias durante junio de 2021 - El Digital de Asturias\",\"headline\":\"Ocio y cultura en Asturias durante junio de 2021\",\"author\":{\"@id\":\"https:\\\/\\\/www.eldigitaldeasturias.com\\\/noticias\\\/author\\\/admin\\\/#author\"},\"publisher\":{\"@id\":\"https:\\\/\\\/www.eldigitaldeasturias.com\\\/noticias\\\/#organization\"},\"image\":{\"@type\":\"ImageObject\",\"url\":1093061},\"datePublished\":\"2021-06-06T15:05:28+02:00\",\"dateModified\":\"2021-06-06T15:05:28+02:00\",\"inLanguage\":\"es-ES\",\"mainEntityOfPage\":{\"@id\":\"https:\\\/\\\/www.eldigitaldeasturias.com\\\/noticias\\\/ocio-y-cultura-en-asturias-durante-junio-de-2021\\\/#webpage\"},\"isPartOf\":{\"@id\":\"https:\\\/\\\/www.eldigitaldeasturias.com\\\/noticias\\\/ocio-y-cultura-en-asturias-durante-junio-de-2021\\\/#webpage\"},\"articleSection\":\"Agenda\"},{\"@type\":\"BreadcrumbList\",\"@id\":\"https:\\\/\\\/www.eldigitaldeasturias.com\\\/noticias\\\/ocio-y-cultura-en-asturias-durante-junio-de-2021\\\/#breadcrumblist\",\"itemListElement\":[{\"@type\":\"ListItem\",\"@id\":\"https:\\\/\\\/www.eldigitaldeasturias.com\\\/noticias#listItem\",\"position\":1,\"name\":\"Home\",\"item\":\"https:\\\/\\\/www.eldigitaldeasturias.com\\\/noticias\",\"nextItem\":{\"@type\":\"ListItem\",\"@id\":\"https:\\\/\\\/www.eldigitaldeasturias.com\\\/noticias\\\/category\\\/agenda\\\/#listItem\",\"name\":\"Agenda\"}},{\"@type\":\"ListItem\",\"@id\":\"https:\\\/\\\/www.eldigitaldeasturias.com\\\/noticias\\\/category\\\/agenda\\\/#listItem\",\"position\":2,\"name\":\"Agenda\",\"item\":\"https:\\\/\\\/www.eldigitaldeasturias.com\\\/noticias\\\/category\\\/agenda\\\/\",\"nextItem\":{\"@type\":\"ListItem\",\"@id\":\"https:\\\/\\\/www.eldigitaldeasturias.com\\\/noticias\\\/ocio-y-cultura-en-asturias-durante-junio-de-2021\\\/#listItem\",\"name\":\"Ocio y cultura en Asturias durante junio de 2021\"},\"previousItem\":{\"@type\":\"ListItem\",\"@id\":\"https:\\\/\\\/www.eldigitaldeasturias.com\\\/noticias#listItem\",\"name\":\"Home\"}},{\"@type\":\"ListItem\",\"@id\":\"https:\\\/\\\/www.eldigitaldeasturias.com\\\/noticias\\\/ocio-y-cultura-en-asturias-durante-junio-de-2021\\\/#listItem\",\"position\":3,\"name\":\"Ocio y cultura en Asturias durante junio de 2021\",\"previousItem\":{\"@type\":\"ListItem\",\"@id\":\"https:\\\/\\\/www.eldigitaldeasturias.com\\\/noticias\\\/category\\\/agenda\\\/#listItem\",\"name\":\"Agenda\"}}]},{\"@type\":\"Organization\",\"@id\":\"https:\\\/\\\/www.eldigitaldeasturias.com\\\/noticias\\\/#organization\",\"name\":\"El Digital de Asturias\",\"description\":\"Hemeroteca\",\"url\":\"https:\\\/\\\/www.eldigitaldeasturias.com\\\/noticias\\\/\",\"email\":\"info@eldigitaldeasturias.com\",\"telephone\":\"+34652131393\",\"logo\":{\"@type\":\"ImageObject\",\"url\":\"https:\\\/\\\/www.eldigitaldeasturias.com\\\/noticias\\\/wp-content\\\/uploads\\\/2020\\\/12\\\/EDA.jpg\",\"@id\":\"https:\\\/\\\/www.eldigitaldeasturias.com\\\/noticias\\\/ocio-y-cultura-en-asturias-durante-junio-de-2021\\\/#organizationLogo\"},\"image\":{\"@id\":\"https:\\\/\\\/www.eldigitaldeasturias.com\\\/noticias\\\/ocio-y-cultura-en-asturias-durante-junio-de-2021\\\/#organizationLogo\"},\"sameAs\":[\"https:\\\/\\\/facebook.com\\\/eldigitaldeasturias\",\"https:\\\/\\\/www.youtube.com\\\/channel\\\/UCZP-2wLEB9Rv6erhFmqVnvg\"],\"address\":{\"@id\":\"https:\\\/\\\/www.eldigitaldeasturias.com\\\/noticias\\\/#postaladdress\",\"@type\":\"PostalAddress\",\"streetAddress\":\"san antonio 4\",\"postalCode\":\"33430\",\"addressLocality\":\"Cand\\u00e1s\",\"addressRegion\":\"Asturias\",\"addressCountry\":\"ES\"}},{\"@type\":\"Person\",\"@id\":\"https:\\\/\\\/www.eldigitaldeasturias.com\\\/noticias\\\/author\\\/admin\\\/#author\",\"url\":\"https:\\\/\\\/www.eldigitaldeasturias.com\\\/noticias\\\/author\\\/admin\\\/\",\"name\":\"El Digital de Asturias\",\"image\":{\"@type\":\"ImageObject\",\"@id\":\"https:\\\/\\\/www.eldigitaldeasturias.com\\\/noticias\\\/ocio-y-cultura-en-asturias-durante-junio-de-2021\\\/#authorImage\",\"url\":\"https:\\\/\\\/secure.gravatar.com\\\/avatar\\\/df2aeffc32bcd13f8d26072ef8a91b623d677766deac7f97ca815868cd41bf5e?s=96&d=mm&r=g\",\"width\":96,\"height\":96,\"caption\":\"El Digital de Asturias\"}},{\"@type\":\"WebPage\",\"@id\":\"https:\\\/\\\/www.eldigitaldeasturias.com\\\/noticias\\\/ocio-y-cultura-en-asturias-durante-junio-de-2021\\\/#webpage\",\"url\":\"https:\\\/\\\/www.eldigitaldeasturias.com\\\/noticias\\\/ocio-y-cultura-en-asturias-durante-junio-de-2021\\\/\",\"name\":\"Ocio y cultura en Asturias durante junio de 2021 - El Digital de Asturias\",\"description\":\"Los equipamientos dependientes de la Consejer\\u00eda asturiana de Cultura, su oferta tambi\\u00e9n se intensifica en junio y presenta citas singulares, cada uno en su ..\",\"inLanguage\":\"es-ES\",\"isPartOf\":{\"@id\":\"https:\\\/\\\/www.eldigitaldeasturias.com\\\/noticias\\\/#website\"},\"breadcrumb\":{\"@id\":\"https:\\\/\\\/www.eldigitaldeasturias.com\\\/noticias\\\/ocio-y-cultura-en-asturias-durante-junio-de-2021\\\/#breadcrumblist\"},\"author\":{\"@id\":\"https:\\\/\\\/www.eldigitaldeasturias.com\\\/noticias\\\/author\\\/admin\\\/#author\"},\"creator\":{\"@id\":\"https:\\\/\\\/www.eldigitaldeasturias.com\\\/noticias\\\/author\\\/admin\\\/#author\"},\"image\":{\"@type\":\"ImageObject\",\"url\":1093061,\"@id\":\"https:\\\/\\\/www.eldigitaldeasturias.com\\\/noticias\\\/ocio-y-cultura-en-asturias-durante-junio-de-2021\\\/#mainImage\"},\"primaryImageOfPage\":{\"@id\":\"https:\\\/\\\/www.eldigitaldeasturias.com\\\/noticias\\\/ocio-y-cultura-en-asturias-durante-junio-de-2021\\\/#mainImage\"},\"datePublished\":\"2021-06-06T15:05:28+02:00\",\"dateModified\":\"2021-06-06T15:05:28+02:00\"},{\"@type\":\"WebSite\",\"@id\":\"https:\\\/\\\/www.eldigitaldeasturias.com\\\/noticias\\\/#website\",\"url\":\"https:\\\/\\\/www.eldigitaldeasturias.com\\\/noticias\\\/\",\"name\":\"El Digital de Asturias - Diario de actualidad y noticias\",\"alternateName\":\"El Digital de Asturias - Diario de actualidad y noticias\",\"description\":\"Hemeroteca\",\"inLanguage\":\"es-ES\",\"publisher\":{\"@id\":\"https:\\\/\\\/www.eldigitaldeasturias.com\\\/noticias\\\/#organization\"}}]}\n\t\t<\/script>\n\t\t<!-- All in One SEO Pro -->\r\n\t\t<title>Ocio y cultura en Asturias durante junio de 2021 - El Digital de Asturias<\/title>\n\n","aioseo_head_json":{"title":"Ocio y cultura en Asturias durante junio de 2021 - El Digital de Asturias","description":"Los equipamientos dependientes de la Consejer\u00eda asturiana de Cultura, su oferta tambi\u00e9n se intensifica en junio y presenta citas singulares, cada uno en su ..","canonical_url":"https:\/\/www.eldigitaldeasturias.com\/noticias\/ocio-y-cultura-en-asturias-durante-junio-de-2021\/","robots":"max-image-preview:large","keywords":"museo barjola,ocio,cultura,junio,asturias,agenda","webmasterTools":{"google-site-verification":"UA-38556648-1","msvalidate.01":"7dfe9f3f1b24437ab69f4f2559babe99","miscellaneous":""},"schema":{"@context":"https:\/\/schema.org","@graph":[{"@type":"BlogPosting","@id":"https:\/\/www.eldigitaldeasturias.com\/noticias\/ocio-y-cultura-en-asturias-durante-junio-de-2021\/#blogposting","name":"Ocio y cultura en Asturias durante junio de 2021 - El Digital de Asturias","headline":"Ocio y cultura en Asturias durante junio de 2021","author":{"@id":"https:\/\/www.eldigitaldeasturias.com\/noticias\/author\/admin\/#author"},"publisher":{"@id":"https:\/\/www.eldigitaldeasturias.com\/noticias\/#organization"},"image":{"@type":"ImageObject","url":1093061},"datePublished":"2021-06-06T15:05:28+02:00","dateModified":"2021-06-06T15:05:28+02:00","inLanguage":"es-ES","mainEntityOfPage":{"@id":"https:\/\/www.eldigitaldeasturias.com\/noticias\/ocio-y-cultura-en-asturias-durante-junio-de-2021\/#webpage"},"isPartOf":{"@id":"https:\/\/www.eldigitaldeasturias.com\/noticias\/ocio-y-cultura-en-asturias-durante-junio-de-2021\/#webpage"},"articleSection":"Agenda"},{"@type":"BreadcrumbList","@id":"https:\/\/www.eldigitaldeasturias.com\/noticias\/ocio-y-cultura-en-asturias-durante-junio-de-2021\/#breadcrumblist","itemListElement":[{"@type":"ListItem","@id":"https:\/\/www.eldigitaldeasturias.com\/noticias#listItem","position":1,"name":"Home","item":"https:\/\/www.eldigitaldeasturias.com\/noticias","nextItem":{"@type":"ListItem","@id":"https:\/\/www.eldigitaldeasturias.com\/noticias\/category\/agenda\/#listItem","name":"Agenda"}},{"@type":"ListItem","@id":"https:\/\/www.eldigitaldeasturias.com\/noticias\/category\/agenda\/#listItem","position":2,"name":"Agenda","item":"https:\/\/www.eldigitaldeasturias.com\/noticias\/category\/agenda\/","nextItem":{"@type":"ListItem","@id":"https:\/\/www.eldigitaldeasturias.com\/noticias\/ocio-y-cultura-en-asturias-durante-junio-de-2021\/#listItem","name":"Ocio y cultura en Asturias durante junio de 2021"},"previousItem":{"@type":"ListItem","@id":"https:\/\/www.eldigitaldeasturias.com\/noticias#listItem","name":"Home"}},{"@type":"ListItem","@id":"https:\/\/www.eldigitaldeasturias.com\/noticias\/ocio-y-cultura-en-asturias-durante-junio-de-2021\/#listItem","position":3,"name":"Ocio y cultura en Asturias durante junio de 2021","previousItem":{"@type":"ListItem","@id":"https:\/\/www.eldigitaldeasturias.com\/noticias\/category\/agenda\/#listItem","name":"Agenda"}}]},{"@type":"Organization","@id":"https:\/\/www.eldigitaldeasturias.com\/noticias\/#organization","name":"El Digital de Asturias","description":"Hemeroteca","url":"https:\/\/www.eldigitaldeasturias.com\/noticias\/","email":"info@eldigitaldeasturias.com","telephone":"+34652131393","logo":{"@type":"ImageObject","url":"https:\/\/www.eldigitaldeasturias.com\/noticias\/wp-content\/uploads\/2020\/12\/EDA.jpg","@id":"https:\/\/www.eldigitaldeasturias.com\/noticias\/ocio-y-cultura-en-asturias-durante-junio-de-2021\/#organizationLogo"},"image":{"@id":"https:\/\/www.eldigitaldeasturias.com\/noticias\/ocio-y-cultura-en-asturias-durante-junio-de-2021\/#organizationLogo"},"sameAs":["https:\/\/facebook.com\/eldigitaldeasturias","https:\/\/www.youtube.com\/channel\/UCZP-2wLEB9Rv6erhFmqVnvg"],"address":{"@id":"https:\/\/www.eldigitaldeasturias.com\/noticias\/#postaladdress","@type":"PostalAddress","streetAddress":"san antonio 4","postalCode":"33430","addressLocality":"Cand\u00e1s","addressRegion":"Asturias","addressCountry":"ES"}},{"@type":"Person","@id":"https:\/\/www.eldigitaldeasturias.com\/noticias\/author\/admin\/#author","url":"https:\/\/www.eldigitaldeasturias.com\/noticias\/author\/admin\/","name":"El Digital de Asturias","image":{"@type":"ImageObject","@id":"https:\/\/www.eldigitaldeasturias.com\/noticias\/ocio-y-cultura-en-asturias-durante-junio-de-2021\/#authorImage","url":"https:\/\/secure.gravatar.com\/avatar\/df2aeffc32bcd13f8d26072ef8a91b623d677766deac7f97ca815868cd41bf5e?s=96&d=mm&r=g","width":96,"height":96,"caption":"El Digital de Asturias"}},{"@type":"WebPage","@id":"https:\/\/www.eldigitaldeasturias.com\/noticias\/ocio-y-cultura-en-asturias-durante-junio-de-2021\/#webpage","url":"https:\/\/www.eldigitaldeasturias.com\/noticias\/ocio-y-cultura-en-asturias-durante-junio-de-2021\/","name":"Ocio y cultura en Asturias durante junio de 2021 - El Digital de Asturias","description":"Los equipamientos dependientes de la Consejer\u00eda asturiana de Cultura, su oferta tambi\u00e9n se intensifica en junio y presenta citas singulares, cada uno en su ..","inLanguage":"es-ES","isPartOf":{"@id":"https:\/\/www.eldigitaldeasturias.com\/noticias\/#website"},"breadcrumb":{"@id":"https:\/\/www.eldigitaldeasturias.com\/noticias\/ocio-y-cultura-en-asturias-durante-junio-de-2021\/#breadcrumblist"},"author":{"@id":"https:\/\/www.eldigitaldeasturias.com\/noticias\/author\/admin\/#author"},"creator":{"@id":"https:\/\/www.eldigitaldeasturias.com\/noticias\/author\/admin\/#author"},"image":{"@type":"ImageObject","url":1093061,"@id":"https:\/\/www.eldigitaldeasturias.com\/noticias\/ocio-y-cultura-en-asturias-durante-junio-de-2021\/#mainImage"},"primaryImageOfPage":{"@id":"https:\/\/www.eldigitaldeasturias.com\/noticias\/ocio-y-cultura-en-asturias-durante-junio-de-2021\/#mainImage"},"datePublished":"2021-06-06T15:05:28+02:00","dateModified":"2021-06-06T15:05:28+02:00"},{"@type":"WebSite","@id":"https:\/\/www.eldigitaldeasturias.com\/noticias\/#website","url":"https:\/\/www.eldigitaldeasturias.com\/noticias\/","name":"El Digital de Asturias - Diario de actualidad y noticias","alternateName":"El Digital de Asturias - Diario de actualidad y noticias","description":"Hemeroteca","inLanguage":"es-ES","publisher":{"@id":"https:\/\/www.eldigitaldeasturias.com\/noticias\/#organization"}}]},"og:locale":"es_ES","og:site_name":"El Digital de Asturias","og:type":"article","og:title":"Ocio y cultura en Asturias durante junio de 2021 - El Digital de Asturias","og:description":"Los equipamientos dependientes de la Consejer\u00eda asturiana de Cultura, su oferta tambi\u00e9n se intensifica en junio y presenta citas singulares, cada uno en su ..","og:url":"https:\/\/www.eldigitaldeasturias.com\/noticias\/ocio-y-cultura-en-asturias-durante-junio-de-2021\/","article:tag":["museo barjola","ocio","cultura","junio","asturias","agenda"],"article:published_time":"2021-06-06T14:05:28+00:00","article:modified_time":"2021-06-06T14:05:28+00:00","article:publisher":"https:\/\/facebook.com\/eldigitaldeasturias","twitter:card":"summary_large_image","twitter:title":"Ocio y cultura en Asturias durante junio de 2021 - El Digital de Asturias","twitter:description":"Los equipamientos dependientes de la Consejer\u00eda asturiana de Cultura, su oferta tambi\u00e9n se intensifica en junio y presenta citas singulares, cada uno en su ..","twitter:image":"https:\/\/www.eldigitaldeasturias.com\/noticias\/wp-content\/uploads\/2020\/12\/EDA-1.jpg","twitter:label1":"Escrito por","twitter:data1":"El Digital de Asturias","twitter:label2":"Tiempo de lectura estimado","twitter:data2":"3 minutos"},"aioseo_meta_data":{"post_id":"1093268","title":null,"description":"Los equipamientos dependientes de la Consejer\u00eda asturiana de Cultura, su oferta tambi\u00e9n se intensifica en junio y presenta citas singulares, cada uno en su ..","keywords":[{"label":"Museo Barjola","value":"Museo Barjola"},{"label":" ocio","value":" ocio"},{"label":" cultura","value":" cultura"},{"label":" junio","value":" junio"},{"label":" Asturias","value":" Asturias"}],"keyphrases":{"focus":{"keyphrase":"Cultura","score":73,"analysis":{"keyphraseInTitle":{"title":"Frase clave objetivo en el t\u00edtulo SEO","description":"Frase clave objetivo encontrada en el t\u00edtulo SEO.","score":9,"maxScore":9,"error":0},"keyphraseInDescription":{"title":"Frase clave objetivo en la meta descripci\u00f3n","description":"Frase clave objetivo encontrada en la meta descripci\u00f3n.","score":9,"maxScore":9,"error":0},"keyphraseInURL":{"title":"Frase clave objetivo en la URL","description":"Frase clave objetivo no encontrada en la URL.","score":1,"maxScore":5,"error":1},"keyphraseInIntroduction":{"title":"Frase clave objetivo en la introducci\u00f3n","description":"Su Frase clave objetivo aparece en el primer p\u00e1rrafo. \u00a1Bien hecho!","score":9,"maxScore":9,"error":0},"keyphraseInSubHeadings":{"title":"Frase clave objetivo sus subt\u00edtulos","description":"Utilice m\u00e1s frases clave objetivo en sus subt\u00edtulos H2 y H3.","score":3,"maxScore":9,"error":1},"keyphraseLength":{"title":"Longitud de la Frase clave objetivo","description":"\u00a1Buen trabajo!","score":9,"maxScore":9,"error":0,"length":1},"keyphraseInImageAlt":{"title":"Frase clave objetivo en los atributos alt de la imagen.","description":"Frase clave objetivo no se encuentra en los atributos alt de la imagen. A\u00f1ada una imagen con su Frase clave objetivo como texto alternativo.","score":3,"maxScore":9,"error":1}}},"additional":[{"keyphrase":"Museo Barjola","score":67,"analysis":{"keyphraseInDescription":{"title":"Frase clave en la meta descripci\u00f3n","description":"Frase clave no se encuentra en la meta descripci\u00f3n.","score":3,"maxScore":9,"error":1},"keyphraseInIntroduction":{"title":"Frase clave en la introducci\u00f3n","description":"Su Frase clave no aparece en el primer p\u00e1rrafo. Aseg\u00farese de que el tema est\u00e9 claro de inmediato.","score":3,"maxScore":9,"error":1},"keyphraseInImageAlt":{"title":"Frase clave en los atributos alt de la imagen.","description":"Frase clave encontrada en los atributos alt de la(s) imagen(es).","score":9,"maxScore":9,"error":0},"keyphraseLength":{"title":"Longitud de la Frase clave","description":"\u00a1Buen trabajo!","score":9,"maxScore":9,"error":0,"length":2}}},{"keyphrase":"junio","score":67,"analysis":{"keyphraseInDescription":{"title":"Frase clave en la meta descripci\u00f3n","description":"Frase clave encontrada en la meta descripci\u00f3n.","score":9,"maxScore":9,"error":0},"keyphraseInIntroduction":{"title":"Frase clave en la introducci\u00f3n","description":"Su Frase clave no aparece en el primer p\u00e1rrafo. Aseg\u00farese de que el tema est\u00e9 claro de inmediato.","score":3,"maxScore":9,"error":1},"keyphraseInImageAlt":{"title":"Frase clave en los atributos alt de la imagen.","description":"Frase clave no se encuentra en los atributos alt de la imagen. A\u00f1ada una imagen con su Frase clave como texto alternativo.","score":3,"maxScore":9,"error":1},"keyphraseLength":{"title":"Longitud de la Frase clave","description":"\u00a1Buen trabajo!","score":9,"maxScore":9,"error":0,"length":1}}},{"keyphrase":"asturiana","score":67,"analysis":{"keyphraseInDescription":{"title":"Frase clave en la meta descripci\u00f3n","description":"Frase clave encontrada en la meta descripci\u00f3n.","score":9,"maxScore":9,"error":0},"keyphraseInIntroduction":{"title":"Frase clave en la introducci\u00f3n","description":"Su Frase clave no aparece en el primer p\u00e1rrafo. Aseg\u00farese de que el tema est\u00e9 claro de inmediato.","score":3,"maxScore":9,"error":1},"keyphraseInImageAlt":{"title":"Frase clave en los atributos alt de la imagen.","description":"Frase clave no se encuentra en los atributos alt de la imagen. A\u00f1ada una imagen con su Frase clave como texto alternativo.","score":3,"maxScore":9,"error":1},"keyphraseLength":{"title":"Longitud de la Frase clave","description":"\u00a1Buen trabajo!","score":9,"maxScore":9,"error":0,"length":1}}}]},"primary_term":null,"canonical_url":null,"og_title":null,"og_description":null,"og_object_type":"default","og_image_type":"default","og_image_url":null,"og_image_width":null,"og_image_height":null,"og_image_custom_url":null,"og_image_custom_fields":null,"og_video":"","og_custom_url":null,"og_article_section":null,"og_article_tags":[],"twitter_use_og":false,"twitter_card":"default","twitter_image_type":"default","twitter_image_url":null,"twitter_image_custom_url":null,"twitter_image_custom_fields":null,"twitter_title":null,"twitter_description":null,"schema":{"blockGraphs":[],"customGraphs":[],"default":{"data":{"Article":[],"Course":[],"Dataset":[],"FAQPage":[],"Movie":[],"Person":[],"Product":[],"ProductReview":[],"Car":[],"Recipe":[],"Service":[],"SoftwareApplication":[],"WebPage":[]},"graphName":"","isEnabled":true},"graphs":[],"defaultGraph":"Article","defaultPostTypeGraph":""},"schema_type":"default","schema_type_options":"{\"article\":{\"articleType\":\"BlogPosting\"},\"course\":{\"name\":\"\",\"description\":\"\",\"provider\":\"\"},\"faq\":{\"pages\":[]},\"product\":{\"reviews\":[]},\"recipe\":{\"ingredients\":[],\"instructions\":[],\"keywords\":[]},\"software\":{\"reviews\":[],\"operatingSystems\":[]},\"webPage\":{\"webPageType\":\"WebPage\"}}","pillar_content":false,"robots_default":true,"robots_noindex":false,"robots_noarchive":false,"robots_nosnippet":false,"robots_nofollow":false,"robots_noimageindex":false,"robots_noodp":false,"robots_notranslate":false,"robots_max_snippet":"-1","robots_max_videopreview":"-1","robots_max_imagepreview":"large","priority":null,"frequency":"default","local_seo":{"locations":{"business":{"name":"","businessType":"","image":"","areaServed":"","urls":{"website":"","aboutPage":"","contactPage":""},"address":{"streetLine1":"","streetLine2":"","zipCode":"","city":"","state":"","country":"","addressFormat":"#streetLineOne\n#streetLineTwo\n#city, #state #zipCode"},"contact":{"email":"","phone":"","phoneFormatted":"","fax":"","faxFormatted":""},"ids":{"vat":"","tax":"","chamberOfCommerce":""},"payment":{"priceRange":"","currenciesAccepted":"","methods":""}}},"openingHours":{"useDefaults":true,"show":true,"alwaysOpen":false,"use24hFormat":false,"timezone":"","labels":{"closed":"","alwaysOpen":""},"days":{"monday":{"open24h":false,"closed":false,"openTime":"09:00","closeTime":"17:00"},"tuesday":{"open24h":false,"closed":false,"openTime":"09:00","closeTime":"17:00"},"wednesday":{"open24h":false,"closed":false,"openTime":"09:00","closeTime":"17:00"},"thursday":{"open24h":false,"closed":false,"openTime":"09:00","closeTime":"17:00"},"friday":{"open24h":false,"closed":false,"openTime":"09:00","closeTime":"17:00"},"saturday":{"open24h":false,"closed":false,"openTime":"09:00","closeTime":"17:00"},"sunday":{"open24h":false,"closed":false,"openTime":"09:00","closeTime":"17:00"}}}},"seo_analyzer_scan_date":"2026-07-18 13:19:56","breadcrumb_settings":null,"limit_modified_date":false,"open_ai":null,"ai":null,"created":"2021-06-06 13:59:28","updated":"2026-07-18 13:19:56","focus_keyword":"Cultura","additional_keywords":[{"word":"Museo Barjola","score":67},{"word":"junio","score":67},{"word":"asturiana","score":67}],"truseo_locale":null},"aioseo_breadcrumb":"<div class=\"aioseo-breadcrumbs\"><span class=\"aioseo-breadcrumb\">\n\t<a href=\"https:\/\/www.eldigitaldeasturias.com\/noticias\" title=\"Home\">Home<\/a>\n<\/span><span class=\"aioseo-breadcrumb-separator\">\u2013<\/span><span class=\"aioseo-breadcrumb\">\n\t<a href=\"https:\/\/www.eldigitaldeasturias.com\/noticias\/category\/agenda\/\" title=\"Agenda\">Agenda<\/a>\n<\/span><span class=\"aioseo-breadcrumb-separator\">\u2013<\/span><span class=\"aioseo-breadcrumb\">\n\t<a href=\"https:\/\/www.eldigitaldeasturias.com\/noticias\/ocio-y-cultura-en-asturias-durante-junio-de-2021\/\" title=\"Ocio y cultura en Asturias durante junio de 2021\">Ocio y cultura en Asturias durante junio de 2021<\/a>\n<\/span><\/div>","aioseo_breadcrumb_json":[{"label":"Home","link":"https:\/\/www.eldigitaldeasturias.com\/noticias"},{"label":"Agenda","link":"https:\/\/www.eldigitaldeasturias.com\/noticias\/category\/agenda\/"},{"label":"Ocio y cultura en Asturias durante junio de 2021","link":"https:\/\/www.eldigitaldeasturias.com\/noticias\/ocio-y-cultura-en-asturias-durante-junio-de-2021\/"}],"_links":{"self":[{"href":"https:\/\/www.eldigitaldeasturias.com\/noticias\/wp-json\/wp\/v2\/posts\/1093268","targetHints":{"allow":["GET"]}}],"collection":[{"href":"https:\/\/www.eldigitaldeasturias.com\/noticias\/wp-json\/wp\/v2\/posts"}],"about":[{"href":"https:\/\/www.eldigitaldeasturias.com\/noticias\/wp-json\/wp\/v2\/types\/post"}],"author":[{"embeddable":true,"href":"https:\/\/www.eldigitaldeasturias.com\/noticias\/wp-json\/wp\/v2\/users\/1"}],"replies":[{"embeddable":true,"href":"https:\/\/www.eldigitaldeasturias.com\/noticias\/wp-json\/wp\/v2\/comments?post=1093268"}],"version-history":[{"count":0,"href":"https:\/\/www.eldigitaldeasturias.com\/noticias\/wp-json\/wp\/v2\/posts\/1093268\/revisions"}],"wp:attachment":[{"href":"https:\/\/www.eldigitaldeasturias.com\/noticias\/wp-json\/wp\/v2\/media?parent=1093268"}],"wp:term":[{"taxonomy":"category","embeddable":true,"href":"https:\/\/www.eldigitaldeasturias.com\/noticias\/wp-json\/wp\/v2\/categories?post=1093268"},{"taxonomy":"post_tag","embeddable":true,"href":"https:\/\/www.eldigitaldeasturias.com\/noticias\/wp-json\/wp\/v2\/tags?post=1093268"}],"curies":[{"name":"wp","href":"https:\/\/api.w.org\/{rel}","templated":true}]}}