{"id":1093265,"date":"2021-06-06T14:57:57","date_gmt":"2021-06-06T13:57:57","guid":{"rendered":"https:\/\/www.eldigitaldeasturias.com\/noticias\/?p=1093265"},"modified":"2021-06-06T14:57:57","modified_gmt":"2021-06-06T13:57:57","slug":"presentacion-del-proyecto-lugones-en-bici","status":"publish","type":"post","link":"https:\/\/www.eldigitaldeasturias.com\/noticias\/presentacion-del-proyecto-lugones-en-bici\/","title":{"rendered":"Presentaci\u00f3n del proyecto \u201cLugones en bici\u201d"},"content":{"rendered":"<p><img loading=\"lazy\" decoding=\"async\" class=\"alignleft size-medium wp-image-1093266\" src=\"https:\/\/www.eldigitaldeasturias.com\/noticias\/wp-content\/uploads\/2021\/06\/Lugones-en-bici-360x243.jpg\" alt=\"Lugones en bici\" width=\"360\" height=\"243\" \/>Durante el acto de presentaci\u00f3n del proyecto<strong> Lugones en bici<\/strong>, en Siero, el viceconsejero asturiano de Infraestructuras, Movilidad y Territorio, Jorge Garc\u00eda, inform\u00f3 sobre la recuperaci\u00f3n de la movilidad del transporte p\u00fablico desde hace varios meses que estuvo marcada por la evoluci\u00f3n de la pandemia.<\/p>\n<p>\u201cActualmente hemos recuperado la movilidad del transporte p\u00fablico en un cien por ciento, es decir, ofertamos el cien por ciento de los servicios, aunque la demanda sigue muy por debajo de los \u00edndices que hab\u00eda en el a\u00f1o 2019 en los valores previos a la pandemia\u201d, se\u00f1al\u00f3.<\/p>\n<p>Asimismo, destac\u00f3 la recuperaci\u00f3n de la conectividad a\u00e9rea nacional a cifras similares al 2019 y agreg\u00f3 que pronto pondr\u00e1n en marcha los servicios de car\u00e1cter estival este verano en playas, parques naturales y la activaci\u00f3n del Plan de Lagos de Covadonga. <em>\u201cIntentamos tambi\u00e9n que los visitantes que vengan y los asturianos, tengan las mismas oportunidades en los servicios de transporte p\u00fablico previo a la pandemia\u201d<\/em>.<\/p>\n<p>Por otra parte, Garc\u00eda indic\u00f3 que el transporte p\u00fablico asturiano va muy unido a la sostenibilidad medioambiental y agreg\u00f3 que la oferta se va a recuperar en los servicios estacionales y \u201cya lo est\u00e1 al cien por ciento en los servicios normales que presta el Consorcio de Transporte de Asturias y lo mismo sucede con los servicios de cercan\u00edas de Renfe que tambi\u00e9n llevan ya meses recuper\u00e1ndose y los servicios de larga distancia vienen recuper\u00e1ndose paulatinamente\u2026 se ha a\u00f1adido un tercer AVE a Madrid, antes operaban cuatro y la idea es que, seg\u00fan la demanda, se vayan recuperando y mejoremos la situaci\u00f3n previa al Covid-19\u201d.<\/p>\n<p>&nbsp;<\/p>\n","protected":false},"excerpt":{"rendered":"<p>Durante el acto de presentaci\u00f3n del proyecto Lugones en bici, en Siero, el viceconsejero asturiano de Infraestructuras, Movilidad y Territorio, Jorge Garc\u00eda, inform\u00f3 sobre la recuperaci\u00f3n de la movilidad del transporte p\u00fablico desde hace varios meses que estuvo marcada por la evoluci\u00f3n de la pandemia. \u201cActualmente hemos recuperado la movilidad del transporte p\u00fablico en un [&hellip;]<\/p>\n","protected":false},"author":1,"featured_media":1093266,"comment_status":"closed","ping_status":"closed","sticky":false,"template":"","format":"standard","meta":{"footnotes":""},"categories":[12],"tags":[],"class_list":["post-1093265","post","type-post","status-publish","format-standard","has-post-thumbnail","hentry","category-actualidad-asturias"],"aioseo_notices":[],"aioseo_head":"\n\t\t<!-- All in One SEO Pro 5.0.1 - aioseo.com -->\n\t<meta name=\"description\" content=\"Garc\u00eda indic\u00f3 que el transporte p\u00fablico asturiano va muy unido a la sostenibilidad medioambiental y agreg\u00f3 que la oferta se va a recuperar en los servicios ..\" \/>\n\t<meta name=\"robots\" content=\"max-image-preview:large\" \/>\n\t<meta name=\"author\" content=\"El Digital de Asturias\"\/>\n\t<meta name=\"google-site-verification\" content=\"UA-38556648-1\" \/>\n\t<meta name=\"msvalidate.01\" content=\"7dfe9f3f1b24437ab69f4f2559babe99\" \/>\n\t<meta name=\"keywords\" content=\"asturias,transporte p\u00fablico,lugones,lugones en bici,actualidad asturias\" \/>\n\t<link rel=\"canonical\" href=\"https:\/\/www.eldigitaldeasturias.com\/noticias\/presentacion-del-proyecto-lugones-en-bici\/\" \/>\n\t<meta name=\"generator\" content=\"All in One SEO Pro (AIOSEO) 5.0.1\" \/>\n\t\t<meta property=\"og:locale\" content=\"es_ES\" \/>\n\t\t<meta property=\"og:site_name\" content=\"El Digital de Asturias\" \/>\n\t\t<meta property=\"og:type\" content=\"article\" \/>\n\t\t<meta property=\"og:title\" content=\"Presentaci\u00f3n del proyecto \u201cLugones en bici\u201d - El Digital de Asturias\" \/>\n\t\t<meta property=\"og:description\" content=\"Garc\u00eda indic\u00f3 que el transporte p\u00fablico asturiano va muy unido a la sostenibilidad medioambiental y agreg\u00f3 que la oferta se va a recuperar en los servicios ..\" \/>\n\t\t<meta property=\"og:url\" content=\"https:\/\/www.eldigitaldeasturias.com\/noticias\/presentacion-del-proyecto-lugones-en-bici\/\" \/>\n\t\t<meta property=\"article:tag\" content=\"asturias\" \/>\n\t\t<meta property=\"article:tag\" content=\"transporte p\u00fablico\" \/>\n\t\t<meta property=\"article:tag\" content=\"lugones\" \/>\n\t\t<meta property=\"article:tag\" content=\"lugones en bici\" \/>\n\t\t<meta property=\"article:tag\" content=\"actualidad asturias\" \/>\n\t\t<meta property=\"article:published_time\" content=\"2021-06-06T13:57:57+00:00\" \/>\n\t\t<meta property=\"article:modified_time\" content=\"2021-06-06T13:57:57+00:00\" \/>\n\t\t<meta property=\"article:publisher\" content=\"https:\/\/facebook.com\/eldigitaldeasturias\" \/>\n\t\t<meta name=\"twitter:card\" content=\"summary_large_image\" \/>\n\t\t<meta name=\"twitter:title\" content=\"Presentaci\u00f3n del proyecto \u201cLugones en bici\u201d - El Digital de Asturias\" \/>\n\t\t<meta name=\"twitter:description\" content=\"Garc\u00eda indic\u00f3 que el transporte p\u00fablico asturiano va muy unido a la sostenibilidad medioambiental y agreg\u00f3 que la oferta se va a recuperar en los servicios ..\" \/>\n\t\t<meta name=\"twitter:image\" content=\"https:\/\/www.eldigitaldeasturias.com\/noticias\/wp-content\/uploads\/2020\/12\/EDA-1.jpg\" \/>\n\t\t<meta name=\"twitter:label1\" content=\"Escrito por\" \/>\n\t\t<meta name=\"twitter:data1\" content=\"El Digital de Asturias\" \/>\n\t\t<meta name=\"twitter:label2\" content=\"Tiempo de lectura estimado\" \/>\n\t\t<meta name=\"twitter:data2\" content=\"1 minuto\" \/>\n\t\t<script type=\"application\/ld+json\" class=\"aioseo-schema\">\n\t\t\t{\"@context\":\"https:\\\/\\\/schema.org\",\"@graph\":[{\"@type\":\"BlogPosting\",\"@id\":\"https:\\\/\\\/www.eldigitaldeasturias.com\\\/noticias\\\/presentacion-del-proyecto-lugones-en-bici\\\/#blogposting\",\"name\":\"Presentaci\\u00f3n del proyecto \\u201cLugones en bici\\u201d - El Digital de Asturias\",\"headline\":\"Presentaci\\u00f3n del proyecto \\u201cLugones en bici\\u201d\",\"author\":{\"@id\":\"https:\\\/\\\/www.eldigitaldeasturias.com\\\/noticias\\\/author\\\/admin\\\/#author\"},\"publisher\":{\"@id\":\"https:\\\/\\\/www.eldigitaldeasturias.com\\\/noticias\\\/#organization\"},\"image\":{\"@type\":\"ImageObject\",\"url\":1093266},\"datePublished\":\"2021-06-06T14:57:57+02:00\",\"dateModified\":\"2021-06-06T14:57:57+02:00\",\"inLanguage\":\"es-ES\",\"mainEntityOfPage\":{\"@id\":\"https:\\\/\\\/www.eldigitaldeasturias.com\\\/noticias\\\/presentacion-del-proyecto-lugones-en-bici\\\/#webpage\"},\"isPartOf\":{\"@id\":\"https:\\\/\\\/www.eldigitaldeasturias.com\\\/noticias\\\/presentacion-del-proyecto-lugones-en-bici\\\/#webpage\"},\"articleSection\":\"Actualidad Asturias\"},{\"@type\":\"BreadcrumbList\",\"@id\":\"https:\\\/\\\/www.eldigitaldeasturias.com\\\/noticias\\\/presentacion-del-proyecto-lugones-en-bici\\\/#breadcrumblist\",\"itemListElement\":[{\"@type\":\"ListItem\",\"@id\":\"https:\\\/\\\/www.eldigitaldeasturias.com\\\/noticias#listItem\",\"position\":1,\"name\":\"Home\",\"item\":\"https:\\\/\\\/www.eldigitaldeasturias.com\\\/noticias\",\"nextItem\":{\"@type\":\"ListItem\",\"@id\":\"https:\\\/\\\/www.eldigitaldeasturias.com\\\/noticias\\\/category\\\/actualidad-asturias\\\/#listItem\",\"name\":\"Actualidad Asturias\"}},{\"@type\":\"ListItem\",\"@id\":\"https:\\\/\\\/www.eldigitaldeasturias.com\\\/noticias\\\/category\\\/actualidad-asturias\\\/#listItem\",\"position\":2,\"name\":\"Actualidad Asturias\",\"item\":\"https:\\\/\\\/www.eldigitaldeasturias.com\\\/noticias\\\/category\\\/actualidad-asturias\\\/\",\"nextItem\":{\"@type\":\"ListItem\",\"@id\":\"https:\\\/\\\/www.eldigitaldeasturias.com\\\/noticias\\\/presentacion-del-proyecto-lugones-en-bici\\\/#listItem\",\"name\":\"Presentaci\\u00f3n del proyecto \\u201cLugones en bici\\u201d\"},\"previousItem\":{\"@type\":\"ListItem\",\"@id\":\"https:\\\/\\\/www.eldigitaldeasturias.com\\\/noticias#listItem\",\"name\":\"Home\"}},{\"@type\":\"ListItem\",\"@id\":\"https:\\\/\\\/www.eldigitaldeasturias.com\\\/noticias\\\/presentacion-del-proyecto-lugones-en-bici\\\/#listItem\",\"position\":3,\"name\":\"Presentaci\\u00f3n del proyecto \\u201cLugones en bici\\u201d\",\"previousItem\":{\"@type\":\"ListItem\",\"@id\":\"https:\\\/\\\/www.eldigitaldeasturias.com\\\/noticias\\\/category\\\/actualidad-asturias\\\/#listItem\",\"name\":\"Actualidad Asturias\"}}]},{\"@type\":\"Organization\",\"@id\":\"https:\\\/\\\/www.eldigitaldeasturias.com\\\/noticias\\\/#organization\",\"name\":\"El Digital de Asturias\",\"description\":\"Hemeroteca\",\"url\":\"https:\\\/\\\/www.eldigitaldeasturias.com\\\/noticias\\\/\",\"email\":\"info@eldigitaldeasturias.com\",\"telephone\":\"+34652131393\",\"logo\":{\"@type\":\"ImageObject\",\"url\":\"https:\\\/\\\/www.eldigitaldeasturias.com\\\/noticias\\\/wp-content\\\/uploads\\\/2020\\\/12\\\/EDA.jpg\",\"@id\":\"https:\\\/\\\/www.eldigitaldeasturias.com\\\/noticias\\\/presentacion-del-proyecto-lugones-en-bici\\\/#organizationLogo\"},\"image\":{\"@id\":\"https:\\\/\\\/www.eldigitaldeasturias.com\\\/noticias\\\/presentacion-del-proyecto-lugones-en-bici\\\/#organizationLogo\"},\"sameAs\":[\"https:\\\/\\\/facebook.com\\\/eldigitaldeasturias\",\"https:\\\/\\\/www.youtube.com\\\/channel\\\/UCZP-2wLEB9Rv6erhFmqVnvg\"],\"address\":{\"@id\":\"https:\\\/\\\/www.eldigitaldeasturias.com\\\/noticias\\\/#postaladdress\",\"@type\":\"PostalAddress\",\"streetAddress\":\"san antonio 4\",\"postalCode\":\"33430\",\"addressLocality\":\"Cand\\u00e1s\",\"addressRegion\":\"Asturias\",\"addressCountry\":\"ES\"}},{\"@type\":\"Person\",\"@id\":\"https:\\\/\\\/www.eldigitaldeasturias.com\\\/noticias\\\/author\\\/admin\\\/#author\",\"url\":\"https:\\\/\\\/www.eldigitaldeasturias.com\\\/noticias\\\/author\\\/admin\\\/\",\"name\":\"El Digital de Asturias\",\"image\":{\"@type\":\"ImageObject\",\"@id\":\"https:\\\/\\\/www.eldigitaldeasturias.com\\\/noticias\\\/presentacion-del-proyecto-lugones-en-bici\\\/#authorImage\",\"url\":\"https:\\\/\\\/secure.gravatar.com\\\/avatar\\\/df2aeffc32bcd13f8d26072ef8a91b623d677766deac7f97ca815868cd41bf5e?s=96&d=mm&r=g\",\"width\":96,\"height\":96,\"caption\":\"El Digital de Asturias\"}},{\"@type\":\"WebPage\",\"@id\":\"https:\\\/\\\/www.eldigitaldeasturias.com\\\/noticias\\\/presentacion-del-proyecto-lugones-en-bici\\\/#webpage\",\"url\":\"https:\\\/\\\/www.eldigitaldeasturias.com\\\/noticias\\\/presentacion-del-proyecto-lugones-en-bici\\\/\",\"name\":\"Presentaci\\u00f3n del proyecto \\u201cLugones en bici\\u201d - El Digital de Asturias\",\"description\":\"Garc\\u00eda indic\\u00f3 que el transporte p\\u00fablico asturiano va muy unido a la sostenibilidad medioambiental y agreg\\u00f3 que la oferta se va a recuperar en los servicios ..\",\"inLanguage\":\"es-ES\",\"isPartOf\":{\"@id\":\"https:\\\/\\\/www.eldigitaldeasturias.com\\\/noticias\\\/#website\"},\"breadcrumb\":{\"@id\":\"https:\\\/\\\/www.eldigitaldeasturias.com\\\/noticias\\\/presentacion-del-proyecto-lugones-en-bici\\\/#breadcrumblist\"},\"author\":{\"@id\":\"https:\\\/\\\/www.eldigitaldeasturias.com\\\/noticias\\\/author\\\/admin\\\/#author\"},\"creator\":{\"@id\":\"https:\\\/\\\/www.eldigitaldeasturias.com\\\/noticias\\\/author\\\/admin\\\/#author\"},\"image\":{\"@type\":\"ImageObject\",\"url\":1093266,\"@id\":\"https:\\\/\\\/www.eldigitaldeasturias.com\\\/noticias\\\/presentacion-del-proyecto-lugones-en-bici\\\/#mainImage\"},\"primaryImageOfPage\":{\"@id\":\"https:\\\/\\\/www.eldigitaldeasturias.com\\\/noticias\\\/presentacion-del-proyecto-lugones-en-bici\\\/#mainImage\"},\"datePublished\":\"2021-06-06T14:57:57+02:00\",\"dateModified\":\"2021-06-06T14:57:57+02:00\"},{\"@type\":\"WebSite\",\"@id\":\"https:\\\/\\\/www.eldigitaldeasturias.com\\\/noticias\\\/#website\",\"url\":\"https:\\\/\\\/www.eldigitaldeasturias.com\\\/noticias\\\/\",\"name\":\"El Digital de Asturias - Diario de actualidad y noticias\",\"alternateName\":\"El Digital de Asturias - Diario de actualidad y noticias\",\"description\":\"Hemeroteca\",\"inLanguage\":\"es-ES\",\"publisher\":{\"@id\":\"https:\\\/\\\/www.eldigitaldeasturias.com\\\/noticias\\\/#organization\"}}]}\n\t\t<\/script>\n\t\t<!-- All in One SEO Pro -->\r\n\t\t<title>Presentaci\u00f3n del proyecto \u201cLugones en bici\u201d - El Digital de Asturias<\/title>\n\n","aioseo_head_json":{"title":"Presentaci\u00f3n del proyecto \u201cLugones en bici\u201d - El Digital de Asturias","description":"Garc\u00eda indic\u00f3 que el transporte p\u00fablico asturiano va muy unido a la sostenibilidad medioambiental y agreg\u00f3 que la oferta se va a recuperar en los servicios ..","canonical_url":"https:\/\/www.eldigitaldeasturias.com\/noticias\/presentacion-del-proyecto-lugones-en-bici\/","robots":"max-image-preview:large","keywords":"asturias,transporte p\u00fablico,lugones,lugones en bici,actualidad asturias","webmasterTools":{"google-site-verification":"UA-38556648-1","msvalidate.01":"7dfe9f3f1b24437ab69f4f2559babe99","miscellaneous":""},"schema":{"@context":"https:\/\/schema.org","@graph":[{"@type":"BlogPosting","@id":"https:\/\/www.eldigitaldeasturias.com\/noticias\/presentacion-del-proyecto-lugones-en-bici\/#blogposting","name":"Presentaci\u00f3n del proyecto \u201cLugones en bici\u201d - El Digital de Asturias","headline":"Presentaci\u00f3n del proyecto \u201cLugones en bici\u201d","author":{"@id":"https:\/\/www.eldigitaldeasturias.com\/noticias\/author\/admin\/#author"},"publisher":{"@id":"https:\/\/www.eldigitaldeasturias.com\/noticias\/#organization"},"image":{"@type":"ImageObject","url":1093266},"datePublished":"2021-06-06T14:57:57+02:00","dateModified":"2021-06-06T14:57:57+02:00","inLanguage":"es-ES","mainEntityOfPage":{"@id":"https:\/\/www.eldigitaldeasturias.com\/noticias\/presentacion-del-proyecto-lugones-en-bici\/#webpage"},"isPartOf":{"@id":"https:\/\/www.eldigitaldeasturias.com\/noticias\/presentacion-del-proyecto-lugones-en-bici\/#webpage"},"articleSection":"Actualidad Asturias"},{"@type":"BreadcrumbList","@id":"https:\/\/www.eldigitaldeasturias.com\/noticias\/presentacion-del-proyecto-lugones-en-bici\/#breadcrumblist","itemListElement":[{"@type":"ListItem","@id":"https:\/\/www.eldigitaldeasturias.com\/noticias#listItem","position":1,"name":"Home","item":"https:\/\/www.eldigitaldeasturias.com\/noticias","nextItem":{"@type":"ListItem","@id":"https:\/\/www.eldigitaldeasturias.com\/noticias\/category\/actualidad-asturias\/#listItem","name":"Actualidad Asturias"}},{"@type":"ListItem","@id":"https:\/\/www.eldigitaldeasturias.com\/noticias\/category\/actualidad-asturias\/#listItem","position":2,"name":"Actualidad Asturias","item":"https:\/\/www.eldigitaldeasturias.com\/noticias\/category\/actualidad-asturias\/","nextItem":{"@type":"ListItem","@id":"https:\/\/www.eldigitaldeasturias.com\/noticias\/presentacion-del-proyecto-lugones-en-bici\/#listItem","name":"Presentaci\u00f3n del proyecto \u201cLugones en bici\u201d"},"previousItem":{"@type":"ListItem","@id":"https:\/\/www.eldigitaldeasturias.com\/noticias#listItem","name":"Home"}},{"@type":"ListItem","@id":"https:\/\/www.eldigitaldeasturias.com\/noticias\/presentacion-del-proyecto-lugones-en-bici\/#listItem","position":3,"name":"Presentaci\u00f3n del proyecto \u201cLugones en bici\u201d","previousItem":{"@type":"ListItem","@id":"https:\/\/www.eldigitaldeasturias.com\/noticias\/category\/actualidad-asturias\/#listItem","name":"Actualidad Asturias"}}]},{"@type":"Organization","@id":"https:\/\/www.eldigitaldeasturias.com\/noticias\/#organization","name":"El Digital de Asturias","description":"Hemeroteca","url":"https:\/\/www.eldigitaldeasturias.com\/noticias\/","email":"info@eldigitaldeasturias.com","telephone":"+34652131393","logo":{"@type":"ImageObject","url":"https:\/\/www.eldigitaldeasturias.com\/noticias\/wp-content\/uploads\/2020\/12\/EDA.jpg","@id":"https:\/\/www.eldigitaldeasturias.com\/noticias\/presentacion-del-proyecto-lugones-en-bici\/#organizationLogo"},"image":{"@id":"https:\/\/www.eldigitaldeasturias.com\/noticias\/presentacion-del-proyecto-lugones-en-bici\/#organizationLogo"},"sameAs":["https:\/\/facebook.com\/eldigitaldeasturias","https:\/\/www.youtube.com\/channel\/UCZP-2wLEB9Rv6erhFmqVnvg"],"address":{"@id":"https:\/\/www.eldigitaldeasturias.com\/noticias\/#postaladdress","@type":"PostalAddress","streetAddress":"san antonio 4","postalCode":"33430","addressLocality":"Cand\u00e1s","addressRegion":"Asturias","addressCountry":"ES"}},{"@type":"Person","@id":"https:\/\/www.eldigitaldeasturias.com\/noticias\/author\/admin\/#author","url":"https:\/\/www.eldigitaldeasturias.com\/noticias\/author\/admin\/","name":"El Digital de Asturias","image":{"@type":"ImageObject","@id":"https:\/\/www.eldigitaldeasturias.com\/noticias\/presentacion-del-proyecto-lugones-en-bici\/#authorImage","url":"https:\/\/secure.gravatar.com\/avatar\/df2aeffc32bcd13f8d26072ef8a91b623d677766deac7f97ca815868cd41bf5e?s=96&d=mm&r=g","width":96,"height":96,"caption":"El Digital de Asturias"}},{"@type":"WebPage","@id":"https:\/\/www.eldigitaldeasturias.com\/noticias\/presentacion-del-proyecto-lugones-en-bici\/#webpage","url":"https:\/\/www.eldigitaldeasturias.com\/noticias\/presentacion-del-proyecto-lugones-en-bici\/","name":"Presentaci\u00f3n del proyecto \u201cLugones en bici\u201d - El Digital de Asturias","description":"Garc\u00eda indic\u00f3 que el transporte p\u00fablico asturiano va muy unido a la sostenibilidad medioambiental y agreg\u00f3 que la oferta se va a recuperar en los servicios ..","inLanguage":"es-ES","isPartOf":{"@id":"https:\/\/www.eldigitaldeasturias.com\/noticias\/#website"},"breadcrumb":{"@id":"https:\/\/www.eldigitaldeasturias.com\/noticias\/presentacion-del-proyecto-lugones-en-bici\/#breadcrumblist"},"author":{"@id":"https:\/\/www.eldigitaldeasturias.com\/noticias\/author\/admin\/#author"},"creator":{"@id":"https:\/\/www.eldigitaldeasturias.com\/noticias\/author\/admin\/#author"},"image":{"@type":"ImageObject","url":1093266,"@id":"https:\/\/www.eldigitaldeasturias.com\/noticias\/presentacion-del-proyecto-lugones-en-bici\/#mainImage"},"primaryImageOfPage":{"@id":"https:\/\/www.eldigitaldeasturias.com\/noticias\/presentacion-del-proyecto-lugones-en-bici\/#mainImage"},"datePublished":"2021-06-06T14:57:57+02:00","dateModified":"2021-06-06T14:57:57+02:00"},{"@type":"WebSite","@id":"https:\/\/www.eldigitaldeasturias.com\/noticias\/#website","url":"https:\/\/www.eldigitaldeasturias.com\/noticias\/","name":"El Digital de Asturias - Diario de actualidad y noticias","alternateName":"El Digital de Asturias - Diario de actualidad y noticias","description":"Hemeroteca","inLanguage":"es-ES","publisher":{"@id":"https:\/\/www.eldigitaldeasturias.com\/noticias\/#organization"}}]},"og:locale":"es_ES","og:site_name":"El Digital de Asturias","og:type":"article","og:title":"Presentaci\u00f3n del proyecto \u201cLugones en bici\u201d - El Digital de Asturias","og:description":"Garc\u00eda indic\u00f3 que el transporte p\u00fablico asturiano va muy unido a la sostenibilidad medioambiental y agreg\u00f3 que la oferta se va a recuperar en los servicios ..","og:url":"https:\/\/www.eldigitaldeasturias.com\/noticias\/presentacion-del-proyecto-lugones-en-bici\/","article:tag":["asturias","transporte p\u00fablico","lugones","lugones en bici","actualidad asturias"],"article:published_time":"2021-06-06T13:57:57+00:00","article:modified_time":"2021-06-06T13:57:57+00:00","article:publisher":"https:\/\/facebook.com\/eldigitaldeasturias","twitter:card":"summary_large_image","twitter:title":"Presentaci\u00f3n del proyecto \u201cLugones en bici\u201d - El Digital de Asturias","twitter:description":"Garc\u00eda indic\u00f3 que el transporte p\u00fablico asturiano va muy unido a la sostenibilidad medioambiental y agreg\u00f3 que la oferta se va a recuperar en los servicios ..","twitter:image":"https:\/\/www.eldigitaldeasturias.com\/noticias\/wp-content\/uploads\/2020\/12\/EDA-1.jpg","twitter:label1":"Escrito por","twitter:data1":"El Digital de Asturias","twitter:label2":"Tiempo de lectura estimado","twitter:data2":"1 minuto"},"aioseo_meta_data":{"post_id":"1093265","title":null,"description":"Garc\u00eda indic\u00f3 que el transporte p\u00fablico asturiano va muy unido a la sostenibilidad medioambiental y agreg\u00f3 que la oferta se va a recuperar en los servicios ..","keywords":[{"label":"Asturias","value":"Asturias"},{"label":" transporte p\u00fablico","value":" transporte p\u00fablico"},{"label":" Lugones","value":" Lugones"},{"label":" Lugones en bici","value":" Lugones en bici"}],"keyphrases":{"focus":{"keyphrase":" Lugones en bici","score":87,"analysis":{"keyphraseInTitle":{"title":"Frase clave objetivo en el t\u00edtulo SEO","description":"Frase clave objetivo encontrada en el t\u00edtulo SEO.","score":9,"maxScore":9,"error":0},"keyphraseInDescription":{"title":"Frase clave objetivo en la meta descripci\u00f3n","description":"Frase clave objetivo no se encuentra en la meta descripci\u00f3n.","score":3,"maxScore":9,"error":1},"keyphraseInURL":[],"keyphraseInIntroduction":{"title":"Frase clave objetivo en la introducci\u00f3n","description":"Su Frase clave objetivo aparece en el primer p\u00e1rrafo. \u00a1Bien hecho!","score":9,"maxScore":9,"error":0},"keyphraseInSubHeadings":[],"keyphraseLength":{"title":"Longitud de la Frase clave objetivo","description":"\u00a1Buen trabajo!","score":9,"maxScore":9,"error":0,"length":3},"keyphraseInImageAlt":{"title":"Frase clave objetivo en los atributos alt de la imagen.","description":"Frase clave objetivo encontrada en los atributos alt de la(s) imagen(es).","score":9,"maxScore":9,"error":0}}},"additional":[{"keyphrase":"transporte","score":83,"analysis":{"keyphraseInDescription":{"title":"Frase clave en la meta descripci\u00f3n","description":"Frase clave encontrada en la meta descripci\u00f3n.","score":9,"maxScore":9,"error":0},"keyphraseInIntroduction":{"title":"Frase clave en la introducci\u00f3n","description":"Su Frase clave aparece en el primer p\u00e1rrafo. \u00a1Bien hecho!","score":9,"maxScore":9,"error":0},"keyphraseInImageAlt":{"title":"Frase clave en los atributos alt de la imagen.","description":"Frase clave no se encuentra en los atributos alt de la imagen. A\u00f1ada una imagen con su Frase clave como texto alternativo.","score":3,"maxScore":9,"error":1},"keyphraseLength":{"title":"Longitud de la Frase clave","description":"\u00a1Buen trabajo!","score":9,"maxScore":9,"error":0,"length":1}}},{"keyphrase":"asturiano","score":83,"analysis":{"keyphraseInDescription":{"title":"Frase clave en la meta descripci\u00f3n","description":"Frase clave encontrada en la meta descripci\u00f3n.","score":9,"maxScore":9,"error":0},"keyphraseInIntroduction":{"title":"Frase clave en la introducci\u00f3n","description":"Su Frase clave aparece en el primer p\u00e1rrafo. \u00a1Bien hecho!","score":9,"maxScore":9,"error":0},"keyphraseInImageAlt":{"title":"Frase clave en los atributos alt de la imagen.","description":"Frase clave no se encuentra en los atributos alt de la imagen. A\u00f1ada una imagen con su Frase clave como texto alternativo.","score":3,"maxScore":9,"error":1},"keyphraseLength":{"title":"Longitud de la Frase clave","description":"\u00a1Buen trabajo!","score":9,"maxScore":9,"error":0,"length":1}}}]},"primary_term":null,"canonical_url":null,"og_title":null,"og_description":null,"og_object_type":"default","og_image_type":"default","og_image_url":null,"og_image_width":null,"og_image_height":null,"og_image_custom_url":null,"og_image_custom_fields":null,"og_video":"","og_custom_url":null,"og_article_section":null,"og_article_tags":[],"twitter_use_og":false,"twitter_card":"default","twitter_image_type":"default","twitter_image_url":null,"twitter_image_custom_url":null,"twitter_image_custom_fields":null,"twitter_title":null,"twitter_description":null,"schema":{"blockGraphs":[],"customGraphs":[],"default":{"data":{"Article":[],"Course":[],"Dataset":[],"FAQPage":[],"Movie":[],"Person":[],"Product":[],"ProductReview":[],"Car":[],"Recipe":[],"Service":[],"SoftwareApplication":[],"WebPage":[]},"graphName":"","isEnabled":true},"graphs":[],"defaultGraph":"Article","defaultPostTypeGraph":""},"schema_type":"default","schema_type_options":"{\"article\":{\"articleType\":\"BlogPosting\"},\"course\":{\"name\":\"\",\"description\":\"\",\"provider\":\"\"},\"faq\":{\"pages\":[]},\"product\":{\"reviews\":[]},\"recipe\":{\"ingredients\":[],\"instructions\":[],\"keywords\":[]},\"software\":{\"reviews\":[],\"operatingSystems\":[]},\"webPage\":{\"webPageType\":\"WebPage\"}}","pillar_content":false,"robots_default":true,"robots_noindex":false,"robots_noarchive":false,"robots_nosnippet":false,"robots_nofollow":false,"robots_noimageindex":false,"robots_noodp":false,"robots_notranslate":false,"robots_max_snippet":"-1","robots_max_videopreview":"-1","robots_max_imagepreview":"large","priority":null,"frequency":"default","local_seo":{"locations":{"business":{"name":"","businessType":"","image":"","areaServed":"","urls":{"website":"","aboutPage":"","contactPage":""},"address":{"streetLine1":"","streetLine2":"","zipCode":"","city":"","state":"","country":"","addressFormat":"#streetLineOne\n#streetLineTwo\n#city, #state #zipCode"},"contact":{"email":"","phone":"","phoneFormatted":"","fax":"","faxFormatted":""},"ids":{"vat":"","tax":"","chamberOfCommerce":""},"payment":{"priceRange":"","currenciesAccepted":"","methods":""}}},"openingHours":{"useDefaults":true,"show":true,"alwaysOpen":false,"use24hFormat":false,"timezone":"","labels":{"closed":"","alwaysOpen":""},"days":{"monday":{"open24h":false,"closed":false,"openTime":"09:00","closeTime":"17:00"},"tuesday":{"open24h":false,"closed":false,"openTime":"09:00","closeTime":"17:00"},"wednesday":{"open24h":false,"closed":false,"openTime":"09:00","closeTime":"17:00"},"thursday":{"open24h":false,"closed":false,"openTime":"09:00","closeTime":"17:00"},"friday":{"open24h":false,"closed":false,"openTime":"09:00","closeTime":"17:00"},"saturday":{"open24h":false,"closed":false,"openTime":"09:00","closeTime":"17:00"},"sunday":{"open24h":false,"closed":false,"openTime":"09:00","closeTime":"17:00"}}}},"seo_analyzer_scan_date":"2026-07-18 13:15:57","breadcrumb_settings":null,"limit_modified_date":false,"open_ai":null,"ai":null,"created":"2021-06-06 13:49:04","updated":"2026-07-18 13:15:57","focus_keyword":"Lugones en bici","additional_keywords":[{"word":"transporte","score":83},{"word":"asturiano","score":83}],"truseo_locale":null},"aioseo_breadcrumb":"<div class=\"aioseo-breadcrumbs\"><span class=\"aioseo-breadcrumb\">\n\t<a href=\"https:\/\/www.eldigitaldeasturias.com\/noticias\" title=\"Home\">Home<\/a>\n<\/span><span class=\"aioseo-breadcrumb-separator\">\u2013<\/span><span class=\"aioseo-breadcrumb\">\n\t<a href=\"https:\/\/www.eldigitaldeasturias.com\/noticias\/category\/actualidad-asturias\/\" title=\"Actualidad Asturias\">Actualidad Asturias<\/a>\n<\/span><span class=\"aioseo-breadcrumb-separator\">\u2013<\/span><span class=\"aioseo-breadcrumb\">\n\t<a href=\"https:\/\/www.eldigitaldeasturias.com\/noticias\/presentacion-del-proyecto-lugones-en-bici\/\" title=\"Presentaci\u00f3n del proyecto \u201cLugones en bici\u201d\">Presentaci\u00f3n del proyecto \u201cLugones en bici\u201d<\/a>\n<\/span><\/div>","aioseo_breadcrumb_json":[{"label":"Home","link":"https:\/\/www.eldigitaldeasturias.com\/noticias"},{"label":"Actualidad Asturias","link":"https:\/\/www.eldigitaldeasturias.com\/noticias\/category\/actualidad-asturias\/"},{"label":"Presentaci\u00f3n del proyecto \u201cLugones en bici\u201d","link":"https:\/\/www.eldigitaldeasturias.com\/noticias\/presentacion-del-proyecto-lugones-en-bici\/"}],"_links":{"self":[{"href":"https:\/\/www.eldigitaldeasturias.com\/noticias\/wp-json\/wp\/v2\/posts\/1093265","targetHints":{"allow":["GET"]}}],"collection":[{"href":"https:\/\/www.eldigitaldeasturias.com\/noticias\/wp-json\/wp\/v2\/posts"}],"about":[{"href":"https:\/\/www.eldigitaldeasturias.com\/noticias\/wp-json\/wp\/v2\/types\/post"}],"author":[{"embeddable":true,"href":"https:\/\/www.eldigitaldeasturias.com\/noticias\/wp-json\/wp\/v2\/users\/1"}],"replies":[{"embeddable":true,"href":"https:\/\/www.eldigitaldeasturias.com\/noticias\/wp-json\/wp\/v2\/comments?post=1093265"}],"version-history":[{"count":0,"href":"https:\/\/www.eldigitaldeasturias.com\/noticias\/wp-json\/wp\/v2\/posts\/1093265\/revisions"}],"wp:attachment":[{"href":"https:\/\/www.eldigitaldeasturias.com\/noticias\/wp-json\/wp\/v2\/media?parent=1093265"}],"wp:term":[{"taxonomy":"category","embeddable":true,"href":"https:\/\/www.eldigitaldeasturias.com\/noticias\/wp-json\/wp\/v2\/categories?post=1093265"},{"taxonomy":"post_tag","embeddable":true,"href":"https:\/\/www.eldigitaldeasturias.com\/noticias\/wp-json\/wp\/v2\/tags?post=1093265"}],"curies":[{"name":"wp","href":"https:\/\/api.w.org\/{rel}","templated":true}]}}