{"id":1093259,"date":"2021-06-06T14:35:56","date_gmt":"2021-06-06T13:35:56","guid":{"rendered":"https:\/\/www.eldigitaldeasturias.com\/noticias\/?p=1093259"},"modified":"2021-06-06T14:35:56","modified_gmt":"2021-06-06T13:35:56","slug":"vacunacion-de-profesionales-esenciales-en-asturias","status":"publish","type":"post","link":"https:\/\/www.eldigitaldeasturias.com\/noticias\/vacunacion-de-profesionales-esenciales-en-asturias\/","title":{"rendered":"Vacunaci\u00f3n de profesionales esenciales en Asturias"},"content":{"rendered":"<p><img loading=\"lazy\" decoding=\"async\" class=\"alignleft size-medium wp-image-1093260\" src=\"https:\/\/www.eldigitaldeasturias.com\/noticias\/wp-content\/uploads\/2021\/06\/Vacunacion-Asturias-360x241.jpg\" alt=\"Vacunaci\u00f3n Asturias\" width=\"360\" height=\"241\" \/>Al menos 408 profesionales asturianos esenciales (menores de 60 a\u00f1os) fueron citados el s\u00e1bado en el\u00a0\u00e1rea sanitaria VIII para el inicio de vacunaci\u00f3n de la segunda dosis de la vacuna anti Covid-19, en acto realizado en el polideportivo de El Entrego (San Mart\u00edn del Rey Aurelio) y que cont\u00f3 con la presencia del gerente del \u00e1rea sanitaria VIII, con cabecera Langreo, Bernab\u00e9 Fern\u00e1ndez.<\/p>\n<p>\u201cHay una m\u00ednima abstenci\u00f3n a la hora de venir a vacunarse, todo el mundo est\u00e1 acudiendo en hora y eso si, en torno al 90 por ciento, se est\u00e1 vacunando con AstraZeneca y es de agradecer que todo el mundo viene con consentimiento informado y el flujo de vacunaci\u00f3n es perfecto\u201d, coment\u00f3.<\/p>\n<p>En cuanto a la log\u00edstica, Fern\u00e1ndez indic\u00f3 que realizaron una previsi\u00f3n de los porcentajes de participaci\u00f3n con el establecimiento de tres l\u00edneas de vacunaci\u00f3n (una de Pfizer y dos de AstraZeneca). \u201cHay una l\u00ednea que es flotante, si tuvi\u00e9ramos mucha demanda de Pfizer que no es el caso, pues entonces la cambiar\u00edamos, pero como se puede comprobar, esta l\u00ednea est\u00e1 pr\u00e1cticamente vac\u00eda y las dos l\u00edneas de AstraZeneca est\u00e1n funcionando correctamente\u201d.<\/p>\n<p>Tambi\u00e9n inform\u00f3 Garc\u00eda que la decisi\u00f3n sobre la elecci\u00f3n de la vacuna en los profesionales esenciales es aut\u00f3noma pero informada con un punto de atenci\u00f3n m\u00e9dica y \u201cel protocolo que recomienda el Comit\u00e9 de Bio\u00e9tica espa\u00f1ol es que el consentimiento, dado que tiene un riesgo superior en repetir dosis con AstraZeneca, debe ser firmado\u201d.<\/p>\n<p>M\u00e1s adelante dijo Fern\u00e1ndez que no se va a desperdiciar ninguna vacuna y agreg\u00f3 que por no tener conocimiento del porcentaje que iban a obtener de una vacunaci\u00f3n u otra, \u201chemos tra\u00eddo dosis dobles, es decir, tenemos vacunas de Pfizer para todos y de AstraZeneca para todos\u201d.<\/p>\n<p>Finalmente, el gerente del \u00e1rea sanitaria VIII se\u00f1al\u00f3 que el perfil de los profesionales esenciales vacunados es de profesorado, \u00e1rea de farmacia, fisioterapeutas, odont\u00f3logos, polic\u00edas locales, entre otros.<\/p>\n<p>&nbsp;<\/p>\n<p>&nbsp;<\/p>\n","protected":false},"excerpt":{"rendered":"<p>Al menos 408 profesionales asturianos esenciales (menores de 60 a\u00f1os) fueron citados el s\u00e1bado en el\u00a0\u00e1rea sanitaria VIII para el inicio de vacunaci\u00f3n de la segunda dosis de la vacuna anti Covid-19, en acto realizado en el polideportivo de El Entrego (San Mart\u00edn del Rey Aurelio) y que cont\u00f3 con la presencia del gerente del [&hellip;]<\/p>\n","protected":false},"author":1,"featured_media":1093260,"comment_status":"closed","ping_status":"closed","sticky":false,"template":"","format":"standard","meta":{"footnotes":""},"categories":[12],"tags":[],"class_list":["post-1093259","post","type-post","status-publish","format-standard","has-post-thumbnail","hentry","category-actualidad-asturias"],"aioseo_notices":[],"aioseo_head":"\n\t\t<!-- All in One SEO Pro 5.0.1 - aioseo.com -->\n\t<meta name=\"description\" content=\"408 profesionales asturianos esenciales (menores de 60 a\u00f1os) fueron citados el s\u00e1bado en el \u00e1rea sanitaria VIII para el inicio de vacunaci\u00f3n de la segunda..\" \/>\n\t<meta name=\"robots\" content=\"max-image-preview:large\" \/>\n\t<meta name=\"author\" content=\"El Digital de Asturias\"\/>\n\t<meta name=\"google-site-verification\" content=\"UA-38556648-1\" \/>\n\t<meta name=\"msvalidate.01\" content=\"7dfe9f3f1b24437ab69f4f2559babe99\" \/>\n\t<meta name=\"keywords\" content=\"asturias,vacunaci\u00f3n,esenciales,actualidad asturias\" \/>\n\t<link rel=\"canonical\" href=\"https:\/\/www.eldigitaldeasturias.com\/noticias\/vacunacion-de-profesionales-esenciales-en-asturias\/\" \/>\n\t<meta name=\"generator\" content=\"All in One SEO Pro (AIOSEO) 5.0.1\" \/>\n\t\t<meta property=\"og:locale\" content=\"es_ES\" \/>\n\t\t<meta property=\"og:site_name\" content=\"El Digital de Asturias\" \/>\n\t\t<meta property=\"og:type\" content=\"article\" \/>\n\t\t<meta property=\"og:title\" content=\"Vacunaci\u00f3n de profesionales esenciales en Asturias - El Digital de Asturias\" \/>\n\t\t<meta property=\"og:description\" content=\"408 profesionales asturianos esenciales (menores de 60 a\u00f1os) fueron citados el s\u00e1bado en el \u00e1rea sanitaria VIII para el inicio de vacunaci\u00f3n de la segunda..\" \/>\n\t\t<meta property=\"og:url\" content=\"https:\/\/www.eldigitaldeasturias.com\/noticias\/vacunacion-de-profesionales-esenciales-en-asturias\/\" \/>\n\t\t<meta property=\"article:tag\" content=\"asturias\" \/>\n\t\t<meta property=\"article:tag\" content=\"vacunaci\u00f3n\" \/>\n\t\t<meta property=\"article:tag\" content=\"esenciales\" \/>\n\t\t<meta property=\"article:tag\" content=\"actualidad asturias\" \/>\n\t\t<meta property=\"article:published_time\" content=\"2021-06-06T13:35:56+00:00\" \/>\n\t\t<meta property=\"article:modified_time\" content=\"2021-06-06T13:35:56+00:00\" \/>\n\t\t<meta property=\"article:publisher\" content=\"https:\/\/facebook.com\/eldigitaldeasturias\" \/>\n\t\t<meta name=\"twitter:card\" content=\"summary_large_image\" \/>\n\t\t<meta name=\"twitter:title\" content=\"Vacunaci\u00f3n de profesionales esenciales en Asturias - El Digital de Asturias\" \/>\n\t\t<meta name=\"twitter:description\" content=\"408 profesionales asturianos esenciales (menores de 60 a\u00f1os) fueron citados el s\u00e1bado en el \u00e1rea sanitaria VIII para el inicio de vacunaci\u00f3n de la segunda..\" \/>\n\t\t<meta name=\"twitter:image\" content=\"https:\/\/www.eldigitaldeasturias.com\/noticias\/wp-content\/uploads\/2020\/12\/EDA-1.jpg\" \/>\n\t\t<meta name=\"twitter:label1\" content=\"Escrito por\" \/>\n\t\t<meta name=\"twitter:data1\" content=\"El Digital de Asturias\" \/>\n\t\t<meta name=\"twitter:label2\" content=\"Tiempo de lectura estimado\" \/>\n\t\t<meta name=\"twitter:data2\" content=\"2 minutos\" \/>\n\t\t<script type=\"application\/ld+json\" class=\"aioseo-schema\">\n\t\t\t{\"@context\":\"https:\\\/\\\/schema.org\",\"@graph\":[{\"@type\":\"BlogPosting\",\"@id\":\"https:\\\/\\\/www.eldigitaldeasturias.com\\\/noticias\\\/vacunacion-de-profesionales-esenciales-en-asturias\\\/#blogposting\",\"name\":\"Vacunaci\\u00f3n de profesionales esenciales en Asturias - El Digital de Asturias\",\"headline\":\"Vacunaci\\u00f3n de profesionales esenciales en Asturias\",\"author\":{\"@id\":\"https:\\\/\\\/www.eldigitaldeasturias.com\\\/noticias\\\/author\\\/admin\\\/#author\"},\"publisher\":{\"@id\":\"https:\\\/\\\/www.eldigitaldeasturias.com\\\/noticias\\\/#organization\"},\"image\":{\"@type\":\"ImageObject\",\"url\":1093260},\"datePublished\":\"2021-06-06T14:35:56+02:00\",\"dateModified\":\"2021-06-06T14:35:56+02:00\",\"inLanguage\":\"es-ES\",\"mainEntityOfPage\":{\"@id\":\"https:\\\/\\\/www.eldigitaldeasturias.com\\\/noticias\\\/vacunacion-de-profesionales-esenciales-en-asturias\\\/#webpage\"},\"isPartOf\":{\"@id\":\"https:\\\/\\\/www.eldigitaldeasturias.com\\\/noticias\\\/vacunacion-de-profesionales-esenciales-en-asturias\\\/#webpage\"},\"articleSection\":\"Actualidad Asturias\"},{\"@type\":\"BreadcrumbList\",\"@id\":\"https:\\\/\\\/www.eldigitaldeasturias.com\\\/noticias\\\/vacunacion-de-profesionales-esenciales-en-asturias\\\/#breadcrumblist\",\"itemListElement\":[{\"@type\":\"ListItem\",\"@id\":\"https:\\\/\\\/www.eldigitaldeasturias.com\\\/noticias#listItem\",\"position\":1,\"name\":\"Home\",\"item\":\"https:\\\/\\\/www.eldigitaldeasturias.com\\\/noticias\",\"nextItem\":{\"@type\":\"ListItem\",\"@id\":\"https:\\\/\\\/www.eldigitaldeasturias.com\\\/noticias\\\/category\\\/actualidad-asturias\\\/#listItem\",\"name\":\"Actualidad Asturias\"}},{\"@type\":\"ListItem\",\"@id\":\"https:\\\/\\\/www.eldigitaldeasturias.com\\\/noticias\\\/category\\\/actualidad-asturias\\\/#listItem\",\"position\":2,\"name\":\"Actualidad Asturias\",\"item\":\"https:\\\/\\\/www.eldigitaldeasturias.com\\\/noticias\\\/category\\\/actualidad-asturias\\\/\",\"nextItem\":{\"@type\":\"ListItem\",\"@id\":\"https:\\\/\\\/www.eldigitaldeasturias.com\\\/noticias\\\/vacunacion-de-profesionales-esenciales-en-asturias\\\/#listItem\",\"name\":\"Vacunaci\\u00f3n de profesionales esenciales en Asturias\"},\"previousItem\":{\"@type\":\"ListItem\",\"@id\":\"https:\\\/\\\/www.eldigitaldeasturias.com\\\/noticias#listItem\",\"name\":\"Home\"}},{\"@type\":\"ListItem\",\"@id\":\"https:\\\/\\\/www.eldigitaldeasturias.com\\\/noticias\\\/vacunacion-de-profesionales-esenciales-en-asturias\\\/#listItem\",\"position\":3,\"name\":\"Vacunaci\\u00f3n de profesionales esenciales en Asturias\",\"previousItem\":{\"@type\":\"ListItem\",\"@id\":\"https:\\\/\\\/www.eldigitaldeasturias.com\\\/noticias\\\/category\\\/actualidad-asturias\\\/#listItem\",\"name\":\"Actualidad Asturias\"}}]},{\"@type\":\"Organization\",\"@id\":\"https:\\\/\\\/www.eldigitaldeasturias.com\\\/noticias\\\/#organization\",\"name\":\"El Digital de Asturias\",\"description\":\"Hemeroteca\",\"url\":\"https:\\\/\\\/www.eldigitaldeasturias.com\\\/noticias\\\/\",\"email\":\"info@eldigitaldeasturias.com\",\"telephone\":\"+34652131393\",\"logo\":{\"@type\":\"ImageObject\",\"url\":\"https:\\\/\\\/www.eldigitaldeasturias.com\\\/noticias\\\/wp-content\\\/uploads\\\/2020\\\/12\\\/EDA.jpg\",\"@id\":\"https:\\\/\\\/www.eldigitaldeasturias.com\\\/noticias\\\/vacunacion-de-profesionales-esenciales-en-asturias\\\/#organizationLogo\"},\"image\":{\"@id\":\"https:\\\/\\\/www.eldigitaldeasturias.com\\\/noticias\\\/vacunacion-de-profesionales-esenciales-en-asturias\\\/#organizationLogo\"},\"sameAs\":[\"https:\\\/\\\/facebook.com\\\/eldigitaldeasturias\",\"https:\\\/\\\/www.youtube.com\\\/channel\\\/UCZP-2wLEB9Rv6erhFmqVnvg\"],\"address\":{\"@id\":\"https:\\\/\\\/www.eldigitaldeasturias.com\\\/noticias\\\/#postaladdress\",\"@type\":\"PostalAddress\",\"streetAddress\":\"san antonio 4\",\"postalCode\":\"33430\",\"addressLocality\":\"Cand\\u00e1s\",\"addressRegion\":\"Asturias\",\"addressCountry\":\"ES\"}},{\"@type\":\"Person\",\"@id\":\"https:\\\/\\\/www.eldigitaldeasturias.com\\\/noticias\\\/author\\\/admin\\\/#author\",\"url\":\"https:\\\/\\\/www.eldigitaldeasturias.com\\\/noticias\\\/author\\\/admin\\\/\",\"name\":\"El Digital de Asturias\",\"image\":{\"@type\":\"ImageObject\",\"@id\":\"https:\\\/\\\/www.eldigitaldeasturias.com\\\/noticias\\\/vacunacion-de-profesionales-esenciales-en-asturias\\\/#authorImage\",\"url\":\"https:\\\/\\\/secure.gravatar.com\\\/avatar\\\/df2aeffc32bcd13f8d26072ef8a91b623d677766deac7f97ca815868cd41bf5e?s=96&d=mm&r=g\",\"width\":96,\"height\":96,\"caption\":\"El Digital de Asturias\"}},{\"@type\":\"WebPage\",\"@id\":\"https:\\\/\\\/www.eldigitaldeasturias.com\\\/noticias\\\/vacunacion-de-profesionales-esenciales-en-asturias\\\/#webpage\",\"url\":\"https:\\\/\\\/www.eldigitaldeasturias.com\\\/noticias\\\/vacunacion-de-profesionales-esenciales-en-asturias\\\/\",\"name\":\"Vacunaci\\u00f3n de profesionales esenciales en Asturias - El Digital de Asturias\",\"description\":\"408 profesionales asturianos esenciales (menores de 60 a\\u00f1os) fueron citados el s\\u00e1bado en el \\u00e1rea sanitaria VIII para el inicio de vacunaci\\u00f3n de la segunda..\",\"inLanguage\":\"es-ES\",\"isPartOf\":{\"@id\":\"https:\\\/\\\/www.eldigitaldeasturias.com\\\/noticias\\\/#website\"},\"breadcrumb\":{\"@id\":\"https:\\\/\\\/www.eldigitaldeasturias.com\\\/noticias\\\/vacunacion-de-profesionales-esenciales-en-asturias\\\/#breadcrumblist\"},\"author\":{\"@id\":\"https:\\\/\\\/www.eldigitaldeasturias.com\\\/noticias\\\/author\\\/admin\\\/#author\"},\"creator\":{\"@id\":\"https:\\\/\\\/www.eldigitaldeasturias.com\\\/noticias\\\/author\\\/admin\\\/#author\"},\"image\":{\"@type\":\"ImageObject\",\"url\":1093260,\"@id\":\"https:\\\/\\\/www.eldigitaldeasturias.com\\\/noticias\\\/vacunacion-de-profesionales-esenciales-en-asturias\\\/#mainImage\"},\"primaryImageOfPage\":{\"@id\":\"https:\\\/\\\/www.eldigitaldeasturias.com\\\/noticias\\\/vacunacion-de-profesionales-esenciales-en-asturias\\\/#mainImage\"},\"datePublished\":\"2021-06-06T14:35:56+02:00\",\"dateModified\":\"2021-06-06T14:35:56+02:00\"},{\"@type\":\"WebSite\",\"@id\":\"https:\\\/\\\/www.eldigitaldeasturias.com\\\/noticias\\\/#website\",\"url\":\"https:\\\/\\\/www.eldigitaldeasturias.com\\\/noticias\\\/\",\"name\":\"El Digital de Asturias - Diario de actualidad y noticias\",\"alternateName\":\"El Digital de Asturias - Diario de actualidad y noticias\",\"description\":\"Hemeroteca\",\"inLanguage\":\"es-ES\",\"publisher\":{\"@id\":\"https:\\\/\\\/www.eldigitaldeasturias.com\\\/noticias\\\/#organization\"}}]}\n\t\t<\/script>\n\t\t<!-- All in One SEO Pro -->\r\n\t\t<title>Vacunaci\u00f3n de profesionales esenciales en Asturias - El Digital de Asturias<\/title>\n\n","aioseo_head_json":{"title":"Vacunaci\u00f3n de profesionales esenciales en Asturias - El Digital de Asturias","description":"408 profesionales asturianos esenciales (menores de 60 a\u00f1os) fueron citados el s\u00e1bado en el \u00e1rea sanitaria VIII para el inicio de vacunaci\u00f3n de la segunda..","canonical_url":"https:\/\/www.eldigitaldeasturias.com\/noticias\/vacunacion-de-profesionales-esenciales-en-asturias\/","robots":"max-image-preview:large","keywords":"asturias,vacunaci\u00f3n,esenciales,actualidad asturias","webmasterTools":{"google-site-verification":"UA-38556648-1","msvalidate.01":"7dfe9f3f1b24437ab69f4f2559babe99","miscellaneous":""},"schema":{"@context":"https:\/\/schema.org","@graph":[{"@type":"BlogPosting","@id":"https:\/\/www.eldigitaldeasturias.com\/noticias\/vacunacion-de-profesionales-esenciales-en-asturias\/#blogposting","name":"Vacunaci\u00f3n de profesionales esenciales en Asturias - El Digital de Asturias","headline":"Vacunaci\u00f3n de profesionales esenciales en Asturias","author":{"@id":"https:\/\/www.eldigitaldeasturias.com\/noticias\/author\/admin\/#author"},"publisher":{"@id":"https:\/\/www.eldigitaldeasturias.com\/noticias\/#organization"},"image":{"@type":"ImageObject","url":1093260},"datePublished":"2021-06-06T14:35:56+02:00","dateModified":"2021-06-06T14:35:56+02:00","inLanguage":"es-ES","mainEntityOfPage":{"@id":"https:\/\/www.eldigitaldeasturias.com\/noticias\/vacunacion-de-profesionales-esenciales-en-asturias\/#webpage"},"isPartOf":{"@id":"https:\/\/www.eldigitaldeasturias.com\/noticias\/vacunacion-de-profesionales-esenciales-en-asturias\/#webpage"},"articleSection":"Actualidad Asturias"},{"@type":"BreadcrumbList","@id":"https:\/\/www.eldigitaldeasturias.com\/noticias\/vacunacion-de-profesionales-esenciales-en-asturias\/#breadcrumblist","itemListElement":[{"@type":"ListItem","@id":"https:\/\/www.eldigitaldeasturias.com\/noticias#listItem","position":1,"name":"Home","item":"https:\/\/www.eldigitaldeasturias.com\/noticias","nextItem":{"@type":"ListItem","@id":"https:\/\/www.eldigitaldeasturias.com\/noticias\/category\/actualidad-asturias\/#listItem","name":"Actualidad Asturias"}},{"@type":"ListItem","@id":"https:\/\/www.eldigitaldeasturias.com\/noticias\/category\/actualidad-asturias\/#listItem","position":2,"name":"Actualidad Asturias","item":"https:\/\/www.eldigitaldeasturias.com\/noticias\/category\/actualidad-asturias\/","nextItem":{"@type":"ListItem","@id":"https:\/\/www.eldigitaldeasturias.com\/noticias\/vacunacion-de-profesionales-esenciales-en-asturias\/#listItem","name":"Vacunaci\u00f3n de profesionales esenciales en Asturias"},"previousItem":{"@type":"ListItem","@id":"https:\/\/www.eldigitaldeasturias.com\/noticias#listItem","name":"Home"}},{"@type":"ListItem","@id":"https:\/\/www.eldigitaldeasturias.com\/noticias\/vacunacion-de-profesionales-esenciales-en-asturias\/#listItem","position":3,"name":"Vacunaci\u00f3n de profesionales esenciales en Asturias","previousItem":{"@type":"ListItem","@id":"https:\/\/www.eldigitaldeasturias.com\/noticias\/category\/actualidad-asturias\/#listItem","name":"Actualidad Asturias"}}]},{"@type":"Organization","@id":"https:\/\/www.eldigitaldeasturias.com\/noticias\/#organization","name":"El Digital de Asturias","description":"Hemeroteca","url":"https:\/\/www.eldigitaldeasturias.com\/noticias\/","email":"info@eldigitaldeasturias.com","telephone":"+34652131393","logo":{"@type":"ImageObject","url":"https:\/\/www.eldigitaldeasturias.com\/noticias\/wp-content\/uploads\/2020\/12\/EDA.jpg","@id":"https:\/\/www.eldigitaldeasturias.com\/noticias\/vacunacion-de-profesionales-esenciales-en-asturias\/#organizationLogo"},"image":{"@id":"https:\/\/www.eldigitaldeasturias.com\/noticias\/vacunacion-de-profesionales-esenciales-en-asturias\/#organizationLogo"},"sameAs":["https:\/\/facebook.com\/eldigitaldeasturias","https:\/\/www.youtube.com\/channel\/UCZP-2wLEB9Rv6erhFmqVnvg"],"address":{"@id":"https:\/\/www.eldigitaldeasturias.com\/noticias\/#postaladdress","@type":"PostalAddress","streetAddress":"san antonio 4","postalCode":"33430","addressLocality":"Cand\u00e1s","addressRegion":"Asturias","addressCountry":"ES"}},{"@type":"Person","@id":"https:\/\/www.eldigitaldeasturias.com\/noticias\/author\/admin\/#author","url":"https:\/\/www.eldigitaldeasturias.com\/noticias\/author\/admin\/","name":"El Digital de Asturias","image":{"@type":"ImageObject","@id":"https:\/\/www.eldigitaldeasturias.com\/noticias\/vacunacion-de-profesionales-esenciales-en-asturias\/#authorImage","url":"https:\/\/secure.gravatar.com\/avatar\/df2aeffc32bcd13f8d26072ef8a91b623d677766deac7f97ca815868cd41bf5e?s=96&d=mm&r=g","width":96,"height":96,"caption":"El Digital de Asturias"}},{"@type":"WebPage","@id":"https:\/\/www.eldigitaldeasturias.com\/noticias\/vacunacion-de-profesionales-esenciales-en-asturias\/#webpage","url":"https:\/\/www.eldigitaldeasturias.com\/noticias\/vacunacion-de-profesionales-esenciales-en-asturias\/","name":"Vacunaci\u00f3n de profesionales esenciales en Asturias - El Digital de Asturias","description":"408 profesionales asturianos esenciales (menores de 60 a\u00f1os) fueron citados el s\u00e1bado en el \u00e1rea sanitaria VIII para el inicio de vacunaci\u00f3n de la segunda..","inLanguage":"es-ES","isPartOf":{"@id":"https:\/\/www.eldigitaldeasturias.com\/noticias\/#website"},"breadcrumb":{"@id":"https:\/\/www.eldigitaldeasturias.com\/noticias\/vacunacion-de-profesionales-esenciales-en-asturias\/#breadcrumblist"},"author":{"@id":"https:\/\/www.eldigitaldeasturias.com\/noticias\/author\/admin\/#author"},"creator":{"@id":"https:\/\/www.eldigitaldeasturias.com\/noticias\/author\/admin\/#author"},"image":{"@type":"ImageObject","url":1093260,"@id":"https:\/\/www.eldigitaldeasturias.com\/noticias\/vacunacion-de-profesionales-esenciales-en-asturias\/#mainImage"},"primaryImageOfPage":{"@id":"https:\/\/www.eldigitaldeasturias.com\/noticias\/vacunacion-de-profesionales-esenciales-en-asturias\/#mainImage"},"datePublished":"2021-06-06T14:35:56+02:00","dateModified":"2021-06-06T14:35:56+02:00"},{"@type":"WebSite","@id":"https:\/\/www.eldigitaldeasturias.com\/noticias\/#website","url":"https:\/\/www.eldigitaldeasturias.com\/noticias\/","name":"El Digital de Asturias - Diario de actualidad y noticias","alternateName":"El Digital de Asturias - Diario de actualidad y noticias","description":"Hemeroteca","inLanguage":"es-ES","publisher":{"@id":"https:\/\/www.eldigitaldeasturias.com\/noticias\/#organization"}}]},"og:locale":"es_ES","og:site_name":"El Digital de Asturias","og:type":"article","og:title":"Vacunaci\u00f3n de profesionales esenciales en Asturias - El Digital de Asturias","og:description":"408 profesionales asturianos esenciales (menores de 60 a\u00f1os) fueron citados el s\u00e1bado en el \u00e1rea sanitaria VIII para el inicio de vacunaci\u00f3n de la segunda..","og:url":"https:\/\/www.eldigitaldeasturias.com\/noticias\/vacunacion-de-profesionales-esenciales-en-asturias\/","article:tag":["asturias","vacunaci\u00f3n","esenciales","actualidad asturias"],"article:published_time":"2021-06-06T13:35:56+00:00","article:modified_time":"2021-06-06T13:35:56+00:00","article:publisher":"https:\/\/facebook.com\/eldigitaldeasturias","twitter:card":"summary_large_image","twitter:title":"Vacunaci\u00f3n de profesionales esenciales en Asturias - El Digital de Asturias","twitter:description":"408 profesionales asturianos esenciales (menores de 60 a\u00f1os) fueron citados el s\u00e1bado en el \u00e1rea sanitaria VIII para el inicio de vacunaci\u00f3n de la segunda..","twitter:image":"https:\/\/www.eldigitaldeasturias.com\/noticias\/wp-content\/uploads\/2020\/12\/EDA-1.jpg","twitter:label1":"Escrito por","twitter:data1":"El Digital de Asturias","twitter:label2":"Tiempo de lectura estimado","twitter:data2":"2 minutos"},"aioseo_meta_data":{"post_id":"1093259","title":null,"description":"408 profesionales asturianos esenciales (menores de 60 a\u00f1os) fueron citados el s\u00e1bado en el &nbsp;\u00e1rea sanitaria VIII para el inicio de vacunaci\u00f3n de la segunda..","keywords":[{"label":"Asturias","value":"Asturias"},{"label":" vacunaci\u00f3n","value":" vacunaci\u00f3n"},{"label":" esenciales","value":" esenciales"}],"keyphrases":{"focus":{"keyphrase":"Asturias","score":76,"analysis":{"keyphraseInTitle":{"title":"Frase clave objetivo en el t\u00edtulo SEO","description":"Frase clave objetivo encontrada en el t\u00edtulo SEO.","score":9,"maxScore":9,"error":0},"keyphraseInDescription":{"title":"Frase clave objetivo en la meta descripci\u00f3n","description":"Frase clave objetivo no se encuentra en la meta descripci\u00f3n.","score":3,"maxScore":9,"error":1},"keyphraseInURL":{"title":"Frase clave objetivo en la URL","description":"Frase clave objetivo usada en la URL.","score":5,"maxScore":5,"error":0},"keyphraseInIntroduction":{"title":"Frase clave objetivo en la introducci\u00f3n","description":"Su Frase clave objetivo no aparece en el primer p\u00e1rrafo. Aseg\u00farese de que el tema est\u00e9 claro de inmediato.","score":3,"maxScore":9,"error":1},"keyphraseInSubHeadings":[],"keyphraseLength":{"title":"Longitud de la Frase clave objetivo","description":"\u00a1Buen trabajo!","score":9,"maxScore":9,"error":0,"length":1},"keyphraseInImageAlt":{"title":"Frase clave objetivo en los atributos alt de la imagen.","description":"Frase clave objetivo encontrada en los atributos alt de la(s) imagen(es).","score":9,"maxScore":9,"error":0}}},"additional":[{"keyphrase":"408 profesionales asturianos ","score":83,"analysis":{"keyphraseInDescription":{"title":"Frase clave en la meta descripci\u00f3n","description":"Frase clave encontrada en la meta descripci\u00f3n.","score":9,"maxScore":9,"error":0},"keyphraseInIntroduction":{"title":"Frase clave en la introducci\u00f3n","description":"Su Frase clave aparece en el primer p\u00e1rrafo. \u00a1Bien hecho!","score":9,"maxScore":9,"error":0},"keyphraseInImageAlt":{"title":"Frase clave en los atributos alt de la imagen.","description":"Frase clave no se encuentra en los atributos alt de la imagen. A\u00f1ada una imagen con su Frase clave como texto alternativo.","score":3,"maxScore":9,"error":1},"keyphraseLength":{"title":"Longitud de la Frase clave","description":"\u00a1Buen trabajo!","score":9,"maxScore":9,"error":0,"length":2}}},{"keyphrase":"vacunaci\u00f3n","score":100,"analysis":{"keyphraseInDescription":{"title":"Frase clave en la meta descripci\u00f3n","description":"Frase clave encontrada en la meta descripci\u00f3n.","score":9,"maxScore":9,"error":0},"keyphraseInIntroduction":{"title":"Frase clave en la introducci\u00f3n","description":"Su Frase clave aparece en el primer p\u00e1rrafo. \u00a1Bien hecho!","score":9,"maxScore":9,"error":0},"keyphraseInImageAlt":{"title":"Frase clave en los atributos alt de la imagen.","description":"Frase clave encontrada en los atributos alt de la(s) imagen(es).","score":9,"maxScore":9,"error":0},"keyphraseLength":{"title":"Longitud de la Frase clave","description":"\u00a1Buen trabajo!","score":9,"maxScore":9,"error":0,"length":1}}},{"keyphrase":" \u00e1rea sanitaria VIII","score":100,"analysis":{"keyphraseInDescription":{"title":"Frase clave en la meta descripci\u00f3n","description":"Frase clave encontrada en la meta descripci\u00f3n.","score":9,"maxScore":9,"error":0},"keyphraseInIntroduction":{"title":"Frase clave en la introducci\u00f3n","description":"Su Frase clave aparece en el primer p\u00e1rrafo. \u00a1Bien hecho!","score":9,"maxScore":9,"error":0},"keyphraseInImageAlt":{"title":"Frase clave en los atributos alt de la imagen.","description":"Frase clave encontrada en los atributos alt de la(s) imagen(es).","score":9,"maxScore":9,"error":0},"keyphraseLength":{"title":"Longitud de la Frase clave","description":"\u00a1Buen trabajo!","score":9,"maxScore":9,"error":0,"length":3}}}]},"primary_term":null,"canonical_url":null,"og_title":null,"og_description":null,"og_object_type":"default","og_image_type":"default","og_image_url":null,"og_image_width":null,"og_image_height":null,"og_image_custom_url":null,"og_image_custom_fields":null,"og_video":"","og_custom_url":null,"og_article_section":null,"og_article_tags":[],"twitter_use_og":false,"twitter_card":"default","twitter_image_type":"default","twitter_image_url":null,"twitter_image_custom_url":null,"twitter_image_custom_fields":null,"twitter_title":null,"twitter_description":null,"schema":{"blockGraphs":[],"customGraphs":[],"default":{"data":{"Article":[],"Course":[],"Dataset":[],"FAQPage":[],"Movie":[],"Person":[],"Product":[],"ProductReview":[],"Car":[],"Recipe":[],"Service":[],"SoftwareApplication":[],"WebPage":[]},"graphName":"","isEnabled":true},"graphs":[],"defaultGraph":"Article","defaultPostTypeGraph":""},"schema_type":"default","schema_type_options":"{\"article\":{\"articleType\":\"BlogPosting\"},\"course\":{\"name\":\"\",\"description\":\"\",\"provider\":\"\"},\"faq\":{\"pages\":[]},\"product\":{\"reviews\":[]},\"recipe\":{\"ingredients\":[],\"instructions\":[],\"keywords\":[]},\"software\":{\"reviews\":[],\"operatingSystems\":[]},\"webPage\":{\"webPageType\":\"WebPage\"}}","pillar_content":false,"robots_default":true,"robots_noindex":false,"robots_noarchive":false,"robots_nosnippet":false,"robots_nofollow":false,"robots_noimageindex":false,"robots_noodp":false,"robots_notranslate":false,"robots_max_snippet":"-1","robots_max_videopreview":"-1","robots_max_imagepreview":"large","priority":null,"frequency":"default","local_seo":{"locations":{"business":{"name":"","businessType":"","image":"","areaServed":"","urls":{"website":"","aboutPage":"","contactPage":""},"address":{"streetLine1":"","streetLine2":"","zipCode":"","city":"","state":"","country":"","addressFormat":"#streetLineOne\n#streetLineTwo\n#city, #state #zipCode"},"contact":{"email":"","phone":"","phoneFormatted":"","fax":"","faxFormatted":""},"ids":{"vat":"","tax":"","chamberOfCommerce":""},"payment":{"priceRange":"","currenciesAccepted":"","methods":""}}},"openingHours":{"useDefaults":true,"show":true,"alwaysOpen":false,"use24hFormat":false,"timezone":"","labels":{"closed":"","alwaysOpen":""},"days":{"monday":{"open24h":false,"closed":false,"openTime":"09:00","closeTime":"17:00"},"tuesday":{"open24h":false,"closed":false,"openTime":"09:00","closeTime":"17:00"},"wednesday":{"open24h":false,"closed":false,"openTime":"09:00","closeTime":"17:00"},"thursday":{"open24h":false,"closed":false,"openTime":"09:00","closeTime":"17:00"},"friday":{"open24h":false,"closed":false,"openTime":"09:00","closeTime":"17:00"},"saturday":{"open24h":false,"closed":false,"openTime":"09:00","closeTime":"17:00"},"sunday":{"open24h":false,"closed":false,"openTime":"09:00","closeTime":"17:00"}}}},"seo_analyzer_scan_date":"2026-07-18 13:14:42","breadcrumb_settings":null,"limit_modified_date":false,"open_ai":null,"ai":null,"created":"2021-06-06 13:27:52","updated":"2026-07-18 13:14:42","focus_keyword":"Asturias","additional_keywords":[{"word":"408 profesionales asturianos","score":83},{"word":"vacunaci\u00f3n","score":100},{"word":"\u00e1rea sanitaria VIII","score":100}],"truseo_locale":null},"aioseo_breadcrumb":"<div class=\"aioseo-breadcrumbs\"><span class=\"aioseo-breadcrumb\">\n\t<a href=\"https:\/\/www.eldigitaldeasturias.com\/noticias\" title=\"Home\">Home<\/a>\n<\/span><span class=\"aioseo-breadcrumb-separator\">\u2013<\/span><span class=\"aioseo-breadcrumb\">\n\t<a href=\"https:\/\/www.eldigitaldeasturias.com\/noticias\/category\/actualidad-asturias\/\" title=\"Actualidad Asturias\">Actualidad Asturias<\/a>\n<\/span><span class=\"aioseo-breadcrumb-separator\">\u2013<\/span><span class=\"aioseo-breadcrumb\">\n\t<a href=\"https:\/\/www.eldigitaldeasturias.com\/noticias\/vacunacion-de-profesionales-esenciales-en-asturias\/\" title=\"Vacunaci\u00f3n de profesionales esenciales en Asturias\">Vacunaci\u00f3n de profesionales esenciales en Asturias<\/a>\n<\/span><\/div>","aioseo_breadcrumb_json":[{"label":"Home","link":"https:\/\/www.eldigitaldeasturias.com\/noticias"},{"label":"Actualidad Asturias","link":"https:\/\/www.eldigitaldeasturias.com\/noticias\/category\/actualidad-asturias\/"},{"label":"Vacunaci\u00f3n de profesionales esenciales en Asturias","link":"https:\/\/www.eldigitaldeasturias.com\/noticias\/vacunacion-de-profesionales-esenciales-en-asturias\/"}],"_links":{"self":[{"href":"https:\/\/www.eldigitaldeasturias.com\/noticias\/wp-json\/wp\/v2\/posts\/1093259","targetHints":{"allow":["GET"]}}],"collection":[{"href":"https:\/\/www.eldigitaldeasturias.com\/noticias\/wp-json\/wp\/v2\/posts"}],"about":[{"href":"https:\/\/www.eldigitaldeasturias.com\/noticias\/wp-json\/wp\/v2\/types\/post"}],"author":[{"embeddable":true,"href":"https:\/\/www.eldigitaldeasturias.com\/noticias\/wp-json\/wp\/v2\/users\/1"}],"replies":[{"embeddable":true,"href":"https:\/\/www.eldigitaldeasturias.com\/noticias\/wp-json\/wp\/v2\/comments?post=1093259"}],"version-history":[{"count":0,"href":"https:\/\/www.eldigitaldeasturias.com\/noticias\/wp-json\/wp\/v2\/posts\/1093259\/revisions"}],"wp:attachment":[{"href":"https:\/\/www.eldigitaldeasturias.com\/noticias\/wp-json\/wp\/v2\/media?parent=1093259"}],"wp:term":[{"taxonomy":"category","embeddable":true,"href":"https:\/\/www.eldigitaldeasturias.com\/noticias\/wp-json\/wp\/v2\/categories?post=1093259"},{"taxonomy":"post_tag","embeddable":true,"href":"https:\/\/www.eldigitaldeasturias.com\/noticias\/wp-json\/wp\/v2\/tags?post=1093259"}],"curies":[{"name":"wp","href":"https:\/\/api.w.org\/{rel}","templated":true}]}}