{"id":1093248,"date":"2021-06-06T12:48:24","date_gmt":"2021-06-06T11:48:24","guid":{"rendered":"https:\/\/www.eldigitaldeasturias.com\/noticias\/?p=1093248"},"modified":"2021-06-06T12:48:24","modified_gmt":"2021-06-06T11:48:24","slug":"presentado-el-proyecto-cangas-comercio-natural","status":"publish","type":"post","link":"https:\/\/www.eldigitaldeasturias.com\/noticias\/presentado-el-proyecto-cangas-comercio-natural\/","title":{"rendered":"Presentado el proyecto \u00abCangas, Comercio Natural\u00bb"},"content":{"rendered":"<p><img loading=\"lazy\" decoding=\"async\" class=\"alignleft size-medium wp-image-1093249\" src=\"https:\/\/www.eldigitaldeasturias.com\/noticias\/wp-content\/uploads\/2021\/06\/Cangas-del-Narcea-360x256.jpg\" alt=\"Cangas del Narcea\" width=\"360\" height=\"256\" \/>El Ayuntamiento de Cangas del Narcea ha presentado ante el Ministerio de Industria, Comercio y Turismo el proyecto <strong>\u2018Cangas, Comercio Natural\u2019<\/strong> para optar a la concesi\u00f3n de ayudas para ejecuci\u00f3n de proyectos singulares para la modernizaci\u00f3n comercial para el programa de apoyo a la competitividad del comercio minorista.<strong> \u201cEl proyecto es fruto de una planificaci\u00f3n conjunta entre los sectores p\u00fablico-privado de Cangas del Narcea, donde la reconversi\u00f3n socioecon\u00f3mica continua es se\u00f1a de identidad del territorio\u201d, ha manifestado el alcalde de Cangas del Narcea, Jos\u00e9 V\u00edctor Rodr\u00edguez<\/strong>.<\/p>\n<p>El proyecto presentado recoge un plan para fomentar el comercio local de proximidad hasta 2025,<strong> \u201ces una manera m\u00e1s de ayudar frente a la crisis de la Covid\u201d, ha dicho Rodr\u00edguez<\/strong>, quien ha detallado que el proyecto prev\u00e9 crear una red wifi p\u00fablica en el eje comercial de la villa. La instalaci\u00f3n de esta red, con once puntos de conexi\u00f3n, comprender\u00e1 la calle Ur\u00eda entre la plaza de Asturias y la calle Velarde y la calle Mayor, as\u00ed como las v\u00edas perpendiculares que unen ambas calles. Tambi\u00e9n habr\u00e1 red wifi en la plaza Mayor y la calle M\u00e9dico Rafael Fern\u00e1ndez Ur\u00eda.<\/p>\n<p>Entre las novedades tambi\u00e9n se encuentra la instalaci\u00f3n de paneles que informen a vecinos y visitantes de las plazas de estacionamiento libres en las diferentes zonas de la villa cercanas al eje comercial. Unos paneles que tambi\u00e9n trasladar\u00e1n informaci\u00f3n sanitaria o sobre la calidad del aire. Tambi\u00e9n se instalar\u00e1 se\u00f1al\u00e9ctica digital con informaci\u00f3n tur\u00edstica del concejo. La creaci\u00f3n de una Aplicaci\u00f3n m\u00f3vil con geolocalizaci\u00f3n es otro de los desarrollos tecnol\u00f3gicos que se podr\u00e1n llevar a cabo si se concede esta subvenci\u00f3n. La idea es que con la instalaci\u00f3n de la App en el dispositivo m\u00f3vil el cliente pueda recibir informaci\u00f3n, ofertas y descuentos de aquellos establecimientos que ha visitado.<\/p>\n<p>\u2018Cangas, Comercio Natural\u2019 avanza en la <strong>transformaci\u00f3n digital del municipio de Cangas del Narcea<\/strong> para convertirla en una smartvillage y pueda ser referencia para otros territorios de car\u00e1cter similar. La utilizaci\u00f3n de infraestructuras wifi, sensores que informen de aspectos como disponibilidad de aparcamiento y otros datos de inter\u00e9s para visitantes y turistas, paneles informativos vinculados en red a aplicaciones m\u00f3viles y plataformas web donde la informaci\u00f3n actualizada est\u00e9 disponible tanto para la clientela como a nivel interno para su an\u00e1lisis y utilizaci\u00f3n por parte de los agentes p\u00fablicos y privados. Entre los objetivos se pretende recuperar la confianza en el comercio local, as\u00ed como atraer a nuevos clientes a trav\u00e9s de la red, que permita potencia el comercio local.<\/p>\n<p>El proyecto tambi\u00e9n recoge una partida para llevar a cabo campa\u00f1as de promoci\u00f3n en Internet, cuya inversi\u00f3n asciende a 15.000 euros, con el objetivo de desarrollar y promocionar el comercio seguro en la red. <strong>Se trata de dos campa\u00f1as \u2018Cangas, Comercio Natural y Seguro\u2019 y \u2018Escaparate Rural Vitual\u2019, con el que se pretende fomentar la presencia del comercio local en Internet<\/strong>.<\/p>\n<p>Un proyecto que demuestra el apoyo de este Equipo de Gobierno al comercio local, que implementar\u00e1 la subvenci\u00f3n 50.000 euros del Ministerio con 12.000 euro m\u00e1s, que sumado a las ayudas de 150.000 euros puestas a disposici\u00f3n con el \u2018Cheque de Impulso Empresarial\u2019, el apoyo econ\u00f3mico a la web \u2018Apesa en Casa\u2019 y a la reducci\u00f3n de impuestos durante la pandemia (tasas de basura, agua, terrazas\u2026), dejan claro que el Gobierno apoya al peque\u00f1o comercio.<\/p>\n<p>&nbsp;<\/p>\n","protected":false},"excerpt":{"rendered":"<p>El Ayuntamiento de Cangas del Narcea ha presentado ante el Ministerio de Industria, Comercio y Turismo el proyecto \u2018Cangas, Comercio Natural\u2019 para optar a la concesi\u00f3n de ayudas para ejecuci\u00f3n de proyectos singulares para la modernizaci\u00f3n comercial para el programa de apoyo a la competitividad del comercio minorista. \u201cEl proyecto es fruto de una planificaci\u00f3n [&hellip;]<\/p>\n","protected":false},"author":1,"featured_media":1093249,"comment_status":"closed","ping_status":"closed","sticky":false,"template":"","format":"standard","meta":{"footnotes":""},"categories":[12],"tags":[],"class_list":["post-1093248","post","type-post","status-publish","format-standard","has-post-thumbnail","hentry","category-actualidad-asturias"],"aioseo_notices":[],"aioseo_head":"\n\t\t<!-- All in One SEO Pro 5.0.1 - aioseo.com -->\n\t<meta name=\"description\" content=\"&quot;Cangas, Comercio Natural&quot; avanza en la transformaci\u00f3n digital del municipio de Cangas del Narcea para convertirla en una smartvillage y pueda ser referencia ..\" \/>\n\t<meta name=\"robots\" content=\"max-image-preview:large\" \/>\n\t<meta name=\"author\" content=\"El Digital de Asturias\"\/>\n\t<meta name=\"google-site-verification\" content=\"UA-38556648-1\" \/>\n\t<meta name=\"msvalidate.01\" content=\"7dfe9f3f1b24437ab69f4f2559babe99\" \/>\n\t<meta name=\"keywords\" content=\"asturias,actualidad de asturias,cangas del narcea,smartvillage,digital,actualidad asturias\" \/>\n\t<link rel=\"canonical\" href=\"https:\/\/www.eldigitaldeasturias.com\/noticias\/presentado-el-proyecto-cangas-comercio-natural\/\" \/>\n\t<meta name=\"generator\" content=\"All in One SEO Pro (AIOSEO) 5.0.1\" \/>\n\t\t<meta property=\"og:locale\" content=\"es_ES\" \/>\n\t\t<meta property=\"og:site_name\" content=\"El Digital de Asturias\" \/>\n\t\t<meta property=\"og:type\" content=\"article\" \/>\n\t\t<meta property=\"og:title\" content=\"Presentado el proyecto \u00abCangas, Comercio Natural\u00bb - El Digital de Asturias\" \/>\n\t\t<meta property=\"og:description\" content=\"&quot;Cangas, Comercio Natural&quot; avanza en la transformaci\u00f3n digital del municipio de Cangas del Narcea para convertirla en una smartvillage y pueda ser referencia ..\" \/>\n\t\t<meta property=\"og:url\" content=\"https:\/\/www.eldigitaldeasturias.com\/noticias\/presentado-el-proyecto-cangas-comercio-natural\/\" \/>\n\t\t<meta property=\"article:tag\" content=\"asturias\" \/>\n\t\t<meta property=\"article:tag\" content=\"actualidad de asturias\" \/>\n\t\t<meta property=\"article:tag\" content=\"cangas del narcea\" \/>\n\t\t<meta property=\"article:tag\" content=\"smartvillage\" \/>\n\t\t<meta property=\"article:tag\" content=\"digital\" \/>\n\t\t<meta property=\"article:tag\" content=\"actualidad asturias\" \/>\n\t\t<meta property=\"article:published_time\" content=\"2021-06-06T11:48:24+00:00\" \/>\n\t\t<meta property=\"article:modified_time\" content=\"2021-06-06T11:48:24+00:00\" \/>\n\t\t<meta property=\"article:publisher\" content=\"https:\/\/facebook.com\/eldigitaldeasturias\" \/>\n\t\t<meta name=\"twitter:card\" content=\"summary_large_image\" \/>\n\t\t<meta name=\"twitter:title\" content=\"Presentado el proyecto \u00abCangas, Comercio Natural\u00bb - El Digital de Asturias\" \/>\n\t\t<meta name=\"twitter:description\" content=\"&quot;Cangas, Comercio Natural&quot; avanza en la transformaci\u00f3n digital del municipio de Cangas del Narcea para convertirla en una smartvillage y pueda ser referencia ..\" \/>\n\t\t<meta name=\"twitter:image\" content=\"https:\/\/www.eldigitaldeasturias.com\/noticias\/wp-content\/uploads\/2020\/12\/EDA-1.jpg\" \/>\n\t\t<meta name=\"twitter:label1\" content=\"Escrito por\" \/>\n\t\t<meta name=\"twitter:data1\" content=\"El Digital de Asturias\" \/>\n\t\t<meta name=\"twitter:label2\" content=\"Tiempo de lectura estimado\" \/>\n\t\t<meta name=\"twitter:data2\" content=\"3 minutos\" \/>\n\t\t<script type=\"application\/ld+json\" class=\"aioseo-schema\">\n\t\t\t{\"@context\":\"https:\\\/\\\/schema.org\",\"@graph\":[{\"@type\":\"BlogPosting\",\"@id\":\"https:\\\/\\\/www.eldigitaldeasturias.com\\\/noticias\\\/presentado-el-proyecto-cangas-comercio-natural\\\/#blogposting\",\"name\":\"Presentado el proyecto \\u00abCangas, Comercio Natural\\u00bb - El Digital de Asturias\",\"headline\":\"Presentado el proyecto \\u00abCangas, Comercio Natural\\u00bb\",\"author\":{\"@id\":\"https:\\\/\\\/www.eldigitaldeasturias.com\\\/noticias\\\/author\\\/admin\\\/#author\"},\"publisher\":{\"@id\":\"https:\\\/\\\/www.eldigitaldeasturias.com\\\/noticias\\\/#organization\"},\"image\":{\"@type\":\"ImageObject\",\"url\":1093249},\"datePublished\":\"2021-06-06T12:48:24+02:00\",\"dateModified\":\"2021-06-06T12:48:24+02:00\",\"inLanguage\":\"es-ES\",\"mainEntityOfPage\":{\"@id\":\"https:\\\/\\\/www.eldigitaldeasturias.com\\\/noticias\\\/presentado-el-proyecto-cangas-comercio-natural\\\/#webpage\"},\"isPartOf\":{\"@id\":\"https:\\\/\\\/www.eldigitaldeasturias.com\\\/noticias\\\/presentado-el-proyecto-cangas-comercio-natural\\\/#webpage\"},\"articleSection\":\"Actualidad Asturias\"},{\"@type\":\"BreadcrumbList\",\"@id\":\"https:\\\/\\\/www.eldigitaldeasturias.com\\\/noticias\\\/presentado-el-proyecto-cangas-comercio-natural\\\/#breadcrumblist\",\"itemListElement\":[{\"@type\":\"ListItem\",\"@id\":\"https:\\\/\\\/www.eldigitaldeasturias.com\\\/noticias#listItem\",\"position\":1,\"name\":\"Home\",\"item\":\"https:\\\/\\\/www.eldigitaldeasturias.com\\\/noticias\",\"nextItem\":{\"@type\":\"ListItem\",\"@id\":\"https:\\\/\\\/www.eldigitaldeasturias.com\\\/noticias\\\/category\\\/actualidad-asturias\\\/#listItem\",\"name\":\"Actualidad Asturias\"}},{\"@type\":\"ListItem\",\"@id\":\"https:\\\/\\\/www.eldigitaldeasturias.com\\\/noticias\\\/category\\\/actualidad-asturias\\\/#listItem\",\"position\":2,\"name\":\"Actualidad Asturias\",\"item\":\"https:\\\/\\\/www.eldigitaldeasturias.com\\\/noticias\\\/category\\\/actualidad-asturias\\\/\",\"nextItem\":{\"@type\":\"ListItem\",\"@id\":\"https:\\\/\\\/www.eldigitaldeasturias.com\\\/noticias\\\/presentado-el-proyecto-cangas-comercio-natural\\\/#listItem\",\"name\":\"Presentado el proyecto \\u00abCangas, Comercio Natural\\u00bb\"},\"previousItem\":{\"@type\":\"ListItem\",\"@id\":\"https:\\\/\\\/www.eldigitaldeasturias.com\\\/noticias#listItem\",\"name\":\"Home\"}},{\"@type\":\"ListItem\",\"@id\":\"https:\\\/\\\/www.eldigitaldeasturias.com\\\/noticias\\\/presentado-el-proyecto-cangas-comercio-natural\\\/#listItem\",\"position\":3,\"name\":\"Presentado el proyecto \\u00abCangas, Comercio Natural\\u00bb\",\"previousItem\":{\"@type\":\"ListItem\",\"@id\":\"https:\\\/\\\/www.eldigitaldeasturias.com\\\/noticias\\\/category\\\/actualidad-asturias\\\/#listItem\",\"name\":\"Actualidad Asturias\"}}]},{\"@type\":\"Organization\",\"@id\":\"https:\\\/\\\/www.eldigitaldeasturias.com\\\/noticias\\\/#organization\",\"name\":\"El Digital de Asturias\",\"description\":\"Hemeroteca\",\"url\":\"https:\\\/\\\/www.eldigitaldeasturias.com\\\/noticias\\\/\",\"email\":\"info@eldigitaldeasturias.com\",\"telephone\":\"+34652131393\",\"logo\":{\"@type\":\"ImageObject\",\"url\":\"https:\\\/\\\/www.eldigitaldeasturias.com\\\/noticias\\\/wp-content\\\/uploads\\\/2020\\\/12\\\/EDA.jpg\",\"@id\":\"https:\\\/\\\/www.eldigitaldeasturias.com\\\/noticias\\\/presentado-el-proyecto-cangas-comercio-natural\\\/#organizationLogo\"},\"image\":{\"@id\":\"https:\\\/\\\/www.eldigitaldeasturias.com\\\/noticias\\\/presentado-el-proyecto-cangas-comercio-natural\\\/#organizationLogo\"},\"sameAs\":[\"https:\\\/\\\/facebook.com\\\/eldigitaldeasturias\",\"https:\\\/\\\/www.youtube.com\\\/channel\\\/UCZP-2wLEB9Rv6erhFmqVnvg\"],\"address\":{\"@id\":\"https:\\\/\\\/www.eldigitaldeasturias.com\\\/noticias\\\/#postaladdress\",\"@type\":\"PostalAddress\",\"streetAddress\":\"san antonio 4\",\"postalCode\":\"33430\",\"addressLocality\":\"Cand\\u00e1s\",\"addressRegion\":\"Asturias\",\"addressCountry\":\"ES\"}},{\"@type\":\"Person\",\"@id\":\"https:\\\/\\\/www.eldigitaldeasturias.com\\\/noticias\\\/author\\\/admin\\\/#author\",\"url\":\"https:\\\/\\\/www.eldigitaldeasturias.com\\\/noticias\\\/author\\\/admin\\\/\",\"name\":\"El Digital de Asturias\",\"image\":{\"@type\":\"ImageObject\",\"@id\":\"https:\\\/\\\/www.eldigitaldeasturias.com\\\/noticias\\\/presentado-el-proyecto-cangas-comercio-natural\\\/#authorImage\",\"url\":\"https:\\\/\\\/secure.gravatar.com\\\/avatar\\\/df2aeffc32bcd13f8d26072ef8a91b623d677766deac7f97ca815868cd41bf5e?s=96&d=mm&r=g\",\"width\":96,\"height\":96,\"caption\":\"El Digital de Asturias\"}},{\"@type\":\"WebPage\",\"@id\":\"https:\\\/\\\/www.eldigitaldeasturias.com\\\/noticias\\\/presentado-el-proyecto-cangas-comercio-natural\\\/#webpage\",\"url\":\"https:\\\/\\\/www.eldigitaldeasturias.com\\\/noticias\\\/presentado-el-proyecto-cangas-comercio-natural\\\/\",\"name\":\"Presentado el proyecto \\u00abCangas, Comercio Natural\\u00bb - El Digital de Asturias\",\"description\":\"\\\"Cangas, Comercio Natural\\\" avanza en la transformaci\\u00f3n digital del municipio de Cangas del Narcea para convertirla en una smartvillage y pueda ser referencia ..\",\"inLanguage\":\"es-ES\",\"isPartOf\":{\"@id\":\"https:\\\/\\\/www.eldigitaldeasturias.com\\\/noticias\\\/#website\"},\"breadcrumb\":{\"@id\":\"https:\\\/\\\/www.eldigitaldeasturias.com\\\/noticias\\\/presentado-el-proyecto-cangas-comercio-natural\\\/#breadcrumblist\"},\"author\":{\"@id\":\"https:\\\/\\\/www.eldigitaldeasturias.com\\\/noticias\\\/author\\\/admin\\\/#author\"},\"creator\":{\"@id\":\"https:\\\/\\\/www.eldigitaldeasturias.com\\\/noticias\\\/author\\\/admin\\\/#author\"},\"image\":{\"@type\":\"ImageObject\",\"url\":1093249,\"@id\":\"https:\\\/\\\/www.eldigitaldeasturias.com\\\/noticias\\\/presentado-el-proyecto-cangas-comercio-natural\\\/#mainImage\"},\"primaryImageOfPage\":{\"@id\":\"https:\\\/\\\/www.eldigitaldeasturias.com\\\/noticias\\\/presentado-el-proyecto-cangas-comercio-natural\\\/#mainImage\"},\"datePublished\":\"2021-06-06T12:48:24+02:00\",\"dateModified\":\"2021-06-06T12:48:24+02:00\"},{\"@type\":\"WebSite\",\"@id\":\"https:\\\/\\\/www.eldigitaldeasturias.com\\\/noticias\\\/#website\",\"url\":\"https:\\\/\\\/www.eldigitaldeasturias.com\\\/noticias\\\/\",\"name\":\"El Digital de Asturias - Diario de actualidad y noticias\",\"alternateName\":\"El Digital de Asturias - Diario de actualidad y noticias\",\"description\":\"Hemeroteca\",\"inLanguage\":\"es-ES\",\"publisher\":{\"@id\":\"https:\\\/\\\/www.eldigitaldeasturias.com\\\/noticias\\\/#organization\"}}]}\n\t\t<\/script>\n\t\t<!-- All in One SEO Pro -->\r\n\t\t<title>Presentado el proyecto \u00abCangas, Comercio Natural\u00bb - El Digital de Asturias<\/title>\n\n","aioseo_head_json":{"title":"Presentado el proyecto \u00abCangas, Comercio Natural\u00bb - El Digital de Asturias","description":"\"Cangas, Comercio Natural\" avanza en la transformaci\u00f3n digital del municipio de Cangas del Narcea para convertirla en una smartvillage y pueda ser referencia ..","canonical_url":"https:\/\/www.eldigitaldeasturias.com\/noticias\/presentado-el-proyecto-cangas-comercio-natural\/","robots":"max-image-preview:large","keywords":"asturias,actualidad de asturias,cangas del narcea,smartvillage,digital,actualidad asturias","webmasterTools":{"google-site-verification":"UA-38556648-1","msvalidate.01":"7dfe9f3f1b24437ab69f4f2559babe99","miscellaneous":""},"schema":{"@context":"https:\/\/schema.org","@graph":[{"@type":"BlogPosting","@id":"https:\/\/www.eldigitaldeasturias.com\/noticias\/presentado-el-proyecto-cangas-comercio-natural\/#blogposting","name":"Presentado el proyecto \u00abCangas, Comercio Natural\u00bb - El Digital de Asturias","headline":"Presentado el proyecto \u00abCangas, Comercio Natural\u00bb","author":{"@id":"https:\/\/www.eldigitaldeasturias.com\/noticias\/author\/admin\/#author"},"publisher":{"@id":"https:\/\/www.eldigitaldeasturias.com\/noticias\/#organization"},"image":{"@type":"ImageObject","url":1093249},"datePublished":"2021-06-06T12:48:24+02:00","dateModified":"2021-06-06T12:48:24+02:00","inLanguage":"es-ES","mainEntityOfPage":{"@id":"https:\/\/www.eldigitaldeasturias.com\/noticias\/presentado-el-proyecto-cangas-comercio-natural\/#webpage"},"isPartOf":{"@id":"https:\/\/www.eldigitaldeasturias.com\/noticias\/presentado-el-proyecto-cangas-comercio-natural\/#webpage"},"articleSection":"Actualidad Asturias"},{"@type":"BreadcrumbList","@id":"https:\/\/www.eldigitaldeasturias.com\/noticias\/presentado-el-proyecto-cangas-comercio-natural\/#breadcrumblist","itemListElement":[{"@type":"ListItem","@id":"https:\/\/www.eldigitaldeasturias.com\/noticias#listItem","position":1,"name":"Home","item":"https:\/\/www.eldigitaldeasturias.com\/noticias","nextItem":{"@type":"ListItem","@id":"https:\/\/www.eldigitaldeasturias.com\/noticias\/category\/actualidad-asturias\/#listItem","name":"Actualidad Asturias"}},{"@type":"ListItem","@id":"https:\/\/www.eldigitaldeasturias.com\/noticias\/category\/actualidad-asturias\/#listItem","position":2,"name":"Actualidad Asturias","item":"https:\/\/www.eldigitaldeasturias.com\/noticias\/category\/actualidad-asturias\/","nextItem":{"@type":"ListItem","@id":"https:\/\/www.eldigitaldeasturias.com\/noticias\/presentado-el-proyecto-cangas-comercio-natural\/#listItem","name":"Presentado el proyecto \u00abCangas, Comercio Natural\u00bb"},"previousItem":{"@type":"ListItem","@id":"https:\/\/www.eldigitaldeasturias.com\/noticias#listItem","name":"Home"}},{"@type":"ListItem","@id":"https:\/\/www.eldigitaldeasturias.com\/noticias\/presentado-el-proyecto-cangas-comercio-natural\/#listItem","position":3,"name":"Presentado el proyecto \u00abCangas, Comercio Natural\u00bb","previousItem":{"@type":"ListItem","@id":"https:\/\/www.eldigitaldeasturias.com\/noticias\/category\/actualidad-asturias\/#listItem","name":"Actualidad Asturias"}}]},{"@type":"Organization","@id":"https:\/\/www.eldigitaldeasturias.com\/noticias\/#organization","name":"El Digital de Asturias","description":"Hemeroteca","url":"https:\/\/www.eldigitaldeasturias.com\/noticias\/","email":"info@eldigitaldeasturias.com","telephone":"+34652131393","logo":{"@type":"ImageObject","url":"https:\/\/www.eldigitaldeasturias.com\/noticias\/wp-content\/uploads\/2020\/12\/EDA.jpg","@id":"https:\/\/www.eldigitaldeasturias.com\/noticias\/presentado-el-proyecto-cangas-comercio-natural\/#organizationLogo"},"image":{"@id":"https:\/\/www.eldigitaldeasturias.com\/noticias\/presentado-el-proyecto-cangas-comercio-natural\/#organizationLogo"},"sameAs":["https:\/\/facebook.com\/eldigitaldeasturias","https:\/\/www.youtube.com\/channel\/UCZP-2wLEB9Rv6erhFmqVnvg"],"address":{"@id":"https:\/\/www.eldigitaldeasturias.com\/noticias\/#postaladdress","@type":"PostalAddress","streetAddress":"san antonio 4","postalCode":"33430","addressLocality":"Cand\u00e1s","addressRegion":"Asturias","addressCountry":"ES"}},{"@type":"Person","@id":"https:\/\/www.eldigitaldeasturias.com\/noticias\/author\/admin\/#author","url":"https:\/\/www.eldigitaldeasturias.com\/noticias\/author\/admin\/","name":"El Digital de Asturias","image":{"@type":"ImageObject","@id":"https:\/\/www.eldigitaldeasturias.com\/noticias\/presentado-el-proyecto-cangas-comercio-natural\/#authorImage","url":"https:\/\/secure.gravatar.com\/avatar\/df2aeffc32bcd13f8d26072ef8a91b623d677766deac7f97ca815868cd41bf5e?s=96&d=mm&r=g","width":96,"height":96,"caption":"El Digital de Asturias"}},{"@type":"WebPage","@id":"https:\/\/www.eldigitaldeasturias.com\/noticias\/presentado-el-proyecto-cangas-comercio-natural\/#webpage","url":"https:\/\/www.eldigitaldeasturias.com\/noticias\/presentado-el-proyecto-cangas-comercio-natural\/","name":"Presentado el proyecto \u00abCangas, Comercio Natural\u00bb - El Digital de Asturias","description":"\"Cangas, Comercio Natural\" avanza en la transformaci\u00f3n digital del municipio de Cangas del Narcea para convertirla en una smartvillage y pueda ser referencia ..","inLanguage":"es-ES","isPartOf":{"@id":"https:\/\/www.eldigitaldeasturias.com\/noticias\/#website"},"breadcrumb":{"@id":"https:\/\/www.eldigitaldeasturias.com\/noticias\/presentado-el-proyecto-cangas-comercio-natural\/#breadcrumblist"},"author":{"@id":"https:\/\/www.eldigitaldeasturias.com\/noticias\/author\/admin\/#author"},"creator":{"@id":"https:\/\/www.eldigitaldeasturias.com\/noticias\/author\/admin\/#author"},"image":{"@type":"ImageObject","url":1093249,"@id":"https:\/\/www.eldigitaldeasturias.com\/noticias\/presentado-el-proyecto-cangas-comercio-natural\/#mainImage"},"primaryImageOfPage":{"@id":"https:\/\/www.eldigitaldeasturias.com\/noticias\/presentado-el-proyecto-cangas-comercio-natural\/#mainImage"},"datePublished":"2021-06-06T12:48:24+02:00","dateModified":"2021-06-06T12:48:24+02:00"},{"@type":"WebSite","@id":"https:\/\/www.eldigitaldeasturias.com\/noticias\/#website","url":"https:\/\/www.eldigitaldeasturias.com\/noticias\/","name":"El Digital de Asturias - Diario de actualidad y noticias","alternateName":"El Digital de Asturias - Diario de actualidad y noticias","description":"Hemeroteca","inLanguage":"es-ES","publisher":{"@id":"https:\/\/www.eldigitaldeasturias.com\/noticias\/#organization"}}]},"og:locale":"es_ES","og:site_name":"El Digital de Asturias","og:type":"article","og:title":"Presentado el proyecto \u00abCangas, Comercio Natural\u00bb - El Digital de Asturias","og:description":"&quot;Cangas, Comercio Natural&quot; avanza en la transformaci\u00f3n digital del municipio de Cangas del Narcea para convertirla en una smartvillage y pueda ser referencia ..","og:url":"https:\/\/www.eldigitaldeasturias.com\/noticias\/presentado-el-proyecto-cangas-comercio-natural\/","article:tag":["asturias","actualidad de asturias","cangas del narcea","smartvillage","digital","actualidad asturias"],"article:published_time":"2021-06-06T11:48:24+00:00","article:modified_time":"2021-06-06T11:48:24+00:00","article:publisher":"https:\/\/facebook.com\/eldigitaldeasturias","twitter:card":"summary_large_image","twitter:title":"Presentado el proyecto \u00abCangas, Comercio Natural\u00bb - El Digital de Asturias","twitter:description":"&quot;Cangas, Comercio Natural&quot; avanza en la transformaci\u00f3n digital del municipio de Cangas del Narcea para convertirla en una smartvillage y pueda ser referencia ..","twitter:image":"https:\/\/www.eldigitaldeasturias.com\/noticias\/wp-content\/uploads\/2020\/12\/EDA-1.jpg","twitter:label1":"Escrito por","twitter:data1":"El Digital de Asturias","twitter:label2":"Tiempo de lectura estimado","twitter:data2":"3 minutos"},"aioseo_meta_data":{"post_id":"1093248","title":null,"description":"\"Cangas, Comercio Natural\" avanza en la transformaci\u00f3n digital del municipio de Cangas del Narcea para convertirla en una smartvillage y pueda ser referencia&nbsp;..","keywords":[{"label":"Asturias","value":"Asturias"},{"label":" actualidad de Asturias","value":" actualidad de Asturias"},{"label":" Cangas del Narcea","value":" Cangas del Narcea"},{"label":"smartvillage ","value":"smartvillage "},{"label":"digital","value":"digital"}],"keyphrases":{"focus":{"keyphrase":"Cangas del Narcea","score":80,"analysis":{"keyphraseInTitle":{"title":"Frase clave objetivo en el t\u00edtulo SEO","description":"Frase clave objetivo no se encuentra en el t\u00edtulo SEO.","score":3,"maxScore":9,"error":1},"keyphraseInDescription":{"title":"Frase clave objetivo en la meta descripci\u00f3n","description":"Frase clave objetivo encontrada en la meta descripci\u00f3n.","score":9,"maxScore":9,"error":0},"keyphraseInURL":{"title":"Frase clave objetivo en la URL","description":"Frase clave objetivo no encontrada en la URL.","score":1,"maxScore":5,"error":1},"keyphraseInIntroduction":{"title":"Frase clave objetivo en la introducci\u00f3n","description":"Su Frase clave objetivo aparece en el primer p\u00e1rrafo. \u00a1Bien hecho!","score":9,"maxScore":9,"error":0},"keyphraseInSubHeadings":[],"keyphraseLength":{"title":"Longitud de la Frase clave objetivo","description":"\u00a1Buen trabajo!","score":9,"maxScore":9,"error":0,"length":3},"keyphraseInImageAlt":{"title":"Frase clave objetivo en los atributos alt de la imagen.","description":"Frase clave objetivo encontrada en los atributos alt de la(s) imagen(es).","score":9,"maxScore":9,"error":0}}},"additional":[{"keyphrase":"transformaci\u00f3n digital","score":67,"analysis":{"keyphraseInDescription":{"title":"Frase clave en la meta descripci\u00f3n","description":"Frase clave encontrada en la meta descripci\u00f3n.","score":9,"maxScore":9,"error":0},"keyphraseInIntroduction":{"title":"Frase clave en la introducci\u00f3n","description":"Su Frase clave no aparece en el primer p\u00e1rrafo. Aseg\u00farese de que el tema est\u00e9 claro de inmediato.","score":3,"maxScore":9,"error":1},"keyphraseInImageAlt":{"title":"Frase clave en los atributos alt de la imagen.","description":"Frase clave no se encuentra en los atributos alt de la imagen. A\u00f1ada una imagen con su Frase clave como texto alternativo.","score":3,"maxScore":9,"error":1},"keyphraseLength":{"title":"Longitud de la Frase clave","description":"\u00a1Buen trabajo!","score":9,"maxScore":9,"error":0,"length":2}}},{"keyphrase":"digital","score":67,"analysis":{"keyphraseInDescription":{"title":"Frase clave en la meta descripci\u00f3n","description":"Frase clave encontrada en la meta descripci\u00f3n.","score":9,"maxScore":9,"error":0},"keyphraseInIntroduction":{"title":"Frase clave en la introducci\u00f3n","description":"Su Frase clave no aparece en el primer p\u00e1rrafo. Aseg\u00farese de que el tema est\u00e9 claro de inmediato.","score":3,"maxScore":9,"error":1},"keyphraseInImageAlt":{"title":"Frase clave en los atributos alt de la imagen.","description":"Frase clave no se encuentra en los atributos alt de la imagen. A\u00f1ada una imagen con su Frase clave como texto alternativo.","score":3,"maxScore":9,"error":1},"keyphraseLength":{"title":"Longitud de la Frase clave","description":"\u00a1Buen trabajo!","score":9,"maxScore":9,"error":0,"length":1}}},{"keyphrase":"Cangas","score":100,"analysis":{"keyphraseInDescription":{"title":"Frase clave en la meta descripci\u00f3n","description":"Frase clave encontrada en la meta descripci\u00f3n.","score":9,"maxScore":9,"error":0},"keyphraseInIntroduction":{"title":"Frase clave en la introducci\u00f3n","description":"Su Frase clave aparece en el primer p\u00e1rrafo. \u00a1Bien hecho!","score":9,"maxScore":9,"error":0},"keyphraseInImageAlt":{"title":"Frase clave en los atributos alt de la imagen.","description":"Frase clave encontrada en los atributos alt de la(s) imagen(es).","score":9,"maxScore":9,"error":0},"keyphraseLength":{"title":"Longitud de la Frase clave","description":"\u00a1Buen trabajo!","score":9,"maxScore":9,"error":0,"length":1}}},{"keyphrase":"smartvillage ","score":67,"analysis":{"keyphraseInDescription":{"title":"Frase clave en la meta descripci\u00f3n","description":"Frase clave encontrada en la meta descripci\u00f3n.","score":9,"maxScore":9,"error":0},"keyphraseInIntroduction":{"title":"Frase clave en la introducci\u00f3n","description":"Su Frase clave no aparece en el primer p\u00e1rrafo. Aseg\u00farese de que el tema est\u00e9 claro de inmediato.","score":3,"maxScore":9,"error":1},"keyphraseInImageAlt":{"title":"Frase clave en los atributos alt de la imagen.","description":"Frase clave no se encuentra en los atributos alt de la imagen. A\u00f1ada una imagen con su Frase clave como texto alternativo.","score":3,"maxScore":9,"error":1},"keyphraseLength":{"title":"Longitud de la Frase clave","description":"\u00a1Buen trabajo!","score":9,"maxScore":9,"error":0,"length":1}}}]},"primary_term":null,"canonical_url":null,"og_title":null,"og_description":null,"og_object_type":"default","og_image_type":"default","og_image_url":null,"og_image_width":null,"og_image_height":null,"og_image_custom_url":null,"og_image_custom_fields":null,"og_video":"","og_custom_url":null,"og_article_section":null,"og_article_tags":[],"twitter_use_og":false,"twitter_card":"default","twitter_image_type":"default","twitter_image_url":null,"twitter_image_custom_url":null,"twitter_image_custom_fields":null,"twitter_title":null,"twitter_description":null,"schema":{"blockGraphs":[],"customGraphs":[],"default":{"data":{"Article":[],"Course":[],"Dataset":[],"FAQPage":[],"Movie":[],"Person":[],"Product":[],"ProductReview":[],"Car":[],"Recipe":[],"Service":[],"SoftwareApplication":[],"WebPage":[]},"graphName":"","isEnabled":true},"graphs":[],"defaultGraph":"Article","defaultPostTypeGraph":""},"schema_type":"default","schema_type_options":"{\"article\":{\"articleType\":\"BlogPosting\"},\"course\":{\"name\":\"\",\"description\":\"\",\"provider\":\"\"},\"faq\":{\"pages\":[]},\"product\":{\"reviews\":[]},\"recipe\":{\"ingredients\":[],\"instructions\":[],\"keywords\":[]},\"software\":{\"reviews\":[],\"operatingSystems\":[]},\"webPage\":{\"webPageType\":\"WebPage\"}}","pillar_content":false,"robots_default":true,"robots_noindex":false,"robots_noarchive":false,"robots_nosnippet":false,"robots_nofollow":false,"robots_noimageindex":false,"robots_noodp":false,"robots_notranslate":false,"robots_max_snippet":"-1","robots_max_videopreview":"-1","robots_max_imagepreview":"large","priority":null,"frequency":"default","local_seo":{"locations":{"business":{"name":"","businessType":"","image":"","areaServed":"","urls":{"website":"","aboutPage":"","contactPage":""},"address":{"streetLine1":"","streetLine2":"","zipCode":"","city":"","state":"","country":"","addressFormat":"#streetLineOne\n#streetLineTwo\n#city, #state #zipCode"},"contact":{"email":"","phone":"","phoneFormatted":"","fax":"","faxFormatted":""},"ids":{"vat":"","tax":"","chamberOfCommerce":""},"payment":{"priceRange":"","currenciesAccepted":"","methods":""}}},"openingHours":{"useDefaults":true,"show":true,"alwaysOpen":false,"use24hFormat":false,"timezone":"","labels":{"closed":"","alwaysOpen":""},"days":{"monday":{"open24h":false,"closed":false,"openTime":"09:00","closeTime":"17:00"},"tuesday":{"open24h":false,"closed":false,"openTime":"09:00","closeTime":"17:00"},"wednesday":{"open24h":false,"closed":false,"openTime":"09:00","closeTime":"17:00"},"thursday":{"open24h":false,"closed":false,"openTime":"09:00","closeTime":"17:00"},"friday":{"open24h":false,"closed":false,"openTime":"09:00","closeTime":"17:00"},"saturday":{"open24h":false,"closed":false,"openTime":"09:00","closeTime":"17:00"},"sunday":{"open24h":false,"closed":false,"openTime":"09:00","closeTime":"17:00"}}}},"seo_analyzer_scan_date":"2026-07-18 13:09:27","breadcrumb_settings":null,"limit_modified_date":false,"open_ai":null,"ai":null,"created":"2021-06-06 11:41:32","updated":"2026-07-18 13:09:27","focus_keyword":"Cangas del Narcea","additional_keywords":[{"word":"transformaci\u00f3n digital","score":67},{"word":"digital","score":67},{"word":"Cangas","score":100},{"word":"smartvillage","score":67}],"truseo_locale":null},"aioseo_breadcrumb":"<div class=\"aioseo-breadcrumbs\"><span class=\"aioseo-breadcrumb\">\n\t<a href=\"https:\/\/www.eldigitaldeasturias.com\/noticias\" title=\"Home\">Home<\/a>\n<\/span><span class=\"aioseo-breadcrumb-separator\">\u2013<\/span><span class=\"aioseo-breadcrumb\">\n\t<a href=\"https:\/\/www.eldigitaldeasturias.com\/noticias\/category\/actualidad-asturias\/\" title=\"Actualidad Asturias\">Actualidad Asturias<\/a>\n<\/span><span class=\"aioseo-breadcrumb-separator\">\u2013<\/span><span class=\"aioseo-breadcrumb\">\n\t<a href=\"https:\/\/www.eldigitaldeasturias.com\/noticias\/presentado-el-proyecto-cangas-comercio-natural\/\" title=\"Presentado el proyecto \u00abCangas, Comercio Natural\u00bb\">Presentado el proyecto \u00abCangas, Comercio Natural\u00bb<\/a>\n<\/span><\/div>","aioseo_breadcrumb_json":[{"label":"Home","link":"https:\/\/www.eldigitaldeasturias.com\/noticias"},{"label":"Actualidad Asturias","link":"https:\/\/www.eldigitaldeasturias.com\/noticias\/category\/actualidad-asturias\/"},{"label":"Presentado el proyecto \u00abCangas, Comercio Natural\u00bb","link":"https:\/\/www.eldigitaldeasturias.com\/noticias\/presentado-el-proyecto-cangas-comercio-natural\/"}],"_links":{"self":[{"href":"https:\/\/www.eldigitaldeasturias.com\/noticias\/wp-json\/wp\/v2\/posts\/1093248","targetHints":{"allow":["GET"]}}],"collection":[{"href":"https:\/\/www.eldigitaldeasturias.com\/noticias\/wp-json\/wp\/v2\/posts"}],"about":[{"href":"https:\/\/www.eldigitaldeasturias.com\/noticias\/wp-json\/wp\/v2\/types\/post"}],"author":[{"embeddable":true,"href":"https:\/\/www.eldigitaldeasturias.com\/noticias\/wp-json\/wp\/v2\/users\/1"}],"replies":[{"embeddable":true,"href":"https:\/\/www.eldigitaldeasturias.com\/noticias\/wp-json\/wp\/v2\/comments?post=1093248"}],"version-history":[{"count":0,"href":"https:\/\/www.eldigitaldeasturias.com\/noticias\/wp-json\/wp\/v2\/posts\/1093248\/revisions"}],"wp:attachment":[{"href":"https:\/\/www.eldigitaldeasturias.com\/noticias\/wp-json\/wp\/v2\/media?parent=1093248"}],"wp:term":[{"taxonomy":"category","embeddable":true,"href":"https:\/\/www.eldigitaldeasturias.com\/noticias\/wp-json\/wp\/v2\/categories?post=1093248"},{"taxonomy":"post_tag","embeddable":true,"href":"https:\/\/www.eldigitaldeasturias.com\/noticias\/wp-json\/wp\/v2\/tags?post=1093248"}],"curies":[{"name":"wp","href":"https:\/\/api.w.org\/{rel}","templated":true}]}}