{"id":1093164,"date":"2021-06-05T15:02:20","date_gmt":"2021-06-05T14:02:20","guid":{"rendered":"https:\/\/www.eldigitaldeasturias.com\/noticias\/?p=1093164"},"modified":"2021-06-05T15:02:47","modified_gmt":"2021-06-05T14:02:47","slug":"asturias-reduce-las-emisiones-de-los-gases-invernadero","status":"publish","type":"post","link":"https:\/\/www.eldigitaldeasturias.com\/noticias\/asturias-reduce-las-emisiones-de-los-gases-invernadero\/","title":{"rendered":"Asturias reduce las emisiones de los gases invernadero"},"content":{"rendered":"<p><img loading=\"lazy\" decoding=\"async\" class=\"alignleft size-medium wp-image-1093165\" src=\"https:\/\/www.eldigitaldeasturias.com\/noticias\/wp-content\/uploads\/2021\/06\/Nieves-Roqueni-360x264.jpg\" alt=\"Nieves Roque\u00f1\u00ed - Asturias\" width=\"360\" height=\"264\" \/>En el marco de la jornada telem\u00e1tica sobre el impacto para Asturias, la viceconsejera de Medio Ambiente y Cambio Clim\u00e1tico, Nieves Roque\u00f1\u00ed, imparti\u00f3 durante esta semana, una ponencia sobre las implicaciones para las empresas asturianas de la Ley de Cambio Clim\u00e1tico y Transici\u00f3n Energ\u00e9tica.<\/p>\n<p>El evento estuvo organizado por la Federaci\u00f3n Asturiana de Empresarios (Fade) y el Club Asturiano de Calidad, con motivo del D\u00eda Mundial del Medio Ambiente.<\/p>\n<p>En su intervenci\u00f3n, Roque\u00f1\u00ed valor\u00f3 la oportunidad que representa la ley para una comunidad aut\u00f3noma como Asturias, que ha realizado importantes esfuerzos, especialmente por el sector industrial y energ\u00e9tico, para reducir las emisiones de gases de efecto invernadero hasta en un 32% respecto a los niveles de los a\u00f1os 90. \u201cNos encontramos en la senda correcta para cumplir los objetivos marcados para 2030\u201d, se\u00f1al\u00f3 la viceconsejera.<\/p>\n<p>Roque\u00f1\u00ed destac\u00f3 iniciativas impulsadas desde el Gobierno del Principado relacionadas con la Ley de Cambio Clim\u00e1tico, como la creaci\u00f3n del registro de la huella de carbono, que facilitar\u00e1 a las empresas asturianas el cumplimiento de la medici\u00f3n, elaboraci\u00f3n y publicaci\u00f3n de planes de reducci\u00f3n de emisiones, como parte de una de las obligaciones incluidas en la normativa. Asimismo, se\u00f1al\u00f3 otros instrumentos que se pondr\u00e1n al servicio de las empresas para implantar modelos de desarrollo sostenible que aseguren la transici\u00f3n ecol\u00f3gica, como las ayudas a pymes industriales recientemente convocadas para fomentar la econom\u00eda circular; la redacci\u00f3n de la Ley de Calidad Ambiental del Principado, en la que se contempla utilizar la reducci\u00f3n de la huella de carbono como criterio positivo para la compra p\u00fablica verde o los planes para la eficiencia y la rehabilitaci\u00f3n energ\u00e9tica de edificios.<\/p>\n<p>Roque\u00f1\u00ed tambi\u00e9n subray\u00f3 la importancia que tiene para Asturias, la Estrategia de Transici\u00f3n Justa de cara a atraer nuevas inversiones que compensen la p\u00e9rdida de actividad por el cierre de la miner\u00eda y las t\u00e9rmicas. De esta manera, asegur\u00f3 que el Ejecutivo, \u201cse mantendr\u00e1 vigilante para que, en el desarrollo reglamentario de la ley, el camino hacia una econom\u00eda neutra en carbono no suponga un perjuicio para nuestras empresas y nadie se quede atr\u00e1s\u201d. Por \u00faltimo, la responsable de la viceconsejer\u00eda ambiental, anim\u00f3 a \u201cutilizar la descarbonizaci\u00f3n para orientar las inversiones de las empresas asturianas como palanca de transformaci\u00f3n para una recuperaci\u00f3n social y econ\u00f3mica sostenible.<\/p>\n<p>&nbsp;<\/p>\n","protected":false},"excerpt":{"rendered":"<p>En el marco de la jornada telem\u00e1tica sobre el impacto para Asturias, la viceconsejera de Medio Ambiente y Cambio Clim\u00e1tico, Nieves Roque\u00f1\u00ed, imparti\u00f3 durante esta semana, una ponencia sobre las implicaciones para las empresas asturianas de la Ley de Cambio Clim\u00e1tico y Transici\u00f3n Energ\u00e9tica. El evento estuvo organizado por la Federaci\u00f3n Asturiana de Empresarios (Fade) [&hellip;]<\/p>\n","protected":false},"author":1,"featured_media":1093165,"comment_status":"closed","ping_status":"closed","sticky":false,"template":"","format":"standard","meta":{"footnotes":""},"categories":[12],"tags":[],"class_list":["post-1093164","post","type-post","status-publish","format-standard","has-post-thumbnail","hentry","category-actualidad-asturias"],"aioseo_notices":[],"aioseo_head":"\n\t\t<!-- All in One SEO Pro 5.0.1 - aioseo.com -->\n\t<meta name=\"description\" content=\"En el marco de la jornada telem\u00e1tica sobre el impacto para Asturias, la viceconsejera de Medio Ambiente y Cambio Clim\u00e1tico, Nieves Roque\u00f1\u00ed, imparti\u00f3 durante ...\" \/>\n\t<meta name=\"robots\" content=\"max-image-preview:large\" \/>\n\t<meta name=\"author\" content=\"El Digital de Asturias\"\/>\n\t<meta name=\"google-site-verification\" content=\"UA-38556648-1\" \/>\n\t<meta name=\"msvalidate.01\" content=\"7dfe9f3f1b24437ab69f4f2559babe99\" \/>\n\t<meta name=\"keywords\" content=\"asturias,principado,actualidad asturias,emisiones\" \/>\n\t<link rel=\"canonical\" href=\"https:\/\/www.eldigitaldeasturias.com\/noticias\/asturias-reduce-las-emisiones-de-los-gases-invernadero\/\" \/>\n\t<meta name=\"generator\" content=\"All in One SEO Pro (AIOSEO) 5.0.1\" \/>\n\t\t<meta property=\"og:locale\" content=\"es_ES\" \/>\n\t\t<meta property=\"og:site_name\" content=\"El Digital de Asturias\" \/>\n\t\t<meta property=\"og:type\" content=\"article\" \/>\n\t\t<meta property=\"og:title\" content=\"Asturias reduce las emisiones de los gases invernadero - El Digital de Asturias\" \/>\n\t\t<meta property=\"og:description\" content=\"En el marco de la jornada telem\u00e1tica sobre el impacto para Asturias, la viceconsejera de Medio Ambiente y Cambio Clim\u00e1tico, Nieves Roque\u00f1\u00ed, imparti\u00f3 durante ...\" \/>\n\t\t<meta property=\"og:url\" content=\"https:\/\/www.eldigitaldeasturias.com\/noticias\/asturias-reduce-las-emisiones-de-los-gases-invernadero\/\" \/>\n\t\t<meta property=\"article:tag\" content=\"asturias\" \/>\n\t\t<meta property=\"article:tag\" content=\"principado\" \/>\n\t\t<meta property=\"article:tag\" content=\"actualidad asturias\" \/>\n\t\t<meta property=\"article:tag\" content=\"emisiones\" \/>\n\t\t<meta property=\"article:published_time\" content=\"2021-06-05T14:02:20+00:00\" \/>\n\t\t<meta property=\"article:modified_time\" content=\"2021-06-05T14:02:47+00:00\" \/>\n\t\t<meta property=\"article:publisher\" content=\"https:\/\/facebook.com\/eldigitaldeasturias\" \/>\n\t\t<meta name=\"twitter:card\" content=\"summary_large_image\" \/>\n\t\t<meta name=\"twitter:title\" content=\"Asturias reduce las emisiones de los gases invernadero - El Digital de Asturias\" \/>\n\t\t<meta name=\"twitter:description\" content=\"En el marco de la jornada telem\u00e1tica sobre el impacto para Asturias, la viceconsejera de Medio Ambiente y Cambio Clim\u00e1tico, Nieves Roque\u00f1\u00ed, imparti\u00f3 durante ...\" \/>\n\t\t<meta name=\"twitter:image\" content=\"https:\/\/www.eldigitaldeasturias.com\/noticias\/wp-content\/uploads\/2020\/12\/EDA-1.jpg\" \/>\n\t\t<meta name=\"twitter:label1\" content=\"Escrito por\" \/>\n\t\t<meta name=\"twitter:data1\" content=\"El Digital de Asturias\" \/>\n\t\t<meta name=\"twitter:label2\" content=\"Tiempo de lectura estimado\" \/>\n\t\t<meta name=\"twitter:data2\" content=\"2 minutos\" \/>\n\t\t<script type=\"application\/ld+json\" class=\"aioseo-schema\">\n\t\t\t{\"@context\":\"https:\\\/\\\/schema.org\",\"@graph\":[{\"@type\":\"BlogPosting\",\"@id\":\"https:\\\/\\\/www.eldigitaldeasturias.com\\\/noticias\\\/asturias-reduce-las-emisiones-de-los-gases-invernadero\\\/#blogposting\",\"name\":\"Asturias reduce las emisiones de los gases invernadero - El Digital de Asturias\",\"headline\":\"Asturias reduce las emisiones de los gases invernadero\",\"author\":{\"@id\":\"https:\\\/\\\/www.eldigitaldeasturias.com\\\/noticias\\\/author\\\/admin\\\/#author\"},\"publisher\":{\"@id\":\"https:\\\/\\\/www.eldigitaldeasturias.com\\\/noticias\\\/#organization\"},\"image\":{\"@type\":\"ImageObject\",\"url\":1093165},\"datePublished\":\"2021-06-05T15:02:20+02:00\",\"dateModified\":\"2021-06-05T15:02:47+02:00\",\"inLanguage\":\"es-ES\",\"mainEntityOfPage\":{\"@id\":\"https:\\\/\\\/www.eldigitaldeasturias.com\\\/noticias\\\/asturias-reduce-las-emisiones-de-los-gases-invernadero\\\/#webpage\"},\"isPartOf\":{\"@id\":\"https:\\\/\\\/www.eldigitaldeasturias.com\\\/noticias\\\/asturias-reduce-las-emisiones-de-los-gases-invernadero\\\/#webpage\"},\"articleSection\":\"Actualidad Asturias\"},{\"@type\":\"BreadcrumbList\",\"@id\":\"https:\\\/\\\/www.eldigitaldeasturias.com\\\/noticias\\\/asturias-reduce-las-emisiones-de-los-gases-invernadero\\\/#breadcrumblist\",\"itemListElement\":[{\"@type\":\"ListItem\",\"@id\":\"https:\\\/\\\/www.eldigitaldeasturias.com\\\/noticias#listItem\",\"position\":1,\"name\":\"Home\",\"item\":\"https:\\\/\\\/www.eldigitaldeasturias.com\\\/noticias\",\"nextItem\":{\"@type\":\"ListItem\",\"@id\":\"https:\\\/\\\/www.eldigitaldeasturias.com\\\/noticias\\\/category\\\/actualidad-asturias\\\/#listItem\",\"name\":\"Actualidad Asturias\"}},{\"@type\":\"ListItem\",\"@id\":\"https:\\\/\\\/www.eldigitaldeasturias.com\\\/noticias\\\/category\\\/actualidad-asturias\\\/#listItem\",\"position\":2,\"name\":\"Actualidad Asturias\",\"item\":\"https:\\\/\\\/www.eldigitaldeasturias.com\\\/noticias\\\/category\\\/actualidad-asturias\\\/\",\"nextItem\":{\"@type\":\"ListItem\",\"@id\":\"https:\\\/\\\/www.eldigitaldeasturias.com\\\/noticias\\\/asturias-reduce-las-emisiones-de-los-gases-invernadero\\\/#listItem\",\"name\":\"Asturias reduce las emisiones de los gases invernadero\"},\"previousItem\":{\"@type\":\"ListItem\",\"@id\":\"https:\\\/\\\/www.eldigitaldeasturias.com\\\/noticias#listItem\",\"name\":\"Home\"}},{\"@type\":\"ListItem\",\"@id\":\"https:\\\/\\\/www.eldigitaldeasturias.com\\\/noticias\\\/asturias-reduce-las-emisiones-de-los-gases-invernadero\\\/#listItem\",\"position\":3,\"name\":\"Asturias reduce las emisiones de los gases invernadero\",\"previousItem\":{\"@type\":\"ListItem\",\"@id\":\"https:\\\/\\\/www.eldigitaldeasturias.com\\\/noticias\\\/category\\\/actualidad-asturias\\\/#listItem\",\"name\":\"Actualidad Asturias\"}}]},{\"@type\":\"Organization\",\"@id\":\"https:\\\/\\\/www.eldigitaldeasturias.com\\\/noticias\\\/#organization\",\"name\":\"El Digital de Asturias\",\"description\":\"Hemeroteca\",\"url\":\"https:\\\/\\\/www.eldigitaldeasturias.com\\\/noticias\\\/\",\"email\":\"info@eldigitaldeasturias.com\",\"telephone\":\"+34652131393\",\"logo\":{\"@type\":\"ImageObject\",\"url\":\"https:\\\/\\\/www.eldigitaldeasturias.com\\\/noticias\\\/wp-content\\\/uploads\\\/2020\\\/12\\\/EDA.jpg\",\"@id\":\"https:\\\/\\\/www.eldigitaldeasturias.com\\\/noticias\\\/asturias-reduce-las-emisiones-de-los-gases-invernadero\\\/#organizationLogo\"},\"image\":{\"@id\":\"https:\\\/\\\/www.eldigitaldeasturias.com\\\/noticias\\\/asturias-reduce-las-emisiones-de-los-gases-invernadero\\\/#organizationLogo\"},\"sameAs\":[\"https:\\\/\\\/facebook.com\\\/eldigitaldeasturias\",\"https:\\\/\\\/www.youtube.com\\\/channel\\\/UCZP-2wLEB9Rv6erhFmqVnvg\"],\"address\":{\"@id\":\"https:\\\/\\\/www.eldigitaldeasturias.com\\\/noticias\\\/#postaladdress\",\"@type\":\"PostalAddress\",\"streetAddress\":\"san antonio 4\",\"postalCode\":\"33430\",\"addressLocality\":\"Cand\\u00e1s\",\"addressRegion\":\"Asturias\",\"addressCountry\":\"ES\"}},{\"@type\":\"Person\",\"@id\":\"https:\\\/\\\/www.eldigitaldeasturias.com\\\/noticias\\\/author\\\/admin\\\/#author\",\"url\":\"https:\\\/\\\/www.eldigitaldeasturias.com\\\/noticias\\\/author\\\/admin\\\/\",\"name\":\"El Digital de Asturias\",\"image\":{\"@type\":\"ImageObject\",\"@id\":\"https:\\\/\\\/www.eldigitaldeasturias.com\\\/noticias\\\/asturias-reduce-las-emisiones-de-los-gases-invernadero\\\/#authorImage\",\"url\":\"https:\\\/\\\/secure.gravatar.com\\\/avatar\\\/df2aeffc32bcd13f8d26072ef8a91b623d677766deac7f97ca815868cd41bf5e?s=96&d=mm&r=g\",\"width\":96,\"height\":96,\"caption\":\"El Digital de Asturias\"}},{\"@type\":\"WebPage\",\"@id\":\"https:\\\/\\\/www.eldigitaldeasturias.com\\\/noticias\\\/asturias-reduce-las-emisiones-de-los-gases-invernadero\\\/#webpage\",\"url\":\"https:\\\/\\\/www.eldigitaldeasturias.com\\\/noticias\\\/asturias-reduce-las-emisiones-de-los-gases-invernadero\\\/\",\"name\":\"Asturias reduce las emisiones de los gases invernadero - El Digital de Asturias\",\"description\":\"En el marco de la jornada telem\\u00e1tica sobre el impacto para Asturias, la viceconsejera de Medio Ambiente y Cambio Clim\\u00e1tico, Nieves Roque\\u00f1\\u00ed, imparti\\u00f3 durante ...\",\"inLanguage\":\"es-ES\",\"isPartOf\":{\"@id\":\"https:\\\/\\\/www.eldigitaldeasturias.com\\\/noticias\\\/#website\"},\"breadcrumb\":{\"@id\":\"https:\\\/\\\/www.eldigitaldeasturias.com\\\/noticias\\\/asturias-reduce-las-emisiones-de-los-gases-invernadero\\\/#breadcrumblist\"},\"author\":{\"@id\":\"https:\\\/\\\/www.eldigitaldeasturias.com\\\/noticias\\\/author\\\/admin\\\/#author\"},\"creator\":{\"@id\":\"https:\\\/\\\/www.eldigitaldeasturias.com\\\/noticias\\\/author\\\/admin\\\/#author\"},\"image\":{\"@type\":\"ImageObject\",\"url\":1093165,\"@id\":\"https:\\\/\\\/www.eldigitaldeasturias.com\\\/noticias\\\/asturias-reduce-las-emisiones-de-los-gases-invernadero\\\/#mainImage\"},\"primaryImageOfPage\":{\"@id\":\"https:\\\/\\\/www.eldigitaldeasturias.com\\\/noticias\\\/asturias-reduce-las-emisiones-de-los-gases-invernadero\\\/#mainImage\"},\"datePublished\":\"2021-06-05T15:02:20+02:00\",\"dateModified\":\"2021-06-05T15:02:47+02:00\"},{\"@type\":\"WebSite\",\"@id\":\"https:\\\/\\\/www.eldigitaldeasturias.com\\\/noticias\\\/#website\",\"url\":\"https:\\\/\\\/www.eldigitaldeasturias.com\\\/noticias\\\/\",\"name\":\"El Digital de Asturias - Diario de actualidad y noticias\",\"alternateName\":\"El Digital de Asturias - Diario de actualidad y noticias\",\"description\":\"Hemeroteca\",\"inLanguage\":\"es-ES\",\"publisher\":{\"@id\":\"https:\\\/\\\/www.eldigitaldeasturias.com\\\/noticias\\\/#organization\"}}]}\n\t\t<\/script>\n\t\t<!-- All in One SEO Pro -->\r\n\t\t<title>Asturias reduce las emisiones de los gases invernadero - El Digital de Asturias<\/title>\n\n","aioseo_head_json":{"title":"Asturias reduce las emisiones de los gases invernadero - El Digital de Asturias","description":"En el marco de la jornada telem\u00e1tica sobre el impacto para Asturias, la viceconsejera de Medio Ambiente y Cambio Clim\u00e1tico, Nieves Roque\u00f1\u00ed, imparti\u00f3 durante ...","canonical_url":"https:\/\/www.eldigitaldeasturias.com\/noticias\/asturias-reduce-las-emisiones-de-los-gases-invernadero\/","robots":"max-image-preview:large","keywords":"asturias,principado,actualidad asturias,emisiones","webmasterTools":{"google-site-verification":"UA-38556648-1","msvalidate.01":"7dfe9f3f1b24437ab69f4f2559babe99","miscellaneous":""},"schema":{"@context":"https:\/\/schema.org","@graph":[{"@type":"BlogPosting","@id":"https:\/\/www.eldigitaldeasturias.com\/noticias\/asturias-reduce-las-emisiones-de-los-gases-invernadero\/#blogposting","name":"Asturias reduce las emisiones de los gases invernadero - El Digital de Asturias","headline":"Asturias reduce las emisiones de los gases invernadero","author":{"@id":"https:\/\/www.eldigitaldeasturias.com\/noticias\/author\/admin\/#author"},"publisher":{"@id":"https:\/\/www.eldigitaldeasturias.com\/noticias\/#organization"},"image":{"@type":"ImageObject","url":1093165},"datePublished":"2021-06-05T15:02:20+02:00","dateModified":"2021-06-05T15:02:47+02:00","inLanguage":"es-ES","mainEntityOfPage":{"@id":"https:\/\/www.eldigitaldeasturias.com\/noticias\/asturias-reduce-las-emisiones-de-los-gases-invernadero\/#webpage"},"isPartOf":{"@id":"https:\/\/www.eldigitaldeasturias.com\/noticias\/asturias-reduce-las-emisiones-de-los-gases-invernadero\/#webpage"},"articleSection":"Actualidad Asturias"},{"@type":"BreadcrumbList","@id":"https:\/\/www.eldigitaldeasturias.com\/noticias\/asturias-reduce-las-emisiones-de-los-gases-invernadero\/#breadcrumblist","itemListElement":[{"@type":"ListItem","@id":"https:\/\/www.eldigitaldeasturias.com\/noticias#listItem","position":1,"name":"Home","item":"https:\/\/www.eldigitaldeasturias.com\/noticias","nextItem":{"@type":"ListItem","@id":"https:\/\/www.eldigitaldeasturias.com\/noticias\/category\/actualidad-asturias\/#listItem","name":"Actualidad Asturias"}},{"@type":"ListItem","@id":"https:\/\/www.eldigitaldeasturias.com\/noticias\/category\/actualidad-asturias\/#listItem","position":2,"name":"Actualidad Asturias","item":"https:\/\/www.eldigitaldeasturias.com\/noticias\/category\/actualidad-asturias\/","nextItem":{"@type":"ListItem","@id":"https:\/\/www.eldigitaldeasturias.com\/noticias\/asturias-reduce-las-emisiones-de-los-gases-invernadero\/#listItem","name":"Asturias reduce las emisiones de los gases invernadero"},"previousItem":{"@type":"ListItem","@id":"https:\/\/www.eldigitaldeasturias.com\/noticias#listItem","name":"Home"}},{"@type":"ListItem","@id":"https:\/\/www.eldigitaldeasturias.com\/noticias\/asturias-reduce-las-emisiones-de-los-gases-invernadero\/#listItem","position":3,"name":"Asturias reduce las emisiones de los gases invernadero","previousItem":{"@type":"ListItem","@id":"https:\/\/www.eldigitaldeasturias.com\/noticias\/category\/actualidad-asturias\/#listItem","name":"Actualidad Asturias"}}]},{"@type":"Organization","@id":"https:\/\/www.eldigitaldeasturias.com\/noticias\/#organization","name":"El Digital de Asturias","description":"Hemeroteca","url":"https:\/\/www.eldigitaldeasturias.com\/noticias\/","email":"info@eldigitaldeasturias.com","telephone":"+34652131393","logo":{"@type":"ImageObject","url":"https:\/\/www.eldigitaldeasturias.com\/noticias\/wp-content\/uploads\/2020\/12\/EDA.jpg","@id":"https:\/\/www.eldigitaldeasturias.com\/noticias\/asturias-reduce-las-emisiones-de-los-gases-invernadero\/#organizationLogo"},"image":{"@id":"https:\/\/www.eldigitaldeasturias.com\/noticias\/asturias-reduce-las-emisiones-de-los-gases-invernadero\/#organizationLogo"},"sameAs":["https:\/\/facebook.com\/eldigitaldeasturias","https:\/\/www.youtube.com\/channel\/UCZP-2wLEB9Rv6erhFmqVnvg"],"address":{"@id":"https:\/\/www.eldigitaldeasturias.com\/noticias\/#postaladdress","@type":"PostalAddress","streetAddress":"san antonio 4","postalCode":"33430","addressLocality":"Cand\u00e1s","addressRegion":"Asturias","addressCountry":"ES"}},{"@type":"Person","@id":"https:\/\/www.eldigitaldeasturias.com\/noticias\/author\/admin\/#author","url":"https:\/\/www.eldigitaldeasturias.com\/noticias\/author\/admin\/","name":"El Digital de Asturias","image":{"@type":"ImageObject","@id":"https:\/\/www.eldigitaldeasturias.com\/noticias\/asturias-reduce-las-emisiones-de-los-gases-invernadero\/#authorImage","url":"https:\/\/secure.gravatar.com\/avatar\/df2aeffc32bcd13f8d26072ef8a91b623d677766deac7f97ca815868cd41bf5e?s=96&d=mm&r=g","width":96,"height":96,"caption":"El Digital de Asturias"}},{"@type":"WebPage","@id":"https:\/\/www.eldigitaldeasturias.com\/noticias\/asturias-reduce-las-emisiones-de-los-gases-invernadero\/#webpage","url":"https:\/\/www.eldigitaldeasturias.com\/noticias\/asturias-reduce-las-emisiones-de-los-gases-invernadero\/","name":"Asturias reduce las emisiones de los gases invernadero - El Digital de Asturias","description":"En el marco de la jornada telem\u00e1tica sobre el impacto para Asturias, la viceconsejera de Medio Ambiente y Cambio Clim\u00e1tico, Nieves Roque\u00f1\u00ed, imparti\u00f3 durante ...","inLanguage":"es-ES","isPartOf":{"@id":"https:\/\/www.eldigitaldeasturias.com\/noticias\/#website"},"breadcrumb":{"@id":"https:\/\/www.eldigitaldeasturias.com\/noticias\/asturias-reduce-las-emisiones-de-los-gases-invernadero\/#breadcrumblist"},"author":{"@id":"https:\/\/www.eldigitaldeasturias.com\/noticias\/author\/admin\/#author"},"creator":{"@id":"https:\/\/www.eldigitaldeasturias.com\/noticias\/author\/admin\/#author"},"image":{"@type":"ImageObject","url":1093165,"@id":"https:\/\/www.eldigitaldeasturias.com\/noticias\/asturias-reduce-las-emisiones-de-los-gases-invernadero\/#mainImage"},"primaryImageOfPage":{"@id":"https:\/\/www.eldigitaldeasturias.com\/noticias\/asturias-reduce-las-emisiones-de-los-gases-invernadero\/#mainImage"},"datePublished":"2021-06-05T15:02:20+02:00","dateModified":"2021-06-05T15:02:47+02:00"},{"@type":"WebSite","@id":"https:\/\/www.eldigitaldeasturias.com\/noticias\/#website","url":"https:\/\/www.eldigitaldeasturias.com\/noticias\/","name":"El Digital de Asturias - Diario de actualidad y noticias","alternateName":"El Digital de Asturias - Diario de actualidad y noticias","description":"Hemeroteca","inLanguage":"es-ES","publisher":{"@id":"https:\/\/www.eldigitaldeasturias.com\/noticias\/#organization"}}]},"og:locale":"es_ES","og:site_name":"El Digital de Asturias","og:type":"article","og:title":"Asturias reduce las emisiones de los gases invernadero - El Digital de Asturias","og:description":"En el marco de la jornada telem\u00e1tica sobre el impacto para Asturias, la viceconsejera de Medio Ambiente y Cambio Clim\u00e1tico, Nieves Roque\u00f1\u00ed, imparti\u00f3 durante ...","og:url":"https:\/\/www.eldigitaldeasturias.com\/noticias\/asturias-reduce-las-emisiones-de-los-gases-invernadero\/","article:tag":["asturias","principado","actualidad asturias","emisiones"],"article:published_time":"2021-06-05T14:02:20+00:00","article:modified_time":"2021-06-05T14:02:47+00:00","article:publisher":"https:\/\/facebook.com\/eldigitaldeasturias","twitter:card":"summary_large_image","twitter:title":"Asturias reduce las emisiones de los gases invernadero - El Digital de Asturias","twitter:description":"En el marco de la jornada telem\u00e1tica sobre el impacto para Asturias, la viceconsejera de Medio Ambiente y Cambio Clim\u00e1tico, Nieves Roque\u00f1\u00ed, imparti\u00f3 durante ...","twitter:image":"https:\/\/www.eldigitaldeasturias.com\/noticias\/wp-content\/uploads\/2020\/12\/EDA-1.jpg","twitter:label1":"Escrito por","twitter:data1":"El Digital de Asturias","twitter:label2":"Tiempo de lectura estimado","twitter:data2":"2 minutos"},"aioseo_meta_data":{"post_id":"1093164","title":null,"description":"En el marco de la jornada telem\u00e1tica sobre el impacto para Asturias, la viceconsejera de Medio Ambiente y Cambio Clim\u00e1tico, Nieves Roque\u00f1\u00ed, imparti\u00f3 durante ...","keywords":[{"label":"Asturias","value":"Asturias"},{"label":" Principado","value":" Principado"},{"label":" actualidad Asturias","value":" actualidad Asturias"},{"label":" asturias","value":" asturias"},{"label":" emisiones","value":" emisiones"}],"keyphrases":{"focus":{"keyphrase":"Asturias","score":100,"analysis":{"keyphraseInTitle":{"title":"Frase clave objetivo en el t\u00edtulo SEO","description":"Frase clave objetivo encontrada en el t\u00edtulo SEO.","score":9,"maxScore":9,"error":0},"keyphraseInDescription":{"title":"Frase clave objetivo en la meta descripci\u00f3n","description":"Frase clave objetivo encontrada en la meta descripci\u00f3n.","score":9,"maxScore":9,"error":0},"keyphraseInURL":{"title":"Frase clave objetivo en la URL","description":"Frase clave objetivo usada en la URL.","score":5,"maxScore":5,"error":0},"keyphraseInIntroduction":{"title":"Frase clave objetivo en la introducci\u00f3n","description":"Su Frase clave objetivo aparece en el primer p\u00e1rrafo. \u00a1Bien hecho!","score":9,"maxScore":9,"error":0},"keyphraseInSubHeadings":[],"keyphraseLength":{"title":"Longitud de la Frase clave objetivo","description":"\u00a1Buen trabajo!","score":9,"maxScore":9,"error":0,"length":1},"keyphraseInImageAlt":{"title":"Frase clave objetivo en los atributos alt de la imagen.","description":"Frase clave objetivo encontrada en los atributos alt de la(s) imagen(es).","score":9,"maxScore":9,"error":0}}},"additional":[{"keyphrase":"Nieves Roque\u00f1\u00ed","score":100,"analysis":{"keyphraseInDescription":{"title":"Frase clave en la meta descripci\u00f3n","description":"Frase clave encontrada en la meta descripci\u00f3n.","score":9,"maxScore":9,"error":0},"keyphraseInIntroduction":{"title":"Frase clave en la introducci\u00f3n","description":"Su Frase clave aparece en el primer p\u00e1rrafo. \u00a1Bien hecho!","score":9,"maxScore":9,"error":0},"keyphraseInImageAlt":{"title":"Frase clave en los atributos alt de la imagen.","description":"Frase clave encontrada en los atributos alt de la(s) imagen(es).","score":9,"maxScore":9,"error":0},"keyphraseLength":{"title":"Longitud de la Frase clave","description":"\u00a1Buen trabajo!","score":9,"maxScore":9,"error":0,"length":2}}},{"keyphrase":"jornada telem\u00e1tica","score":83,"analysis":{"keyphraseInDescription":{"title":"Frase clave en la meta descripci\u00f3n","description":"Frase clave encontrada en la meta descripci\u00f3n.","score":9,"maxScore":9,"error":0},"keyphraseInIntroduction":{"title":"Frase clave en la introducci\u00f3n","description":"Su Frase clave aparece en el primer p\u00e1rrafo. \u00a1Bien hecho!","score":9,"maxScore":9,"error":0},"keyphraseInImageAlt":{"title":"Frase clave en los atributos alt de la imagen.","description":"Frase clave no se encuentra en los atributos alt de la imagen. A\u00f1ada una imagen con su Frase clave como texto alternativo.","score":3,"maxScore":9,"error":1},"keyphraseLength":{"title":"Longitud de la Frase clave","description":"\u00a1Buen trabajo!","score":9,"maxScore":9,"error":0,"length":2}}},{"keyphrase":"Cambio Clim\u00e1tico","score":83,"analysis":{"keyphraseInDescription":{"title":"Frase clave en la meta descripci\u00f3n","description":"Frase clave encontrada en la meta descripci\u00f3n.","score":9,"maxScore":9,"error":0},"keyphraseInIntroduction":{"title":"Frase clave en la introducci\u00f3n","description":"Su Frase clave aparece en el primer p\u00e1rrafo. \u00a1Bien hecho!","score":9,"maxScore":9,"error":0},"keyphraseInImageAlt":{"title":"Frase clave en los atributos alt de la imagen.","description":"Frase clave no se encuentra en los atributos alt de la imagen. A\u00f1ada una imagen con su Frase clave como texto alternativo.","score":3,"maxScore":9,"error":1},"keyphraseLength":{"title":"Longitud de la Frase clave","description":"\u00a1Buen trabajo!","score":9,"maxScore":9,"error":0,"length":2}}}]},"primary_term":null,"canonical_url":null,"og_title":null,"og_description":null,"og_object_type":"default","og_image_type":"default","og_image_url":null,"og_image_width":null,"og_image_height":null,"og_image_custom_url":null,"og_image_custom_fields":null,"og_video":"","og_custom_url":null,"og_article_section":null,"og_article_tags":[],"twitter_use_og":false,"twitter_card":"default","twitter_image_type":"default","twitter_image_url":null,"twitter_image_custom_url":null,"twitter_image_custom_fields":null,"twitter_title":null,"twitter_description":null,"schema":{"blockGraphs":[],"customGraphs":[],"default":{"data":{"Article":[],"Course":[],"Dataset":[],"FAQPage":[],"Movie":[],"Person":[],"Product":[],"ProductReview":[],"Car":[],"Recipe":[],"Service":[],"SoftwareApplication":[],"WebPage":[]},"graphName":"","isEnabled":true},"graphs":[],"defaultGraph":"Article","defaultPostTypeGraph":""},"schema_type":"default","schema_type_options":"{\"article\":{\"articleType\":\"BlogPosting\"},\"course\":{\"name\":\"\",\"description\":\"\",\"provider\":\"\"},\"faq\":{\"pages\":[]},\"product\":{\"reviews\":[]},\"recipe\":{\"ingredients\":[],\"instructions\":[],\"keywords\":[]},\"software\":{\"reviews\":[],\"operatingSystems\":[]},\"webPage\":{\"webPageType\":\"WebPage\"}}","pillar_content":false,"robots_default":true,"robots_noindex":false,"robots_noarchive":false,"robots_nosnippet":false,"robots_nofollow":false,"robots_noimageindex":false,"robots_noodp":false,"robots_notranslate":false,"robots_max_snippet":"-1","robots_max_videopreview":"-1","robots_max_imagepreview":"large","priority":null,"frequency":"default","local_seo":{"locations":{"business":{"name":"","businessType":"","image":"","areaServed":"","urls":{"website":"","aboutPage":"","contactPage":""},"address":{"streetLine1":"","streetLine2":"","zipCode":"","city":"","state":"","country":"","addressFormat":"#streetLineOne\n#streetLineTwo\n#city, #state #zipCode"},"contact":{"email":"","phone":"","phoneFormatted":"","fax":"","faxFormatted":""},"ids":{"vat":"","tax":"","chamberOfCommerce":""},"payment":{"priceRange":"","currenciesAccepted":"","methods":""}}},"openingHours":{"useDefaults":true,"show":true,"alwaysOpen":false,"use24hFormat":false,"timezone":"","labels":{"closed":"","alwaysOpen":""},"days":{"monday":{"open24h":false,"closed":false,"openTime":"09:00","closeTime":"17:00"},"tuesday":{"open24h":false,"closed":false,"openTime":"09:00","closeTime":"17:00"},"wednesday":{"open24h":false,"closed":false,"openTime":"09:00","closeTime":"17:00"},"thursday":{"open24h":false,"closed":false,"openTime":"09:00","closeTime":"17:00"},"friday":{"open24h":false,"closed":false,"openTime":"09:00","closeTime":"17:00"},"saturday":{"open24h":false,"closed":false,"openTime":"09:00","closeTime":"17:00"},"sunday":{"open24h":false,"closed":false,"openTime":"09:00","closeTime":"17:00"}}}},"seo_analyzer_scan_date":"2026-07-18 12:21:30","breadcrumb_settings":null,"limit_modified_date":false,"open_ai":null,"ai":null,"created":"2021-06-05 13:56:59","updated":"2026-07-18 12:21:30","focus_keyword":"Asturias","additional_keywords":[{"word":"Nieves Roque\u00f1\u00ed","score":100},{"word":"jornada telem\u00e1tica","score":83},{"word":"Cambio Clim\u00e1tico","score":83}],"truseo_locale":null},"aioseo_breadcrumb":"<div class=\"aioseo-breadcrumbs\"><span class=\"aioseo-breadcrumb\">\n\t<a href=\"https:\/\/www.eldigitaldeasturias.com\/noticias\" title=\"Home\">Home<\/a>\n<\/span><span class=\"aioseo-breadcrumb-separator\">\u2013<\/span><span class=\"aioseo-breadcrumb\">\n\t<a href=\"https:\/\/www.eldigitaldeasturias.com\/noticias\/category\/actualidad-asturias\/\" title=\"Actualidad Asturias\">Actualidad Asturias<\/a>\n<\/span><span class=\"aioseo-breadcrumb-separator\">\u2013<\/span><span class=\"aioseo-breadcrumb\">\n\t<a href=\"https:\/\/www.eldigitaldeasturias.com\/noticias\/asturias-reduce-las-emisiones-de-los-gases-invernadero\/\" title=\"Asturias reduce las emisiones de los gases invernadero\">Asturias reduce las emisiones de los gases invernadero<\/a>\n<\/span><\/div>","aioseo_breadcrumb_json":[{"label":"Home","link":"https:\/\/www.eldigitaldeasturias.com\/noticias"},{"label":"Actualidad Asturias","link":"https:\/\/www.eldigitaldeasturias.com\/noticias\/category\/actualidad-asturias\/"},{"label":"Asturias reduce las emisiones de los gases invernadero","link":"https:\/\/www.eldigitaldeasturias.com\/noticias\/asturias-reduce-las-emisiones-de-los-gases-invernadero\/"}],"_links":{"self":[{"href":"https:\/\/www.eldigitaldeasturias.com\/noticias\/wp-json\/wp\/v2\/posts\/1093164","targetHints":{"allow":["GET"]}}],"collection":[{"href":"https:\/\/www.eldigitaldeasturias.com\/noticias\/wp-json\/wp\/v2\/posts"}],"about":[{"href":"https:\/\/www.eldigitaldeasturias.com\/noticias\/wp-json\/wp\/v2\/types\/post"}],"author":[{"embeddable":true,"href":"https:\/\/www.eldigitaldeasturias.com\/noticias\/wp-json\/wp\/v2\/users\/1"}],"replies":[{"embeddable":true,"href":"https:\/\/www.eldigitaldeasturias.com\/noticias\/wp-json\/wp\/v2\/comments?post=1093164"}],"version-history":[{"count":0,"href":"https:\/\/www.eldigitaldeasturias.com\/noticias\/wp-json\/wp\/v2\/posts\/1093164\/revisions"}],"wp:attachment":[{"href":"https:\/\/www.eldigitaldeasturias.com\/noticias\/wp-json\/wp\/v2\/media?parent=1093164"}],"wp:term":[{"taxonomy":"category","embeddable":true,"href":"https:\/\/www.eldigitaldeasturias.com\/noticias\/wp-json\/wp\/v2\/categories?post=1093164"},{"taxonomy":"post_tag","embeddable":true,"href":"https:\/\/www.eldigitaldeasturias.com\/noticias\/wp-json\/wp\/v2\/tags?post=1093164"}],"curies":[{"name":"wp","href":"https:\/\/api.w.org\/{rel}","templated":true}]}}