{"id":1093162,"date":"2021-06-05T14:55:34","date_gmt":"2021-06-05T13:55:34","guid":{"rendered":"https:\/\/www.eldigitaldeasturias.com\/noticias\/?p=1093162"},"modified":"2021-06-05T14:55:34","modified_gmt":"2021-06-05T13:55:34","slug":"asturias-se-plantea-ampliar-los-horarios-de-ocio-nocturno","status":"publish","type":"post","link":"https:\/\/www.eldigitaldeasturias.com\/noticias\/asturias-se-plantea-ampliar-los-horarios-de-ocio-nocturno\/","title":{"rendered":"Asturias se plantea ampliar los horarios de ocio nocturno"},"content":{"rendered":"<p><img loading=\"lazy\" decoding=\"async\" class=\"alignleft size-medium wp-image-1093084\" src=\"https:\/\/www.eldigitaldeasturias.com\/noticias\/wp-content\/uploads\/2021\/06\/Pablo-Fernandez-Muniz-360x277.jpg\" alt=\"Pablo Fern\u00e1ndez Mu\u00f1iz\" width=\"360\" height=\"277\" \/>El Consejero asturiano de Salud, Pablo Fern\u00e1ndez Mu\u00f1iz, particip\u00f3 durante la semana en la reuni\u00f3n telem\u00e1tica del Consejo Interterritorial del Sistema Nacional de Salud donde el asunto que m\u00e1s destac\u00f3 fue el <span style=\"color: #ff6600;\"><a style=\"color: #ff6600;\" href=\"https:\/\/www.eldigitaldeasturias.com\/noticias\/certificado-covid-digital-de-la-ue\/\" target=\"_blank\" rel=\"noopener\"><strong>Certificado Digital Covid de la Uni\u00f3n Europea<\/strong><\/a><\/span>.<\/p>\n<p>\u201cNos informaron que la pr\u00f3xima semana ya entra en vigor el reglamento europeo y a d\u00eda uno de junio, todos los pa\u00edses tenemos ya que tener esa herramienta que pueda certificar tanto la situaci\u00f3n de vacunaci\u00f3n de las personas que lo soliciten, como si ha pasado la enfermedad o no, o si tiene alguna prueba de diagn\u00f3stico de situaci\u00f3n activa reciente\u201d, explic\u00f3 Fern\u00e1ndez Mu\u00f1iz.<\/p>\n<p>En cuanto a la regulaci\u00f3n de la hosteler\u00eda, <strong>Fern\u00e1ndez Mu\u00f1iz destac\u00f3 la posibilidad de apertura de las barras as\u00ed como la regulaci\u00f3n de eventos o actividades multitudinarias no ordinarias que deber\u00e1n realizarse siempre con una evaluaci\u00f3n de manera coordinada con las autoridades locales<\/strong>.<\/p>\n<p>Por otra parte, el Consejo Interterritorial del Sistema Nacional de Salud aprob\u00f3 por mayor\u00eda una declaraci\u00f3n de actuaciones coordinadas, que revisan y actualizan las declaraciones previas que continuaban vigentes para adaptarlas a la situaci\u00f3n actual y de los pr\u00f3ximos meses.<\/p>\n<p>\u201cLa declaraci\u00f3n propone actuaciones comunes para escenarios que se encuentran fuera de los niveles de alerta definidos en el documento que conocemos como el sem\u00e1foro que se denomina de actuaciones de respuesta coordinada para el control de la transmisi\u00f3n de Covid 19, aprobado por la Comisi\u00f3n de Salud P\u00fablica y que va a estar vigente hasta que no se alcancen coberturas de vacunaci\u00f3n de al menos el 70 por ciento de la poblaci\u00f3n con pauta completa\u201d.<\/p>\n<p>Entre otras medidas destacables acordadas, est\u00e1n las del ocio nocturno que se podr\u00e1n autorizar su apertura cuando la condici\u00f3n epidemiol\u00f3gica de la unidad territorial de referencia se encuentre fuera de los niveles de riesgo o bien est\u00e9n en el nivel de alerta 1.<\/p>\n<p>\u201cLa apertura podr\u00eda hacerse hasta las dos de la madrugada e incluso podr\u00eda hacerse seg\u00fan la situaci\u00f3n epidemiol\u00f3gica, ampliable hasta las tres de la madrugada\u201d.<\/p>\n<p>&nbsp;<\/p>\n<p>&nbsp;<\/p>\n<p>&nbsp;<\/p>\n<p>&nbsp;<\/p>\n","protected":false},"excerpt":{"rendered":"<p>El Consejero asturiano de Salud, Pablo Fern\u00e1ndez Mu\u00f1iz, particip\u00f3 durante la semana en la reuni\u00f3n telem\u00e1tica del Consejo Interterritorial del Sistema Nacional de Salud donde el asunto que m\u00e1s destac\u00f3 fue el Certificado Digital Covid de la Uni\u00f3n Europea. \u201cNos informaron que la pr\u00f3xima semana ya entra en vigor el reglamento europeo y a d\u00eda [&hellip;]<\/p>\n","protected":false},"author":1,"featured_media":1093084,"comment_status":"closed","ping_status":"closed","sticky":false,"template":"","format":"standard","meta":{"footnotes":""},"categories":[12],"tags":[],"class_list":["post-1093162","post","type-post","status-publish","format-standard","has-post-thumbnail","hentry","category-actualidad-asturias"],"aioseo_notices":[],"aioseo_head":"\n\t\t<!-- All in One SEO Pro 5.0.1 - aioseo.com -->\n\t<meta name=\"description\" content=\"El Consejero de Salud del Principado de Asturias, Pablo Fern\u00e1ndez Mu\u00f1iz, particip\u00f3 durante la semana en la reuni\u00f3n telem\u00e1tica Nacional de Salud\" \/>\n\t<meta name=\"robots\" content=\"max-image-preview:large\" \/>\n\t<meta name=\"author\" content=\"El Digital de Asturias\"\/>\n\t<meta name=\"google-site-verification\" content=\"UA-38556648-1\" \/>\n\t<meta name=\"msvalidate.01\" content=\"7dfe9f3f1b24437ab69f4f2559babe99\" \/>\n\t<meta name=\"keywords\" content=\"asturias,asturias ocio,covid,actualidad asturias\" \/>\n\t<link rel=\"canonical\" href=\"https:\/\/www.eldigitaldeasturias.com\/noticias\/asturias-se-plantea-ampliar-los-horarios-de-ocio-nocturno\/\" \/>\n\t<meta name=\"generator\" content=\"All in One SEO Pro (AIOSEO) 5.0.1\" \/>\n\t\t<meta property=\"og:locale\" content=\"es_ES\" \/>\n\t\t<meta property=\"og:site_name\" content=\"El Digital de Asturias\" \/>\n\t\t<meta property=\"og:type\" content=\"article\" \/>\n\t\t<meta property=\"og:title\" content=\"Asturias se plantea ampliar los horarios de ocio nocturno - El Digital de Asturias\" \/>\n\t\t<meta property=\"og:description\" content=\"El Consejero de Salud del Principado de Asturias, Pablo Fern\u00e1ndez Mu\u00f1iz, particip\u00f3 durante la semana en la reuni\u00f3n telem\u00e1tica Nacional de Salud\" \/>\n\t\t<meta property=\"og:url\" content=\"https:\/\/www.eldigitaldeasturias.com\/noticias\/asturias-se-plantea-ampliar-los-horarios-de-ocio-nocturno\/\" \/>\n\t\t<meta property=\"article:tag\" content=\"asturias\" \/>\n\t\t<meta property=\"article:tag\" content=\"asturias ocio\" \/>\n\t\t<meta property=\"article:tag\" content=\"covid\" \/>\n\t\t<meta property=\"article:tag\" content=\"actualidad asturias\" \/>\n\t\t<meta property=\"article:published_time\" content=\"2021-06-05T13:55:34+00:00\" \/>\n\t\t<meta property=\"article:modified_time\" content=\"2021-06-05T13:55:34+00:00\" \/>\n\t\t<meta property=\"article:publisher\" content=\"https:\/\/facebook.com\/eldigitaldeasturias\" \/>\n\t\t<meta name=\"twitter:card\" content=\"summary_large_image\" \/>\n\t\t<meta name=\"twitter:title\" content=\"Asturias se plantea ampliar los horarios de ocio nocturno - El Digital de Asturias\" \/>\n\t\t<meta name=\"twitter:description\" content=\"El Consejero de Salud del Principado de Asturias, Pablo Fern\u00e1ndez Mu\u00f1iz, particip\u00f3 durante la semana en la reuni\u00f3n telem\u00e1tica Nacional de Salud\" \/>\n\t\t<meta name=\"twitter:image\" content=\"https:\/\/www.eldigitaldeasturias.com\/noticias\/wp-content\/uploads\/2020\/12\/EDA-1.jpg\" \/>\n\t\t<meta name=\"twitter:label1\" content=\"Escrito por\" \/>\n\t\t<meta name=\"twitter:data1\" content=\"El Digital de Asturias\" \/>\n\t\t<meta name=\"twitter:label2\" content=\"Tiempo de lectura estimado\" \/>\n\t\t<meta name=\"twitter:data2\" content=\"2 minutos\" \/>\n\t\t<script type=\"application\/ld+json\" class=\"aioseo-schema\">\n\t\t\t{\"@context\":\"https:\\\/\\\/schema.org\",\"@graph\":[{\"@type\":\"BlogPosting\",\"@id\":\"https:\\\/\\\/www.eldigitaldeasturias.com\\\/noticias\\\/asturias-se-plantea-ampliar-los-horarios-de-ocio-nocturno\\\/#blogposting\",\"name\":\"Asturias se plantea ampliar los horarios de ocio nocturno - El Digital de Asturias\",\"headline\":\"Asturias se plantea ampliar los horarios de ocio nocturno\",\"author\":{\"@id\":\"https:\\\/\\\/www.eldigitaldeasturias.com\\\/noticias\\\/author\\\/admin\\\/#author\"},\"publisher\":{\"@id\":\"https:\\\/\\\/www.eldigitaldeasturias.com\\\/noticias\\\/#organization\"},\"image\":{\"@type\":\"ImageObject\",\"url\":1093084},\"datePublished\":\"2021-06-05T14:55:34+02:00\",\"dateModified\":\"2021-06-05T14:55:34+02:00\",\"inLanguage\":\"es-ES\",\"mainEntityOfPage\":{\"@id\":\"https:\\\/\\\/www.eldigitaldeasturias.com\\\/noticias\\\/asturias-se-plantea-ampliar-los-horarios-de-ocio-nocturno\\\/#webpage\"},\"isPartOf\":{\"@id\":\"https:\\\/\\\/www.eldigitaldeasturias.com\\\/noticias\\\/asturias-se-plantea-ampliar-los-horarios-de-ocio-nocturno\\\/#webpage\"},\"articleSection\":\"Actualidad Asturias\"},{\"@type\":\"BreadcrumbList\",\"@id\":\"https:\\\/\\\/www.eldigitaldeasturias.com\\\/noticias\\\/asturias-se-plantea-ampliar-los-horarios-de-ocio-nocturno\\\/#breadcrumblist\",\"itemListElement\":[{\"@type\":\"ListItem\",\"@id\":\"https:\\\/\\\/www.eldigitaldeasturias.com\\\/noticias#listItem\",\"position\":1,\"name\":\"Home\",\"item\":\"https:\\\/\\\/www.eldigitaldeasturias.com\\\/noticias\",\"nextItem\":{\"@type\":\"ListItem\",\"@id\":\"https:\\\/\\\/www.eldigitaldeasturias.com\\\/noticias\\\/category\\\/actualidad-asturias\\\/#listItem\",\"name\":\"Actualidad Asturias\"}},{\"@type\":\"ListItem\",\"@id\":\"https:\\\/\\\/www.eldigitaldeasturias.com\\\/noticias\\\/category\\\/actualidad-asturias\\\/#listItem\",\"position\":2,\"name\":\"Actualidad Asturias\",\"item\":\"https:\\\/\\\/www.eldigitaldeasturias.com\\\/noticias\\\/category\\\/actualidad-asturias\\\/\",\"nextItem\":{\"@type\":\"ListItem\",\"@id\":\"https:\\\/\\\/www.eldigitaldeasturias.com\\\/noticias\\\/asturias-se-plantea-ampliar-los-horarios-de-ocio-nocturno\\\/#listItem\",\"name\":\"Asturias se plantea ampliar los horarios de ocio nocturno\"},\"previousItem\":{\"@type\":\"ListItem\",\"@id\":\"https:\\\/\\\/www.eldigitaldeasturias.com\\\/noticias#listItem\",\"name\":\"Home\"}},{\"@type\":\"ListItem\",\"@id\":\"https:\\\/\\\/www.eldigitaldeasturias.com\\\/noticias\\\/asturias-se-plantea-ampliar-los-horarios-de-ocio-nocturno\\\/#listItem\",\"position\":3,\"name\":\"Asturias se plantea ampliar los horarios de ocio nocturno\",\"previousItem\":{\"@type\":\"ListItem\",\"@id\":\"https:\\\/\\\/www.eldigitaldeasturias.com\\\/noticias\\\/category\\\/actualidad-asturias\\\/#listItem\",\"name\":\"Actualidad Asturias\"}}]},{\"@type\":\"Organization\",\"@id\":\"https:\\\/\\\/www.eldigitaldeasturias.com\\\/noticias\\\/#organization\",\"name\":\"El Digital de Asturias\",\"description\":\"Hemeroteca\",\"url\":\"https:\\\/\\\/www.eldigitaldeasturias.com\\\/noticias\\\/\",\"email\":\"info@eldigitaldeasturias.com\",\"telephone\":\"+34652131393\",\"logo\":{\"@type\":\"ImageObject\",\"url\":\"https:\\\/\\\/www.eldigitaldeasturias.com\\\/noticias\\\/wp-content\\\/uploads\\\/2020\\\/12\\\/EDA.jpg\",\"@id\":\"https:\\\/\\\/www.eldigitaldeasturias.com\\\/noticias\\\/asturias-se-plantea-ampliar-los-horarios-de-ocio-nocturno\\\/#organizationLogo\"},\"image\":{\"@id\":\"https:\\\/\\\/www.eldigitaldeasturias.com\\\/noticias\\\/asturias-se-plantea-ampliar-los-horarios-de-ocio-nocturno\\\/#organizationLogo\"},\"sameAs\":[\"https:\\\/\\\/facebook.com\\\/eldigitaldeasturias\",\"https:\\\/\\\/www.youtube.com\\\/channel\\\/UCZP-2wLEB9Rv6erhFmqVnvg\"],\"address\":{\"@id\":\"https:\\\/\\\/www.eldigitaldeasturias.com\\\/noticias\\\/#postaladdress\",\"@type\":\"PostalAddress\",\"streetAddress\":\"san antonio 4\",\"postalCode\":\"33430\",\"addressLocality\":\"Cand\\u00e1s\",\"addressRegion\":\"Asturias\",\"addressCountry\":\"ES\"}},{\"@type\":\"Person\",\"@id\":\"https:\\\/\\\/www.eldigitaldeasturias.com\\\/noticias\\\/author\\\/admin\\\/#author\",\"url\":\"https:\\\/\\\/www.eldigitaldeasturias.com\\\/noticias\\\/author\\\/admin\\\/\",\"name\":\"El Digital de Asturias\",\"image\":{\"@type\":\"ImageObject\",\"@id\":\"https:\\\/\\\/www.eldigitaldeasturias.com\\\/noticias\\\/asturias-se-plantea-ampliar-los-horarios-de-ocio-nocturno\\\/#authorImage\",\"url\":\"https:\\\/\\\/secure.gravatar.com\\\/avatar\\\/df2aeffc32bcd13f8d26072ef8a91b623d677766deac7f97ca815868cd41bf5e?s=96&d=mm&r=g\",\"width\":96,\"height\":96,\"caption\":\"El Digital de Asturias\"}},{\"@type\":\"WebPage\",\"@id\":\"https:\\\/\\\/www.eldigitaldeasturias.com\\\/noticias\\\/asturias-se-plantea-ampliar-los-horarios-de-ocio-nocturno\\\/#webpage\",\"url\":\"https:\\\/\\\/www.eldigitaldeasturias.com\\\/noticias\\\/asturias-se-plantea-ampliar-los-horarios-de-ocio-nocturno\\\/\",\"name\":\"Asturias se plantea ampliar los horarios de ocio nocturno - El Digital de Asturias\",\"description\":\"El Consejero de Salud del Principado de Asturias, Pablo Fern\\u00e1ndez Mu\\u00f1iz, particip\\u00f3 durante la semana en la reuni\\u00f3n telem\\u00e1tica Nacional de Salud\",\"inLanguage\":\"es-ES\",\"isPartOf\":{\"@id\":\"https:\\\/\\\/www.eldigitaldeasturias.com\\\/noticias\\\/#website\"},\"breadcrumb\":{\"@id\":\"https:\\\/\\\/www.eldigitaldeasturias.com\\\/noticias\\\/asturias-se-plantea-ampliar-los-horarios-de-ocio-nocturno\\\/#breadcrumblist\"},\"author\":{\"@id\":\"https:\\\/\\\/www.eldigitaldeasturias.com\\\/noticias\\\/author\\\/admin\\\/#author\"},\"creator\":{\"@id\":\"https:\\\/\\\/www.eldigitaldeasturias.com\\\/noticias\\\/author\\\/admin\\\/#author\"},\"image\":{\"@type\":\"ImageObject\",\"url\":1093084,\"@id\":\"https:\\\/\\\/www.eldigitaldeasturias.com\\\/noticias\\\/asturias-se-plantea-ampliar-los-horarios-de-ocio-nocturno\\\/#mainImage\"},\"primaryImageOfPage\":{\"@id\":\"https:\\\/\\\/www.eldigitaldeasturias.com\\\/noticias\\\/asturias-se-plantea-ampliar-los-horarios-de-ocio-nocturno\\\/#mainImage\"},\"datePublished\":\"2021-06-05T14:55:34+02:00\",\"dateModified\":\"2021-06-05T14:55:34+02:00\"},{\"@type\":\"WebSite\",\"@id\":\"https:\\\/\\\/www.eldigitaldeasturias.com\\\/noticias\\\/#website\",\"url\":\"https:\\\/\\\/www.eldigitaldeasturias.com\\\/noticias\\\/\",\"name\":\"El Digital de Asturias - Diario de actualidad y noticias\",\"alternateName\":\"El Digital de Asturias - Diario de actualidad y noticias\",\"description\":\"Hemeroteca\",\"inLanguage\":\"es-ES\",\"publisher\":{\"@id\":\"https:\\\/\\\/www.eldigitaldeasturias.com\\\/noticias\\\/#organization\"}}]}\n\t\t<\/script>\n\t\t<!-- All in One SEO Pro -->\r\n\t\t<title>Asturias se plantea ampliar los horarios de ocio nocturno - El Digital de Asturias<\/title>\n\n","aioseo_head_json":{"title":"Asturias se plantea ampliar los horarios de ocio nocturno - El Digital de Asturias","description":"El Consejero de Salud del Principado de Asturias, Pablo Fern\u00e1ndez Mu\u00f1iz, particip\u00f3 durante la semana en la reuni\u00f3n telem\u00e1tica Nacional de Salud","canonical_url":"https:\/\/www.eldigitaldeasturias.com\/noticias\/asturias-se-plantea-ampliar-los-horarios-de-ocio-nocturno\/","robots":"max-image-preview:large","keywords":"asturias,asturias ocio,covid,actualidad asturias","webmasterTools":{"google-site-verification":"UA-38556648-1","msvalidate.01":"7dfe9f3f1b24437ab69f4f2559babe99","miscellaneous":""},"schema":{"@context":"https:\/\/schema.org","@graph":[{"@type":"BlogPosting","@id":"https:\/\/www.eldigitaldeasturias.com\/noticias\/asturias-se-plantea-ampliar-los-horarios-de-ocio-nocturno\/#blogposting","name":"Asturias se plantea ampliar los horarios de ocio nocturno - El Digital de Asturias","headline":"Asturias se plantea ampliar los horarios de ocio nocturno","author":{"@id":"https:\/\/www.eldigitaldeasturias.com\/noticias\/author\/admin\/#author"},"publisher":{"@id":"https:\/\/www.eldigitaldeasturias.com\/noticias\/#organization"},"image":{"@type":"ImageObject","url":1093084},"datePublished":"2021-06-05T14:55:34+02:00","dateModified":"2021-06-05T14:55:34+02:00","inLanguage":"es-ES","mainEntityOfPage":{"@id":"https:\/\/www.eldigitaldeasturias.com\/noticias\/asturias-se-plantea-ampliar-los-horarios-de-ocio-nocturno\/#webpage"},"isPartOf":{"@id":"https:\/\/www.eldigitaldeasturias.com\/noticias\/asturias-se-plantea-ampliar-los-horarios-de-ocio-nocturno\/#webpage"},"articleSection":"Actualidad Asturias"},{"@type":"BreadcrumbList","@id":"https:\/\/www.eldigitaldeasturias.com\/noticias\/asturias-se-plantea-ampliar-los-horarios-de-ocio-nocturno\/#breadcrumblist","itemListElement":[{"@type":"ListItem","@id":"https:\/\/www.eldigitaldeasturias.com\/noticias#listItem","position":1,"name":"Home","item":"https:\/\/www.eldigitaldeasturias.com\/noticias","nextItem":{"@type":"ListItem","@id":"https:\/\/www.eldigitaldeasturias.com\/noticias\/category\/actualidad-asturias\/#listItem","name":"Actualidad Asturias"}},{"@type":"ListItem","@id":"https:\/\/www.eldigitaldeasturias.com\/noticias\/category\/actualidad-asturias\/#listItem","position":2,"name":"Actualidad Asturias","item":"https:\/\/www.eldigitaldeasturias.com\/noticias\/category\/actualidad-asturias\/","nextItem":{"@type":"ListItem","@id":"https:\/\/www.eldigitaldeasturias.com\/noticias\/asturias-se-plantea-ampliar-los-horarios-de-ocio-nocturno\/#listItem","name":"Asturias se plantea ampliar los horarios de ocio nocturno"},"previousItem":{"@type":"ListItem","@id":"https:\/\/www.eldigitaldeasturias.com\/noticias#listItem","name":"Home"}},{"@type":"ListItem","@id":"https:\/\/www.eldigitaldeasturias.com\/noticias\/asturias-se-plantea-ampliar-los-horarios-de-ocio-nocturno\/#listItem","position":3,"name":"Asturias se plantea ampliar los horarios de ocio nocturno","previousItem":{"@type":"ListItem","@id":"https:\/\/www.eldigitaldeasturias.com\/noticias\/category\/actualidad-asturias\/#listItem","name":"Actualidad Asturias"}}]},{"@type":"Organization","@id":"https:\/\/www.eldigitaldeasturias.com\/noticias\/#organization","name":"El Digital de Asturias","description":"Hemeroteca","url":"https:\/\/www.eldigitaldeasturias.com\/noticias\/","email":"info@eldigitaldeasturias.com","telephone":"+34652131393","logo":{"@type":"ImageObject","url":"https:\/\/www.eldigitaldeasturias.com\/noticias\/wp-content\/uploads\/2020\/12\/EDA.jpg","@id":"https:\/\/www.eldigitaldeasturias.com\/noticias\/asturias-se-plantea-ampliar-los-horarios-de-ocio-nocturno\/#organizationLogo"},"image":{"@id":"https:\/\/www.eldigitaldeasturias.com\/noticias\/asturias-se-plantea-ampliar-los-horarios-de-ocio-nocturno\/#organizationLogo"},"sameAs":["https:\/\/facebook.com\/eldigitaldeasturias","https:\/\/www.youtube.com\/channel\/UCZP-2wLEB9Rv6erhFmqVnvg"],"address":{"@id":"https:\/\/www.eldigitaldeasturias.com\/noticias\/#postaladdress","@type":"PostalAddress","streetAddress":"san antonio 4","postalCode":"33430","addressLocality":"Cand\u00e1s","addressRegion":"Asturias","addressCountry":"ES"}},{"@type":"Person","@id":"https:\/\/www.eldigitaldeasturias.com\/noticias\/author\/admin\/#author","url":"https:\/\/www.eldigitaldeasturias.com\/noticias\/author\/admin\/","name":"El Digital de Asturias","image":{"@type":"ImageObject","@id":"https:\/\/www.eldigitaldeasturias.com\/noticias\/asturias-se-plantea-ampliar-los-horarios-de-ocio-nocturno\/#authorImage","url":"https:\/\/secure.gravatar.com\/avatar\/df2aeffc32bcd13f8d26072ef8a91b623d677766deac7f97ca815868cd41bf5e?s=96&d=mm&r=g","width":96,"height":96,"caption":"El Digital de Asturias"}},{"@type":"WebPage","@id":"https:\/\/www.eldigitaldeasturias.com\/noticias\/asturias-se-plantea-ampliar-los-horarios-de-ocio-nocturno\/#webpage","url":"https:\/\/www.eldigitaldeasturias.com\/noticias\/asturias-se-plantea-ampliar-los-horarios-de-ocio-nocturno\/","name":"Asturias se plantea ampliar los horarios de ocio nocturno - El Digital de Asturias","description":"El Consejero de Salud del Principado de Asturias, Pablo Fern\u00e1ndez Mu\u00f1iz, particip\u00f3 durante la semana en la reuni\u00f3n telem\u00e1tica Nacional de Salud","inLanguage":"es-ES","isPartOf":{"@id":"https:\/\/www.eldigitaldeasturias.com\/noticias\/#website"},"breadcrumb":{"@id":"https:\/\/www.eldigitaldeasturias.com\/noticias\/asturias-se-plantea-ampliar-los-horarios-de-ocio-nocturno\/#breadcrumblist"},"author":{"@id":"https:\/\/www.eldigitaldeasturias.com\/noticias\/author\/admin\/#author"},"creator":{"@id":"https:\/\/www.eldigitaldeasturias.com\/noticias\/author\/admin\/#author"},"image":{"@type":"ImageObject","url":1093084,"@id":"https:\/\/www.eldigitaldeasturias.com\/noticias\/asturias-se-plantea-ampliar-los-horarios-de-ocio-nocturno\/#mainImage"},"primaryImageOfPage":{"@id":"https:\/\/www.eldigitaldeasturias.com\/noticias\/asturias-se-plantea-ampliar-los-horarios-de-ocio-nocturno\/#mainImage"},"datePublished":"2021-06-05T14:55:34+02:00","dateModified":"2021-06-05T14:55:34+02:00"},{"@type":"WebSite","@id":"https:\/\/www.eldigitaldeasturias.com\/noticias\/#website","url":"https:\/\/www.eldigitaldeasturias.com\/noticias\/","name":"El Digital de Asturias - Diario de actualidad y noticias","alternateName":"El Digital de Asturias - Diario de actualidad y noticias","description":"Hemeroteca","inLanguage":"es-ES","publisher":{"@id":"https:\/\/www.eldigitaldeasturias.com\/noticias\/#organization"}}]},"og:locale":"es_ES","og:site_name":"El Digital de Asturias","og:type":"article","og:title":"Asturias se plantea ampliar los horarios de ocio nocturno - El Digital de Asturias","og:description":"El Consejero de Salud del Principado de Asturias, Pablo Fern\u00e1ndez Mu\u00f1iz, particip\u00f3 durante la semana en la reuni\u00f3n telem\u00e1tica Nacional de Salud","og:url":"https:\/\/www.eldigitaldeasturias.com\/noticias\/asturias-se-plantea-ampliar-los-horarios-de-ocio-nocturno\/","article:tag":["asturias","asturias ocio","covid","actualidad asturias"],"article:published_time":"2021-06-05T13:55:34+00:00","article:modified_time":"2021-06-05T13:55:34+00:00","article:publisher":"https:\/\/facebook.com\/eldigitaldeasturias","twitter:card":"summary_large_image","twitter:title":"Asturias se plantea ampliar los horarios de ocio nocturno - El Digital de Asturias","twitter:description":"El Consejero de Salud del Principado de Asturias, Pablo Fern\u00e1ndez Mu\u00f1iz, particip\u00f3 durante la semana en la reuni\u00f3n telem\u00e1tica Nacional de Salud","twitter:image":"https:\/\/www.eldigitaldeasturias.com\/noticias\/wp-content\/uploads\/2020\/12\/EDA-1.jpg","twitter:label1":"Escrito por","twitter:data1":"El Digital de Asturias","twitter:label2":"Tiempo de lectura estimado","twitter:data2":"2 minutos"},"aioseo_meta_data":{"post_id":"1093162","title":null,"description":"El Consejero de Salud del Principado de Asturias, Pablo Fern\u00e1ndez Mu\u00f1iz, particip\u00f3 durante la semana en la reuni\u00f3n telem\u00e1tica Nacional de Salud","keywords":[{"label":"Asturias","value":"Asturias"},{"label":" asturias ocio","value":" asturias ocio"},{"label":" covid","value":" covid"}],"keyphrases":{"focus":{"keyphrase":"Asturias","score":76,"analysis":{"keyphraseInTitle":{"title":"Frase clave objetivo en el t\u00edtulo SEO","description":"Frase clave objetivo encontrada en el t\u00edtulo SEO.","score":9,"maxScore":9,"error":0},"keyphraseInDescription":{"title":"Frase clave objetivo en la meta descripci\u00f3n","description":"Frase clave objetivo encontrada en la meta descripci\u00f3n.","score":9,"maxScore":9,"error":0},"keyphraseInURL":{"title":"Frase clave objetivo en la URL","description":"Frase clave objetivo usada en la URL.","score":5,"maxScore":5,"error":0},"keyphraseInIntroduction":{"title":"Frase clave objetivo en la introducci\u00f3n","description":"Su Frase clave objetivo no aparece en el primer p\u00e1rrafo. Aseg\u00farese de que el tema est\u00e9 claro de inmediato.","score":3,"maxScore":9,"error":1},"keyphraseInSubHeadings":[],"keyphraseLength":{"title":"Longitud de la Frase clave objetivo","description":"\u00a1Buen trabajo!","score":9,"maxScore":9,"error":0,"length":1},"keyphraseInImageAlt":{"title":"Frase clave objetivo en los atributos alt de la imagen.","description":"Frase clave objetivo no se encuentra en los atributos alt de la imagen. A\u00f1ada una imagen con su Frase clave objetivo como texto alternativo.","score":3,"maxScore":9,"error":1}}},"additional":[{"keyphrase":"Consejero de Salud","score":67,"analysis":{"keyphraseInDescription":{"title":"Frase clave en la meta descripci\u00f3n","description":"Frase clave encontrada en la meta descripci\u00f3n.","score":9,"maxScore":9,"error":0},"keyphraseInIntroduction":{"title":"Frase clave en la introducci\u00f3n","description":"Su Frase clave no aparece en el primer p\u00e1rrafo. Aseg\u00farese de que el tema est\u00e9 claro de inmediato.","score":3,"maxScore":9,"error":1},"keyphraseInImageAlt":{"title":"Frase clave en los atributos alt de la imagen.","description":"Frase clave no se encuentra en los atributos alt de la imagen. A\u00f1ada una imagen con su Frase clave como texto alternativo.","score":3,"maxScore":9,"error":1},"keyphraseLength":{"title":"Longitud de la Frase clave","description":"\u00a1Buen trabajo!","score":9,"maxScore":9,"error":0,"length":3}}},{"keyphrase":"horarios","score":50,"analysis":{"keyphraseInDescription":{"title":"Frase clave en la meta descripci\u00f3n","description":"Frase clave no se encuentra en la meta descripci\u00f3n.","score":3,"maxScore":9,"error":1},"keyphraseInIntroduction":{"title":"Frase clave en la introducci\u00f3n","description":"Su Frase clave no aparece en el primer p\u00e1rrafo. Aseg\u00farese de que el tema est\u00e9 claro de inmediato.","score":3,"maxScore":9,"error":1},"keyphraseInImageAlt":{"title":"Frase clave en los atributos alt de la imagen.","description":"Frase clave no se encuentra en los atributos alt de la imagen. A\u00f1ada una imagen con su Frase clave como texto alternativo.","score":3,"maxScore":9,"error":1},"keyphraseLength":{"title":"Longitud de la Frase clave","description":"\u00a1Buen trabajo!","score":9,"maxScore":9,"error":0,"length":1}}},{"keyphrase":"Principado de Asturias","score":67,"analysis":{"keyphraseInDescription":{"title":"Frase clave en la meta descripci\u00f3n","description":"Frase clave encontrada en la meta descripci\u00f3n.","score":9,"maxScore":9,"error":0},"keyphraseInIntroduction":{"title":"Frase clave en la introducci\u00f3n","description":"Su Frase clave no aparece en el primer p\u00e1rrafo. Aseg\u00farese de que el tema est\u00e9 claro de inmediato.","score":3,"maxScore":9,"error":1},"keyphraseInImageAlt":{"title":"Frase clave en los atributos alt de la imagen.","description":"Frase clave no se encuentra en los atributos alt de la imagen. A\u00f1ada una imagen con su Frase clave como texto alternativo.","score":3,"maxScore":9,"error":1},"keyphraseLength":{"title":"Longitud de la Frase clave","description":"\u00a1Buen trabajo!","score":9,"maxScore":9,"error":0,"length":3}}}]},"primary_term":null,"canonical_url":null,"og_title":null,"og_description":null,"og_object_type":"default","og_image_type":"default","og_image_url":null,"og_image_width":null,"og_image_height":null,"og_image_custom_url":null,"og_image_custom_fields":null,"og_video":"","og_custom_url":null,"og_article_section":null,"og_article_tags":[],"twitter_use_og":false,"twitter_card":"default","twitter_image_type":"default","twitter_image_url":null,"twitter_image_custom_url":null,"twitter_image_custom_fields":null,"twitter_title":null,"twitter_description":null,"schema":{"blockGraphs":[],"customGraphs":[],"default":{"data":{"Article":[],"Course":[],"Dataset":[],"FAQPage":[],"Movie":[],"Person":[],"Product":[],"ProductReview":[],"Car":[],"Recipe":[],"Service":[],"SoftwareApplication":[],"WebPage":[]},"graphName":"","isEnabled":true},"graphs":[]},"schema_type":"default","schema_type_options":"{\"article\":{\"articleType\":\"BlogPosting\"},\"course\":{\"name\":\"\",\"description\":\"\",\"provider\":\"\"},\"faq\":{\"pages\":[]},\"product\":{\"reviews\":[]},\"recipe\":{\"ingredients\":[],\"instructions\":[],\"keywords\":[]},\"software\":{\"reviews\":[],\"operatingSystems\":[]},\"webPage\":{\"webPageType\":\"WebPage\"}}","pillar_content":false,"robots_default":true,"robots_noindex":false,"robots_noarchive":false,"robots_nosnippet":false,"robots_nofollow":false,"robots_noimageindex":false,"robots_noodp":false,"robots_notranslate":false,"robots_max_snippet":"-1","robots_max_videopreview":"-1","robots_max_imagepreview":"large","priority":null,"frequency":"default","local_seo":{"locations":{"business":{"name":"","businessType":"","image":"","areaServed":"","urls":{"website":"","aboutPage":"","contactPage":""},"address":{"streetLine1":"","streetLine2":"","zipCode":"","city":"","state":"","country":"","addressFormat":"#streetLineOne\n#streetLineTwo\n#city, #state #zipCode"},"contact":{"email":"","phone":"","phoneFormatted":"","fax":"","faxFormatted":""},"ids":{"vat":"","tax":"","chamberOfCommerce":""},"payment":{"priceRange":"","currenciesAccepted":"","methods":""}}},"openingHours":{"useDefaults":true,"show":true,"alwaysOpen":false,"use24hFormat":false,"timezone":"","labels":{"closed":"","alwaysOpen":""},"days":{"monday":{"open24h":false,"closed":false,"openTime":"09:00","closeTime":"17:00"},"tuesday":{"open24h":false,"closed":false,"openTime":"09:00","closeTime":"17:00"},"wednesday":{"open24h":false,"closed":false,"openTime":"09:00","closeTime":"17:00"},"thursday":{"open24h":false,"closed":false,"openTime":"09:00","closeTime":"17:00"},"friday":{"open24h":false,"closed":false,"openTime":"09:00","closeTime":"17:00"},"saturday":{"open24h":false,"closed":false,"openTime":"09:00","closeTime":"17:00"},"sunday":{"open24h":false,"closed":false,"openTime":"09:00","closeTime":"17:00"}}}},"seo_analyzer_scan_date":"2026-07-18 12:17:11","breadcrumb_settings":null,"limit_modified_date":false,"open_ai":null,"ai":null,"created":"2021-06-05 13:47:50","updated":"2026-07-18 12:17:11","focus_keyword":"Asturias","additional_keywords":[{"word":"Consejero de Salud","score":67},{"word":"horarios","score":50},{"word":"Principado de Asturias","score":67}],"truseo_locale":null},"aioseo_breadcrumb":"<div class=\"aioseo-breadcrumbs\"><span class=\"aioseo-breadcrumb\">\n\t<a href=\"https:\/\/www.eldigitaldeasturias.com\/noticias\" title=\"Home\">Home<\/a>\n<\/span><span class=\"aioseo-breadcrumb-separator\">\u2013<\/span><span class=\"aioseo-breadcrumb\">\n\t<a href=\"https:\/\/www.eldigitaldeasturias.com\/noticias\/category\/actualidad-asturias\/\" title=\"Actualidad Asturias\">Actualidad Asturias<\/a>\n<\/span><span class=\"aioseo-breadcrumb-separator\">\u2013<\/span><span class=\"aioseo-breadcrumb\">\n\t<a href=\"https:\/\/www.eldigitaldeasturias.com\/noticias\/asturias-se-plantea-ampliar-los-horarios-de-ocio-nocturno\/\" title=\"Asturias se plantea ampliar los horarios de ocio nocturno\">Asturias se plantea ampliar los horarios de ocio nocturno<\/a>\n<\/span><\/div>","aioseo_breadcrumb_json":[{"label":"Home","link":"https:\/\/www.eldigitaldeasturias.com\/noticias"},{"label":"Actualidad Asturias","link":"https:\/\/www.eldigitaldeasturias.com\/noticias\/category\/actualidad-asturias\/"},{"label":"Asturias se plantea ampliar los horarios de ocio nocturno","link":"https:\/\/www.eldigitaldeasturias.com\/noticias\/asturias-se-plantea-ampliar-los-horarios-de-ocio-nocturno\/"}],"_links":{"self":[{"href":"https:\/\/www.eldigitaldeasturias.com\/noticias\/wp-json\/wp\/v2\/posts\/1093162","targetHints":{"allow":["GET"]}}],"collection":[{"href":"https:\/\/www.eldigitaldeasturias.com\/noticias\/wp-json\/wp\/v2\/posts"}],"about":[{"href":"https:\/\/www.eldigitaldeasturias.com\/noticias\/wp-json\/wp\/v2\/types\/post"}],"author":[{"embeddable":true,"href":"https:\/\/www.eldigitaldeasturias.com\/noticias\/wp-json\/wp\/v2\/users\/1"}],"replies":[{"embeddable":true,"href":"https:\/\/www.eldigitaldeasturias.com\/noticias\/wp-json\/wp\/v2\/comments?post=1093162"}],"version-history":[{"count":0,"href":"https:\/\/www.eldigitaldeasturias.com\/noticias\/wp-json\/wp\/v2\/posts\/1093162\/revisions"}],"wp:attachment":[{"href":"https:\/\/www.eldigitaldeasturias.com\/noticias\/wp-json\/wp\/v2\/media?parent=1093162"}],"wp:term":[{"taxonomy":"category","embeddable":true,"href":"https:\/\/www.eldigitaldeasturias.com\/noticias\/wp-json\/wp\/v2\/categories?post=1093162"},{"taxonomy":"post_tag","embeddable":true,"href":"https:\/\/www.eldigitaldeasturias.com\/noticias\/wp-json\/wp\/v2\/tags?post=1093162"}],"curies":[{"name":"wp","href":"https:\/\/api.w.org\/{rel}","templated":true}]}}