{"id":1093158,"date":"2021-06-05T14:44:31","date_gmt":"2021-06-05T13:44:31","guid":{"rendered":"https:\/\/www.eldigitaldeasturias.com\/noticias\/?p=1093158"},"modified":"2021-06-05T14:44:31","modified_gmt":"2021-06-05T13:44:31","slug":"beatriz-coto-la-cooperacion-al-desarrollo-es-y-debe-ser-feminista-o-no-sera","status":"publish","type":"post","link":"https:\/\/www.eldigitaldeasturias.com\/noticias\/beatriz-coto-la-cooperacion-al-desarrollo-es-y-debe-ser-feminista-o-no-sera\/","title":{"rendered":"Beatriz Coto: \u201cLa cooperaci\u00f3n al desarrollo es y debe ser feminista o no ser\u00e1\u201d"},"content":{"rendered":"<p><img loading=\"lazy\" decoding=\"async\" class=\"alignleft size-medium wp-image-1093159\" src=\"https:\/\/www.eldigitaldeasturias.com\/noticias\/wp-content\/uploads\/2021\/06\/Beatriz-Coto-360x292.jpg\" alt=\"Beatriz Coto\" width=\"360\" height=\"292\" \/>La directora de la Agencia Asturiana de Cooperaci\u00f3n al Desarrollo,<strong> Beatriz Coto<\/strong>, particip\u00f3 durante esta semana en la Comisi\u00f3n de Cooperaci\u00f3n Internacional para el Desarrollo, que ha tenido lugar en el Senado, abogando por establecer un nuevo marco para la cooperaci\u00f3n al desarrollo que impulse el enfoque de g\u00e9nero de manera transversal.<\/p>\n<p>La directora defendi\u00f3 que la igualdad de las mujeres en la cooperaci\u00f3n al desarrollo tiene que formar parte del pre\u00e1mbulo de la ley y tiene que ser visible en el art\u00edculo 1. De esta manera, explic\u00f3 que <em>\u201clas pol\u00edticas de igualdad han evolucionado. En la Ley del 98 no hablamos de la participaci\u00f3n e integraci\u00f3n social de la mujer, ni de las mujeres como colectivo prioritario. La cooperaci\u00f3n al desarrollo es y debe ser feminista o no ser\u00e1\u201d.<\/em><\/p>\n<p>De este modo, Coto puso como ejemplo las pol\u00edticas de cooperaci\u00f3n del Principado que tienen en el enfoque de g\u00e9nero una se\u00f1a de identidad. \u201cAsturias fue una de las primeras comunidades aut\u00f3nomas en aprobar en 2010 una Estrategia de G\u00e9nero para la Cooperaci\u00f3n al Desarrollo y a\u00fan hoy es la \u00fanica que dispone de un documento de estas caracter\u00edsticas\u201d, relat\u00f3.<\/p>\n<p>Este documento, asegur\u00f3 Coto, <em>\u201cha permitido la integraci\u00f3n de la igualdad como un elemento transversal y durante la \u00faltima d\u00e9cada ha supuesto m\u00e1s de 13,6 millones y una media anual del 30 por ciento del presupuesto de la Agencia\u201d<\/em>.<\/p>\n<p>Por \u00faltimo, la directora de la agencia dijo que estos datos son \u201cun buen indicador de una apuesta inequ\u00edvoca por la igualdad de g\u00e9nero desde las pol\u00edticas de cooperaci\u00f3n al desarrollo asturiano\u201d.<\/p>\n<p>&nbsp;<\/p>\n","protected":false},"excerpt":{"rendered":"<p>La directora de la Agencia Asturiana de Cooperaci\u00f3n al Desarrollo, Beatriz Coto, particip\u00f3 durante esta semana en la Comisi\u00f3n de Cooperaci\u00f3n Internacional para el Desarrollo, que ha tenido lugar en el Senado, abogando por establecer un nuevo marco para la cooperaci\u00f3n al desarrollo que impulse el enfoque de g\u00e9nero de manera transversal. La directora defendi\u00f3 [&hellip;]<\/p>\n","protected":false},"author":1,"featured_media":1093159,"comment_status":"closed","ping_status":"closed","sticky":false,"template":"","format":"standard","meta":{"footnotes":""},"categories":[12],"tags":[],"class_list":["post-1093158","post","type-post","status-publish","format-standard","has-post-thumbnail","hentry","category-actualidad-asturias"],"aioseo_notices":[],"aioseo_head":"\n\t\t<!-- All in One SEO Pro 5.0.1 - aioseo.com -->\n\t<meta name=\"description\" content=\"La directora de la Agencia Asturiana de Cooperaci\u00f3n al Desarrollo, Beatriz Coto, particip\u00f3 en la Comisi\u00f3n de Cooperaci\u00f3n Internacional para el Desarrollo\" \/>\n\t<meta name=\"robots\" content=\"max-image-preview:large\" \/>\n\t<meta name=\"author\" content=\"El Digital de Asturias\"\/>\n\t<meta name=\"google-site-verification\" content=\"UA-38556648-1\" \/>\n\t<meta name=\"msvalidate.01\" content=\"7dfe9f3f1b24437ab69f4f2559babe99\" \/>\n\t<meta name=\"keywords\" content=\"asturias,desarrollo,noticias asturias,actualidad asturias\" \/>\n\t<link rel=\"canonical\" href=\"https:\/\/www.eldigitaldeasturias.com\/noticias\/beatriz-coto-la-cooperacion-al-desarrollo-es-y-debe-ser-feminista-o-no-sera\/\" \/>\n\t<meta name=\"generator\" content=\"All in One SEO Pro (AIOSEO) 5.0.1\" \/>\n\t\t<meta property=\"og:locale\" content=\"es_ES\" \/>\n\t\t<meta property=\"og:site_name\" content=\"El Digital de Asturias\" \/>\n\t\t<meta property=\"og:type\" content=\"article\" \/>\n\t\t<meta property=\"og:title\" content=\"Beatriz Coto: \u201cLa cooperaci\u00f3n al desarrollo es y debe ser feminista o no ser\u00e1\u201d - El Digital de Asturias\" \/>\n\t\t<meta property=\"og:description\" content=\"La directora de la Agencia Asturiana de Cooperaci\u00f3n al Desarrollo, Beatriz Coto, particip\u00f3 en la Comisi\u00f3n de Cooperaci\u00f3n Internacional para el Desarrollo\" \/>\n\t\t<meta property=\"og:url\" content=\"https:\/\/www.eldigitaldeasturias.com\/noticias\/beatriz-coto-la-cooperacion-al-desarrollo-es-y-debe-ser-feminista-o-no-sera\/\" \/>\n\t\t<meta property=\"article:tag\" content=\"asturias\" \/>\n\t\t<meta property=\"article:tag\" content=\"desarrollo\" \/>\n\t\t<meta property=\"article:tag\" content=\"noticias asturias\" \/>\n\t\t<meta property=\"article:tag\" content=\"actualidad asturias\" \/>\n\t\t<meta property=\"article:published_time\" content=\"2021-06-05T13:44:31+00:00\" \/>\n\t\t<meta property=\"article:modified_time\" content=\"2021-06-05T13:44:31+00:00\" \/>\n\t\t<meta property=\"article:publisher\" content=\"https:\/\/facebook.com\/eldigitaldeasturias\" \/>\n\t\t<meta name=\"twitter:card\" content=\"summary_large_image\" \/>\n\t\t<meta name=\"twitter:title\" content=\"Beatriz Coto: \u201cLa cooperaci\u00f3n al desarrollo es y debe ser feminista o no ser\u00e1\u201d - El Digital de Asturias\" \/>\n\t\t<meta name=\"twitter:description\" content=\"La directora de la Agencia Asturiana de Cooperaci\u00f3n al Desarrollo, Beatriz Coto, particip\u00f3 en la Comisi\u00f3n de Cooperaci\u00f3n Internacional para el Desarrollo\" \/>\n\t\t<meta name=\"twitter:image\" content=\"https:\/\/www.eldigitaldeasturias.com\/noticias\/wp-content\/uploads\/2020\/12\/EDA-1.jpg\" \/>\n\t\t<meta name=\"twitter:label1\" content=\"Escrito por\" \/>\n\t\t<meta name=\"twitter:data1\" content=\"El Digital de Asturias\" \/>\n\t\t<meta name=\"twitter:label2\" content=\"Tiempo de lectura estimado\" \/>\n\t\t<meta name=\"twitter:data2\" content=\"1 minuto\" \/>\n\t\t<script type=\"application\/ld+json\" class=\"aioseo-schema\">\n\t\t\t{\"@context\":\"https:\\\/\\\/schema.org\",\"@graph\":[{\"@type\":\"BlogPosting\",\"@id\":\"https:\\\/\\\/www.eldigitaldeasturias.com\\\/noticias\\\/beatriz-coto-la-cooperacion-al-desarrollo-es-y-debe-ser-feminista-o-no-sera\\\/#blogposting\",\"name\":\"Beatriz Coto: \\u201cLa cooperaci\\u00f3n al desarrollo es y debe ser feminista o no ser\\u00e1\\u201d - El Digital de Asturias\",\"headline\":\"Beatriz Coto: \\u201cLa cooperaci\\u00f3n al desarrollo es y debe ser feminista o no ser\\u00e1\\u201d\",\"author\":{\"@id\":\"https:\\\/\\\/www.eldigitaldeasturias.com\\\/noticias\\\/author\\\/admin\\\/#author\"},\"publisher\":{\"@id\":\"https:\\\/\\\/www.eldigitaldeasturias.com\\\/noticias\\\/#organization\"},\"image\":{\"@type\":\"ImageObject\",\"url\":1093159},\"datePublished\":\"2021-06-05T14:44:31+02:00\",\"dateModified\":\"2021-06-05T14:44:31+02:00\",\"inLanguage\":\"es-ES\",\"mainEntityOfPage\":{\"@id\":\"https:\\\/\\\/www.eldigitaldeasturias.com\\\/noticias\\\/beatriz-coto-la-cooperacion-al-desarrollo-es-y-debe-ser-feminista-o-no-sera\\\/#webpage\"},\"isPartOf\":{\"@id\":\"https:\\\/\\\/www.eldigitaldeasturias.com\\\/noticias\\\/beatriz-coto-la-cooperacion-al-desarrollo-es-y-debe-ser-feminista-o-no-sera\\\/#webpage\"},\"articleSection\":\"Actualidad Asturias\"},{\"@type\":\"BreadcrumbList\",\"@id\":\"https:\\\/\\\/www.eldigitaldeasturias.com\\\/noticias\\\/beatriz-coto-la-cooperacion-al-desarrollo-es-y-debe-ser-feminista-o-no-sera\\\/#breadcrumblist\",\"itemListElement\":[{\"@type\":\"ListItem\",\"@id\":\"https:\\\/\\\/www.eldigitaldeasturias.com\\\/noticias#listItem\",\"position\":1,\"name\":\"Home\",\"item\":\"https:\\\/\\\/www.eldigitaldeasturias.com\\\/noticias\",\"nextItem\":{\"@type\":\"ListItem\",\"@id\":\"https:\\\/\\\/www.eldigitaldeasturias.com\\\/noticias\\\/category\\\/actualidad-asturias\\\/#listItem\",\"name\":\"Actualidad Asturias\"}},{\"@type\":\"ListItem\",\"@id\":\"https:\\\/\\\/www.eldigitaldeasturias.com\\\/noticias\\\/category\\\/actualidad-asturias\\\/#listItem\",\"position\":2,\"name\":\"Actualidad Asturias\",\"item\":\"https:\\\/\\\/www.eldigitaldeasturias.com\\\/noticias\\\/category\\\/actualidad-asturias\\\/\",\"nextItem\":{\"@type\":\"ListItem\",\"@id\":\"https:\\\/\\\/www.eldigitaldeasturias.com\\\/noticias\\\/beatriz-coto-la-cooperacion-al-desarrollo-es-y-debe-ser-feminista-o-no-sera\\\/#listItem\",\"name\":\"Beatriz Coto: \\u201cLa cooperaci\\u00f3n al desarrollo es y debe ser feminista o no ser\\u00e1\\u201d\"},\"previousItem\":{\"@type\":\"ListItem\",\"@id\":\"https:\\\/\\\/www.eldigitaldeasturias.com\\\/noticias#listItem\",\"name\":\"Home\"}},{\"@type\":\"ListItem\",\"@id\":\"https:\\\/\\\/www.eldigitaldeasturias.com\\\/noticias\\\/beatriz-coto-la-cooperacion-al-desarrollo-es-y-debe-ser-feminista-o-no-sera\\\/#listItem\",\"position\":3,\"name\":\"Beatriz Coto: \\u201cLa cooperaci\\u00f3n al desarrollo es y debe ser feminista o no ser\\u00e1\\u201d\",\"previousItem\":{\"@type\":\"ListItem\",\"@id\":\"https:\\\/\\\/www.eldigitaldeasturias.com\\\/noticias\\\/category\\\/actualidad-asturias\\\/#listItem\",\"name\":\"Actualidad Asturias\"}}]},{\"@type\":\"Organization\",\"@id\":\"https:\\\/\\\/www.eldigitaldeasturias.com\\\/noticias\\\/#organization\",\"name\":\"El Digital de Asturias\",\"description\":\"Hemeroteca\",\"url\":\"https:\\\/\\\/www.eldigitaldeasturias.com\\\/noticias\\\/\",\"email\":\"info@eldigitaldeasturias.com\",\"telephone\":\"+34652131393\",\"logo\":{\"@type\":\"ImageObject\",\"url\":\"https:\\\/\\\/www.eldigitaldeasturias.com\\\/noticias\\\/wp-content\\\/uploads\\\/2020\\\/12\\\/EDA.jpg\",\"@id\":\"https:\\\/\\\/www.eldigitaldeasturias.com\\\/noticias\\\/beatriz-coto-la-cooperacion-al-desarrollo-es-y-debe-ser-feminista-o-no-sera\\\/#organizationLogo\"},\"image\":{\"@id\":\"https:\\\/\\\/www.eldigitaldeasturias.com\\\/noticias\\\/beatriz-coto-la-cooperacion-al-desarrollo-es-y-debe-ser-feminista-o-no-sera\\\/#organizationLogo\"},\"sameAs\":[\"https:\\\/\\\/facebook.com\\\/eldigitaldeasturias\",\"https:\\\/\\\/www.youtube.com\\\/channel\\\/UCZP-2wLEB9Rv6erhFmqVnvg\"],\"address\":{\"@id\":\"https:\\\/\\\/www.eldigitaldeasturias.com\\\/noticias\\\/#postaladdress\",\"@type\":\"PostalAddress\",\"streetAddress\":\"san antonio 4\",\"postalCode\":\"33430\",\"addressLocality\":\"Cand\\u00e1s\",\"addressRegion\":\"Asturias\",\"addressCountry\":\"ES\"}},{\"@type\":\"Person\",\"@id\":\"https:\\\/\\\/www.eldigitaldeasturias.com\\\/noticias\\\/author\\\/admin\\\/#author\",\"url\":\"https:\\\/\\\/www.eldigitaldeasturias.com\\\/noticias\\\/author\\\/admin\\\/\",\"name\":\"El Digital de Asturias\",\"image\":{\"@type\":\"ImageObject\",\"@id\":\"https:\\\/\\\/www.eldigitaldeasturias.com\\\/noticias\\\/beatriz-coto-la-cooperacion-al-desarrollo-es-y-debe-ser-feminista-o-no-sera\\\/#authorImage\",\"url\":\"https:\\\/\\\/secure.gravatar.com\\\/avatar\\\/df2aeffc32bcd13f8d26072ef8a91b623d677766deac7f97ca815868cd41bf5e?s=96&d=mm&r=g\",\"width\":96,\"height\":96,\"caption\":\"El Digital de Asturias\"}},{\"@type\":\"WebPage\",\"@id\":\"https:\\\/\\\/www.eldigitaldeasturias.com\\\/noticias\\\/beatriz-coto-la-cooperacion-al-desarrollo-es-y-debe-ser-feminista-o-no-sera\\\/#webpage\",\"url\":\"https:\\\/\\\/www.eldigitaldeasturias.com\\\/noticias\\\/beatriz-coto-la-cooperacion-al-desarrollo-es-y-debe-ser-feminista-o-no-sera\\\/\",\"name\":\"Beatriz Coto: \\u201cLa cooperaci\\u00f3n al desarrollo es y debe ser feminista o no ser\\u00e1\\u201d - El Digital de Asturias\",\"description\":\"La directora de la Agencia Asturiana de Cooperaci\\u00f3n al Desarrollo, Beatriz Coto, particip\\u00f3 en la Comisi\\u00f3n de Cooperaci\\u00f3n Internacional para el Desarrollo\",\"inLanguage\":\"es-ES\",\"isPartOf\":{\"@id\":\"https:\\\/\\\/www.eldigitaldeasturias.com\\\/noticias\\\/#website\"},\"breadcrumb\":{\"@id\":\"https:\\\/\\\/www.eldigitaldeasturias.com\\\/noticias\\\/beatriz-coto-la-cooperacion-al-desarrollo-es-y-debe-ser-feminista-o-no-sera\\\/#breadcrumblist\"},\"author\":{\"@id\":\"https:\\\/\\\/www.eldigitaldeasturias.com\\\/noticias\\\/author\\\/admin\\\/#author\"},\"creator\":{\"@id\":\"https:\\\/\\\/www.eldigitaldeasturias.com\\\/noticias\\\/author\\\/admin\\\/#author\"},\"image\":{\"@type\":\"ImageObject\",\"url\":1093159,\"@id\":\"https:\\\/\\\/www.eldigitaldeasturias.com\\\/noticias\\\/beatriz-coto-la-cooperacion-al-desarrollo-es-y-debe-ser-feminista-o-no-sera\\\/#mainImage\"},\"primaryImageOfPage\":{\"@id\":\"https:\\\/\\\/www.eldigitaldeasturias.com\\\/noticias\\\/beatriz-coto-la-cooperacion-al-desarrollo-es-y-debe-ser-feminista-o-no-sera\\\/#mainImage\"},\"datePublished\":\"2021-06-05T14:44:31+02:00\",\"dateModified\":\"2021-06-05T14:44:31+02:00\"},{\"@type\":\"WebSite\",\"@id\":\"https:\\\/\\\/www.eldigitaldeasturias.com\\\/noticias\\\/#website\",\"url\":\"https:\\\/\\\/www.eldigitaldeasturias.com\\\/noticias\\\/\",\"name\":\"El Digital de Asturias - Diario de actualidad y noticias\",\"alternateName\":\"El Digital de Asturias - Diario de actualidad y noticias\",\"description\":\"Hemeroteca\",\"inLanguage\":\"es-ES\",\"publisher\":{\"@id\":\"https:\\\/\\\/www.eldigitaldeasturias.com\\\/noticias\\\/#organization\"}}]}\n\t\t<\/script>\n\t\t<!-- All in One SEO Pro -->\r\n\t\t<title>Beatriz Coto: \u201cLa cooperaci\u00f3n al desarrollo es y debe ser feminista o no ser\u00e1\u201d - El Digital de Asturias<\/title>\n\n","aioseo_head_json":{"title":"Beatriz Coto: \u201cLa cooperaci\u00f3n al desarrollo es y debe ser feminista o no ser\u00e1\u201d - El Digital de Asturias","description":"La directora de la Agencia Asturiana de Cooperaci\u00f3n al Desarrollo, Beatriz Coto, particip\u00f3 en la Comisi\u00f3n de Cooperaci\u00f3n Internacional para el Desarrollo","canonical_url":"https:\/\/www.eldigitaldeasturias.com\/noticias\/beatriz-coto-la-cooperacion-al-desarrollo-es-y-debe-ser-feminista-o-no-sera\/","robots":"max-image-preview:large","keywords":"asturias,desarrollo,noticias asturias,actualidad asturias","webmasterTools":{"google-site-verification":"UA-38556648-1","msvalidate.01":"7dfe9f3f1b24437ab69f4f2559babe99","miscellaneous":""},"schema":{"@context":"https:\/\/schema.org","@graph":[{"@type":"BlogPosting","@id":"https:\/\/www.eldigitaldeasturias.com\/noticias\/beatriz-coto-la-cooperacion-al-desarrollo-es-y-debe-ser-feminista-o-no-sera\/#blogposting","name":"Beatriz Coto: \u201cLa cooperaci\u00f3n al desarrollo es y debe ser feminista o no ser\u00e1\u201d - El Digital de Asturias","headline":"Beatriz Coto: \u201cLa cooperaci\u00f3n al desarrollo es y debe ser feminista o no ser\u00e1\u201d","author":{"@id":"https:\/\/www.eldigitaldeasturias.com\/noticias\/author\/admin\/#author"},"publisher":{"@id":"https:\/\/www.eldigitaldeasturias.com\/noticias\/#organization"},"image":{"@type":"ImageObject","url":1093159},"datePublished":"2021-06-05T14:44:31+02:00","dateModified":"2021-06-05T14:44:31+02:00","inLanguage":"es-ES","mainEntityOfPage":{"@id":"https:\/\/www.eldigitaldeasturias.com\/noticias\/beatriz-coto-la-cooperacion-al-desarrollo-es-y-debe-ser-feminista-o-no-sera\/#webpage"},"isPartOf":{"@id":"https:\/\/www.eldigitaldeasturias.com\/noticias\/beatriz-coto-la-cooperacion-al-desarrollo-es-y-debe-ser-feminista-o-no-sera\/#webpage"},"articleSection":"Actualidad Asturias"},{"@type":"BreadcrumbList","@id":"https:\/\/www.eldigitaldeasturias.com\/noticias\/beatriz-coto-la-cooperacion-al-desarrollo-es-y-debe-ser-feminista-o-no-sera\/#breadcrumblist","itemListElement":[{"@type":"ListItem","@id":"https:\/\/www.eldigitaldeasturias.com\/noticias#listItem","position":1,"name":"Home","item":"https:\/\/www.eldigitaldeasturias.com\/noticias","nextItem":{"@type":"ListItem","@id":"https:\/\/www.eldigitaldeasturias.com\/noticias\/category\/actualidad-asturias\/#listItem","name":"Actualidad Asturias"}},{"@type":"ListItem","@id":"https:\/\/www.eldigitaldeasturias.com\/noticias\/category\/actualidad-asturias\/#listItem","position":2,"name":"Actualidad Asturias","item":"https:\/\/www.eldigitaldeasturias.com\/noticias\/category\/actualidad-asturias\/","nextItem":{"@type":"ListItem","@id":"https:\/\/www.eldigitaldeasturias.com\/noticias\/beatriz-coto-la-cooperacion-al-desarrollo-es-y-debe-ser-feminista-o-no-sera\/#listItem","name":"Beatriz Coto: \u201cLa cooperaci\u00f3n al desarrollo es y debe ser feminista o no ser\u00e1\u201d"},"previousItem":{"@type":"ListItem","@id":"https:\/\/www.eldigitaldeasturias.com\/noticias#listItem","name":"Home"}},{"@type":"ListItem","@id":"https:\/\/www.eldigitaldeasturias.com\/noticias\/beatriz-coto-la-cooperacion-al-desarrollo-es-y-debe-ser-feminista-o-no-sera\/#listItem","position":3,"name":"Beatriz Coto: \u201cLa cooperaci\u00f3n al desarrollo es y debe ser feminista o no ser\u00e1\u201d","previousItem":{"@type":"ListItem","@id":"https:\/\/www.eldigitaldeasturias.com\/noticias\/category\/actualidad-asturias\/#listItem","name":"Actualidad Asturias"}}]},{"@type":"Organization","@id":"https:\/\/www.eldigitaldeasturias.com\/noticias\/#organization","name":"El Digital de Asturias","description":"Hemeroteca","url":"https:\/\/www.eldigitaldeasturias.com\/noticias\/","email":"info@eldigitaldeasturias.com","telephone":"+34652131393","logo":{"@type":"ImageObject","url":"https:\/\/www.eldigitaldeasturias.com\/noticias\/wp-content\/uploads\/2020\/12\/EDA.jpg","@id":"https:\/\/www.eldigitaldeasturias.com\/noticias\/beatriz-coto-la-cooperacion-al-desarrollo-es-y-debe-ser-feminista-o-no-sera\/#organizationLogo"},"image":{"@id":"https:\/\/www.eldigitaldeasturias.com\/noticias\/beatriz-coto-la-cooperacion-al-desarrollo-es-y-debe-ser-feminista-o-no-sera\/#organizationLogo"},"sameAs":["https:\/\/facebook.com\/eldigitaldeasturias","https:\/\/www.youtube.com\/channel\/UCZP-2wLEB9Rv6erhFmqVnvg"],"address":{"@id":"https:\/\/www.eldigitaldeasturias.com\/noticias\/#postaladdress","@type":"PostalAddress","streetAddress":"san antonio 4","postalCode":"33430","addressLocality":"Cand\u00e1s","addressRegion":"Asturias","addressCountry":"ES"}},{"@type":"Person","@id":"https:\/\/www.eldigitaldeasturias.com\/noticias\/author\/admin\/#author","url":"https:\/\/www.eldigitaldeasturias.com\/noticias\/author\/admin\/","name":"El Digital de Asturias","image":{"@type":"ImageObject","@id":"https:\/\/www.eldigitaldeasturias.com\/noticias\/beatriz-coto-la-cooperacion-al-desarrollo-es-y-debe-ser-feminista-o-no-sera\/#authorImage","url":"https:\/\/secure.gravatar.com\/avatar\/df2aeffc32bcd13f8d26072ef8a91b623d677766deac7f97ca815868cd41bf5e?s=96&d=mm&r=g","width":96,"height":96,"caption":"El Digital de Asturias"}},{"@type":"WebPage","@id":"https:\/\/www.eldigitaldeasturias.com\/noticias\/beatriz-coto-la-cooperacion-al-desarrollo-es-y-debe-ser-feminista-o-no-sera\/#webpage","url":"https:\/\/www.eldigitaldeasturias.com\/noticias\/beatriz-coto-la-cooperacion-al-desarrollo-es-y-debe-ser-feminista-o-no-sera\/","name":"Beatriz Coto: \u201cLa cooperaci\u00f3n al desarrollo es y debe ser feminista o no ser\u00e1\u201d - El Digital de Asturias","description":"La directora de la Agencia Asturiana de Cooperaci\u00f3n al Desarrollo, Beatriz Coto, particip\u00f3 en la Comisi\u00f3n de Cooperaci\u00f3n Internacional para el Desarrollo","inLanguage":"es-ES","isPartOf":{"@id":"https:\/\/www.eldigitaldeasturias.com\/noticias\/#website"},"breadcrumb":{"@id":"https:\/\/www.eldigitaldeasturias.com\/noticias\/beatriz-coto-la-cooperacion-al-desarrollo-es-y-debe-ser-feminista-o-no-sera\/#breadcrumblist"},"author":{"@id":"https:\/\/www.eldigitaldeasturias.com\/noticias\/author\/admin\/#author"},"creator":{"@id":"https:\/\/www.eldigitaldeasturias.com\/noticias\/author\/admin\/#author"},"image":{"@type":"ImageObject","url":1093159,"@id":"https:\/\/www.eldigitaldeasturias.com\/noticias\/beatriz-coto-la-cooperacion-al-desarrollo-es-y-debe-ser-feminista-o-no-sera\/#mainImage"},"primaryImageOfPage":{"@id":"https:\/\/www.eldigitaldeasturias.com\/noticias\/beatriz-coto-la-cooperacion-al-desarrollo-es-y-debe-ser-feminista-o-no-sera\/#mainImage"},"datePublished":"2021-06-05T14:44:31+02:00","dateModified":"2021-06-05T14:44:31+02:00"},{"@type":"WebSite","@id":"https:\/\/www.eldigitaldeasturias.com\/noticias\/#website","url":"https:\/\/www.eldigitaldeasturias.com\/noticias\/","name":"El Digital de Asturias - Diario de actualidad y noticias","alternateName":"El Digital de Asturias - Diario de actualidad y noticias","description":"Hemeroteca","inLanguage":"es-ES","publisher":{"@id":"https:\/\/www.eldigitaldeasturias.com\/noticias\/#organization"}}]},"og:locale":"es_ES","og:site_name":"El Digital de Asturias","og:type":"article","og:title":"Beatriz Coto: \u201cLa cooperaci\u00f3n al desarrollo es y debe ser feminista o no ser\u00e1\u201d - El Digital de Asturias","og:description":"La directora de la Agencia Asturiana de Cooperaci\u00f3n al Desarrollo, Beatriz Coto, particip\u00f3 en la Comisi\u00f3n de Cooperaci\u00f3n Internacional para el Desarrollo","og:url":"https:\/\/www.eldigitaldeasturias.com\/noticias\/beatriz-coto-la-cooperacion-al-desarrollo-es-y-debe-ser-feminista-o-no-sera\/","article:tag":["asturias","desarrollo","noticias asturias","actualidad asturias"],"article:published_time":"2021-06-05T13:44:31+00:00","article:modified_time":"2021-06-05T13:44:31+00:00","article:publisher":"https:\/\/facebook.com\/eldigitaldeasturias","twitter:card":"summary_large_image","twitter:title":"Beatriz Coto: \u201cLa cooperaci\u00f3n al desarrollo es y debe ser feminista o no ser\u00e1\u201d - El Digital de Asturias","twitter:description":"La directora de la Agencia Asturiana de Cooperaci\u00f3n al Desarrollo, Beatriz Coto, particip\u00f3 en la Comisi\u00f3n de Cooperaci\u00f3n Internacional para el Desarrollo","twitter:image":"https:\/\/www.eldigitaldeasturias.com\/noticias\/wp-content\/uploads\/2020\/12\/EDA-1.jpg","twitter:label1":"Escrito por","twitter:data1":"El Digital de Asturias","twitter:label2":"Tiempo de lectura estimado","twitter:data2":"1 minuto"},"aioseo_meta_data":{"post_id":"1093158","title":null,"description":"La directora de la Agencia Asturiana de Cooperaci\u00f3n al Desarrollo, Beatriz Coto, particip\u00f3 en la Comisi\u00f3n de Cooperaci\u00f3n Internacional para el Desarrollo","keywords":[{"label":"Asturias","value":"Asturias"},{"label":" Desarrollo","value":" Desarrollo"},{"label":" noticias Asturias","value":" noticias Asturias"}],"keyphrases":{"focus":{"keyphrase":"Beatriz Coto","score":100,"analysis":{"keyphraseInTitle":{"title":"Frase clave objetivo en el t\u00edtulo SEO","description":"Frase clave objetivo encontrada en el t\u00edtulo SEO.","score":9,"maxScore":9,"error":0},"keyphraseInDescription":{"title":"Frase clave objetivo en la meta descripci\u00f3n","description":"Frase clave objetivo encontrada en la meta descripci\u00f3n.","score":9,"maxScore":9,"error":0},"keyphraseInURL":[],"keyphraseInIntroduction":{"title":"Frase clave objetivo en la introducci\u00f3n","description":"Su Frase clave objetivo aparece en el primer p\u00e1rrafo. \u00a1Bien hecho!","score":9,"maxScore":9,"error":0},"keyphraseInSubHeadings":[],"keyphraseLength":{"title":"Longitud de la Frase clave objetivo","description":"\u00a1Buen trabajo!","score":9,"maxScore":9,"error":0,"length":2},"keyphraseInImageAlt":{"title":"Frase clave objetivo en los atributos alt de la imagen.","description":"Frase clave objetivo encontrada en los atributos alt de la(s) imagen(es).","score":9,"maxScore":9,"error":0}}},"additional":[{"keyphrase":"Desarrollo","score":83,"analysis":{"keyphraseInDescription":{"title":"Frase clave en la meta descripci\u00f3n","description":"Frase clave encontrada en la meta descripci\u00f3n.","score":9,"maxScore":9,"error":0},"keyphraseInIntroduction":{"title":"Frase clave en la introducci\u00f3n","description":"Su Frase clave aparece en el primer p\u00e1rrafo. \u00a1Bien hecho!","score":9,"maxScore":9,"error":0},"keyphraseInImageAlt":{"title":"Frase clave en los atributos alt de la imagen.","description":"Frase clave no se encuentra en los atributos alt de la imagen. A\u00f1ada una imagen con su Frase clave como texto alternativo.","score":3,"maxScore":9,"error":1},"keyphraseLength":{"title":"Longitud de la Frase clave","description":"\u00a1Buen trabajo!","score":9,"maxScore":9,"error":0,"length":1}}},{"keyphrase":"Agencia Asturiana de Cooperaci\u00f3n","score":83,"analysis":{"keyphraseInDescription":{"title":"Frase clave en la meta descripci\u00f3n","description":"Frase clave encontrada en la meta descripci\u00f3n.","score":9,"maxScore":9,"error":0},"keyphraseInIntroduction":{"title":"Frase clave en la introducci\u00f3n","description":"Su Frase clave aparece en el primer p\u00e1rrafo. \u00a1Bien hecho!","score":9,"maxScore":9,"error":0},"keyphraseInImageAlt":{"title":"Frase clave en los atributos alt de la imagen.","description":"Frase clave no se encuentra en los atributos alt de la imagen. A\u00f1ada una imagen con su Frase clave como texto alternativo.","score":3,"maxScore":9,"error":1},"keyphraseLength":{"title":"Longitud de la Frase clave","description":"\u00a1Buen trabajo!","score":9,"maxScore":9,"error":0,"length":4}}}]},"primary_term":null,"canonical_url":null,"og_title":null,"og_description":null,"og_object_type":"default","og_image_type":"default","og_image_url":null,"og_image_width":null,"og_image_height":null,"og_image_custom_url":null,"og_image_custom_fields":null,"og_video":"","og_custom_url":null,"og_article_section":null,"og_article_tags":[],"twitter_use_og":false,"twitter_card":"default","twitter_image_type":"default","twitter_image_url":null,"twitter_image_custom_url":null,"twitter_image_custom_fields":null,"twitter_title":null,"twitter_description":null,"schema":{"blockGraphs":[],"customGraphs":[],"default":{"data":{"Article":[],"Course":[],"Dataset":[],"FAQPage":[],"Movie":[],"Person":[],"Product":[],"ProductReview":[],"Car":[],"Recipe":[],"Service":[],"SoftwareApplication":[],"WebPage":[]},"graphName":"","isEnabled":true},"graphs":[],"defaultGraph":"Article","defaultPostTypeGraph":""},"schema_type":"default","schema_type_options":"{\"article\":{\"articleType\":\"BlogPosting\"},\"course\":{\"name\":\"\",\"description\":\"\",\"provider\":\"\"},\"faq\":{\"pages\":[]},\"product\":{\"reviews\":[]},\"recipe\":{\"ingredients\":[],\"instructions\":[],\"keywords\":[]},\"software\":{\"reviews\":[],\"operatingSystems\":[]},\"webPage\":{\"webPageType\":\"WebPage\"}}","pillar_content":false,"robots_default":true,"robots_noindex":false,"robots_noarchive":false,"robots_nosnippet":false,"robots_nofollow":false,"robots_noimageindex":false,"robots_noodp":false,"robots_notranslate":false,"robots_max_snippet":"-1","robots_max_videopreview":"-1","robots_max_imagepreview":"large","priority":null,"frequency":"default","local_seo":{"locations":{"business":{"name":"","businessType":"","image":"","areaServed":"","urls":{"website":"","aboutPage":"","contactPage":""},"address":{"streetLine1":"","streetLine2":"","zipCode":"","city":"","state":"","country":"","addressFormat":"#streetLineOne\n#streetLineTwo\n#city, #state #zipCode"},"contact":{"email":"","phone":"","phoneFormatted":"","fax":"","faxFormatted":""},"ids":{"vat":"","tax":"","chamberOfCommerce":""},"payment":{"priceRange":"","currenciesAccepted":"","methods":""}}},"openingHours":{"useDefaults":true,"show":true,"alwaysOpen":false,"use24hFormat":false,"timezone":"","labels":{"closed":"","alwaysOpen":""},"days":{"monday":{"open24h":false,"closed":false,"openTime":"09:00","closeTime":"17:00"},"tuesday":{"open24h":false,"closed":false,"openTime":"09:00","closeTime":"17:00"},"wednesday":{"open24h":false,"closed":false,"openTime":"09:00","closeTime":"17:00"},"thursday":{"open24h":false,"closed":false,"openTime":"09:00","closeTime":"17:00"},"friday":{"open24h":false,"closed":false,"openTime":"09:00","closeTime":"17:00"},"saturday":{"open24h":false,"closed":false,"openTime":"09:00","closeTime":"17:00"},"sunday":{"open24h":false,"closed":false,"openTime":"09:00","closeTime":"17:00"}}}},"seo_analyzer_scan_date":"2026-07-18 12:16:28","breadcrumb_settings":null,"limit_modified_date":false,"open_ai":null,"ai":null,"created":"2021-06-05 13:39:31","updated":"2026-07-18 12:16:28","focus_keyword":"Beatriz Coto","additional_keywords":[{"word":"Desarrollo","score":83},{"word":"Agencia Asturiana de Cooperaci\u00f3n","score":83}],"truseo_locale":null},"aioseo_breadcrumb":"<div class=\"aioseo-breadcrumbs\"><span class=\"aioseo-breadcrumb\">\n\t<a href=\"https:\/\/www.eldigitaldeasturias.com\/noticias\" title=\"Home\">Home<\/a>\n<\/span><span class=\"aioseo-breadcrumb-separator\">\u2013<\/span><span class=\"aioseo-breadcrumb\">\n\t<a href=\"https:\/\/www.eldigitaldeasturias.com\/noticias\/category\/actualidad-asturias\/\" title=\"Actualidad Asturias\">Actualidad Asturias<\/a>\n<\/span><span class=\"aioseo-breadcrumb-separator\">\u2013<\/span><span class=\"aioseo-breadcrumb\">\n\t<a href=\"https:\/\/www.eldigitaldeasturias.com\/noticias\/beatriz-coto-la-cooperacion-al-desarrollo-es-y-debe-ser-feminista-o-no-sera\/\" title=\"Beatriz Coto: \u201cLa cooperaci\u00f3n al desarrollo es y debe ser feminista o no ser\u00e1\u201d\">Beatriz Coto: \u201cLa cooperaci\u00f3n al desarrollo es y debe ser feminista o no ser\u00e1\u201d<\/a>\n<\/span><\/div>","aioseo_breadcrumb_json":[{"label":"Home","link":"https:\/\/www.eldigitaldeasturias.com\/noticias"},{"label":"Actualidad Asturias","link":"https:\/\/www.eldigitaldeasturias.com\/noticias\/category\/actualidad-asturias\/"},{"label":"Beatriz Coto: \u201cLa cooperaci\u00f3n al desarrollo es y debe ser feminista o no ser\u00e1\u201d","link":"https:\/\/www.eldigitaldeasturias.com\/noticias\/beatriz-coto-la-cooperacion-al-desarrollo-es-y-debe-ser-feminista-o-no-sera\/"}],"_links":{"self":[{"href":"https:\/\/www.eldigitaldeasturias.com\/noticias\/wp-json\/wp\/v2\/posts\/1093158","targetHints":{"allow":["GET"]}}],"collection":[{"href":"https:\/\/www.eldigitaldeasturias.com\/noticias\/wp-json\/wp\/v2\/posts"}],"about":[{"href":"https:\/\/www.eldigitaldeasturias.com\/noticias\/wp-json\/wp\/v2\/types\/post"}],"author":[{"embeddable":true,"href":"https:\/\/www.eldigitaldeasturias.com\/noticias\/wp-json\/wp\/v2\/users\/1"}],"replies":[{"embeddable":true,"href":"https:\/\/www.eldigitaldeasturias.com\/noticias\/wp-json\/wp\/v2\/comments?post=1093158"}],"version-history":[{"count":0,"href":"https:\/\/www.eldigitaldeasturias.com\/noticias\/wp-json\/wp\/v2\/posts\/1093158\/revisions"}],"wp:attachment":[{"href":"https:\/\/www.eldigitaldeasturias.com\/noticias\/wp-json\/wp\/v2\/media?parent=1093158"}],"wp:term":[{"taxonomy":"category","embeddable":true,"href":"https:\/\/www.eldigitaldeasturias.com\/noticias\/wp-json\/wp\/v2\/categories?post=1093158"},{"taxonomy":"post_tag","embeddable":true,"href":"https:\/\/www.eldigitaldeasturias.com\/noticias\/wp-json\/wp\/v2\/tags?post=1093158"}],"curies":[{"name":"wp","href":"https:\/\/api.w.org\/{rel}","templated":true}]}}