{"id":1093155,"date":"2021-06-05T14:38:44","date_gmt":"2021-06-05T13:38:44","guid":{"rendered":"https:\/\/www.eldigitaldeasturias.com\/noticias\/?p=1093155"},"modified":"2021-06-05T14:38:44","modified_gmt":"2021-06-05T13:38:44","slug":"alvarez-rouco-la-fibra-optica-es-necesaria-en-nembra","status":"publish","type":"post","link":"https:\/\/www.eldigitaldeasturias.com\/noticias\/alvarez-rouco-la-fibra-optica-es-necesaria-en-nembra\/","title":{"rendered":"\u00c1lvarez Rouco: \u00abLa fibra \u00f3ptica es necesaria en Nembra\u00bb"},"content":{"rendered":"<p><img loading=\"lazy\" decoding=\"async\" class=\"alignleft size-medium wp-image-1093156\" src=\"https:\/\/www.eldigitaldeasturias.com\/noticias\/wp-content\/uploads\/2021\/06\/Nembra-360x263.jpg\" alt=\"Nembra - Asturias\" width=\"360\" height=\"263\" \/>La diputada por<strong> VOX Asturias<\/strong>, Sara \u00c1lvarez Rouco, visit\u00f3 Nembra (Aller), donde mantuvo una reuni\u00f3n con la <strong>Asociaci\u00f3n de vecinos de Nembra<\/strong> para conocer de primera mano los problemas que sufren, principalmente en relaci\u00f3n con el estado del cauce y las aguas del R\u00edo Negro y con el abandono tecnol\u00f3gico al que est\u00e1n sometidos por los sucesivos gobiernos socialistas.<\/p>\n<p>\u201cCuando visitas n\u00facleos de poblaci\u00f3n en un entorno tan hermoso como Nembra, que merece convertirse en Parque Natural -coment\u00f3 Sara A. Rouco-, llama especialmente la atenci\u00f3n la dejadez con la que los socialistas tratan los problemas que acucian a sus vecinos\u201d.<\/p>\n<p>La diputada de VOX ha destacado que \u201cse necesita urgentemente la llegada de la fibra \u00f3ptica. Es indispensable que el gobierno de Barb\u00f3n atienda de una vez a estas personas. No es de recibo que cuando en la Junta los responsables del gobierno socialista repiten una y otra vez que entre sus principales objetivos est\u00e1 resolver las dificultades del \u00e1rea rural y acabar con su despoblaci\u00f3n, nos encontremos con esto. Nembra es el ejemplo de que los socialistas hacen el rid\u00edculo cuando dicen que quieren hacer frente al reto demogr\u00e1fico\u201d.<\/p>\n<p>\u201cLa limpieza de las aguas del R\u00edo Negro, el drenaje de su cauce y la instalaci\u00f3n de un colector no puede aplazarse m\u00e1s -a\u00f1adi\u00f3 la diputada- est\u00e1n dejando que esto se convierta en una cloaca\u201d.<\/p>\n<p><strong>Sara \u00c1lvarez Rouco se sorprendi\u00f3 de que tanto la redacci\u00f3n del proyecto como su realizaci\u00f3n est\u00e9n presupuestadas<\/strong>, con fecha de ejecuci\u00f3n entre 2016 y 2021, y que a estas alturas no se haya hecho absolutamente nada. \u201cLa inacci\u00f3n socialista da verg\u00fcenza ajena y es un desprecio a los vecinos de Nembra que llevan escuchando promesas desde hace m\u00e1s de una d\u00e9cada sin soluci\u00f3n alguna\u201d, recalc\u00f3.<\/p>\n<p>\u201cReclamaremos en la Junta General que se preste a este n\u00facleo la atenci\u00f3n que merece \u2013ha insistido la diputada de VOX\u2013 porque Asturias es mucho m\u00e1s de lo que quieren hacernos creer los socialistas. Nembra es un ejemplo m\u00e1s de ello\u201d, concluy\u00f3.<\/p>\n<p>&nbsp;<\/p>\n","protected":false},"excerpt":{"rendered":"<p>La diputada por VOX Asturias, Sara \u00c1lvarez Rouco, visit\u00f3 Nembra (Aller), donde mantuvo una reuni\u00f3n con la Asociaci\u00f3n de vecinos de Nembra para conocer de primera mano los problemas que sufren, principalmente en relaci\u00f3n con el estado del cauce y las aguas del R\u00edo Negro y con el abandono tecnol\u00f3gico al que est\u00e1n sometidos por [&hellip;]<\/p>\n","protected":false},"author":1,"featured_media":1093156,"comment_status":"closed","ping_status":"closed","sticky":false,"template":"","format":"standard","meta":{"footnotes":""},"categories":[12],"tags":[],"class_list":["post-1093155","post","type-post","status-publish","format-standard","has-post-thumbnail","hentry","category-actualidad-asturias"],"aioseo_notices":[],"aioseo_head":"\n\t\t<!-- All in One SEO Pro 5.0.1 - aioseo.com -->\n\t<meta name=\"description\" content=\"La diputada por VOX Asturias, Sara \u00c1lvarez Rouco, visit\u00f3 Nembra, Principado de Asturias, donde mantuvo una reuni\u00f3n con la Asociaci\u00f3n de vecinos de Nembra\" \/>\n\t<meta name=\"robots\" content=\"max-image-preview:large\" \/>\n\t<meta name=\"author\" content=\"El Digital de Asturias\"\/>\n\t<meta name=\"google-site-verification\" content=\"UA-38556648-1\" \/>\n\t<meta name=\"msvalidate.01\" content=\"7dfe9f3f1b24437ab69f4f2559babe99\" \/>\n\t<meta name=\"keywords\" content=\"asturias,vox asturias,nembra,actualidad asturias\" \/>\n\t<link rel=\"canonical\" href=\"https:\/\/www.eldigitaldeasturias.com\/noticias\/alvarez-rouco-la-fibra-optica-es-necesaria-en-nembra\/\" \/>\n\t<meta name=\"generator\" content=\"All in One SEO Pro (AIOSEO) 5.0.1\" \/>\n\t\t<meta property=\"og:locale\" content=\"es_ES\" \/>\n\t\t<meta property=\"og:site_name\" content=\"El Digital de Asturias\" \/>\n\t\t<meta property=\"og:type\" content=\"article\" \/>\n\t\t<meta property=\"og:title\" content=\"\u00c1lvarez Rouco: \u00abLa fibra \u00f3ptica es necesaria en Nembra\u00bb - El Digital de Asturias\" \/>\n\t\t<meta property=\"og:description\" content=\"La diputada por VOX Asturias, Sara \u00c1lvarez Rouco, visit\u00f3 Nembra, Principado de Asturias, donde mantuvo una reuni\u00f3n con la Asociaci\u00f3n de vecinos de Nembra\" \/>\n\t\t<meta property=\"og:url\" content=\"https:\/\/www.eldigitaldeasturias.com\/noticias\/alvarez-rouco-la-fibra-optica-es-necesaria-en-nembra\/\" \/>\n\t\t<meta property=\"article:tag\" content=\"asturias\" \/>\n\t\t<meta property=\"article:tag\" content=\"vox asturias\" \/>\n\t\t<meta property=\"article:tag\" content=\"nembra\" \/>\n\t\t<meta property=\"article:tag\" content=\"actualidad asturias\" \/>\n\t\t<meta property=\"article:published_time\" content=\"2021-06-05T13:38:44+00:00\" \/>\n\t\t<meta property=\"article:modified_time\" content=\"2021-06-05T13:38:44+00:00\" \/>\n\t\t<meta property=\"article:publisher\" content=\"https:\/\/facebook.com\/eldigitaldeasturias\" \/>\n\t\t<meta name=\"twitter:card\" content=\"summary_large_image\" \/>\n\t\t<meta name=\"twitter:title\" content=\"\u00c1lvarez Rouco: \u00abLa fibra \u00f3ptica es necesaria en Nembra\u00bb - El Digital de Asturias\" \/>\n\t\t<meta name=\"twitter:description\" content=\"La diputada por VOX Asturias, Sara \u00c1lvarez Rouco, visit\u00f3 Nembra, Principado de Asturias, donde mantuvo una reuni\u00f3n con la Asociaci\u00f3n de vecinos de Nembra\" \/>\n\t\t<meta name=\"twitter:image\" content=\"https:\/\/www.eldigitaldeasturias.com\/noticias\/wp-content\/uploads\/2020\/12\/EDA-1.jpg\" \/>\n\t\t<meta name=\"twitter:label1\" content=\"Escrito por\" \/>\n\t\t<meta name=\"twitter:data1\" content=\"El Digital de Asturias\" \/>\n\t\t<meta name=\"twitter:label2\" content=\"Tiempo de lectura estimado\" \/>\n\t\t<meta name=\"twitter:data2\" content=\"2 minutos\" \/>\n\t\t<script type=\"application\/ld+json\" class=\"aioseo-schema\">\n\t\t\t{\"@context\":\"https:\\\/\\\/schema.org\",\"@graph\":[{\"@type\":\"BlogPosting\",\"@id\":\"https:\\\/\\\/www.eldigitaldeasturias.com\\\/noticias\\\/alvarez-rouco-la-fibra-optica-es-necesaria-en-nembra\\\/#blogposting\",\"name\":\"\\u00c1lvarez Rouco: \\u00abLa fibra \\u00f3ptica es necesaria en Nembra\\u00bb - El Digital de Asturias\",\"headline\":\"\\u00c1lvarez Rouco: \\u00abLa fibra \\u00f3ptica es necesaria en Nembra\\u00bb\",\"author\":{\"@id\":\"https:\\\/\\\/www.eldigitaldeasturias.com\\\/noticias\\\/author\\\/admin\\\/#author\"},\"publisher\":{\"@id\":\"https:\\\/\\\/www.eldigitaldeasturias.com\\\/noticias\\\/#organization\"},\"image\":{\"@type\":\"ImageObject\",\"url\":1093156},\"datePublished\":\"2021-06-05T14:38:44+02:00\",\"dateModified\":\"2021-06-05T14:38:44+02:00\",\"inLanguage\":\"es-ES\",\"mainEntityOfPage\":{\"@id\":\"https:\\\/\\\/www.eldigitaldeasturias.com\\\/noticias\\\/alvarez-rouco-la-fibra-optica-es-necesaria-en-nembra\\\/#webpage\"},\"isPartOf\":{\"@id\":\"https:\\\/\\\/www.eldigitaldeasturias.com\\\/noticias\\\/alvarez-rouco-la-fibra-optica-es-necesaria-en-nembra\\\/#webpage\"},\"articleSection\":\"Actualidad Asturias\"},{\"@type\":\"BreadcrumbList\",\"@id\":\"https:\\\/\\\/www.eldigitaldeasturias.com\\\/noticias\\\/alvarez-rouco-la-fibra-optica-es-necesaria-en-nembra\\\/#breadcrumblist\",\"itemListElement\":[{\"@type\":\"ListItem\",\"@id\":\"https:\\\/\\\/www.eldigitaldeasturias.com\\\/noticias#listItem\",\"position\":1,\"name\":\"Home\",\"item\":\"https:\\\/\\\/www.eldigitaldeasturias.com\\\/noticias\",\"nextItem\":{\"@type\":\"ListItem\",\"@id\":\"https:\\\/\\\/www.eldigitaldeasturias.com\\\/noticias\\\/category\\\/actualidad-asturias\\\/#listItem\",\"name\":\"Actualidad Asturias\"}},{\"@type\":\"ListItem\",\"@id\":\"https:\\\/\\\/www.eldigitaldeasturias.com\\\/noticias\\\/category\\\/actualidad-asturias\\\/#listItem\",\"position\":2,\"name\":\"Actualidad Asturias\",\"item\":\"https:\\\/\\\/www.eldigitaldeasturias.com\\\/noticias\\\/category\\\/actualidad-asturias\\\/\",\"nextItem\":{\"@type\":\"ListItem\",\"@id\":\"https:\\\/\\\/www.eldigitaldeasturias.com\\\/noticias\\\/alvarez-rouco-la-fibra-optica-es-necesaria-en-nembra\\\/#listItem\",\"name\":\"\\u00c1lvarez Rouco: \\u00abLa fibra \\u00f3ptica es necesaria en Nembra\\u00bb\"},\"previousItem\":{\"@type\":\"ListItem\",\"@id\":\"https:\\\/\\\/www.eldigitaldeasturias.com\\\/noticias#listItem\",\"name\":\"Home\"}},{\"@type\":\"ListItem\",\"@id\":\"https:\\\/\\\/www.eldigitaldeasturias.com\\\/noticias\\\/alvarez-rouco-la-fibra-optica-es-necesaria-en-nembra\\\/#listItem\",\"position\":3,\"name\":\"\\u00c1lvarez Rouco: \\u00abLa fibra \\u00f3ptica es necesaria en Nembra\\u00bb\",\"previousItem\":{\"@type\":\"ListItem\",\"@id\":\"https:\\\/\\\/www.eldigitaldeasturias.com\\\/noticias\\\/category\\\/actualidad-asturias\\\/#listItem\",\"name\":\"Actualidad Asturias\"}}]},{\"@type\":\"Organization\",\"@id\":\"https:\\\/\\\/www.eldigitaldeasturias.com\\\/noticias\\\/#organization\",\"name\":\"El Digital de Asturias\",\"description\":\"Hemeroteca\",\"url\":\"https:\\\/\\\/www.eldigitaldeasturias.com\\\/noticias\\\/\",\"email\":\"info@eldigitaldeasturias.com\",\"telephone\":\"+34652131393\",\"logo\":{\"@type\":\"ImageObject\",\"url\":\"https:\\\/\\\/www.eldigitaldeasturias.com\\\/noticias\\\/wp-content\\\/uploads\\\/2020\\\/12\\\/EDA.jpg\",\"@id\":\"https:\\\/\\\/www.eldigitaldeasturias.com\\\/noticias\\\/alvarez-rouco-la-fibra-optica-es-necesaria-en-nembra\\\/#organizationLogo\"},\"image\":{\"@id\":\"https:\\\/\\\/www.eldigitaldeasturias.com\\\/noticias\\\/alvarez-rouco-la-fibra-optica-es-necesaria-en-nembra\\\/#organizationLogo\"},\"sameAs\":[\"https:\\\/\\\/facebook.com\\\/eldigitaldeasturias\",\"https:\\\/\\\/www.youtube.com\\\/channel\\\/UCZP-2wLEB9Rv6erhFmqVnvg\"],\"address\":{\"@id\":\"https:\\\/\\\/www.eldigitaldeasturias.com\\\/noticias\\\/#postaladdress\",\"@type\":\"PostalAddress\",\"streetAddress\":\"san antonio 4\",\"postalCode\":\"33430\",\"addressLocality\":\"Cand\\u00e1s\",\"addressRegion\":\"Asturias\",\"addressCountry\":\"ES\"}},{\"@type\":\"Person\",\"@id\":\"https:\\\/\\\/www.eldigitaldeasturias.com\\\/noticias\\\/author\\\/admin\\\/#author\",\"url\":\"https:\\\/\\\/www.eldigitaldeasturias.com\\\/noticias\\\/author\\\/admin\\\/\",\"name\":\"El Digital de Asturias\",\"image\":{\"@type\":\"ImageObject\",\"@id\":\"https:\\\/\\\/www.eldigitaldeasturias.com\\\/noticias\\\/alvarez-rouco-la-fibra-optica-es-necesaria-en-nembra\\\/#authorImage\",\"url\":\"https:\\\/\\\/secure.gravatar.com\\\/avatar\\\/df2aeffc32bcd13f8d26072ef8a91b623d677766deac7f97ca815868cd41bf5e?s=96&d=mm&r=g\",\"width\":96,\"height\":96,\"caption\":\"El Digital de Asturias\"}},{\"@type\":\"WebPage\",\"@id\":\"https:\\\/\\\/www.eldigitaldeasturias.com\\\/noticias\\\/alvarez-rouco-la-fibra-optica-es-necesaria-en-nembra\\\/#webpage\",\"url\":\"https:\\\/\\\/www.eldigitaldeasturias.com\\\/noticias\\\/alvarez-rouco-la-fibra-optica-es-necesaria-en-nembra\\\/\",\"name\":\"\\u00c1lvarez Rouco: \\u00abLa fibra \\u00f3ptica es necesaria en Nembra\\u00bb - El Digital de Asturias\",\"description\":\"La diputada por VOX Asturias, Sara \\u00c1lvarez Rouco, visit\\u00f3 Nembra, Principado de Asturias, donde mantuvo una reuni\\u00f3n con la Asociaci\\u00f3n de vecinos de Nembra\",\"inLanguage\":\"es-ES\",\"isPartOf\":{\"@id\":\"https:\\\/\\\/www.eldigitaldeasturias.com\\\/noticias\\\/#website\"},\"breadcrumb\":{\"@id\":\"https:\\\/\\\/www.eldigitaldeasturias.com\\\/noticias\\\/alvarez-rouco-la-fibra-optica-es-necesaria-en-nembra\\\/#breadcrumblist\"},\"author\":{\"@id\":\"https:\\\/\\\/www.eldigitaldeasturias.com\\\/noticias\\\/author\\\/admin\\\/#author\"},\"creator\":{\"@id\":\"https:\\\/\\\/www.eldigitaldeasturias.com\\\/noticias\\\/author\\\/admin\\\/#author\"},\"image\":{\"@type\":\"ImageObject\",\"url\":1093156,\"@id\":\"https:\\\/\\\/www.eldigitaldeasturias.com\\\/noticias\\\/alvarez-rouco-la-fibra-optica-es-necesaria-en-nembra\\\/#mainImage\"},\"primaryImageOfPage\":{\"@id\":\"https:\\\/\\\/www.eldigitaldeasturias.com\\\/noticias\\\/alvarez-rouco-la-fibra-optica-es-necesaria-en-nembra\\\/#mainImage\"},\"datePublished\":\"2021-06-05T14:38:44+02:00\",\"dateModified\":\"2021-06-05T14:38:44+02:00\"},{\"@type\":\"WebSite\",\"@id\":\"https:\\\/\\\/www.eldigitaldeasturias.com\\\/noticias\\\/#website\",\"url\":\"https:\\\/\\\/www.eldigitaldeasturias.com\\\/noticias\\\/\",\"name\":\"El Digital de Asturias - Diario de actualidad y noticias\",\"alternateName\":\"El Digital de Asturias - Diario de actualidad y noticias\",\"description\":\"Hemeroteca\",\"inLanguage\":\"es-ES\",\"publisher\":{\"@id\":\"https:\\\/\\\/www.eldigitaldeasturias.com\\\/noticias\\\/#organization\"}}]}\n\t\t<\/script>\n\t\t<!-- All in One SEO Pro -->\r\n\t\t<title>\u00c1lvarez Rouco: \u00abLa fibra \u00f3ptica es necesaria en Nembra\u00bb - El Digital de Asturias<\/title>\n\n","aioseo_head_json":{"title":"\u00c1lvarez Rouco: \u00abLa fibra \u00f3ptica es necesaria en Nembra\u00bb - El Digital de Asturias","description":"La diputada por VOX Asturias, Sara \u00c1lvarez Rouco, visit\u00f3 Nembra, Principado de Asturias, donde mantuvo una reuni\u00f3n con la Asociaci\u00f3n de vecinos de Nembra","canonical_url":"https:\/\/www.eldigitaldeasturias.com\/noticias\/alvarez-rouco-la-fibra-optica-es-necesaria-en-nembra\/","robots":"max-image-preview:large","keywords":"asturias,vox asturias,nembra,actualidad asturias","webmasterTools":{"google-site-verification":"UA-38556648-1","msvalidate.01":"7dfe9f3f1b24437ab69f4f2559babe99","miscellaneous":""},"schema":{"@context":"https:\/\/schema.org","@graph":[{"@type":"BlogPosting","@id":"https:\/\/www.eldigitaldeasturias.com\/noticias\/alvarez-rouco-la-fibra-optica-es-necesaria-en-nembra\/#blogposting","name":"\u00c1lvarez Rouco: \u00abLa fibra \u00f3ptica es necesaria en Nembra\u00bb - El Digital de Asturias","headline":"\u00c1lvarez Rouco: \u00abLa fibra \u00f3ptica es necesaria en Nembra\u00bb","author":{"@id":"https:\/\/www.eldigitaldeasturias.com\/noticias\/author\/admin\/#author"},"publisher":{"@id":"https:\/\/www.eldigitaldeasturias.com\/noticias\/#organization"},"image":{"@type":"ImageObject","url":1093156},"datePublished":"2021-06-05T14:38:44+02:00","dateModified":"2021-06-05T14:38:44+02:00","inLanguage":"es-ES","mainEntityOfPage":{"@id":"https:\/\/www.eldigitaldeasturias.com\/noticias\/alvarez-rouco-la-fibra-optica-es-necesaria-en-nembra\/#webpage"},"isPartOf":{"@id":"https:\/\/www.eldigitaldeasturias.com\/noticias\/alvarez-rouco-la-fibra-optica-es-necesaria-en-nembra\/#webpage"},"articleSection":"Actualidad Asturias"},{"@type":"BreadcrumbList","@id":"https:\/\/www.eldigitaldeasturias.com\/noticias\/alvarez-rouco-la-fibra-optica-es-necesaria-en-nembra\/#breadcrumblist","itemListElement":[{"@type":"ListItem","@id":"https:\/\/www.eldigitaldeasturias.com\/noticias#listItem","position":1,"name":"Home","item":"https:\/\/www.eldigitaldeasturias.com\/noticias","nextItem":{"@type":"ListItem","@id":"https:\/\/www.eldigitaldeasturias.com\/noticias\/category\/actualidad-asturias\/#listItem","name":"Actualidad Asturias"}},{"@type":"ListItem","@id":"https:\/\/www.eldigitaldeasturias.com\/noticias\/category\/actualidad-asturias\/#listItem","position":2,"name":"Actualidad Asturias","item":"https:\/\/www.eldigitaldeasturias.com\/noticias\/category\/actualidad-asturias\/","nextItem":{"@type":"ListItem","@id":"https:\/\/www.eldigitaldeasturias.com\/noticias\/alvarez-rouco-la-fibra-optica-es-necesaria-en-nembra\/#listItem","name":"\u00c1lvarez Rouco: \u00abLa fibra \u00f3ptica es necesaria en Nembra\u00bb"},"previousItem":{"@type":"ListItem","@id":"https:\/\/www.eldigitaldeasturias.com\/noticias#listItem","name":"Home"}},{"@type":"ListItem","@id":"https:\/\/www.eldigitaldeasturias.com\/noticias\/alvarez-rouco-la-fibra-optica-es-necesaria-en-nembra\/#listItem","position":3,"name":"\u00c1lvarez Rouco: \u00abLa fibra \u00f3ptica es necesaria en Nembra\u00bb","previousItem":{"@type":"ListItem","@id":"https:\/\/www.eldigitaldeasturias.com\/noticias\/category\/actualidad-asturias\/#listItem","name":"Actualidad Asturias"}}]},{"@type":"Organization","@id":"https:\/\/www.eldigitaldeasturias.com\/noticias\/#organization","name":"El Digital de Asturias","description":"Hemeroteca","url":"https:\/\/www.eldigitaldeasturias.com\/noticias\/","email":"info@eldigitaldeasturias.com","telephone":"+34652131393","logo":{"@type":"ImageObject","url":"https:\/\/www.eldigitaldeasturias.com\/noticias\/wp-content\/uploads\/2020\/12\/EDA.jpg","@id":"https:\/\/www.eldigitaldeasturias.com\/noticias\/alvarez-rouco-la-fibra-optica-es-necesaria-en-nembra\/#organizationLogo"},"image":{"@id":"https:\/\/www.eldigitaldeasturias.com\/noticias\/alvarez-rouco-la-fibra-optica-es-necesaria-en-nembra\/#organizationLogo"},"sameAs":["https:\/\/facebook.com\/eldigitaldeasturias","https:\/\/www.youtube.com\/channel\/UCZP-2wLEB9Rv6erhFmqVnvg"],"address":{"@id":"https:\/\/www.eldigitaldeasturias.com\/noticias\/#postaladdress","@type":"PostalAddress","streetAddress":"san antonio 4","postalCode":"33430","addressLocality":"Cand\u00e1s","addressRegion":"Asturias","addressCountry":"ES"}},{"@type":"Person","@id":"https:\/\/www.eldigitaldeasturias.com\/noticias\/author\/admin\/#author","url":"https:\/\/www.eldigitaldeasturias.com\/noticias\/author\/admin\/","name":"El Digital de Asturias","image":{"@type":"ImageObject","@id":"https:\/\/www.eldigitaldeasturias.com\/noticias\/alvarez-rouco-la-fibra-optica-es-necesaria-en-nembra\/#authorImage","url":"https:\/\/secure.gravatar.com\/avatar\/df2aeffc32bcd13f8d26072ef8a91b623d677766deac7f97ca815868cd41bf5e?s=96&d=mm&r=g","width":96,"height":96,"caption":"El Digital de Asturias"}},{"@type":"WebPage","@id":"https:\/\/www.eldigitaldeasturias.com\/noticias\/alvarez-rouco-la-fibra-optica-es-necesaria-en-nembra\/#webpage","url":"https:\/\/www.eldigitaldeasturias.com\/noticias\/alvarez-rouco-la-fibra-optica-es-necesaria-en-nembra\/","name":"\u00c1lvarez Rouco: \u00abLa fibra \u00f3ptica es necesaria en Nembra\u00bb - El Digital de Asturias","description":"La diputada por VOX Asturias, Sara \u00c1lvarez Rouco, visit\u00f3 Nembra, Principado de Asturias, donde mantuvo una reuni\u00f3n con la Asociaci\u00f3n de vecinos de Nembra","inLanguage":"es-ES","isPartOf":{"@id":"https:\/\/www.eldigitaldeasturias.com\/noticias\/#website"},"breadcrumb":{"@id":"https:\/\/www.eldigitaldeasturias.com\/noticias\/alvarez-rouco-la-fibra-optica-es-necesaria-en-nembra\/#breadcrumblist"},"author":{"@id":"https:\/\/www.eldigitaldeasturias.com\/noticias\/author\/admin\/#author"},"creator":{"@id":"https:\/\/www.eldigitaldeasturias.com\/noticias\/author\/admin\/#author"},"image":{"@type":"ImageObject","url":1093156,"@id":"https:\/\/www.eldigitaldeasturias.com\/noticias\/alvarez-rouco-la-fibra-optica-es-necesaria-en-nembra\/#mainImage"},"primaryImageOfPage":{"@id":"https:\/\/www.eldigitaldeasturias.com\/noticias\/alvarez-rouco-la-fibra-optica-es-necesaria-en-nembra\/#mainImage"},"datePublished":"2021-06-05T14:38:44+02:00","dateModified":"2021-06-05T14:38:44+02:00"},{"@type":"WebSite","@id":"https:\/\/www.eldigitaldeasturias.com\/noticias\/#website","url":"https:\/\/www.eldigitaldeasturias.com\/noticias\/","name":"El Digital de Asturias - Diario de actualidad y noticias","alternateName":"El Digital de Asturias - Diario de actualidad y noticias","description":"Hemeroteca","inLanguage":"es-ES","publisher":{"@id":"https:\/\/www.eldigitaldeasturias.com\/noticias\/#organization"}}]},"og:locale":"es_ES","og:site_name":"El Digital de Asturias","og:type":"article","og:title":"\u00c1lvarez Rouco: \u00abLa fibra \u00f3ptica es necesaria en Nembra\u00bb - El Digital de Asturias","og:description":"La diputada por VOX Asturias, Sara \u00c1lvarez Rouco, visit\u00f3 Nembra, Principado de Asturias, donde mantuvo una reuni\u00f3n con la Asociaci\u00f3n de vecinos de Nembra","og:url":"https:\/\/www.eldigitaldeasturias.com\/noticias\/alvarez-rouco-la-fibra-optica-es-necesaria-en-nembra\/","article:tag":["asturias","vox asturias","nembra","actualidad asturias"],"article:published_time":"2021-06-05T13:38:44+00:00","article:modified_time":"2021-06-05T13:38:44+00:00","article:publisher":"https:\/\/facebook.com\/eldigitaldeasturias","twitter:card":"summary_large_image","twitter:title":"\u00c1lvarez Rouco: \u00abLa fibra \u00f3ptica es necesaria en Nembra\u00bb - El Digital de Asturias","twitter:description":"La diputada por VOX Asturias, Sara \u00c1lvarez Rouco, visit\u00f3 Nembra, Principado de Asturias, donde mantuvo una reuni\u00f3n con la Asociaci\u00f3n de vecinos de Nembra","twitter:image":"https:\/\/www.eldigitaldeasturias.com\/noticias\/wp-content\/uploads\/2020\/12\/EDA-1.jpg","twitter:label1":"Escrito por","twitter:data1":"El Digital de Asturias","twitter:label2":"Tiempo de lectura estimado","twitter:data2":"2 minutos"},"aioseo_meta_data":{"post_id":"1093155","title":null,"description":"La diputada por VOX Asturias, Sara \u00c1lvarez Rouco, visit\u00f3 Nembra, Principado de Asturias, donde mantuvo una reuni\u00f3n con la Asociaci\u00f3n de vecinos de Nembra&nbsp;","keywords":[{"label":"Asturias","value":"Asturias"},{"label":" VOX Asturias","value":" VOX Asturias"},{"label":" Nembra","value":" Nembra"}],"keyphrases":{"focus":{"keyphrase":"Nembra","score":92,"analysis":{"keyphraseInTitle":{"title":"Frase clave objetivo en el t\u00edtulo SEO","description":"Frase clave objetivo encontrada en el t\u00edtulo SEO.","score":9,"maxScore":9,"error":0},"keyphraseInDescription":{"title":"Frase clave objetivo en la meta descripci\u00f3n","description":"Frase clave objetivo encontrada en la meta descripci\u00f3n.","score":9,"maxScore":9,"error":0},"keyphraseInURL":{"title":"Frase clave objetivo en la URL","description":"Frase clave objetivo no encontrada en la URL.","score":1,"maxScore":5,"error":1},"keyphraseInIntroduction":{"title":"Frase clave objetivo en la introducci\u00f3n","description":"Su Frase clave objetivo aparece en el primer p\u00e1rrafo. \u00a1Bien hecho!","score":9,"maxScore":9,"error":0},"keyphraseInSubHeadings":[],"keyphraseLength":{"title":"Longitud de la Frase clave objetivo","description":"\u00a1Buen trabajo!","score":9,"maxScore":9,"error":0,"length":1},"keyphraseInImageAlt":{"title":"Frase clave objetivo en los atributos alt de la imagen.","description":"Frase clave objetivo encontrada en los atributos alt de la(s) imagen(es).","score":9,"maxScore":9,"error":0}}},"additional":[{"keyphrase":"vecinos de Nembra","score":83,"analysis":{"keyphraseInDescription":{"title":"Frase clave en la meta descripci\u00f3n","description":"Frase clave encontrada en la meta descripci\u00f3n.","score":9,"maxScore":9,"error":0},"keyphraseInIntroduction":{"title":"Frase clave en la introducci\u00f3n","description":"Su Frase clave aparece en el primer p\u00e1rrafo. \u00a1Bien hecho!","score":9,"maxScore":9,"error":0},"keyphraseInImageAlt":{"title":"Frase clave en los atributos alt de la imagen.","description":"Frase clave no se encuentra en los atributos alt de la imagen. A\u00f1ada una imagen con su Frase clave como texto alternativo.","score":3,"maxScore":9,"error":1},"keyphraseLength":{"title":"Longitud de la Frase clave","description":"\u00a1Buen trabajo!","score":9,"maxScore":9,"error":0,"length":3}}},{"keyphrase":"VOX Asturias","score":83,"analysis":{"keyphraseInDescription":{"title":"Frase clave en la meta descripci\u00f3n","description":"Frase clave encontrada en la meta descripci\u00f3n.","score":9,"maxScore":9,"error":0},"keyphraseInIntroduction":{"title":"Frase clave en la introducci\u00f3n","description":"Su Frase clave aparece en el primer p\u00e1rrafo. \u00a1Bien hecho!","score":9,"maxScore":9,"error":0},"keyphraseInImageAlt":{"title":"Frase clave en los atributos alt de la imagen.","description":"Frase clave no se encuentra en los atributos alt de la imagen. A\u00f1ada una imagen con su Frase clave como texto alternativo.","score":3,"maxScore":9,"error":1},"keyphraseLength":{"title":"Longitud de la Frase clave","description":"\u00a1Buen trabajo!","score":9,"maxScore":9,"error":0,"length":2}}}]},"primary_term":null,"canonical_url":null,"og_title":null,"og_description":null,"og_object_type":"default","og_image_type":"default","og_image_url":null,"og_image_width":null,"og_image_height":null,"og_image_custom_url":null,"og_image_custom_fields":null,"og_video":"","og_custom_url":null,"og_article_section":null,"og_article_tags":[],"twitter_use_og":false,"twitter_card":"default","twitter_image_type":"default","twitter_image_url":null,"twitter_image_custom_url":null,"twitter_image_custom_fields":null,"twitter_title":null,"twitter_description":null,"schema":{"blockGraphs":[],"customGraphs":[],"default":{"data":{"Article":[],"Course":[],"Dataset":[],"FAQPage":[],"Movie":[],"Person":[],"Product":[],"ProductReview":[],"Car":[],"Recipe":[],"Service":[],"SoftwareApplication":[],"WebPage":[]},"graphName":"","isEnabled":true},"graphs":[],"defaultGraph":"Article","defaultPostTypeGraph":""},"schema_type":"default","schema_type_options":"{\"article\":{\"articleType\":\"BlogPosting\"},\"course\":{\"name\":\"\",\"description\":\"\",\"provider\":\"\"},\"faq\":{\"pages\":[]},\"product\":{\"reviews\":[]},\"recipe\":{\"ingredients\":[],\"instructions\":[],\"keywords\":[]},\"software\":{\"reviews\":[],\"operatingSystems\":[]},\"webPage\":{\"webPageType\":\"WebPage\"}}","pillar_content":false,"robots_default":true,"robots_noindex":false,"robots_noarchive":false,"robots_nosnippet":false,"robots_nofollow":false,"robots_noimageindex":false,"robots_noodp":false,"robots_notranslate":false,"robots_max_snippet":"-1","robots_max_videopreview":"-1","robots_max_imagepreview":"large","priority":null,"frequency":"default","local_seo":{"locations":{"business":{"name":"","businessType":"","image":"","areaServed":"","urls":{"website":"","aboutPage":"","contactPage":""},"address":{"streetLine1":"","streetLine2":"","zipCode":"","city":"","state":"","country":"","addressFormat":"#streetLineOne\n#streetLineTwo\n#city, #state #zipCode"},"contact":{"email":"","phone":"","phoneFormatted":"","fax":"","faxFormatted":""},"ids":{"vat":"","tax":"","chamberOfCommerce":""},"payment":{"priceRange":"","currenciesAccepted":"","methods":""}}},"openingHours":{"useDefaults":true,"show":true,"alwaysOpen":false,"use24hFormat":false,"timezone":"","labels":{"closed":"","alwaysOpen":""},"days":{"monday":{"open24h":false,"closed":false,"openTime":"09:00","closeTime":"17:00"},"tuesday":{"open24h":false,"closed":false,"openTime":"09:00","closeTime":"17:00"},"wednesday":{"open24h":false,"closed":false,"openTime":"09:00","closeTime":"17:00"},"thursday":{"open24h":false,"closed":false,"openTime":"09:00","closeTime":"17:00"},"friday":{"open24h":false,"closed":false,"openTime":"09:00","closeTime":"17:00"},"saturday":{"open24h":false,"closed":false,"openTime":"09:00","closeTime":"17:00"},"sunday":{"open24h":false,"closed":false,"openTime":"09:00","closeTime":"17:00"}}}},"seo_analyzer_scan_date":"2026-07-18 12:15:50","breadcrumb_settings":null,"limit_modified_date":false,"open_ai":null,"ai":null,"created":"2021-06-05 13:33:31","updated":"2026-07-18 12:15:50","focus_keyword":"Nembra","additional_keywords":[{"word":"vecinos de Nembra","score":83},{"word":"VOX Asturias","score":83}],"truseo_locale":null},"aioseo_breadcrumb":"<div class=\"aioseo-breadcrumbs\"><span class=\"aioseo-breadcrumb\">\n\t<a href=\"https:\/\/www.eldigitaldeasturias.com\/noticias\" title=\"Home\">Home<\/a>\n<\/span><span class=\"aioseo-breadcrumb-separator\">\u2013<\/span><span class=\"aioseo-breadcrumb\">\n\t<a href=\"https:\/\/www.eldigitaldeasturias.com\/noticias\/category\/actualidad-asturias\/\" title=\"Actualidad Asturias\">Actualidad Asturias<\/a>\n<\/span><span class=\"aioseo-breadcrumb-separator\">\u2013<\/span><span class=\"aioseo-breadcrumb\">\n\t<a href=\"https:\/\/www.eldigitaldeasturias.com\/noticias\/alvarez-rouco-la-fibra-optica-es-necesaria-en-nembra\/\" title=\"\u00c1lvarez Rouco: \u00abLa fibra \u00f3ptica es necesaria en Nembra\u00bb\">\u00c1lvarez Rouco: \u00abLa fibra \u00f3ptica es necesaria en Nembra\u00bb<\/a>\n<\/span><\/div>","aioseo_breadcrumb_json":[{"label":"Home","link":"https:\/\/www.eldigitaldeasturias.com\/noticias"},{"label":"Actualidad Asturias","link":"https:\/\/www.eldigitaldeasturias.com\/noticias\/category\/actualidad-asturias\/"},{"label":"\u00c1lvarez Rouco: \u00abLa fibra \u00f3ptica es necesaria en Nembra\u00bb","link":"https:\/\/www.eldigitaldeasturias.com\/noticias\/alvarez-rouco-la-fibra-optica-es-necesaria-en-nembra\/"}],"_links":{"self":[{"href":"https:\/\/www.eldigitaldeasturias.com\/noticias\/wp-json\/wp\/v2\/posts\/1093155","targetHints":{"allow":["GET"]}}],"collection":[{"href":"https:\/\/www.eldigitaldeasturias.com\/noticias\/wp-json\/wp\/v2\/posts"}],"about":[{"href":"https:\/\/www.eldigitaldeasturias.com\/noticias\/wp-json\/wp\/v2\/types\/post"}],"author":[{"embeddable":true,"href":"https:\/\/www.eldigitaldeasturias.com\/noticias\/wp-json\/wp\/v2\/users\/1"}],"replies":[{"embeddable":true,"href":"https:\/\/www.eldigitaldeasturias.com\/noticias\/wp-json\/wp\/v2\/comments?post=1093155"}],"version-history":[{"count":0,"href":"https:\/\/www.eldigitaldeasturias.com\/noticias\/wp-json\/wp\/v2\/posts\/1093155\/revisions"}],"wp:attachment":[{"href":"https:\/\/www.eldigitaldeasturias.com\/noticias\/wp-json\/wp\/v2\/media?parent=1093155"}],"wp:term":[{"taxonomy":"category","embeddable":true,"href":"https:\/\/www.eldigitaldeasturias.com\/noticias\/wp-json\/wp\/v2\/categories?post=1093155"},{"taxonomy":"post_tag","embeddable":true,"href":"https:\/\/www.eldigitaldeasturias.com\/noticias\/wp-json\/wp\/v2\/tags?post=1093155"}],"curies":[{"name":"wp","href":"https:\/\/api.w.org\/{rel}","templated":true}]}}