{"id":1093088,"date":"2021-06-04T21:05:14","date_gmt":"2021-06-04T20:05:14","guid":{"rendered":"https:\/\/www.eldigitaldeasturias.com\/noticias\/?p=1093088"},"modified":"2021-06-04T21:05:44","modified_gmt":"2021-06-04T20:05:44","slug":"mallada-apoyar-al-queso-de-asturias-es-apoyar-nuestras-tradiciones","status":"publish","type":"post","link":"https:\/\/www.eldigitaldeasturias.com\/noticias\/mallada-apoyar-al-queso-de-asturias-es-apoyar-nuestras-tradiciones\/","title":{"rendered":"Mallada: Apoyar al queso de Asturias es apoyar nuestras tradiciones"},"content":{"rendered":"<p><img loading=\"lazy\" decoding=\"async\" class=\"alignleft size-medium wp-image-1093089\" src=\"https:\/\/www.eldigitaldeasturias.com\/noticias\/wp-content\/uploads\/2021\/06\/Mallada-PP-Asturias-360x240.jpg\" alt=\"Mallada PP Asturias\" width=\"360\" height=\"240\" \/>La presidenta del Partido Popular de Asturias, Teresa Mallada, ha exigido esta ma\u00f1ana desde la <strong>Feria del Queso en Avil\u00e9s<\/strong> un apoyo ambicioso por parte del Gobierno regional al sector quesero en Asturias dado que \u201ctenemos mucho potencial\u201d para crecer en esta materia.<\/p>\n<p><strong>Mallada ha recordado que Asturias es considerada una de las capitales del queso de Europa por su calidad y variedad quesera<\/strong>, y ha instado al Gobierno de Adri\u00e1n Barb\u00f3n a aprovechar este potencial apoyando al sector quesero con una \u201cestrategia regional\u201d; que \u201ces lo que echamos en falta\u201d ahora. \u201cA todos se nos llena la boca a la hora de presumir de nuestros productos, pero luego no encontramos un apoyo decidido por parte del Gobierno regional\u201d, ha a\u00f1adido.<\/p>\n<p>En Asturias \u201ctenemos potencial m\u00e1s que de sobra para constituirnos en referentes internacionales del queso, pero falta esa apuesta ambiciosa por parte del Gobierno del Asturias\u201d, ha asegurado la presidenta del PP asturiano durante una visita esta ma\u00f1ana a la Feria de Avil\u00e9s junto, a los diputados del Grupo Parlamentario Popular Reyes Fern\u00e1ndez Hurl\u00e9 y Javier Brea; al presidente del PP de Avil\u00e9s, Pedro de Rueda, y la portavoz municipal Esther Llamazares, entre otros.<\/p>\n<p>En concreto, la l\u00edder popular ha exigido al Gobierno de Barb\u00f3n un esfuerzo estrat\u00e9gico tanto en apoyar a los\u201d productores\u201d de quesos, como en facilitar f\u00f3rmulas que den soporte de \u201cpromoci\u00f3n, comercializaci\u00f3n y distribuci\u00f3n\u201d a los productos.<\/p>\n<h2>Palos en las ruedas con el lobo<\/h2>\n<p>Mallada ha destacado que no es solo que no se est\u00e9n generando oportunidades, sino que \u201cencima se ponen palos en las ruedas\u201d, ha censurado al respecto de la producci\u00f3n.<\/p>\n<p>En este sentido Teresa Mallada ha denunciado el problema que sufren los ganaderos ante los ataques indiscriminados del lobo y la pretensi\u00f3n del Ministerio para la Transici\u00f3n Ecol\u00f3gica de aumentar la protecci\u00f3n del c\u00e1nido, que \u201cva a ser un problema grave en Asturias\u201d, ha augurado.<\/p>\n<p>Por eso, adem\u00e1s de un \u201capoyo decidido\u201d al sector quesero y agroalimentario en general, la l\u00edder popular ha exigido al Gobierno de Barb\u00f3n que act\u00fae para \u201cevitar que salgan adelante las pretensiones de un gobierno central que no sabe nada y ataca continuamente Asturias\u201d.<\/p>\n<p>Mallada ha asegurado que \u201capoyar el queso es apoyar nuestras tradiciones\u201d y ha explicado que es as\u00ed como se demuestra el \u201corgullo asturiano\u201d, apoyando a los productores de queso de Asturias y evitando poner palos en las ruedas.<\/p>\n<p>&nbsp;<\/p>\n","protected":false},"excerpt":{"rendered":"<p>La presidenta del Partido Popular de Asturias, Teresa Mallada, ha exigido esta ma\u00f1ana desde la Feria del Queso en Avil\u00e9s un apoyo ambicioso por parte del Gobierno regional al sector quesero en Asturias dado que \u201ctenemos mucho potencial\u201d para crecer en esta materia. Mallada ha recordado que Asturias es considerada una de las capitales del [&hellip;]<\/p>\n","protected":false},"author":1,"featured_media":1093089,"comment_status":"closed","ping_status":"closed","sticky":false,"template":"","format":"standard","meta":{"footnotes":""},"categories":[12],"tags":[],"class_list":["post-1093088","post","type-post","status-publish","format-standard","has-post-thumbnail","hentry","category-actualidad-asturias"],"aioseo_notices":[],"aioseo_head":"\n\t\t<!-- All in One SEO Pro 5.0.1 - aioseo.com -->\n\t<meta name=\"description\" content=\"La presidenta del PP de Asturias, Teresa Mallada, ha exigido esta ma\u00f1ana desde la Feria del Queso en Avil\u00e9s un apoyo ambicioso por parte del Gobierno regional\" \/>\n\t<meta name=\"robots\" content=\"max-image-preview:large\" \/>\n\t<meta name=\"author\" content=\"El Digital de Asturias\"\/>\n\t<meta name=\"google-site-verification\" content=\"UA-38556648-1\" \/>\n\t<meta name=\"msvalidate.01\" content=\"7dfe9f3f1b24437ab69f4f2559babe99\" \/>\n\t<meta name=\"keywords\" content=\"asturias,queso,mallada,actualidad asturias\" \/>\n\t<link rel=\"canonical\" href=\"https:\/\/www.eldigitaldeasturias.com\/noticias\/mallada-apoyar-al-queso-de-asturias-es-apoyar-nuestras-tradiciones\/\" \/>\n\t<meta name=\"generator\" content=\"All in One SEO Pro (AIOSEO) 5.0.1\" \/>\n\t\t<meta property=\"og:locale\" content=\"es_ES\" \/>\n\t\t<meta property=\"og:site_name\" content=\"El Digital de Asturias\" \/>\n\t\t<meta property=\"og:type\" content=\"article\" \/>\n\t\t<meta property=\"og:title\" content=\"Mallada: Apoyar al queso de Asturias es apoyar nuestras tradiciones - El Digital de Asturias\" \/>\n\t\t<meta property=\"og:description\" content=\"La presidenta del PP de Asturias, Teresa Mallada, ha exigido esta ma\u00f1ana desde la Feria del Queso en Avil\u00e9s un apoyo ambicioso por parte del Gobierno regional\" \/>\n\t\t<meta property=\"og:url\" content=\"https:\/\/www.eldigitaldeasturias.com\/noticias\/mallada-apoyar-al-queso-de-asturias-es-apoyar-nuestras-tradiciones\/\" \/>\n\t\t<meta property=\"article:tag\" content=\"asturias\" \/>\n\t\t<meta property=\"article:tag\" content=\"queso\" \/>\n\t\t<meta property=\"article:tag\" content=\"mallada\" \/>\n\t\t<meta property=\"article:tag\" content=\"actualidad asturias\" \/>\n\t\t<meta property=\"article:published_time\" content=\"2021-06-04T20:05:14+00:00\" \/>\n\t\t<meta property=\"article:modified_time\" content=\"2021-06-04T20:05:44+00:00\" \/>\n\t\t<meta property=\"article:publisher\" content=\"https:\/\/facebook.com\/eldigitaldeasturias\" \/>\n\t\t<meta name=\"twitter:card\" content=\"summary_large_image\" \/>\n\t\t<meta name=\"twitter:title\" content=\"Mallada: Apoyar al queso de Asturias es apoyar nuestras tradiciones - El Digital de Asturias\" \/>\n\t\t<meta name=\"twitter:description\" content=\"La presidenta del PP de Asturias, Teresa Mallada, ha exigido esta ma\u00f1ana desde la Feria del Queso en Avil\u00e9s un apoyo ambicioso por parte del Gobierno regional\" \/>\n\t\t<meta name=\"twitter:image\" content=\"https:\/\/www.eldigitaldeasturias.com\/noticias\/wp-content\/uploads\/2020\/12\/EDA-1.jpg\" \/>\n\t\t<meta name=\"twitter:label1\" content=\"Escrito por\" \/>\n\t\t<meta name=\"twitter:data1\" content=\"El Digital de Asturias\" \/>\n\t\t<meta name=\"twitter:label2\" content=\"Tiempo de lectura estimado\" \/>\n\t\t<meta name=\"twitter:data2\" content=\"2 minutos\" \/>\n\t\t<script type=\"application\/ld+json\" class=\"aioseo-schema\">\n\t\t\t{\"@context\":\"https:\\\/\\\/schema.org\",\"@graph\":[{\"@type\":\"BlogPosting\",\"@id\":\"https:\\\/\\\/www.eldigitaldeasturias.com\\\/noticias\\\/mallada-apoyar-al-queso-de-asturias-es-apoyar-nuestras-tradiciones\\\/#blogposting\",\"name\":\"Mallada: Apoyar al queso de Asturias es apoyar nuestras tradiciones - El Digital de Asturias\",\"headline\":\"Mallada: Apoyar al queso de Asturias es apoyar nuestras tradiciones\",\"author\":{\"@id\":\"https:\\\/\\\/www.eldigitaldeasturias.com\\\/noticias\\\/author\\\/admin\\\/#author\"},\"publisher\":{\"@id\":\"https:\\\/\\\/www.eldigitaldeasturias.com\\\/noticias\\\/#organization\"},\"image\":{\"@type\":\"ImageObject\",\"url\":1093089},\"datePublished\":\"2021-06-04T21:05:14+02:00\",\"dateModified\":\"2021-06-04T21:05:44+02:00\",\"inLanguage\":\"es-ES\",\"mainEntityOfPage\":{\"@id\":\"https:\\\/\\\/www.eldigitaldeasturias.com\\\/noticias\\\/mallada-apoyar-al-queso-de-asturias-es-apoyar-nuestras-tradiciones\\\/#webpage\"},\"isPartOf\":{\"@id\":\"https:\\\/\\\/www.eldigitaldeasturias.com\\\/noticias\\\/mallada-apoyar-al-queso-de-asturias-es-apoyar-nuestras-tradiciones\\\/#webpage\"},\"articleSection\":\"Actualidad Asturias\"},{\"@type\":\"BreadcrumbList\",\"@id\":\"https:\\\/\\\/www.eldigitaldeasturias.com\\\/noticias\\\/mallada-apoyar-al-queso-de-asturias-es-apoyar-nuestras-tradiciones\\\/#breadcrumblist\",\"itemListElement\":[{\"@type\":\"ListItem\",\"@id\":\"https:\\\/\\\/www.eldigitaldeasturias.com\\\/noticias#listItem\",\"position\":1,\"name\":\"Home\",\"item\":\"https:\\\/\\\/www.eldigitaldeasturias.com\\\/noticias\",\"nextItem\":{\"@type\":\"ListItem\",\"@id\":\"https:\\\/\\\/www.eldigitaldeasturias.com\\\/noticias\\\/category\\\/actualidad-asturias\\\/#listItem\",\"name\":\"Actualidad Asturias\"}},{\"@type\":\"ListItem\",\"@id\":\"https:\\\/\\\/www.eldigitaldeasturias.com\\\/noticias\\\/category\\\/actualidad-asturias\\\/#listItem\",\"position\":2,\"name\":\"Actualidad Asturias\",\"item\":\"https:\\\/\\\/www.eldigitaldeasturias.com\\\/noticias\\\/category\\\/actualidad-asturias\\\/\",\"nextItem\":{\"@type\":\"ListItem\",\"@id\":\"https:\\\/\\\/www.eldigitaldeasturias.com\\\/noticias\\\/mallada-apoyar-al-queso-de-asturias-es-apoyar-nuestras-tradiciones\\\/#listItem\",\"name\":\"Mallada: Apoyar al queso de Asturias es apoyar nuestras tradiciones\"},\"previousItem\":{\"@type\":\"ListItem\",\"@id\":\"https:\\\/\\\/www.eldigitaldeasturias.com\\\/noticias#listItem\",\"name\":\"Home\"}},{\"@type\":\"ListItem\",\"@id\":\"https:\\\/\\\/www.eldigitaldeasturias.com\\\/noticias\\\/mallada-apoyar-al-queso-de-asturias-es-apoyar-nuestras-tradiciones\\\/#listItem\",\"position\":3,\"name\":\"Mallada: Apoyar al queso de Asturias es apoyar nuestras tradiciones\",\"previousItem\":{\"@type\":\"ListItem\",\"@id\":\"https:\\\/\\\/www.eldigitaldeasturias.com\\\/noticias\\\/category\\\/actualidad-asturias\\\/#listItem\",\"name\":\"Actualidad Asturias\"}}]},{\"@type\":\"Organization\",\"@id\":\"https:\\\/\\\/www.eldigitaldeasturias.com\\\/noticias\\\/#organization\",\"name\":\"El Digital de Asturias\",\"description\":\"Hemeroteca\",\"url\":\"https:\\\/\\\/www.eldigitaldeasturias.com\\\/noticias\\\/\",\"email\":\"info@eldigitaldeasturias.com\",\"telephone\":\"+34652131393\",\"logo\":{\"@type\":\"ImageObject\",\"url\":\"https:\\\/\\\/www.eldigitaldeasturias.com\\\/noticias\\\/wp-content\\\/uploads\\\/2020\\\/12\\\/EDA.jpg\",\"@id\":\"https:\\\/\\\/www.eldigitaldeasturias.com\\\/noticias\\\/mallada-apoyar-al-queso-de-asturias-es-apoyar-nuestras-tradiciones\\\/#organizationLogo\"},\"image\":{\"@id\":\"https:\\\/\\\/www.eldigitaldeasturias.com\\\/noticias\\\/mallada-apoyar-al-queso-de-asturias-es-apoyar-nuestras-tradiciones\\\/#organizationLogo\"},\"sameAs\":[\"https:\\\/\\\/facebook.com\\\/eldigitaldeasturias\",\"https:\\\/\\\/www.youtube.com\\\/channel\\\/UCZP-2wLEB9Rv6erhFmqVnvg\"],\"address\":{\"@id\":\"https:\\\/\\\/www.eldigitaldeasturias.com\\\/noticias\\\/#postaladdress\",\"@type\":\"PostalAddress\",\"streetAddress\":\"san antonio 4\",\"postalCode\":\"33430\",\"addressLocality\":\"Cand\\u00e1s\",\"addressRegion\":\"Asturias\",\"addressCountry\":\"ES\"}},{\"@type\":\"Person\",\"@id\":\"https:\\\/\\\/www.eldigitaldeasturias.com\\\/noticias\\\/author\\\/admin\\\/#author\",\"url\":\"https:\\\/\\\/www.eldigitaldeasturias.com\\\/noticias\\\/author\\\/admin\\\/\",\"name\":\"El Digital de Asturias\",\"image\":{\"@type\":\"ImageObject\",\"@id\":\"https:\\\/\\\/www.eldigitaldeasturias.com\\\/noticias\\\/mallada-apoyar-al-queso-de-asturias-es-apoyar-nuestras-tradiciones\\\/#authorImage\",\"url\":\"https:\\\/\\\/secure.gravatar.com\\\/avatar\\\/df2aeffc32bcd13f8d26072ef8a91b623d677766deac7f97ca815868cd41bf5e?s=96&d=mm&r=g\",\"width\":96,\"height\":96,\"caption\":\"El Digital de Asturias\"}},{\"@type\":\"WebPage\",\"@id\":\"https:\\\/\\\/www.eldigitaldeasturias.com\\\/noticias\\\/mallada-apoyar-al-queso-de-asturias-es-apoyar-nuestras-tradiciones\\\/#webpage\",\"url\":\"https:\\\/\\\/www.eldigitaldeasturias.com\\\/noticias\\\/mallada-apoyar-al-queso-de-asturias-es-apoyar-nuestras-tradiciones\\\/\",\"name\":\"Mallada: Apoyar al queso de Asturias es apoyar nuestras tradiciones - El Digital de Asturias\",\"description\":\"La presidenta del PP de Asturias, Teresa Mallada, ha exigido esta ma\\u00f1ana desde la Feria del Queso en Avil\\u00e9s un apoyo ambicioso por parte del Gobierno regional\",\"inLanguage\":\"es-ES\",\"isPartOf\":{\"@id\":\"https:\\\/\\\/www.eldigitaldeasturias.com\\\/noticias\\\/#website\"},\"breadcrumb\":{\"@id\":\"https:\\\/\\\/www.eldigitaldeasturias.com\\\/noticias\\\/mallada-apoyar-al-queso-de-asturias-es-apoyar-nuestras-tradiciones\\\/#breadcrumblist\"},\"author\":{\"@id\":\"https:\\\/\\\/www.eldigitaldeasturias.com\\\/noticias\\\/author\\\/admin\\\/#author\"},\"creator\":{\"@id\":\"https:\\\/\\\/www.eldigitaldeasturias.com\\\/noticias\\\/author\\\/admin\\\/#author\"},\"image\":{\"@type\":\"ImageObject\",\"url\":1093089,\"@id\":\"https:\\\/\\\/www.eldigitaldeasturias.com\\\/noticias\\\/mallada-apoyar-al-queso-de-asturias-es-apoyar-nuestras-tradiciones\\\/#mainImage\"},\"primaryImageOfPage\":{\"@id\":\"https:\\\/\\\/www.eldigitaldeasturias.com\\\/noticias\\\/mallada-apoyar-al-queso-de-asturias-es-apoyar-nuestras-tradiciones\\\/#mainImage\"},\"datePublished\":\"2021-06-04T21:05:14+02:00\",\"dateModified\":\"2021-06-04T21:05:44+02:00\"},{\"@type\":\"WebSite\",\"@id\":\"https:\\\/\\\/www.eldigitaldeasturias.com\\\/noticias\\\/#website\",\"url\":\"https:\\\/\\\/www.eldigitaldeasturias.com\\\/noticias\\\/\",\"name\":\"El Digital de Asturias - Diario de actualidad y noticias\",\"alternateName\":\"El Digital de Asturias - Diario de actualidad y noticias\",\"description\":\"Hemeroteca\",\"inLanguage\":\"es-ES\",\"publisher\":{\"@id\":\"https:\\\/\\\/www.eldigitaldeasturias.com\\\/noticias\\\/#organization\"}}]}\n\t\t<\/script>\n\t\t<!-- All in One SEO Pro -->\r\n\t\t<title>Mallada: Apoyar al queso de Asturias es apoyar nuestras tradiciones - El Digital de Asturias<\/title>\n\n","aioseo_head_json":{"title":"Mallada: Apoyar al queso de Asturias es apoyar nuestras tradiciones - El Digital de Asturias","description":"La presidenta del PP de Asturias, Teresa Mallada, ha exigido esta ma\u00f1ana desde la Feria del Queso en Avil\u00e9s un apoyo ambicioso por parte del Gobierno regional","canonical_url":"https:\/\/www.eldigitaldeasturias.com\/noticias\/mallada-apoyar-al-queso-de-asturias-es-apoyar-nuestras-tradiciones\/","robots":"max-image-preview:large","keywords":"asturias,queso,mallada,actualidad asturias","webmasterTools":{"google-site-verification":"UA-38556648-1","msvalidate.01":"7dfe9f3f1b24437ab69f4f2559babe99","miscellaneous":""},"schema":{"@context":"https:\/\/schema.org","@graph":[{"@type":"BlogPosting","@id":"https:\/\/www.eldigitaldeasturias.com\/noticias\/mallada-apoyar-al-queso-de-asturias-es-apoyar-nuestras-tradiciones\/#blogposting","name":"Mallada: Apoyar al queso de Asturias es apoyar nuestras tradiciones - El Digital de Asturias","headline":"Mallada: Apoyar al queso de Asturias es apoyar nuestras tradiciones","author":{"@id":"https:\/\/www.eldigitaldeasturias.com\/noticias\/author\/admin\/#author"},"publisher":{"@id":"https:\/\/www.eldigitaldeasturias.com\/noticias\/#organization"},"image":{"@type":"ImageObject","url":1093089},"datePublished":"2021-06-04T21:05:14+02:00","dateModified":"2021-06-04T21:05:44+02:00","inLanguage":"es-ES","mainEntityOfPage":{"@id":"https:\/\/www.eldigitaldeasturias.com\/noticias\/mallada-apoyar-al-queso-de-asturias-es-apoyar-nuestras-tradiciones\/#webpage"},"isPartOf":{"@id":"https:\/\/www.eldigitaldeasturias.com\/noticias\/mallada-apoyar-al-queso-de-asturias-es-apoyar-nuestras-tradiciones\/#webpage"},"articleSection":"Actualidad Asturias"},{"@type":"BreadcrumbList","@id":"https:\/\/www.eldigitaldeasturias.com\/noticias\/mallada-apoyar-al-queso-de-asturias-es-apoyar-nuestras-tradiciones\/#breadcrumblist","itemListElement":[{"@type":"ListItem","@id":"https:\/\/www.eldigitaldeasturias.com\/noticias#listItem","position":1,"name":"Home","item":"https:\/\/www.eldigitaldeasturias.com\/noticias","nextItem":{"@type":"ListItem","@id":"https:\/\/www.eldigitaldeasturias.com\/noticias\/category\/actualidad-asturias\/#listItem","name":"Actualidad Asturias"}},{"@type":"ListItem","@id":"https:\/\/www.eldigitaldeasturias.com\/noticias\/category\/actualidad-asturias\/#listItem","position":2,"name":"Actualidad Asturias","item":"https:\/\/www.eldigitaldeasturias.com\/noticias\/category\/actualidad-asturias\/","nextItem":{"@type":"ListItem","@id":"https:\/\/www.eldigitaldeasturias.com\/noticias\/mallada-apoyar-al-queso-de-asturias-es-apoyar-nuestras-tradiciones\/#listItem","name":"Mallada: Apoyar al queso de Asturias es apoyar nuestras tradiciones"},"previousItem":{"@type":"ListItem","@id":"https:\/\/www.eldigitaldeasturias.com\/noticias#listItem","name":"Home"}},{"@type":"ListItem","@id":"https:\/\/www.eldigitaldeasturias.com\/noticias\/mallada-apoyar-al-queso-de-asturias-es-apoyar-nuestras-tradiciones\/#listItem","position":3,"name":"Mallada: Apoyar al queso de Asturias es apoyar nuestras tradiciones","previousItem":{"@type":"ListItem","@id":"https:\/\/www.eldigitaldeasturias.com\/noticias\/category\/actualidad-asturias\/#listItem","name":"Actualidad Asturias"}}]},{"@type":"Organization","@id":"https:\/\/www.eldigitaldeasturias.com\/noticias\/#organization","name":"El Digital de Asturias","description":"Hemeroteca","url":"https:\/\/www.eldigitaldeasturias.com\/noticias\/","email":"info@eldigitaldeasturias.com","telephone":"+34652131393","logo":{"@type":"ImageObject","url":"https:\/\/www.eldigitaldeasturias.com\/noticias\/wp-content\/uploads\/2020\/12\/EDA.jpg","@id":"https:\/\/www.eldigitaldeasturias.com\/noticias\/mallada-apoyar-al-queso-de-asturias-es-apoyar-nuestras-tradiciones\/#organizationLogo"},"image":{"@id":"https:\/\/www.eldigitaldeasturias.com\/noticias\/mallada-apoyar-al-queso-de-asturias-es-apoyar-nuestras-tradiciones\/#organizationLogo"},"sameAs":["https:\/\/facebook.com\/eldigitaldeasturias","https:\/\/www.youtube.com\/channel\/UCZP-2wLEB9Rv6erhFmqVnvg"],"address":{"@id":"https:\/\/www.eldigitaldeasturias.com\/noticias\/#postaladdress","@type":"PostalAddress","streetAddress":"san antonio 4","postalCode":"33430","addressLocality":"Cand\u00e1s","addressRegion":"Asturias","addressCountry":"ES"}},{"@type":"Person","@id":"https:\/\/www.eldigitaldeasturias.com\/noticias\/author\/admin\/#author","url":"https:\/\/www.eldigitaldeasturias.com\/noticias\/author\/admin\/","name":"El Digital de Asturias","image":{"@type":"ImageObject","@id":"https:\/\/www.eldigitaldeasturias.com\/noticias\/mallada-apoyar-al-queso-de-asturias-es-apoyar-nuestras-tradiciones\/#authorImage","url":"https:\/\/secure.gravatar.com\/avatar\/df2aeffc32bcd13f8d26072ef8a91b623d677766deac7f97ca815868cd41bf5e?s=96&d=mm&r=g","width":96,"height":96,"caption":"El Digital de Asturias"}},{"@type":"WebPage","@id":"https:\/\/www.eldigitaldeasturias.com\/noticias\/mallada-apoyar-al-queso-de-asturias-es-apoyar-nuestras-tradiciones\/#webpage","url":"https:\/\/www.eldigitaldeasturias.com\/noticias\/mallada-apoyar-al-queso-de-asturias-es-apoyar-nuestras-tradiciones\/","name":"Mallada: Apoyar al queso de Asturias es apoyar nuestras tradiciones - El Digital de Asturias","description":"La presidenta del PP de Asturias, Teresa Mallada, ha exigido esta ma\u00f1ana desde la Feria del Queso en Avil\u00e9s un apoyo ambicioso por parte del Gobierno regional","inLanguage":"es-ES","isPartOf":{"@id":"https:\/\/www.eldigitaldeasturias.com\/noticias\/#website"},"breadcrumb":{"@id":"https:\/\/www.eldigitaldeasturias.com\/noticias\/mallada-apoyar-al-queso-de-asturias-es-apoyar-nuestras-tradiciones\/#breadcrumblist"},"author":{"@id":"https:\/\/www.eldigitaldeasturias.com\/noticias\/author\/admin\/#author"},"creator":{"@id":"https:\/\/www.eldigitaldeasturias.com\/noticias\/author\/admin\/#author"},"image":{"@type":"ImageObject","url":1093089,"@id":"https:\/\/www.eldigitaldeasturias.com\/noticias\/mallada-apoyar-al-queso-de-asturias-es-apoyar-nuestras-tradiciones\/#mainImage"},"primaryImageOfPage":{"@id":"https:\/\/www.eldigitaldeasturias.com\/noticias\/mallada-apoyar-al-queso-de-asturias-es-apoyar-nuestras-tradiciones\/#mainImage"},"datePublished":"2021-06-04T21:05:14+02:00","dateModified":"2021-06-04T21:05:44+02:00"},{"@type":"WebSite","@id":"https:\/\/www.eldigitaldeasturias.com\/noticias\/#website","url":"https:\/\/www.eldigitaldeasturias.com\/noticias\/","name":"El Digital de Asturias - Diario de actualidad y noticias","alternateName":"El Digital de Asturias - Diario de actualidad y noticias","description":"Hemeroteca","inLanguage":"es-ES","publisher":{"@id":"https:\/\/www.eldigitaldeasturias.com\/noticias\/#organization"}}]},"og:locale":"es_ES","og:site_name":"El Digital de Asturias","og:type":"article","og:title":"Mallada: Apoyar al queso de Asturias es apoyar nuestras tradiciones - El Digital de Asturias","og:description":"La presidenta del PP de Asturias, Teresa Mallada, ha exigido esta ma\u00f1ana desde la Feria del Queso en Avil\u00e9s un apoyo ambicioso por parte del Gobierno regional","og:url":"https:\/\/www.eldigitaldeasturias.com\/noticias\/mallada-apoyar-al-queso-de-asturias-es-apoyar-nuestras-tradiciones\/","article:tag":["asturias","queso","mallada","actualidad asturias"],"article:published_time":"2021-06-04T20:05:14+00:00","article:modified_time":"2021-06-04T20:05:44+00:00","article:publisher":"https:\/\/facebook.com\/eldigitaldeasturias","twitter:card":"summary_large_image","twitter:title":"Mallada: Apoyar al queso de Asturias es apoyar nuestras tradiciones - El Digital de Asturias","twitter:description":"La presidenta del PP de Asturias, Teresa Mallada, ha exigido esta ma\u00f1ana desde la Feria del Queso en Avil\u00e9s un apoyo ambicioso por parte del Gobierno regional","twitter:image":"https:\/\/www.eldigitaldeasturias.com\/noticias\/wp-content\/uploads\/2020\/12\/EDA-1.jpg","twitter:label1":"Escrito por","twitter:data1":"El Digital de Asturias","twitter:label2":"Tiempo de lectura estimado","twitter:data2":"2 minutos"},"aioseo_meta_data":{"post_id":"1093088","title":null,"description":"La presidenta del PP de Asturias, Teresa Mallada, ha exigido esta ma\u00f1ana desde la Feria del Queso en Avil\u00e9s un apoyo ambicioso por parte del Gobierno regional","keywords":[{"label":"Asturias","value":"Asturias"},{"label":" queso","value":" queso"},{"label":" Mallada","value":" Mallada"}],"keyphrases":{"focus":{"keyphrase":"Asturias","score":90,"analysis":{"keyphraseInTitle":{"title":"Frase clave objetivo en el t\u00edtulo SEO","description":"Frase clave objetivo encontrada en el t\u00edtulo SEO.","score":9,"maxScore":9,"error":0},"keyphraseInDescription":{"title":"Frase clave objetivo en la meta descripci\u00f3n","description":"Frase clave objetivo encontrada en la meta descripci\u00f3n.","score":9,"maxScore":9,"error":0},"keyphraseInURL":{"title":"Frase clave objetivo en la URL","description":"Frase clave objetivo usada en la URL.","score":5,"maxScore":5,"error":0},"keyphraseInIntroduction":{"title":"Frase clave objetivo en la introducci\u00f3n","description":"Su Frase clave objetivo aparece en el primer p\u00e1rrafo. \u00a1Bien hecho!","score":9,"maxScore":9,"error":0},"keyphraseInSubHeadings":{"title":"Frase clave objetivo sus subt\u00edtulos","description":"Use your focus keyphrase more in your H2 and H3 subheadings.","score":3,"maxScore":9,"error":1},"keyphraseLength":{"title":"Longitud de la Frase clave objetivo","description":"\u00a1Buen trabajo!","score":9,"maxScore":9,"error":0,"length":1},"keyphraseInImageAlt":{"title":"Frase clave objetivo en los atributos alt de la imagen.","description":"Frase clave objetivo encontrada en los atributos alt de la(s) imagen(es).","score":9,"maxScore":9,"error":0}}},"additional":[{"keyphrase":"queso","score":83,"analysis":{"keyphraseInDescription":{"title":"Frase clave en la meta descripci\u00f3n","description":"Frase clave encontrada en la meta descripci\u00f3n.","score":9,"maxScore":9,"error":0},"keyphraseInIntroduction":{"title":"Frase clave en la introducci\u00f3n","description":"Su Frase clave aparece en el primer p\u00e1rrafo. \u00a1Bien hecho!","score":9,"maxScore":9,"error":0},"keyphraseInImageAlt":{"title":"Frase clave en los atributos alt de la imagen.","description":"Frase clave no se encuentra en los atributos alt de la imagen. A\u00f1ada una imagen con su Frase clave como texto alternativo.","score":3,"maxScore":9,"error":1},"keyphraseLength":{"title":"Longitud de la Frase clave","description":"\u00a1Buen trabajo!","score":9,"maxScore":9,"error":0,"length":1}}},{"keyphrase":"PP","score":83,"analysis":{"keyphraseInDescription":{"title":"Frase clave en la meta descripci\u00f3n","description":"Frase clave encontrada en la meta descripci\u00f3n.","score":9,"maxScore":9,"error":0},"keyphraseInIntroduction":{"title":"Frase clave en la introducci\u00f3n","description":"Su Frase clave no aparece en el primer p\u00e1rrafo. Aseg\u00farese de que el tema est\u00e9 claro de inmediato.","score":3,"maxScore":9,"error":1},"keyphraseInImageAlt":{"title":"Frase clave en los atributos alt de la imagen.","description":"Frase clave encontrada en los atributos alt de la(s) imagen(es).","score":9,"maxScore":9,"error":0},"keyphraseLength":{"title":"Longitud de la Frase clave","description":"\u00a1Buen trabajo!","score":9,"maxScore":9,"error":0,"length":1}}},{"keyphrase":"Feria del Queso","score":83,"analysis":{"keyphraseInDescription":{"title":"Frase clave en la meta descripci\u00f3n","description":"Frase clave encontrada en la meta descripci\u00f3n.","score":9,"maxScore":9,"error":0},"keyphraseInIntroduction":{"title":"Frase clave en la introducci\u00f3n","description":"Su Frase clave aparece en el primer p\u00e1rrafo. \u00a1Bien hecho!","score":9,"maxScore":9,"error":0},"keyphraseInImageAlt":{"title":"Frase clave en los atributos alt de la imagen.","description":"Frase clave no se encuentra en los atributos alt de la imagen. A\u00f1ada una imagen con su Frase clave como texto alternativo.","score":3,"maxScore":9,"error":1},"keyphraseLength":{"title":"Longitud de la Frase clave","description":"\u00a1Buen trabajo!","score":9,"maxScore":9,"error":0,"length":3}}},{"keyphrase":"Avil\u00e9s","score":83,"analysis":{"keyphraseInDescription":{"title":"Frase clave en la meta descripci\u00f3n","description":"Frase clave encontrada en la meta descripci\u00f3n.","score":9,"maxScore":9,"error":0},"keyphraseInIntroduction":{"title":"Frase clave en la introducci\u00f3n","description":"Su Frase clave aparece en el primer p\u00e1rrafo. \u00a1Bien hecho!","score":9,"maxScore":9,"error":0},"keyphraseInImageAlt":{"title":"Frase clave en los atributos alt de la imagen.","description":"Frase clave no se encuentra en los atributos alt de la imagen. A\u00f1ada una imagen con su Frase clave como texto alternativo.","score":3,"maxScore":9,"error":1},"keyphraseLength":{"title":"Longitud de la Frase clave","description":"\u00a1Buen trabajo!","score":9,"maxScore":9,"error":0,"length":1}}}]},"primary_term":null,"canonical_url":null,"og_title":null,"og_description":null,"og_object_type":"default","og_image_type":"default","og_image_url":null,"og_image_width":null,"og_image_height":null,"og_image_custom_url":null,"og_image_custom_fields":null,"og_video":"","og_custom_url":null,"og_article_section":null,"og_article_tags":[],"twitter_use_og":false,"twitter_card":"default","twitter_image_type":"default","twitter_image_url":null,"twitter_image_custom_url":null,"twitter_image_custom_fields":null,"twitter_title":null,"twitter_description":null,"schema":{"blockGraphs":[],"customGraphs":[],"default":{"data":{"Article":[],"Course":[],"Dataset":[],"FAQPage":[],"Movie":[],"Person":[],"Product":[],"ProductReview":[],"Car":[],"Recipe":[],"Service":[],"SoftwareApplication":[],"WebPage":[]},"graphName":"","isEnabled":true},"graphs":[],"defaultGraph":"Article","defaultPostTypeGraph":""},"schema_type":"default","schema_type_options":"{\"article\":{\"articleType\":\"BlogPosting\"},\"course\":{\"name\":\"\",\"description\":\"\",\"provider\":\"\"},\"faq\":{\"pages\":[]},\"product\":{\"reviews\":[]},\"recipe\":{\"ingredients\":[],\"instructions\":[],\"keywords\":[]},\"software\":{\"reviews\":[],\"operatingSystems\":[]},\"webPage\":{\"webPageType\":\"WebPage\"}}","pillar_content":false,"robots_default":true,"robots_noindex":false,"robots_noarchive":false,"robots_nosnippet":false,"robots_nofollow":false,"robots_noimageindex":false,"robots_noodp":false,"robots_notranslate":false,"robots_max_snippet":"-1","robots_max_videopreview":"-1","robots_max_imagepreview":"large","priority":null,"frequency":"default","local_seo":{"locations":{"business":{"name":"","businessType":"","image":"","areaServed":"","urls":{"website":"","aboutPage":"","contactPage":""},"address":{"streetLine1":"","streetLine2":"","zipCode":"","city":"","state":"","country":"","addressFormat":"#streetLineOne\n#streetLineTwo\n#city, #state #zipCode"},"contact":{"email":"","phone":"","phoneFormatted":"","fax":"","faxFormatted":""},"ids":{"vat":"","tax":"","chamberOfCommerce":""},"payment":{"priceRange":"","currenciesAccepted":"","methods":""}}},"openingHours":{"useDefaults":true,"show":true,"alwaysOpen":false,"use24hFormat":false,"timezone":"","labels":{"closed":"","alwaysOpen":""},"days":{"monday":{"open24h":false,"closed":false,"openTime":"09:00","closeTime":"17:00"},"tuesday":{"open24h":false,"closed":false,"openTime":"09:00","closeTime":"17:00"},"wednesday":{"open24h":false,"closed":false,"openTime":"09:00","closeTime":"17:00"},"thursday":{"open24h":false,"closed":false,"openTime":"09:00","closeTime":"17:00"},"friday":{"open24h":false,"closed":false,"openTime":"09:00","closeTime":"17:00"},"saturday":{"open24h":false,"closed":false,"openTime":"09:00","closeTime":"17:00"},"sunday":{"open24h":false,"closed":false,"openTime":"09:00","closeTime":"17:00"}}}},"seo_analyzer_scan_date":"2026-07-18 11:36:20","breadcrumb_settings":null,"limit_modified_date":false,"open_ai":null,"ai":null,"created":"2021-06-04 19:59:13","updated":"2026-07-18 11:36:20","focus_keyword":"Asturias","additional_keywords":[{"word":"queso","score":83},{"word":"PP","score":83},{"word":"Feria del Queso","score":83},{"word":"Avil\u00e9s","score":83}],"truseo_locale":null},"aioseo_breadcrumb":"<div class=\"aioseo-breadcrumbs\"><span class=\"aioseo-breadcrumb\">\n\t<a href=\"https:\/\/www.eldigitaldeasturias.com\/noticias\" title=\"Home\">Home<\/a>\n<\/span><span class=\"aioseo-breadcrumb-separator\">\u2013<\/span><span class=\"aioseo-breadcrumb\">\n\t<a href=\"https:\/\/www.eldigitaldeasturias.com\/noticias\/category\/actualidad-asturias\/\" title=\"Actualidad Asturias\">Actualidad Asturias<\/a>\n<\/span><span class=\"aioseo-breadcrumb-separator\">\u2013<\/span><span class=\"aioseo-breadcrumb\">\n\t<a href=\"https:\/\/www.eldigitaldeasturias.com\/noticias\/mallada-apoyar-al-queso-de-asturias-es-apoyar-nuestras-tradiciones\/\" title=\"Mallada: Apoyar al queso de Asturias es apoyar nuestras tradiciones\">Mallada: Apoyar al queso de Asturias es apoyar nuestras tradiciones<\/a>\n<\/span><\/div>","aioseo_breadcrumb_json":[{"label":"Home","link":"https:\/\/www.eldigitaldeasturias.com\/noticias"},{"label":"Actualidad Asturias","link":"https:\/\/www.eldigitaldeasturias.com\/noticias\/category\/actualidad-asturias\/"},{"label":"Mallada: Apoyar al queso de Asturias es apoyar nuestras tradiciones","link":"https:\/\/www.eldigitaldeasturias.com\/noticias\/mallada-apoyar-al-queso-de-asturias-es-apoyar-nuestras-tradiciones\/"}],"_links":{"self":[{"href":"https:\/\/www.eldigitaldeasturias.com\/noticias\/wp-json\/wp\/v2\/posts\/1093088","targetHints":{"allow":["GET"]}}],"collection":[{"href":"https:\/\/www.eldigitaldeasturias.com\/noticias\/wp-json\/wp\/v2\/posts"}],"about":[{"href":"https:\/\/www.eldigitaldeasturias.com\/noticias\/wp-json\/wp\/v2\/types\/post"}],"author":[{"embeddable":true,"href":"https:\/\/www.eldigitaldeasturias.com\/noticias\/wp-json\/wp\/v2\/users\/1"}],"replies":[{"embeddable":true,"href":"https:\/\/www.eldigitaldeasturias.com\/noticias\/wp-json\/wp\/v2\/comments?post=1093088"}],"version-history":[{"count":0,"href":"https:\/\/www.eldigitaldeasturias.com\/noticias\/wp-json\/wp\/v2\/posts\/1093088\/revisions"}],"wp:attachment":[{"href":"https:\/\/www.eldigitaldeasturias.com\/noticias\/wp-json\/wp\/v2\/media?parent=1093088"}],"wp:term":[{"taxonomy":"category","embeddable":true,"href":"https:\/\/www.eldigitaldeasturias.com\/noticias\/wp-json\/wp\/v2\/categories?post=1093088"},{"taxonomy":"post_tag","embeddable":true,"href":"https:\/\/www.eldigitaldeasturias.com\/noticias\/wp-json\/wp\/v2\/tags?post=1093088"}],"curies":[{"name":"wp","href":"https:\/\/api.w.org\/{rel}","templated":true}]}}