{"id":1093080,"date":"2021-06-04T20:36:42","date_gmt":"2021-06-04T19:36:42","guid":{"rendered":"https:\/\/www.eldigitaldeasturias.com\/noticias\/?p=1093080"},"modified":"2021-06-04T20:36:42","modified_gmt":"2021-06-04T19:36:42","slug":"cofino-la-economia-circular-sera-muy-importante-para-asturias","status":"publish","type":"post","link":"https:\/\/www.eldigitaldeasturias.com\/noticias\/cofino-la-economia-circular-sera-muy-importante-para-asturias\/","title":{"rendered":"Cofi\u00f1o: La econom\u00eda circular ser\u00e1 muy importante para Asturias"},"content":{"rendered":"<p><img loading=\"lazy\" decoding=\"async\" class=\"alignleft size-medium wp-image-1093081\" src=\"https:\/\/www.eldigitaldeasturias.com\/noticias\/wp-content\/uploads\/2021\/06\/cofino-360x269.jpg\" alt=\"Juan Cofi\u00f1o\" width=\"360\" height=\"269\" \/>El vicepresidente asturiano y consejero de Administraci\u00f3n Auton\u00f3mica, Medio Ambiente y Cambio Clim\u00e1tico, Juan Cofi\u00f1o, ha clausurado la<strong> jornada Reutilizaci\u00f3n del agua como recurso circular para la industria<\/strong>, organizada por el Cl\u00faster de Industrias Qu\u00edmicas y de Procesos de Asturias con motivo del D\u00eda Mundial del Medio Ambiente.<\/p>\n<p>Cofi\u00f1o ha valorado <strong>\u201cel compromiso de la industria asturiana por incluir la sostenibilidad en sus pr\u00e1cticas empresariales, m\u00e1s en estos momentos en los que tenemos que garantizar que la recuperaci\u00f3n en la \u00e9poca de la postpandemia sea verde y respete los l\u00edmites ambientales\u201d<\/strong>. El consejero se ha referido a la importancia del agua como sustento de la vida en los sistemas y ha considerado ineludible \u201csu protecci\u00f3n y recuperaci\u00f3n, ya que repercute de forma directa en la salud del planeta y sus habitantes\u201d. Por esta raz\u00f3n, ha se\u00f1alado que el Gobierno asturiano \u201cquiere contar con la visi\u00f3n y la participaci\u00f3n activa de la industria porque, entre todos, estoy seguro de que seremos capaces de vencer las barreras que supone abordar un desaf\u00edo tecnol\u00f3gico como es el de la econom\u00eda circular aplicada al uso del agua\u201d.<\/p>\n<p>En el nuevo modelo econ\u00f3mico regional, que debe ser sostenible, bajo en emisiones, eficiente en el uso de recursos y competitivo, la econom\u00eda circular \u201cest\u00e1 llamada a tener un papel protagonista\u201d, ha agregado Cofi\u00f1o, quien ha destacado que la industria qu\u00edmica \u201ces un sector puntero e innovador, garant\u00eda de futuro para nuestra comunidad aut\u00f3noma\u201d.<\/p>\n<p>\u201cLa circularidad, la adaptaci\u00f3n al cambio clim\u00e1tico y la digitalizaci\u00f3n son principios inspiradores de la nueva pol\u00edtica del agua que el Gobierno de Asturias pretende llevar a cabo\u201d, ha agregado. As\u00ed, ha indicado que su departamento est\u00e1 desarrollando ejercicio de planificaci\u00f3n muy relevante en materia de agua, con planes directores de abastecimiento y saneamiento que marcar\u00e1n las prioridades para la pr\u00f3xima d\u00e9cada, con un enfoque m\u00e1s innovador, y sin obviar la necesidad de gestionar y financiar el ciclo integral del agua con inteligencia y eficiencia\u201d.<\/p>\n<p>\u201cCuenten con este Gobierno para trabajar conjuntamente y asegurar que nuestra industria qu\u00edmica y de procesos encuentre en Asturias un territorio propicio para la innovaci\u00f3n y el desarrollo. Por nuestra parte contamos con ustedes para realizar una transici\u00f3n ecol\u00f3gica con una apuesta por la sostenibilidad y la econom\u00eda circular. Sellemos, pues, un pacto verde\u201d, ha concluido.<\/p>\n<p>&nbsp;<\/p>\n","protected":false},"excerpt":{"rendered":"<p>El vicepresidente asturiano y consejero de Administraci\u00f3n Auton\u00f3mica, Medio Ambiente y Cambio Clim\u00e1tico, Juan Cofi\u00f1o, ha clausurado la jornada Reutilizaci\u00f3n del agua como recurso circular para la industria, organizada por el Cl\u00faster de Industrias Qu\u00edmicas y de Procesos de Asturias con motivo del D\u00eda Mundial del Medio Ambiente. Cofi\u00f1o ha valorado \u201cel compromiso de la [&hellip;]<\/p>\n","protected":false},"author":1,"featured_media":1093081,"comment_status":"closed","ping_status":"closed","sticky":false,"template":"","format":"standard","meta":{"footnotes":""},"categories":[12],"tags":[],"class_list":["post-1093080","post","type-post","status-publish","format-standard","has-post-thumbnail","hentry","category-actualidad-asturias"],"aioseo_notices":[],"aioseo_head":"\n\t\t<!-- All in One SEO Pro 5.0.1 - aioseo.com -->\n\t<meta name=\"description\" content=\"El consejero asturiano se ha referido a la importancia del agua como sustento de la vida en los sistemas y ha considerado ineludible su protecci\u00f3n y recuperaci\u00f3n\" \/>\n\t<meta name=\"robots\" content=\"max-image-preview:large\" \/>\n\t<meta name=\"author\" content=\"El Digital de Asturias\"\/>\n\t<meta name=\"google-site-verification\" content=\"UA-38556648-1\" \/>\n\t<meta name=\"msvalidate.01\" content=\"7dfe9f3f1b24437ab69f4f2559babe99\" \/>\n\t<meta name=\"keywords\" content=\"asturias,econom\u00eda,principado,cofi\u00f1o,actualidad asturias\" \/>\n\t<link rel=\"canonical\" href=\"https:\/\/www.eldigitaldeasturias.com\/noticias\/cofino-la-economia-circular-sera-muy-importante-para-asturias\/\" \/>\n\t<meta name=\"generator\" content=\"All in One SEO Pro (AIOSEO) 5.0.1\" \/>\n\t\t<meta property=\"og:locale\" content=\"es_ES\" \/>\n\t\t<meta property=\"og:site_name\" content=\"El Digital de Asturias\" \/>\n\t\t<meta property=\"og:type\" content=\"article\" \/>\n\t\t<meta property=\"og:title\" content=\"Cofi\u00f1o: La econom\u00eda circular ser\u00e1 muy importante para Asturias - El Digital de Asturias\" \/>\n\t\t<meta property=\"og:description\" content=\"El consejero asturiano se ha referido a la importancia del agua como sustento de la vida en los sistemas y ha considerado ineludible su protecci\u00f3n y recuperaci\u00f3n\" \/>\n\t\t<meta property=\"og:url\" content=\"https:\/\/www.eldigitaldeasturias.com\/noticias\/cofino-la-economia-circular-sera-muy-importante-para-asturias\/\" \/>\n\t\t<meta property=\"article:tag\" content=\"asturias\" \/>\n\t\t<meta property=\"article:tag\" content=\"econom\u00eda\" \/>\n\t\t<meta property=\"article:tag\" content=\"principado\" \/>\n\t\t<meta property=\"article:tag\" content=\"cofi\u00f1o\" \/>\n\t\t<meta property=\"article:tag\" content=\"actualidad asturias\" \/>\n\t\t<meta property=\"article:published_time\" content=\"2021-06-04T19:36:42+00:00\" \/>\n\t\t<meta property=\"article:modified_time\" content=\"2021-06-04T19:36:42+00:00\" \/>\n\t\t<meta property=\"article:publisher\" content=\"https:\/\/facebook.com\/eldigitaldeasturias\" \/>\n\t\t<meta name=\"twitter:card\" content=\"summary_large_image\" \/>\n\t\t<meta name=\"twitter:title\" content=\"Cofi\u00f1o: La econom\u00eda circular ser\u00e1 muy importante para Asturias - El Digital de Asturias\" \/>\n\t\t<meta name=\"twitter:description\" content=\"El consejero asturiano se ha referido a la importancia del agua como sustento de la vida en los sistemas y ha considerado ineludible su protecci\u00f3n y recuperaci\u00f3n\" \/>\n\t\t<meta name=\"twitter:image\" content=\"https:\/\/www.eldigitaldeasturias.com\/noticias\/wp-content\/uploads\/2020\/12\/EDA-1.jpg\" \/>\n\t\t<meta name=\"twitter:label1\" content=\"Escrito por\" \/>\n\t\t<meta name=\"twitter:data1\" content=\"El Digital de Asturias\" \/>\n\t\t<meta name=\"twitter:label2\" content=\"Tiempo de lectura estimado\" \/>\n\t\t<meta name=\"twitter:data2\" content=\"2 minutos\" \/>\n\t\t<script type=\"application\/ld+json\" class=\"aioseo-schema\">\n\t\t\t{\"@context\":\"https:\\\/\\\/schema.org\",\"@graph\":[{\"@type\":\"BlogPosting\",\"@id\":\"https:\\\/\\\/www.eldigitaldeasturias.com\\\/noticias\\\/cofino-la-economia-circular-sera-muy-importante-para-asturias\\\/#blogposting\",\"name\":\"Cofi\\u00f1o: La econom\\u00eda circular ser\\u00e1 muy importante para Asturias - El Digital de Asturias\",\"headline\":\"Cofi\\u00f1o: La econom\\u00eda circular ser\\u00e1 muy importante para Asturias\",\"author\":{\"@id\":\"https:\\\/\\\/www.eldigitaldeasturias.com\\\/noticias\\\/author\\\/admin\\\/#author\"},\"publisher\":{\"@id\":\"https:\\\/\\\/www.eldigitaldeasturias.com\\\/noticias\\\/#organization\"},\"image\":{\"@type\":\"ImageObject\",\"url\":1093081},\"datePublished\":\"2021-06-04T20:36:42+02:00\",\"dateModified\":\"2021-06-04T20:36:42+02:00\",\"inLanguage\":\"es-ES\",\"mainEntityOfPage\":{\"@id\":\"https:\\\/\\\/www.eldigitaldeasturias.com\\\/noticias\\\/cofino-la-economia-circular-sera-muy-importante-para-asturias\\\/#webpage\"},\"isPartOf\":{\"@id\":\"https:\\\/\\\/www.eldigitaldeasturias.com\\\/noticias\\\/cofino-la-economia-circular-sera-muy-importante-para-asturias\\\/#webpage\"},\"articleSection\":\"Actualidad Asturias\"},{\"@type\":\"BreadcrumbList\",\"@id\":\"https:\\\/\\\/www.eldigitaldeasturias.com\\\/noticias\\\/cofino-la-economia-circular-sera-muy-importante-para-asturias\\\/#breadcrumblist\",\"itemListElement\":[{\"@type\":\"ListItem\",\"@id\":\"https:\\\/\\\/www.eldigitaldeasturias.com\\\/noticias#listItem\",\"position\":1,\"name\":\"Home\",\"item\":\"https:\\\/\\\/www.eldigitaldeasturias.com\\\/noticias\",\"nextItem\":{\"@type\":\"ListItem\",\"@id\":\"https:\\\/\\\/www.eldigitaldeasturias.com\\\/noticias\\\/category\\\/actualidad-asturias\\\/#listItem\",\"name\":\"Actualidad Asturias\"}},{\"@type\":\"ListItem\",\"@id\":\"https:\\\/\\\/www.eldigitaldeasturias.com\\\/noticias\\\/category\\\/actualidad-asturias\\\/#listItem\",\"position\":2,\"name\":\"Actualidad Asturias\",\"item\":\"https:\\\/\\\/www.eldigitaldeasturias.com\\\/noticias\\\/category\\\/actualidad-asturias\\\/\",\"nextItem\":{\"@type\":\"ListItem\",\"@id\":\"https:\\\/\\\/www.eldigitaldeasturias.com\\\/noticias\\\/cofino-la-economia-circular-sera-muy-importante-para-asturias\\\/#listItem\",\"name\":\"Cofi\\u00f1o: La econom\\u00eda circular ser\\u00e1 muy importante para Asturias\"},\"previousItem\":{\"@type\":\"ListItem\",\"@id\":\"https:\\\/\\\/www.eldigitaldeasturias.com\\\/noticias#listItem\",\"name\":\"Home\"}},{\"@type\":\"ListItem\",\"@id\":\"https:\\\/\\\/www.eldigitaldeasturias.com\\\/noticias\\\/cofino-la-economia-circular-sera-muy-importante-para-asturias\\\/#listItem\",\"position\":3,\"name\":\"Cofi\\u00f1o: La econom\\u00eda circular ser\\u00e1 muy importante para Asturias\",\"previousItem\":{\"@type\":\"ListItem\",\"@id\":\"https:\\\/\\\/www.eldigitaldeasturias.com\\\/noticias\\\/category\\\/actualidad-asturias\\\/#listItem\",\"name\":\"Actualidad Asturias\"}}]},{\"@type\":\"Organization\",\"@id\":\"https:\\\/\\\/www.eldigitaldeasturias.com\\\/noticias\\\/#organization\",\"name\":\"El Digital de Asturias\",\"description\":\"Hemeroteca\",\"url\":\"https:\\\/\\\/www.eldigitaldeasturias.com\\\/noticias\\\/\",\"email\":\"info@eldigitaldeasturias.com\",\"telephone\":\"+34652131393\",\"logo\":{\"@type\":\"ImageObject\",\"url\":\"https:\\\/\\\/www.eldigitaldeasturias.com\\\/noticias\\\/wp-content\\\/uploads\\\/2020\\\/12\\\/EDA.jpg\",\"@id\":\"https:\\\/\\\/www.eldigitaldeasturias.com\\\/noticias\\\/cofino-la-economia-circular-sera-muy-importante-para-asturias\\\/#organizationLogo\"},\"image\":{\"@id\":\"https:\\\/\\\/www.eldigitaldeasturias.com\\\/noticias\\\/cofino-la-economia-circular-sera-muy-importante-para-asturias\\\/#organizationLogo\"},\"sameAs\":[\"https:\\\/\\\/facebook.com\\\/eldigitaldeasturias\",\"https:\\\/\\\/www.youtube.com\\\/channel\\\/UCZP-2wLEB9Rv6erhFmqVnvg\"],\"address\":{\"@id\":\"https:\\\/\\\/www.eldigitaldeasturias.com\\\/noticias\\\/#postaladdress\",\"@type\":\"PostalAddress\",\"streetAddress\":\"san antonio 4\",\"postalCode\":\"33430\",\"addressLocality\":\"Cand\\u00e1s\",\"addressRegion\":\"Asturias\",\"addressCountry\":\"ES\"}},{\"@type\":\"Person\",\"@id\":\"https:\\\/\\\/www.eldigitaldeasturias.com\\\/noticias\\\/author\\\/admin\\\/#author\",\"url\":\"https:\\\/\\\/www.eldigitaldeasturias.com\\\/noticias\\\/author\\\/admin\\\/\",\"name\":\"El Digital de Asturias\",\"image\":{\"@type\":\"ImageObject\",\"@id\":\"https:\\\/\\\/www.eldigitaldeasturias.com\\\/noticias\\\/cofino-la-economia-circular-sera-muy-importante-para-asturias\\\/#authorImage\",\"url\":\"https:\\\/\\\/secure.gravatar.com\\\/avatar\\\/df2aeffc32bcd13f8d26072ef8a91b623d677766deac7f97ca815868cd41bf5e?s=96&d=mm&r=g\",\"width\":96,\"height\":96,\"caption\":\"El Digital de Asturias\"}},{\"@type\":\"WebPage\",\"@id\":\"https:\\\/\\\/www.eldigitaldeasturias.com\\\/noticias\\\/cofino-la-economia-circular-sera-muy-importante-para-asturias\\\/#webpage\",\"url\":\"https:\\\/\\\/www.eldigitaldeasturias.com\\\/noticias\\\/cofino-la-economia-circular-sera-muy-importante-para-asturias\\\/\",\"name\":\"Cofi\\u00f1o: La econom\\u00eda circular ser\\u00e1 muy importante para Asturias - El Digital de Asturias\",\"description\":\"El consejero asturiano se ha referido a la importancia del agua como sustento de la vida en los sistemas y ha considerado ineludible su protecci\\u00f3n y recuperaci\\u00f3n\",\"inLanguage\":\"es-ES\",\"isPartOf\":{\"@id\":\"https:\\\/\\\/www.eldigitaldeasturias.com\\\/noticias\\\/#website\"},\"breadcrumb\":{\"@id\":\"https:\\\/\\\/www.eldigitaldeasturias.com\\\/noticias\\\/cofino-la-economia-circular-sera-muy-importante-para-asturias\\\/#breadcrumblist\"},\"author\":{\"@id\":\"https:\\\/\\\/www.eldigitaldeasturias.com\\\/noticias\\\/author\\\/admin\\\/#author\"},\"creator\":{\"@id\":\"https:\\\/\\\/www.eldigitaldeasturias.com\\\/noticias\\\/author\\\/admin\\\/#author\"},\"image\":{\"@type\":\"ImageObject\",\"url\":1093081,\"@id\":\"https:\\\/\\\/www.eldigitaldeasturias.com\\\/noticias\\\/cofino-la-economia-circular-sera-muy-importante-para-asturias\\\/#mainImage\"},\"primaryImageOfPage\":{\"@id\":\"https:\\\/\\\/www.eldigitaldeasturias.com\\\/noticias\\\/cofino-la-economia-circular-sera-muy-importante-para-asturias\\\/#mainImage\"},\"datePublished\":\"2021-06-04T20:36:42+02:00\",\"dateModified\":\"2021-06-04T20:36:42+02:00\"},{\"@type\":\"WebSite\",\"@id\":\"https:\\\/\\\/www.eldigitaldeasturias.com\\\/noticias\\\/#website\",\"url\":\"https:\\\/\\\/www.eldigitaldeasturias.com\\\/noticias\\\/\",\"name\":\"El Digital de Asturias - Diario de actualidad y noticias\",\"alternateName\":\"El Digital de Asturias - Diario de actualidad y noticias\",\"description\":\"Hemeroteca\",\"inLanguage\":\"es-ES\",\"publisher\":{\"@id\":\"https:\\\/\\\/www.eldigitaldeasturias.com\\\/noticias\\\/#organization\"}}]}\n\t\t<\/script>\n\t\t<!-- All in One SEO Pro -->\r\n\t\t<title>Cofi\u00f1o: La econom\u00eda circular ser\u00e1 muy importante para Asturias - El Digital de Asturias<\/title>\n\n","aioseo_head_json":{"title":"Cofi\u00f1o: La econom\u00eda circular ser\u00e1 muy importante para Asturias - El Digital de Asturias","description":"El consejero asturiano se ha referido a la importancia del agua como sustento de la vida en los sistemas y ha considerado ineludible su protecci\u00f3n y recuperaci\u00f3n","canonical_url":"https:\/\/www.eldigitaldeasturias.com\/noticias\/cofino-la-economia-circular-sera-muy-importante-para-asturias\/","robots":"max-image-preview:large","keywords":"asturias,econom\u00eda,principado,cofi\u00f1o,actualidad asturias","webmasterTools":{"google-site-verification":"UA-38556648-1","msvalidate.01":"7dfe9f3f1b24437ab69f4f2559babe99","miscellaneous":""},"schema":{"@context":"https:\/\/schema.org","@graph":[{"@type":"BlogPosting","@id":"https:\/\/www.eldigitaldeasturias.com\/noticias\/cofino-la-economia-circular-sera-muy-importante-para-asturias\/#blogposting","name":"Cofi\u00f1o: La econom\u00eda circular ser\u00e1 muy importante para Asturias - El Digital de Asturias","headline":"Cofi\u00f1o: La econom\u00eda circular ser\u00e1 muy importante para Asturias","author":{"@id":"https:\/\/www.eldigitaldeasturias.com\/noticias\/author\/admin\/#author"},"publisher":{"@id":"https:\/\/www.eldigitaldeasturias.com\/noticias\/#organization"},"image":{"@type":"ImageObject","url":1093081},"datePublished":"2021-06-04T20:36:42+02:00","dateModified":"2021-06-04T20:36:42+02:00","inLanguage":"es-ES","mainEntityOfPage":{"@id":"https:\/\/www.eldigitaldeasturias.com\/noticias\/cofino-la-economia-circular-sera-muy-importante-para-asturias\/#webpage"},"isPartOf":{"@id":"https:\/\/www.eldigitaldeasturias.com\/noticias\/cofino-la-economia-circular-sera-muy-importante-para-asturias\/#webpage"},"articleSection":"Actualidad Asturias"},{"@type":"BreadcrumbList","@id":"https:\/\/www.eldigitaldeasturias.com\/noticias\/cofino-la-economia-circular-sera-muy-importante-para-asturias\/#breadcrumblist","itemListElement":[{"@type":"ListItem","@id":"https:\/\/www.eldigitaldeasturias.com\/noticias#listItem","position":1,"name":"Home","item":"https:\/\/www.eldigitaldeasturias.com\/noticias","nextItem":{"@type":"ListItem","@id":"https:\/\/www.eldigitaldeasturias.com\/noticias\/category\/actualidad-asturias\/#listItem","name":"Actualidad Asturias"}},{"@type":"ListItem","@id":"https:\/\/www.eldigitaldeasturias.com\/noticias\/category\/actualidad-asturias\/#listItem","position":2,"name":"Actualidad Asturias","item":"https:\/\/www.eldigitaldeasturias.com\/noticias\/category\/actualidad-asturias\/","nextItem":{"@type":"ListItem","@id":"https:\/\/www.eldigitaldeasturias.com\/noticias\/cofino-la-economia-circular-sera-muy-importante-para-asturias\/#listItem","name":"Cofi\u00f1o: La econom\u00eda circular ser\u00e1 muy importante para Asturias"},"previousItem":{"@type":"ListItem","@id":"https:\/\/www.eldigitaldeasturias.com\/noticias#listItem","name":"Home"}},{"@type":"ListItem","@id":"https:\/\/www.eldigitaldeasturias.com\/noticias\/cofino-la-economia-circular-sera-muy-importante-para-asturias\/#listItem","position":3,"name":"Cofi\u00f1o: La econom\u00eda circular ser\u00e1 muy importante para Asturias","previousItem":{"@type":"ListItem","@id":"https:\/\/www.eldigitaldeasturias.com\/noticias\/category\/actualidad-asturias\/#listItem","name":"Actualidad Asturias"}}]},{"@type":"Organization","@id":"https:\/\/www.eldigitaldeasturias.com\/noticias\/#organization","name":"El Digital de Asturias","description":"Hemeroteca","url":"https:\/\/www.eldigitaldeasturias.com\/noticias\/","email":"info@eldigitaldeasturias.com","telephone":"+34652131393","logo":{"@type":"ImageObject","url":"https:\/\/www.eldigitaldeasturias.com\/noticias\/wp-content\/uploads\/2020\/12\/EDA.jpg","@id":"https:\/\/www.eldigitaldeasturias.com\/noticias\/cofino-la-economia-circular-sera-muy-importante-para-asturias\/#organizationLogo"},"image":{"@id":"https:\/\/www.eldigitaldeasturias.com\/noticias\/cofino-la-economia-circular-sera-muy-importante-para-asturias\/#organizationLogo"},"sameAs":["https:\/\/facebook.com\/eldigitaldeasturias","https:\/\/www.youtube.com\/channel\/UCZP-2wLEB9Rv6erhFmqVnvg"],"address":{"@id":"https:\/\/www.eldigitaldeasturias.com\/noticias\/#postaladdress","@type":"PostalAddress","streetAddress":"san antonio 4","postalCode":"33430","addressLocality":"Cand\u00e1s","addressRegion":"Asturias","addressCountry":"ES"}},{"@type":"Person","@id":"https:\/\/www.eldigitaldeasturias.com\/noticias\/author\/admin\/#author","url":"https:\/\/www.eldigitaldeasturias.com\/noticias\/author\/admin\/","name":"El Digital de Asturias","image":{"@type":"ImageObject","@id":"https:\/\/www.eldigitaldeasturias.com\/noticias\/cofino-la-economia-circular-sera-muy-importante-para-asturias\/#authorImage","url":"https:\/\/secure.gravatar.com\/avatar\/df2aeffc32bcd13f8d26072ef8a91b623d677766deac7f97ca815868cd41bf5e?s=96&d=mm&r=g","width":96,"height":96,"caption":"El Digital de Asturias"}},{"@type":"WebPage","@id":"https:\/\/www.eldigitaldeasturias.com\/noticias\/cofino-la-economia-circular-sera-muy-importante-para-asturias\/#webpage","url":"https:\/\/www.eldigitaldeasturias.com\/noticias\/cofino-la-economia-circular-sera-muy-importante-para-asturias\/","name":"Cofi\u00f1o: La econom\u00eda circular ser\u00e1 muy importante para Asturias - El Digital de Asturias","description":"El consejero asturiano se ha referido a la importancia del agua como sustento de la vida en los sistemas y ha considerado ineludible su protecci\u00f3n y recuperaci\u00f3n","inLanguage":"es-ES","isPartOf":{"@id":"https:\/\/www.eldigitaldeasturias.com\/noticias\/#website"},"breadcrumb":{"@id":"https:\/\/www.eldigitaldeasturias.com\/noticias\/cofino-la-economia-circular-sera-muy-importante-para-asturias\/#breadcrumblist"},"author":{"@id":"https:\/\/www.eldigitaldeasturias.com\/noticias\/author\/admin\/#author"},"creator":{"@id":"https:\/\/www.eldigitaldeasturias.com\/noticias\/author\/admin\/#author"},"image":{"@type":"ImageObject","url":1093081,"@id":"https:\/\/www.eldigitaldeasturias.com\/noticias\/cofino-la-economia-circular-sera-muy-importante-para-asturias\/#mainImage"},"primaryImageOfPage":{"@id":"https:\/\/www.eldigitaldeasturias.com\/noticias\/cofino-la-economia-circular-sera-muy-importante-para-asturias\/#mainImage"},"datePublished":"2021-06-04T20:36:42+02:00","dateModified":"2021-06-04T20:36:42+02:00"},{"@type":"WebSite","@id":"https:\/\/www.eldigitaldeasturias.com\/noticias\/#website","url":"https:\/\/www.eldigitaldeasturias.com\/noticias\/","name":"El Digital de Asturias - Diario de actualidad y noticias","alternateName":"El Digital de Asturias - Diario de actualidad y noticias","description":"Hemeroteca","inLanguage":"es-ES","publisher":{"@id":"https:\/\/www.eldigitaldeasturias.com\/noticias\/#organization"}}]},"og:locale":"es_ES","og:site_name":"El Digital de Asturias","og:type":"article","og:title":"Cofi\u00f1o: La econom\u00eda circular ser\u00e1 muy importante para Asturias - El Digital de Asturias","og:description":"El consejero asturiano se ha referido a la importancia del agua como sustento de la vida en los sistemas y ha considerado ineludible su protecci\u00f3n y recuperaci\u00f3n","og:url":"https:\/\/www.eldigitaldeasturias.com\/noticias\/cofino-la-economia-circular-sera-muy-importante-para-asturias\/","article:tag":["asturias","econom\u00eda","principado","cofi\u00f1o","actualidad asturias"],"article:published_time":"2021-06-04T19:36:42+00:00","article:modified_time":"2021-06-04T19:36:42+00:00","article:publisher":"https:\/\/facebook.com\/eldigitaldeasturias","twitter:card":"summary_large_image","twitter:title":"Cofi\u00f1o: La econom\u00eda circular ser\u00e1 muy importante para Asturias - El Digital de Asturias","twitter:description":"El consejero asturiano se ha referido a la importancia del agua como sustento de la vida en los sistemas y ha considerado ineludible su protecci\u00f3n y recuperaci\u00f3n","twitter:image":"https:\/\/www.eldigitaldeasturias.com\/noticias\/wp-content\/uploads\/2020\/12\/EDA-1.jpg","twitter:label1":"Escrito por","twitter:data1":"El Digital de Asturias","twitter:label2":"Tiempo de lectura estimado","twitter:data2":"2 minutos"},"aioseo_meta_data":{"post_id":"1093080","title":null,"description":"El consejero asturiano se ha referido a la importancia del agua como sustento de la vida en los sistemas y ha considerado ineludible su protecci\u00f3n y recuperaci\u00f3n","keywords":[{"label":"Asturias","value":"Asturias"},{"label":" econom\u00eda","value":" econom\u00eda"},{"label":" Principado","value":" Principado"},{"label":" Cofi\u00f1o","value":" Cofi\u00f1o"}],"keyphrases":{"focus":{"keyphrase":"Asturias","score":76,"analysis":{"keyphraseInTitle":{"title":"Frase clave objetivo en el t\u00edtulo SEO","description":"Frase clave objetivo encontrada en el t\u00edtulo SEO.","score":9,"maxScore":9,"error":0},"keyphraseInDescription":{"title":"Frase clave objetivo en la meta descripci\u00f3n","description":"Frase clave objetivo no se encuentra en la meta descripci\u00f3n.","score":3,"maxScore":9,"error":1},"keyphraseInURL":{"title":"Frase clave objetivo en la URL","description":"Frase clave objetivo usada en la URL.","score":5,"maxScore":5,"error":0},"keyphraseInIntroduction":{"title":"Frase clave objetivo en la introducci\u00f3n","description":"Su Frase clave objetivo aparece en el primer p\u00e1rrafo. \u00a1Bien hecho!","score":9,"maxScore":9,"error":0},"keyphraseInSubHeadings":[],"keyphraseLength":{"title":"Longitud de la Frase clave objetivo","description":"\u00a1Buen trabajo!","score":9,"maxScore":9,"error":0,"length":1},"keyphraseInImageAlt":{"title":"Frase clave objetivo en los atributos alt de la imagen.","description":"Frase clave objetivo no se encuentra en los atributos alt de la imagen. A\u00f1ada una imagen con su Frase clave objetivo como texto alternativo.","score":3,"maxScore":9,"error":1}}},"additional":[{"keyphrase":"Juan Cofi\u00f1o","score":83,"analysis":{"keyphraseInDescription":{"title":"Frase clave en la meta descripci\u00f3n","description":"Frase clave no se encuentra en la meta descripci\u00f3n.","score":3,"maxScore":9,"error":1},"keyphraseInIntroduction":{"title":"Frase clave en la introducci\u00f3n","description":"Su Frase clave aparece en el primer p\u00e1rrafo. \u00a1Bien hecho!","score":9,"maxScore":9,"error":0},"keyphraseInImageAlt":{"title":"Frase clave en los atributos alt de la imagen.","description":"Frase clave encontrada en los atributos alt de la(s) imagen(es).","score":9,"maxScore":9,"error":0},"keyphraseLength":{"title":"Longitud de la Frase clave","description":"\u00a1Buen trabajo!","score":9,"maxScore":9,"error":0,"length":2}}},{"keyphrase":"asturiano","score":83,"analysis":{"keyphraseInDescription":{"title":"Frase clave en la meta descripci\u00f3n","description":"Frase clave encontrada en la meta descripci\u00f3n.","score":9,"maxScore":9,"error":0},"keyphraseInIntroduction":{"title":"Frase clave en la introducci\u00f3n","description":"Su Frase clave aparece en el primer p\u00e1rrafo. \u00a1Bien hecho!","score":9,"maxScore":9,"error":0},"keyphraseInImageAlt":{"title":"Frase clave en los atributos alt de la imagen.","description":"Frase clave no se encuentra en los atributos alt de la imagen. A\u00f1ada una imagen con su Frase clave como texto alternativo.","score":3,"maxScore":9,"error":1},"keyphraseLength":{"title":"Longitud de la Frase clave","description":"\u00a1Buen trabajo!","score":9,"maxScore":9,"error":0,"length":1}}}]},"primary_term":null,"canonical_url":null,"og_title":null,"og_description":null,"og_object_type":"default","og_image_type":"default","og_image_url":null,"og_image_width":null,"og_image_height":null,"og_image_custom_url":null,"og_image_custom_fields":null,"og_video":"","og_custom_url":null,"og_article_section":null,"og_article_tags":[],"twitter_use_og":false,"twitter_card":"default","twitter_image_type":"default","twitter_image_url":null,"twitter_image_custom_url":null,"twitter_image_custom_fields":null,"twitter_title":null,"twitter_description":null,"schema":{"blockGraphs":[],"customGraphs":[],"default":{"data":{"Article":[],"Course":[],"Dataset":[],"FAQPage":[],"Movie":[],"Person":[],"Product":[],"ProductReview":[],"Car":[],"Recipe":[],"Service":[],"SoftwareApplication":[],"WebPage":[]},"graphName":"","isEnabled":true},"graphs":[],"defaultGraph":"Article","defaultPostTypeGraph":""},"schema_type":"default","schema_type_options":"{\"article\":{\"articleType\":\"BlogPosting\"},\"course\":{\"name\":\"\",\"description\":\"\",\"provider\":\"\"},\"faq\":{\"pages\":[]},\"product\":{\"reviews\":[]},\"recipe\":{\"ingredients\":[],\"instructions\":[],\"keywords\":[]},\"software\":{\"reviews\":[],\"operatingSystems\":[]},\"webPage\":{\"webPageType\":\"WebPage\"}}","pillar_content":false,"robots_default":true,"robots_noindex":false,"robots_noarchive":false,"robots_nosnippet":false,"robots_nofollow":false,"robots_noimageindex":false,"robots_noodp":false,"robots_notranslate":false,"robots_max_snippet":"-1","robots_max_videopreview":"-1","robots_max_imagepreview":"large","priority":null,"frequency":"default","local_seo":{"locations":{"business":{"name":"","businessType":"","image":"","areaServed":"","urls":{"website":"","aboutPage":"","contactPage":""},"address":{"streetLine1":"","streetLine2":"","zipCode":"","city":"","state":"","country":"","addressFormat":"#streetLineOne\n#streetLineTwo\n#city, #state #zipCode"},"contact":{"email":"","phone":"","phoneFormatted":"","fax":"","faxFormatted":""},"ids":{"vat":"","tax":"","chamberOfCommerce":""},"payment":{"priceRange":"","currenciesAccepted":"","methods":""}}},"openingHours":{"useDefaults":true,"show":true,"alwaysOpen":false,"use24hFormat":false,"timezone":"","labels":{"closed":"","alwaysOpen":""},"days":{"monday":{"open24h":false,"closed":false,"openTime":"09:00","closeTime":"17:00"},"tuesday":{"open24h":false,"closed":false,"openTime":"09:00","closeTime":"17:00"},"wednesday":{"open24h":false,"closed":false,"openTime":"09:00","closeTime":"17:00"},"thursday":{"open24h":false,"closed":false,"openTime":"09:00","closeTime":"17:00"},"friday":{"open24h":false,"closed":false,"openTime":"09:00","closeTime":"17:00"},"saturday":{"open24h":false,"closed":false,"openTime":"09:00","closeTime":"17:00"},"sunday":{"open24h":false,"closed":false,"openTime":"09:00","closeTime":"17:00"}}}},"seo_analyzer_scan_date":"2026-07-18 11:30:44","breadcrumb_settings":null,"limit_modified_date":false,"open_ai":null,"ai":null,"created":"2021-06-04 19:23:17","updated":"2026-07-18 11:30:44","focus_keyword":"Asturias","additional_keywords":[{"word":"Juan Cofi\u00f1o","score":83},{"word":"asturiano","score":83}],"truseo_locale":null},"aioseo_breadcrumb":"<div class=\"aioseo-breadcrumbs\"><span class=\"aioseo-breadcrumb\">\n\t<a href=\"https:\/\/www.eldigitaldeasturias.com\/noticias\" title=\"Home\">Home<\/a>\n<\/span><span class=\"aioseo-breadcrumb-separator\">\u2013<\/span><span class=\"aioseo-breadcrumb\">\n\t<a href=\"https:\/\/www.eldigitaldeasturias.com\/noticias\/category\/actualidad-asturias\/\" title=\"Actualidad Asturias\">Actualidad Asturias<\/a>\n<\/span><span class=\"aioseo-breadcrumb-separator\">\u2013<\/span><span class=\"aioseo-breadcrumb\">\n\t<a href=\"https:\/\/www.eldigitaldeasturias.com\/noticias\/cofino-la-economia-circular-sera-muy-importante-para-asturias\/\" title=\"Cofi\u00f1o: La econom\u00eda circular ser\u00e1 muy importante para Asturias\">Cofi\u00f1o: La econom\u00eda circular ser\u00e1 muy importante para Asturias<\/a>\n<\/span><\/div>","aioseo_breadcrumb_json":[{"label":"Home","link":"https:\/\/www.eldigitaldeasturias.com\/noticias"},{"label":"Actualidad Asturias","link":"https:\/\/www.eldigitaldeasturias.com\/noticias\/category\/actualidad-asturias\/"},{"label":"Cofi\u00f1o: La econom\u00eda circular ser\u00e1 muy importante para Asturias","link":"https:\/\/www.eldigitaldeasturias.com\/noticias\/cofino-la-economia-circular-sera-muy-importante-para-asturias\/"}],"_links":{"self":[{"href":"https:\/\/www.eldigitaldeasturias.com\/noticias\/wp-json\/wp\/v2\/posts\/1093080","targetHints":{"allow":["GET"]}}],"collection":[{"href":"https:\/\/www.eldigitaldeasturias.com\/noticias\/wp-json\/wp\/v2\/posts"}],"about":[{"href":"https:\/\/www.eldigitaldeasturias.com\/noticias\/wp-json\/wp\/v2\/types\/post"}],"author":[{"embeddable":true,"href":"https:\/\/www.eldigitaldeasturias.com\/noticias\/wp-json\/wp\/v2\/users\/1"}],"replies":[{"embeddable":true,"href":"https:\/\/www.eldigitaldeasturias.com\/noticias\/wp-json\/wp\/v2\/comments?post=1093080"}],"version-history":[{"count":0,"href":"https:\/\/www.eldigitaldeasturias.com\/noticias\/wp-json\/wp\/v2\/posts\/1093080\/revisions"}],"wp:attachment":[{"href":"https:\/\/www.eldigitaldeasturias.com\/noticias\/wp-json\/wp\/v2\/media?parent=1093080"}],"wp:term":[{"taxonomy":"category","embeddable":true,"href":"https:\/\/www.eldigitaldeasturias.com\/noticias\/wp-json\/wp\/v2\/categories?post=1093080"},{"taxonomy":"post_tag","embeddable":true,"href":"https:\/\/www.eldigitaldeasturias.com\/noticias\/wp-json\/wp\/v2\/tags?post=1093080"}],"curies":[{"name":"wp","href":"https:\/\/api.w.org\/{rel}","templated":true}]}}