{"id":1093076,"date":"2021-06-04T20:22:13","date_gmt":"2021-06-04T19:22:13","guid":{"rendered":"https:\/\/www.eldigitaldeasturias.com\/noticias\/?p=1093076"},"modified":"2021-06-04T20:22:36","modified_gmt":"2021-06-04T19:22:36","slug":"vox-asturias-en-contra-de-los-indultos-a-los-presos-del-proces","status":"publish","type":"post","link":"https:\/\/www.eldigitaldeasturias.com\/noticias\/vox-asturias-en-contra-de-los-indultos-a-los-presos-del-proces\/","title":{"rendered":"VOX Asturias en contra de los indultos a los presos del \u00abproc\u00e9s\u00bb"},"content":{"rendered":"<p><img loading=\"lazy\" decoding=\"async\" class=\"alignleft size-medium wp-image-1091126\" src=\"https:\/\/www.eldigitaldeasturias.com\/noticias\/wp-content\/uploads\/2021\/05\/Ignacio-Blanco-VOX-Asturias-360x203.jpg\" alt=\"Ignacio Blanco - VOX Asturias\" width=\"360\" height=\"203\" \/>VOX Asturias ha trasladado al resto de grupos parlamentarios de la Junta General del Principado una Declaraci\u00f3n Institucional de rechazo al indulto a los presos condenados por el \u2018proc\u00e9s\u2019. El documento, presentado por el Grupo Parlamentario al resto de portavoces, insta al Parlamento asturiano a reclamar al Gobierno de la Naci\u00f3n que no indulte a los presos condenados en sentencia firme el pasado 14 de octubre de 2019, por corresponder al deber de todos los poderes p\u00fablicos de defender a Espa\u00f1a y as\u00ed guardar y hacer guardar la Constituci\u00f3n y el resto del ordenamiento jur\u00eddico.<\/p>\n<p>\u201cDesde VOX Asturias consideramos que ser\u00eda muy importante que el presidente del Principado, Adri\u00e1n Barb\u00f3n, se pronunciara sobre la intenci\u00f3n del Gobierno de la naci\u00f3n de conceder los indultos a los golpistas catalanes en contra del criterio del Tribunal Supremo (TS)\u201d. A juicio del portavoz de VOX Asturias, \u201ces inaceptable que quienes han puesto en peligro la integridad nacional sean perdonados por un gobierno que traiciona a todos los constitucionalistas espa\u00f1oles, desde catalanes, a andaluces, o, a asturianos, como precio para mantenerse un poco m\u00e1s en el gobierno, sabedor de que los espa\u00f1oles no volver\u00e1n a darle otra oportunidad se sostienen en terroristas, nacionalistas y golpistas\u201d, se\u00f1ala Ignacio Blanco.<\/p>\n<p>En la Declaraci\u00f3n Institucional enviada al resto de portavoces de los grupos parlamentarios se se\u00f1ala que \u201cresulta parad\u00f3jico que quienes se alzaron violenta y p\u00fablicamente para sustraer parte de la Naci\u00f3n a la obediencia del Gobierno, para derogar la Constituci\u00f3n y as\u00ed instaurar una \u00abrep\u00fablica catalana\u00bb de 8 segundos, acudan al subterfugio de eludir a la justicia del Estado de Derecho invocando que para sus delitos se aplique la prerrogativa real de gracia, cuando precisamente se\u00f1ala la Constituci\u00f3n que \u00abcorresponde al Rey [\u2026] ejercer el derecho de gracia con arreglo a la ley\u201d.<\/p>\n<p>Asimismo, se hace referencia a que \u201cen los \u00faltimos d\u00edas, distintos miembros del Gobierno nacional han manifestado de forma clara la intenci\u00f3n del ejecutivo de conceder dicho indulto a los condenados. Juan Carlos Campo, ministro de Justicia, pidi\u00f3 recientemente en un foro p\u00fablico ver los indultos con \u00abnaturalidad\u00bb. Preguntada al respecto, la portavoz del gobierno, Mar\u00eda Jes\u00fas Montero, habl\u00f3 de \u00abun nuevo tiempo en Catalu\u00f1a\u00bb y de \u00abreconstruir los puentes que se dinamitaron\u00bb. Por \u00faltimo, el propio presidente del Gobierno afirm\u00f3 en sede parlamentaria que \u00abhay un tiempo para el castigo y otro para la concordia\u00bb. Por todo ello, el portavoz de VOX Asturias insiste en que \u201ces muy importante que el Presidente del Principado, Adri\u00e1n Barb\u00f3n, se pronunciara sobre este asunto\u201d.<\/p>\n<p>As\u00ed, el texto de la Declaraci\u00f3n Institucional de VOX Asturias se solicita que \u201cdebe cesar de inmediato la maniobra de quien coopera con separatistas tan fracasados como traidores, con el solo fin de perpetuarse en la Presidencia del Gobierno, impulsando el procedimiento de indulto para quienes no se arrepienten de sus delitos e insisten en que \u00ablo volver\u00edan a hacer\u00bb. No se puede vender la soberan\u00eda nacional por un pu\u00f1ado de votos abdicando del deber de defender a Espa\u00f1a, comprometiendo la dignidad y los intereses vitales de la Patria y atentando contra la independencia y seguridad del Estado y perjudicando su autoridad\u201d.<\/p>\n<p>Por todo lo expuesto en el documento traslado a los portavoces en el Parlamento asturiano, los diputados de VOX Asturias piden que desde la Junta General de Principado se reclame al Gobierno de la Naci\u00f3n que no indulte a los presos del \u2018proc\u00e9s\u2019.<\/p>\n<p>&nbsp;<\/p>\n","protected":false},"excerpt":{"rendered":"<p>VOX Asturias ha trasladado al resto de grupos parlamentarios de la Junta General del Principado una Declaraci\u00f3n Institucional de rechazo al indulto a los presos condenados por el \u2018proc\u00e9s\u2019. El documento, presentado por el Grupo Parlamentario al resto de portavoces, insta al Parlamento asturiano a reclamar al Gobierno de la Naci\u00f3n que no indulte a [&hellip;]<\/p>\n","protected":false},"author":1,"featured_media":1132184,"comment_status":"closed","ping_status":"closed","sticky":false,"template":"","format":"standard","meta":{"footnotes":""},"categories":[12],"tags":[],"class_list":["post-1093076","post","type-post","status-publish","format-standard","has-post-thumbnail","hentry","category-actualidad-asturias"],"aioseo_notices":[],"aioseo_head":"\n\t\t<!-- All in One SEO Pro 5.0.1 - aioseo.com -->\n\t<meta name=\"description\" content=\"Los diputados de VOX Asturias piden que desde la Junta General de Principado se reclame al Gobierno de la Naci\u00f3n que no indulte a los presos del \u2018proc\u00e9s\u2019.\" \/>\n\t<meta name=\"robots\" content=\"max-image-preview:large\" \/>\n\t<meta name=\"author\" content=\"El Digital de Asturias\"\/>\n\t<meta name=\"google-site-verification\" content=\"UA-38556648-1\" \/>\n\t<meta name=\"msvalidate.01\" content=\"7dfe9f3f1b24437ab69f4f2559babe99\" \/>\n\t<meta name=\"keywords\" content=\"vox asturias,indultos,noticias asturias,actualidad asturias\" \/>\n\t<link rel=\"canonical\" href=\"https:\/\/www.eldigitaldeasturias.com\/noticias\/vox-asturias-en-contra-de-los-indultos-a-los-presos-del-proces\/\" \/>\n\t<meta name=\"generator\" content=\"All in One SEO Pro (AIOSEO) 5.0.1\" \/>\n\t\t<meta property=\"og:locale\" content=\"es_ES\" \/>\n\t\t<meta property=\"og:site_name\" content=\"El Digital de Asturias\" \/>\n\t\t<meta property=\"og:type\" content=\"article\" \/>\n\t\t<meta property=\"og:title\" content=\"VOX Asturias en contra de los indultos a los presos del \u00abproc\u00e9s\u00bb - El Digital de Asturias\" \/>\n\t\t<meta property=\"og:description\" content=\"Los diputados de VOX Asturias piden que desde la Junta General de Principado se reclame al Gobierno de la Naci\u00f3n que no indulte a los presos del \u2018proc\u00e9s\u2019.\" \/>\n\t\t<meta property=\"og:url\" content=\"https:\/\/www.eldigitaldeasturias.com\/noticias\/vox-asturias-en-contra-de-los-indultos-a-los-presos-del-proces\/\" \/>\n\t\t<meta property=\"og:image\" content=\"https:\/\/www.eldigitaldeasturias.com\/noticias\/wp-content\/uploads\/2026\/06\/Contenidos.jpg\" \/>\n\t\t<meta property=\"og:image:secure_url\" content=\"https:\/\/www.eldigitaldeasturias.com\/noticias\/wp-content\/uploads\/2026\/06\/Contenidos.jpg\" \/>\n\t\t<meta property=\"og:image:width\" content=\"1265\" \/>\n\t\t<meta property=\"og:image:height\" content=\"697\" \/>\n\t\t<meta property=\"article:tag\" content=\"vox asturias\" \/>\n\t\t<meta property=\"article:tag\" content=\"indultos\" \/>\n\t\t<meta property=\"article:tag\" content=\"noticias asturias\" \/>\n\t\t<meta property=\"article:tag\" content=\"actualidad asturias\" \/>\n\t\t<meta property=\"article:published_time\" content=\"2021-06-04T19:22:13+00:00\" \/>\n\t\t<meta property=\"article:modified_time\" content=\"2021-06-04T19:22:36+00:00\" \/>\n\t\t<meta property=\"article:publisher\" content=\"https:\/\/facebook.com\/eldigitaldeasturias\" \/>\n\t\t<meta name=\"twitter:card\" content=\"summary_large_image\" \/>\n\t\t<meta name=\"twitter:title\" content=\"VOX Asturias en contra de los indultos a los presos del \u00abproc\u00e9s\u00bb - El Digital de Asturias\" \/>\n\t\t<meta name=\"twitter:description\" content=\"Los diputados de VOX Asturias piden que desde la Junta General de Principado se reclame al Gobierno de la Naci\u00f3n que no indulte a los presos del \u2018proc\u00e9s\u2019.\" \/>\n\t\t<meta name=\"twitter:image\" content=\"https:\/\/www.eldigitaldeasturias.com\/noticias\/wp-content\/uploads\/2026\/06\/Contenidos.jpg\" \/>\n\t\t<meta name=\"twitter:label1\" content=\"Escrito por\" \/>\n\t\t<meta name=\"twitter:data1\" content=\"El Digital de Asturias\" \/>\n\t\t<meta name=\"twitter:label2\" content=\"Tiempo de lectura estimado\" \/>\n\t\t<meta name=\"twitter:data2\" content=\"3 minutos\" \/>\n\t\t<script type=\"application\/ld+json\" class=\"aioseo-schema\">\n\t\t\t{\"@context\":\"https:\\\/\\\/schema.org\",\"@graph\":[{\"@type\":\"BlogPosting\",\"@id\":\"https:\\\/\\\/www.eldigitaldeasturias.com\\\/noticias\\\/vox-asturias-en-contra-de-los-indultos-a-los-presos-del-proces\\\/#blogposting\",\"name\":\"VOX Asturias en contra de los indultos a los presos del \\u00abproc\\u00e9s\\u00bb - El Digital de Asturias\",\"headline\":\"VOX Asturias en contra de los indultos a los presos del \\u00abproc\\u00e9s\\u00bb\",\"author\":{\"@id\":\"https:\\\/\\\/www.eldigitaldeasturias.com\\\/noticias\\\/author\\\/admin\\\/#author\"},\"publisher\":{\"@id\":\"https:\\\/\\\/www.eldigitaldeasturias.com\\\/noticias\\\/#organization\"},\"image\":{\"@type\":\"ImageObject\",\"url\":\"https:\\\/\\\/www.eldigitaldeasturias.com\\\/noticias\\\/wp-content\\\/uploads\\\/2026\\\/06\\\/Contenidos.jpg\",\"width\":1265,\"height\":697,\"caption\":\"Contenidos\"},\"datePublished\":\"2021-06-04T20:22:13+02:00\",\"dateModified\":\"2021-06-04T20:22:36+02:00\",\"inLanguage\":\"es-ES\",\"mainEntityOfPage\":{\"@id\":\"https:\\\/\\\/www.eldigitaldeasturias.com\\\/noticias\\\/vox-asturias-en-contra-de-los-indultos-a-los-presos-del-proces\\\/#webpage\"},\"isPartOf\":{\"@id\":\"https:\\\/\\\/www.eldigitaldeasturias.com\\\/noticias\\\/vox-asturias-en-contra-de-los-indultos-a-los-presos-del-proces\\\/#webpage\"},\"articleSection\":\"Actualidad Asturias\"},{\"@type\":\"BreadcrumbList\",\"@id\":\"https:\\\/\\\/www.eldigitaldeasturias.com\\\/noticias\\\/vox-asturias-en-contra-de-los-indultos-a-los-presos-del-proces\\\/#breadcrumblist\",\"itemListElement\":[{\"@type\":\"ListItem\",\"@id\":\"https:\\\/\\\/www.eldigitaldeasturias.com\\\/noticias#listItem\",\"position\":1,\"name\":\"Home\",\"item\":\"https:\\\/\\\/www.eldigitaldeasturias.com\\\/noticias\",\"nextItem\":{\"@type\":\"ListItem\",\"@id\":\"https:\\\/\\\/www.eldigitaldeasturias.com\\\/noticias\\\/category\\\/actualidad-asturias\\\/#listItem\",\"name\":\"Actualidad Asturias\"}},{\"@type\":\"ListItem\",\"@id\":\"https:\\\/\\\/www.eldigitaldeasturias.com\\\/noticias\\\/category\\\/actualidad-asturias\\\/#listItem\",\"position\":2,\"name\":\"Actualidad Asturias\",\"item\":\"https:\\\/\\\/www.eldigitaldeasturias.com\\\/noticias\\\/category\\\/actualidad-asturias\\\/\",\"nextItem\":{\"@type\":\"ListItem\",\"@id\":\"https:\\\/\\\/www.eldigitaldeasturias.com\\\/noticias\\\/vox-asturias-en-contra-de-los-indultos-a-los-presos-del-proces\\\/#listItem\",\"name\":\"VOX Asturias en contra de los indultos a los presos del \\u00abproc\\u00e9s\\u00bb\"},\"previousItem\":{\"@type\":\"ListItem\",\"@id\":\"https:\\\/\\\/www.eldigitaldeasturias.com\\\/noticias#listItem\",\"name\":\"Home\"}},{\"@type\":\"ListItem\",\"@id\":\"https:\\\/\\\/www.eldigitaldeasturias.com\\\/noticias\\\/vox-asturias-en-contra-de-los-indultos-a-los-presos-del-proces\\\/#listItem\",\"position\":3,\"name\":\"VOX Asturias en contra de los indultos a los presos del \\u00abproc\\u00e9s\\u00bb\",\"previousItem\":{\"@type\":\"ListItem\",\"@id\":\"https:\\\/\\\/www.eldigitaldeasturias.com\\\/noticias\\\/category\\\/actualidad-asturias\\\/#listItem\",\"name\":\"Actualidad Asturias\"}}]},{\"@type\":\"Organization\",\"@id\":\"https:\\\/\\\/www.eldigitaldeasturias.com\\\/noticias\\\/#organization\",\"name\":\"El Digital de Asturias\",\"description\":\"Hemeroteca\",\"url\":\"https:\\\/\\\/www.eldigitaldeasturias.com\\\/noticias\\\/\",\"email\":\"info@eldigitaldeasturias.com\",\"telephone\":\"+34652131393\",\"logo\":{\"@type\":\"ImageObject\",\"url\":\"https:\\\/\\\/www.eldigitaldeasturias.com\\\/noticias\\\/wp-content\\\/uploads\\\/2020\\\/12\\\/EDA.jpg\",\"@id\":\"https:\\\/\\\/www.eldigitaldeasturias.com\\\/noticias\\\/vox-asturias-en-contra-de-los-indultos-a-los-presos-del-proces\\\/#organizationLogo\"},\"image\":{\"@id\":\"https:\\\/\\\/www.eldigitaldeasturias.com\\\/noticias\\\/vox-asturias-en-contra-de-los-indultos-a-los-presos-del-proces\\\/#organizationLogo\"},\"sameAs\":[\"https:\\\/\\\/facebook.com\\\/eldigitaldeasturias\",\"https:\\\/\\\/www.youtube.com\\\/channel\\\/UCZP-2wLEB9Rv6erhFmqVnvg\"],\"address\":{\"@id\":\"https:\\\/\\\/www.eldigitaldeasturias.com\\\/noticias\\\/#postaladdress\",\"@type\":\"PostalAddress\",\"streetAddress\":\"san antonio 4\",\"postalCode\":\"33430\",\"addressLocality\":\"Cand\\u00e1s\",\"addressRegion\":\"Asturias\",\"addressCountry\":\"ES\"}},{\"@type\":\"Person\",\"@id\":\"https:\\\/\\\/www.eldigitaldeasturias.com\\\/noticias\\\/author\\\/admin\\\/#author\",\"url\":\"https:\\\/\\\/www.eldigitaldeasturias.com\\\/noticias\\\/author\\\/admin\\\/\",\"name\":\"El Digital de Asturias\",\"image\":{\"@type\":\"ImageObject\",\"@id\":\"https:\\\/\\\/www.eldigitaldeasturias.com\\\/noticias\\\/vox-asturias-en-contra-de-los-indultos-a-los-presos-del-proces\\\/#authorImage\",\"url\":\"https:\\\/\\\/secure.gravatar.com\\\/avatar\\\/df2aeffc32bcd13f8d26072ef8a91b623d677766deac7f97ca815868cd41bf5e?s=96&d=mm&r=g\",\"width\":96,\"height\":96,\"caption\":\"El Digital de Asturias\"}},{\"@type\":\"WebPage\",\"@id\":\"https:\\\/\\\/www.eldigitaldeasturias.com\\\/noticias\\\/vox-asturias-en-contra-de-los-indultos-a-los-presos-del-proces\\\/#webpage\",\"url\":\"https:\\\/\\\/www.eldigitaldeasturias.com\\\/noticias\\\/vox-asturias-en-contra-de-los-indultos-a-los-presos-del-proces\\\/\",\"name\":\"VOX Asturias en contra de los indultos a los presos del \\u00abproc\\u00e9s\\u00bb - El Digital de Asturias\",\"description\":\"Los diputados de VOX Asturias piden que desde la Junta General de Principado se reclame al Gobierno de la Naci\\u00f3n que no indulte a los presos del \\u2018proc\\u00e9s\\u2019.\",\"inLanguage\":\"es-ES\",\"isPartOf\":{\"@id\":\"https:\\\/\\\/www.eldigitaldeasturias.com\\\/noticias\\\/#website\"},\"breadcrumb\":{\"@id\":\"https:\\\/\\\/www.eldigitaldeasturias.com\\\/noticias\\\/vox-asturias-en-contra-de-los-indultos-a-los-presos-del-proces\\\/#breadcrumblist\"},\"author\":{\"@id\":\"https:\\\/\\\/www.eldigitaldeasturias.com\\\/noticias\\\/author\\\/admin\\\/#author\"},\"creator\":{\"@id\":\"https:\\\/\\\/www.eldigitaldeasturias.com\\\/noticias\\\/author\\\/admin\\\/#author\"},\"image\":{\"@type\":\"ImageObject\",\"url\":\"https:\\\/\\\/www.eldigitaldeasturias.com\\\/noticias\\\/wp-content\\\/uploads\\\/2026\\\/06\\\/Contenidos.jpg\",\"@id\":\"https:\\\/\\\/www.eldigitaldeasturias.com\\\/noticias\\\/vox-asturias-en-contra-de-los-indultos-a-los-presos-del-proces\\\/#mainImage\",\"width\":1265,\"height\":697,\"caption\":\"Contenidos\"},\"primaryImageOfPage\":{\"@id\":\"https:\\\/\\\/www.eldigitaldeasturias.com\\\/noticias\\\/vox-asturias-en-contra-de-los-indultos-a-los-presos-del-proces\\\/#mainImage\"},\"datePublished\":\"2021-06-04T20:22:13+02:00\",\"dateModified\":\"2021-06-04T20:22:36+02:00\"},{\"@type\":\"WebSite\",\"@id\":\"https:\\\/\\\/www.eldigitaldeasturias.com\\\/noticias\\\/#website\",\"url\":\"https:\\\/\\\/www.eldigitaldeasturias.com\\\/noticias\\\/\",\"name\":\"El Digital de Asturias - Diario de actualidad y noticias\",\"alternateName\":\"El Digital de Asturias - Diario de actualidad y noticias\",\"description\":\"Hemeroteca\",\"inLanguage\":\"es-ES\",\"publisher\":{\"@id\":\"https:\\\/\\\/www.eldigitaldeasturias.com\\\/noticias\\\/#organization\"}}]}\n\t\t<\/script>\n\t\t<!-- All in One SEO Pro -->\r\n\t\t<title>VOX Asturias en contra de los indultos a los presos del \u00abproc\u00e9s\u00bb - El Digital de Asturias<\/title>\n\n","aioseo_head_json":{"title":"VOX Asturias en contra de los indultos a los presos del \u00abproc\u00e9s\u00bb - El Digital de Asturias","description":"Los diputados de VOX Asturias piden que desde la Junta General de Principado se reclame al Gobierno de la Naci\u00f3n que no indulte a los presos del \u2018proc\u00e9s\u2019.","canonical_url":"https:\/\/www.eldigitaldeasturias.com\/noticias\/vox-asturias-en-contra-de-los-indultos-a-los-presos-del-proces\/","robots":"max-image-preview:large","keywords":"vox asturias,indultos,noticias asturias,actualidad asturias","webmasterTools":{"google-site-verification":"UA-38556648-1","msvalidate.01":"7dfe9f3f1b24437ab69f4f2559babe99","miscellaneous":""},"schema":{"@context":"https:\/\/schema.org","@graph":[{"@type":"BlogPosting","@id":"https:\/\/www.eldigitaldeasturias.com\/noticias\/vox-asturias-en-contra-de-los-indultos-a-los-presos-del-proces\/#blogposting","name":"VOX Asturias en contra de los indultos a los presos del \u00abproc\u00e9s\u00bb - El Digital de Asturias","headline":"VOX Asturias en contra de los indultos a los presos del \u00abproc\u00e9s\u00bb","author":{"@id":"https:\/\/www.eldigitaldeasturias.com\/noticias\/author\/admin\/#author"},"publisher":{"@id":"https:\/\/www.eldigitaldeasturias.com\/noticias\/#organization"},"image":{"@type":"ImageObject","url":"https:\/\/www.eldigitaldeasturias.com\/noticias\/wp-content\/uploads\/2026\/06\/Contenidos.jpg","width":1265,"height":697,"caption":"Contenidos"},"datePublished":"2021-06-04T20:22:13+02:00","dateModified":"2021-06-04T20:22:36+02:00","inLanguage":"es-ES","mainEntityOfPage":{"@id":"https:\/\/www.eldigitaldeasturias.com\/noticias\/vox-asturias-en-contra-de-los-indultos-a-los-presos-del-proces\/#webpage"},"isPartOf":{"@id":"https:\/\/www.eldigitaldeasturias.com\/noticias\/vox-asturias-en-contra-de-los-indultos-a-los-presos-del-proces\/#webpage"},"articleSection":"Actualidad Asturias"},{"@type":"BreadcrumbList","@id":"https:\/\/www.eldigitaldeasturias.com\/noticias\/vox-asturias-en-contra-de-los-indultos-a-los-presos-del-proces\/#breadcrumblist","itemListElement":[{"@type":"ListItem","@id":"https:\/\/www.eldigitaldeasturias.com\/noticias#listItem","position":1,"name":"Home","item":"https:\/\/www.eldigitaldeasturias.com\/noticias","nextItem":{"@type":"ListItem","@id":"https:\/\/www.eldigitaldeasturias.com\/noticias\/category\/actualidad-asturias\/#listItem","name":"Actualidad Asturias"}},{"@type":"ListItem","@id":"https:\/\/www.eldigitaldeasturias.com\/noticias\/category\/actualidad-asturias\/#listItem","position":2,"name":"Actualidad Asturias","item":"https:\/\/www.eldigitaldeasturias.com\/noticias\/category\/actualidad-asturias\/","nextItem":{"@type":"ListItem","@id":"https:\/\/www.eldigitaldeasturias.com\/noticias\/vox-asturias-en-contra-de-los-indultos-a-los-presos-del-proces\/#listItem","name":"VOX Asturias en contra de los indultos a los presos del \u00abproc\u00e9s\u00bb"},"previousItem":{"@type":"ListItem","@id":"https:\/\/www.eldigitaldeasturias.com\/noticias#listItem","name":"Home"}},{"@type":"ListItem","@id":"https:\/\/www.eldigitaldeasturias.com\/noticias\/vox-asturias-en-contra-de-los-indultos-a-los-presos-del-proces\/#listItem","position":3,"name":"VOX Asturias en contra de los indultos a los presos del \u00abproc\u00e9s\u00bb","previousItem":{"@type":"ListItem","@id":"https:\/\/www.eldigitaldeasturias.com\/noticias\/category\/actualidad-asturias\/#listItem","name":"Actualidad Asturias"}}]},{"@type":"Organization","@id":"https:\/\/www.eldigitaldeasturias.com\/noticias\/#organization","name":"El Digital de Asturias","description":"Hemeroteca","url":"https:\/\/www.eldigitaldeasturias.com\/noticias\/","email":"info@eldigitaldeasturias.com","telephone":"+34652131393","logo":{"@type":"ImageObject","url":"https:\/\/www.eldigitaldeasturias.com\/noticias\/wp-content\/uploads\/2020\/12\/EDA.jpg","@id":"https:\/\/www.eldigitaldeasturias.com\/noticias\/vox-asturias-en-contra-de-los-indultos-a-los-presos-del-proces\/#organizationLogo"},"image":{"@id":"https:\/\/www.eldigitaldeasturias.com\/noticias\/vox-asturias-en-contra-de-los-indultos-a-los-presos-del-proces\/#organizationLogo"},"sameAs":["https:\/\/facebook.com\/eldigitaldeasturias","https:\/\/www.youtube.com\/channel\/UCZP-2wLEB9Rv6erhFmqVnvg"],"address":{"@id":"https:\/\/www.eldigitaldeasturias.com\/noticias\/#postaladdress","@type":"PostalAddress","streetAddress":"san antonio 4","postalCode":"33430","addressLocality":"Cand\u00e1s","addressRegion":"Asturias","addressCountry":"ES"}},{"@type":"Person","@id":"https:\/\/www.eldigitaldeasturias.com\/noticias\/author\/admin\/#author","url":"https:\/\/www.eldigitaldeasturias.com\/noticias\/author\/admin\/","name":"El Digital de Asturias","image":{"@type":"ImageObject","@id":"https:\/\/www.eldigitaldeasturias.com\/noticias\/vox-asturias-en-contra-de-los-indultos-a-los-presos-del-proces\/#authorImage","url":"https:\/\/secure.gravatar.com\/avatar\/df2aeffc32bcd13f8d26072ef8a91b623d677766deac7f97ca815868cd41bf5e?s=96&d=mm&r=g","width":96,"height":96,"caption":"El Digital de Asturias"}},{"@type":"WebPage","@id":"https:\/\/www.eldigitaldeasturias.com\/noticias\/vox-asturias-en-contra-de-los-indultos-a-los-presos-del-proces\/#webpage","url":"https:\/\/www.eldigitaldeasturias.com\/noticias\/vox-asturias-en-contra-de-los-indultos-a-los-presos-del-proces\/","name":"VOX Asturias en contra de los indultos a los presos del \u00abproc\u00e9s\u00bb - El Digital de Asturias","description":"Los diputados de VOX Asturias piden que desde la Junta General de Principado se reclame al Gobierno de la Naci\u00f3n que no indulte a los presos del \u2018proc\u00e9s\u2019.","inLanguage":"es-ES","isPartOf":{"@id":"https:\/\/www.eldigitaldeasturias.com\/noticias\/#website"},"breadcrumb":{"@id":"https:\/\/www.eldigitaldeasturias.com\/noticias\/vox-asturias-en-contra-de-los-indultos-a-los-presos-del-proces\/#breadcrumblist"},"author":{"@id":"https:\/\/www.eldigitaldeasturias.com\/noticias\/author\/admin\/#author"},"creator":{"@id":"https:\/\/www.eldigitaldeasturias.com\/noticias\/author\/admin\/#author"},"image":{"@type":"ImageObject","url":"https:\/\/www.eldigitaldeasturias.com\/noticias\/wp-content\/uploads\/2026\/06\/Contenidos.jpg","@id":"https:\/\/www.eldigitaldeasturias.com\/noticias\/vox-asturias-en-contra-de-los-indultos-a-los-presos-del-proces\/#mainImage","width":1265,"height":697,"caption":"Contenidos"},"primaryImageOfPage":{"@id":"https:\/\/www.eldigitaldeasturias.com\/noticias\/vox-asturias-en-contra-de-los-indultos-a-los-presos-del-proces\/#mainImage"},"datePublished":"2021-06-04T20:22:13+02:00","dateModified":"2021-06-04T20:22:36+02:00"},{"@type":"WebSite","@id":"https:\/\/www.eldigitaldeasturias.com\/noticias\/#website","url":"https:\/\/www.eldigitaldeasturias.com\/noticias\/","name":"El Digital de Asturias - Diario de actualidad y noticias","alternateName":"El Digital de Asturias - Diario de actualidad y noticias","description":"Hemeroteca","inLanguage":"es-ES","publisher":{"@id":"https:\/\/www.eldigitaldeasturias.com\/noticias\/#organization"}}]},"og:locale":"es_ES","og:site_name":"El Digital de Asturias","og:type":"article","og:title":"VOX Asturias en contra de los indultos a los presos del \u00abproc\u00e9s\u00bb - El Digital de Asturias","og:description":"Los diputados de VOX Asturias piden que desde la Junta General de Principado se reclame al Gobierno de la Naci\u00f3n que no indulte a los presos del \u2018proc\u00e9s\u2019.","og:url":"https:\/\/www.eldigitaldeasturias.com\/noticias\/vox-asturias-en-contra-de-los-indultos-a-los-presos-del-proces\/","og:image":"https:\/\/www.eldigitaldeasturias.com\/noticias\/wp-content\/uploads\/2026\/06\/Contenidos.jpg","og:image:secure_url":"https:\/\/www.eldigitaldeasturias.com\/noticias\/wp-content\/uploads\/2026\/06\/Contenidos.jpg","og:image:width":1265,"og:image:height":697,"article:tag":["vox asturias","indultos","noticias asturias","actualidad asturias"],"article:published_time":"2021-06-04T19:22:13+00:00","article:modified_time":"2021-06-04T19:22:36+00:00","article:publisher":"https:\/\/facebook.com\/eldigitaldeasturias","twitter:card":"summary_large_image","twitter:title":"VOX Asturias en contra de los indultos a los presos del \u00abproc\u00e9s\u00bb - El Digital de Asturias","twitter:description":"Los diputados de VOX Asturias piden que desde la Junta General de Principado se reclame al Gobierno de la Naci\u00f3n que no indulte a los presos del \u2018proc\u00e9s\u2019.","twitter:image":"https:\/\/www.eldigitaldeasturias.com\/noticias\/wp-content\/uploads\/2026\/06\/Contenidos.jpg","twitter:label1":"Escrito por","twitter:data1":"El Digital de Asturias","twitter:label2":"Tiempo de lectura estimado","twitter:data2":"3 minutos"},"aioseo_meta_data":{"post_id":"1093076","title":null,"description":"Los diputados de VOX Asturias piden que desde la Junta General de Principado se reclame al Gobierno de la Naci\u00f3n que no indulte a los presos del \u2018proc\u00e9s\u2019.","keywords":[{"label":"VOX Asturias","value":"VOX Asturias"},{"label":" indultos","value":" indultos"},{"label":" noticias Asturias","value":" noticias Asturias"}],"keyphrases":{"focus":{"keyphrase":"VOX Asturias","score":100,"analysis":{"keyphraseInTitle":{"title":"Frase clave objetivo en el t\u00edtulo SEO","description":"Frase clave objetivo encontrada en el t\u00edtulo SEO.","score":9,"maxScore":9,"error":0},"keyphraseInDescription":{"title":"Frase clave objetivo en la meta descripci\u00f3n","description":"Frase clave objetivo encontrada en la meta descripci\u00f3n.","score":9,"maxScore":9,"error":0},"keyphraseInURL":{"title":"Frase clave objetivo en la URL","description":"Frase clave objetivo usada en la URL.","score":5,"maxScore":5,"error":0},"keyphraseInIntroduction":{"title":"Frase clave objetivo en la introducci\u00f3n","description":"Su Frase clave objetivo aparece en el primer p\u00e1rrafo. \u00a1Bien hecho!","score":9,"maxScore":9,"error":0},"keyphraseInSubHeadings":[],"keyphraseLength":{"title":"Longitud de la Frase clave objetivo","description":"\u00a1Buen trabajo!","score":9,"maxScore":9,"error":0,"length":2},"keyphraseInImageAlt":{"title":"Frase clave objetivo en los atributos alt de la imagen.","description":"Frase clave objetivo encontrada en los atributos alt de la(s) imagen(es).","score":9,"maxScore":9,"error":0}}},"additional":[{"keyphrase":"Principado ","score":83,"analysis":{"keyphraseInDescription":{"title":"Frase clave en la meta descripci\u00f3n","description":"Frase clave encontrada en la meta descripci\u00f3n.","score":9,"maxScore":9,"error":0},"keyphraseInIntroduction":{"title":"Frase clave en la introducci\u00f3n","description":"Su Frase clave aparece en el primer p\u00e1rrafo. \u00a1Bien hecho!","score":9,"maxScore":9,"error":0},"keyphraseInImageAlt":{"title":"Frase clave en los atributos alt de la imagen.","description":"Frase clave no se encuentra en los atributos alt de la imagen. A\u00f1ada una imagen con su Frase clave como texto alternativo.","score":3,"maxScore":9,"error":1},"keyphraseLength":{"title":"Longitud de la Frase clave","description":"\u00a1Buen trabajo!","score":9,"maxScore":9,"error":0,"length":1}}},{"keyphrase":"Asturias","score":100,"analysis":{"keyphraseInDescription":{"title":"Frase clave en la meta descripci\u00f3n","description":"Frase clave encontrada en la meta descripci\u00f3n.","score":9,"maxScore":9,"error":0},"keyphraseInIntroduction":{"title":"Frase clave en la introducci\u00f3n","description":"Su Frase clave aparece en el primer p\u00e1rrafo. \u00a1Bien hecho!","score":9,"maxScore":9,"error":0},"keyphraseInImageAlt":{"title":"Frase clave en los atributos alt de la imagen.","description":"Frase clave encontrada en los atributos alt de la(s) imagen(es).","score":9,"maxScore":9,"error":0},"keyphraseLength":{"title":"Longitud de la Frase clave","description":"\u00a1Buen trabajo!","score":9,"maxScore":9,"error":0,"length":1}}}]},"primary_term":null,"canonical_url":null,"og_title":null,"og_description":null,"og_object_type":"default","og_image_type":"default","og_image_url":null,"og_image_width":null,"og_image_height":null,"og_image_custom_url":null,"og_image_custom_fields":null,"og_video":"","og_custom_url":null,"og_article_section":null,"og_article_tags":[],"twitter_use_og":false,"twitter_card":"default","twitter_image_type":"default","twitter_image_url":null,"twitter_image_custom_url":null,"twitter_image_custom_fields":null,"twitter_title":null,"twitter_description":null,"schema":{"blockGraphs":[],"customGraphs":[],"default":{"data":{"Article":[],"Course":[],"Dataset":[],"FAQPage":[],"Movie":[],"Person":[],"Product":[],"ProductReview":[],"Car":[],"Recipe":[],"Service":[],"SoftwareApplication":[],"WebPage":[]},"graphName":"","isEnabled":true},"graphs":[],"defaultGraph":"Article","defaultPostTypeGraph":""},"schema_type":"default","schema_type_options":"{\"article\":{\"articleType\":\"BlogPosting\"},\"course\":{\"name\":\"\",\"description\":\"\",\"provider\":\"\"},\"faq\":{\"pages\":[]},\"product\":{\"reviews\":[]},\"recipe\":{\"ingredients\":[],\"instructions\":[],\"keywords\":[]},\"software\":{\"reviews\":[],\"operatingSystems\":[]},\"webPage\":{\"webPageType\":\"WebPage\"}}","pillar_content":false,"robots_default":true,"robots_noindex":false,"robots_noarchive":false,"robots_nosnippet":false,"robots_nofollow":false,"robots_noimageindex":false,"robots_noodp":false,"robots_notranslate":false,"robots_max_snippet":"-1","robots_max_videopreview":"-1","robots_max_imagepreview":"large","priority":null,"frequency":"default","local_seo":{"locations":{"business":{"name":"","businessType":"","image":"","areaServed":"","urls":{"website":"","aboutPage":"","contactPage":""},"address":{"streetLine1":"","streetLine2":"","zipCode":"","city":"","state":"","country":"","addressFormat":"#streetLineOne\n#streetLineTwo\n#city, #state #zipCode"},"contact":{"email":"","phone":"","phoneFormatted":"","fax":"","faxFormatted":""},"ids":{"vat":"","tax":"","chamberOfCommerce":""},"payment":{"priceRange":"","currenciesAccepted":"","methods":""}}},"openingHours":{"useDefaults":true,"show":true,"alwaysOpen":false,"use24hFormat":false,"timezone":"","labels":{"closed":"","alwaysOpen":""},"days":{"monday":{"open24h":false,"closed":false,"openTime":"09:00","closeTime":"17:00"},"tuesday":{"open24h":false,"closed":false,"openTime":"09:00","closeTime":"17:00"},"wednesday":{"open24h":false,"closed":false,"openTime":"09:00","closeTime":"17:00"},"thursday":{"open24h":false,"closed":false,"openTime":"09:00","closeTime":"17:00"},"friday":{"open24h":false,"closed":false,"openTime":"09:00","closeTime":"17:00"},"saturday":{"open24h":false,"closed":false,"openTime":"09:00","closeTime":"17:00"},"sunday":{"open24h":false,"closed":false,"openTime":"09:00","closeTime":"17:00"}}}},"seo_analyzer_scan_date":"2026-07-18 11:29:40","breadcrumb_settings":null,"limit_modified_date":false,"open_ai":null,"ai":null,"created":"2021-06-04 19:18:18","updated":"2026-07-18 11:29:40","focus_keyword":"VOX Asturias","additional_keywords":[{"word":"Principado","score":83},{"word":"Asturias","score":100}],"truseo_locale":null},"aioseo_breadcrumb":"<div class=\"aioseo-breadcrumbs\"><span class=\"aioseo-breadcrumb\">\n\t<a href=\"https:\/\/www.eldigitaldeasturias.com\/noticias\" title=\"Home\">Home<\/a>\n<\/span><span class=\"aioseo-breadcrumb-separator\">\u2013<\/span><span class=\"aioseo-breadcrumb\">\n\t<a href=\"https:\/\/www.eldigitaldeasturias.com\/noticias\/category\/actualidad-asturias\/\" title=\"Actualidad Asturias\">Actualidad Asturias<\/a>\n<\/span><span class=\"aioseo-breadcrumb-separator\">\u2013<\/span><span class=\"aioseo-breadcrumb\">\n\t<a href=\"https:\/\/www.eldigitaldeasturias.com\/noticias\/vox-asturias-en-contra-de-los-indultos-a-los-presos-del-proces\/\" title=\"VOX Asturias en contra de los indultos a los presos del \u00abproc\u00e9s\u00bb\">VOX Asturias en contra de los indultos a los presos del \u00abproc\u00e9s\u00bb<\/a>\n<\/span><\/div>","aioseo_breadcrumb_json":[{"label":"Home","link":"https:\/\/www.eldigitaldeasturias.com\/noticias"},{"label":"Actualidad Asturias","link":"https:\/\/www.eldigitaldeasturias.com\/noticias\/category\/actualidad-asturias\/"},{"label":"VOX Asturias en contra de los indultos a los presos del \u00abproc\u00e9s\u00bb","link":"https:\/\/www.eldigitaldeasturias.com\/noticias\/vox-asturias-en-contra-de-los-indultos-a-los-presos-del-proces\/"}],"_links":{"self":[{"href":"https:\/\/www.eldigitaldeasturias.com\/noticias\/wp-json\/wp\/v2\/posts\/1093076","targetHints":{"allow":["GET"]}}],"collection":[{"href":"https:\/\/www.eldigitaldeasturias.com\/noticias\/wp-json\/wp\/v2\/posts"}],"about":[{"href":"https:\/\/www.eldigitaldeasturias.com\/noticias\/wp-json\/wp\/v2\/types\/post"}],"author":[{"embeddable":true,"href":"https:\/\/www.eldigitaldeasturias.com\/noticias\/wp-json\/wp\/v2\/users\/1"}],"replies":[{"embeddable":true,"href":"https:\/\/www.eldigitaldeasturias.com\/noticias\/wp-json\/wp\/v2\/comments?post=1093076"}],"version-history":[{"count":0,"href":"https:\/\/www.eldigitaldeasturias.com\/noticias\/wp-json\/wp\/v2\/posts\/1093076\/revisions"}],"wp:featuredmedia":[{"embeddable":true,"href":"https:\/\/www.eldigitaldeasturias.com\/noticias\/wp-json\/wp\/v2\/media\/1132184"}],"wp:attachment":[{"href":"https:\/\/www.eldigitaldeasturias.com\/noticias\/wp-json\/wp\/v2\/media?parent=1093076"}],"wp:term":[{"taxonomy":"category","embeddable":true,"href":"https:\/\/www.eldigitaldeasturias.com\/noticias\/wp-json\/wp\/v2\/categories?post=1093076"},{"taxonomy":"post_tag","embeddable":true,"href":"https:\/\/www.eldigitaldeasturias.com\/noticias\/wp-json\/wp\/v2\/tags?post=1093076"}],"curies":[{"name":"wp","href":"https:\/\/api.w.org\/{rel}","templated":true}]}}