{"id":1093067,"date":"2021-06-04T19:44:45","date_gmt":"2021-06-04T18:44:45","guid":{"rendered":"https:\/\/www.eldigitaldeasturias.com\/noticias\/?p=1093067"},"modified":"2021-06-04T19:44:45","modified_gmt":"2021-06-04T18:44:45","slug":"inauguracion-de-la-xxiii-feria-narcenatur","status":"publish","type":"post","link":"https:\/\/www.eldigitaldeasturias.com\/noticias\/inauguracion-de-la-xxiii-feria-narcenatur\/","title":{"rendered":"Inauguraci\u00f3n de la XXIII Feria Narcenatur"},"content":{"rendered":"<p><strong><img loading=\"lazy\" decoding=\"async\" class=\"alignleft size-medium wp-image-1093068\" src=\"https:\/\/www.eldigitaldeasturias.com\/noticias\/wp-content\/uploads\/2021\/06\/XXIII-Feria-Narcenatur-360x164.jpg\" alt=\"XXIII Feria Narcenatur\" width=\"360\" height=\"164\" \/>Narcenatur<\/strong>, la \u00fanica feria de naturaleza en Asturias, se celebra en Cangas del Narcea desde 1997, coincidiendo con la conmemoraci\u00f3n del D\u00eda Mundial del Medioambiente el 5 de junio. <strong>Naci\u00f3 vinculada la difusi\u00f3n de la caza y la pesca<\/strong>, como actividades deportivas sostenibles y compatibles con la conservaci\u00f3n de la naturaleza, sumando a sus objetivos iniciales la promoci\u00f3n del senderismo y de los productos locales.<\/p>\n<p><strong>Desde hoy y hasta el pr\u00f3ximo domingo se podr\u00e1 disfrutar de una amplia programaci\u00f3n cultural dentro de la XXIII edici\u00f3n de la Feria Narcenatur<\/strong> que, \u201cregresa con el lema S\u00ed Narcenatur, siendo adem\u00e1s un motor econ\u00f3mico para la hosteler\u00eda y el comercio local\u201d, ha dicho el alcalde de Cangas del Narcea, Jos\u00e9 V\u00edctor Rodr\u00edguez, al tiempo que pon\u00eda en valor los espacios naturales del concejo, \u201ctenemos a Muniellos como la joya de la corona\u201d, apunt\u00f3 el regidor en la inauguraci\u00f3n de la feria, a la que acudi\u00f3 la canguesa Bego\u00f1a L\u00f3pez, directora general de Desarrollo Rural e Industrias Agrarias del Principado de Asturias, quien puso de manifiesto que la feria Narcenatur, \u201ces un referente a nivel nacional y europeo para la pesca, la caza y la naturaleza\u201d, dijo poniendo en valor a Cangas del Narcea como un destino de biodiversidad y naturaleza, \u201ccon estas ferias se contribuye a potenciar todo el patrimonio que tenemos en la zona\u201d.<\/p>\n<p>La feria se podr\u00e1 visitar de manera segura durante todo el fin de semana, \u201cla mayor\u00eda de las actividades se desarrollan al aire libre o en espacios cerrados con aforo limitado\u201d, ha recordado la concejala de Turismo y directora de Narcenatur, Bego\u00f1a Cueto Blanco. Una edici\u00f3n en la que las actividades centrales se desarrollar\u00e1n por primera vez en el parque del Fuejo, en donde a partir de ma\u00f1ana se instalar\u00e1 el mercado de artesan\u00eda y productos locales, que contar\u00e1 con m\u00e1s de medio centenar de puestos.<\/p>\n<p>Durante la jornada se ha llevado a cabo una limpieza en las orillas del r\u00edo Narcea, as\u00ed como una suelta de alevines, que han protagonizado los m\u00e1s peque\u00f1os del concejo, con el \u00e1nimo de inculcar el cuidado del medio ambiente a los j\u00f3venes. El protagonista del d\u00eda ha sido sin duda Benito Vega Queipo \u2018Corolo\u2019, que a sus 80 a\u00f1os, ha sido todo un ejemplo para los pescadores cangueses, convirti\u00e9ndose en su maestro y en un abanderado de la cultura ribere\u00f1a. \u2018El maestro\u2019 un sobrenombre que le viene por su buen hacer con el saxof\u00f3n, convirti\u00e9ndose a los 13 a\u00f1os en el primer saxo de la banda de m\u00fasica, y que se reafirm\u00f3 con el paso del tiempo, \u201csiempre quise ense\u00f1ar a los que ven\u00edan conmigo a pescar y me qued\u00f3 lo del maestro\u201d, dijo sinti\u00e9ndose agradecido con el Ayuntamiento por el homenaje, \u201calgo habr\u00e9 hecho bien\u201d, apostill\u00f3. Un homenaje especial en el teatro Toreno, en el que han estado presentes pescadores y vecinos, as\u00ed como representantes municipales, recibiendo por parte del alcalde una placa conmemorativa. Adem\u00e1s ha abierto sus puertas la exposici\u00f3n \u2018Benito Corolo: el hombre que lee el r\u00edo\u2019, que se puede visitar en la sala de exposiciones de la Casa de Cultura, y en la que se puede ver alguno de los trofeos que este experto pescador consigui\u00f3 a lo largo de su trayectoria.<\/p>\n<p>Las actividades se completaron durante la tarde con la <strong>exhibici\u00f3n de adiestramiento de perros que llevo a cabo en el Prao del Mol\u00edn el Centro Canino Trisquel y la presentaci\u00f3n del libro \u2018La ruta 5: Al encuentro de los cinco grandes de la fauna ib\u00e9rica\u2019<\/strong>, en la que se puede descubrir lo mejor de la biodiversidad espa\u00f1ola a trav\u00e9s de la b\u00fasqueda de sus \u2018Cinco Grandes\u2019: el lince ib\u00e9rico, el oso pardo, el lobo ib\u00e9rico, el buitre negro y el \u00e1guila imperial. La jornada finaliz\u00f3 con el concierto de \u2018De Vacas\u2019, que se pudo escuchar en el anfiteatro del Fuejo a las 20 horas y que fue retransmitido a trav\u00e9s de las redes sociales de Narcenatur. Durante el fin de semana se desarrollar\u00e1n m\u00e1s actividades y la hosteler\u00eda local ofrecer\u00e1 men\u00fas especiales con motivo de la feria.<\/p>\n<p>&nbsp;<\/p>\n","protected":false},"excerpt":{"rendered":"<p>Narcenatur, la \u00fanica feria de naturaleza en Asturias, se celebra en Cangas del Narcea desde 1997, coincidiendo con la conmemoraci\u00f3n del D\u00eda Mundial del Medioambiente el 5 de junio. Naci\u00f3 vinculada la difusi\u00f3n de la caza y la pesca, como actividades deportivas sostenibles y compatibles con la conservaci\u00f3n de la naturaleza, sumando a sus objetivos [&hellip;]<\/p>\n","protected":false},"author":1,"featured_media":1093068,"comment_status":"closed","ping_status":"closed","sticky":false,"template":"","format":"standard","meta":{"footnotes":""},"categories":[12],"tags":[],"class_list":["post-1093067","post","type-post","status-publish","format-standard","has-post-thumbnail","hentry","category-actualidad-asturias"],"aioseo_notices":[],"aioseo_head":"\n\t\t<!-- All in One SEO Pro 5.0.1 - aioseo.com -->\n\t<meta name=\"description\" content=\"Narcenatur, la \u00fanica feria de naturaleza en Asturias, se celebra en Cangas del Narcea desde 1997, coincidiendo con el D\u00eda Mundial del Medioambiente ..\" \/>\n\t<meta name=\"robots\" content=\"max-image-preview:large\" \/>\n\t<meta name=\"author\" content=\"El Digital de Asturias\"\/>\n\t<meta name=\"google-site-verification\" content=\"UA-38556648-1\" \/>\n\t<meta name=\"msvalidate.01\" content=\"7dfe9f3f1b24437ab69f4f2559babe99\" \/>\n\t<meta name=\"keywords\" content=\"feria narcenatur,asturias,cangas del narcea,actualidad asturias\" \/>\n\t<link rel=\"canonical\" href=\"https:\/\/www.eldigitaldeasturias.com\/noticias\/inauguracion-de-la-xxiii-feria-narcenatur\/\" \/>\n\t<meta name=\"generator\" content=\"All in One SEO Pro (AIOSEO) 5.0.1\" \/>\n\t\t<meta property=\"og:locale\" content=\"es_ES\" \/>\n\t\t<meta property=\"og:site_name\" content=\"El Digital de Asturias\" \/>\n\t\t<meta property=\"og:type\" content=\"article\" \/>\n\t\t<meta property=\"og:title\" content=\"Inauguraci\u00f3n de la XXIII Feria Narcenatur - El Digital de Asturias\" \/>\n\t\t<meta property=\"og:description\" content=\"Narcenatur, la \u00fanica feria de naturaleza en Asturias, se celebra en Cangas del Narcea desde 1997, coincidiendo con el D\u00eda Mundial del Medioambiente ..\" \/>\n\t\t<meta property=\"og:url\" content=\"https:\/\/www.eldigitaldeasturias.com\/noticias\/inauguracion-de-la-xxiii-feria-narcenatur\/\" \/>\n\t\t<meta property=\"article:tag\" content=\"feria narcenatur\" \/>\n\t\t<meta property=\"article:tag\" content=\"asturias\" \/>\n\t\t<meta property=\"article:tag\" content=\"cangas del narcea\" \/>\n\t\t<meta property=\"article:tag\" content=\"actualidad asturias\" \/>\n\t\t<meta property=\"article:published_time\" content=\"2021-06-04T18:44:45+00:00\" \/>\n\t\t<meta property=\"article:modified_time\" content=\"2021-06-04T18:44:45+00:00\" \/>\n\t\t<meta property=\"article:publisher\" content=\"https:\/\/facebook.com\/eldigitaldeasturias\" \/>\n\t\t<meta name=\"twitter:card\" content=\"summary_large_image\" \/>\n\t\t<meta name=\"twitter:title\" content=\"Inauguraci\u00f3n de la XXIII Feria Narcenatur - El Digital de Asturias\" \/>\n\t\t<meta name=\"twitter:description\" content=\"Narcenatur, la \u00fanica feria de naturaleza en Asturias, se celebra en Cangas del Narcea desde 1997, coincidiendo con el D\u00eda Mundial del Medioambiente ..\" \/>\n\t\t<meta name=\"twitter:image\" content=\"https:\/\/www.eldigitaldeasturias.com\/noticias\/wp-content\/uploads\/2020\/12\/EDA-1.jpg\" \/>\n\t\t<meta name=\"twitter:label1\" content=\"Escrito por\" \/>\n\t\t<meta name=\"twitter:data1\" content=\"El Digital de Asturias\" \/>\n\t\t<meta name=\"twitter:label2\" content=\"Tiempo de lectura estimado\" \/>\n\t\t<meta name=\"twitter:data2\" content=\"4 minutos\" \/>\n\t\t<script type=\"application\/ld+json\" class=\"aioseo-schema\">\n\t\t\t{\"@context\":\"https:\\\/\\\/schema.org\",\"@graph\":[{\"@type\":\"BlogPosting\",\"@id\":\"https:\\\/\\\/www.eldigitaldeasturias.com\\\/noticias\\\/inauguracion-de-la-xxiii-feria-narcenatur\\\/#blogposting\",\"name\":\"Inauguraci\\u00f3n de la XXIII Feria Narcenatur - El Digital de Asturias\",\"headline\":\"Inauguraci\\u00f3n de la XXIII Feria Narcenatur\",\"author\":{\"@id\":\"https:\\\/\\\/www.eldigitaldeasturias.com\\\/noticias\\\/author\\\/admin\\\/#author\"},\"publisher\":{\"@id\":\"https:\\\/\\\/www.eldigitaldeasturias.com\\\/noticias\\\/#organization\"},\"image\":{\"@type\":\"ImageObject\",\"url\":1093068},\"datePublished\":\"2021-06-04T19:44:45+02:00\",\"dateModified\":\"2021-06-04T19:44:45+02:00\",\"inLanguage\":\"es-ES\",\"mainEntityOfPage\":{\"@id\":\"https:\\\/\\\/www.eldigitaldeasturias.com\\\/noticias\\\/inauguracion-de-la-xxiii-feria-narcenatur\\\/#webpage\"},\"isPartOf\":{\"@id\":\"https:\\\/\\\/www.eldigitaldeasturias.com\\\/noticias\\\/inauguracion-de-la-xxiii-feria-narcenatur\\\/#webpage\"},\"articleSection\":\"Actualidad Asturias\"},{\"@type\":\"BreadcrumbList\",\"@id\":\"https:\\\/\\\/www.eldigitaldeasturias.com\\\/noticias\\\/inauguracion-de-la-xxiii-feria-narcenatur\\\/#breadcrumblist\",\"itemListElement\":[{\"@type\":\"ListItem\",\"@id\":\"https:\\\/\\\/www.eldigitaldeasturias.com\\\/noticias#listItem\",\"position\":1,\"name\":\"Home\",\"item\":\"https:\\\/\\\/www.eldigitaldeasturias.com\\\/noticias\",\"nextItem\":{\"@type\":\"ListItem\",\"@id\":\"https:\\\/\\\/www.eldigitaldeasturias.com\\\/noticias\\\/category\\\/actualidad-asturias\\\/#listItem\",\"name\":\"Actualidad Asturias\"}},{\"@type\":\"ListItem\",\"@id\":\"https:\\\/\\\/www.eldigitaldeasturias.com\\\/noticias\\\/category\\\/actualidad-asturias\\\/#listItem\",\"position\":2,\"name\":\"Actualidad Asturias\",\"item\":\"https:\\\/\\\/www.eldigitaldeasturias.com\\\/noticias\\\/category\\\/actualidad-asturias\\\/\",\"nextItem\":{\"@type\":\"ListItem\",\"@id\":\"https:\\\/\\\/www.eldigitaldeasturias.com\\\/noticias\\\/inauguracion-de-la-xxiii-feria-narcenatur\\\/#listItem\",\"name\":\"Inauguraci\\u00f3n de la XXIII Feria Narcenatur\"},\"previousItem\":{\"@type\":\"ListItem\",\"@id\":\"https:\\\/\\\/www.eldigitaldeasturias.com\\\/noticias#listItem\",\"name\":\"Home\"}},{\"@type\":\"ListItem\",\"@id\":\"https:\\\/\\\/www.eldigitaldeasturias.com\\\/noticias\\\/inauguracion-de-la-xxiii-feria-narcenatur\\\/#listItem\",\"position\":3,\"name\":\"Inauguraci\\u00f3n de la XXIII Feria Narcenatur\",\"previousItem\":{\"@type\":\"ListItem\",\"@id\":\"https:\\\/\\\/www.eldigitaldeasturias.com\\\/noticias\\\/category\\\/actualidad-asturias\\\/#listItem\",\"name\":\"Actualidad Asturias\"}}]},{\"@type\":\"Organization\",\"@id\":\"https:\\\/\\\/www.eldigitaldeasturias.com\\\/noticias\\\/#organization\",\"name\":\"El Digital de Asturias\",\"description\":\"Hemeroteca\",\"url\":\"https:\\\/\\\/www.eldigitaldeasturias.com\\\/noticias\\\/\",\"email\":\"info@eldigitaldeasturias.com\",\"telephone\":\"+34652131393\",\"logo\":{\"@type\":\"ImageObject\",\"url\":\"https:\\\/\\\/www.eldigitaldeasturias.com\\\/noticias\\\/wp-content\\\/uploads\\\/2020\\\/12\\\/EDA.jpg\",\"@id\":\"https:\\\/\\\/www.eldigitaldeasturias.com\\\/noticias\\\/inauguracion-de-la-xxiii-feria-narcenatur\\\/#organizationLogo\"},\"image\":{\"@id\":\"https:\\\/\\\/www.eldigitaldeasturias.com\\\/noticias\\\/inauguracion-de-la-xxiii-feria-narcenatur\\\/#organizationLogo\"},\"sameAs\":[\"https:\\\/\\\/facebook.com\\\/eldigitaldeasturias\",\"https:\\\/\\\/www.youtube.com\\\/channel\\\/UCZP-2wLEB9Rv6erhFmqVnvg\"],\"address\":{\"@id\":\"https:\\\/\\\/www.eldigitaldeasturias.com\\\/noticias\\\/#postaladdress\",\"@type\":\"PostalAddress\",\"streetAddress\":\"san antonio 4\",\"postalCode\":\"33430\",\"addressLocality\":\"Cand\\u00e1s\",\"addressRegion\":\"Asturias\",\"addressCountry\":\"ES\"}},{\"@type\":\"Person\",\"@id\":\"https:\\\/\\\/www.eldigitaldeasturias.com\\\/noticias\\\/author\\\/admin\\\/#author\",\"url\":\"https:\\\/\\\/www.eldigitaldeasturias.com\\\/noticias\\\/author\\\/admin\\\/\",\"name\":\"El Digital de Asturias\",\"image\":{\"@type\":\"ImageObject\",\"@id\":\"https:\\\/\\\/www.eldigitaldeasturias.com\\\/noticias\\\/inauguracion-de-la-xxiii-feria-narcenatur\\\/#authorImage\",\"url\":\"https:\\\/\\\/secure.gravatar.com\\\/avatar\\\/df2aeffc32bcd13f8d26072ef8a91b623d677766deac7f97ca815868cd41bf5e?s=96&d=mm&r=g\",\"width\":96,\"height\":96,\"caption\":\"El Digital de Asturias\"}},{\"@type\":\"WebPage\",\"@id\":\"https:\\\/\\\/www.eldigitaldeasturias.com\\\/noticias\\\/inauguracion-de-la-xxiii-feria-narcenatur\\\/#webpage\",\"url\":\"https:\\\/\\\/www.eldigitaldeasturias.com\\\/noticias\\\/inauguracion-de-la-xxiii-feria-narcenatur\\\/\",\"name\":\"Inauguraci\\u00f3n de la XXIII Feria Narcenatur - El Digital de Asturias\",\"description\":\"Narcenatur, la \\u00fanica feria de naturaleza en Asturias, se celebra en Cangas del Narcea desde 1997, coincidiendo con el D\\u00eda Mundial del Medioambiente ..\",\"inLanguage\":\"es-ES\",\"isPartOf\":{\"@id\":\"https:\\\/\\\/www.eldigitaldeasturias.com\\\/noticias\\\/#website\"},\"breadcrumb\":{\"@id\":\"https:\\\/\\\/www.eldigitaldeasturias.com\\\/noticias\\\/inauguracion-de-la-xxiii-feria-narcenatur\\\/#breadcrumblist\"},\"author\":{\"@id\":\"https:\\\/\\\/www.eldigitaldeasturias.com\\\/noticias\\\/author\\\/admin\\\/#author\"},\"creator\":{\"@id\":\"https:\\\/\\\/www.eldigitaldeasturias.com\\\/noticias\\\/author\\\/admin\\\/#author\"},\"image\":{\"@type\":\"ImageObject\",\"url\":1093068,\"@id\":\"https:\\\/\\\/www.eldigitaldeasturias.com\\\/noticias\\\/inauguracion-de-la-xxiii-feria-narcenatur\\\/#mainImage\"},\"primaryImageOfPage\":{\"@id\":\"https:\\\/\\\/www.eldigitaldeasturias.com\\\/noticias\\\/inauguracion-de-la-xxiii-feria-narcenatur\\\/#mainImage\"},\"datePublished\":\"2021-06-04T19:44:45+02:00\",\"dateModified\":\"2021-06-04T19:44:45+02:00\"},{\"@type\":\"WebSite\",\"@id\":\"https:\\\/\\\/www.eldigitaldeasturias.com\\\/noticias\\\/#website\",\"url\":\"https:\\\/\\\/www.eldigitaldeasturias.com\\\/noticias\\\/\",\"name\":\"El Digital de Asturias - Diario de actualidad y noticias\",\"alternateName\":\"El Digital de Asturias - Diario de actualidad y noticias\",\"description\":\"Hemeroteca\",\"inLanguage\":\"es-ES\",\"publisher\":{\"@id\":\"https:\\\/\\\/www.eldigitaldeasturias.com\\\/noticias\\\/#organization\"}}]}\n\t\t<\/script>\n\t\t<!-- All in One SEO Pro -->\r\n\t\t<title>Inauguraci\u00f3n de la XXIII Feria Narcenatur - El Digital de Asturias<\/title>\n\n","aioseo_head_json":{"title":"Inauguraci\u00f3n de la XXIII Feria Narcenatur - El Digital de Asturias","description":"Narcenatur, la \u00fanica feria de naturaleza en Asturias, se celebra en Cangas del Narcea desde 1997, coincidiendo con el D\u00eda Mundial del Medioambiente ..","canonical_url":"https:\/\/www.eldigitaldeasturias.com\/noticias\/inauguracion-de-la-xxiii-feria-narcenatur\/","robots":"max-image-preview:large","keywords":"feria narcenatur,asturias,cangas del narcea,actualidad asturias","webmasterTools":{"google-site-verification":"UA-38556648-1","msvalidate.01":"7dfe9f3f1b24437ab69f4f2559babe99","miscellaneous":""},"schema":{"@context":"https:\/\/schema.org","@graph":[{"@type":"BlogPosting","@id":"https:\/\/www.eldigitaldeasturias.com\/noticias\/inauguracion-de-la-xxiii-feria-narcenatur\/#blogposting","name":"Inauguraci\u00f3n de la XXIII Feria Narcenatur - El Digital de Asturias","headline":"Inauguraci\u00f3n de la XXIII Feria Narcenatur","author":{"@id":"https:\/\/www.eldigitaldeasturias.com\/noticias\/author\/admin\/#author"},"publisher":{"@id":"https:\/\/www.eldigitaldeasturias.com\/noticias\/#organization"},"image":{"@type":"ImageObject","url":1093068},"datePublished":"2021-06-04T19:44:45+02:00","dateModified":"2021-06-04T19:44:45+02:00","inLanguage":"es-ES","mainEntityOfPage":{"@id":"https:\/\/www.eldigitaldeasturias.com\/noticias\/inauguracion-de-la-xxiii-feria-narcenatur\/#webpage"},"isPartOf":{"@id":"https:\/\/www.eldigitaldeasturias.com\/noticias\/inauguracion-de-la-xxiii-feria-narcenatur\/#webpage"},"articleSection":"Actualidad Asturias"},{"@type":"BreadcrumbList","@id":"https:\/\/www.eldigitaldeasturias.com\/noticias\/inauguracion-de-la-xxiii-feria-narcenatur\/#breadcrumblist","itemListElement":[{"@type":"ListItem","@id":"https:\/\/www.eldigitaldeasturias.com\/noticias#listItem","position":1,"name":"Home","item":"https:\/\/www.eldigitaldeasturias.com\/noticias","nextItem":{"@type":"ListItem","@id":"https:\/\/www.eldigitaldeasturias.com\/noticias\/category\/actualidad-asturias\/#listItem","name":"Actualidad Asturias"}},{"@type":"ListItem","@id":"https:\/\/www.eldigitaldeasturias.com\/noticias\/category\/actualidad-asturias\/#listItem","position":2,"name":"Actualidad Asturias","item":"https:\/\/www.eldigitaldeasturias.com\/noticias\/category\/actualidad-asturias\/","nextItem":{"@type":"ListItem","@id":"https:\/\/www.eldigitaldeasturias.com\/noticias\/inauguracion-de-la-xxiii-feria-narcenatur\/#listItem","name":"Inauguraci\u00f3n de la XXIII Feria Narcenatur"},"previousItem":{"@type":"ListItem","@id":"https:\/\/www.eldigitaldeasturias.com\/noticias#listItem","name":"Home"}},{"@type":"ListItem","@id":"https:\/\/www.eldigitaldeasturias.com\/noticias\/inauguracion-de-la-xxiii-feria-narcenatur\/#listItem","position":3,"name":"Inauguraci\u00f3n de la XXIII Feria Narcenatur","previousItem":{"@type":"ListItem","@id":"https:\/\/www.eldigitaldeasturias.com\/noticias\/category\/actualidad-asturias\/#listItem","name":"Actualidad Asturias"}}]},{"@type":"Organization","@id":"https:\/\/www.eldigitaldeasturias.com\/noticias\/#organization","name":"El Digital de Asturias","description":"Hemeroteca","url":"https:\/\/www.eldigitaldeasturias.com\/noticias\/","email":"info@eldigitaldeasturias.com","telephone":"+34652131393","logo":{"@type":"ImageObject","url":"https:\/\/www.eldigitaldeasturias.com\/noticias\/wp-content\/uploads\/2020\/12\/EDA.jpg","@id":"https:\/\/www.eldigitaldeasturias.com\/noticias\/inauguracion-de-la-xxiii-feria-narcenatur\/#organizationLogo"},"image":{"@id":"https:\/\/www.eldigitaldeasturias.com\/noticias\/inauguracion-de-la-xxiii-feria-narcenatur\/#organizationLogo"},"sameAs":["https:\/\/facebook.com\/eldigitaldeasturias","https:\/\/www.youtube.com\/channel\/UCZP-2wLEB9Rv6erhFmqVnvg"],"address":{"@id":"https:\/\/www.eldigitaldeasturias.com\/noticias\/#postaladdress","@type":"PostalAddress","streetAddress":"san antonio 4","postalCode":"33430","addressLocality":"Cand\u00e1s","addressRegion":"Asturias","addressCountry":"ES"}},{"@type":"Person","@id":"https:\/\/www.eldigitaldeasturias.com\/noticias\/author\/admin\/#author","url":"https:\/\/www.eldigitaldeasturias.com\/noticias\/author\/admin\/","name":"El Digital de Asturias","image":{"@type":"ImageObject","@id":"https:\/\/www.eldigitaldeasturias.com\/noticias\/inauguracion-de-la-xxiii-feria-narcenatur\/#authorImage","url":"https:\/\/secure.gravatar.com\/avatar\/df2aeffc32bcd13f8d26072ef8a91b623d677766deac7f97ca815868cd41bf5e?s=96&d=mm&r=g","width":96,"height":96,"caption":"El Digital de Asturias"}},{"@type":"WebPage","@id":"https:\/\/www.eldigitaldeasturias.com\/noticias\/inauguracion-de-la-xxiii-feria-narcenatur\/#webpage","url":"https:\/\/www.eldigitaldeasturias.com\/noticias\/inauguracion-de-la-xxiii-feria-narcenatur\/","name":"Inauguraci\u00f3n de la XXIII Feria Narcenatur - El Digital de Asturias","description":"Narcenatur, la \u00fanica feria de naturaleza en Asturias, se celebra en Cangas del Narcea desde 1997, coincidiendo con el D\u00eda Mundial del Medioambiente ..","inLanguage":"es-ES","isPartOf":{"@id":"https:\/\/www.eldigitaldeasturias.com\/noticias\/#website"},"breadcrumb":{"@id":"https:\/\/www.eldigitaldeasturias.com\/noticias\/inauguracion-de-la-xxiii-feria-narcenatur\/#breadcrumblist"},"author":{"@id":"https:\/\/www.eldigitaldeasturias.com\/noticias\/author\/admin\/#author"},"creator":{"@id":"https:\/\/www.eldigitaldeasturias.com\/noticias\/author\/admin\/#author"},"image":{"@type":"ImageObject","url":1093068,"@id":"https:\/\/www.eldigitaldeasturias.com\/noticias\/inauguracion-de-la-xxiii-feria-narcenatur\/#mainImage"},"primaryImageOfPage":{"@id":"https:\/\/www.eldigitaldeasturias.com\/noticias\/inauguracion-de-la-xxiii-feria-narcenatur\/#mainImage"},"datePublished":"2021-06-04T19:44:45+02:00","dateModified":"2021-06-04T19:44:45+02:00"},{"@type":"WebSite","@id":"https:\/\/www.eldigitaldeasturias.com\/noticias\/#website","url":"https:\/\/www.eldigitaldeasturias.com\/noticias\/","name":"El Digital de Asturias - Diario de actualidad y noticias","alternateName":"El Digital de Asturias - Diario de actualidad y noticias","description":"Hemeroteca","inLanguage":"es-ES","publisher":{"@id":"https:\/\/www.eldigitaldeasturias.com\/noticias\/#organization"}}]},"og:locale":"es_ES","og:site_name":"El Digital de Asturias","og:type":"article","og:title":"Inauguraci\u00f3n de la XXIII Feria Narcenatur - El Digital de Asturias","og:description":"Narcenatur, la \u00fanica feria de naturaleza en Asturias, se celebra en Cangas del Narcea desde 1997, coincidiendo con el D\u00eda Mundial del Medioambiente ..","og:url":"https:\/\/www.eldigitaldeasturias.com\/noticias\/inauguracion-de-la-xxiii-feria-narcenatur\/","article:tag":["feria narcenatur","asturias","cangas del narcea","actualidad asturias"],"article:published_time":"2021-06-04T18:44:45+00:00","article:modified_time":"2021-06-04T18:44:45+00:00","article:publisher":"https:\/\/facebook.com\/eldigitaldeasturias","twitter:card":"summary_large_image","twitter:title":"Inauguraci\u00f3n de la XXIII Feria Narcenatur - El Digital de Asturias","twitter:description":"Narcenatur, la \u00fanica feria de naturaleza en Asturias, se celebra en Cangas del Narcea desde 1997, coincidiendo con el D\u00eda Mundial del Medioambiente ..","twitter:image":"https:\/\/www.eldigitaldeasturias.com\/noticias\/wp-content\/uploads\/2020\/12\/EDA-1.jpg","twitter:label1":"Escrito por","twitter:data1":"El Digital de Asturias","twitter:label2":"Tiempo de lectura estimado","twitter:data2":"4 minutos"},"aioseo_meta_data":{"post_id":"1093067","title":null,"description":"Narcenatur, la \u00fanica feria de naturaleza en Asturias, se celebra en Cangas del Narcea desde 1997, coincidiendo con el D\u00eda Mundial del Medioambiente ..","keywords":[{"label":"Feria Narcenatur","value":"Feria Narcenatur"},{"label":" Asturias","value":" Asturias"},{"label":" Cangas del Narcea","value":" Cangas del Narcea"}],"keyphrases":{"focus":{"keyphrase":"Narcenatur","score":92,"analysis":{"keyphraseInTitle":{"title":"Frase clave objetivo en el t\u00edtulo SEO","description":"Frase clave objetivo encontrada en el t\u00edtulo SEO.","score":9,"maxScore":9,"error":0},"keyphraseInDescription":{"title":"Frase clave objetivo en la meta descripci\u00f3n","description":"Frase clave objetivo encontrada en la meta descripci\u00f3n.","score":9,"maxScore":9,"error":0},"keyphraseInURL":{"title":"Frase clave objetivo en la URL","description":"Frase clave objetivo no encontrada en la URL.","score":1,"maxScore":5,"error":1},"keyphraseInIntroduction":{"title":"Frase clave objetivo en la introducci\u00f3n","description":"Su Frase clave objetivo aparece en el primer p\u00e1rrafo. \u00a1Bien hecho!","score":9,"maxScore":9,"error":0},"keyphraseInSubHeadings":[],"keyphraseLength":{"title":"Longitud de la Frase clave objetivo","description":"\u00a1Buen trabajo!","score":9,"maxScore":9,"error":0,"length":1},"keyphraseInImageAlt":{"title":"Frase clave objetivo en los atributos alt de la imagen.","description":"Frase clave objetivo encontrada en los atributos alt de la(s) imagen(es).","score":9,"maxScore":9,"error":0}}},"additional":[{"keyphrase":"Feria","score":100,"analysis":{"keyphraseInDescription":{"title":"Frase clave en la meta descripci\u00f3n","description":"Frase clave encontrada en la meta descripci\u00f3n.","score":9,"maxScore":9,"error":0},"keyphraseInIntroduction":{"title":"Frase clave en la introducci\u00f3n","description":"Su Frase clave aparece en el primer p\u00e1rrafo. \u00a1Bien hecho!","score":9,"maxScore":9,"error":0},"keyphraseInImageAlt":{"title":"Frase clave en los atributos alt de la imagen.","description":"Frase clave encontrada en los atributos alt de la(s) imagen(es).","score":9,"maxScore":9,"error":0},"keyphraseLength":{"title":"Longitud de la Frase clave","description":"\u00a1Buen trabajo!","score":9,"maxScore":9,"error":0,"length":1}}},{"keyphrase":"Asturias","score":83,"analysis":{"keyphraseInDescription":{"title":"Frase clave en la meta descripci\u00f3n","description":"Frase clave encontrada en la meta descripci\u00f3n.","score":9,"maxScore":9,"error":0},"keyphraseInIntroduction":{"title":"Frase clave en la introducci\u00f3n","description":"Su Frase clave aparece en el primer p\u00e1rrafo. \u00a1Bien hecho!","score":9,"maxScore":9,"error":0},"keyphraseInImageAlt":{"title":"Frase clave en los atributos alt de la imagen.","description":"Frase clave no se encuentra en los atributos alt de la imagen. A\u00f1ada una imagen con su Frase clave como texto alternativo.","score":3,"maxScore":9,"error":1},"keyphraseLength":{"title":"Longitud de la Frase clave","description":"\u00a1Buen trabajo!","score":9,"maxScore":9,"error":0,"length":1}}}]},"primary_term":null,"canonical_url":null,"og_title":null,"og_description":null,"og_object_type":"default","og_image_type":"default","og_image_url":null,"og_image_width":null,"og_image_height":null,"og_image_custom_url":null,"og_image_custom_fields":null,"og_video":"","og_custom_url":null,"og_article_section":null,"og_article_tags":[],"twitter_use_og":false,"twitter_card":"default","twitter_image_type":"default","twitter_image_url":null,"twitter_image_custom_url":null,"twitter_image_custom_fields":null,"twitter_title":null,"twitter_description":null,"schema":{"blockGraphs":[],"customGraphs":[],"default":{"data":{"Article":[],"Course":[],"Dataset":[],"FAQPage":[],"Movie":[],"Person":[],"Product":[],"ProductReview":[],"Car":[],"Recipe":[],"Service":[],"SoftwareApplication":[],"WebPage":[]},"graphName":"","isEnabled":true},"graphs":[],"defaultGraph":"Article","defaultPostTypeGraph":""},"schema_type":"default","schema_type_options":"{\"article\":{\"articleType\":\"BlogPosting\"},\"course\":{\"name\":\"\",\"description\":\"\",\"provider\":\"\"},\"faq\":{\"pages\":[]},\"product\":{\"reviews\":[]},\"recipe\":{\"ingredients\":[],\"instructions\":[],\"keywords\":[]},\"software\":{\"reviews\":[],\"operatingSystems\":[]},\"webPage\":{\"webPageType\":\"WebPage\"}}","pillar_content":false,"robots_default":true,"robots_noindex":false,"robots_noarchive":false,"robots_nosnippet":false,"robots_nofollow":false,"robots_noimageindex":false,"robots_noodp":false,"robots_notranslate":false,"robots_max_snippet":"-1","robots_max_videopreview":"-1","robots_max_imagepreview":"large","priority":null,"frequency":"default","local_seo":{"locations":{"business":{"name":"","businessType":"","image":"","areaServed":"","urls":{"website":"","aboutPage":"","contactPage":""},"address":{"streetLine1":"","streetLine2":"","zipCode":"","city":"","state":"","country":"","addressFormat":"#streetLineOne\n#streetLineTwo\n#city, #state #zipCode"},"contact":{"email":"","phone":"","phoneFormatted":"","fax":"","faxFormatted":""},"ids":{"vat":"","tax":"","chamberOfCommerce":""},"payment":{"priceRange":"","currenciesAccepted":"","methods":""}}},"openingHours":{"useDefaults":true,"show":true,"alwaysOpen":false,"use24hFormat":false,"timezone":"","labels":{"closed":"","alwaysOpen":""},"days":{"monday":{"open24h":false,"closed":false,"openTime":"09:00","closeTime":"17:00"},"tuesday":{"open24h":false,"closed":false,"openTime":"09:00","closeTime":"17:00"},"wednesday":{"open24h":false,"closed":false,"openTime":"09:00","closeTime":"17:00"},"thursday":{"open24h":false,"closed":false,"openTime":"09:00","closeTime":"17:00"},"friday":{"open24h":false,"closed":false,"openTime":"09:00","closeTime":"17:00"},"saturday":{"open24h":false,"closed":false,"openTime":"09:00","closeTime":"17:00"},"sunday":{"open24h":false,"closed":false,"openTime":"09:00","closeTime":"17:00"}}}},"seo_analyzer_scan_date":"2026-07-18 11:21:36","breadcrumb_settings":null,"limit_modified_date":false,"open_ai":null,"ai":null,"created":"2021-06-04 18:30:23","updated":"2026-07-18 11:21:36","focus_keyword":"Narcenatur","additional_keywords":[{"word":"Feria","score":100},{"word":"Asturias","score":83}],"truseo_locale":null},"aioseo_breadcrumb":"<div class=\"aioseo-breadcrumbs\"><span class=\"aioseo-breadcrumb\">\n\t<a href=\"https:\/\/www.eldigitaldeasturias.com\/noticias\" title=\"Home\">Home<\/a>\n<\/span><span class=\"aioseo-breadcrumb-separator\">\u2013<\/span><span class=\"aioseo-breadcrumb\">\n\t<a href=\"https:\/\/www.eldigitaldeasturias.com\/noticias\/category\/actualidad-asturias\/\" title=\"Actualidad Asturias\">Actualidad Asturias<\/a>\n<\/span><span class=\"aioseo-breadcrumb-separator\">\u2013<\/span><span class=\"aioseo-breadcrumb\">\n\t<a href=\"https:\/\/www.eldigitaldeasturias.com\/noticias\/inauguracion-de-la-xxiii-feria-narcenatur\/\" title=\"Inauguraci\u00f3n de la XXIII Feria Narcenatur\">Inauguraci\u00f3n de la XXIII Feria Narcenatur<\/a>\n<\/span><\/div>","aioseo_breadcrumb_json":[{"label":"Home","link":"https:\/\/www.eldigitaldeasturias.com\/noticias"},{"label":"Actualidad Asturias","link":"https:\/\/www.eldigitaldeasturias.com\/noticias\/category\/actualidad-asturias\/"},{"label":"Inauguraci\u00f3n de la XXIII Feria Narcenatur","link":"https:\/\/www.eldigitaldeasturias.com\/noticias\/inauguracion-de-la-xxiii-feria-narcenatur\/"}],"_links":{"self":[{"href":"https:\/\/www.eldigitaldeasturias.com\/noticias\/wp-json\/wp\/v2\/posts\/1093067","targetHints":{"allow":["GET"]}}],"collection":[{"href":"https:\/\/www.eldigitaldeasturias.com\/noticias\/wp-json\/wp\/v2\/posts"}],"about":[{"href":"https:\/\/www.eldigitaldeasturias.com\/noticias\/wp-json\/wp\/v2\/types\/post"}],"author":[{"embeddable":true,"href":"https:\/\/www.eldigitaldeasturias.com\/noticias\/wp-json\/wp\/v2\/users\/1"}],"replies":[{"embeddable":true,"href":"https:\/\/www.eldigitaldeasturias.com\/noticias\/wp-json\/wp\/v2\/comments?post=1093067"}],"version-history":[{"count":0,"href":"https:\/\/www.eldigitaldeasturias.com\/noticias\/wp-json\/wp\/v2\/posts\/1093067\/revisions"}],"wp:attachment":[{"href":"https:\/\/www.eldigitaldeasturias.com\/noticias\/wp-json\/wp\/v2\/media?parent=1093067"}],"wp:term":[{"taxonomy":"category","embeddable":true,"href":"https:\/\/www.eldigitaldeasturias.com\/noticias\/wp-json\/wp\/v2\/categories?post=1093067"},{"taxonomy":"post_tag","embeddable":true,"href":"https:\/\/www.eldigitaldeasturias.com\/noticias\/wp-json\/wp\/v2\/tags?post=1093067"}],"curies":[{"name":"wp","href":"https:\/\/api.w.org\/{rel}","templated":true}]}}