{"id":1093060,"date":"2021-06-04T14:34:30","date_gmt":"2021-06-04T13:34:30","guid":{"rendered":"https:\/\/www.eldigitaldeasturias.com\/noticias\/?p=1093060"},"modified":"2021-06-04T14:34:30","modified_gmt":"2021-06-04T13:34:30","slug":"roman-sanchez-torre-gana-la-quinta-edicion-del-premio-museo-barjola","status":"publish","type":"post","link":"https:\/\/www.eldigitaldeasturias.com\/noticias\/roman-sanchez-torre-gana-la-quinta-edicion-del-premio-museo-barjola\/","title":{"rendered":"Rom\u00e1n S\u00e1nchez Torre gana la quinta edici\u00f3n del Premio Museo Barjola"},"content":{"rendered":"<p><img loading=\"lazy\" decoding=\"async\" class=\"alignleft size-medium wp-image-1093061\" src=\"https:\/\/www.eldigitaldeasturias.com\/noticias\/wp-content\/uploads\/2021\/06\/Premio-Museo-Barjola-360x277.jpg\" alt=\"Museo Barjola\" width=\"360\" height=\"277\" \/>El proyecto Scale Naturae, de <a href=\"https:\/\/candas365.es\/noticias\/premio-museo-barjola-para-un-artista-de-candas\/\"><span style=\"color: #ff6600;\"><strong>Rom\u00e1n S\u00e1nchez Torre<\/strong><\/span><\/a> (Cand\u00e1s, 1978), ha sido galardonado con el Premio Museo Barjola que concede la Consejer\u00eda de Cultura, Pol\u00edtica Lling\u00fc\u00edstica y Turismo y al que aspiraban una quincena de trabajos en la fase final de su quinta edici\u00f3n.<\/p>\n<p>La propuesta de S\u00e1nchez Torre es una instalaci\u00f3n compuesta por una gran pieza escult\u00f3rica-lum\u00ednica construida con 80 m\u00f3dulos que act\u00faan como traductor visual del c\u00f3digo binario y plantea la Capilla de La Trinidad como la propia estructura y contenedor de una m\u00e1quina lum\u00ednica. El jurado, que ha tomado su decisi\u00f3n por unanimidad, ha valorado que el trabajo \u201cinvita al espectador a un viaje hacia su interior, haci\u00e9ndolo part\u00edcipe de sus procesos internos como sujeto activo y convirti\u00e9ndolo en voyeur, aportando a la propuesta un gui\u00f1o al popular concepto desarrollado por Le Corbusier: machine \u00e1 habiter\u201d.<\/p>\n<p>El jurado ha estado presidido por el director general de Cultura y Patrimonio, Pablo Le\u00f3n, e integrado por los responsables de los equipamientos del Pent\u00e1gono del Arte: Lydia Santamarina, del Museo Barjola; Mar\u00eda Jos\u00e9 Baraga\u00f1o, de la Sala Borr\u00f3n; Carlos Cuadros, del Centro Niemeyer; y Alfonso Palacios, del Museo de Bellas Artes.<\/p>\n<p>El premio Museo Barjola, creado en 2016 y dirigido a artistas asturianos o residentes en el Principado, est\u00e1 dotado con 5.000 euros. Su objetivo es la realizaci\u00f3n de un proyecto expositivo que se integre en la capilla de La Trinidad, ubicada en el equipamiento muse\u00edstico gijon\u00e9s. En las anteriores ediciones, fueron galardonados Carlos Su\u00e1rez, por Cita con la historia; Cristina Busto, por Antimapping; el colectivo Offmothers, por su proyecto Con la casa a cuestas, y Alberto Valverde por la propuesta La causalidad de lo imposible.<\/p>\n<p>&nbsp;<\/p>\n","protected":false},"excerpt":{"rendered":"<p>El proyecto Scale Naturae, de Rom\u00e1n S\u00e1nchez Torre (Cand\u00e1s, 1978), ha sido galardonado con el Premio Museo Barjola que concede la Consejer\u00eda de Cultura, Pol\u00edtica Lling\u00fc\u00edstica y Turismo y al que aspiraban una quincena de trabajos en la fase final de su quinta edici\u00f3n. La propuesta de S\u00e1nchez Torre es una instalaci\u00f3n compuesta por una [&hellip;]<\/p>\n","protected":false},"author":1,"featured_media":1093061,"comment_status":"closed","ping_status":"closed","sticky":false,"template":"","format":"standard","meta":{"footnotes":""},"categories":[12],"tags":[],"class_list":["post-1093060","post","type-post","status-publish","format-standard","has-post-thumbnail","hentry","category-actualidad-asturias"],"aioseo_notices":[],"aioseo_head":"\n\t\t<!-- All in One SEO Pro 5.0.1 - aioseo.com -->\n\t<meta name=\"description\" content=\"La propuesta de S\u00e1nchez Torre es una instalaci\u00f3n compuesta por una gran pieza escult\u00f3rica-lum\u00ednica construida con 80 m\u00f3dulos ..\" \/>\n\t<meta name=\"robots\" content=\"max-image-preview:large\" \/>\n\t<meta name=\"author\" content=\"El Digital de Asturias\"\/>\n\t<meta name=\"google-site-verification\" content=\"UA-38556648-1\" \/>\n\t<meta name=\"msvalidate.01\" content=\"7dfe9f3f1b24437ab69f4f2559babe99\" \/>\n\t<meta name=\"keywords\" content=\"asturias,cultura,barjola,actualidad asturias\" \/>\n\t<link rel=\"canonical\" href=\"https:\/\/www.eldigitaldeasturias.com\/noticias\/roman-sanchez-torre-gana-la-quinta-edicion-del-premio-museo-barjola\/\" \/>\n\t<meta name=\"generator\" content=\"All in One SEO Pro (AIOSEO) 5.0.1\" \/>\n\t\t<meta property=\"og:locale\" content=\"es_ES\" \/>\n\t\t<meta property=\"og:site_name\" content=\"El Digital de Asturias\" \/>\n\t\t<meta property=\"og:type\" content=\"article\" \/>\n\t\t<meta property=\"og:title\" content=\"Rom\u00e1n S\u00e1nchez Torre gana la quinta edici\u00f3n del Premio Museo Barjola - El Digital de Asturias\" \/>\n\t\t<meta property=\"og:description\" content=\"La propuesta de S\u00e1nchez Torre es una instalaci\u00f3n compuesta por una gran pieza escult\u00f3rica-lum\u00ednica construida con 80 m\u00f3dulos ..\" \/>\n\t\t<meta property=\"og:url\" content=\"https:\/\/www.eldigitaldeasturias.com\/noticias\/roman-sanchez-torre-gana-la-quinta-edicion-del-premio-museo-barjola\/\" \/>\n\t\t<meta property=\"article:tag\" content=\"asturias\" \/>\n\t\t<meta property=\"article:tag\" content=\"cultura\" \/>\n\t\t<meta property=\"article:tag\" content=\"barjola\" \/>\n\t\t<meta property=\"article:tag\" content=\"actualidad asturias\" \/>\n\t\t<meta property=\"article:published_time\" content=\"2021-06-04T13:34:30+00:00\" \/>\n\t\t<meta property=\"article:modified_time\" content=\"2021-06-04T13:34:30+00:00\" \/>\n\t\t<meta property=\"article:publisher\" content=\"https:\/\/facebook.com\/eldigitaldeasturias\" \/>\n\t\t<meta name=\"twitter:card\" content=\"summary_large_image\" \/>\n\t\t<meta name=\"twitter:title\" content=\"Rom\u00e1n S\u00e1nchez Torre gana la quinta edici\u00f3n del Premio Museo Barjola - El Digital de Asturias\" \/>\n\t\t<meta name=\"twitter:description\" content=\"La propuesta de S\u00e1nchez Torre es una instalaci\u00f3n compuesta por una gran pieza escult\u00f3rica-lum\u00ednica construida con 80 m\u00f3dulos ..\" \/>\n\t\t<meta name=\"twitter:image\" content=\"https:\/\/www.eldigitaldeasturias.com\/noticias\/wp-content\/uploads\/2020\/12\/EDA-1.jpg\" \/>\n\t\t<meta name=\"twitter:label1\" content=\"Escrito por\" \/>\n\t\t<meta name=\"twitter:data1\" content=\"El Digital de Asturias\" \/>\n\t\t<meta name=\"twitter:label2\" content=\"Tiempo de lectura estimado\" \/>\n\t\t<meta name=\"twitter:data2\" content=\"2 minutos\" \/>\n\t\t<script type=\"application\/ld+json\" class=\"aioseo-schema\">\n\t\t\t{\"@context\":\"https:\\\/\\\/schema.org\",\"@graph\":[{\"@type\":\"BlogPosting\",\"@id\":\"https:\\\/\\\/www.eldigitaldeasturias.com\\\/noticias\\\/roman-sanchez-torre-gana-la-quinta-edicion-del-premio-museo-barjola\\\/#blogposting\",\"name\":\"Rom\\u00e1n S\\u00e1nchez Torre gana la quinta edici\\u00f3n del Premio Museo Barjola - El Digital de Asturias\",\"headline\":\"Rom\\u00e1n S\\u00e1nchez Torre gana la quinta edici\\u00f3n del Premio Museo Barjola\",\"author\":{\"@id\":\"https:\\\/\\\/www.eldigitaldeasturias.com\\\/noticias\\\/author\\\/admin\\\/#author\"},\"publisher\":{\"@id\":\"https:\\\/\\\/www.eldigitaldeasturias.com\\\/noticias\\\/#organization\"},\"image\":{\"@type\":\"ImageObject\",\"url\":1093061},\"datePublished\":\"2021-06-04T14:34:30+02:00\",\"dateModified\":\"2021-06-04T14:34:30+02:00\",\"inLanguage\":\"es-ES\",\"mainEntityOfPage\":{\"@id\":\"https:\\\/\\\/www.eldigitaldeasturias.com\\\/noticias\\\/roman-sanchez-torre-gana-la-quinta-edicion-del-premio-museo-barjola\\\/#webpage\"},\"isPartOf\":{\"@id\":\"https:\\\/\\\/www.eldigitaldeasturias.com\\\/noticias\\\/roman-sanchez-torre-gana-la-quinta-edicion-del-premio-museo-barjola\\\/#webpage\"},\"articleSection\":\"Actualidad Asturias\"},{\"@type\":\"BreadcrumbList\",\"@id\":\"https:\\\/\\\/www.eldigitaldeasturias.com\\\/noticias\\\/roman-sanchez-torre-gana-la-quinta-edicion-del-premio-museo-barjola\\\/#breadcrumblist\",\"itemListElement\":[{\"@type\":\"ListItem\",\"@id\":\"https:\\\/\\\/www.eldigitaldeasturias.com\\\/noticias#listItem\",\"position\":1,\"name\":\"Home\",\"item\":\"https:\\\/\\\/www.eldigitaldeasturias.com\\\/noticias\",\"nextItem\":{\"@type\":\"ListItem\",\"@id\":\"https:\\\/\\\/www.eldigitaldeasturias.com\\\/noticias\\\/category\\\/actualidad-asturias\\\/#listItem\",\"name\":\"Actualidad Asturias\"}},{\"@type\":\"ListItem\",\"@id\":\"https:\\\/\\\/www.eldigitaldeasturias.com\\\/noticias\\\/category\\\/actualidad-asturias\\\/#listItem\",\"position\":2,\"name\":\"Actualidad Asturias\",\"item\":\"https:\\\/\\\/www.eldigitaldeasturias.com\\\/noticias\\\/category\\\/actualidad-asturias\\\/\",\"nextItem\":{\"@type\":\"ListItem\",\"@id\":\"https:\\\/\\\/www.eldigitaldeasturias.com\\\/noticias\\\/roman-sanchez-torre-gana-la-quinta-edicion-del-premio-museo-barjola\\\/#listItem\",\"name\":\"Rom\\u00e1n S\\u00e1nchez Torre gana la quinta edici\\u00f3n del Premio Museo Barjola\"},\"previousItem\":{\"@type\":\"ListItem\",\"@id\":\"https:\\\/\\\/www.eldigitaldeasturias.com\\\/noticias#listItem\",\"name\":\"Home\"}},{\"@type\":\"ListItem\",\"@id\":\"https:\\\/\\\/www.eldigitaldeasturias.com\\\/noticias\\\/roman-sanchez-torre-gana-la-quinta-edicion-del-premio-museo-barjola\\\/#listItem\",\"position\":3,\"name\":\"Rom\\u00e1n S\\u00e1nchez Torre gana la quinta edici\\u00f3n del Premio Museo Barjola\",\"previousItem\":{\"@type\":\"ListItem\",\"@id\":\"https:\\\/\\\/www.eldigitaldeasturias.com\\\/noticias\\\/category\\\/actualidad-asturias\\\/#listItem\",\"name\":\"Actualidad Asturias\"}}]},{\"@type\":\"Organization\",\"@id\":\"https:\\\/\\\/www.eldigitaldeasturias.com\\\/noticias\\\/#organization\",\"name\":\"El Digital de Asturias\",\"description\":\"Hemeroteca\",\"url\":\"https:\\\/\\\/www.eldigitaldeasturias.com\\\/noticias\\\/\",\"email\":\"info@eldigitaldeasturias.com\",\"telephone\":\"+34652131393\",\"logo\":{\"@type\":\"ImageObject\",\"url\":\"https:\\\/\\\/www.eldigitaldeasturias.com\\\/noticias\\\/wp-content\\\/uploads\\\/2020\\\/12\\\/EDA.jpg\",\"@id\":\"https:\\\/\\\/www.eldigitaldeasturias.com\\\/noticias\\\/roman-sanchez-torre-gana-la-quinta-edicion-del-premio-museo-barjola\\\/#organizationLogo\"},\"image\":{\"@id\":\"https:\\\/\\\/www.eldigitaldeasturias.com\\\/noticias\\\/roman-sanchez-torre-gana-la-quinta-edicion-del-premio-museo-barjola\\\/#organizationLogo\"},\"sameAs\":[\"https:\\\/\\\/facebook.com\\\/eldigitaldeasturias\",\"https:\\\/\\\/www.youtube.com\\\/channel\\\/UCZP-2wLEB9Rv6erhFmqVnvg\"],\"address\":{\"@id\":\"https:\\\/\\\/www.eldigitaldeasturias.com\\\/noticias\\\/#postaladdress\",\"@type\":\"PostalAddress\",\"streetAddress\":\"san antonio 4\",\"postalCode\":\"33430\",\"addressLocality\":\"Cand\\u00e1s\",\"addressRegion\":\"Asturias\",\"addressCountry\":\"ES\"}},{\"@type\":\"Person\",\"@id\":\"https:\\\/\\\/www.eldigitaldeasturias.com\\\/noticias\\\/author\\\/admin\\\/#author\",\"url\":\"https:\\\/\\\/www.eldigitaldeasturias.com\\\/noticias\\\/author\\\/admin\\\/\",\"name\":\"El Digital de Asturias\",\"image\":{\"@type\":\"ImageObject\",\"@id\":\"https:\\\/\\\/www.eldigitaldeasturias.com\\\/noticias\\\/roman-sanchez-torre-gana-la-quinta-edicion-del-premio-museo-barjola\\\/#authorImage\",\"url\":\"https:\\\/\\\/secure.gravatar.com\\\/avatar\\\/df2aeffc32bcd13f8d26072ef8a91b623d677766deac7f97ca815868cd41bf5e?s=96&d=mm&r=g\",\"width\":96,\"height\":96,\"caption\":\"El Digital de Asturias\"}},{\"@type\":\"WebPage\",\"@id\":\"https:\\\/\\\/www.eldigitaldeasturias.com\\\/noticias\\\/roman-sanchez-torre-gana-la-quinta-edicion-del-premio-museo-barjola\\\/#webpage\",\"url\":\"https:\\\/\\\/www.eldigitaldeasturias.com\\\/noticias\\\/roman-sanchez-torre-gana-la-quinta-edicion-del-premio-museo-barjola\\\/\",\"name\":\"Rom\\u00e1n S\\u00e1nchez Torre gana la quinta edici\\u00f3n del Premio Museo Barjola - El Digital de Asturias\",\"description\":\"La propuesta de S\\u00e1nchez Torre es una instalaci\\u00f3n compuesta por una gran pieza escult\\u00f3rica-lum\\u00ednica construida con 80 m\\u00f3dulos ..\",\"inLanguage\":\"es-ES\",\"isPartOf\":{\"@id\":\"https:\\\/\\\/www.eldigitaldeasturias.com\\\/noticias\\\/#website\"},\"breadcrumb\":{\"@id\":\"https:\\\/\\\/www.eldigitaldeasturias.com\\\/noticias\\\/roman-sanchez-torre-gana-la-quinta-edicion-del-premio-museo-barjola\\\/#breadcrumblist\"},\"author\":{\"@id\":\"https:\\\/\\\/www.eldigitaldeasturias.com\\\/noticias\\\/author\\\/admin\\\/#author\"},\"creator\":{\"@id\":\"https:\\\/\\\/www.eldigitaldeasturias.com\\\/noticias\\\/author\\\/admin\\\/#author\"},\"image\":{\"@type\":\"ImageObject\",\"url\":1093061,\"@id\":\"https:\\\/\\\/www.eldigitaldeasturias.com\\\/noticias\\\/roman-sanchez-torre-gana-la-quinta-edicion-del-premio-museo-barjola\\\/#mainImage\"},\"primaryImageOfPage\":{\"@id\":\"https:\\\/\\\/www.eldigitaldeasturias.com\\\/noticias\\\/roman-sanchez-torre-gana-la-quinta-edicion-del-premio-museo-barjola\\\/#mainImage\"},\"datePublished\":\"2021-06-04T14:34:30+02:00\",\"dateModified\":\"2021-06-04T14:34:30+02:00\"},{\"@type\":\"WebSite\",\"@id\":\"https:\\\/\\\/www.eldigitaldeasturias.com\\\/noticias\\\/#website\",\"url\":\"https:\\\/\\\/www.eldigitaldeasturias.com\\\/noticias\\\/\",\"name\":\"El Digital de Asturias - Diario de actualidad y noticias\",\"alternateName\":\"El Digital de Asturias - Diario de actualidad y noticias\",\"description\":\"Hemeroteca\",\"inLanguage\":\"es-ES\",\"publisher\":{\"@id\":\"https:\\\/\\\/www.eldigitaldeasturias.com\\\/noticias\\\/#organization\"}}]}\n\t\t<\/script>\n\t\t<!-- All in One SEO Pro -->\r\n\t\t<title>Rom\u00e1n S\u00e1nchez Torre gana la quinta edici\u00f3n del Premio Museo Barjola - El Digital de Asturias<\/title>\n\n","aioseo_head_json":{"title":"Rom\u00e1n S\u00e1nchez Torre gana la quinta edici\u00f3n del Premio Museo Barjola - El Digital de Asturias","description":"La propuesta de S\u00e1nchez Torre es una instalaci\u00f3n compuesta por una gran pieza escult\u00f3rica-lum\u00ednica construida con 80 m\u00f3dulos ..","canonical_url":"https:\/\/www.eldigitaldeasturias.com\/noticias\/roman-sanchez-torre-gana-la-quinta-edicion-del-premio-museo-barjola\/","robots":"max-image-preview:large","keywords":"asturias,cultura,barjola,actualidad asturias","webmasterTools":{"google-site-verification":"UA-38556648-1","msvalidate.01":"7dfe9f3f1b24437ab69f4f2559babe99","miscellaneous":""},"schema":{"@context":"https:\/\/schema.org","@graph":[{"@type":"BlogPosting","@id":"https:\/\/www.eldigitaldeasturias.com\/noticias\/roman-sanchez-torre-gana-la-quinta-edicion-del-premio-museo-barjola\/#blogposting","name":"Rom\u00e1n S\u00e1nchez Torre gana la quinta edici\u00f3n del Premio Museo Barjola - El Digital de Asturias","headline":"Rom\u00e1n S\u00e1nchez Torre gana la quinta edici\u00f3n del Premio Museo Barjola","author":{"@id":"https:\/\/www.eldigitaldeasturias.com\/noticias\/author\/admin\/#author"},"publisher":{"@id":"https:\/\/www.eldigitaldeasturias.com\/noticias\/#organization"},"image":{"@type":"ImageObject","url":1093061},"datePublished":"2021-06-04T14:34:30+02:00","dateModified":"2021-06-04T14:34:30+02:00","inLanguage":"es-ES","mainEntityOfPage":{"@id":"https:\/\/www.eldigitaldeasturias.com\/noticias\/roman-sanchez-torre-gana-la-quinta-edicion-del-premio-museo-barjola\/#webpage"},"isPartOf":{"@id":"https:\/\/www.eldigitaldeasturias.com\/noticias\/roman-sanchez-torre-gana-la-quinta-edicion-del-premio-museo-barjola\/#webpage"},"articleSection":"Actualidad Asturias"},{"@type":"BreadcrumbList","@id":"https:\/\/www.eldigitaldeasturias.com\/noticias\/roman-sanchez-torre-gana-la-quinta-edicion-del-premio-museo-barjola\/#breadcrumblist","itemListElement":[{"@type":"ListItem","@id":"https:\/\/www.eldigitaldeasturias.com\/noticias#listItem","position":1,"name":"Home","item":"https:\/\/www.eldigitaldeasturias.com\/noticias","nextItem":{"@type":"ListItem","@id":"https:\/\/www.eldigitaldeasturias.com\/noticias\/category\/actualidad-asturias\/#listItem","name":"Actualidad Asturias"}},{"@type":"ListItem","@id":"https:\/\/www.eldigitaldeasturias.com\/noticias\/category\/actualidad-asturias\/#listItem","position":2,"name":"Actualidad Asturias","item":"https:\/\/www.eldigitaldeasturias.com\/noticias\/category\/actualidad-asturias\/","nextItem":{"@type":"ListItem","@id":"https:\/\/www.eldigitaldeasturias.com\/noticias\/roman-sanchez-torre-gana-la-quinta-edicion-del-premio-museo-barjola\/#listItem","name":"Rom\u00e1n S\u00e1nchez Torre gana la quinta edici\u00f3n del Premio Museo Barjola"},"previousItem":{"@type":"ListItem","@id":"https:\/\/www.eldigitaldeasturias.com\/noticias#listItem","name":"Home"}},{"@type":"ListItem","@id":"https:\/\/www.eldigitaldeasturias.com\/noticias\/roman-sanchez-torre-gana-la-quinta-edicion-del-premio-museo-barjola\/#listItem","position":3,"name":"Rom\u00e1n S\u00e1nchez Torre gana la quinta edici\u00f3n del Premio Museo Barjola","previousItem":{"@type":"ListItem","@id":"https:\/\/www.eldigitaldeasturias.com\/noticias\/category\/actualidad-asturias\/#listItem","name":"Actualidad Asturias"}}]},{"@type":"Organization","@id":"https:\/\/www.eldigitaldeasturias.com\/noticias\/#organization","name":"El Digital de Asturias","description":"Hemeroteca","url":"https:\/\/www.eldigitaldeasturias.com\/noticias\/","email":"info@eldigitaldeasturias.com","telephone":"+34652131393","logo":{"@type":"ImageObject","url":"https:\/\/www.eldigitaldeasturias.com\/noticias\/wp-content\/uploads\/2020\/12\/EDA.jpg","@id":"https:\/\/www.eldigitaldeasturias.com\/noticias\/roman-sanchez-torre-gana-la-quinta-edicion-del-premio-museo-barjola\/#organizationLogo"},"image":{"@id":"https:\/\/www.eldigitaldeasturias.com\/noticias\/roman-sanchez-torre-gana-la-quinta-edicion-del-premio-museo-barjola\/#organizationLogo"},"sameAs":["https:\/\/facebook.com\/eldigitaldeasturias","https:\/\/www.youtube.com\/channel\/UCZP-2wLEB9Rv6erhFmqVnvg"],"address":{"@id":"https:\/\/www.eldigitaldeasturias.com\/noticias\/#postaladdress","@type":"PostalAddress","streetAddress":"san antonio 4","postalCode":"33430","addressLocality":"Cand\u00e1s","addressRegion":"Asturias","addressCountry":"ES"}},{"@type":"Person","@id":"https:\/\/www.eldigitaldeasturias.com\/noticias\/author\/admin\/#author","url":"https:\/\/www.eldigitaldeasturias.com\/noticias\/author\/admin\/","name":"El Digital de Asturias","image":{"@type":"ImageObject","@id":"https:\/\/www.eldigitaldeasturias.com\/noticias\/roman-sanchez-torre-gana-la-quinta-edicion-del-premio-museo-barjola\/#authorImage","url":"https:\/\/secure.gravatar.com\/avatar\/df2aeffc32bcd13f8d26072ef8a91b623d677766deac7f97ca815868cd41bf5e?s=96&d=mm&r=g","width":96,"height":96,"caption":"El Digital de Asturias"}},{"@type":"WebPage","@id":"https:\/\/www.eldigitaldeasturias.com\/noticias\/roman-sanchez-torre-gana-la-quinta-edicion-del-premio-museo-barjola\/#webpage","url":"https:\/\/www.eldigitaldeasturias.com\/noticias\/roman-sanchez-torre-gana-la-quinta-edicion-del-premio-museo-barjola\/","name":"Rom\u00e1n S\u00e1nchez Torre gana la quinta edici\u00f3n del Premio Museo Barjola - El Digital de Asturias","description":"La propuesta de S\u00e1nchez Torre es una instalaci\u00f3n compuesta por una gran pieza escult\u00f3rica-lum\u00ednica construida con 80 m\u00f3dulos ..","inLanguage":"es-ES","isPartOf":{"@id":"https:\/\/www.eldigitaldeasturias.com\/noticias\/#website"},"breadcrumb":{"@id":"https:\/\/www.eldigitaldeasturias.com\/noticias\/roman-sanchez-torre-gana-la-quinta-edicion-del-premio-museo-barjola\/#breadcrumblist"},"author":{"@id":"https:\/\/www.eldigitaldeasturias.com\/noticias\/author\/admin\/#author"},"creator":{"@id":"https:\/\/www.eldigitaldeasturias.com\/noticias\/author\/admin\/#author"},"image":{"@type":"ImageObject","url":1093061,"@id":"https:\/\/www.eldigitaldeasturias.com\/noticias\/roman-sanchez-torre-gana-la-quinta-edicion-del-premio-museo-barjola\/#mainImage"},"primaryImageOfPage":{"@id":"https:\/\/www.eldigitaldeasturias.com\/noticias\/roman-sanchez-torre-gana-la-quinta-edicion-del-premio-museo-barjola\/#mainImage"},"datePublished":"2021-06-04T14:34:30+02:00","dateModified":"2021-06-04T14:34:30+02:00"},{"@type":"WebSite","@id":"https:\/\/www.eldigitaldeasturias.com\/noticias\/#website","url":"https:\/\/www.eldigitaldeasturias.com\/noticias\/","name":"El Digital de Asturias - Diario de actualidad y noticias","alternateName":"El Digital de Asturias - Diario de actualidad y noticias","description":"Hemeroteca","inLanguage":"es-ES","publisher":{"@id":"https:\/\/www.eldigitaldeasturias.com\/noticias\/#organization"}}]},"og:locale":"es_ES","og:site_name":"El Digital de Asturias","og:type":"article","og:title":"Rom\u00e1n S\u00e1nchez Torre gana la quinta edici\u00f3n del Premio Museo Barjola - El Digital de Asturias","og:description":"La propuesta de S\u00e1nchez Torre es una instalaci\u00f3n compuesta por una gran pieza escult\u00f3rica-lum\u00ednica construida con 80 m\u00f3dulos ..","og:url":"https:\/\/www.eldigitaldeasturias.com\/noticias\/roman-sanchez-torre-gana-la-quinta-edicion-del-premio-museo-barjola\/","article:tag":["asturias","cultura","barjola","actualidad asturias"],"article:published_time":"2021-06-04T13:34:30+00:00","article:modified_time":"2021-06-04T13:34:30+00:00","article:publisher":"https:\/\/facebook.com\/eldigitaldeasturias","twitter:card":"summary_large_image","twitter:title":"Rom\u00e1n S\u00e1nchez Torre gana la quinta edici\u00f3n del Premio Museo Barjola - El Digital de Asturias","twitter:description":"La propuesta de S\u00e1nchez Torre es una instalaci\u00f3n compuesta por una gran pieza escult\u00f3rica-lum\u00ednica construida con 80 m\u00f3dulos ..","twitter:image":"https:\/\/www.eldigitaldeasturias.com\/noticias\/wp-content\/uploads\/2020\/12\/EDA-1.jpg","twitter:label1":"Escrito por","twitter:data1":"El Digital de Asturias","twitter:label2":"Tiempo de lectura estimado","twitter:data2":"2 minutos"},"aioseo_meta_data":{"post_id":"1093060","title":null,"description":"La propuesta de S\u00e1nchez Torre es una instalaci\u00f3n compuesta por una gran pieza escult\u00f3rica-lum\u00ednica construida con 80 m\u00f3dulos&nbsp;..","keywords":[{"label":"Asturias","value":"Asturias"},{"label":" cultura","value":" cultura"},{"label":" Barjola","value":" Barjola"}],"keyphrases":{"focus":{"keyphrase":"Museo Barjola","score":87,"analysis":{"keyphraseInTitle":{"title":"Frase clave objetivo en el t\u00edtulo SEO","description":"Frase clave objetivo encontrada en el t\u00edtulo SEO.","score":9,"maxScore":9,"error":0},"keyphraseInDescription":{"title":"Frase clave objetivo en la meta descripci\u00f3n","description":"Frase clave objetivo no se encuentra en la meta descripci\u00f3n.","score":3,"maxScore":9,"error":1},"keyphraseInURL":[],"keyphraseInIntroduction":{"title":"Frase clave objetivo en la introducci\u00f3n","description":"Su Frase clave objetivo aparece en el primer p\u00e1rrafo. \u00a1Bien hecho!","score":9,"maxScore":9,"error":0},"keyphraseInSubHeadings":[],"keyphraseLength":{"title":"Longitud de la Frase clave objetivo","description":"\u00a1Buen trabajo!","score":9,"maxScore":9,"error":0,"length":2},"keyphraseInImageAlt":{"title":"Frase clave objetivo en los atributos alt de la imagen.","description":"Frase clave objetivo encontrada en los atributos alt de la(s) imagen(es).","score":9,"maxScore":9,"error":0}}},"additional":[{"keyphrase":"S\u00e1nchez Torre","score":83,"analysis":{"keyphraseInDescription":{"title":"Frase clave en la meta descripci\u00f3n","description":"Frase clave encontrada en la meta descripci\u00f3n.","score":9,"maxScore":9,"error":0},"keyphraseInIntroduction":{"title":"Frase clave en la introducci\u00f3n","description":"Su Frase clave aparece en el primer p\u00e1rrafo. \u00a1Bien hecho!","score":9,"maxScore":9,"error":0},"keyphraseInImageAlt":{"title":"Frase clave en los atributos alt de la imagen.","description":"Frase clave no se encuentra en los atributos alt de la imagen. A\u00f1ada una imagen con su Frase clave como texto alternativo.","score":3,"maxScore":9,"error":1},"keyphraseLength":{"title":"Longitud de la Frase clave","description":"\u00a1Buen trabajo!","score":9,"maxScore":9,"error":0,"length":2}}},{"keyphrase":"cultura","score":67,"analysis":{"keyphraseInDescription":{"title":"Frase clave en la meta descripci\u00f3n","description":"Frase clave no se encuentra en la meta descripci\u00f3n.","score":3,"maxScore":9,"error":1},"keyphraseInIntroduction":{"title":"Frase clave en la introducci\u00f3n","description":"Su Frase clave aparece en el primer p\u00e1rrafo. \u00a1Bien hecho!","score":9,"maxScore":9,"error":0},"keyphraseInImageAlt":{"title":"Frase clave en los atributos alt de la imagen.","description":"Frase clave no se encuentra en los atributos alt de la imagen. A\u00f1ada una imagen con su Frase clave como texto alternativo.","score":3,"maxScore":9,"error":1},"keyphraseLength":{"title":"Longitud de la Frase clave","description":"\u00a1Buen trabajo!","score":9,"maxScore":9,"error":0,"length":1}}}]},"primary_term":null,"canonical_url":null,"og_title":null,"og_description":null,"og_object_type":"default","og_image_type":"default","og_image_url":null,"og_image_width":null,"og_image_height":null,"og_image_custom_url":null,"og_image_custom_fields":null,"og_video":"","og_custom_url":null,"og_article_section":null,"og_article_tags":[],"twitter_use_og":false,"twitter_card":"default","twitter_image_type":"default","twitter_image_url":null,"twitter_image_custom_url":null,"twitter_image_custom_fields":null,"twitter_title":null,"twitter_description":null,"schema":{"blockGraphs":[],"customGraphs":[],"default":{"data":{"Article":[],"Course":[],"Dataset":[],"FAQPage":[],"Movie":[],"Person":[],"Product":[],"ProductReview":[],"Car":[],"Recipe":[],"Service":[],"SoftwareApplication":[],"WebPage":[]},"graphName":"","isEnabled":true},"graphs":[],"defaultGraph":"Article","defaultPostTypeGraph":""},"schema_type":"default","schema_type_options":"{\"article\":{\"articleType\":\"BlogPosting\"},\"course\":{\"name\":\"\",\"description\":\"\",\"provider\":\"\"},\"faq\":{\"pages\":[]},\"product\":{\"reviews\":[]},\"recipe\":{\"ingredients\":[],\"instructions\":[],\"keywords\":[]},\"software\":{\"reviews\":[],\"operatingSystems\":[]},\"webPage\":{\"webPageType\":\"WebPage\"}}","pillar_content":false,"robots_default":true,"robots_noindex":false,"robots_noarchive":false,"robots_nosnippet":false,"robots_nofollow":false,"robots_noimageindex":false,"robots_noodp":false,"robots_notranslate":false,"robots_max_snippet":"-1","robots_max_videopreview":"-1","robots_max_imagepreview":"large","priority":null,"frequency":"default","local_seo":{"locations":{"business":{"name":"","businessType":"","image":"","areaServed":"","urls":{"website":"","aboutPage":"","contactPage":""},"address":{"streetLine1":"","streetLine2":"","zipCode":"","city":"","state":"","country":"","addressFormat":"#streetLineOne\n#streetLineTwo\n#city, #state #zipCode"},"contact":{"email":"","phone":"","phoneFormatted":"","fax":"","faxFormatted":""},"ids":{"vat":"","tax":"","chamberOfCommerce":""},"payment":{"priceRange":"","currenciesAccepted":"","methods":""}}},"openingHours":{"useDefaults":true,"show":true,"alwaysOpen":false,"use24hFormat":false,"timezone":"","labels":{"closed":"","alwaysOpen":""},"days":{"monday":{"open24h":false,"closed":false,"openTime":"09:00","closeTime":"17:00"},"tuesday":{"open24h":false,"closed":false,"openTime":"09:00","closeTime":"17:00"},"wednesday":{"open24h":false,"closed":false,"openTime":"09:00","closeTime":"17:00"},"thursday":{"open24h":false,"closed":false,"openTime":"09:00","closeTime":"17:00"},"friday":{"open24h":false,"closed":false,"openTime":"09:00","closeTime":"17:00"},"saturday":{"open24h":false,"closed":false,"openTime":"09:00","closeTime":"17:00"},"sunday":{"open24h":false,"closed":false,"openTime":"09:00","closeTime":"17:00"}}}},"seo_analyzer_scan_date":"2026-07-18 11:21:00","breadcrumb_settings":null,"limit_modified_date":false,"open_ai":null,"ai":null,"created":"2021-06-04 13:31:11","updated":"2026-07-18 11:21:00","focus_keyword":"Museo Barjola","additional_keywords":[{"word":"S\u00e1nchez Torre","score":83},{"word":"cultura","score":67}],"truseo_locale":null},"aioseo_breadcrumb":"<div class=\"aioseo-breadcrumbs\"><span class=\"aioseo-breadcrumb\">\n\t<a href=\"https:\/\/www.eldigitaldeasturias.com\/noticias\" title=\"Home\">Home<\/a>\n<\/span><span class=\"aioseo-breadcrumb-separator\">\u2013<\/span><span class=\"aioseo-breadcrumb\">\n\t<a href=\"https:\/\/www.eldigitaldeasturias.com\/noticias\/category\/actualidad-asturias\/\" title=\"Actualidad Asturias\">Actualidad Asturias<\/a>\n<\/span><span class=\"aioseo-breadcrumb-separator\">\u2013<\/span><span class=\"aioseo-breadcrumb\">\n\t<a href=\"https:\/\/www.eldigitaldeasturias.com\/noticias\/roman-sanchez-torre-gana-la-quinta-edicion-del-premio-museo-barjola\/\" title=\"Rom\u00e1n S\u00e1nchez Torre gana la quinta edici\u00f3n del Premio Museo Barjola\">Rom\u00e1n S\u00e1nchez Torre gana la quinta edici\u00f3n del Premio Museo Barjola<\/a>\n<\/span><\/div>","aioseo_breadcrumb_json":[{"label":"Home","link":"https:\/\/www.eldigitaldeasturias.com\/noticias"},{"label":"Actualidad Asturias","link":"https:\/\/www.eldigitaldeasturias.com\/noticias\/category\/actualidad-asturias\/"},{"label":"Rom\u00e1n S\u00e1nchez Torre gana la quinta edici\u00f3n del Premio Museo Barjola","link":"https:\/\/www.eldigitaldeasturias.com\/noticias\/roman-sanchez-torre-gana-la-quinta-edicion-del-premio-museo-barjola\/"}],"_links":{"self":[{"href":"https:\/\/www.eldigitaldeasturias.com\/noticias\/wp-json\/wp\/v2\/posts\/1093060","targetHints":{"allow":["GET"]}}],"collection":[{"href":"https:\/\/www.eldigitaldeasturias.com\/noticias\/wp-json\/wp\/v2\/posts"}],"about":[{"href":"https:\/\/www.eldigitaldeasturias.com\/noticias\/wp-json\/wp\/v2\/types\/post"}],"author":[{"embeddable":true,"href":"https:\/\/www.eldigitaldeasturias.com\/noticias\/wp-json\/wp\/v2\/users\/1"}],"replies":[{"embeddable":true,"href":"https:\/\/www.eldigitaldeasturias.com\/noticias\/wp-json\/wp\/v2\/comments?post=1093060"}],"version-history":[{"count":0,"href":"https:\/\/www.eldigitaldeasturias.com\/noticias\/wp-json\/wp\/v2\/posts\/1093060\/revisions"}],"wp:attachment":[{"href":"https:\/\/www.eldigitaldeasturias.com\/noticias\/wp-json\/wp\/v2\/media?parent=1093060"}],"wp:term":[{"taxonomy":"category","embeddable":true,"href":"https:\/\/www.eldigitaldeasturias.com\/noticias\/wp-json\/wp\/v2\/categories?post=1093060"},{"taxonomy":"post_tag","embeddable":true,"href":"https:\/\/www.eldigitaldeasturias.com\/noticias\/wp-json\/wp\/v2\/tags?post=1093060"}],"curies":[{"name":"wp","href":"https:\/\/api.w.org\/{rel}","templated":true}]}}