{"id":1092999,"date":"2021-06-03T15:36:31","date_gmt":"2021-06-03T14:36:31","guid":{"rendered":"https:\/\/www.eldigitaldeasturias.com\/noticias\/?p=1092999"},"modified":"2021-06-03T15:36:31","modified_gmt":"2021-06-03T14:36:31","slug":"salud-dental-belleza-y-calidad-de-vida","status":"publish","type":"post","link":"https:\/\/www.eldigitaldeasturias.com\/noticias\/salud-dental-belleza-y-calidad-de-vida\/","title":{"rendered":"Salud dental: belleza y calidad de vida"},"content":{"rendered":"<p><img loading=\"lazy\" decoding=\"async\" class=\"alignleft size-medium wp-image-1093000\" src=\"https:\/\/www.eldigitaldeasturias.com\/noticias\/wp-content\/uploads\/2021\/06\/happy-1836445_640-360x240.jpg\" alt=\"\" width=\"360\" height=\"240\" \/>El cuidado de nuestra boca es muy importante tanto para la salud, como para nuestras relaciones personales, son muchas las personas que no se atreven a sonre\u00edr delante de gente nueva o desconocidos cuando tienen problemas dentales, ya sea por porque les faltan piezas o sus dientes no lucen un buen color, hoy en d\u00eda tener una bonita sonrisa es posible gracias al trabajo y servicio que te ofrece un buen <a href=\"https:\/\/www.clinicadentalurbina.com\/\" target=\"_blank\" rel=\"noopener\"><span style=\"color: #ff6600;\"><strong>dentista Salamanca<\/strong><\/span><\/a>.<\/p>\n<p>Adem\u00e1s de la est\u00e9tica tambi\u00e9n demos de ser conscientes de que la falta de piezas, ya sean dientes o muelas nos pueden acabar produciendo complicaciones a medio largo en otros \u00f3rganos de nuestro cuerpo, al no poder masticar bien no disfrutamos de los sabores y muchas veces \u201ctragamos\u201d los alimentos, luego es cuando comienzan a aparecer los problemas estomacales, de ah\u00ed la importancia de pedir siempre una cita en la <a href=\"https:\/\/www.dentistaurbina.com\/\" target=\"_blank\" rel=\"noopener\"><span style=\"color: #ff6600;\"><strong>cl\u00ednica dental Salamanca<\/strong><\/span><\/a> para que nos puedan hacer un buen diagnostico y nos ofrezcan una soluci\u00f3n para volver a sonre\u00edr y para evitar complicaciones el d\u00eda de ma\u00f1ana.<\/p>\n<p>Adem\u00e1s es importante resaltar que <strong>la odontolog\u00eda sin dolor es posible y gracias a los sistemas de anestesia y sedaci\u00f3n podr\u00e1s realizar un tratamiento totalmente indoloro y sin molestias<\/strong>, una raz\u00f3n m\u00e1s para no dudar y dejarlo para \u201cotro momento\u201d, la salud de tu boca no puede esperar, es algo que debes cuidar cada d\u00eda.<\/p>\n<h2>Concienciar a los ni\u00f1os<\/h2>\n<p>Vivimos en un mundo en el que hay muchos dulces, bebidas con azucares y muchas tentaciones al alcance de los ni\u00f1o<strong>s, hacerles ver que un buen cepillado de dientes es sano y necesario, y no una obligaci\u00f3n, les ayudar\u00e1 a tener una cultura bucal que conservar\u00e1n con el paso de los a\u00f1os<\/strong> y tambi\u00e9n les ayudar\u00e1 a prevenir otro tipo de molestias.<\/p>\n<p>Acompa\u00f1ar a los ni\u00f1os al dentista, normalizar el uso de aparatos, cepillarnos con ellos y hacerles ver que sus efectos positivos les ayudar\u00e1n a tener una vida mucho m\u00e1s sana es bueno, sano y necesario.<\/p>\n<h2>Evitar los malos h\u00e1bitos<\/h2>\n<p>El tabaco da\u00f1a los dientes, las enc\u00edas y tambi\u00e9n es muy perjudicial para la salud, cuando nos damos cuenta de ellos muchas veces pensamos o creemos que ya es tarde, pero no es as\u00ed, <strong>dejar de fumar y ponernos en manos de un experto<\/strong> que nos ayude a blanquear nuestra dentadura, nos sustituya piezas da\u00f1adas y nos ofrezca una serie de pautas para que los problemas no vayan a m\u00e1s tambi\u00e9n es importante.<\/p>\n<h2>Soluciones para todas las edades<\/h2>\n<p>Lo primero que debemos hacer cuando acudimos a <strong>Cl\u00ednica Dental Urbina, en Salamanca, es realizar un diagnostico para que sus profesionales, con m\u00e1s de 15 a\u00f1os de experiencia, nos puedan ofrecer la respuesta real a nuestras necesidades,<\/strong> es bueno saber que dientes tenemos da\u00f1ados o que tratamientos podemos realizar para sustituir piezas, ponernos implantes, alinear nuestros dientes con la ortodoncia o realizar una bucal.<\/p>\n<p>Cada persona es un mundo, y muchas veces por miedo a ir al dentista, por falta de liquidez o por verg\u00fcenza se va dejando para otro momento la b\u00fasqueda de una soluci\u00f3n que nos aporte bienestar, menos dolores y belleza.<\/p>\n<p>Adem\u00e1s no podemos olvidar que con el paso de los a\u00f1os nuestra dentadura se desgasta y sufre los efectos del tiempo y tambi\u00e9n de todo aquello que no hemos solucionado cuando tan solo era \u201cun peque\u00f1o dolor\u201d, una revisi\u00f3n anual o semestral y acudir siempre a Cl\u00ednica Dental Urbina cuando comenzamos a <strong>notar dolores o problemas a la hora de masticar, con las bebidas fr\u00edas o calientes, o a la hora de hacer deporte es de vital importancia<\/strong>, pues la dentadura es algo que nos acompa\u00f1a a todas partes y tambi\u00e9n es nuestra tarjeta de visita.<\/p>\n<p>\u00bfNecesitas sonre\u00edr y arreglar la boca?, ahora es el mejor momento para hacerlo.<\/p>\n<p>&nbsp;<\/p>\n","protected":false},"excerpt":{"rendered":"<p>El cuidado de nuestra boca es muy importante tanto para la salud, como para nuestras relaciones personales, son muchas las personas que no se atreven a sonre\u00edr delante de gente nueva o desconocidos cuando tienen problemas dentales, ya sea por porque les faltan piezas o sus dientes no lucen un buen color, hoy en d\u00eda [&hellip;]<\/p>\n","protected":false},"author":1,"featured_media":1093000,"comment_status":"closed","ping_status":"closed","sticky":false,"template":"","format":"standard","meta":{"footnotes":""},"categories":[28],"tags":[],"class_list":["post-1092999","post","type-post","status-publish","format-standard","has-post-thumbnail","hentry","category-sociedad"],"aioseo_notices":[],"aioseo_head":"\n\t\t<!-- All in One SEO Pro 5.0.1 - aioseo.com -->\n\t<meta name=\"description\" content=\"El cuidado de nuestra boca es muy importante tanto para la salud, como para nuestras relaciones personales, son muchas las personas que no se atreven a sonre\u00edr\" \/>\n\t<meta name=\"robots\" content=\"max-image-preview:large\" \/>\n\t<meta name=\"author\" content=\"El Digital de Asturias\"\/>\n\t<meta name=\"google-site-verification\" content=\"UA-38556648-1\" \/>\n\t<meta name=\"msvalidate.01\" content=\"7dfe9f3f1b24437ab69f4f2559babe99\" \/>\n\t<meta name=\"keywords\" content=\"boca,dentista,salud,dentista salamanca,salud dental,sociedad\" \/>\n\t<link rel=\"canonical\" href=\"https:\/\/www.eldigitaldeasturias.com\/noticias\/salud-dental-belleza-y-calidad-de-vida\/\" \/>\n\t<meta name=\"generator\" content=\"All in One SEO Pro (AIOSEO) 5.0.1\" \/>\n\t\t<meta property=\"og:locale\" content=\"es_ES\" \/>\n\t\t<meta property=\"og:site_name\" content=\"El Digital de Asturias\" \/>\n\t\t<meta property=\"og:type\" content=\"article\" \/>\n\t\t<meta property=\"og:title\" content=\"Salud dental: belleza y calidad de vida - El Digital de Asturias\" \/>\n\t\t<meta property=\"og:description\" content=\"El cuidado de nuestra boca es muy importante tanto para la salud, como para nuestras relaciones personales, son muchas las personas que no se atreven a sonre\u00edr\" \/>\n\t\t<meta property=\"og:url\" content=\"https:\/\/www.eldigitaldeasturias.com\/noticias\/salud-dental-belleza-y-calidad-de-vida\/\" \/>\n\t\t<meta property=\"article:tag\" content=\"boca\" \/>\n\t\t<meta property=\"article:tag\" content=\"dentista\" \/>\n\t\t<meta property=\"article:tag\" content=\"salud\" \/>\n\t\t<meta property=\"article:tag\" content=\"dentista salamanca\" \/>\n\t\t<meta property=\"article:tag\" content=\"salud dental\" \/>\n\t\t<meta property=\"article:tag\" content=\"sociedad\" \/>\n\t\t<meta property=\"article:published_time\" content=\"2021-06-03T14:36:31+00:00\" \/>\n\t\t<meta property=\"article:modified_time\" content=\"2021-06-03T14:36:31+00:00\" \/>\n\t\t<meta property=\"article:publisher\" content=\"https:\/\/facebook.com\/eldigitaldeasturias\" \/>\n\t\t<meta name=\"twitter:card\" content=\"summary_large_image\" \/>\n\t\t<meta name=\"twitter:title\" content=\"Salud dental: belleza y calidad de vida - El Digital de Asturias\" \/>\n\t\t<meta name=\"twitter:description\" content=\"El cuidado de nuestra boca es muy importante tanto para la salud, como para nuestras relaciones personales, son muchas las personas que no se atreven a sonre\u00edr\" \/>\n\t\t<meta name=\"twitter:image\" content=\"https:\/\/www.eldigitaldeasturias.com\/noticias\/wp-content\/uploads\/2020\/12\/EDA-1.jpg\" \/>\n\t\t<meta name=\"twitter:label1\" content=\"Escrito por\" \/>\n\t\t<meta name=\"twitter:data1\" content=\"El Digital de Asturias\" \/>\n\t\t<meta name=\"twitter:label2\" content=\"Tiempo de lectura estimado\" \/>\n\t\t<meta name=\"twitter:data2\" content=\"3 minutos\" \/>\n\t\t<script type=\"application\/ld+json\" class=\"aioseo-schema\">\n\t\t\t{\"@context\":\"https:\\\/\\\/schema.org\",\"@graph\":[{\"@type\":\"BlogPosting\",\"@id\":\"https:\\\/\\\/www.eldigitaldeasturias.com\\\/noticias\\\/salud-dental-belleza-y-calidad-de-vida\\\/#blogposting\",\"name\":\"Salud dental: belleza y calidad de vida - El Digital de Asturias\",\"headline\":\"Salud dental: belleza y calidad de vida\",\"author\":{\"@id\":\"https:\\\/\\\/www.eldigitaldeasturias.com\\\/noticias\\\/author\\\/admin\\\/#author\"},\"publisher\":{\"@id\":\"https:\\\/\\\/www.eldigitaldeasturias.com\\\/noticias\\\/#organization\"},\"image\":{\"@type\":\"ImageObject\",\"url\":1093000},\"datePublished\":\"2021-06-03T15:36:31+02:00\",\"dateModified\":\"2021-06-03T15:36:31+02:00\",\"inLanguage\":\"es-ES\",\"mainEntityOfPage\":{\"@id\":\"https:\\\/\\\/www.eldigitaldeasturias.com\\\/noticias\\\/salud-dental-belleza-y-calidad-de-vida\\\/#webpage\"},\"isPartOf\":{\"@id\":\"https:\\\/\\\/www.eldigitaldeasturias.com\\\/noticias\\\/salud-dental-belleza-y-calidad-de-vida\\\/#webpage\"},\"articleSection\":\"Sociedad\"},{\"@type\":\"BreadcrumbList\",\"@id\":\"https:\\\/\\\/www.eldigitaldeasturias.com\\\/noticias\\\/salud-dental-belleza-y-calidad-de-vida\\\/#breadcrumblist\",\"itemListElement\":[{\"@type\":\"ListItem\",\"@id\":\"https:\\\/\\\/www.eldigitaldeasturias.com\\\/noticias#listItem\",\"position\":1,\"name\":\"Home\",\"item\":\"https:\\\/\\\/www.eldigitaldeasturias.com\\\/noticias\",\"nextItem\":{\"@type\":\"ListItem\",\"@id\":\"https:\\\/\\\/www.eldigitaldeasturias.com\\\/noticias\\\/category\\\/sociedad\\\/#listItem\",\"name\":\"Sociedad\"}},{\"@type\":\"ListItem\",\"@id\":\"https:\\\/\\\/www.eldigitaldeasturias.com\\\/noticias\\\/category\\\/sociedad\\\/#listItem\",\"position\":2,\"name\":\"Sociedad\",\"item\":\"https:\\\/\\\/www.eldigitaldeasturias.com\\\/noticias\\\/category\\\/sociedad\\\/\",\"nextItem\":{\"@type\":\"ListItem\",\"@id\":\"https:\\\/\\\/www.eldigitaldeasturias.com\\\/noticias\\\/salud-dental-belleza-y-calidad-de-vida\\\/#listItem\",\"name\":\"Salud dental: belleza y calidad de vida\"},\"previousItem\":{\"@type\":\"ListItem\",\"@id\":\"https:\\\/\\\/www.eldigitaldeasturias.com\\\/noticias#listItem\",\"name\":\"Home\"}},{\"@type\":\"ListItem\",\"@id\":\"https:\\\/\\\/www.eldigitaldeasturias.com\\\/noticias\\\/salud-dental-belleza-y-calidad-de-vida\\\/#listItem\",\"position\":3,\"name\":\"Salud dental: belleza y calidad de vida\",\"previousItem\":{\"@type\":\"ListItem\",\"@id\":\"https:\\\/\\\/www.eldigitaldeasturias.com\\\/noticias\\\/category\\\/sociedad\\\/#listItem\",\"name\":\"Sociedad\"}}]},{\"@type\":\"Organization\",\"@id\":\"https:\\\/\\\/www.eldigitaldeasturias.com\\\/noticias\\\/#organization\",\"name\":\"El Digital de Asturias\",\"description\":\"Hemeroteca\",\"url\":\"https:\\\/\\\/www.eldigitaldeasturias.com\\\/noticias\\\/\",\"email\":\"info@eldigitaldeasturias.com\",\"telephone\":\"+34652131393\",\"logo\":{\"@type\":\"ImageObject\",\"url\":\"https:\\\/\\\/www.eldigitaldeasturias.com\\\/noticias\\\/wp-content\\\/uploads\\\/2020\\\/12\\\/EDA.jpg\",\"@id\":\"https:\\\/\\\/www.eldigitaldeasturias.com\\\/noticias\\\/salud-dental-belleza-y-calidad-de-vida\\\/#organizationLogo\"},\"image\":{\"@id\":\"https:\\\/\\\/www.eldigitaldeasturias.com\\\/noticias\\\/salud-dental-belleza-y-calidad-de-vida\\\/#organizationLogo\"},\"sameAs\":[\"https:\\\/\\\/facebook.com\\\/eldigitaldeasturias\",\"https:\\\/\\\/www.youtube.com\\\/channel\\\/UCZP-2wLEB9Rv6erhFmqVnvg\"],\"address\":{\"@id\":\"https:\\\/\\\/www.eldigitaldeasturias.com\\\/noticias\\\/#postaladdress\",\"@type\":\"PostalAddress\",\"streetAddress\":\"san antonio 4\",\"postalCode\":\"33430\",\"addressLocality\":\"Cand\\u00e1s\",\"addressRegion\":\"Asturias\",\"addressCountry\":\"ES\"}},{\"@type\":\"Person\",\"@id\":\"https:\\\/\\\/www.eldigitaldeasturias.com\\\/noticias\\\/author\\\/admin\\\/#author\",\"url\":\"https:\\\/\\\/www.eldigitaldeasturias.com\\\/noticias\\\/author\\\/admin\\\/\",\"name\":\"El Digital de Asturias\",\"image\":{\"@type\":\"ImageObject\",\"@id\":\"https:\\\/\\\/www.eldigitaldeasturias.com\\\/noticias\\\/salud-dental-belleza-y-calidad-de-vida\\\/#authorImage\",\"url\":\"https:\\\/\\\/secure.gravatar.com\\\/avatar\\\/df2aeffc32bcd13f8d26072ef8a91b623d677766deac7f97ca815868cd41bf5e?s=96&d=mm&r=g\",\"width\":96,\"height\":96,\"caption\":\"El Digital de Asturias\"}},{\"@type\":\"WebPage\",\"@id\":\"https:\\\/\\\/www.eldigitaldeasturias.com\\\/noticias\\\/salud-dental-belleza-y-calidad-de-vida\\\/#webpage\",\"url\":\"https:\\\/\\\/www.eldigitaldeasturias.com\\\/noticias\\\/salud-dental-belleza-y-calidad-de-vida\\\/\",\"name\":\"Salud dental: belleza y calidad de vida - El Digital de Asturias\",\"description\":\"El cuidado de nuestra boca es muy importante tanto para la salud, como para nuestras relaciones personales, son muchas las personas que no se atreven a sonre\\u00edr\",\"inLanguage\":\"es-ES\",\"isPartOf\":{\"@id\":\"https:\\\/\\\/www.eldigitaldeasturias.com\\\/noticias\\\/#website\"},\"breadcrumb\":{\"@id\":\"https:\\\/\\\/www.eldigitaldeasturias.com\\\/noticias\\\/salud-dental-belleza-y-calidad-de-vida\\\/#breadcrumblist\"},\"author\":{\"@id\":\"https:\\\/\\\/www.eldigitaldeasturias.com\\\/noticias\\\/author\\\/admin\\\/#author\"},\"creator\":{\"@id\":\"https:\\\/\\\/www.eldigitaldeasturias.com\\\/noticias\\\/author\\\/admin\\\/#author\"},\"image\":{\"@type\":\"ImageObject\",\"url\":1093000,\"@id\":\"https:\\\/\\\/www.eldigitaldeasturias.com\\\/noticias\\\/salud-dental-belleza-y-calidad-de-vida\\\/#mainImage\"},\"primaryImageOfPage\":{\"@id\":\"https:\\\/\\\/www.eldigitaldeasturias.com\\\/noticias\\\/salud-dental-belleza-y-calidad-de-vida\\\/#mainImage\"},\"datePublished\":\"2021-06-03T15:36:31+02:00\",\"dateModified\":\"2021-06-03T15:36:31+02:00\"},{\"@type\":\"WebSite\",\"@id\":\"https:\\\/\\\/www.eldigitaldeasturias.com\\\/noticias\\\/#website\",\"url\":\"https:\\\/\\\/www.eldigitaldeasturias.com\\\/noticias\\\/\",\"name\":\"El Digital de Asturias - Diario de actualidad y noticias\",\"alternateName\":\"El Digital de Asturias - Diario de actualidad y noticias\",\"description\":\"Hemeroteca\",\"inLanguage\":\"es-ES\",\"publisher\":{\"@id\":\"https:\\\/\\\/www.eldigitaldeasturias.com\\\/noticias\\\/#organization\"}}]}\n\t\t<\/script>\n\t\t<!-- All in One SEO Pro -->\r\n\t\t<title>Salud dental: belleza y calidad de vida - El Digital de Asturias<\/title>\n\n","aioseo_head_json":{"title":"Salud dental: belleza y calidad de vida - El Digital de Asturias","description":"El cuidado de nuestra boca es muy importante tanto para la salud, como para nuestras relaciones personales, son muchas las personas que no se atreven a sonre\u00edr","canonical_url":"https:\/\/www.eldigitaldeasturias.com\/noticias\/salud-dental-belleza-y-calidad-de-vida\/","robots":"max-image-preview:large","keywords":"boca,dentista,salud,dentista salamanca,salud dental,sociedad","webmasterTools":{"google-site-verification":"UA-38556648-1","msvalidate.01":"7dfe9f3f1b24437ab69f4f2559babe99","miscellaneous":""},"schema":{"@context":"https:\/\/schema.org","@graph":[{"@type":"BlogPosting","@id":"https:\/\/www.eldigitaldeasturias.com\/noticias\/salud-dental-belleza-y-calidad-de-vida\/#blogposting","name":"Salud dental: belleza y calidad de vida - El Digital de Asturias","headline":"Salud dental: belleza y calidad de vida","author":{"@id":"https:\/\/www.eldigitaldeasturias.com\/noticias\/author\/admin\/#author"},"publisher":{"@id":"https:\/\/www.eldigitaldeasturias.com\/noticias\/#organization"},"image":{"@type":"ImageObject","url":1093000},"datePublished":"2021-06-03T15:36:31+02:00","dateModified":"2021-06-03T15:36:31+02:00","inLanguage":"es-ES","mainEntityOfPage":{"@id":"https:\/\/www.eldigitaldeasturias.com\/noticias\/salud-dental-belleza-y-calidad-de-vida\/#webpage"},"isPartOf":{"@id":"https:\/\/www.eldigitaldeasturias.com\/noticias\/salud-dental-belleza-y-calidad-de-vida\/#webpage"},"articleSection":"Sociedad"},{"@type":"BreadcrumbList","@id":"https:\/\/www.eldigitaldeasturias.com\/noticias\/salud-dental-belleza-y-calidad-de-vida\/#breadcrumblist","itemListElement":[{"@type":"ListItem","@id":"https:\/\/www.eldigitaldeasturias.com\/noticias#listItem","position":1,"name":"Home","item":"https:\/\/www.eldigitaldeasturias.com\/noticias","nextItem":{"@type":"ListItem","@id":"https:\/\/www.eldigitaldeasturias.com\/noticias\/category\/sociedad\/#listItem","name":"Sociedad"}},{"@type":"ListItem","@id":"https:\/\/www.eldigitaldeasturias.com\/noticias\/category\/sociedad\/#listItem","position":2,"name":"Sociedad","item":"https:\/\/www.eldigitaldeasturias.com\/noticias\/category\/sociedad\/","nextItem":{"@type":"ListItem","@id":"https:\/\/www.eldigitaldeasturias.com\/noticias\/salud-dental-belleza-y-calidad-de-vida\/#listItem","name":"Salud dental: belleza y calidad de vida"},"previousItem":{"@type":"ListItem","@id":"https:\/\/www.eldigitaldeasturias.com\/noticias#listItem","name":"Home"}},{"@type":"ListItem","@id":"https:\/\/www.eldigitaldeasturias.com\/noticias\/salud-dental-belleza-y-calidad-de-vida\/#listItem","position":3,"name":"Salud dental: belleza y calidad de vida","previousItem":{"@type":"ListItem","@id":"https:\/\/www.eldigitaldeasturias.com\/noticias\/category\/sociedad\/#listItem","name":"Sociedad"}}]},{"@type":"Organization","@id":"https:\/\/www.eldigitaldeasturias.com\/noticias\/#organization","name":"El Digital de Asturias","description":"Hemeroteca","url":"https:\/\/www.eldigitaldeasturias.com\/noticias\/","email":"info@eldigitaldeasturias.com","telephone":"+34652131393","logo":{"@type":"ImageObject","url":"https:\/\/www.eldigitaldeasturias.com\/noticias\/wp-content\/uploads\/2020\/12\/EDA.jpg","@id":"https:\/\/www.eldigitaldeasturias.com\/noticias\/salud-dental-belleza-y-calidad-de-vida\/#organizationLogo"},"image":{"@id":"https:\/\/www.eldigitaldeasturias.com\/noticias\/salud-dental-belleza-y-calidad-de-vida\/#organizationLogo"},"sameAs":["https:\/\/facebook.com\/eldigitaldeasturias","https:\/\/www.youtube.com\/channel\/UCZP-2wLEB9Rv6erhFmqVnvg"],"address":{"@id":"https:\/\/www.eldigitaldeasturias.com\/noticias\/#postaladdress","@type":"PostalAddress","streetAddress":"san antonio 4","postalCode":"33430","addressLocality":"Cand\u00e1s","addressRegion":"Asturias","addressCountry":"ES"}},{"@type":"Person","@id":"https:\/\/www.eldigitaldeasturias.com\/noticias\/author\/admin\/#author","url":"https:\/\/www.eldigitaldeasturias.com\/noticias\/author\/admin\/","name":"El Digital de Asturias","image":{"@type":"ImageObject","@id":"https:\/\/www.eldigitaldeasturias.com\/noticias\/salud-dental-belleza-y-calidad-de-vida\/#authorImage","url":"https:\/\/secure.gravatar.com\/avatar\/df2aeffc32bcd13f8d26072ef8a91b623d677766deac7f97ca815868cd41bf5e?s=96&d=mm&r=g","width":96,"height":96,"caption":"El Digital de Asturias"}},{"@type":"WebPage","@id":"https:\/\/www.eldigitaldeasturias.com\/noticias\/salud-dental-belleza-y-calidad-de-vida\/#webpage","url":"https:\/\/www.eldigitaldeasturias.com\/noticias\/salud-dental-belleza-y-calidad-de-vida\/","name":"Salud dental: belleza y calidad de vida - El Digital de Asturias","description":"El cuidado de nuestra boca es muy importante tanto para la salud, como para nuestras relaciones personales, son muchas las personas que no se atreven a sonre\u00edr","inLanguage":"es-ES","isPartOf":{"@id":"https:\/\/www.eldigitaldeasturias.com\/noticias\/#website"},"breadcrumb":{"@id":"https:\/\/www.eldigitaldeasturias.com\/noticias\/salud-dental-belleza-y-calidad-de-vida\/#breadcrumblist"},"author":{"@id":"https:\/\/www.eldigitaldeasturias.com\/noticias\/author\/admin\/#author"},"creator":{"@id":"https:\/\/www.eldigitaldeasturias.com\/noticias\/author\/admin\/#author"},"image":{"@type":"ImageObject","url":1093000,"@id":"https:\/\/www.eldigitaldeasturias.com\/noticias\/salud-dental-belleza-y-calidad-de-vida\/#mainImage"},"primaryImageOfPage":{"@id":"https:\/\/www.eldigitaldeasturias.com\/noticias\/salud-dental-belleza-y-calidad-de-vida\/#mainImage"},"datePublished":"2021-06-03T15:36:31+02:00","dateModified":"2021-06-03T15:36:31+02:00"},{"@type":"WebSite","@id":"https:\/\/www.eldigitaldeasturias.com\/noticias\/#website","url":"https:\/\/www.eldigitaldeasturias.com\/noticias\/","name":"El Digital de Asturias - Diario de actualidad y noticias","alternateName":"El Digital de Asturias - Diario de actualidad y noticias","description":"Hemeroteca","inLanguage":"es-ES","publisher":{"@id":"https:\/\/www.eldigitaldeasturias.com\/noticias\/#organization"}}]},"og:locale":"es_ES","og:site_name":"El Digital de Asturias","og:type":"article","og:title":"Salud dental: belleza y calidad de vida - El Digital de Asturias","og:description":"El cuidado de nuestra boca es muy importante tanto para la salud, como para nuestras relaciones personales, son muchas las personas que no se atreven a sonre\u00edr","og:url":"https:\/\/www.eldigitaldeasturias.com\/noticias\/salud-dental-belleza-y-calidad-de-vida\/","article:tag":["boca","dentista","salud","dentista salamanca","salud dental","sociedad"],"article:published_time":"2021-06-03T14:36:31+00:00","article:modified_time":"2021-06-03T14:36:31+00:00","article:publisher":"https:\/\/facebook.com\/eldigitaldeasturias","twitter:card":"summary_large_image","twitter:title":"Salud dental: belleza y calidad de vida - El Digital de Asturias","twitter:description":"El cuidado de nuestra boca es muy importante tanto para la salud, como para nuestras relaciones personales, son muchas las personas que no se atreven a sonre\u00edr","twitter:image":"https:\/\/www.eldigitaldeasturias.com\/noticias\/wp-content\/uploads\/2020\/12\/EDA-1.jpg","twitter:label1":"Escrito por","twitter:data1":"El Digital de Asturias","twitter:label2":"Tiempo de lectura estimado","twitter:data2":"3 minutos"},"aioseo_meta_data":{"post_id":"1092999","title":null,"description":"El cuidado de nuestra boca es muy importante tanto para la salud, como para nuestras relaciones personales, son muchas las personas que no se atreven a sonre\u00edr","keywords":[{"label":"boca","value":"boca"},{"label":" dentista","value":" dentista"},{"label":" salud","value":" salud"},{"label":" dentista Salamanca","value":" dentista Salamanca"},{"label":"Salud dental","value":"Salud dental"}],"keyphrases":{"focus":{"keyphrase":"Salud","score":73,"analysis":{"keyphraseInTitle":{"title":"Frase clave objetivo en el t\u00edtulo SEO","description":"Frase clave objetivo encontrada en el t\u00edtulo SEO.","score":9,"maxScore":9,"error":0},"keyphraseInDescription":{"title":"Frase clave objetivo en la meta descripci\u00f3n","description":"Frase clave objetivo encontrada en la meta descripci\u00f3n.","score":9,"maxScore":9,"error":0},"keyphraseInURL":{"title":"Frase clave objetivo en la URL","description":"Frase clave objetivo no encontrada en la URL.","score":1,"maxScore":5,"error":1},"keyphraseInIntroduction":{"title":"Frase clave objetivo en la introducci\u00f3n","description":"Su Frase clave objetivo aparece en el primer p\u00e1rrafo. \u00a1Bien hecho!","score":9,"maxScore":9,"error":0},"keyphraseInSubHeadings":{"title":"Frase clave objetivo sus subt\u00edtulos","description":"Use your focus keyphrase more in your H2 and H3 subheadings.","score":3,"maxScore":9,"error":1},"keyphraseLength":{"title":"Longitud de la Frase clave objetivo","description":"\u00a1Buen trabajo!","score":9,"maxScore":9,"error":0,"length":1},"keyphraseInImageAlt":{"title":"Frase clave objetivo en los atributos alt de la imagen.","description":"Frase clave objetivo no se encuentra en los atributos alt de la imagen. A\u00f1ada una imagen con su Frase clave objetivo como texto alternativo.","score":3,"maxScore":9,"error":1}}},"additional":[{"keyphrase":"nuestra boca","score":83,"analysis":{"keyphraseInDescription":{"title":"Frase clave en la meta descripci\u00f3n","description":"Frase clave encontrada en la meta descripci\u00f3n.","score":9,"maxScore":9,"error":0},"keyphraseInIntroduction":{"title":"Frase clave en la introducci\u00f3n","description":"Su Frase clave aparece en el primer p\u00e1rrafo. \u00a1Bien hecho!","score":9,"maxScore":9,"error":0},"keyphraseInImageAlt":{"title":"Frase clave en los atributos alt de la imagen.","description":"Frase clave no se encuentra en los atributos alt de la imagen. A\u00f1ada una imagen con su Frase clave como texto alternativo.","score":3,"maxScore":9,"error":1},"keyphraseLength":{"title":"Longitud de la Frase clave","description":"\u00a1Buen trabajo!","score":9,"maxScore":9,"error":0,"length":2}}},{"keyphrase":"dentista","score":67,"analysis":{"keyphraseInDescription":{"title":"Frase clave en la meta descripci\u00f3n","description":"Frase clave no se encuentra en la meta descripci\u00f3n.","score":3,"maxScore":9,"error":1},"keyphraseInIntroduction":{"title":"Frase clave en la introducci\u00f3n","description":"Su Frase clave aparece en el primer p\u00e1rrafo. \u00a1Bien hecho!","score":9,"maxScore":9,"error":0},"keyphraseInImageAlt":{"title":"Frase clave en los atributos alt de la imagen.","description":"Frase clave no se encuentra en los atributos alt de la imagen. A\u00f1ada una imagen con su Frase clave como texto alternativo.","score":3,"maxScore":9,"error":1},"keyphraseLength":{"title":"Longitud de la Frase clave","description":"\u00a1Buen trabajo!","score":9,"maxScore":9,"error":0,"length":1}}},{"keyphrase":"Salamanca","score":67,"analysis":{"keyphraseInDescription":{"title":"Frase clave en la meta descripci\u00f3n","description":"Frase clave no se encuentra en la meta descripci\u00f3n.","score":3,"maxScore":9,"error":1},"keyphraseInIntroduction":{"title":"Frase clave en la introducci\u00f3n","description":"Su Frase clave aparece en el primer p\u00e1rrafo. \u00a1Bien hecho!","score":9,"maxScore":9,"error":0},"keyphraseInImageAlt":{"title":"Frase clave en los atributos alt de la imagen.","description":"Frase clave no se encuentra en los atributos alt de la imagen. A\u00f1ada una imagen con su Frase clave como texto alternativo.","score":3,"maxScore":9,"error":1},"keyphraseLength":{"title":"Longitud de la Frase clave","description":"\u00a1Buen trabajo!","score":9,"maxScore":9,"error":0,"length":1}}},{"keyphrase":"salud","score":83,"analysis":{"keyphraseInDescription":{"title":"Frase clave en la meta descripci\u00f3n","description":"Frase clave encontrada en la meta descripci\u00f3n.","score":9,"maxScore":9,"error":0},"keyphraseInIntroduction":{"title":"Frase clave en la introducci\u00f3n","description":"Su Frase clave aparece en el primer p\u00e1rrafo. \u00a1Bien hecho!","score":9,"maxScore":9,"error":0},"keyphraseInImageAlt":{"title":"Frase clave en los atributos alt de la imagen.","description":"Frase clave no se encuentra en los atributos alt de la imagen. A\u00f1ada una imagen con su Frase clave como texto alternativo.","score":3,"maxScore":9,"error":1},"keyphraseLength":{"title":"Longitud de la Frase clave","description":"\u00a1Buen trabajo!","score":9,"maxScore":9,"error":0,"length":1}}}]},"primary_term":null,"canonical_url":null,"og_title":null,"og_description":null,"og_object_type":"default","og_image_type":"default","og_image_url":null,"og_image_width":null,"og_image_height":null,"og_image_custom_url":null,"og_image_custom_fields":null,"og_video":"","og_custom_url":null,"og_article_section":null,"og_article_tags":[],"twitter_use_og":false,"twitter_card":"default","twitter_image_type":"default","twitter_image_url":null,"twitter_image_custom_url":null,"twitter_image_custom_fields":null,"twitter_title":null,"twitter_description":null,"schema":{"blockGraphs":[],"customGraphs":[],"default":{"data":{"Article":[],"Course":[],"Dataset":[],"FAQPage":[],"Movie":[],"Person":[],"Product":[],"ProductReview":[],"Car":[],"Recipe":[],"Service":[],"SoftwareApplication":[],"WebPage":[]},"graphName":"","isEnabled":true},"graphs":[],"defaultGraph":"Article","defaultPostTypeGraph":""},"schema_type":"default","schema_type_options":"{\"article\":{\"articleType\":\"BlogPosting\"},\"course\":{\"name\":\"\",\"description\":\"\",\"provider\":\"\"},\"faq\":{\"pages\":[]},\"product\":{\"reviews\":[]},\"recipe\":{\"ingredients\":[],\"instructions\":[],\"keywords\":[]},\"software\":{\"reviews\":[],\"operatingSystems\":[]},\"webPage\":{\"webPageType\":\"WebPage\"}}","pillar_content":false,"robots_default":true,"robots_noindex":false,"robots_noarchive":false,"robots_nosnippet":false,"robots_nofollow":false,"robots_noimageindex":false,"robots_noodp":false,"robots_notranslate":false,"robots_max_snippet":"-1","robots_max_videopreview":"-1","robots_max_imagepreview":"large","priority":null,"frequency":"default","local_seo":{"locations":{"business":{"name":"","businessType":"","image":"","areaServed":"","urls":{"website":"","aboutPage":"","contactPage":""},"address":{"streetLine1":"","streetLine2":"","zipCode":"","city":"","state":"","country":"","addressFormat":"#streetLineOne\n#streetLineTwo\n#city, #state #zipCode"},"contact":{"email":"","phone":"","phoneFormatted":"","fax":"","faxFormatted":""},"ids":{"vat":"","tax":"","chamberOfCommerce":""},"payment":{"priceRange":"","currenciesAccepted":"","methods":""}}},"openingHours":{"useDefaults":true,"show":true,"alwaysOpen":false,"use24hFormat":false,"timezone":"","labels":{"closed":"","alwaysOpen":""},"days":{"monday":{"open24h":false,"closed":false,"openTime":"09:00","closeTime":"17:00"},"tuesday":{"open24h":false,"closed":false,"openTime":"09:00","closeTime":"17:00"},"wednesday":{"open24h":false,"closed":false,"openTime":"09:00","closeTime":"17:00"},"thursday":{"open24h":false,"closed":false,"openTime":"09:00","closeTime":"17:00"},"friday":{"open24h":false,"closed":false,"openTime":"09:00","closeTime":"17:00"},"saturday":{"open24h":false,"closed":false,"openTime":"09:00","closeTime":"17:00"},"sunday":{"open24h":false,"closed":false,"openTime":"09:00","closeTime":"17:00"}}}},"seo_analyzer_scan_date":"2026-07-18 10:41:28","breadcrumb_settings":null,"limit_modified_date":false,"open_ai":null,"ai":null,"created":"2021-06-03 14:22:45","updated":"2026-07-18 10:41:28","focus_keyword":"Salud","additional_keywords":[{"word":"nuestra boca","score":83},{"word":"dentista","score":67},{"word":"Salamanca","score":67},{"word":"salud","score":83}],"truseo_locale":null},"aioseo_breadcrumb":"<div class=\"aioseo-breadcrumbs\"><span class=\"aioseo-breadcrumb\">\n\t<a href=\"https:\/\/www.eldigitaldeasturias.com\/noticias\" title=\"Home\">Home<\/a>\n<\/span><span class=\"aioseo-breadcrumb-separator\">\u2013<\/span><span class=\"aioseo-breadcrumb\">\n\t<a href=\"https:\/\/www.eldigitaldeasturias.com\/noticias\/category\/sociedad\/\" title=\"Sociedad\">Sociedad<\/a>\n<\/span><span class=\"aioseo-breadcrumb-separator\">\u2013<\/span><span class=\"aioseo-breadcrumb\">\n\t<a href=\"https:\/\/www.eldigitaldeasturias.com\/noticias\/salud-dental-belleza-y-calidad-de-vida\/\" title=\"Salud dental: belleza y calidad de vida\">Salud dental: belleza y calidad de vida<\/a>\n<\/span><\/div>","aioseo_breadcrumb_json":[{"label":"Home","link":"https:\/\/www.eldigitaldeasturias.com\/noticias"},{"label":"Sociedad","link":"https:\/\/www.eldigitaldeasturias.com\/noticias\/category\/sociedad\/"},{"label":"Salud dental: belleza y calidad de vida","link":"https:\/\/www.eldigitaldeasturias.com\/noticias\/salud-dental-belleza-y-calidad-de-vida\/"}],"_links":{"self":[{"href":"https:\/\/www.eldigitaldeasturias.com\/noticias\/wp-json\/wp\/v2\/posts\/1092999","targetHints":{"allow":["GET"]}}],"collection":[{"href":"https:\/\/www.eldigitaldeasturias.com\/noticias\/wp-json\/wp\/v2\/posts"}],"about":[{"href":"https:\/\/www.eldigitaldeasturias.com\/noticias\/wp-json\/wp\/v2\/types\/post"}],"author":[{"embeddable":true,"href":"https:\/\/www.eldigitaldeasturias.com\/noticias\/wp-json\/wp\/v2\/users\/1"}],"replies":[{"embeddable":true,"href":"https:\/\/www.eldigitaldeasturias.com\/noticias\/wp-json\/wp\/v2\/comments?post=1092999"}],"version-history":[{"count":0,"href":"https:\/\/www.eldigitaldeasturias.com\/noticias\/wp-json\/wp\/v2\/posts\/1092999\/revisions"}],"wp:attachment":[{"href":"https:\/\/www.eldigitaldeasturias.com\/noticias\/wp-json\/wp\/v2\/media?parent=1092999"}],"wp:term":[{"taxonomy":"category","embeddable":true,"href":"https:\/\/www.eldigitaldeasturias.com\/noticias\/wp-json\/wp\/v2\/categories?post=1092999"},{"taxonomy":"post_tag","embeddable":true,"href":"https:\/\/www.eldigitaldeasturias.com\/noticias\/wp-json\/wp\/v2\/tags?post=1092999"}],"curies":[{"name":"wp","href":"https:\/\/api.w.org\/{rel}","templated":true}]}}