{"id":1092925,"date":"2021-06-02T11:40:50","date_gmt":"2021-06-02T10:40:50","guid":{"rendered":"https:\/\/www.eldigitaldeasturias.com\/noticias\/?p=1092925"},"modified":"2021-06-02T11:40:50","modified_gmt":"2021-06-02T10:40:50","slug":"23-nuevos-cachorros-de-lince-iberico","status":"publish","type":"post","link":"https:\/\/www.eldigitaldeasturias.com\/noticias\/23-nuevos-cachorros-de-lince-iberico\/","title":{"rendered":"23 nuevos cachorros de lince ib\u00e9rico"},"content":{"rendered":"<p><img loading=\"lazy\" decoding=\"async\" class=\"alignleft size-medium wp-image-1092926\" src=\"https:\/\/www.eldigitaldeasturias.com\/noticias\/wp-content\/uploads\/2021\/06\/Lince-Iberico-360x240.jpg\" alt=\"Lince Iberico\" width=\"360\" height=\"240\" \/>La temporada de cr\u00eda del lince ib\u00e9rico de este a\u00f1o ha finalizado con el nacimiento de <strong>23 nuevos cachorros en los centros de cr\u00eda de El Acebuche<\/strong>, en el Parque Nacional de Do\u00f1ana (Huelva) y en el de Zarza de Granadilla (C\u00e1ceres), gestionados por el Organismo Aut\u00f3nomo Parques Nacionales (OAPN), dependiente del Ministerio para la Transici\u00f3n Ecol\u00f3gica y el Reto Demogr\u00e1fico. Ambos complejos pertenecen a la red de centros de cr\u00eda del Programa de conservaci\u00f3n ex-situ del Lince Ib\u00e9rico en la pen\u00ednsula ib\u00e9rica.<\/p>\n<p><strong>Entre los ejemplares de Lynx pardinus nacidos esta temporada, se encuentra quince machos y ocho hembras<\/strong>. De estos 23 cachorros, 12 (10 machos y 2 hembras nacidos en cuatro camadas diferentes) se encuentran en las instalaciones de Zarza de Granadilla y los 11 cachorros restantes (5 machos y 6 hembras) se encuentran en el centro de cr\u00eda ubicado en el Parque Nacional de Do\u00f1ana, provenientes de otras cuatro camadas.<\/p>\n<p>El OAPN ha formado parte del Programa de conservaci\u00f3n ex-situ del Lince ib\u00e9rico desde su inicio. De hecho fue en el centro de El Acebuche en Do\u00f1ana, donde naci\u00f3 la primera camada de lince ib\u00e9rico criada en cautividad. Hasta la fecha, han nacido 238 ejemplares de lince ib\u00e9rico en los centros gestionados por el OAPN de los que 150 han sido liberados en las diferentes zonas de la pen\u00ednsula ib\u00e9rica donde se est\u00e1n llevando a cabo actuaciones de reintroducci\u00f3n y\/o reforzamiento de la especie.<\/p>\n<p>Las camadas de lince ib\u00e9rico sufren una fase de comportamiento agresivo en torno a las siete semanas de vida en la que los cachorros establecen su jerarqu\u00eda a base de agresiones que pueden finalizar con la muerte de alguno de ellos. <strong>En estos momentos ya cinco de las ocho camadas han superado esta fase agresiva y los t\u00e9cnicos de los centros conf\u00edan que las tres restantes puedan tambi\u00e9n superarla con \u00e9xito<\/strong>, para comenzar entonces con la siguiente fase en la vida de estos cachorros, ya sea permanecer como reproductores en los centros de cr\u00eda o preparaci\u00f3n para la suelta.<\/p>\n<p>En 2021 se han liberado un total de 27 linces dentro del programa de cr\u00eda del Lince Ib\u00e9rico. De los centros del OAPN, 4 ejemplares proven\u00edan de El Acebuche y 5 de Granadilla.<\/p>\n<h3>Un m\u00e1ximo hist\u00f3rico para la especie<\/h3>\n<p>El grupo de trabajo del lince, coordinado por el Ministerio para la Transici\u00f3n Ecol\u00f3gica y el Reto Demogr\u00e1fico, ha ofrecido en su \u00faltimo informe el mejor balance en dos d\u00e9cadas del estado de las poblaciones de lince ib\u00e9rico. Fruto de los esfuerzos conjuntos de conservaci\u00f3n del lince ib\u00e9rico en los \u00faltimos a\u00f1os, el estudio muestra que la poblaci\u00f3n de lince en Espa\u00f1a y Portugal ha alcanzado la suma de 1.111 ejemplares censados en ambos pa\u00edses, seg\u00fan datos de 2020.<\/p>\n<p>Esta cifra constituye el m\u00e1ximo num\u00e9rico registrado desde que existen programas de seguimiento de la especie y supone un aumento muy significativo, teniendo en cuenta que en el a\u00f1o 2002 se contabilizaron menos de 100 ejemplares, lo que lo sit\u00faa como uno de los programas de conservaci\u00f3n de felinos m\u00e1s exitoso del mundo.<\/p>\n","protected":false},"excerpt":{"rendered":"<p>La temporada de cr\u00eda del lince ib\u00e9rico de este a\u00f1o ha finalizado con el nacimiento de 23 nuevos cachorros en los centros de cr\u00eda de El Acebuche, en el Parque Nacional de Do\u00f1ana (Huelva) y en el de Zarza de Granadilla (C\u00e1ceres), gestionados por el Organismo Aut\u00f3nomo Parques Nacionales (OAPN), dependiente del Ministerio para la [&hellip;]<\/p>\n","protected":false},"author":1,"featured_media":1092926,"comment_status":"closed","ping_status":"closed","sticky":false,"template":"","format":"standard","meta":{"footnotes":""},"categories":[28],"tags":[],"class_list":["post-1092925","post","type-post","status-publish","format-standard","has-post-thumbnail","hentry","category-sociedad"],"aioseo_notices":[],"aioseo_head":"\n\t\t<!-- All in One SEO Pro 5.0.1 - aioseo.com -->\n\t<meta name=\"description\" content=\"La temporada de cr\u00eda del lince ib\u00e9rico de este a\u00f1o ha finalizado con el nacimiento de 23 nuevos cachorros en los centros de cr\u00eda de El Acebuche.\" \/>\n\t<meta name=\"robots\" content=\"max-image-preview:large\" \/>\n\t<meta name=\"author\" content=\"El Digital de Asturias\"\/>\n\t<meta name=\"google-site-verification\" content=\"UA-38556648-1\" \/>\n\t<meta name=\"msvalidate.01\" content=\"7dfe9f3f1b24437ab69f4f2559babe99\" \/>\n\t<meta name=\"keywords\" content=\"lince iberico,cachorros,naturaleza,sociedad\" \/>\n\t<link rel=\"canonical\" href=\"https:\/\/www.eldigitaldeasturias.com\/noticias\/23-nuevos-cachorros-de-lince-iberico\/\" \/>\n\t<meta name=\"generator\" content=\"All in One SEO Pro (AIOSEO) 5.0.1\" \/>\n\t\t<meta property=\"og:locale\" content=\"es_ES\" \/>\n\t\t<meta property=\"og:site_name\" content=\"El Digital de Asturias\" \/>\n\t\t<meta property=\"og:type\" content=\"article\" \/>\n\t\t<meta property=\"og:title\" content=\"23 nuevos cachorros de lince ib\u00e9rico - El Digital de Asturias\" \/>\n\t\t<meta property=\"og:description\" content=\"La temporada de cr\u00eda del lince ib\u00e9rico de este a\u00f1o ha finalizado con el nacimiento de 23 nuevos cachorros en los centros de cr\u00eda de El Acebuche.\" \/>\n\t\t<meta property=\"og:url\" content=\"https:\/\/www.eldigitaldeasturias.com\/noticias\/23-nuevos-cachorros-de-lince-iberico\/\" \/>\n\t\t<meta property=\"article:tag\" content=\"lince iberico\" \/>\n\t\t<meta property=\"article:tag\" content=\"cachorros\" \/>\n\t\t<meta property=\"article:tag\" content=\"naturaleza\" \/>\n\t\t<meta property=\"article:tag\" content=\"sociedad\" \/>\n\t\t<meta property=\"article:published_time\" content=\"2021-06-02T10:40:50+00:00\" \/>\n\t\t<meta property=\"article:modified_time\" content=\"2021-06-02T10:40:50+00:00\" \/>\n\t\t<meta property=\"article:publisher\" content=\"https:\/\/facebook.com\/eldigitaldeasturias\" \/>\n\t\t<meta name=\"twitter:card\" content=\"summary_large_image\" \/>\n\t\t<meta name=\"twitter:title\" content=\"23 nuevos cachorros de lince ib\u00e9rico - El Digital de Asturias\" \/>\n\t\t<meta name=\"twitter:description\" content=\"La temporada de cr\u00eda del lince ib\u00e9rico de este a\u00f1o ha finalizado con el nacimiento de 23 nuevos cachorros en los centros de cr\u00eda de El Acebuche.\" \/>\n\t\t<meta name=\"twitter:image\" content=\"https:\/\/www.eldigitaldeasturias.com\/noticias\/wp-content\/uploads\/2020\/12\/EDA-1.jpg\" \/>\n\t\t<meta name=\"twitter:label1\" content=\"Escrito por\" \/>\n\t\t<meta name=\"twitter:data1\" content=\"El Digital de Asturias\" \/>\n\t\t<meta name=\"twitter:label2\" content=\"Tiempo de lectura estimado\" \/>\n\t\t<meta name=\"twitter:data2\" content=\"3 minutos\" \/>\n\t\t<script type=\"application\/ld+json\" class=\"aioseo-schema\">\n\t\t\t{\"@context\":\"https:\\\/\\\/schema.org\",\"@graph\":[{\"@type\":\"BlogPosting\",\"@id\":\"https:\\\/\\\/www.eldigitaldeasturias.com\\\/noticias\\\/23-nuevos-cachorros-de-lince-iberico\\\/#blogposting\",\"name\":\"23 nuevos cachorros de lince ib\\u00e9rico - El Digital de Asturias\",\"headline\":\"23 nuevos cachorros de lince ib\\u00e9rico\",\"author\":{\"@id\":\"https:\\\/\\\/www.eldigitaldeasturias.com\\\/noticias\\\/author\\\/admin\\\/#author\"},\"publisher\":{\"@id\":\"https:\\\/\\\/www.eldigitaldeasturias.com\\\/noticias\\\/#organization\"},\"image\":{\"@type\":\"ImageObject\",\"url\":1092926},\"datePublished\":\"2021-06-02T11:40:50+02:00\",\"dateModified\":\"2021-06-02T11:40:50+02:00\",\"inLanguage\":\"es-ES\",\"mainEntityOfPage\":{\"@id\":\"https:\\\/\\\/www.eldigitaldeasturias.com\\\/noticias\\\/23-nuevos-cachorros-de-lince-iberico\\\/#webpage\"},\"isPartOf\":{\"@id\":\"https:\\\/\\\/www.eldigitaldeasturias.com\\\/noticias\\\/23-nuevos-cachorros-de-lince-iberico\\\/#webpage\"},\"articleSection\":\"Sociedad\"},{\"@type\":\"BreadcrumbList\",\"@id\":\"https:\\\/\\\/www.eldigitaldeasturias.com\\\/noticias\\\/23-nuevos-cachorros-de-lince-iberico\\\/#breadcrumblist\",\"itemListElement\":[{\"@type\":\"ListItem\",\"@id\":\"https:\\\/\\\/www.eldigitaldeasturias.com\\\/noticias#listItem\",\"position\":1,\"name\":\"Home\",\"item\":\"https:\\\/\\\/www.eldigitaldeasturias.com\\\/noticias\",\"nextItem\":{\"@type\":\"ListItem\",\"@id\":\"https:\\\/\\\/www.eldigitaldeasturias.com\\\/noticias\\\/category\\\/sociedad\\\/#listItem\",\"name\":\"Sociedad\"}},{\"@type\":\"ListItem\",\"@id\":\"https:\\\/\\\/www.eldigitaldeasturias.com\\\/noticias\\\/category\\\/sociedad\\\/#listItem\",\"position\":2,\"name\":\"Sociedad\",\"item\":\"https:\\\/\\\/www.eldigitaldeasturias.com\\\/noticias\\\/category\\\/sociedad\\\/\",\"nextItem\":{\"@type\":\"ListItem\",\"@id\":\"https:\\\/\\\/www.eldigitaldeasturias.com\\\/noticias\\\/23-nuevos-cachorros-de-lince-iberico\\\/#listItem\",\"name\":\"23 nuevos cachorros de lince ib\\u00e9rico\"},\"previousItem\":{\"@type\":\"ListItem\",\"@id\":\"https:\\\/\\\/www.eldigitaldeasturias.com\\\/noticias#listItem\",\"name\":\"Home\"}},{\"@type\":\"ListItem\",\"@id\":\"https:\\\/\\\/www.eldigitaldeasturias.com\\\/noticias\\\/23-nuevos-cachorros-de-lince-iberico\\\/#listItem\",\"position\":3,\"name\":\"23 nuevos cachorros de lince ib\\u00e9rico\",\"previousItem\":{\"@type\":\"ListItem\",\"@id\":\"https:\\\/\\\/www.eldigitaldeasturias.com\\\/noticias\\\/category\\\/sociedad\\\/#listItem\",\"name\":\"Sociedad\"}}]},{\"@type\":\"Organization\",\"@id\":\"https:\\\/\\\/www.eldigitaldeasturias.com\\\/noticias\\\/#organization\",\"name\":\"El Digital de Asturias\",\"description\":\"Hemeroteca\",\"url\":\"https:\\\/\\\/www.eldigitaldeasturias.com\\\/noticias\\\/\",\"email\":\"info@eldigitaldeasturias.com\",\"telephone\":\"+34652131393\",\"logo\":{\"@type\":\"ImageObject\",\"url\":\"https:\\\/\\\/www.eldigitaldeasturias.com\\\/noticias\\\/wp-content\\\/uploads\\\/2020\\\/12\\\/EDA.jpg\",\"@id\":\"https:\\\/\\\/www.eldigitaldeasturias.com\\\/noticias\\\/23-nuevos-cachorros-de-lince-iberico\\\/#organizationLogo\"},\"image\":{\"@id\":\"https:\\\/\\\/www.eldigitaldeasturias.com\\\/noticias\\\/23-nuevos-cachorros-de-lince-iberico\\\/#organizationLogo\"},\"sameAs\":[\"https:\\\/\\\/facebook.com\\\/eldigitaldeasturias\",\"https:\\\/\\\/www.youtube.com\\\/channel\\\/UCZP-2wLEB9Rv6erhFmqVnvg\"],\"address\":{\"@id\":\"https:\\\/\\\/www.eldigitaldeasturias.com\\\/noticias\\\/#postaladdress\",\"@type\":\"PostalAddress\",\"streetAddress\":\"san antonio 4\",\"postalCode\":\"33430\",\"addressLocality\":\"Cand\\u00e1s\",\"addressRegion\":\"Asturias\",\"addressCountry\":\"ES\"}},{\"@type\":\"Person\",\"@id\":\"https:\\\/\\\/www.eldigitaldeasturias.com\\\/noticias\\\/author\\\/admin\\\/#author\",\"url\":\"https:\\\/\\\/www.eldigitaldeasturias.com\\\/noticias\\\/author\\\/admin\\\/\",\"name\":\"El Digital de Asturias\",\"image\":{\"@type\":\"ImageObject\",\"@id\":\"https:\\\/\\\/www.eldigitaldeasturias.com\\\/noticias\\\/23-nuevos-cachorros-de-lince-iberico\\\/#authorImage\",\"url\":\"https:\\\/\\\/secure.gravatar.com\\\/avatar\\\/df2aeffc32bcd13f8d26072ef8a91b623d677766deac7f97ca815868cd41bf5e?s=96&d=mm&r=g\",\"width\":96,\"height\":96,\"caption\":\"El Digital de Asturias\"}},{\"@type\":\"WebPage\",\"@id\":\"https:\\\/\\\/www.eldigitaldeasturias.com\\\/noticias\\\/23-nuevos-cachorros-de-lince-iberico\\\/#webpage\",\"url\":\"https:\\\/\\\/www.eldigitaldeasturias.com\\\/noticias\\\/23-nuevos-cachorros-de-lince-iberico\\\/\",\"name\":\"23 nuevos cachorros de lince ib\\u00e9rico - El Digital de Asturias\",\"description\":\"La temporada de cr\\u00eda del lince ib\\u00e9rico de este a\\u00f1o ha finalizado con el nacimiento de 23 nuevos cachorros en los centros de cr\\u00eda de El Acebuche.\",\"inLanguage\":\"es-ES\",\"isPartOf\":{\"@id\":\"https:\\\/\\\/www.eldigitaldeasturias.com\\\/noticias\\\/#website\"},\"breadcrumb\":{\"@id\":\"https:\\\/\\\/www.eldigitaldeasturias.com\\\/noticias\\\/23-nuevos-cachorros-de-lince-iberico\\\/#breadcrumblist\"},\"author\":{\"@id\":\"https:\\\/\\\/www.eldigitaldeasturias.com\\\/noticias\\\/author\\\/admin\\\/#author\"},\"creator\":{\"@id\":\"https:\\\/\\\/www.eldigitaldeasturias.com\\\/noticias\\\/author\\\/admin\\\/#author\"},\"image\":{\"@type\":\"ImageObject\",\"url\":1092926,\"@id\":\"https:\\\/\\\/www.eldigitaldeasturias.com\\\/noticias\\\/23-nuevos-cachorros-de-lince-iberico\\\/#mainImage\"},\"primaryImageOfPage\":{\"@id\":\"https:\\\/\\\/www.eldigitaldeasturias.com\\\/noticias\\\/23-nuevos-cachorros-de-lince-iberico\\\/#mainImage\"},\"datePublished\":\"2021-06-02T11:40:50+02:00\",\"dateModified\":\"2021-06-02T11:40:50+02:00\"},{\"@type\":\"WebSite\",\"@id\":\"https:\\\/\\\/www.eldigitaldeasturias.com\\\/noticias\\\/#website\",\"url\":\"https:\\\/\\\/www.eldigitaldeasturias.com\\\/noticias\\\/\",\"name\":\"El Digital de Asturias - Diario de actualidad y noticias\",\"alternateName\":\"El Digital de Asturias - Diario de actualidad y noticias\",\"description\":\"Hemeroteca\",\"inLanguage\":\"es-ES\",\"publisher\":{\"@id\":\"https:\\\/\\\/www.eldigitaldeasturias.com\\\/noticias\\\/#organization\"}}]}\n\t\t<\/script>\n\t\t<!-- All in One SEO Pro -->\r\n\t\t<title>23 nuevos cachorros de lince ib\u00e9rico - El Digital de Asturias<\/title>\n\n","aioseo_head_json":{"title":"23 nuevos cachorros de lince ib\u00e9rico - El Digital de Asturias","description":"La temporada de cr\u00eda del lince ib\u00e9rico de este a\u00f1o ha finalizado con el nacimiento de 23 nuevos cachorros en los centros de cr\u00eda de El Acebuche.","canonical_url":"https:\/\/www.eldigitaldeasturias.com\/noticias\/23-nuevos-cachorros-de-lince-iberico\/","robots":"max-image-preview:large","keywords":"lince iberico,cachorros,naturaleza,sociedad","webmasterTools":{"google-site-verification":"UA-38556648-1","msvalidate.01":"7dfe9f3f1b24437ab69f4f2559babe99","miscellaneous":""},"schema":{"@context":"https:\/\/schema.org","@graph":[{"@type":"BlogPosting","@id":"https:\/\/www.eldigitaldeasturias.com\/noticias\/23-nuevos-cachorros-de-lince-iberico\/#blogposting","name":"23 nuevos cachorros de lince ib\u00e9rico - El Digital de Asturias","headline":"23 nuevos cachorros de lince ib\u00e9rico","author":{"@id":"https:\/\/www.eldigitaldeasturias.com\/noticias\/author\/admin\/#author"},"publisher":{"@id":"https:\/\/www.eldigitaldeasturias.com\/noticias\/#organization"},"image":{"@type":"ImageObject","url":1092926},"datePublished":"2021-06-02T11:40:50+02:00","dateModified":"2021-06-02T11:40:50+02:00","inLanguage":"es-ES","mainEntityOfPage":{"@id":"https:\/\/www.eldigitaldeasturias.com\/noticias\/23-nuevos-cachorros-de-lince-iberico\/#webpage"},"isPartOf":{"@id":"https:\/\/www.eldigitaldeasturias.com\/noticias\/23-nuevos-cachorros-de-lince-iberico\/#webpage"},"articleSection":"Sociedad"},{"@type":"BreadcrumbList","@id":"https:\/\/www.eldigitaldeasturias.com\/noticias\/23-nuevos-cachorros-de-lince-iberico\/#breadcrumblist","itemListElement":[{"@type":"ListItem","@id":"https:\/\/www.eldigitaldeasturias.com\/noticias#listItem","position":1,"name":"Home","item":"https:\/\/www.eldigitaldeasturias.com\/noticias","nextItem":{"@type":"ListItem","@id":"https:\/\/www.eldigitaldeasturias.com\/noticias\/category\/sociedad\/#listItem","name":"Sociedad"}},{"@type":"ListItem","@id":"https:\/\/www.eldigitaldeasturias.com\/noticias\/category\/sociedad\/#listItem","position":2,"name":"Sociedad","item":"https:\/\/www.eldigitaldeasturias.com\/noticias\/category\/sociedad\/","nextItem":{"@type":"ListItem","@id":"https:\/\/www.eldigitaldeasturias.com\/noticias\/23-nuevos-cachorros-de-lince-iberico\/#listItem","name":"23 nuevos cachorros de lince ib\u00e9rico"},"previousItem":{"@type":"ListItem","@id":"https:\/\/www.eldigitaldeasturias.com\/noticias#listItem","name":"Home"}},{"@type":"ListItem","@id":"https:\/\/www.eldigitaldeasturias.com\/noticias\/23-nuevos-cachorros-de-lince-iberico\/#listItem","position":3,"name":"23 nuevos cachorros de lince ib\u00e9rico","previousItem":{"@type":"ListItem","@id":"https:\/\/www.eldigitaldeasturias.com\/noticias\/category\/sociedad\/#listItem","name":"Sociedad"}}]},{"@type":"Organization","@id":"https:\/\/www.eldigitaldeasturias.com\/noticias\/#organization","name":"El Digital de Asturias","description":"Hemeroteca","url":"https:\/\/www.eldigitaldeasturias.com\/noticias\/","email":"info@eldigitaldeasturias.com","telephone":"+34652131393","logo":{"@type":"ImageObject","url":"https:\/\/www.eldigitaldeasturias.com\/noticias\/wp-content\/uploads\/2020\/12\/EDA.jpg","@id":"https:\/\/www.eldigitaldeasturias.com\/noticias\/23-nuevos-cachorros-de-lince-iberico\/#organizationLogo"},"image":{"@id":"https:\/\/www.eldigitaldeasturias.com\/noticias\/23-nuevos-cachorros-de-lince-iberico\/#organizationLogo"},"sameAs":["https:\/\/facebook.com\/eldigitaldeasturias","https:\/\/www.youtube.com\/channel\/UCZP-2wLEB9Rv6erhFmqVnvg"],"address":{"@id":"https:\/\/www.eldigitaldeasturias.com\/noticias\/#postaladdress","@type":"PostalAddress","streetAddress":"san antonio 4","postalCode":"33430","addressLocality":"Cand\u00e1s","addressRegion":"Asturias","addressCountry":"ES"}},{"@type":"Person","@id":"https:\/\/www.eldigitaldeasturias.com\/noticias\/author\/admin\/#author","url":"https:\/\/www.eldigitaldeasturias.com\/noticias\/author\/admin\/","name":"El Digital de Asturias","image":{"@type":"ImageObject","@id":"https:\/\/www.eldigitaldeasturias.com\/noticias\/23-nuevos-cachorros-de-lince-iberico\/#authorImage","url":"https:\/\/secure.gravatar.com\/avatar\/df2aeffc32bcd13f8d26072ef8a91b623d677766deac7f97ca815868cd41bf5e?s=96&d=mm&r=g","width":96,"height":96,"caption":"El Digital de Asturias"}},{"@type":"WebPage","@id":"https:\/\/www.eldigitaldeasturias.com\/noticias\/23-nuevos-cachorros-de-lince-iberico\/#webpage","url":"https:\/\/www.eldigitaldeasturias.com\/noticias\/23-nuevos-cachorros-de-lince-iberico\/","name":"23 nuevos cachorros de lince ib\u00e9rico - El Digital de Asturias","description":"La temporada de cr\u00eda del lince ib\u00e9rico de este a\u00f1o ha finalizado con el nacimiento de 23 nuevos cachorros en los centros de cr\u00eda de El Acebuche.","inLanguage":"es-ES","isPartOf":{"@id":"https:\/\/www.eldigitaldeasturias.com\/noticias\/#website"},"breadcrumb":{"@id":"https:\/\/www.eldigitaldeasturias.com\/noticias\/23-nuevos-cachorros-de-lince-iberico\/#breadcrumblist"},"author":{"@id":"https:\/\/www.eldigitaldeasturias.com\/noticias\/author\/admin\/#author"},"creator":{"@id":"https:\/\/www.eldigitaldeasturias.com\/noticias\/author\/admin\/#author"},"image":{"@type":"ImageObject","url":1092926,"@id":"https:\/\/www.eldigitaldeasturias.com\/noticias\/23-nuevos-cachorros-de-lince-iberico\/#mainImage"},"primaryImageOfPage":{"@id":"https:\/\/www.eldigitaldeasturias.com\/noticias\/23-nuevos-cachorros-de-lince-iberico\/#mainImage"},"datePublished":"2021-06-02T11:40:50+02:00","dateModified":"2021-06-02T11:40:50+02:00"},{"@type":"WebSite","@id":"https:\/\/www.eldigitaldeasturias.com\/noticias\/#website","url":"https:\/\/www.eldigitaldeasturias.com\/noticias\/","name":"El Digital de Asturias - Diario de actualidad y noticias","alternateName":"El Digital de Asturias - Diario de actualidad y noticias","description":"Hemeroteca","inLanguage":"es-ES","publisher":{"@id":"https:\/\/www.eldigitaldeasturias.com\/noticias\/#organization"}}]},"og:locale":"es_ES","og:site_name":"El Digital de Asturias","og:type":"article","og:title":"23 nuevos cachorros de lince ib\u00e9rico - El Digital de Asturias","og:description":"La temporada de cr\u00eda del lince ib\u00e9rico de este a\u00f1o ha finalizado con el nacimiento de 23 nuevos cachorros en los centros de cr\u00eda de El Acebuche.","og:url":"https:\/\/www.eldigitaldeasturias.com\/noticias\/23-nuevos-cachorros-de-lince-iberico\/","article:tag":["lince iberico","cachorros","naturaleza","sociedad"],"article:published_time":"2021-06-02T10:40:50+00:00","article:modified_time":"2021-06-02T10:40:50+00:00","article:publisher":"https:\/\/facebook.com\/eldigitaldeasturias","twitter:card":"summary_large_image","twitter:title":"23 nuevos cachorros de lince ib\u00e9rico - El Digital de Asturias","twitter:description":"La temporada de cr\u00eda del lince ib\u00e9rico de este a\u00f1o ha finalizado con el nacimiento de 23 nuevos cachorros en los centros de cr\u00eda de El Acebuche.","twitter:image":"https:\/\/www.eldigitaldeasturias.com\/noticias\/wp-content\/uploads\/2020\/12\/EDA-1.jpg","twitter:label1":"Escrito por","twitter:data1":"El Digital de Asturias","twitter:label2":"Tiempo de lectura estimado","twitter:data2":"3 minutos"},"aioseo_meta_data":{"post_id":"1092925","title":null,"description":"La temporada de cr\u00eda del lince ib\u00e9rico de este a\u00f1o ha finalizado con el nacimiento de 23 nuevos cachorros en los centros de cr\u00eda de El Acebuche.","keywords":[{"label":"Lince Iberico","value":"Lince Iberico"},{"label":" cachorros","value":" cachorros"},{"label":" naturaleza","value":" naturaleza"}],"keyphrases":{"focus":{"keyphrase":"Lince","score":83,"analysis":{"keyphraseInTitle":{"title":"Frase clave objetivo en el t\u00edtulo SEO","description":"Frase clave objetivo encontrada en el t\u00edtulo SEO.","score":9,"maxScore":9,"error":0},"keyphraseInDescription":{"title":"Frase clave objetivo en la meta descripci\u00f3n","description":"Frase clave objetivo encontrada en la meta descripci\u00f3n.","score":9,"maxScore":9,"error":0},"keyphraseInURL":{"title":"Frase clave objetivo en la URL","description":"Frase clave objetivo no encontrada en la URL.","score":1,"maxScore":5,"error":1},"keyphraseInIntroduction":{"title":"Frase clave objetivo en la introducci\u00f3n","description":"Su Frase clave objetivo aparece en el primer p\u00e1rrafo. \u00a1Bien hecho!","score":9,"maxScore":9,"error":0},"keyphraseInSubHeadings":{"title":"Frase clave objetivo sus subt\u00edtulos","description":"Use your focus keyphrase more in your H2 and H3 subheadings.","score":3,"maxScore":9,"error":1},"keyphraseLength":{"title":"Longitud de la Frase clave objetivo","description":"\u00a1Buen trabajo!","score":9,"maxScore":9,"error":0,"length":1},"keyphraseInImageAlt":{"title":"Frase clave objetivo en los atributos alt de la imagen.","description":"Frase clave objetivo encontrada en los atributos alt de la(s) imagen(es).","score":9,"maxScore":9,"error":0}}},"additional":[{"keyphrase":"lince ib\u00e9rico","score":83,"analysis":{"keyphraseInDescription":{"title":"Frase clave en la meta descripci\u00f3n","description":"Frase clave encontrada en la meta descripci\u00f3n.","score":9,"maxScore":9,"error":0},"keyphraseInIntroduction":{"title":"Frase clave en la introducci\u00f3n","description":"Su Frase clave aparece en el primer p\u00e1rrafo. \u00a1Bien hecho!","score":9,"maxScore":9,"error":0},"keyphraseInImageAlt":{"title":"Frase clave en los atributos alt de la imagen.","description":"Frase clave no se encuentra en los atributos alt de la imagen. A\u00f1ada una imagen con su Frase clave como texto alternativo.","score":3,"maxScore":9,"error":1},"keyphraseLength":{"title":"Longitud de la Frase clave","description":"\u00a1Buen trabajo!","score":9,"maxScore":9,"error":0,"length":2}}},{"keyphrase":"cachorros ","score":83,"analysis":{"keyphraseInDescription":{"title":"Frase clave en la meta descripci\u00f3n","description":"Frase clave encontrada en la meta descripci\u00f3n.","score":9,"maxScore":9,"error":0},"keyphraseInIntroduction":{"title":"Frase clave en la introducci\u00f3n","description":"Su Frase clave aparece en el primer p\u00e1rrafo. \u00a1Bien hecho!","score":9,"maxScore":9,"error":0},"keyphraseInImageAlt":{"title":"Frase clave en los atributos alt de la imagen.","description":"Frase clave no se encuentra en los atributos alt de la imagen. A\u00f1ada una imagen con su Frase clave como texto alternativo.","score":3,"maxScore":9,"error":1},"keyphraseLength":{"title":"Longitud de la Frase clave","description":"\u00a1Buen trabajo!","score":9,"maxScore":9,"error":0,"length":1}}},{"keyphrase":"nuevos cachorros","score":83,"analysis":{"keyphraseInDescription":{"title":"Frase clave en la meta descripci\u00f3n","description":"Frase clave encontrada en la meta descripci\u00f3n.","score":9,"maxScore":9,"error":0},"keyphraseInIntroduction":{"title":"Frase clave en la introducci\u00f3n","description":"Su Frase clave aparece en el primer p\u00e1rrafo. \u00a1Bien hecho!","score":9,"maxScore":9,"error":0},"keyphraseInImageAlt":{"title":"Frase clave en los atributos alt de la imagen.","description":"Frase clave no se encuentra en los atributos alt de la imagen. A\u00f1ada una imagen con su Frase clave como texto alternativo.","score":3,"maxScore":9,"error":1},"keyphraseLength":{"title":"Longitud de la Frase clave","description":"\u00a1Buen trabajo!","score":9,"maxScore":9,"error":0,"length":2}}},{"keyphrase":"Lince Iberico","score":67,"analysis":{"keyphraseInDescription":{"title":"Frase clave en la meta descripci\u00f3n","description":"Frase clave no se encuentra en la meta descripci\u00f3n.","score":3,"maxScore":9,"error":1},"keyphraseInIntroduction":{"title":"Frase clave en la introducci\u00f3n","description":"Su Frase clave no aparece en el primer p\u00e1rrafo. Aseg\u00farese de que el tema est\u00e9 claro de inmediato.","score":3,"maxScore":9,"error":1},"keyphraseInImageAlt":{"title":"Frase clave en los atributos alt de la imagen.","description":"Frase clave encontrada en los atributos alt de la(s) imagen(es).","score":9,"maxScore":9,"error":0},"keyphraseLength":{"title":"Longitud de la Frase clave","description":"\u00a1Buen trabajo!","score":9,"maxScore":9,"error":0,"length":2}}}]},"primary_term":null,"canonical_url":null,"og_title":null,"og_description":null,"og_object_type":"default","og_image_type":"default","og_image_url":null,"og_image_width":null,"og_image_height":null,"og_image_custom_url":null,"og_image_custom_fields":null,"og_video":"","og_custom_url":null,"og_article_section":null,"og_article_tags":[],"twitter_use_og":false,"twitter_card":"default","twitter_image_type":"default","twitter_image_url":null,"twitter_image_custom_url":null,"twitter_image_custom_fields":null,"twitter_title":null,"twitter_description":null,"schema":{"blockGraphs":[],"customGraphs":[],"default":{"data":{"Article":[],"Course":[],"Dataset":[],"FAQPage":[],"Movie":[],"Person":[],"Product":[],"ProductReview":[],"Car":[],"Recipe":[],"Service":[],"SoftwareApplication":[],"WebPage":[]},"graphName":"","isEnabled":true},"graphs":[],"defaultGraph":"Article","defaultPostTypeGraph":""},"schema_type":"default","schema_type_options":"{\"article\":{\"articleType\":\"BlogPosting\"},\"course\":{\"name\":\"\",\"description\":\"\",\"provider\":\"\"},\"faq\":{\"pages\":[]},\"product\":{\"reviews\":[]},\"recipe\":{\"ingredients\":[],\"instructions\":[],\"keywords\":[]},\"software\":{\"reviews\":[],\"operatingSystems\":[]},\"webPage\":{\"webPageType\":\"WebPage\"}}","pillar_content":false,"robots_default":true,"robots_noindex":false,"robots_noarchive":false,"robots_nosnippet":false,"robots_nofollow":false,"robots_noimageindex":false,"robots_noodp":false,"robots_notranslate":false,"robots_max_snippet":"-1","robots_max_videopreview":"-1","robots_max_imagepreview":"large","priority":null,"frequency":"default","local_seo":{"locations":{"business":{"name":"","businessType":"","image":"","areaServed":"","urls":{"website":"","aboutPage":"","contactPage":""},"address":{"streetLine1":"","streetLine2":"","zipCode":"","city":"","state":"","country":"","addressFormat":"#streetLineOne\n#streetLineTwo\n#city, #state #zipCode"},"contact":{"email":"","phone":"","phoneFormatted":"","fax":"","faxFormatted":""},"ids":{"vat":"","tax":"","chamberOfCommerce":""},"payment":{"priceRange":"","currenciesAccepted":"","methods":""}}},"openingHours":{"useDefaults":true,"show":true,"alwaysOpen":false,"use24hFormat":false,"timezone":"","labels":{"closed":"","alwaysOpen":""},"days":{"monday":{"open24h":false,"closed":false,"openTime":"09:00","closeTime":"17:00"},"tuesday":{"open24h":false,"closed":false,"openTime":"09:00","closeTime":"17:00"},"wednesday":{"open24h":false,"closed":false,"openTime":"09:00","closeTime":"17:00"},"thursday":{"open24h":false,"closed":false,"openTime":"09:00","closeTime":"17:00"},"friday":{"open24h":false,"closed":false,"openTime":"09:00","closeTime":"17:00"},"saturday":{"open24h":false,"closed":false,"openTime":"09:00","closeTime":"17:00"},"sunday":{"open24h":false,"closed":false,"openTime":"09:00","closeTime":"17:00"}}}},"seo_analyzer_scan_date":"2026-07-18 09:54:00","breadcrumb_settings":null,"limit_modified_date":false,"open_ai":null,"ai":null,"created":"2021-06-02 10:33:39","updated":"2026-07-18 09:54:00","focus_keyword":"Lince","additional_keywords":[{"word":"lince ib\u00e9rico","score":83},{"word":"cachorros","score":83},{"word":"nuevos cachorros","score":83},{"word":"Lince Iberico","score":67}],"truseo_locale":null},"aioseo_breadcrumb":"<div class=\"aioseo-breadcrumbs\"><span class=\"aioseo-breadcrumb\">\n\t<a href=\"https:\/\/www.eldigitaldeasturias.com\/noticias\" title=\"Home\">Home<\/a>\n<\/span><span class=\"aioseo-breadcrumb-separator\">\u2013<\/span><span class=\"aioseo-breadcrumb\">\n\t<a href=\"https:\/\/www.eldigitaldeasturias.com\/noticias\/category\/sociedad\/\" title=\"Sociedad\">Sociedad<\/a>\n<\/span><span class=\"aioseo-breadcrumb-separator\">\u2013<\/span><span class=\"aioseo-breadcrumb\">\n\t<a href=\"https:\/\/www.eldigitaldeasturias.com\/noticias\/23-nuevos-cachorros-de-lince-iberico\/\" title=\"23 nuevos cachorros de lince ib\u00e9rico\">23 nuevos cachorros de lince ib\u00e9rico<\/a>\n<\/span><\/div>","aioseo_breadcrumb_json":[{"label":"Home","link":"https:\/\/www.eldigitaldeasturias.com\/noticias"},{"label":"Sociedad","link":"https:\/\/www.eldigitaldeasturias.com\/noticias\/category\/sociedad\/"},{"label":"23 nuevos cachorros de lince ib\u00e9rico","link":"https:\/\/www.eldigitaldeasturias.com\/noticias\/23-nuevos-cachorros-de-lince-iberico\/"}],"_links":{"self":[{"href":"https:\/\/www.eldigitaldeasturias.com\/noticias\/wp-json\/wp\/v2\/posts\/1092925","targetHints":{"allow":["GET"]}}],"collection":[{"href":"https:\/\/www.eldigitaldeasturias.com\/noticias\/wp-json\/wp\/v2\/posts"}],"about":[{"href":"https:\/\/www.eldigitaldeasturias.com\/noticias\/wp-json\/wp\/v2\/types\/post"}],"author":[{"embeddable":true,"href":"https:\/\/www.eldigitaldeasturias.com\/noticias\/wp-json\/wp\/v2\/users\/1"}],"replies":[{"embeddable":true,"href":"https:\/\/www.eldigitaldeasturias.com\/noticias\/wp-json\/wp\/v2\/comments?post=1092925"}],"version-history":[{"count":0,"href":"https:\/\/www.eldigitaldeasturias.com\/noticias\/wp-json\/wp\/v2\/posts\/1092925\/revisions"}],"wp:attachment":[{"href":"https:\/\/www.eldigitaldeasturias.com\/noticias\/wp-json\/wp\/v2\/media?parent=1092925"}],"wp:term":[{"taxonomy":"category","embeddable":true,"href":"https:\/\/www.eldigitaldeasturias.com\/noticias\/wp-json\/wp\/v2\/categories?post=1092925"},{"taxonomy":"post_tag","embeddable":true,"href":"https:\/\/www.eldigitaldeasturias.com\/noticias\/wp-json\/wp\/v2\/tags?post=1092925"}],"curies":[{"name":"wp","href":"https:\/\/api.w.org\/{rel}","templated":true}]}}