{"id":1092828,"date":"2021-05-31T14:01:13","date_gmt":"2021-05-31T13:01:13","guid":{"rendered":"https:\/\/www.eldigitaldeasturias.com\/noticias\/?p=1092828"},"modified":"2021-05-31T14:01:13","modified_gmt":"2021-05-31T13:01:13","slug":"detenido-en-francia-un-exmilitar-que-abrio-fuego-contra-varias-personas","status":"publish","type":"post","link":"https:\/\/www.eldigitaldeasturias.com\/noticias\/detenido-en-francia-un-exmilitar-que-abrio-fuego-contra-varias-personas\/","title":{"rendered":"Detenido en Francia un exmilitar que abri\u00f3 fuego contra varias personas"},"content":{"rendered":"<p><img loading=\"lazy\" decoding=\"async\" class=\"alignleft size-medium wp-image-1074027\" src=\"https:\/\/www.eldigitaldeasturias.com\/noticias\/wp-content\/uploads\/2020\/08\/Noticias-Urgentes-360x225.jpg\" alt=\"News\" width=\"360\" height=\"225\" \/>(EP) &#8211; Las autoridades de Francia han anunciado este lunes la \u00abdetenci\u00f3n\u00bb de un exmilitar reci\u00e9n salido de prisi\u00f3n que el domingo abri\u00f3 fuego en varias ocasiones contra un grupo de agentes cerca de Limoges, en el sur del pa\u00eds europeo.<\/p>\n<p>La Gendarmer\u00eda Nacional ha se\u00f1alado a trav\u00e9s de su cuenta en la red social Twitter que \u00abel individuo buscado que abri\u00f3 fuego el domingo contra gendarmes en Lardin-Saint-Lazare ha sido detenido por el Grupo de Intervenci\u00f3n de la Gendarmer\u00eda Nacional tras un intercambio de disparos\u00bb.<\/p>\n<p>As\u00ed, ha destacado que \u00abno hay heridos entre los gendarmes\u00bb, mientras que el ministro del Interior franc\u00e9s, G\u00e9rald Darmanin, ha manifestado que \u00abel individuo ha sido neutralizado\u00bb. \u00abGracias a los gendarmes, y en particular al GIGN, por su determinante acci\u00f3n, as\u00ed como a la totalidad de los servicios del Estado movilizados\u00bb.<\/p>\n<p>El hombre, de unos 30 a\u00f1os de edad, acudi\u00f3 a la casa de su exnovia y mantuvo un enfrentamiento con su nuevo novio, contra el que abri\u00f3 fuego, sin llegar a herirlo. Posteriormente, efectu\u00f3 disparos contra los polic\u00edas que acudieron tras el aviso, sin dejar v\u00edctimas.<\/p>\n<p>El sospechoso cuenta con al menos un cuchillo y dos fusiles pese a estar incluido en el archivo de personas a las que les est\u00e1 prohibido adquirir y poseer armas. Adem\u00e1s, lleva un brazalete electr\u00f3nico por antecedentes de violencia machista, lo cual ha facilitado la persecuci\u00f3n.<\/p>\n<p>&nbsp;<\/p>\n<p>&nbsp;<\/p>\n","protected":false},"excerpt":{"rendered":"<p>(EP) &#8211; Las autoridades de Francia han anunciado este lunes la \u00abdetenci\u00f3n\u00bb de un exmilitar reci\u00e9n salido de prisi\u00f3n que el domingo abri\u00f3 fuego en varias ocasiones contra un grupo de agentes cerca de Limoges, en el sur del pa\u00eds europeo. La Gendarmer\u00eda Nacional ha se\u00f1alado a trav\u00e9s de su cuenta en la red social [&hellip;]<\/p>\n","protected":false},"author":1,"featured_media":1074027,"comment_status":"closed","ping_status":"closed","sticky":false,"template":"","format":"standard","meta":{"footnotes":""},"categories":[5],"tags":[],"class_list":["post-1092828","post","type-post","status-publish","format-standard","has-post-thumbnail","hentry","category-sucesos"],"aioseo_notices":[],"aioseo_head":"\n\t\t<!-- All in One SEO Pro 5.0.1 - aioseo.com -->\n\t<meta name=\"description\" content=\"Las autoridades de Francia han anunciado este lunes la &quot;detenci\u00f3n&quot; de un exmilitar reci\u00e9n salido de prisi\u00f3n que el domingo abri\u00f3 fuego en varias ocasiones\" \/>\n\t<meta name=\"robots\" content=\"max-image-preview:large\" \/>\n\t<meta name=\"author\" content=\"El Digital de Asturias\"\/>\n\t<meta name=\"google-site-verification\" content=\"UA-38556648-1\" \/>\n\t<meta name=\"msvalidate.01\" content=\"7dfe9f3f1b24437ab69f4f2559babe99\" \/>\n\t<meta name=\"keywords\" content=\"sucesos,francia\" \/>\n\t<link rel=\"canonical\" href=\"https:\/\/www.eldigitaldeasturias.com\/noticias\/detenido-en-francia-un-exmilitar-que-abrio-fuego-contra-varias-personas\/\" \/>\n\t<meta name=\"generator\" content=\"All in One SEO Pro (AIOSEO) 5.0.1\" \/>\n\t\t<meta property=\"og:locale\" content=\"es_ES\" \/>\n\t\t<meta property=\"og:site_name\" content=\"El Digital de Asturias\" \/>\n\t\t<meta property=\"og:type\" content=\"article\" \/>\n\t\t<meta property=\"og:title\" content=\"Detenido en Francia un exmilitar que abri\u00f3 fuego contra varias personas - El Digital de Asturias\" \/>\n\t\t<meta property=\"og:description\" content=\"Las autoridades de Francia han anunciado este lunes la &quot;detenci\u00f3n&quot; de un exmilitar reci\u00e9n salido de prisi\u00f3n que el domingo abri\u00f3 fuego en varias ocasiones\" \/>\n\t\t<meta property=\"og:url\" content=\"https:\/\/www.eldigitaldeasturias.com\/noticias\/detenido-en-francia-un-exmilitar-que-abrio-fuego-contra-varias-personas\/\" \/>\n\t\t<meta property=\"article:tag\" content=\"sucesos\" \/>\n\t\t<meta property=\"article:tag\" content=\"francia\" \/>\n\t\t<meta property=\"article:published_time\" content=\"2021-05-31T13:01:13+00:00\" \/>\n\t\t<meta property=\"article:modified_time\" content=\"2021-05-31T13:01:13+00:00\" \/>\n\t\t<meta property=\"article:publisher\" content=\"https:\/\/facebook.com\/eldigitaldeasturias\" \/>\n\t\t<meta name=\"twitter:card\" content=\"summary_large_image\" \/>\n\t\t<meta name=\"twitter:title\" content=\"Detenido en Francia un exmilitar que abri\u00f3 fuego contra varias personas - El Digital de Asturias\" \/>\n\t\t<meta name=\"twitter:description\" content=\"Las autoridades de Francia han anunciado este lunes la &quot;detenci\u00f3n&quot; de un exmilitar reci\u00e9n salido de prisi\u00f3n que el domingo abri\u00f3 fuego en varias ocasiones\" \/>\n\t\t<meta name=\"twitter:image\" content=\"https:\/\/www.eldigitaldeasturias.com\/noticias\/wp-content\/uploads\/2020\/12\/EDA-1.jpg\" \/>\n\t\t<meta name=\"twitter:label1\" content=\"Escrito por\" \/>\n\t\t<meta name=\"twitter:data1\" content=\"El Digital de Asturias\" \/>\n\t\t<meta name=\"twitter:label2\" content=\"Tiempo de lectura estimado\" \/>\n\t\t<meta name=\"twitter:data2\" content=\"1 minuto\" \/>\n\t\t<script type=\"application\/ld+json\" class=\"aioseo-schema\">\n\t\t\t{\"@context\":\"https:\\\/\\\/schema.org\",\"@graph\":[{\"@type\":\"BlogPosting\",\"@id\":\"https:\\\/\\\/www.eldigitaldeasturias.com\\\/noticias\\\/detenido-en-francia-un-exmilitar-que-abrio-fuego-contra-varias-personas\\\/#blogposting\",\"name\":\"Detenido en Francia un exmilitar que abri\\u00f3 fuego contra varias personas - El Digital de Asturias\",\"headline\":\"Detenido en Francia un exmilitar que abri\\u00f3 fuego contra varias personas\",\"author\":{\"@id\":\"https:\\\/\\\/www.eldigitaldeasturias.com\\\/noticias\\\/author\\\/admin\\\/#author\"},\"publisher\":{\"@id\":\"https:\\\/\\\/www.eldigitaldeasturias.com\\\/noticias\\\/#organization\"},\"image\":{\"@type\":\"ImageObject\",\"url\":1074027},\"datePublished\":\"2021-05-31T14:01:13+02:00\",\"dateModified\":\"2021-05-31T14:01:13+02:00\",\"inLanguage\":\"es-ES\",\"mainEntityOfPage\":{\"@id\":\"https:\\\/\\\/www.eldigitaldeasturias.com\\\/noticias\\\/detenido-en-francia-un-exmilitar-que-abrio-fuego-contra-varias-personas\\\/#webpage\"},\"isPartOf\":{\"@id\":\"https:\\\/\\\/www.eldigitaldeasturias.com\\\/noticias\\\/detenido-en-francia-un-exmilitar-que-abrio-fuego-contra-varias-personas\\\/#webpage\"},\"articleSection\":\"Sucesos\"},{\"@type\":\"BreadcrumbList\",\"@id\":\"https:\\\/\\\/www.eldigitaldeasturias.com\\\/noticias\\\/detenido-en-francia-un-exmilitar-que-abrio-fuego-contra-varias-personas\\\/#breadcrumblist\",\"itemListElement\":[{\"@type\":\"ListItem\",\"@id\":\"https:\\\/\\\/www.eldigitaldeasturias.com\\\/noticias#listItem\",\"position\":1,\"name\":\"Home\",\"item\":\"https:\\\/\\\/www.eldigitaldeasturias.com\\\/noticias\",\"nextItem\":{\"@type\":\"ListItem\",\"@id\":\"https:\\\/\\\/www.eldigitaldeasturias.com\\\/noticias\\\/category\\\/sucesos\\\/#listItem\",\"name\":\"Sucesos\"}},{\"@type\":\"ListItem\",\"@id\":\"https:\\\/\\\/www.eldigitaldeasturias.com\\\/noticias\\\/category\\\/sucesos\\\/#listItem\",\"position\":2,\"name\":\"Sucesos\",\"item\":\"https:\\\/\\\/www.eldigitaldeasturias.com\\\/noticias\\\/category\\\/sucesos\\\/\",\"nextItem\":{\"@type\":\"ListItem\",\"@id\":\"https:\\\/\\\/www.eldigitaldeasturias.com\\\/noticias\\\/detenido-en-francia-un-exmilitar-que-abrio-fuego-contra-varias-personas\\\/#listItem\",\"name\":\"Detenido en Francia un exmilitar que abri\\u00f3 fuego contra varias personas\"},\"previousItem\":{\"@type\":\"ListItem\",\"@id\":\"https:\\\/\\\/www.eldigitaldeasturias.com\\\/noticias#listItem\",\"name\":\"Home\"}},{\"@type\":\"ListItem\",\"@id\":\"https:\\\/\\\/www.eldigitaldeasturias.com\\\/noticias\\\/detenido-en-francia-un-exmilitar-que-abrio-fuego-contra-varias-personas\\\/#listItem\",\"position\":3,\"name\":\"Detenido en Francia un exmilitar que abri\\u00f3 fuego contra varias personas\",\"previousItem\":{\"@type\":\"ListItem\",\"@id\":\"https:\\\/\\\/www.eldigitaldeasturias.com\\\/noticias\\\/category\\\/sucesos\\\/#listItem\",\"name\":\"Sucesos\"}}]},{\"@type\":\"Organization\",\"@id\":\"https:\\\/\\\/www.eldigitaldeasturias.com\\\/noticias\\\/#organization\",\"name\":\"El Digital de Asturias\",\"description\":\"Hemeroteca\",\"url\":\"https:\\\/\\\/www.eldigitaldeasturias.com\\\/noticias\\\/\",\"email\":\"info@eldigitaldeasturias.com\",\"telephone\":\"+34652131393\",\"logo\":{\"@type\":\"ImageObject\",\"url\":\"https:\\\/\\\/www.eldigitaldeasturias.com\\\/noticias\\\/wp-content\\\/uploads\\\/2020\\\/12\\\/EDA.jpg\",\"@id\":\"https:\\\/\\\/www.eldigitaldeasturias.com\\\/noticias\\\/detenido-en-francia-un-exmilitar-que-abrio-fuego-contra-varias-personas\\\/#organizationLogo\"},\"image\":{\"@id\":\"https:\\\/\\\/www.eldigitaldeasturias.com\\\/noticias\\\/detenido-en-francia-un-exmilitar-que-abrio-fuego-contra-varias-personas\\\/#organizationLogo\"},\"sameAs\":[\"https:\\\/\\\/facebook.com\\\/eldigitaldeasturias\",\"https:\\\/\\\/www.youtube.com\\\/channel\\\/UCZP-2wLEB9Rv6erhFmqVnvg\"],\"address\":{\"@id\":\"https:\\\/\\\/www.eldigitaldeasturias.com\\\/noticias\\\/#postaladdress\",\"@type\":\"PostalAddress\",\"streetAddress\":\"san antonio 4\",\"postalCode\":\"33430\",\"addressLocality\":\"Cand\\u00e1s\",\"addressRegion\":\"Asturias\",\"addressCountry\":\"ES\"}},{\"@type\":\"Person\",\"@id\":\"https:\\\/\\\/www.eldigitaldeasturias.com\\\/noticias\\\/author\\\/admin\\\/#author\",\"url\":\"https:\\\/\\\/www.eldigitaldeasturias.com\\\/noticias\\\/author\\\/admin\\\/\",\"name\":\"El Digital de Asturias\",\"image\":{\"@type\":\"ImageObject\",\"@id\":\"https:\\\/\\\/www.eldigitaldeasturias.com\\\/noticias\\\/detenido-en-francia-un-exmilitar-que-abrio-fuego-contra-varias-personas\\\/#authorImage\",\"url\":\"https:\\\/\\\/secure.gravatar.com\\\/avatar\\\/df2aeffc32bcd13f8d26072ef8a91b623d677766deac7f97ca815868cd41bf5e?s=96&d=mm&r=g\",\"width\":96,\"height\":96,\"caption\":\"El Digital de Asturias\"}},{\"@type\":\"WebPage\",\"@id\":\"https:\\\/\\\/www.eldigitaldeasturias.com\\\/noticias\\\/detenido-en-francia-un-exmilitar-que-abrio-fuego-contra-varias-personas\\\/#webpage\",\"url\":\"https:\\\/\\\/www.eldigitaldeasturias.com\\\/noticias\\\/detenido-en-francia-un-exmilitar-que-abrio-fuego-contra-varias-personas\\\/\",\"name\":\"Detenido en Francia un exmilitar que abri\\u00f3 fuego contra varias personas - El Digital de Asturias\",\"description\":\"Las autoridades de Francia han anunciado este lunes la \\\"detenci\\u00f3n\\\" de un exmilitar reci\\u00e9n salido de prisi\\u00f3n que el domingo abri\\u00f3 fuego en varias ocasiones\",\"inLanguage\":\"es-ES\",\"isPartOf\":{\"@id\":\"https:\\\/\\\/www.eldigitaldeasturias.com\\\/noticias\\\/#website\"},\"breadcrumb\":{\"@id\":\"https:\\\/\\\/www.eldigitaldeasturias.com\\\/noticias\\\/detenido-en-francia-un-exmilitar-que-abrio-fuego-contra-varias-personas\\\/#breadcrumblist\"},\"author\":{\"@id\":\"https:\\\/\\\/www.eldigitaldeasturias.com\\\/noticias\\\/author\\\/admin\\\/#author\"},\"creator\":{\"@id\":\"https:\\\/\\\/www.eldigitaldeasturias.com\\\/noticias\\\/author\\\/admin\\\/#author\"},\"image\":{\"@type\":\"ImageObject\",\"url\":1074027,\"@id\":\"https:\\\/\\\/www.eldigitaldeasturias.com\\\/noticias\\\/detenido-en-francia-un-exmilitar-que-abrio-fuego-contra-varias-personas\\\/#mainImage\"},\"primaryImageOfPage\":{\"@id\":\"https:\\\/\\\/www.eldigitaldeasturias.com\\\/noticias\\\/detenido-en-francia-un-exmilitar-que-abrio-fuego-contra-varias-personas\\\/#mainImage\"},\"datePublished\":\"2021-05-31T14:01:13+02:00\",\"dateModified\":\"2021-05-31T14:01:13+02:00\"},{\"@type\":\"WebSite\",\"@id\":\"https:\\\/\\\/www.eldigitaldeasturias.com\\\/noticias\\\/#website\",\"url\":\"https:\\\/\\\/www.eldigitaldeasturias.com\\\/noticias\\\/\",\"name\":\"El Digital de Asturias - Diario de actualidad y noticias\",\"alternateName\":\"El Digital de Asturias - Diario de actualidad y noticias\",\"description\":\"Hemeroteca\",\"inLanguage\":\"es-ES\",\"publisher\":{\"@id\":\"https:\\\/\\\/www.eldigitaldeasturias.com\\\/noticias\\\/#organization\"}}]}\n\t\t<\/script>\n\t\t<!-- All in One SEO Pro -->\r\n\t\t<title>Detenido en Francia un exmilitar que abri\u00f3 fuego contra varias personas - El Digital de Asturias<\/title>\n\n","aioseo_head_json":{"title":"Detenido en Francia un exmilitar que abri\u00f3 fuego contra varias personas - El Digital de Asturias","description":"Las autoridades de Francia han anunciado este lunes la \"detenci\u00f3n\" de un exmilitar reci\u00e9n salido de prisi\u00f3n que el domingo abri\u00f3 fuego en varias ocasiones","canonical_url":"https:\/\/www.eldigitaldeasturias.com\/noticias\/detenido-en-francia-un-exmilitar-que-abrio-fuego-contra-varias-personas\/","robots":"max-image-preview:large","keywords":"sucesos,francia","webmasterTools":{"google-site-verification":"UA-38556648-1","msvalidate.01":"7dfe9f3f1b24437ab69f4f2559babe99","miscellaneous":""},"schema":{"@context":"https:\/\/schema.org","@graph":[{"@type":"BlogPosting","@id":"https:\/\/www.eldigitaldeasturias.com\/noticias\/detenido-en-francia-un-exmilitar-que-abrio-fuego-contra-varias-personas\/#blogposting","name":"Detenido en Francia un exmilitar que abri\u00f3 fuego contra varias personas - El Digital de Asturias","headline":"Detenido en Francia un exmilitar que abri\u00f3 fuego contra varias personas","author":{"@id":"https:\/\/www.eldigitaldeasturias.com\/noticias\/author\/admin\/#author"},"publisher":{"@id":"https:\/\/www.eldigitaldeasturias.com\/noticias\/#organization"},"image":{"@type":"ImageObject","url":1074027},"datePublished":"2021-05-31T14:01:13+02:00","dateModified":"2021-05-31T14:01:13+02:00","inLanguage":"es-ES","mainEntityOfPage":{"@id":"https:\/\/www.eldigitaldeasturias.com\/noticias\/detenido-en-francia-un-exmilitar-que-abrio-fuego-contra-varias-personas\/#webpage"},"isPartOf":{"@id":"https:\/\/www.eldigitaldeasturias.com\/noticias\/detenido-en-francia-un-exmilitar-que-abrio-fuego-contra-varias-personas\/#webpage"},"articleSection":"Sucesos"},{"@type":"BreadcrumbList","@id":"https:\/\/www.eldigitaldeasturias.com\/noticias\/detenido-en-francia-un-exmilitar-que-abrio-fuego-contra-varias-personas\/#breadcrumblist","itemListElement":[{"@type":"ListItem","@id":"https:\/\/www.eldigitaldeasturias.com\/noticias#listItem","position":1,"name":"Home","item":"https:\/\/www.eldigitaldeasturias.com\/noticias","nextItem":{"@type":"ListItem","@id":"https:\/\/www.eldigitaldeasturias.com\/noticias\/category\/sucesos\/#listItem","name":"Sucesos"}},{"@type":"ListItem","@id":"https:\/\/www.eldigitaldeasturias.com\/noticias\/category\/sucesos\/#listItem","position":2,"name":"Sucesos","item":"https:\/\/www.eldigitaldeasturias.com\/noticias\/category\/sucesos\/","nextItem":{"@type":"ListItem","@id":"https:\/\/www.eldigitaldeasturias.com\/noticias\/detenido-en-francia-un-exmilitar-que-abrio-fuego-contra-varias-personas\/#listItem","name":"Detenido en Francia un exmilitar que abri\u00f3 fuego contra varias personas"},"previousItem":{"@type":"ListItem","@id":"https:\/\/www.eldigitaldeasturias.com\/noticias#listItem","name":"Home"}},{"@type":"ListItem","@id":"https:\/\/www.eldigitaldeasturias.com\/noticias\/detenido-en-francia-un-exmilitar-que-abrio-fuego-contra-varias-personas\/#listItem","position":3,"name":"Detenido en Francia un exmilitar que abri\u00f3 fuego contra varias personas","previousItem":{"@type":"ListItem","@id":"https:\/\/www.eldigitaldeasturias.com\/noticias\/category\/sucesos\/#listItem","name":"Sucesos"}}]},{"@type":"Organization","@id":"https:\/\/www.eldigitaldeasturias.com\/noticias\/#organization","name":"El Digital de Asturias","description":"Hemeroteca","url":"https:\/\/www.eldigitaldeasturias.com\/noticias\/","email":"info@eldigitaldeasturias.com","telephone":"+34652131393","logo":{"@type":"ImageObject","url":"https:\/\/www.eldigitaldeasturias.com\/noticias\/wp-content\/uploads\/2020\/12\/EDA.jpg","@id":"https:\/\/www.eldigitaldeasturias.com\/noticias\/detenido-en-francia-un-exmilitar-que-abrio-fuego-contra-varias-personas\/#organizationLogo"},"image":{"@id":"https:\/\/www.eldigitaldeasturias.com\/noticias\/detenido-en-francia-un-exmilitar-que-abrio-fuego-contra-varias-personas\/#organizationLogo"},"sameAs":["https:\/\/facebook.com\/eldigitaldeasturias","https:\/\/www.youtube.com\/channel\/UCZP-2wLEB9Rv6erhFmqVnvg"],"address":{"@id":"https:\/\/www.eldigitaldeasturias.com\/noticias\/#postaladdress","@type":"PostalAddress","streetAddress":"san antonio 4","postalCode":"33430","addressLocality":"Cand\u00e1s","addressRegion":"Asturias","addressCountry":"ES"}},{"@type":"Person","@id":"https:\/\/www.eldigitaldeasturias.com\/noticias\/author\/admin\/#author","url":"https:\/\/www.eldigitaldeasturias.com\/noticias\/author\/admin\/","name":"El Digital de Asturias","image":{"@type":"ImageObject","@id":"https:\/\/www.eldigitaldeasturias.com\/noticias\/detenido-en-francia-un-exmilitar-que-abrio-fuego-contra-varias-personas\/#authorImage","url":"https:\/\/secure.gravatar.com\/avatar\/df2aeffc32bcd13f8d26072ef8a91b623d677766deac7f97ca815868cd41bf5e?s=96&d=mm&r=g","width":96,"height":96,"caption":"El Digital de Asturias"}},{"@type":"WebPage","@id":"https:\/\/www.eldigitaldeasturias.com\/noticias\/detenido-en-francia-un-exmilitar-que-abrio-fuego-contra-varias-personas\/#webpage","url":"https:\/\/www.eldigitaldeasturias.com\/noticias\/detenido-en-francia-un-exmilitar-que-abrio-fuego-contra-varias-personas\/","name":"Detenido en Francia un exmilitar que abri\u00f3 fuego contra varias personas - El Digital de Asturias","description":"Las autoridades de Francia han anunciado este lunes la \"detenci\u00f3n\" de un exmilitar reci\u00e9n salido de prisi\u00f3n que el domingo abri\u00f3 fuego en varias ocasiones","inLanguage":"es-ES","isPartOf":{"@id":"https:\/\/www.eldigitaldeasturias.com\/noticias\/#website"},"breadcrumb":{"@id":"https:\/\/www.eldigitaldeasturias.com\/noticias\/detenido-en-francia-un-exmilitar-que-abrio-fuego-contra-varias-personas\/#breadcrumblist"},"author":{"@id":"https:\/\/www.eldigitaldeasturias.com\/noticias\/author\/admin\/#author"},"creator":{"@id":"https:\/\/www.eldigitaldeasturias.com\/noticias\/author\/admin\/#author"},"image":{"@type":"ImageObject","url":1074027,"@id":"https:\/\/www.eldigitaldeasturias.com\/noticias\/detenido-en-francia-un-exmilitar-que-abrio-fuego-contra-varias-personas\/#mainImage"},"primaryImageOfPage":{"@id":"https:\/\/www.eldigitaldeasturias.com\/noticias\/detenido-en-francia-un-exmilitar-que-abrio-fuego-contra-varias-personas\/#mainImage"},"datePublished":"2021-05-31T14:01:13+02:00","dateModified":"2021-05-31T14:01:13+02:00"},{"@type":"WebSite","@id":"https:\/\/www.eldigitaldeasturias.com\/noticias\/#website","url":"https:\/\/www.eldigitaldeasturias.com\/noticias\/","name":"El Digital de Asturias - Diario de actualidad y noticias","alternateName":"El Digital de Asturias - Diario de actualidad y noticias","description":"Hemeroteca","inLanguage":"es-ES","publisher":{"@id":"https:\/\/www.eldigitaldeasturias.com\/noticias\/#organization"}}]},"og:locale":"es_ES","og:site_name":"El Digital de Asturias","og:type":"article","og:title":"Detenido en Francia un exmilitar que abri\u00f3 fuego contra varias personas - El Digital de Asturias","og:description":"Las autoridades de Francia han anunciado este lunes la &quot;detenci\u00f3n&quot; de un exmilitar reci\u00e9n salido de prisi\u00f3n que el domingo abri\u00f3 fuego en varias ocasiones","og:url":"https:\/\/www.eldigitaldeasturias.com\/noticias\/detenido-en-francia-un-exmilitar-que-abrio-fuego-contra-varias-personas\/","article:tag":["sucesos","francia"],"article:published_time":"2021-05-31T13:01:13+00:00","article:modified_time":"2021-05-31T13:01:13+00:00","article:publisher":"https:\/\/facebook.com\/eldigitaldeasturias","twitter:card":"summary_large_image","twitter:title":"Detenido en Francia un exmilitar que abri\u00f3 fuego contra varias personas - El Digital de Asturias","twitter:description":"Las autoridades de Francia han anunciado este lunes la &quot;detenci\u00f3n&quot; de un exmilitar reci\u00e9n salido de prisi\u00f3n que el domingo abri\u00f3 fuego en varias ocasiones","twitter:image":"https:\/\/www.eldigitaldeasturias.com\/noticias\/wp-content\/uploads\/2020\/12\/EDA-1.jpg","twitter:label1":"Escrito por","twitter:data1":"El Digital de Asturias","twitter:label2":"Tiempo de lectura estimado","twitter:data2":"1 minuto"},"aioseo_meta_data":{"post_id":"1092828","title":null,"description":"Las autoridades de Francia han anunciado este lunes la \"detenci\u00f3n\" de un exmilitar reci\u00e9n salido de prisi\u00f3n que el domingo abri\u00f3 fuego en varias ocasiones&nbsp;","keywords":[{"label":"sucesos","value":"sucesos"},{"label":" Francia","value":" Francia"}],"keyphrases":{"focus":{"keyphrase":"Francia","score":87,"analysis":{"keyphraseInTitle":{"title":"Frase clave objetivo en el t\u00edtulo SEO","description":"Frase clave objetivo encontrada en el t\u00edtulo SEO.","score":9,"maxScore":9,"error":0},"keyphraseInDescription":{"title":"Frase clave objetivo en la meta descripci\u00f3n","description":"Frase clave objetivo encontrada en la meta descripci\u00f3n.","score":9,"maxScore":9,"error":0},"keyphraseInURL":[],"keyphraseInIntroduction":{"title":"Frase clave objetivo en la introducci\u00f3n","description":"Su Frase clave objetivo aparece en el primer p\u00e1rrafo. \u00a1Bien hecho!","score":9,"maxScore":9,"error":0},"keyphraseInSubHeadings":[],"keyphraseLength":{"title":"Longitud de la Frase clave objetivo","description":"\u00a1Buen trabajo!","score":9,"maxScore":9,"error":0,"length":1},"keyphraseInImageAlt":{"title":"Frase clave objetivo en los atributos alt de la imagen.","description":"Frase clave objetivo no se encuentra en los atributos alt de la imagen. A\u00f1ada una imagen con su Frase clave objetivo como texto alternativo.","score":3,"maxScore":9,"error":1}}},"additional":[{"keyphrase":"exmilitar","score":83,"analysis":{"keyphraseInDescription":{"title":"Frase clave en la meta descripci\u00f3n","description":"Frase clave encontrada en la meta descripci\u00f3n.","score":9,"maxScore":9,"error":0},"keyphraseInIntroduction":{"title":"Frase clave en la introducci\u00f3n","description":"Su Frase clave aparece en el primer p\u00e1rrafo. \u00a1Bien hecho!","score":9,"maxScore":9,"error":0},"keyphraseInImageAlt":{"title":"Frase clave en los atributos alt de la imagen.","description":"Frase clave no se encuentra en los atributos alt de la imagen. A\u00f1ada una imagen con su Frase clave como texto alternativo.","score":3,"maxScore":9,"error":1},"keyphraseLength":{"title":"Longitud de la Frase clave","description":"\u00a1Buen trabajo!","score":9,"maxScore":9,"error":0,"length":1}}},{"keyphrase":"sucesos","score":50,"analysis":{"keyphraseInDescription":{"title":"Frase clave en la meta descripci\u00f3n","description":"Frase clave no se encuentra en la meta descripci\u00f3n.","score":3,"maxScore":9,"error":1},"keyphraseInIntroduction":{"title":"Frase clave en la introducci\u00f3n","description":"Su Frase clave no aparece en el primer p\u00e1rrafo. Aseg\u00farese de que el tema est\u00e9 claro de inmediato.","score":3,"maxScore":9,"error":1},"keyphraseInImageAlt":{"title":"Frase clave en los atributos alt de la imagen.","description":"Frase clave no se encuentra en los atributos alt de la imagen. A\u00f1ada una imagen con su Frase clave como texto alternativo.","score":3,"maxScore":9,"error":1},"keyphraseLength":{"title":"Longitud de la Frase clave","description":"\u00a1Buen trabajo!","score":9,"maxScore":9,"error":0,"length":1}}}]},"primary_term":null,"canonical_url":null,"og_title":null,"og_description":null,"og_object_type":"default","og_image_type":"default","og_image_url":null,"og_image_width":null,"og_image_height":null,"og_image_custom_url":null,"og_image_custom_fields":null,"og_video":"","og_custom_url":null,"og_article_section":null,"og_article_tags":[],"twitter_use_og":false,"twitter_card":"default","twitter_image_type":"default","twitter_image_url":null,"twitter_image_custom_url":null,"twitter_image_custom_fields":null,"twitter_title":null,"twitter_description":null,"schema":{"blockGraphs":[],"customGraphs":[],"default":{"data":{"Article":[],"Course":[],"Dataset":[],"FAQPage":[],"Movie":[],"Person":[],"Product":[],"ProductReview":[],"Car":[],"Recipe":[],"Service":[],"SoftwareApplication":[],"WebPage":[]},"graphName":"","isEnabled":true},"graphs":[],"defaultGraph":"Article","defaultPostTypeGraph":""},"schema_type":"default","schema_type_options":"{\"article\":{\"articleType\":\"BlogPosting\"},\"course\":{\"name\":\"\",\"description\":\"\",\"provider\":\"\"},\"faq\":{\"pages\":[]},\"product\":{\"reviews\":[]},\"recipe\":{\"ingredients\":[],\"instructions\":[],\"keywords\":[]},\"software\":{\"reviews\":[],\"operatingSystems\":[]},\"webPage\":{\"webPageType\":\"WebPage\"}}","pillar_content":false,"robots_default":true,"robots_noindex":false,"robots_noarchive":false,"robots_nosnippet":false,"robots_nofollow":false,"robots_noimageindex":false,"robots_noodp":false,"robots_notranslate":false,"robots_max_snippet":"-1","robots_max_videopreview":"-1","robots_max_imagepreview":"large","priority":null,"frequency":"default","local_seo":{"locations":{"business":{"name":"","businessType":"","image":"","areaServed":"","urls":{"website":"","aboutPage":"","contactPage":""},"address":{"streetLine1":"","streetLine2":"","zipCode":"","city":"","state":"","country":"","addressFormat":"#streetLineOne\n#streetLineTwo\n#city, #state #zipCode"},"contact":{"email":"","phone":"","phoneFormatted":"","fax":"","faxFormatted":""},"ids":{"vat":"","tax":"","chamberOfCommerce":""},"payment":{"priceRange":"","currenciesAccepted":"","methods":""}}},"openingHours":{"useDefaults":true,"show":true,"alwaysOpen":false,"use24hFormat":false,"timezone":"","labels":{"closed":"","alwaysOpen":""},"days":{"monday":{"open24h":false,"closed":false,"openTime":"09:00","closeTime":"17:00"},"tuesday":{"open24h":false,"closed":false,"openTime":"09:00","closeTime":"17:00"},"wednesday":{"open24h":false,"closed":false,"openTime":"09:00","closeTime":"17:00"},"thursday":{"open24h":false,"closed":false,"openTime":"09:00","closeTime":"17:00"},"friday":{"open24h":false,"closed":false,"openTime":"09:00","closeTime":"17:00"},"saturday":{"open24h":false,"closed":false,"openTime":"09:00","closeTime":"17:00"},"sunday":{"open24h":false,"closed":false,"openTime":"09:00","closeTime":"17:00"}}}},"seo_analyzer_scan_date":"2026-07-18 08:58:12","breadcrumb_settings":null,"limit_modified_date":false,"open_ai":null,"ai":null,"created":"2021-05-31 12:58:29","updated":"2026-07-18 08:58:12","focus_keyword":"Francia","additional_keywords":[{"word":"exmilitar","score":83},{"word":"sucesos","score":50}],"truseo_locale":null},"aioseo_breadcrumb":"<div class=\"aioseo-breadcrumbs\"><span class=\"aioseo-breadcrumb\">\n\t<a href=\"https:\/\/www.eldigitaldeasturias.com\/noticias\" title=\"Home\">Home<\/a>\n<\/span><span class=\"aioseo-breadcrumb-separator\">\u2013<\/span><span class=\"aioseo-breadcrumb\">\n\t<a href=\"https:\/\/www.eldigitaldeasturias.com\/noticias\/category\/sucesos\/\" title=\"Sucesos\">Sucesos<\/a>\n<\/span><span class=\"aioseo-breadcrumb-separator\">\u2013<\/span><span class=\"aioseo-breadcrumb\">\n\t<a href=\"https:\/\/www.eldigitaldeasturias.com\/noticias\/detenido-en-francia-un-exmilitar-que-abrio-fuego-contra-varias-personas\/\" title=\"Detenido en Francia un exmilitar que abri\u00f3 fuego contra varias personas\">Detenido en Francia un exmilitar que abri\u00f3 fuego contra varias personas<\/a>\n<\/span><\/div>","aioseo_breadcrumb_json":[{"label":"Home","link":"https:\/\/www.eldigitaldeasturias.com\/noticias"},{"label":"Sucesos","link":"https:\/\/www.eldigitaldeasturias.com\/noticias\/category\/sucesos\/"},{"label":"Detenido en Francia un exmilitar que abri\u00f3 fuego contra varias personas","link":"https:\/\/www.eldigitaldeasturias.com\/noticias\/detenido-en-francia-un-exmilitar-que-abrio-fuego-contra-varias-personas\/"}],"_links":{"self":[{"href":"https:\/\/www.eldigitaldeasturias.com\/noticias\/wp-json\/wp\/v2\/posts\/1092828","targetHints":{"allow":["GET"]}}],"collection":[{"href":"https:\/\/www.eldigitaldeasturias.com\/noticias\/wp-json\/wp\/v2\/posts"}],"about":[{"href":"https:\/\/www.eldigitaldeasturias.com\/noticias\/wp-json\/wp\/v2\/types\/post"}],"author":[{"embeddable":true,"href":"https:\/\/www.eldigitaldeasturias.com\/noticias\/wp-json\/wp\/v2\/users\/1"}],"replies":[{"embeddable":true,"href":"https:\/\/www.eldigitaldeasturias.com\/noticias\/wp-json\/wp\/v2\/comments?post=1092828"}],"version-history":[{"count":0,"href":"https:\/\/www.eldigitaldeasturias.com\/noticias\/wp-json\/wp\/v2\/posts\/1092828\/revisions"}],"wp:attachment":[{"href":"https:\/\/www.eldigitaldeasturias.com\/noticias\/wp-json\/wp\/v2\/media?parent=1092828"}],"wp:term":[{"taxonomy":"category","embeddable":true,"href":"https:\/\/www.eldigitaldeasturias.com\/noticias\/wp-json\/wp\/v2\/categories?post=1092828"},{"taxonomy":"post_tag","embeddable":true,"href":"https:\/\/www.eldigitaldeasturias.com\/noticias\/wp-json\/wp\/v2\/tags?post=1092828"}],"curies":[{"name":"wp","href":"https:\/\/api.w.org\/{rel}","templated":true}]}}