{"id":1092728,"date":"2021-05-30T12:01:06","date_gmt":"2021-05-30T11:01:06","guid":{"rendered":"https:\/\/www.eldigitaldeasturias.com\/noticias\/?p=1092728"},"modified":"2021-05-30T12:01:06","modified_gmt":"2021-05-30T11:01:06","slug":"asturias-apostara-por-el-emprendimiento-empresarial","status":"publish","type":"post","link":"https:\/\/www.eldigitaldeasturias.com\/noticias\/asturias-apostara-por-el-emprendimiento-empresarial\/","title":{"rendered":"Asturias apostar\u00e1 por el emprendimiento empresarial"},"content":{"rendered":"<p><img loading=\"lazy\" decoding=\"async\" class=\"alignleft size-medium wp-image-1092729\" src=\"https:\/\/www.eldigitaldeasturias.com\/noticias\/wp-content\/uploads\/2021\/05\/Asturias-emprendimiento-empresarial-360x206.jpg\" alt=\"Asturias emprendimiento empresarial\" width=\"360\" height=\"206\" \/>El Gobierno del Principado movilizar\u00e1 30.425.000 euros en los tres pr\u00f3ximos a\u00f1os para impulsar el <strong>Programa de Emprendimiento de Asturias 2021-2023<\/strong>, que persigue generar actividad econ\u00f3mica y empleo, favorecer la cultura emprendedora, ampliar el tejido empresarial y contribuir al crecimiento y consolidaci\u00f3n de las pymes.<\/p>\n<p>La puesta en marcha de este programa, <strong>uno de los compromisos recogidos en el acuerdo de la Concertaci\u00f3n para la Recuperaci\u00f3n de Asturias<\/strong> (CREA), implica un conjunto de medidas que, con car\u00e1cter transversal y una visi\u00f3n integral, actuar\u00e1n sobre todos los elementos que influyen en el emprendimiento y la competitividad empresarial.<\/p>\n<p>Alineado con la Estrategia Espa\u00f1a Naci\u00f3n Emprendedora presentada por el Gobierno de Espa\u00f1a en febrero, el plan se articula en torno a cinco ejes:<\/p>\n<ul>\n<li>Motiva: creando cultura emprendedora, orientado a estimular los valores y la cultura del emprendimiento con la voluntad de actuar sobre las personas m\u00e1s j\u00f3venes con un importante refuerzo de los programas de Valnal\u00f3n en el \u00e1mbito educativo.<\/li>\n<li>Inicia: de la idea al negocio, donde se articulan acciones para facilitar los procesos de conversi\u00f3n de las ideas empresariales en modelos de negocio, en decir, crear las oportunidades necesarias para el emprendimiento en Asturias.<\/li>\n<li>Consolida: creando un ecosistema emprendedor s\u00f3lido, con el objetivo de favorecer la consolidaci\u00f3n de las iniciativas y los modelos de negocio.<\/li>\n<li>Financia: instrumentos y ayudas al emprendimiento y la econom\u00eda social, que recoge las diferentes l\u00edneas de apoyo econ\u00f3mico y de financiaci\u00f3n para las personas emprendedoras.<\/li>\n<li>Asturias emprende, comunica y reconoce, que contempla las medidas de sensibilizaci\u00f3n y difusi\u00f3n del programa, as\u00ed como de reconocimiento a la labor emprendedora.<\/li>\n<\/ul>\n<p>El consejero de Industria, Empleo y Promoci\u00f3n Econ\u00f3mica, Enrique Fern\u00e1ndez, ha presentado esta iniciativa en la sede de la Ciudad Industrial del Valle del Nal\u00f3n (Valnal\u00f3n), en un acto en el que han participado tambi\u00e9n los directores generales de Comercio, Emprendedores y Econom\u00eda Social, Julio Gonz\u00e1lez Zapico, y de Empleo y Formaci\u00f3n, Pedro Fern\u00e1ndez-Raigoso. Adem\u00e1s, han asistido la directora gerente del Servicio P\u00fablico de Empleo (Sepepa), Pilar Varela; la directora general del Idepa, Eva Pando; la concejala de Hacienda de Langreo, Patricia Fern\u00e1ndez; la presidenta de la Federaci\u00f3n Asturiana de Concejos (FACC), Cecilia P\u00e9rez; la vicesecretaria general de Pol\u00edtica Institucional y Recursos de UGT, Nerea Monroy; la secretaria general de CCOO del Nal\u00f3n, Esther Barb\u00f3n; el presidente de la Asociaci\u00f3n de J\u00f3venes Empresarios y vicepresidente de Fade, Pablo Gonz\u00e1lez; la directora gerente de Valnal\u00f3n, Marta P\u00e9rez, y la directora del Centro Europeo de Empresas e Innovaci\u00f3n (CEEI Asturias), Cristina Fanjul.<\/p>\n<p><strong>Fern\u00e1ndez ha se\u00f1alado que \u201cestimular las capacidades emprendedoras representa un reto de grandes dimensiones y una oportunidad\u201d<\/strong>, especialmente en un contexto como el actual, \u201cen el que la pandemia de la covid ha generado una crisis social y econ\u00f3mica sin precedentes\u201d. \u201cTambi\u00e9n es una obligaci\u00f3n si queremos regenerar y reactivar el tejido productivo y contribuir a la recuperaci\u00f3n de los empleos perdidos\u201d, ha a\u00f1adido el titular de Industria.<\/p>\n<p>A su juicio, <strong>el programa de emprendimiento constituye un instrumento \u201ctransformador\u201d<\/strong>, que persigue la generaci\u00f3n de riqueza y prosperidad a partir de una visi\u00f3n integral con el objetivo de lograr, como m\u00ednimo, los siguientes hitos:<\/p>\n<ul>\n<li>1. Promover la ordenaci\u00f3n, integraci\u00f3n y coordinaci\u00f3n de programas, infraestructuras e instrumentos del ecosistema de apoyo al emprendimiento con el fin de estimular la creaci\u00f3n de empresas.<\/li>\n<li>2. Homogeneizar los servicios de asesoramiento ofrecidos a trav\u00e9s de la red de centros p\u00fablicos ACEPPA, de cara a la puesta en marcha de un servicio \u00fanico de creaci\u00f3n de empresas.<\/li>\n<li>3. La puesta en marcha de una oficina virtual de orientaci\u00f3n al emprendedor.<\/li>\n<li>4. Potenciar la labor del CEEI para favorecer el crecimiento acelerado de proyectos con elevado componente innovador.<\/li>\n<li>5. Extender a todo el \u00e1mbito educativo los programas de fomento del esp\u00edritu emprendedor de Valnal\u00f3n, de tal manera que lleguen a involucrar a 850 centros, 1.100 docentes y casi 35.000 estudiantes. Tambi\u00e9n se plantea potenciar la C\u00e1tedra de Emprendimiento de la Universidad de Oviedo y la posibilidad de poner en marcha de un m\u00e1ster en emprendimiento.<\/li>\n<li>6. Estimular el intraemprendimiento, fomentando programas dentro de las empresas para identificar casos de \u00e9xito y modelos de referencia.<\/li>\n<li>7. Apoyar las habilidades directivas de nuevos aut\u00f3nomos que necesiten adquirir o mejorar conocimientos en gesti\u00f3n empresarial.<\/li>\n<li>8. Respaldar los procesos de transmisi\u00f3n de empresas, intermediando entre personas con vocaci\u00f3n emprendedora y firmas solventes abocadas al cese de actividad por falta de relevo generacional, con la ayuda de mecanismos de asesoramiento financiero, jur\u00eddico, fiscal y econ\u00f3mico.<\/li>\n<li>9. Adaptar los distintos instrumentos de promoci\u00f3n y apoyo econ\u00f3mico a las necesidades y caracter\u00edsticas espec\u00edficas de las empresas de nueva creaci\u00f3n, las pymes y la econom\u00eda social.<\/li>\n<li>10. Promover el emprendimiento en el medio rural, especialmente entre mujeres, dando apoyo al Centro de Innovaci\u00f3n y Econom\u00eda en Igualdad.<\/li>\n<\/ul>\n<p>&nbsp;<\/p>\n","protected":false},"excerpt":{"rendered":"<p>El Gobierno del Principado movilizar\u00e1 30.425.000 euros en los tres pr\u00f3ximos a\u00f1os para impulsar el Programa de Emprendimiento de Asturias 2021-2023, que persigue generar actividad econ\u00f3mica y empleo, favorecer la cultura emprendedora, ampliar el tejido empresarial y contribuir al crecimiento y consolidaci\u00f3n de las pymes. La puesta en marcha de este programa, uno de los [&hellip;]<\/p>\n","protected":false},"author":1,"featured_media":1132184,"comment_status":"closed","ping_status":"closed","sticky":false,"template":"","format":"standard","meta":{"footnotes":""},"categories":[12],"tags":[],"class_list":["post-1092728","post","type-post","status-publish","format-standard","has-post-thumbnail","hentry","category-actualidad-asturias"],"aioseo_notices":[],"aioseo_head":"\n\t\t<!-- All in One SEO Pro 5.0.1 - aioseo.com -->\n\t<meta name=\"description\" content=\"El Gobierno del Principado movilizar\u00e1 30.425.000 euros en los tres pr\u00f3ximos a\u00f1os para impulsar el Programa de Emprendimiento de Asturias 2021-2023\" \/>\n\t<meta name=\"robots\" content=\"max-image-preview:large\" \/>\n\t<meta name=\"author\" content=\"El Digital de Asturias\"\/>\n\t<meta name=\"google-site-verification\" content=\"UA-38556648-1\" \/>\n\t<meta name=\"msvalidate.01\" content=\"7dfe9f3f1b24437ab69f4f2559babe99\" \/>\n\t<meta name=\"keywords\" content=\"asturias,emprendimiento,empresarial,innovaci\u00f3n asturias,actualidad asturias\" \/>\n\t<link rel=\"canonical\" href=\"https:\/\/www.eldigitaldeasturias.com\/noticias\/asturias-apostara-por-el-emprendimiento-empresarial\/\" \/>\n\t<meta name=\"generator\" content=\"All in One SEO Pro (AIOSEO) 5.0.1\" \/>\n\t\t<meta property=\"og:locale\" content=\"es_ES\" \/>\n\t\t<meta property=\"og:site_name\" content=\"El Digital de Asturias\" \/>\n\t\t<meta property=\"og:type\" content=\"article\" \/>\n\t\t<meta property=\"og:title\" content=\"Asturias apostar\u00e1 por el emprendimiento empresarial - El Digital de Asturias\" \/>\n\t\t<meta property=\"og:description\" content=\"El Gobierno del Principado movilizar\u00e1 30.425.000 euros en los tres pr\u00f3ximos a\u00f1os para impulsar el Programa de Emprendimiento de Asturias 2021-2023\" \/>\n\t\t<meta property=\"og:url\" content=\"https:\/\/www.eldigitaldeasturias.com\/noticias\/asturias-apostara-por-el-emprendimiento-empresarial\/\" \/>\n\t\t<meta property=\"og:image\" content=\"https:\/\/www.eldigitaldeasturias.com\/noticias\/wp-content\/uploads\/2026\/06\/Contenidos.jpg\" \/>\n\t\t<meta property=\"og:image:secure_url\" content=\"https:\/\/www.eldigitaldeasturias.com\/noticias\/wp-content\/uploads\/2026\/06\/Contenidos.jpg\" \/>\n\t\t<meta property=\"og:image:width\" content=\"1265\" \/>\n\t\t<meta property=\"og:image:height\" content=\"697\" \/>\n\t\t<meta property=\"article:tag\" content=\"asturias\" \/>\n\t\t<meta property=\"article:tag\" content=\"emprendimiento\" \/>\n\t\t<meta property=\"article:tag\" content=\"empresarial\" \/>\n\t\t<meta property=\"article:tag\" content=\"innovaci\u00f3n asturias\" \/>\n\t\t<meta property=\"article:tag\" content=\"actualidad asturias\" \/>\n\t\t<meta property=\"article:published_time\" content=\"2021-05-30T11:01:06+00:00\" \/>\n\t\t<meta property=\"article:modified_time\" content=\"2021-05-30T11:01:06+00:00\" \/>\n\t\t<meta property=\"article:publisher\" content=\"https:\/\/facebook.com\/eldigitaldeasturias\" \/>\n\t\t<meta name=\"twitter:card\" content=\"summary_large_image\" \/>\n\t\t<meta name=\"twitter:title\" content=\"Asturias apostar\u00e1 por el emprendimiento empresarial - El Digital de Asturias\" \/>\n\t\t<meta name=\"twitter:description\" content=\"El Gobierno del Principado movilizar\u00e1 30.425.000 euros en los tres pr\u00f3ximos a\u00f1os para impulsar el Programa de Emprendimiento de Asturias 2021-2023\" \/>\n\t\t<meta name=\"twitter:image\" content=\"https:\/\/www.eldigitaldeasturias.com\/noticias\/wp-content\/uploads\/2026\/06\/Contenidos.jpg\" \/>\n\t\t<meta name=\"twitter:label1\" content=\"Escrito por\" \/>\n\t\t<meta name=\"twitter:data1\" content=\"El Digital de Asturias\" \/>\n\t\t<meta name=\"twitter:label2\" content=\"Tiempo de lectura estimado\" \/>\n\t\t<meta name=\"twitter:data2\" content=\"4 minutos\" \/>\n\t\t<script type=\"application\/ld+json\" class=\"aioseo-schema\">\n\t\t\t{\"@context\":\"https:\\\/\\\/schema.org\",\"@graph\":[{\"@type\":\"BlogPosting\",\"@id\":\"https:\\\/\\\/www.eldigitaldeasturias.com\\\/noticias\\\/asturias-apostara-por-el-emprendimiento-empresarial\\\/#blogposting\",\"name\":\"Asturias apostar\\u00e1 por el emprendimiento empresarial - El Digital de Asturias\",\"headline\":\"Asturias apostar\\u00e1 por el emprendimiento empresarial\",\"author\":{\"@id\":\"https:\\\/\\\/www.eldigitaldeasturias.com\\\/noticias\\\/author\\\/admin\\\/#author\"},\"publisher\":{\"@id\":\"https:\\\/\\\/www.eldigitaldeasturias.com\\\/noticias\\\/#organization\"},\"image\":{\"@type\":\"ImageObject\",\"url\":\"https:\\\/\\\/www.eldigitaldeasturias.com\\\/noticias\\\/wp-content\\\/uploads\\\/2026\\\/06\\\/Contenidos.jpg\",\"width\":1265,\"height\":697,\"caption\":\"Contenidos\"},\"datePublished\":\"2021-05-30T12:01:06+02:00\",\"dateModified\":\"2021-05-30T12:01:06+02:00\",\"inLanguage\":\"es-ES\",\"mainEntityOfPage\":{\"@id\":\"https:\\\/\\\/www.eldigitaldeasturias.com\\\/noticias\\\/asturias-apostara-por-el-emprendimiento-empresarial\\\/#webpage\"},\"isPartOf\":{\"@id\":\"https:\\\/\\\/www.eldigitaldeasturias.com\\\/noticias\\\/asturias-apostara-por-el-emprendimiento-empresarial\\\/#webpage\"},\"articleSection\":\"Actualidad Asturias\"},{\"@type\":\"BreadcrumbList\",\"@id\":\"https:\\\/\\\/www.eldigitaldeasturias.com\\\/noticias\\\/asturias-apostara-por-el-emprendimiento-empresarial\\\/#breadcrumblist\",\"itemListElement\":[{\"@type\":\"ListItem\",\"@id\":\"https:\\\/\\\/www.eldigitaldeasturias.com\\\/noticias#listItem\",\"position\":1,\"name\":\"Home\",\"item\":\"https:\\\/\\\/www.eldigitaldeasturias.com\\\/noticias\",\"nextItem\":{\"@type\":\"ListItem\",\"@id\":\"https:\\\/\\\/www.eldigitaldeasturias.com\\\/noticias\\\/category\\\/actualidad-asturias\\\/#listItem\",\"name\":\"Actualidad Asturias\"}},{\"@type\":\"ListItem\",\"@id\":\"https:\\\/\\\/www.eldigitaldeasturias.com\\\/noticias\\\/category\\\/actualidad-asturias\\\/#listItem\",\"position\":2,\"name\":\"Actualidad Asturias\",\"item\":\"https:\\\/\\\/www.eldigitaldeasturias.com\\\/noticias\\\/category\\\/actualidad-asturias\\\/\",\"nextItem\":{\"@type\":\"ListItem\",\"@id\":\"https:\\\/\\\/www.eldigitaldeasturias.com\\\/noticias\\\/asturias-apostara-por-el-emprendimiento-empresarial\\\/#listItem\",\"name\":\"Asturias apostar\\u00e1 por el emprendimiento empresarial\"},\"previousItem\":{\"@type\":\"ListItem\",\"@id\":\"https:\\\/\\\/www.eldigitaldeasturias.com\\\/noticias#listItem\",\"name\":\"Home\"}},{\"@type\":\"ListItem\",\"@id\":\"https:\\\/\\\/www.eldigitaldeasturias.com\\\/noticias\\\/asturias-apostara-por-el-emprendimiento-empresarial\\\/#listItem\",\"position\":3,\"name\":\"Asturias apostar\\u00e1 por el emprendimiento empresarial\",\"previousItem\":{\"@type\":\"ListItem\",\"@id\":\"https:\\\/\\\/www.eldigitaldeasturias.com\\\/noticias\\\/category\\\/actualidad-asturias\\\/#listItem\",\"name\":\"Actualidad Asturias\"}}]},{\"@type\":\"Organization\",\"@id\":\"https:\\\/\\\/www.eldigitaldeasturias.com\\\/noticias\\\/#organization\",\"name\":\"El Digital de Asturias\",\"description\":\"Hemeroteca\",\"url\":\"https:\\\/\\\/www.eldigitaldeasturias.com\\\/noticias\\\/\",\"email\":\"info@eldigitaldeasturias.com\",\"telephone\":\"+34652131393\",\"logo\":{\"@type\":\"ImageObject\",\"url\":\"https:\\\/\\\/www.eldigitaldeasturias.com\\\/noticias\\\/wp-content\\\/uploads\\\/2020\\\/12\\\/EDA.jpg\",\"@id\":\"https:\\\/\\\/www.eldigitaldeasturias.com\\\/noticias\\\/asturias-apostara-por-el-emprendimiento-empresarial\\\/#organizationLogo\"},\"image\":{\"@id\":\"https:\\\/\\\/www.eldigitaldeasturias.com\\\/noticias\\\/asturias-apostara-por-el-emprendimiento-empresarial\\\/#organizationLogo\"},\"sameAs\":[\"https:\\\/\\\/facebook.com\\\/eldigitaldeasturias\",\"https:\\\/\\\/www.youtube.com\\\/channel\\\/UCZP-2wLEB9Rv6erhFmqVnvg\"],\"address\":{\"@id\":\"https:\\\/\\\/www.eldigitaldeasturias.com\\\/noticias\\\/#postaladdress\",\"@type\":\"PostalAddress\",\"streetAddress\":\"san antonio 4\",\"postalCode\":\"33430\",\"addressLocality\":\"Cand\\u00e1s\",\"addressRegion\":\"Asturias\",\"addressCountry\":\"ES\"}},{\"@type\":\"Person\",\"@id\":\"https:\\\/\\\/www.eldigitaldeasturias.com\\\/noticias\\\/author\\\/admin\\\/#author\",\"url\":\"https:\\\/\\\/www.eldigitaldeasturias.com\\\/noticias\\\/author\\\/admin\\\/\",\"name\":\"El Digital de Asturias\",\"image\":{\"@type\":\"ImageObject\",\"@id\":\"https:\\\/\\\/www.eldigitaldeasturias.com\\\/noticias\\\/asturias-apostara-por-el-emprendimiento-empresarial\\\/#authorImage\",\"url\":\"https:\\\/\\\/secure.gravatar.com\\\/avatar\\\/df2aeffc32bcd13f8d26072ef8a91b623d677766deac7f97ca815868cd41bf5e?s=96&d=mm&r=g\",\"width\":96,\"height\":96,\"caption\":\"El Digital de Asturias\"}},{\"@type\":\"WebPage\",\"@id\":\"https:\\\/\\\/www.eldigitaldeasturias.com\\\/noticias\\\/asturias-apostara-por-el-emprendimiento-empresarial\\\/#webpage\",\"url\":\"https:\\\/\\\/www.eldigitaldeasturias.com\\\/noticias\\\/asturias-apostara-por-el-emprendimiento-empresarial\\\/\",\"name\":\"Asturias apostar\\u00e1 por el emprendimiento empresarial - El Digital de Asturias\",\"description\":\"El Gobierno del Principado movilizar\\u00e1 30.425.000 euros en los tres pr\\u00f3ximos a\\u00f1os para impulsar el Programa de Emprendimiento de Asturias 2021-2023\",\"inLanguage\":\"es-ES\",\"isPartOf\":{\"@id\":\"https:\\\/\\\/www.eldigitaldeasturias.com\\\/noticias\\\/#website\"},\"breadcrumb\":{\"@id\":\"https:\\\/\\\/www.eldigitaldeasturias.com\\\/noticias\\\/asturias-apostara-por-el-emprendimiento-empresarial\\\/#breadcrumblist\"},\"author\":{\"@id\":\"https:\\\/\\\/www.eldigitaldeasturias.com\\\/noticias\\\/author\\\/admin\\\/#author\"},\"creator\":{\"@id\":\"https:\\\/\\\/www.eldigitaldeasturias.com\\\/noticias\\\/author\\\/admin\\\/#author\"},\"image\":{\"@type\":\"ImageObject\",\"url\":\"https:\\\/\\\/www.eldigitaldeasturias.com\\\/noticias\\\/wp-content\\\/uploads\\\/2026\\\/06\\\/Contenidos.jpg\",\"@id\":\"https:\\\/\\\/www.eldigitaldeasturias.com\\\/noticias\\\/asturias-apostara-por-el-emprendimiento-empresarial\\\/#mainImage\",\"width\":1265,\"height\":697,\"caption\":\"Contenidos\"},\"primaryImageOfPage\":{\"@id\":\"https:\\\/\\\/www.eldigitaldeasturias.com\\\/noticias\\\/asturias-apostara-por-el-emprendimiento-empresarial\\\/#mainImage\"},\"datePublished\":\"2021-05-30T12:01:06+02:00\",\"dateModified\":\"2021-05-30T12:01:06+02:00\"},{\"@type\":\"WebSite\",\"@id\":\"https:\\\/\\\/www.eldigitaldeasturias.com\\\/noticias\\\/#website\",\"url\":\"https:\\\/\\\/www.eldigitaldeasturias.com\\\/noticias\\\/\",\"name\":\"El Digital de Asturias - Diario de actualidad y noticias\",\"alternateName\":\"El Digital de Asturias - Diario de actualidad y noticias\",\"description\":\"Hemeroteca\",\"inLanguage\":\"es-ES\",\"publisher\":{\"@id\":\"https:\\\/\\\/www.eldigitaldeasturias.com\\\/noticias\\\/#organization\"}}]}\n\t\t<\/script>\n\t\t<!-- All in One SEO Pro -->\r\n\t\t<title>Asturias apostar\u00e1 por el emprendimiento empresarial - El Digital de Asturias<\/title>\n\n","aioseo_head_json":{"title":"Asturias apostar\u00e1 por el emprendimiento empresarial - El Digital de Asturias","description":"El Gobierno del Principado movilizar\u00e1 30.425.000 euros en los tres pr\u00f3ximos a\u00f1os para impulsar el Programa de Emprendimiento de Asturias 2021-2023","canonical_url":"https:\/\/www.eldigitaldeasturias.com\/noticias\/asturias-apostara-por-el-emprendimiento-empresarial\/","robots":"max-image-preview:large","keywords":"asturias,emprendimiento,empresarial,innovaci\u00f3n asturias,actualidad asturias","webmasterTools":{"google-site-verification":"UA-38556648-1","msvalidate.01":"7dfe9f3f1b24437ab69f4f2559babe99","miscellaneous":""},"schema":{"@context":"https:\/\/schema.org","@graph":[{"@type":"BlogPosting","@id":"https:\/\/www.eldigitaldeasturias.com\/noticias\/asturias-apostara-por-el-emprendimiento-empresarial\/#blogposting","name":"Asturias apostar\u00e1 por el emprendimiento empresarial - El Digital de Asturias","headline":"Asturias apostar\u00e1 por el emprendimiento empresarial","author":{"@id":"https:\/\/www.eldigitaldeasturias.com\/noticias\/author\/admin\/#author"},"publisher":{"@id":"https:\/\/www.eldigitaldeasturias.com\/noticias\/#organization"},"image":{"@type":"ImageObject","url":"https:\/\/www.eldigitaldeasturias.com\/noticias\/wp-content\/uploads\/2026\/06\/Contenidos.jpg","width":1265,"height":697,"caption":"Contenidos"},"datePublished":"2021-05-30T12:01:06+02:00","dateModified":"2021-05-30T12:01:06+02:00","inLanguage":"es-ES","mainEntityOfPage":{"@id":"https:\/\/www.eldigitaldeasturias.com\/noticias\/asturias-apostara-por-el-emprendimiento-empresarial\/#webpage"},"isPartOf":{"@id":"https:\/\/www.eldigitaldeasturias.com\/noticias\/asturias-apostara-por-el-emprendimiento-empresarial\/#webpage"},"articleSection":"Actualidad Asturias"},{"@type":"BreadcrumbList","@id":"https:\/\/www.eldigitaldeasturias.com\/noticias\/asturias-apostara-por-el-emprendimiento-empresarial\/#breadcrumblist","itemListElement":[{"@type":"ListItem","@id":"https:\/\/www.eldigitaldeasturias.com\/noticias#listItem","position":1,"name":"Home","item":"https:\/\/www.eldigitaldeasturias.com\/noticias","nextItem":{"@type":"ListItem","@id":"https:\/\/www.eldigitaldeasturias.com\/noticias\/category\/actualidad-asturias\/#listItem","name":"Actualidad Asturias"}},{"@type":"ListItem","@id":"https:\/\/www.eldigitaldeasturias.com\/noticias\/category\/actualidad-asturias\/#listItem","position":2,"name":"Actualidad Asturias","item":"https:\/\/www.eldigitaldeasturias.com\/noticias\/category\/actualidad-asturias\/","nextItem":{"@type":"ListItem","@id":"https:\/\/www.eldigitaldeasturias.com\/noticias\/asturias-apostara-por-el-emprendimiento-empresarial\/#listItem","name":"Asturias apostar\u00e1 por el emprendimiento empresarial"},"previousItem":{"@type":"ListItem","@id":"https:\/\/www.eldigitaldeasturias.com\/noticias#listItem","name":"Home"}},{"@type":"ListItem","@id":"https:\/\/www.eldigitaldeasturias.com\/noticias\/asturias-apostara-por-el-emprendimiento-empresarial\/#listItem","position":3,"name":"Asturias apostar\u00e1 por el emprendimiento empresarial","previousItem":{"@type":"ListItem","@id":"https:\/\/www.eldigitaldeasturias.com\/noticias\/category\/actualidad-asturias\/#listItem","name":"Actualidad Asturias"}}]},{"@type":"Organization","@id":"https:\/\/www.eldigitaldeasturias.com\/noticias\/#organization","name":"El Digital de Asturias","description":"Hemeroteca","url":"https:\/\/www.eldigitaldeasturias.com\/noticias\/","email":"info@eldigitaldeasturias.com","telephone":"+34652131393","logo":{"@type":"ImageObject","url":"https:\/\/www.eldigitaldeasturias.com\/noticias\/wp-content\/uploads\/2020\/12\/EDA.jpg","@id":"https:\/\/www.eldigitaldeasturias.com\/noticias\/asturias-apostara-por-el-emprendimiento-empresarial\/#organizationLogo"},"image":{"@id":"https:\/\/www.eldigitaldeasturias.com\/noticias\/asturias-apostara-por-el-emprendimiento-empresarial\/#organizationLogo"},"sameAs":["https:\/\/facebook.com\/eldigitaldeasturias","https:\/\/www.youtube.com\/channel\/UCZP-2wLEB9Rv6erhFmqVnvg"],"address":{"@id":"https:\/\/www.eldigitaldeasturias.com\/noticias\/#postaladdress","@type":"PostalAddress","streetAddress":"san antonio 4","postalCode":"33430","addressLocality":"Cand\u00e1s","addressRegion":"Asturias","addressCountry":"ES"}},{"@type":"Person","@id":"https:\/\/www.eldigitaldeasturias.com\/noticias\/author\/admin\/#author","url":"https:\/\/www.eldigitaldeasturias.com\/noticias\/author\/admin\/","name":"El Digital de Asturias","image":{"@type":"ImageObject","@id":"https:\/\/www.eldigitaldeasturias.com\/noticias\/asturias-apostara-por-el-emprendimiento-empresarial\/#authorImage","url":"https:\/\/secure.gravatar.com\/avatar\/df2aeffc32bcd13f8d26072ef8a91b623d677766deac7f97ca815868cd41bf5e?s=96&d=mm&r=g","width":96,"height":96,"caption":"El Digital de Asturias"}},{"@type":"WebPage","@id":"https:\/\/www.eldigitaldeasturias.com\/noticias\/asturias-apostara-por-el-emprendimiento-empresarial\/#webpage","url":"https:\/\/www.eldigitaldeasturias.com\/noticias\/asturias-apostara-por-el-emprendimiento-empresarial\/","name":"Asturias apostar\u00e1 por el emprendimiento empresarial - El Digital de Asturias","description":"El Gobierno del Principado movilizar\u00e1 30.425.000 euros en los tres pr\u00f3ximos a\u00f1os para impulsar el Programa de Emprendimiento de Asturias 2021-2023","inLanguage":"es-ES","isPartOf":{"@id":"https:\/\/www.eldigitaldeasturias.com\/noticias\/#website"},"breadcrumb":{"@id":"https:\/\/www.eldigitaldeasturias.com\/noticias\/asturias-apostara-por-el-emprendimiento-empresarial\/#breadcrumblist"},"author":{"@id":"https:\/\/www.eldigitaldeasturias.com\/noticias\/author\/admin\/#author"},"creator":{"@id":"https:\/\/www.eldigitaldeasturias.com\/noticias\/author\/admin\/#author"},"image":{"@type":"ImageObject","url":"https:\/\/www.eldigitaldeasturias.com\/noticias\/wp-content\/uploads\/2026\/06\/Contenidos.jpg","@id":"https:\/\/www.eldigitaldeasturias.com\/noticias\/asturias-apostara-por-el-emprendimiento-empresarial\/#mainImage","width":1265,"height":697,"caption":"Contenidos"},"primaryImageOfPage":{"@id":"https:\/\/www.eldigitaldeasturias.com\/noticias\/asturias-apostara-por-el-emprendimiento-empresarial\/#mainImage"},"datePublished":"2021-05-30T12:01:06+02:00","dateModified":"2021-05-30T12:01:06+02:00"},{"@type":"WebSite","@id":"https:\/\/www.eldigitaldeasturias.com\/noticias\/#website","url":"https:\/\/www.eldigitaldeasturias.com\/noticias\/","name":"El Digital de Asturias - Diario de actualidad y noticias","alternateName":"El Digital de Asturias - Diario de actualidad y noticias","description":"Hemeroteca","inLanguage":"es-ES","publisher":{"@id":"https:\/\/www.eldigitaldeasturias.com\/noticias\/#organization"}}]},"og:locale":"es_ES","og:site_name":"El Digital de Asturias","og:type":"article","og:title":"Asturias apostar\u00e1 por el emprendimiento empresarial - El Digital de Asturias","og:description":"El Gobierno del Principado movilizar\u00e1 30.425.000 euros en los tres pr\u00f3ximos a\u00f1os para impulsar el Programa de Emprendimiento de Asturias 2021-2023","og:url":"https:\/\/www.eldigitaldeasturias.com\/noticias\/asturias-apostara-por-el-emprendimiento-empresarial\/","og:image":"https:\/\/www.eldigitaldeasturias.com\/noticias\/wp-content\/uploads\/2026\/06\/Contenidos.jpg","og:image:secure_url":"https:\/\/www.eldigitaldeasturias.com\/noticias\/wp-content\/uploads\/2026\/06\/Contenidos.jpg","og:image:width":1265,"og:image:height":697,"article:tag":["asturias","emprendimiento","empresarial","innovaci\u00f3n asturias","actualidad asturias"],"article:published_time":"2021-05-30T11:01:06+00:00","article:modified_time":"2021-05-30T11:01:06+00:00","article:publisher":"https:\/\/facebook.com\/eldigitaldeasturias","twitter:card":"summary_large_image","twitter:title":"Asturias apostar\u00e1 por el emprendimiento empresarial - El Digital de Asturias","twitter:description":"El Gobierno del Principado movilizar\u00e1 30.425.000 euros en los tres pr\u00f3ximos a\u00f1os para impulsar el Programa de Emprendimiento de Asturias 2021-2023","twitter:image":"https:\/\/www.eldigitaldeasturias.com\/noticias\/wp-content\/uploads\/2026\/06\/Contenidos.jpg","twitter:label1":"Escrito por","twitter:data1":"El Digital de Asturias","twitter:label2":"Tiempo de lectura estimado","twitter:data2":"4 minutos"},"aioseo_meta_data":{"post_id":"1092728","title":null,"description":"El Gobierno del Principado movilizar\u00e1 30.425.000 euros en los tres pr\u00f3ximos a\u00f1os para impulsar el Programa de Emprendimiento de Asturias 2021-2023","keywords":[{"label":"Asturias","value":"Asturias"},{"label":" emprendimiento","value":" emprendimiento"},{"label":" empresarial","value":" empresarial"},{"label":" innovaci\u00f3n asturias","value":" innovaci\u00f3n asturias"}],"keyphrases":{"focus":{"keyphrase":"Asturias","score":100,"analysis":{"keyphraseInTitle":{"title":"Frase clave objetivo en el t\u00edtulo SEO","description":"Frase clave objetivo encontrada en el t\u00edtulo SEO.","score":9,"maxScore":9,"error":0},"keyphraseInDescription":{"title":"Frase clave objetivo en la meta descripci\u00f3n","description":"Frase clave objetivo encontrada en la meta descripci\u00f3n.","score":9,"maxScore":9,"error":0},"keyphraseInURL":[],"keyphraseInIntroduction":{"title":"Frase clave objetivo en la introducci\u00f3n","description":"Su Frase clave objetivo aparece en el primer p\u00e1rrafo. \u00a1Bien hecho!","score":9,"maxScore":9,"error":0},"keyphraseInSubHeadings":[],"keyphraseLength":{"title":"Longitud de la Frase clave objetivo","description":"\u00a1Buen trabajo!","score":9,"maxScore":9,"error":0,"length":1},"keyphraseInImageAlt":{"title":"Frase clave objetivo en los atributos alt de la imagen.","description":"Frase clave objetivo encontrada en los atributos alt de la(s) imagen(es).","score":9,"maxScore":9,"error":0}}},"additional":[{"keyphrase":"emprendimiento","score":100,"analysis":{"keyphraseInDescription":{"title":"Frase clave en la meta descripci\u00f3n","description":"Frase clave encontrada en la meta descripci\u00f3n.","score":9,"maxScore":9,"error":0},"keyphraseInIntroduction":{"title":"Frase clave en la introducci\u00f3n","description":"Su Frase clave aparece en el primer p\u00e1rrafo. \u00a1Bien hecho!","score":9,"maxScore":9,"error":0},"keyphraseInImageAlt":{"title":"Frase clave en los atributos alt de la imagen.","description":"Frase clave encontrada en los atributos alt de la(s) imagen(es).","score":9,"maxScore":9,"error":0},"keyphraseLength":{"title":"Longitud de la Frase clave","description":"\u00a1Buen trabajo!","score":9,"maxScore":9,"error":0,"length":1}}},{"keyphrase":"Principado","score":83,"analysis":{"keyphraseInDescription":{"title":"Frase clave en la meta descripci\u00f3n","description":"Frase clave encontrada en la meta descripci\u00f3n.","score":9,"maxScore":9,"error":0},"keyphraseInIntroduction":{"title":"Frase clave en la introducci\u00f3n","description":"Su Frase clave aparece en el primer p\u00e1rrafo. \u00a1Bien hecho!","score":9,"maxScore":9,"error":0},"keyphraseInImageAlt":{"title":"Frase clave en los atributos alt de la imagen.","description":"Frase clave no se encuentra en los atributos alt de la imagen. A\u00f1ada una imagen con su Frase clave como texto alternativo.","score":3,"maxScore":9,"error":1},"keyphraseLength":{"title":"Longitud de la Frase clave","description":"\u00a1Buen trabajo!","score":9,"maxScore":9,"error":0,"length":1}}}]},"primary_term":null,"canonical_url":null,"og_title":null,"og_description":null,"og_object_type":"default","og_image_type":"default","og_image_url":null,"og_image_width":null,"og_image_height":null,"og_image_custom_url":null,"og_image_custom_fields":null,"og_video":"","og_custom_url":null,"og_article_section":null,"og_article_tags":[],"twitter_use_og":false,"twitter_card":"default","twitter_image_type":"default","twitter_image_url":null,"twitter_image_custom_url":null,"twitter_image_custom_fields":null,"twitter_title":null,"twitter_description":null,"schema":{"blockGraphs":[],"customGraphs":[],"default":{"data":{"Article":[],"Course":[],"Dataset":[],"FAQPage":[],"Movie":[],"Person":[],"Product":[],"ProductReview":[],"Car":[],"Recipe":[],"Service":[],"SoftwareApplication":[],"WebPage":[]},"graphName":"","isEnabled":true},"graphs":[],"defaultGraph":"Article","defaultPostTypeGraph":""},"schema_type":"default","schema_type_options":"{\"article\":{\"articleType\":\"BlogPosting\"},\"course\":{\"name\":\"\",\"description\":\"\",\"provider\":\"\"},\"faq\":{\"pages\":[]},\"product\":{\"reviews\":[]},\"recipe\":{\"ingredients\":[],\"instructions\":[],\"keywords\":[]},\"software\":{\"reviews\":[],\"operatingSystems\":[]},\"webPage\":{\"webPageType\":\"WebPage\"}}","pillar_content":false,"robots_default":true,"robots_noindex":false,"robots_noarchive":false,"robots_nosnippet":false,"robots_nofollow":false,"robots_noimageindex":false,"robots_noodp":false,"robots_notranslate":false,"robots_max_snippet":"-1","robots_max_videopreview":"-1","robots_max_imagepreview":"large","priority":null,"frequency":"default","local_seo":{"locations":{"business":{"name":"","businessType":"","image":"","areaServed":"","urls":{"website":"","aboutPage":"","contactPage":""},"address":{"streetLine1":"","streetLine2":"","zipCode":"","city":"","state":"","country":"","addressFormat":"#streetLineOne\n#streetLineTwo\n#city, #state #zipCode"},"contact":{"email":"","phone":"","phoneFormatted":"","fax":"","faxFormatted":""},"ids":{"vat":"","tax":"","chamberOfCommerce":""},"payment":{"priceRange":"","currenciesAccepted":"","methods":""}}},"openingHours":{"useDefaults":true,"show":true,"alwaysOpen":false,"use24hFormat":false,"timezone":"","labels":{"closed":"","alwaysOpen":""},"days":{"monday":{"open24h":false,"closed":false,"openTime":"09:00","closeTime":"17:00"},"tuesday":{"open24h":false,"closed":false,"openTime":"09:00","closeTime":"17:00"},"wednesday":{"open24h":false,"closed":false,"openTime":"09:00","closeTime":"17:00"},"thursday":{"open24h":false,"closed":false,"openTime":"09:00","closeTime":"17:00"},"friday":{"open24h":false,"closed":false,"openTime":"09:00","closeTime":"17:00"},"saturday":{"open24h":false,"closed":false,"openTime":"09:00","closeTime":"17:00"},"sunday":{"open24h":false,"closed":false,"openTime":"09:00","closeTime":"17:00"}}}},"seo_analyzer_scan_date":"2026-07-18 08:02:24","breadcrumb_settings":null,"limit_modified_date":false,"open_ai":null,"ai":null,"created":"2021-05-30 10:55:24","updated":"2026-07-18 08:02:24","focus_keyword":"Asturias","additional_keywords":[{"word":"emprendimiento","score":100},{"word":"Principado","score":83}],"truseo_locale":null},"aioseo_breadcrumb":"<div class=\"aioseo-breadcrumbs\"><span class=\"aioseo-breadcrumb\">\n\t<a href=\"https:\/\/www.eldigitaldeasturias.com\/noticias\" title=\"Home\">Home<\/a>\n<\/span><span class=\"aioseo-breadcrumb-separator\">\u2013<\/span><span class=\"aioseo-breadcrumb\">\n\t<a href=\"https:\/\/www.eldigitaldeasturias.com\/noticias\/category\/actualidad-asturias\/\" title=\"Actualidad Asturias\">Actualidad Asturias<\/a>\n<\/span><span class=\"aioseo-breadcrumb-separator\">\u2013<\/span><span class=\"aioseo-breadcrumb\">\n\t<a href=\"https:\/\/www.eldigitaldeasturias.com\/noticias\/asturias-apostara-por-el-emprendimiento-empresarial\/\" title=\"Asturias apostar\u00e1 por el emprendimiento empresarial\">Asturias apostar\u00e1 por el emprendimiento empresarial<\/a>\n<\/span><\/div>","aioseo_breadcrumb_json":[{"label":"Home","link":"https:\/\/www.eldigitaldeasturias.com\/noticias"},{"label":"Actualidad Asturias","link":"https:\/\/www.eldigitaldeasturias.com\/noticias\/category\/actualidad-asturias\/"},{"label":"Asturias apostar\u00e1 por el emprendimiento empresarial","link":"https:\/\/www.eldigitaldeasturias.com\/noticias\/asturias-apostara-por-el-emprendimiento-empresarial\/"}],"_links":{"self":[{"href":"https:\/\/www.eldigitaldeasturias.com\/noticias\/wp-json\/wp\/v2\/posts\/1092728","targetHints":{"allow":["GET"]}}],"collection":[{"href":"https:\/\/www.eldigitaldeasturias.com\/noticias\/wp-json\/wp\/v2\/posts"}],"about":[{"href":"https:\/\/www.eldigitaldeasturias.com\/noticias\/wp-json\/wp\/v2\/types\/post"}],"author":[{"embeddable":true,"href":"https:\/\/www.eldigitaldeasturias.com\/noticias\/wp-json\/wp\/v2\/users\/1"}],"replies":[{"embeddable":true,"href":"https:\/\/www.eldigitaldeasturias.com\/noticias\/wp-json\/wp\/v2\/comments?post=1092728"}],"version-history":[{"count":0,"href":"https:\/\/www.eldigitaldeasturias.com\/noticias\/wp-json\/wp\/v2\/posts\/1092728\/revisions"}],"wp:featuredmedia":[{"embeddable":true,"href":"https:\/\/www.eldigitaldeasturias.com\/noticias\/wp-json\/wp\/v2\/media\/1132184"}],"wp:attachment":[{"href":"https:\/\/www.eldigitaldeasturias.com\/noticias\/wp-json\/wp\/v2\/media?parent=1092728"}],"wp:term":[{"taxonomy":"category","embeddable":true,"href":"https:\/\/www.eldigitaldeasturias.com\/noticias\/wp-json\/wp\/v2\/categories?post=1092728"},{"taxonomy":"post_tag","embeddable":true,"href":"https:\/\/www.eldigitaldeasturias.com\/noticias\/wp-json\/wp\/v2\/tags?post=1092728"}],"curies":[{"name":"wp","href":"https:\/\/api.w.org\/{rel}","templated":true}]}}