{"id":1092726,"date":"2021-05-30T11:05:30","date_gmt":"2021-05-30T10:05:30","guid":{"rendered":"https:\/\/www.eldigitaldeasturias.com\/noticias\/?p=1092726"},"modified":"2021-05-30T18:09:00","modified_gmt":"2021-05-30T17:09:00","slug":"asturias-tendra-menos-alumnos-de-3-de-anos-en-sus-aulas","status":"publish","type":"post","link":"https:\/\/www.eldigitaldeasturias.com\/noticias\/asturias-tendra-menos-alumnos-de-3-de-anos-en-sus-aulas\/","title":{"rendered":"Asturias tendr\u00e1 menos alumnos de 3 a\u00f1os en sus aulas"},"content":{"rendered":"<p><strong><img loading=\"lazy\" decoding=\"async\" class=\"alignleft size-medium wp-image-801268\" src=\"https:\/\/www.eldigitaldeasturias.com\/noticias\/wp-content\/uploads\/2015\/08\/aula-360x270.jpg\" alt=\"\" width=\"360\" height=\"270\" \/>La Consejer\u00eda asturiana de Educaci\u00f3n ha recibido 568 solicitudes menos de admisi\u00f3n para 1\u00ba de Infantil que el curso pasado<\/strong>. Las peticiones han ca\u00eddo de manera generalizada en los concejos m\u00e1s poblados, con la \u00fanica excepci\u00f3n de Siero, que registra un ligero repunte en el alumnado de 3 a\u00f1os que se incorporar\u00e1 en septiembre.<\/p>\n<p>As\u00ed se desprende de los datos recopilados despu\u00e9s de que el pasado 21 de mayo se cerrase el plazo de presentaci\u00f3n de solicitudes en el centro elegido en primera opci\u00f3n. No obstante, la cifra puede sufrir peque\u00f1as variaciones derivadas de traslados, nuevas incorporaciones o tramitaciones fuera de plazo<strong>. La Direcci\u00f3n General de Planificaci\u00f3n e Infraestructuras analizar\u00e1 las peticiones y seguir\u00e1 evaluando hasta septiembre las unidades necesarias<\/strong>.<\/p>\n<p>En total, se han registrado 5.382 solicitudes de ni\u00f1os y ni\u00f1as que el pr\u00f3ximo curso se incorporar\u00e1n al 1\u00ba curso de Educaci\u00f3n Infantil en los centros p\u00fablicos y privados-concertados del Principado. El a\u00f1o pasado la cifra ascend\u00eda a 5.950 y en 2019, a 6.363, lo que evidencia el descenso continuado por la ca\u00edda de la natalidad.<\/p>\n<p>Por concejos, Gij\u00f3n ha recibido un total de 1.439 peticiones, 134 menos que en 2020. Oviedo ha pasado de 1.450 a 1.250, y Avil\u00e9s, de 506 a 423. Por su parte, Siero ha anotado un ligero incremento, de 322 a 349.<\/p>\n<p><strong>La lista provisional de solicitudes admitidas y no admitidas en cada centro se publicar\u00e1 el 1 de junio<\/strong>. El periodo de alegaciones se ha establecido entre los d\u00edas 1 y 3 de junio y la lista definitiva se dar\u00e1 a conocer el 11. El listado de alumnado de Infantil y Primaria reasignado tras no conseguir plaza en el centro elegido en primera opci\u00f3n se publicar\u00e1 el 21 de junio. El de ESO y Bachillerato, el 2 de julio.<\/p>\n<p>La matr\u00edcula en centros de Infantil y Primaria podr\u00e1 formalizarse del 22 al 28 de junio. En el caso de ESO y 1\u00ba de Bachillerato, la horquilla de fechas abarca del 5 al 16 de julio. El alumnado de ESO y 1\u00ba de Bachillerato que no haya promocionado tras la evaluaci\u00f3n extraordinaria tiene de plazo entre el 1 y el 7 de septiembre.<\/p>\n","protected":false},"excerpt":{"rendered":"<p>La Consejer\u00eda asturiana de Educaci\u00f3n ha recibido 568 solicitudes menos de admisi\u00f3n para 1\u00ba de Infantil que el curso pasado. Las peticiones han ca\u00eddo de manera generalizada en los concejos m\u00e1s poblados, con la \u00fanica excepci\u00f3n de Siero, que registra un ligero repunte en el alumnado de 3 a\u00f1os que se incorporar\u00e1 en septiembre. As\u00ed [&hellip;]<\/p>\n","protected":false},"author":1,"featured_media":801268,"comment_status":"closed","ping_status":"closed","sticky":false,"template":"","format":"standard","meta":{"footnotes":""},"categories":[12],"tags":[],"class_list":["post-1092726","post","type-post","status-publish","format-standard","has-post-thumbnail","hentry","category-actualidad-asturias"],"aioseo_notices":[],"aioseo_head":"\n\t\t<!-- All in One SEO Pro 5.0.1 - aioseo.com -->\n\t<meta name=\"description\" content=\"La Consejer\u00eda asturiana de Educaci\u00f3n ha recibido 568 solicitudes menos de admisi\u00f3n para 1\u00ba de Infantil que el curso pasado. Las peticiones han ca\u00eddo ..\" \/>\n\t<meta name=\"robots\" content=\"max-image-preview:large\" \/>\n\t<meta name=\"author\" content=\"El Digital de Asturias\"\/>\n\t<meta name=\"google-site-verification\" content=\"UA-38556648-1\" \/>\n\t<meta name=\"msvalidate.01\" content=\"7dfe9f3f1b24437ab69f4f2559babe99\" \/>\n\t<meta name=\"keywords\" content=\"asturias,aulas,educaci\u00f3n,alumnos,sociedad asturias,actualidad asturias\" \/>\n\t<link rel=\"canonical\" href=\"https:\/\/www.eldigitaldeasturias.com\/noticias\/asturias-tendra-menos-alumnos-de-3-de-anos-en-sus-aulas\/\" \/>\n\t<meta name=\"generator\" content=\"All in One SEO Pro (AIOSEO) 5.0.1\" \/>\n\t\t<meta property=\"og:locale\" content=\"es_ES\" \/>\n\t\t<meta property=\"og:site_name\" content=\"El Digital de Asturias\" \/>\n\t\t<meta property=\"og:type\" content=\"article\" \/>\n\t\t<meta property=\"og:title\" content=\"Asturias tendr\u00e1 menos alumnos de 3 a\u00f1os en sus aulas - El Digital de Asturias\" \/>\n\t\t<meta property=\"og:description\" content=\"La Consejer\u00eda asturiana de Educaci\u00f3n ha recibido 568 solicitudes menos de admisi\u00f3n para 1\u00ba de Infantil que el curso pasado. Las peticiones han ca\u00eddo ..\" \/>\n\t\t<meta property=\"og:url\" content=\"https:\/\/www.eldigitaldeasturias.com\/noticias\/asturias-tendra-menos-alumnos-de-3-de-anos-en-sus-aulas\/\" \/>\n\t\t<meta property=\"article:tag\" content=\"asturias\" \/>\n\t\t<meta property=\"article:tag\" content=\"aulas\" \/>\n\t\t<meta property=\"article:tag\" content=\"educaci\u00f3n\" \/>\n\t\t<meta property=\"article:tag\" content=\"alumnos\" \/>\n\t\t<meta property=\"article:tag\" content=\"sociedad asturias\" \/>\n\t\t<meta property=\"article:tag\" content=\"actualidad asturias\" \/>\n\t\t<meta property=\"article:published_time\" content=\"2021-05-30T10:05:30+00:00\" \/>\n\t\t<meta property=\"article:modified_time\" content=\"2021-05-30T17:09:00+00:00\" \/>\n\t\t<meta property=\"article:publisher\" content=\"https:\/\/facebook.com\/eldigitaldeasturias\" \/>\n\t\t<meta name=\"twitter:card\" content=\"summary_large_image\" \/>\n\t\t<meta name=\"twitter:title\" content=\"Asturias tendr\u00e1 menos alumnos de 3 a\u00f1os en sus aulas - El Digital de Asturias\" \/>\n\t\t<meta name=\"twitter:description\" content=\"La Consejer\u00eda asturiana de Educaci\u00f3n ha recibido 568 solicitudes menos de admisi\u00f3n para 1\u00ba de Infantil que el curso pasado. Las peticiones han ca\u00eddo ..\" \/>\n\t\t<meta name=\"twitter:image\" content=\"https:\/\/www.eldigitaldeasturias.com\/noticias\/wp-content\/uploads\/2020\/12\/EDA-1.jpg\" \/>\n\t\t<meta name=\"twitter:label1\" content=\"Escrito por\" \/>\n\t\t<meta name=\"twitter:data1\" content=\"El Digital de Asturias\" \/>\n\t\t<meta name=\"twitter:label2\" content=\"Tiempo de lectura estimado\" \/>\n\t\t<meta name=\"twitter:data2\" content=\"2 minutos\" \/>\n\t\t<script type=\"application\/ld+json\" class=\"aioseo-schema\">\n\t\t\t{\"@context\":\"https:\\\/\\\/schema.org\",\"@graph\":[{\"@type\":\"BlogPosting\",\"@id\":\"https:\\\/\\\/www.eldigitaldeasturias.com\\\/noticias\\\/asturias-tendra-menos-alumnos-de-3-de-anos-en-sus-aulas\\\/#blogposting\",\"name\":\"Asturias tendr\\u00e1 menos alumnos de 3 a\\u00f1os en sus aulas - El Digital de Asturias\",\"headline\":\"Asturias tendr\\u00e1 menos alumnos de 3 a\\u00f1os en sus aulas\",\"author\":{\"@id\":\"https:\\\/\\\/www.eldigitaldeasturias.com\\\/noticias\\\/author\\\/admin\\\/#author\"},\"publisher\":{\"@id\":\"https:\\\/\\\/www.eldigitaldeasturias.com\\\/noticias\\\/#organization\"},\"image\":{\"@type\":\"ImageObject\",\"url\":801268},\"datePublished\":\"2021-05-30T11:05:30+02:00\",\"dateModified\":\"2021-05-30T18:09:00+02:00\",\"inLanguage\":\"es-ES\",\"mainEntityOfPage\":{\"@id\":\"https:\\\/\\\/www.eldigitaldeasturias.com\\\/noticias\\\/asturias-tendra-menos-alumnos-de-3-de-anos-en-sus-aulas\\\/#webpage\"},\"isPartOf\":{\"@id\":\"https:\\\/\\\/www.eldigitaldeasturias.com\\\/noticias\\\/asturias-tendra-menos-alumnos-de-3-de-anos-en-sus-aulas\\\/#webpage\"},\"articleSection\":\"Actualidad Asturias\"},{\"@type\":\"BreadcrumbList\",\"@id\":\"https:\\\/\\\/www.eldigitaldeasturias.com\\\/noticias\\\/asturias-tendra-menos-alumnos-de-3-de-anos-en-sus-aulas\\\/#breadcrumblist\",\"itemListElement\":[{\"@type\":\"ListItem\",\"@id\":\"https:\\\/\\\/www.eldigitaldeasturias.com\\\/noticias#listItem\",\"position\":1,\"name\":\"Home\",\"item\":\"https:\\\/\\\/www.eldigitaldeasturias.com\\\/noticias\",\"nextItem\":{\"@type\":\"ListItem\",\"@id\":\"https:\\\/\\\/www.eldigitaldeasturias.com\\\/noticias\\\/category\\\/actualidad-asturias\\\/#listItem\",\"name\":\"Actualidad Asturias\"}},{\"@type\":\"ListItem\",\"@id\":\"https:\\\/\\\/www.eldigitaldeasturias.com\\\/noticias\\\/category\\\/actualidad-asturias\\\/#listItem\",\"position\":2,\"name\":\"Actualidad Asturias\",\"item\":\"https:\\\/\\\/www.eldigitaldeasturias.com\\\/noticias\\\/category\\\/actualidad-asturias\\\/\",\"nextItem\":{\"@type\":\"ListItem\",\"@id\":\"https:\\\/\\\/www.eldigitaldeasturias.com\\\/noticias\\\/asturias-tendra-menos-alumnos-de-3-de-anos-en-sus-aulas\\\/#listItem\",\"name\":\"Asturias tendr\\u00e1 menos alumnos de 3 a\\u00f1os en sus aulas\"},\"previousItem\":{\"@type\":\"ListItem\",\"@id\":\"https:\\\/\\\/www.eldigitaldeasturias.com\\\/noticias#listItem\",\"name\":\"Home\"}},{\"@type\":\"ListItem\",\"@id\":\"https:\\\/\\\/www.eldigitaldeasturias.com\\\/noticias\\\/asturias-tendra-menos-alumnos-de-3-de-anos-en-sus-aulas\\\/#listItem\",\"position\":3,\"name\":\"Asturias tendr\\u00e1 menos alumnos de 3 a\\u00f1os en sus aulas\",\"previousItem\":{\"@type\":\"ListItem\",\"@id\":\"https:\\\/\\\/www.eldigitaldeasturias.com\\\/noticias\\\/category\\\/actualidad-asturias\\\/#listItem\",\"name\":\"Actualidad Asturias\"}}]},{\"@type\":\"Organization\",\"@id\":\"https:\\\/\\\/www.eldigitaldeasturias.com\\\/noticias\\\/#organization\",\"name\":\"El Digital de Asturias\",\"description\":\"Hemeroteca\",\"url\":\"https:\\\/\\\/www.eldigitaldeasturias.com\\\/noticias\\\/\",\"email\":\"info@eldigitaldeasturias.com\",\"telephone\":\"+34652131393\",\"logo\":{\"@type\":\"ImageObject\",\"url\":\"https:\\\/\\\/www.eldigitaldeasturias.com\\\/noticias\\\/wp-content\\\/uploads\\\/2020\\\/12\\\/EDA.jpg\",\"@id\":\"https:\\\/\\\/www.eldigitaldeasturias.com\\\/noticias\\\/asturias-tendra-menos-alumnos-de-3-de-anos-en-sus-aulas\\\/#organizationLogo\"},\"image\":{\"@id\":\"https:\\\/\\\/www.eldigitaldeasturias.com\\\/noticias\\\/asturias-tendra-menos-alumnos-de-3-de-anos-en-sus-aulas\\\/#organizationLogo\"},\"sameAs\":[\"https:\\\/\\\/facebook.com\\\/eldigitaldeasturias\",\"https:\\\/\\\/www.youtube.com\\\/channel\\\/UCZP-2wLEB9Rv6erhFmqVnvg\"],\"address\":{\"@id\":\"https:\\\/\\\/www.eldigitaldeasturias.com\\\/noticias\\\/#postaladdress\",\"@type\":\"PostalAddress\",\"streetAddress\":\"san antonio 4\",\"postalCode\":\"33430\",\"addressLocality\":\"Cand\\u00e1s\",\"addressRegion\":\"Asturias\",\"addressCountry\":\"ES\"}},{\"@type\":\"Person\",\"@id\":\"https:\\\/\\\/www.eldigitaldeasturias.com\\\/noticias\\\/author\\\/admin\\\/#author\",\"url\":\"https:\\\/\\\/www.eldigitaldeasturias.com\\\/noticias\\\/author\\\/admin\\\/\",\"name\":\"El Digital de Asturias\",\"image\":{\"@type\":\"ImageObject\",\"@id\":\"https:\\\/\\\/www.eldigitaldeasturias.com\\\/noticias\\\/asturias-tendra-menos-alumnos-de-3-de-anos-en-sus-aulas\\\/#authorImage\",\"url\":\"https:\\\/\\\/secure.gravatar.com\\\/avatar\\\/df2aeffc32bcd13f8d26072ef8a91b623d677766deac7f97ca815868cd41bf5e?s=96&d=mm&r=g\",\"width\":96,\"height\":96,\"caption\":\"El Digital de Asturias\"}},{\"@type\":\"WebPage\",\"@id\":\"https:\\\/\\\/www.eldigitaldeasturias.com\\\/noticias\\\/asturias-tendra-menos-alumnos-de-3-de-anos-en-sus-aulas\\\/#webpage\",\"url\":\"https:\\\/\\\/www.eldigitaldeasturias.com\\\/noticias\\\/asturias-tendra-menos-alumnos-de-3-de-anos-en-sus-aulas\\\/\",\"name\":\"Asturias tendr\\u00e1 menos alumnos de 3 a\\u00f1os en sus aulas - El Digital de Asturias\",\"description\":\"La Consejer\\u00eda asturiana de Educaci\\u00f3n ha recibido 568 solicitudes menos de admisi\\u00f3n para 1\\u00ba de Infantil que el curso pasado. Las peticiones han ca\\u00eddo ..\",\"inLanguage\":\"es-ES\",\"isPartOf\":{\"@id\":\"https:\\\/\\\/www.eldigitaldeasturias.com\\\/noticias\\\/#website\"},\"breadcrumb\":{\"@id\":\"https:\\\/\\\/www.eldigitaldeasturias.com\\\/noticias\\\/asturias-tendra-menos-alumnos-de-3-de-anos-en-sus-aulas\\\/#breadcrumblist\"},\"author\":{\"@id\":\"https:\\\/\\\/www.eldigitaldeasturias.com\\\/noticias\\\/author\\\/admin\\\/#author\"},\"creator\":{\"@id\":\"https:\\\/\\\/www.eldigitaldeasturias.com\\\/noticias\\\/author\\\/admin\\\/#author\"},\"image\":{\"@type\":\"ImageObject\",\"url\":801268,\"@id\":\"https:\\\/\\\/www.eldigitaldeasturias.com\\\/noticias\\\/asturias-tendra-menos-alumnos-de-3-de-anos-en-sus-aulas\\\/#mainImage\"},\"primaryImageOfPage\":{\"@id\":\"https:\\\/\\\/www.eldigitaldeasturias.com\\\/noticias\\\/asturias-tendra-menos-alumnos-de-3-de-anos-en-sus-aulas\\\/#mainImage\"},\"datePublished\":\"2021-05-30T11:05:30+02:00\",\"dateModified\":\"2021-05-30T18:09:00+02:00\"},{\"@type\":\"WebSite\",\"@id\":\"https:\\\/\\\/www.eldigitaldeasturias.com\\\/noticias\\\/#website\",\"url\":\"https:\\\/\\\/www.eldigitaldeasturias.com\\\/noticias\\\/\",\"name\":\"El Digital de Asturias - Diario de actualidad y noticias\",\"alternateName\":\"El Digital de Asturias - Diario de actualidad y noticias\",\"description\":\"Hemeroteca\",\"inLanguage\":\"es-ES\",\"publisher\":{\"@id\":\"https:\\\/\\\/www.eldigitaldeasturias.com\\\/noticias\\\/#organization\"}}]}\n\t\t<\/script>\n\t\t<!-- All in One SEO Pro -->\r\n\t\t<title>Asturias tendr\u00e1 menos alumnos de 3 a\u00f1os en sus aulas - El Digital de Asturias<\/title>\n\n","aioseo_head_json":{"title":"Asturias tendr\u00e1 menos alumnos de 3 a\u00f1os en sus aulas - El Digital de Asturias","description":"La Consejer\u00eda asturiana de Educaci\u00f3n ha recibido 568 solicitudes menos de admisi\u00f3n para 1\u00ba de Infantil que el curso pasado. Las peticiones han ca\u00eddo ..","canonical_url":"https:\/\/www.eldigitaldeasturias.com\/noticias\/asturias-tendra-menos-alumnos-de-3-de-anos-en-sus-aulas\/","robots":"max-image-preview:large","keywords":"asturias,aulas,educaci\u00f3n,alumnos,sociedad asturias,actualidad asturias","webmasterTools":{"google-site-verification":"UA-38556648-1","msvalidate.01":"7dfe9f3f1b24437ab69f4f2559babe99","miscellaneous":""},"schema":{"@context":"https:\/\/schema.org","@graph":[{"@type":"BlogPosting","@id":"https:\/\/www.eldigitaldeasturias.com\/noticias\/asturias-tendra-menos-alumnos-de-3-de-anos-en-sus-aulas\/#blogposting","name":"Asturias tendr\u00e1 menos alumnos de 3 a\u00f1os en sus aulas - El Digital de Asturias","headline":"Asturias tendr\u00e1 menos alumnos de 3 a\u00f1os en sus aulas","author":{"@id":"https:\/\/www.eldigitaldeasturias.com\/noticias\/author\/admin\/#author"},"publisher":{"@id":"https:\/\/www.eldigitaldeasturias.com\/noticias\/#organization"},"image":{"@type":"ImageObject","url":801268},"datePublished":"2021-05-30T11:05:30+02:00","dateModified":"2021-05-30T18:09:00+02:00","inLanguage":"es-ES","mainEntityOfPage":{"@id":"https:\/\/www.eldigitaldeasturias.com\/noticias\/asturias-tendra-menos-alumnos-de-3-de-anos-en-sus-aulas\/#webpage"},"isPartOf":{"@id":"https:\/\/www.eldigitaldeasturias.com\/noticias\/asturias-tendra-menos-alumnos-de-3-de-anos-en-sus-aulas\/#webpage"},"articleSection":"Actualidad Asturias"},{"@type":"BreadcrumbList","@id":"https:\/\/www.eldigitaldeasturias.com\/noticias\/asturias-tendra-menos-alumnos-de-3-de-anos-en-sus-aulas\/#breadcrumblist","itemListElement":[{"@type":"ListItem","@id":"https:\/\/www.eldigitaldeasturias.com\/noticias#listItem","position":1,"name":"Home","item":"https:\/\/www.eldigitaldeasturias.com\/noticias","nextItem":{"@type":"ListItem","@id":"https:\/\/www.eldigitaldeasturias.com\/noticias\/category\/actualidad-asturias\/#listItem","name":"Actualidad Asturias"}},{"@type":"ListItem","@id":"https:\/\/www.eldigitaldeasturias.com\/noticias\/category\/actualidad-asturias\/#listItem","position":2,"name":"Actualidad Asturias","item":"https:\/\/www.eldigitaldeasturias.com\/noticias\/category\/actualidad-asturias\/","nextItem":{"@type":"ListItem","@id":"https:\/\/www.eldigitaldeasturias.com\/noticias\/asturias-tendra-menos-alumnos-de-3-de-anos-en-sus-aulas\/#listItem","name":"Asturias tendr\u00e1 menos alumnos de 3 a\u00f1os en sus aulas"},"previousItem":{"@type":"ListItem","@id":"https:\/\/www.eldigitaldeasturias.com\/noticias#listItem","name":"Home"}},{"@type":"ListItem","@id":"https:\/\/www.eldigitaldeasturias.com\/noticias\/asturias-tendra-menos-alumnos-de-3-de-anos-en-sus-aulas\/#listItem","position":3,"name":"Asturias tendr\u00e1 menos alumnos de 3 a\u00f1os en sus aulas","previousItem":{"@type":"ListItem","@id":"https:\/\/www.eldigitaldeasturias.com\/noticias\/category\/actualidad-asturias\/#listItem","name":"Actualidad Asturias"}}]},{"@type":"Organization","@id":"https:\/\/www.eldigitaldeasturias.com\/noticias\/#organization","name":"El Digital de Asturias","description":"Hemeroteca","url":"https:\/\/www.eldigitaldeasturias.com\/noticias\/","email":"info@eldigitaldeasturias.com","telephone":"+34652131393","logo":{"@type":"ImageObject","url":"https:\/\/www.eldigitaldeasturias.com\/noticias\/wp-content\/uploads\/2020\/12\/EDA.jpg","@id":"https:\/\/www.eldigitaldeasturias.com\/noticias\/asturias-tendra-menos-alumnos-de-3-de-anos-en-sus-aulas\/#organizationLogo"},"image":{"@id":"https:\/\/www.eldigitaldeasturias.com\/noticias\/asturias-tendra-menos-alumnos-de-3-de-anos-en-sus-aulas\/#organizationLogo"},"sameAs":["https:\/\/facebook.com\/eldigitaldeasturias","https:\/\/www.youtube.com\/channel\/UCZP-2wLEB9Rv6erhFmqVnvg"],"address":{"@id":"https:\/\/www.eldigitaldeasturias.com\/noticias\/#postaladdress","@type":"PostalAddress","streetAddress":"san antonio 4","postalCode":"33430","addressLocality":"Cand\u00e1s","addressRegion":"Asturias","addressCountry":"ES"}},{"@type":"Person","@id":"https:\/\/www.eldigitaldeasturias.com\/noticias\/author\/admin\/#author","url":"https:\/\/www.eldigitaldeasturias.com\/noticias\/author\/admin\/","name":"El Digital de Asturias","image":{"@type":"ImageObject","@id":"https:\/\/www.eldigitaldeasturias.com\/noticias\/asturias-tendra-menos-alumnos-de-3-de-anos-en-sus-aulas\/#authorImage","url":"https:\/\/secure.gravatar.com\/avatar\/df2aeffc32bcd13f8d26072ef8a91b623d677766deac7f97ca815868cd41bf5e?s=96&d=mm&r=g","width":96,"height":96,"caption":"El Digital de Asturias"}},{"@type":"WebPage","@id":"https:\/\/www.eldigitaldeasturias.com\/noticias\/asturias-tendra-menos-alumnos-de-3-de-anos-en-sus-aulas\/#webpage","url":"https:\/\/www.eldigitaldeasturias.com\/noticias\/asturias-tendra-menos-alumnos-de-3-de-anos-en-sus-aulas\/","name":"Asturias tendr\u00e1 menos alumnos de 3 a\u00f1os en sus aulas - El Digital de Asturias","description":"La Consejer\u00eda asturiana de Educaci\u00f3n ha recibido 568 solicitudes menos de admisi\u00f3n para 1\u00ba de Infantil que el curso pasado. Las peticiones han ca\u00eddo ..","inLanguage":"es-ES","isPartOf":{"@id":"https:\/\/www.eldigitaldeasturias.com\/noticias\/#website"},"breadcrumb":{"@id":"https:\/\/www.eldigitaldeasturias.com\/noticias\/asturias-tendra-menos-alumnos-de-3-de-anos-en-sus-aulas\/#breadcrumblist"},"author":{"@id":"https:\/\/www.eldigitaldeasturias.com\/noticias\/author\/admin\/#author"},"creator":{"@id":"https:\/\/www.eldigitaldeasturias.com\/noticias\/author\/admin\/#author"},"image":{"@type":"ImageObject","url":801268,"@id":"https:\/\/www.eldigitaldeasturias.com\/noticias\/asturias-tendra-menos-alumnos-de-3-de-anos-en-sus-aulas\/#mainImage"},"primaryImageOfPage":{"@id":"https:\/\/www.eldigitaldeasturias.com\/noticias\/asturias-tendra-menos-alumnos-de-3-de-anos-en-sus-aulas\/#mainImage"},"datePublished":"2021-05-30T11:05:30+02:00","dateModified":"2021-05-30T18:09:00+02:00"},{"@type":"WebSite","@id":"https:\/\/www.eldigitaldeasturias.com\/noticias\/#website","url":"https:\/\/www.eldigitaldeasturias.com\/noticias\/","name":"El Digital de Asturias - Diario de actualidad y noticias","alternateName":"El Digital de Asturias - Diario de actualidad y noticias","description":"Hemeroteca","inLanguage":"es-ES","publisher":{"@id":"https:\/\/www.eldigitaldeasturias.com\/noticias\/#organization"}}]},"og:locale":"es_ES","og:site_name":"El Digital de Asturias","og:type":"article","og:title":"Asturias tendr\u00e1 menos alumnos de 3 a\u00f1os en sus aulas - El Digital de Asturias","og:description":"La Consejer\u00eda asturiana de Educaci\u00f3n ha recibido 568 solicitudes menos de admisi\u00f3n para 1\u00ba de Infantil que el curso pasado. Las peticiones han ca\u00eddo ..","og:url":"https:\/\/www.eldigitaldeasturias.com\/noticias\/asturias-tendra-menos-alumnos-de-3-de-anos-en-sus-aulas\/","article:tag":["asturias","aulas","educaci\u00f3n","alumnos","sociedad asturias","actualidad asturias"],"article:published_time":"2021-05-30T10:05:30+00:00","article:modified_time":"2021-05-30T17:09:00+00:00","article:publisher":"https:\/\/facebook.com\/eldigitaldeasturias","twitter:card":"summary_large_image","twitter:title":"Asturias tendr\u00e1 menos alumnos de 3 a\u00f1os en sus aulas - El Digital de Asturias","twitter:description":"La Consejer\u00eda asturiana de Educaci\u00f3n ha recibido 568 solicitudes menos de admisi\u00f3n para 1\u00ba de Infantil que el curso pasado. Las peticiones han ca\u00eddo ..","twitter:image":"https:\/\/www.eldigitaldeasturias.com\/noticias\/wp-content\/uploads\/2020\/12\/EDA-1.jpg","twitter:label1":"Escrito por","twitter:data1":"El Digital de Asturias","twitter:label2":"Tiempo de lectura estimado","twitter:data2":"2 minutos"},"aioseo_meta_data":{"post_id":"1092726","title":null,"description":"La Consejer\u00eda asturiana de Educaci\u00f3n ha recibido 568 solicitudes menos de admisi\u00f3n para 1\u00ba de Infantil que el curso pasado. Las peticiones han ca\u00eddo ..","keywords":[{"label":"Asturias","value":"Asturias"},{"label":" aulas","value":" aulas"},{"label":" educaci\u00f3n","value":" educaci\u00f3n"},{"label":" alumnos","value":" alumnos"},{"label":" sociedad Asturias","value":" sociedad Asturias"}],"keyphrases":{"focus":{"keyphrase":"Asturias","score":64,"analysis":{"keyphraseInTitle":{"title":"Frase clave objetivo en el t\u00edtulo SEO","description":"Frase clave objetivo encontrada en el t\u00edtulo SEO.","score":9,"maxScore":9,"error":0},"keyphraseInDescription":{"title":"Frase clave objetivo en la meta descripci\u00f3n","description":"Frase clave objetivo no se encuentra en la meta descripci\u00f3n.","score":3,"maxScore":9,"error":1},"keyphraseInURL":{"title":"Frase clave objetivo en la URL","description":"Frase clave objetivo usada en la URL.","score":5,"maxScore":5,"error":0},"keyphraseInIntroduction":{"title":"Frase clave objetivo en la introducci\u00f3n","description":"Su Frase clave objetivo no aparece en el primer p\u00e1rrafo. Aseg\u00farese de que el tema est\u00e9 claro de inmediato.","score":3,"maxScore":9,"error":1},"keyphraseInSubHeadings":[],"keyphraseLength":{"title":"Longitud de la Frase clave objetivo","description":"\u00a1Buen trabajo!","score":9,"maxScore":9,"error":0,"length":1},"keyphraseInImageAlt":{"title":"Frase clave objetivo en los atributos alt de la imagen.","description":"Frase clave objetivo no se encuentra en los atributos alt de la imagen. A\u00f1ada una imagen con su Frase clave objetivo como texto alternativo.","score":3,"maxScore":9,"error":1}}},"additional":[]},"primary_term":null,"canonical_url":null,"og_title":null,"og_description":null,"og_object_type":"default","og_image_type":"default","og_image_url":null,"og_image_width":null,"og_image_height":null,"og_image_custom_url":null,"og_image_custom_fields":null,"og_video":"","og_custom_url":null,"og_article_section":null,"og_article_tags":[],"twitter_use_og":false,"twitter_card":"default","twitter_image_type":"default","twitter_image_url":null,"twitter_image_custom_url":null,"twitter_image_custom_fields":null,"twitter_title":null,"twitter_description":null,"schema":{"blockGraphs":[],"customGraphs":[],"default":{"data":{"Article":[],"Course":[],"Dataset":[],"FAQPage":[],"Movie":[],"Person":[],"Product":[],"ProductReview":[],"Car":[],"Recipe":[],"Service":[],"SoftwareApplication":[],"WebPage":[]},"graphName":"","isEnabled":true},"graphs":[],"defaultGraph":"Article","defaultPostTypeGraph":""},"schema_type":"default","schema_type_options":"{\"article\":{\"articleType\":\"BlogPosting\"},\"course\":{\"name\":\"\",\"description\":\"\",\"provider\":\"\"},\"faq\":{\"pages\":[]},\"product\":{\"reviews\":[]},\"recipe\":{\"ingredients\":[],\"instructions\":[],\"keywords\":[]},\"software\":{\"reviews\":[],\"operatingSystems\":[]},\"webPage\":{\"webPageType\":\"WebPage\"}}","pillar_content":false,"robots_default":true,"robots_noindex":false,"robots_noarchive":false,"robots_nosnippet":false,"robots_nofollow":false,"robots_noimageindex":false,"robots_noodp":false,"robots_notranslate":false,"robots_max_snippet":"-1","robots_max_videopreview":"-1","robots_max_imagepreview":"large","priority":null,"frequency":"default","local_seo":{"locations":{"business":{"name":"","businessType":"","image":"","areaServed":"","urls":{"website":"","aboutPage":"","contactPage":""},"address":{"streetLine1":"","streetLine2":"","zipCode":"","city":"","state":"","country":"","addressFormat":"#streetLineOne\n#streetLineTwo\n#city, #state #zipCode"},"contact":{"email":"","phone":"","phoneFormatted":"","fax":"","faxFormatted":""},"ids":{"vat":"","tax":"","chamberOfCommerce":""},"payment":{"priceRange":"","currenciesAccepted":"","methods":""}}},"openingHours":{"useDefaults":true,"show":true,"alwaysOpen":false,"use24hFormat":false,"timezone":"","labels":{"closed":"","alwaysOpen":""},"days":{"monday":{"open24h":false,"closed":false,"openTime":"09:00","closeTime":"17:00"},"tuesday":{"open24h":false,"closed":false,"openTime":"09:00","closeTime":"17:00"},"wednesday":{"open24h":false,"closed":false,"openTime":"09:00","closeTime":"17:00"},"thursday":{"open24h":false,"closed":false,"openTime":"09:00","closeTime":"17:00"},"friday":{"open24h":false,"closed":false,"openTime":"09:00","closeTime":"17:00"},"saturday":{"open24h":false,"closed":false,"openTime":"09:00","closeTime":"17:00"},"sunday":{"open24h":false,"closed":false,"openTime":"09:00","closeTime":"17:00"}}}},"seo_analyzer_scan_date":"2026-07-18 08:01:50","breadcrumb_settings":null,"limit_modified_date":false,"open_ai":null,"ai":null,"created":"2021-05-30 09:59:41","updated":"2026-07-18 08:01:50","focus_keyword":"Asturias","additional_keywords":null,"truseo_locale":null},"aioseo_breadcrumb":"<div class=\"aioseo-breadcrumbs\"><span class=\"aioseo-breadcrumb\">\n\t<a href=\"https:\/\/www.eldigitaldeasturias.com\/noticias\" title=\"Home\">Home<\/a>\n<\/span><span class=\"aioseo-breadcrumb-separator\">\u2013<\/span><span class=\"aioseo-breadcrumb\">\n\t<a href=\"https:\/\/www.eldigitaldeasturias.com\/noticias\/category\/actualidad-asturias\/\" title=\"Actualidad Asturias\">Actualidad Asturias<\/a>\n<\/span><span class=\"aioseo-breadcrumb-separator\">\u2013<\/span><span class=\"aioseo-breadcrumb\">\n\t<a href=\"https:\/\/www.eldigitaldeasturias.com\/noticias\/asturias-tendra-menos-alumnos-de-3-de-anos-en-sus-aulas\/\" title=\"Asturias tendr\u00e1 menos alumnos de 3 a\u00f1os en sus aulas\">Asturias tendr\u00e1 menos alumnos de 3 a\u00f1os en sus aulas<\/a>\n<\/span><\/div>","aioseo_breadcrumb_json":[{"label":"Home","link":"https:\/\/www.eldigitaldeasturias.com\/noticias"},{"label":"Actualidad Asturias","link":"https:\/\/www.eldigitaldeasturias.com\/noticias\/category\/actualidad-asturias\/"},{"label":"Asturias tendr\u00e1 menos alumnos de 3 a\u00f1os en sus aulas","link":"https:\/\/www.eldigitaldeasturias.com\/noticias\/asturias-tendra-menos-alumnos-de-3-de-anos-en-sus-aulas\/"}],"_links":{"self":[{"href":"https:\/\/www.eldigitaldeasturias.com\/noticias\/wp-json\/wp\/v2\/posts\/1092726","targetHints":{"allow":["GET"]}}],"collection":[{"href":"https:\/\/www.eldigitaldeasturias.com\/noticias\/wp-json\/wp\/v2\/posts"}],"about":[{"href":"https:\/\/www.eldigitaldeasturias.com\/noticias\/wp-json\/wp\/v2\/types\/post"}],"author":[{"embeddable":true,"href":"https:\/\/www.eldigitaldeasturias.com\/noticias\/wp-json\/wp\/v2\/users\/1"}],"replies":[{"embeddable":true,"href":"https:\/\/www.eldigitaldeasturias.com\/noticias\/wp-json\/wp\/v2\/comments?post=1092726"}],"version-history":[{"count":0,"href":"https:\/\/www.eldigitaldeasturias.com\/noticias\/wp-json\/wp\/v2\/posts\/1092726\/revisions"}],"wp:attachment":[{"href":"https:\/\/www.eldigitaldeasturias.com\/noticias\/wp-json\/wp\/v2\/media?parent=1092726"}],"wp:term":[{"taxonomy":"category","embeddable":true,"href":"https:\/\/www.eldigitaldeasturias.com\/noticias\/wp-json\/wp\/v2\/categories?post=1092726"},{"taxonomy":"post_tag","embeddable":true,"href":"https:\/\/www.eldigitaldeasturias.com\/noticias\/wp-json\/wp\/v2\/tags?post=1092726"}],"curies":[{"name":"wp","href":"https:\/\/api.w.org\/{rel}","templated":true}]}}