{"id":1092723,"date":"2021-05-30T10:56:11","date_gmt":"2021-05-30T09:56:11","guid":{"rendered":"https:\/\/www.eldigitaldeasturias.com\/noticias\/?p=1092723"},"modified":"2021-05-30T10:56:11","modified_gmt":"2021-05-30T09:56:11","slug":"dia-mundial-sin-tabaco-en-cangas-del-narcea","status":"publish","type":"post","link":"https:\/\/www.eldigitaldeasturias.com\/noticias\/dia-mundial-sin-tabaco-en-cangas-del-narcea\/","title":{"rendered":"D\u00eda Mundial Sin Tabaco en Cangas del Narcea"},"content":{"rendered":"<p><img loading=\"lazy\" decoding=\"async\" class=\"alignleft size-medium wp-image-1092724\" src=\"https:\/\/www.eldigitaldeasturias.com\/noticias\/wp-content\/uploads\/2021\/05\/tabaco-360x240.jpg\" alt=\"\" width=\"360\" height=\"240\" \/>El Ayuntamiento asturiano de Cangas del Narcea, a trav\u00e9s de la concejal\u00eda de Salud P\u00fablica, celebrar\u00e1 este lunes 31 de mayo el D\u00eda Mundial Sin Tabaco, una conmemoraci\u00f3n que parti\u00f3 de la Organizaci\u00f3n Mundial de la Salud (OMS) con el objetivo de informar y concienciar sobre los efectos nocivos y letales del consumo de tabaco y la exposici\u00f3n pasiva al humo del tabaco.<\/p>\n<p>\u201cDesde el Plan Municipal de Drogas de este Ayuntamiento pretendemos fomentar h\u00e1bitos saludables, educando a los j\u00f3venes para que conozcan los da\u00f1os que causa el tabaco\u201d, ha explicado la edil de Salud P\u00fablica, Carmen L\u00f3pez, quien detall\u00f3 que con las actividades planteadas, \u201cpretendemos que los menores est\u00e9n libres de humos y puedan crecer en entornos saludables\u201d.<\/p>\n<p>Entre las actividades propuestas, el alumnado ha dibujado como se imaginan un mundo sin el humo del tabaco. Un ejercicio de creatividad que sin duda les har\u00e1 reflexionar sobre lo perjudicial del humo y que se ha complementado en las aulas con la lectura de uno de los cuatro cuentos que se facilitan desde el propio Plan Municipal de Drogas. Se trata de \u2018La suerte de Rita\u2019, \u2018La subasta infantil\u2019, \u2018A la luz del sol\u2019 y \u2018El vuelo de la tar\u00e1ntula\u2019. Unos libros que adjuntan material complementario que permitir\u00e1 al alumnado aprender todos los perjuicios del tabaco y los beneficios que ser\u00eda vivir en un mundo sin humo.<\/p>\n<p>Los trabajos que desarrollen los peque\u00f1os se han colocado en diferentes puntos del centro educativo y se pueden ver en las redes sociales municipales, donde adem\u00e1s se ha propuesto buscar en una sopa de letras los efectos de consumir y no consumir tabaco, as\u00ed como las sustancias que producen dichos efectos.<\/p>\n<h2>Asturias Sin Humo<\/h2>\n<p>El Ayuntamiento de Cangas de Narcea se ha sumado a la campa\u00f1a #AsturiasSinHumo, una campa\u00f1a de prevenci\u00f3n impulsada por la Asociaci\u00f3n Espa\u00f1ola Contra el C\u00e1ncer en Asturias (AECC Asturias) que quiere convertir al Principado en la primera comunidad libre de tabaco en Espa\u00f1a. \u201cEs fundamental concienciar de lo da\u00f1ino que puede resultar el tabaco y por eso queremos hacer hincapi\u00e9 en que se respeten aquellos espacios libres de humo como parques infantiles, terrazas, edificios municipales o entornos de centros sanitarios y educativos\u201d, ha explicado L\u00f3pez, quien anim\u00f3 a los cangueses a proponer lugares p\u00fablicos para que est\u00e9n libres de humo.<\/p>\n<p>Seg\u00fan el Instituto Nacional de Estad\u00edstica, el Principado de Asturias es la segunda comunidad aut\u00f3noma con mayor n\u00famero de fumadores activos y fumadores pasivos: dos de cada cinco asturianos fuman a diario y, de estos, 72.400 fuma m\u00e1s de 20 cigarros al d\u00eda y 60.300, entre 10 y 19. Una adicci\u00f3n que repercute tambi\u00e9n sobre otros: 31.300 asturianos est\u00e1n expuestos al humo del tabaco m\u00e1s de 5 horas al d\u00eda y 21.200, entre 1 y 5 horas diarias.<\/p>\n<p>Ante esta situaci\u00f3n, la Asociaci\u00f3n Espa\u00f1ola Contra el C\u00e1ncer en Asturias ha lanzado \u2018Asturias Sin Humo\u2019, una campa\u00f1a de prevenci\u00f3n y concienciaci\u00f3n que busca ampliar los espacios sin humo por toda la regi\u00f3n, frenar la incidencia del tabaquismo, especialmente entre los j\u00f3venes, y contribuir, de esta forma, a cambiar la percepci\u00f3n hacia el consumo de tabaco y proteger la salud de las personas y del medio ambiente.<\/p>\n<p>&nbsp;<\/p>\n<p>&nbsp;<\/p>\n","protected":false},"excerpt":{"rendered":"<p>El Ayuntamiento asturiano de Cangas del Narcea, a trav\u00e9s de la concejal\u00eda de Salud P\u00fablica, celebrar\u00e1 este lunes 31 de mayo el D\u00eda Mundial Sin Tabaco, una conmemoraci\u00f3n que parti\u00f3 de la Organizaci\u00f3n Mundial de la Salud (OMS) con el objetivo de informar y concienciar sobre los efectos nocivos y letales del consumo de tabaco [&hellip;]<\/p>\n","protected":false},"author":1,"featured_media":1132184,"comment_status":"closed","ping_status":"closed","sticky":false,"template":"","format":"standard","meta":{"footnotes":""},"categories":[12],"tags":[],"class_list":["post-1092723","post","type-post","status-publish","format-standard","has-post-thumbnail","hentry","category-actualidad-asturias"],"aioseo_notices":[],"aioseo_head":"\n\t\t<!-- All in One SEO Pro 5.0.1 - aioseo.com -->\n\t<meta name=\"description\" content=\"El Ayuntamiento asturiano de Cangas del Narcea, a trav\u00e9s de la concejal\u00eda de Salud P\u00fablica, celebrar\u00e1 este lunes 31 de mayo el D\u00eda Mundial Sin Tabaco\" \/>\n\t<meta name=\"robots\" content=\"max-image-preview:large\" \/>\n\t<meta name=\"author\" content=\"El Digital de Asturias\"\/>\n\t<meta name=\"google-site-verification\" content=\"UA-38556648-1\" \/>\n\t<meta name=\"msvalidate.01\" content=\"7dfe9f3f1b24437ab69f4f2559babe99\" \/>\n\t<meta name=\"keywords\" content=\"tabaco,asturias,cangas del narcea,actualidad asturias\" \/>\n\t<link rel=\"canonical\" href=\"https:\/\/www.eldigitaldeasturias.com\/noticias\/dia-mundial-sin-tabaco-en-cangas-del-narcea\/\" \/>\n\t<meta name=\"generator\" content=\"All in One SEO Pro (AIOSEO) 5.0.1\" \/>\n\t\t<meta property=\"og:locale\" content=\"es_ES\" \/>\n\t\t<meta property=\"og:site_name\" content=\"El Digital de Asturias\" \/>\n\t\t<meta property=\"og:type\" content=\"article\" \/>\n\t\t<meta property=\"og:title\" content=\"D\u00eda Mundial Sin Tabaco en Cangas del Narcea - El Digital de Asturias\" \/>\n\t\t<meta property=\"og:description\" content=\"El Ayuntamiento asturiano de Cangas del Narcea, a trav\u00e9s de la concejal\u00eda de Salud P\u00fablica, celebrar\u00e1 este lunes 31 de mayo el D\u00eda Mundial Sin Tabaco\" \/>\n\t\t<meta property=\"og:url\" content=\"https:\/\/www.eldigitaldeasturias.com\/noticias\/dia-mundial-sin-tabaco-en-cangas-del-narcea\/\" \/>\n\t\t<meta property=\"og:image\" content=\"https:\/\/www.eldigitaldeasturias.com\/noticias\/wp-content\/uploads\/2026\/06\/Contenidos.jpg\" \/>\n\t\t<meta property=\"og:image:secure_url\" content=\"https:\/\/www.eldigitaldeasturias.com\/noticias\/wp-content\/uploads\/2026\/06\/Contenidos.jpg\" \/>\n\t\t<meta property=\"og:image:width\" content=\"1265\" \/>\n\t\t<meta property=\"og:image:height\" content=\"697\" \/>\n\t\t<meta property=\"article:tag\" content=\"tabaco\" \/>\n\t\t<meta property=\"article:tag\" content=\"asturias\" \/>\n\t\t<meta property=\"article:tag\" content=\"cangas del narcea\" \/>\n\t\t<meta property=\"article:tag\" content=\"actualidad asturias\" \/>\n\t\t<meta property=\"article:published_time\" content=\"2021-05-30T09:56:11+00:00\" \/>\n\t\t<meta property=\"article:modified_time\" content=\"2021-05-30T09:56:11+00:00\" \/>\n\t\t<meta property=\"article:publisher\" content=\"https:\/\/facebook.com\/eldigitaldeasturias\" \/>\n\t\t<meta name=\"twitter:card\" content=\"summary_large_image\" \/>\n\t\t<meta name=\"twitter:title\" content=\"D\u00eda Mundial Sin Tabaco en Cangas del Narcea - El Digital de Asturias\" \/>\n\t\t<meta name=\"twitter:description\" content=\"El Ayuntamiento asturiano de Cangas del Narcea, a trav\u00e9s de la concejal\u00eda de Salud P\u00fablica, celebrar\u00e1 este lunes 31 de mayo el D\u00eda Mundial Sin Tabaco\" \/>\n\t\t<meta name=\"twitter:image\" content=\"https:\/\/www.eldigitaldeasturias.com\/noticias\/wp-content\/uploads\/2026\/06\/Contenidos.jpg\" \/>\n\t\t<meta name=\"twitter:label1\" content=\"Escrito por\" \/>\n\t\t<meta name=\"twitter:data1\" content=\"El Digital de Asturias\" \/>\n\t\t<meta name=\"twitter:label2\" content=\"Tiempo de lectura estimado\" \/>\n\t\t<meta name=\"twitter:data2\" content=\"3 minutos\" \/>\n\t\t<script type=\"application\/ld+json\" class=\"aioseo-schema\">\n\t\t\t{\"@context\":\"https:\\\/\\\/schema.org\",\"@graph\":[{\"@type\":\"BlogPosting\",\"@id\":\"https:\\\/\\\/www.eldigitaldeasturias.com\\\/noticias\\\/dia-mundial-sin-tabaco-en-cangas-del-narcea\\\/#blogposting\",\"name\":\"D\\u00eda Mundial Sin Tabaco en Cangas del Narcea - El Digital de Asturias\",\"headline\":\"D\\u00eda Mundial Sin Tabaco en Cangas del Narcea\",\"author\":{\"@id\":\"https:\\\/\\\/www.eldigitaldeasturias.com\\\/noticias\\\/author\\\/admin\\\/#author\"},\"publisher\":{\"@id\":\"https:\\\/\\\/www.eldigitaldeasturias.com\\\/noticias\\\/#organization\"},\"image\":{\"@type\":\"ImageObject\",\"url\":\"https:\\\/\\\/www.eldigitaldeasturias.com\\\/noticias\\\/wp-content\\\/uploads\\\/2026\\\/06\\\/Contenidos.jpg\",\"width\":1265,\"height\":697,\"caption\":\"Contenidos\"},\"datePublished\":\"2021-05-30T10:56:11+02:00\",\"dateModified\":\"2021-05-30T10:56:11+02:00\",\"inLanguage\":\"es-ES\",\"mainEntityOfPage\":{\"@id\":\"https:\\\/\\\/www.eldigitaldeasturias.com\\\/noticias\\\/dia-mundial-sin-tabaco-en-cangas-del-narcea\\\/#webpage\"},\"isPartOf\":{\"@id\":\"https:\\\/\\\/www.eldigitaldeasturias.com\\\/noticias\\\/dia-mundial-sin-tabaco-en-cangas-del-narcea\\\/#webpage\"},\"articleSection\":\"Actualidad Asturias\"},{\"@type\":\"BreadcrumbList\",\"@id\":\"https:\\\/\\\/www.eldigitaldeasturias.com\\\/noticias\\\/dia-mundial-sin-tabaco-en-cangas-del-narcea\\\/#breadcrumblist\",\"itemListElement\":[{\"@type\":\"ListItem\",\"@id\":\"https:\\\/\\\/www.eldigitaldeasturias.com\\\/noticias#listItem\",\"position\":1,\"name\":\"Home\",\"item\":\"https:\\\/\\\/www.eldigitaldeasturias.com\\\/noticias\",\"nextItem\":{\"@type\":\"ListItem\",\"@id\":\"https:\\\/\\\/www.eldigitaldeasturias.com\\\/noticias\\\/category\\\/actualidad-asturias\\\/#listItem\",\"name\":\"Actualidad Asturias\"}},{\"@type\":\"ListItem\",\"@id\":\"https:\\\/\\\/www.eldigitaldeasturias.com\\\/noticias\\\/category\\\/actualidad-asturias\\\/#listItem\",\"position\":2,\"name\":\"Actualidad Asturias\",\"item\":\"https:\\\/\\\/www.eldigitaldeasturias.com\\\/noticias\\\/category\\\/actualidad-asturias\\\/\",\"nextItem\":{\"@type\":\"ListItem\",\"@id\":\"https:\\\/\\\/www.eldigitaldeasturias.com\\\/noticias\\\/dia-mundial-sin-tabaco-en-cangas-del-narcea\\\/#listItem\",\"name\":\"D\\u00eda Mundial Sin Tabaco en Cangas del Narcea\"},\"previousItem\":{\"@type\":\"ListItem\",\"@id\":\"https:\\\/\\\/www.eldigitaldeasturias.com\\\/noticias#listItem\",\"name\":\"Home\"}},{\"@type\":\"ListItem\",\"@id\":\"https:\\\/\\\/www.eldigitaldeasturias.com\\\/noticias\\\/dia-mundial-sin-tabaco-en-cangas-del-narcea\\\/#listItem\",\"position\":3,\"name\":\"D\\u00eda Mundial Sin Tabaco en Cangas del Narcea\",\"previousItem\":{\"@type\":\"ListItem\",\"@id\":\"https:\\\/\\\/www.eldigitaldeasturias.com\\\/noticias\\\/category\\\/actualidad-asturias\\\/#listItem\",\"name\":\"Actualidad Asturias\"}}]},{\"@type\":\"Organization\",\"@id\":\"https:\\\/\\\/www.eldigitaldeasturias.com\\\/noticias\\\/#organization\",\"name\":\"El Digital de Asturias\",\"description\":\"Hemeroteca\",\"url\":\"https:\\\/\\\/www.eldigitaldeasturias.com\\\/noticias\\\/\",\"email\":\"info@eldigitaldeasturias.com\",\"telephone\":\"+34652131393\",\"logo\":{\"@type\":\"ImageObject\",\"url\":\"https:\\\/\\\/www.eldigitaldeasturias.com\\\/noticias\\\/wp-content\\\/uploads\\\/2020\\\/12\\\/EDA.jpg\",\"@id\":\"https:\\\/\\\/www.eldigitaldeasturias.com\\\/noticias\\\/dia-mundial-sin-tabaco-en-cangas-del-narcea\\\/#organizationLogo\"},\"image\":{\"@id\":\"https:\\\/\\\/www.eldigitaldeasturias.com\\\/noticias\\\/dia-mundial-sin-tabaco-en-cangas-del-narcea\\\/#organizationLogo\"},\"sameAs\":[\"https:\\\/\\\/facebook.com\\\/eldigitaldeasturias\",\"https:\\\/\\\/www.youtube.com\\\/channel\\\/UCZP-2wLEB9Rv6erhFmqVnvg\"],\"address\":{\"@id\":\"https:\\\/\\\/www.eldigitaldeasturias.com\\\/noticias\\\/#postaladdress\",\"@type\":\"PostalAddress\",\"streetAddress\":\"san antonio 4\",\"postalCode\":\"33430\",\"addressLocality\":\"Cand\\u00e1s\",\"addressRegion\":\"Asturias\",\"addressCountry\":\"ES\"}},{\"@type\":\"Person\",\"@id\":\"https:\\\/\\\/www.eldigitaldeasturias.com\\\/noticias\\\/author\\\/admin\\\/#author\",\"url\":\"https:\\\/\\\/www.eldigitaldeasturias.com\\\/noticias\\\/author\\\/admin\\\/\",\"name\":\"El Digital de Asturias\",\"image\":{\"@type\":\"ImageObject\",\"@id\":\"https:\\\/\\\/www.eldigitaldeasturias.com\\\/noticias\\\/dia-mundial-sin-tabaco-en-cangas-del-narcea\\\/#authorImage\",\"url\":\"https:\\\/\\\/secure.gravatar.com\\\/avatar\\\/df2aeffc32bcd13f8d26072ef8a91b623d677766deac7f97ca815868cd41bf5e?s=96&d=mm&r=g\",\"width\":96,\"height\":96,\"caption\":\"El Digital de Asturias\"}},{\"@type\":\"WebPage\",\"@id\":\"https:\\\/\\\/www.eldigitaldeasturias.com\\\/noticias\\\/dia-mundial-sin-tabaco-en-cangas-del-narcea\\\/#webpage\",\"url\":\"https:\\\/\\\/www.eldigitaldeasturias.com\\\/noticias\\\/dia-mundial-sin-tabaco-en-cangas-del-narcea\\\/\",\"name\":\"D\\u00eda Mundial Sin Tabaco en Cangas del Narcea - El Digital de Asturias\",\"description\":\"El Ayuntamiento asturiano de Cangas del Narcea, a trav\\u00e9s de la concejal\\u00eda de Salud P\\u00fablica, celebrar\\u00e1 este lunes 31 de mayo el D\\u00eda Mundial Sin Tabaco\",\"inLanguage\":\"es-ES\",\"isPartOf\":{\"@id\":\"https:\\\/\\\/www.eldigitaldeasturias.com\\\/noticias\\\/#website\"},\"breadcrumb\":{\"@id\":\"https:\\\/\\\/www.eldigitaldeasturias.com\\\/noticias\\\/dia-mundial-sin-tabaco-en-cangas-del-narcea\\\/#breadcrumblist\"},\"author\":{\"@id\":\"https:\\\/\\\/www.eldigitaldeasturias.com\\\/noticias\\\/author\\\/admin\\\/#author\"},\"creator\":{\"@id\":\"https:\\\/\\\/www.eldigitaldeasturias.com\\\/noticias\\\/author\\\/admin\\\/#author\"},\"image\":{\"@type\":\"ImageObject\",\"url\":\"https:\\\/\\\/www.eldigitaldeasturias.com\\\/noticias\\\/wp-content\\\/uploads\\\/2026\\\/06\\\/Contenidos.jpg\",\"@id\":\"https:\\\/\\\/www.eldigitaldeasturias.com\\\/noticias\\\/dia-mundial-sin-tabaco-en-cangas-del-narcea\\\/#mainImage\",\"width\":1265,\"height\":697,\"caption\":\"Contenidos\"},\"primaryImageOfPage\":{\"@id\":\"https:\\\/\\\/www.eldigitaldeasturias.com\\\/noticias\\\/dia-mundial-sin-tabaco-en-cangas-del-narcea\\\/#mainImage\"},\"datePublished\":\"2021-05-30T10:56:11+02:00\",\"dateModified\":\"2021-05-30T10:56:11+02:00\"},{\"@type\":\"WebSite\",\"@id\":\"https:\\\/\\\/www.eldigitaldeasturias.com\\\/noticias\\\/#website\",\"url\":\"https:\\\/\\\/www.eldigitaldeasturias.com\\\/noticias\\\/\",\"name\":\"El Digital de Asturias - Diario de actualidad y noticias\",\"alternateName\":\"El Digital de Asturias - Diario de actualidad y noticias\",\"description\":\"Hemeroteca\",\"inLanguage\":\"es-ES\",\"publisher\":{\"@id\":\"https:\\\/\\\/www.eldigitaldeasturias.com\\\/noticias\\\/#organization\"}}]}\n\t\t<\/script>\n\t\t<!-- All in One SEO Pro -->\r\n\t\t<title>D\u00eda Mundial Sin Tabaco en Cangas del Narcea - El Digital de Asturias<\/title>\n\n","aioseo_head_json":{"title":"D\u00eda Mundial Sin Tabaco en Cangas del Narcea - El Digital de Asturias","description":"El Ayuntamiento asturiano de Cangas del Narcea, a trav\u00e9s de la concejal\u00eda de Salud P\u00fablica, celebrar\u00e1 este lunes 31 de mayo el D\u00eda Mundial Sin Tabaco","canonical_url":"https:\/\/www.eldigitaldeasturias.com\/noticias\/dia-mundial-sin-tabaco-en-cangas-del-narcea\/","robots":"max-image-preview:large","keywords":"tabaco,asturias,cangas del narcea,actualidad asturias","webmasterTools":{"google-site-verification":"UA-38556648-1","msvalidate.01":"7dfe9f3f1b24437ab69f4f2559babe99","miscellaneous":""},"schema":{"@context":"https:\/\/schema.org","@graph":[{"@type":"BlogPosting","@id":"https:\/\/www.eldigitaldeasturias.com\/noticias\/dia-mundial-sin-tabaco-en-cangas-del-narcea\/#blogposting","name":"D\u00eda Mundial Sin Tabaco en Cangas del Narcea - El Digital de Asturias","headline":"D\u00eda Mundial Sin Tabaco en Cangas del Narcea","author":{"@id":"https:\/\/www.eldigitaldeasturias.com\/noticias\/author\/admin\/#author"},"publisher":{"@id":"https:\/\/www.eldigitaldeasturias.com\/noticias\/#organization"},"image":{"@type":"ImageObject","url":"https:\/\/www.eldigitaldeasturias.com\/noticias\/wp-content\/uploads\/2026\/06\/Contenidos.jpg","width":1265,"height":697,"caption":"Contenidos"},"datePublished":"2021-05-30T10:56:11+02:00","dateModified":"2021-05-30T10:56:11+02:00","inLanguage":"es-ES","mainEntityOfPage":{"@id":"https:\/\/www.eldigitaldeasturias.com\/noticias\/dia-mundial-sin-tabaco-en-cangas-del-narcea\/#webpage"},"isPartOf":{"@id":"https:\/\/www.eldigitaldeasturias.com\/noticias\/dia-mundial-sin-tabaco-en-cangas-del-narcea\/#webpage"},"articleSection":"Actualidad Asturias"},{"@type":"BreadcrumbList","@id":"https:\/\/www.eldigitaldeasturias.com\/noticias\/dia-mundial-sin-tabaco-en-cangas-del-narcea\/#breadcrumblist","itemListElement":[{"@type":"ListItem","@id":"https:\/\/www.eldigitaldeasturias.com\/noticias#listItem","position":1,"name":"Home","item":"https:\/\/www.eldigitaldeasturias.com\/noticias","nextItem":{"@type":"ListItem","@id":"https:\/\/www.eldigitaldeasturias.com\/noticias\/category\/actualidad-asturias\/#listItem","name":"Actualidad Asturias"}},{"@type":"ListItem","@id":"https:\/\/www.eldigitaldeasturias.com\/noticias\/category\/actualidad-asturias\/#listItem","position":2,"name":"Actualidad Asturias","item":"https:\/\/www.eldigitaldeasturias.com\/noticias\/category\/actualidad-asturias\/","nextItem":{"@type":"ListItem","@id":"https:\/\/www.eldigitaldeasturias.com\/noticias\/dia-mundial-sin-tabaco-en-cangas-del-narcea\/#listItem","name":"D\u00eda Mundial Sin Tabaco en Cangas del Narcea"},"previousItem":{"@type":"ListItem","@id":"https:\/\/www.eldigitaldeasturias.com\/noticias#listItem","name":"Home"}},{"@type":"ListItem","@id":"https:\/\/www.eldigitaldeasturias.com\/noticias\/dia-mundial-sin-tabaco-en-cangas-del-narcea\/#listItem","position":3,"name":"D\u00eda Mundial Sin Tabaco en Cangas del Narcea","previousItem":{"@type":"ListItem","@id":"https:\/\/www.eldigitaldeasturias.com\/noticias\/category\/actualidad-asturias\/#listItem","name":"Actualidad Asturias"}}]},{"@type":"Organization","@id":"https:\/\/www.eldigitaldeasturias.com\/noticias\/#organization","name":"El Digital de Asturias","description":"Hemeroteca","url":"https:\/\/www.eldigitaldeasturias.com\/noticias\/","email":"info@eldigitaldeasturias.com","telephone":"+34652131393","logo":{"@type":"ImageObject","url":"https:\/\/www.eldigitaldeasturias.com\/noticias\/wp-content\/uploads\/2020\/12\/EDA.jpg","@id":"https:\/\/www.eldigitaldeasturias.com\/noticias\/dia-mundial-sin-tabaco-en-cangas-del-narcea\/#organizationLogo"},"image":{"@id":"https:\/\/www.eldigitaldeasturias.com\/noticias\/dia-mundial-sin-tabaco-en-cangas-del-narcea\/#organizationLogo"},"sameAs":["https:\/\/facebook.com\/eldigitaldeasturias","https:\/\/www.youtube.com\/channel\/UCZP-2wLEB9Rv6erhFmqVnvg"],"address":{"@id":"https:\/\/www.eldigitaldeasturias.com\/noticias\/#postaladdress","@type":"PostalAddress","streetAddress":"san antonio 4","postalCode":"33430","addressLocality":"Cand\u00e1s","addressRegion":"Asturias","addressCountry":"ES"}},{"@type":"Person","@id":"https:\/\/www.eldigitaldeasturias.com\/noticias\/author\/admin\/#author","url":"https:\/\/www.eldigitaldeasturias.com\/noticias\/author\/admin\/","name":"El Digital de Asturias","image":{"@type":"ImageObject","@id":"https:\/\/www.eldigitaldeasturias.com\/noticias\/dia-mundial-sin-tabaco-en-cangas-del-narcea\/#authorImage","url":"https:\/\/secure.gravatar.com\/avatar\/df2aeffc32bcd13f8d26072ef8a91b623d677766deac7f97ca815868cd41bf5e?s=96&d=mm&r=g","width":96,"height":96,"caption":"El Digital de Asturias"}},{"@type":"WebPage","@id":"https:\/\/www.eldigitaldeasturias.com\/noticias\/dia-mundial-sin-tabaco-en-cangas-del-narcea\/#webpage","url":"https:\/\/www.eldigitaldeasturias.com\/noticias\/dia-mundial-sin-tabaco-en-cangas-del-narcea\/","name":"D\u00eda Mundial Sin Tabaco en Cangas del Narcea - El Digital de Asturias","description":"El Ayuntamiento asturiano de Cangas del Narcea, a trav\u00e9s de la concejal\u00eda de Salud P\u00fablica, celebrar\u00e1 este lunes 31 de mayo el D\u00eda Mundial Sin Tabaco","inLanguage":"es-ES","isPartOf":{"@id":"https:\/\/www.eldigitaldeasturias.com\/noticias\/#website"},"breadcrumb":{"@id":"https:\/\/www.eldigitaldeasturias.com\/noticias\/dia-mundial-sin-tabaco-en-cangas-del-narcea\/#breadcrumblist"},"author":{"@id":"https:\/\/www.eldigitaldeasturias.com\/noticias\/author\/admin\/#author"},"creator":{"@id":"https:\/\/www.eldigitaldeasturias.com\/noticias\/author\/admin\/#author"},"image":{"@type":"ImageObject","url":"https:\/\/www.eldigitaldeasturias.com\/noticias\/wp-content\/uploads\/2026\/06\/Contenidos.jpg","@id":"https:\/\/www.eldigitaldeasturias.com\/noticias\/dia-mundial-sin-tabaco-en-cangas-del-narcea\/#mainImage","width":1265,"height":697,"caption":"Contenidos"},"primaryImageOfPage":{"@id":"https:\/\/www.eldigitaldeasturias.com\/noticias\/dia-mundial-sin-tabaco-en-cangas-del-narcea\/#mainImage"},"datePublished":"2021-05-30T10:56:11+02:00","dateModified":"2021-05-30T10:56:11+02:00"},{"@type":"WebSite","@id":"https:\/\/www.eldigitaldeasturias.com\/noticias\/#website","url":"https:\/\/www.eldigitaldeasturias.com\/noticias\/","name":"El Digital de Asturias - Diario de actualidad y noticias","alternateName":"El Digital de Asturias - Diario de actualidad y noticias","description":"Hemeroteca","inLanguage":"es-ES","publisher":{"@id":"https:\/\/www.eldigitaldeasturias.com\/noticias\/#organization"}}]},"og:locale":"es_ES","og:site_name":"El Digital de Asturias","og:type":"article","og:title":"D\u00eda Mundial Sin Tabaco en Cangas del Narcea - El Digital de Asturias","og:description":"El Ayuntamiento asturiano de Cangas del Narcea, a trav\u00e9s de la concejal\u00eda de Salud P\u00fablica, celebrar\u00e1 este lunes 31 de mayo el D\u00eda Mundial Sin Tabaco","og:url":"https:\/\/www.eldigitaldeasturias.com\/noticias\/dia-mundial-sin-tabaco-en-cangas-del-narcea\/","og:image":"https:\/\/www.eldigitaldeasturias.com\/noticias\/wp-content\/uploads\/2026\/06\/Contenidos.jpg","og:image:secure_url":"https:\/\/www.eldigitaldeasturias.com\/noticias\/wp-content\/uploads\/2026\/06\/Contenidos.jpg","og:image:width":1265,"og:image:height":697,"article:tag":["tabaco","asturias","cangas del narcea","actualidad asturias"],"article:published_time":"2021-05-30T09:56:11+00:00","article:modified_time":"2021-05-30T09:56:11+00:00","article:publisher":"https:\/\/facebook.com\/eldigitaldeasturias","twitter:card":"summary_large_image","twitter:title":"D\u00eda Mundial Sin Tabaco en Cangas del Narcea - El Digital de Asturias","twitter:description":"El Ayuntamiento asturiano de Cangas del Narcea, a trav\u00e9s de la concejal\u00eda de Salud P\u00fablica, celebrar\u00e1 este lunes 31 de mayo el D\u00eda Mundial Sin Tabaco","twitter:image":"https:\/\/www.eldigitaldeasturias.com\/noticias\/wp-content\/uploads\/2026\/06\/Contenidos.jpg","twitter:label1":"Escrito por","twitter:data1":"El Digital de Asturias","twitter:label2":"Tiempo de lectura estimado","twitter:data2":"3 minutos"},"aioseo_meta_data":{"post_id":"1092723","title":null,"description":"El Ayuntamiento asturiano de Cangas del Narcea, a trav\u00e9s de la concejal\u00eda de Salud P\u00fablica, celebrar\u00e1 este lunes 31 de mayo el D\u00eda Mundial Sin Tabaco","keywords":[{"label":"tabaco","value":"tabaco"},{"label":" Asturias","value":" Asturias"},{"label":" Cangas del Narcea","value":" Cangas del Narcea"}],"keyphrases":{"focus":{"keyphrase":"Cangas del Narcea","score":73,"analysis":{"keyphraseInTitle":{"title":"Frase clave objetivo en el t\u00edtulo SEO","description":"Frase clave objetivo encontrada en el t\u00edtulo SEO.","score":9,"maxScore":9,"error":0},"keyphraseInDescription":{"title":"Frase clave objetivo en la meta descripci\u00f3n","description":"Frase clave objetivo encontrada en la meta descripci\u00f3n.","score":9,"maxScore":9,"error":0},"keyphraseInURL":{"title":"Frase clave objetivo en la URL","description":"Frase clave objetivo no encontrada en la URL.","score":1,"maxScore":5,"error":1},"keyphraseInIntroduction":{"title":"Frase clave objetivo en la introducci\u00f3n","description":"Su Frase clave objetivo aparece en el primer p\u00e1rrafo. \u00a1Bien hecho!","score":9,"maxScore":9,"error":0},"keyphraseInSubHeadings":{"title":"Frase clave objetivo sus subt\u00edtulos","description":"Use your focus keyphrase more in your H2 and H3 subheadings.","score":3,"maxScore":9,"error":1},"keyphraseLength":{"title":"Longitud de la Frase clave objetivo","description":"\u00a1Buen trabajo!","score":9,"maxScore":9,"error":0,"length":3},"keyphraseInImageAlt":{"title":"Frase clave objetivo en los atributos alt de la imagen.","description":"Frase clave objetivo no se encuentra en los atributos alt de la imagen. A\u00f1ada una imagen con su Frase clave objetivo como texto alternativo.","score":3,"maxScore":9,"error":1}}},"additional":[{"keyphrase":"D\u00eda Mundial","score":83,"analysis":{"keyphraseInDescription":{"title":"Frase clave en la meta descripci\u00f3n","description":"Frase clave encontrada en la meta descripci\u00f3n.","score":9,"maxScore":9,"error":0},"keyphraseInIntroduction":{"title":"Frase clave en la introducci\u00f3n","description":"Su Frase clave aparece en el primer p\u00e1rrafo. \u00a1Bien hecho!","score":9,"maxScore":9,"error":0},"keyphraseInImageAlt":{"title":"Frase clave en los atributos alt de la imagen.","description":"Frase clave no se encuentra en los atributos alt de la imagen. A\u00f1ada una imagen con su Frase clave como texto alternativo.","score":3,"maxScore":9,"error":1},"keyphraseLength":{"title":"Longitud de la Frase clave","description":"\u00a1Buen trabajo!","score":9,"maxScore":9,"error":0,"length":2}}}]},"primary_term":null,"canonical_url":null,"og_title":null,"og_description":null,"og_object_type":"default","og_image_type":"default","og_image_url":null,"og_image_width":null,"og_image_height":null,"og_image_custom_url":null,"og_image_custom_fields":null,"og_video":"","og_custom_url":null,"og_article_section":null,"og_article_tags":[],"twitter_use_og":false,"twitter_card":"default","twitter_image_type":"default","twitter_image_url":null,"twitter_image_custom_url":null,"twitter_image_custom_fields":null,"twitter_title":null,"twitter_description":null,"schema":{"blockGraphs":[],"customGraphs":[],"default":{"data":{"Article":[],"Course":[],"Dataset":[],"FAQPage":[],"Movie":[],"Person":[],"Product":[],"ProductReview":[],"Car":[],"Recipe":[],"Service":[],"SoftwareApplication":[],"WebPage":[]},"graphName":"","isEnabled":true},"graphs":[],"defaultGraph":"Article","defaultPostTypeGraph":""},"schema_type":"default","schema_type_options":"{\"article\":{\"articleType\":\"BlogPosting\"},\"course\":{\"name\":\"\",\"description\":\"\",\"provider\":\"\"},\"faq\":{\"pages\":[]},\"product\":{\"reviews\":[]},\"recipe\":{\"ingredients\":[],\"instructions\":[],\"keywords\":[]},\"software\":{\"reviews\":[],\"operatingSystems\":[]},\"webPage\":{\"webPageType\":\"WebPage\"}}","pillar_content":false,"robots_default":true,"robots_noindex":false,"robots_noarchive":false,"robots_nosnippet":false,"robots_nofollow":false,"robots_noimageindex":false,"robots_noodp":false,"robots_notranslate":false,"robots_max_snippet":"-1","robots_max_videopreview":"-1","robots_max_imagepreview":"large","priority":null,"frequency":"default","local_seo":{"locations":{"business":{"name":"","businessType":"","image":"","areaServed":"","urls":{"website":"","aboutPage":"","contactPage":""},"address":{"streetLine1":"","streetLine2":"","zipCode":"","city":"","state":"","country":"","addressFormat":"#streetLineOne\n#streetLineTwo\n#city, #state #zipCode"},"contact":{"email":"","phone":"","phoneFormatted":"","fax":"","faxFormatted":""},"ids":{"vat":"","tax":"","chamberOfCommerce":""},"payment":{"priceRange":"","currenciesAccepted":"","methods":""}}},"openingHours":{"useDefaults":true,"show":true,"alwaysOpen":false,"use24hFormat":false,"timezone":"","labels":{"closed":"","alwaysOpen":""},"days":{"monday":{"open24h":false,"closed":false,"openTime":"09:00","closeTime":"17:00"},"tuesday":{"open24h":false,"closed":false,"openTime":"09:00","closeTime":"17:00"},"wednesday":{"open24h":false,"closed":false,"openTime":"09:00","closeTime":"17:00"},"thursday":{"open24h":false,"closed":false,"openTime":"09:00","closeTime":"17:00"},"friday":{"open24h":false,"closed":false,"openTime":"09:00","closeTime":"17:00"},"saturday":{"open24h":false,"closed":false,"openTime":"09:00","closeTime":"17:00"},"sunday":{"open24h":false,"closed":false,"openTime":"09:00","closeTime":"17:00"}}}},"seo_analyzer_scan_date":"2026-07-18 08:01:17","breadcrumb_settings":null,"limit_modified_date":false,"open_ai":null,"ai":null,"created":"2021-05-30 09:50:37","updated":"2026-07-18 08:01:17","focus_keyword":"Cangas del Narcea","additional_keywords":[{"word":"D\u00eda Mundial","score":83}],"truseo_locale":null},"aioseo_breadcrumb":"<div class=\"aioseo-breadcrumbs\"><span class=\"aioseo-breadcrumb\">\n\t<a href=\"https:\/\/www.eldigitaldeasturias.com\/noticias\" title=\"Home\">Home<\/a>\n<\/span><span class=\"aioseo-breadcrumb-separator\">\u2013<\/span><span class=\"aioseo-breadcrumb\">\n\t<a href=\"https:\/\/www.eldigitaldeasturias.com\/noticias\/category\/actualidad-asturias\/\" title=\"Actualidad Asturias\">Actualidad Asturias<\/a>\n<\/span><span class=\"aioseo-breadcrumb-separator\">\u2013<\/span><span class=\"aioseo-breadcrumb\">\n\t<a href=\"https:\/\/www.eldigitaldeasturias.com\/noticias\/dia-mundial-sin-tabaco-en-cangas-del-narcea\/\" title=\"D\u00eda Mundial Sin Tabaco en Cangas del Narcea\">D\u00eda Mundial Sin Tabaco en Cangas del Narcea<\/a>\n<\/span><\/div>","aioseo_breadcrumb_json":[{"label":"Home","link":"https:\/\/www.eldigitaldeasturias.com\/noticias"},{"label":"Actualidad Asturias","link":"https:\/\/www.eldigitaldeasturias.com\/noticias\/category\/actualidad-asturias\/"},{"label":"D\u00eda Mundial Sin Tabaco en Cangas del Narcea","link":"https:\/\/www.eldigitaldeasturias.com\/noticias\/dia-mundial-sin-tabaco-en-cangas-del-narcea\/"}],"_links":{"self":[{"href":"https:\/\/www.eldigitaldeasturias.com\/noticias\/wp-json\/wp\/v2\/posts\/1092723","targetHints":{"allow":["GET"]}}],"collection":[{"href":"https:\/\/www.eldigitaldeasturias.com\/noticias\/wp-json\/wp\/v2\/posts"}],"about":[{"href":"https:\/\/www.eldigitaldeasturias.com\/noticias\/wp-json\/wp\/v2\/types\/post"}],"author":[{"embeddable":true,"href":"https:\/\/www.eldigitaldeasturias.com\/noticias\/wp-json\/wp\/v2\/users\/1"}],"replies":[{"embeddable":true,"href":"https:\/\/www.eldigitaldeasturias.com\/noticias\/wp-json\/wp\/v2\/comments?post=1092723"}],"version-history":[{"count":0,"href":"https:\/\/www.eldigitaldeasturias.com\/noticias\/wp-json\/wp\/v2\/posts\/1092723\/revisions"}],"wp:featuredmedia":[{"embeddable":true,"href":"https:\/\/www.eldigitaldeasturias.com\/noticias\/wp-json\/wp\/v2\/media\/1132184"}],"wp:attachment":[{"href":"https:\/\/www.eldigitaldeasturias.com\/noticias\/wp-json\/wp\/v2\/media?parent=1092723"}],"wp:term":[{"taxonomy":"category","embeddable":true,"href":"https:\/\/www.eldigitaldeasturias.com\/noticias\/wp-json\/wp\/v2\/categories?post=1092723"},{"taxonomy":"post_tag","embeddable":true,"href":"https:\/\/www.eldigitaldeasturias.com\/noticias\/wp-json\/wp\/v2\/tags?post=1092723"}],"curies":[{"name":"wp","href":"https:\/\/api.w.org\/{rel}","templated":true}]}}