{"id":1092644,"date":"2021-05-29T12:42:27","date_gmt":"2021-05-29T11:42:27","guid":{"rendered":"https:\/\/www.eldigitaldeasturias.com\/noticias\/?p=1092644"},"modified":"2021-05-30T18:13:04","modified_gmt":"2021-05-30T17:13:04","slug":"feria-narceanatur-en-cangas-del-narcea","status":"publish","type":"post","link":"https:\/\/www.eldigitaldeasturias.com\/noticias\/feria-narceanatur-en-cangas-del-narcea\/","title":{"rendered":"Feria Narcenatur en Cangas del Narcea"},"content":{"rendered":"<p><img loading=\"lazy\" decoding=\"async\" class=\"alignleft size-medium wp-image-1092645\" src=\"https:\/\/www.eldigitaldeasturias.com\/noticias\/wp-content\/uploads\/2021\/05\/Feria-Narceanatur-en-Cangas-del-Narcea-360x263.jpg\" alt=\" Feria Narceanatur en Cangas del Narcea\" width=\"360\" height=\"263\" \/>La feria de la Naturaleza, el producto ecol\u00f3gico y local de Cangas del Narcea, <strong>Narcenatur<\/strong>, contar\u00e1 con m\u00e1s de medio centenar de expositores que en esta edici\u00f3n se ubicar\u00e1n en el parque de El Fuejo para dar cumplimiento al protocolo sanitario y evitar aglomeraciones. <strong>La feria, que se organiza coincidiendo con la conmemoraci\u00f3n del D\u00eda Mundial del Medioambiente, cumple su XXIII edici\u00f3n<\/strong>, se celebrar\u00e1 los d\u00edas 4, 5 y 6 de junio, y contar\u00e1 con una amplia variedad de actividades dedicadas a la naturaleza, el ecoturismo, la tradici\u00f3n, el medioambiente, el deporte al aire libre y la gastronom\u00eda, que se desarrollar\u00e1n en distintos puntos de la villa. \u201cNo ser\u00e1 una edici\u00f3n con el formato que conoc\u00edamos por razones obvias, pero no quer\u00edamos dejar en blanco el 2021\u201d, ha expuesto el alcalde, Jos\u00e9 V\u00edctor Rodr\u00edguez en la presentaci\u00f3n en la que se dio a conocer el cartel con el lema \u2018No NarceNatur\u2019.<\/p>\n<p>\u201cLa mejor ayuda que puede tener la econom\u00eda local es la recuperaci\u00f3n de fechas importantes como Narcenatur\u201d, dijo al tiempo que ha detallado que la mayor parte de las actividades se desarrollar\u00e1n al aire libre \u201cpara dar mayor seguridad tanto a la organizaci\u00f3n como a los participantes\u201d, ha dicho Rodr\u00edguez. \u201cHemos trabajado en actividades compatibles con las normas sanitarias vigentes, poniendo especial atenci\u00f3n en recuperar la esencia con la que naci\u00f3 Narcenatur, pensando tambi\u00e9n en actividades para todos los p\u00fablicos y no solos para profesionales\u201d, ha explicado la edil de Desarrollo Local, Turismo, Hacienda y R\u00e9gimen Interior, Bego\u00f1a Cuento Blanco, antes de pasar a detallar el programa.<\/p>\n<p>Con la naturaleza como protagonista, el Ayuntamiento de Cangas del Narcea, ha programado actividades paralelas durante estos d\u00edas,<strong> iniciando el viernes 4 de junio a las 11.30 horas con una jornada de voluntariado de limpieza del R\u00edo Narcea a su paso por la villa que se organiza en colaboraci\u00f3n con las asociaciones de pescadores \u2018El Banzao\u2019 y \u2018Fuentes del Narcea\u2019<\/strong>. A las 16.30 horas, la asociaci\u00f3n de pescadores local organiza una actividad de suelta de alevines, dirigida a los m\u00e1s peque\u00f1os, que se llevar\u00e1 a cabo en Los Nogales. A continuaci\u00f3n a las 17 horas, en el auditorio de la Casa de Cultura \u2018Palacio de Oma\u00f1a\u2019, tendr\u00e1 lugar la presentaci\u00f3n de \u2018La ruta 5: al encuentro de los cinco grande de la naturaleza ib\u00e9rica\u2019 en la que se podr\u00e1 descubrir lo mejor de la biodiversidad espa\u00f1ola a trav\u00e9s de la b\u00fasqueda de sus Cinco Grandes: el lince ib\u00e9rico, el oso pardo, el lobo ib\u00e9rico, el buitre negro y el \u00e1guila imperial. A las 17.30 horas, en el Prao del Mol\u00edn, se llevar\u00e1 a cabo una exhibici\u00f3n de adiestramiento de perros, a cargo del Centro Canino Trisquel.<\/p>\n<p><strong>El protagonista de la jornada del viernes es sin duda Benito Vega Queipo \u2018Corolo\u2019, considerado el maestro de los pescadores de Canga<\/strong>s, al que se le rendir\u00e1 homenaje a las 19.30 horas en el Teatro Toreno, previamente, a las 18.30 horas se inaugurar\u00e1 una exposici\u00f3n \u2018Benito Corolo: el hombre que lee el r\u00edo\u2019, en la sala de exposiciones de la Casa de Cultura. La jornada finalizar\u00e1 con la actuaci\u00f3n musical \u2018De vacas\u2019 a las 20 horas en el anfiteatro del Fuejo.<\/p>\n<p>El s\u00e1bado 5 de junio se iniciar\u00e1 la jornada con la inauguraci\u00f3n del mercado artesano que estar\u00e1 abierto desde las 11 hasta las 20 horas, para a continuaci\u00f3n, a las 12 horas, presentar el \u2018Manual: Gu\u00eda de Artesanos del Concejo de Cangas del Narcea\u2019. En torno a las 13.30 horas tendr\u00e1 lugar la actuaci\u00f3n de \u2018Solomones\u2019, un espect\u00e1culo musical que se podr\u00e1 disfrutar en el afiteatro del Fuejo con entrada libre hasta completar aforo.<\/p>\n<p>Durante la tarde, a las 16.30 horas, se desarrollar\u00e1 la exhibici\u00f3n de montaje de mosca, <strong>en el auditorio de la Casa de Cultura \u2018Palacio de Oma\u00f1a\u2019, y a las 18.30 horas se har\u00e1 entrega de los premios de la XXV Copa del Narcea con Perros de Rastro<\/strong>, Primer Memorial \u2018Vitaro Tandes\u2019, cuya competici\u00f3n se desarrolla a partir de las 9.30 horas en el seno de la feria por parte de la Sociedad de Cazadores del Narcea. M\u00e1s de 2.500 euros en premios se repartir\u00e1n en esta edici\u00f3n, una fecha especial al cumplir esta competici\u00f3n 25 a\u00f1os, en la que todos los participantes contar\u00e1n con un premio. La caza y la pesca sin duda ocupan un lugar especial en los eventos que se desarrollan en Narcenatur, por ello a las 19 horas del s\u00e1bado se sortear\u00e1n los tramos del IV Concurso de Pesca \u2018Desaf\u00edo Narcenatur\u2019. El punto final de la Jornada lo pondr\u00e1 el grupo musical \u2018Muyeres\u2019 con su actuaci\u00f3n en el parque del Fuejo.<\/p>\n<p>El domingo con los primeros rayos del sol, se iniciar\u00e1 la jornada con el concurso de pesca \u2018Desaf\u00edo Narcenatur\u2019, que se prolongar\u00e1 hasta las 16.30 horas para llevar a cabo la entrega de premios a las 18 horas en el entorno del puente romano. El Grupo de Monta\u00f1a Pielago colabora en la organizaci\u00f3n de la ruta de senderismo \u2018Paisajes del Vi\u00f1edo\u2019, que arrancar\u00e1 a las 9.30 horas del Prao del Mol\u00edn para visitar el entorno natural y enol\u00f3gico de nuestra comarca. El mercado volver\u00e1 a abrir sus puertas a las 11 horas, justo cuando se representar\u00e1 la obra de teatro infantil \u2018As, Os, @s\u2019 a cargo de Yheppa en el anfiteatro del Fuejo.<\/p>\n<p>A las 11 horas tambi\u00e9n se desarrollar\u00e1 el XXII Trofeo Narcenatur de Tiro al Plato, que organiza el club de Tiro \u2018La P\u00f3lvora\u2019 en la cancha de La Mata y cuyos premios se entregar\u00e1n a las 18 horas. A las 12 horas est\u00e1 programada la charla \u2018La caza en zonas oseras: reflexiones para avanzar hacia su compatibilidad\u2019, que impartir\u00e1 Guillermo Palomero, presidente de la Fundaci\u00f3n Oso Pardo. La entrega de premios del IV Concurso de Fotograf\u00eda de Naturaleza Narcenatur tendr\u00e1 lugar a las 13.30 horas en el anfiteatro del Fuejo, tras la cual dar\u00e1 comienzo la actuaci\u00f3n musical de Korima Latin.<\/p>\n<p>Durante toda la feria se podr\u00e1 ver la <strong>exposici\u00f3n \u2018Memorial Mar\u00eda Luisa\u2019<\/strong>, que muestra fotograf\u00edas relacionadas con la biodiversidad y la naturaleza, incluyendo im\u00e1genes de animales y aves. Una muestra que estar\u00e1 ubicada por las calles de la villa y que se inaugurar\u00e1 el jueves 3 de junio a las 20 horas. Adem\u00e1s los aficionados a la fotograf\u00eda podr\u00e1n participar en el Concurso de Fotograf\u00eda en Instagram Clic-Narcenatur. La tem\u00e1tica ir\u00e1 en consonancia con el lema promocional de la feria \u2018No Narcenatur\u2019, que este a\u00f1o se celebrar\u00e1 de una manera especial adaptada a las normas sanitarias vigentes por la pandemia. Durante todo el fin de semana se podr\u00e1n disfrutar de men\u00fas especiales en varios establecimientos hosteleros de la villa.<\/p>\n<p>&nbsp;<\/p>\n","protected":false},"excerpt":{"rendered":"<p>La feria de la Naturaleza, el producto ecol\u00f3gico y local de Cangas del Narcea, Narcenatur, contar\u00e1 con m\u00e1s de medio centenar de expositores que en esta edici\u00f3n se ubicar\u00e1n en el parque de El Fuejo para dar cumplimiento al protocolo sanitario y evitar aglomeraciones. La feria, que se organiza coincidiendo con la conmemoraci\u00f3n del D\u00eda [&hellip;]<\/p>\n","protected":false},"author":1,"featured_media":1132184,"comment_status":"closed","ping_status":"closed","sticky":false,"template":"","format":"standard","meta":{"footnotes":""},"categories":[2],"tags":[],"class_list":["post-1092644","post","type-post","status-publish","format-standard","has-post-thumbnail","hentry","category-agenda"],"aioseo_notices":[],"aioseo_head":"\n\t\t<!-- All in One SEO Pro 5.0.1 - aioseo.com -->\n\t<meta name=\"description\" content=\"La feria de la Naturaleza, el producto ecol\u00f3gico y local de Cangas del Narcea, Narcenatur, contar\u00e1 con m\u00e1s de medio centenar de expositores ..\" \/>\n\t<meta name=\"robots\" content=\"max-image-preview:large\" \/>\n\t<meta name=\"author\" content=\"El Digital de Asturias\"\/>\n\t<meta name=\"google-site-verification\" content=\"UA-38556648-1\" \/>\n\t<meta name=\"msvalidate.01\" content=\"7dfe9f3f1b24437ab69f4f2559babe99\" \/>\n\t<meta name=\"keywords\" content=\"agenda asturias,turismo asturias,feria narceanatur,cangas del narcea,agenda\" \/>\n\t<link rel=\"canonical\" href=\"https:\/\/www.eldigitaldeasturias.com\/noticias\/feria-narceanatur-en-cangas-del-narcea\/\" \/>\n\t<meta name=\"generator\" content=\"All in One SEO Pro (AIOSEO) 5.0.1\" \/>\n\t\t<meta property=\"og:locale\" content=\"es_ES\" \/>\n\t\t<meta property=\"og:site_name\" content=\"El Digital de Asturias\" \/>\n\t\t<meta property=\"og:type\" content=\"article\" \/>\n\t\t<meta property=\"og:title\" content=\"Feria Narcenatur en Cangas del Narcea - El Digital de Asturias\" \/>\n\t\t<meta property=\"og:description\" content=\"La feria de la Naturaleza, el producto ecol\u00f3gico y local de Cangas del Narcea, Narcenatur, contar\u00e1 con m\u00e1s de medio centenar de expositores ..\" \/>\n\t\t<meta property=\"og:url\" content=\"https:\/\/www.eldigitaldeasturias.com\/noticias\/feria-narceanatur-en-cangas-del-narcea\/\" \/>\n\t\t<meta property=\"og:image\" content=\"https:\/\/www.eldigitaldeasturias.com\/noticias\/wp-content\/uploads\/2026\/06\/Contenidos.jpg\" \/>\n\t\t<meta property=\"og:image:secure_url\" content=\"https:\/\/www.eldigitaldeasturias.com\/noticias\/wp-content\/uploads\/2026\/06\/Contenidos.jpg\" \/>\n\t\t<meta property=\"og:image:width\" content=\"1265\" \/>\n\t\t<meta property=\"og:image:height\" content=\"697\" \/>\n\t\t<meta property=\"article:tag\" content=\"agenda asturias\" \/>\n\t\t<meta property=\"article:tag\" content=\"turismo asturias\" \/>\n\t\t<meta property=\"article:tag\" content=\"feria narceanatur\" \/>\n\t\t<meta property=\"article:tag\" content=\"cangas del narcea\" \/>\n\t\t<meta property=\"article:tag\" content=\"agenda\" \/>\n\t\t<meta property=\"article:published_time\" content=\"2021-05-29T11:42:27+00:00\" \/>\n\t\t<meta property=\"article:modified_time\" content=\"2021-05-30T17:13:04+00:00\" \/>\n\t\t<meta property=\"article:publisher\" content=\"https:\/\/facebook.com\/eldigitaldeasturias\" \/>\n\t\t<meta name=\"twitter:card\" content=\"summary_large_image\" \/>\n\t\t<meta name=\"twitter:title\" content=\"Feria Narcenatur en Cangas del Narcea - El Digital de Asturias\" \/>\n\t\t<meta name=\"twitter:description\" content=\"La feria de la Naturaleza, el producto ecol\u00f3gico y local de Cangas del Narcea, Narcenatur, contar\u00e1 con m\u00e1s de medio centenar de expositores ..\" \/>\n\t\t<meta name=\"twitter:image\" content=\"https:\/\/www.eldigitaldeasturias.com\/noticias\/wp-content\/uploads\/2026\/06\/Contenidos.jpg\" \/>\n\t\t<meta name=\"twitter:label1\" content=\"Escrito por\" \/>\n\t\t<meta name=\"twitter:data1\" content=\"El Digital de Asturias\" \/>\n\t\t<meta name=\"twitter:label2\" content=\"Tiempo de lectura estimado\" \/>\n\t\t<meta name=\"twitter:data2\" content=\"6 minutos\" \/>\n\t\t<script type=\"application\/ld+json\" class=\"aioseo-schema\">\n\t\t\t{\"@context\":\"https:\\\/\\\/schema.org\",\"@graph\":[{\"@type\":\"BlogPosting\",\"@id\":\"https:\\\/\\\/www.eldigitaldeasturias.com\\\/noticias\\\/feria-narceanatur-en-cangas-del-narcea\\\/#blogposting\",\"name\":\"Feria Narcenatur en Cangas del Narcea - El Digital de Asturias\",\"headline\":\"Feria Narcenatur en Cangas del Narcea\",\"author\":{\"@id\":\"https:\\\/\\\/www.eldigitaldeasturias.com\\\/noticias\\\/author\\\/admin\\\/#author\"},\"publisher\":{\"@id\":\"https:\\\/\\\/www.eldigitaldeasturias.com\\\/noticias\\\/#organization\"},\"image\":{\"@type\":\"ImageObject\",\"url\":\"https:\\\/\\\/www.eldigitaldeasturias.com\\\/noticias\\\/wp-content\\\/uploads\\\/2026\\\/06\\\/Contenidos.jpg\",\"width\":1265,\"height\":697,\"caption\":\"Contenidos\"},\"datePublished\":\"2021-05-29T12:42:27+02:00\",\"dateModified\":\"2021-05-30T18:13:04+02:00\",\"inLanguage\":\"es-ES\",\"mainEntityOfPage\":{\"@id\":\"https:\\\/\\\/www.eldigitaldeasturias.com\\\/noticias\\\/feria-narceanatur-en-cangas-del-narcea\\\/#webpage\"},\"isPartOf\":{\"@id\":\"https:\\\/\\\/www.eldigitaldeasturias.com\\\/noticias\\\/feria-narceanatur-en-cangas-del-narcea\\\/#webpage\"},\"articleSection\":\"Agenda\"},{\"@type\":\"BreadcrumbList\",\"@id\":\"https:\\\/\\\/www.eldigitaldeasturias.com\\\/noticias\\\/feria-narceanatur-en-cangas-del-narcea\\\/#breadcrumblist\",\"itemListElement\":[{\"@type\":\"ListItem\",\"@id\":\"https:\\\/\\\/www.eldigitaldeasturias.com\\\/noticias#listItem\",\"position\":1,\"name\":\"Home\",\"item\":\"https:\\\/\\\/www.eldigitaldeasturias.com\\\/noticias\",\"nextItem\":{\"@type\":\"ListItem\",\"@id\":\"https:\\\/\\\/www.eldigitaldeasturias.com\\\/noticias\\\/category\\\/agenda\\\/#listItem\",\"name\":\"Agenda\"}},{\"@type\":\"ListItem\",\"@id\":\"https:\\\/\\\/www.eldigitaldeasturias.com\\\/noticias\\\/category\\\/agenda\\\/#listItem\",\"position\":2,\"name\":\"Agenda\",\"item\":\"https:\\\/\\\/www.eldigitaldeasturias.com\\\/noticias\\\/category\\\/agenda\\\/\",\"nextItem\":{\"@type\":\"ListItem\",\"@id\":\"https:\\\/\\\/www.eldigitaldeasturias.com\\\/noticias\\\/feria-narceanatur-en-cangas-del-narcea\\\/#listItem\",\"name\":\"Feria Narcenatur en Cangas del Narcea\"},\"previousItem\":{\"@type\":\"ListItem\",\"@id\":\"https:\\\/\\\/www.eldigitaldeasturias.com\\\/noticias#listItem\",\"name\":\"Home\"}},{\"@type\":\"ListItem\",\"@id\":\"https:\\\/\\\/www.eldigitaldeasturias.com\\\/noticias\\\/feria-narceanatur-en-cangas-del-narcea\\\/#listItem\",\"position\":3,\"name\":\"Feria Narcenatur en Cangas del Narcea\",\"previousItem\":{\"@type\":\"ListItem\",\"@id\":\"https:\\\/\\\/www.eldigitaldeasturias.com\\\/noticias\\\/category\\\/agenda\\\/#listItem\",\"name\":\"Agenda\"}}]},{\"@type\":\"Organization\",\"@id\":\"https:\\\/\\\/www.eldigitaldeasturias.com\\\/noticias\\\/#organization\",\"name\":\"El Digital de Asturias\",\"description\":\"Hemeroteca\",\"url\":\"https:\\\/\\\/www.eldigitaldeasturias.com\\\/noticias\\\/\",\"email\":\"info@eldigitaldeasturias.com\",\"telephone\":\"+34652131393\",\"logo\":{\"@type\":\"ImageObject\",\"url\":\"https:\\\/\\\/www.eldigitaldeasturias.com\\\/noticias\\\/wp-content\\\/uploads\\\/2020\\\/12\\\/EDA.jpg\",\"@id\":\"https:\\\/\\\/www.eldigitaldeasturias.com\\\/noticias\\\/feria-narceanatur-en-cangas-del-narcea\\\/#organizationLogo\"},\"image\":{\"@id\":\"https:\\\/\\\/www.eldigitaldeasturias.com\\\/noticias\\\/feria-narceanatur-en-cangas-del-narcea\\\/#organizationLogo\"},\"sameAs\":[\"https:\\\/\\\/facebook.com\\\/eldigitaldeasturias\",\"https:\\\/\\\/www.youtube.com\\\/channel\\\/UCZP-2wLEB9Rv6erhFmqVnvg\"],\"address\":{\"@id\":\"https:\\\/\\\/www.eldigitaldeasturias.com\\\/noticias\\\/#postaladdress\",\"@type\":\"PostalAddress\",\"streetAddress\":\"san antonio 4\",\"postalCode\":\"33430\",\"addressLocality\":\"Cand\\u00e1s\",\"addressRegion\":\"Asturias\",\"addressCountry\":\"ES\"}},{\"@type\":\"Person\",\"@id\":\"https:\\\/\\\/www.eldigitaldeasturias.com\\\/noticias\\\/author\\\/admin\\\/#author\",\"url\":\"https:\\\/\\\/www.eldigitaldeasturias.com\\\/noticias\\\/author\\\/admin\\\/\",\"name\":\"El Digital de Asturias\",\"image\":{\"@type\":\"ImageObject\",\"@id\":\"https:\\\/\\\/www.eldigitaldeasturias.com\\\/noticias\\\/feria-narceanatur-en-cangas-del-narcea\\\/#authorImage\",\"url\":\"https:\\\/\\\/secure.gravatar.com\\\/avatar\\\/df2aeffc32bcd13f8d26072ef8a91b623d677766deac7f97ca815868cd41bf5e?s=96&d=mm&r=g\",\"width\":96,\"height\":96,\"caption\":\"El Digital de Asturias\"}},{\"@type\":\"WebPage\",\"@id\":\"https:\\\/\\\/www.eldigitaldeasturias.com\\\/noticias\\\/feria-narceanatur-en-cangas-del-narcea\\\/#webpage\",\"url\":\"https:\\\/\\\/www.eldigitaldeasturias.com\\\/noticias\\\/feria-narceanatur-en-cangas-del-narcea\\\/\",\"name\":\"Feria Narcenatur en Cangas del Narcea - El Digital de Asturias\",\"description\":\"La feria de la Naturaleza, el producto ecol\\u00f3gico y local de Cangas del Narcea, Narcenatur, contar\\u00e1 con m\\u00e1s de medio centenar de expositores ..\",\"inLanguage\":\"es-ES\",\"isPartOf\":{\"@id\":\"https:\\\/\\\/www.eldigitaldeasturias.com\\\/noticias\\\/#website\"},\"breadcrumb\":{\"@id\":\"https:\\\/\\\/www.eldigitaldeasturias.com\\\/noticias\\\/feria-narceanatur-en-cangas-del-narcea\\\/#breadcrumblist\"},\"author\":{\"@id\":\"https:\\\/\\\/www.eldigitaldeasturias.com\\\/noticias\\\/author\\\/admin\\\/#author\"},\"creator\":{\"@id\":\"https:\\\/\\\/www.eldigitaldeasturias.com\\\/noticias\\\/author\\\/admin\\\/#author\"},\"image\":{\"@type\":\"ImageObject\",\"url\":\"https:\\\/\\\/www.eldigitaldeasturias.com\\\/noticias\\\/wp-content\\\/uploads\\\/2026\\\/06\\\/Contenidos.jpg\",\"@id\":\"https:\\\/\\\/www.eldigitaldeasturias.com\\\/noticias\\\/feria-narceanatur-en-cangas-del-narcea\\\/#mainImage\",\"width\":1265,\"height\":697,\"caption\":\"Contenidos\"},\"primaryImageOfPage\":{\"@id\":\"https:\\\/\\\/www.eldigitaldeasturias.com\\\/noticias\\\/feria-narceanatur-en-cangas-del-narcea\\\/#mainImage\"},\"datePublished\":\"2021-05-29T12:42:27+02:00\",\"dateModified\":\"2021-05-30T18:13:04+02:00\"},{\"@type\":\"WebSite\",\"@id\":\"https:\\\/\\\/www.eldigitaldeasturias.com\\\/noticias\\\/#website\",\"url\":\"https:\\\/\\\/www.eldigitaldeasturias.com\\\/noticias\\\/\",\"name\":\"El Digital de Asturias - Diario de actualidad y noticias\",\"alternateName\":\"El Digital de Asturias - Diario de actualidad y noticias\",\"description\":\"Hemeroteca\",\"inLanguage\":\"es-ES\",\"publisher\":{\"@id\":\"https:\\\/\\\/www.eldigitaldeasturias.com\\\/noticias\\\/#organization\"}}]}\n\t\t<\/script>\n\t\t<!-- All in One SEO Pro -->\r\n\t\t<title>Feria Narcenatur en Cangas del Narcea - El Digital de Asturias<\/title>\n\n","aioseo_head_json":{"title":"Feria Narcenatur en Cangas del Narcea - El Digital de Asturias","description":"La feria de la Naturaleza, el producto ecol\u00f3gico y local de Cangas del Narcea, Narcenatur, contar\u00e1 con m\u00e1s de medio centenar de expositores ..","canonical_url":"https:\/\/www.eldigitaldeasturias.com\/noticias\/feria-narceanatur-en-cangas-del-narcea\/","robots":"max-image-preview:large","keywords":"agenda asturias,turismo asturias,feria narceanatur,cangas del narcea,agenda","webmasterTools":{"google-site-verification":"UA-38556648-1","msvalidate.01":"7dfe9f3f1b24437ab69f4f2559babe99","miscellaneous":""},"schema":{"@context":"https:\/\/schema.org","@graph":[{"@type":"BlogPosting","@id":"https:\/\/www.eldigitaldeasturias.com\/noticias\/feria-narceanatur-en-cangas-del-narcea\/#blogposting","name":"Feria Narcenatur en Cangas del Narcea - El Digital de Asturias","headline":"Feria Narcenatur en Cangas del Narcea","author":{"@id":"https:\/\/www.eldigitaldeasturias.com\/noticias\/author\/admin\/#author"},"publisher":{"@id":"https:\/\/www.eldigitaldeasturias.com\/noticias\/#organization"},"image":{"@type":"ImageObject","url":"https:\/\/www.eldigitaldeasturias.com\/noticias\/wp-content\/uploads\/2026\/06\/Contenidos.jpg","width":1265,"height":697,"caption":"Contenidos"},"datePublished":"2021-05-29T12:42:27+02:00","dateModified":"2021-05-30T18:13:04+02:00","inLanguage":"es-ES","mainEntityOfPage":{"@id":"https:\/\/www.eldigitaldeasturias.com\/noticias\/feria-narceanatur-en-cangas-del-narcea\/#webpage"},"isPartOf":{"@id":"https:\/\/www.eldigitaldeasturias.com\/noticias\/feria-narceanatur-en-cangas-del-narcea\/#webpage"},"articleSection":"Agenda"},{"@type":"BreadcrumbList","@id":"https:\/\/www.eldigitaldeasturias.com\/noticias\/feria-narceanatur-en-cangas-del-narcea\/#breadcrumblist","itemListElement":[{"@type":"ListItem","@id":"https:\/\/www.eldigitaldeasturias.com\/noticias#listItem","position":1,"name":"Home","item":"https:\/\/www.eldigitaldeasturias.com\/noticias","nextItem":{"@type":"ListItem","@id":"https:\/\/www.eldigitaldeasturias.com\/noticias\/category\/agenda\/#listItem","name":"Agenda"}},{"@type":"ListItem","@id":"https:\/\/www.eldigitaldeasturias.com\/noticias\/category\/agenda\/#listItem","position":2,"name":"Agenda","item":"https:\/\/www.eldigitaldeasturias.com\/noticias\/category\/agenda\/","nextItem":{"@type":"ListItem","@id":"https:\/\/www.eldigitaldeasturias.com\/noticias\/feria-narceanatur-en-cangas-del-narcea\/#listItem","name":"Feria Narcenatur en Cangas del Narcea"},"previousItem":{"@type":"ListItem","@id":"https:\/\/www.eldigitaldeasturias.com\/noticias#listItem","name":"Home"}},{"@type":"ListItem","@id":"https:\/\/www.eldigitaldeasturias.com\/noticias\/feria-narceanatur-en-cangas-del-narcea\/#listItem","position":3,"name":"Feria Narcenatur en Cangas del Narcea","previousItem":{"@type":"ListItem","@id":"https:\/\/www.eldigitaldeasturias.com\/noticias\/category\/agenda\/#listItem","name":"Agenda"}}]},{"@type":"Organization","@id":"https:\/\/www.eldigitaldeasturias.com\/noticias\/#organization","name":"El Digital de Asturias","description":"Hemeroteca","url":"https:\/\/www.eldigitaldeasturias.com\/noticias\/","email":"info@eldigitaldeasturias.com","telephone":"+34652131393","logo":{"@type":"ImageObject","url":"https:\/\/www.eldigitaldeasturias.com\/noticias\/wp-content\/uploads\/2020\/12\/EDA.jpg","@id":"https:\/\/www.eldigitaldeasturias.com\/noticias\/feria-narceanatur-en-cangas-del-narcea\/#organizationLogo"},"image":{"@id":"https:\/\/www.eldigitaldeasturias.com\/noticias\/feria-narceanatur-en-cangas-del-narcea\/#organizationLogo"},"sameAs":["https:\/\/facebook.com\/eldigitaldeasturias","https:\/\/www.youtube.com\/channel\/UCZP-2wLEB9Rv6erhFmqVnvg"],"address":{"@id":"https:\/\/www.eldigitaldeasturias.com\/noticias\/#postaladdress","@type":"PostalAddress","streetAddress":"san antonio 4","postalCode":"33430","addressLocality":"Cand\u00e1s","addressRegion":"Asturias","addressCountry":"ES"}},{"@type":"Person","@id":"https:\/\/www.eldigitaldeasturias.com\/noticias\/author\/admin\/#author","url":"https:\/\/www.eldigitaldeasturias.com\/noticias\/author\/admin\/","name":"El Digital de Asturias","image":{"@type":"ImageObject","@id":"https:\/\/www.eldigitaldeasturias.com\/noticias\/feria-narceanatur-en-cangas-del-narcea\/#authorImage","url":"https:\/\/secure.gravatar.com\/avatar\/df2aeffc32bcd13f8d26072ef8a91b623d677766deac7f97ca815868cd41bf5e?s=96&d=mm&r=g","width":96,"height":96,"caption":"El Digital de Asturias"}},{"@type":"WebPage","@id":"https:\/\/www.eldigitaldeasturias.com\/noticias\/feria-narceanatur-en-cangas-del-narcea\/#webpage","url":"https:\/\/www.eldigitaldeasturias.com\/noticias\/feria-narceanatur-en-cangas-del-narcea\/","name":"Feria Narcenatur en Cangas del Narcea - El Digital de Asturias","description":"La feria de la Naturaleza, el producto ecol\u00f3gico y local de Cangas del Narcea, Narcenatur, contar\u00e1 con m\u00e1s de medio centenar de expositores ..","inLanguage":"es-ES","isPartOf":{"@id":"https:\/\/www.eldigitaldeasturias.com\/noticias\/#website"},"breadcrumb":{"@id":"https:\/\/www.eldigitaldeasturias.com\/noticias\/feria-narceanatur-en-cangas-del-narcea\/#breadcrumblist"},"author":{"@id":"https:\/\/www.eldigitaldeasturias.com\/noticias\/author\/admin\/#author"},"creator":{"@id":"https:\/\/www.eldigitaldeasturias.com\/noticias\/author\/admin\/#author"},"image":{"@type":"ImageObject","url":"https:\/\/www.eldigitaldeasturias.com\/noticias\/wp-content\/uploads\/2026\/06\/Contenidos.jpg","@id":"https:\/\/www.eldigitaldeasturias.com\/noticias\/feria-narceanatur-en-cangas-del-narcea\/#mainImage","width":1265,"height":697,"caption":"Contenidos"},"primaryImageOfPage":{"@id":"https:\/\/www.eldigitaldeasturias.com\/noticias\/feria-narceanatur-en-cangas-del-narcea\/#mainImage"},"datePublished":"2021-05-29T12:42:27+02:00","dateModified":"2021-05-30T18:13:04+02:00"},{"@type":"WebSite","@id":"https:\/\/www.eldigitaldeasturias.com\/noticias\/#website","url":"https:\/\/www.eldigitaldeasturias.com\/noticias\/","name":"El Digital de Asturias - Diario de actualidad y noticias","alternateName":"El Digital de Asturias - Diario de actualidad y noticias","description":"Hemeroteca","inLanguage":"es-ES","publisher":{"@id":"https:\/\/www.eldigitaldeasturias.com\/noticias\/#organization"}}]},"og:locale":"es_ES","og:site_name":"El Digital de Asturias","og:type":"article","og:title":"Feria Narcenatur en Cangas del Narcea - El Digital de Asturias","og:description":"La feria de la Naturaleza, el producto ecol\u00f3gico y local de Cangas del Narcea, Narcenatur, contar\u00e1 con m\u00e1s de medio centenar de expositores ..","og:url":"https:\/\/www.eldigitaldeasturias.com\/noticias\/feria-narceanatur-en-cangas-del-narcea\/","og:image":"https:\/\/www.eldigitaldeasturias.com\/noticias\/wp-content\/uploads\/2026\/06\/Contenidos.jpg","og:image:secure_url":"https:\/\/www.eldigitaldeasturias.com\/noticias\/wp-content\/uploads\/2026\/06\/Contenidos.jpg","og:image:width":1265,"og:image:height":697,"article:tag":["agenda asturias","turismo asturias","feria narceanatur","cangas del narcea","agenda"],"article:published_time":"2021-05-29T11:42:27+00:00","article:modified_time":"2021-05-30T17:13:04+00:00","article:publisher":"https:\/\/facebook.com\/eldigitaldeasturias","twitter:card":"summary_large_image","twitter:title":"Feria Narcenatur en Cangas del Narcea - El Digital de Asturias","twitter:description":"La feria de la Naturaleza, el producto ecol\u00f3gico y local de Cangas del Narcea, Narcenatur, contar\u00e1 con m\u00e1s de medio centenar de expositores ..","twitter:image":"https:\/\/www.eldigitaldeasturias.com\/noticias\/wp-content\/uploads\/2026\/06\/Contenidos.jpg","twitter:label1":"Escrito por","twitter:data1":"El Digital de Asturias","twitter:label2":"Tiempo de lectura estimado","twitter:data2":"6 minutos"},"aioseo_meta_data":{"post_id":"1092644","title":null,"description":"La feria de la Naturaleza, el producto ecol\u00f3gico y local de Cangas del Narcea, Narcenatur, contar\u00e1 con m\u00e1s de medio centenar de expositores ..","keywords":[{"label":"Agenda Asturias","value":"Agenda Asturias"},{"label":" turismo asturias","value":" turismo asturias"},{"label":"Feria Narceanatur","value":"Feria Narceanatur"},{"label":" Cangas del Narcea","value":" Cangas del Narcea"}],"keyphrases":{"focus":{"keyphrase":"Narcenatur ","score":80,"analysis":{"keyphraseInTitle":{"title":"Frase clave objetivo en el t\u00edtulo SEO","description":"Frase clave objetivo encontrada en el t\u00edtulo SEO.","score":9,"maxScore":9,"error":0},"keyphraseInDescription":{"title":"Frase clave objetivo en la meta descripci\u00f3n","description":"Frase clave objetivo encontrada en la meta descripci\u00f3n.","score":9,"maxScore":9,"error":0},"keyphraseInURL":{"title":"Frase clave objetivo en la URL","description":"Frase clave objetivo no encontrada en la URL.","score":1,"maxScore":5,"error":1},"keyphraseInIntroduction":{"title":"Frase clave objetivo en la introducci\u00f3n","description":"Su Frase clave objetivo aparece en el primer p\u00e1rrafo. \u00a1Bien hecho!","score":9,"maxScore":9,"error":0},"keyphraseInSubHeadings":[],"keyphraseLength":{"title":"Longitud de la Frase clave objetivo","description":"\u00a1Buen trabajo!","score":9,"maxScore":9,"error":0,"length":1},"keyphraseInImageAlt":{"title":"Frase clave objetivo en los atributos alt de la imagen.","description":"Frase clave objetivo no se encuentra en los atributos alt de la imagen. A\u00f1ada una imagen con su Frase clave objetivo como texto alternativo.","score":3,"maxScore":9,"error":1}}},"additional":[]},"primary_term":null,"canonical_url":null,"og_title":null,"og_description":null,"og_object_type":"default","og_image_type":"default","og_image_url":null,"og_image_width":null,"og_image_height":null,"og_image_custom_url":null,"og_image_custom_fields":null,"og_video":"","og_custom_url":null,"og_article_section":null,"og_article_tags":[],"twitter_use_og":false,"twitter_card":"default","twitter_image_type":"default","twitter_image_url":null,"twitter_image_custom_url":null,"twitter_image_custom_fields":null,"twitter_title":null,"twitter_description":null,"schema":{"blockGraphs":[],"customGraphs":[],"default":{"data":{"Article":[],"Course":[],"Dataset":[],"FAQPage":[],"Movie":[],"Person":[],"Product":[],"ProductReview":[],"Car":[],"Recipe":[],"Service":[],"SoftwareApplication":[],"WebPage":[]},"graphName":"","isEnabled":true},"graphs":[],"defaultGraph":"Article","defaultPostTypeGraph":""},"schema_type":"default","schema_type_options":"{\"article\":{\"articleType\":\"BlogPosting\"},\"course\":{\"name\":\"\",\"description\":\"\",\"provider\":\"\"},\"faq\":{\"pages\":[]},\"product\":{\"reviews\":[]},\"recipe\":{\"ingredients\":[],\"instructions\":[],\"keywords\":[]},\"software\":{\"reviews\":[],\"operatingSystems\":[]},\"webPage\":{\"webPageType\":\"WebPage\"}}","pillar_content":false,"robots_default":true,"robots_noindex":false,"robots_noarchive":false,"robots_nosnippet":false,"robots_nofollow":false,"robots_noimageindex":false,"robots_noodp":false,"robots_notranslate":false,"robots_max_snippet":"-1","robots_max_videopreview":"-1","robots_max_imagepreview":"large","priority":null,"frequency":"default","local_seo":{"locations":{"business":{"name":"","businessType":"","image":"","areaServed":"","urls":{"website":"","aboutPage":"","contactPage":""},"address":{"streetLine1":"","streetLine2":"","zipCode":"","city":"","state":"","country":"","addressFormat":"#streetLineOne\n#streetLineTwo\n#city, #state #zipCode"},"contact":{"email":"","phone":"","phoneFormatted":"","fax":"","faxFormatted":""},"ids":{"vat":"","tax":"","chamberOfCommerce":""},"payment":{"priceRange":"","currenciesAccepted":"","methods":""}}},"openingHours":{"useDefaults":true,"show":true,"alwaysOpen":false,"use24hFormat":false,"timezone":"","labels":{"closed":"","alwaysOpen":""},"days":{"monday":{"open24h":false,"closed":false,"openTime":"09:00","closeTime":"17:00"},"tuesday":{"open24h":false,"closed":false,"openTime":"09:00","closeTime":"17:00"},"wednesday":{"open24h":false,"closed":false,"openTime":"09:00","closeTime":"17:00"},"thursday":{"open24h":false,"closed":false,"openTime":"09:00","closeTime":"17:00"},"friday":{"open24h":false,"closed":false,"openTime":"09:00","closeTime":"17:00"},"saturday":{"open24h":false,"closed":false,"openTime":"09:00","closeTime":"17:00"},"sunday":{"open24h":false,"closed":false,"openTime":"09:00","closeTime":"17:00"}}}},"seo_analyzer_scan_date":"2026-07-18 07:17:16","breadcrumb_settings":null,"limit_modified_date":false,"open_ai":null,"ai":null,"created":"2021-05-29 11:36:21","updated":"2026-07-18 07:17:16","focus_keyword":"Narcenatur","additional_keywords":null,"truseo_locale":null},"aioseo_breadcrumb":"<div class=\"aioseo-breadcrumbs\"><span class=\"aioseo-breadcrumb\">\n\t<a href=\"https:\/\/www.eldigitaldeasturias.com\/noticias\" title=\"Home\">Home<\/a>\n<\/span><span class=\"aioseo-breadcrumb-separator\">\u2013<\/span><span class=\"aioseo-breadcrumb\">\n\t<a href=\"https:\/\/www.eldigitaldeasturias.com\/noticias\/category\/agenda\/\" title=\"Agenda\">Agenda<\/a>\n<\/span><span class=\"aioseo-breadcrumb-separator\">\u2013<\/span><span class=\"aioseo-breadcrumb\">\n\t<a href=\"https:\/\/www.eldigitaldeasturias.com\/noticias\/feria-narceanatur-en-cangas-del-narcea\/\" title=\"Feria Narcenatur en Cangas del Narcea\">Feria Narcenatur en Cangas del Narcea<\/a>\n<\/span><\/div>","aioseo_breadcrumb_json":[{"label":"Home","link":"https:\/\/www.eldigitaldeasturias.com\/noticias"},{"label":"Agenda","link":"https:\/\/www.eldigitaldeasturias.com\/noticias\/category\/agenda\/"},{"label":"Feria Narcenatur en Cangas del Narcea","link":"https:\/\/www.eldigitaldeasturias.com\/noticias\/feria-narceanatur-en-cangas-del-narcea\/"}],"_links":{"self":[{"href":"https:\/\/www.eldigitaldeasturias.com\/noticias\/wp-json\/wp\/v2\/posts\/1092644","targetHints":{"allow":["GET"]}}],"collection":[{"href":"https:\/\/www.eldigitaldeasturias.com\/noticias\/wp-json\/wp\/v2\/posts"}],"about":[{"href":"https:\/\/www.eldigitaldeasturias.com\/noticias\/wp-json\/wp\/v2\/types\/post"}],"author":[{"embeddable":true,"href":"https:\/\/www.eldigitaldeasturias.com\/noticias\/wp-json\/wp\/v2\/users\/1"}],"replies":[{"embeddable":true,"href":"https:\/\/www.eldigitaldeasturias.com\/noticias\/wp-json\/wp\/v2\/comments?post=1092644"}],"version-history":[{"count":0,"href":"https:\/\/www.eldigitaldeasturias.com\/noticias\/wp-json\/wp\/v2\/posts\/1092644\/revisions"}],"wp:featuredmedia":[{"embeddable":true,"href":"https:\/\/www.eldigitaldeasturias.com\/noticias\/wp-json\/wp\/v2\/media\/1132184"}],"wp:attachment":[{"href":"https:\/\/www.eldigitaldeasturias.com\/noticias\/wp-json\/wp\/v2\/media?parent=1092644"}],"wp:term":[{"taxonomy":"category","embeddable":true,"href":"https:\/\/www.eldigitaldeasturias.com\/noticias\/wp-json\/wp\/v2\/categories?post=1092644"},{"taxonomy":"post_tag","embeddable":true,"href":"https:\/\/www.eldigitaldeasturias.com\/noticias\/wp-json\/wp\/v2\/tags?post=1092644"}],"curies":[{"name":"wp","href":"https:\/\/api.w.org\/{rel}","templated":true}]}}