{"id":1092639,"date":"2021-05-29T12:25:48","date_gmt":"2021-05-29T11:25:48","guid":{"rendered":"https:\/\/www.eldigitaldeasturias.com\/noticias\/?p=1092639"},"modified":"2021-05-29T12:25:48","modified_gmt":"2021-05-29T11:25:48","slug":"asturias-tendra-un-espacio-propio-en-madrid-fusion-2021","status":"publish","type":"post","link":"https:\/\/www.eldigitaldeasturias.com\/noticias\/asturias-tendra-un-espacio-propio-en-madrid-fusion-2021\/","title":{"rendered":"Asturias tendr\u00e1 un espacio propio en \u00abMadrid Fusi\u00f3n 2021\u00bb"},"content":{"rendered":"<p><img loading=\"lazy\" decoding=\"async\" class=\"alignleft size-medium wp-image-1092640\" src=\"https:\/\/www.eldigitaldeasturias.com\/noticias\/wp-content\/uploads\/2021\/05\/Especias-sabores-fusion-360x240.jpg\" alt=\"sabores Asturias\" width=\"360\" height=\"240\" \/>El Gobierno de <strong>Asturias<\/strong> tendr\u00e1 por primera vez un espacio propio en Madrid Fusi\u00f3n, la gran cita internacional de la gastronom\u00eda que se celebra desde el lunes hasta el mi\u00e9rcoles en el recinto ferial madrile\u00f1o, Ifema, y que se presenta como \u201cel primer congreso global de gastronom\u00eda del mundo\u201d.<\/p>\n<p>El Ejecutivo ha elaborado una programaci\u00f3n para el denominado <strong>Espacio Gastron\u00f3mico Asturias Para\u00edso Natural y Alimentos del Para\u00edso<\/strong> acorde con su apuesta por impulsar la gastronom\u00eda como atractivo tur\u00edstico, concretada en el Plan de Posicionamiento Gastron\u00f3mico de Asturias que fue presentado recientemente en el marco de Fitur. El plan promovido por la Consejer\u00eda de Cultura, Pol\u00edtica Lling\u00fc\u00edstica y Turismo es una gu\u00eda de referencia para impulsar la proyecci\u00f3n de la gastronom\u00eda como producto tur\u00edstico, y est\u00e1 alineado con la Estrategia Tur\u00edstica de Asturias 2030.<\/p>\n<p>El programa del Principado para la cita madrile\u00f1a est\u00e1 basado en la alianza de sus marcas Asturias Para\u00edso Gastron\u00f3mico-Cocina de Paisaje y Alimentos del Para\u00edso. As\u00ed, por una parte el programa ofrecer\u00e1 distintas demostraciones y catas de productos pertenecientes a la marca Alimentos del Para\u00edso, y, por otra, acoger\u00e1 demostraciones culinarias a cargo de profesionales de la restauraci\u00f3n asturiana con Estrellas Michel\u00edn, guisanderas y j\u00f3venes talentos de la gastronom\u00eda regional, todas ellas bajo la marca Asturias, Para\u00edso Gastron\u00f3mico\u2013Cocina de Paisaje.<\/p>\n<h3>Estrellas Michel\u00edn, guisanderas y j\u00f3venes talentos<\/h3>\n<p>El lunes, en la jornada dedicada a Estrellas Michel\u00edn, el almuerzo estar\u00e1 elaborado por Nacho y Esther Manzano, de Casa Marcial, Ricardo Sotres, de El Retiro, y To\u00f1o Arg\u00fcelles, de Arg\u00fcelles Chocolatier. Al d\u00eda siguiente, en la jornada dedicada a Guisanderas de Asturias, el men\u00fa ser\u00e1 preparado por Yvonne Corral, de Casa Telva, Ramona Men\u00e9ndez, de Casa Belarmino, y Julio Blanco, de la pasteler\u00eda Pomme Sucre. Finalmente, en la jornada dedicada a j\u00f3venes talentos, el mi\u00e9rcoles el men\u00fa del almuerzo lo elaborar\u00e1n Xune Andrade, del restaurante Monte, Javier \u00c1lvarez Farp\u00f3n, de Casa Farp\u00f3n, y Jonathan Gonz\u00e1lez, de la pasteler\u00eda Cabo Busto.<\/p>\n<p>El espacio asturiano para Madrid Fusi\u00f3n tiene una superficie de 160 metros cuadrados y est\u00e1 dise\u00f1ado en sinton\u00eda con la l\u00ednea de la promoci\u00f3n tur\u00edstica del Principado. El estand est\u00e1 perfectamente equipado para acoger las presentaciones y las catas y degustaciones programadas para el encuentro gastron\u00f3mico.<\/p>\n<p>&nbsp;<\/p>\n<p>&nbsp;<\/p>\n","protected":false},"excerpt":{"rendered":"<p>El Gobierno de Asturias tendr\u00e1 por primera vez un espacio propio en Madrid Fusi\u00f3n, la gran cita internacional de la gastronom\u00eda que se celebra desde el lunes hasta el mi\u00e9rcoles en el recinto ferial madrile\u00f1o, Ifema, y que se presenta como \u201cel primer congreso global de gastronom\u00eda del mundo\u201d. El Ejecutivo ha elaborado una programaci\u00f3n [&hellip;]<\/p>\n","protected":false},"author":1,"featured_media":1132184,"comment_status":"closed","ping_status":"closed","sticky":false,"template":"","format":"standard","meta":{"footnotes":""},"categories":[12],"tags":[],"class_list":["post-1092639","post","type-post","status-publish","format-standard","has-post-thumbnail","hentry","category-actualidad-asturias"],"aioseo_notices":[],"aioseo_head":"\n\t\t<!-- All in One SEO Pro 5.0.1 - aioseo.com -->\n\t<meta name=\"description\" content=\"El Gobierno de Asturias tendr\u00e1 por primera vez un espacio propio en Madrid Fusi\u00f3n, la gran cita internacional de la gastronom\u00eda que se celebra desde el lunes ..\" \/>\n\t<meta name=\"robots\" content=\"max-image-preview:large\" \/>\n\t<meta name=\"author\" content=\"El Digital de Asturias\"\/>\n\t<meta name=\"google-site-verification\" content=\"UA-38556648-1\" \/>\n\t<meta name=\"msvalidate.01\" content=\"7dfe9f3f1b24437ab69f4f2559babe99\" \/>\n\t<meta name=\"keywords\" content=\"asturias,sabores,sabores asturianos,madrid,actualidad asturias\" \/>\n\t<link rel=\"canonical\" href=\"https:\/\/www.eldigitaldeasturias.com\/noticias\/asturias-tendra-un-espacio-propio-en-madrid-fusion-2021\/\" \/>\n\t<meta name=\"generator\" content=\"All in One SEO Pro (AIOSEO) 5.0.1\" \/>\n\t\t<meta property=\"og:locale\" content=\"es_ES\" \/>\n\t\t<meta property=\"og:site_name\" content=\"El Digital de Asturias\" \/>\n\t\t<meta property=\"og:type\" content=\"article\" \/>\n\t\t<meta property=\"og:title\" content=\"Asturias tendr\u00e1 un espacio propio en \u00abMadrid Fusi\u00f3n 2021\u00bb - El Digital de Asturias\" \/>\n\t\t<meta property=\"og:description\" content=\"El Gobierno de Asturias tendr\u00e1 por primera vez un espacio propio en Madrid Fusi\u00f3n, la gran cita internacional de la gastronom\u00eda que se celebra desde el lunes ..\" \/>\n\t\t<meta property=\"og:url\" content=\"https:\/\/www.eldigitaldeasturias.com\/noticias\/asturias-tendra-un-espacio-propio-en-madrid-fusion-2021\/\" \/>\n\t\t<meta property=\"og:image\" content=\"https:\/\/www.eldigitaldeasturias.com\/noticias\/wp-content\/uploads\/2026\/06\/Contenidos.jpg\" \/>\n\t\t<meta property=\"og:image:secure_url\" content=\"https:\/\/www.eldigitaldeasturias.com\/noticias\/wp-content\/uploads\/2026\/06\/Contenidos.jpg\" \/>\n\t\t<meta property=\"og:image:width\" content=\"1265\" \/>\n\t\t<meta property=\"og:image:height\" content=\"697\" \/>\n\t\t<meta property=\"article:tag\" content=\"asturias\" \/>\n\t\t<meta property=\"article:tag\" content=\"sabores\" \/>\n\t\t<meta property=\"article:tag\" content=\"sabores asturianos\" \/>\n\t\t<meta property=\"article:tag\" content=\"madrid\" \/>\n\t\t<meta property=\"article:tag\" content=\"actualidad asturias\" \/>\n\t\t<meta property=\"article:published_time\" content=\"2021-05-29T11:25:48+00:00\" \/>\n\t\t<meta property=\"article:modified_time\" content=\"2021-05-29T11:25:48+00:00\" \/>\n\t\t<meta property=\"article:publisher\" content=\"https:\/\/facebook.com\/eldigitaldeasturias\" \/>\n\t\t<meta name=\"twitter:card\" content=\"summary_large_image\" \/>\n\t\t<meta name=\"twitter:title\" content=\"Asturias tendr\u00e1 un espacio propio en \u00abMadrid Fusi\u00f3n 2021\u00bb - El Digital de Asturias\" \/>\n\t\t<meta name=\"twitter:description\" content=\"El Gobierno de Asturias tendr\u00e1 por primera vez un espacio propio en Madrid Fusi\u00f3n, la gran cita internacional de la gastronom\u00eda que se celebra desde el lunes ..\" \/>\n\t\t<meta name=\"twitter:image\" content=\"https:\/\/www.eldigitaldeasturias.com\/noticias\/wp-content\/uploads\/2026\/06\/Contenidos.jpg\" \/>\n\t\t<meta name=\"twitter:label1\" content=\"Escrito por\" \/>\n\t\t<meta name=\"twitter:data1\" content=\"El Digital de Asturias\" \/>\n\t\t<meta name=\"twitter:label2\" content=\"Tiempo de lectura estimado\" \/>\n\t\t<meta name=\"twitter:data2\" content=\"2 minutos\" \/>\n\t\t<script type=\"application\/ld+json\" class=\"aioseo-schema\">\n\t\t\t{\"@context\":\"https:\\\/\\\/schema.org\",\"@graph\":[{\"@type\":\"BlogPosting\",\"@id\":\"https:\\\/\\\/www.eldigitaldeasturias.com\\\/noticias\\\/asturias-tendra-un-espacio-propio-en-madrid-fusion-2021\\\/#blogposting\",\"name\":\"Asturias tendr\\u00e1 un espacio propio en \\u00abMadrid Fusi\\u00f3n 2021\\u00bb - El Digital de Asturias\",\"headline\":\"Asturias tendr\\u00e1 un espacio propio en \\u00abMadrid Fusi\\u00f3n 2021\\u00bb\",\"author\":{\"@id\":\"https:\\\/\\\/www.eldigitaldeasturias.com\\\/noticias\\\/author\\\/admin\\\/#author\"},\"publisher\":{\"@id\":\"https:\\\/\\\/www.eldigitaldeasturias.com\\\/noticias\\\/#organization\"},\"image\":{\"@type\":\"ImageObject\",\"url\":\"https:\\\/\\\/www.eldigitaldeasturias.com\\\/noticias\\\/wp-content\\\/uploads\\\/2026\\\/06\\\/Contenidos.jpg\",\"width\":1265,\"height\":697,\"caption\":\"Contenidos\"},\"datePublished\":\"2021-05-29T12:25:48+02:00\",\"dateModified\":\"2021-05-29T12:25:48+02:00\",\"inLanguage\":\"es-ES\",\"mainEntityOfPage\":{\"@id\":\"https:\\\/\\\/www.eldigitaldeasturias.com\\\/noticias\\\/asturias-tendra-un-espacio-propio-en-madrid-fusion-2021\\\/#webpage\"},\"isPartOf\":{\"@id\":\"https:\\\/\\\/www.eldigitaldeasturias.com\\\/noticias\\\/asturias-tendra-un-espacio-propio-en-madrid-fusion-2021\\\/#webpage\"},\"articleSection\":\"Actualidad Asturias\"},{\"@type\":\"BreadcrumbList\",\"@id\":\"https:\\\/\\\/www.eldigitaldeasturias.com\\\/noticias\\\/asturias-tendra-un-espacio-propio-en-madrid-fusion-2021\\\/#breadcrumblist\",\"itemListElement\":[{\"@type\":\"ListItem\",\"@id\":\"https:\\\/\\\/www.eldigitaldeasturias.com\\\/noticias#listItem\",\"position\":1,\"name\":\"Home\",\"item\":\"https:\\\/\\\/www.eldigitaldeasturias.com\\\/noticias\",\"nextItem\":{\"@type\":\"ListItem\",\"@id\":\"https:\\\/\\\/www.eldigitaldeasturias.com\\\/noticias\\\/category\\\/actualidad-asturias\\\/#listItem\",\"name\":\"Actualidad Asturias\"}},{\"@type\":\"ListItem\",\"@id\":\"https:\\\/\\\/www.eldigitaldeasturias.com\\\/noticias\\\/category\\\/actualidad-asturias\\\/#listItem\",\"position\":2,\"name\":\"Actualidad Asturias\",\"item\":\"https:\\\/\\\/www.eldigitaldeasturias.com\\\/noticias\\\/category\\\/actualidad-asturias\\\/\",\"nextItem\":{\"@type\":\"ListItem\",\"@id\":\"https:\\\/\\\/www.eldigitaldeasturias.com\\\/noticias\\\/asturias-tendra-un-espacio-propio-en-madrid-fusion-2021\\\/#listItem\",\"name\":\"Asturias tendr\\u00e1 un espacio propio en \\u00abMadrid Fusi\\u00f3n 2021\\u00bb\"},\"previousItem\":{\"@type\":\"ListItem\",\"@id\":\"https:\\\/\\\/www.eldigitaldeasturias.com\\\/noticias#listItem\",\"name\":\"Home\"}},{\"@type\":\"ListItem\",\"@id\":\"https:\\\/\\\/www.eldigitaldeasturias.com\\\/noticias\\\/asturias-tendra-un-espacio-propio-en-madrid-fusion-2021\\\/#listItem\",\"position\":3,\"name\":\"Asturias tendr\\u00e1 un espacio propio en \\u00abMadrid Fusi\\u00f3n 2021\\u00bb\",\"previousItem\":{\"@type\":\"ListItem\",\"@id\":\"https:\\\/\\\/www.eldigitaldeasturias.com\\\/noticias\\\/category\\\/actualidad-asturias\\\/#listItem\",\"name\":\"Actualidad Asturias\"}}]},{\"@type\":\"Organization\",\"@id\":\"https:\\\/\\\/www.eldigitaldeasturias.com\\\/noticias\\\/#organization\",\"name\":\"El Digital de Asturias\",\"description\":\"Hemeroteca\",\"url\":\"https:\\\/\\\/www.eldigitaldeasturias.com\\\/noticias\\\/\",\"email\":\"info@eldigitaldeasturias.com\",\"telephone\":\"+34652131393\",\"logo\":{\"@type\":\"ImageObject\",\"url\":\"https:\\\/\\\/www.eldigitaldeasturias.com\\\/noticias\\\/wp-content\\\/uploads\\\/2020\\\/12\\\/EDA.jpg\",\"@id\":\"https:\\\/\\\/www.eldigitaldeasturias.com\\\/noticias\\\/asturias-tendra-un-espacio-propio-en-madrid-fusion-2021\\\/#organizationLogo\"},\"image\":{\"@id\":\"https:\\\/\\\/www.eldigitaldeasturias.com\\\/noticias\\\/asturias-tendra-un-espacio-propio-en-madrid-fusion-2021\\\/#organizationLogo\"},\"sameAs\":[\"https:\\\/\\\/facebook.com\\\/eldigitaldeasturias\",\"https:\\\/\\\/www.youtube.com\\\/channel\\\/UCZP-2wLEB9Rv6erhFmqVnvg\"],\"address\":{\"@id\":\"https:\\\/\\\/www.eldigitaldeasturias.com\\\/noticias\\\/#postaladdress\",\"@type\":\"PostalAddress\",\"streetAddress\":\"san antonio 4\",\"postalCode\":\"33430\",\"addressLocality\":\"Cand\\u00e1s\",\"addressRegion\":\"Asturias\",\"addressCountry\":\"ES\"}},{\"@type\":\"Person\",\"@id\":\"https:\\\/\\\/www.eldigitaldeasturias.com\\\/noticias\\\/author\\\/admin\\\/#author\",\"url\":\"https:\\\/\\\/www.eldigitaldeasturias.com\\\/noticias\\\/author\\\/admin\\\/\",\"name\":\"El Digital de Asturias\",\"image\":{\"@type\":\"ImageObject\",\"@id\":\"https:\\\/\\\/www.eldigitaldeasturias.com\\\/noticias\\\/asturias-tendra-un-espacio-propio-en-madrid-fusion-2021\\\/#authorImage\",\"url\":\"https:\\\/\\\/secure.gravatar.com\\\/avatar\\\/df2aeffc32bcd13f8d26072ef8a91b623d677766deac7f97ca815868cd41bf5e?s=96&d=mm&r=g\",\"width\":96,\"height\":96,\"caption\":\"El Digital de Asturias\"}},{\"@type\":\"WebPage\",\"@id\":\"https:\\\/\\\/www.eldigitaldeasturias.com\\\/noticias\\\/asturias-tendra-un-espacio-propio-en-madrid-fusion-2021\\\/#webpage\",\"url\":\"https:\\\/\\\/www.eldigitaldeasturias.com\\\/noticias\\\/asturias-tendra-un-espacio-propio-en-madrid-fusion-2021\\\/\",\"name\":\"Asturias tendr\\u00e1 un espacio propio en \\u00abMadrid Fusi\\u00f3n 2021\\u00bb - El Digital de Asturias\",\"description\":\"El Gobierno de Asturias tendr\\u00e1 por primera vez un espacio propio en Madrid Fusi\\u00f3n, la gran cita internacional de la gastronom\\u00eda que se celebra desde el lunes ..\",\"inLanguage\":\"es-ES\",\"isPartOf\":{\"@id\":\"https:\\\/\\\/www.eldigitaldeasturias.com\\\/noticias\\\/#website\"},\"breadcrumb\":{\"@id\":\"https:\\\/\\\/www.eldigitaldeasturias.com\\\/noticias\\\/asturias-tendra-un-espacio-propio-en-madrid-fusion-2021\\\/#breadcrumblist\"},\"author\":{\"@id\":\"https:\\\/\\\/www.eldigitaldeasturias.com\\\/noticias\\\/author\\\/admin\\\/#author\"},\"creator\":{\"@id\":\"https:\\\/\\\/www.eldigitaldeasturias.com\\\/noticias\\\/author\\\/admin\\\/#author\"},\"image\":{\"@type\":\"ImageObject\",\"url\":\"https:\\\/\\\/www.eldigitaldeasturias.com\\\/noticias\\\/wp-content\\\/uploads\\\/2026\\\/06\\\/Contenidos.jpg\",\"@id\":\"https:\\\/\\\/www.eldigitaldeasturias.com\\\/noticias\\\/asturias-tendra-un-espacio-propio-en-madrid-fusion-2021\\\/#mainImage\",\"width\":1265,\"height\":697,\"caption\":\"Contenidos\"},\"primaryImageOfPage\":{\"@id\":\"https:\\\/\\\/www.eldigitaldeasturias.com\\\/noticias\\\/asturias-tendra-un-espacio-propio-en-madrid-fusion-2021\\\/#mainImage\"},\"datePublished\":\"2021-05-29T12:25:48+02:00\",\"dateModified\":\"2021-05-29T12:25:48+02:00\"},{\"@type\":\"WebSite\",\"@id\":\"https:\\\/\\\/www.eldigitaldeasturias.com\\\/noticias\\\/#website\",\"url\":\"https:\\\/\\\/www.eldigitaldeasturias.com\\\/noticias\\\/\",\"name\":\"El Digital de Asturias - Diario de actualidad y noticias\",\"alternateName\":\"El Digital de Asturias - Diario de actualidad y noticias\",\"description\":\"Hemeroteca\",\"inLanguage\":\"es-ES\",\"publisher\":{\"@id\":\"https:\\\/\\\/www.eldigitaldeasturias.com\\\/noticias\\\/#organization\"}}]}\n\t\t<\/script>\n\t\t<!-- All in One SEO Pro -->\r\n\t\t<title>Asturias tendr\u00e1 un espacio propio en \u00abMadrid Fusi\u00f3n 2021\u00bb - El Digital de Asturias<\/title>\n\n","aioseo_head_json":{"title":"Asturias tendr\u00e1 un espacio propio en \u00abMadrid Fusi\u00f3n 2021\u00bb - El Digital de Asturias","description":"El Gobierno de Asturias tendr\u00e1 por primera vez un espacio propio en Madrid Fusi\u00f3n, la gran cita internacional de la gastronom\u00eda que se celebra desde el lunes ..","canonical_url":"https:\/\/www.eldigitaldeasturias.com\/noticias\/asturias-tendra-un-espacio-propio-en-madrid-fusion-2021\/","robots":"max-image-preview:large","keywords":"asturias,sabores,sabores asturianos,madrid,actualidad asturias","webmasterTools":{"google-site-verification":"UA-38556648-1","msvalidate.01":"7dfe9f3f1b24437ab69f4f2559babe99","miscellaneous":""},"schema":{"@context":"https:\/\/schema.org","@graph":[{"@type":"BlogPosting","@id":"https:\/\/www.eldigitaldeasturias.com\/noticias\/asturias-tendra-un-espacio-propio-en-madrid-fusion-2021\/#blogposting","name":"Asturias tendr\u00e1 un espacio propio en \u00abMadrid Fusi\u00f3n 2021\u00bb - El Digital de Asturias","headline":"Asturias tendr\u00e1 un espacio propio en \u00abMadrid Fusi\u00f3n 2021\u00bb","author":{"@id":"https:\/\/www.eldigitaldeasturias.com\/noticias\/author\/admin\/#author"},"publisher":{"@id":"https:\/\/www.eldigitaldeasturias.com\/noticias\/#organization"},"image":{"@type":"ImageObject","url":"https:\/\/www.eldigitaldeasturias.com\/noticias\/wp-content\/uploads\/2026\/06\/Contenidos.jpg","width":1265,"height":697,"caption":"Contenidos"},"datePublished":"2021-05-29T12:25:48+02:00","dateModified":"2021-05-29T12:25:48+02:00","inLanguage":"es-ES","mainEntityOfPage":{"@id":"https:\/\/www.eldigitaldeasturias.com\/noticias\/asturias-tendra-un-espacio-propio-en-madrid-fusion-2021\/#webpage"},"isPartOf":{"@id":"https:\/\/www.eldigitaldeasturias.com\/noticias\/asturias-tendra-un-espacio-propio-en-madrid-fusion-2021\/#webpage"},"articleSection":"Actualidad Asturias"},{"@type":"BreadcrumbList","@id":"https:\/\/www.eldigitaldeasturias.com\/noticias\/asturias-tendra-un-espacio-propio-en-madrid-fusion-2021\/#breadcrumblist","itemListElement":[{"@type":"ListItem","@id":"https:\/\/www.eldigitaldeasturias.com\/noticias#listItem","position":1,"name":"Home","item":"https:\/\/www.eldigitaldeasturias.com\/noticias","nextItem":{"@type":"ListItem","@id":"https:\/\/www.eldigitaldeasturias.com\/noticias\/category\/actualidad-asturias\/#listItem","name":"Actualidad Asturias"}},{"@type":"ListItem","@id":"https:\/\/www.eldigitaldeasturias.com\/noticias\/category\/actualidad-asturias\/#listItem","position":2,"name":"Actualidad Asturias","item":"https:\/\/www.eldigitaldeasturias.com\/noticias\/category\/actualidad-asturias\/","nextItem":{"@type":"ListItem","@id":"https:\/\/www.eldigitaldeasturias.com\/noticias\/asturias-tendra-un-espacio-propio-en-madrid-fusion-2021\/#listItem","name":"Asturias tendr\u00e1 un espacio propio en \u00abMadrid Fusi\u00f3n 2021\u00bb"},"previousItem":{"@type":"ListItem","@id":"https:\/\/www.eldigitaldeasturias.com\/noticias#listItem","name":"Home"}},{"@type":"ListItem","@id":"https:\/\/www.eldigitaldeasturias.com\/noticias\/asturias-tendra-un-espacio-propio-en-madrid-fusion-2021\/#listItem","position":3,"name":"Asturias tendr\u00e1 un espacio propio en \u00abMadrid Fusi\u00f3n 2021\u00bb","previousItem":{"@type":"ListItem","@id":"https:\/\/www.eldigitaldeasturias.com\/noticias\/category\/actualidad-asturias\/#listItem","name":"Actualidad Asturias"}}]},{"@type":"Organization","@id":"https:\/\/www.eldigitaldeasturias.com\/noticias\/#organization","name":"El Digital de Asturias","description":"Hemeroteca","url":"https:\/\/www.eldigitaldeasturias.com\/noticias\/","email":"info@eldigitaldeasturias.com","telephone":"+34652131393","logo":{"@type":"ImageObject","url":"https:\/\/www.eldigitaldeasturias.com\/noticias\/wp-content\/uploads\/2020\/12\/EDA.jpg","@id":"https:\/\/www.eldigitaldeasturias.com\/noticias\/asturias-tendra-un-espacio-propio-en-madrid-fusion-2021\/#organizationLogo"},"image":{"@id":"https:\/\/www.eldigitaldeasturias.com\/noticias\/asturias-tendra-un-espacio-propio-en-madrid-fusion-2021\/#organizationLogo"},"sameAs":["https:\/\/facebook.com\/eldigitaldeasturias","https:\/\/www.youtube.com\/channel\/UCZP-2wLEB9Rv6erhFmqVnvg"],"address":{"@id":"https:\/\/www.eldigitaldeasturias.com\/noticias\/#postaladdress","@type":"PostalAddress","streetAddress":"san antonio 4","postalCode":"33430","addressLocality":"Cand\u00e1s","addressRegion":"Asturias","addressCountry":"ES"}},{"@type":"Person","@id":"https:\/\/www.eldigitaldeasturias.com\/noticias\/author\/admin\/#author","url":"https:\/\/www.eldigitaldeasturias.com\/noticias\/author\/admin\/","name":"El Digital de Asturias","image":{"@type":"ImageObject","@id":"https:\/\/www.eldigitaldeasturias.com\/noticias\/asturias-tendra-un-espacio-propio-en-madrid-fusion-2021\/#authorImage","url":"https:\/\/secure.gravatar.com\/avatar\/df2aeffc32bcd13f8d26072ef8a91b623d677766deac7f97ca815868cd41bf5e?s=96&d=mm&r=g","width":96,"height":96,"caption":"El Digital de Asturias"}},{"@type":"WebPage","@id":"https:\/\/www.eldigitaldeasturias.com\/noticias\/asturias-tendra-un-espacio-propio-en-madrid-fusion-2021\/#webpage","url":"https:\/\/www.eldigitaldeasturias.com\/noticias\/asturias-tendra-un-espacio-propio-en-madrid-fusion-2021\/","name":"Asturias tendr\u00e1 un espacio propio en \u00abMadrid Fusi\u00f3n 2021\u00bb - El Digital de Asturias","description":"El Gobierno de Asturias tendr\u00e1 por primera vez un espacio propio en Madrid Fusi\u00f3n, la gran cita internacional de la gastronom\u00eda que se celebra desde el lunes ..","inLanguage":"es-ES","isPartOf":{"@id":"https:\/\/www.eldigitaldeasturias.com\/noticias\/#website"},"breadcrumb":{"@id":"https:\/\/www.eldigitaldeasturias.com\/noticias\/asturias-tendra-un-espacio-propio-en-madrid-fusion-2021\/#breadcrumblist"},"author":{"@id":"https:\/\/www.eldigitaldeasturias.com\/noticias\/author\/admin\/#author"},"creator":{"@id":"https:\/\/www.eldigitaldeasturias.com\/noticias\/author\/admin\/#author"},"image":{"@type":"ImageObject","url":"https:\/\/www.eldigitaldeasturias.com\/noticias\/wp-content\/uploads\/2026\/06\/Contenidos.jpg","@id":"https:\/\/www.eldigitaldeasturias.com\/noticias\/asturias-tendra-un-espacio-propio-en-madrid-fusion-2021\/#mainImage","width":1265,"height":697,"caption":"Contenidos"},"primaryImageOfPage":{"@id":"https:\/\/www.eldigitaldeasturias.com\/noticias\/asturias-tendra-un-espacio-propio-en-madrid-fusion-2021\/#mainImage"},"datePublished":"2021-05-29T12:25:48+02:00","dateModified":"2021-05-29T12:25:48+02:00"},{"@type":"WebSite","@id":"https:\/\/www.eldigitaldeasturias.com\/noticias\/#website","url":"https:\/\/www.eldigitaldeasturias.com\/noticias\/","name":"El Digital de Asturias - Diario de actualidad y noticias","alternateName":"El Digital de Asturias - Diario de actualidad y noticias","description":"Hemeroteca","inLanguage":"es-ES","publisher":{"@id":"https:\/\/www.eldigitaldeasturias.com\/noticias\/#organization"}}]},"og:locale":"es_ES","og:site_name":"El Digital de Asturias","og:type":"article","og:title":"Asturias tendr\u00e1 un espacio propio en \u00abMadrid Fusi\u00f3n 2021\u00bb - El Digital de Asturias","og:description":"El Gobierno de Asturias tendr\u00e1 por primera vez un espacio propio en Madrid Fusi\u00f3n, la gran cita internacional de la gastronom\u00eda que se celebra desde el lunes ..","og:url":"https:\/\/www.eldigitaldeasturias.com\/noticias\/asturias-tendra-un-espacio-propio-en-madrid-fusion-2021\/","og:image":"https:\/\/www.eldigitaldeasturias.com\/noticias\/wp-content\/uploads\/2026\/06\/Contenidos.jpg","og:image:secure_url":"https:\/\/www.eldigitaldeasturias.com\/noticias\/wp-content\/uploads\/2026\/06\/Contenidos.jpg","og:image:width":1265,"og:image:height":697,"article:tag":["asturias","sabores","sabores asturianos","madrid","actualidad asturias"],"article:published_time":"2021-05-29T11:25:48+00:00","article:modified_time":"2021-05-29T11:25:48+00:00","article:publisher":"https:\/\/facebook.com\/eldigitaldeasturias","twitter:card":"summary_large_image","twitter:title":"Asturias tendr\u00e1 un espacio propio en \u00abMadrid Fusi\u00f3n 2021\u00bb - El Digital de Asturias","twitter:description":"El Gobierno de Asturias tendr\u00e1 por primera vez un espacio propio en Madrid Fusi\u00f3n, la gran cita internacional de la gastronom\u00eda que se celebra desde el lunes ..","twitter:image":"https:\/\/www.eldigitaldeasturias.com\/noticias\/wp-content\/uploads\/2026\/06\/Contenidos.jpg","twitter:label1":"Escrito por","twitter:data1":"El Digital de Asturias","twitter:label2":"Tiempo de lectura estimado","twitter:data2":"2 minutos"},"aioseo_meta_data":{"post_id":"1092639","title":null,"description":"El Gobierno de Asturias tendr\u00e1 por primera vez un espacio propio en Madrid Fusi\u00f3n, la gran cita internacional de la gastronom\u00eda que se celebra desde el lunes ..","keywords":[{"label":"Asturias","value":"Asturias"},{"label":" sabores","value":" sabores"},{"label":" sabores asturianos","value":" sabores asturianos"},{"label":" Madrid","value":" Madrid"}],"keyphrases":{"focus":[],"additional":[]},"primary_term":null,"canonical_url":null,"og_title":null,"og_description":null,"og_object_type":"default","og_image_type":"default","og_image_url":null,"og_image_width":null,"og_image_height":null,"og_image_custom_url":null,"og_image_custom_fields":null,"og_video":"","og_custom_url":null,"og_article_section":null,"og_article_tags":[],"twitter_use_og":false,"twitter_card":"default","twitter_image_type":"default","twitter_image_url":null,"twitter_image_custom_url":null,"twitter_image_custom_fields":null,"twitter_title":null,"twitter_description":null,"schema":{"blockGraphs":[],"customGraphs":[],"default":{"data":{"Article":[],"Course":[],"Dataset":[],"FAQPage":[],"Movie":[],"Person":[],"Product":[],"ProductReview":[],"Car":[],"Recipe":[],"Service":[],"SoftwareApplication":[],"WebPage":[]},"graphName":"","isEnabled":true},"graphs":[],"defaultGraph":"Article","defaultPostTypeGraph":""},"schema_type":"default","schema_type_options":"{\"article\":{\"articleType\":\"BlogPosting\"},\"course\":{\"name\":\"\",\"description\":\"\",\"provider\":\"\"},\"faq\":{\"pages\":[]},\"product\":{\"reviews\":[]},\"recipe\":{\"ingredients\":[],\"instructions\":[],\"keywords\":[]},\"software\":{\"reviews\":[],\"operatingSystems\":[]},\"webPage\":{\"webPageType\":\"WebPage\"}}","pillar_content":false,"robots_default":true,"robots_noindex":false,"robots_noarchive":false,"robots_nosnippet":false,"robots_nofollow":false,"robots_noimageindex":false,"robots_noodp":false,"robots_notranslate":false,"robots_max_snippet":"-1","robots_max_videopreview":"-1","robots_max_imagepreview":"large","priority":null,"frequency":"default","local_seo":{"locations":{"business":{"name":"","businessType":"","image":"","areaServed":"","urls":{"website":"","aboutPage":"","contactPage":""},"address":{"streetLine1":"","streetLine2":"","zipCode":"","city":"","state":"","country":"","addressFormat":"#streetLineOne\n#streetLineTwo\n#city, #state #zipCode"},"contact":{"email":"","phone":"","phoneFormatted":"","fax":"","faxFormatted":""},"ids":{"vat":"","tax":"","chamberOfCommerce":""},"payment":{"priceRange":"","currenciesAccepted":"","methods":""}}},"openingHours":{"useDefaults":true,"show":true,"alwaysOpen":false,"use24hFormat":false,"timezone":"","labels":{"closed":"","alwaysOpen":""},"days":{"monday":{"open24h":false,"closed":false,"openTime":"09:00","closeTime":"17:00"},"tuesday":{"open24h":false,"closed":false,"openTime":"09:00","closeTime":"17:00"},"wednesday":{"open24h":false,"closed":false,"openTime":"09:00","closeTime":"17:00"},"thursday":{"open24h":false,"closed":false,"openTime":"09:00","closeTime":"17:00"},"friday":{"open24h":false,"closed":false,"openTime":"09:00","closeTime":"17:00"},"saturday":{"open24h":false,"closed":false,"openTime":"09:00","closeTime":"17:00"},"sunday":{"open24h":false,"closed":false,"openTime":"09:00","closeTime":"17:00"}}}},"seo_analyzer_scan_date":"2026-07-18 07:10:25","breadcrumb_settings":null,"limit_modified_date":false,"open_ai":null,"ai":null,"created":"2021-05-29 11:22:06","updated":"2026-07-18 07:10:25","focus_keyword":null,"additional_keywords":null,"truseo_locale":null},"aioseo_breadcrumb":"<div class=\"aioseo-breadcrumbs\"><span class=\"aioseo-breadcrumb\">\n\t<a href=\"https:\/\/www.eldigitaldeasturias.com\/noticias\" title=\"Home\">Home<\/a>\n<\/span><span class=\"aioseo-breadcrumb-separator\">\u2013<\/span><span class=\"aioseo-breadcrumb\">\n\t<a href=\"https:\/\/www.eldigitaldeasturias.com\/noticias\/category\/actualidad-asturias\/\" title=\"Actualidad Asturias\">Actualidad Asturias<\/a>\n<\/span><span class=\"aioseo-breadcrumb-separator\">\u2013<\/span><span class=\"aioseo-breadcrumb\">\n\t<a href=\"https:\/\/www.eldigitaldeasturias.com\/noticias\/asturias-tendra-un-espacio-propio-en-madrid-fusion-2021\/\" title=\"Asturias tendr\u00e1 un espacio propio en \u00abMadrid Fusi\u00f3n 2021\u00bb\">Asturias tendr\u00e1 un espacio propio en \u00abMadrid Fusi\u00f3n 2021\u00bb<\/a>\n<\/span><\/div>","aioseo_breadcrumb_json":[{"label":"Home","link":"https:\/\/www.eldigitaldeasturias.com\/noticias"},{"label":"Actualidad Asturias","link":"https:\/\/www.eldigitaldeasturias.com\/noticias\/category\/actualidad-asturias\/"},{"label":"Asturias tendr\u00e1 un espacio propio en \u00abMadrid Fusi\u00f3n 2021\u00bb","link":"https:\/\/www.eldigitaldeasturias.com\/noticias\/asturias-tendra-un-espacio-propio-en-madrid-fusion-2021\/"}],"_links":{"self":[{"href":"https:\/\/www.eldigitaldeasturias.com\/noticias\/wp-json\/wp\/v2\/posts\/1092639","targetHints":{"allow":["GET"]}}],"collection":[{"href":"https:\/\/www.eldigitaldeasturias.com\/noticias\/wp-json\/wp\/v2\/posts"}],"about":[{"href":"https:\/\/www.eldigitaldeasturias.com\/noticias\/wp-json\/wp\/v2\/types\/post"}],"author":[{"embeddable":true,"href":"https:\/\/www.eldigitaldeasturias.com\/noticias\/wp-json\/wp\/v2\/users\/1"}],"replies":[{"embeddable":true,"href":"https:\/\/www.eldigitaldeasturias.com\/noticias\/wp-json\/wp\/v2\/comments?post=1092639"}],"version-history":[{"count":0,"href":"https:\/\/www.eldigitaldeasturias.com\/noticias\/wp-json\/wp\/v2\/posts\/1092639\/revisions"}],"wp:featuredmedia":[{"embeddable":true,"href":"https:\/\/www.eldigitaldeasturias.com\/noticias\/wp-json\/wp\/v2\/media\/1132184"}],"wp:attachment":[{"href":"https:\/\/www.eldigitaldeasturias.com\/noticias\/wp-json\/wp\/v2\/media?parent=1092639"}],"wp:term":[{"taxonomy":"category","embeddable":true,"href":"https:\/\/www.eldigitaldeasturias.com\/noticias\/wp-json\/wp\/v2\/categories?post=1092639"},{"taxonomy":"post_tag","embeddable":true,"href":"https:\/\/www.eldigitaldeasturias.com\/noticias\/wp-json\/wp\/v2\/tags?post=1092639"}],"curies":[{"name":"wp","href":"https:\/\/api.w.org\/{rel}","templated":true}]}}