{"id":1092488,"date":"2021-05-27T11:28:21","date_gmt":"2021-05-27T10:28:21","guid":{"rendered":"https:\/\/www.eldigitaldeasturias.com\/noticias\/?p=1092488"},"modified":"2021-05-27T11:28:21","modified_gmt":"2021-05-27T10:28:21","slug":"miedo-a-la-oscuridad-consejos","status":"publish","type":"post","link":"https:\/\/www.eldigitaldeasturias.com\/noticias\/miedo-a-la-oscuridad-consejos\/","title":{"rendered":"\u00bfMiedo a la oscuridad?: Consejos"},"content":{"rendered":"<figure id=\"attachment_1092489\" aria-describedby=\"caption-attachment-1092489\" style=\"width: 254px\" class=\"wp-caption alignleft\"><img loading=\"lazy\" decoding=\"async\" class=\"size-medium wp-image-1092489\" src=\"https:\/\/www.eldigitaldeasturias.com\/noticias\/wp-content\/uploads\/2021\/05\/Miedo-a-la-oscuridad-254x320.jpg\" alt=\"Miedo a la oscuridad\" width=\"254\" height=\"320\" \/><figcaption id=\"caption-attachment-1092489\" class=\"wp-caption-text\">Foto: Franziska Gabbert\/dpa-tmn<\/figcaption><\/figure>\n<p>(dpa) &#8211; El momento en que se apaga la luz del cuarto por la noche es inquietante para muchos ni\u00f1os. Lejos de que esto los predisponga a dormir, muchos sienten temor a la oscuridad. <strong>Tambi\u00e9n algunos adultos tienen ese problema. Pero, \u00bfqu\u00e9 hay detr\u00e1s del miedo a la oscuridad y qu\u00e9 se puede hacer?<\/strong><\/p>\n<p>En principio, tener un miedo difuso a la oscuridad es completamente normal. A fin de cuentas, genera cierta inseguridad no poder distinguir bien las cosas o ya no poder verlas directamente.<\/p>\n<p>\u00abEn este punto, tener algo de miedo es un reflejo heredado\u00bb, afirma la psiquiatra Katharina Domschke. La profesora es directora m\u00e9dica de la Cl\u00ednica para Psiquiatr\u00eda y Psicoterapia en la Cl\u00ednica Universitaria en Friburgo, Alemania.<\/p>\n<p>El problema es que no siempre la cuesti\u00f3n se limita a una sensaci\u00f3n pasajera de incomodidad. En el caso de algunos, el miedo es muy grande. Esto puede tener distintas causas.<\/p>\n<h2>Malas experiencias<\/h2>\n<p>En casos extremos, los afectados sienten miedo porque tuvieron malas experiencias en la oscuridad. <em>\u00abPor ejemplo, situaciones de abuso o violencia\u00bb, dice el profesor Stephan Bender, director de la Cl\u00ednica y Policl\u00ednica de Psiquiatr\u00eda, Psicosom\u00e1tica y Psicoterapia Infantil y Juvenil en la Cl\u00ednica Universitaria de Colonia<\/em>.<\/p>\n<p>A veces, el miedo a la oscuridad tiene un detonante inofensivo, como una pel\u00edcula con escenas de horror en la oscuridad. Otra cosa que puede darse es que ni\u00f1os y adultos le teman a la oscuridad porque sus propios padres tambi\u00e9n le temen.<\/p>\n<h2>Perder el control durante el sue\u00f1o<\/h2>\n<p>En algunos casos, el miedo es tan grande que los afectados dejan la luz prendida toda la noche. <strong>\u00abDetr\u00e1s de esto puede haber un miedo a dormirse, dado que cuando se duerme se pierde el control sobre lo que pasa alrededor\u00bb, afirma Stephan Bender<\/strong>.<\/p>\n<p>A veces, la luz queda prendida porque los afectados tienen miedo de tener pesadillas. Y quieren tener la seguridad de poder encontrarse r\u00e1pidamente con la realidad que los rodea cuando se despierten.<\/p>\n<p>Sin embargo, no hay que resignarse a vivir con este miedo exagerado a la oscuridad. Quienes lo sufren, pueden probar con t\u00e9cnicas de relajaci\u00f3n, por ejemplo.<\/p>\n<p>Otro recurso es \u00ababrazar la oscuridad en el sentido m\u00e1s pleno de la palabra y tratar de amigarse con ella\u00bb, dice Kathrin Domschke. \u00bfY c\u00f3mo es esto?<\/p>\n<p>\u00abSe sale en medio de la oscuridad al balc\u00f3n, por ejemplo, y se intenta sacarle algo positivo a la oscuridad\u00bb, explica. Una posibilidad es apreciar los sonidos agradables que trae, como el de las ramas de los \u00e1rboles que se mecen con el viento. O mirar las estrellas en el cielo nocturno y disfrutar del espect\u00e1culo.<\/p>\n<h2>En peque\u00f1os pasos<\/h2>\n<p>Stephan Bender aconseja en general:<strong> \u00abNo precipitarse, avanzar lentamente e ir tomando consciencia\u00bb<\/strong>. Un ejemplo es dejar abierta la puerta que da al pasillo y dejar all la luz encendida.<\/p>\n<p>En una primera etapa de este proceso de autoayuda, la puerta est\u00e1 abierta del todo; en una segunda, est\u00e1 semiabierta, y en una tercera, se deja apenas una rendija. En alg\u00fan momento, solo quedar\u00e1 la luz que se cuela por debajo de la puerta. M\u00e1s adelante, se llega al punto en que se puede apagar la luz del todo.<\/p>\n<p>Quien as\u00ed lo desee, puede anotar sus \u00e9xitos en un diario como para poder volver a leerlos en caso de necesidad y tomar consciencia de que es posible perder el miedo a la oscuridad. Otra opci\u00f3n es escuchar con auriculares antes de dormir algunos CDs de especialistas para superar los miedos. Estos suelen tener un efecto relajante.<\/p>\n<p>Sin embargo, a veces, estas t\u00e9cnicas que uno prueba por su cuenta se dan con ciertos l\u00edmites. Cuando el miedo a la oscuridad es muy grande, puede que no haya m\u00e1s opci\u00f3n que hacer terapia.<\/p>\n<p><strong>\u00abEste es el caso cuando el nivel de sufrimiento es alto y el problema lleva a que se duerma tan mal que la calidad de vida se vea fuertemente afectada\u00bb<\/strong>, explica Stephan Bender. En estos casos, recomienda consultar con un psic\u00f3logo, una psicoterapeuta o un psiquiatra.<\/p>\n<p><i class=\"lang-es\"><span class=\" readonly\" title=\"\">Por Sabine Meuter (dpa)<\/span><\/i><\/p>\n<p>&nbsp;<\/p>\n","protected":false},"excerpt":{"rendered":"<p>(dpa) &#8211; El momento en que se apaga la luz del cuarto por la noche es inquietante para muchos ni\u00f1os. Lejos de que esto los predisponga a dormir, muchos sienten temor a la oscuridad. Tambi\u00e9n algunos adultos tienen ese problema. Pero, \u00bfqu\u00e9 hay detr\u00e1s del miedo a la oscuridad y qu\u00e9 se puede hacer? En [&hellip;]<\/p>\n","protected":false},"author":1,"featured_media":1132184,"comment_status":"closed","ping_status":"closed","sticky":false,"template":"","format":"standard","meta":{"footnotes":""},"categories":[28],"tags":[],"class_list":["post-1092488","post","type-post","status-publish","format-standard","has-post-thumbnail","hentry","category-sociedad"],"aioseo_notices":[],"aioseo_head":"\n\t\t<!-- All in One SEO Pro 5.0.1 - aioseo.com -->\n\t<meta name=\"description\" content=\"En principio, tener un miedo difuso a la oscuridad es completamente normal. A fin de cuentas, genera cierta inseguridad no poder distinguir bien las cosas ..\" \/>\n\t<meta name=\"robots\" content=\"max-image-preview:large\" \/>\n\t<meta name=\"author\" content=\"El Digital de Asturias\"\/>\n\t<meta name=\"google-site-verification\" content=\"UA-38556648-1\" \/>\n\t<meta name=\"msvalidate.01\" content=\"7dfe9f3f1b24437ab69f4f2559babe99\" \/>\n\t<meta name=\"keywords\" content=\"sociedad\" \/>\n\t<link rel=\"canonical\" href=\"https:\/\/www.eldigitaldeasturias.com\/noticias\/miedo-a-la-oscuridad-consejos\/\" \/>\n\t<meta name=\"generator\" content=\"All in One SEO Pro (AIOSEO) 5.0.1\" \/>\n\t\t<meta property=\"og:locale\" content=\"es_ES\" \/>\n\t\t<meta property=\"og:site_name\" content=\"El Digital de Asturias\" \/>\n\t\t<meta property=\"og:type\" content=\"article\" \/>\n\t\t<meta property=\"og:title\" content=\"\u00bfMiedo a la oscuridad?: Consejos - El Digital de Asturias\" \/>\n\t\t<meta property=\"og:description\" content=\"En principio, tener un miedo difuso a la oscuridad es completamente normal. A fin de cuentas, genera cierta inseguridad no poder distinguir bien las cosas ..\" \/>\n\t\t<meta property=\"og:url\" content=\"https:\/\/www.eldigitaldeasturias.com\/noticias\/miedo-a-la-oscuridad-consejos\/\" \/>\n\t\t<meta property=\"og:image\" content=\"https:\/\/www.eldigitaldeasturias.com\/noticias\/wp-content\/uploads\/2026\/06\/Contenidos.jpg\" \/>\n\t\t<meta property=\"og:image:secure_url\" content=\"https:\/\/www.eldigitaldeasturias.com\/noticias\/wp-content\/uploads\/2026\/06\/Contenidos.jpg\" \/>\n\t\t<meta property=\"og:image:width\" content=\"1265\" \/>\n\t\t<meta property=\"og:image:height\" content=\"697\" \/>\n\t\t<meta property=\"article:tag\" content=\"sociedad\" \/>\n\t\t<meta property=\"article:published_time\" content=\"2021-05-27T10:28:21+00:00\" \/>\n\t\t<meta property=\"article:modified_time\" content=\"2021-05-27T10:28:21+00:00\" \/>\n\t\t<meta property=\"article:publisher\" content=\"https:\/\/facebook.com\/eldigitaldeasturias\" \/>\n\t\t<meta name=\"twitter:card\" content=\"summary_large_image\" \/>\n\t\t<meta name=\"twitter:title\" content=\"\u00bfMiedo a la oscuridad?: Consejos - El Digital de Asturias\" \/>\n\t\t<meta name=\"twitter:description\" content=\"En principio, tener un miedo difuso a la oscuridad es completamente normal. A fin de cuentas, genera cierta inseguridad no poder distinguir bien las cosas ..\" \/>\n\t\t<meta name=\"twitter:image\" content=\"https:\/\/www.eldigitaldeasturias.com\/noticias\/wp-content\/uploads\/2026\/06\/Contenidos.jpg\" \/>\n\t\t<meta name=\"twitter:label1\" content=\"Escrito por\" \/>\n\t\t<meta name=\"twitter:data1\" content=\"El Digital de Asturias\" \/>\n\t\t<meta name=\"twitter:label2\" content=\"Tiempo de lectura estimado\" \/>\n\t\t<meta name=\"twitter:data2\" content=\"4 minutos\" \/>\n\t\t<script type=\"application\/ld+json\" class=\"aioseo-schema\">\n\t\t\t{\"@context\":\"https:\\\/\\\/schema.org\",\"@graph\":[{\"@type\":\"BlogPosting\",\"@id\":\"https:\\\/\\\/www.eldigitaldeasturias.com\\\/noticias\\\/miedo-a-la-oscuridad-consejos\\\/#blogposting\",\"name\":\"\\u00bfMiedo a la oscuridad?: Consejos - El Digital de Asturias\",\"headline\":\"\\u00bfMiedo a la oscuridad?: Consejos\",\"author\":{\"@id\":\"https:\\\/\\\/www.eldigitaldeasturias.com\\\/noticias\\\/author\\\/admin\\\/#author\"},\"publisher\":{\"@id\":\"https:\\\/\\\/www.eldigitaldeasturias.com\\\/noticias\\\/#organization\"},\"image\":{\"@type\":\"ImageObject\",\"url\":\"https:\\\/\\\/www.eldigitaldeasturias.com\\\/noticias\\\/wp-content\\\/uploads\\\/2026\\\/06\\\/Contenidos.jpg\",\"width\":1265,\"height\":697,\"caption\":\"Contenidos\"},\"datePublished\":\"2021-05-27T11:28:21+02:00\",\"dateModified\":\"2021-05-27T11:28:21+02:00\",\"inLanguage\":\"es-ES\",\"mainEntityOfPage\":{\"@id\":\"https:\\\/\\\/www.eldigitaldeasturias.com\\\/noticias\\\/miedo-a-la-oscuridad-consejos\\\/#webpage\"},\"isPartOf\":{\"@id\":\"https:\\\/\\\/www.eldigitaldeasturias.com\\\/noticias\\\/miedo-a-la-oscuridad-consejos\\\/#webpage\"},\"articleSection\":\"Sociedad\"},{\"@type\":\"BreadcrumbList\",\"@id\":\"https:\\\/\\\/www.eldigitaldeasturias.com\\\/noticias\\\/miedo-a-la-oscuridad-consejos\\\/#breadcrumblist\",\"itemListElement\":[{\"@type\":\"ListItem\",\"@id\":\"https:\\\/\\\/www.eldigitaldeasturias.com\\\/noticias#listItem\",\"position\":1,\"name\":\"Home\",\"item\":\"https:\\\/\\\/www.eldigitaldeasturias.com\\\/noticias\",\"nextItem\":{\"@type\":\"ListItem\",\"@id\":\"https:\\\/\\\/www.eldigitaldeasturias.com\\\/noticias\\\/category\\\/sociedad\\\/#listItem\",\"name\":\"Sociedad\"}},{\"@type\":\"ListItem\",\"@id\":\"https:\\\/\\\/www.eldigitaldeasturias.com\\\/noticias\\\/category\\\/sociedad\\\/#listItem\",\"position\":2,\"name\":\"Sociedad\",\"item\":\"https:\\\/\\\/www.eldigitaldeasturias.com\\\/noticias\\\/category\\\/sociedad\\\/\",\"nextItem\":{\"@type\":\"ListItem\",\"@id\":\"https:\\\/\\\/www.eldigitaldeasturias.com\\\/noticias\\\/miedo-a-la-oscuridad-consejos\\\/#listItem\",\"name\":\"\\u00bfMiedo a la oscuridad?: Consejos\"},\"previousItem\":{\"@type\":\"ListItem\",\"@id\":\"https:\\\/\\\/www.eldigitaldeasturias.com\\\/noticias#listItem\",\"name\":\"Home\"}},{\"@type\":\"ListItem\",\"@id\":\"https:\\\/\\\/www.eldigitaldeasturias.com\\\/noticias\\\/miedo-a-la-oscuridad-consejos\\\/#listItem\",\"position\":3,\"name\":\"\\u00bfMiedo a la oscuridad?: Consejos\",\"previousItem\":{\"@type\":\"ListItem\",\"@id\":\"https:\\\/\\\/www.eldigitaldeasturias.com\\\/noticias\\\/category\\\/sociedad\\\/#listItem\",\"name\":\"Sociedad\"}}]},{\"@type\":\"Organization\",\"@id\":\"https:\\\/\\\/www.eldigitaldeasturias.com\\\/noticias\\\/#organization\",\"name\":\"El Digital de Asturias\",\"description\":\"Hemeroteca\",\"url\":\"https:\\\/\\\/www.eldigitaldeasturias.com\\\/noticias\\\/\",\"email\":\"info@eldigitaldeasturias.com\",\"telephone\":\"+34652131393\",\"logo\":{\"@type\":\"ImageObject\",\"url\":\"https:\\\/\\\/www.eldigitaldeasturias.com\\\/noticias\\\/wp-content\\\/uploads\\\/2020\\\/12\\\/EDA.jpg\",\"@id\":\"https:\\\/\\\/www.eldigitaldeasturias.com\\\/noticias\\\/miedo-a-la-oscuridad-consejos\\\/#organizationLogo\"},\"image\":{\"@id\":\"https:\\\/\\\/www.eldigitaldeasturias.com\\\/noticias\\\/miedo-a-la-oscuridad-consejos\\\/#organizationLogo\"},\"sameAs\":[\"https:\\\/\\\/facebook.com\\\/eldigitaldeasturias\",\"https:\\\/\\\/www.youtube.com\\\/channel\\\/UCZP-2wLEB9Rv6erhFmqVnvg\"],\"address\":{\"@id\":\"https:\\\/\\\/www.eldigitaldeasturias.com\\\/noticias\\\/#postaladdress\",\"@type\":\"PostalAddress\",\"streetAddress\":\"san antonio 4\",\"postalCode\":\"33430\",\"addressLocality\":\"Cand\\u00e1s\",\"addressRegion\":\"Asturias\",\"addressCountry\":\"ES\"}},{\"@type\":\"Person\",\"@id\":\"https:\\\/\\\/www.eldigitaldeasturias.com\\\/noticias\\\/author\\\/admin\\\/#author\",\"url\":\"https:\\\/\\\/www.eldigitaldeasturias.com\\\/noticias\\\/author\\\/admin\\\/\",\"name\":\"El Digital de Asturias\",\"image\":{\"@type\":\"ImageObject\",\"@id\":\"https:\\\/\\\/www.eldigitaldeasturias.com\\\/noticias\\\/miedo-a-la-oscuridad-consejos\\\/#authorImage\",\"url\":\"https:\\\/\\\/secure.gravatar.com\\\/avatar\\\/df2aeffc32bcd13f8d26072ef8a91b623d677766deac7f97ca815868cd41bf5e?s=96&d=mm&r=g\",\"width\":96,\"height\":96,\"caption\":\"El Digital de Asturias\"}},{\"@type\":\"WebPage\",\"@id\":\"https:\\\/\\\/www.eldigitaldeasturias.com\\\/noticias\\\/miedo-a-la-oscuridad-consejos\\\/#webpage\",\"url\":\"https:\\\/\\\/www.eldigitaldeasturias.com\\\/noticias\\\/miedo-a-la-oscuridad-consejos\\\/\",\"name\":\"\\u00bfMiedo a la oscuridad?: Consejos - El Digital de Asturias\",\"description\":\"En principio, tener un miedo difuso a la oscuridad es completamente normal. A fin de cuentas, genera cierta inseguridad no poder distinguir bien las cosas ..\",\"inLanguage\":\"es-ES\",\"isPartOf\":{\"@id\":\"https:\\\/\\\/www.eldigitaldeasturias.com\\\/noticias\\\/#website\"},\"breadcrumb\":{\"@id\":\"https:\\\/\\\/www.eldigitaldeasturias.com\\\/noticias\\\/miedo-a-la-oscuridad-consejos\\\/#breadcrumblist\"},\"author\":{\"@id\":\"https:\\\/\\\/www.eldigitaldeasturias.com\\\/noticias\\\/author\\\/admin\\\/#author\"},\"creator\":{\"@id\":\"https:\\\/\\\/www.eldigitaldeasturias.com\\\/noticias\\\/author\\\/admin\\\/#author\"},\"image\":{\"@type\":\"ImageObject\",\"url\":\"https:\\\/\\\/www.eldigitaldeasturias.com\\\/noticias\\\/wp-content\\\/uploads\\\/2026\\\/06\\\/Contenidos.jpg\",\"@id\":\"https:\\\/\\\/www.eldigitaldeasturias.com\\\/noticias\\\/miedo-a-la-oscuridad-consejos\\\/#mainImage\",\"width\":1265,\"height\":697,\"caption\":\"Contenidos\"},\"primaryImageOfPage\":{\"@id\":\"https:\\\/\\\/www.eldigitaldeasturias.com\\\/noticias\\\/miedo-a-la-oscuridad-consejos\\\/#mainImage\"},\"datePublished\":\"2021-05-27T11:28:21+02:00\",\"dateModified\":\"2021-05-27T11:28:21+02:00\"},{\"@type\":\"WebSite\",\"@id\":\"https:\\\/\\\/www.eldigitaldeasturias.com\\\/noticias\\\/#website\",\"url\":\"https:\\\/\\\/www.eldigitaldeasturias.com\\\/noticias\\\/\",\"name\":\"El Digital de Asturias - Diario de actualidad y noticias\",\"alternateName\":\"El Digital de Asturias - Diario de actualidad y noticias\",\"description\":\"Hemeroteca\",\"inLanguage\":\"es-ES\",\"publisher\":{\"@id\":\"https:\\\/\\\/www.eldigitaldeasturias.com\\\/noticias\\\/#organization\"}}]}\n\t\t<\/script>\n\t\t<!-- All in One SEO Pro -->\r\n\t\t<title>\u00bfMiedo a la oscuridad?: Consejos - El Digital de Asturias<\/title>\n\n","aioseo_head_json":{"title":"\u00bfMiedo a la oscuridad?: Consejos - El Digital de Asturias","description":"En principio, tener un miedo difuso a la oscuridad es completamente normal. A fin de cuentas, genera cierta inseguridad no poder distinguir bien las cosas ..","canonical_url":"https:\/\/www.eldigitaldeasturias.com\/noticias\/miedo-a-la-oscuridad-consejos\/","robots":"max-image-preview:large","keywords":"sociedad","webmasterTools":{"google-site-verification":"UA-38556648-1","msvalidate.01":"7dfe9f3f1b24437ab69f4f2559babe99","miscellaneous":""},"schema":{"@context":"https:\/\/schema.org","@graph":[{"@type":"BlogPosting","@id":"https:\/\/www.eldigitaldeasturias.com\/noticias\/miedo-a-la-oscuridad-consejos\/#blogposting","name":"\u00bfMiedo a la oscuridad?: Consejos - El Digital de Asturias","headline":"\u00bfMiedo a la oscuridad?: Consejos","author":{"@id":"https:\/\/www.eldigitaldeasturias.com\/noticias\/author\/admin\/#author"},"publisher":{"@id":"https:\/\/www.eldigitaldeasturias.com\/noticias\/#organization"},"image":{"@type":"ImageObject","url":"https:\/\/www.eldigitaldeasturias.com\/noticias\/wp-content\/uploads\/2026\/06\/Contenidos.jpg","width":1265,"height":697,"caption":"Contenidos"},"datePublished":"2021-05-27T11:28:21+02:00","dateModified":"2021-05-27T11:28:21+02:00","inLanguage":"es-ES","mainEntityOfPage":{"@id":"https:\/\/www.eldigitaldeasturias.com\/noticias\/miedo-a-la-oscuridad-consejos\/#webpage"},"isPartOf":{"@id":"https:\/\/www.eldigitaldeasturias.com\/noticias\/miedo-a-la-oscuridad-consejos\/#webpage"},"articleSection":"Sociedad"},{"@type":"BreadcrumbList","@id":"https:\/\/www.eldigitaldeasturias.com\/noticias\/miedo-a-la-oscuridad-consejos\/#breadcrumblist","itemListElement":[{"@type":"ListItem","@id":"https:\/\/www.eldigitaldeasturias.com\/noticias#listItem","position":1,"name":"Home","item":"https:\/\/www.eldigitaldeasturias.com\/noticias","nextItem":{"@type":"ListItem","@id":"https:\/\/www.eldigitaldeasturias.com\/noticias\/category\/sociedad\/#listItem","name":"Sociedad"}},{"@type":"ListItem","@id":"https:\/\/www.eldigitaldeasturias.com\/noticias\/category\/sociedad\/#listItem","position":2,"name":"Sociedad","item":"https:\/\/www.eldigitaldeasturias.com\/noticias\/category\/sociedad\/","nextItem":{"@type":"ListItem","@id":"https:\/\/www.eldigitaldeasturias.com\/noticias\/miedo-a-la-oscuridad-consejos\/#listItem","name":"\u00bfMiedo a la oscuridad?: Consejos"},"previousItem":{"@type":"ListItem","@id":"https:\/\/www.eldigitaldeasturias.com\/noticias#listItem","name":"Home"}},{"@type":"ListItem","@id":"https:\/\/www.eldigitaldeasturias.com\/noticias\/miedo-a-la-oscuridad-consejos\/#listItem","position":3,"name":"\u00bfMiedo a la oscuridad?: Consejos","previousItem":{"@type":"ListItem","@id":"https:\/\/www.eldigitaldeasturias.com\/noticias\/category\/sociedad\/#listItem","name":"Sociedad"}}]},{"@type":"Organization","@id":"https:\/\/www.eldigitaldeasturias.com\/noticias\/#organization","name":"El Digital de Asturias","description":"Hemeroteca","url":"https:\/\/www.eldigitaldeasturias.com\/noticias\/","email":"info@eldigitaldeasturias.com","telephone":"+34652131393","logo":{"@type":"ImageObject","url":"https:\/\/www.eldigitaldeasturias.com\/noticias\/wp-content\/uploads\/2020\/12\/EDA.jpg","@id":"https:\/\/www.eldigitaldeasturias.com\/noticias\/miedo-a-la-oscuridad-consejos\/#organizationLogo"},"image":{"@id":"https:\/\/www.eldigitaldeasturias.com\/noticias\/miedo-a-la-oscuridad-consejos\/#organizationLogo"},"sameAs":["https:\/\/facebook.com\/eldigitaldeasturias","https:\/\/www.youtube.com\/channel\/UCZP-2wLEB9Rv6erhFmqVnvg"],"address":{"@id":"https:\/\/www.eldigitaldeasturias.com\/noticias\/#postaladdress","@type":"PostalAddress","streetAddress":"san antonio 4","postalCode":"33430","addressLocality":"Cand\u00e1s","addressRegion":"Asturias","addressCountry":"ES"}},{"@type":"Person","@id":"https:\/\/www.eldigitaldeasturias.com\/noticias\/author\/admin\/#author","url":"https:\/\/www.eldigitaldeasturias.com\/noticias\/author\/admin\/","name":"El Digital de Asturias","image":{"@type":"ImageObject","@id":"https:\/\/www.eldigitaldeasturias.com\/noticias\/miedo-a-la-oscuridad-consejos\/#authorImage","url":"https:\/\/secure.gravatar.com\/avatar\/df2aeffc32bcd13f8d26072ef8a91b623d677766deac7f97ca815868cd41bf5e?s=96&d=mm&r=g","width":96,"height":96,"caption":"El Digital de Asturias"}},{"@type":"WebPage","@id":"https:\/\/www.eldigitaldeasturias.com\/noticias\/miedo-a-la-oscuridad-consejos\/#webpage","url":"https:\/\/www.eldigitaldeasturias.com\/noticias\/miedo-a-la-oscuridad-consejos\/","name":"\u00bfMiedo a la oscuridad?: Consejos - El Digital de Asturias","description":"En principio, tener un miedo difuso a la oscuridad es completamente normal. A fin de cuentas, genera cierta inseguridad no poder distinguir bien las cosas ..","inLanguage":"es-ES","isPartOf":{"@id":"https:\/\/www.eldigitaldeasturias.com\/noticias\/#website"},"breadcrumb":{"@id":"https:\/\/www.eldigitaldeasturias.com\/noticias\/miedo-a-la-oscuridad-consejos\/#breadcrumblist"},"author":{"@id":"https:\/\/www.eldigitaldeasturias.com\/noticias\/author\/admin\/#author"},"creator":{"@id":"https:\/\/www.eldigitaldeasturias.com\/noticias\/author\/admin\/#author"},"image":{"@type":"ImageObject","url":"https:\/\/www.eldigitaldeasturias.com\/noticias\/wp-content\/uploads\/2026\/06\/Contenidos.jpg","@id":"https:\/\/www.eldigitaldeasturias.com\/noticias\/miedo-a-la-oscuridad-consejos\/#mainImage","width":1265,"height":697,"caption":"Contenidos"},"primaryImageOfPage":{"@id":"https:\/\/www.eldigitaldeasturias.com\/noticias\/miedo-a-la-oscuridad-consejos\/#mainImage"},"datePublished":"2021-05-27T11:28:21+02:00","dateModified":"2021-05-27T11:28:21+02:00"},{"@type":"WebSite","@id":"https:\/\/www.eldigitaldeasturias.com\/noticias\/#website","url":"https:\/\/www.eldigitaldeasturias.com\/noticias\/","name":"El Digital de Asturias - Diario de actualidad y noticias","alternateName":"El Digital de Asturias - Diario de actualidad y noticias","description":"Hemeroteca","inLanguage":"es-ES","publisher":{"@id":"https:\/\/www.eldigitaldeasturias.com\/noticias\/#organization"}}]},"og:locale":"es_ES","og:site_name":"El Digital de Asturias","og:type":"article","og:title":"\u00bfMiedo a la oscuridad?: Consejos - El Digital de Asturias","og:description":"En principio, tener un miedo difuso a la oscuridad es completamente normal. A fin de cuentas, genera cierta inseguridad no poder distinguir bien las cosas ..","og:url":"https:\/\/www.eldigitaldeasturias.com\/noticias\/miedo-a-la-oscuridad-consejos\/","og:image":"https:\/\/www.eldigitaldeasturias.com\/noticias\/wp-content\/uploads\/2026\/06\/Contenidos.jpg","og:image:secure_url":"https:\/\/www.eldigitaldeasturias.com\/noticias\/wp-content\/uploads\/2026\/06\/Contenidos.jpg","og:image:width":1265,"og:image:height":697,"article:tag":["sociedad"],"article:published_time":"2021-05-27T10:28:21+00:00","article:modified_time":"2021-05-27T10:28:21+00:00","article:publisher":"https:\/\/facebook.com\/eldigitaldeasturias","twitter:card":"summary_large_image","twitter:title":"\u00bfMiedo a la oscuridad?: Consejos - El Digital de Asturias","twitter:description":"En principio, tener un miedo difuso a la oscuridad es completamente normal. A fin de cuentas, genera cierta inseguridad no poder distinguir bien las cosas ..","twitter:image":"https:\/\/www.eldigitaldeasturias.com\/noticias\/wp-content\/uploads\/2026\/06\/Contenidos.jpg","twitter:label1":"Escrito por","twitter:data1":"El Digital de Asturias","twitter:label2":"Tiempo de lectura estimado","twitter:data2":"4 minutos"},"aioseo_meta_data":{"post_id":"1092488","title":null,"description":"En principio, tener un miedo difuso a la oscuridad es completamente normal. A fin de cuentas, genera cierta inseguridad no poder distinguir bien las cosas&nbsp; ..","keywords":[],"keyphrases":{"focus":[],"additional":[]},"primary_term":null,"canonical_url":null,"og_title":null,"og_description":null,"og_object_type":"default","og_image_type":"default","og_image_url":null,"og_image_width":null,"og_image_height":null,"og_image_custom_url":null,"og_image_custom_fields":null,"og_video":"","og_custom_url":null,"og_article_section":null,"og_article_tags":[],"twitter_use_og":false,"twitter_card":"default","twitter_image_type":"default","twitter_image_url":null,"twitter_image_custom_url":null,"twitter_image_custom_fields":null,"twitter_title":null,"twitter_description":null,"schema":{"blockGraphs":[],"customGraphs":[],"default":{"data":{"Article":[],"Course":[],"Dataset":[],"FAQPage":[],"Movie":[],"Person":[],"Product":[],"ProductReview":[],"Car":[],"Recipe":[],"Service":[],"SoftwareApplication":[],"WebPage":[]},"graphName":"","isEnabled":true},"graphs":[],"defaultGraph":"Article","defaultPostTypeGraph":""},"schema_type":"default","schema_type_options":"{\"article\":{\"articleType\":\"BlogPosting\"},\"course\":{\"name\":\"\",\"description\":\"\",\"provider\":\"\"},\"faq\":{\"pages\":[]},\"product\":{\"reviews\":[]},\"recipe\":{\"ingredients\":[],\"instructions\":[],\"keywords\":[]},\"software\":{\"reviews\":[],\"operatingSystems\":[]},\"webPage\":{\"webPageType\":\"WebPage\"}}","pillar_content":false,"robots_default":true,"robots_noindex":false,"robots_noarchive":false,"robots_nosnippet":false,"robots_nofollow":false,"robots_noimageindex":false,"robots_noodp":false,"robots_notranslate":false,"robots_max_snippet":"-1","robots_max_videopreview":"-1","robots_max_imagepreview":"large","priority":null,"frequency":"default","local_seo":{"locations":{"business":{"name":"","businessType":"","image":"","areaServed":"","urls":{"website":"","aboutPage":"","contactPage":""},"address":{"streetLine1":"","streetLine2":"","zipCode":"","city":"","state":"","country":"","addressFormat":"#streetLineOne\n#streetLineTwo\n#city, #state #zipCode"},"contact":{"email":"","phone":"","phoneFormatted":"","fax":"","faxFormatted":""},"ids":{"vat":"","tax":"","chamberOfCommerce":""},"payment":{"priceRange":"","currenciesAccepted":"","methods":""}}},"openingHours":{"useDefaults":true,"show":true,"alwaysOpen":false,"use24hFormat":false,"timezone":"","labels":{"closed":"","alwaysOpen":""},"days":{"monday":{"open24h":false,"closed":false,"openTime":"09:00","closeTime":"17:00"},"tuesday":{"open24h":false,"closed":false,"openTime":"09:00","closeTime":"17:00"},"wednesday":{"open24h":false,"closed":false,"openTime":"09:00","closeTime":"17:00"},"thursday":{"open24h":false,"closed":false,"openTime":"09:00","closeTime":"17:00"},"friday":{"open24h":false,"closed":false,"openTime":"09:00","closeTime":"17:00"},"saturday":{"open24h":false,"closed":false,"openTime":"09:00","closeTime":"17:00"},"sunday":{"open24h":false,"closed":false,"openTime":"09:00","closeTime":"17:00"}}}},"seo_analyzer_scan_date":"2026-07-18 06:01:34","breadcrumb_settings":null,"limit_modified_date":false,"open_ai":null,"ai":null,"created":"2021-05-27 10:23:47","updated":"2026-07-18 06:01:34","focus_keyword":null,"additional_keywords":null,"truseo_locale":null},"aioseo_breadcrumb":"<div class=\"aioseo-breadcrumbs\"><span class=\"aioseo-breadcrumb\">\n\t<a href=\"https:\/\/www.eldigitaldeasturias.com\/noticias\" title=\"Home\">Home<\/a>\n<\/span><span class=\"aioseo-breadcrumb-separator\">\u2013<\/span><span class=\"aioseo-breadcrumb\">\n\t<a href=\"https:\/\/www.eldigitaldeasturias.com\/noticias\/category\/sociedad\/\" title=\"Sociedad\">Sociedad<\/a>\n<\/span><span class=\"aioseo-breadcrumb-separator\">\u2013<\/span><span class=\"aioseo-breadcrumb\">\n\t<a href=\"https:\/\/www.eldigitaldeasturias.com\/noticias\/miedo-a-la-oscuridad-consejos\/\" title=\"\u00bfMiedo a la oscuridad?: Consejos\">\u00bfMiedo a la oscuridad?: Consejos<\/a>\n<\/span><\/div>","aioseo_breadcrumb_json":[{"label":"Home","link":"https:\/\/www.eldigitaldeasturias.com\/noticias"},{"label":"Sociedad","link":"https:\/\/www.eldigitaldeasturias.com\/noticias\/category\/sociedad\/"},{"label":"\u00bfMiedo a la oscuridad?: Consejos","link":"https:\/\/www.eldigitaldeasturias.com\/noticias\/miedo-a-la-oscuridad-consejos\/"}],"_links":{"self":[{"href":"https:\/\/www.eldigitaldeasturias.com\/noticias\/wp-json\/wp\/v2\/posts\/1092488","targetHints":{"allow":["GET"]}}],"collection":[{"href":"https:\/\/www.eldigitaldeasturias.com\/noticias\/wp-json\/wp\/v2\/posts"}],"about":[{"href":"https:\/\/www.eldigitaldeasturias.com\/noticias\/wp-json\/wp\/v2\/types\/post"}],"author":[{"embeddable":true,"href":"https:\/\/www.eldigitaldeasturias.com\/noticias\/wp-json\/wp\/v2\/users\/1"}],"replies":[{"embeddable":true,"href":"https:\/\/www.eldigitaldeasturias.com\/noticias\/wp-json\/wp\/v2\/comments?post=1092488"}],"version-history":[{"count":0,"href":"https:\/\/www.eldigitaldeasturias.com\/noticias\/wp-json\/wp\/v2\/posts\/1092488\/revisions"}],"wp:featuredmedia":[{"embeddable":true,"href":"https:\/\/www.eldigitaldeasturias.com\/noticias\/wp-json\/wp\/v2\/media\/1132184"}],"wp:attachment":[{"href":"https:\/\/www.eldigitaldeasturias.com\/noticias\/wp-json\/wp\/v2\/media?parent=1092488"}],"wp:term":[{"taxonomy":"category","embeddable":true,"href":"https:\/\/www.eldigitaldeasturias.com\/noticias\/wp-json\/wp\/v2\/categories?post=1092488"},{"taxonomy":"post_tag","embeddable":true,"href":"https:\/\/www.eldigitaldeasturias.com\/noticias\/wp-json\/wp\/v2\/tags?post=1092488"}],"curies":[{"name":"wp","href":"https:\/\/api.w.org\/{rel}","templated":true}]}}