{"id":1092473,"date":"2021-05-27T10:22:00","date_gmt":"2021-05-27T09:22:00","guid":{"rendered":"https:\/\/www.eldigitaldeasturias.com\/noticias\/?p=1092473"},"modified":"2021-05-27T10:22:00","modified_gmt":"2021-05-27T09:22:00","slug":"junio-cultural-en-cangas-del-narcea","status":"publish","type":"post","link":"https:\/\/www.eldigitaldeasturias.com\/noticias\/junio-cultural-en-cangas-del-narcea\/","title":{"rendered":"Junio cultural en Cangas del Narcea"},"content":{"rendered":"<p><img loading=\"lazy\" decoding=\"async\" class=\"alignleft size-medium wp-image-1092474\" src=\"https:\/\/www.eldigitaldeasturias.com\/noticias\/wp-content\/uploads\/2021\/05\/Junio-Cultura-Cangas-del-Narcea-226x320.jpg\" alt=\"Junio Cultura Cangas del Narcea\" width=\"226\" height=\"320\" \/>El Ayuntamiento de Cangas del Narcea, Principado de Asturias, a trav\u00e9s de la concejal\u00eda de Cultura, ha programado un mes de junio de 2021 lleno de actividades.<strong> \u201cSe trata de una programaci\u00f3n que trata de cubrir el tiempo de ocio de cangueses y canguesas\u201d, ha manifestado el concejal de Cultura, Jos\u00e9 Mar\u00eda \u00c1lvarez Carro<\/strong>, quien detall\u00f3 que para acudir a cualquiera de las actividades, todas con car\u00e1cter gratuito, es necesario adquirir previamente la entrada en la Casa Municipal de Cultura \u2018Palacio de Oma\u00f1a\u2019.<\/p>\n<p>El teatro Toreno ser\u00e1 el escenario principal de toda la programaci\u00f3n cultural, dando comienzo la actividad teatral, a las 19.30 horas, <strong>el mi\u00e9rcoles 9 de junio con la puesta en escena de \u2018Acreedores\u2019 de August Strindberg<\/strong>, que ha tenido una gran acogida entre el p\u00fablico y que muestra una propuesta esc\u00e9nica fiel al esp\u00edritu intimista de la obra. El mi\u00e9rcoles 16 junio la propuesta teatral estar\u00e1 dirigida a un p\u00fablico infantil con la obra \u2018Pan\u2019 de Teatro Plus, que arrancar\u00e1 a las 18 horas.<\/p>\n<p>Los conciertos son un pilar fundamental en la programaci\u00f3n de este mes de junio que arrancar\u00e1 el s\u00e1bado 12 de junio con la segunda semifinal del <strong>FestiAmas2021 que dar\u00e1 comienzo a las 19 horas para escuchar 3 Piezas Sueltas, Chavi Real One &amp; Handona, Dia\u00f1u Blues y Morej\u00f3n<\/strong>. Un concierto que ser\u00e1 retransmitido por la Televisi\u00f3n del Principado de Asturias (TPA). El s\u00e1bado 19 de junio a las 19.30 horas, ser\u00e1 el turno para poder escuchar al pianista, compositor y director Manuel Valencia, para finalizar el s\u00e1bado 26 de junio con el concierto de \u2018Malaka\u00f1a\u2019, un grupo cangu\u00e9s formado por personas que se iniciaron en la Escuela Municipal de M\u00fasica, que sorprender\u00e1 al p\u00fablico con sus canciones.<\/p>\n<p>Dentro de esta programaci\u00f3n en el teatro Toreno se encuentra la dedicada al s\u00e9ptimo arte, con <strong>Cinematica Ambulante, que preve\u00e9 para este mes de junio dos films, que se proyectar\u00e1n en el Toreno a las 19.30 horas<\/strong>. El primero de ellos el jueves 3 de junio, ser\u00e1 \u2018Bacurau\u2019, una pel\u00edcula brasile\u00f1a en la que, el pueblo de Bacurau llora la muerte de su matriarca Carmelita, que falleci\u00f3 a los 94 a\u00f1os. Algunos d\u00edas m\u00e1s tarde, los habitantes se dan cuenta de que el pueblo est\u00e1 siendo borrado del mapa. El viernes 11 de junio se podr\u00e1 ver \u2018Pl\u00e1cido\u2019, una pel\u00edcula espa\u00f1ola dirigida en 1961 por Luis Garc\u00eda Berlanga. De gran repercusi\u00f3n internacional en su estreno y una de las mejores comedias de su director que fue candidata al \u00d3scar a la mejor pel\u00edcula de habla no inglesa.<\/p>\n<p><strong>Adem\u00e1s, hasta el 2 de junio se podr\u00e1 ver en la Casa de Cultura \u2018Palacio de Oma\u00f1a\u2019 la exposici\u00f3n \u2018Misi\u00f3n: Afganist\u00e1n\u2019<\/strong>, una muestra compuesta por una selecci\u00f3n de 30 fotograf\u00edas y cuatro uniformes, que trata de acercar al p\u00fablico la realidad de unas operaciones militares iniciadas a ra\u00edz de los atentados del 11 de septiembre de 2001. Podr\u00e1 visitarse de manera gratuita en horario de 10 a 13 horas y de 16 a 19.30 horas. Durante el fin de semana la exposici\u00f3n estar\u00e1 abierta de 11.30 a 14.30 horas el s\u00e1bado y el domingo y de 16.30 a 20 horas el s\u00e1bado. Hasta el 14 de junio se podr\u00e1 visitar la exposici\u00f3n de Adolfo Manzano \u2018Evoluciones y requexos\u2019, que se organiz\u00f3 con motivo de la XII Sumana de las \u1e36\u1e37etras Asturianas en Cangas del Narcea. Entre el 21 de junio y el 2 de julio se podr\u00e1 visitar la exposici\u00f3n de Mar\u00eda del Roxo \u2018Abuelinas Pop\u2019, una muestra con 45 retratos, en la que esta artista ovetense busca representar un retrato de la vida a trav\u00e9s de estos rostros. Todas las exposiciones podr\u00e1n visitarse en el horario de la Casa de Cultura.<\/p>\n<p>&nbsp;<\/p>\n","protected":false},"excerpt":{"rendered":"<p>El Ayuntamiento de Cangas del Narcea, Principado de Asturias, a trav\u00e9s de la concejal\u00eda de Cultura, ha programado un mes de junio de 2021 lleno de actividades. \u201cSe trata de una programaci\u00f3n que trata de cubrir el tiempo de ocio de cangueses y canguesas\u201d, ha manifestado el concejal de Cultura, Jos\u00e9 Mar\u00eda \u00c1lvarez Carro, quien [&hellip;]<\/p>\n","protected":false},"author":1,"featured_media":1132184,"comment_status":"closed","ping_status":"closed","sticky":false,"template":"","format":"standard","meta":{"footnotes":""},"categories":[2],"tags":[],"class_list":["post-1092473","post","type-post","status-publish","format-standard","has-post-thumbnail","hentry","category-agenda"],"aioseo_notices":[],"aioseo_head":"\n\t\t<!-- All in One SEO Pro 5.0.1 - aioseo.com -->\n\t<meta name=\"description\" content=\"El Ayuntamiento de Cangas del Narcea, Principado de Asturias, a trav\u00e9s de la concejal\u00eda de Cultura, ha programado un mes de junio de 2021 lleno de actividades..\" \/>\n\t<meta name=\"robots\" content=\"max-image-preview:large\" \/>\n\t<meta name=\"author\" content=\"El Digital de Asturias\"\/>\n\t<meta name=\"google-site-verification\" content=\"UA-38556648-1\" \/>\n\t<meta name=\"msvalidate.01\" content=\"7dfe9f3f1b24437ab69f4f2559babe99\" \/>\n\t<meta name=\"keywords\" content=\"ocio asturias,agenda cultura asturias,cangas del narcea,agenda\" \/>\n\t<link rel=\"canonical\" href=\"https:\/\/www.eldigitaldeasturias.com\/noticias\/junio-cultural-en-cangas-del-narcea\/\" \/>\n\t<meta name=\"generator\" content=\"All in One SEO Pro (AIOSEO) 5.0.1\" \/>\n\t\t<meta property=\"og:locale\" content=\"es_ES\" \/>\n\t\t<meta property=\"og:site_name\" content=\"El Digital de Asturias\" \/>\n\t\t<meta property=\"og:type\" content=\"article\" \/>\n\t\t<meta property=\"og:title\" content=\"Junio cultural en Cangas del Narcea - El Digital de Asturias\" \/>\n\t\t<meta property=\"og:description\" content=\"El Ayuntamiento de Cangas del Narcea, Principado de Asturias, a trav\u00e9s de la concejal\u00eda de Cultura, ha programado un mes de junio de 2021 lleno de actividades..\" \/>\n\t\t<meta property=\"og:url\" content=\"https:\/\/www.eldigitaldeasturias.com\/noticias\/junio-cultural-en-cangas-del-narcea\/\" \/>\n\t\t<meta property=\"og:image\" content=\"https:\/\/www.eldigitaldeasturias.com\/noticias\/wp-content\/uploads\/2026\/06\/Contenidos.jpg\" \/>\n\t\t<meta property=\"og:image:secure_url\" content=\"https:\/\/www.eldigitaldeasturias.com\/noticias\/wp-content\/uploads\/2026\/06\/Contenidos.jpg\" \/>\n\t\t<meta property=\"og:image:width\" content=\"1265\" \/>\n\t\t<meta property=\"og:image:height\" content=\"697\" \/>\n\t\t<meta property=\"article:tag\" content=\"ocio asturias\" \/>\n\t\t<meta property=\"article:tag\" content=\"agenda cultura asturias\" \/>\n\t\t<meta property=\"article:tag\" content=\"cangas del narcea\" \/>\n\t\t<meta property=\"article:tag\" content=\"agenda\" \/>\n\t\t<meta property=\"article:published_time\" content=\"2021-05-27T09:22:00+00:00\" \/>\n\t\t<meta property=\"article:modified_time\" content=\"2021-05-27T09:22:00+00:00\" \/>\n\t\t<meta property=\"article:publisher\" content=\"https:\/\/facebook.com\/eldigitaldeasturias\" \/>\n\t\t<meta name=\"twitter:card\" content=\"summary_large_image\" \/>\n\t\t<meta name=\"twitter:title\" content=\"Junio cultural en Cangas del Narcea - El Digital de Asturias\" \/>\n\t\t<meta name=\"twitter:description\" content=\"El Ayuntamiento de Cangas del Narcea, Principado de Asturias, a trav\u00e9s de la concejal\u00eda de Cultura, ha programado un mes de junio de 2021 lleno de actividades..\" \/>\n\t\t<meta name=\"twitter:image\" content=\"https:\/\/www.eldigitaldeasturias.com\/noticias\/wp-content\/uploads\/2026\/06\/Contenidos.jpg\" \/>\n\t\t<meta name=\"twitter:label1\" content=\"Escrito por\" \/>\n\t\t<meta name=\"twitter:data1\" content=\"El Digital de Asturias\" \/>\n\t\t<meta name=\"twitter:label2\" content=\"Tiempo de lectura estimado\" \/>\n\t\t<meta name=\"twitter:data2\" content=\"3 minutos\" \/>\n\t\t<script type=\"application\/ld+json\" class=\"aioseo-schema\">\n\t\t\t{\"@context\":\"https:\\\/\\\/schema.org\",\"@graph\":[{\"@type\":\"BlogPosting\",\"@id\":\"https:\\\/\\\/www.eldigitaldeasturias.com\\\/noticias\\\/junio-cultural-en-cangas-del-narcea\\\/#blogposting\",\"name\":\"Junio cultural en Cangas del Narcea - El Digital de Asturias\",\"headline\":\"Junio cultural en Cangas del Narcea\",\"author\":{\"@id\":\"https:\\\/\\\/www.eldigitaldeasturias.com\\\/noticias\\\/author\\\/admin\\\/#author\"},\"publisher\":{\"@id\":\"https:\\\/\\\/www.eldigitaldeasturias.com\\\/noticias\\\/#organization\"},\"image\":{\"@type\":\"ImageObject\",\"url\":\"https:\\\/\\\/www.eldigitaldeasturias.com\\\/noticias\\\/wp-content\\\/uploads\\\/2026\\\/06\\\/Contenidos.jpg\",\"width\":1265,\"height\":697,\"caption\":\"Contenidos\"},\"datePublished\":\"2021-05-27T10:22:00+02:00\",\"dateModified\":\"2021-05-27T10:22:00+02:00\",\"inLanguage\":\"es-ES\",\"mainEntityOfPage\":{\"@id\":\"https:\\\/\\\/www.eldigitaldeasturias.com\\\/noticias\\\/junio-cultural-en-cangas-del-narcea\\\/#webpage\"},\"isPartOf\":{\"@id\":\"https:\\\/\\\/www.eldigitaldeasturias.com\\\/noticias\\\/junio-cultural-en-cangas-del-narcea\\\/#webpage\"},\"articleSection\":\"Agenda\"},{\"@type\":\"BreadcrumbList\",\"@id\":\"https:\\\/\\\/www.eldigitaldeasturias.com\\\/noticias\\\/junio-cultural-en-cangas-del-narcea\\\/#breadcrumblist\",\"itemListElement\":[{\"@type\":\"ListItem\",\"@id\":\"https:\\\/\\\/www.eldigitaldeasturias.com\\\/noticias#listItem\",\"position\":1,\"name\":\"Home\",\"item\":\"https:\\\/\\\/www.eldigitaldeasturias.com\\\/noticias\",\"nextItem\":{\"@type\":\"ListItem\",\"@id\":\"https:\\\/\\\/www.eldigitaldeasturias.com\\\/noticias\\\/category\\\/agenda\\\/#listItem\",\"name\":\"Agenda\"}},{\"@type\":\"ListItem\",\"@id\":\"https:\\\/\\\/www.eldigitaldeasturias.com\\\/noticias\\\/category\\\/agenda\\\/#listItem\",\"position\":2,\"name\":\"Agenda\",\"item\":\"https:\\\/\\\/www.eldigitaldeasturias.com\\\/noticias\\\/category\\\/agenda\\\/\",\"nextItem\":{\"@type\":\"ListItem\",\"@id\":\"https:\\\/\\\/www.eldigitaldeasturias.com\\\/noticias\\\/junio-cultural-en-cangas-del-narcea\\\/#listItem\",\"name\":\"Junio cultural en Cangas del Narcea\"},\"previousItem\":{\"@type\":\"ListItem\",\"@id\":\"https:\\\/\\\/www.eldigitaldeasturias.com\\\/noticias#listItem\",\"name\":\"Home\"}},{\"@type\":\"ListItem\",\"@id\":\"https:\\\/\\\/www.eldigitaldeasturias.com\\\/noticias\\\/junio-cultural-en-cangas-del-narcea\\\/#listItem\",\"position\":3,\"name\":\"Junio cultural en Cangas del Narcea\",\"previousItem\":{\"@type\":\"ListItem\",\"@id\":\"https:\\\/\\\/www.eldigitaldeasturias.com\\\/noticias\\\/category\\\/agenda\\\/#listItem\",\"name\":\"Agenda\"}}]},{\"@type\":\"Organization\",\"@id\":\"https:\\\/\\\/www.eldigitaldeasturias.com\\\/noticias\\\/#organization\",\"name\":\"El Digital de Asturias\",\"description\":\"Hemeroteca\",\"url\":\"https:\\\/\\\/www.eldigitaldeasturias.com\\\/noticias\\\/\",\"email\":\"info@eldigitaldeasturias.com\",\"telephone\":\"+34652131393\",\"logo\":{\"@type\":\"ImageObject\",\"url\":\"https:\\\/\\\/www.eldigitaldeasturias.com\\\/noticias\\\/wp-content\\\/uploads\\\/2020\\\/12\\\/EDA.jpg\",\"@id\":\"https:\\\/\\\/www.eldigitaldeasturias.com\\\/noticias\\\/junio-cultural-en-cangas-del-narcea\\\/#organizationLogo\"},\"image\":{\"@id\":\"https:\\\/\\\/www.eldigitaldeasturias.com\\\/noticias\\\/junio-cultural-en-cangas-del-narcea\\\/#organizationLogo\"},\"sameAs\":[\"https:\\\/\\\/facebook.com\\\/eldigitaldeasturias\",\"https:\\\/\\\/www.youtube.com\\\/channel\\\/UCZP-2wLEB9Rv6erhFmqVnvg\"],\"address\":{\"@id\":\"https:\\\/\\\/www.eldigitaldeasturias.com\\\/noticias\\\/#postaladdress\",\"@type\":\"PostalAddress\",\"streetAddress\":\"san antonio 4\",\"postalCode\":\"33430\",\"addressLocality\":\"Cand\\u00e1s\",\"addressRegion\":\"Asturias\",\"addressCountry\":\"ES\"}},{\"@type\":\"Person\",\"@id\":\"https:\\\/\\\/www.eldigitaldeasturias.com\\\/noticias\\\/author\\\/admin\\\/#author\",\"url\":\"https:\\\/\\\/www.eldigitaldeasturias.com\\\/noticias\\\/author\\\/admin\\\/\",\"name\":\"El Digital de Asturias\",\"image\":{\"@type\":\"ImageObject\",\"@id\":\"https:\\\/\\\/www.eldigitaldeasturias.com\\\/noticias\\\/junio-cultural-en-cangas-del-narcea\\\/#authorImage\",\"url\":\"https:\\\/\\\/secure.gravatar.com\\\/avatar\\\/df2aeffc32bcd13f8d26072ef8a91b623d677766deac7f97ca815868cd41bf5e?s=96&d=mm&r=g\",\"width\":96,\"height\":96,\"caption\":\"El Digital de Asturias\"}},{\"@type\":\"WebPage\",\"@id\":\"https:\\\/\\\/www.eldigitaldeasturias.com\\\/noticias\\\/junio-cultural-en-cangas-del-narcea\\\/#webpage\",\"url\":\"https:\\\/\\\/www.eldigitaldeasturias.com\\\/noticias\\\/junio-cultural-en-cangas-del-narcea\\\/\",\"name\":\"Junio cultural en Cangas del Narcea - El Digital de Asturias\",\"description\":\"El Ayuntamiento de Cangas del Narcea, Principado de Asturias, a trav\\u00e9s de la concejal\\u00eda de Cultura, ha programado un mes de junio de 2021 lleno de actividades..\",\"inLanguage\":\"es-ES\",\"isPartOf\":{\"@id\":\"https:\\\/\\\/www.eldigitaldeasturias.com\\\/noticias\\\/#website\"},\"breadcrumb\":{\"@id\":\"https:\\\/\\\/www.eldigitaldeasturias.com\\\/noticias\\\/junio-cultural-en-cangas-del-narcea\\\/#breadcrumblist\"},\"author\":{\"@id\":\"https:\\\/\\\/www.eldigitaldeasturias.com\\\/noticias\\\/author\\\/admin\\\/#author\"},\"creator\":{\"@id\":\"https:\\\/\\\/www.eldigitaldeasturias.com\\\/noticias\\\/author\\\/admin\\\/#author\"},\"image\":{\"@type\":\"ImageObject\",\"url\":\"https:\\\/\\\/www.eldigitaldeasturias.com\\\/noticias\\\/wp-content\\\/uploads\\\/2026\\\/06\\\/Contenidos.jpg\",\"@id\":\"https:\\\/\\\/www.eldigitaldeasturias.com\\\/noticias\\\/junio-cultural-en-cangas-del-narcea\\\/#mainImage\",\"width\":1265,\"height\":697,\"caption\":\"Contenidos\"},\"primaryImageOfPage\":{\"@id\":\"https:\\\/\\\/www.eldigitaldeasturias.com\\\/noticias\\\/junio-cultural-en-cangas-del-narcea\\\/#mainImage\"},\"datePublished\":\"2021-05-27T10:22:00+02:00\",\"dateModified\":\"2021-05-27T10:22:00+02:00\"},{\"@type\":\"WebSite\",\"@id\":\"https:\\\/\\\/www.eldigitaldeasturias.com\\\/noticias\\\/#website\",\"url\":\"https:\\\/\\\/www.eldigitaldeasturias.com\\\/noticias\\\/\",\"name\":\"El Digital de Asturias - Diario de actualidad y noticias\",\"alternateName\":\"El Digital de Asturias - Diario de actualidad y noticias\",\"description\":\"Hemeroteca\",\"inLanguage\":\"es-ES\",\"publisher\":{\"@id\":\"https:\\\/\\\/www.eldigitaldeasturias.com\\\/noticias\\\/#organization\"}}]}\n\t\t<\/script>\n\t\t<!-- All in One SEO Pro -->\r\n\t\t<title>Junio cultural en Cangas del Narcea - El Digital de Asturias<\/title>\n\n","aioseo_head_json":{"title":"Junio cultural en Cangas del Narcea - El Digital de Asturias","description":"El Ayuntamiento de Cangas del Narcea, Principado de Asturias, a trav\u00e9s de la concejal\u00eda de Cultura, ha programado un mes de junio de 2021 lleno de actividades..","canonical_url":"https:\/\/www.eldigitaldeasturias.com\/noticias\/junio-cultural-en-cangas-del-narcea\/","robots":"max-image-preview:large","keywords":"ocio asturias,agenda cultura asturias,cangas del narcea,agenda","webmasterTools":{"google-site-verification":"UA-38556648-1","msvalidate.01":"7dfe9f3f1b24437ab69f4f2559babe99","miscellaneous":""},"schema":{"@context":"https:\/\/schema.org","@graph":[{"@type":"BlogPosting","@id":"https:\/\/www.eldigitaldeasturias.com\/noticias\/junio-cultural-en-cangas-del-narcea\/#blogposting","name":"Junio cultural en Cangas del Narcea - El Digital de Asturias","headline":"Junio cultural en Cangas del Narcea","author":{"@id":"https:\/\/www.eldigitaldeasturias.com\/noticias\/author\/admin\/#author"},"publisher":{"@id":"https:\/\/www.eldigitaldeasturias.com\/noticias\/#organization"},"image":{"@type":"ImageObject","url":"https:\/\/www.eldigitaldeasturias.com\/noticias\/wp-content\/uploads\/2026\/06\/Contenidos.jpg","width":1265,"height":697,"caption":"Contenidos"},"datePublished":"2021-05-27T10:22:00+02:00","dateModified":"2021-05-27T10:22:00+02:00","inLanguage":"es-ES","mainEntityOfPage":{"@id":"https:\/\/www.eldigitaldeasturias.com\/noticias\/junio-cultural-en-cangas-del-narcea\/#webpage"},"isPartOf":{"@id":"https:\/\/www.eldigitaldeasturias.com\/noticias\/junio-cultural-en-cangas-del-narcea\/#webpage"},"articleSection":"Agenda"},{"@type":"BreadcrumbList","@id":"https:\/\/www.eldigitaldeasturias.com\/noticias\/junio-cultural-en-cangas-del-narcea\/#breadcrumblist","itemListElement":[{"@type":"ListItem","@id":"https:\/\/www.eldigitaldeasturias.com\/noticias#listItem","position":1,"name":"Home","item":"https:\/\/www.eldigitaldeasturias.com\/noticias","nextItem":{"@type":"ListItem","@id":"https:\/\/www.eldigitaldeasturias.com\/noticias\/category\/agenda\/#listItem","name":"Agenda"}},{"@type":"ListItem","@id":"https:\/\/www.eldigitaldeasturias.com\/noticias\/category\/agenda\/#listItem","position":2,"name":"Agenda","item":"https:\/\/www.eldigitaldeasturias.com\/noticias\/category\/agenda\/","nextItem":{"@type":"ListItem","@id":"https:\/\/www.eldigitaldeasturias.com\/noticias\/junio-cultural-en-cangas-del-narcea\/#listItem","name":"Junio cultural en Cangas del Narcea"},"previousItem":{"@type":"ListItem","@id":"https:\/\/www.eldigitaldeasturias.com\/noticias#listItem","name":"Home"}},{"@type":"ListItem","@id":"https:\/\/www.eldigitaldeasturias.com\/noticias\/junio-cultural-en-cangas-del-narcea\/#listItem","position":3,"name":"Junio cultural en Cangas del Narcea","previousItem":{"@type":"ListItem","@id":"https:\/\/www.eldigitaldeasturias.com\/noticias\/category\/agenda\/#listItem","name":"Agenda"}}]},{"@type":"Organization","@id":"https:\/\/www.eldigitaldeasturias.com\/noticias\/#organization","name":"El Digital de Asturias","description":"Hemeroteca","url":"https:\/\/www.eldigitaldeasturias.com\/noticias\/","email":"info@eldigitaldeasturias.com","telephone":"+34652131393","logo":{"@type":"ImageObject","url":"https:\/\/www.eldigitaldeasturias.com\/noticias\/wp-content\/uploads\/2020\/12\/EDA.jpg","@id":"https:\/\/www.eldigitaldeasturias.com\/noticias\/junio-cultural-en-cangas-del-narcea\/#organizationLogo"},"image":{"@id":"https:\/\/www.eldigitaldeasturias.com\/noticias\/junio-cultural-en-cangas-del-narcea\/#organizationLogo"},"sameAs":["https:\/\/facebook.com\/eldigitaldeasturias","https:\/\/www.youtube.com\/channel\/UCZP-2wLEB9Rv6erhFmqVnvg"],"address":{"@id":"https:\/\/www.eldigitaldeasturias.com\/noticias\/#postaladdress","@type":"PostalAddress","streetAddress":"san antonio 4","postalCode":"33430","addressLocality":"Cand\u00e1s","addressRegion":"Asturias","addressCountry":"ES"}},{"@type":"Person","@id":"https:\/\/www.eldigitaldeasturias.com\/noticias\/author\/admin\/#author","url":"https:\/\/www.eldigitaldeasturias.com\/noticias\/author\/admin\/","name":"El Digital de Asturias","image":{"@type":"ImageObject","@id":"https:\/\/www.eldigitaldeasturias.com\/noticias\/junio-cultural-en-cangas-del-narcea\/#authorImage","url":"https:\/\/secure.gravatar.com\/avatar\/df2aeffc32bcd13f8d26072ef8a91b623d677766deac7f97ca815868cd41bf5e?s=96&d=mm&r=g","width":96,"height":96,"caption":"El Digital de Asturias"}},{"@type":"WebPage","@id":"https:\/\/www.eldigitaldeasturias.com\/noticias\/junio-cultural-en-cangas-del-narcea\/#webpage","url":"https:\/\/www.eldigitaldeasturias.com\/noticias\/junio-cultural-en-cangas-del-narcea\/","name":"Junio cultural en Cangas del Narcea - El Digital de Asturias","description":"El Ayuntamiento de Cangas del Narcea, Principado de Asturias, a trav\u00e9s de la concejal\u00eda de Cultura, ha programado un mes de junio de 2021 lleno de actividades..","inLanguage":"es-ES","isPartOf":{"@id":"https:\/\/www.eldigitaldeasturias.com\/noticias\/#website"},"breadcrumb":{"@id":"https:\/\/www.eldigitaldeasturias.com\/noticias\/junio-cultural-en-cangas-del-narcea\/#breadcrumblist"},"author":{"@id":"https:\/\/www.eldigitaldeasturias.com\/noticias\/author\/admin\/#author"},"creator":{"@id":"https:\/\/www.eldigitaldeasturias.com\/noticias\/author\/admin\/#author"},"image":{"@type":"ImageObject","url":"https:\/\/www.eldigitaldeasturias.com\/noticias\/wp-content\/uploads\/2026\/06\/Contenidos.jpg","@id":"https:\/\/www.eldigitaldeasturias.com\/noticias\/junio-cultural-en-cangas-del-narcea\/#mainImage","width":1265,"height":697,"caption":"Contenidos"},"primaryImageOfPage":{"@id":"https:\/\/www.eldigitaldeasturias.com\/noticias\/junio-cultural-en-cangas-del-narcea\/#mainImage"},"datePublished":"2021-05-27T10:22:00+02:00","dateModified":"2021-05-27T10:22:00+02:00"},{"@type":"WebSite","@id":"https:\/\/www.eldigitaldeasturias.com\/noticias\/#website","url":"https:\/\/www.eldigitaldeasturias.com\/noticias\/","name":"El Digital de Asturias - Diario de actualidad y noticias","alternateName":"El Digital de Asturias - Diario de actualidad y noticias","description":"Hemeroteca","inLanguage":"es-ES","publisher":{"@id":"https:\/\/www.eldigitaldeasturias.com\/noticias\/#organization"}}]},"og:locale":"es_ES","og:site_name":"El Digital de Asturias","og:type":"article","og:title":"Junio cultural en Cangas del Narcea - El Digital de Asturias","og:description":"El Ayuntamiento de Cangas del Narcea, Principado de Asturias, a trav\u00e9s de la concejal\u00eda de Cultura, ha programado un mes de junio de 2021 lleno de actividades..","og:url":"https:\/\/www.eldigitaldeasturias.com\/noticias\/junio-cultural-en-cangas-del-narcea\/","og:image":"https:\/\/www.eldigitaldeasturias.com\/noticias\/wp-content\/uploads\/2026\/06\/Contenidos.jpg","og:image:secure_url":"https:\/\/www.eldigitaldeasturias.com\/noticias\/wp-content\/uploads\/2026\/06\/Contenidos.jpg","og:image:width":1265,"og:image:height":697,"article:tag":["ocio asturias","agenda cultura asturias","cangas del narcea","agenda"],"article:published_time":"2021-05-27T09:22:00+00:00","article:modified_time":"2021-05-27T09:22:00+00:00","article:publisher":"https:\/\/facebook.com\/eldigitaldeasturias","twitter:card":"summary_large_image","twitter:title":"Junio cultural en Cangas del Narcea - El Digital de Asturias","twitter:description":"El Ayuntamiento de Cangas del Narcea, Principado de Asturias, a trav\u00e9s de la concejal\u00eda de Cultura, ha programado un mes de junio de 2021 lleno de actividades..","twitter:image":"https:\/\/www.eldigitaldeasturias.com\/noticias\/wp-content\/uploads\/2026\/06\/Contenidos.jpg","twitter:label1":"Escrito por","twitter:data1":"El Digital de Asturias","twitter:label2":"Tiempo de lectura estimado","twitter:data2":"3 minutos"},"aioseo_meta_data":{"post_id":"1092473","title":null,"description":"El Ayuntamiento de Cangas del Narcea, Principado de Asturias, a trav\u00e9s de la concejal\u00eda de Cultura, ha programado un mes de junio de 2021 lleno de actividades..","keywords":[{"label":"ocio Asturias","value":"ocio Asturias"},{"label":" agenda cultura Asturias","value":" agenda cultura Asturias"},{"label":" Cangas del Narcea","value":" Cangas del Narcea"}],"keyphrases":{"focus":[],"additional":[]},"primary_term":null,"canonical_url":null,"og_title":null,"og_description":null,"og_object_type":"default","og_image_type":"default","og_image_url":null,"og_image_width":null,"og_image_height":null,"og_image_custom_url":null,"og_image_custom_fields":null,"og_video":"","og_custom_url":null,"og_article_section":null,"og_article_tags":[],"twitter_use_og":false,"twitter_card":"default","twitter_image_type":"default","twitter_image_url":null,"twitter_image_custom_url":null,"twitter_image_custom_fields":null,"twitter_title":null,"twitter_description":null,"schema":{"blockGraphs":[],"customGraphs":[],"default":{"data":{"Article":[],"Course":[],"Dataset":[],"FAQPage":[],"Movie":[],"Person":[],"Product":[],"ProductReview":[],"Car":[],"Recipe":[],"Service":[],"SoftwareApplication":[],"WebPage":[]},"graphName":"","isEnabled":true},"graphs":[],"defaultGraph":"Article","defaultPostTypeGraph":""},"schema_type":"default","schema_type_options":"{\"article\":{\"articleType\":\"BlogPosting\"},\"course\":{\"name\":\"\",\"description\":\"\",\"provider\":\"\"},\"faq\":{\"pages\":[]},\"product\":{\"reviews\":[]},\"recipe\":{\"ingredients\":[],\"instructions\":[],\"keywords\":[]},\"software\":{\"reviews\":[],\"operatingSystems\":[]},\"webPage\":{\"webPageType\":\"WebPage\"}}","pillar_content":false,"robots_default":true,"robots_noindex":false,"robots_noarchive":false,"robots_nosnippet":false,"robots_nofollow":false,"robots_noimageindex":false,"robots_noodp":false,"robots_notranslate":false,"robots_max_snippet":"-1","robots_max_videopreview":"-1","robots_max_imagepreview":"large","priority":null,"frequency":"default","local_seo":{"locations":{"business":{"name":"","businessType":"","image":"","areaServed":"","urls":{"website":"","aboutPage":"","contactPage":""},"address":{"streetLine1":"","streetLine2":"","zipCode":"","city":"","state":"","country":"","addressFormat":"#streetLineOne\n#streetLineTwo\n#city, #state #zipCode"},"contact":{"email":"","phone":"","phoneFormatted":"","fax":"","faxFormatted":""},"ids":{"vat":"","tax":"","chamberOfCommerce":""},"payment":{"priceRange":"","currenciesAccepted":"","methods":""}}},"openingHours":{"useDefaults":true,"show":true,"alwaysOpen":false,"use24hFormat":false,"timezone":"","labels":{"closed":"","alwaysOpen":""},"days":{"monday":{"open24h":false,"closed":false,"openTime":"09:00","closeTime":"17:00"},"tuesday":{"open24h":false,"closed":false,"openTime":"09:00","closeTime":"17:00"},"wednesday":{"open24h":false,"closed":false,"openTime":"09:00","closeTime":"17:00"},"thursday":{"open24h":false,"closed":false,"openTime":"09:00","closeTime":"17:00"},"friday":{"open24h":false,"closed":false,"openTime":"09:00","closeTime":"17:00"},"saturday":{"open24h":false,"closed":false,"openTime":"09:00","closeTime":"17:00"},"sunday":{"open24h":false,"closed":false,"openTime":"09:00","closeTime":"17:00"}}}},"seo_analyzer_scan_date":"2026-07-18 05:54:58","breadcrumb_settings":null,"limit_modified_date":false,"open_ai":null,"ai":null,"created":"2021-05-27 09:16:51","updated":"2026-07-18 05:54:58","focus_keyword":null,"additional_keywords":null,"truseo_locale":null},"aioseo_breadcrumb":"<div class=\"aioseo-breadcrumbs\"><span class=\"aioseo-breadcrumb\">\n\t<a href=\"https:\/\/www.eldigitaldeasturias.com\/noticias\" title=\"Home\">Home<\/a>\n<\/span><span class=\"aioseo-breadcrumb-separator\">\u2013<\/span><span class=\"aioseo-breadcrumb\">\n\t<a href=\"https:\/\/www.eldigitaldeasturias.com\/noticias\/category\/agenda\/\" title=\"Agenda\">Agenda<\/a>\n<\/span><span class=\"aioseo-breadcrumb-separator\">\u2013<\/span><span class=\"aioseo-breadcrumb\">\n\t<a href=\"https:\/\/www.eldigitaldeasturias.com\/noticias\/junio-cultural-en-cangas-del-narcea\/\" title=\"Junio cultural en Cangas del Narcea\">Junio cultural en Cangas del Narcea<\/a>\n<\/span><\/div>","aioseo_breadcrumb_json":[{"label":"Home","link":"https:\/\/www.eldigitaldeasturias.com\/noticias"},{"label":"Agenda","link":"https:\/\/www.eldigitaldeasturias.com\/noticias\/category\/agenda\/"},{"label":"Junio cultural en Cangas del Narcea","link":"https:\/\/www.eldigitaldeasturias.com\/noticias\/junio-cultural-en-cangas-del-narcea\/"}],"_links":{"self":[{"href":"https:\/\/www.eldigitaldeasturias.com\/noticias\/wp-json\/wp\/v2\/posts\/1092473","targetHints":{"allow":["GET"]}}],"collection":[{"href":"https:\/\/www.eldigitaldeasturias.com\/noticias\/wp-json\/wp\/v2\/posts"}],"about":[{"href":"https:\/\/www.eldigitaldeasturias.com\/noticias\/wp-json\/wp\/v2\/types\/post"}],"author":[{"embeddable":true,"href":"https:\/\/www.eldigitaldeasturias.com\/noticias\/wp-json\/wp\/v2\/users\/1"}],"replies":[{"embeddable":true,"href":"https:\/\/www.eldigitaldeasturias.com\/noticias\/wp-json\/wp\/v2\/comments?post=1092473"}],"version-history":[{"count":0,"href":"https:\/\/www.eldigitaldeasturias.com\/noticias\/wp-json\/wp\/v2\/posts\/1092473\/revisions"}],"wp:featuredmedia":[{"embeddable":true,"href":"https:\/\/www.eldigitaldeasturias.com\/noticias\/wp-json\/wp\/v2\/media\/1132184"}],"wp:attachment":[{"href":"https:\/\/www.eldigitaldeasturias.com\/noticias\/wp-json\/wp\/v2\/media?parent=1092473"}],"wp:term":[{"taxonomy":"category","embeddable":true,"href":"https:\/\/www.eldigitaldeasturias.com\/noticias\/wp-json\/wp\/v2\/categories?post=1092473"},{"taxonomy":"post_tag","embeddable":true,"href":"https:\/\/www.eldigitaldeasturias.com\/noticias\/wp-json\/wp\/v2\/tags?post=1092473"}],"curies":[{"name":"wp","href":"https:\/\/api.w.org\/{rel}","templated":true}]}}