{"id":1092402,"date":"2021-05-26T12:13:57","date_gmt":"2021-05-26T11:13:57","guid":{"rendered":"https:\/\/www.eldigitaldeasturias.com\/noticias\/?p=1092402"},"modified":"2021-05-26T12:13:57","modified_gmt":"2021-05-26T11:13:57","slug":"sexta-edicion-del-festival-de-cine-lgtbi-en-el-niemeyer","status":"publish","type":"post","link":"https:\/\/www.eldigitaldeasturias.com\/noticias\/sexta-edicion-del-festival-de-cine-lgtbi-en-el-niemeyer\/","title":{"rendered":"Sexta edici\u00f3n del Festival de Cine LGTBI en el Niemeyer"},"content":{"rendered":"<p><img loading=\"lazy\" decoding=\"async\" class=\"alignleft size-medium wp-image-1092403\" src=\"https:\/\/www.eldigitaldeasturias.com\/noticias\/wp-content\/uploads\/2021\/05\/VI-Festival-de-Cine-LGTBI-Asturias-342x320.jpg\" alt=\"VI Festival de Cine LGTBI Asturias\" width=\"342\" height=\"320\" \/>Entre el 20 y 27 de junio el Centro Niemeyer, Asturias, volver\u00e1 a abanderar el mensaje de respeto y diversidad a trav\u00e9s de la sexta edici\u00f3n del Festival de Cine LGTBI. Este a\u00f1o viene marcado por la amplia presencia internacional del festival, que llegar\u00e1 a 19 pa\u00edses de habla hispana, as\u00ed como por la novedad de un formato semipresencial a trav\u00e9s de dos plataformas digitales, lo que permitir\u00e1 llevar los contenidos del festival a miles de personas m\u00e1s all\u00e1 de las fronteras asturianas.<\/p>\n<p>La secci\u00f3n oficial de largometrajes contar\u00e1 con ocho pel\u00edculas (cuatro del continente americano, tres europeas y una asi\u00e1tica) y estar\u00e1 compuesta por:<\/p>\n<ul>\n<li>Sexo y revoluci\u00f3n, de Ernesto Ardito. Argentina, 2021. ESTRENO internacional. Pel\u00edcula inaugural. Domingo 20 en el Auditorio y d\u00edas 21 y 22 en Filmin.<\/li>\n<li>Si c\u2019etait de l\u2019amour, de Patric Chiha. Francia, 2020. Lunes 21 en el Auditorio y d\u00edas 21 y 22 en Filmin<\/li>\n<li>Sus madres, de Asia D\u00e9r y Sara Haragonics. Hungr\u00eda, 2020. Martes 22 en el Auditorio y d\u00edas 22 y 23 en Filmin.<\/li>\n<li>No hard feelings, de Faraz Shariat y Paulina Lorenz. Alemania, 2020. Mi\u00e9rcoles 23 en el Auditorio y d\u00edas 23 y 24 en Filmin.<\/li>\n<li>Cosas que no hacemos, de Bruno Santamar\u00eda. M\u00e9xico, 2020. Jueves 24 en el Auditorio y d\u00edas 24 y 25 en Filmin.<\/li>\n<li>Saint-Narcisse, de Bruce LaBruce y Martin Girard. Canad\u00e1, 2021. Viernes 25 en el Auditorio y d\u00edas 25 y 26 en Filmin.<\/li>\n<li>Suk Suk, de Ray Yeung. Hong Kong, 2019. S\u00e1bado 26 en el Auditorio y d\u00edas 26 y 27 en Filmin.<\/li>\n<li>La nave del olvido, de Nicol Ruiz Benavides. Chile, 2020. Pel\u00edcula de clausura. Domingo 27 en el Auditorio y d\u00edas 26 y 27 en Filmin.<\/li>\n<\/ul>\n<p>Todas las pel\u00edculas se proyectar\u00e1n a las 20:00 en versi\u00f3n original subtitulada al espa\u00f1ol.<\/p>\n<p>Por otra parte, la nueva Secci\u00f3n Oficial de Cortometrajes, que se estrena en esta edici\u00f3n, se centra en la producci\u00f3n audiovisual espa\u00f1ola reciente a trav\u00e9s de diez obras que se podr\u00e1n ver presencialmente en el Auditorio del Centro Niemeyer a lo largo de dos d\u00edas.<\/p>\n<h3>Viernes 25 a las 20:00. Secci\u00f3n Oficial de Cortos I:<\/h3>\n<ul>\n<li>Fern\u00e1ndez pratsch, de Emiliano Spampinato. Espa\u00f1a, 2020.<\/li>\n<li>Lo ef\u00edmero, de Jorge Muriel. Espa\u00f1a, 2020.<\/li>\n<li>Mi arma, de Jes\u00fas Pascual. Espa\u00f1a, 2019.<\/li>\n<li>Marcus, de Fernando Lorenzana. Espa\u00f1a, 2016.<\/li>\n<li>El rey de las flores, de Alberto Velasco. Espa\u00f1a, 2021.<\/li>\n<\/ul>\n<h3>S\u00e1bado 26 a las 20:00. Secci\u00f3n Oficial de Cortos II:<\/h3>\n<ul>\n<li>Por donde pasa el silencio, de Pablo Rivas. Espa\u00f1a, 2020.<\/li>\n<li>Hemen, Gaur, Berriz, de Aitor Gametxo y Jorge Gil. Espa\u00f1a, 2020.<\/li>\n<li>Victoria, de Afioco y Clara Amechazurra. Espa\u00f1a, 2019.<\/li>\n<li>Nul\u00edparas, de Fabia Castro y Usue \u00c1lvarez. Espa\u00f1a, 2020.<\/li>\n<li>Ciruela de agua dulce, de Roberto F. Canuto y Xu Xiaoxi. Espa\u00f1a\/China, 2017.<\/li>\n<\/ul>\n<p>Estos cortometrajes llegar\u00e1n a 19 pa\u00edses de habla hispana y se podr\u00e1n ver del 20 de junio al 4 de julio a trav\u00e9s de la plataforma online Festhome gracias al patrocinio de la\u00a0Agencia Espa\u00f1ola de Cooperaci\u00f3n Internacional para el Desarrollo (AECID), una entidad adscrita al Ministerio de Asuntos Exteriores, Uni\u00f3n Europea y Cooperaci\u00f3n. Estas producciones son fruto de la selecci\u00f3n realizada por la red de \u201cFestivales LGTBI Amigos\u201d, una plataforma informal de festivales de cine LGTBI que tienen lugar en Espa\u00f1a, que mantienen entre s\u00ed una estrecha relaci\u00f3n de colaboraci\u00f3n y de la que forma parte el Centro Niemeyer.<\/p>\n<p>Los 19 pa\u00edses en los que se podr\u00e1n ver estos cortos son: Argentina, Uruguay, Chile, Paraguay, Bolivia, Per\u00fa, Rep\u00fablica Dominicana, Costa Rica, Honduras, El Salvador, M\u00e9xico, Guinea Ecuatorial, Panam\u00e1, Nicaragua, Guatemala, Venezuela, Colombia, Ecuador y Cuba.<\/p>\n<h2>Teatro<\/h2>\n<p>Como es habitual en el Festival de Cine LGTBI del Centro Niemeyer, la programaci\u00f3n no se limita al s\u00e9ptimo arte, sino que abarca otras manifestaciones como la teatral. Esta sexta edici\u00f3n contar\u00e1 con la representaci\u00f3n de la obra Pu\u00f1os de harina, que llegar\u00e1 al Auditorio el s\u00e1bado 19 a las 20:00 gracias a la colaboraci\u00f3n con la Fundaci\u00f3n Secretariado Gitano de Asturias.<\/p>\n<p>Pu\u00f1os de harina plantea una reflexi\u00f3n sobre la violencia, la masculinidad, el racismo y la homofobia y lo hace a trav\u00e9s de un espect\u00e1culo que presenta dos historias con sendos personajes relacionados con el mundo del boxeo y la cultura gitana: por un lado, la historia real de Rukeli, el boxeador gitano que desaf\u00edo a Hitler; por otro, la de Sa\u00fal, un joven gitano que, en la Espa\u00f1a rural de los 80, busca su identidad y se enfrenta a su familia.<\/p>\n<p>La obra pone en escena la historia de ambos personajes y es tambi\u00e9n es la historia de c\u00f3mo algunos hombres se esfuerzan por encajar en el concepto ideal de \u201cser un hombre de verdad\u201d, rodeados por un contexto que los rechaza por su etnia, su cultura o su orientaci\u00f3n sexual.<\/p>\n<p>Jes\u00fas Torres es el autor del texto y director e int\u00e9rprete de esta obra producida por El Aedo Teatro que cuenta tambi\u00e9n con las voces en off de Eva Rodr\u00edguez, Antonio M. M. y David S\u00e1nchez Calvo.<\/p>\n<h2>Dise\u00f1o<\/h2>\n<p>Una de las colaboraciones destacadas de esta edici\u00f3n se ha desarrollado con la Asociaci\u00f3n de Dise\u00f1adores Gr\u00e1ficos de Asturias, mediante la cual se ha seleccionado a cuatro dise\u00f1adores gr\u00e1ficos del Principado para que, a trav\u00e9s de su personal mirada, cada uno refleje en un dise\u00f1o su visi\u00f3n de la diversidad del colectivo LGTBI y del festival.<\/p>\n<p>Los dise\u00f1adores seleccionados son Alberto Pieruz, Brezo Rubin, Goyo Rodr\u00edguez y Marta Viera y sus dise\u00f1os, expuestos en formato gigante en la recepci\u00f3n del Centro Niemeyer, ser\u00e1n la imagen gr\u00e1fica del Festival en distintos soportes que se podr\u00e1n ver en las pr\u00f3ximas semanas en Avil\u00e9s, Gij\u00f3n y Oviedo, adem\u00e1s de en revistas especializadas y en el \u00e1mbito digital.<\/p>\n<h2>Webinars<\/h2>\n<p>Uno de los principales objetivos del Festival de Cine LGTBI, m\u00e1s all\u00e1 de fomentar el respeto a la diversidad sexual a trav\u00e9s del arte, es servir de plataforma de encuentro y debate de la comunidad LGTBI en la que someter a an\u00e1lisis las problem\u00e1ticas que enfrenta el colectivo, su visibilidad, retos y propuestas de futuro.<\/p>\n<p>En esta sexta edici\u00f3n se desarrollar\u00e1n estos cinco webinars que pretenden profundizar en la realidad del colectivo:<\/p>\n<ul>\n<li>Lunes 21 a las 18:00. Escribir sobre lo personal y lo pol\u00edtico, moderado por Paco Tom\u00e1s, con la participaci\u00f3n de Gloria Fort\u00fan, Elisa Coll, Ram\u00f3n Martinez y Juan Naranjo.<\/li>\n<li>Martes 22 a las 18:00. Escenas musicales LGTBI, moderado por C\u00e9sar Vallejo, con la participaci\u00f3n de Viruta, la Prohibida, Ricky Merino y Raquel L\u00f3pez (Ginebras).<\/li>\n<li>Mi\u00e9rcoles 23 a las 18:00. Antirracismo y disidencia sexo-gen\u00e9rica, moderado por Esther Mayoko, con la participaci\u00f3n de Anna Fux (asiatique), I\u00f1aki V\u00e1zquez (comunidad Gitana), Artemisa Semedo (comunidad Afro).<\/li>\n<li>Jueves 24 a las 18:00. Activismo social y pol\u00edtico en el deporte, moderado por Stella Noriega, con la participaci\u00f3n de David del Egido, Cristy Shedimar, V\u00edctor Granado, Ana Valenzuela.<\/li>\n<li>Viernes 25 a las 16:00. El espacio de los cortos LGTBI, moderado por Jorge Rivero, con la participaci\u00f3n de Fernando Lorenzana, Roberto F. Canuto, Jorge<\/li>\n<\/ul>\n<p>Muriel, Alberto Velasco, Sandra Roma, Jes\u00fas Pascual, Fernando Pratsch, Fabia Castro y Aitor Gametxo.<\/p>\n<p>Todos los encuentros tendr\u00e1n lugar en el canal de Youtube del Centro Niemeyer y ser\u00e1n de acceso libre y gratuito para todas las personas interesadas.<\/p>\n<h2>Premios, socios y entradas<\/h2>\n<p>Esta edici\u00f3n contar\u00e1 con m\u00e1s galardones que las precedentes, incluyendo: Premio al Mejor Corto, Mejor Pel\u00edcula, Premio Especial del P\u00fablico y Premio Joven.<\/p>\n<p>El Festival de Cine LGTBI del Centro Niemeyer es el \u00fanico de Espa\u00f1a directamente impulsado por una entidad del sector p\u00fablico, mediante el Patronato de la Fundaci\u00f3n, donde est\u00e1n representados el Gobierno del Principado de Asturias, el Ayuntamiento de Avil\u00e9s y el Puerto de Avil\u00e9s; cuenta, adem\u00e1s, con el patrocinio de la Consejer\u00eda de Presidencia, a trav\u00e9s de la Direcci\u00f3n General de Juventud, Diversidad Sexual y Derechos LGTB y la AECID, perteneciente esta \u00faltima entidad al Ministerio de Asuntos Exteriores, Uni\u00f3n Europea y Cooperaci\u00f3n. Los colaboradores de esta edici\u00f3n son XEGA, Laboral Cinemateca, Conseyu de la Moced\u00e1 del Princip\u00e1u d\u2019Asturies y Factor\u00eda Cultural de Avil\u00e9s. Adem\u00e1s, cuenta con el apoyo de las siguientes instituciones: FIXC, SACO, Universidad de Oviedo, Faciendo Cam\u00edn, Asociaci\u00f3n por la Diversidad Kaleide, Centro de Atenci\u00f3n Sexual de Avil\u00e9s, Agrupaci\u00f3n Deportiva Ib\u00e9rica, FELGTB, Fundaci\u00f3n Secretariado Gitano y Comit\u00e9 Ciudadano Antisida de Asturias. Finalmente, el Festival se puede seguir por las plataformas digitales Filmin y Festhome.<\/p>\n<p>Las entradas est\u00e1n a la venta desde hoy en las taquillas del Centro Niemeyer, Laboral Ciudad de la Cultura, CITPA Oviedo y p\u00e1gina web del Centro Niemeyer. Pu\u00f1os de harina tiene un precio de 15 \u20ac (12 \u20ac para socios del Club Cultura hasta el d\u00eda 17 de junio. Los largometrajes y cada uno de los dos pases de cortometrajes tienen un coste de 5 \u20ac (3 \u20ac para las tarifas reducidas).<\/p>\n<p>&nbsp;<\/p>\n","protected":false},"excerpt":{"rendered":"<p>Entre el 20 y 27 de junio el Centro Niemeyer, Asturias, volver\u00e1 a abanderar el mensaje de respeto y diversidad a trav\u00e9s de la sexta edici\u00f3n del Festival de Cine LGTBI. Este a\u00f1o viene marcado por la amplia presencia internacional del festival, que llegar\u00e1 a 19 pa\u00edses de habla hispana, as\u00ed como por la novedad [&hellip;]<\/p>\n","protected":false},"author":1,"featured_media":1132184,"comment_status":"closed","ping_status":"closed","sticky":false,"template":"","format":"standard","meta":{"footnotes":""},"categories":[2],"tags":[],"class_list":["post-1092402","post","type-post","status-publish","format-standard","has-post-thumbnail","hentry","category-agenda"],"aioseo_notices":[],"aioseo_head":"\n\t\t<!-- All in One SEO Pro 5.0.1 - aioseo.com -->\n\t<meta name=\"description\" content=\"Entre el 20 y 27 de junio el Niemeyer, Asturias, volver\u00e1 a abanderar el mensaje de respeto y diversidad a trav\u00e9s de la sexta edici\u00f3n del Festival de Cine LGTBI\" \/>\n\t<meta name=\"robots\" content=\"max-image-preview:large\" \/>\n\t<meta name=\"author\" content=\"El Digital de Asturias\"\/>\n\t<meta name=\"google-site-verification\" content=\"UA-38556648-1\" \/>\n\t<meta name=\"msvalidate.01\" content=\"7dfe9f3f1b24437ab69f4f2559babe99\" \/>\n\t<meta name=\"keywords\" content=\"agenda,cine,avil\u00e9s,asturias cine\" \/>\n\t<link rel=\"canonical\" href=\"https:\/\/www.eldigitaldeasturias.com\/noticias\/sexta-edicion-del-festival-de-cine-lgtbi-en-el-niemeyer\/\" \/>\n\t<meta name=\"generator\" content=\"All in One SEO Pro (AIOSEO) 5.0.1\" \/>\n\t\t<meta property=\"og:locale\" content=\"es_ES\" \/>\n\t\t<meta property=\"og:site_name\" content=\"El Digital de Asturias\" \/>\n\t\t<meta property=\"og:type\" content=\"article\" \/>\n\t\t<meta property=\"og:title\" content=\"Sexta edici\u00f3n del Festival de Cine LGTBI en el Niemeyer - El Digital de Asturias\" \/>\n\t\t<meta property=\"og:description\" content=\"Entre el 20 y 27 de junio el Niemeyer, Asturias, volver\u00e1 a abanderar el mensaje de respeto y diversidad a trav\u00e9s de la sexta edici\u00f3n del Festival de Cine LGTBI\" \/>\n\t\t<meta property=\"og:url\" content=\"https:\/\/www.eldigitaldeasturias.com\/noticias\/sexta-edicion-del-festival-de-cine-lgtbi-en-el-niemeyer\/\" \/>\n\t\t<meta property=\"og:image\" content=\"https:\/\/www.eldigitaldeasturias.com\/noticias\/wp-content\/uploads\/2026\/06\/Contenidos.jpg\" \/>\n\t\t<meta property=\"og:image:secure_url\" content=\"https:\/\/www.eldigitaldeasturias.com\/noticias\/wp-content\/uploads\/2026\/06\/Contenidos.jpg\" \/>\n\t\t<meta property=\"og:image:width\" content=\"1265\" \/>\n\t\t<meta property=\"og:image:height\" content=\"697\" \/>\n\t\t<meta property=\"article:tag\" content=\"agenda\" \/>\n\t\t<meta property=\"article:tag\" content=\"cine\" \/>\n\t\t<meta property=\"article:tag\" content=\"avil\u00e9s\" \/>\n\t\t<meta property=\"article:tag\" content=\"asturias cine\" \/>\n\t\t<meta property=\"article:published_time\" content=\"2021-05-26T11:13:57+00:00\" \/>\n\t\t<meta property=\"article:modified_time\" content=\"2021-05-26T11:13:57+00:00\" \/>\n\t\t<meta property=\"article:publisher\" content=\"https:\/\/facebook.com\/eldigitaldeasturias\" \/>\n\t\t<meta name=\"twitter:card\" content=\"summary_large_image\" \/>\n\t\t<meta name=\"twitter:title\" content=\"Sexta edici\u00f3n del Festival de Cine LGTBI en el Niemeyer - El Digital de Asturias\" \/>\n\t\t<meta name=\"twitter:description\" content=\"Entre el 20 y 27 de junio el Niemeyer, Asturias, volver\u00e1 a abanderar el mensaje de respeto y diversidad a trav\u00e9s de la sexta edici\u00f3n del Festival de Cine LGTBI\" \/>\n\t\t<meta name=\"twitter:image\" content=\"https:\/\/www.eldigitaldeasturias.com\/noticias\/wp-content\/uploads\/2026\/06\/Contenidos.jpg\" \/>\n\t\t<meta name=\"twitter:label1\" content=\"Escrito por\" \/>\n\t\t<meta name=\"twitter:data1\" content=\"El Digital de Asturias\" \/>\n\t\t<meta name=\"twitter:label2\" content=\"Tiempo de lectura estimado\" \/>\n\t\t<meta name=\"twitter:data2\" content=\"8 minutos\" \/>\n\t\t<script type=\"application\/ld+json\" class=\"aioseo-schema\">\n\t\t\t{\"@context\":\"https:\\\/\\\/schema.org\",\"@graph\":[{\"@type\":\"BlogPosting\",\"@id\":\"https:\\\/\\\/www.eldigitaldeasturias.com\\\/noticias\\\/sexta-edicion-del-festival-de-cine-lgtbi-en-el-niemeyer\\\/#blogposting\",\"name\":\"Sexta edici\\u00f3n del Festival de Cine LGTBI en el Niemeyer - El Digital de Asturias\",\"headline\":\"Sexta edici\\u00f3n del Festival de Cine LGTBI en el Niemeyer\",\"author\":{\"@id\":\"https:\\\/\\\/www.eldigitaldeasturias.com\\\/noticias\\\/author\\\/admin\\\/#author\"},\"publisher\":{\"@id\":\"https:\\\/\\\/www.eldigitaldeasturias.com\\\/noticias\\\/#organization\"},\"image\":{\"@type\":\"ImageObject\",\"url\":\"https:\\\/\\\/www.eldigitaldeasturias.com\\\/noticias\\\/wp-content\\\/uploads\\\/2026\\\/06\\\/Contenidos.jpg\",\"width\":1265,\"height\":697,\"caption\":\"Contenidos\"},\"datePublished\":\"2021-05-26T12:13:57+02:00\",\"dateModified\":\"2021-05-26T12:13:57+02:00\",\"inLanguage\":\"es-ES\",\"mainEntityOfPage\":{\"@id\":\"https:\\\/\\\/www.eldigitaldeasturias.com\\\/noticias\\\/sexta-edicion-del-festival-de-cine-lgtbi-en-el-niemeyer\\\/#webpage\"},\"isPartOf\":{\"@id\":\"https:\\\/\\\/www.eldigitaldeasturias.com\\\/noticias\\\/sexta-edicion-del-festival-de-cine-lgtbi-en-el-niemeyer\\\/#webpage\"},\"articleSection\":\"Agenda\"},{\"@type\":\"BreadcrumbList\",\"@id\":\"https:\\\/\\\/www.eldigitaldeasturias.com\\\/noticias\\\/sexta-edicion-del-festival-de-cine-lgtbi-en-el-niemeyer\\\/#breadcrumblist\",\"itemListElement\":[{\"@type\":\"ListItem\",\"@id\":\"https:\\\/\\\/www.eldigitaldeasturias.com\\\/noticias#listItem\",\"position\":1,\"name\":\"Home\",\"item\":\"https:\\\/\\\/www.eldigitaldeasturias.com\\\/noticias\",\"nextItem\":{\"@type\":\"ListItem\",\"@id\":\"https:\\\/\\\/www.eldigitaldeasturias.com\\\/noticias\\\/category\\\/agenda\\\/#listItem\",\"name\":\"Agenda\"}},{\"@type\":\"ListItem\",\"@id\":\"https:\\\/\\\/www.eldigitaldeasturias.com\\\/noticias\\\/category\\\/agenda\\\/#listItem\",\"position\":2,\"name\":\"Agenda\",\"item\":\"https:\\\/\\\/www.eldigitaldeasturias.com\\\/noticias\\\/category\\\/agenda\\\/\",\"nextItem\":{\"@type\":\"ListItem\",\"@id\":\"https:\\\/\\\/www.eldigitaldeasturias.com\\\/noticias\\\/sexta-edicion-del-festival-de-cine-lgtbi-en-el-niemeyer\\\/#listItem\",\"name\":\"Sexta edici\\u00f3n del Festival de Cine LGTBI en el Niemeyer\"},\"previousItem\":{\"@type\":\"ListItem\",\"@id\":\"https:\\\/\\\/www.eldigitaldeasturias.com\\\/noticias#listItem\",\"name\":\"Home\"}},{\"@type\":\"ListItem\",\"@id\":\"https:\\\/\\\/www.eldigitaldeasturias.com\\\/noticias\\\/sexta-edicion-del-festival-de-cine-lgtbi-en-el-niemeyer\\\/#listItem\",\"position\":3,\"name\":\"Sexta edici\\u00f3n del Festival de Cine LGTBI en el Niemeyer\",\"previousItem\":{\"@type\":\"ListItem\",\"@id\":\"https:\\\/\\\/www.eldigitaldeasturias.com\\\/noticias\\\/category\\\/agenda\\\/#listItem\",\"name\":\"Agenda\"}}]},{\"@type\":\"Organization\",\"@id\":\"https:\\\/\\\/www.eldigitaldeasturias.com\\\/noticias\\\/#organization\",\"name\":\"El Digital de Asturias\",\"description\":\"Hemeroteca\",\"url\":\"https:\\\/\\\/www.eldigitaldeasturias.com\\\/noticias\\\/\",\"email\":\"info@eldigitaldeasturias.com\",\"telephone\":\"+34652131393\",\"logo\":{\"@type\":\"ImageObject\",\"url\":\"https:\\\/\\\/www.eldigitaldeasturias.com\\\/noticias\\\/wp-content\\\/uploads\\\/2020\\\/12\\\/EDA.jpg\",\"@id\":\"https:\\\/\\\/www.eldigitaldeasturias.com\\\/noticias\\\/sexta-edicion-del-festival-de-cine-lgtbi-en-el-niemeyer\\\/#organizationLogo\"},\"image\":{\"@id\":\"https:\\\/\\\/www.eldigitaldeasturias.com\\\/noticias\\\/sexta-edicion-del-festival-de-cine-lgtbi-en-el-niemeyer\\\/#organizationLogo\"},\"sameAs\":[\"https:\\\/\\\/facebook.com\\\/eldigitaldeasturias\",\"https:\\\/\\\/www.youtube.com\\\/channel\\\/UCZP-2wLEB9Rv6erhFmqVnvg\"],\"address\":{\"@id\":\"https:\\\/\\\/www.eldigitaldeasturias.com\\\/noticias\\\/#postaladdress\",\"@type\":\"PostalAddress\",\"streetAddress\":\"san antonio 4\",\"postalCode\":\"33430\",\"addressLocality\":\"Cand\\u00e1s\",\"addressRegion\":\"Asturias\",\"addressCountry\":\"ES\"}},{\"@type\":\"Person\",\"@id\":\"https:\\\/\\\/www.eldigitaldeasturias.com\\\/noticias\\\/author\\\/admin\\\/#author\",\"url\":\"https:\\\/\\\/www.eldigitaldeasturias.com\\\/noticias\\\/author\\\/admin\\\/\",\"name\":\"El Digital de Asturias\",\"image\":{\"@type\":\"ImageObject\",\"@id\":\"https:\\\/\\\/www.eldigitaldeasturias.com\\\/noticias\\\/sexta-edicion-del-festival-de-cine-lgtbi-en-el-niemeyer\\\/#authorImage\",\"url\":\"https:\\\/\\\/secure.gravatar.com\\\/avatar\\\/df2aeffc32bcd13f8d26072ef8a91b623d677766deac7f97ca815868cd41bf5e?s=96&d=mm&r=g\",\"width\":96,\"height\":96,\"caption\":\"El Digital de Asturias\"}},{\"@type\":\"WebPage\",\"@id\":\"https:\\\/\\\/www.eldigitaldeasturias.com\\\/noticias\\\/sexta-edicion-del-festival-de-cine-lgtbi-en-el-niemeyer\\\/#webpage\",\"url\":\"https:\\\/\\\/www.eldigitaldeasturias.com\\\/noticias\\\/sexta-edicion-del-festival-de-cine-lgtbi-en-el-niemeyer\\\/\",\"name\":\"Sexta edici\\u00f3n del Festival de Cine LGTBI en el Niemeyer - El Digital de Asturias\",\"description\":\"Entre el 20 y 27 de junio el Niemeyer, Asturias, volver\\u00e1 a abanderar el mensaje de respeto y diversidad a trav\\u00e9s de la sexta edici\\u00f3n del Festival de Cine LGTBI\",\"inLanguage\":\"es-ES\",\"isPartOf\":{\"@id\":\"https:\\\/\\\/www.eldigitaldeasturias.com\\\/noticias\\\/#website\"},\"breadcrumb\":{\"@id\":\"https:\\\/\\\/www.eldigitaldeasturias.com\\\/noticias\\\/sexta-edicion-del-festival-de-cine-lgtbi-en-el-niemeyer\\\/#breadcrumblist\"},\"author\":{\"@id\":\"https:\\\/\\\/www.eldigitaldeasturias.com\\\/noticias\\\/author\\\/admin\\\/#author\"},\"creator\":{\"@id\":\"https:\\\/\\\/www.eldigitaldeasturias.com\\\/noticias\\\/author\\\/admin\\\/#author\"},\"image\":{\"@type\":\"ImageObject\",\"url\":\"https:\\\/\\\/www.eldigitaldeasturias.com\\\/noticias\\\/wp-content\\\/uploads\\\/2026\\\/06\\\/Contenidos.jpg\",\"@id\":\"https:\\\/\\\/www.eldigitaldeasturias.com\\\/noticias\\\/sexta-edicion-del-festival-de-cine-lgtbi-en-el-niemeyer\\\/#mainImage\",\"width\":1265,\"height\":697,\"caption\":\"Contenidos\"},\"primaryImageOfPage\":{\"@id\":\"https:\\\/\\\/www.eldigitaldeasturias.com\\\/noticias\\\/sexta-edicion-del-festival-de-cine-lgtbi-en-el-niemeyer\\\/#mainImage\"},\"datePublished\":\"2021-05-26T12:13:57+02:00\",\"dateModified\":\"2021-05-26T12:13:57+02:00\"},{\"@type\":\"WebSite\",\"@id\":\"https:\\\/\\\/www.eldigitaldeasturias.com\\\/noticias\\\/#website\",\"url\":\"https:\\\/\\\/www.eldigitaldeasturias.com\\\/noticias\\\/\",\"name\":\"El Digital de Asturias - Diario de actualidad y noticias\",\"alternateName\":\"El Digital de Asturias - Diario de actualidad y noticias\",\"description\":\"Hemeroteca\",\"inLanguage\":\"es-ES\",\"publisher\":{\"@id\":\"https:\\\/\\\/www.eldigitaldeasturias.com\\\/noticias\\\/#organization\"}}]}\n\t\t<\/script>\n\t\t<!-- All in One SEO Pro -->\r\n\t\t<title>Sexta edici\u00f3n del Festival de Cine LGTBI en el Niemeyer - El Digital de Asturias<\/title>\n\n","aioseo_head_json":{"title":"Sexta edici\u00f3n del Festival de Cine LGTBI en el Niemeyer - El Digital de Asturias","description":"Entre el 20 y 27 de junio el Niemeyer, Asturias, volver\u00e1 a abanderar el mensaje de respeto y diversidad a trav\u00e9s de la sexta edici\u00f3n del Festival de Cine LGTBI","canonical_url":"https:\/\/www.eldigitaldeasturias.com\/noticias\/sexta-edicion-del-festival-de-cine-lgtbi-en-el-niemeyer\/","robots":"max-image-preview:large","keywords":"agenda,cine,avil\u00e9s,asturias cine","webmasterTools":{"google-site-verification":"UA-38556648-1","msvalidate.01":"7dfe9f3f1b24437ab69f4f2559babe99","miscellaneous":""},"schema":{"@context":"https:\/\/schema.org","@graph":[{"@type":"BlogPosting","@id":"https:\/\/www.eldigitaldeasturias.com\/noticias\/sexta-edicion-del-festival-de-cine-lgtbi-en-el-niemeyer\/#blogposting","name":"Sexta edici\u00f3n del Festival de Cine LGTBI en el Niemeyer - El Digital de Asturias","headline":"Sexta edici\u00f3n del Festival de Cine LGTBI en el Niemeyer","author":{"@id":"https:\/\/www.eldigitaldeasturias.com\/noticias\/author\/admin\/#author"},"publisher":{"@id":"https:\/\/www.eldigitaldeasturias.com\/noticias\/#organization"},"image":{"@type":"ImageObject","url":"https:\/\/www.eldigitaldeasturias.com\/noticias\/wp-content\/uploads\/2026\/06\/Contenidos.jpg","width":1265,"height":697,"caption":"Contenidos"},"datePublished":"2021-05-26T12:13:57+02:00","dateModified":"2021-05-26T12:13:57+02:00","inLanguage":"es-ES","mainEntityOfPage":{"@id":"https:\/\/www.eldigitaldeasturias.com\/noticias\/sexta-edicion-del-festival-de-cine-lgtbi-en-el-niemeyer\/#webpage"},"isPartOf":{"@id":"https:\/\/www.eldigitaldeasturias.com\/noticias\/sexta-edicion-del-festival-de-cine-lgtbi-en-el-niemeyer\/#webpage"},"articleSection":"Agenda"},{"@type":"BreadcrumbList","@id":"https:\/\/www.eldigitaldeasturias.com\/noticias\/sexta-edicion-del-festival-de-cine-lgtbi-en-el-niemeyer\/#breadcrumblist","itemListElement":[{"@type":"ListItem","@id":"https:\/\/www.eldigitaldeasturias.com\/noticias#listItem","position":1,"name":"Home","item":"https:\/\/www.eldigitaldeasturias.com\/noticias","nextItem":{"@type":"ListItem","@id":"https:\/\/www.eldigitaldeasturias.com\/noticias\/category\/agenda\/#listItem","name":"Agenda"}},{"@type":"ListItem","@id":"https:\/\/www.eldigitaldeasturias.com\/noticias\/category\/agenda\/#listItem","position":2,"name":"Agenda","item":"https:\/\/www.eldigitaldeasturias.com\/noticias\/category\/agenda\/","nextItem":{"@type":"ListItem","@id":"https:\/\/www.eldigitaldeasturias.com\/noticias\/sexta-edicion-del-festival-de-cine-lgtbi-en-el-niemeyer\/#listItem","name":"Sexta edici\u00f3n del Festival de Cine LGTBI en el Niemeyer"},"previousItem":{"@type":"ListItem","@id":"https:\/\/www.eldigitaldeasturias.com\/noticias#listItem","name":"Home"}},{"@type":"ListItem","@id":"https:\/\/www.eldigitaldeasturias.com\/noticias\/sexta-edicion-del-festival-de-cine-lgtbi-en-el-niemeyer\/#listItem","position":3,"name":"Sexta edici\u00f3n del Festival de Cine LGTBI en el Niemeyer","previousItem":{"@type":"ListItem","@id":"https:\/\/www.eldigitaldeasturias.com\/noticias\/category\/agenda\/#listItem","name":"Agenda"}}]},{"@type":"Organization","@id":"https:\/\/www.eldigitaldeasturias.com\/noticias\/#organization","name":"El Digital de Asturias","description":"Hemeroteca","url":"https:\/\/www.eldigitaldeasturias.com\/noticias\/","email":"info@eldigitaldeasturias.com","telephone":"+34652131393","logo":{"@type":"ImageObject","url":"https:\/\/www.eldigitaldeasturias.com\/noticias\/wp-content\/uploads\/2020\/12\/EDA.jpg","@id":"https:\/\/www.eldigitaldeasturias.com\/noticias\/sexta-edicion-del-festival-de-cine-lgtbi-en-el-niemeyer\/#organizationLogo"},"image":{"@id":"https:\/\/www.eldigitaldeasturias.com\/noticias\/sexta-edicion-del-festival-de-cine-lgtbi-en-el-niemeyer\/#organizationLogo"},"sameAs":["https:\/\/facebook.com\/eldigitaldeasturias","https:\/\/www.youtube.com\/channel\/UCZP-2wLEB9Rv6erhFmqVnvg"],"address":{"@id":"https:\/\/www.eldigitaldeasturias.com\/noticias\/#postaladdress","@type":"PostalAddress","streetAddress":"san antonio 4","postalCode":"33430","addressLocality":"Cand\u00e1s","addressRegion":"Asturias","addressCountry":"ES"}},{"@type":"Person","@id":"https:\/\/www.eldigitaldeasturias.com\/noticias\/author\/admin\/#author","url":"https:\/\/www.eldigitaldeasturias.com\/noticias\/author\/admin\/","name":"El Digital de Asturias","image":{"@type":"ImageObject","@id":"https:\/\/www.eldigitaldeasturias.com\/noticias\/sexta-edicion-del-festival-de-cine-lgtbi-en-el-niemeyer\/#authorImage","url":"https:\/\/secure.gravatar.com\/avatar\/df2aeffc32bcd13f8d26072ef8a91b623d677766deac7f97ca815868cd41bf5e?s=96&d=mm&r=g","width":96,"height":96,"caption":"El Digital de Asturias"}},{"@type":"WebPage","@id":"https:\/\/www.eldigitaldeasturias.com\/noticias\/sexta-edicion-del-festival-de-cine-lgtbi-en-el-niemeyer\/#webpage","url":"https:\/\/www.eldigitaldeasturias.com\/noticias\/sexta-edicion-del-festival-de-cine-lgtbi-en-el-niemeyer\/","name":"Sexta edici\u00f3n del Festival de Cine LGTBI en el Niemeyer - El Digital de Asturias","description":"Entre el 20 y 27 de junio el Niemeyer, Asturias, volver\u00e1 a abanderar el mensaje de respeto y diversidad a trav\u00e9s de la sexta edici\u00f3n del Festival de Cine LGTBI","inLanguage":"es-ES","isPartOf":{"@id":"https:\/\/www.eldigitaldeasturias.com\/noticias\/#website"},"breadcrumb":{"@id":"https:\/\/www.eldigitaldeasturias.com\/noticias\/sexta-edicion-del-festival-de-cine-lgtbi-en-el-niemeyer\/#breadcrumblist"},"author":{"@id":"https:\/\/www.eldigitaldeasturias.com\/noticias\/author\/admin\/#author"},"creator":{"@id":"https:\/\/www.eldigitaldeasturias.com\/noticias\/author\/admin\/#author"},"image":{"@type":"ImageObject","url":"https:\/\/www.eldigitaldeasturias.com\/noticias\/wp-content\/uploads\/2026\/06\/Contenidos.jpg","@id":"https:\/\/www.eldigitaldeasturias.com\/noticias\/sexta-edicion-del-festival-de-cine-lgtbi-en-el-niemeyer\/#mainImage","width":1265,"height":697,"caption":"Contenidos"},"primaryImageOfPage":{"@id":"https:\/\/www.eldigitaldeasturias.com\/noticias\/sexta-edicion-del-festival-de-cine-lgtbi-en-el-niemeyer\/#mainImage"},"datePublished":"2021-05-26T12:13:57+02:00","dateModified":"2021-05-26T12:13:57+02:00"},{"@type":"WebSite","@id":"https:\/\/www.eldigitaldeasturias.com\/noticias\/#website","url":"https:\/\/www.eldigitaldeasturias.com\/noticias\/","name":"El Digital de Asturias - Diario de actualidad y noticias","alternateName":"El Digital de Asturias - Diario de actualidad y noticias","description":"Hemeroteca","inLanguage":"es-ES","publisher":{"@id":"https:\/\/www.eldigitaldeasturias.com\/noticias\/#organization"}}]},"og:locale":"es_ES","og:site_name":"El Digital de Asturias","og:type":"article","og:title":"Sexta edici\u00f3n del Festival de Cine LGTBI en el Niemeyer - El Digital de Asturias","og:description":"Entre el 20 y 27 de junio el Niemeyer, Asturias, volver\u00e1 a abanderar el mensaje de respeto y diversidad a trav\u00e9s de la sexta edici\u00f3n del Festival de Cine LGTBI","og:url":"https:\/\/www.eldigitaldeasturias.com\/noticias\/sexta-edicion-del-festival-de-cine-lgtbi-en-el-niemeyer\/","og:image":"https:\/\/www.eldigitaldeasturias.com\/noticias\/wp-content\/uploads\/2026\/06\/Contenidos.jpg","og:image:secure_url":"https:\/\/www.eldigitaldeasturias.com\/noticias\/wp-content\/uploads\/2026\/06\/Contenidos.jpg","og:image:width":1265,"og:image:height":697,"article:tag":["agenda","cine","avil\u00e9s","asturias cine"],"article:published_time":"2021-05-26T11:13:57+00:00","article:modified_time":"2021-05-26T11:13:57+00:00","article:publisher":"https:\/\/facebook.com\/eldigitaldeasturias","twitter:card":"summary_large_image","twitter:title":"Sexta edici\u00f3n del Festival de Cine LGTBI en el Niemeyer - El Digital de Asturias","twitter:description":"Entre el 20 y 27 de junio el Niemeyer, Asturias, volver\u00e1 a abanderar el mensaje de respeto y diversidad a trav\u00e9s de la sexta edici\u00f3n del Festival de Cine LGTBI","twitter:image":"https:\/\/www.eldigitaldeasturias.com\/noticias\/wp-content\/uploads\/2026\/06\/Contenidos.jpg","twitter:label1":"Escrito por","twitter:data1":"El Digital de Asturias","twitter:label2":"Tiempo de lectura estimado","twitter:data2":"8 minutos"},"aioseo_meta_data":{"post_id":"1092402","title":null,"description":"Entre el 20 y 27 de junio el Niemeyer, Asturias, volver\u00e1 a abanderar el mensaje de respeto y diversidad a trav\u00e9s de la sexta edici\u00f3n del Festival de Cine LGTBI","keywords":[{"label":"Agenda","value":"Agenda"},{"label":" cine","value":" cine"},{"label":" Avil\u00e9s","value":" Avil\u00e9s"},{"label":" Asturias cine","value":" Asturias cine"}],"keyphrases":{"focus":[],"additional":[]},"primary_term":null,"canonical_url":null,"og_title":null,"og_description":null,"og_object_type":"default","og_image_type":"default","og_image_url":null,"og_image_width":null,"og_image_height":null,"og_image_custom_url":null,"og_image_custom_fields":null,"og_video":"","og_custom_url":null,"og_article_section":null,"og_article_tags":[],"twitter_use_og":false,"twitter_card":"default","twitter_image_type":"default","twitter_image_url":null,"twitter_image_custom_url":null,"twitter_image_custom_fields":null,"twitter_title":null,"twitter_description":null,"schema":{"blockGraphs":[],"customGraphs":[],"default":{"data":{"Article":[],"Course":[],"Dataset":[],"FAQPage":[],"Movie":[],"Person":[],"Product":[],"ProductReview":[],"Car":[],"Recipe":[],"Service":[],"SoftwareApplication":[],"WebPage":[]},"graphName":"","isEnabled":true},"graphs":[],"defaultGraph":"Article","defaultPostTypeGraph":""},"schema_type":"default","schema_type_options":"{\"article\":{\"articleType\":\"BlogPosting\"},\"course\":{\"name\":\"\",\"description\":\"\",\"provider\":\"\"},\"faq\":{\"pages\":[]},\"product\":{\"reviews\":[]},\"recipe\":{\"ingredients\":[],\"instructions\":[],\"keywords\":[]},\"software\":{\"reviews\":[],\"operatingSystems\":[]},\"webPage\":{\"webPageType\":\"WebPage\"}}","pillar_content":false,"robots_default":true,"robots_noindex":false,"robots_noarchive":false,"robots_nosnippet":false,"robots_nofollow":false,"robots_noimageindex":false,"robots_noodp":false,"robots_notranslate":false,"robots_max_snippet":"-1","robots_max_videopreview":"-1","robots_max_imagepreview":"large","priority":null,"frequency":"default","local_seo":{"locations":{"business":{"name":"","businessType":"","image":"","areaServed":"","urls":{"website":"","aboutPage":"","contactPage":""},"address":{"streetLine1":"","streetLine2":"","zipCode":"","city":"","state":"","country":"","addressFormat":"#streetLineOne\n#streetLineTwo\n#city, #state #zipCode"},"contact":{"email":"","phone":"","phoneFormatted":"","fax":"","faxFormatted":""},"ids":{"vat":"","tax":"","chamberOfCommerce":""},"payment":{"priceRange":"","currenciesAccepted":"","methods":""}}},"openingHours":{"useDefaults":true,"show":true,"alwaysOpen":false,"use24hFormat":false,"timezone":"","labels":{"closed":"","alwaysOpen":""},"days":{"monday":{"open24h":false,"closed":false,"openTime":"09:00","closeTime":"17:00"},"tuesday":{"open24h":false,"closed":false,"openTime":"09:00","closeTime":"17:00"},"wednesday":{"open24h":false,"closed":false,"openTime":"09:00","closeTime":"17:00"},"thursday":{"open24h":false,"closed":false,"openTime":"09:00","closeTime":"17:00"},"friday":{"open24h":false,"closed":false,"openTime":"09:00","closeTime":"17:00"},"saturday":{"open24h":false,"closed":false,"openTime":"09:00","closeTime":"17:00"},"sunday":{"open24h":false,"closed":false,"openTime":"09:00","closeTime":"17:00"}}}},"seo_analyzer_scan_date":"2026-07-18 05:17:13","breadcrumb_settings":null,"limit_modified_date":false,"open_ai":null,"ai":null,"created":"2021-05-26 11:06:44","updated":"2026-07-18 05:17:13","focus_keyword":null,"additional_keywords":null,"truseo_locale":null},"aioseo_breadcrumb":"<div class=\"aioseo-breadcrumbs\"><span class=\"aioseo-breadcrumb\">\n\t<a href=\"https:\/\/www.eldigitaldeasturias.com\/noticias\" title=\"Home\">Home<\/a>\n<\/span><span class=\"aioseo-breadcrumb-separator\">\u2013<\/span><span class=\"aioseo-breadcrumb\">\n\t<a href=\"https:\/\/www.eldigitaldeasturias.com\/noticias\/category\/agenda\/\" title=\"Agenda\">Agenda<\/a>\n<\/span><span class=\"aioseo-breadcrumb-separator\">\u2013<\/span><span class=\"aioseo-breadcrumb\">\n\t<a href=\"https:\/\/www.eldigitaldeasturias.com\/noticias\/sexta-edicion-del-festival-de-cine-lgtbi-en-el-niemeyer\/\" title=\"Sexta edici\u00f3n del Festival de Cine LGTBI en el Niemeyer\">Sexta edici\u00f3n del Festival de Cine LGTBI en el Niemeyer<\/a>\n<\/span><\/div>","aioseo_breadcrumb_json":[{"label":"Home","link":"https:\/\/www.eldigitaldeasturias.com\/noticias"},{"label":"Agenda","link":"https:\/\/www.eldigitaldeasturias.com\/noticias\/category\/agenda\/"},{"label":"Sexta edici\u00f3n del Festival de Cine LGTBI en el Niemeyer","link":"https:\/\/www.eldigitaldeasturias.com\/noticias\/sexta-edicion-del-festival-de-cine-lgtbi-en-el-niemeyer\/"}],"_links":{"self":[{"href":"https:\/\/www.eldigitaldeasturias.com\/noticias\/wp-json\/wp\/v2\/posts\/1092402","targetHints":{"allow":["GET"]}}],"collection":[{"href":"https:\/\/www.eldigitaldeasturias.com\/noticias\/wp-json\/wp\/v2\/posts"}],"about":[{"href":"https:\/\/www.eldigitaldeasturias.com\/noticias\/wp-json\/wp\/v2\/types\/post"}],"author":[{"embeddable":true,"href":"https:\/\/www.eldigitaldeasturias.com\/noticias\/wp-json\/wp\/v2\/users\/1"}],"replies":[{"embeddable":true,"href":"https:\/\/www.eldigitaldeasturias.com\/noticias\/wp-json\/wp\/v2\/comments?post=1092402"}],"version-history":[{"count":0,"href":"https:\/\/www.eldigitaldeasturias.com\/noticias\/wp-json\/wp\/v2\/posts\/1092402\/revisions"}],"wp:featuredmedia":[{"embeddable":true,"href":"https:\/\/www.eldigitaldeasturias.com\/noticias\/wp-json\/wp\/v2\/media\/1132184"}],"wp:attachment":[{"href":"https:\/\/www.eldigitaldeasturias.com\/noticias\/wp-json\/wp\/v2\/media?parent=1092402"}],"wp:term":[{"taxonomy":"category","embeddable":true,"href":"https:\/\/www.eldigitaldeasturias.com\/noticias\/wp-json\/wp\/v2\/categories?post=1092402"},{"taxonomy":"post_tag","embeddable":true,"href":"https:\/\/www.eldigitaldeasturias.com\/noticias\/wp-json\/wp\/v2\/tags?post=1092402"}],"curies":[{"name":"wp","href":"https:\/\/api.w.org\/{rel}","templated":true}]}}