{"id":1092398,"date":"2021-05-26T11:55:37","date_gmt":"2021-05-26T10:55:37","guid":{"rendered":"https:\/\/www.eldigitaldeasturias.com\/noticias\/?p=1092398"},"modified":"2021-05-26T11:55:37","modified_gmt":"2021-05-26T10:55:37","slug":"balance-de-asturias-en-fitur-2021","status":"publish","type":"post","link":"https:\/\/www.eldigitaldeasturias.com\/noticias\/balance-de-asturias-en-fitur-2021\/","title":{"rendered":"Balance de Asturias en Fitur 2021"},"content":{"rendered":"<figure id=\"attachment_1081739\" aria-describedby=\"caption-attachment-1081739\" style=\"width: 360px\" class=\"wp-caption alignleft\"><img loading=\"lazy\" decoding=\"async\" class=\"size-medium wp-image-1081739\" src=\"https:\/\/www.eldigitaldeasturias.com\/noticias\/wp-content\/uploads\/2020\/12\/San-Antonio-360x279.jpg\" alt=\"El digital de Asturias - Cand\u00e1s\" width=\"360\" height=\"279\" \/><figcaption id=\"caption-attachment-1081739\" class=\"wp-caption-text\">Cand\u00e1s &#8211; Asturias: Foto El digital de Asturias<\/figcaption><\/figure>\n<p>El Gobierno de Asturias cerr\u00f3 su presencia en la <strong>41 edici\u00f3n de la Feria Internacional de <a href=\"https:\/\/www.eldigitaldeasturias.com\/noticias\/category\/turismo\/\" target=\"_blank\" rel=\"noopener\"><span style=\"color: #ff6600;\">Turismo<\/span><\/a><\/strong> (Fitur) tras una semana intensa en encuentros profesionales y comerciales que se sald\u00f3 con 120 reuniones t\u00e9cnicas y 1.573 contactos comerciales. Adem\u00e1s, <strong>el compromiso con la sostenibilidad del Principado fue reconocido con el Premio al Mejor Estand Sostenible<\/strong>.<\/p>\n<p>Este galard\u00f3n, entregado por la organizaci\u00f3n de la feria a la consejera de Cultura, Pol\u00edtica Lling\u00fc\u00edstica y Turismo, Berta Pi\u00f1\u00e1n, recompensa el alineamiento de la propuesta asturiana con los 17 Objetivos de Desarrollo Sostenible de Naciones Unidas. Impulsado por Fitur en colaboraci\u00f3n con el Instituto de Turismo Responsable (ITR), <strong>el premio tiene en cuenta el impacto de las acciones orientadas a la sostenibilidad, su grado de innovaci\u00f3n y el esfuerzo en su aplicaci\u00f3n<\/strong>.<\/p>\n<p>Las medidas sanitarias establecidas por la organizaci\u00f3n condicionaron la din\u00e1mica y el aforo de esta \u00faltima edici\u00f3n, centrada en la reactivaci\u00f3n del sector tras las restricciones por la pandemia, y en la que <span style=\"color: #ff6600;\"><a style=\"color: #ff6600;\" href=\"https:\/\/www.eldigitaldeasturias.com\/noticias\/category\/actualidad-asturias\/\" target=\"_blank\" rel=\"noopener\"><strong>Asturias<\/strong><\/a><\/span> ya hab\u00eda adaptado su espacio tur\u00edstico con una orientaci\u00f3n m\u00e1s profesional. La estrategia se vio refrendada con la celebraci\u00f3n de 120 reuniones de car\u00e1cter profesional durante los d\u00edas dedicados exclusivamente al sector empresarial, jornadas en las que el pabell\u00f3n registr\u00f3 1.573 contactos de car\u00e1cter comercial.<\/p>\n<p>En t\u00e9rminos de visibilidad, <strong>la participaci\u00f3n del Principado se vio amplificada en los medios de comunicaci\u00f3n gracias a las 81 entrevistas realizadas en distinto formato a representantes del sector<\/strong>, tanto institucional como empresarial, en el propio estand.<\/p>\n<p>El dise\u00f1o de actividades y presentaciones se realiz\u00f3 de acuerdo con las aportaciones de la Federaci\u00f3n Asturiana de Concejos (Facc) y la Federaci\u00f3n Asturiana de Empresarios (Fade), lo que se plasm\u00f3 en un programa eminentemente profesional, que incluy\u00f3 cinco presentaciones de proyectos y productos.<\/p>\n<p>Durante el fin de semana, la propia configuraci\u00f3n de la instalaci\u00f3n y, sobre todo, su galer\u00eda multimedia de 9 metros con audiovisuales de los principales <strong>recursos tur\u00edsticos de Asturias<\/strong>, animaron la participaci\u00f3n de las m\u00e1s de 2.000 personas que recabaron informaci\u00f3n de la comunidad en esos dos d\u00edas.<\/p>\n","protected":false},"excerpt":{"rendered":"<p>El Gobierno de Asturias cerr\u00f3 su presencia en la 41 edici\u00f3n de la Feria Internacional de Turismo (Fitur) tras una semana intensa en encuentros profesionales y comerciales que se sald\u00f3 con 120 reuniones t\u00e9cnicas y 1.573 contactos comerciales. Adem\u00e1s, el compromiso con la sostenibilidad del Principado fue reconocido con el Premio al Mejor Estand Sostenible. [&hellip;]<\/p>\n","protected":false},"author":1,"featured_media":1081739,"comment_status":"closed","ping_status":"closed","sticky":false,"template":"","format":"standard","meta":{"footnotes":""},"categories":[12],"tags":[],"class_list":["post-1092398","post","type-post","status-publish","format-standard","has-post-thumbnail","hentry","category-actualidad-asturias"],"aioseo_notices":[],"aioseo_head":"\n\t\t<!-- All in One SEO Pro 5.0.1 - aioseo.com -->\n\t<meta name=\"description\" content=\"La participaci\u00f3n del Principado de Asturias se vio amplificada en los medios de comunicaci\u00f3n gracias a las 81 entrevistas realizadas ..\" \/>\n\t<meta name=\"robots\" content=\"max-image-preview:large\" \/>\n\t<meta name=\"author\" content=\"El Digital de Asturias\"\/>\n\t<meta name=\"google-site-verification\" content=\"UA-38556648-1\" \/>\n\t<meta name=\"msvalidate.01\" content=\"7dfe9f3f1b24437ab69f4f2559babe99\" \/>\n\t<meta name=\"keywords\" content=\"noticias asturias,turismo asturias,fitur,fitur asturias,actualidad asturias\" \/>\n\t<link rel=\"canonical\" href=\"https:\/\/www.eldigitaldeasturias.com\/noticias\/balance-de-asturias-en-fitur-2021\/\" \/>\n\t<meta name=\"generator\" content=\"All in One SEO Pro (AIOSEO) 5.0.1\" \/>\n\t\t<meta property=\"og:locale\" content=\"es_ES\" \/>\n\t\t<meta property=\"og:site_name\" content=\"El Digital de Asturias\" \/>\n\t\t<meta property=\"og:type\" content=\"article\" \/>\n\t\t<meta property=\"og:title\" content=\"Balance de Asturias en Fitur 2021 - El Digital de Asturias\" \/>\n\t\t<meta property=\"og:description\" content=\"La participaci\u00f3n del Principado de Asturias se vio amplificada en los medios de comunicaci\u00f3n gracias a las 81 entrevistas realizadas ..\" \/>\n\t\t<meta property=\"og:url\" content=\"https:\/\/www.eldigitaldeasturias.com\/noticias\/balance-de-asturias-en-fitur-2021\/\" \/>\n\t\t<meta property=\"article:tag\" content=\"noticias asturias\" \/>\n\t\t<meta property=\"article:tag\" content=\"turismo asturias\" \/>\n\t\t<meta property=\"article:tag\" content=\"fitur\" \/>\n\t\t<meta property=\"article:tag\" content=\"fitur asturias\" \/>\n\t\t<meta property=\"article:tag\" content=\"actualidad asturias\" \/>\n\t\t<meta property=\"article:published_time\" content=\"2021-05-26T10:55:37+00:00\" \/>\n\t\t<meta property=\"article:modified_time\" content=\"2021-05-26T10:55:37+00:00\" \/>\n\t\t<meta property=\"article:publisher\" content=\"https:\/\/facebook.com\/eldigitaldeasturias\" \/>\n\t\t<meta name=\"twitter:card\" content=\"summary_large_image\" \/>\n\t\t<meta name=\"twitter:title\" content=\"Balance de Asturias en Fitur 2021 - El Digital de Asturias\" \/>\n\t\t<meta name=\"twitter:description\" content=\"La participaci\u00f3n del Principado de Asturias se vio amplificada en los medios de comunicaci\u00f3n gracias a las 81 entrevistas realizadas ..\" \/>\n\t\t<meta name=\"twitter:image\" content=\"https:\/\/www.eldigitaldeasturias.com\/noticias\/wp-content\/uploads\/2020\/12\/EDA-1.jpg\" \/>\n\t\t<meta name=\"twitter:label1\" content=\"Escrito por\" \/>\n\t\t<meta name=\"twitter:data1\" content=\"El Digital de Asturias\" \/>\n\t\t<meta name=\"twitter:label2\" content=\"Tiempo de lectura estimado\" \/>\n\t\t<meta name=\"twitter:data2\" content=\"2 minutos\" \/>\n\t\t<script type=\"application\/ld+json\" class=\"aioseo-schema\">\n\t\t\t{\"@context\":\"https:\\\/\\\/schema.org\",\"@graph\":[{\"@type\":\"BlogPosting\",\"@id\":\"https:\\\/\\\/www.eldigitaldeasturias.com\\\/noticias\\\/balance-de-asturias-en-fitur-2021\\\/#blogposting\",\"name\":\"Balance de Asturias en Fitur 2021 - El Digital de Asturias\",\"headline\":\"Balance de Asturias en Fitur 2021\",\"author\":{\"@id\":\"https:\\\/\\\/www.eldigitaldeasturias.com\\\/noticias\\\/author\\\/admin\\\/#author\"},\"publisher\":{\"@id\":\"https:\\\/\\\/www.eldigitaldeasturias.com\\\/noticias\\\/#organization\"},\"image\":{\"@type\":\"ImageObject\",\"url\":1081739},\"datePublished\":\"2021-05-26T11:55:37+02:00\",\"dateModified\":\"2021-05-26T11:55:37+02:00\",\"inLanguage\":\"es-ES\",\"mainEntityOfPage\":{\"@id\":\"https:\\\/\\\/www.eldigitaldeasturias.com\\\/noticias\\\/balance-de-asturias-en-fitur-2021\\\/#webpage\"},\"isPartOf\":{\"@id\":\"https:\\\/\\\/www.eldigitaldeasturias.com\\\/noticias\\\/balance-de-asturias-en-fitur-2021\\\/#webpage\"},\"articleSection\":\"Actualidad Asturias\"},{\"@type\":\"BreadcrumbList\",\"@id\":\"https:\\\/\\\/www.eldigitaldeasturias.com\\\/noticias\\\/balance-de-asturias-en-fitur-2021\\\/#breadcrumblist\",\"itemListElement\":[{\"@type\":\"ListItem\",\"@id\":\"https:\\\/\\\/www.eldigitaldeasturias.com\\\/noticias#listItem\",\"position\":1,\"name\":\"Home\",\"item\":\"https:\\\/\\\/www.eldigitaldeasturias.com\\\/noticias\",\"nextItem\":{\"@type\":\"ListItem\",\"@id\":\"https:\\\/\\\/www.eldigitaldeasturias.com\\\/noticias\\\/category\\\/actualidad-asturias\\\/#listItem\",\"name\":\"Actualidad Asturias\"}},{\"@type\":\"ListItem\",\"@id\":\"https:\\\/\\\/www.eldigitaldeasturias.com\\\/noticias\\\/category\\\/actualidad-asturias\\\/#listItem\",\"position\":2,\"name\":\"Actualidad Asturias\",\"item\":\"https:\\\/\\\/www.eldigitaldeasturias.com\\\/noticias\\\/category\\\/actualidad-asturias\\\/\",\"nextItem\":{\"@type\":\"ListItem\",\"@id\":\"https:\\\/\\\/www.eldigitaldeasturias.com\\\/noticias\\\/balance-de-asturias-en-fitur-2021\\\/#listItem\",\"name\":\"Balance de Asturias en Fitur 2021\"},\"previousItem\":{\"@type\":\"ListItem\",\"@id\":\"https:\\\/\\\/www.eldigitaldeasturias.com\\\/noticias#listItem\",\"name\":\"Home\"}},{\"@type\":\"ListItem\",\"@id\":\"https:\\\/\\\/www.eldigitaldeasturias.com\\\/noticias\\\/balance-de-asturias-en-fitur-2021\\\/#listItem\",\"position\":3,\"name\":\"Balance de Asturias en Fitur 2021\",\"previousItem\":{\"@type\":\"ListItem\",\"@id\":\"https:\\\/\\\/www.eldigitaldeasturias.com\\\/noticias\\\/category\\\/actualidad-asturias\\\/#listItem\",\"name\":\"Actualidad Asturias\"}}]},{\"@type\":\"Organization\",\"@id\":\"https:\\\/\\\/www.eldigitaldeasturias.com\\\/noticias\\\/#organization\",\"name\":\"El Digital de Asturias\",\"description\":\"Hemeroteca\",\"url\":\"https:\\\/\\\/www.eldigitaldeasturias.com\\\/noticias\\\/\",\"email\":\"info@eldigitaldeasturias.com\",\"telephone\":\"+34652131393\",\"logo\":{\"@type\":\"ImageObject\",\"url\":\"https:\\\/\\\/www.eldigitaldeasturias.com\\\/noticias\\\/wp-content\\\/uploads\\\/2020\\\/12\\\/EDA.jpg\",\"@id\":\"https:\\\/\\\/www.eldigitaldeasturias.com\\\/noticias\\\/balance-de-asturias-en-fitur-2021\\\/#organizationLogo\"},\"image\":{\"@id\":\"https:\\\/\\\/www.eldigitaldeasturias.com\\\/noticias\\\/balance-de-asturias-en-fitur-2021\\\/#organizationLogo\"},\"sameAs\":[\"https:\\\/\\\/facebook.com\\\/eldigitaldeasturias\",\"https:\\\/\\\/www.youtube.com\\\/channel\\\/UCZP-2wLEB9Rv6erhFmqVnvg\"],\"address\":{\"@id\":\"https:\\\/\\\/www.eldigitaldeasturias.com\\\/noticias\\\/#postaladdress\",\"@type\":\"PostalAddress\",\"streetAddress\":\"san antonio 4\",\"postalCode\":\"33430\",\"addressLocality\":\"Cand\\u00e1s\",\"addressRegion\":\"Asturias\",\"addressCountry\":\"ES\"}},{\"@type\":\"Person\",\"@id\":\"https:\\\/\\\/www.eldigitaldeasturias.com\\\/noticias\\\/author\\\/admin\\\/#author\",\"url\":\"https:\\\/\\\/www.eldigitaldeasturias.com\\\/noticias\\\/author\\\/admin\\\/\",\"name\":\"El Digital de Asturias\",\"image\":{\"@type\":\"ImageObject\",\"@id\":\"https:\\\/\\\/www.eldigitaldeasturias.com\\\/noticias\\\/balance-de-asturias-en-fitur-2021\\\/#authorImage\",\"url\":\"https:\\\/\\\/secure.gravatar.com\\\/avatar\\\/df2aeffc32bcd13f8d26072ef8a91b623d677766deac7f97ca815868cd41bf5e?s=96&d=mm&r=g\",\"width\":96,\"height\":96,\"caption\":\"El Digital de Asturias\"}},{\"@type\":\"WebPage\",\"@id\":\"https:\\\/\\\/www.eldigitaldeasturias.com\\\/noticias\\\/balance-de-asturias-en-fitur-2021\\\/#webpage\",\"url\":\"https:\\\/\\\/www.eldigitaldeasturias.com\\\/noticias\\\/balance-de-asturias-en-fitur-2021\\\/\",\"name\":\"Balance de Asturias en Fitur 2021 - El Digital de Asturias\",\"description\":\"La participaci\\u00f3n del Principado de Asturias se vio amplificada en los medios de comunicaci\\u00f3n gracias a las 81 entrevistas realizadas ..\",\"inLanguage\":\"es-ES\",\"isPartOf\":{\"@id\":\"https:\\\/\\\/www.eldigitaldeasturias.com\\\/noticias\\\/#website\"},\"breadcrumb\":{\"@id\":\"https:\\\/\\\/www.eldigitaldeasturias.com\\\/noticias\\\/balance-de-asturias-en-fitur-2021\\\/#breadcrumblist\"},\"author\":{\"@id\":\"https:\\\/\\\/www.eldigitaldeasturias.com\\\/noticias\\\/author\\\/admin\\\/#author\"},\"creator\":{\"@id\":\"https:\\\/\\\/www.eldigitaldeasturias.com\\\/noticias\\\/author\\\/admin\\\/#author\"},\"image\":{\"@type\":\"ImageObject\",\"url\":1081739,\"@id\":\"https:\\\/\\\/www.eldigitaldeasturias.com\\\/noticias\\\/balance-de-asturias-en-fitur-2021\\\/#mainImage\"},\"primaryImageOfPage\":{\"@id\":\"https:\\\/\\\/www.eldigitaldeasturias.com\\\/noticias\\\/balance-de-asturias-en-fitur-2021\\\/#mainImage\"},\"datePublished\":\"2021-05-26T11:55:37+02:00\",\"dateModified\":\"2021-05-26T11:55:37+02:00\"},{\"@type\":\"WebSite\",\"@id\":\"https:\\\/\\\/www.eldigitaldeasturias.com\\\/noticias\\\/#website\",\"url\":\"https:\\\/\\\/www.eldigitaldeasturias.com\\\/noticias\\\/\",\"name\":\"El Digital de Asturias - Diario de actualidad y noticias\",\"alternateName\":\"El Digital de Asturias - Diario de actualidad y noticias\",\"description\":\"Hemeroteca\",\"inLanguage\":\"es-ES\",\"publisher\":{\"@id\":\"https:\\\/\\\/www.eldigitaldeasturias.com\\\/noticias\\\/#organization\"}}]}\n\t\t<\/script>\n\t\t<!-- All in One SEO Pro -->\r\n\t\t<title>Balance de Asturias en Fitur 2021 - El Digital de Asturias<\/title>\n\n","aioseo_head_json":{"title":"Balance de Asturias en Fitur 2021 - El Digital de Asturias","description":"La participaci\u00f3n del Principado de Asturias se vio amplificada en los medios de comunicaci\u00f3n gracias a las 81 entrevistas realizadas ..","canonical_url":"https:\/\/www.eldigitaldeasturias.com\/noticias\/balance-de-asturias-en-fitur-2021\/","robots":"max-image-preview:large","keywords":"noticias asturias,turismo asturias,fitur,fitur asturias,actualidad asturias","webmasterTools":{"google-site-verification":"UA-38556648-1","msvalidate.01":"7dfe9f3f1b24437ab69f4f2559babe99","miscellaneous":""},"schema":{"@context":"https:\/\/schema.org","@graph":[{"@type":"BlogPosting","@id":"https:\/\/www.eldigitaldeasturias.com\/noticias\/balance-de-asturias-en-fitur-2021\/#blogposting","name":"Balance de Asturias en Fitur 2021 - El Digital de Asturias","headline":"Balance de Asturias en Fitur 2021","author":{"@id":"https:\/\/www.eldigitaldeasturias.com\/noticias\/author\/admin\/#author"},"publisher":{"@id":"https:\/\/www.eldigitaldeasturias.com\/noticias\/#organization"},"image":{"@type":"ImageObject","url":1081739},"datePublished":"2021-05-26T11:55:37+02:00","dateModified":"2021-05-26T11:55:37+02:00","inLanguage":"es-ES","mainEntityOfPage":{"@id":"https:\/\/www.eldigitaldeasturias.com\/noticias\/balance-de-asturias-en-fitur-2021\/#webpage"},"isPartOf":{"@id":"https:\/\/www.eldigitaldeasturias.com\/noticias\/balance-de-asturias-en-fitur-2021\/#webpage"},"articleSection":"Actualidad Asturias"},{"@type":"BreadcrumbList","@id":"https:\/\/www.eldigitaldeasturias.com\/noticias\/balance-de-asturias-en-fitur-2021\/#breadcrumblist","itemListElement":[{"@type":"ListItem","@id":"https:\/\/www.eldigitaldeasturias.com\/noticias#listItem","position":1,"name":"Home","item":"https:\/\/www.eldigitaldeasturias.com\/noticias","nextItem":{"@type":"ListItem","@id":"https:\/\/www.eldigitaldeasturias.com\/noticias\/category\/actualidad-asturias\/#listItem","name":"Actualidad Asturias"}},{"@type":"ListItem","@id":"https:\/\/www.eldigitaldeasturias.com\/noticias\/category\/actualidad-asturias\/#listItem","position":2,"name":"Actualidad Asturias","item":"https:\/\/www.eldigitaldeasturias.com\/noticias\/category\/actualidad-asturias\/","nextItem":{"@type":"ListItem","@id":"https:\/\/www.eldigitaldeasturias.com\/noticias\/balance-de-asturias-en-fitur-2021\/#listItem","name":"Balance de Asturias en Fitur 2021"},"previousItem":{"@type":"ListItem","@id":"https:\/\/www.eldigitaldeasturias.com\/noticias#listItem","name":"Home"}},{"@type":"ListItem","@id":"https:\/\/www.eldigitaldeasturias.com\/noticias\/balance-de-asturias-en-fitur-2021\/#listItem","position":3,"name":"Balance de Asturias en Fitur 2021","previousItem":{"@type":"ListItem","@id":"https:\/\/www.eldigitaldeasturias.com\/noticias\/category\/actualidad-asturias\/#listItem","name":"Actualidad Asturias"}}]},{"@type":"Organization","@id":"https:\/\/www.eldigitaldeasturias.com\/noticias\/#organization","name":"El Digital de Asturias","description":"Hemeroteca","url":"https:\/\/www.eldigitaldeasturias.com\/noticias\/","email":"info@eldigitaldeasturias.com","telephone":"+34652131393","logo":{"@type":"ImageObject","url":"https:\/\/www.eldigitaldeasturias.com\/noticias\/wp-content\/uploads\/2020\/12\/EDA.jpg","@id":"https:\/\/www.eldigitaldeasturias.com\/noticias\/balance-de-asturias-en-fitur-2021\/#organizationLogo"},"image":{"@id":"https:\/\/www.eldigitaldeasturias.com\/noticias\/balance-de-asturias-en-fitur-2021\/#organizationLogo"},"sameAs":["https:\/\/facebook.com\/eldigitaldeasturias","https:\/\/www.youtube.com\/channel\/UCZP-2wLEB9Rv6erhFmqVnvg"],"address":{"@id":"https:\/\/www.eldigitaldeasturias.com\/noticias\/#postaladdress","@type":"PostalAddress","streetAddress":"san antonio 4","postalCode":"33430","addressLocality":"Cand\u00e1s","addressRegion":"Asturias","addressCountry":"ES"}},{"@type":"Person","@id":"https:\/\/www.eldigitaldeasturias.com\/noticias\/author\/admin\/#author","url":"https:\/\/www.eldigitaldeasturias.com\/noticias\/author\/admin\/","name":"El Digital de Asturias","image":{"@type":"ImageObject","@id":"https:\/\/www.eldigitaldeasturias.com\/noticias\/balance-de-asturias-en-fitur-2021\/#authorImage","url":"https:\/\/secure.gravatar.com\/avatar\/df2aeffc32bcd13f8d26072ef8a91b623d677766deac7f97ca815868cd41bf5e?s=96&d=mm&r=g","width":96,"height":96,"caption":"El Digital de Asturias"}},{"@type":"WebPage","@id":"https:\/\/www.eldigitaldeasturias.com\/noticias\/balance-de-asturias-en-fitur-2021\/#webpage","url":"https:\/\/www.eldigitaldeasturias.com\/noticias\/balance-de-asturias-en-fitur-2021\/","name":"Balance de Asturias en Fitur 2021 - El Digital de Asturias","description":"La participaci\u00f3n del Principado de Asturias se vio amplificada en los medios de comunicaci\u00f3n gracias a las 81 entrevistas realizadas ..","inLanguage":"es-ES","isPartOf":{"@id":"https:\/\/www.eldigitaldeasturias.com\/noticias\/#website"},"breadcrumb":{"@id":"https:\/\/www.eldigitaldeasturias.com\/noticias\/balance-de-asturias-en-fitur-2021\/#breadcrumblist"},"author":{"@id":"https:\/\/www.eldigitaldeasturias.com\/noticias\/author\/admin\/#author"},"creator":{"@id":"https:\/\/www.eldigitaldeasturias.com\/noticias\/author\/admin\/#author"},"image":{"@type":"ImageObject","url":1081739,"@id":"https:\/\/www.eldigitaldeasturias.com\/noticias\/balance-de-asturias-en-fitur-2021\/#mainImage"},"primaryImageOfPage":{"@id":"https:\/\/www.eldigitaldeasturias.com\/noticias\/balance-de-asturias-en-fitur-2021\/#mainImage"},"datePublished":"2021-05-26T11:55:37+02:00","dateModified":"2021-05-26T11:55:37+02:00"},{"@type":"WebSite","@id":"https:\/\/www.eldigitaldeasturias.com\/noticias\/#website","url":"https:\/\/www.eldigitaldeasturias.com\/noticias\/","name":"El Digital de Asturias - Diario de actualidad y noticias","alternateName":"El Digital de Asturias - Diario de actualidad y noticias","description":"Hemeroteca","inLanguage":"es-ES","publisher":{"@id":"https:\/\/www.eldigitaldeasturias.com\/noticias\/#organization"}}]},"og:locale":"es_ES","og:site_name":"El Digital de Asturias","og:type":"article","og:title":"Balance de Asturias en Fitur 2021 - El Digital de Asturias","og:description":"La participaci\u00f3n del Principado de Asturias se vio amplificada en los medios de comunicaci\u00f3n gracias a las 81 entrevistas realizadas ..","og:url":"https:\/\/www.eldigitaldeasturias.com\/noticias\/balance-de-asturias-en-fitur-2021\/","article:tag":["noticias asturias","turismo asturias","fitur","fitur asturias","actualidad asturias"],"article:published_time":"2021-05-26T10:55:37+00:00","article:modified_time":"2021-05-26T10:55:37+00:00","article:publisher":"https:\/\/facebook.com\/eldigitaldeasturias","twitter:card":"summary_large_image","twitter:title":"Balance de Asturias en Fitur 2021 - El Digital de Asturias","twitter:description":"La participaci\u00f3n del Principado de Asturias se vio amplificada en los medios de comunicaci\u00f3n gracias a las 81 entrevistas realizadas ..","twitter:image":"https:\/\/www.eldigitaldeasturias.com\/noticias\/wp-content\/uploads\/2020\/12\/EDA-1.jpg","twitter:label1":"Escrito por","twitter:data1":"El Digital de Asturias","twitter:label2":"Tiempo de lectura estimado","twitter:data2":"2 minutos"},"aioseo_meta_data":{"post_id":"1092398","title":null,"description":"La participaci\u00f3n del Principado de Asturias se vio amplificada en los medios de comunicaci\u00f3n gracias a las 81 entrevistas realizadas&nbsp;..","keywords":[{"label":"Noticias Asturias","value":"Noticias Asturias"},{"label":" turismo asturias","value":" turismo asturias"},{"label":" fitur","value":" fitur"},{"label":" Fitur Asturias","value":" Fitur Asturias"}],"keyphrases":{"focus":[],"additional":[]},"primary_term":null,"canonical_url":null,"og_title":null,"og_description":null,"og_object_type":"default","og_image_type":"default","og_image_url":null,"og_image_width":null,"og_image_height":null,"og_image_custom_url":null,"og_image_custom_fields":null,"og_video":"","og_custom_url":null,"og_article_section":null,"og_article_tags":[],"twitter_use_og":false,"twitter_card":"default","twitter_image_type":"default","twitter_image_url":null,"twitter_image_custom_url":null,"twitter_image_custom_fields":null,"twitter_title":null,"twitter_description":null,"schema":{"blockGraphs":[],"customGraphs":[],"default":{"data":{"Article":[],"Course":[],"Dataset":[],"FAQPage":[],"Movie":[],"Person":[],"Product":[],"ProductReview":[],"Car":[],"Recipe":[],"Service":[],"SoftwareApplication":[],"WebPage":[]},"graphName":"","isEnabled":true},"graphs":[],"defaultGraph":"Article","defaultPostTypeGraph":""},"schema_type":"default","schema_type_options":"{\"article\":{\"articleType\":\"BlogPosting\"},\"course\":{\"name\":\"\",\"description\":\"\",\"provider\":\"\"},\"faq\":{\"pages\":[]},\"product\":{\"reviews\":[]},\"recipe\":{\"ingredients\":[],\"instructions\":[],\"keywords\":[]},\"software\":{\"reviews\":[],\"operatingSystems\":[]},\"webPage\":{\"webPageType\":\"WebPage\"}}","pillar_content":false,"robots_default":true,"robots_noindex":false,"robots_noarchive":false,"robots_nosnippet":false,"robots_nofollow":false,"robots_noimageindex":false,"robots_noodp":false,"robots_notranslate":false,"robots_max_snippet":"-1","robots_max_videopreview":"-1","robots_max_imagepreview":"large","priority":null,"frequency":"default","local_seo":{"locations":{"business":{"name":"","businessType":"","image":"","areaServed":"","urls":{"website":"","aboutPage":"","contactPage":""},"address":{"streetLine1":"","streetLine2":"","zipCode":"","city":"","state":"","country":"","addressFormat":"#streetLineOne\n#streetLineTwo\n#city, #state #zipCode"},"contact":{"email":"","phone":"","phoneFormatted":"","fax":"","faxFormatted":""},"ids":{"vat":"","tax":"","chamberOfCommerce":""},"payment":{"priceRange":"","currenciesAccepted":"","methods":""}}},"openingHours":{"useDefaults":true,"show":true,"alwaysOpen":false,"use24hFormat":false,"timezone":"","labels":{"closed":"","alwaysOpen":""},"days":{"monday":{"open24h":false,"closed":false,"openTime":"09:00","closeTime":"17:00"},"tuesday":{"open24h":false,"closed":false,"openTime":"09:00","closeTime":"17:00"},"wednesday":{"open24h":false,"closed":false,"openTime":"09:00","closeTime":"17:00"},"thursday":{"open24h":false,"closed":false,"openTime":"09:00","closeTime":"17:00"},"friday":{"open24h":false,"closed":false,"openTime":"09:00","closeTime":"17:00"},"saturday":{"open24h":false,"closed":false,"openTime":"09:00","closeTime":"17:00"},"sunday":{"open24h":false,"closed":false,"openTime":"09:00","closeTime":"17:00"}}}},"seo_analyzer_scan_date":"2026-07-18 05:13:24","breadcrumb_settings":null,"limit_modified_date":false,"open_ai":null,"ai":null,"created":"2021-05-26 10:51:37","updated":"2026-07-18 05:13:24","focus_keyword":null,"additional_keywords":null,"truseo_locale":null},"aioseo_breadcrumb":"<div class=\"aioseo-breadcrumbs\"><span class=\"aioseo-breadcrumb\">\n\t<a href=\"https:\/\/www.eldigitaldeasturias.com\/noticias\" title=\"Home\">Home<\/a>\n<\/span><span class=\"aioseo-breadcrumb-separator\">\u2013<\/span><span class=\"aioseo-breadcrumb\">\n\t<a href=\"https:\/\/www.eldigitaldeasturias.com\/noticias\/category\/actualidad-asturias\/\" title=\"Actualidad Asturias\">Actualidad Asturias<\/a>\n<\/span><span class=\"aioseo-breadcrumb-separator\">\u2013<\/span><span class=\"aioseo-breadcrumb\">\n\t<a href=\"https:\/\/www.eldigitaldeasturias.com\/noticias\/balance-de-asturias-en-fitur-2021\/\" title=\"Balance de Asturias en Fitur 2021\">Balance de Asturias en Fitur 2021<\/a>\n<\/span><\/div>","aioseo_breadcrumb_json":[{"label":"Home","link":"https:\/\/www.eldigitaldeasturias.com\/noticias"},{"label":"Actualidad Asturias","link":"https:\/\/www.eldigitaldeasturias.com\/noticias\/category\/actualidad-asturias\/"},{"label":"Balance de Asturias en Fitur 2021","link":"https:\/\/www.eldigitaldeasturias.com\/noticias\/balance-de-asturias-en-fitur-2021\/"}],"_links":{"self":[{"href":"https:\/\/www.eldigitaldeasturias.com\/noticias\/wp-json\/wp\/v2\/posts\/1092398","targetHints":{"allow":["GET"]}}],"collection":[{"href":"https:\/\/www.eldigitaldeasturias.com\/noticias\/wp-json\/wp\/v2\/posts"}],"about":[{"href":"https:\/\/www.eldigitaldeasturias.com\/noticias\/wp-json\/wp\/v2\/types\/post"}],"author":[{"embeddable":true,"href":"https:\/\/www.eldigitaldeasturias.com\/noticias\/wp-json\/wp\/v2\/users\/1"}],"replies":[{"embeddable":true,"href":"https:\/\/www.eldigitaldeasturias.com\/noticias\/wp-json\/wp\/v2\/comments?post=1092398"}],"version-history":[{"count":0,"href":"https:\/\/www.eldigitaldeasturias.com\/noticias\/wp-json\/wp\/v2\/posts\/1092398\/revisions"}],"wp:attachment":[{"href":"https:\/\/www.eldigitaldeasturias.com\/noticias\/wp-json\/wp\/v2\/media?parent=1092398"}],"wp:term":[{"taxonomy":"category","embeddable":true,"href":"https:\/\/www.eldigitaldeasturias.com\/noticias\/wp-json\/wp\/v2\/categories?post=1092398"},{"taxonomy":"post_tag","embeddable":true,"href":"https:\/\/www.eldigitaldeasturias.com\/noticias\/wp-json\/wp\/v2\/tags?post=1092398"}],"curies":[{"name":"wp","href":"https:\/\/api.w.org\/{rel}","templated":true}]}}