{"id":1092357,"date":"2021-05-25T14:48:16","date_gmt":"2021-05-25T13:48:16","guid":{"rendered":"https:\/\/www.eldigitaldeasturias.com\/noticias\/?p=1092357"},"modified":"2021-05-25T14:48:16","modified_gmt":"2021-05-25T13:48:16","slug":"isaac-peral-historia-de-un-genio","status":"publish","type":"post","link":"https:\/\/www.eldigitaldeasturias.com\/noticias\/isaac-peral-historia-de-un-genio\/","title":{"rendered":"Isaac Peral: Historia de un genio"},"content":{"rendered":"<p><img loading=\"lazy\" decoding=\"async\" class=\"alignleft size-medium wp-image-1092358\" src=\"https:\/\/www.eldigitaldeasturias.com\/noticias\/wp-content\/uploads\/2021\/05\/submarine-170463_640-360x240.jpg\" alt=\"\" width=\"360\" height=\"240\" \/>Isaac Peral era un <strong>cient\u00edfico marino<\/strong>, pero sobre todo visionario quien pas\u00f3 a la historia por ser quien abri\u00f3 las puertas, al futuro de las naves subacu\u00e1ticas.<\/p>\n<p>A pesar que encontr\u00f3 mucha resistencia de algunas personas quienes incluso llegaron a emprender campa\u00f1as en su contra, su constancia y dedicaci\u00f3n quedaron plasmados en el <strong>submarino torpedero de autopropulsi\u00f3n el\u00e9ctrica<\/strong>.<\/p>\n<h2>Marino innovador<\/h2>\n<p>Isaac Peral y Caballero,naci\u00f3 el 1 de junio de 1851 en la Ciudad de Cartagena Espa\u00f1a. Su padre era capit\u00e1n de la infanter\u00eda de marina y por \u00e9l, aprendi\u00f3 su <strong>pasi\u00f3n hacia el mar.<\/strong><\/p>\n<p>Es por ello que en 1865, ingreso al Cuerpo General de la Armada de Espa\u00f1a, con el fin de capacitarse para poder navegar. Se estima que durante su permanencia en la marina, navego en 32 buques siendo el tiempo total de servicio de 25 a\u00f1os, y 16 de ellos embarcado.<\/p>\n<p>Durante sus largos viajes, aprovecho para estudiar entre otras ciencias la f\u00edsica y la matem\u00e1tica. Siendo famosos sus trabajos sobre <strong>algebra, geometr\u00eda y huracanes<\/strong>. Tambi\u00e9n sus cartas hidrogr\u00e1ficas que puso al servicio de la armada.<\/p>\n<p>Se sabe que participo en la guerra de los 10 a\u00f1os en Cuba,as\u00ed como en la III Guerra carlista, donde demostr\u00f3 gran valent\u00eda y por lo que fue condecorado en dos ocasiones.<\/p>\n<p>Al desembarcaren el a\u00f1o de 1883, asumi\u00f3 la catedra de f\u00edsica y matem\u00e1tica de la Escuela de Ampliaci\u00f3n de Estudios de la Armada.<\/p>\n<p>Durante mucho tiempo Peral llevo a cabo <strong>diversos proyectos<\/strong>, hasta que en el a\u00f1o de 1885 a ra\u00edz de una posibilidad cierta de guerra entre Espa\u00f1a y Alemania, se le comunicarle a las autoridades de la marina, que ten\u00eda planes para dise\u00f1ar un submarino torpedero.<\/p>\n<p>El almirante Manuel de la Pezuela, quien para ese entonces era el Ministro de Marina, escucho con atenci\u00f3n la exposici\u00f3n de Isaac y le ordena inmediatamente emprender <strong>pruebas preliminares<\/strong> para conocer la viabilidad de su proyecto, pero en el m\u00e1s estricto secreto militar.<\/p>\n<h2>Enemigos del proyecto de Isaac Peral<\/h2>\n<p>En la \u00e9poca en que Peral perteneci\u00f3 a la armada, esta estaba conformada por una gran cantidad de acad\u00e9micos, quienes aparte de ser marinos realizaban labores cient\u00edficas para <strong>mejorar los buques de guerra<\/strong>.<\/p>\n<p>Es por ello que a ra\u00edz de la puesta en marcha del proyecto de Peral, se gener\u00f3 una serie de intrigas y complots, con el fin de restar m\u00e9ritos al submarino que pretend\u00eda crear.<\/p>\n<p>Se conoce que el vicealmirante Jose Maria Ber\u00e1nger, fue el encargado de destruir el proyecto ya que al parecer,ten\u00eda <strong>intereses econ\u00f3micos<\/strong> con un conglomerado industrial brit\u00e1nico, quienes ser\u00edan los encargados de desarrollar el programa submarino espa\u00f1ol.<\/p>\n<p>Primero al asumir el Ministerio de Marina, engaveto el proyecto durante 7 meses. Posteriormente hizo contacto con un traficante de armas llamado Basil Zaharoff, para que copiara los planos de Isaac y todo lo concerniente sobre la construcci\u00f3n del submarino.<\/p>\n<p>Sin embargo, actuando bajo la presi\u00f3n de la opini\u00f3n p\u00fablica, el vicealmirante Ber\u00e1nger debi\u00f3 darle <strong>continuidad a la fabricaci\u00f3n de la nave<\/strong>, no sin antes dejar en claro que esto era inviable y que no era partidario de permitir que un so\u00f1ador llevara a cabo tan delicada misi\u00f3n.<\/p>\n<p>El ministro encontr\u00f3 apoyo en algunos cient\u00edficos de la \u00e9poca, quienes llegaron a sentir cierta envidia por el trabajo de Isaac Peral y quienes garantizaban que ese trabajo ser\u00eda un verdadero fracaso, porque pon\u00eda en riesgo la vida de los marinos espa\u00f1oles.<\/p>\n<h2>Construcci\u00f3n del submarino<\/h2>\n<p>Despu\u00e9s de mucho <strong>sortear zancadillas y complots<\/strong>, Peral se encarga personalmente de todo lo concerniente a la fabricaci\u00f3n de la nave. Debido a que requer\u00eda materiales especiales para esto, opto por viajar a Francia, Alemania y B\u00e9lgica.<\/p>\n<p>Para posteriormente dirigirse hacia Inglaterra, donde adquiri\u00f3 motores el\u00e9ctricos, h\u00e9lices y tubos lanza torpedos, que formar\u00edan parte del submarino que proyectaba fabricar.<\/p>\n<p>Aun cuando la construcci\u00f3n del submarino segu\u00eda adelante, los militares del alto mando eran contrarios, a la utilizaci\u00f3n de esta nave en una guerra por lo que fue necesaria la intervenci\u00f3n de la <strong>reina regente<\/strong>, para que pudieran permitir que el sabio inventor siguiera adelante con su trabajo.<\/p>\n<p>Ya cuando el submarino estaba en disposici\u00f3n de ser sometido a pruebas, los enemigos del cient\u00edfico convencieron a la reina para que estuviera presente. De igual forma expresaron que era necesario que tanto el Ministro de la Marina, como el del ej\u00e9rcito, ten\u00edan que evaluar las pruebas.<\/p>\n<p>Justo el d\u00eda establecido para esto, cuando Peral se dispon\u00eda a demostrar la fiabilidad de la nave, pudo percatarse que las pilas que ten\u00eda el nav\u00edo, hab\u00edan sido <strong>saboteadas<\/strong>.<\/p>\n<p>Les hab\u00eda eliminado el bicromato de potasa y se hab\u00eda sustituido por tinta roja. Lo que los enemigos Isaac no tomaron en consideraci\u00f3n,fue que ya se hab\u00eda descubierto el fallo, logrando resolverlo a tiempo.<\/p>\n<p>Luego de las pruebas tanto la reina como los militares, quedaron sorprendidos por la <strong>eficacia del submarino<\/strong>. Es por ello que el 20 de abril de 1887, se firma la Real Orden que autoriza a Isaac Peral a fabricar con urgencia la nave.<\/p>\n<p>En 1890, el submarino torpedero de autopropulsi\u00f3n el\u00e9ctrica de Peral, navego a 10 metros de profundidad, disparando torpedos que daban en el blanco de sus objetivos.<\/p>\n<p>Durante los a\u00f1os siguientes, a pesar que la armada utilizaba el prototipo del submarino, neg\u00f3 el permiso para su construcci\u00f3n a gran escala.<\/p>\n<p>Cansado y decepcionado Peral se traslad\u00f3 hasta Berlin el 4 de mayo de 1895, para ser operado de un <strong>c\u00e1ncer de piel<\/strong> pero al parecer durante la intervenci\u00f3n quir\u00fargica, contrajo meningitis, lo que acabo con su vida el 22 de mayo de 1895.<\/p>\n<p>En tanto muchos analistas militares piensan, que si se hubiese contado con el submarino de Peral, la guerra entre Espa\u00f1a y los Estados Unidos hubiese tenido un final totalmente diferente.<\/p>\n<p>&nbsp;<\/p>\n<p>&nbsp;<\/p>\n","protected":false},"excerpt":{"rendered":"<p>Isaac Peral era un cient\u00edfico marino, pero sobre todo visionario quien pas\u00f3 a la historia por ser quien abri\u00f3 las puertas, al futuro de las naves subacu\u00e1ticas. A pesar que encontr\u00f3 mucha resistencia de algunas personas quienes incluso llegaron a emprender campa\u00f1as en su contra, su constancia y dedicaci\u00f3n quedaron plasmados en el submarino torpedero [&hellip;]<\/p>\n","protected":false},"author":1,"featured_media":1132184,"comment_status":"closed","ping_status":"closed","sticky":false,"template":"","format":"standard","meta":{"footnotes":""},"categories":[28],"tags":[],"class_list":["post-1092357","post","type-post","status-publish","format-standard","has-post-thumbnail","hentry","category-sociedad"],"aioseo_notices":[],"aioseo_head":"\n\t\t<!-- All in One SEO Pro 5.0.1 - aioseo.com -->\n\t<meta name=\"description\" content=\"Isaac Peral y Caballero,naci\u00f3 el 1 de junio de 1851 en la Ciudad de Cartagena Espa\u00f1a. Su padre era capit\u00e1n de la infanter\u00eda de marina y por \u00e9l, aprendi\u00f3 su ..\" \/>\n\t<meta name=\"robots\" content=\"max-image-preview:large\" \/>\n\t<meta name=\"author\" content=\"El Digital de Asturias\"\/>\n\t<meta name=\"google-site-verification\" content=\"UA-38556648-1\" \/>\n\t<meta name=\"msvalidate.01\" content=\"7dfe9f3f1b24437ab69f4f2559babe99\" \/>\n\t<meta name=\"keywords\" content=\"isaac peral,historia,actualidad,espa\u00f1a,submarinos,sociedad\" \/>\n\t<link rel=\"canonical\" href=\"https:\/\/www.eldigitaldeasturias.com\/noticias\/isaac-peral-historia-de-un-genio\/\" \/>\n\t<meta name=\"generator\" content=\"All in One SEO Pro (AIOSEO) 5.0.1\" \/>\n\t\t<meta property=\"og:locale\" content=\"es_ES\" \/>\n\t\t<meta property=\"og:site_name\" content=\"El Digital de Asturias\" \/>\n\t\t<meta property=\"og:type\" content=\"article\" \/>\n\t\t<meta property=\"og:title\" content=\"Isaac Peral: Historia de un genio - El Digital de Asturias\" \/>\n\t\t<meta property=\"og:description\" content=\"Isaac Peral y Caballero,naci\u00f3 el 1 de junio de 1851 en la Ciudad de Cartagena Espa\u00f1a. Su padre era capit\u00e1n de la infanter\u00eda de marina y por \u00e9l, aprendi\u00f3 su ..\" \/>\n\t\t<meta property=\"og:url\" content=\"https:\/\/www.eldigitaldeasturias.com\/noticias\/isaac-peral-historia-de-un-genio\/\" \/>\n\t\t<meta property=\"og:image\" content=\"https:\/\/www.eldigitaldeasturias.com\/noticias\/wp-content\/uploads\/2026\/06\/Contenidos.jpg\" \/>\n\t\t<meta property=\"og:image:secure_url\" content=\"https:\/\/www.eldigitaldeasturias.com\/noticias\/wp-content\/uploads\/2026\/06\/Contenidos.jpg\" \/>\n\t\t<meta property=\"og:image:width\" content=\"1265\" \/>\n\t\t<meta property=\"og:image:height\" content=\"697\" \/>\n\t\t<meta property=\"article:tag\" content=\"isaac peral\" \/>\n\t\t<meta property=\"article:tag\" content=\"historia\" \/>\n\t\t<meta property=\"article:tag\" content=\"actualidad\" \/>\n\t\t<meta property=\"article:tag\" content=\"espa\u00f1a\" \/>\n\t\t<meta property=\"article:tag\" content=\"submarinos\" \/>\n\t\t<meta property=\"article:tag\" content=\"sociedad\" \/>\n\t\t<meta property=\"article:published_time\" content=\"2021-05-25T13:48:16+00:00\" \/>\n\t\t<meta property=\"article:modified_time\" content=\"2021-05-25T13:48:16+00:00\" \/>\n\t\t<meta property=\"article:publisher\" content=\"https:\/\/facebook.com\/eldigitaldeasturias\" \/>\n\t\t<meta name=\"twitter:card\" content=\"summary_large_image\" \/>\n\t\t<meta name=\"twitter:title\" content=\"Isaac Peral: Historia de un genio - El Digital de Asturias\" \/>\n\t\t<meta name=\"twitter:description\" content=\"Isaac Peral y Caballero,naci\u00f3 el 1 de junio de 1851 en la Ciudad de Cartagena Espa\u00f1a. Su padre era capit\u00e1n de la infanter\u00eda de marina y por \u00e9l, aprendi\u00f3 su ..\" \/>\n\t\t<meta name=\"twitter:image\" content=\"https:\/\/www.eldigitaldeasturias.com\/noticias\/wp-content\/uploads\/2026\/06\/Contenidos.jpg\" \/>\n\t\t<meta name=\"twitter:label1\" content=\"Escrito por\" \/>\n\t\t<meta name=\"twitter:data1\" content=\"El Digital de Asturias\" \/>\n\t\t<meta name=\"twitter:label2\" content=\"Tiempo de lectura estimado\" \/>\n\t\t<meta name=\"twitter:data2\" content=\"5 minutos\" \/>\n\t\t<script type=\"application\/ld+json\" class=\"aioseo-schema\">\n\t\t\t{\"@context\":\"https:\\\/\\\/schema.org\",\"@graph\":[{\"@type\":\"BlogPosting\",\"@id\":\"https:\\\/\\\/www.eldigitaldeasturias.com\\\/noticias\\\/isaac-peral-historia-de-un-genio\\\/#blogposting\",\"name\":\"Isaac Peral: Historia de un genio - El Digital de Asturias\",\"headline\":\"Isaac Peral: Historia de un genio\",\"author\":{\"@id\":\"https:\\\/\\\/www.eldigitaldeasturias.com\\\/noticias\\\/author\\\/admin\\\/#author\"},\"publisher\":{\"@id\":\"https:\\\/\\\/www.eldigitaldeasturias.com\\\/noticias\\\/#organization\"},\"image\":{\"@type\":\"ImageObject\",\"url\":\"https:\\\/\\\/www.eldigitaldeasturias.com\\\/noticias\\\/wp-content\\\/uploads\\\/2026\\\/06\\\/Contenidos.jpg\",\"width\":1265,\"height\":697,\"caption\":\"Contenidos\"},\"datePublished\":\"2021-05-25T14:48:16+02:00\",\"dateModified\":\"2021-05-25T14:48:16+02:00\",\"inLanguage\":\"es-ES\",\"mainEntityOfPage\":{\"@id\":\"https:\\\/\\\/www.eldigitaldeasturias.com\\\/noticias\\\/isaac-peral-historia-de-un-genio\\\/#webpage\"},\"isPartOf\":{\"@id\":\"https:\\\/\\\/www.eldigitaldeasturias.com\\\/noticias\\\/isaac-peral-historia-de-un-genio\\\/#webpage\"},\"articleSection\":\"Sociedad\"},{\"@type\":\"BreadcrumbList\",\"@id\":\"https:\\\/\\\/www.eldigitaldeasturias.com\\\/noticias\\\/isaac-peral-historia-de-un-genio\\\/#breadcrumblist\",\"itemListElement\":[{\"@type\":\"ListItem\",\"@id\":\"https:\\\/\\\/www.eldigitaldeasturias.com\\\/noticias#listItem\",\"position\":1,\"name\":\"Home\",\"item\":\"https:\\\/\\\/www.eldigitaldeasturias.com\\\/noticias\",\"nextItem\":{\"@type\":\"ListItem\",\"@id\":\"https:\\\/\\\/www.eldigitaldeasturias.com\\\/noticias\\\/category\\\/sociedad\\\/#listItem\",\"name\":\"Sociedad\"}},{\"@type\":\"ListItem\",\"@id\":\"https:\\\/\\\/www.eldigitaldeasturias.com\\\/noticias\\\/category\\\/sociedad\\\/#listItem\",\"position\":2,\"name\":\"Sociedad\",\"item\":\"https:\\\/\\\/www.eldigitaldeasturias.com\\\/noticias\\\/category\\\/sociedad\\\/\",\"nextItem\":{\"@type\":\"ListItem\",\"@id\":\"https:\\\/\\\/www.eldigitaldeasturias.com\\\/noticias\\\/isaac-peral-historia-de-un-genio\\\/#listItem\",\"name\":\"Isaac Peral: Historia de un genio\"},\"previousItem\":{\"@type\":\"ListItem\",\"@id\":\"https:\\\/\\\/www.eldigitaldeasturias.com\\\/noticias#listItem\",\"name\":\"Home\"}},{\"@type\":\"ListItem\",\"@id\":\"https:\\\/\\\/www.eldigitaldeasturias.com\\\/noticias\\\/isaac-peral-historia-de-un-genio\\\/#listItem\",\"position\":3,\"name\":\"Isaac Peral: Historia de un genio\",\"previousItem\":{\"@type\":\"ListItem\",\"@id\":\"https:\\\/\\\/www.eldigitaldeasturias.com\\\/noticias\\\/category\\\/sociedad\\\/#listItem\",\"name\":\"Sociedad\"}}]},{\"@type\":\"Organization\",\"@id\":\"https:\\\/\\\/www.eldigitaldeasturias.com\\\/noticias\\\/#organization\",\"name\":\"El Digital de Asturias\",\"description\":\"Hemeroteca\",\"url\":\"https:\\\/\\\/www.eldigitaldeasturias.com\\\/noticias\\\/\",\"email\":\"info@eldigitaldeasturias.com\",\"telephone\":\"+34652131393\",\"logo\":{\"@type\":\"ImageObject\",\"url\":\"https:\\\/\\\/www.eldigitaldeasturias.com\\\/noticias\\\/wp-content\\\/uploads\\\/2020\\\/12\\\/EDA.jpg\",\"@id\":\"https:\\\/\\\/www.eldigitaldeasturias.com\\\/noticias\\\/isaac-peral-historia-de-un-genio\\\/#organizationLogo\"},\"image\":{\"@id\":\"https:\\\/\\\/www.eldigitaldeasturias.com\\\/noticias\\\/isaac-peral-historia-de-un-genio\\\/#organizationLogo\"},\"sameAs\":[\"https:\\\/\\\/facebook.com\\\/eldigitaldeasturias\",\"https:\\\/\\\/www.youtube.com\\\/channel\\\/UCZP-2wLEB9Rv6erhFmqVnvg\"],\"address\":{\"@id\":\"https:\\\/\\\/www.eldigitaldeasturias.com\\\/noticias\\\/#postaladdress\",\"@type\":\"PostalAddress\",\"streetAddress\":\"san antonio 4\",\"postalCode\":\"33430\",\"addressLocality\":\"Cand\\u00e1s\",\"addressRegion\":\"Asturias\",\"addressCountry\":\"ES\"}},{\"@type\":\"Person\",\"@id\":\"https:\\\/\\\/www.eldigitaldeasturias.com\\\/noticias\\\/author\\\/admin\\\/#author\",\"url\":\"https:\\\/\\\/www.eldigitaldeasturias.com\\\/noticias\\\/author\\\/admin\\\/\",\"name\":\"El Digital de Asturias\",\"image\":{\"@type\":\"ImageObject\",\"@id\":\"https:\\\/\\\/www.eldigitaldeasturias.com\\\/noticias\\\/isaac-peral-historia-de-un-genio\\\/#authorImage\",\"url\":\"https:\\\/\\\/secure.gravatar.com\\\/avatar\\\/df2aeffc32bcd13f8d26072ef8a91b623d677766deac7f97ca815868cd41bf5e?s=96&d=mm&r=g\",\"width\":96,\"height\":96,\"caption\":\"El Digital de Asturias\"}},{\"@type\":\"WebPage\",\"@id\":\"https:\\\/\\\/www.eldigitaldeasturias.com\\\/noticias\\\/isaac-peral-historia-de-un-genio\\\/#webpage\",\"url\":\"https:\\\/\\\/www.eldigitaldeasturias.com\\\/noticias\\\/isaac-peral-historia-de-un-genio\\\/\",\"name\":\"Isaac Peral: Historia de un genio - El Digital de Asturias\",\"description\":\"Isaac Peral y Caballero,naci\\u00f3 el 1 de junio de 1851 en la Ciudad de Cartagena Espa\\u00f1a. Su padre era capit\\u00e1n de la infanter\\u00eda de marina y por \\u00e9l, aprendi\\u00f3 su ..\",\"inLanguage\":\"es-ES\",\"isPartOf\":{\"@id\":\"https:\\\/\\\/www.eldigitaldeasturias.com\\\/noticias\\\/#website\"},\"breadcrumb\":{\"@id\":\"https:\\\/\\\/www.eldigitaldeasturias.com\\\/noticias\\\/isaac-peral-historia-de-un-genio\\\/#breadcrumblist\"},\"author\":{\"@id\":\"https:\\\/\\\/www.eldigitaldeasturias.com\\\/noticias\\\/author\\\/admin\\\/#author\"},\"creator\":{\"@id\":\"https:\\\/\\\/www.eldigitaldeasturias.com\\\/noticias\\\/author\\\/admin\\\/#author\"},\"image\":{\"@type\":\"ImageObject\",\"url\":\"https:\\\/\\\/www.eldigitaldeasturias.com\\\/noticias\\\/wp-content\\\/uploads\\\/2026\\\/06\\\/Contenidos.jpg\",\"@id\":\"https:\\\/\\\/www.eldigitaldeasturias.com\\\/noticias\\\/isaac-peral-historia-de-un-genio\\\/#mainImage\",\"width\":1265,\"height\":697,\"caption\":\"Contenidos\"},\"primaryImageOfPage\":{\"@id\":\"https:\\\/\\\/www.eldigitaldeasturias.com\\\/noticias\\\/isaac-peral-historia-de-un-genio\\\/#mainImage\"},\"datePublished\":\"2021-05-25T14:48:16+02:00\",\"dateModified\":\"2021-05-25T14:48:16+02:00\"},{\"@type\":\"WebSite\",\"@id\":\"https:\\\/\\\/www.eldigitaldeasturias.com\\\/noticias\\\/#website\",\"url\":\"https:\\\/\\\/www.eldigitaldeasturias.com\\\/noticias\\\/\",\"name\":\"El Digital de Asturias - Diario de actualidad y noticias\",\"alternateName\":\"El Digital de Asturias - Diario de actualidad y noticias\",\"description\":\"Hemeroteca\",\"inLanguage\":\"es-ES\",\"publisher\":{\"@id\":\"https:\\\/\\\/www.eldigitaldeasturias.com\\\/noticias\\\/#organization\"}}]}\n\t\t<\/script>\n\t\t<!-- All in One SEO Pro -->\r\n\t\t<title>Isaac Peral: Historia de un genio - El Digital de Asturias<\/title>\n\n","aioseo_head_json":{"title":"Isaac Peral: Historia de un genio - El Digital de Asturias","description":"Isaac Peral y Caballero,naci\u00f3 el 1 de junio de 1851 en la Ciudad de Cartagena Espa\u00f1a. Su padre era capit\u00e1n de la infanter\u00eda de marina y por \u00e9l, aprendi\u00f3 su ..","canonical_url":"https:\/\/www.eldigitaldeasturias.com\/noticias\/isaac-peral-historia-de-un-genio\/","robots":"max-image-preview:large","keywords":"isaac peral,historia,actualidad,espa\u00f1a,submarinos,sociedad","webmasterTools":{"google-site-verification":"UA-38556648-1","msvalidate.01":"7dfe9f3f1b24437ab69f4f2559babe99","miscellaneous":""},"schema":{"@context":"https:\/\/schema.org","@graph":[{"@type":"BlogPosting","@id":"https:\/\/www.eldigitaldeasturias.com\/noticias\/isaac-peral-historia-de-un-genio\/#blogposting","name":"Isaac Peral: Historia de un genio - El Digital de Asturias","headline":"Isaac Peral: Historia de un genio","author":{"@id":"https:\/\/www.eldigitaldeasturias.com\/noticias\/author\/admin\/#author"},"publisher":{"@id":"https:\/\/www.eldigitaldeasturias.com\/noticias\/#organization"},"image":{"@type":"ImageObject","url":"https:\/\/www.eldigitaldeasturias.com\/noticias\/wp-content\/uploads\/2026\/06\/Contenidos.jpg","width":1265,"height":697,"caption":"Contenidos"},"datePublished":"2021-05-25T14:48:16+02:00","dateModified":"2021-05-25T14:48:16+02:00","inLanguage":"es-ES","mainEntityOfPage":{"@id":"https:\/\/www.eldigitaldeasturias.com\/noticias\/isaac-peral-historia-de-un-genio\/#webpage"},"isPartOf":{"@id":"https:\/\/www.eldigitaldeasturias.com\/noticias\/isaac-peral-historia-de-un-genio\/#webpage"},"articleSection":"Sociedad"},{"@type":"BreadcrumbList","@id":"https:\/\/www.eldigitaldeasturias.com\/noticias\/isaac-peral-historia-de-un-genio\/#breadcrumblist","itemListElement":[{"@type":"ListItem","@id":"https:\/\/www.eldigitaldeasturias.com\/noticias#listItem","position":1,"name":"Home","item":"https:\/\/www.eldigitaldeasturias.com\/noticias","nextItem":{"@type":"ListItem","@id":"https:\/\/www.eldigitaldeasturias.com\/noticias\/category\/sociedad\/#listItem","name":"Sociedad"}},{"@type":"ListItem","@id":"https:\/\/www.eldigitaldeasturias.com\/noticias\/category\/sociedad\/#listItem","position":2,"name":"Sociedad","item":"https:\/\/www.eldigitaldeasturias.com\/noticias\/category\/sociedad\/","nextItem":{"@type":"ListItem","@id":"https:\/\/www.eldigitaldeasturias.com\/noticias\/isaac-peral-historia-de-un-genio\/#listItem","name":"Isaac Peral: Historia de un genio"},"previousItem":{"@type":"ListItem","@id":"https:\/\/www.eldigitaldeasturias.com\/noticias#listItem","name":"Home"}},{"@type":"ListItem","@id":"https:\/\/www.eldigitaldeasturias.com\/noticias\/isaac-peral-historia-de-un-genio\/#listItem","position":3,"name":"Isaac Peral: Historia de un genio","previousItem":{"@type":"ListItem","@id":"https:\/\/www.eldigitaldeasturias.com\/noticias\/category\/sociedad\/#listItem","name":"Sociedad"}}]},{"@type":"Organization","@id":"https:\/\/www.eldigitaldeasturias.com\/noticias\/#organization","name":"El Digital de Asturias","description":"Hemeroteca","url":"https:\/\/www.eldigitaldeasturias.com\/noticias\/","email":"info@eldigitaldeasturias.com","telephone":"+34652131393","logo":{"@type":"ImageObject","url":"https:\/\/www.eldigitaldeasturias.com\/noticias\/wp-content\/uploads\/2020\/12\/EDA.jpg","@id":"https:\/\/www.eldigitaldeasturias.com\/noticias\/isaac-peral-historia-de-un-genio\/#organizationLogo"},"image":{"@id":"https:\/\/www.eldigitaldeasturias.com\/noticias\/isaac-peral-historia-de-un-genio\/#organizationLogo"},"sameAs":["https:\/\/facebook.com\/eldigitaldeasturias","https:\/\/www.youtube.com\/channel\/UCZP-2wLEB9Rv6erhFmqVnvg"],"address":{"@id":"https:\/\/www.eldigitaldeasturias.com\/noticias\/#postaladdress","@type":"PostalAddress","streetAddress":"san antonio 4","postalCode":"33430","addressLocality":"Cand\u00e1s","addressRegion":"Asturias","addressCountry":"ES"}},{"@type":"Person","@id":"https:\/\/www.eldigitaldeasturias.com\/noticias\/author\/admin\/#author","url":"https:\/\/www.eldigitaldeasturias.com\/noticias\/author\/admin\/","name":"El Digital de Asturias","image":{"@type":"ImageObject","@id":"https:\/\/www.eldigitaldeasturias.com\/noticias\/isaac-peral-historia-de-un-genio\/#authorImage","url":"https:\/\/secure.gravatar.com\/avatar\/df2aeffc32bcd13f8d26072ef8a91b623d677766deac7f97ca815868cd41bf5e?s=96&d=mm&r=g","width":96,"height":96,"caption":"El Digital de Asturias"}},{"@type":"WebPage","@id":"https:\/\/www.eldigitaldeasturias.com\/noticias\/isaac-peral-historia-de-un-genio\/#webpage","url":"https:\/\/www.eldigitaldeasturias.com\/noticias\/isaac-peral-historia-de-un-genio\/","name":"Isaac Peral: Historia de un genio - El Digital de Asturias","description":"Isaac Peral y Caballero,naci\u00f3 el 1 de junio de 1851 en la Ciudad de Cartagena Espa\u00f1a. Su padre era capit\u00e1n de la infanter\u00eda de marina y por \u00e9l, aprendi\u00f3 su ..","inLanguage":"es-ES","isPartOf":{"@id":"https:\/\/www.eldigitaldeasturias.com\/noticias\/#website"},"breadcrumb":{"@id":"https:\/\/www.eldigitaldeasturias.com\/noticias\/isaac-peral-historia-de-un-genio\/#breadcrumblist"},"author":{"@id":"https:\/\/www.eldigitaldeasturias.com\/noticias\/author\/admin\/#author"},"creator":{"@id":"https:\/\/www.eldigitaldeasturias.com\/noticias\/author\/admin\/#author"},"image":{"@type":"ImageObject","url":"https:\/\/www.eldigitaldeasturias.com\/noticias\/wp-content\/uploads\/2026\/06\/Contenidos.jpg","@id":"https:\/\/www.eldigitaldeasturias.com\/noticias\/isaac-peral-historia-de-un-genio\/#mainImage","width":1265,"height":697,"caption":"Contenidos"},"primaryImageOfPage":{"@id":"https:\/\/www.eldigitaldeasturias.com\/noticias\/isaac-peral-historia-de-un-genio\/#mainImage"},"datePublished":"2021-05-25T14:48:16+02:00","dateModified":"2021-05-25T14:48:16+02:00"},{"@type":"WebSite","@id":"https:\/\/www.eldigitaldeasturias.com\/noticias\/#website","url":"https:\/\/www.eldigitaldeasturias.com\/noticias\/","name":"El Digital de Asturias - Diario de actualidad y noticias","alternateName":"El Digital de Asturias - Diario de actualidad y noticias","description":"Hemeroteca","inLanguage":"es-ES","publisher":{"@id":"https:\/\/www.eldigitaldeasturias.com\/noticias\/#organization"}}]},"og:locale":"es_ES","og:site_name":"El Digital de Asturias","og:type":"article","og:title":"Isaac Peral: Historia de un genio - El Digital de Asturias","og:description":"Isaac Peral y Caballero,naci\u00f3 el 1 de junio de 1851 en la Ciudad de Cartagena Espa\u00f1a. Su padre era capit\u00e1n de la infanter\u00eda de marina y por \u00e9l, aprendi\u00f3 su ..","og:url":"https:\/\/www.eldigitaldeasturias.com\/noticias\/isaac-peral-historia-de-un-genio\/","og:image":"https:\/\/www.eldigitaldeasturias.com\/noticias\/wp-content\/uploads\/2026\/06\/Contenidos.jpg","og:image:secure_url":"https:\/\/www.eldigitaldeasturias.com\/noticias\/wp-content\/uploads\/2026\/06\/Contenidos.jpg","og:image:width":1265,"og:image:height":697,"article:tag":["isaac peral","historia","actualidad","espa\u00f1a","submarinos","sociedad"],"article:published_time":"2021-05-25T13:48:16+00:00","article:modified_time":"2021-05-25T13:48:16+00:00","article:publisher":"https:\/\/facebook.com\/eldigitaldeasturias","twitter:card":"summary_large_image","twitter:title":"Isaac Peral: Historia de un genio - El Digital de Asturias","twitter:description":"Isaac Peral y Caballero,naci\u00f3 el 1 de junio de 1851 en la Ciudad de Cartagena Espa\u00f1a. Su padre era capit\u00e1n de la infanter\u00eda de marina y por \u00e9l, aprendi\u00f3 su ..","twitter:image":"https:\/\/www.eldigitaldeasturias.com\/noticias\/wp-content\/uploads\/2026\/06\/Contenidos.jpg","twitter:label1":"Escrito por","twitter:data1":"El Digital de Asturias","twitter:label2":"Tiempo de lectura estimado","twitter:data2":"5 minutos"},"aioseo_meta_data":{"post_id":"1092357","title":null,"description":"Isaac Peral y Caballero,naci\u00f3 el 1 de junio de 1851 en la Ciudad de Cartagena Espa\u00f1a. Su padre era capit\u00e1n de la infanter\u00eda de marina y por \u00e9l, aprendi\u00f3 su ..","keywords":[{"label":"Isaac Peral","value":"Isaac Peral"},{"label":" Historia","value":" Historia"},{"label":" Actualidad","value":" Actualidad"},{"label":" Espa\u00f1a","value":" Espa\u00f1a"},{"label":" submarinos","value":" submarinos"}],"keyphrases":{"focus":[],"additional":[]},"primary_term":null,"canonical_url":null,"og_title":null,"og_description":null,"og_object_type":"default","og_image_type":"default","og_image_url":null,"og_image_width":null,"og_image_height":null,"og_image_custom_url":null,"og_image_custom_fields":null,"og_video":"","og_custom_url":null,"og_article_section":null,"og_article_tags":[],"twitter_use_og":false,"twitter_card":"default","twitter_image_type":"default","twitter_image_url":null,"twitter_image_custom_url":null,"twitter_image_custom_fields":null,"twitter_title":null,"twitter_description":null,"schema":{"blockGraphs":[],"customGraphs":[],"default":{"data":{"Article":[],"Course":[],"Dataset":[],"FAQPage":[],"Movie":[],"Person":[],"Product":[],"ProductReview":[],"Car":[],"Recipe":[],"Service":[],"SoftwareApplication":[],"WebPage":[]},"graphName":"","isEnabled":true},"graphs":[],"defaultGraph":"Article","defaultPostTypeGraph":""},"schema_type":"default","schema_type_options":"{\"article\":{\"articleType\":\"BlogPosting\"},\"course\":{\"name\":\"\",\"description\":\"\",\"provider\":\"\"},\"faq\":{\"pages\":[]},\"product\":{\"reviews\":[]},\"recipe\":{\"ingredients\":[],\"instructions\":[],\"keywords\":[]},\"software\":{\"reviews\":[],\"operatingSystems\":[]},\"webPage\":{\"webPageType\":\"WebPage\"}}","pillar_content":false,"robots_default":true,"robots_noindex":false,"robots_noarchive":false,"robots_nosnippet":false,"robots_nofollow":false,"robots_noimageindex":false,"robots_noodp":false,"robots_notranslate":false,"robots_max_snippet":"-1","robots_max_videopreview":"-1","robots_max_imagepreview":"large","priority":null,"frequency":"default","local_seo":{"locations":{"business":{"name":"","businessType":"","image":"","areaServed":"","urls":{"website":"","aboutPage":"","contactPage":""},"address":{"streetLine1":"","streetLine2":"","zipCode":"","city":"","state":"","country":"","addressFormat":"#streetLineOne\n#streetLineTwo\n#city, #state #zipCode"},"contact":{"email":"","phone":"","phoneFormatted":"","fax":"","faxFormatted":""},"ids":{"vat":"","tax":"","chamberOfCommerce":""},"payment":{"priceRange":"","currenciesAccepted":"","methods":""}}},"openingHours":{"useDefaults":true,"show":true,"alwaysOpen":false,"use24hFormat":false,"timezone":"","labels":{"closed":"","alwaysOpen":""},"days":{"monday":{"open24h":false,"closed":false,"openTime":"09:00","closeTime":"17:00"},"tuesday":{"open24h":false,"closed":false,"openTime":"09:00","closeTime":"17:00"},"wednesday":{"open24h":false,"closed":false,"openTime":"09:00","closeTime":"17:00"},"thursday":{"open24h":false,"closed":false,"openTime":"09:00","closeTime":"17:00"},"friday":{"open24h":false,"closed":false,"openTime":"09:00","closeTime":"17:00"},"saturday":{"open24h":false,"closed":false,"openTime":"09:00","closeTime":"17:00"},"sunday":{"open24h":false,"closed":false,"openTime":"09:00","closeTime":"17:00"}}}},"seo_analyzer_scan_date":"2026-07-18 04:50:51","breadcrumb_settings":null,"limit_modified_date":false,"open_ai":null,"ai":null,"created":"2021-05-25 13:40:26","updated":"2026-07-18 04:50:51","focus_keyword":null,"additional_keywords":null,"truseo_locale":null},"aioseo_breadcrumb":"<div class=\"aioseo-breadcrumbs\"><span class=\"aioseo-breadcrumb\">\n\t<a href=\"https:\/\/www.eldigitaldeasturias.com\/noticias\" title=\"Home\">Home<\/a>\n<\/span><span class=\"aioseo-breadcrumb-separator\">\u2013<\/span><span class=\"aioseo-breadcrumb\">\n\t<a href=\"https:\/\/www.eldigitaldeasturias.com\/noticias\/category\/sociedad\/\" title=\"Sociedad\">Sociedad<\/a>\n<\/span><span class=\"aioseo-breadcrumb-separator\">\u2013<\/span><span class=\"aioseo-breadcrumb\">\n\t<a href=\"https:\/\/www.eldigitaldeasturias.com\/noticias\/isaac-peral-historia-de-un-genio\/\" title=\"Isaac Peral: Historia de un genio\">Isaac Peral: Historia de un genio<\/a>\n<\/span><\/div>","aioseo_breadcrumb_json":[{"label":"Home","link":"https:\/\/www.eldigitaldeasturias.com\/noticias"},{"label":"Sociedad","link":"https:\/\/www.eldigitaldeasturias.com\/noticias\/category\/sociedad\/"},{"label":"Isaac Peral: Historia de un genio","link":"https:\/\/www.eldigitaldeasturias.com\/noticias\/isaac-peral-historia-de-un-genio\/"}],"_links":{"self":[{"href":"https:\/\/www.eldigitaldeasturias.com\/noticias\/wp-json\/wp\/v2\/posts\/1092357","targetHints":{"allow":["GET"]}}],"collection":[{"href":"https:\/\/www.eldigitaldeasturias.com\/noticias\/wp-json\/wp\/v2\/posts"}],"about":[{"href":"https:\/\/www.eldigitaldeasturias.com\/noticias\/wp-json\/wp\/v2\/types\/post"}],"author":[{"embeddable":true,"href":"https:\/\/www.eldigitaldeasturias.com\/noticias\/wp-json\/wp\/v2\/users\/1"}],"replies":[{"embeddable":true,"href":"https:\/\/www.eldigitaldeasturias.com\/noticias\/wp-json\/wp\/v2\/comments?post=1092357"}],"version-history":[{"count":0,"href":"https:\/\/www.eldigitaldeasturias.com\/noticias\/wp-json\/wp\/v2\/posts\/1092357\/revisions"}],"wp:featuredmedia":[{"embeddable":true,"href":"https:\/\/www.eldigitaldeasturias.com\/noticias\/wp-json\/wp\/v2\/media\/1132184"}],"wp:attachment":[{"href":"https:\/\/www.eldigitaldeasturias.com\/noticias\/wp-json\/wp\/v2\/media?parent=1092357"}],"wp:term":[{"taxonomy":"category","embeddable":true,"href":"https:\/\/www.eldigitaldeasturias.com\/noticias\/wp-json\/wp\/v2\/categories?post=1092357"},{"taxonomy":"post_tag","embeddable":true,"href":"https:\/\/www.eldigitaldeasturias.com\/noticias\/wp-json\/wp\/v2\/tags?post=1092357"}],"curies":[{"name":"wp","href":"https:\/\/api.w.org\/{rel}","templated":true}]}}