{"id":1092318,"date":"2021-05-25T12:56:18","date_gmt":"2021-05-25T11:56:18","guid":{"rendered":"https:\/\/www.eldigitaldeasturias.com\/noticias\/?p=1092318"},"modified":"2021-05-25T12:56:18","modified_gmt":"2021-05-25T11:56:18","slug":"el-monstruo-de-colores-en-el-teatro-de-la-laboral","status":"publish","type":"post","link":"https:\/\/www.eldigitaldeasturias.com\/noticias\/el-monstruo-de-colores-en-el-teatro-de-la-laboral\/","title":{"rendered":"\u00abEl monstruo de colores\u00bb, en el Teatro de la Laboral"},"content":{"rendered":"<p><img loading=\"lazy\" decoding=\"async\" class=\"alignleft size-medium wp-image-953301\" src=\"https:\/\/www.eldigitaldeasturias.com\/noticias\/wp-content\/uploads\/2017\/09\/Laboral-360x239.jpg\" alt=\"\" width=\"360\" height=\"239\" \/>El Teatro de la Laboral acoge este domingo 30 de mayo, a las 17:30 horas, El monstruo de colores, la adaptaci\u00f3n teatral del cuento de Anna Llenas con direcci\u00f3n de Ruth Garc\u00eda. Laboral Ciudad de la Cultura es un equipamiento dependiente de la Consejer\u00eda de Cultura, Pol\u00edtica Lling\u00fc\u00edstica y Turismo y gestionado por la Sociedad P\u00fablica de Gesti\u00f3n Tur\u00edstica y Cultural del Principado de Asturias.<\/p>\n<p>En El monstruo de colores, el p\u00fablico familiar viajar\u00e1 por el mundo de las emociones, aprendiendo a ordenar y poner nombre a cada emoci\u00f3n. Para ello conoceremos a un monstruo confundido, contento, confuso, enfadado, triste, acobardado y enamorado en esta coproducci\u00f3n de Tutatis y Transeduca basada en la obra de Anna Llenas, con m\u00e1s de 300.000 copias vendidas y traducida a 16 idiomas.<\/p>\n<p>Adem\u00e1s esta semana el alumnado de 4\u00ba de la Escuela Superior de Arte Dram\u00e1tico del Principado de Asturias presentar\u00e1 sus talleres esc\u00e9nicos de fin de estudios en el Teatro de la Laboral. El mi\u00e9rcoles 26 de mayo, a las 19:00 horas, la clase de 4\u00ba A pondr\u00e1 en escena Sitiados, con direcci\u00f3n de Carmen Sandoval y basado en el texto La ciudad sitiada de la dramaturga Laila Ripoll, en el que se conjuga un universo de horror con algunos de los aspectos m\u00e1s oscuros de la historia del ser humano y con espacio para hablar de esperanza, superaci\u00f3n, amor incondicional y belleza en medio del dolor.<\/p>\n<p>El s\u00e1bado 29 de mayo, a las 19:00 horas, la clase de 4\u00ba B representar\u00e1 Muelle Oeste. Con direcci\u00f3n de Francisco Pardo y texto de Bernard-Marie Kolt\u00e8s, la obra muestra el encuentro inexplicable de ocho seres humanos en un hangar, en el que cada uno de sus personajes, inmigrantes y ejecutivos, se ver\u00e1 sometido al comercio de sus deseos y necesidades tras la llegada de una persona ajena a esa realidad social.<\/p>\n<p>Se pueden consultar todos los detalles de las actividades en la web laboralciudaddelacultura.com, donde se comunicar\u00e1 cualquier cambio en la programaci\u00f3n.<\/p>\n<p>&nbsp;<\/p>\n","protected":false},"excerpt":{"rendered":"<p>El Teatro de la Laboral acoge este domingo 30 de mayo, a las 17:30 horas, El monstruo de colores, la adaptaci\u00f3n teatral del cuento de Anna Llenas con direcci\u00f3n de Ruth Garc\u00eda. Laboral Ciudad de la Cultura es un equipamiento dependiente de la Consejer\u00eda de Cultura, Pol\u00edtica Lling\u00fc\u00edstica y Turismo y gestionado por la Sociedad [&hellip;]<\/p>\n","protected":false},"author":1,"featured_media":953301,"comment_status":"closed","ping_status":"closed","sticky":false,"template":"","format":"standard","meta":{"footnotes":""},"categories":[2],"tags":[],"class_list":["post-1092318","post","type-post","status-publish","format-standard","has-post-thumbnail","hentry","category-agenda"],"aioseo_notices":[],"aioseo_head":"\n\t\t<!-- All in One SEO Pro 5.0.1 - aioseo.com -->\n\t<meta name=\"description\" content=\"El Teatro de la Laboral acoge este domingo 30 de mayo, a las 17:30 horas, El monstruo de colores, la adaptaci\u00f3n teatral del cuento de Anna Llenas ..\" \/>\n\t<meta name=\"robots\" content=\"max-image-preview:large\" \/>\n\t<meta name=\"author\" content=\"El Digital de Asturias\"\/>\n\t<meta name=\"google-site-verification\" content=\"UA-38556648-1\" \/>\n\t<meta name=\"msvalidate.01\" content=\"7dfe9f3f1b24437ab69f4f2559babe99\" \/>\n\t<meta name=\"keywords\" content=\"agenda asturias,ocio asturias,cultura,agenda\" \/>\n\t<link rel=\"canonical\" href=\"https:\/\/www.eldigitaldeasturias.com\/noticias\/el-monstruo-de-colores-en-el-teatro-de-la-laboral\/\" \/>\n\t<meta name=\"generator\" content=\"All in One SEO Pro (AIOSEO) 5.0.1\" \/>\n\t\t<meta property=\"og:locale\" content=\"es_ES\" \/>\n\t\t<meta property=\"og:site_name\" content=\"El Digital de Asturias\" \/>\n\t\t<meta property=\"og:type\" content=\"article\" \/>\n\t\t<meta property=\"og:title\" content=\"\u00abEl monstruo de colores\u00bb, en el Teatro de la Laboral - El Digital de Asturias\" \/>\n\t\t<meta property=\"og:description\" content=\"El Teatro de la Laboral acoge este domingo 30 de mayo, a las 17:30 horas, El monstruo de colores, la adaptaci\u00f3n teatral del cuento de Anna Llenas ..\" \/>\n\t\t<meta property=\"og:url\" content=\"https:\/\/www.eldigitaldeasturias.com\/noticias\/el-monstruo-de-colores-en-el-teatro-de-la-laboral\/\" \/>\n\t\t<meta property=\"article:tag\" content=\"agenda asturias\" \/>\n\t\t<meta property=\"article:tag\" content=\"ocio asturias\" \/>\n\t\t<meta property=\"article:tag\" content=\"cultura\" \/>\n\t\t<meta property=\"article:tag\" content=\"agenda\" \/>\n\t\t<meta property=\"article:published_time\" content=\"2021-05-25T11:56:18+00:00\" \/>\n\t\t<meta property=\"article:modified_time\" content=\"2021-05-25T11:56:18+00:00\" \/>\n\t\t<meta property=\"article:publisher\" content=\"https:\/\/facebook.com\/eldigitaldeasturias\" \/>\n\t\t<meta name=\"twitter:card\" content=\"summary_large_image\" \/>\n\t\t<meta name=\"twitter:title\" content=\"\u00abEl monstruo de colores\u00bb, en el Teatro de la Laboral - El Digital de Asturias\" \/>\n\t\t<meta name=\"twitter:description\" content=\"El Teatro de la Laboral acoge este domingo 30 de mayo, a las 17:30 horas, El monstruo de colores, la adaptaci\u00f3n teatral del cuento de Anna Llenas ..\" \/>\n\t\t<meta name=\"twitter:image\" content=\"https:\/\/www.eldigitaldeasturias.com\/noticias\/wp-content\/uploads\/2020\/12\/EDA-1.jpg\" \/>\n\t\t<meta name=\"twitter:label1\" content=\"Escrito por\" \/>\n\t\t<meta name=\"twitter:data1\" content=\"El Digital de Asturias\" \/>\n\t\t<meta name=\"twitter:label2\" content=\"Tiempo de lectura estimado\" \/>\n\t\t<meta name=\"twitter:data2\" content=\"2 minutos\" \/>\n\t\t<script type=\"application\/ld+json\" class=\"aioseo-schema\">\n\t\t\t{\"@context\":\"https:\\\/\\\/schema.org\",\"@graph\":[{\"@type\":\"BlogPosting\",\"@id\":\"https:\\\/\\\/www.eldigitaldeasturias.com\\\/noticias\\\/el-monstruo-de-colores-en-el-teatro-de-la-laboral\\\/#blogposting\",\"name\":\"\\u00abEl monstruo de colores\\u00bb, en el Teatro de la Laboral - El Digital de Asturias\",\"headline\":\"\\u00abEl monstruo de colores\\u00bb, en el Teatro de la Laboral\",\"author\":{\"@id\":\"https:\\\/\\\/www.eldigitaldeasturias.com\\\/noticias\\\/author\\\/admin\\\/#author\"},\"publisher\":{\"@id\":\"https:\\\/\\\/www.eldigitaldeasturias.com\\\/noticias\\\/#organization\"},\"image\":{\"@type\":\"ImageObject\",\"url\":953301},\"datePublished\":\"2021-05-25T12:56:18+02:00\",\"dateModified\":\"2021-05-25T12:56:18+02:00\",\"inLanguage\":\"es-ES\",\"mainEntityOfPage\":{\"@id\":\"https:\\\/\\\/www.eldigitaldeasturias.com\\\/noticias\\\/el-monstruo-de-colores-en-el-teatro-de-la-laboral\\\/#webpage\"},\"isPartOf\":{\"@id\":\"https:\\\/\\\/www.eldigitaldeasturias.com\\\/noticias\\\/el-monstruo-de-colores-en-el-teatro-de-la-laboral\\\/#webpage\"},\"articleSection\":\"Agenda\"},{\"@type\":\"BreadcrumbList\",\"@id\":\"https:\\\/\\\/www.eldigitaldeasturias.com\\\/noticias\\\/el-monstruo-de-colores-en-el-teatro-de-la-laboral\\\/#breadcrumblist\",\"itemListElement\":[{\"@type\":\"ListItem\",\"@id\":\"https:\\\/\\\/www.eldigitaldeasturias.com\\\/noticias#listItem\",\"position\":1,\"name\":\"Home\",\"item\":\"https:\\\/\\\/www.eldigitaldeasturias.com\\\/noticias\",\"nextItem\":{\"@type\":\"ListItem\",\"@id\":\"https:\\\/\\\/www.eldigitaldeasturias.com\\\/noticias\\\/category\\\/agenda\\\/#listItem\",\"name\":\"Agenda\"}},{\"@type\":\"ListItem\",\"@id\":\"https:\\\/\\\/www.eldigitaldeasturias.com\\\/noticias\\\/category\\\/agenda\\\/#listItem\",\"position\":2,\"name\":\"Agenda\",\"item\":\"https:\\\/\\\/www.eldigitaldeasturias.com\\\/noticias\\\/category\\\/agenda\\\/\",\"nextItem\":{\"@type\":\"ListItem\",\"@id\":\"https:\\\/\\\/www.eldigitaldeasturias.com\\\/noticias\\\/el-monstruo-de-colores-en-el-teatro-de-la-laboral\\\/#listItem\",\"name\":\"\\u00abEl monstruo de colores\\u00bb, en el Teatro de la Laboral\"},\"previousItem\":{\"@type\":\"ListItem\",\"@id\":\"https:\\\/\\\/www.eldigitaldeasturias.com\\\/noticias#listItem\",\"name\":\"Home\"}},{\"@type\":\"ListItem\",\"@id\":\"https:\\\/\\\/www.eldigitaldeasturias.com\\\/noticias\\\/el-monstruo-de-colores-en-el-teatro-de-la-laboral\\\/#listItem\",\"position\":3,\"name\":\"\\u00abEl monstruo de colores\\u00bb, en el Teatro de la Laboral\",\"previousItem\":{\"@type\":\"ListItem\",\"@id\":\"https:\\\/\\\/www.eldigitaldeasturias.com\\\/noticias\\\/category\\\/agenda\\\/#listItem\",\"name\":\"Agenda\"}}]},{\"@type\":\"Organization\",\"@id\":\"https:\\\/\\\/www.eldigitaldeasturias.com\\\/noticias\\\/#organization\",\"name\":\"El Digital de Asturias\",\"description\":\"Hemeroteca\",\"url\":\"https:\\\/\\\/www.eldigitaldeasturias.com\\\/noticias\\\/\",\"email\":\"info@eldigitaldeasturias.com\",\"telephone\":\"+34652131393\",\"logo\":{\"@type\":\"ImageObject\",\"url\":\"https:\\\/\\\/www.eldigitaldeasturias.com\\\/noticias\\\/wp-content\\\/uploads\\\/2020\\\/12\\\/EDA.jpg\",\"@id\":\"https:\\\/\\\/www.eldigitaldeasturias.com\\\/noticias\\\/el-monstruo-de-colores-en-el-teatro-de-la-laboral\\\/#organizationLogo\"},\"image\":{\"@id\":\"https:\\\/\\\/www.eldigitaldeasturias.com\\\/noticias\\\/el-monstruo-de-colores-en-el-teatro-de-la-laboral\\\/#organizationLogo\"},\"sameAs\":[\"https:\\\/\\\/facebook.com\\\/eldigitaldeasturias\",\"https:\\\/\\\/www.youtube.com\\\/channel\\\/UCZP-2wLEB9Rv6erhFmqVnvg\"],\"address\":{\"@id\":\"https:\\\/\\\/www.eldigitaldeasturias.com\\\/noticias\\\/#postaladdress\",\"@type\":\"PostalAddress\",\"streetAddress\":\"san antonio 4\",\"postalCode\":\"33430\",\"addressLocality\":\"Cand\\u00e1s\",\"addressRegion\":\"Asturias\",\"addressCountry\":\"ES\"}},{\"@type\":\"Person\",\"@id\":\"https:\\\/\\\/www.eldigitaldeasturias.com\\\/noticias\\\/author\\\/admin\\\/#author\",\"url\":\"https:\\\/\\\/www.eldigitaldeasturias.com\\\/noticias\\\/author\\\/admin\\\/\",\"name\":\"El Digital de Asturias\",\"image\":{\"@type\":\"ImageObject\",\"@id\":\"https:\\\/\\\/www.eldigitaldeasturias.com\\\/noticias\\\/el-monstruo-de-colores-en-el-teatro-de-la-laboral\\\/#authorImage\",\"url\":\"https:\\\/\\\/secure.gravatar.com\\\/avatar\\\/df2aeffc32bcd13f8d26072ef8a91b623d677766deac7f97ca815868cd41bf5e?s=96&d=mm&r=g\",\"width\":96,\"height\":96,\"caption\":\"El Digital de Asturias\"}},{\"@type\":\"WebPage\",\"@id\":\"https:\\\/\\\/www.eldigitaldeasturias.com\\\/noticias\\\/el-monstruo-de-colores-en-el-teatro-de-la-laboral\\\/#webpage\",\"url\":\"https:\\\/\\\/www.eldigitaldeasturias.com\\\/noticias\\\/el-monstruo-de-colores-en-el-teatro-de-la-laboral\\\/\",\"name\":\"\\u00abEl monstruo de colores\\u00bb, en el Teatro de la Laboral - El Digital de Asturias\",\"description\":\"El Teatro de la Laboral acoge este domingo 30 de mayo, a las 17:30 horas, El monstruo de colores, la adaptaci\\u00f3n teatral del cuento de Anna Llenas ..\",\"inLanguage\":\"es-ES\",\"isPartOf\":{\"@id\":\"https:\\\/\\\/www.eldigitaldeasturias.com\\\/noticias\\\/#website\"},\"breadcrumb\":{\"@id\":\"https:\\\/\\\/www.eldigitaldeasturias.com\\\/noticias\\\/el-monstruo-de-colores-en-el-teatro-de-la-laboral\\\/#breadcrumblist\"},\"author\":{\"@id\":\"https:\\\/\\\/www.eldigitaldeasturias.com\\\/noticias\\\/author\\\/admin\\\/#author\"},\"creator\":{\"@id\":\"https:\\\/\\\/www.eldigitaldeasturias.com\\\/noticias\\\/author\\\/admin\\\/#author\"},\"image\":{\"@type\":\"ImageObject\",\"url\":953301,\"@id\":\"https:\\\/\\\/www.eldigitaldeasturias.com\\\/noticias\\\/el-monstruo-de-colores-en-el-teatro-de-la-laboral\\\/#mainImage\"},\"primaryImageOfPage\":{\"@id\":\"https:\\\/\\\/www.eldigitaldeasturias.com\\\/noticias\\\/el-monstruo-de-colores-en-el-teatro-de-la-laboral\\\/#mainImage\"},\"datePublished\":\"2021-05-25T12:56:18+02:00\",\"dateModified\":\"2021-05-25T12:56:18+02:00\"},{\"@type\":\"WebSite\",\"@id\":\"https:\\\/\\\/www.eldigitaldeasturias.com\\\/noticias\\\/#website\",\"url\":\"https:\\\/\\\/www.eldigitaldeasturias.com\\\/noticias\\\/\",\"name\":\"El Digital de Asturias - Diario de actualidad y noticias\",\"alternateName\":\"El Digital de Asturias - Diario de actualidad y noticias\",\"description\":\"Hemeroteca\",\"inLanguage\":\"es-ES\",\"publisher\":{\"@id\":\"https:\\\/\\\/www.eldigitaldeasturias.com\\\/noticias\\\/#organization\"}}]}\n\t\t<\/script>\n\t\t<!-- All in One SEO Pro -->\r\n\t\t<title>\u00abEl monstruo de colores\u00bb, en el Teatro de la Laboral - El Digital de Asturias<\/title>\n\n","aioseo_head_json":{"title":"\u00abEl monstruo de colores\u00bb, en el Teatro de la Laboral - El Digital de Asturias","description":"El Teatro de la Laboral acoge este domingo 30 de mayo, a las 17:30 horas, El monstruo de colores, la adaptaci\u00f3n teatral del cuento de Anna Llenas ..","canonical_url":"https:\/\/www.eldigitaldeasturias.com\/noticias\/el-monstruo-de-colores-en-el-teatro-de-la-laboral\/","robots":"max-image-preview:large","keywords":"agenda asturias,ocio asturias,cultura,agenda","webmasterTools":{"google-site-verification":"UA-38556648-1","msvalidate.01":"7dfe9f3f1b24437ab69f4f2559babe99","miscellaneous":""},"schema":{"@context":"https:\/\/schema.org","@graph":[{"@type":"BlogPosting","@id":"https:\/\/www.eldigitaldeasturias.com\/noticias\/el-monstruo-de-colores-en-el-teatro-de-la-laboral\/#blogposting","name":"\u00abEl monstruo de colores\u00bb, en el Teatro de la Laboral - El Digital de Asturias","headline":"\u00abEl monstruo de colores\u00bb, en el Teatro de la Laboral","author":{"@id":"https:\/\/www.eldigitaldeasturias.com\/noticias\/author\/admin\/#author"},"publisher":{"@id":"https:\/\/www.eldigitaldeasturias.com\/noticias\/#organization"},"image":{"@type":"ImageObject","url":953301},"datePublished":"2021-05-25T12:56:18+02:00","dateModified":"2021-05-25T12:56:18+02:00","inLanguage":"es-ES","mainEntityOfPage":{"@id":"https:\/\/www.eldigitaldeasturias.com\/noticias\/el-monstruo-de-colores-en-el-teatro-de-la-laboral\/#webpage"},"isPartOf":{"@id":"https:\/\/www.eldigitaldeasturias.com\/noticias\/el-monstruo-de-colores-en-el-teatro-de-la-laboral\/#webpage"},"articleSection":"Agenda"},{"@type":"BreadcrumbList","@id":"https:\/\/www.eldigitaldeasturias.com\/noticias\/el-monstruo-de-colores-en-el-teatro-de-la-laboral\/#breadcrumblist","itemListElement":[{"@type":"ListItem","@id":"https:\/\/www.eldigitaldeasturias.com\/noticias#listItem","position":1,"name":"Home","item":"https:\/\/www.eldigitaldeasturias.com\/noticias","nextItem":{"@type":"ListItem","@id":"https:\/\/www.eldigitaldeasturias.com\/noticias\/category\/agenda\/#listItem","name":"Agenda"}},{"@type":"ListItem","@id":"https:\/\/www.eldigitaldeasturias.com\/noticias\/category\/agenda\/#listItem","position":2,"name":"Agenda","item":"https:\/\/www.eldigitaldeasturias.com\/noticias\/category\/agenda\/","nextItem":{"@type":"ListItem","@id":"https:\/\/www.eldigitaldeasturias.com\/noticias\/el-monstruo-de-colores-en-el-teatro-de-la-laboral\/#listItem","name":"\u00abEl monstruo de colores\u00bb, en el Teatro de la Laboral"},"previousItem":{"@type":"ListItem","@id":"https:\/\/www.eldigitaldeasturias.com\/noticias#listItem","name":"Home"}},{"@type":"ListItem","@id":"https:\/\/www.eldigitaldeasturias.com\/noticias\/el-monstruo-de-colores-en-el-teatro-de-la-laboral\/#listItem","position":3,"name":"\u00abEl monstruo de colores\u00bb, en el Teatro de la Laboral","previousItem":{"@type":"ListItem","@id":"https:\/\/www.eldigitaldeasturias.com\/noticias\/category\/agenda\/#listItem","name":"Agenda"}}]},{"@type":"Organization","@id":"https:\/\/www.eldigitaldeasturias.com\/noticias\/#organization","name":"El Digital de Asturias","description":"Hemeroteca","url":"https:\/\/www.eldigitaldeasturias.com\/noticias\/","email":"info@eldigitaldeasturias.com","telephone":"+34652131393","logo":{"@type":"ImageObject","url":"https:\/\/www.eldigitaldeasturias.com\/noticias\/wp-content\/uploads\/2020\/12\/EDA.jpg","@id":"https:\/\/www.eldigitaldeasturias.com\/noticias\/el-monstruo-de-colores-en-el-teatro-de-la-laboral\/#organizationLogo"},"image":{"@id":"https:\/\/www.eldigitaldeasturias.com\/noticias\/el-monstruo-de-colores-en-el-teatro-de-la-laboral\/#organizationLogo"},"sameAs":["https:\/\/facebook.com\/eldigitaldeasturias","https:\/\/www.youtube.com\/channel\/UCZP-2wLEB9Rv6erhFmqVnvg"],"address":{"@id":"https:\/\/www.eldigitaldeasturias.com\/noticias\/#postaladdress","@type":"PostalAddress","streetAddress":"san antonio 4","postalCode":"33430","addressLocality":"Cand\u00e1s","addressRegion":"Asturias","addressCountry":"ES"}},{"@type":"Person","@id":"https:\/\/www.eldigitaldeasturias.com\/noticias\/author\/admin\/#author","url":"https:\/\/www.eldigitaldeasturias.com\/noticias\/author\/admin\/","name":"El Digital de Asturias","image":{"@type":"ImageObject","@id":"https:\/\/www.eldigitaldeasturias.com\/noticias\/el-monstruo-de-colores-en-el-teatro-de-la-laboral\/#authorImage","url":"https:\/\/secure.gravatar.com\/avatar\/df2aeffc32bcd13f8d26072ef8a91b623d677766deac7f97ca815868cd41bf5e?s=96&d=mm&r=g","width":96,"height":96,"caption":"El Digital de Asturias"}},{"@type":"WebPage","@id":"https:\/\/www.eldigitaldeasturias.com\/noticias\/el-monstruo-de-colores-en-el-teatro-de-la-laboral\/#webpage","url":"https:\/\/www.eldigitaldeasturias.com\/noticias\/el-monstruo-de-colores-en-el-teatro-de-la-laboral\/","name":"\u00abEl monstruo de colores\u00bb, en el Teatro de la Laboral - El Digital de Asturias","description":"El Teatro de la Laboral acoge este domingo 30 de mayo, a las 17:30 horas, El monstruo de colores, la adaptaci\u00f3n teatral del cuento de Anna Llenas ..","inLanguage":"es-ES","isPartOf":{"@id":"https:\/\/www.eldigitaldeasturias.com\/noticias\/#website"},"breadcrumb":{"@id":"https:\/\/www.eldigitaldeasturias.com\/noticias\/el-monstruo-de-colores-en-el-teatro-de-la-laboral\/#breadcrumblist"},"author":{"@id":"https:\/\/www.eldigitaldeasturias.com\/noticias\/author\/admin\/#author"},"creator":{"@id":"https:\/\/www.eldigitaldeasturias.com\/noticias\/author\/admin\/#author"},"image":{"@type":"ImageObject","url":953301,"@id":"https:\/\/www.eldigitaldeasturias.com\/noticias\/el-monstruo-de-colores-en-el-teatro-de-la-laboral\/#mainImage"},"primaryImageOfPage":{"@id":"https:\/\/www.eldigitaldeasturias.com\/noticias\/el-monstruo-de-colores-en-el-teatro-de-la-laboral\/#mainImage"},"datePublished":"2021-05-25T12:56:18+02:00","dateModified":"2021-05-25T12:56:18+02:00"},{"@type":"WebSite","@id":"https:\/\/www.eldigitaldeasturias.com\/noticias\/#website","url":"https:\/\/www.eldigitaldeasturias.com\/noticias\/","name":"El Digital de Asturias - Diario de actualidad y noticias","alternateName":"El Digital de Asturias - Diario de actualidad y noticias","description":"Hemeroteca","inLanguage":"es-ES","publisher":{"@id":"https:\/\/www.eldigitaldeasturias.com\/noticias\/#organization"}}]},"og:locale":"es_ES","og:site_name":"El Digital de Asturias","og:type":"article","og:title":"\u00abEl monstruo de colores\u00bb, en el Teatro de la Laboral - El Digital de Asturias","og:description":"El Teatro de la Laboral acoge este domingo 30 de mayo, a las 17:30 horas, El monstruo de colores, la adaptaci\u00f3n teatral del cuento de Anna Llenas ..","og:url":"https:\/\/www.eldigitaldeasturias.com\/noticias\/el-monstruo-de-colores-en-el-teatro-de-la-laboral\/","article:tag":["agenda asturias","ocio asturias","cultura","agenda"],"article:published_time":"2021-05-25T11:56:18+00:00","article:modified_time":"2021-05-25T11:56:18+00:00","article:publisher":"https:\/\/facebook.com\/eldigitaldeasturias","twitter:card":"summary_large_image","twitter:title":"\u00abEl monstruo de colores\u00bb, en el Teatro de la Laboral - El Digital de Asturias","twitter:description":"El Teatro de la Laboral acoge este domingo 30 de mayo, a las 17:30 horas, El monstruo de colores, la adaptaci\u00f3n teatral del cuento de Anna Llenas ..","twitter:image":"https:\/\/www.eldigitaldeasturias.com\/noticias\/wp-content\/uploads\/2020\/12\/EDA-1.jpg","twitter:label1":"Escrito por","twitter:data1":"El Digital de Asturias","twitter:label2":"Tiempo de lectura estimado","twitter:data2":"2 minutos"},"aioseo_meta_data":{"post_id":"1092318","title":null,"description":"El Teatro de la Laboral acoge este domingo 30 de mayo, a las 17:30 horas, El monstruo de colores, la adaptaci\u00f3n teatral del cuento de Anna Llenas&nbsp;..","keywords":[{"label":"Agenda Asturias","value":"Agenda Asturias"},{"label":" ocio Asturias","value":" ocio Asturias"},{"label":" cultura","value":" cultura"}],"keyphrases":{"focus":[],"additional":[]},"primary_term":null,"canonical_url":null,"og_title":null,"og_description":null,"og_object_type":"default","og_image_type":"default","og_image_url":null,"og_image_width":null,"og_image_height":null,"og_image_custom_url":null,"og_image_custom_fields":null,"og_video":"","og_custom_url":null,"og_article_section":null,"og_article_tags":[],"twitter_use_og":false,"twitter_card":"default","twitter_image_type":"default","twitter_image_url":null,"twitter_image_custom_url":null,"twitter_image_custom_fields":null,"twitter_title":null,"twitter_description":null,"schema":{"blockGraphs":[],"customGraphs":[],"default":{"data":{"Article":[],"Course":[],"Dataset":[],"FAQPage":[],"Movie":[],"Person":[],"Product":[],"ProductReview":[],"Car":[],"Recipe":[],"Service":[],"SoftwareApplication":[],"WebPage":[]},"graphName":"","isEnabled":true},"graphs":[]},"schema_type":"default","schema_type_options":"{\"article\":{\"articleType\":\"BlogPosting\"},\"course\":{\"name\":\"\",\"description\":\"\",\"provider\":\"\"},\"faq\":{\"pages\":[]},\"product\":{\"reviews\":[]},\"recipe\":{\"ingredients\":[],\"instructions\":[],\"keywords\":[]},\"software\":{\"reviews\":[],\"operatingSystems\":[]},\"webPage\":{\"webPageType\":\"WebPage\"}}","pillar_content":false,"robots_default":true,"robots_noindex":false,"robots_noarchive":false,"robots_nosnippet":false,"robots_nofollow":false,"robots_noimageindex":false,"robots_noodp":false,"robots_notranslate":false,"robots_max_snippet":"-1","robots_max_videopreview":"-1","robots_max_imagepreview":"large","priority":null,"frequency":"default","local_seo":{"locations":{"business":{"name":"","businessType":"","image":"","areaServed":"","urls":{"website":"","aboutPage":"","contactPage":""},"address":{"streetLine1":"","streetLine2":"","zipCode":"","city":"","state":"","country":"","addressFormat":"#streetLineOne\n#streetLineTwo\n#city, #state #zipCode"},"contact":{"email":"","phone":"","phoneFormatted":"","fax":"","faxFormatted":""},"ids":{"vat":"","tax":"","chamberOfCommerce":""},"payment":{"priceRange":"","currenciesAccepted":"","methods":""}}},"openingHours":{"useDefaults":true,"show":true,"alwaysOpen":false,"use24hFormat":false,"timezone":"","labels":{"closed":"","alwaysOpen":""},"days":{"monday":{"open24h":false,"closed":false,"openTime":"09:00","closeTime":"17:00"},"tuesday":{"open24h":false,"closed":false,"openTime":"09:00","closeTime":"17:00"},"wednesday":{"open24h":false,"closed":false,"openTime":"09:00","closeTime":"17:00"},"thursday":{"open24h":false,"closed":false,"openTime":"09:00","closeTime":"17:00"},"friday":{"open24h":false,"closed":false,"openTime":"09:00","closeTime":"17:00"},"saturday":{"open24h":false,"closed":false,"openTime":"09:00","closeTime":"17:00"},"sunday":{"open24h":false,"closed":false,"openTime":"09:00","closeTime":"17:00"}}}},"seo_analyzer_scan_date":"2026-07-18 04:39:30","breadcrumb_settings":null,"limit_modified_date":false,"open_ai":null,"ai":null,"created":"2021-05-25 11:54:15","updated":"2026-07-18 04:39:30","focus_keyword":null,"additional_keywords":null,"truseo_locale":null},"aioseo_breadcrumb":"<div class=\"aioseo-breadcrumbs\"><span class=\"aioseo-breadcrumb\">\n\t<a href=\"https:\/\/www.eldigitaldeasturias.com\/noticias\" title=\"Home\">Home<\/a>\n<\/span><span class=\"aioseo-breadcrumb-separator\">\u2013<\/span><span class=\"aioseo-breadcrumb\">\n\t<a href=\"https:\/\/www.eldigitaldeasturias.com\/noticias\/category\/agenda\/\" title=\"Agenda\">Agenda<\/a>\n<\/span><span class=\"aioseo-breadcrumb-separator\">\u2013<\/span><span class=\"aioseo-breadcrumb\">\n\t<a href=\"https:\/\/www.eldigitaldeasturias.com\/noticias\/el-monstruo-de-colores-en-el-teatro-de-la-laboral\/\" title=\"\u00abEl monstruo de colores\u00bb, en el Teatro de la Laboral\">\u00abEl monstruo de colores\u00bb, en el Teatro de la Laboral<\/a>\n<\/span><\/div>","aioseo_breadcrumb_json":[{"label":"Home","link":"https:\/\/www.eldigitaldeasturias.com\/noticias"},{"label":"Agenda","link":"https:\/\/www.eldigitaldeasturias.com\/noticias\/category\/agenda\/"},{"label":"\u00abEl monstruo de colores\u00bb, en el Teatro de la Laboral","link":"https:\/\/www.eldigitaldeasturias.com\/noticias\/el-monstruo-de-colores-en-el-teatro-de-la-laboral\/"}],"_links":{"self":[{"href":"https:\/\/www.eldigitaldeasturias.com\/noticias\/wp-json\/wp\/v2\/posts\/1092318","targetHints":{"allow":["GET"]}}],"collection":[{"href":"https:\/\/www.eldigitaldeasturias.com\/noticias\/wp-json\/wp\/v2\/posts"}],"about":[{"href":"https:\/\/www.eldigitaldeasturias.com\/noticias\/wp-json\/wp\/v2\/types\/post"}],"author":[{"embeddable":true,"href":"https:\/\/www.eldigitaldeasturias.com\/noticias\/wp-json\/wp\/v2\/users\/1"}],"replies":[{"embeddable":true,"href":"https:\/\/www.eldigitaldeasturias.com\/noticias\/wp-json\/wp\/v2\/comments?post=1092318"}],"version-history":[{"count":0,"href":"https:\/\/www.eldigitaldeasturias.com\/noticias\/wp-json\/wp\/v2\/posts\/1092318\/revisions"}],"wp:attachment":[{"href":"https:\/\/www.eldigitaldeasturias.com\/noticias\/wp-json\/wp\/v2\/media?parent=1092318"}],"wp:term":[{"taxonomy":"category","embeddable":true,"href":"https:\/\/www.eldigitaldeasturias.com\/noticias\/wp-json\/wp\/v2\/categories?post=1092318"},{"taxonomy":"post_tag","embeddable":true,"href":"https:\/\/www.eldigitaldeasturias.com\/noticias\/wp-json\/wp\/v2\/tags?post=1092318"}],"curies":[{"name":"wp","href":"https:\/\/api.w.org\/{rel}","templated":true}]}}