{"id":1092270,"date":"2021-05-24T20:23:45","date_gmt":"2021-05-24T19:23:45","guid":{"rendered":"https:\/\/www.eldigitaldeasturias.com\/noticias\/?p=1092270"},"modified":"2021-05-24T20:24:13","modified_gmt":"2021-05-24T19:24:13","slug":"ignacio-blanco-estamos-en-contra-de-la-imposicion-de-la-llingua","status":"publish","type":"post","link":"https:\/\/www.eldigitaldeasturias.com\/noticias\/ignacio-blanco-estamos-en-contra-de-la-imposicion-de-la-llingua\/","title":{"rendered":"Ignacio Blanco: \u201cEstamos en contra de la imposici\u00f3n de la llingua\u201d"},"content":{"rendered":"<p><img loading=\"lazy\" decoding=\"async\" class=\"alignleft size-medium wp-image-1092271\" src=\"https:\/\/www.eldigitaldeasturias.com\/noticias\/wp-content\/uploads\/2021\/05\/VOX-Asturias-2-360x223.jpg\" alt=\"VOX Asturias\" width=\"360\" height=\"223\" \/>El presidente de <strong>VOX Asturias<\/strong> y portavoz del Grupo Parlamentario en la Junta General del Principado, Ignacio Blanco, ha ofrecido esta tarde la charla-coloquio <strong>\u2018El enga\u00f1o de la cooficialidad, consecuencias pol\u00edticas, sociales y econ\u00f3micas para Asturias\u2019 en un acto celebrado en Avil\u00e9s<\/strong> al que asistieron, entre otros, la diputada de VOX, Sara \u00c1lvarez Rouco y el concejal de VOX en Avil\u00e9s, Jos\u00e9 Gerardo Gonz\u00e1lez. En la charla, en la que estuvo acompa\u00f1ado por la portavoz de VOX en el Ayuntamiento de Avil\u00e9s, Arancha Mart\u00ednez Riola, y Javier Jov\u00e9, presidente de la Plataforma contra la Cooficialidad, Blanco ha se\u00f1alado los efectos para la sociedad asturiana de \u201cimponer\u201d la llingua en Asturias que obligar\u00e1 \u201ca utilizarla en toda la administraci\u00f3n y en la escuela\u201d, obligando a aprender un dialecto que \u201cdisparar\u00e1 a\u00fan m\u00e1s el \u00e9xodo de nuestros hijos en busca de empleo\u201d, cuando adem\u00e1s, recuerda \u201cAsturias tiene una de las mayores tasas de desempleo de j\u00f3venes de la Uni\u00f3n Europea\u201d. \u201c<strong>Si el PSOE pretende imponer la oficialidad, por un solo diputado de diferencia, cuando lleguemos al gobierno reformaremos el Estatuto para eliminar la oficialidad\u201d, ha se\u00f1alado el presidente y portavoz de VOX Asturias<\/strong> en la Junta General del Principado.<\/p>\n<p>En este sentido, entre otras cuestiones, el portavoz ha explicado que \u201cno hay oficialidad amable. La oficialidad amable del Gobierno de Barb\u00f3n es que una casualidad pol\u00edtica en la C\u00e1mara, como son 27 diputados, impongan a m\u00e1s de un mill\u00f3n de asturianos el uso de la llingua\u201d. \u201cHasta ahora el presidente del Principado se ha escudado en la gesti\u00f3n de la pandemia, todo supeditado a una sola enfermedad, ni siquiera a la salud, porque releg\u00f3 la asistencia sanitaria del resto de patolog\u00edas, y ahora ya nos adelanta que los dos a\u00f1os del resto de legislatura se centrar\u00e1 en la reforma del Estatuto de Autonom\u00eda\u201d. \u201cLa oficialidad, -contin\u00faa el portavoz-, no es otorgar derechos a los pocos hablantes de llingua. Se trata de los derechos de una lengua minoritaria a tener muchos hablantes obligatorios por la fuerza de la ley y del presupuesto p\u00fablico\u201d.<\/p>\n<p>\u201cResulta asombroso que Barb\u00f3n diga ahora que lo primordial es la reactivaci\u00f3n econ\u00f3mica, cuando lleva VOX alertando desde el inicio de la pandemia de las desastrosas consecuencias econ\u00f3micas de su gesti\u00f3n y, ahora, pretenda malgastar en torno a 70 millones de euros al a\u00f1o en una llingua que no se sabe ni lo que es solo por su capricho\u201d. \u201c<strong>Resulta sorprendente que cuando los sectores afectados no han ni siquiera recibido los famosos fondos Covid, el presidente del Principado siga empecinado en imponer un capricho que va a costar a los asturianos en torno a 70 millones de euros\u201d<\/strong>.<\/p>\n<p>Adem\u00e1s, ha se\u00f1alado que \u201cBarb\u00f3n no ha cumplido a\u00fan ninguna de las propuestas de su programa electoral de 400 medidas, y parece que s\u00f3lo quiere cumplir con la oficialidad. Si hubiera dicho que s\u00f3lo se preocupa por la Llingua, tengo seguro que muchos no lo hubieran votado\u201d, recalca el portavoz, que ha incidido en que <strong>\u201cVOX Asturias defiende la cultura asturiana y las tradiciones asturianas. Estamos en contra de la imposici\u00f3n de la llingua\u201d<\/strong>.<\/p>\n<p>Por su parte, el presidente de la Plataforma contra la Cooficialidad, Javier Jov\u00e9, ha se\u00f1alado entre otras cuestiones, que \u201cla cooficialidad es un<strong> proyecto ideol\u00f3gico al servicio de la batasunizaci\u00f3n de Asturias<\/strong>, que busca inocular el virus del nacionalismo en nuestra tierra, una medida que cuenta con el respaldo de Otegui y Puigdemont. Es un proyecto contrario a las tradiciones asturianas y la asturian\u00eda\u201d. Asimismo ha explicado que \u201cla llingua es un farfullo de laboratorio y artificial con el que los talibanes de la cooficialidad pretenden asaltar los presupuestos p\u00fablicos y crear una casta laboral con privilegios en el acceso de la funci\u00f3n p\u00fablica mediante la reserva de puestos de funcionario para los lling\u00fcistas\u201d, para, a rengl\u00f3n seguido, se\u00f1alar que \u201ces la mayor amenaza a la que se van a enfrentar los asturianos en el siglo XXI. Busca aislar a Asturias mediante una alambrada ling\u00fc\u00edstica, creando barreras y usando la llingua como s\u00edmbolo de sumisi\u00f3n ideol\u00f3gica y exclusi\u00f3n social\u201d, concluye Javier Jov\u00e9.<\/p>\n<p>&nbsp;<\/p>\n","protected":false},"excerpt":{"rendered":"<p>El presidente de VOX Asturias y portavoz del Grupo Parlamentario en la Junta General del Principado, Ignacio Blanco, ha ofrecido esta tarde la charla-coloquio \u2018El enga\u00f1o de la cooficialidad, consecuencias pol\u00edticas, sociales y econ\u00f3micas para Asturias\u2019 en un acto celebrado en Avil\u00e9s al que asistieron, entre otros, la diputada de VOX, Sara \u00c1lvarez Rouco y [&hellip;]<\/p>\n","protected":false},"author":1,"featured_media":1132184,"comment_status":"closed","ping_status":"closed","sticky":false,"template":"","format":"standard","meta":{"footnotes":""},"categories":[12],"tags":[],"class_list":["post-1092270","post","type-post","status-publish","format-standard","has-post-thumbnail","hentry","category-actualidad-asturias"],"aioseo_notices":[],"aioseo_head":"\n\t\t<!-- All in One SEO Pro 5.0.1 - aioseo.com -->\n\t<meta name=\"description\" content=\"El presidente de VOX Asturias y portavoz del Grupo Parlamentario en la Junta General del Principado, Ignacio Blanco, ha ofrecido esta tarde la charla-coloquio..\" \/>\n\t<meta name=\"robots\" content=\"max-image-preview:large\" \/>\n\t<meta name=\"author\" content=\"El Digital de Asturias\"\/>\n\t<meta name=\"google-site-verification\" content=\"UA-38556648-1\" \/>\n\t<meta name=\"msvalidate.01\" content=\"7dfe9f3f1b24437ab69f4f2559babe99\" \/>\n\t<meta name=\"keywords\" content=\"actualidad asturias\" \/>\n\t<link rel=\"canonical\" href=\"https:\/\/www.eldigitaldeasturias.com\/noticias\/ignacio-blanco-estamos-en-contra-de-la-imposicion-de-la-llingua\/\" \/>\n\t<meta name=\"generator\" content=\"All in One SEO Pro (AIOSEO) 5.0.1\" \/>\n\t\t<meta property=\"og:locale\" content=\"es_ES\" \/>\n\t\t<meta property=\"og:site_name\" content=\"El Digital de Asturias\" \/>\n\t\t<meta property=\"og:type\" content=\"article\" \/>\n\t\t<meta property=\"og:title\" content=\"Ignacio Blanco: \u201cEstamos en contra de la imposici\u00f3n de la llingua\u201d - El Digital de Asturias\" \/>\n\t\t<meta property=\"og:description\" content=\"El presidente de VOX Asturias y portavoz del Grupo Parlamentario en la Junta General del Principado, Ignacio Blanco, ha ofrecido esta tarde la charla-coloquio..\" \/>\n\t\t<meta property=\"og:url\" content=\"https:\/\/www.eldigitaldeasturias.com\/noticias\/ignacio-blanco-estamos-en-contra-de-la-imposicion-de-la-llingua\/\" \/>\n\t\t<meta property=\"og:image\" content=\"https:\/\/www.eldigitaldeasturias.com\/noticias\/wp-content\/uploads\/2026\/06\/Contenidos.jpg\" \/>\n\t\t<meta property=\"og:image:secure_url\" content=\"https:\/\/www.eldigitaldeasturias.com\/noticias\/wp-content\/uploads\/2026\/06\/Contenidos.jpg\" \/>\n\t\t<meta property=\"og:image:width\" content=\"1265\" \/>\n\t\t<meta property=\"og:image:height\" content=\"697\" \/>\n\t\t<meta property=\"article:tag\" content=\"actualidad asturias\" \/>\n\t\t<meta property=\"article:published_time\" content=\"2021-05-24T19:23:45+00:00\" \/>\n\t\t<meta property=\"article:modified_time\" content=\"2021-05-24T19:24:13+00:00\" \/>\n\t\t<meta property=\"article:publisher\" content=\"https:\/\/facebook.com\/eldigitaldeasturias\" \/>\n\t\t<meta name=\"twitter:card\" content=\"summary_large_image\" \/>\n\t\t<meta name=\"twitter:title\" content=\"Ignacio Blanco: \u201cEstamos en contra de la imposici\u00f3n de la llingua\u201d - El Digital de Asturias\" \/>\n\t\t<meta name=\"twitter:description\" content=\"El presidente de VOX Asturias y portavoz del Grupo Parlamentario en la Junta General del Principado, Ignacio Blanco, ha ofrecido esta tarde la charla-coloquio..\" \/>\n\t\t<meta name=\"twitter:image\" content=\"https:\/\/www.eldigitaldeasturias.com\/noticias\/wp-content\/uploads\/2026\/06\/Contenidos.jpg\" \/>\n\t\t<meta name=\"twitter:label1\" content=\"Escrito por\" \/>\n\t\t<meta name=\"twitter:data1\" content=\"El Digital de Asturias\" \/>\n\t\t<meta name=\"twitter:label2\" content=\"Tiempo de lectura estimado\" \/>\n\t\t<meta name=\"twitter:data2\" content=\"4 minutos\" \/>\n\t\t<script type=\"application\/ld+json\" class=\"aioseo-schema\">\n\t\t\t{\"@context\":\"https:\\\/\\\/schema.org\",\"@graph\":[{\"@type\":\"BlogPosting\",\"@id\":\"https:\\\/\\\/www.eldigitaldeasturias.com\\\/noticias\\\/ignacio-blanco-estamos-en-contra-de-la-imposicion-de-la-llingua\\\/#blogposting\",\"name\":\"Ignacio Blanco: \\u201cEstamos en contra de la imposici\\u00f3n de la llingua\\u201d - El Digital de Asturias\",\"headline\":\"Ignacio Blanco: \\u201cEstamos en contra de la imposici\\u00f3n de la llingua\\u201d\",\"author\":{\"@id\":\"https:\\\/\\\/www.eldigitaldeasturias.com\\\/noticias\\\/author\\\/admin\\\/#author\"},\"publisher\":{\"@id\":\"https:\\\/\\\/www.eldigitaldeasturias.com\\\/noticias\\\/#organization\"},\"image\":{\"@type\":\"ImageObject\",\"url\":\"https:\\\/\\\/www.eldigitaldeasturias.com\\\/noticias\\\/wp-content\\\/uploads\\\/2026\\\/06\\\/Contenidos.jpg\",\"width\":1265,\"height\":697,\"caption\":\"Contenidos\"},\"datePublished\":\"2021-05-24T20:23:45+02:00\",\"dateModified\":\"2021-05-24T20:24:13+02:00\",\"inLanguage\":\"es-ES\",\"mainEntityOfPage\":{\"@id\":\"https:\\\/\\\/www.eldigitaldeasturias.com\\\/noticias\\\/ignacio-blanco-estamos-en-contra-de-la-imposicion-de-la-llingua\\\/#webpage\"},\"isPartOf\":{\"@id\":\"https:\\\/\\\/www.eldigitaldeasturias.com\\\/noticias\\\/ignacio-blanco-estamos-en-contra-de-la-imposicion-de-la-llingua\\\/#webpage\"},\"articleSection\":\"Actualidad Asturias\"},{\"@type\":\"BreadcrumbList\",\"@id\":\"https:\\\/\\\/www.eldigitaldeasturias.com\\\/noticias\\\/ignacio-blanco-estamos-en-contra-de-la-imposicion-de-la-llingua\\\/#breadcrumblist\",\"itemListElement\":[{\"@type\":\"ListItem\",\"@id\":\"https:\\\/\\\/www.eldigitaldeasturias.com\\\/noticias#listItem\",\"position\":1,\"name\":\"Home\",\"item\":\"https:\\\/\\\/www.eldigitaldeasturias.com\\\/noticias\",\"nextItem\":{\"@type\":\"ListItem\",\"@id\":\"https:\\\/\\\/www.eldigitaldeasturias.com\\\/noticias\\\/category\\\/actualidad-asturias\\\/#listItem\",\"name\":\"Actualidad Asturias\"}},{\"@type\":\"ListItem\",\"@id\":\"https:\\\/\\\/www.eldigitaldeasturias.com\\\/noticias\\\/category\\\/actualidad-asturias\\\/#listItem\",\"position\":2,\"name\":\"Actualidad Asturias\",\"item\":\"https:\\\/\\\/www.eldigitaldeasturias.com\\\/noticias\\\/category\\\/actualidad-asturias\\\/\",\"nextItem\":{\"@type\":\"ListItem\",\"@id\":\"https:\\\/\\\/www.eldigitaldeasturias.com\\\/noticias\\\/ignacio-blanco-estamos-en-contra-de-la-imposicion-de-la-llingua\\\/#listItem\",\"name\":\"Ignacio Blanco: \\u201cEstamos en contra de la imposici\\u00f3n de la llingua\\u201d\"},\"previousItem\":{\"@type\":\"ListItem\",\"@id\":\"https:\\\/\\\/www.eldigitaldeasturias.com\\\/noticias#listItem\",\"name\":\"Home\"}},{\"@type\":\"ListItem\",\"@id\":\"https:\\\/\\\/www.eldigitaldeasturias.com\\\/noticias\\\/ignacio-blanco-estamos-en-contra-de-la-imposicion-de-la-llingua\\\/#listItem\",\"position\":3,\"name\":\"Ignacio Blanco: \\u201cEstamos en contra de la imposici\\u00f3n de la llingua\\u201d\",\"previousItem\":{\"@type\":\"ListItem\",\"@id\":\"https:\\\/\\\/www.eldigitaldeasturias.com\\\/noticias\\\/category\\\/actualidad-asturias\\\/#listItem\",\"name\":\"Actualidad Asturias\"}}]},{\"@type\":\"Organization\",\"@id\":\"https:\\\/\\\/www.eldigitaldeasturias.com\\\/noticias\\\/#organization\",\"name\":\"El Digital de Asturias\",\"description\":\"Hemeroteca\",\"url\":\"https:\\\/\\\/www.eldigitaldeasturias.com\\\/noticias\\\/\",\"email\":\"info@eldigitaldeasturias.com\",\"telephone\":\"+34652131393\",\"logo\":{\"@type\":\"ImageObject\",\"url\":\"https:\\\/\\\/www.eldigitaldeasturias.com\\\/noticias\\\/wp-content\\\/uploads\\\/2020\\\/12\\\/EDA.jpg\",\"@id\":\"https:\\\/\\\/www.eldigitaldeasturias.com\\\/noticias\\\/ignacio-blanco-estamos-en-contra-de-la-imposicion-de-la-llingua\\\/#organizationLogo\"},\"image\":{\"@id\":\"https:\\\/\\\/www.eldigitaldeasturias.com\\\/noticias\\\/ignacio-blanco-estamos-en-contra-de-la-imposicion-de-la-llingua\\\/#organizationLogo\"},\"sameAs\":[\"https:\\\/\\\/facebook.com\\\/eldigitaldeasturias\",\"https:\\\/\\\/www.youtube.com\\\/channel\\\/UCZP-2wLEB9Rv6erhFmqVnvg\"],\"address\":{\"@id\":\"https:\\\/\\\/www.eldigitaldeasturias.com\\\/noticias\\\/#postaladdress\",\"@type\":\"PostalAddress\",\"streetAddress\":\"san antonio 4\",\"postalCode\":\"33430\",\"addressLocality\":\"Cand\\u00e1s\",\"addressRegion\":\"Asturias\",\"addressCountry\":\"ES\"}},{\"@type\":\"Person\",\"@id\":\"https:\\\/\\\/www.eldigitaldeasturias.com\\\/noticias\\\/author\\\/admin\\\/#author\",\"url\":\"https:\\\/\\\/www.eldigitaldeasturias.com\\\/noticias\\\/author\\\/admin\\\/\",\"name\":\"El Digital de Asturias\",\"image\":{\"@type\":\"ImageObject\",\"@id\":\"https:\\\/\\\/www.eldigitaldeasturias.com\\\/noticias\\\/ignacio-blanco-estamos-en-contra-de-la-imposicion-de-la-llingua\\\/#authorImage\",\"url\":\"https:\\\/\\\/secure.gravatar.com\\\/avatar\\\/df2aeffc32bcd13f8d26072ef8a91b623d677766deac7f97ca815868cd41bf5e?s=96&d=mm&r=g\",\"width\":96,\"height\":96,\"caption\":\"El Digital de Asturias\"}},{\"@type\":\"WebPage\",\"@id\":\"https:\\\/\\\/www.eldigitaldeasturias.com\\\/noticias\\\/ignacio-blanco-estamos-en-contra-de-la-imposicion-de-la-llingua\\\/#webpage\",\"url\":\"https:\\\/\\\/www.eldigitaldeasturias.com\\\/noticias\\\/ignacio-blanco-estamos-en-contra-de-la-imposicion-de-la-llingua\\\/\",\"name\":\"Ignacio Blanco: \\u201cEstamos en contra de la imposici\\u00f3n de la llingua\\u201d - El Digital de Asturias\",\"description\":\"El presidente de VOX Asturias y portavoz del Grupo Parlamentario en la Junta General del Principado, Ignacio Blanco, ha ofrecido esta tarde la charla-coloquio..\",\"inLanguage\":\"es-ES\",\"isPartOf\":{\"@id\":\"https:\\\/\\\/www.eldigitaldeasturias.com\\\/noticias\\\/#website\"},\"breadcrumb\":{\"@id\":\"https:\\\/\\\/www.eldigitaldeasturias.com\\\/noticias\\\/ignacio-blanco-estamos-en-contra-de-la-imposicion-de-la-llingua\\\/#breadcrumblist\"},\"author\":{\"@id\":\"https:\\\/\\\/www.eldigitaldeasturias.com\\\/noticias\\\/author\\\/admin\\\/#author\"},\"creator\":{\"@id\":\"https:\\\/\\\/www.eldigitaldeasturias.com\\\/noticias\\\/author\\\/admin\\\/#author\"},\"image\":{\"@type\":\"ImageObject\",\"url\":\"https:\\\/\\\/www.eldigitaldeasturias.com\\\/noticias\\\/wp-content\\\/uploads\\\/2026\\\/06\\\/Contenidos.jpg\",\"@id\":\"https:\\\/\\\/www.eldigitaldeasturias.com\\\/noticias\\\/ignacio-blanco-estamos-en-contra-de-la-imposicion-de-la-llingua\\\/#mainImage\",\"width\":1265,\"height\":697,\"caption\":\"Contenidos\"},\"primaryImageOfPage\":{\"@id\":\"https:\\\/\\\/www.eldigitaldeasturias.com\\\/noticias\\\/ignacio-blanco-estamos-en-contra-de-la-imposicion-de-la-llingua\\\/#mainImage\"},\"datePublished\":\"2021-05-24T20:23:45+02:00\",\"dateModified\":\"2021-05-24T20:24:13+02:00\"},{\"@type\":\"WebSite\",\"@id\":\"https:\\\/\\\/www.eldigitaldeasturias.com\\\/noticias\\\/#website\",\"url\":\"https:\\\/\\\/www.eldigitaldeasturias.com\\\/noticias\\\/\",\"name\":\"El Digital de Asturias - Diario de actualidad y noticias\",\"alternateName\":\"El Digital de Asturias - Diario de actualidad y noticias\",\"description\":\"Hemeroteca\",\"inLanguage\":\"es-ES\",\"publisher\":{\"@id\":\"https:\\\/\\\/www.eldigitaldeasturias.com\\\/noticias\\\/#organization\"}}]}\n\t\t<\/script>\n\t\t<!-- All in One SEO Pro -->\r\n\t\t<title>Ignacio Blanco: \u201cEstamos en contra de la imposici\u00f3n de la llingua\u201d - El Digital de Asturias<\/title>\n\n","aioseo_head_json":{"title":"Ignacio Blanco: \u201cEstamos en contra de la imposici\u00f3n de la llingua\u201d - El Digital de Asturias","description":"El presidente de VOX Asturias y portavoz del Grupo Parlamentario en la Junta General del Principado, Ignacio Blanco, ha ofrecido esta tarde la charla-coloquio..","canonical_url":"https:\/\/www.eldigitaldeasturias.com\/noticias\/ignacio-blanco-estamos-en-contra-de-la-imposicion-de-la-llingua\/","robots":"max-image-preview:large","keywords":"actualidad asturias","webmasterTools":{"google-site-verification":"UA-38556648-1","msvalidate.01":"7dfe9f3f1b24437ab69f4f2559babe99","miscellaneous":""},"schema":{"@context":"https:\/\/schema.org","@graph":[{"@type":"BlogPosting","@id":"https:\/\/www.eldigitaldeasturias.com\/noticias\/ignacio-blanco-estamos-en-contra-de-la-imposicion-de-la-llingua\/#blogposting","name":"Ignacio Blanco: \u201cEstamos en contra de la imposici\u00f3n de la llingua\u201d - El Digital de Asturias","headline":"Ignacio Blanco: \u201cEstamos en contra de la imposici\u00f3n de la llingua\u201d","author":{"@id":"https:\/\/www.eldigitaldeasturias.com\/noticias\/author\/admin\/#author"},"publisher":{"@id":"https:\/\/www.eldigitaldeasturias.com\/noticias\/#organization"},"image":{"@type":"ImageObject","url":"https:\/\/www.eldigitaldeasturias.com\/noticias\/wp-content\/uploads\/2026\/06\/Contenidos.jpg","width":1265,"height":697,"caption":"Contenidos"},"datePublished":"2021-05-24T20:23:45+02:00","dateModified":"2021-05-24T20:24:13+02:00","inLanguage":"es-ES","mainEntityOfPage":{"@id":"https:\/\/www.eldigitaldeasturias.com\/noticias\/ignacio-blanco-estamos-en-contra-de-la-imposicion-de-la-llingua\/#webpage"},"isPartOf":{"@id":"https:\/\/www.eldigitaldeasturias.com\/noticias\/ignacio-blanco-estamos-en-contra-de-la-imposicion-de-la-llingua\/#webpage"},"articleSection":"Actualidad Asturias"},{"@type":"BreadcrumbList","@id":"https:\/\/www.eldigitaldeasturias.com\/noticias\/ignacio-blanco-estamos-en-contra-de-la-imposicion-de-la-llingua\/#breadcrumblist","itemListElement":[{"@type":"ListItem","@id":"https:\/\/www.eldigitaldeasturias.com\/noticias#listItem","position":1,"name":"Home","item":"https:\/\/www.eldigitaldeasturias.com\/noticias","nextItem":{"@type":"ListItem","@id":"https:\/\/www.eldigitaldeasturias.com\/noticias\/category\/actualidad-asturias\/#listItem","name":"Actualidad Asturias"}},{"@type":"ListItem","@id":"https:\/\/www.eldigitaldeasturias.com\/noticias\/category\/actualidad-asturias\/#listItem","position":2,"name":"Actualidad Asturias","item":"https:\/\/www.eldigitaldeasturias.com\/noticias\/category\/actualidad-asturias\/","nextItem":{"@type":"ListItem","@id":"https:\/\/www.eldigitaldeasturias.com\/noticias\/ignacio-blanco-estamos-en-contra-de-la-imposicion-de-la-llingua\/#listItem","name":"Ignacio Blanco: \u201cEstamos en contra de la imposici\u00f3n de la llingua\u201d"},"previousItem":{"@type":"ListItem","@id":"https:\/\/www.eldigitaldeasturias.com\/noticias#listItem","name":"Home"}},{"@type":"ListItem","@id":"https:\/\/www.eldigitaldeasturias.com\/noticias\/ignacio-blanco-estamos-en-contra-de-la-imposicion-de-la-llingua\/#listItem","position":3,"name":"Ignacio Blanco: \u201cEstamos en contra de la imposici\u00f3n de la llingua\u201d","previousItem":{"@type":"ListItem","@id":"https:\/\/www.eldigitaldeasturias.com\/noticias\/category\/actualidad-asturias\/#listItem","name":"Actualidad Asturias"}}]},{"@type":"Organization","@id":"https:\/\/www.eldigitaldeasturias.com\/noticias\/#organization","name":"El Digital de Asturias","description":"Hemeroteca","url":"https:\/\/www.eldigitaldeasturias.com\/noticias\/","email":"info@eldigitaldeasturias.com","telephone":"+34652131393","logo":{"@type":"ImageObject","url":"https:\/\/www.eldigitaldeasturias.com\/noticias\/wp-content\/uploads\/2020\/12\/EDA.jpg","@id":"https:\/\/www.eldigitaldeasturias.com\/noticias\/ignacio-blanco-estamos-en-contra-de-la-imposicion-de-la-llingua\/#organizationLogo"},"image":{"@id":"https:\/\/www.eldigitaldeasturias.com\/noticias\/ignacio-blanco-estamos-en-contra-de-la-imposicion-de-la-llingua\/#organizationLogo"},"sameAs":["https:\/\/facebook.com\/eldigitaldeasturias","https:\/\/www.youtube.com\/channel\/UCZP-2wLEB9Rv6erhFmqVnvg"],"address":{"@id":"https:\/\/www.eldigitaldeasturias.com\/noticias\/#postaladdress","@type":"PostalAddress","streetAddress":"san antonio 4","postalCode":"33430","addressLocality":"Cand\u00e1s","addressRegion":"Asturias","addressCountry":"ES"}},{"@type":"Person","@id":"https:\/\/www.eldigitaldeasturias.com\/noticias\/author\/admin\/#author","url":"https:\/\/www.eldigitaldeasturias.com\/noticias\/author\/admin\/","name":"El Digital de Asturias","image":{"@type":"ImageObject","@id":"https:\/\/www.eldigitaldeasturias.com\/noticias\/ignacio-blanco-estamos-en-contra-de-la-imposicion-de-la-llingua\/#authorImage","url":"https:\/\/secure.gravatar.com\/avatar\/df2aeffc32bcd13f8d26072ef8a91b623d677766deac7f97ca815868cd41bf5e?s=96&d=mm&r=g","width":96,"height":96,"caption":"El Digital de Asturias"}},{"@type":"WebPage","@id":"https:\/\/www.eldigitaldeasturias.com\/noticias\/ignacio-blanco-estamos-en-contra-de-la-imposicion-de-la-llingua\/#webpage","url":"https:\/\/www.eldigitaldeasturias.com\/noticias\/ignacio-blanco-estamos-en-contra-de-la-imposicion-de-la-llingua\/","name":"Ignacio Blanco: \u201cEstamos en contra de la imposici\u00f3n de la llingua\u201d - El Digital de Asturias","description":"El presidente de VOX Asturias y portavoz del Grupo Parlamentario en la Junta General del Principado, Ignacio Blanco, ha ofrecido esta tarde la charla-coloquio..","inLanguage":"es-ES","isPartOf":{"@id":"https:\/\/www.eldigitaldeasturias.com\/noticias\/#website"},"breadcrumb":{"@id":"https:\/\/www.eldigitaldeasturias.com\/noticias\/ignacio-blanco-estamos-en-contra-de-la-imposicion-de-la-llingua\/#breadcrumblist"},"author":{"@id":"https:\/\/www.eldigitaldeasturias.com\/noticias\/author\/admin\/#author"},"creator":{"@id":"https:\/\/www.eldigitaldeasturias.com\/noticias\/author\/admin\/#author"},"image":{"@type":"ImageObject","url":"https:\/\/www.eldigitaldeasturias.com\/noticias\/wp-content\/uploads\/2026\/06\/Contenidos.jpg","@id":"https:\/\/www.eldigitaldeasturias.com\/noticias\/ignacio-blanco-estamos-en-contra-de-la-imposicion-de-la-llingua\/#mainImage","width":1265,"height":697,"caption":"Contenidos"},"primaryImageOfPage":{"@id":"https:\/\/www.eldigitaldeasturias.com\/noticias\/ignacio-blanco-estamos-en-contra-de-la-imposicion-de-la-llingua\/#mainImage"},"datePublished":"2021-05-24T20:23:45+02:00","dateModified":"2021-05-24T20:24:13+02:00"},{"@type":"WebSite","@id":"https:\/\/www.eldigitaldeasturias.com\/noticias\/#website","url":"https:\/\/www.eldigitaldeasturias.com\/noticias\/","name":"El Digital de Asturias - Diario de actualidad y noticias","alternateName":"El Digital de Asturias - Diario de actualidad y noticias","description":"Hemeroteca","inLanguage":"es-ES","publisher":{"@id":"https:\/\/www.eldigitaldeasturias.com\/noticias\/#organization"}}]},"og:locale":"es_ES","og:site_name":"El Digital de Asturias","og:type":"article","og:title":"Ignacio Blanco: \u201cEstamos en contra de la imposici\u00f3n de la llingua\u201d - El Digital de Asturias","og:description":"El presidente de VOX Asturias y portavoz del Grupo Parlamentario en la Junta General del Principado, Ignacio Blanco, ha ofrecido esta tarde la charla-coloquio..","og:url":"https:\/\/www.eldigitaldeasturias.com\/noticias\/ignacio-blanco-estamos-en-contra-de-la-imposicion-de-la-llingua\/","og:image":"https:\/\/www.eldigitaldeasturias.com\/noticias\/wp-content\/uploads\/2026\/06\/Contenidos.jpg","og:image:secure_url":"https:\/\/www.eldigitaldeasturias.com\/noticias\/wp-content\/uploads\/2026\/06\/Contenidos.jpg","og:image:width":1265,"og:image:height":697,"article:tag":["actualidad asturias"],"article:published_time":"2021-05-24T19:23:45+00:00","article:modified_time":"2021-05-24T19:24:13+00:00","article:publisher":"https:\/\/facebook.com\/eldigitaldeasturias","twitter:card":"summary_large_image","twitter:title":"Ignacio Blanco: \u201cEstamos en contra de la imposici\u00f3n de la llingua\u201d - El Digital de Asturias","twitter:description":"El presidente de VOX Asturias y portavoz del Grupo Parlamentario en la Junta General del Principado, Ignacio Blanco, ha ofrecido esta tarde la charla-coloquio..","twitter:image":"https:\/\/www.eldigitaldeasturias.com\/noticias\/wp-content\/uploads\/2026\/06\/Contenidos.jpg","twitter:label1":"Escrito por","twitter:data1":"El Digital de Asturias","twitter:label2":"Tiempo de lectura estimado","twitter:data2":"4 minutos"},"aioseo_meta_data":{"post_id":"1092270","title":null,"description":"El presidente de VOX Asturias y portavoz del Grupo Parlamentario en la Junta General del Principado, Ignacio Blanco, ha ofrecido esta tarde la charla-coloquio..","keywords":[],"keyphrases":{"focus":[],"additional":[]},"primary_term":null,"canonical_url":null,"og_title":null,"og_description":null,"og_object_type":"default","og_image_type":"default","og_image_url":null,"og_image_width":null,"og_image_height":null,"og_image_custom_url":null,"og_image_custom_fields":null,"og_video":"","og_custom_url":null,"og_article_section":null,"og_article_tags":[],"twitter_use_og":false,"twitter_card":"default","twitter_image_type":"default","twitter_image_url":null,"twitter_image_custom_url":null,"twitter_image_custom_fields":null,"twitter_title":null,"twitter_description":null,"schema":{"blockGraphs":[],"customGraphs":[],"default":{"data":{"Article":[],"Course":[],"Dataset":[],"FAQPage":[],"Movie":[],"Person":[],"Product":[],"ProductReview":[],"Car":[],"Recipe":[],"Service":[],"SoftwareApplication":[],"WebPage":[]},"graphName":"","isEnabled":true},"graphs":[],"defaultGraph":"Article","defaultPostTypeGraph":""},"schema_type":"default","schema_type_options":"{\"article\":{\"articleType\":\"BlogPosting\"},\"course\":{\"name\":\"\",\"description\":\"\",\"provider\":\"\"},\"faq\":{\"pages\":[]},\"product\":{\"reviews\":[]},\"recipe\":{\"ingredients\":[],\"instructions\":[],\"keywords\":[]},\"software\":{\"reviews\":[],\"operatingSystems\":[]},\"webPage\":{\"webPageType\":\"WebPage\"}}","pillar_content":false,"robots_default":true,"robots_noindex":false,"robots_noarchive":false,"robots_nosnippet":false,"robots_nofollow":false,"robots_noimageindex":false,"robots_noodp":false,"robots_notranslate":false,"robots_max_snippet":"-1","robots_max_videopreview":"-1","robots_max_imagepreview":"large","priority":null,"frequency":"default","local_seo":{"locations":{"business":{"name":"","businessType":"","image":"","areaServed":"","urls":{"website":"","aboutPage":"","contactPage":""},"address":{"streetLine1":"","streetLine2":"","zipCode":"","city":"","state":"","country":"","addressFormat":"#streetLineOne\n#streetLineTwo\n#city, #state #zipCode"},"contact":{"email":"","phone":"","phoneFormatted":"","fax":"","faxFormatted":""},"ids":{"vat":"","tax":"","chamberOfCommerce":""},"payment":{"priceRange":"","currenciesAccepted":"","methods":""}}},"openingHours":{"useDefaults":true,"show":true,"alwaysOpen":false,"use24hFormat":false,"timezone":"","labels":{"closed":"","alwaysOpen":""},"days":{"monday":{"open24h":false,"closed":false,"openTime":"09:00","closeTime":"17:00"},"tuesday":{"open24h":false,"closed":false,"openTime":"09:00","closeTime":"17:00"},"wednesday":{"open24h":false,"closed":false,"openTime":"09:00","closeTime":"17:00"},"thursday":{"open24h":false,"closed":false,"openTime":"09:00","closeTime":"17:00"},"friday":{"open24h":false,"closed":false,"openTime":"09:00","closeTime":"17:00"},"saturday":{"open24h":false,"closed":false,"openTime":"09:00","closeTime":"17:00"},"sunday":{"open24h":false,"closed":false,"openTime":"09:00","closeTime":"17:00"}}}},"seo_analyzer_scan_date":"2026-07-18 04:13:24","breadcrumb_settings":null,"limit_modified_date":false,"open_ai":null,"ai":null,"created":"2021-05-24 19:20:23","updated":"2026-07-18 04:13:24","focus_keyword":null,"additional_keywords":null,"truseo_locale":null},"aioseo_breadcrumb":"<div class=\"aioseo-breadcrumbs\"><span class=\"aioseo-breadcrumb\">\n\t<a href=\"https:\/\/www.eldigitaldeasturias.com\/noticias\" title=\"Home\">Home<\/a>\n<\/span><span class=\"aioseo-breadcrumb-separator\">\u2013<\/span><span class=\"aioseo-breadcrumb\">\n\t<a href=\"https:\/\/www.eldigitaldeasturias.com\/noticias\/category\/actualidad-asturias\/\" title=\"Actualidad Asturias\">Actualidad Asturias<\/a>\n<\/span><span class=\"aioseo-breadcrumb-separator\">\u2013<\/span><span class=\"aioseo-breadcrumb\">\n\t<a href=\"https:\/\/www.eldigitaldeasturias.com\/noticias\/ignacio-blanco-estamos-en-contra-de-la-imposicion-de-la-llingua\/\" title=\"Ignacio Blanco: \u201cEstamos en contra de la imposici\u00f3n de la llingua\u201d\">Ignacio Blanco: \u201cEstamos en contra de la imposici\u00f3n de la llingua\u201d<\/a>\n<\/span><\/div>","aioseo_breadcrumb_json":[{"label":"Home","link":"https:\/\/www.eldigitaldeasturias.com\/noticias"},{"label":"Actualidad Asturias","link":"https:\/\/www.eldigitaldeasturias.com\/noticias\/category\/actualidad-asturias\/"},{"label":"Ignacio Blanco: \u201cEstamos en contra de la imposici\u00f3n de la llingua\u201d","link":"https:\/\/www.eldigitaldeasturias.com\/noticias\/ignacio-blanco-estamos-en-contra-de-la-imposicion-de-la-llingua\/"}],"_links":{"self":[{"href":"https:\/\/www.eldigitaldeasturias.com\/noticias\/wp-json\/wp\/v2\/posts\/1092270","targetHints":{"allow":["GET"]}}],"collection":[{"href":"https:\/\/www.eldigitaldeasturias.com\/noticias\/wp-json\/wp\/v2\/posts"}],"about":[{"href":"https:\/\/www.eldigitaldeasturias.com\/noticias\/wp-json\/wp\/v2\/types\/post"}],"author":[{"embeddable":true,"href":"https:\/\/www.eldigitaldeasturias.com\/noticias\/wp-json\/wp\/v2\/users\/1"}],"replies":[{"embeddable":true,"href":"https:\/\/www.eldigitaldeasturias.com\/noticias\/wp-json\/wp\/v2\/comments?post=1092270"}],"version-history":[{"count":0,"href":"https:\/\/www.eldigitaldeasturias.com\/noticias\/wp-json\/wp\/v2\/posts\/1092270\/revisions"}],"wp:featuredmedia":[{"embeddable":true,"href":"https:\/\/www.eldigitaldeasturias.com\/noticias\/wp-json\/wp\/v2\/media\/1132184"}],"wp:attachment":[{"href":"https:\/\/www.eldigitaldeasturias.com\/noticias\/wp-json\/wp\/v2\/media?parent=1092270"}],"wp:term":[{"taxonomy":"category","embeddable":true,"href":"https:\/\/www.eldigitaldeasturias.com\/noticias\/wp-json\/wp\/v2\/categories?post=1092270"},{"taxonomy":"post_tag","embeddable":true,"href":"https:\/\/www.eldigitaldeasturias.com\/noticias\/wp-json\/wp\/v2\/tags?post=1092270"}],"curies":[{"name":"wp","href":"https:\/\/api.w.org\/{rel}","templated":true}]}}