{"id":1092264,"date":"2021-05-24T18:28:56","date_gmt":"2021-05-24T17:28:56","guid":{"rendered":"https:\/\/www.eldigitaldeasturias.com\/noticias\/?p=1092264"},"modified":"2021-05-24T18:28:56","modified_gmt":"2021-05-24T17:28:56","slug":"con-la-llegada-del-verano-aumenta-el-trabajo-en-los-campos-huertos-y-jardines","status":"publish","type":"post","link":"https:\/\/www.eldigitaldeasturias.com\/noticias\/con-la-llegada-del-verano-aumenta-el-trabajo-en-los-campos-huertos-y-jardines\/","title":{"rendered":"Con la llegada del verano aumenta el trabajo en los campos, huertos y jardines"},"content":{"rendered":"<p><img loading=\"lazy\" decoding=\"async\" class=\"alignleft size-medium wp-image-1092265\" src=\"https:\/\/www.eldigitaldeasturias.com\/noticias\/wp-content\/uploads\/2021\/05\/Herramientas-para-el-jardin-360x241.jpg\" alt=\"\" width=\"360\" height=\"241\" \/>El verano y la subida de las temperaturas hace que los cuidados de espacios exteriores, ya sean campos, huertos o jardines, aumente. Se necesita un riego m\u00e1s intensivo, cortar el c\u00e9sped, podar\u2026 Las herramientas y maquinaria destinadas a estas labores son de gran ayuda para que estas tareas no se vuelvan una carga excesiva y puedan optimizarse ahorrando tiempo y esfuerzo<\/p>\n<p>Con la llegada del buen tiempo no solo los profesionales del campo ven incrementado su volumen de trabajo, <strong>los afortunados propietarios de jardines o huertos tambi\u00e9n tienen m\u00e1s trabajo que nunca<\/strong>, mantener el riego en buen funcionamiento, cortar el c\u00e9sped, quitar las hierbas, podar&#8230; las labores de los espacios exteriores se intensifican y las altas temperaturas hacen que sean m\u00e1s duras. Sin embargo, <strong>contar con las herramientas y la maquinaria adecuada hace que todo sea mucho m\u00e1s f\u00e1cil<\/strong>.<\/p>\n<p>Por todos es sabido que una buena herramienta, cuidada adecuadamente, dura toda la vida. Son los \u00fatiles dise\u00f1ados y creados para hacer mucho m\u00e1s f\u00e1cil las labores manuales que necesitan las plantas y la tierra las que facilitan enormemente estos trabajos que pueden llegar a ser un castigo sobre todo en verano.<\/p>\n<p>Si se posee un campo para el cultivo, un terreno ajardinado o dedicado a huerto <strong>invertir en herramientas de calidad <\/strong>no es solo una excelente opci\u00f3n,sino que es de obligado cumplimiento<strong>.<\/strong> En Internet es muy f\u00e1cil <strong>comprar todo tipo de herramientas<\/strong>, pero solo la experiencia de un especialista en <span style=\"color: #ff6600;\"><a style=\"color: #ff6600;\" href=\"https:\/\/www.agrosolucionesab.es\/\" target=\"_blank\" rel=\"noopener\"><strong>recambios agr\u00edcolas<\/strong><\/a><\/span> ofrecer\u00e1 la tranquilidad de saber que se est\u00e1 comprando lo correcto, tanto por <strong>funcionalidad como por calidad y garant\u00eda<\/strong>.<\/p>\n<h2><strong>Herramientas pr\u00e1cticas para el jard\u00edn<\/strong><\/h2>\n<p>Mantener un jard\u00edn cuidado y bonito, con una apariencia est\u00e9tica agradable, requiere de herramientas de poda, cortac\u00e9sped en caso de tener alguna extensi\u00f3n de c\u00e9sped, aspersores y riego por goteo\u2026 Son muchos los elementos \u00fatiles que ahorran tiempo y trabajo, facilitando la <strong>creaci\u00f3n de los ambientes naturales deseados<\/strong>.<\/p>\n<h3><strong>Utensilios de poda<\/strong><\/h3>\n<p>Podar setos, arbustos, plantas y \u00e1rboles es un trabajo esencial para que el jard\u00edn tenga siempre un buen aspecto. Elegir buenos utensilios para podar es por tanto imprescindible.<\/p>\n<h3><strong>Tijeras de poda: la herramienta esencial de cualquier jardinero<\/strong><\/h3>\n<p>A ning\u00fan jardinero le pueden faltar unas <strong>buenas tijeras para podar<\/strong> tallos finos y de grosor medio. Hay dos tipos esenciales, las de una mano para cortar tallos peque\u00f1os y las de dos manos para cortar peque\u00f1as ramas m\u00e1s gruesas.<\/p>\n<p>Para que el trabajo sea menos costoso, <strong>hay que asegurarse que las tijeras de poda est\u00e9n siempre bien afiladas<\/strong>, esto lograr\u00e1 que se ahorre un esfuerzo excesivo en cada corte. Las hojas de acero endurecido permanecen afiladas por m\u00e1s tiempo, por lo que necesitan menos mantenimiento.<\/p>\n<h3><strong>Corta c\u00e9sped<\/strong><\/h3>\n<p>Se trata de una <strong>herramienta indispensable para cualquiera que cuente con un jard\u00edn con c\u00e9sped<\/strong>. Puede ser manual, pero si la extensi\u00f3n es considerable, se recomienda el\u00e9ctrico o de gasolina para que el esfuerzo sea menor, as\u00ed como el tiempo invertido. Es posible encontrarlos adaptados para ser pilotado a modo de peque\u00f1o veh\u00edculo, utilizado para cortar el c\u00e9sped en grandes espacios de terreno.<\/p>\n<h3><strong>Sistemas de riego<\/strong><\/h3>\n<p>Es habitual contar con <strong>mangueras para regar<\/strong> determinadas zonas del jard\u00edn o espacios peque\u00f1os. Sin embargo, cuando el jard\u00edn tiene un tama\u00f1o medio o se tienen muchas macetas y \u00e1rboles para regar, lo mejor es optar por <strong>sistemas automatizados de goteo<\/strong>.<\/p>\n<p>Los <strong>aspersores <\/strong>son una buena elecci\u00f3n para regar determinadas \u00e1reas, y la instalaci\u00f3n de <strong>riego por goteo <\/strong>es muy eficaz para ahorrar agua y regar zonas espec\u00edficas, como \u00e1rboles, plantas, macetas, arriates\u2026<\/p>\n<h2><strong>Herramientas esenciales para el huerto<\/strong><\/h2>\n<p>Tener un peque\u00f1o huerto y poder cosechar verduras y hortalizas es todo un lujo. Degustar estos alimentos con todo su sabor original, sin utilizar productos qu\u00edmicos en su cultivo, un verdadero placer. Estas son alagunas <strong>herramientas b\u00e1sicas para llevar a cabo las tareas del huerto. <\/strong><\/p>\n<h3><strong>Pala<\/strong><\/h3>\n<p>Es una <strong>herramienta b\u00e1sica<\/strong> que puede ser de una mano o de dos manos, redonda o cuadrada. Se utiliza para hacer movimientos en la tierra, transportar abono, labrar el suelo, realizar trasplantes\u2026<\/p>\n<h3><strong>Rastrillo<\/strong><\/h3>\n<p>El rastrillo permite deshacerse de esos terrenos duros y nivelar el suelo del cultivo, pero sobre todo <strong>quitar las malas yerbas y dejar el suelo listo para plantar<\/strong>. Un mango largo y de acero inoxidable es una gran ayuda para que la espalda del hortelano sufra algo menos.<\/p>\n<h3><strong>Tijeras de podar<\/strong><\/h3>\n<p>Al igual que en el caso del jard\u00edn, se trata de una herramienta imprescindible. Sirven para <strong>eliminar las ramas y los brotes que sobran<\/strong>, algo necesario que influye en el crecimiento de las plantas. Son igualmente \u00fatiles a la hora de <strong>cosechar o recolectar<\/strong>, para no tener que tirar de la planta y da\u00f1arla.<\/p>\n<h3><strong>Azada<\/strong><\/h3>\n<p>Al igual que ocurre con la pala, existen <strong>diferentes tipos de azadas que ayudan a romper la tierra, escardar o eliminar plantas que no interesan<\/strong>. Dependiendo de la utilidad que se le quiera dar, habr\u00e1 que elegir entre un tipo u otro.<\/p>\n<h3><strong>Riego por goteo<\/strong><\/h3>\n<p>Es <strong>la mejor forma de que el huerto tenga siempre la cantidad exacta de agua que necesita<\/strong>, adaptado a cada tipo, pues no necesitan la misma cantidad, los pimientos, los tomates, los calabacines o las berenjenas, por poner solo unos ejemplos. Adem\u00e1s, al estar al ras del suelo, la p\u00e9rdida de humedad es menor.<\/p>\n<h3><strong>Guantes<\/strong><\/h3>\n<p>Aunque los guantes no son herramientas propiamente dichas, son esenciales a la hora de realizar labores de huerto o jard\u00edn y <strong>no sufrir da\u00f1os en las manos<\/strong>. Deben quedar lo suficientemente ajustados para que no se salgan, permitiendo total libertad de movimiento al manipular las herramientas.<\/p>\n<p>&nbsp;<\/p>\n","protected":false},"excerpt":{"rendered":"<p>El verano y la subida de las temperaturas hace que los cuidados de espacios exteriores, ya sean campos, huertos o jardines, aumente. Se necesita un riego m\u00e1s intensivo, cortar el c\u00e9sped, podar\u2026 Las herramientas y maquinaria destinadas a estas labores son de gran ayuda para que estas tareas no se vuelvan una carga excesiva y [&hellip;]<\/p>\n","protected":false},"author":1,"featured_media":1132184,"comment_status":"closed","ping_status":"closed","sticky":false,"template":"","format":"standard","meta":{"footnotes":""},"categories":[28],"tags":[],"class_list":["post-1092264","post","type-post","status-publish","format-standard","has-post-thumbnail","hentry","category-sociedad"],"aioseo_notices":[],"aioseo_head":"\n\t\t<!-- All in One SEO Pro 5.0.1 - aioseo.com -->\n\t<meta name=\"description\" content=\"Mantener un jard\u00edn cuidado y bonito, con una apariencia est\u00e9tica agradable, requiere de herramientas de poda, cortac\u00e9sped en caso de tener alguna extensi\u00f3n de..\" \/>\n\t<meta name=\"robots\" content=\"max-image-preview:large\" \/>\n\t<meta name=\"author\" content=\"El Digital de Asturias\"\/>\n\t<meta name=\"google-site-verification\" content=\"UA-38556648-1\" \/>\n\t<meta name=\"msvalidate.01\" content=\"7dfe9f3f1b24437ab69f4f2559babe99\" \/>\n\t<meta name=\"keywords\" content=\"sociedad\" \/>\n\t<link rel=\"canonical\" href=\"https:\/\/www.eldigitaldeasturias.com\/noticias\/con-la-llegada-del-verano-aumenta-el-trabajo-en-los-campos-huertos-y-jardines\/\" \/>\n\t<meta name=\"generator\" content=\"All in One SEO Pro (AIOSEO) 5.0.1\" \/>\n\t\t<meta property=\"og:locale\" content=\"es_ES\" \/>\n\t\t<meta property=\"og:site_name\" content=\"El Digital de Asturias\" \/>\n\t\t<meta property=\"og:type\" content=\"article\" \/>\n\t\t<meta property=\"og:title\" content=\"Con la llegada del verano aumenta el trabajo en los campos, huertos y jardines - El Digital de Asturias\" \/>\n\t\t<meta property=\"og:description\" content=\"Mantener un jard\u00edn cuidado y bonito, con una apariencia est\u00e9tica agradable, requiere de herramientas de poda, cortac\u00e9sped en caso de tener alguna extensi\u00f3n de..\" \/>\n\t\t<meta property=\"og:url\" content=\"https:\/\/www.eldigitaldeasturias.com\/noticias\/con-la-llegada-del-verano-aumenta-el-trabajo-en-los-campos-huertos-y-jardines\/\" \/>\n\t\t<meta property=\"og:image\" content=\"https:\/\/www.eldigitaldeasturias.com\/noticias\/wp-content\/uploads\/2026\/06\/Contenidos.jpg\" \/>\n\t\t<meta property=\"og:image:secure_url\" content=\"https:\/\/www.eldigitaldeasturias.com\/noticias\/wp-content\/uploads\/2026\/06\/Contenidos.jpg\" \/>\n\t\t<meta property=\"og:image:width\" content=\"1265\" \/>\n\t\t<meta property=\"og:image:height\" content=\"697\" \/>\n\t\t<meta property=\"article:tag\" content=\"sociedad\" \/>\n\t\t<meta property=\"article:published_time\" content=\"2021-05-24T17:28:56+00:00\" \/>\n\t\t<meta property=\"article:modified_time\" content=\"2021-05-24T17:28:56+00:00\" \/>\n\t\t<meta property=\"article:publisher\" content=\"https:\/\/facebook.com\/eldigitaldeasturias\" \/>\n\t\t<meta name=\"twitter:card\" content=\"summary_large_image\" \/>\n\t\t<meta name=\"twitter:title\" content=\"Con la llegada del verano aumenta el trabajo en los campos, huertos y jardines - El Digital de Asturias\" \/>\n\t\t<meta name=\"twitter:description\" content=\"Mantener un jard\u00edn cuidado y bonito, con una apariencia est\u00e9tica agradable, requiere de herramientas de poda, cortac\u00e9sped en caso de tener alguna extensi\u00f3n de..\" \/>\n\t\t<meta name=\"twitter:image\" content=\"https:\/\/www.eldigitaldeasturias.com\/noticias\/wp-content\/uploads\/2026\/06\/Contenidos.jpg\" \/>\n\t\t<meta name=\"twitter:label1\" content=\"Escrito por\" \/>\n\t\t<meta name=\"twitter:data1\" content=\"El Digital de Asturias\" \/>\n\t\t<meta name=\"twitter:label2\" content=\"Tiempo de lectura estimado\" \/>\n\t\t<meta name=\"twitter:data2\" content=\"5 minutos\" \/>\n\t\t<script type=\"application\/ld+json\" class=\"aioseo-schema\">\n\t\t\t{\"@context\":\"https:\\\/\\\/schema.org\",\"@graph\":[{\"@type\":\"BlogPosting\",\"@id\":\"https:\\\/\\\/www.eldigitaldeasturias.com\\\/noticias\\\/con-la-llegada-del-verano-aumenta-el-trabajo-en-los-campos-huertos-y-jardines\\\/#blogposting\",\"name\":\"Con la llegada del verano aumenta el trabajo en los campos, huertos y jardines - El Digital de Asturias\",\"headline\":\"Con la llegada del verano aumenta el trabajo en los campos, huertos y jardines\",\"author\":{\"@id\":\"https:\\\/\\\/www.eldigitaldeasturias.com\\\/noticias\\\/author\\\/admin\\\/#author\"},\"publisher\":{\"@id\":\"https:\\\/\\\/www.eldigitaldeasturias.com\\\/noticias\\\/#organization\"},\"image\":{\"@type\":\"ImageObject\",\"url\":\"https:\\\/\\\/www.eldigitaldeasturias.com\\\/noticias\\\/wp-content\\\/uploads\\\/2026\\\/06\\\/Contenidos.jpg\",\"width\":1265,\"height\":697,\"caption\":\"Contenidos\"},\"datePublished\":\"2021-05-24T18:28:56+02:00\",\"dateModified\":\"2021-05-24T18:28:56+02:00\",\"inLanguage\":\"es-ES\",\"mainEntityOfPage\":{\"@id\":\"https:\\\/\\\/www.eldigitaldeasturias.com\\\/noticias\\\/con-la-llegada-del-verano-aumenta-el-trabajo-en-los-campos-huertos-y-jardines\\\/#webpage\"},\"isPartOf\":{\"@id\":\"https:\\\/\\\/www.eldigitaldeasturias.com\\\/noticias\\\/con-la-llegada-del-verano-aumenta-el-trabajo-en-los-campos-huertos-y-jardines\\\/#webpage\"},\"articleSection\":\"Sociedad\"},{\"@type\":\"BreadcrumbList\",\"@id\":\"https:\\\/\\\/www.eldigitaldeasturias.com\\\/noticias\\\/con-la-llegada-del-verano-aumenta-el-trabajo-en-los-campos-huertos-y-jardines\\\/#breadcrumblist\",\"itemListElement\":[{\"@type\":\"ListItem\",\"@id\":\"https:\\\/\\\/www.eldigitaldeasturias.com\\\/noticias#listItem\",\"position\":1,\"name\":\"Home\",\"item\":\"https:\\\/\\\/www.eldigitaldeasturias.com\\\/noticias\",\"nextItem\":{\"@type\":\"ListItem\",\"@id\":\"https:\\\/\\\/www.eldigitaldeasturias.com\\\/noticias\\\/category\\\/sociedad\\\/#listItem\",\"name\":\"Sociedad\"}},{\"@type\":\"ListItem\",\"@id\":\"https:\\\/\\\/www.eldigitaldeasturias.com\\\/noticias\\\/category\\\/sociedad\\\/#listItem\",\"position\":2,\"name\":\"Sociedad\",\"item\":\"https:\\\/\\\/www.eldigitaldeasturias.com\\\/noticias\\\/category\\\/sociedad\\\/\",\"nextItem\":{\"@type\":\"ListItem\",\"@id\":\"https:\\\/\\\/www.eldigitaldeasturias.com\\\/noticias\\\/con-la-llegada-del-verano-aumenta-el-trabajo-en-los-campos-huertos-y-jardines\\\/#listItem\",\"name\":\"Con la llegada del verano aumenta el trabajo en los campos, huertos y jardines\"},\"previousItem\":{\"@type\":\"ListItem\",\"@id\":\"https:\\\/\\\/www.eldigitaldeasturias.com\\\/noticias#listItem\",\"name\":\"Home\"}},{\"@type\":\"ListItem\",\"@id\":\"https:\\\/\\\/www.eldigitaldeasturias.com\\\/noticias\\\/con-la-llegada-del-verano-aumenta-el-trabajo-en-los-campos-huertos-y-jardines\\\/#listItem\",\"position\":3,\"name\":\"Con la llegada del verano aumenta el trabajo en los campos, huertos y jardines\",\"previousItem\":{\"@type\":\"ListItem\",\"@id\":\"https:\\\/\\\/www.eldigitaldeasturias.com\\\/noticias\\\/category\\\/sociedad\\\/#listItem\",\"name\":\"Sociedad\"}}]},{\"@type\":\"Organization\",\"@id\":\"https:\\\/\\\/www.eldigitaldeasturias.com\\\/noticias\\\/#organization\",\"name\":\"El Digital de Asturias\",\"description\":\"Hemeroteca\",\"url\":\"https:\\\/\\\/www.eldigitaldeasturias.com\\\/noticias\\\/\",\"email\":\"info@eldigitaldeasturias.com\",\"telephone\":\"+34652131393\",\"logo\":{\"@type\":\"ImageObject\",\"url\":\"https:\\\/\\\/www.eldigitaldeasturias.com\\\/noticias\\\/wp-content\\\/uploads\\\/2020\\\/12\\\/EDA.jpg\",\"@id\":\"https:\\\/\\\/www.eldigitaldeasturias.com\\\/noticias\\\/con-la-llegada-del-verano-aumenta-el-trabajo-en-los-campos-huertos-y-jardines\\\/#organizationLogo\"},\"image\":{\"@id\":\"https:\\\/\\\/www.eldigitaldeasturias.com\\\/noticias\\\/con-la-llegada-del-verano-aumenta-el-trabajo-en-los-campos-huertos-y-jardines\\\/#organizationLogo\"},\"sameAs\":[\"https:\\\/\\\/facebook.com\\\/eldigitaldeasturias\",\"https:\\\/\\\/www.youtube.com\\\/channel\\\/UCZP-2wLEB9Rv6erhFmqVnvg\"],\"address\":{\"@id\":\"https:\\\/\\\/www.eldigitaldeasturias.com\\\/noticias\\\/#postaladdress\",\"@type\":\"PostalAddress\",\"streetAddress\":\"san antonio 4\",\"postalCode\":\"33430\",\"addressLocality\":\"Cand\\u00e1s\",\"addressRegion\":\"Asturias\",\"addressCountry\":\"ES\"}},{\"@type\":\"Person\",\"@id\":\"https:\\\/\\\/www.eldigitaldeasturias.com\\\/noticias\\\/author\\\/admin\\\/#author\",\"url\":\"https:\\\/\\\/www.eldigitaldeasturias.com\\\/noticias\\\/author\\\/admin\\\/\",\"name\":\"El Digital de Asturias\",\"image\":{\"@type\":\"ImageObject\",\"@id\":\"https:\\\/\\\/www.eldigitaldeasturias.com\\\/noticias\\\/con-la-llegada-del-verano-aumenta-el-trabajo-en-los-campos-huertos-y-jardines\\\/#authorImage\",\"url\":\"https:\\\/\\\/secure.gravatar.com\\\/avatar\\\/df2aeffc32bcd13f8d26072ef8a91b623d677766deac7f97ca815868cd41bf5e?s=96&d=mm&r=g\",\"width\":96,\"height\":96,\"caption\":\"El Digital de Asturias\"}},{\"@type\":\"WebPage\",\"@id\":\"https:\\\/\\\/www.eldigitaldeasturias.com\\\/noticias\\\/con-la-llegada-del-verano-aumenta-el-trabajo-en-los-campos-huertos-y-jardines\\\/#webpage\",\"url\":\"https:\\\/\\\/www.eldigitaldeasturias.com\\\/noticias\\\/con-la-llegada-del-verano-aumenta-el-trabajo-en-los-campos-huertos-y-jardines\\\/\",\"name\":\"Con la llegada del verano aumenta el trabajo en los campos, huertos y jardines - El Digital de Asturias\",\"description\":\"Mantener un jard\\u00edn cuidado y bonito, con una apariencia est\\u00e9tica agradable, requiere de herramientas de poda, cortac\\u00e9sped en caso de tener alguna extensi\\u00f3n de..\",\"inLanguage\":\"es-ES\",\"isPartOf\":{\"@id\":\"https:\\\/\\\/www.eldigitaldeasturias.com\\\/noticias\\\/#website\"},\"breadcrumb\":{\"@id\":\"https:\\\/\\\/www.eldigitaldeasturias.com\\\/noticias\\\/con-la-llegada-del-verano-aumenta-el-trabajo-en-los-campos-huertos-y-jardines\\\/#breadcrumblist\"},\"author\":{\"@id\":\"https:\\\/\\\/www.eldigitaldeasturias.com\\\/noticias\\\/author\\\/admin\\\/#author\"},\"creator\":{\"@id\":\"https:\\\/\\\/www.eldigitaldeasturias.com\\\/noticias\\\/author\\\/admin\\\/#author\"},\"image\":{\"@type\":\"ImageObject\",\"url\":\"https:\\\/\\\/www.eldigitaldeasturias.com\\\/noticias\\\/wp-content\\\/uploads\\\/2026\\\/06\\\/Contenidos.jpg\",\"@id\":\"https:\\\/\\\/www.eldigitaldeasturias.com\\\/noticias\\\/con-la-llegada-del-verano-aumenta-el-trabajo-en-los-campos-huertos-y-jardines\\\/#mainImage\",\"width\":1265,\"height\":697,\"caption\":\"Contenidos\"},\"primaryImageOfPage\":{\"@id\":\"https:\\\/\\\/www.eldigitaldeasturias.com\\\/noticias\\\/con-la-llegada-del-verano-aumenta-el-trabajo-en-los-campos-huertos-y-jardines\\\/#mainImage\"},\"datePublished\":\"2021-05-24T18:28:56+02:00\",\"dateModified\":\"2021-05-24T18:28:56+02:00\"},{\"@type\":\"WebSite\",\"@id\":\"https:\\\/\\\/www.eldigitaldeasturias.com\\\/noticias\\\/#website\",\"url\":\"https:\\\/\\\/www.eldigitaldeasturias.com\\\/noticias\\\/\",\"name\":\"El Digital de Asturias - Diario de actualidad y noticias\",\"alternateName\":\"El Digital de Asturias - Diario de actualidad y noticias\",\"description\":\"Hemeroteca\",\"inLanguage\":\"es-ES\",\"publisher\":{\"@id\":\"https:\\\/\\\/www.eldigitaldeasturias.com\\\/noticias\\\/#organization\"}}]}\n\t\t<\/script>\n\t\t<!-- All in One SEO Pro -->\r\n\t\t<title>Con la llegada del verano aumenta el trabajo en los campos, huertos y jardines - El Digital de Asturias<\/title>\n\n","aioseo_head_json":{"title":"Con la llegada del verano aumenta el trabajo en los campos, huertos y jardines - El Digital de Asturias","description":"Mantener un jard\u00edn cuidado y bonito, con una apariencia est\u00e9tica agradable, requiere de herramientas de poda, cortac\u00e9sped en caso de tener alguna extensi\u00f3n de..","canonical_url":"https:\/\/www.eldigitaldeasturias.com\/noticias\/con-la-llegada-del-verano-aumenta-el-trabajo-en-los-campos-huertos-y-jardines\/","robots":"max-image-preview:large","keywords":"sociedad","webmasterTools":{"google-site-verification":"UA-38556648-1","msvalidate.01":"7dfe9f3f1b24437ab69f4f2559babe99","miscellaneous":""},"schema":{"@context":"https:\/\/schema.org","@graph":[{"@type":"BlogPosting","@id":"https:\/\/www.eldigitaldeasturias.com\/noticias\/con-la-llegada-del-verano-aumenta-el-trabajo-en-los-campos-huertos-y-jardines\/#blogposting","name":"Con la llegada del verano aumenta el trabajo en los campos, huertos y jardines - El Digital de Asturias","headline":"Con la llegada del verano aumenta el trabajo en los campos, huertos y jardines","author":{"@id":"https:\/\/www.eldigitaldeasturias.com\/noticias\/author\/admin\/#author"},"publisher":{"@id":"https:\/\/www.eldigitaldeasturias.com\/noticias\/#organization"},"image":{"@type":"ImageObject","url":"https:\/\/www.eldigitaldeasturias.com\/noticias\/wp-content\/uploads\/2026\/06\/Contenidos.jpg","width":1265,"height":697,"caption":"Contenidos"},"datePublished":"2021-05-24T18:28:56+02:00","dateModified":"2021-05-24T18:28:56+02:00","inLanguage":"es-ES","mainEntityOfPage":{"@id":"https:\/\/www.eldigitaldeasturias.com\/noticias\/con-la-llegada-del-verano-aumenta-el-trabajo-en-los-campos-huertos-y-jardines\/#webpage"},"isPartOf":{"@id":"https:\/\/www.eldigitaldeasturias.com\/noticias\/con-la-llegada-del-verano-aumenta-el-trabajo-en-los-campos-huertos-y-jardines\/#webpage"},"articleSection":"Sociedad"},{"@type":"BreadcrumbList","@id":"https:\/\/www.eldigitaldeasturias.com\/noticias\/con-la-llegada-del-verano-aumenta-el-trabajo-en-los-campos-huertos-y-jardines\/#breadcrumblist","itemListElement":[{"@type":"ListItem","@id":"https:\/\/www.eldigitaldeasturias.com\/noticias#listItem","position":1,"name":"Home","item":"https:\/\/www.eldigitaldeasturias.com\/noticias","nextItem":{"@type":"ListItem","@id":"https:\/\/www.eldigitaldeasturias.com\/noticias\/category\/sociedad\/#listItem","name":"Sociedad"}},{"@type":"ListItem","@id":"https:\/\/www.eldigitaldeasturias.com\/noticias\/category\/sociedad\/#listItem","position":2,"name":"Sociedad","item":"https:\/\/www.eldigitaldeasturias.com\/noticias\/category\/sociedad\/","nextItem":{"@type":"ListItem","@id":"https:\/\/www.eldigitaldeasturias.com\/noticias\/con-la-llegada-del-verano-aumenta-el-trabajo-en-los-campos-huertos-y-jardines\/#listItem","name":"Con la llegada del verano aumenta el trabajo en los campos, huertos y jardines"},"previousItem":{"@type":"ListItem","@id":"https:\/\/www.eldigitaldeasturias.com\/noticias#listItem","name":"Home"}},{"@type":"ListItem","@id":"https:\/\/www.eldigitaldeasturias.com\/noticias\/con-la-llegada-del-verano-aumenta-el-trabajo-en-los-campos-huertos-y-jardines\/#listItem","position":3,"name":"Con la llegada del verano aumenta el trabajo en los campos, huertos y jardines","previousItem":{"@type":"ListItem","@id":"https:\/\/www.eldigitaldeasturias.com\/noticias\/category\/sociedad\/#listItem","name":"Sociedad"}}]},{"@type":"Organization","@id":"https:\/\/www.eldigitaldeasturias.com\/noticias\/#organization","name":"El Digital de Asturias","description":"Hemeroteca","url":"https:\/\/www.eldigitaldeasturias.com\/noticias\/","email":"info@eldigitaldeasturias.com","telephone":"+34652131393","logo":{"@type":"ImageObject","url":"https:\/\/www.eldigitaldeasturias.com\/noticias\/wp-content\/uploads\/2020\/12\/EDA.jpg","@id":"https:\/\/www.eldigitaldeasturias.com\/noticias\/con-la-llegada-del-verano-aumenta-el-trabajo-en-los-campos-huertos-y-jardines\/#organizationLogo"},"image":{"@id":"https:\/\/www.eldigitaldeasturias.com\/noticias\/con-la-llegada-del-verano-aumenta-el-trabajo-en-los-campos-huertos-y-jardines\/#organizationLogo"},"sameAs":["https:\/\/facebook.com\/eldigitaldeasturias","https:\/\/www.youtube.com\/channel\/UCZP-2wLEB9Rv6erhFmqVnvg"],"address":{"@id":"https:\/\/www.eldigitaldeasturias.com\/noticias\/#postaladdress","@type":"PostalAddress","streetAddress":"san antonio 4","postalCode":"33430","addressLocality":"Cand\u00e1s","addressRegion":"Asturias","addressCountry":"ES"}},{"@type":"Person","@id":"https:\/\/www.eldigitaldeasturias.com\/noticias\/author\/admin\/#author","url":"https:\/\/www.eldigitaldeasturias.com\/noticias\/author\/admin\/","name":"El Digital de Asturias","image":{"@type":"ImageObject","@id":"https:\/\/www.eldigitaldeasturias.com\/noticias\/con-la-llegada-del-verano-aumenta-el-trabajo-en-los-campos-huertos-y-jardines\/#authorImage","url":"https:\/\/secure.gravatar.com\/avatar\/df2aeffc32bcd13f8d26072ef8a91b623d677766deac7f97ca815868cd41bf5e?s=96&d=mm&r=g","width":96,"height":96,"caption":"El Digital de Asturias"}},{"@type":"WebPage","@id":"https:\/\/www.eldigitaldeasturias.com\/noticias\/con-la-llegada-del-verano-aumenta-el-trabajo-en-los-campos-huertos-y-jardines\/#webpage","url":"https:\/\/www.eldigitaldeasturias.com\/noticias\/con-la-llegada-del-verano-aumenta-el-trabajo-en-los-campos-huertos-y-jardines\/","name":"Con la llegada del verano aumenta el trabajo en los campos, huertos y jardines - El Digital de Asturias","description":"Mantener un jard\u00edn cuidado y bonito, con una apariencia est\u00e9tica agradable, requiere de herramientas de poda, cortac\u00e9sped en caso de tener alguna extensi\u00f3n de..","inLanguage":"es-ES","isPartOf":{"@id":"https:\/\/www.eldigitaldeasturias.com\/noticias\/#website"},"breadcrumb":{"@id":"https:\/\/www.eldigitaldeasturias.com\/noticias\/con-la-llegada-del-verano-aumenta-el-trabajo-en-los-campos-huertos-y-jardines\/#breadcrumblist"},"author":{"@id":"https:\/\/www.eldigitaldeasturias.com\/noticias\/author\/admin\/#author"},"creator":{"@id":"https:\/\/www.eldigitaldeasturias.com\/noticias\/author\/admin\/#author"},"image":{"@type":"ImageObject","url":"https:\/\/www.eldigitaldeasturias.com\/noticias\/wp-content\/uploads\/2026\/06\/Contenidos.jpg","@id":"https:\/\/www.eldigitaldeasturias.com\/noticias\/con-la-llegada-del-verano-aumenta-el-trabajo-en-los-campos-huertos-y-jardines\/#mainImage","width":1265,"height":697,"caption":"Contenidos"},"primaryImageOfPage":{"@id":"https:\/\/www.eldigitaldeasturias.com\/noticias\/con-la-llegada-del-verano-aumenta-el-trabajo-en-los-campos-huertos-y-jardines\/#mainImage"},"datePublished":"2021-05-24T18:28:56+02:00","dateModified":"2021-05-24T18:28:56+02:00"},{"@type":"WebSite","@id":"https:\/\/www.eldigitaldeasturias.com\/noticias\/#website","url":"https:\/\/www.eldigitaldeasturias.com\/noticias\/","name":"El Digital de Asturias - Diario de actualidad y noticias","alternateName":"El Digital de Asturias - Diario de actualidad y noticias","description":"Hemeroteca","inLanguage":"es-ES","publisher":{"@id":"https:\/\/www.eldigitaldeasturias.com\/noticias\/#organization"}}]},"og:locale":"es_ES","og:site_name":"El Digital de Asturias","og:type":"article","og:title":"Con la llegada del verano aumenta el trabajo en los campos, huertos y jardines - El Digital de Asturias","og:description":"Mantener un jard\u00edn cuidado y bonito, con una apariencia est\u00e9tica agradable, requiere de herramientas de poda, cortac\u00e9sped en caso de tener alguna extensi\u00f3n de..","og:url":"https:\/\/www.eldigitaldeasturias.com\/noticias\/con-la-llegada-del-verano-aumenta-el-trabajo-en-los-campos-huertos-y-jardines\/","og:image":"https:\/\/www.eldigitaldeasturias.com\/noticias\/wp-content\/uploads\/2026\/06\/Contenidos.jpg","og:image:secure_url":"https:\/\/www.eldigitaldeasturias.com\/noticias\/wp-content\/uploads\/2026\/06\/Contenidos.jpg","og:image:width":1265,"og:image:height":697,"article:tag":["sociedad"],"article:published_time":"2021-05-24T17:28:56+00:00","article:modified_time":"2021-05-24T17:28:56+00:00","article:publisher":"https:\/\/facebook.com\/eldigitaldeasturias","twitter:card":"summary_large_image","twitter:title":"Con la llegada del verano aumenta el trabajo en los campos, huertos y jardines - El Digital de Asturias","twitter:description":"Mantener un jard\u00edn cuidado y bonito, con una apariencia est\u00e9tica agradable, requiere de herramientas de poda, cortac\u00e9sped en caso de tener alguna extensi\u00f3n de..","twitter:image":"https:\/\/www.eldigitaldeasturias.com\/noticias\/wp-content\/uploads\/2026\/06\/Contenidos.jpg","twitter:label1":"Escrito por","twitter:data1":"El Digital de Asturias","twitter:label2":"Tiempo de lectura estimado","twitter:data2":"5 minutos"},"aioseo_meta_data":{"post_id":"1092264","title":null,"description":"Mantener un jard\u00edn cuidado y bonito, con una apariencia est\u00e9tica agradable, requiere de herramientas de poda, cortac\u00e9sped en caso de tener alguna extensi\u00f3n de..","keywords":[],"keyphrases":{"focus":[],"additional":[]},"primary_term":null,"canonical_url":null,"og_title":null,"og_description":null,"og_object_type":"default","og_image_type":"default","og_image_url":null,"og_image_width":null,"og_image_height":null,"og_image_custom_url":null,"og_image_custom_fields":null,"og_video":"","og_custom_url":null,"og_article_section":null,"og_article_tags":[],"twitter_use_og":false,"twitter_card":"default","twitter_image_type":"default","twitter_image_url":null,"twitter_image_custom_url":null,"twitter_image_custom_fields":null,"twitter_title":null,"twitter_description":null,"schema":{"blockGraphs":[],"customGraphs":[],"default":{"data":{"Article":[],"Course":[],"Dataset":[],"FAQPage":[],"Movie":[],"Person":[],"Product":[],"ProductReview":[],"Car":[],"Recipe":[],"Service":[],"SoftwareApplication":[],"WebPage":[]},"graphName":"","isEnabled":true},"graphs":[],"defaultGraph":"Article","defaultPostTypeGraph":""},"schema_type":"default","schema_type_options":"{\"article\":{\"articleType\":\"BlogPosting\"},\"course\":{\"name\":\"\",\"description\":\"\",\"provider\":\"\"},\"faq\":{\"pages\":[]},\"product\":{\"reviews\":[]},\"recipe\":{\"ingredients\":[],\"instructions\":[],\"keywords\":[]},\"software\":{\"reviews\":[],\"operatingSystems\":[]},\"webPage\":{\"webPageType\":\"WebPage\"}}","pillar_content":false,"robots_default":true,"robots_noindex":false,"robots_noarchive":false,"robots_nosnippet":false,"robots_nofollow":false,"robots_noimageindex":false,"robots_noodp":false,"robots_notranslate":false,"robots_max_snippet":"-1","robots_max_videopreview":"-1","robots_max_imagepreview":"large","priority":null,"frequency":"default","local_seo":{"locations":{"business":{"name":"","businessType":"","image":"","areaServed":"","urls":{"website":"","aboutPage":"","contactPage":""},"address":{"streetLine1":"","streetLine2":"","zipCode":"","city":"","state":"","country":"","addressFormat":"#streetLineOne\n#streetLineTwo\n#city, #state #zipCode"},"contact":{"email":"","phone":"","phoneFormatted":"","fax":"","faxFormatted":""},"ids":{"vat":"","tax":"","chamberOfCommerce":""},"payment":{"priceRange":"","currenciesAccepted":"","methods":""}}},"openingHours":{"useDefaults":true,"show":true,"alwaysOpen":false,"use24hFormat":false,"timezone":"","labels":{"closed":"","alwaysOpen":""},"days":{"monday":{"open24h":false,"closed":false,"openTime":"09:00","closeTime":"17:00"},"tuesday":{"open24h":false,"closed":false,"openTime":"09:00","closeTime":"17:00"},"wednesday":{"open24h":false,"closed":false,"openTime":"09:00","closeTime":"17:00"},"thursday":{"open24h":false,"closed":false,"openTime":"09:00","closeTime":"17:00"},"friday":{"open24h":false,"closed":false,"openTime":"09:00","closeTime":"17:00"},"saturday":{"open24h":false,"closed":false,"openTime":"09:00","closeTime":"17:00"},"sunday":{"open24h":false,"closed":false,"openTime":"09:00","closeTime":"17:00"}}}},"seo_analyzer_scan_date":"2026-07-18 04:13:22","breadcrumb_settings":null,"limit_modified_date":false,"open_ai":null,"ai":null,"created":"2021-05-24 15:33:28","updated":"2026-07-18 04:13:22","focus_keyword":null,"additional_keywords":null,"truseo_locale":null},"aioseo_breadcrumb":"<div class=\"aioseo-breadcrumbs\"><span class=\"aioseo-breadcrumb\">\n\t<a href=\"https:\/\/www.eldigitaldeasturias.com\/noticias\" title=\"Home\">Home<\/a>\n<\/span><span class=\"aioseo-breadcrumb-separator\">\u2013<\/span><span class=\"aioseo-breadcrumb\">\n\t<a href=\"https:\/\/www.eldigitaldeasturias.com\/noticias\/category\/sociedad\/\" title=\"Sociedad\">Sociedad<\/a>\n<\/span><span class=\"aioseo-breadcrumb-separator\">\u2013<\/span><span class=\"aioseo-breadcrumb\">\n\t<a href=\"https:\/\/www.eldigitaldeasturias.com\/noticias\/con-la-llegada-del-verano-aumenta-el-trabajo-en-los-campos-huertos-y-jardines\/\" title=\"Con la llegada del verano aumenta el trabajo en los campos, huertos y jardines\">Con la llegada del verano aumenta el trabajo en los campos, huertos y jardines<\/a>\n<\/span><\/div>","aioseo_breadcrumb_json":[{"label":"Home","link":"https:\/\/www.eldigitaldeasturias.com\/noticias"},{"label":"Sociedad","link":"https:\/\/www.eldigitaldeasturias.com\/noticias\/category\/sociedad\/"},{"label":"Con la llegada del verano aumenta el trabajo en los campos, huertos y jardines","link":"https:\/\/www.eldigitaldeasturias.com\/noticias\/con-la-llegada-del-verano-aumenta-el-trabajo-en-los-campos-huertos-y-jardines\/"}],"_links":{"self":[{"href":"https:\/\/www.eldigitaldeasturias.com\/noticias\/wp-json\/wp\/v2\/posts\/1092264","targetHints":{"allow":["GET"]}}],"collection":[{"href":"https:\/\/www.eldigitaldeasturias.com\/noticias\/wp-json\/wp\/v2\/posts"}],"about":[{"href":"https:\/\/www.eldigitaldeasturias.com\/noticias\/wp-json\/wp\/v2\/types\/post"}],"author":[{"embeddable":true,"href":"https:\/\/www.eldigitaldeasturias.com\/noticias\/wp-json\/wp\/v2\/users\/1"}],"replies":[{"embeddable":true,"href":"https:\/\/www.eldigitaldeasturias.com\/noticias\/wp-json\/wp\/v2\/comments?post=1092264"}],"version-history":[{"count":0,"href":"https:\/\/www.eldigitaldeasturias.com\/noticias\/wp-json\/wp\/v2\/posts\/1092264\/revisions"}],"wp:featuredmedia":[{"embeddable":true,"href":"https:\/\/www.eldigitaldeasturias.com\/noticias\/wp-json\/wp\/v2\/media\/1132184"}],"wp:attachment":[{"href":"https:\/\/www.eldigitaldeasturias.com\/noticias\/wp-json\/wp\/v2\/media?parent=1092264"}],"wp:term":[{"taxonomy":"category","embeddable":true,"href":"https:\/\/www.eldigitaldeasturias.com\/noticias\/wp-json\/wp\/v2\/categories?post=1092264"},{"taxonomy":"post_tag","embeddable":true,"href":"https:\/\/www.eldigitaldeasturias.com\/noticias\/wp-json\/wp\/v2\/tags?post=1092264"}],"curies":[{"name":"wp","href":"https:\/\/api.w.org\/{rel}","templated":true}]}}