{"id":1092255,"date":"2021-05-24T13:53:23","date_gmt":"2021-05-24T12:53:23","guid":{"rendered":"https:\/\/www.eldigitaldeasturias.com\/noticias\/?p=1092255"},"modified":"2021-05-24T13:54:02","modified_gmt":"2021-05-24T12:54:02","slug":"cine-hecho-en-asturias-en-laboral-cinemateca","status":"publish","type":"post","link":"https:\/\/www.eldigitaldeasturias.com\/noticias\/cine-hecho-en-asturias-en-laboral-cinemateca\/","title":{"rendered":"Cine hecho en Asturias en Laboral Cinemateca"},"content":{"rendered":"<p><img loading=\"lazy\" decoding=\"async\" class=\"alignleft size-medium wp-image-1078097\" src=\"https:\/\/www.eldigitaldeasturias.com\/noticias\/wp-content\/uploads\/2020\/10\/film-3057394_640-360x203.jpg\" alt=\"\" width=\"360\" height=\"203\" \/>El cineasta Juan Luis Ruiz visita Laboral Cinemateca este s\u00e1bado 29 de mayo para presentar su \u00faltimo largometraje Obertura de un milagro, un filme que se proyect\u00f3 con gran \u00e9xito en el Festival Internacional de Cine de Gij\u00f3n\/Xix\u00f3n y que podr\u00e1 verse a las 19:00 horas en el Paraninfo de la Laboral. Laboral Cinemateca es el espacio dedicado al sector creativo cinematogr\u00e1fico y audiovisual promovido por la Consejer\u00eda de Cultura, Pol\u00edtica Lling\u00fc\u00edstica y Turismo, a trav\u00e9s de Laboral Ciudad de la Cultura.<\/p>\n<p>En el a\u00f1o 2005 se inicia la b\u00fasqueda de \u00c1ngel Guti\u00e9rrez, un \u201cni\u00f1o de la guerra\u201d asturiano que parte del puerto gijon\u00e9s de El Musel en 1937 con destino a la URSS y que, al pasar los a\u00f1os, acaba trabajando con el aclamado cineasta ruso Andr\u00e9i Tarkovski en una de sus m\u00e1s emblem\u00e1ticas pel\u00edculas, El espejo.<\/p>\n<p>Guti\u00e9rrez aprendi\u00f3 de los mejores, de los disc\u00edpulos directos de Stanislavski, y lleg\u00f3 a ser profesor en el Instituto de Teatro de Mosc\u00fa durante casi dos d\u00e9cadas. A pesar de gozar de gran prestigio, decide regresar a Espa\u00f1a donde funda el Teatro de C\u00e1mara Chejov en el barrio de Lavapi\u00e9s. Desde aquel 2005 hasta el a\u00f1o 2018 cuando Juan Luis Ruiz finaliza la pel\u00edcula, se crea un collage que intentar\u00e1 descubrir por qu\u00e9 Tarkovski se fij\u00f3 en aquel \u201cni\u00f1o de la guerra\u201d espa\u00f1ol.<\/p>\n<p>Juan Luis Ruiz (Soria, 1970) es diplomado por el Centro de Estudios Cinematogr\u00e1ficos de Catalu\u00f1a en Direcci\u00f3n de Fotograf\u00eda. Su trabajo como Director de Fotograf\u00eda en el documental La presa de Jorge Rivero ha sido reconocido con el Premio Direcci\u00f3n de Fotograf\u00eda del Festival de Cine Agon de Atenas 2010, en el Van Fest Italia 2009 y el Festival Con-Can de Tokio 2010. Ha recibido, adem\u00e1s, el premio a mejor documental por Lluvina -codirigido con Luc\u00eda Herrera- en el Festival de Cine Asturiano 2006 y el Premio AEC Asociaci\u00f3n Espa\u00f1ola de Autores de Fotograf\u00eda Cinematogr\u00e1fica, entre otros reconocimientos.<\/p>\n<p>Adem\u00e1s de estos dos trabajos, Ruiz es director de los largos documentales Medrana (2004), L\u00b4Escaezu (2008) y Esconderite (2021), coproducido por Juan Luis Ruiz y RTPA, y del cortometrajes Negrea (2016).<\/p>\n<p>La cartelera de fin de semana se completa con un programa especial que centra la mirada en las veces en que el cine ha apuntado sus c\u00e1maras hacia el deporte, en este caso, con varios cortometrajes que se centran en las interioridades de la gimnasia. Lejos de dar una visi\u00f3n sesgada, heroica y edulcorada del mundo del deporte, estas historias nos introducen en los conflictos interiores de sus protagonistas, en sus sufrimientos, renuncias y dudas, para poner por encima de todo su humanidad.<\/p>\n<p>El programa Gimnasia F\u00edlmica se proyectar\u00e1 el viernes 28 de mayo, a las 19:00 horas, e incluye la proyecci\u00f3n de los cortos Chalk de Martina Amati (Reino Unido, 2010), Stephanie de Leonardo can Dijl (B\u00e9lgica, 2020), Tryouts de Susana Casares (Espa\u00f1a, 2014) y She runs de Qiu Yang (China, Francia, 2019).<\/p>\n<p>El domingo 30, a las 19:00 horas, llega a Laboral Cinemateca Y llovieron p\u00e1jaros, una pel\u00edcula de la canadiense Louise Archambault que adapta la novela hom\u00f3nima de Jocelyne Saucier para relatar la historia de tres viejos ermita\u00f1os que viven recluidos en los bosques de Canad\u00e1. Al tiempo que un gran incendio amenaza la regi\u00f3n, alguien llega hasta su escondite. Da con ellos una joven fot\u00f3grafa que busca a un tal Boychuck. Y no es la \u00fanica. Poco despu\u00e9s, una mujer de m\u00e1s de 80 a\u00f1os aparece como una brisa ligera que alborotar\u00e1 sus vidas. Mientras intentan comprender la historia de Boychuck a trav\u00e9s de sus pinturas, algo extraordinario surgir\u00e1 entre todos ellos.<\/p>\n<p>Las entradas para las proyecciones pueden adquirirse, a un precio general de 4 \u20ac y reducido de 3 \u20ac, en la Laboral en Gij\u00f3n\/Xix\u00f3n, en la Recepci\u00f3n del Centro Niemeyer en Avil\u00e9s, en entradas.liberbank.es y en la web de Laboral Cinemateca.<\/p>\n<p>La programaci\u00f3n cinematogr\u00e1fica ofrecida por Laboral Cinemateca est\u00e1 coordinada por el Festival Internacional de Cine de Gij\u00f3n\/Xix\u00f3n. Este programa puede sufrir modificaciones en funci\u00f3n de la evoluci\u00f3n de la situaci\u00f3n sanitaria causada por la Covid-19.<\/p>\n<p>&nbsp;<\/p>\n","protected":false},"excerpt":{"rendered":"<p>El cineasta Juan Luis Ruiz visita Laboral Cinemateca este s\u00e1bado 29 de mayo para presentar su \u00faltimo largometraje Obertura de un milagro, un filme que se proyect\u00f3 con gran \u00e9xito en el Festival Internacional de Cine de Gij\u00f3n\/Xix\u00f3n y que podr\u00e1 verse a las 19:00 horas en el Paraninfo de la Laboral. Laboral Cinemateca es [&hellip;]<\/p>\n","protected":false},"author":1,"featured_media":1078097,"comment_status":"closed","ping_status":"closed","sticky":false,"template":"","format":"standard","meta":{"footnotes":""},"categories":[2],"tags":[],"class_list":["post-1092255","post","type-post","status-publish","format-standard","has-post-thumbnail","hentry","category-agenda"],"aioseo_notices":[],"aioseo_head":"\n\t\t<!-- All in One SEO Pro 5.0.1 - aioseo.com -->\n\t<meta name=\"description\" content=\"La cartelera de fin de semana se completa con un programa especial que centra la mirada en las veces en que el cine ha apuntado sus c\u00e1maras hacia el deporte\" \/>\n\t<meta name=\"robots\" content=\"max-image-preview:large\" \/>\n\t<meta name=\"author\" content=\"El Digital de Asturias\"\/>\n\t<meta name=\"google-site-verification\" content=\"UA-38556648-1\" \/>\n\t<meta name=\"msvalidate.01\" content=\"7dfe9f3f1b24437ab69f4f2559babe99\" \/>\n\t<meta name=\"keywords\" content=\"agenda\" \/>\n\t<link rel=\"canonical\" href=\"https:\/\/www.eldigitaldeasturias.com\/noticias\/cine-hecho-en-asturias-en-laboral-cinemateca\/\" \/>\n\t<meta name=\"generator\" content=\"All in One SEO Pro (AIOSEO) 5.0.1\" \/>\n\t\t<meta property=\"og:locale\" content=\"es_ES\" \/>\n\t\t<meta property=\"og:site_name\" content=\"El Digital de Asturias\" \/>\n\t\t<meta property=\"og:type\" content=\"article\" \/>\n\t\t<meta property=\"og:title\" content=\"Cine hecho en Asturias en Laboral Cinemateca - El Digital de Asturias\" \/>\n\t\t<meta property=\"og:description\" content=\"La cartelera de fin de semana se completa con un programa especial que centra la mirada en las veces en que el cine ha apuntado sus c\u00e1maras hacia el deporte\" \/>\n\t\t<meta property=\"og:url\" content=\"https:\/\/www.eldigitaldeasturias.com\/noticias\/cine-hecho-en-asturias-en-laboral-cinemateca\/\" \/>\n\t\t<meta property=\"article:tag\" content=\"agenda\" \/>\n\t\t<meta property=\"article:published_time\" content=\"2021-05-24T12:53:23+00:00\" \/>\n\t\t<meta property=\"article:modified_time\" content=\"2021-05-24T12:54:02+00:00\" \/>\n\t\t<meta property=\"article:publisher\" content=\"https:\/\/facebook.com\/eldigitaldeasturias\" \/>\n\t\t<meta name=\"twitter:card\" content=\"summary_large_image\" \/>\n\t\t<meta name=\"twitter:title\" content=\"Cine hecho en Asturias en Laboral Cinemateca - El Digital de Asturias\" \/>\n\t\t<meta name=\"twitter:description\" content=\"La cartelera de fin de semana se completa con un programa especial que centra la mirada en las veces en que el cine ha apuntado sus c\u00e1maras hacia el deporte\" \/>\n\t\t<meta name=\"twitter:image\" content=\"https:\/\/www.eldigitaldeasturias.com\/noticias\/wp-content\/uploads\/2020\/12\/EDA-1.jpg\" \/>\n\t\t<meta name=\"twitter:label1\" content=\"Escrito por\" \/>\n\t\t<meta name=\"twitter:data1\" content=\"El Digital de Asturias\" \/>\n\t\t<meta name=\"twitter:label2\" content=\"Tiempo de lectura estimado\" \/>\n\t\t<meta name=\"twitter:data2\" content=\"4 minutos\" \/>\n\t\t<script type=\"application\/ld+json\" class=\"aioseo-schema\">\n\t\t\t{\"@context\":\"https:\\\/\\\/schema.org\",\"@graph\":[{\"@type\":\"BlogPosting\",\"@id\":\"https:\\\/\\\/www.eldigitaldeasturias.com\\\/noticias\\\/cine-hecho-en-asturias-en-laboral-cinemateca\\\/#blogposting\",\"name\":\"Cine hecho en Asturias en Laboral Cinemateca - El Digital de Asturias\",\"headline\":\"Cine hecho en Asturias en Laboral Cinemateca\",\"author\":{\"@id\":\"https:\\\/\\\/www.eldigitaldeasturias.com\\\/noticias\\\/author\\\/admin\\\/#author\"},\"publisher\":{\"@id\":\"https:\\\/\\\/www.eldigitaldeasturias.com\\\/noticias\\\/#organization\"},\"image\":{\"@type\":\"ImageObject\",\"url\":1078097},\"datePublished\":\"2021-05-24T13:53:23+02:00\",\"dateModified\":\"2021-05-24T13:54:02+02:00\",\"inLanguage\":\"es-ES\",\"mainEntityOfPage\":{\"@id\":\"https:\\\/\\\/www.eldigitaldeasturias.com\\\/noticias\\\/cine-hecho-en-asturias-en-laboral-cinemateca\\\/#webpage\"},\"isPartOf\":{\"@id\":\"https:\\\/\\\/www.eldigitaldeasturias.com\\\/noticias\\\/cine-hecho-en-asturias-en-laboral-cinemateca\\\/#webpage\"},\"articleSection\":\"Agenda\"},{\"@type\":\"BreadcrumbList\",\"@id\":\"https:\\\/\\\/www.eldigitaldeasturias.com\\\/noticias\\\/cine-hecho-en-asturias-en-laboral-cinemateca\\\/#breadcrumblist\",\"itemListElement\":[{\"@type\":\"ListItem\",\"@id\":\"https:\\\/\\\/www.eldigitaldeasturias.com\\\/noticias#listItem\",\"position\":1,\"name\":\"Home\",\"item\":\"https:\\\/\\\/www.eldigitaldeasturias.com\\\/noticias\",\"nextItem\":{\"@type\":\"ListItem\",\"@id\":\"https:\\\/\\\/www.eldigitaldeasturias.com\\\/noticias\\\/category\\\/agenda\\\/#listItem\",\"name\":\"Agenda\"}},{\"@type\":\"ListItem\",\"@id\":\"https:\\\/\\\/www.eldigitaldeasturias.com\\\/noticias\\\/category\\\/agenda\\\/#listItem\",\"position\":2,\"name\":\"Agenda\",\"item\":\"https:\\\/\\\/www.eldigitaldeasturias.com\\\/noticias\\\/category\\\/agenda\\\/\",\"nextItem\":{\"@type\":\"ListItem\",\"@id\":\"https:\\\/\\\/www.eldigitaldeasturias.com\\\/noticias\\\/cine-hecho-en-asturias-en-laboral-cinemateca\\\/#listItem\",\"name\":\"Cine hecho en Asturias en Laboral Cinemateca\"},\"previousItem\":{\"@type\":\"ListItem\",\"@id\":\"https:\\\/\\\/www.eldigitaldeasturias.com\\\/noticias#listItem\",\"name\":\"Home\"}},{\"@type\":\"ListItem\",\"@id\":\"https:\\\/\\\/www.eldigitaldeasturias.com\\\/noticias\\\/cine-hecho-en-asturias-en-laboral-cinemateca\\\/#listItem\",\"position\":3,\"name\":\"Cine hecho en Asturias en Laboral Cinemateca\",\"previousItem\":{\"@type\":\"ListItem\",\"@id\":\"https:\\\/\\\/www.eldigitaldeasturias.com\\\/noticias\\\/category\\\/agenda\\\/#listItem\",\"name\":\"Agenda\"}}]},{\"@type\":\"Organization\",\"@id\":\"https:\\\/\\\/www.eldigitaldeasturias.com\\\/noticias\\\/#organization\",\"name\":\"El Digital de Asturias\",\"description\":\"Hemeroteca\",\"url\":\"https:\\\/\\\/www.eldigitaldeasturias.com\\\/noticias\\\/\",\"email\":\"info@eldigitaldeasturias.com\",\"telephone\":\"+34652131393\",\"logo\":{\"@type\":\"ImageObject\",\"url\":\"https:\\\/\\\/www.eldigitaldeasturias.com\\\/noticias\\\/wp-content\\\/uploads\\\/2020\\\/12\\\/EDA.jpg\",\"@id\":\"https:\\\/\\\/www.eldigitaldeasturias.com\\\/noticias\\\/cine-hecho-en-asturias-en-laboral-cinemateca\\\/#organizationLogo\"},\"image\":{\"@id\":\"https:\\\/\\\/www.eldigitaldeasturias.com\\\/noticias\\\/cine-hecho-en-asturias-en-laboral-cinemateca\\\/#organizationLogo\"},\"sameAs\":[\"https:\\\/\\\/facebook.com\\\/eldigitaldeasturias\",\"https:\\\/\\\/www.youtube.com\\\/channel\\\/UCZP-2wLEB9Rv6erhFmqVnvg\"],\"address\":{\"@id\":\"https:\\\/\\\/www.eldigitaldeasturias.com\\\/noticias\\\/#postaladdress\",\"@type\":\"PostalAddress\",\"streetAddress\":\"san antonio 4\",\"postalCode\":\"33430\",\"addressLocality\":\"Cand\\u00e1s\",\"addressRegion\":\"Asturias\",\"addressCountry\":\"ES\"}},{\"@type\":\"Person\",\"@id\":\"https:\\\/\\\/www.eldigitaldeasturias.com\\\/noticias\\\/author\\\/admin\\\/#author\",\"url\":\"https:\\\/\\\/www.eldigitaldeasturias.com\\\/noticias\\\/author\\\/admin\\\/\",\"name\":\"El Digital de Asturias\",\"image\":{\"@type\":\"ImageObject\",\"@id\":\"https:\\\/\\\/www.eldigitaldeasturias.com\\\/noticias\\\/cine-hecho-en-asturias-en-laboral-cinemateca\\\/#authorImage\",\"url\":\"https:\\\/\\\/secure.gravatar.com\\\/avatar\\\/df2aeffc32bcd13f8d26072ef8a91b623d677766deac7f97ca815868cd41bf5e?s=96&d=mm&r=g\",\"width\":96,\"height\":96,\"caption\":\"El Digital de Asturias\"}},{\"@type\":\"WebPage\",\"@id\":\"https:\\\/\\\/www.eldigitaldeasturias.com\\\/noticias\\\/cine-hecho-en-asturias-en-laboral-cinemateca\\\/#webpage\",\"url\":\"https:\\\/\\\/www.eldigitaldeasturias.com\\\/noticias\\\/cine-hecho-en-asturias-en-laboral-cinemateca\\\/\",\"name\":\"Cine hecho en Asturias en Laboral Cinemateca - El Digital de Asturias\",\"description\":\"La cartelera de fin de semana se completa con un programa especial que centra la mirada en las veces en que el cine ha apuntado sus c\\u00e1maras hacia el deporte\",\"inLanguage\":\"es-ES\",\"isPartOf\":{\"@id\":\"https:\\\/\\\/www.eldigitaldeasturias.com\\\/noticias\\\/#website\"},\"breadcrumb\":{\"@id\":\"https:\\\/\\\/www.eldigitaldeasturias.com\\\/noticias\\\/cine-hecho-en-asturias-en-laboral-cinemateca\\\/#breadcrumblist\"},\"author\":{\"@id\":\"https:\\\/\\\/www.eldigitaldeasturias.com\\\/noticias\\\/author\\\/admin\\\/#author\"},\"creator\":{\"@id\":\"https:\\\/\\\/www.eldigitaldeasturias.com\\\/noticias\\\/author\\\/admin\\\/#author\"},\"image\":{\"@type\":\"ImageObject\",\"url\":1078097,\"@id\":\"https:\\\/\\\/www.eldigitaldeasturias.com\\\/noticias\\\/cine-hecho-en-asturias-en-laboral-cinemateca\\\/#mainImage\"},\"primaryImageOfPage\":{\"@id\":\"https:\\\/\\\/www.eldigitaldeasturias.com\\\/noticias\\\/cine-hecho-en-asturias-en-laboral-cinemateca\\\/#mainImage\"},\"datePublished\":\"2021-05-24T13:53:23+02:00\",\"dateModified\":\"2021-05-24T13:54:02+02:00\"},{\"@type\":\"WebSite\",\"@id\":\"https:\\\/\\\/www.eldigitaldeasturias.com\\\/noticias\\\/#website\",\"url\":\"https:\\\/\\\/www.eldigitaldeasturias.com\\\/noticias\\\/\",\"name\":\"El Digital de Asturias - Diario de actualidad y noticias\",\"alternateName\":\"El Digital de Asturias - Diario de actualidad y noticias\",\"description\":\"Hemeroteca\",\"inLanguage\":\"es-ES\",\"publisher\":{\"@id\":\"https:\\\/\\\/www.eldigitaldeasturias.com\\\/noticias\\\/#organization\"}}]}\n\t\t<\/script>\n\t\t<!-- All in One SEO Pro -->\r\n\t\t<title>Cine hecho en Asturias en Laboral Cinemateca - El Digital de Asturias<\/title>\n\n","aioseo_head_json":{"title":"Cine hecho en Asturias en Laboral Cinemateca - El Digital de Asturias","description":"La cartelera de fin de semana se completa con un programa especial que centra la mirada en las veces en que el cine ha apuntado sus c\u00e1maras hacia el deporte","canonical_url":"https:\/\/www.eldigitaldeasturias.com\/noticias\/cine-hecho-en-asturias-en-laboral-cinemateca\/","robots":"max-image-preview:large","keywords":"agenda","webmasterTools":{"google-site-verification":"UA-38556648-1","msvalidate.01":"7dfe9f3f1b24437ab69f4f2559babe99","miscellaneous":""},"schema":{"@context":"https:\/\/schema.org","@graph":[{"@type":"BlogPosting","@id":"https:\/\/www.eldigitaldeasturias.com\/noticias\/cine-hecho-en-asturias-en-laboral-cinemateca\/#blogposting","name":"Cine hecho en Asturias en Laboral Cinemateca - El Digital de Asturias","headline":"Cine hecho en Asturias en Laboral Cinemateca","author":{"@id":"https:\/\/www.eldigitaldeasturias.com\/noticias\/author\/admin\/#author"},"publisher":{"@id":"https:\/\/www.eldigitaldeasturias.com\/noticias\/#organization"},"image":{"@type":"ImageObject","url":1078097},"datePublished":"2021-05-24T13:53:23+02:00","dateModified":"2021-05-24T13:54:02+02:00","inLanguage":"es-ES","mainEntityOfPage":{"@id":"https:\/\/www.eldigitaldeasturias.com\/noticias\/cine-hecho-en-asturias-en-laboral-cinemateca\/#webpage"},"isPartOf":{"@id":"https:\/\/www.eldigitaldeasturias.com\/noticias\/cine-hecho-en-asturias-en-laboral-cinemateca\/#webpage"},"articleSection":"Agenda"},{"@type":"BreadcrumbList","@id":"https:\/\/www.eldigitaldeasturias.com\/noticias\/cine-hecho-en-asturias-en-laboral-cinemateca\/#breadcrumblist","itemListElement":[{"@type":"ListItem","@id":"https:\/\/www.eldigitaldeasturias.com\/noticias#listItem","position":1,"name":"Home","item":"https:\/\/www.eldigitaldeasturias.com\/noticias","nextItem":{"@type":"ListItem","@id":"https:\/\/www.eldigitaldeasturias.com\/noticias\/category\/agenda\/#listItem","name":"Agenda"}},{"@type":"ListItem","@id":"https:\/\/www.eldigitaldeasturias.com\/noticias\/category\/agenda\/#listItem","position":2,"name":"Agenda","item":"https:\/\/www.eldigitaldeasturias.com\/noticias\/category\/agenda\/","nextItem":{"@type":"ListItem","@id":"https:\/\/www.eldigitaldeasturias.com\/noticias\/cine-hecho-en-asturias-en-laboral-cinemateca\/#listItem","name":"Cine hecho en Asturias en Laboral Cinemateca"},"previousItem":{"@type":"ListItem","@id":"https:\/\/www.eldigitaldeasturias.com\/noticias#listItem","name":"Home"}},{"@type":"ListItem","@id":"https:\/\/www.eldigitaldeasturias.com\/noticias\/cine-hecho-en-asturias-en-laboral-cinemateca\/#listItem","position":3,"name":"Cine hecho en Asturias en Laboral Cinemateca","previousItem":{"@type":"ListItem","@id":"https:\/\/www.eldigitaldeasturias.com\/noticias\/category\/agenda\/#listItem","name":"Agenda"}}]},{"@type":"Organization","@id":"https:\/\/www.eldigitaldeasturias.com\/noticias\/#organization","name":"El Digital de Asturias","description":"Hemeroteca","url":"https:\/\/www.eldigitaldeasturias.com\/noticias\/","email":"info@eldigitaldeasturias.com","telephone":"+34652131393","logo":{"@type":"ImageObject","url":"https:\/\/www.eldigitaldeasturias.com\/noticias\/wp-content\/uploads\/2020\/12\/EDA.jpg","@id":"https:\/\/www.eldigitaldeasturias.com\/noticias\/cine-hecho-en-asturias-en-laboral-cinemateca\/#organizationLogo"},"image":{"@id":"https:\/\/www.eldigitaldeasturias.com\/noticias\/cine-hecho-en-asturias-en-laboral-cinemateca\/#organizationLogo"},"sameAs":["https:\/\/facebook.com\/eldigitaldeasturias","https:\/\/www.youtube.com\/channel\/UCZP-2wLEB9Rv6erhFmqVnvg"],"address":{"@id":"https:\/\/www.eldigitaldeasturias.com\/noticias\/#postaladdress","@type":"PostalAddress","streetAddress":"san antonio 4","postalCode":"33430","addressLocality":"Cand\u00e1s","addressRegion":"Asturias","addressCountry":"ES"}},{"@type":"Person","@id":"https:\/\/www.eldigitaldeasturias.com\/noticias\/author\/admin\/#author","url":"https:\/\/www.eldigitaldeasturias.com\/noticias\/author\/admin\/","name":"El Digital de Asturias","image":{"@type":"ImageObject","@id":"https:\/\/www.eldigitaldeasturias.com\/noticias\/cine-hecho-en-asturias-en-laboral-cinemateca\/#authorImage","url":"https:\/\/secure.gravatar.com\/avatar\/df2aeffc32bcd13f8d26072ef8a91b623d677766deac7f97ca815868cd41bf5e?s=96&d=mm&r=g","width":96,"height":96,"caption":"El Digital de Asturias"}},{"@type":"WebPage","@id":"https:\/\/www.eldigitaldeasturias.com\/noticias\/cine-hecho-en-asturias-en-laboral-cinemateca\/#webpage","url":"https:\/\/www.eldigitaldeasturias.com\/noticias\/cine-hecho-en-asturias-en-laboral-cinemateca\/","name":"Cine hecho en Asturias en Laboral Cinemateca - El Digital de Asturias","description":"La cartelera de fin de semana se completa con un programa especial que centra la mirada en las veces en que el cine ha apuntado sus c\u00e1maras hacia el deporte","inLanguage":"es-ES","isPartOf":{"@id":"https:\/\/www.eldigitaldeasturias.com\/noticias\/#website"},"breadcrumb":{"@id":"https:\/\/www.eldigitaldeasturias.com\/noticias\/cine-hecho-en-asturias-en-laboral-cinemateca\/#breadcrumblist"},"author":{"@id":"https:\/\/www.eldigitaldeasturias.com\/noticias\/author\/admin\/#author"},"creator":{"@id":"https:\/\/www.eldigitaldeasturias.com\/noticias\/author\/admin\/#author"},"image":{"@type":"ImageObject","url":1078097,"@id":"https:\/\/www.eldigitaldeasturias.com\/noticias\/cine-hecho-en-asturias-en-laboral-cinemateca\/#mainImage"},"primaryImageOfPage":{"@id":"https:\/\/www.eldigitaldeasturias.com\/noticias\/cine-hecho-en-asturias-en-laboral-cinemateca\/#mainImage"},"datePublished":"2021-05-24T13:53:23+02:00","dateModified":"2021-05-24T13:54:02+02:00"},{"@type":"WebSite","@id":"https:\/\/www.eldigitaldeasturias.com\/noticias\/#website","url":"https:\/\/www.eldigitaldeasturias.com\/noticias\/","name":"El Digital de Asturias - Diario de actualidad y noticias","alternateName":"El Digital de Asturias - Diario de actualidad y noticias","description":"Hemeroteca","inLanguage":"es-ES","publisher":{"@id":"https:\/\/www.eldigitaldeasturias.com\/noticias\/#organization"}}]},"og:locale":"es_ES","og:site_name":"El Digital de Asturias","og:type":"article","og:title":"Cine hecho en Asturias en Laboral Cinemateca - El Digital de Asturias","og:description":"La cartelera de fin de semana se completa con un programa especial que centra la mirada en las veces en que el cine ha apuntado sus c\u00e1maras hacia el deporte","og:url":"https:\/\/www.eldigitaldeasturias.com\/noticias\/cine-hecho-en-asturias-en-laboral-cinemateca\/","article:tag":["agenda"],"article:published_time":"2021-05-24T12:53:23+00:00","article:modified_time":"2021-05-24T12:54:02+00:00","article:publisher":"https:\/\/facebook.com\/eldigitaldeasturias","twitter:card":"summary_large_image","twitter:title":"Cine hecho en Asturias en Laboral Cinemateca - El Digital de Asturias","twitter:description":"La cartelera de fin de semana se completa con un programa especial que centra la mirada en las veces en que el cine ha apuntado sus c\u00e1maras hacia el deporte","twitter:image":"https:\/\/www.eldigitaldeasturias.com\/noticias\/wp-content\/uploads\/2020\/12\/EDA-1.jpg","twitter:label1":"Escrito por","twitter:data1":"El Digital de Asturias","twitter:label2":"Tiempo de lectura estimado","twitter:data2":"4 minutos"},"aioseo_meta_data":{"post_id":"1092255","title":null,"description":"La cartelera de fin de semana se completa con un programa especial que centra la mirada en las veces en que el cine ha apuntado sus c\u00e1maras hacia el deporte","keywords":[],"keyphrases":{"focus":[],"additional":[]},"primary_term":null,"canonical_url":null,"og_title":null,"og_description":null,"og_object_type":"default","og_image_type":"default","og_image_url":null,"og_image_width":null,"og_image_height":null,"og_image_custom_url":null,"og_image_custom_fields":null,"og_video":"","og_custom_url":null,"og_article_section":null,"og_article_tags":[],"twitter_use_og":false,"twitter_card":"default","twitter_image_type":"default","twitter_image_url":null,"twitter_image_custom_url":null,"twitter_image_custom_fields":null,"twitter_title":null,"twitter_description":null,"schema":{"blockGraphs":[],"customGraphs":[],"default":{"data":{"Article":[],"Course":[],"Dataset":[],"FAQPage":[],"Movie":[],"Person":[],"Product":[],"ProductReview":[],"Car":[],"Recipe":[],"Service":[],"SoftwareApplication":[],"WebPage":[]},"graphName":"","isEnabled":true},"graphs":[],"defaultGraph":"Article","defaultPostTypeGraph":""},"schema_type":"default","schema_type_options":"{\"article\":{\"articleType\":\"BlogPosting\"},\"course\":{\"name\":\"\",\"description\":\"\",\"provider\":\"\"},\"faq\":{\"pages\":[]},\"product\":{\"reviews\":[]},\"recipe\":{\"ingredients\":[],\"instructions\":[],\"keywords\":[]},\"software\":{\"reviews\":[],\"operatingSystems\":[]},\"webPage\":{\"webPageType\":\"WebPage\"}}","pillar_content":false,"robots_default":true,"robots_noindex":false,"robots_noarchive":false,"robots_nosnippet":false,"robots_nofollow":false,"robots_noimageindex":false,"robots_noodp":false,"robots_notranslate":false,"robots_max_snippet":"-1","robots_max_videopreview":"-1","robots_max_imagepreview":"large","priority":null,"frequency":"default","local_seo":{"locations":{"business":{"name":"","businessType":"","image":"","areaServed":"","urls":{"website":"","aboutPage":"","contactPage":""},"address":{"streetLine1":"","streetLine2":"","zipCode":"","city":"","state":"","country":"","addressFormat":"#streetLineOne\n#streetLineTwo\n#city, #state #zipCode"},"contact":{"email":"","phone":"","phoneFormatted":"","fax":"","faxFormatted":""},"ids":{"vat":"","tax":"","chamberOfCommerce":""},"payment":{"priceRange":"","currenciesAccepted":"","methods":""}}},"openingHours":{"useDefaults":true,"show":true,"alwaysOpen":false,"use24hFormat":false,"timezone":"","labels":{"closed":"","alwaysOpen":""},"days":{"monday":{"open24h":false,"closed":false,"openTime":"09:00","closeTime":"17:00"},"tuesday":{"open24h":false,"closed":false,"openTime":"09:00","closeTime":"17:00"},"wednesday":{"open24h":false,"closed":false,"openTime":"09:00","closeTime":"17:00"},"thursday":{"open24h":false,"closed":false,"openTime":"09:00","closeTime":"17:00"},"friday":{"open24h":false,"closed":false,"openTime":"09:00","closeTime":"17:00"},"saturday":{"open24h":false,"closed":false,"openTime":"09:00","closeTime":"17:00"},"sunday":{"open24h":false,"closed":false,"openTime":"09:00","closeTime":"17:00"}}}},"seo_analyzer_scan_date":"2026-07-18 04:09:23","breadcrumb_settings":null,"limit_modified_date":false,"open_ai":null,"ai":null,"created":"2021-05-24 12:51:23","updated":"2026-07-18 04:09:23","focus_keyword":null,"additional_keywords":null,"truseo_locale":null},"aioseo_breadcrumb":"<div class=\"aioseo-breadcrumbs\"><span class=\"aioseo-breadcrumb\">\n\t<a href=\"https:\/\/www.eldigitaldeasturias.com\/noticias\" title=\"Home\">Home<\/a>\n<\/span><span class=\"aioseo-breadcrumb-separator\">\u2013<\/span><span class=\"aioseo-breadcrumb\">\n\t<a href=\"https:\/\/www.eldigitaldeasturias.com\/noticias\/category\/agenda\/\" title=\"Agenda\">Agenda<\/a>\n<\/span><span class=\"aioseo-breadcrumb-separator\">\u2013<\/span><span class=\"aioseo-breadcrumb\">\n\t<a href=\"https:\/\/www.eldigitaldeasturias.com\/noticias\/cine-hecho-en-asturias-en-laboral-cinemateca\/\" title=\"Cine hecho en Asturias en Laboral Cinemateca\">Cine hecho en Asturias en Laboral Cinemateca<\/a>\n<\/span><\/div>","aioseo_breadcrumb_json":[{"label":"Home","link":"https:\/\/www.eldigitaldeasturias.com\/noticias"},{"label":"Agenda","link":"https:\/\/www.eldigitaldeasturias.com\/noticias\/category\/agenda\/"},{"label":"Cine hecho en Asturias en Laboral Cinemateca","link":"https:\/\/www.eldigitaldeasturias.com\/noticias\/cine-hecho-en-asturias-en-laboral-cinemateca\/"}],"_links":{"self":[{"href":"https:\/\/www.eldigitaldeasturias.com\/noticias\/wp-json\/wp\/v2\/posts\/1092255","targetHints":{"allow":["GET"]}}],"collection":[{"href":"https:\/\/www.eldigitaldeasturias.com\/noticias\/wp-json\/wp\/v2\/posts"}],"about":[{"href":"https:\/\/www.eldigitaldeasturias.com\/noticias\/wp-json\/wp\/v2\/types\/post"}],"author":[{"embeddable":true,"href":"https:\/\/www.eldigitaldeasturias.com\/noticias\/wp-json\/wp\/v2\/users\/1"}],"replies":[{"embeddable":true,"href":"https:\/\/www.eldigitaldeasturias.com\/noticias\/wp-json\/wp\/v2\/comments?post=1092255"}],"version-history":[{"count":0,"href":"https:\/\/www.eldigitaldeasturias.com\/noticias\/wp-json\/wp\/v2\/posts\/1092255\/revisions"}],"wp:attachment":[{"href":"https:\/\/www.eldigitaldeasturias.com\/noticias\/wp-json\/wp\/v2\/media?parent=1092255"}],"wp:term":[{"taxonomy":"category","embeddable":true,"href":"https:\/\/www.eldigitaldeasturias.com\/noticias\/wp-json\/wp\/v2\/categories?post=1092255"},{"taxonomy":"post_tag","embeddable":true,"href":"https:\/\/www.eldigitaldeasturias.com\/noticias\/wp-json\/wp\/v2\/tags?post=1092255"}],"curies":[{"name":"wp","href":"https:\/\/api.w.org\/{rel}","templated":true}]}}