{"id":1092232,"date":"2021-05-24T11:50:28","date_gmt":"2021-05-24T10:50:28","guid":{"rendered":"https:\/\/www.eldigitaldeasturias.com\/noticias\/?p=1092232"},"modified":"2021-05-24T11:50:28","modified_gmt":"2021-05-24T10:50:28","slug":"obras-de-saneamiento-y-depuracion-del-alto-aller","status":"publish","type":"post","link":"https:\/\/www.eldigitaldeasturias.com\/noticias\/obras-de-saneamiento-y-depuracion-del-alto-aller\/","title":{"rendered":"Obras de saneamiento y depuraci\u00f3n del Alto Aller"},"content":{"rendered":"<p><img loading=\"lazy\" decoding=\"async\" class=\"alignleft size-medium wp-image-1092233\" src=\"https:\/\/www.eldigitaldeasturias.com\/noticias\/wp-content\/uploads\/2021\/05\/Obras-Alto-Aller-Asturias-360x196.jpg\" alt=\"Obras Alto Aller Asturias\" width=\"360\" height=\"196\" \/>El vicepresidente asturiano y consejero de Administraci\u00f3n Auton\u00f3mica, Medio Ambiente y Cambio Clim\u00e1tico, Juan Cofi\u00f1o, ha anunciado que este a\u00f1o comenzar\u00e1n las obras de saneamiento y depuraci\u00f3n de la aglomeraci\u00f3n del Alto Aller, entre las localidades de Levinco y Felechosa, en las que se invertir\u00e1n 6,8 millones hasta 2023.<\/p>\n<p>Cofi\u00f1o, acompa\u00f1ado por el director general de Calidad Ambiental y Cambio Clim\u00e1tico, Pablo \u00c1lvarez Cabrero, ha explicado hoy la actuaci\u00f3n que acometer\u00e1 su departamento al alcalde de Aller, Juan Carlos Iglesias, y a los portavoces de los grupos municipales, en la sede del Ayuntamiento, en Caba\u00f1aquinta.<\/p>\n<p>La inversi\u00f3n, cofinanciada por el Fondo Europeo de Desarrollo Regional (Feder), tiene car\u00e1cter plurianual y se reparte del siguiente modo: 1.025.000 euros este a\u00f1o, 3.100.000 el pr\u00f3ximo y 2.750.000 en 2023.<\/p>\n<p>El proyecto beneficiar\u00e1 a Collanzo, Pola del Pino, Felechosa, El Pino, Cuergo, Santibanes de la Fuente, La Fuente y Yanos. Todas estas localidades suman una poblaci\u00f3n de 1.160 habitantes, que se incrementan hasta los 1.928 en la semana de mayor carga del a\u00f1o. Las instalaciones de depuraci\u00f3n se dise\u00f1ar\u00e1n para 2.500 habitantes equivalentes.<\/p>\n<p>La actuaci\u00f3n se desarrollar\u00e1 en diferentes fases. Inicialmente, se acometer\u00e1n obras del tramo entre Felechosa y Yanos, con el fin de recoger los vertidos de Felechosa, El Pino y Pola del Pino para conducirlos hasta la futura depuradora, cuya construcci\u00f3n tambi\u00e9n est\u00e1 incluida en el proyecto. La longitud de las conducciones alcanzar\u00e1 los 1.800 metros y se ejecutar\u00e1 un aliviadero que permitir\u00e1 eliminar del colector el exceso de agua en tiempo de lluvias. Estos trabajos saldr\u00e1n a licitaci\u00f3n pr\u00f3ximamente, con un presupuesto de 918.400 euros y un plazo de ejecuci\u00f3n de nueve meses.<\/p>\n<p>Por su parte, la nueva depuradora se instalar\u00e1 en una superficie aproximada de 5.000 metros cuadrados, entre Pola del Pino y Yanos, y tendr\u00e1 un presupuesto aproximado de 3 millones. La instalaci\u00f3n tratar\u00e1 las aguas residuales generadas en la aglomeraci\u00f3n del Alto Aller, entre Collanzo y Felechosa. Actualmente, la consejer\u00eda est\u00e1 redactando el pliego de licitaci\u00f3n para la redacci\u00f3n del proyecto, que estar\u00e1 concluido en el tramo final de este a\u00f1o para su posterior licitaci\u00f3n.<\/p>\n<p>Tambi\u00e9n estar\u00e1 lista a finales de a\u00f1o la redacci\u00f3n del proyecto para el tramo entre Collanzo y Yanos, que requerir\u00e1 una inversi\u00f3n estimada de 1,5 millones. Este colector recoger\u00e1 los vertidos de estas localidades para incorporarlos a la futura depuradora.<\/p>\n<p>Otra de las obras que se acometer\u00e1n es el colector que recoger\u00e1 los vertidos de Levinco para trasladarlos a Caba\u00f1aquinta, donde se incorporar\u00e1n al interceptor general del r\u00edo Aller para su depuraci\u00f3n en Ba\u00ed\u00f1a. La consejer\u00eda prev\u00e9 disponer del proyecto en el tramo final de este a\u00f1o para proceder a su licitaci\u00f3n por un montante estimado de 1.450.000 euros.<\/p>\n<p>&nbsp;<\/p>\n","protected":false},"excerpt":{"rendered":"<p>El vicepresidente asturiano y consejero de Administraci\u00f3n Auton\u00f3mica, Medio Ambiente y Cambio Clim\u00e1tico, Juan Cofi\u00f1o, ha anunciado que este a\u00f1o comenzar\u00e1n las obras de saneamiento y depuraci\u00f3n de la aglomeraci\u00f3n del Alto Aller, entre las localidades de Levinco y Felechosa, en las que se invertir\u00e1n 6,8 millones hasta 2023. Cofi\u00f1o, acompa\u00f1ado por el director general [&hellip;]<\/p>\n","protected":false},"author":1,"featured_media":1132184,"comment_status":"closed","ping_status":"closed","sticky":false,"template":"","format":"standard","meta":{"footnotes":""},"categories":[12],"tags":[],"class_list":["post-1092232","post","type-post","status-publish","format-standard","has-post-thumbnail","hentry","category-actualidad-asturias"],"aioseo_notices":[],"aioseo_head":"\n\t\t<!-- All in One SEO Pro 5.0.1 - aioseo.com -->\n\t<meta name=\"description\" content=\"El proyecto beneficiar\u00e1 a Collanzo, Pola del Pino, Felechosa, El Pino, Cuergo, Santibanes de la Fuente, La Fuente y Yanos; en el Principado de Asturias\" \/>\n\t<meta name=\"robots\" content=\"max-image-preview:large\" \/>\n\t<meta name=\"author\" content=\"El Digital de Asturias\"\/>\n\t<meta name=\"google-site-verification\" content=\"UA-38556648-1\" \/>\n\t<meta name=\"msvalidate.01\" content=\"7dfe9f3f1b24437ab69f4f2559babe99\" \/>\n\t<meta name=\"keywords\" content=\"actualidad asturias\" \/>\n\t<link rel=\"canonical\" href=\"https:\/\/www.eldigitaldeasturias.com\/noticias\/obras-de-saneamiento-y-depuracion-del-alto-aller\/\" \/>\n\t<meta name=\"generator\" content=\"All in One SEO Pro (AIOSEO) 5.0.1\" \/>\n\t\t<meta property=\"og:locale\" content=\"es_ES\" \/>\n\t\t<meta property=\"og:site_name\" content=\"El Digital de Asturias\" \/>\n\t\t<meta property=\"og:type\" content=\"article\" \/>\n\t\t<meta property=\"og:title\" content=\"Obras de saneamiento y depuraci\u00f3n del Alto Aller - El Digital de Asturias\" \/>\n\t\t<meta property=\"og:description\" content=\"El proyecto beneficiar\u00e1 a Collanzo, Pola del Pino, Felechosa, El Pino, Cuergo, Santibanes de la Fuente, La Fuente y Yanos; en el Principado de Asturias\" \/>\n\t\t<meta property=\"og:url\" content=\"https:\/\/www.eldigitaldeasturias.com\/noticias\/obras-de-saneamiento-y-depuracion-del-alto-aller\/\" \/>\n\t\t<meta property=\"og:image\" content=\"https:\/\/www.eldigitaldeasturias.com\/noticias\/wp-content\/uploads\/2026\/06\/Contenidos.jpg\" \/>\n\t\t<meta property=\"og:image:secure_url\" content=\"https:\/\/www.eldigitaldeasturias.com\/noticias\/wp-content\/uploads\/2026\/06\/Contenidos.jpg\" \/>\n\t\t<meta property=\"og:image:width\" content=\"1265\" \/>\n\t\t<meta property=\"og:image:height\" content=\"697\" \/>\n\t\t<meta property=\"article:tag\" content=\"actualidad asturias\" \/>\n\t\t<meta property=\"article:published_time\" content=\"2021-05-24T10:50:28+00:00\" \/>\n\t\t<meta property=\"article:modified_time\" content=\"2021-05-24T10:50:28+00:00\" \/>\n\t\t<meta property=\"article:publisher\" content=\"https:\/\/facebook.com\/eldigitaldeasturias\" \/>\n\t\t<meta name=\"twitter:card\" content=\"summary_large_image\" \/>\n\t\t<meta name=\"twitter:title\" content=\"Obras de saneamiento y depuraci\u00f3n del Alto Aller - El Digital de Asturias\" \/>\n\t\t<meta name=\"twitter:description\" content=\"El proyecto beneficiar\u00e1 a Collanzo, Pola del Pino, Felechosa, El Pino, Cuergo, Santibanes de la Fuente, La Fuente y Yanos; en el Principado de Asturias\" \/>\n\t\t<meta name=\"twitter:image\" content=\"https:\/\/www.eldigitaldeasturias.com\/noticias\/wp-content\/uploads\/2026\/06\/Contenidos.jpg\" \/>\n\t\t<meta name=\"twitter:label1\" content=\"Escrito por\" \/>\n\t\t<meta name=\"twitter:data1\" content=\"El Digital de Asturias\" \/>\n\t\t<meta name=\"twitter:label2\" content=\"Tiempo de lectura estimado\" \/>\n\t\t<meta name=\"twitter:data2\" content=\"2 minutos\" \/>\n\t\t<script type=\"application\/ld+json\" class=\"aioseo-schema\">\n\t\t\t{\"@context\":\"https:\\\/\\\/schema.org\",\"@graph\":[{\"@type\":\"BlogPosting\",\"@id\":\"https:\\\/\\\/www.eldigitaldeasturias.com\\\/noticias\\\/obras-de-saneamiento-y-depuracion-del-alto-aller\\\/#blogposting\",\"name\":\"Obras de saneamiento y depuraci\\u00f3n del Alto Aller - El Digital de Asturias\",\"headline\":\"Obras de saneamiento y depuraci\\u00f3n del Alto Aller\",\"author\":{\"@id\":\"https:\\\/\\\/www.eldigitaldeasturias.com\\\/noticias\\\/author\\\/admin\\\/#author\"},\"publisher\":{\"@id\":\"https:\\\/\\\/www.eldigitaldeasturias.com\\\/noticias\\\/#organization\"},\"image\":{\"@type\":\"ImageObject\",\"url\":\"https:\\\/\\\/www.eldigitaldeasturias.com\\\/noticias\\\/wp-content\\\/uploads\\\/2026\\\/06\\\/Contenidos.jpg\",\"width\":1265,\"height\":697,\"caption\":\"Contenidos\"},\"datePublished\":\"2021-05-24T11:50:28+02:00\",\"dateModified\":\"2021-05-24T11:50:28+02:00\",\"inLanguage\":\"es-ES\",\"mainEntityOfPage\":{\"@id\":\"https:\\\/\\\/www.eldigitaldeasturias.com\\\/noticias\\\/obras-de-saneamiento-y-depuracion-del-alto-aller\\\/#webpage\"},\"isPartOf\":{\"@id\":\"https:\\\/\\\/www.eldigitaldeasturias.com\\\/noticias\\\/obras-de-saneamiento-y-depuracion-del-alto-aller\\\/#webpage\"},\"articleSection\":\"Actualidad Asturias\"},{\"@type\":\"BreadcrumbList\",\"@id\":\"https:\\\/\\\/www.eldigitaldeasturias.com\\\/noticias\\\/obras-de-saneamiento-y-depuracion-del-alto-aller\\\/#breadcrumblist\",\"itemListElement\":[{\"@type\":\"ListItem\",\"@id\":\"https:\\\/\\\/www.eldigitaldeasturias.com\\\/noticias#listItem\",\"position\":1,\"name\":\"Home\",\"item\":\"https:\\\/\\\/www.eldigitaldeasturias.com\\\/noticias\",\"nextItem\":{\"@type\":\"ListItem\",\"@id\":\"https:\\\/\\\/www.eldigitaldeasturias.com\\\/noticias\\\/category\\\/actualidad-asturias\\\/#listItem\",\"name\":\"Actualidad Asturias\"}},{\"@type\":\"ListItem\",\"@id\":\"https:\\\/\\\/www.eldigitaldeasturias.com\\\/noticias\\\/category\\\/actualidad-asturias\\\/#listItem\",\"position\":2,\"name\":\"Actualidad Asturias\",\"item\":\"https:\\\/\\\/www.eldigitaldeasturias.com\\\/noticias\\\/category\\\/actualidad-asturias\\\/\",\"nextItem\":{\"@type\":\"ListItem\",\"@id\":\"https:\\\/\\\/www.eldigitaldeasturias.com\\\/noticias\\\/obras-de-saneamiento-y-depuracion-del-alto-aller\\\/#listItem\",\"name\":\"Obras de saneamiento y depuraci\\u00f3n del Alto Aller\"},\"previousItem\":{\"@type\":\"ListItem\",\"@id\":\"https:\\\/\\\/www.eldigitaldeasturias.com\\\/noticias#listItem\",\"name\":\"Home\"}},{\"@type\":\"ListItem\",\"@id\":\"https:\\\/\\\/www.eldigitaldeasturias.com\\\/noticias\\\/obras-de-saneamiento-y-depuracion-del-alto-aller\\\/#listItem\",\"position\":3,\"name\":\"Obras de saneamiento y depuraci\\u00f3n del Alto Aller\",\"previousItem\":{\"@type\":\"ListItem\",\"@id\":\"https:\\\/\\\/www.eldigitaldeasturias.com\\\/noticias\\\/category\\\/actualidad-asturias\\\/#listItem\",\"name\":\"Actualidad Asturias\"}}]},{\"@type\":\"Organization\",\"@id\":\"https:\\\/\\\/www.eldigitaldeasturias.com\\\/noticias\\\/#organization\",\"name\":\"El Digital de Asturias\",\"description\":\"Hemeroteca\",\"url\":\"https:\\\/\\\/www.eldigitaldeasturias.com\\\/noticias\\\/\",\"email\":\"info@eldigitaldeasturias.com\",\"telephone\":\"+34652131393\",\"logo\":{\"@type\":\"ImageObject\",\"url\":\"https:\\\/\\\/www.eldigitaldeasturias.com\\\/noticias\\\/wp-content\\\/uploads\\\/2020\\\/12\\\/EDA.jpg\",\"@id\":\"https:\\\/\\\/www.eldigitaldeasturias.com\\\/noticias\\\/obras-de-saneamiento-y-depuracion-del-alto-aller\\\/#organizationLogo\"},\"image\":{\"@id\":\"https:\\\/\\\/www.eldigitaldeasturias.com\\\/noticias\\\/obras-de-saneamiento-y-depuracion-del-alto-aller\\\/#organizationLogo\"},\"sameAs\":[\"https:\\\/\\\/facebook.com\\\/eldigitaldeasturias\",\"https:\\\/\\\/www.youtube.com\\\/channel\\\/UCZP-2wLEB9Rv6erhFmqVnvg\"],\"address\":{\"@id\":\"https:\\\/\\\/www.eldigitaldeasturias.com\\\/noticias\\\/#postaladdress\",\"@type\":\"PostalAddress\",\"streetAddress\":\"san antonio 4\",\"postalCode\":\"33430\",\"addressLocality\":\"Cand\\u00e1s\",\"addressRegion\":\"Asturias\",\"addressCountry\":\"ES\"}},{\"@type\":\"Person\",\"@id\":\"https:\\\/\\\/www.eldigitaldeasturias.com\\\/noticias\\\/author\\\/admin\\\/#author\",\"url\":\"https:\\\/\\\/www.eldigitaldeasturias.com\\\/noticias\\\/author\\\/admin\\\/\",\"name\":\"El Digital de Asturias\",\"image\":{\"@type\":\"ImageObject\",\"@id\":\"https:\\\/\\\/www.eldigitaldeasturias.com\\\/noticias\\\/obras-de-saneamiento-y-depuracion-del-alto-aller\\\/#authorImage\",\"url\":\"https:\\\/\\\/secure.gravatar.com\\\/avatar\\\/df2aeffc32bcd13f8d26072ef8a91b623d677766deac7f97ca815868cd41bf5e?s=96&d=mm&r=g\",\"width\":96,\"height\":96,\"caption\":\"El Digital de Asturias\"}},{\"@type\":\"WebPage\",\"@id\":\"https:\\\/\\\/www.eldigitaldeasturias.com\\\/noticias\\\/obras-de-saneamiento-y-depuracion-del-alto-aller\\\/#webpage\",\"url\":\"https:\\\/\\\/www.eldigitaldeasturias.com\\\/noticias\\\/obras-de-saneamiento-y-depuracion-del-alto-aller\\\/\",\"name\":\"Obras de saneamiento y depuraci\\u00f3n del Alto Aller - El Digital de Asturias\",\"description\":\"El proyecto beneficiar\\u00e1 a Collanzo, Pola del Pino, Felechosa, El Pino, Cuergo, Santibanes de la Fuente, La Fuente y Yanos; en el Principado de Asturias\",\"inLanguage\":\"es-ES\",\"isPartOf\":{\"@id\":\"https:\\\/\\\/www.eldigitaldeasturias.com\\\/noticias\\\/#website\"},\"breadcrumb\":{\"@id\":\"https:\\\/\\\/www.eldigitaldeasturias.com\\\/noticias\\\/obras-de-saneamiento-y-depuracion-del-alto-aller\\\/#breadcrumblist\"},\"author\":{\"@id\":\"https:\\\/\\\/www.eldigitaldeasturias.com\\\/noticias\\\/author\\\/admin\\\/#author\"},\"creator\":{\"@id\":\"https:\\\/\\\/www.eldigitaldeasturias.com\\\/noticias\\\/author\\\/admin\\\/#author\"},\"image\":{\"@type\":\"ImageObject\",\"url\":\"https:\\\/\\\/www.eldigitaldeasturias.com\\\/noticias\\\/wp-content\\\/uploads\\\/2026\\\/06\\\/Contenidos.jpg\",\"@id\":\"https:\\\/\\\/www.eldigitaldeasturias.com\\\/noticias\\\/obras-de-saneamiento-y-depuracion-del-alto-aller\\\/#mainImage\",\"width\":1265,\"height\":697,\"caption\":\"Contenidos\"},\"primaryImageOfPage\":{\"@id\":\"https:\\\/\\\/www.eldigitaldeasturias.com\\\/noticias\\\/obras-de-saneamiento-y-depuracion-del-alto-aller\\\/#mainImage\"},\"datePublished\":\"2021-05-24T11:50:28+02:00\",\"dateModified\":\"2021-05-24T11:50:28+02:00\"},{\"@type\":\"WebSite\",\"@id\":\"https:\\\/\\\/www.eldigitaldeasturias.com\\\/noticias\\\/#website\",\"url\":\"https:\\\/\\\/www.eldigitaldeasturias.com\\\/noticias\\\/\",\"name\":\"El Digital de Asturias - Diario de actualidad y noticias\",\"alternateName\":\"El Digital de Asturias - Diario de actualidad y noticias\",\"description\":\"Hemeroteca\",\"inLanguage\":\"es-ES\",\"publisher\":{\"@id\":\"https:\\\/\\\/www.eldigitaldeasturias.com\\\/noticias\\\/#organization\"}}]}\n\t\t<\/script>\n\t\t<!-- All in One SEO Pro -->\r\n\t\t<title>Obras de saneamiento y depuraci\u00f3n del Alto Aller - El Digital de Asturias<\/title>\n\n","aioseo_head_json":{"title":"Obras de saneamiento y depuraci\u00f3n del Alto Aller - El Digital de Asturias","description":"El proyecto beneficiar\u00e1 a Collanzo, Pola del Pino, Felechosa, El Pino, Cuergo, Santibanes de la Fuente, La Fuente y Yanos; en el Principado de Asturias","canonical_url":"https:\/\/www.eldigitaldeasturias.com\/noticias\/obras-de-saneamiento-y-depuracion-del-alto-aller\/","robots":"max-image-preview:large","keywords":"actualidad asturias","webmasterTools":{"google-site-verification":"UA-38556648-1","msvalidate.01":"7dfe9f3f1b24437ab69f4f2559babe99","miscellaneous":""},"schema":{"@context":"https:\/\/schema.org","@graph":[{"@type":"BlogPosting","@id":"https:\/\/www.eldigitaldeasturias.com\/noticias\/obras-de-saneamiento-y-depuracion-del-alto-aller\/#blogposting","name":"Obras de saneamiento y depuraci\u00f3n del Alto Aller - El Digital de Asturias","headline":"Obras de saneamiento y depuraci\u00f3n del Alto Aller","author":{"@id":"https:\/\/www.eldigitaldeasturias.com\/noticias\/author\/admin\/#author"},"publisher":{"@id":"https:\/\/www.eldigitaldeasturias.com\/noticias\/#organization"},"image":{"@type":"ImageObject","url":"https:\/\/www.eldigitaldeasturias.com\/noticias\/wp-content\/uploads\/2026\/06\/Contenidos.jpg","width":1265,"height":697,"caption":"Contenidos"},"datePublished":"2021-05-24T11:50:28+02:00","dateModified":"2021-05-24T11:50:28+02:00","inLanguage":"es-ES","mainEntityOfPage":{"@id":"https:\/\/www.eldigitaldeasturias.com\/noticias\/obras-de-saneamiento-y-depuracion-del-alto-aller\/#webpage"},"isPartOf":{"@id":"https:\/\/www.eldigitaldeasturias.com\/noticias\/obras-de-saneamiento-y-depuracion-del-alto-aller\/#webpage"},"articleSection":"Actualidad Asturias"},{"@type":"BreadcrumbList","@id":"https:\/\/www.eldigitaldeasturias.com\/noticias\/obras-de-saneamiento-y-depuracion-del-alto-aller\/#breadcrumblist","itemListElement":[{"@type":"ListItem","@id":"https:\/\/www.eldigitaldeasturias.com\/noticias#listItem","position":1,"name":"Home","item":"https:\/\/www.eldigitaldeasturias.com\/noticias","nextItem":{"@type":"ListItem","@id":"https:\/\/www.eldigitaldeasturias.com\/noticias\/category\/actualidad-asturias\/#listItem","name":"Actualidad Asturias"}},{"@type":"ListItem","@id":"https:\/\/www.eldigitaldeasturias.com\/noticias\/category\/actualidad-asturias\/#listItem","position":2,"name":"Actualidad Asturias","item":"https:\/\/www.eldigitaldeasturias.com\/noticias\/category\/actualidad-asturias\/","nextItem":{"@type":"ListItem","@id":"https:\/\/www.eldigitaldeasturias.com\/noticias\/obras-de-saneamiento-y-depuracion-del-alto-aller\/#listItem","name":"Obras de saneamiento y depuraci\u00f3n del Alto Aller"},"previousItem":{"@type":"ListItem","@id":"https:\/\/www.eldigitaldeasturias.com\/noticias#listItem","name":"Home"}},{"@type":"ListItem","@id":"https:\/\/www.eldigitaldeasturias.com\/noticias\/obras-de-saneamiento-y-depuracion-del-alto-aller\/#listItem","position":3,"name":"Obras de saneamiento y depuraci\u00f3n del Alto Aller","previousItem":{"@type":"ListItem","@id":"https:\/\/www.eldigitaldeasturias.com\/noticias\/category\/actualidad-asturias\/#listItem","name":"Actualidad Asturias"}}]},{"@type":"Organization","@id":"https:\/\/www.eldigitaldeasturias.com\/noticias\/#organization","name":"El Digital de Asturias","description":"Hemeroteca","url":"https:\/\/www.eldigitaldeasturias.com\/noticias\/","email":"info@eldigitaldeasturias.com","telephone":"+34652131393","logo":{"@type":"ImageObject","url":"https:\/\/www.eldigitaldeasturias.com\/noticias\/wp-content\/uploads\/2020\/12\/EDA.jpg","@id":"https:\/\/www.eldigitaldeasturias.com\/noticias\/obras-de-saneamiento-y-depuracion-del-alto-aller\/#organizationLogo"},"image":{"@id":"https:\/\/www.eldigitaldeasturias.com\/noticias\/obras-de-saneamiento-y-depuracion-del-alto-aller\/#organizationLogo"},"sameAs":["https:\/\/facebook.com\/eldigitaldeasturias","https:\/\/www.youtube.com\/channel\/UCZP-2wLEB9Rv6erhFmqVnvg"],"address":{"@id":"https:\/\/www.eldigitaldeasturias.com\/noticias\/#postaladdress","@type":"PostalAddress","streetAddress":"san antonio 4","postalCode":"33430","addressLocality":"Cand\u00e1s","addressRegion":"Asturias","addressCountry":"ES"}},{"@type":"Person","@id":"https:\/\/www.eldigitaldeasturias.com\/noticias\/author\/admin\/#author","url":"https:\/\/www.eldigitaldeasturias.com\/noticias\/author\/admin\/","name":"El Digital de Asturias","image":{"@type":"ImageObject","@id":"https:\/\/www.eldigitaldeasturias.com\/noticias\/obras-de-saneamiento-y-depuracion-del-alto-aller\/#authorImage","url":"https:\/\/secure.gravatar.com\/avatar\/df2aeffc32bcd13f8d26072ef8a91b623d677766deac7f97ca815868cd41bf5e?s=96&d=mm&r=g","width":96,"height":96,"caption":"El Digital de Asturias"}},{"@type":"WebPage","@id":"https:\/\/www.eldigitaldeasturias.com\/noticias\/obras-de-saneamiento-y-depuracion-del-alto-aller\/#webpage","url":"https:\/\/www.eldigitaldeasturias.com\/noticias\/obras-de-saneamiento-y-depuracion-del-alto-aller\/","name":"Obras de saneamiento y depuraci\u00f3n del Alto Aller - El Digital de Asturias","description":"El proyecto beneficiar\u00e1 a Collanzo, Pola del Pino, Felechosa, El Pino, Cuergo, Santibanes de la Fuente, La Fuente y Yanos; en el Principado de Asturias","inLanguage":"es-ES","isPartOf":{"@id":"https:\/\/www.eldigitaldeasturias.com\/noticias\/#website"},"breadcrumb":{"@id":"https:\/\/www.eldigitaldeasturias.com\/noticias\/obras-de-saneamiento-y-depuracion-del-alto-aller\/#breadcrumblist"},"author":{"@id":"https:\/\/www.eldigitaldeasturias.com\/noticias\/author\/admin\/#author"},"creator":{"@id":"https:\/\/www.eldigitaldeasturias.com\/noticias\/author\/admin\/#author"},"image":{"@type":"ImageObject","url":"https:\/\/www.eldigitaldeasturias.com\/noticias\/wp-content\/uploads\/2026\/06\/Contenidos.jpg","@id":"https:\/\/www.eldigitaldeasturias.com\/noticias\/obras-de-saneamiento-y-depuracion-del-alto-aller\/#mainImage","width":1265,"height":697,"caption":"Contenidos"},"primaryImageOfPage":{"@id":"https:\/\/www.eldigitaldeasturias.com\/noticias\/obras-de-saneamiento-y-depuracion-del-alto-aller\/#mainImage"},"datePublished":"2021-05-24T11:50:28+02:00","dateModified":"2021-05-24T11:50:28+02:00"},{"@type":"WebSite","@id":"https:\/\/www.eldigitaldeasturias.com\/noticias\/#website","url":"https:\/\/www.eldigitaldeasturias.com\/noticias\/","name":"El Digital de Asturias - Diario de actualidad y noticias","alternateName":"El Digital de Asturias - Diario de actualidad y noticias","description":"Hemeroteca","inLanguage":"es-ES","publisher":{"@id":"https:\/\/www.eldigitaldeasturias.com\/noticias\/#organization"}}]},"og:locale":"es_ES","og:site_name":"El Digital de Asturias","og:type":"article","og:title":"Obras de saneamiento y depuraci\u00f3n del Alto Aller - El Digital de Asturias","og:description":"El proyecto beneficiar\u00e1 a Collanzo, Pola del Pino, Felechosa, El Pino, Cuergo, Santibanes de la Fuente, La Fuente y Yanos; en el Principado de Asturias","og:url":"https:\/\/www.eldigitaldeasturias.com\/noticias\/obras-de-saneamiento-y-depuracion-del-alto-aller\/","og:image":"https:\/\/www.eldigitaldeasturias.com\/noticias\/wp-content\/uploads\/2026\/06\/Contenidos.jpg","og:image:secure_url":"https:\/\/www.eldigitaldeasturias.com\/noticias\/wp-content\/uploads\/2026\/06\/Contenidos.jpg","og:image:width":1265,"og:image:height":697,"article:tag":["actualidad asturias"],"article:published_time":"2021-05-24T10:50:28+00:00","article:modified_time":"2021-05-24T10:50:28+00:00","article:publisher":"https:\/\/facebook.com\/eldigitaldeasturias","twitter:card":"summary_large_image","twitter:title":"Obras de saneamiento y depuraci\u00f3n del Alto Aller - El Digital de Asturias","twitter:description":"El proyecto beneficiar\u00e1 a Collanzo, Pola del Pino, Felechosa, El Pino, Cuergo, Santibanes de la Fuente, La Fuente y Yanos; en el Principado de Asturias","twitter:image":"https:\/\/www.eldigitaldeasturias.com\/noticias\/wp-content\/uploads\/2026\/06\/Contenidos.jpg","twitter:label1":"Escrito por","twitter:data1":"El Digital de Asturias","twitter:label2":"Tiempo de lectura estimado","twitter:data2":"2 minutos"},"aioseo_meta_data":{"post_id":"1092232","title":null,"description":"El proyecto beneficiar\u00e1 a Collanzo, Pola del Pino, Felechosa, El Pino, Cuergo, Santibanes de la Fuente, La Fuente y Yanos; en el Principado de Asturias","keywords":[],"keyphrases":{"focus":[],"additional":[]},"primary_term":null,"canonical_url":null,"og_title":null,"og_description":null,"og_object_type":"default","og_image_type":"default","og_image_url":null,"og_image_width":null,"og_image_height":null,"og_image_custom_url":null,"og_image_custom_fields":null,"og_video":"","og_custom_url":null,"og_article_section":null,"og_article_tags":[],"twitter_use_og":false,"twitter_card":"default","twitter_image_type":"default","twitter_image_url":null,"twitter_image_custom_url":null,"twitter_image_custom_fields":null,"twitter_title":null,"twitter_description":null,"schema":{"blockGraphs":[],"customGraphs":[],"default":{"data":{"Article":[],"Course":[],"Dataset":[],"FAQPage":[],"Movie":[],"Person":[],"Product":[],"ProductReview":[],"Car":[],"Recipe":[],"Service":[],"SoftwareApplication":[],"WebPage":[]},"graphName":"","isEnabled":true},"graphs":[],"defaultGraph":"Article","defaultPostTypeGraph":""},"schema_type":"default","schema_type_options":"{\"article\":{\"articleType\":\"BlogPosting\"},\"course\":{\"name\":\"\",\"description\":\"\",\"provider\":\"\"},\"faq\":{\"pages\":[]},\"product\":{\"reviews\":[]},\"recipe\":{\"ingredients\":[],\"instructions\":[],\"keywords\":[]},\"software\":{\"reviews\":[],\"operatingSystems\":[]},\"webPage\":{\"webPageType\":\"WebPage\"}}","pillar_content":false,"robots_default":true,"robots_noindex":false,"robots_noarchive":false,"robots_nosnippet":false,"robots_nofollow":false,"robots_noimageindex":false,"robots_noodp":false,"robots_notranslate":false,"robots_max_snippet":"-1","robots_max_videopreview":"-1","robots_max_imagepreview":"large","priority":null,"frequency":"default","local_seo":{"locations":{"business":{"name":"","businessType":"","image":"","areaServed":"","urls":{"website":"","aboutPage":"","contactPage":""},"address":{"streetLine1":"","streetLine2":"","zipCode":"","city":"","state":"","country":"","addressFormat":"#streetLineOne\n#streetLineTwo\n#city, #state #zipCode"},"contact":{"email":"","phone":"","phoneFormatted":"","fax":"","faxFormatted":""},"ids":{"vat":"","tax":"","chamberOfCommerce":""},"payment":{"priceRange":"","currenciesAccepted":"","methods":""}}},"openingHours":{"useDefaults":true,"show":true,"alwaysOpen":false,"use24hFormat":false,"timezone":"","labels":{"closed":"","alwaysOpen":""},"days":{"monday":{"open24h":false,"closed":false,"openTime":"09:00","closeTime":"17:00"},"tuesday":{"open24h":false,"closed":false,"openTime":"09:00","closeTime":"17:00"},"wednesday":{"open24h":false,"closed":false,"openTime":"09:00","closeTime":"17:00"},"thursday":{"open24h":false,"closed":false,"openTime":"09:00","closeTime":"17:00"},"friday":{"open24h":false,"closed":false,"openTime":"09:00","closeTime":"17:00"},"saturday":{"open24h":false,"closed":false,"openTime":"09:00","closeTime":"17:00"},"sunday":{"open24h":false,"closed":false,"openTime":"09:00","closeTime":"17:00"}}}},"seo_analyzer_scan_date":"2026-07-18 04:06:04","breadcrumb_settings":null,"limit_modified_date":false,"open_ai":null,"ai":null,"created":"2021-05-24 10:47:06","updated":"2026-07-18 04:06:04","focus_keyword":null,"additional_keywords":null,"truseo_locale":null},"aioseo_breadcrumb":"<div class=\"aioseo-breadcrumbs\"><span class=\"aioseo-breadcrumb\">\n\t<a href=\"https:\/\/www.eldigitaldeasturias.com\/noticias\" title=\"Home\">Home<\/a>\n<\/span><span class=\"aioseo-breadcrumb-separator\">\u2013<\/span><span class=\"aioseo-breadcrumb\">\n\t<a href=\"https:\/\/www.eldigitaldeasturias.com\/noticias\/category\/actualidad-asturias\/\" title=\"Actualidad Asturias\">Actualidad Asturias<\/a>\n<\/span><span class=\"aioseo-breadcrumb-separator\">\u2013<\/span><span class=\"aioseo-breadcrumb\">\n\t<a href=\"https:\/\/www.eldigitaldeasturias.com\/noticias\/obras-de-saneamiento-y-depuracion-del-alto-aller\/\" title=\"Obras de saneamiento y depuraci\u00f3n del Alto Aller\">Obras de saneamiento y depuraci\u00f3n del Alto Aller<\/a>\n<\/span><\/div>","aioseo_breadcrumb_json":[{"label":"Home","link":"https:\/\/www.eldigitaldeasturias.com\/noticias"},{"label":"Actualidad Asturias","link":"https:\/\/www.eldigitaldeasturias.com\/noticias\/category\/actualidad-asturias\/"},{"label":"Obras de saneamiento y depuraci\u00f3n del Alto Aller","link":"https:\/\/www.eldigitaldeasturias.com\/noticias\/obras-de-saneamiento-y-depuracion-del-alto-aller\/"}],"_links":{"self":[{"href":"https:\/\/www.eldigitaldeasturias.com\/noticias\/wp-json\/wp\/v2\/posts\/1092232","targetHints":{"allow":["GET"]}}],"collection":[{"href":"https:\/\/www.eldigitaldeasturias.com\/noticias\/wp-json\/wp\/v2\/posts"}],"about":[{"href":"https:\/\/www.eldigitaldeasturias.com\/noticias\/wp-json\/wp\/v2\/types\/post"}],"author":[{"embeddable":true,"href":"https:\/\/www.eldigitaldeasturias.com\/noticias\/wp-json\/wp\/v2\/users\/1"}],"replies":[{"embeddable":true,"href":"https:\/\/www.eldigitaldeasturias.com\/noticias\/wp-json\/wp\/v2\/comments?post=1092232"}],"version-history":[{"count":0,"href":"https:\/\/www.eldigitaldeasturias.com\/noticias\/wp-json\/wp\/v2\/posts\/1092232\/revisions"}],"wp:featuredmedia":[{"embeddable":true,"href":"https:\/\/www.eldigitaldeasturias.com\/noticias\/wp-json\/wp\/v2\/media\/1132184"}],"wp:attachment":[{"href":"https:\/\/www.eldigitaldeasturias.com\/noticias\/wp-json\/wp\/v2\/media?parent=1092232"}],"wp:term":[{"taxonomy":"category","embeddable":true,"href":"https:\/\/www.eldigitaldeasturias.com\/noticias\/wp-json\/wp\/v2\/categories?post=1092232"},{"taxonomy":"post_tag","embeddable":true,"href":"https:\/\/www.eldigitaldeasturias.com\/noticias\/wp-json\/wp\/v2\/tags?post=1092232"}],"curies":[{"name":"wp","href":"https:\/\/api.w.org\/{rel}","templated":true}]}}