{"id":1092218,"date":"2021-05-23T18:50:06","date_gmt":"2021-05-23T17:50:06","guid":{"rendered":"https:\/\/www.eldigitaldeasturias.com\/noticias\/?p=1092218"},"modified":"2021-05-23T18:50:06","modified_gmt":"2021-05-23T17:50:06","slug":"asturias-reforzara-las-conexiones-aereas-nacionales","status":"publish","type":"post","link":"https:\/\/www.eldigitaldeasturias.com\/noticias\/asturias-reforzara-las-conexiones-aereas-nacionales\/","title":{"rendered":"Asturias reforzar\u00e1 las conexiones a\u00e9reas nacionales"},"content":{"rendered":"<p><img loading=\"lazy\" decoding=\"async\" class=\"alignleft size-medium wp-image-998646\" src=\"https:\/\/www.eldigitaldeasturias.com\/noticias\/wp-content\/uploads\/2018\/09\/airport-1822133_960_720-360x247.jpg\" alt=\"\" width=\"360\" height=\"247\" \/>El Gobierno de Asturias mantiene contactos regulares con distintas compa\u00f1\u00edas a\u00e9reas para reforzar y consolidar una oferta de vuelos que esta temporada conecta el Principado con 14 destinos nacionales con m\u00e1s de una treintena de rutas directas operadas por 7 aerol\u00edneas.<\/p>\n<p>Vueling, Air Nostrum, Iberia, Iberia Express, Air Europa, Volotea y Binter ya permiten reservar vuelos desde el aeropuerto de Santiago del Monte con destino a siete regiones peninsulares: Madrid, Barcelona, Valencia, M\u00e1laga, Alicante, Sevilla y Murcia y con las islas de Mallorca, Menorca e Ibiza, en Baleares, y de Tenerife Norte, Tenerife Sur, Gran Canaria y Lanzarote, en el archipi\u00e9lago canario, al menos hasta el pr\u00f3ximo oto\u00f1o.<\/p>\n<p>As\u00ed, Asturias recuperar\u00e1 en la temporada de verano hasta 120 salidas a la semana con 40.000 plazas ofertadas. De este modo, semanalmente contar\u00e1 con hasta 26 salidas a Canarias, 24 a Baleares, 21 a Madrid, 20 a Barcelona y 29 al resto de destinos peninsulares. Adem\u00e1s, se podr\u00e1 conectar con otros internacionales a trav\u00e9s de los aeropuertos de Madrid y Barcelona, donde Iberia y Vueling tienen sus centros de conexiones (hubs).<\/p>\n<p>Por su parte, Binter Canarias permite llegar a todas las islas del archipi\u00e9lago con breves escalas en Tenerife Norte y Gran Canaria.<\/p>\n<p>El viceconsejero de Infraestructuras, Movilidad y Territorio, Jorge Garc\u00eda, subraya la importancia de consolidar y desestacionalizar los destinos nacionales para lograr una conectividad \u00e1gil y directa con los principales mercados. Adem\u00e1s, y a pesar de que la pandemia ha perjudicado al sector a\u00e9reo, lo que se traduce en una acusada ca\u00edda de la demanda, el Ejecutivo auton\u00f3mico trabaja en dise\u00f1ar la conectividad internacional de Asturias de cara a los pr\u00f3ximos a\u00f1os.<\/p>\n<p>El Principado adjudic\u00f3 el a\u00f1o pasado a Volotea un contrato valorado en m\u00e1s de 3,1 millones para fomentar la promoci\u00f3n tur\u00edstica, cultural y de Asturias como polo de actividad econ\u00f3mica hasta 2024. Ese contrato garantiza las conexiones con Sevilla, M\u00e1laga, Valencia y Alicante durante cuatro a\u00f1os, reforzando as\u00ed la apuesta por la conectividad nacional en un momento de fuerte contracci\u00f3n de la demanda y de la oferta.<\/p>\n<p>&nbsp;<\/p>\n","protected":false},"excerpt":{"rendered":"<p>El Gobierno de Asturias mantiene contactos regulares con distintas compa\u00f1\u00edas a\u00e9reas para reforzar y consolidar una oferta de vuelos que esta temporada conecta el Principado con 14 destinos nacionales con m\u00e1s de una treintena de rutas directas operadas por 7 aerol\u00edneas. Vueling, Air Nostrum, Iberia, Iberia Express, Air Europa, Volotea y Binter ya permiten reservar [&hellip;]<\/p>\n","protected":false},"author":1,"featured_media":998646,"comment_status":"closed","ping_status":"closed","sticky":false,"template":"","format":"standard","meta":{"footnotes":""},"categories":[12],"tags":[],"class_list":["post-1092218","post","type-post","status-publish","format-standard","has-post-thumbnail","hentry","category-actualidad-asturias"],"aioseo_notices":[],"aioseo_head":"\n\t\t<!-- All in One SEO Pro 5.0.1 - aioseo.com -->\n\t<meta name=\"description\" content=\"El Gobierno de Asturias mantiene contactos regulares con distintas compa\u00f1\u00edas a\u00e9reas para reforzar y consolidar una oferta de vuelos que esta temporada conecta..\" \/>\n\t<meta name=\"robots\" content=\"max-image-preview:large\" \/>\n\t<meta name=\"author\" content=\"El Digital de Asturias\"\/>\n\t<meta name=\"google-site-verification\" content=\"UA-38556648-1\" \/>\n\t<meta name=\"msvalidate.01\" content=\"7dfe9f3f1b24437ab69f4f2559babe99\" \/>\n\t<meta name=\"keywords\" content=\"actualidad asturias\" \/>\n\t<link rel=\"canonical\" href=\"https:\/\/www.eldigitaldeasturias.com\/noticias\/asturias-reforzara-las-conexiones-aereas-nacionales\/\" \/>\n\t<meta name=\"generator\" content=\"All in One SEO Pro (AIOSEO) 5.0.1\" \/>\n\t\t<meta property=\"og:locale\" content=\"es_ES\" \/>\n\t\t<meta property=\"og:site_name\" content=\"El Digital de Asturias\" \/>\n\t\t<meta property=\"og:type\" content=\"article\" \/>\n\t\t<meta property=\"og:title\" content=\"Asturias reforzar\u00e1 las conexiones a\u00e9reas nacionales - El Digital de Asturias\" \/>\n\t\t<meta property=\"og:description\" content=\"El Gobierno de Asturias mantiene contactos regulares con distintas compa\u00f1\u00edas a\u00e9reas para reforzar y consolidar una oferta de vuelos que esta temporada conecta..\" \/>\n\t\t<meta property=\"og:url\" content=\"https:\/\/www.eldigitaldeasturias.com\/noticias\/asturias-reforzara-las-conexiones-aereas-nacionales\/\" \/>\n\t\t<meta property=\"article:tag\" content=\"actualidad asturias\" \/>\n\t\t<meta property=\"article:published_time\" content=\"2021-05-23T17:50:06+00:00\" \/>\n\t\t<meta property=\"article:modified_time\" content=\"2021-05-23T17:50:06+00:00\" \/>\n\t\t<meta property=\"article:publisher\" content=\"https:\/\/facebook.com\/eldigitaldeasturias\" \/>\n\t\t<meta name=\"twitter:card\" content=\"summary_large_image\" \/>\n\t\t<meta name=\"twitter:title\" content=\"Asturias reforzar\u00e1 las conexiones a\u00e9reas nacionales - El Digital de Asturias\" \/>\n\t\t<meta name=\"twitter:description\" content=\"El Gobierno de Asturias mantiene contactos regulares con distintas compa\u00f1\u00edas a\u00e9reas para reforzar y consolidar una oferta de vuelos que esta temporada conecta..\" \/>\n\t\t<meta name=\"twitter:image\" content=\"https:\/\/www.eldigitaldeasturias.com\/noticias\/wp-content\/uploads\/2020\/12\/EDA-1.jpg\" \/>\n\t\t<meta name=\"twitter:label1\" content=\"Escrito por\" \/>\n\t\t<meta name=\"twitter:data1\" content=\"El Digital de Asturias\" \/>\n\t\t<meta name=\"twitter:label2\" content=\"Tiempo de lectura estimado\" \/>\n\t\t<meta name=\"twitter:data2\" content=\"2 minutos\" \/>\n\t\t<script type=\"application\/ld+json\" class=\"aioseo-schema\">\n\t\t\t{\"@context\":\"https:\\\/\\\/schema.org\",\"@graph\":[{\"@type\":\"BlogPosting\",\"@id\":\"https:\\\/\\\/www.eldigitaldeasturias.com\\\/noticias\\\/asturias-reforzara-las-conexiones-aereas-nacionales\\\/#blogposting\",\"name\":\"Asturias reforzar\\u00e1 las conexiones a\\u00e9reas nacionales - El Digital de Asturias\",\"headline\":\"Asturias reforzar\\u00e1 las conexiones a\\u00e9reas nacionales\",\"author\":{\"@id\":\"https:\\\/\\\/www.eldigitaldeasturias.com\\\/noticias\\\/author\\\/admin\\\/#author\"},\"publisher\":{\"@id\":\"https:\\\/\\\/www.eldigitaldeasturias.com\\\/noticias\\\/#organization\"},\"image\":{\"@type\":\"ImageObject\",\"url\":998646},\"datePublished\":\"2021-05-23T18:50:06+02:00\",\"dateModified\":\"2021-05-23T18:50:06+02:00\",\"inLanguage\":\"es-ES\",\"mainEntityOfPage\":{\"@id\":\"https:\\\/\\\/www.eldigitaldeasturias.com\\\/noticias\\\/asturias-reforzara-las-conexiones-aereas-nacionales\\\/#webpage\"},\"isPartOf\":{\"@id\":\"https:\\\/\\\/www.eldigitaldeasturias.com\\\/noticias\\\/asturias-reforzara-las-conexiones-aereas-nacionales\\\/#webpage\"},\"articleSection\":\"Actualidad Asturias\"},{\"@type\":\"BreadcrumbList\",\"@id\":\"https:\\\/\\\/www.eldigitaldeasturias.com\\\/noticias\\\/asturias-reforzara-las-conexiones-aereas-nacionales\\\/#breadcrumblist\",\"itemListElement\":[{\"@type\":\"ListItem\",\"@id\":\"https:\\\/\\\/www.eldigitaldeasturias.com\\\/noticias#listItem\",\"position\":1,\"name\":\"Home\",\"item\":\"https:\\\/\\\/www.eldigitaldeasturias.com\\\/noticias\",\"nextItem\":{\"@type\":\"ListItem\",\"@id\":\"https:\\\/\\\/www.eldigitaldeasturias.com\\\/noticias\\\/category\\\/actualidad-asturias\\\/#listItem\",\"name\":\"Actualidad Asturias\"}},{\"@type\":\"ListItem\",\"@id\":\"https:\\\/\\\/www.eldigitaldeasturias.com\\\/noticias\\\/category\\\/actualidad-asturias\\\/#listItem\",\"position\":2,\"name\":\"Actualidad Asturias\",\"item\":\"https:\\\/\\\/www.eldigitaldeasturias.com\\\/noticias\\\/category\\\/actualidad-asturias\\\/\",\"nextItem\":{\"@type\":\"ListItem\",\"@id\":\"https:\\\/\\\/www.eldigitaldeasturias.com\\\/noticias\\\/asturias-reforzara-las-conexiones-aereas-nacionales\\\/#listItem\",\"name\":\"Asturias reforzar\\u00e1 las conexiones a\\u00e9reas nacionales\"},\"previousItem\":{\"@type\":\"ListItem\",\"@id\":\"https:\\\/\\\/www.eldigitaldeasturias.com\\\/noticias#listItem\",\"name\":\"Home\"}},{\"@type\":\"ListItem\",\"@id\":\"https:\\\/\\\/www.eldigitaldeasturias.com\\\/noticias\\\/asturias-reforzara-las-conexiones-aereas-nacionales\\\/#listItem\",\"position\":3,\"name\":\"Asturias reforzar\\u00e1 las conexiones a\\u00e9reas nacionales\",\"previousItem\":{\"@type\":\"ListItem\",\"@id\":\"https:\\\/\\\/www.eldigitaldeasturias.com\\\/noticias\\\/category\\\/actualidad-asturias\\\/#listItem\",\"name\":\"Actualidad Asturias\"}}]},{\"@type\":\"Organization\",\"@id\":\"https:\\\/\\\/www.eldigitaldeasturias.com\\\/noticias\\\/#organization\",\"name\":\"El Digital de Asturias\",\"description\":\"Hemeroteca\",\"url\":\"https:\\\/\\\/www.eldigitaldeasturias.com\\\/noticias\\\/\",\"email\":\"info@eldigitaldeasturias.com\",\"telephone\":\"+34652131393\",\"logo\":{\"@type\":\"ImageObject\",\"url\":\"https:\\\/\\\/www.eldigitaldeasturias.com\\\/noticias\\\/wp-content\\\/uploads\\\/2020\\\/12\\\/EDA.jpg\",\"@id\":\"https:\\\/\\\/www.eldigitaldeasturias.com\\\/noticias\\\/asturias-reforzara-las-conexiones-aereas-nacionales\\\/#organizationLogo\"},\"image\":{\"@id\":\"https:\\\/\\\/www.eldigitaldeasturias.com\\\/noticias\\\/asturias-reforzara-las-conexiones-aereas-nacionales\\\/#organizationLogo\"},\"sameAs\":[\"https:\\\/\\\/facebook.com\\\/eldigitaldeasturias\",\"https:\\\/\\\/www.youtube.com\\\/channel\\\/UCZP-2wLEB9Rv6erhFmqVnvg\"],\"address\":{\"@id\":\"https:\\\/\\\/www.eldigitaldeasturias.com\\\/noticias\\\/#postaladdress\",\"@type\":\"PostalAddress\",\"streetAddress\":\"san antonio 4\",\"postalCode\":\"33430\",\"addressLocality\":\"Cand\\u00e1s\",\"addressRegion\":\"Asturias\",\"addressCountry\":\"ES\"}},{\"@type\":\"Person\",\"@id\":\"https:\\\/\\\/www.eldigitaldeasturias.com\\\/noticias\\\/author\\\/admin\\\/#author\",\"url\":\"https:\\\/\\\/www.eldigitaldeasturias.com\\\/noticias\\\/author\\\/admin\\\/\",\"name\":\"El Digital de Asturias\",\"image\":{\"@type\":\"ImageObject\",\"@id\":\"https:\\\/\\\/www.eldigitaldeasturias.com\\\/noticias\\\/asturias-reforzara-las-conexiones-aereas-nacionales\\\/#authorImage\",\"url\":\"https:\\\/\\\/secure.gravatar.com\\\/avatar\\\/df2aeffc32bcd13f8d26072ef8a91b623d677766deac7f97ca815868cd41bf5e?s=96&d=mm&r=g\",\"width\":96,\"height\":96,\"caption\":\"El Digital de Asturias\"}},{\"@type\":\"WebPage\",\"@id\":\"https:\\\/\\\/www.eldigitaldeasturias.com\\\/noticias\\\/asturias-reforzara-las-conexiones-aereas-nacionales\\\/#webpage\",\"url\":\"https:\\\/\\\/www.eldigitaldeasturias.com\\\/noticias\\\/asturias-reforzara-las-conexiones-aereas-nacionales\\\/\",\"name\":\"Asturias reforzar\\u00e1 las conexiones a\\u00e9reas nacionales - El Digital de Asturias\",\"description\":\"El Gobierno de Asturias mantiene contactos regulares con distintas compa\\u00f1\\u00edas a\\u00e9reas para reforzar y consolidar una oferta de vuelos que esta temporada conecta..\",\"inLanguage\":\"es-ES\",\"isPartOf\":{\"@id\":\"https:\\\/\\\/www.eldigitaldeasturias.com\\\/noticias\\\/#website\"},\"breadcrumb\":{\"@id\":\"https:\\\/\\\/www.eldigitaldeasturias.com\\\/noticias\\\/asturias-reforzara-las-conexiones-aereas-nacionales\\\/#breadcrumblist\"},\"author\":{\"@id\":\"https:\\\/\\\/www.eldigitaldeasturias.com\\\/noticias\\\/author\\\/admin\\\/#author\"},\"creator\":{\"@id\":\"https:\\\/\\\/www.eldigitaldeasturias.com\\\/noticias\\\/author\\\/admin\\\/#author\"},\"image\":{\"@type\":\"ImageObject\",\"url\":998646,\"@id\":\"https:\\\/\\\/www.eldigitaldeasturias.com\\\/noticias\\\/asturias-reforzara-las-conexiones-aereas-nacionales\\\/#mainImage\"},\"primaryImageOfPage\":{\"@id\":\"https:\\\/\\\/www.eldigitaldeasturias.com\\\/noticias\\\/asturias-reforzara-las-conexiones-aereas-nacionales\\\/#mainImage\"},\"datePublished\":\"2021-05-23T18:50:06+02:00\",\"dateModified\":\"2021-05-23T18:50:06+02:00\"},{\"@type\":\"WebSite\",\"@id\":\"https:\\\/\\\/www.eldigitaldeasturias.com\\\/noticias\\\/#website\",\"url\":\"https:\\\/\\\/www.eldigitaldeasturias.com\\\/noticias\\\/\",\"name\":\"El Digital de Asturias - Diario de actualidad y noticias\",\"alternateName\":\"El Digital de Asturias - Diario de actualidad y noticias\",\"description\":\"Hemeroteca\",\"inLanguage\":\"es-ES\",\"publisher\":{\"@id\":\"https:\\\/\\\/www.eldigitaldeasturias.com\\\/noticias\\\/#organization\"}}]}\n\t\t<\/script>\n\t\t<!-- All in One SEO Pro -->\r\n\t\t<title>Asturias reforzar\u00e1 las conexiones a\u00e9reas nacionales - El Digital de Asturias<\/title>\n\n","aioseo_head_json":{"title":"Asturias reforzar\u00e1 las conexiones a\u00e9reas nacionales - El Digital de Asturias","description":"El Gobierno de Asturias mantiene contactos regulares con distintas compa\u00f1\u00edas a\u00e9reas para reforzar y consolidar una oferta de vuelos que esta temporada conecta..","canonical_url":"https:\/\/www.eldigitaldeasturias.com\/noticias\/asturias-reforzara-las-conexiones-aereas-nacionales\/","robots":"max-image-preview:large","keywords":"actualidad asturias","webmasterTools":{"google-site-verification":"UA-38556648-1","msvalidate.01":"7dfe9f3f1b24437ab69f4f2559babe99","miscellaneous":""},"schema":{"@context":"https:\/\/schema.org","@graph":[{"@type":"BlogPosting","@id":"https:\/\/www.eldigitaldeasturias.com\/noticias\/asturias-reforzara-las-conexiones-aereas-nacionales\/#blogposting","name":"Asturias reforzar\u00e1 las conexiones a\u00e9reas nacionales - El Digital de Asturias","headline":"Asturias reforzar\u00e1 las conexiones a\u00e9reas nacionales","author":{"@id":"https:\/\/www.eldigitaldeasturias.com\/noticias\/author\/admin\/#author"},"publisher":{"@id":"https:\/\/www.eldigitaldeasturias.com\/noticias\/#organization"},"image":{"@type":"ImageObject","url":998646},"datePublished":"2021-05-23T18:50:06+02:00","dateModified":"2021-05-23T18:50:06+02:00","inLanguage":"es-ES","mainEntityOfPage":{"@id":"https:\/\/www.eldigitaldeasturias.com\/noticias\/asturias-reforzara-las-conexiones-aereas-nacionales\/#webpage"},"isPartOf":{"@id":"https:\/\/www.eldigitaldeasturias.com\/noticias\/asturias-reforzara-las-conexiones-aereas-nacionales\/#webpage"},"articleSection":"Actualidad Asturias"},{"@type":"BreadcrumbList","@id":"https:\/\/www.eldigitaldeasturias.com\/noticias\/asturias-reforzara-las-conexiones-aereas-nacionales\/#breadcrumblist","itemListElement":[{"@type":"ListItem","@id":"https:\/\/www.eldigitaldeasturias.com\/noticias#listItem","position":1,"name":"Home","item":"https:\/\/www.eldigitaldeasturias.com\/noticias","nextItem":{"@type":"ListItem","@id":"https:\/\/www.eldigitaldeasturias.com\/noticias\/category\/actualidad-asturias\/#listItem","name":"Actualidad Asturias"}},{"@type":"ListItem","@id":"https:\/\/www.eldigitaldeasturias.com\/noticias\/category\/actualidad-asturias\/#listItem","position":2,"name":"Actualidad Asturias","item":"https:\/\/www.eldigitaldeasturias.com\/noticias\/category\/actualidad-asturias\/","nextItem":{"@type":"ListItem","@id":"https:\/\/www.eldigitaldeasturias.com\/noticias\/asturias-reforzara-las-conexiones-aereas-nacionales\/#listItem","name":"Asturias reforzar\u00e1 las conexiones a\u00e9reas nacionales"},"previousItem":{"@type":"ListItem","@id":"https:\/\/www.eldigitaldeasturias.com\/noticias#listItem","name":"Home"}},{"@type":"ListItem","@id":"https:\/\/www.eldigitaldeasturias.com\/noticias\/asturias-reforzara-las-conexiones-aereas-nacionales\/#listItem","position":3,"name":"Asturias reforzar\u00e1 las conexiones a\u00e9reas nacionales","previousItem":{"@type":"ListItem","@id":"https:\/\/www.eldigitaldeasturias.com\/noticias\/category\/actualidad-asturias\/#listItem","name":"Actualidad Asturias"}}]},{"@type":"Organization","@id":"https:\/\/www.eldigitaldeasturias.com\/noticias\/#organization","name":"El Digital de Asturias","description":"Hemeroteca","url":"https:\/\/www.eldigitaldeasturias.com\/noticias\/","email":"info@eldigitaldeasturias.com","telephone":"+34652131393","logo":{"@type":"ImageObject","url":"https:\/\/www.eldigitaldeasturias.com\/noticias\/wp-content\/uploads\/2020\/12\/EDA.jpg","@id":"https:\/\/www.eldigitaldeasturias.com\/noticias\/asturias-reforzara-las-conexiones-aereas-nacionales\/#organizationLogo"},"image":{"@id":"https:\/\/www.eldigitaldeasturias.com\/noticias\/asturias-reforzara-las-conexiones-aereas-nacionales\/#organizationLogo"},"sameAs":["https:\/\/facebook.com\/eldigitaldeasturias","https:\/\/www.youtube.com\/channel\/UCZP-2wLEB9Rv6erhFmqVnvg"],"address":{"@id":"https:\/\/www.eldigitaldeasturias.com\/noticias\/#postaladdress","@type":"PostalAddress","streetAddress":"san antonio 4","postalCode":"33430","addressLocality":"Cand\u00e1s","addressRegion":"Asturias","addressCountry":"ES"}},{"@type":"Person","@id":"https:\/\/www.eldigitaldeasturias.com\/noticias\/author\/admin\/#author","url":"https:\/\/www.eldigitaldeasturias.com\/noticias\/author\/admin\/","name":"El Digital de Asturias","image":{"@type":"ImageObject","@id":"https:\/\/www.eldigitaldeasturias.com\/noticias\/asturias-reforzara-las-conexiones-aereas-nacionales\/#authorImage","url":"https:\/\/secure.gravatar.com\/avatar\/df2aeffc32bcd13f8d26072ef8a91b623d677766deac7f97ca815868cd41bf5e?s=96&d=mm&r=g","width":96,"height":96,"caption":"El Digital de Asturias"}},{"@type":"WebPage","@id":"https:\/\/www.eldigitaldeasturias.com\/noticias\/asturias-reforzara-las-conexiones-aereas-nacionales\/#webpage","url":"https:\/\/www.eldigitaldeasturias.com\/noticias\/asturias-reforzara-las-conexiones-aereas-nacionales\/","name":"Asturias reforzar\u00e1 las conexiones a\u00e9reas nacionales - El Digital de Asturias","description":"El Gobierno de Asturias mantiene contactos regulares con distintas compa\u00f1\u00edas a\u00e9reas para reforzar y consolidar una oferta de vuelos que esta temporada conecta..","inLanguage":"es-ES","isPartOf":{"@id":"https:\/\/www.eldigitaldeasturias.com\/noticias\/#website"},"breadcrumb":{"@id":"https:\/\/www.eldigitaldeasturias.com\/noticias\/asturias-reforzara-las-conexiones-aereas-nacionales\/#breadcrumblist"},"author":{"@id":"https:\/\/www.eldigitaldeasturias.com\/noticias\/author\/admin\/#author"},"creator":{"@id":"https:\/\/www.eldigitaldeasturias.com\/noticias\/author\/admin\/#author"},"image":{"@type":"ImageObject","url":998646,"@id":"https:\/\/www.eldigitaldeasturias.com\/noticias\/asturias-reforzara-las-conexiones-aereas-nacionales\/#mainImage"},"primaryImageOfPage":{"@id":"https:\/\/www.eldigitaldeasturias.com\/noticias\/asturias-reforzara-las-conexiones-aereas-nacionales\/#mainImage"},"datePublished":"2021-05-23T18:50:06+02:00","dateModified":"2021-05-23T18:50:06+02:00"},{"@type":"WebSite","@id":"https:\/\/www.eldigitaldeasturias.com\/noticias\/#website","url":"https:\/\/www.eldigitaldeasturias.com\/noticias\/","name":"El Digital de Asturias - Diario de actualidad y noticias","alternateName":"El Digital de Asturias - Diario de actualidad y noticias","description":"Hemeroteca","inLanguage":"es-ES","publisher":{"@id":"https:\/\/www.eldigitaldeasturias.com\/noticias\/#organization"}}]},"og:locale":"es_ES","og:site_name":"El Digital de Asturias","og:type":"article","og:title":"Asturias reforzar\u00e1 las conexiones a\u00e9reas nacionales - El Digital de Asturias","og:description":"El Gobierno de Asturias mantiene contactos regulares con distintas compa\u00f1\u00edas a\u00e9reas para reforzar y consolidar una oferta de vuelos que esta temporada conecta..","og:url":"https:\/\/www.eldigitaldeasturias.com\/noticias\/asturias-reforzara-las-conexiones-aereas-nacionales\/","article:tag":["actualidad asturias"],"article:published_time":"2021-05-23T17:50:06+00:00","article:modified_time":"2021-05-23T17:50:06+00:00","article:publisher":"https:\/\/facebook.com\/eldigitaldeasturias","twitter:card":"summary_large_image","twitter:title":"Asturias reforzar\u00e1 las conexiones a\u00e9reas nacionales - El Digital de Asturias","twitter:description":"El Gobierno de Asturias mantiene contactos regulares con distintas compa\u00f1\u00edas a\u00e9reas para reforzar y consolidar una oferta de vuelos que esta temporada conecta..","twitter:image":"https:\/\/www.eldigitaldeasturias.com\/noticias\/wp-content\/uploads\/2020\/12\/EDA-1.jpg","twitter:label1":"Escrito por","twitter:data1":"El Digital de Asturias","twitter:label2":"Tiempo de lectura estimado","twitter:data2":"2 minutos"},"aioseo_meta_data":{"post_id":"1092218","title":null,"description":"El Gobierno de Asturias mantiene contactos regulares con distintas compa\u00f1\u00edas a\u00e9reas para reforzar y consolidar una oferta de vuelos que esta temporada conecta..","keywords":[],"keyphrases":{"focus":[],"additional":[]},"primary_term":null,"canonical_url":null,"og_title":null,"og_description":null,"og_object_type":"default","og_image_type":"default","og_image_url":null,"og_image_width":null,"og_image_height":null,"og_image_custom_url":null,"og_image_custom_fields":null,"og_video":"","og_custom_url":null,"og_article_section":null,"og_article_tags":[],"twitter_use_og":false,"twitter_card":"default","twitter_image_type":"default","twitter_image_url":null,"twitter_image_custom_url":null,"twitter_image_custom_fields":null,"twitter_title":null,"twitter_description":null,"schema":{"blockGraphs":[],"customGraphs":[],"default":{"data":{"Article":[],"Course":[],"Dataset":[],"FAQPage":[],"Movie":[],"Person":[],"Product":[],"ProductReview":[],"Car":[],"Recipe":[],"Service":[],"SoftwareApplication":[],"WebPage":[]},"graphName":"","isEnabled":true},"graphs":[],"defaultGraph":"Article","defaultPostTypeGraph":""},"schema_type":"default","schema_type_options":"{\"article\":{\"articleType\":\"BlogPosting\"},\"course\":{\"name\":\"\",\"description\":\"\",\"provider\":\"\"},\"faq\":{\"pages\":[]},\"product\":{\"reviews\":[]},\"recipe\":{\"ingredients\":[],\"instructions\":[],\"keywords\":[]},\"software\":{\"reviews\":[],\"operatingSystems\":[]},\"webPage\":{\"webPageType\":\"WebPage\"}}","pillar_content":false,"robots_default":true,"robots_noindex":false,"robots_noarchive":false,"robots_nosnippet":false,"robots_nofollow":false,"robots_noimageindex":false,"robots_noodp":false,"robots_notranslate":false,"robots_max_snippet":"-1","robots_max_videopreview":"-1","robots_max_imagepreview":"large","priority":null,"frequency":"default","local_seo":{"locations":{"business":{"name":"","businessType":"","image":"","areaServed":"","urls":{"website":"","aboutPage":"","contactPage":""},"address":{"streetLine1":"","streetLine2":"","zipCode":"","city":"","state":"","country":"","addressFormat":"#streetLineOne\n#streetLineTwo\n#city, #state #zipCode"},"contact":{"email":"","phone":"","phoneFormatted":"","fax":"","faxFormatted":""},"ids":{"vat":"","tax":"","chamberOfCommerce":""},"payment":{"priceRange":"","currenciesAccepted":"","methods":""}}},"openingHours":{"useDefaults":true,"show":true,"alwaysOpen":false,"use24hFormat":false,"timezone":"","labels":{"closed":"","alwaysOpen":""},"days":{"monday":{"open24h":false,"closed":false,"openTime":"09:00","closeTime":"17:00"},"tuesday":{"open24h":false,"closed":false,"openTime":"09:00","closeTime":"17:00"},"wednesday":{"open24h":false,"closed":false,"openTime":"09:00","closeTime":"17:00"},"thursday":{"open24h":false,"closed":false,"openTime":"09:00","closeTime":"17:00"},"friday":{"open24h":false,"closed":false,"openTime":"09:00","closeTime":"17:00"},"saturday":{"open24h":false,"closed":false,"openTime":"09:00","closeTime":"17:00"},"sunday":{"open24h":false,"closed":false,"openTime":"09:00","closeTime":"17:00"}}}},"seo_analyzer_scan_date":"2026-07-18 03:53:16","breadcrumb_settings":null,"limit_modified_date":false,"open_ai":null,"ai":null,"created":"2021-05-23 17:47:45","updated":"2026-07-18 03:53:16","focus_keyword":null,"additional_keywords":null,"truseo_locale":null},"aioseo_breadcrumb":"<div class=\"aioseo-breadcrumbs\"><span class=\"aioseo-breadcrumb\">\n\t<a href=\"https:\/\/www.eldigitaldeasturias.com\/noticias\" title=\"Home\">Home<\/a>\n<\/span><span class=\"aioseo-breadcrumb-separator\">\u2013<\/span><span class=\"aioseo-breadcrumb\">\n\t<a href=\"https:\/\/www.eldigitaldeasturias.com\/noticias\/category\/actualidad-asturias\/\" title=\"Actualidad Asturias\">Actualidad Asturias<\/a>\n<\/span><span class=\"aioseo-breadcrumb-separator\">\u2013<\/span><span class=\"aioseo-breadcrumb\">\n\t<a href=\"https:\/\/www.eldigitaldeasturias.com\/noticias\/asturias-reforzara-las-conexiones-aereas-nacionales\/\" title=\"Asturias reforzar\u00e1 las conexiones a\u00e9reas nacionales\">Asturias reforzar\u00e1 las conexiones a\u00e9reas nacionales<\/a>\n<\/span><\/div>","aioseo_breadcrumb_json":[{"label":"Home","link":"https:\/\/www.eldigitaldeasturias.com\/noticias"},{"label":"Actualidad Asturias","link":"https:\/\/www.eldigitaldeasturias.com\/noticias\/category\/actualidad-asturias\/"},{"label":"Asturias reforzar\u00e1 las conexiones a\u00e9reas nacionales","link":"https:\/\/www.eldigitaldeasturias.com\/noticias\/asturias-reforzara-las-conexiones-aereas-nacionales\/"}],"_links":{"self":[{"href":"https:\/\/www.eldigitaldeasturias.com\/noticias\/wp-json\/wp\/v2\/posts\/1092218","targetHints":{"allow":["GET"]}}],"collection":[{"href":"https:\/\/www.eldigitaldeasturias.com\/noticias\/wp-json\/wp\/v2\/posts"}],"about":[{"href":"https:\/\/www.eldigitaldeasturias.com\/noticias\/wp-json\/wp\/v2\/types\/post"}],"author":[{"embeddable":true,"href":"https:\/\/www.eldigitaldeasturias.com\/noticias\/wp-json\/wp\/v2\/users\/1"}],"replies":[{"embeddable":true,"href":"https:\/\/www.eldigitaldeasturias.com\/noticias\/wp-json\/wp\/v2\/comments?post=1092218"}],"version-history":[{"count":0,"href":"https:\/\/www.eldigitaldeasturias.com\/noticias\/wp-json\/wp\/v2\/posts\/1092218\/revisions"}],"wp:attachment":[{"href":"https:\/\/www.eldigitaldeasturias.com\/noticias\/wp-json\/wp\/v2\/media?parent=1092218"}],"wp:term":[{"taxonomy":"category","embeddable":true,"href":"https:\/\/www.eldigitaldeasturias.com\/noticias\/wp-json\/wp\/v2\/categories?post=1092218"},{"taxonomy":"post_tag","embeddable":true,"href":"https:\/\/www.eldigitaldeasturias.com\/noticias\/wp-json\/wp\/v2\/tags?post=1092218"}],"curies":[{"name":"wp","href":"https:\/\/api.w.org\/{rel}","templated":true}]}}